{"id":25407,"date":"2025-09-13T01:00:00","date_gmt":"2025-09-13T04:00:00","guid":{"rendered":"https:\/\/sergiolapegue.com\/site\/?p=25407"},"modified":"2025-09-12T17:32:37","modified_gmt":"2025-09-12T20:32:37","slug":"creadores-de-historias-impro-humor-musica-en-el-teatro-argentino","status":"publish","type":"post","link":"https:\/\/sergiolapegue.com\/site\/2025\/09\/13\/creadores-de-historias-impro-humor-musica-en-el-teatro-argentino\/","title":{"rendered":"CREADORES DE HISTORIAS: IMPRO + HUMOR + M\u00daSICA, EN EL TEATRO ARGENTINO"},"content":{"rendered":"\n<p>En \u201cCreadores de historias\u201d, los improvisadores Guido Mart\u00ednez, Juli\u00e1n La Bruna, Gaby G\u00e1vila y Juan Butvilofsky se enfrentan a desaf\u00edos inesperados y crean historias que te dejar\u00e1n sin aliento.&nbsp;En esta oportunidad contaran con un invitado especial: Diego P\u00e9rez.<\/p>\n\n\n\n<p>La funci\u00f3n ser\u00e1 el s\u00e1bado 20 de septiembre a las 22:00 horas, en el Teatro Argentino.&nbsp;<\/p>\n\n\n\n<p>Una noche de risas, emoci\u00f3n y creatividad sin l\u00edmites. En &#8220;Creadores de Historias&#8221;, Buti, Guido, Juli y Gaby se unen para crear historias \u00fanicas y emocionantes en el momento, inspirados por las propuestas del p\u00fablico y, en esta oportunidad, contar\u00e1n con un invitado especial: Diego P\u00e9rez.<\/p>\n\n\n\n<p>En cada funci\u00f3n los improvisadores se enfrentan a desaf\u00edos inesperados y crean historias que te dejar\u00e1n sin aliento. El p\u00fablico es el protagonista: \u00a1Vos vas a decidir el rumbo de la historia!<\/p>\n\n\n\n<p>Una experiencia \u00fanica e irrepetible. No hay dos noches iguales en &#8220;Creadores de Historias&#8221;. Cada show es una creaci\u00f3n en vivo, \u00fanica y emocionante.&nbsp;<\/p>\n\n\n\n<p>\u00a1No te pierdas la oportunidad de ser parte de esta experiencia inolvidable! \u00a1Vamos a crear historias juntos!<\/p>\n\n\n\n<figure class=\"wp-block-image size-full\"><img loading=\"lazy\" decoding=\"async\" width=\"1000\" height=\"667\" src=\"https:\/\/sergiolapegue.com\/site\/wp-content\/uploads\/2025\/09\/Creadores-de-historias-2.jpg\" alt=\"\" class=\"wp-image-25408\" srcset=\"https:\/\/sergiolapegue.com\/site\/wp-content\/uploads\/2025\/09\/Creadores-de-historias-2.jpg 1000w, https:\/\/sergiolapegue.com\/site\/wp-content\/uploads\/2025\/09\/Creadores-de-historias-2-300x200.jpg 300w, https:\/\/sergiolapegue.com\/site\/wp-content\/uploads\/2025\/09\/Creadores-de-historias-2-768x512.jpg 768w, https:\/\/sergiolapegue.com\/site\/wp-content\/uploads\/2025\/09\/Creadores-de-historias-2-630x420.jpg 630w, https:\/\/sergiolapegue.com\/site\/wp-content\/uploads\/2025\/09\/Creadores-de-historias-2-696x464.jpg 696w\" sizes=\"auto, (max-width: 1000px) 100vw, 1000px\" \/><\/figure>\n\n\n\n<p><strong>FICHA T\u00c9CNICO ART\u00cdSTICA<\/strong><\/p>\n\n\n\n<p><strong>Act\u00faan:<\/strong> Juan Butvilofsky &#8211; Gaby G\u00e1vila \u2013 Juli\u00e1n La Bruna \u2013 Guido Mart\u00ednez<\/p>\n\n\n\n<p><strong>Invitado Especial:<\/strong> Diego P\u00e9rez<\/p>\n\n\n\n<p><strong>M\u00fasica En Vivo:&nbsp;<\/strong>Adri\u00e1n Yannatonne<\/p>\n\n\n\n<p><strong>Dise\u00f1o:&nbsp;<\/strong>Camila De Le\u00f3n<\/p>\n\n\n\n<p><strong>Asistencia:&nbsp;<\/strong>Mat\u00edas Creche<\/p>\n\n\n\n<p><strong>Instagram:<\/strong> @creadoresdehistoriasok<\/p>\n\n\n\n<figure class=\"wp-block-image size-full\"><img loading=\"lazy\" decoding=\"async\" width=\"1000\" height=\"667\" src=\"https:\/\/sergiolapegue.com\/site\/wp-content\/uploads\/2025\/09\/Creadores-de-historias-3.jpg\" alt=\"\" class=\"wp-image-25409\" srcset=\"https:\/\/sergiolapegue.com\/site\/wp-content\/uploads\/2025\/09\/Creadores-de-historias-3.jpg 1000w, https:\/\/sergiolapegue.com\/site\/wp-content\/uploads\/2025\/09\/Creadores-de-historias-3-300x200.jpg 300w, https:\/\/sergiolapegue.com\/site\/wp-content\/uploads\/2025\/09\/Creadores-de-historias-3-768x512.jpg 768w, https:\/\/sergiolapegue.com\/site\/wp-content\/uploads\/2025\/09\/Creadores-de-historias-3-630x420.jpg 630w, https:\/\/sergiolapegue.com\/site\/wp-content\/uploads\/2025\/09\/Creadores-de-historias-3-696x464.jpg 696w\" sizes=\"auto, (max-width: 1000px) 100vw, 1000px\" \/><\/figure>\n\n\n\n<p><strong>STAFF TEATRO ARGENTINO<\/strong><\/p>\n\n\n\n<p><strong>Director Art\u00edstico:<\/strong>&nbsp;Diego Oria<\/p>\n\n\n\n<p><strong>Director de Producci\u00f3n:<\/strong>&nbsp;Mat\u00edas Taverna<\/p>\n\n\n\n<p><strong>Dise\u00f1o de Imagen:<\/strong>&nbsp;Emiliano P\u00e1ez<\/p>\n\n\n\n<p><strong>Agencia de Prensa:<\/strong> BMZ Comunicaciones<\/p>\n\n\n\n<p><strong>Instagram:<\/strong> @teatroargentinodelaciudad<\/p>\n\n\n\n<figure class=\"wp-block-image size-full\"><img loading=\"lazy\" decoding=\"async\" width=\"1000\" height=\"1000\" src=\"https:\/\/sergiolapegue.com\/site\/wp-content\/uploads\/2025\/09\/Creadores-de-historias-4.jpg\" alt=\"\" class=\"wp-image-25410\" srcset=\"https:\/\/sergiolapegue.com\/site\/wp-content\/uploads\/2025\/09\/Creadores-de-historias-4.jpg 1000w, https:\/\/sergiolapegue.com\/site\/wp-content\/uploads\/2025\/09\/Creadores-de-historias-4-300x300.jpg 300w, https:\/\/sergiolapegue.com\/site\/wp-content\/uploads\/2025\/09\/Creadores-de-historias-4-150x150.jpg 150w, https:\/\/sergiolapegue.com\/site\/wp-content\/uploads\/2025\/09\/Creadores-de-historias-4-768x768.jpg 768w, https:\/\/sergiolapegue.com\/site\/wp-content\/uploads\/2025\/09\/Creadores-de-historias-4-420x420.jpg 420w, https:\/\/sergiolapegue.com\/site\/wp-content\/uploads\/2025\/09\/Creadores-de-historias-4-696x696.jpg 696w\" sizes=\"auto, (max-width: 1000px) 100vw, 1000px\" \/><\/figure>\n\n\n\n<p><strong>TEATRO ARGENTINO<\/strong><\/p>\n\n\n\n<p>Bartolom\u00e9 Mitre 1446 \u2013 Capital Federal \u2013 Buenos Aires \u2013 Argentina<\/p>\n\n\n\n<p>Entradas: Desde $ 20.000 \u2013 en boleter\u00eda del teatro o a trav\u00e9s de&nbsp;<a href=\"https:\/\/91599.clicks.dattanet.com\/track\/click?u=3856771&amp;p=39313539393a3839323a3738363a303a31313a30&amp;s=95a89e281195ba1ccac2d2aa4e066ae5&amp;m=30218\" target=\"_blank\" rel=\"noreferrer noopener\">ENTRADA UNO<\/a><\/p>\n\n\n\n<p>Funci\u00f3n: S\u00e1bado 20 de Septiembre \u2013 22:00 horas<\/p>\n\n\n\n<p>Gracias BMZ Comunicaciones por acercarnos la gacetilla de prensa de este genial espect\u00e1culo.<\/p>\n\n\n\n<p><\/p>\n","protected":false},"excerpt":{"rendered":"<p>En \u201cCreadores de historias\u201d, los improvisadores Guido Mart\u00ednez, Juli\u00e1n La Bruna, Gaby G\u00e1vila y Juan Butvilofsky se enfrentan a desaf\u00edos inesperados y crean historias que te dejar\u00e1n sin aliento.&nbsp;En esta oportunidad contaran con un invitado especial: Diego P\u00e9rez. La funci\u00f3n ser\u00e1 el s\u00e1bado 20 de septiembre a las 22:00 horas, en el Teatro Argentino.&nbsp; Una [&hellip;]<\/p>\n","protected":false},"author":3,"featured_media":25411,"comment_status":"open","ping_status":"closed","sticky":false,"template":"","format":"standard","meta":{"footnotes":""},"categories":[34,35],"tags":[],"class_list":{"0":"post-25407","1":"post","2":"type-post","3":"status-publish","4":"format-standard","5":"has-post-thumbnail","7":"category-arte","8":"category-teatro"},"yoast_head":"<!-- This site is optimized with the Yoast SEO plugin v27.5 - https:\/\/yoast.com\/product\/yoast-seo-wordpress\/ -->\n<title>CREADORES DE HISTORIAS: IMPRO + HUMOR + M\u00daSICA, EN EL TEATRO ARGENTINO - Sergio Lapegue<\/title>\n<meta name=\"robots\" content=\"index, follow, max-snippet:-1, max-image-preview:large, max-video-preview:-1\" \/>\n<link rel=\"canonical\" href=\"https:\/\/sergiolapegue.com\/site\/2025\/09\/13\/creadores-de-historias-impro-humor-musica-en-el-teatro-argentino\/\" \/>\n<meta property=\"og:locale\" content=\"es_ES\" \/>\n<meta property=\"og:type\" content=\"article\" \/>\n<meta property=\"og:title\" content=\"CREADORES DE HISTORIAS: IMPRO + HUMOR + M\u00daSICA, EN EL TEATRO ARGENTINO - Sergio Lapegue\" \/>\n<meta property=\"og:description\" content=\"En \u201cCreadores de historias\u201d, los improvisadores Guido Mart\u00ednez, Juli\u00e1n La Bruna, Gaby G\u00e1vila y Juan Butvilofsky se enfrentan a desaf\u00edos inesperados y crean historias que te dejar\u00e1n sin aliento.&nbsp;En esta oportunidad contaran con un invitado especial: Diego P\u00e9rez. La funci\u00f3n ser\u00e1 el s\u00e1bado 20 de septiembre a las 22:00 horas, en el Teatro Argentino.&nbsp; Una [&hellip;]\" \/>\n<meta property=\"og:url\" content=\"https:\/\/sergiolapegue.com\/site\/2025\/09\/13\/creadores-de-historias-impro-humor-musica-en-el-teatro-argentino\/\" \/>\n<meta property=\"og:site_name\" content=\"Sergio Lapegue\" \/>\n<meta property=\"article:publisher\" content=\"https:\/\/facebook.com\/sergiolapegue\" \/>\n<meta property=\"article:author\" content=\"https:\/\/facebook.com\/danielernesto.montana\" \/>\n<meta property=\"article:published_time\" content=\"2025-09-13T04:00:00+00:00\" \/>\n<meta property=\"og:image\" content=\"https:\/\/sergiolapegue.com\/site\/wp-content\/uploads\/2025\/09\/Creadores-de-historias.png\" \/>\n\t<meta property=\"og:image:width\" content=\"800\" \/>\n\t<meta property=\"og:image:height\" content=\"1000\" \/>\n\t<meta property=\"og:image:type\" content=\"image\/png\" \/>\n<meta name=\"author\" content=\"Daniel E. Monta\u00f1a\" \/>\n<meta name=\"twitter:card\" content=\"summary_large_image\" \/>\n<meta name=\"twitter:creator\" content=\"@https:\/\/twitter.com\/daner_004\" \/>\n<meta name=\"twitter:site\" content=\"@sergiolapegue\" \/>\n<meta name=\"twitter:label1\" content=\"Escrito por\" \/>\n\t<meta name=\"twitter:data1\" content=\"Daniel E. Monta\u00f1a\" \/>\n\t<meta name=\"twitter:label2\" content=\"Tiempo de lectura\" \/>\n\t<meta name=\"twitter:data2\" content=\"3 minutos\" \/>\n<script type=\"application\/ld+json\" class=\"yoast-schema-graph\">{\"@context\":\"https:\\\/\\\/schema.org\",\"@graph\":[{\"@type\":\"Article\",\"@id\":\"https:\\\/\\\/sergiolapegue.com\\\/site\\\/2025\\\/09\\\/13\\\/creadores-de-historias-impro-humor-musica-en-el-teatro-argentino\\\/#article\",\"isPartOf\":{\"@id\":\"https:\\\/\\\/sergiolapegue.com\\\/site\\\/2025\\\/09\\\/13\\\/creadores-de-historias-impro-humor-musica-en-el-teatro-argentino\\\/\"},\"author\":{\"name\":\"Daniel E. Monta\u00f1a\",\"@id\":\"https:\\\/\\\/sergiolapegue.com\\\/site\\\/#\\\/schema\\\/person\\\/9198e7dbab43c6d74d0fd5399af7c3cd\"},\"headline\":\"CREADORES DE HISTORIAS: IMPRO + HUMOR + M\u00daSICA, EN EL TEATRO ARGENTINO\",\"datePublished\":\"2025-09-13T04:00:00+00:00\",\"mainEntityOfPage\":{\"@id\":\"https:\\\/\\\/sergiolapegue.com\\\/site\\\/2025\\\/09\\\/13\\\/creadores-de-historias-impro-humor-musica-en-el-teatro-argentino\\\/\"},\"wordCount\":328,\"commentCount\":0,\"publisher\":{\"@id\":\"https:\\\/\\\/sergiolapegue.com\\\/site\\\/#\\\/schema\\\/person\\\/083aeceeb0734cd166779ea6c0551a37\"},\"image\":{\"@id\":\"https:\\\/\\\/sergiolapegue.com\\\/site\\\/2025\\\/09\\\/13\\\/creadores-de-historias-impro-humor-musica-en-el-teatro-argentino\\\/#primaryimage\"},\"thumbnailUrl\":\"https:\\\/\\\/sergiolapegue.com\\\/site\\\/wp-content\\\/uploads\\\/2025\\\/09\\\/Creadores-de-historias.png\",\"articleSection\":[\"Arte\",\"Teatro\"],\"inLanguage\":\"es-AR\",\"potentialAction\":[{\"@type\":\"CommentAction\",\"name\":\"Comment\",\"target\":[\"https:\\\/\\\/sergiolapegue.com\\\/site\\\/2025\\\/09\\\/13\\\/creadores-de-historias-impro-humor-musica-en-el-teatro-argentino\\\/#respond\"]}]},{\"@type\":\"WebPage\",\"@id\":\"https:\\\/\\\/sergiolapegue.com\\\/site\\\/2025\\\/09\\\/13\\\/creadores-de-historias-impro-humor-musica-en-el-teatro-argentino\\\/\",\"url\":\"https:\\\/\\\/sergiolapegue.com\\\/site\\\/2025\\\/09\\\/13\\\/creadores-de-historias-impro-humor-musica-en-el-teatro-argentino\\\/\",\"name\":\"CREADORES DE HISTORIAS: IMPRO + HUMOR + M\u00daSICA, EN EL TEATRO ARGENTINO - Sergio Lapegue\",\"isPartOf\":{\"@id\":\"https:\\\/\\\/sergiolapegue.com\\\/site\\\/#website\"},\"primaryImageOfPage\":{\"@id\":\"https:\\\/\\\/sergiolapegue.com\\\/site\\\/2025\\\/09\\\/13\\\/creadores-de-historias-impro-humor-musica-en-el-teatro-argentino\\\/#primaryimage\"},\"image\":{\"@id\":\"https:\\\/\\\/sergiolapegue.com\\\/site\\\/2025\\\/09\\\/13\\\/creadores-de-historias-impro-humor-musica-en-el-teatro-argentino\\\/#primaryimage\"},\"thumbnailUrl\":\"https:\\\/\\\/sergiolapegue.com\\\/site\\\/wp-content\\\/uploads\\\/2025\\\/09\\\/Creadores-de-historias.png\",\"datePublished\":\"2025-09-13T04:00:00+00:00\",\"breadcrumb\":{\"@id\":\"https:\\\/\\\/sergiolapegue.com\\\/site\\\/2025\\\/09\\\/13\\\/creadores-de-historias-impro-humor-musica-en-el-teatro-argentino\\\/#breadcrumb\"},\"inLanguage\":\"es-AR\",\"potentialAction\":[{\"@type\":\"ReadAction\",\"target\":[\"https:\\\/\\\/sergiolapegue.com\\\/site\\\/2025\\\/09\\\/13\\\/creadores-de-historias-impro-humor-musica-en-el-teatro-argentino\\\/\"]}]},{\"@type\":\"ImageObject\",\"inLanguage\":\"es-AR\",\"@id\":\"https:\\\/\\\/sergiolapegue.com\\\/site\\\/2025\\\/09\\\/13\\\/creadores-de-historias-impro-humor-musica-en-el-teatro-argentino\\\/#primaryimage\",\"url\":\"https:\\\/\\\/sergiolapegue.com\\\/site\\\/wp-content\\\/uploads\\\/2025\\\/09\\\/Creadores-de-historias.png\",\"contentUrl\":\"https:\\\/\\\/sergiolapegue.com\\\/site\\\/wp-content\\\/uploads\\\/2025\\\/09\\\/Creadores-de-historias.png\",\"width\":800,\"height\":1000},{\"@type\":\"BreadcrumbList\",\"@id\":\"https:\\\/\\\/sergiolapegue.com\\\/site\\\/2025\\\/09\\\/13\\\/creadores-de-historias-impro-humor-musica-en-el-teatro-argentino\\\/#breadcrumb\",\"itemListElement\":[{\"@type\":\"ListItem\",\"position\":1,\"name\":\"Inicio\",\"item\":\"https:\\\/\\\/sergiolapegue.com\\\/site\\\/\"},{\"@type\":\"ListItem\",\"position\":2,\"name\":\"CREADORES DE HISTORIAS: IMPRO + HUMOR + M\u00daSICA, EN EL TEATRO ARGENTINO\"}]},{\"@type\":\"WebSite\",\"@id\":\"https:\\\/\\\/sergiolapegue.com\\\/site\\\/#website\",\"url\":\"https:\\\/\\\/sergiolapegue.com\\\/site\\\/\",\"name\":\"Sergio Lapegue\",\"description\":\"Periodista\",\"publisher\":{\"@id\":\"https:\\\/\\\/sergiolapegue.com\\\/site\\\/#\\\/schema\\\/person\\\/083aeceeb0734cd166779ea6c0551a37\"},\"potentialAction\":[{\"@type\":\"SearchAction\",\"target\":{\"@type\":\"EntryPoint\",\"urlTemplate\":\"https:\\\/\\\/sergiolapegue.com\\\/site\\\/?s={search_term_string}\"},\"query-input\":{\"@type\":\"PropertyValueSpecification\",\"valueRequired\":true,\"valueName\":\"search_term_string\"}}],\"inLanguage\":\"es-AR\"},{\"@type\":[\"Person\",\"Organization\"],\"@id\":\"https:\\\/\\\/sergiolapegue.com\\\/site\\\/#\\\/schema\\\/person\\\/083aeceeb0734cd166779ea6c0551a37\",\"name\":\"Sergio Lapegue\",\"image\":{\"@type\":\"ImageObject\",\"inLanguage\":\"es-AR\",\"@id\":\"https:\\\/\\\/sergiolapegue.com\\\/site\\\/wp-content\\\/uploads\\\/2021\\\/04\\\/logo_header-1.png\",\"url\":\"https:\\\/\\\/sergiolapegue.com\\\/site\\\/wp-content\\\/uploads\\\/2021\\\/04\\\/logo_header-1.png\",\"contentUrl\":\"https:\\\/\\\/sergiolapegue.com\\\/site\\\/wp-content\\\/uploads\\\/2021\\\/04\\\/logo_header-1.png\",\"width\":272,\"height\":90,\"caption\":\"Sergio Lapegue\"},\"logo\":{\"@id\":\"https:\\\/\\\/sergiolapegue.com\\\/site\\\/wp-content\\\/uploads\\\/2021\\\/04\\\/logo_header-1.png\"},\"sameAs\":[\"https:\\\/\\\/facebook.com\\\/sergiolapegue\",\"https:\\\/\\\/instagram.com\\\/sergiolapegue\",\"https:\\\/\\\/x.com\\\/https:\\\/\\\/twitter.com\\\/sergiolapegue\"]},{\"@type\":\"Person\",\"@id\":\"https:\\\/\\\/sergiolapegue.com\\\/site\\\/#\\\/schema\\\/person\\\/9198e7dbab43c6d74d0fd5399af7c3cd\",\"name\":\"Daniel E. Monta\u00f1a\",\"image\":{\"@type\":\"ImageObject\",\"inLanguage\":\"es-AR\",\"@id\":\"https:\\\/\\\/sergiolapegue.com\\\/site\\\/wp-content\\\/uploads\\\/2021\\\/04\\\/sl_avatar_Daniel-150x150.jpg\",\"url\":\"https:\\\/\\\/sergiolapegue.com\\\/site\\\/wp-content\\\/uploads\\\/2021\\\/04\\\/sl_avatar_Daniel-150x150.jpg\",\"contentUrl\":\"https:\\\/\\\/sergiolapegue.com\\\/site\\\/wp-content\\\/uploads\\\/2021\\\/04\\\/sl_avatar_Daniel-150x150.jpg\",\"caption\":\"Daniel E. Monta\u00f1a\"},\"sameAs\":[\"https:\\\/\\\/facebook.com\\\/danielernesto.montana\",\"https:\\\/\\\/instagram.com\\\/daniel_montana1961\",\"https:\\\/\\\/x.com\\\/https:\\\/\\\/twitter.com\\\/daner_004\"],\"url\":\"https:\\\/\\\/sergiolapegue.com\\\/site\\\/author\\\/daniel\\\/\"}]}<\/script>\n<!-- \/ Yoast SEO plugin. -->","yoast_head_json":{"title":"CREADORES DE HISTORIAS: IMPRO + HUMOR + M\u00daSICA, EN EL TEATRO ARGENTINO - Sergio Lapegue","robots":{"index":"index","follow":"follow","max-snippet":"max-snippet:-1","max-image-preview":"max-image-preview:large","max-video-preview":"max-video-preview:-1"},"canonical":"https:\/\/sergiolapegue.com\/site\/2025\/09\/13\/creadores-de-historias-impro-humor-musica-en-el-teatro-argentino\/","og_locale":"es_ES","og_type":"article","og_title":"CREADORES DE HISTORIAS: IMPRO + HUMOR + M\u00daSICA, EN EL TEATRO ARGENTINO - Sergio Lapegue","og_description":"En \u201cCreadores de historias\u201d, los improvisadores Guido Mart\u00ednez, Juli\u00e1n La Bruna, Gaby G\u00e1vila y Juan Butvilofsky se enfrentan a desaf\u00edos inesperados y crean historias que te dejar\u00e1n sin aliento.&nbsp;En esta oportunidad contaran con un invitado especial: Diego P\u00e9rez. La funci\u00f3n ser\u00e1 el s\u00e1bado 20 de septiembre a las 22:00 horas, en el Teatro Argentino.&nbsp; Una [&hellip;]","og_url":"https:\/\/sergiolapegue.com\/site\/2025\/09\/13\/creadores-de-historias-impro-humor-musica-en-el-teatro-argentino\/","og_site_name":"Sergio Lapegue","article_publisher":"https:\/\/facebook.com\/sergiolapegue","article_author":"https:\/\/facebook.com\/danielernesto.montana","article_published_time":"2025-09-13T04:00:00+00:00","og_image":[{"width":800,"height":1000,"url":"https:\/\/sergiolapegue.com\/site\/wp-content\/uploads\/2025\/09\/Creadores-de-historias.png","type":"image\/png"}],"author":"Daniel E. Monta\u00f1a","twitter_card":"summary_large_image","twitter_creator":"@https:\/\/twitter.com\/daner_004","twitter_site":"@sergiolapegue","twitter_misc":{"Escrito por":"Daniel E. Monta\u00f1a","Tiempo de lectura":"3 minutos"},"schema":{"@context":"https:\/\/schema.org","@graph":[{"@type":"Article","@id":"https:\/\/sergiolapegue.com\/site\/2025\/09\/13\/creadores-de-historias-impro-humor-musica-en-el-teatro-argentino\/#article","isPartOf":{"@id":"https:\/\/sergiolapegue.com\/site\/2025\/09\/13\/creadores-de-historias-impro-humor-musica-en-el-teatro-argentino\/"},"author":{"name":"Daniel E. Monta\u00f1a","@id":"https:\/\/sergiolapegue.com\/site\/#\/schema\/person\/9198e7dbab43c6d74d0fd5399af7c3cd"},"headline":"CREADORES DE HISTORIAS: IMPRO + HUMOR + M\u00daSICA, EN EL TEATRO ARGENTINO","datePublished":"2025-09-13T04:00:00+00:00","mainEntityOfPage":{"@id":"https:\/\/sergiolapegue.com\/site\/2025\/09\/13\/creadores-de-historias-impro-humor-musica-en-el-teatro-argentino\/"},"wordCount":328,"commentCount":0,"publisher":{"@id":"https:\/\/sergiolapegue.com\/site\/#\/schema\/person\/083aeceeb0734cd166779ea6c0551a37"},"image":{"@id":"https:\/\/sergiolapegue.com\/site\/2025\/09\/13\/creadores-de-historias-impro-humor-musica-en-el-teatro-argentino\/#primaryimage"},"thumbnailUrl":"https:\/\/sergiolapegue.com\/site\/wp-content\/uploads\/2025\/09\/Creadores-de-historias.png","articleSection":["Arte","Teatro"],"inLanguage":"es-AR","potentialAction":[{"@type":"CommentAction","name":"Comment","target":["https:\/\/sergiolapegue.com\/site\/2025\/09\/13\/creadores-de-historias-impro-humor-musica-en-el-teatro-argentino\/#respond"]}]},{"@type":"WebPage","@id":"https:\/\/sergiolapegue.com\/site\/2025\/09\/13\/creadores-de-historias-impro-humor-musica-en-el-teatro-argentino\/","url":"https:\/\/sergiolapegue.com\/site\/2025\/09\/13\/creadores-de-historias-impro-humor-musica-en-el-teatro-argentino\/","name":"CREADORES DE HISTORIAS: IMPRO + HUMOR + M\u00daSICA, EN EL TEATRO ARGENTINO - Sergio Lapegue","isPartOf":{"@id":"https:\/\/sergiolapegue.com\/site\/#website"},"primaryImageOfPage":{"@id":"https:\/\/sergiolapegue.com\/site\/2025\/09\/13\/creadores-de-historias-impro-humor-musica-en-el-teatro-argentino\/#primaryimage"},"image":{"@id":"https:\/\/sergiolapegue.com\/site\/2025\/09\/13\/creadores-de-historias-impro-humor-musica-en-el-teatro-argentino\/#primaryimage"},"thumbnailUrl":"https:\/\/sergiolapegue.com\/site\/wp-content\/uploads\/2025\/09\/Creadores-de-historias.png","datePublished":"2025-09-13T04:00:00+00:00","breadcrumb":{"@id":"https:\/\/sergiolapegue.com\/site\/2025\/09\/13\/creadores-de-historias-impro-humor-musica-en-el-teatro-argentino\/#breadcrumb"},"inLanguage":"es-AR","potentialAction":[{"@type":"ReadAction","target":["https:\/\/sergiolapegue.com\/site\/2025\/09\/13\/creadores-de-historias-impro-humor-musica-en-el-teatro-argentino\/"]}]},{"@type":"ImageObject","inLanguage":"es-AR","@id":"https:\/\/sergiolapegue.com\/site\/2025\/09\/13\/creadores-de-historias-impro-humor-musica-en-el-teatro-argentino\/#primaryimage","url":"https:\/\/sergiolapegue.com\/site\/wp-content\/uploads\/2025\/09\/Creadores-de-historias.png","contentUrl":"https:\/\/sergiolapegue.com\/site\/wp-content\/uploads\/2025\/09\/Creadores-de-historias.png","width":800,"height":1000},{"@type":"BreadcrumbList","@id":"https:\/\/sergiolapegue.com\/site\/2025\/09\/13\/creadores-de-historias-impro-humor-musica-en-el-teatro-argentino\/#breadcrumb","itemListElement":[{"@type":"ListItem","position":1,"name":"Inicio","item":"https:\/\/sergiolapegue.com\/site\/"},{"@type":"ListItem","position":2,"name":"CREADORES DE HISTORIAS: IMPRO + HUMOR + M\u00daSICA, EN EL TEATRO ARGENTINO"}]},{"@type":"WebSite","@id":"https:\/\/sergiolapegue.com\/site\/#website","url":"https:\/\/sergiolapegue.com\/site\/","name":"Sergio Lapegue","description":"Periodista","publisher":{"@id":"https:\/\/sergiolapegue.com\/site\/#\/schema\/person\/083aeceeb0734cd166779ea6c0551a37"},"potentialAction":[{"@type":"SearchAction","target":{"@type":"EntryPoint","urlTemplate":"https:\/\/sergiolapegue.com\/site\/?s={search_term_string}"},"query-input":{"@type":"PropertyValueSpecification","valueRequired":true,"valueName":"search_term_string"}}],"inLanguage":"es-AR"},{"@type":["Person","Organization"],"@id":"https:\/\/sergiolapegue.com\/site\/#\/schema\/person\/083aeceeb0734cd166779ea6c0551a37","name":"Sergio Lapegue","image":{"@type":"ImageObject","inLanguage":"es-AR","@id":"https:\/\/sergiolapegue.com\/site\/wp-content\/uploads\/2021\/04\/logo_header-1.png","url":"https:\/\/sergiolapegue.com\/site\/wp-content\/uploads\/2021\/04\/logo_header-1.png","contentUrl":"https:\/\/sergiolapegue.com\/site\/wp-content\/uploads\/2021\/04\/logo_header-1.png","width":272,"height":90,"caption":"Sergio Lapegue"},"logo":{"@id":"https:\/\/sergiolapegue.com\/site\/wp-content\/uploads\/2021\/04\/logo_header-1.png"},"sameAs":["https:\/\/facebook.com\/sergiolapegue","https:\/\/instagram.com\/sergiolapegue","https:\/\/x.com\/https:\/\/twitter.com\/sergiolapegue"]},{"@type":"Person","@id":"https:\/\/sergiolapegue.com\/site\/#\/schema\/person\/9198e7dbab43c6d74d0fd5399af7c3cd","name":"Daniel E. Monta\u00f1a","image":{"@type":"ImageObject","inLanguage":"es-AR","@id":"https:\/\/sergiolapegue.com\/site\/wp-content\/uploads\/2021\/04\/sl_avatar_Daniel-150x150.jpg","url":"https:\/\/sergiolapegue.com\/site\/wp-content\/uploads\/2021\/04\/sl_avatar_Daniel-150x150.jpg","contentUrl":"https:\/\/sergiolapegue.com\/site\/wp-content\/uploads\/2021\/04\/sl_avatar_Daniel-150x150.jpg","caption":"Daniel E. Monta\u00f1a"},"sameAs":["https:\/\/facebook.com\/danielernesto.montana","https:\/\/instagram.com\/daniel_montana1961","https:\/\/x.com\/https:\/\/twitter.com\/daner_004"],"url":"https:\/\/sergiolapegue.com\/site\/author\/daniel\/"}]}},"_links":{"self":[{"href":"https:\/\/sergiolapegue.com\/site\/wp-json\/wp\/v2\/posts\/25407","targetHints":{"allow":["GET"]}}],"collection":[{"href":"https:\/\/sergiolapegue.com\/site\/wp-json\/wp\/v2\/posts"}],"about":[{"href":"https:\/\/sergiolapegue.com\/site\/wp-json\/wp\/v2\/types\/post"}],"author":[{"embeddable":true,"href":"https:\/\/sergiolapegue.com\/site\/wp-json\/wp\/v2\/users\/3"}],"replies":[{"embeddable":true,"href":"https:\/\/sergiolapegue.com\/site\/wp-json\/wp\/v2\/comments?post=25407"}],"version-history":[{"count":1,"href":"https:\/\/sergiolapegue.com\/site\/wp-json\/wp\/v2\/posts\/25407\/revisions"}],"predecessor-version":[{"id":25412,"href":"https:\/\/sergiolapegue.com\/site\/wp-json\/wp\/v2\/posts\/25407\/revisions\/25412"}],"wp:featuredmedia":[{"embeddable":true,"href":"https:\/\/sergiolapegue.com\/site\/wp-json\/wp\/v2\/media\/25411"}],"wp:attachment":[{"href":"https:\/\/sergiolapegue.com\/site\/wp-json\/wp\/v2\/media?parent=25407"}],"wp:term":[{"taxonomy":"category","embeddable":true,"href":"https:\/\/sergiolapegue.com\/site\/wp-json\/wp\/v2\/categories?post=25407"},{"taxonomy":"post_tag","embeddable":true,"href":"https:\/\/sergiolapegue.com\/site\/wp-json\/wp\/v2\/tags?post=25407"}],"curies":[{"name":"wp","href":"https:\/\/api.w.org\/{rel}","templated":true}]}}