{"id":25362,"date":"2025-09-11T01:00:00","date_gmt":"2025-09-11T04:00:00","guid":{"rendered":"https:\/\/sergiolapegue.com\/site\/?p=25362"},"modified":"2025-09-11T00:57:53","modified_gmt":"2025-09-11T03:57:53","slug":"vox-popurri-se-presentara-en-el-teatro-argentino","status":"publish","type":"post","link":"https:\/\/sergiolapegue.com\/site\/2025\/09\/11\/vox-popurri-se-presentara-en-el-teatro-argentino\/","title":{"rendered":"VOX POPURRI SE PRESENTAR\u00c1 EN EL TEATRO ARGENTINO"},"content":{"rendered":"\n<p>El tr\u00edo vocal y actoral&nbsp;VOX POPURRI&nbsp;llega al renovado&nbsp;Teatro Argentino&nbsp;con su elogiado espect\u00e1culo nominado a los Estrella de Mar 2025 a Mejor Teatro Musical y Premios Hugo Federal:&nbsp;&#8220;FANFARRIA, AL LATIDO DE UN COMP\u00c1S&#8221;. El show ahora cuenta con la direcci\u00f3n y puesta de Mariano Magn\u00edfico.&nbsp;<\/p>\n\n\n\n<p>NOMINADAS A MEJOR TEATRO MUSICAL&nbsp;<\/p>\n\n\n\n<p>PREMIO ESTRELLA DE MAR 2025&nbsp;<\/p>\n\n\n\n<p>4 NOMINACIONES A LOS PREMIOS HUGO FEDERAL 2025<\/p>\n\n\n\n<p>Tras su buen paso en el Teatro Astros de calle Corrientes y cantar en la ceremonia de los Mart\u00edn Fierro de Radio 2025,&nbsp;VOX POPURRI&nbsp;se presentar\u00e1 el&nbsp;lunes 15 de septiembre&nbsp;a las&nbsp;20:00 h&nbsp;en el&nbsp;Teatro Argentino, Bartolom\u00e9 Mitre 1448, CABA. &nbsp;<\/p>\n\n\n\n<p>Vox Popurri&nbsp;en las redes sociales acumula millones de visualizaciones con sus reels en los cuales fusionan diferentes g\u00e9neros musicales con letras originales sobre la vida cotidiana y muchos se ven identificados. Las artistas marplatenses que forman el grupo son&nbsp;Judith Morales&nbsp;(voz),&nbsp;Tamara Prato&nbsp;(voz) y&nbsp;Camila Suero&nbsp;(voz, piano y arreglos vocales). Nominadas a Mejor Teatro Musical, terna compartida con Mamma Mia!, fueron elegidas para cantar en la ceremonia de los Premios Estrella de Mar 2025.<\/p>\n\n\n\n<p>Las amigas crearon en 2022 el original grupo VOX POPURRI, desde el que buscan tomarse con humor las canciones m\u00e1s conocidas. Y lo hacen desde la m\u00fasica y la actuaci\u00f3n. Componen escenas o momentos a partir de canciones originales. Siempre retoman canciones conocidas y hacen reversiones, algo que las conecta con el p\u00fablico.<\/p>\n\n\n\n<figure class=\"wp-block-image size-full\"><img loading=\"lazy\" decoding=\"async\" width=\"800\" height=\"1000\" src=\"https:\/\/sergiolapegue.com\/site\/wp-content\/uploads\/2025\/09\/Vox-popurri-se-presenta-en-el-teatro-argentino-2.jpg\" alt=\"\" class=\"wp-image-25363\" srcset=\"https:\/\/sergiolapegue.com\/site\/wp-content\/uploads\/2025\/09\/Vox-popurri-se-presenta-en-el-teatro-argentino-2.jpg 800w, https:\/\/sergiolapegue.com\/site\/wp-content\/uploads\/2025\/09\/Vox-popurri-se-presenta-en-el-teatro-argentino-2-240x300.jpg 240w, https:\/\/sergiolapegue.com\/site\/wp-content\/uploads\/2025\/09\/Vox-popurri-se-presenta-en-el-teatro-argentino-2-768x960.jpg 768w, https:\/\/sergiolapegue.com\/site\/wp-content\/uploads\/2025\/09\/Vox-popurri-se-presenta-en-el-teatro-argentino-2-336x420.jpg 336w, https:\/\/sergiolapegue.com\/site\/wp-content\/uploads\/2025\/09\/Vox-popurri-se-presenta-en-el-teatro-argentino-2-696x870.jpg 696w\" sizes=\"auto, (max-width: 800px) 100vw, 800px\" \/><\/figure>\n\n\n\n<p><strong>FICHA T\u00c9CNICO ART\u00cdSTICA<\/strong><strong><\/strong><\/p>\n\n\n\n<p><strong>Guion:<\/strong>&nbsp;Ignacio Corva<\/p>\n\n\n\n<p><strong>Vox Popurr\u00ed:<\/strong>&nbsp;Judith Morales, Tamara Prato, Camila Suero&nbsp;<\/p>\n\n\n\n<p><strong>Composiciones originales:&nbsp;<\/strong>Ignacio Corva y Camila Suero&nbsp;<\/p>\n\n\n\n<p><strong>Arreglos Vocales:&nbsp;<\/strong>Camila Suero<\/p>\n\n\n\n<p><strong>Puesta en Escena y Asistencia:<\/strong>&nbsp;Agustina Suero&nbsp;<\/p>\n\n\n\n<p><strong>Iluminaci\u00f3n:<\/strong>&nbsp;Federico Cordeiro<\/p>\n\n\n\n<p><strong>Prensa y comunicaci\u00f3n:<\/strong>&nbsp;Max Czajkowski<\/p>\n\n\n\n<p><strong>Producci\u00f3n:<\/strong>&nbsp;Vox Popurr\u00ed y Mariano Magnifico&nbsp;<\/p>\n\n\n\n<p><strong>Direcci\u00f3n:<\/strong>&nbsp;Mariano Magnifico&nbsp;<\/p>\n\n\n\n<p><strong>Instagram:&nbsp;<\/strong>@voxpopurrii<\/p>\n\n\n\n<p><strong>FICHA TEATRO ARGENTINO<\/strong><\/p>\n\n\n\n<p><strong>Director Art\u00edstico:<\/strong>&nbsp;Diego Oria<\/p>\n\n\n\n<p><strong>Director de Producci\u00f3n:<\/strong>&nbsp;Mat\u00edas Taverna<\/p>\n\n\n\n<p><strong>Dise\u00f1o de Imagen:<\/strong>&nbsp;Emiliano P\u00e1ez<\/p>\n\n\n\n<p><strong>Agencia de Prensa:<\/strong> BMZ Comunicaciones<\/p>\n\n\n\n<p><strong>Instagram:<\/strong> @teatroargentinodelaciudad<\/p>\n\n\n\n<figure class=\"wp-block-image size-full\"><img loading=\"lazy\" decoding=\"async\" width=\"751\" height=\"1000\" src=\"https:\/\/sergiolapegue.com\/site\/wp-content\/uploads\/2025\/09\/Vox-popurri-se-presenta-en-el-teatro-argentino-1.jpg\" alt=\"\" class=\"wp-image-25364\" srcset=\"https:\/\/sergiolapegue.com\/site\/wp-content\/uploads\/2025\/09\/Vox-popurri-se-presenta-en-el-teatro-argentino-1.jpg 751w, https:\/\/sergiolapegue.com\/site\/wp-content\/uploads\/2025\/09\/Vox-popurri-se-presenta-en-el-teatro-argentino-1-225x300.jpg 225w, https:\/\/sergiolapegue.com\/site\/wp-content\/uploads\/2025\/09\/Vox-popurri-se-presenta-en-el-teatro-argentino-1-315x420.jpg 315w, https:\/\/sergiolapegue.com\/site\/wp-content\/uploads\/2025\/09\/Vox-popurri-se-presenta-en-el-teatro-argentino-1-696x927.jpg 696w\" sizes=\"auto, (max-width: 751px) 100vw, 751px\" \/><\/figure>\n\n\n\n<p><strong>TEATRO ARGENTINO<\/strong><\/p>\n\n\n\n<p>Bartolom\u00e9 Mitre 1448 \u2013 Capital Federal \u2013 Buenos Aires \u2013 Argentina<\/p>\n\n\n\n<p>Entradas: Desde $ 30.000 \u2013 en boleter\u00eda del teatro o a trav\u00e9s de <a href=\"https:\/\/91599.clicks.dattanet.com\/track\/click?u=3835161&amp;p=39313539393a3839313a3738353a303a353a30&amp;s=57f5d24b7a4c8dd8e6376a4908de76be&amp;m=30218\" target=\"_blank\" rel=\"noreferrer noopener\"><strong>ENTRADA UNO<\/strong><\/a><\/p>\n\n\n\n<p>Funci\u00f3n: Lunes 15 de Septiembre \u2013 20:00 horas<\/p>\n\n\n\n<p>Gracias BMZ Comunicaciones por acercarnos la gacetilla de prensa del espect\u00e1culo que presenta Vox Popurri en el Teatro Argentino.<\/p>\n\n\n\n<p><strong>BREVE RESE\u00d1A DE LAS INTEGRANTES<\/strong><strong><\/strong><\/p>\n\n\n\n<figure class=\"wp-block-image size-full is-resized\"><img loading=\"lazy\" decoding=\"async\" width=\"800\" height=\"1000\" src=\"https:\/\/sergiolapegue.com\/site\/wp-content\/uploads\/2025\/09\/Vox-popurri-se-presenta-en-el-teatro-argentino-Judith-Morales.jpg\" alt=\"\" class=\"wp-image-25365\" style=\"width:316px;height:auto\" srcset=\"https:\/\/sergiolapegue.com\/site\/wp-content\/uploads\/2025\/09\/Vox-popurri-se-presenta-en-el-teatro-argentino-Judith-Morales.jpg 800w, https:\/\/sergiolapegue.com\/site\/wp-content\/uploads\/2025\/09\/Vox-popurri-se-presenta-en-el-teatro-argentino-Judith-Morales-240x300.jpg 240w, https:\/\/sergiolapegue.com\/site\/wp-content\/uploads\/2025\/09\/Vox-popurri-se-presenta-en-el-teatro-argentino-Judith-Morales-768x960.jpg 768w, https:\/\/sergiolapegue.com\/site\/wp-content\/uploads\/2025\/09\/Vox-popurri-se-presenta-en-el-teatro-argentino-Judith-Morales-336x420.jpg 336w, https:\/\/sergiolapegue.com\/site\/wp-content\/uploads\/2025\/09\/Vox-popurri-se-presenta-en-el-teatro-argentino-Judith-Morales-696x870.jpg 696w\" sizes=\"auto, (max-width: 800px) 100vw, 800px\" \/><\/figure>\n\n\n\n<p><strong>Judith Morales<\/strong>&nbsp;es cantante y vocal coach. Estudia actualmente en la Escuela de M\u00fasica Contempor\u00e1nea en Buenos Aires, mientras se forma como actriz en la ciudad. Escribe sus canciones y est\u00e1 por sacar su primer EP en enero del 2025.<\/p>\n\n\n\n<figure class=\"wp-block-image size-full is-resized\"><img loading=\"lazy\" decoding=\"async\" width=\"1000\" height=\"1000\" src=\"https:\/\/sergiolapegue.com\/site\/wp-content\/uploads\/2025\/09\/Vox-popurri-se-presenta-en-el-teatro-argentino-Tamara-Prato.jpg\" alt=\"\" class=\"wp-image-25366\" style=\"width:324px;height:auto\" srcset=\"https:\/\/sergiolapegue.com\/site\/wp-content\/uploads\/2025\/09\/Vox-popurri-se-presenta-en-el-teatro-argentino-Tamara-Prato.jpg 1000w, https:\/\/sergiolapegue.com\/site\/wp-content\/uploads\/2025\/09\/Vox-popurri-se-presenta-en-el-teatro-argentino-Tamara-Prato-300x300.jpg 300w, https:\/\/sergiolapegue.com\/site\/wp-content\/uploads\/2025\/09\/Vox-popurri-se-presenta-en-el-teatro-argentino-Tamara-Prato-150x150.jpg 150w, https:\/\/sergiolapegue.com\/site\/wp-content\/uploads\/2025\/09\/Vox-popurri-se-presenta-en-el-teatro-argentino-Tamara-Prato-768x768.jpg 768w, https:\/\/sergiolapegue.com\/site\/wp-content\/uploads\/2025\/09\/Vox-popurri-se-presenta-en-el-teatro-argentino-Tamara-Prato-420x420.jpg 420w, https:\/\/sergiolapegue.com\/site\/wp-content\/uploads\/2025\/09\/Vox-popurri-se-presenta-en-el-teatro-argentino-Tamara-Prato-696x696.jpg 696w\" sizes=\"auto, (max-width: 1000px) 100vw, 1000px\" \/><\/figure>\n\n\n\n<p><strong>Tamara Prato<\/strong>&nbsp;es cantante y pianista, estudi\u00f3 en el Conservatorio Luis Gianneo de la ciudad de Mar del Plata piano y flauta traversa, y es profesora de canto. Es vocalista de tres bandas en la ciudad: Afrodita, donde hacen rock y pop internacional, Family Funk (disco y Funk), y Abre P\u00e1ez (canciones de Fito P\u00e1ez).<\/p>\n\n\n\n<figure class=\"wp-block-image size-full is-resized\"><img loading=\"lazy\" decoding=\"async\" width=\"730\" height=\"913\" src=\"https:\/\/sergiolapegue.com\/site\/wp-content\/uploads\/2025\/09\/Vox-popurri-se-presenta-en-el-teatro-argentino-Camila-Suero.jpg\" alt=\"\" class=\"wp-image-25367\" style=\"width:320px;height:auto\" srcset=\"https:\/\/sergiolapegue.com\/site\/wp-content\/uploads\/2025\/09\/Vox-popurri-se-presenta-en-el-teatro-argentino-Camila-Suero.jpg 730w, https:\/\/sergiolapegue.com\/site\/wp-content\/uploads\/2025\/09\/Vox-popurri-se-presenta-en-el-teatro-argentino-Camila-Suero-240x300.jpg 240w, https:\/\/sergiolapegue.com\/site\/wp-content\/uploads\/2025\/09\/Vox-popurri-se-presenta-en-el-teatro-argentino-Camila-Suero-336x420.jpg 336w, https:\/\/sergiolapegue.com\/site\/wp-content\/uploads\/2025\/09\/Vox-popurri-se-presenta-en-el-teatro-argentino-Camila-Suero-696x870.jpg 696w\" sizes=\"auto, (max-width: 730px) 100vw, 730px\" \/><\/figure>\n\n\n\n<p><strong>Camila Suero<\/strong>&nbsp;es pianista y cantante. Se form\u00f3 en piano acad\u00e9mico en el conservatorio Luis Gianneo de la ciudad de Mar del Plata y en el profesorado de arte Adolfo \u00c1balos d\u00f3nde desarroll\u00f3 la especializaci\u00f3n en piano jazz. Estudi\u00f3 actuaci\u00f3n y particip\u00f3 en obras de teatro musical en Mar del Plata y Capital Federal como actriz, cantante y directora musical. Es directora de coros, docente y coordinadora en programas de Orquestas Infantiles y Juveniles en Mar del Plata y Chascom\u00fas. Fue nominada como revelaci\u00f3n en los Premios Estrella de Mar 2020 por la obra &#8220;Una noche en el Caf\u00e9 Concert&#8221; y gan\u00f3 el Premio Hugo Federal como &#8220;Mejor interpretaci\u00f3n femenina en espect\u00e1culo musical&#8221; por la obra &#8220;Mucho Bardo y pocas Nueces\u201d.<\/p>\n\n\n\n<p><a href=\"https:\/\/l.instagram.com\/?u=https%3A%2F%2Flinktr.ee%2Fvoxpopurrii%3Ffbclid%3DPAZXh0bgNhZW0CMTEAAadAQjAKsOwiRNqCLCDfys8LcK8ZodzGhF98RL2e0uKYHNZzJ_2yrZgXrNtCpw_aem_RRcqlRDGHjGc0mw1cC41CQ&amp;e=AT1R3a3BeJr99lO2oFoKs_LyqosTWfEU4OAH-OxJjFL8BSNpX-77EtkSGuC2a3e5nk524SQ2ZgYUFb4Gx1Qi2f6dUNaRJF7OWJ8tYlu-ow\" target=\"_blank\" rel=\"noreferrer noopener\"><strong>Para m\u00e1s informaci\u00f3n:<\/strong> linktr.ee\/voxpopurrii<\/a><\/p>\n","protected":false},"excerpt":{"rendered":"<p>El tr\u00edo vocal y actoral&nbsp;VOX POPURRI&nbsp;llega al renovado&nbsp;Teatro Argentino&nbsp;con su elogiado espect\u00e1culo nominado a los Estrella de Mar 2025 a Mejor Teatro Musical y Premios Hugo Federal:&nbsp;&#8220;FANFARRIA, AL LATIDO DE UN COMP\u00c1S&#8221;. El show ahora cuenta con la direcci\u00f3n y puesta de Mariano Magn\u00edfico.&nbsp; NOMINADAS A MEJOR TEATRO MUSICAL&nbsp; PREMIO ESTRELLA DE MAR 2025&nbsp; 4 [&hellip;]<\/p>\n","protected":false},"author":3,"featured_media":25368,"comment_status":"open","ping_status":"closed","sticky":false,"template":"","format":"standard","meta":{"footnotes":""},"categories":[34,35],"tags":[],"class_list":{"0":"post-25362","1":"post","2":"type-post","3":"status-publish","4":"format-standard","5":"has-post-thumbnail","7":"category-arte","8":"category-teatro"},"yoast_head":"<!-- This site is optimized with the Yoast SEO plugin v27.5 - https:\/\/yoast.com\/product\/yoast-seo-wordpress\/ -->\n<title>VOX POPURRI SE PRESENTAR\u00c1 EN EL TEATRO ARGENTINO - Sergio Lapegue<\/title>\n<meta name=\"robots\" content=\"index, follow, max-snippet:-1, max-image-preview:large, max-video-preview:-1\" \/>\n<link rel=\"canonical\" href=\"https:\/\/sergiolapegue.com\/site\/2025\/09\/11\/vox-popurri-se-presentara-en-el-teatro-argentino\/\" \/>\n<meta property=\"og:locale\" content=\"es_ES\" \/>\n<meta property=\"og:type\" content=\"article\" \/>\n<meta property=\"og:title\" content=\"VOX POPURRI SE PRESENTAR\u00c1 EN EL TEATRO ARGENTINO - Sergio Lapegue\" \/>\n<meta property=\"og:description\" content=\"El tr\u00edo vocal y actoral&nbsp;VOX POPURRI&nbsp;llega al renovado&nbsp;Teatro Argentino&nbsp;con su elogiado espect\u00e1culo nominado a los Estrella de Mar 2025 a Mejor Teatro Musical y Premios Hugo Federal:&nbsp;&#8220;FANFARRIA, AL LATIDO DE UN COMP\u00c1S&#8221;. El show ahora cuenta con la direcci\u00f3n y puesta de Mariano Magn\u00edfico.&nbsp; NOMINADAS A MEJOR TEATRO MUSICAL&nbsp; PREMIO ESTRELLA DE MAR 2025&nbsp; 4 [&hellip;]\" \/>\n<meta property=\"og:url\" content=\"https:\/\/sergiolapegue.com\/site\/2025\/09\/11\/vox-popurri-se-presentara-en-el-teatro-argentino\/\" \/>\n<meta property=\"og:site_name\" content=\"Sergio Lapegue\" \/>\n<meta property=\"article:publisher\" content=\"https:\/\/facebook.com\/sergiolapegue\" \/>\n<meta property=\"article:author\" content=\"https:\/\/facebook.com\/danielernesto.montana\" \/>\n<meta property=\"article:published_time\" content=\"2025-09-11T04:00:00+00:00\" \/>\n<meta property=\"og:image\" content=\"https:\/\/sergiolapegue.com\/site\/wp-content\/uploads\/2025\/09\/Vox-popurri-se-presenta-en-el-teatro-argentino.jpg\" \/>\n\t<meta property=\"og:image:width\" content=\"800\" \/>\n\t<meta property=\"og:image:height\" content=\"1000\" \/>\n\t<meta property=\"og:image:type\" content=\"image\/jpeg\" \/>\n<meta name=\"author\" content=\"Daniel E. Monta\u00f1a\" \/>\n<meta name=\"twitter:card\" content=\"summary_large_image\" \/>\n<meta name=\"twitter:creator\" content=\"@https:\/\/twitter.com\/daner_004\" \/>\n<meta name=\"twitter:site\" content=\"@sergiolapegue\" \/>\n<meta name=\"twitter:label1\" content=\"Escrito por\" \/>\n\t<meta name=\"twitter:data1\" content=\"Daniel E. Monta\u00f1a\" \/>\n\t<meta name=\"twitter:label2\" content=\"Tiempo de lectura\" \/>\n\t<meta name=\"twitter:data2\" content=\"4 minutos\" \/>\n<script type=\"application\/ld+json\" class=\"yoast-schema-graph\">{\"@context\":\"https:\\\/\\\/schema.org\",\"@graph\":[{\"@type\":\"Article\",\"@id\":\"https:\\\/\\\/sergiolapegue.com\\\/site\\\/2025\\\/09\\\/11\\\/vox-popurri-se-presentara-en-el-teatro-argentino\\\/#article\",\"isPartOf\":{\"@id\":\"https:\\\/\\\/sergiolapegue.com\\\/site\\\/2025\\\/09\\\/11\\\/vox-popurri-se-presentara-en-el-teatro-argentino\\\/\"},\"author\":{\"name\":\"Daniel E. Monta\u00f1a\",\"@id\":\"https:\\\/\\\/sergiolapegue.com\\\/site\\\/#\\\/schema\\\/person\\\/9198e7dbab43c6d74d0fd5399af7c3cd\"},\"headline\":\"VOX POPURRI SE PRESENTAR\u00c1 EN EL TEATRO ARGENTINO\",\"datePublished\":\"2025-09-11T04:00:00+00:00\",\"mainEntityOfPage\":{\"@id\":\"https:\\\/\\\/sergiolapegue.com\\\/site\\\/2025\\\/09\\\/11\\\/vox-popurri-se-presentara-en-el-teatro-argentino\\\/\"},\"wordCount\":670,\"commentCount\":0,\"publisher\":{\"@id\":\"https:\\\/\\\/sergiolapegue.com\\\/site\\\/#\\\/schema\\\/person\\\/083aeceeb0734cd166779ea6c0551a37\"},\"image\":{\"@id\":\"https:\\\/\\\/sergiolapegue.com\\\/site\\\/2025\\\/09\\\/11\\\/vox-popurri-se-presentara-en-el-teatro-argentino\\\/#primaryimage\"},\"thumbnailUrl\":\"https:\\\/\\\/sergiolapegue.com\\\/site\\\/wp-content\\\/uploads\\\/2025\\\/09\\\/Vox-popurri-se-presenta-en-el-teatro-argentino.jpg\",\"articleSection\":[\"Arte\",\"Teatro\"],\"inLanguage\":\"es-AR\",\"potentialAction\":[{\"@type\":\"CommentAction\",\"name\":\"Comment\",\"target\":[\"https:\\\/\\\/sergiolapegue.com\\\/site\\\/2025\\\/09\\\/11\\\/vox-popurri-se-presentara-en-el-teatro-argentino\\\/#respond\"]}]},{\"@type\":\"WebPage\",\"@id\":\"https:\\\/\\\/sergiolapegue.com\\\/site\\\/2025\\\/09\\\/11\\\/vox-popurri-se-presentara-en-el-teatro-argentino\\\/\",\"url\":\"https:\\\/\\\/sergiolapegue.com\\\/site\\\/2025\\\/09\\\/11\\\/vox-popurri-se-presentara-en-el-teatro-argentino\\\/\",\"name\":\"VOX POPURRI SE PRESENTAR\u00c1 EN EL TEATRO ARGENTINO - Sergio Lapegue\",\"isPartOf\":{\"@id\":\"https:\\\/\\\/sergiolapegue.com\\\/site\\\/#website\"},\"primaryImageOfPage\":{\"@id\":\"https:\\\/\\\/sergiolapegue.com\\\/site\\\/2025\\\/09\\\/11\\\/vox-popurri-se-presentara-en-el-teatro-argentino\\\/#primaryimage\"},\"image\":{\"@id\":\"https:\\\/\\\/sergiolapegue.com\\\/site\\\/2025\\\/09\\\/11\\\/vox-popurri-se-presentara-en-el-teatro-argentino\\\/#primaryimage\"},\"thumbnailUrl\":\"https:\\\/\\\/sergiolapegue.com\\\/site\\\/wp-content\\\/uploads\\\/2025\\\/09\\\/Vox-popurri-se-presenta-en-el-teatro-argentino.jpg\",\"datePublished\":\"2025-09-11T04:00:00+00:00\",\"breadcrumb\":{\"@id\":\"https:\\\/\\\/sergiolapegue.com\\\/site\\\/2025\\\/09\\\/11\\\/vox-popurri-se-presentara-en-el-teatro-argentino\\\/#breadcrumb\"},\"inLanguage\":\"es-AR\",\"potentialAction\":[{\"@type\":\"ReadAction\",\"target\":[\"https:\\\/\\\/sergiolapegue.com\\\/site\\\/2025\\\/09\\\/11\\\/vox-popurri-se-presentara-en-el-teatro-argentino\\\/\"]}]},{\"@type\":\"ImageObject\",\"inLanguage\":\"es-AR\",\"@id\":\"https:\\\/\\\/sergiolapegue.com\\\/site\\\/2025\\\/09\\\/11\\\/vox-popurri-se-presentara-en-el-teatro-argentino\\\/#primaryimage\",\"url\":\"https:\\\/\\\/sergiolapegue.com\\\/site\\\/wp-content\\\/uploads\\\/2025\\\/09\\\/Vox-popurri-se-presenta-en-el-teatro-argentino.jpg\",\"contentUrl\":\"https:\\\/\\\/sergiolapegue.com\\\/site\\\/wp-content\\\/uploads\\\/2025\\\/09\\\/Vox-popurri-se-presenta-en-el-teatro-argentino.jpg\",\"width\":800,\"height\":1000},{\"@type\":\"BreadcrumbList\",\"@id\":\"https:\\\/\\\/sergiolapegue.com\\\/site\\\/2025\\\/09\\\/11\\\/vox-popurri-se-presentara-en-el-teatro-argentino\\\/#breadcrumb\",\"itemListElement\":[{\"@type\":\"ListItem\",\"position\":1,\"name\":\"Inicio\",\"item\":\"https:\\\/\\\/sergiolapegue.com\\\/site\\\/\"},{\"@type\":\"ListItem\",\"position\":2,\"name\":\"VOX POPURRI SE PRESENTAR\u00c1 EN EL TEATRO ARGENTINO\"}]},{\"@type\":\"WebSite\",\"@id\":\"https:\\\/\\\/sergiolapegue.com\\\/site\\\/#website\",\"url\":\"https:\\\/\\\/sergiolapegue.com\\\/site\\\/\",\"name\":\"Sergio Lapegue\",\"description\":\"Periodista\",\"publisher\":{\"@id\":\"https:\\\/\\\/sergiolapegue.com\\\/site\\\/#\\\/schema\\\/person\\\/083aeceeb0734cd166779ea6c0551a37\"},\"potentialAction\":[{\"@type\":\"SearchAction\",\"target\":{\"@type\":\"EntryPoint\",\"urlTemplate\":\"https:\\\/\\\/sergiolapegue.com\\\/site\\\/?s={search_term_string}\"},\"query-input\":{\"@type\":\"PropertyValueSpecification\",\"valueRequired\":true,\"valueName\":\"search_term_string\"}}],\"inLanguage\":\"es-AR\"},{\"@type\":[\"Person\",\"Organization\"],\"@id\":\"https:\\\/\\\/sergiolapegue.com\\\/site\\\/#\\\/schema\\\/person\\\/083aeceeb0734cd166779ea6c0551a37\",\"name\":\"Sergio Lapegue\",\"image\":{\"@type\":\"ImageObject\",\"inLanguage\":\"es-AR\",\"@id\":\"https:\\\/\\\/sergiolapegue.com\\\/site\\\/wp-content\\\/uploads\\\/2021\\\/04\\\/logo_header-1.png\",\"url\":\"https:\\\/\\\/sergiolapegue.com\\\/site\\\/wp-content\\\/uploads\\\/2021\\\/04\\\/logo_header-1.png\",\"contentUrl\":\"https:\\\/\\\/sergiolapegue.com\\\/site\\\/wp-content\\\/uploads\\\/2021\\\/04\\\/logo_header-1.png\",\"width\":272,\"height\":90,\"caption\":\"Sergio Lapegue\"},\"logo\":{\"@id\":\"https:\\\/\\\/sergiolapegue.com\\\/site\\\/wp-content\\\/uploads\\\/2021\\\/04\\\/logo_header-1.png\"},\"sameAs\":[\"https:\\\/\\\/facebook.com\\\/sergiolapegue\",\"https:\\\/\\\/instagram.com\\\/sergiolapegue\",\"https:\\\/\\\/x.com\\\/https:\\\/\\\/twitter.com\\\/sergiolapegue\"]},{\"@type\":\"Person\",\"@id\":\"https:\\\/\\\/sergiolapegue.com\\\/site\\\/#\\\/schema\\\/person\\\/9198e7dbab43c6d74d0fd5399af7c3cd\",\"name\":\"Daniel E. Monta\u00f1a\",\"image\":{\"@type\":\"ImageObject\",\"inLanguage\":\"es-AR\",\"@id\":\"https:\\\/\\\/sergiolapegue.com\\\/site\\\/wp-content\\\/uploads\\\/2021\\\/04\\\/sl_avatar_Daniel-150x150.jpg\",\"url\":\"https:\\\/\\\/sergiolapegue.com\\\/site\\\/wp-content\\\/uploads\\\/2021\\\/04\\\/sl_avatar_Daniel-150x150.jpg\",\"contentUrl\":\"https:\\\/\\\/sergiolapegue.com\\\/site\\\/wp-content\\\/uploads\\\/2021\\\/04\\\/sl_avatar_Daniel-150x150.jpg\",\"caption\":\"Daniel E. Monta\u00f1a\"},\"sameAs\":[\"https:\\\/\\\/facebook.com\\\/danielernesto.montana\",\"https:\\\/\\\/instagram.com\\\/daniel_montana1961\",\"https:\\\/\\\/x.com\\\/https:\\\/\\\/twitter.com\\\/daner_004\"],\"url\":\"https:\\\/\\\/sergiolapegue.com\\\/site\\\/author\\\/daniel\\\/\"}]}<\/script>\n<!-- \/ Yoast SEO plugin. -->","yoast_head_json":{"title":"VOX POPURRI SE PRESENTAR\u00c1 EN EL TEATRO ARGENTINO - Sergio Lapegue","robots":{"index":"index","follow":"follow","max-snippet":"max-snippet:-1","max-image-preview":"max-image-preview:large","max-video-preview":"max-video-preview:-1"},"canonical":"https:\/\/sergiolapegue.com\/site\/2025\/09\/11\/vox-popurri-se-presentara-en-el-teatro-argentino\/","og_locale":"es_ES","og_type":"article","og_title":"VOX POPURRI SE PRESENTAR\u00c1 EN EL TEATRO ARGENTINO - Sergio Lapegue","og_description":"El tr\u00edo vocal y actoral&nbsp;VOX POPURRI&nbsp;llega al renovado&nbsp;Teatro Argentino&nbsp;con su elogiado espect\u00e1culo nominado a los Estrella de Mar 2025 a Mejor Teatro Musical y Premios Hugo Federal:&nbsp;&#8220;FANFARRIA, AL LATIDO DE UN COMP\u00c1S&#8221;. El show ahora cuenta con la direcci\u00f3n y puesta de Mariano Magn\u00edfico.&nbsp; NOMINADAS A MEJOR TEATRO MUSICAL&nbsp; PREMIO ESTRELLA DE MAR 2025&nbsp; 4 [&hellip;]","og_url":"https:\/\/sergiolapegue.com\/site\/2025\/09\/11\/vox-popurri-se-presentara-en-el-teatro-argentino\/","og_site_name":"Sergio Lapegue","article_publisher":"https:\/\/facebook.com\/sergiolapegue","article_author":"https:\/\/facebook.com\/danielernesto.montana","article_published_time":"2025-09-11T04:00:00+00:00","og_image":[{"width":800,"height":1000,"url":"https:\/\/sergiolapegue.com\/site\/wp-content\/uploads\/2025\/09\/Vox-popurri-se-presenta-en-el-teatro-argentino.jpg","type":"image\/jpeg"}],"author":"Daniel E. Monta\u00f1a","twitter_card":"summary_large_image","twitter_creator":"@https:\/\/twitter.com\/daner_004","twitter_site":"@sergiolapegue","twitter_misc":{"Escrito por":"Daniel E. Monta\u00f1a","Tiempo de lectura":"4 minutos"},"schema":{"@context":"https:\/\/schema.org","@graph":[{"@type":"Article","@id":"https:\/\/sergiolapegue.com\/site\/2025\/09\/11\/vox-popurri-se-presentara-en-el-teatro-argentino\/#article","isPartOf":{"@id":"https:\/\/sergiolapegue.com\/site\/2025\/09\/11\/vox-popurri-se-presentara-en-el-teatro-argentino\/"},"author":{"name":"Daniel E. Monta\u00f1a","@id":"https:\/\/sergiolapegue.com\/site\/#\/schema\/person\/9198e7dbab43c6d74d0fd5399af7c3cd"},"headline":"VOX POPURRI SE PRESENTAR\u00c1 EN EL TEATRO ARGENTINO","datePublished":"2025-09-11T04:00:00+00:00","mainEntityOfPage":{"@id":"https:\/\/sergiolapegue.com\/site\/2025\/09\/11\/vox-popurri-se-presentara-en-el-teatro-argentino\/"},"wordCount":670,"commentCount":0,"publisher":{"@id":"https:\/\/sergiolapegue.com\/site\/#\/schema\/person\/083aeceeb0734cd166779ea6c0551a37"},"image":{"@id":"https:\/\/sergiolapegue.com\/site\/2025\/09\/11\/vox-popurri-se-presentara-en-el-teatro-argentino\/#primaryimage"},"thumbnailUrl":"https:\/\/sergiolapegue.com\/site\/wp-content\/uploads\/2025\/09\/Vox-popurri-se-presenta-en-el-teatro-argentino.jpg","articleSection":["Arte","Teatro"],"inLanguage":"es-AR","potentialAction":[{"@type":"CommentAction","name":"Comment","target":["https:\/\/sergiolapegue.com\/site\/2025\/09\/11\/vox-popurri-se-presentara-en-el-teatro-argentino\/#respond"]}]},{"@type":"WebPage","@id":"https:\/\/sergiolapegue.com\/site\/2025\/09\/11\/vox-popurri-se-presentara-en-el-teatro-argentino\/","url":"https:\/\/sergiolapegue.com\/site\/2025\/09\/11\/vox-popurri-se-presentara-en-el-teatro-argentino\/","name":"VOX POPURRI SE PRESENTAR\u00c1 EN EL TEATRO ARGENTINO - Sergio Lapegue","isPartOf":{"@id":"https:\/\/sergiolapegue.com\/site\/#website"},"primaryImageOfPage":{"@id":"https:\/\/sergiolapegue.com\/site\/2025\/09\/11\/vox-popurri-se-presentara-en-el-teatro-argentino\/#primaryimage"},"image":{"@id":"https:\/\/sergiolapegue.com\/site\/2025\/09\/11\/vox-popurri-se-presentara-en-el-teatro-argentino\/#primaryimage"},"thumbnailUrl":"https:\/\/sergiolapegue.com\/site\/wp-content\/uploads\/2025\/09\/Vox-popurri-se-presenta-en-el-teatro-argentino.jpg","datePublished":"2025-09-11T04:00:00+00:00","breadcrumb":{"@id":"https:\/\/sergiolapegue.com\/site\/2025\/09\/11\/vox-popurri-se-presentara-en-el-teatro-argentino\/#breadcrumb"},"inLanguage":"es-AR","potentialAction":[{"@type":"ReadAction","target":["https:\/\/sergiolapegue.com\/site\/2025\/09\/11\/vox-popurri-se-presentara-en-el-teatro-argentino\/"]}]},{"@type":"ImageObject","inLanguage":"es-AR","@id":"https:\/\/sergiolapegue.com\/site\/2025\/09\/11\/vox-popurri-se-presentara-en-el-teatro-argentino\/#primaryimage","url":"https:\/\/sergiolapegue.com\/site\/wp-content\/uploads\/2025\/09\/Vox-popurri-se-presenta-en-el-teatro-argentino.jpg","contentUrl":"https:\/\/sergiolapegue.com\/site\/wp-content\/uploads\/2025\/09\/Vox-popurri-se-presenta-en-el-teatro-argentino.jpg","width":800,"height":1000},{"@type":"BreadcrumbList","@id":"https:\/\/sergiolapegue.com\/site\/2025\/09\/11\/vox-popurri-se-presentara-en-el-teatro-argentino\/#breadcrumb","itemListElement":[{"@type":"ListItem","position":1,"name":"Inicio","item":"https:\/\/sergiolapegue.com\/site\/"},{"@type":"ListItem","position":2,"name":"VOX POPURRI SE PRESENTAR\u00c1 EN EL TEATRO ARGENTINO"}]},{"@type":"WebSite","@id":"https:\/\/sergiolapegue.com\/site\/#website","url":"https:\/\/sergiolapegue.com\/site\/","name":"Sergio Lapegue","description":"Periodista","publisher":{"@id":"https:\/\/sergiolapegue.com\/site\/#\/schema\/person\/083aeceeb0734cd166779ea6c0551a37"},"potentialAction":[{"@type":"SearchAction","target":{"@type":"EntryPoint","urlTemplate":"https:\/\/sergiolapegue.com\/site\/?s={search_term_string}"},"query-input":{"@type":"PropertyValueSpecification","valueRequired":true,"valueName":"search_term_string"}}],"inLanguage":"es-AR"},{"@type":["Person","Organization"],"@id":"https:\/\/sergiolapegue.com\/site\/#\/schema\/person\/083aeceeb0734cd166779ea6c0551a37","name":"Sergio Lapegue","image":{"@type":"ImageObject","inLanguage":"es-AR","@id":"https:\/\/sergiolapegue.com\/site\/wp-content\/uploads\/2021\/04\/logo_header-1.png","url":"https:\/\/sergiolapegue.com\/site\/wp-content\/uploads\/2021\/04\/logo_header-1.png","contentUrl":"https:\/\/sergiolapegue.com\/site\/wp-content\/uploads\/2021\/04\/logo_header-1.png","width":272,"height":90,"caption":"Sergio Lapegue"},"logo":{"@id":"https:\/\/sergiolapegue.com\/site\/wp-content\/uploads\/2021\/04\/logo_header-1.png"},"sameAs":["https:\/\/facebook.com\/sergiolapegue","https:\/\/instagram.com\/sergiolapegue","https:\/\/x.com\/https:\/\/twitter.com\/sergiolapegue"]},{"@type":"Person","@id":"https:\/\/sergiolapegue.com\/site\/#\/schema\/person\/9198e7dbab43c6d74d0fd5399af7c3cd","name":"Daniel E. Monta\u00f1a","image":{"@type":"ImageObject","inLanguage":"es-AR","@id":"https:\/\/sergiolapegue.com\/site\/wp-content\/uploads\/2021\/04\/sl_avatar_Daniel-150x150.jpg","url":"https:\/\/sergiolapegue.com\/site\/wp-content\/uploads\/2021\/04\/sl_avatar_Daniel-150x150.jpg","contentUrl":"https:\/\/sergiolapegue.com\/site\/wp-content\/uploads\/2021\/04\/sl_avatar_Daniel-150x150.jpg","caption":"Daniel E. Monta\u00f1a"},"sameAs":["https:\/\/facebook.com\/danielernesto.montana","https:\/\/instagram.com\/daniel_montana1961","https:\/\/x.com\/https:\/\/twitter.com\/daner_004"],"url":"https:\/\/sergiolapegue.com\/site\/author\/daniel\/"}]}},"_links":{"self":[{"href":"https:\/\/sergiolapegue.com\/site\/wp-json\/wp\/v2\/posts\/25362","targetHints":{"allow":["GET"]}}],"collection":[{"href":"https:\/\/sergiolapegue.com\/site\/wp-json\/wp\/v2\/posts"}],"about":[{"href":"https:\/\/sergiolapegue.com\/site\/wp-json\/wp\/v2\/types\/post"}],"author":[{"embeddable":true,"href":"https:\/\/sergiolapegue.com\/site\/wp-json\/wp\/v2\/users\/3"}],"replies":[{"embeddable":true,"href":"https:\/\/sergiolapegue.com\/site\/wp-json\/wp\/v2\/comments?post=25362"}],"version-history":[{"count":1,"href":"https:\/\/sergiolapegue.com\/site\/wp-json\/wp\/v2\/posts\/25362\/revisions"}],"predecessor-version":[{"id":25369,"href":"https:\/\/sergiolapegue.com\/site\/wp-json\/wp\/v2\/posts\/25362\/revisions\/25369"}],"wp:featuredmedia":[{"embeddable":true,"href":"https:\/\/sergiolapegue.com\/site\/wp-json\/wp\/v2\/media\/25368"}],"wp:attachment":[{"href":"https:\/\/sergiolapegue.com\/site\/wp-json\/wp\/v2\/media?parent=25362"}],"wp:term":[{"taxonomy":"category","embeddable":true,"href":"https:\/\/sergiolapegue.com\/site\/wp-json\/wp\/v2\/categories?post=25362"},{"taxonomy":"post_tag","embeddable":true,"href":"https:\/\/sergiolapegue.com\/site\/wp-json\/wp\/v2\/tags?post=25362"}],"curies":[{"name":"wp","href":"https:\/\/api.w.org\/{rel}","templated":true}]}}