{"id":25354,"date":"2025-09-10T19:00:00","date_gmt":"2025-09-10T22:00:00","guid":{"rendered":"https:\/\/sergiolapegue.com\/site\/?p=25354"},"modified":"2025-09-10T02:57:35","modified_gmt":"2025-09-10T05:57:35","slug":"a-tiempo-2","status":"publish","type":"post","link":"https:\/\/sergiolapegue.com\/site\/2025\/09\/10\/a-tiempo-2\/","title":{"rendered":"\u201cA TIEMPO\u201d"},"content":{"rendered":"\n<p>El grupo Las Filias presentan su espect\u00e1culo \u201cA Tiempo\u201d<\/p>\n\n\n\n<p>Las Filias es un grupo de danzas formado por 11 mujeres de m\u00e1s de 50 a\u00f1os, quienes mayoritariamente son egresadas de la Escuela Nacional de Danzas.<\/p>\n\n\n\n<p>El espect\u00e1culo es un musical, una obra de texto argumental con coreograf\u00edas. Un reencuentro en pandemia es el punto de partida de esta creaci\u00f3n colectiva, donde con humor, emoci\u00f3n y baile se recuerdan los a\u00f1os compartidos en la infancia y adolescencia desde la mirada de un nuevo presente que las une. Aparecen as\u00ed, aquellas alumnas con deseos y preocupaciones junto a sus madres competitivas y sus profesores exigentes.<\/p>\n\n\n\n<p>&#8220;A tiempo&#8221; se ensaya desde el a\u00f1o 2022, en un espacio cedido por la Fundaci\u00f3n Julio Bocca. Tuvo su preestreno el 25 de junio del 2023 en el Galp\u00f3n Art\u00edstico de Caballito. Asimismo, se present\u00f3 en el Teatro Municipal de Quilmes el 2 de julio y volvi\u00f3 a presentarse en el GAC el 28 de julio por la gran convocatoria.<\/p>\n\n\n\n<figure class=\"wp-block-image size-full\"><img loading=\"lazy\" decoding=\"async\" width=\"1000\" height=\"661\" src=\"https:\/\/sergiolapegue.com\/site\/wp-content\/uploads\/2025\/09\/A-tiempo-4.jpg\" alt=\"\" class=\"wp-image-25357\" srcset=\"https:\/\/sergiolapegue.com\/site\/wp-content\/uploads\/2025\/09\/A-tiempo-4.jpg 1000w, https:\/\/sergiolapegue.com\/site\/wp-content\/uploads\/2025\/09\/A-tiempo-4-300x198.jpg 300w, https:\/\/sergiolapegue.com\/site\/wp-content\/uploads\/2025\/09\/A-tiempo-4-768x508.jpg 768w, https:\/\/sergiolapegue.com\/site\/wp-content\/uploads\/2025\/09\/A-tiempo-4-635x420.jpg 635w, https:\/\/sergiolapegue.com\/site\/wp-content\/uploads\/2025\/09\/A-tiempo-4-696x460.jpg 696w\" sizes=\"auto, (max-width: 1000px) 100vw, 1000px\" \/><\/figure>\n\n\n\n<p>La compa\u00f1\u00eda fue invitada a participar de los siguientes eventos:<\/p>\n\n\n\n<p>-Espect\u00e1culo del Estudio Clave de Sol. Diciembre de 2022.<\/p>\n\n\n\n<p>-Primer Encuentro de Estudios de Danza. Municipalidad de Quilmes. Mayo 2023.<\/p>\n\n\n\n<p>-Teatro Actors Studio. Diciembre 2023.<\/p>\n\n\n\n<p>-Espect\u00e1culo del maestro Claudio Alves. Diciembre 2023.&nbsp;&nbsp;<\/p>\n\n\n\n<p>El estreno oficial de \u201cA tiempo\u201d se realiz\u00f3 el 5 de mayo de 2024 en el Auditorio Cendas en CABA, present\u00e1ndose durante cuatro funciones, y debiendo agregar una quinta funci\u00f3n, dada la excelente repercusi\u00f3n tanto del p\u00fablico como de la cr\u00edtica.<\/p>\n\n\n\n<p>Luego del estreno fue invitado a participar de los siguientes eventos:<\/p>\n\n\n\n<p>-Espect\u00e1culo de &#8220;D\u00fao danzas&#8221;. Agosto 2024.<\/p>\n\n\n\n<p>-Encuentro de Estudios de Danzas en Chivilcoy. Octubre 2024.<\/p>\n\n\n\n<p>-Programa televisivo &#8220;La Jaula de la moda&#8221;. Noviembre 2024.<\/p>\n\n\n\n<p>En el a\u00f1o 2024 fueron parte de la programaci\u00f3n del Espacio Cultural Ad\u00e1n Buenosayres en CABA y en 2024\/2025 del Cine Teatro Municipal de Quilmes.<\/p>\n\n\n\n<p>En octubre se presentar\u00e1n en el Teatro Abel Santa Cruz de Miramar y en Noviembre en Necochea.<\/p>\n\n\n\n<figure class=\"wp-block-image size-full\"><img loading=\"lazy\" decoding=\"async\" width=\"1000\" height=\"658\" src=\"https:\/\/sergiolapegue.com\/site\/wp-content\/uploads\/2025\/09\/A-tiempo-3.jpg\" alt=\"\" class=\"wp-image-25356\" srcset=\"https:\/\/sergiolapegue.com\/site\/wp-content\/uploads\/2025\/09\/A-tiempo-3.jpg 1000w, https:\/\/sergiolapegue.com\/site\/wp-content\/uploads\/2025\/09\/A-tiempo-3-300x197.jpg 300w, https:\/\/sergiolapegue.com\/site\/wp-content\/uploads\/2025\/09\/A-tiempo-3-768x505.jpg 768w, https:\/\/sergiolapegue.com\/site\/wp-content\/uploads\/2025\/09\/A-tiempo-3-638x420.jpg 638w, https:\/\/sergiolapegue.com\/site\/wp-content\/uploads\/2025\/09\/A-tiempo-3-696x458.jpg 696w\" sizes=\"auto, (max-width: 1000px) 100vw, 1000px\" \/><\/figure>\n\n\n\n<p><strong>FICHA T\u00c9CNICO ART\u00cdSTICA<\/strong><strong><\/strong><\/p>\n\n\n\n<p><strong>Creaci\u00f3n colectiva:<\/strong> M\u00f3nica Aub\u00edn, Liliana Lorenzani, Laura Pe\u00f1a, Fabiana Piotti, Silvina Riopa, Mariana Topatigh.<\/p>\n\n\n\n<p><strong>Bailarinas:<\/strong> M\u00f3nica Aub\u00edn, Patricia Hermida, Viviana Loingburd, Liliana Lorenzani, Laura Pe\u00f1a, Marcela Percivale, Fabiana Piotti, Silvina Riopa, Patricia R\u00edos, Paula S\u00e1nchez, Mariana Topatigh.<\/p>\n\n\n\n<p><strong>Core\u00f3grafas:<\/strong>&nbsp;Fabiana Piotti, Silvina Riopa, Mariana Topatigh.<\/p>\n\n\n\n<p><strong>Asistente de coreograf\u00eda:<\/strong> Mariana Topatigh.<\/p>\n\n\n\n<p><strong>Producci\u00f3n general:<\/strong> M\u00f3nica Aub\u00edn, Liliana Lorenzani, Laura Pe\u00f1a, Fabiana Piotti, Silvina Riopa, Mariana Topatigh.<\/p>\n\n\n\n<p><strong>Direcci\u00f3n:<\/strong> Fabiana Piotti.<\/p>\n\n\n\n<p><strong>Instagram:<\/strong> @lasfilias23<\/p>\n\n\n\n<p><strong>Duraci\u00f3n:<\/strong> 55 minutos<\/p>\n\n\n\n<p><strong>Clasificaci\u00f3n:<\/strong> Teatro \u2013 Presencial \u2013 Musical \u2013 Comedia Musical &#8211; ATP<\/p>\n\n\n\n<figure class=\"wp-block-image size-full\"><img loading=\"lazy\" decoding=\"async\" width=\"1000\" height=\"659\" src=\"https:\/\/sergiolapegue.com\/site\/wp-content\/uploads\/2025\/09\/A-tiempo-1.jpg\" alt=\"\" class=\"wp-image-25355\" srcset=\"https:\/\/sergiolapegue.com\/site\/wp-content\/uploads\/2025\/09\/A-tiempo-1.jpg 1000w, https:\/\/sergiolapegue.com\/site\/wp-content\/uploads\/2025\/09\/A-tiempo-1-300x198.jpg 300w, https:\/\/sergiolapegue.com\/site\/wp-content\/uploads\/2025\/09\/A-tiempo-1-768x506.jpg 768w, https:\/\/sergiolapegue.com\/site\/wp-content\/uploads\/2025\/09\/A-tiempo-1-637x420.jpg 637w, https:\/\/sergiolapegue.com\/site\/wp-content\/uploads\/2025\/09\/A-tiempo-1-696x459.jpg 696w\" sizes=\"auto, (max-width: 1000px) 100vw, 1000px\" \/><\/figure>\n\n\n\n<p><strong>PASEO LA PLAZA \u2013 SALA CORT\u00c1ZAR<\/strong><strong><\/strong><\/p>\n\n\n\n<p>Av. Corrientes 1660 \u2013 Capital Federal \u2013 Buenos Aires \u2013 Argentina<\/p>\n\n\n\n<p>Tel\u00e9fono: 6320-5300<\/p>\n\n\n\n<p>Web: <a href=\"https:\/\/www.plateanet.com\">https:\/\/www.plateanet.com<\/a><\/p>\n\n\n\n<p>Entradas: $ 20.000 \u2013 en boleter\u00eda del teatro o por Plateanet \u2013 Link:<\/p>\n\n\n\n<p><a href=\"https:\/\/www.plateanet.com\/obra\/32167?obra=A%20TIEMPO&amp;paso=inicio\">https:\/\/www.plateanet.com\/obra\/32167?obra=A%20TIEMPO&amp;paso=inicio<\/a><\/p>\n\n\n\n<p>Funciones: S\u00e1bados 17:00 horas \u2013 Hasta el 27\/09\/2025<\/p>\n\n\n\n<p>Gracias al grupo Las Filias por acercarnos la gacetilla de prensa del espect\u00e1culo que est\u00e1n realizando en el Paseo La Plaza.<\/p>\n\n\n\n<p><\/p>\n","protected":false},"excerpt":{"rendered":"<p>El grupo Las Filias presentan su espect\u00e1culo \u201cA Tiempo\u201d Las Filias es un grupo de danzas formado por 11 mujeres de m\u00e1s de 50 a\u00f1os, quienes mayoritariamente son egresadas de la Escuela Nacional de Danzas. El espect\u00e1culo es un musical, una obra de texto argumental con coreograf\u00edas. Un reencuentro en pandemia es el punto de [&hellip;]<\/p>\n","protected":false},"author":3,"featured_media":25358,"comment_status":"open","ping_status":"closed","sticky":false,"template":"","format":"standard","meta":{"footnotes":""},"categories":[34,35],"tags":[],"class_list":{"0":"post-25354","1":"post","2":"type-post","3":"status-publish","4":"format-standard","5":"has-post-thumbnail","7":"category-arte","8":"category-teatro"},"yoast_head":"<!-- This site is optimized with the Yoast SEO plugin v27.5 - https:\/\/yoast.com\/product\/yoast-seo-wordpress\/ -->\n<title>\u201cA TIEMPO\u201d - Sergio Lapegue<\/title>\n<meta name=\"robots\" content=\"index, follow, max-snippet:-1, max-image-preview:large, max-video-preview:-1\" \/>\n<link rel=\"canonical\" href=\"https:\/\/sergiolapegue.com\/site\/2025\/09\/10\/a-tiempo-2\/\" \/>\n<meta property=\"og:locale\" content=\"es_ES\" \/>\n<meta property=\"og:type\" content=\"article\" \/>\n<meta property=\"og:title\" content=\"\u201cA TIEMPO\u201d - Sergio Lapegue\" \/>\n<meta property=\"og:description\" content=\"El grupo Las Filias presentan su espect\u00e1culo \u201cA Tiempo\u201d Las Filias es un grupo de danzas formado por 11 mujeres de m\u00e1s de 50 a\u00f1os, quienes mayoritariamente son egresadas de la Escuela Nacional de Danzas. El espect\u00e1culo es un musical, una obra de texto argumental con coreograf\u00edas. Un reencuentro en pandemia es el punto de [&hellip;]\" \/>\n<meta property=\"og:url\" content=\"https:\/\/sergiolapegue.com\/site\/2025\/09\/10\/a-tiempo-2\/\" \/>\n<meta property=\"og:site_name\" content=\"Sergio Lapegue\" \/>\n<meta property=\"article:publisher\" content=\"https:\/\/facebook.com\/sergiolapegue\" \/>\n<meta property=\"article:author\" content=\"https:\/\/facebook.com\/danielernesto.montana\" \/>\n<meta property=\"article:published_time\" content=\"2025-09-10T22:00:00+00:00\" \/>\n<meta property=\"og:image\" content=\"https:\/\/sergiolapegue.com\/site\/wp-content\/uploads\/2025\/09\/A-tiempo.jpg\" \/>\n\t<meta property=\"og:image:width\" content=\"750\" \/>\n\t<meta property=\"og:image:height\" content=\"1000\" \/>\n\t<meta property=\"og:image:type\" content=\"image\/jpeg\" \/>\n<meta name=\"author\" content=\"Daniel E. Monta\u00f1a\" \/>\n<meta name=\"twitter:card\" content=\"summary_large_image\" \/>\n<meta name=\"twitter:creator\" content=\"@https:\/\/twitter.com\/daner_004\" \/>\n<meta name=\"twitter:site\" content=\"@sergiolapegue\" \/>\n<meta name=\"twitter:label1\" content=\"Escrito por\" \/>\n\t<meta name=\"twitter:data1\" content=\"Daniel E. Monta\u00f1a\" \/>\n\t<meta name=\"twitter:label2\" content=\"Tiempo de lectura\" \/>\n\t<meta name=\"twitter:data2\" content=\"3 minutos\" \/>\n<script type=\"application\/ld+json\" class=\"yoast-schema-graph\">{\"@context\":\"https:\\\/\\\/schema.org\",\"@graph\":[{\"@type\":\"Article\",\"@id\":\"https:\\\/\\\/sergiolapegue.com\\\/site\\\/2025\\\/09\\\/10\\\/a-tiempo-2\\\/#article\",\"isPartOf\":{\"@id\":\"https:\\\/\\\/sergiolapegue.com\\\/site\\\/2025\\\/09\\\/10\\\/a-tiempo-2\\\/\"},\"author\":{\"name\":\"Daniel E. Monta\u00f1a\",\"@id\":\"https:\\\/\\\/sergiolapegue.com\\\/site\\\/#\\\/schema\\\/person\\\/9198e7dbab43c6d74d0fd5399af7c3cd\"},\"headline\":\"\u201cA TIEMPO\u201d\",\"datePublished\":\"2025-09-10T22:00:00+00:00\",\"mainEntityOfPage\":{\"@id\":\"https:\\\/\\\/sergiolapegue.com\\\/site\\\/2025\\\/09\\\/10\\\/a-tiempo-2\\\/\"},\"wordCount\":508,\"commentCount\":0,\"publisher\":{\"@id\":\"https:\\\/\\\/sergiolapegue.com\\\/site\\\/#\\\/schema\\\/person\\\/083aeceeb0734cd166779ea6c0551a37\"},\"image\":{\"@id\":\"https:\\\/\\\/sergiolapegue.com\\\/site\\\/2025\\\/09\\\/10\\\/a-tiempo-2\\\/#primaryimage\"},\"thumbnailUrl\":\"https:\\\/\\\/sergiolapegue.com\\\/site\\\/wp-content\\\/uploads\\\/2025\\\/09\\\/A-tiempo.jpg\",\"articleSection\":[\"Arte\",\"Teatro\"],\"inLanguage\":\"es-AR\",\"potentialAction\":[{\"@type\":\"CommentAction\",\"name\":\"Comment\",\"target\":[\"https:\\\/\\\/sergiolapegue.com\\\/site\\\/2025\\\/09\\\/10\\\/a-tiempo-2\\\/#respond\"]}]},{\"@type\":\"WebPage\",\"@id\":\"https:\\\/\\\/sergiolapegue.com\\\/site\\\/2025\\\/09\\\/10\\\/a-tiempo-2\\\/\",\"url\":\"https:\\\/\\\/sergiolapegue.com\\\/site\\\/2025\\\/09\\\/10\\\/a-tiempo-2\\\/\",\"name\":\"\u201cA TIEMPO\u201d - Sergio Lapegue\",\"isPartOf\":{\"@id\":\"https:\\\/\\\/sergiolapegue.com\\\/site\\\/#website\"},\"primaryImageOfPage\":{\"@id\":\"https:\\\/\\\/sergiolapegue.com\\\/site\\\/2025\\\/09\\\/10\\\/a-tiempo-2\\\/#primaryimage\"},\"image\":{\"@id\":\"https:\\\/\\\/sergiolapegue.com\\\/site\\\/2025\\\/09\\\/10\\\/a-tiempo-2\\\/#primaryimage\"},\"thumbnailUrl\":\"https:\\\/\\\/sergiolapegue.com\\\/site\\\/wp-content\\\/uploads\\\/2025\\\/09\\\/A-tiempo.jpg\",\"datePublished\":\"2025-09-10T22:00:00+00:00\",\"breadcrumb\":{\"@id\":\"https:\\\/\\\/sergiolapegue.com\\\/site\\\/2025\\\/09\\\/10\\\/a-tiempo-2\\\/#breadcrumb\"},\"inLanguage\":\"es-AR\",\"potentialAction\":[{\"@type\":\"ReadAction\",\"target\":[\"https:\\\/\\\/sergiolapegue.com\\\/site\\\/2025\\\/09\\\/10\\\/a-tiempo-2\\\/\"]}]},{\"@type\":\"ImageObject\",\"inLanguage\":\"es-AR\",\"@id\":\"https:\\\/\\\/sergiolapegue.com\\\/site\\\/2025\\\/09\\\/10\\\/a-tiempo-2\\\/#primaryimage\",\"url\":\"https:\\\/\\\/sergiolapegue.com\\\/site\\\/wp-content\\\/uploads\\\/2025\\\/09\\\/A-tiempo.jpg\",\"contentUrl\":\"https:\\\/\\\/sergiolapegue.com\\\/site\\\/wp-content\\\/uploads\\\/2025\\\/09\\\/A-tiempo.jpg\",\"width\":750,\"height\":1000},{\"@type\":\"BreadcrumbList\",\"@id\":\"https:\\\/\\\/sergiolapegue.com\\\/site\\\/2025\\\/09\\\/10\\\/a-tiempo-2\\\/#breadcrumb\",\"itemListElement\":[{\"@type\":\"ListItem\",\"position\":1,\"name\":\"Inicio\",\"item\":\"https:\\\/\\\/sergiolapegue.com\\\/site\\\/\"},{\"@type\":\"ListItem\",\"position\":2,\"name\":\"\u201cA TIEMPO\u201d\"}]},{\"@type\":\"WebSite\",\"@id\":\"https:\\\/\\\/sergiolapegue.com\\\/site\\\/#website\",\"url\":\"https:\\\/\\\/sergiolapegue.com\\\/site\\\/\",\"name\":\"Sergio Lapegue\",\"description\":\"Periodista\",\"publisher\":{\"@id\":\"https:\\\/\\\/sergiolapegue.com\\\/site\\\/#\\\/schema\\\/person\\\/083aeceeb0734cd166779ea6c0551a37\"},\"potentialAction\":[{\"@type\":\"SearchAction\",\"target\":{\"@type\":\"EntryPoint\",\"urlTemplate\":\"https:\\\/\\\/sergiolapegue.com\\\/site\\\/?s={search_term_string}\"},\"query-input\":{\"@type\":\"PropertyValueSpecification\",\"valueRequired\":true,\"valueName\":\"search_term_string\"}}],\"inLanguage\":\"es-AR\"},{\"@type\":[\"Person\",\"Organization\"],\"@id\":\"https:\\\/\\\/sergiolapegue.com\\\/site\\\/#\\\/schema\\\/person\\\/083aeceeb0734cd166779ea6c0551a37\",\"name\":\"Sergio Lapegue\",\"image\":{\"@type\":\"ImageObject\",\"inLanguage\":\"es-AR\",\"@id\":\"https:\\\/\\\/sergiolapegue.com\\\/site\\\/wp-content\\\/uploads\\\/2021\\\/04\\\/logo_header-1.png\",\"url\":\"https:\\\/\\\/sergiolapegue.com\\\/site\\\/wp-content\\\/uploads\\\/2021\\\/04\\\/logo_header-1.png\",\"contentUrl\":\"https:\\\/\\\/sergiolapegue.com\\\/site\\\/wp-content\\\/uploads\\\/2021\\\/04\\\/logo_header-1.png\",\"width\":272,\"height\":90,\"caption\":\"Sergio Lapegue\"},\"logo\":{\"@id\":\"https:\\\/\\\/sergiolapegue.com\\\/site\\\/wp-content\\\/uploads\\\/2021\\\/04\\\/logo_header-1.png\"},\"sameAs\":[\"https:\\\/\\\/facebook.com\\\/sergiolapegue\",\"https:\\\/\\\/instagram.com\\\/sergiolapegue\",\"https:\\\/\\\/x.com\\\/https:\\\/\\\/twitter.com\\\/sergiolapegue\"]},{\"@type\":\"Person\",\"@id\":\"https:\\\/\\\/sergiolapegue.com\\\/site\\\/#\\\/schema\\\/person\\\/9198e7dbab43c6d74d0fd5399af7c3cd\",\"name\":\"Daniel E. Monta\u00f1a\",\"image\":{\"@type\":\"ImageObject\",\"inLanguage\":\"es-AR\",\"@id\":\"https:\\\/\\\/sergiolapegue.com\\\/site\\\/wp-content\\\/uploads\\\/2021\\\/04\\\/sl_avatar_Daniel-150x150.jpg\",\"url\":\"https:\\\/\\\/sergiolapegue.com\\\/site\\\/wp-content\\\/uploads\\\/2021\\\/04\\\/sl_avatar_Daniel-150x150.jpg\",\"contentUrl\":\"https:\\\/\\\/sergiolapegue.com\\\/site\\\/wp-content\\\/uploads\\\/2021\\\/04\\\/sl_avatar_Daniel-150x150.jpg\",\"caption\":\"Daniel E. Monta\u00f1a\"},\"sameAs\":[\"https:\\\/\\\/facebook.com\\\/danielernesto.montana\",\"https:\\\/\\\/instagram.com\\\/daniel_montana1961\",\"https:\\\/\\\/x.com\\\/https:\\\/\\\/twitter.com\\\/daner_004\"],\"url\":\"https:\\\/\\\/sergiolapegue.com\\\/site\\\/author\\\/daniel\\\/\"}]}<\/script>\n<!-- \/ Yoast SEO plugin. -->","yoast_head_json":{"title":"\u201cA TIEMPO\u201d - Sergio Lapegue","robots":{"index":"index","follow":"follow","max-snippet":"max-snippet:-1","max-image-preview":"max-image-preview:large","max-video-preview":"max-video-preview:-1"},"canonical":"https:\/\/sergiolapegue.com\/site\/2025\/09\/10\/a-tiempo-2\/","og_locale":"es_ES","og_type":"article","og_title":"\u201cA TIEMPO\u201d - Sergio Lapegue","og_description":"El grupo Las Filias presentan su espect\u00e1culo \u201cA Tiempo\u201d Las Filias es un grupo de danzas formado por 11 mujeres de m\u00e1s de 50 a\u00f1os, quienes mayoritariamente son egresadas de la Escuela Nacional de Danzas. El espect\u00e1culo es un musical, una obra de texto argumental con coreograf\u00edas. Un reencuentro en pandemia es el punto de [&hellip;]","og_url":"https:\/\/sergiolapegue.com\/site\/2025\/09\/10\/a-tiempo-2\/","og_site_name":"Sergio Lapegue","article_publisher":"https:\/\/facebook.com\/sergiolapegue","article_author":"https:\/\/facebook.com\/danielernesto.montana","article_published_time":"2025-09-10T22:00:00+00:00","og_image":[{"width":750,"height":1000,"url":"https:\/\/sergiolapegue.com\/site\/wp-content\/uploads\/2025\/09\/A-tiempo.jpg","type":"image\/jpeg"}],"author":"Daniel E. Monta\u00f1a","twitter_card":"summary_large_image","twitter_creator":"@https:\/\/twitter.com\/daner_004","twitter_site":"@sergiolapegue","twitter_misc":{"Escrito por":"Daniel E. Monta\u00f1a","Tiempo de lectura":"3 minutos"},"schema":{"@context":"https:\/\/schema.org","@graph":[{"@type":"Article","@id":"https:\/\/sergiolapegue.com\/site\/2025\/09\/10\/a-tiempo-2\/#article","isPartOf":{"@id":"https:\/\/sergiolapegue.com\/site\/2025\/09\/10\/a-tiempo-2\/"},"author":{"name":"Daniel E. Monta\u00f1a","@id":"https:\/\/sergiolapegue.com\/site\/#\/schema\/person\/9198e7dbab43c6d74d0fd5399af7c3cd"},"headline":"\u201cA TIEMPO\u201d","datePublished":"2025-09-10T22:00:00+00:00","mainEntityOfPage":{"@id":"https:\/\/sergiolapegue.com\/site\/2025\/09\/10\/a-tiempo-2\/"},"wordCount":508,"commentCount":0,"publisher":{"@id":"https:\/\/sergiolapegue.com\/site\/#\/schema\/person\/083aeceeb0734cd166779ea6c0551a37"},"image":{"@id":"https:\/\/sergiolapegue.com\/site\/2025\/09\/10\/a-tiempo-2\/#primaryimage"},"thumbnailUrl":"https:\/\/sergiolapegue.com\/site\/wp-content\/uploads\/2025\/09\/A-tiempo.jpg","articleSection":["Arte","Teatro"],"inLanguage":"es-AR","potentialAction":[{"@type":"CommentAction","name":"Comment","target":["https:\/\/sergiolapegue.com\/site\/2025\/09\/10\/a-tiempo-2\/#respond"]}]},{"@type":"WebPage","@id":"https:\/\/sergiolapegue.com\/site\/2025\/09\/10\/a-tiempo-2\/","url":"https:\/\/sergiolapegue.com\/site\/2025\/09\/10\/a-tiempo-2\/","name":"\u201cA TIEMPO\u201d - Sergio Lapegue","isPartOf":{"@id":"https:\/\/sergiolapegue.com\/site\/#website"},"primaryImageOfPage":{"@id":"https:\/\/sergiolapegue.com\/site\/2025\/09\/10\/a-tiempo-2\/#primaryimage"},"image":{"@id":"https:\/\/sergiolapegue.com\/site\/2025\/09\/10\/a-tiempo-2\/#primaryimage"},"thumbnailUrl":"https:\/\/sergiolapegue.com\/site\/wp-content\/uploads\/2025\/09\/A-tiempo.jpg","datePublished":"2025-09-10T22:00:00+00:00","breadcrumb":{"@id":"https:\/\/sergiolapegue.com\/site\/2025\/09\/10\/a-tiempo-2\/#breadcrumb"},"inLanguage":"es-AR","potentialAction":[{"@type":"ReadAction","target":["https:\/\/sergiolapegue.com\/site\/2025\/09\/10\/a-tiempo-2\/"]}]},{"@type":"ImageObject","inLanguage":"es-AR","@id":"https:\/\/sergiolapegue.com\/site\/2025\/09\/10\/a-tiempo-2\/#primaryimage","url":"https:\/\/sergiolapegue.com\/site\/wp-content\/uploads\/2025\/09\/A-tiempo.jpg","contentUrl":"https:\/\/sergiolapegue.com\/site\/wp-content\/uploads\/2025\/09\/A-tiempo.jpg","width":750,"height":1000},{"@type":"BreadcrumbList","@id":"https:\/\/sergiolapegue.com\/site\/2025\/09\/10\/a-tiempo-2\/#breadcrumb","itemListElement":[{"@type":"ListItem","position":1,"name":"Inicio","item":"https:\/\/sergiolapegue.com\/site\/"},{"@type":"ListItem","position":2,"name":"\u201cA TIEMPO\u201d"}]},{"@type":"WebSite","@id":"https:\/\/sergiolapegue.com\/site\/#website","url":"https:\/\/sergiolapegue.com\/site\/","name":"Sergio Lapegue","description":"Periodista","publisher":{"@id":"https:\/\/sergiolapegue.com\/site\/#\/schema\/person\/083aeceeb0734cd166779ea6c0551a37"},"potentialAction":[{"@type":"SearchAction","target":{"@type":"EntryPoint","urlTemplate":"https:\/\/sergiolapegue.com\/site\/?s={search_term_string}"},"query-input":{"@type":"PropertyValueSpecification","valueRequired":true,"valueName":"search_term_string"}}],"inLanguage":"es-AR"},{"@type":["Person","Organization"],"@id":"https:\/\/sergiolapegue.com\/site\/#\/schema\/person\/083aeceeb0734cd166779ea6c0551a37","name":"Sergio Lapegue","image":{"@type":"ImageObject","inLanguage":"es-AR","@id":"https:\/\/sergiolapegue.com\/site\/wp-content\/uploads\/2021\/04\/logo_header-1.png","url":"https:\/\/sergiolapegue.com\/site\/wp-content\/uploads\/2021\/04\/logo_header-1.png","contentUrl":"https:\/\/sergiolapegue.com\/site\/wp-content\/uploads\/2021\/04\/logo_header-1.png","width":272,"height":90,"caption":"Sergio Lapegue"},"logo":{"@id":"https:\/\/sergiolapegue.com\/site\/wp-content\/uploads\/2021\/04\/logo_header-1.png"},"sameAs":["https:\/\/facebook.com\/sergiolapegue","https:\/\/instagram.com\/sergiolapegue","https:\/\/x.com\/https:\/\/twitter.com\/sergiolapegue"]},{"@type":"Person","@id":"https:\/\/sergiolapegue.com\/site\/#\/schema\/person\/9198e7dbab43c6d74d0fd5399af7c3cd","name":"Daniel E. Monta\u00f1a","image":{"@type":"ImageObject","inLanguage":"es-AR","@id":"https:\/\/sergiolapegue.com\/site\/wp-content\/uploads\/2021\/04\/sl_avatar_Daniel-150x150.jpg","url":"https:\/\/sergiolapegue.com\/site\/wp-content\/uploads\/2021\/04\/sl_avatar_Daniel-150x150.jpg","contentUrl":"https:\/\/sergiolapegue.com\/site\/wp-content\/uploads\/2021\/04\/sl_avatar_Daniel-150x150.jpg","caption":"Daniel E. Monta\u00f1a"},"sameAs":["https:\/\/facebook.com\/danielernesto.montana","https:\/\/instagram.com\/daniel_montana1961","https:\/\/x.com\/https:\/\/twitter.com\/daner_004"],"url":"https:\/\/sergiolapegue.com\/site\/author\/daniel\/"}]}},"_links":{"self":[{"href":"https:\/\/sergiolapegue.com\/site\/wp-json\/wp\/v2\/posts\/25354","targetHints":{"allow":["GET"]}}],"collection":[{"href":"https:\/\/sergiolapegue.com\/site\/wp-json\/wp\/v2\/posts"}],"about":[{"href":"https:\/\/sergiolapegue.com\/site\/wp-json\/wp\/v2\/types\/post"}],"author":[{"embeddable":true,"href":"https:\/\/sergiolapegue.com\/site\/wp-json\/wp\/v2\/users\/3"}],"replies":[{"embeddable":true,"href":"https:\/\/sergiolapegue.com\/site\/wp-json\/wp\/v2\/comments?post=25354"}],"version-history":[{"count":1,"href":"https:\/\/sergiolapegue.com\/site\/wp-json\/wp\/v2\/posts\/25354\/revisions"}],"predecessor-version":[{"id":25359,"href":"https:\/\/sergiolapegue.com\/site\/wp-json\/wp\/v2\/posts\/25354\/revisions\/25359"}],"wp:featuredmedia":[{"embeddable":true,"href":"https:\/\/sergiolapegue.com\/site\/wp-json\/wp\/v2\/media\/25358"}],"wp:attachment":[{"href":"https:\/\/sergiolapegue.com\/site\/wp-json\/wp\/v2\/media?parent=25354"}],"wp:term":[{"taxonomy":"category","embeddable":true,"href":"https:\/\/sergiolapegue.com\/site\/wp-json\/wp\/v2\/categories?post=25354"},{"taxonomy":"post_tag","embeddable":true,"href":"https:\/\/sergiolapegue.com\/site\/wp-json\/wp\/v2\/tags?post=25354"}],"curies":[{"name":"wp","href":"https:\/\/api.w.org\/{rel}","templated":true}]}}