{"id":25283,"date":"2025-09-11T09:06:00","date_gmt":"2025-09-11T12:06:00","guid":{"rendered":"https:\/\/sergiolapegue.com\/site\/?p=25283"},"modified":"2025-09-08T17:17:52","modified_gmt":"2025-09-08T20:17:52","slug":"karol-g-ofrecera-becas-de-estudio-para-mujeres-de-latinoamerica","status":"publish","type":"post","link":"https:\/\/sergiolapegue.com\/site\/2025\/09\/11\/karol-g-ofrecera-becas-de-estudio-para-mujeres-de-latinoamerica\/","title":{"rendered":"Karol G ofrecer\u00e1 becas de estudio para mujeres de Latinoam\u00e9rica"},"content":{"rendered":"\n<p>La Fundaci\u00f3n Con Cora de la cantante colombiana Karol G ha lanzado una innovadora iniciativa, \u201cBecas Con Cora Geek Girls\u201d, para apoyar a mujeres en los campos de la ciencia, la tecnolog\u00eda, la ingenier\u00eda y las matem\u00e1ticas (STEM) en Costa Rica, Rep\u00fablica Dominicana, El Salvador y Guatemala.<\/p>\n\n\n\n<p>Karol G, la cantante y compositora colombiana de renombre mundial, es conocida por sus \u00e9xitos que encabezan las listas y su poderosa presencia en el escenario.<\/p>\n\n\n\n<p>Sin embargo, m\u00e1s all\u00e1 de sus logros musicales, Karol G tambi\u00e9n se ha convertido en una apasionada defensora del empoderamiento de las mujeres a trav\u00e9s de su Fundaci\u00f3n Con Cora.<\/p>\n\n\n\n<p>La fundaci\u00f3n ha trabajado constantemente para elevar y apoyar a las mujeres en varios campos, particularmente en Am\u00e9rica Latina.<\/p>\n\n\n\n<figure class=\"wp-block-image size-full\"><img loading=\"lazy\" decoding=\"async\" width=\"1024\" height=\"682\" src=\"https:\/\/sergiolapegue.com\/site\/wp-content\/uploads\/2025\/09\/Karol-G-y-su-fundacion02.png\" alt=\"\" class=\"wp-image-25285\" srcset=\"https:\/\/sergiolapegue.com\/site\/wp-content\/uploads\/2025\/09\/Karol-G-y-su-fundacion02.png 1024w, https:\/\/sergiolapegue.com\/site\/wp-content\/uploads\/2025\/09\/Karol-G-y-su-fundacion02-300x200.png 300w, https:\/\/sergiolapegue.com\/site\/wp-content\/uploads\/2025\/09\/Karol-G-y-su-fundacion02-768x512.png 768w, https:\/\/sergiolapegue.com\/site\/wp-content\/uploads\/2025\/09\/Karol-G-y-su-fundacion02-631x420.png 631w, https:\/\/sergiolapegue.com\/site\/wp-content\/uploads\/2025\/09\/Karol-G-y-su-fundacion02-696x464.png 696w\" sizes=\"auto, (max-width: 1024px) 100vw, 1024px\" \/><\/figure>\n\n\n\n<p>Ahora, con el lanzamiento de las \u201cBecas Con Cora Geek Girls\u201d, la fundaci\u00f3n est\u00e1 dando un paso audaz para cerrar la brecha de g\u00e9nero en los campos STEM (ciencia, tecnolog\u00eda, ingenier\u00eda y matem\u00e1ticas).<\/p>\n\n\n\n<p>Esta idea, desarrollada en colaboraci\u00f3n con Geek Girls LatAm, est\u00e1 dise\u00f1ada para empoderar a las mujeres en los campos de la ciencia, la tecnolog\u00eda, la ingenier\u00eda y las matem\u00e1ticas (STEM) en Am\u00e9rica Latina, con especial atenci\u00f3n en Costa Rica, Rep\u00fablica Dominicana, El Salvador y Guatemala.<\/p>\n\n\n\n<p>A trav\u00e9s de este programa, la Fundaci\u00f3n Con Cora de Karol G tiene como objetivo brindar a las mujeres latinas las habilidades, los recursos y las oportunidades que necesitan para tener \u00e9xito en estos campos tradicionalmente dominados por los hombres.<\/p>\n\n\n\n<p>Este programa, creado en alianza con Geek Girls LatAm, tiene como objetivo apoyar a mujeres en las \u00e1reas de STEM en cuatro pa\u00edses clave de Am\u00e9rica Latina: Costa Rica, Rep\u00fablica Dominicana, El Salvador y Guatemala.<\/p>\n\n\n\n<figure class=\"wp-block-image size-large\"><img loading=\"lazy\" decoding=\"async\" width=\"1024\" height=\"576\" src=\"https:\/\/sergiolapegue.com\/site\/wp-content\/uploads\/2025\/09\/Karol-G-y-su-fundacion01-1024x576.jpg\" alt=\"\" class=\"wp-image-25284\" srcset=\"https:\/\/sergiolapegue.com\/site\/wp-content\/uploads\/2025\/09\/Karol-G-y-su-fundacion01-1024x576.jpg 1024w, https:\/\/sergiolapegue.com\/site\/wp-content\/uploads\/2025\/09\/Karol-G-y-su-fundacion01-300x169.jpg 300w, https:\/\/sergiolapegue.com\/site\/wp-content\/uploads\/2025\/09\/Karol-G-y-su-fundacion01-768x432.jpg 768w, https:\/\/sergiolapegue.com\/site\/wp-content\/uploads\/2025\/09\/Karol-G-y-su-fundacion01-747x420.jpg 747w, https:\/\/sergiolapegue.com\/site\/wp-content\/uploads\/2025\/09\/Karol-G-y-su-fundacion01-696x392.jpg 696w, https:\/\/sergiolapegue.com\/site\/wp-content\/uploads\/2025\/09\/Karol-G-y-su-fundacion01-1068x601.jpg 1068w, https:\/\/sergiolapegue.com\/site\/wp-content\/uploads\/2025\/09\/Karol-G-y-su-fundacion01.jpg 1280w\" sizes=\"auto, (max-width: 1024px) 100vw, 1024px\" \/><\/figure>\n\n\n\n<p>Estas becas brindar\u00e1n a las beneficiarias acceso a dos cursos esenciales en l\u00ednea: \u201cC\u00e1tedra GGL: Desarrolla tu Ser\u201d y \u201cTalentos 4.0: Potencia tu Hacer\u201d.<\/p>\n\n\n\n<p>Las becas ofrecen m\u00e1s que solo educaci\u00f3n. Las beneficiarias tambi\u00e9n tendr\u00e1n acceso a la red m\u00e1s grande de mujeres en STEM en Am\u00e9rica Latina.<\/p>\n\n\n\n<p>Esta red brinda oportunidades invaluables de tutor\u00eda, colaboraci\u00f3n y apoyo, ayudando a las mujeres a construir las conexiones que necesitan para avanzar en sus carreras.<\/p>\n","protected":false},"excerpt":{"rendered":"<p>La Fundaci\u00f3n Con Cora de la cantante colombiana Karol G ha lanzado una innovadora iniciativa, \u201cBecas Con Cora Geek Girls\u201d, para apoyar a mujeres en los campos de la ciencia, la tecnolog\u00eda, la ingenier\u00eda y las matem\u00e1ticas (STEM) en Costa Rica, Rep\u00fablica Dominicana, El Salvador y Guatemala. Karol G, la cantante y compositora colombiana de [&hellip;]<\/p>\n","protected":false},"author":4,"featured_media":25286,"comment_status":"closed","ping_status":"closed","sticky":false,"template":"","format":"standard","meta":{"footnotes":""},"categories":[38],"tags":[4508,301,440,4510,362,659,4507,4509,133,111],"class_list":{"0":"post-25283","1":"post","2":"type-post","3":"status-publish","4":"format-standard","5":"has-post-thumbnail","7":"category-actualidad","8":"tag-beca","9":"tag-cantante","10":"tag-colombia","11":"tag-con-cora","12":"tag-estudio","13":"tag-fundacion","14":"tag-karol-g","15":"tag-latinoamericana","16":"tag-mujer","17":"tag-musica"},"yoast_head":"<!-- This site is optimized with the Yoast SEO plugin v27.4 - https:\/\/yoast.com\/product\/yoast-seo-wordpress\/ -->\n<title>Karol G ofrecer\u00e1 becas de estudio para mujeres de Latinoam\u00e9rica - Sergio Lapegue<\/title>\n<meta name=\"robots\" content=\"index, follow, max-snippet:-1, max-image-preview:large, max-video-preview:-1\" \/>\n<link rel=\"canonical\" href=\"https:\/\/sergiolapegue.com\/site\/2025\/09\/11\/karol-g-ofrecera-becas-de-estudio-para-mujeres-de-latinoamerica\/\" \/>\n<meta property=\"og:locale\" content=\"es_ES\" \/>\n<meta property=\"og:type\" content=\"article\" \/>\n<meta property=\"og:title\" content=\"Karol G ofrecer\u00e1 becas de estudio para mujeres de Latinoam\u00e9rica - Sergio Lapegue\" \/>\n<meta property=\"og:description\" content=\"La Fundaci\u00f3n Con Cora de la cantante colombiana Karol G ha lanzado una innovadora iniciativa, \u201cBecas Con Cora Geek Girls\u201d, para apoyar a mujeres en los campos de la ciencia, la tecnolog\u00eda, la ingenier\u00eda y las matem\u00e1ticas (STEM) en Costa Rica, Rep\u00fablica Dominicana, El Salvador y Guatemala. Karol G, la cantante y compositora colombiana de [&hellip;]\" \/>\n<meta property=\"og:url\" content=\"https:\/\/sergiolapegue.com\/site\/2025\/09\/11\/karol-g-ofrecera-becas-de-estudio-para-mujeres-de-latinoamerica\/\" \/>\n<meta property=\"og:site_name\" content=\"Sergio Lapegue\" \/>\n<meta property=\"article:publisher\" content=\"https:\/\/facebook.com\/sergiolapegue\" \/>\n<meta property=\"article:published_time\" content=\"2025-09-11T12:06:00+00:00\" \/>\n<meta property=\"og:image\" content=\"https:\/\/sergiolapegue.com\/site\/wp-content\/uploads\/2025\/09\/Karol-G-y-su-fundacion03.png\" \/>\n\t<meta property=\"og:image:width\" content=\"1920\" \/>\n\t<meta property=\"og:image:height\" content=\"1080\" \/>\n\t<meta property=\"og:image:type\" content=\"image\/png\" \/>\n<meta name=\"author\" content=\"Leonardo Monta\u00f1a\" \/>\n<meta name=\"twitter:card\" content=\"summary_large_image\" \/>\n<meta name=\"twitter:creator\" content=\"@https:\/\/twitter.com\/soytoto81\" \/>\n<meta name=\"twitter:site\" content=\"@sergiolapegue\" \/>\n<meta name=\"twitter:label1\" content=\"Escrito por\" \/>\n\t<meta name=\"twitter:data1\" content=\"Leonardo Monta\u00f1a\" \/>\n\t<meta name=\"twitter:label2\" content=\"Tiempo de lectura\" \/>\n\t<meta name=\"twitter:data2\" content=\"3 minutos\" \/>\n<script type=\"application\/ld+json\" class=\"yoast-schema-graph\">{\"@context\":\"https:\\\/\\\/schema.org\",\"@graph\":[{\"@type\":\"Article\",\"@id\":\"https:\\\/\\\/sergiolapegue.com\\\/site\\\/2025\\\/09\\\/11\\\/karol-g-ofrecera-becas-de-estudio-para-mujeres-de-latinoamerica\\\/#article\",\"isPartOf\":{\"@id\":\"https:\\\/\\\/sergiolapegue.com\\\/site\\\/2025\\\/09\\\/11\\\/karol-g-ofrecera-becas-de-estudio-para-mujeres-de-latinoamerica\\\/\"},\"author\":{\"name\":\"Leonardo Monta\u00f1a\",\"@id\":\"https:\\\/\\\/sergiolapegue.com\\\/site\\\/#\\\/schema\\\/person\\\/00adf937d010c7f79a180dc4916a40e0\"},\"headline\":\"Karol G ofrecer\u00e1 becas de estudio para mujeres de Latinoam\u00e9rica\",\"datePublished\":\"2025-09-11T12:06:00+00:00\",\"mainEntityOfPage\":{\"@id\":\"https:\\\/\\\/sergiolapegue.com\\\/site\\\/2025\\\/09\\\/11\\\/karol-g-ofrecera-becas-de-estudio-para-mujeres-de-latinoamerica\\\/\"},\"wordCount\":398,\"publisher\":{\"@id\":\"https:\\\/\\\/sergiolapegue.com\\\/site\\\/#\\\/schema\\\/person\\\/083aeceeb0734cd166779ea6c0551a37\"},\"image\":{\"@id\":\"https:\\\/\\\/sergiolapegue.com\\\/site\\\/2025\\\/09\\\/11\\\/karol-g-ofrecera-becas-de-estudio-para-mujeres-de-latinoamerica\\\/#primaryimage\"},\"thumbnailUrl\":\"https:\\\/\\\/sergiolapegue.com\\\/site\\\/wp-content\\\/uploads\\\/2025\\\/09\\\/Karol-G-y-su-fundacion03.png\",\"keywords\":[\"beca\",\"cantante\",\"colombia\",\"con cora\",\"estudio\",\"fundacion\",\"karol g\",\"latinoamericana\",\"mujer\",\"musica\"],\"articleSection\":[\"Actualidad\"],\"inLanguage\":\"es-AR\"},{\"@type\":\"WebPage\",\"@id\":\"https:\\\/\\\/sergiolapegue.com\\\/site\\\/2025\\\/09\\\/11\\\/karol-g-ofrecera-becas-de-estudio-para-mujeres-de-latinoamerica\\\/\",\"url\":\"https:\\\/\\\/sergiolapegue.com\\\/site\\\/2025\\\/09\\\/11\\\/karol-g-ofrecera-becas-de-estudio-para-mujeres-de-latinoamerica\\\/\",\"name\":\"Karol G ofrecer\u00e1 becas de estudio para mujeres de Latinoam\u00e9rica - Sergio Lapegue\",\"isPartOf\":{\"@id\":\"https:\\\/\\\/sergiolapegue.com\\\/site\\\/#website\"},\"primaryImageOfPage\":{\"@id\":\"https:\\\/\\\/sergiolapegue.com\\\/site\\\/2025\\\/09\\\/11\\\/karol-g-ofrecera-becas-de-estudio-para-mujeres-de-latinoamerica\\\/#primaryimage\"},\"image\":{\"@id\":\"https:\\\/\\\/sergiolapegue.com\\\/site\\\/2025\\\/09\\\/11\\\/karol-g-ofrecera-becas-de-estudio-para-mujeres-de-latinoamerica\\\/#primaryimage\"},\"thumbnailUrl\":\"https:\\\/\\\/sergiolapegue.com\\\/site\\\/wp-content\\\/uploads\\\/2025\\\/09\\\/Karol-G-y-su-fundacion03.png\",\"datePublished\":\"2025-09-11T12:06:00+00:00\",\"breadcrumb\":{\"@id\":\"https:\\\/\\\/sergiolapegue.com\\\/site\\\/2025\\\/09\\\/11\\\/karol-g-ofrecera-becas-de-estudio-para-mujeres-de-latinoamerica\\\/#breadcrumb\"},\"inLanguage\":\"es-AR\",\"potentialAction\":[{\"@type\":\"ReadAction\",\"target\":[\"https:\\\/\\\/sergiolapegue.com\\\/site\\\/2025\\\/09\\\/11\\\/karol-g-ofrecera-becas-de-estudio-para-mujeres-de-latinoamerica\\\/\"]}]},{\"@type\":\"ImageObject\",\"inLanguage\":\"es-AR\",\"@id\":\"https:\\\/\\\/sergiolapegue.com\\\/site\\\/2025\\\/09\\\/11\\\/karol-g-ofrecera-becas-de-estudio-para-mujeres-de-latinoamerica\\\/#primaryimage\",\"url\":\"https:\\\/\\\/sergiolapegue.com\\\/site\\\/wp-content\\\/uploads\\\/2025\\\/09\\\/Karol-G-y-su-fundacion03.png\",\"contentUrl\":\"https:\\\/\\\/sergiolapegue.com\\\/site\\\/wp-content\\\/uploads\\\/2025\\\/09\\\/Karol-G-y-su-fundacion03.png\",\"width\":1920,\"height\":1080},{\"@type\":\"BreadcrumbList\",\"@id\":\"https:\\\/\\\/sergiolapegue.com\\\/site\\\/2025\\\/09\\\/11\\\/karol-g-ofrecera-becas-de-estudio-para-mujeres-de-latinoamerica\\\/#breadcrumb\",\"itemListElement\":[{\"@type\":\"ListItem\",\"position\":1,\"name\":\"Inicio\",\"item\":\"https:\\\/\\\/sergiolapegue.com\\\/site\\\/\"},{\"@type\":\"ListItem\",\"position\":2,\"name\":\"Karol G ofrecer\u00e1 becas de estudio para mujeres de Latinoam\u00e9rica\"}]},{\"@type\":\"WebSite\",\"@id\":\"https:\\\/\\\/sergiolapegue.com\\\/site\\\/#website\",\"url\":\"https:\\\/\\\/sergiolapegue.com\\\/site\\\/\",\"name\":\"Sergio Lapegue\",\"description\":\"Periodista\",\"publisher\":{\"@id\":\"https:\\\/\\\/sergiolapegue.com\\\/site\\\/#\\\/schema\\\/person\\\/083aeceeb0734cd166779ea6c0551a37\"},\"potentialAction\":[{\"@type\":\"SearchAction\",\"target\":{\"@type\":\"EntryPoint\",\"urlTemplate\":\"https:\\\/\\\/sergiolapegue.com\\\/site\\\/?s={search_term_string}\"},\"query-input\":{\"@type\":\"PropertyValueSpecification\",\"valueRequired\":true,\"valueName\":\"search_term_string\"}}],\"inLanguage\":\"es-AR\"},{\"@type\":[\"Person\",\"Organization\"],\"@id\":\"https:\\\/\\\/sergiolapegue.com\\\/site\\\/#\\\/schema\\\/person\\\/083aeceeb0734cd166779ea6c0551a37\",\"name\":\"Sergio Lapegue\",\"image\":{\"@type\":\"ImageObject\",\"inLanguage\":\"es-AR\",\"@id\":\"https:\\\/\\\/sergiolapegue.com\\\/site\\\/wp-content\\\/uploads\\\/2021\\\/04\\\/logo_header-1.png\",\"url\":\"https:\\\/\\\/sergiolapegue.com\\\/site\\\/wp-content\\\/uploads\\\/2021\\\/04\\\/logo_header-1.png\",\"contentUrl\":\"https:\\\/\\\/sergiolapegue.com\\\/site\\\/wp-content\\\/uploads\\\/2021\\\/04\\\/logo_header-1.png\",\"width\":272,\"height\":90,\"caption\":\"Sergio Lapegue\"},\"logo\":{\"@id\":\"https:\\\/\\\/sergiolapegue.com\\\/site\\\/wp-content\\\/uploads\\\/2021\\\/04\\\/logo_header-1.png\"},\"sameAs\":[\"https:\\\/\\\/facebook.com\\\/sergiolapegue\",\"https:\\\/\\\/instagram.com\\\/sergiolapegue\",\"https:\\\/\\\/x.com\\\/https:\\\/\\\/twitter.com\\\/sergiolapegue\"]},{\"@type\":\"Person\",\"@id\":\"https:\\\/\\\/sergiolapegue.com\\\/site\\\/#\\\/schema\\\/person\\\/00adf937d010c7f79a180dc4916a40e0\",\"name\":\"Leonardo Monta\u00f1a\",\"image\":{\"@type\":\"ImageObject\",\"inLanguage\":\"es-AR\",\"@id\":\"https:\\\/\\\/sergiolapegue.com\\\/site\\\/wp-content\\\/uploads\\\/2021\\\/04\\\/sl_avatar_Leonardo-150x150.jpg\",\"url\":\"https:\\\/\\\/sergiolapegue.com\\\/site\\\/wp-content\\\/uploads\\\/2021\\\/04\\\/sl_avatar_Leonardo-150x150.jpg\",\"contentUrl\":\"https:\\\/\\\/sergiolapegue.com\\\/site\\\/wp-content\\\/uploads\\\/2021\\\/04\\\/sl_avatar_Leonardo-150x150.jpg\",\"caption\":\"Leonardo Monta\u00f1a\"},\"sameAs\":[\"https:\\\/\\\/x.com\\\/https:\\\/\\\/twitter.com\\\/soytoto81\"],\"url\":\"https:\\\/\\\/sergiolapegue.com\\\/site\\\/author\\\/leonardo\\\/\"}]}<\/script>\n<!-- \/ Yoast SEO plugin. -->","yoast_head_json":{"title":"Karol G ofrecer\u00e1 becas de estudio para mujeres de Latinoam\u00e9rica - Sergio Lapegue","robots":{"index":"index","follow":"follow","max-snippet":"max-snippet:-1","max-image-preview":"max-image-preview:large","max-video-preview":"max-video-preview:-1"},"canonical":"https:\/\/sergiolapegue.com\/site\/2025\/09\/11\/karol-g-ofrecera-becas-de-estudio-para-mujeres-de-latinoamerica\/","og_locale":"es_ES","og_type":"article","og_title":"Karol G ofrecer\u00e1 becas de estudio para mujeres de Latinoam\u00e9rica - Sergio Lapegue","og_description":"La Fundaci\u00f3n Con Cora de la cantante colombiana Karol G ha lanzado una innovadora iniciativa, \u201cBecas Con Cora Geek Girls\u201d, para apoyar a mujeres en los campos de la ciencia, la tecnolog\u00eda, la ingenier\u00eda y las matem\u00e1ticas (STEM) en Costa Rica, Rep\u00fablica Dominicana, El Salvador y Guatemala. Karol G, la cantante y compositora colombiana de [&hellip;]","og_url":"https:\/\/sergiolapegue.com\/site\/2025\/09\/11\/karol-g-ofrecera-becas-de-estudio-para-mujeres-de-latinoamerica\/","og_site_name":"Sergio Lapegue","article_publisher":"https:\/\/facebook.com\/sergiolapegue","article_published_time":"2025-09-11T12:06:00+00:00","og_image":[{"width":1920,"height":1080,"url":"https:\/\/sergiolapegue.com\/site\/wp-content\/uploads\/2025\/09\/Karol-G-y-su-fundacion03.png","type":"image\/png"}],"author":"Leonardo Monta\u00f1a","twitter_card":"summary_large_image","twitter_creator":"@https:\/\/twitter.com\/soytoto81","twitter_site":"@sergiolapegue","twitter_misc":{"Escrito por":"Leonardo Monta\u00f1a","Tiempo de lectura":"3 minutos"},"schema":{"@context":"https:\/\/schema.org","@graph":[{"@type":"Article","@id":"https:\/\/sergiolapegue.com\/site\/2025\/09\/11\/karol-g-ofrecera-becas-de-estudio-para-mujeres-de-latinoamerica\/#article","isPartOf":{"@id":"https:\/\/sergiolapegue.com\/site\/2025\/09\/11\/karol-g-ofrecera-becas-de-estudio-para-mujeres-de-latinoamerica\/"},"author":{"name":"Leonardo Monta\u00f1a","@id":"https:\/\/sergiolapegue.com\/site\/#\/schema\/person\/00adf937d010c7f79a180dc4916a40e0"},"headline":"Karol G ofrecer\u00e1 becas de estudio para mujeres de Latinoam\u00e9rica","datePublished":"2025-09-11T12:06:00+00:00","mainEntityOfPage":{"@id":"https:\/\/sergiolapegue.com\/site\/2025\/09\/11\/karol-g-ofrecera-becas-de-estudio-para-mujeres-de-latinoamerica\/"},"wordCount":398,"publisher":{"@id":"https:\/\/sergiolapegue.com\/site\/#\/schema\/person\/083aeceeb0734cd166779ea6c0551a37"},"image":{"@id":"https:\/\/sergiolapegue.com\/site\/2025\/09\/11\/karol-g-ofrecera-becas-de-estudio-para-mujeres-de-latinoamerica\/#primaryimage"},"thumbnailUrl":"https:\/\/sergiolapegue.com\/site\/wp-content\/uploads\/2025\/09\/Karol-G-y-su-fundacion03.png","keywords":["beca","cantante","colombia","con cora","estudio","fundacion","karol g","latinoamericana","mujer","musica"],"articleSection":["Actualidad"],"inLanguage":"es-AR"},{"@type":"WebPage","@id":"https:\/\/sergiolapegue.com\/site\/2025\/09\/11\/karol-g-ofrecera-becas-de-estudio-para-mujeres-de-latinoamerica\/","url":"https:\/\/sergiolapegue.com\/site\/2025\/09\/11\/karol-g-ofrecera-becas-de-estudio-para-mujeres-de-latinoamerica\/","name":"Karol G ofrecer\u00e1 becas de estudio para mujeres de Latinoam\u00e9rica - Sergio Lapegue","isPartOf":{"@id":"https:\/\/sergiolapegue.com\/site\/#website"},"primaryImageOfPage":{"@id":"https:\/\/sergiolapegue.com\/site\/2025\/09\/11\/karol-g-ofrecera-becas-de-estudio-para-mujeres-de-latinoamerica\/#primaryimage"},"image":{"@id":"https:\/\/sergiolapegue.com\/site\/2025\/09\/11\/karol-g-ofrecera-becas-de-estudio-para-mujeres-de-latinoamerica\/#primaryimage"},"thumbnailUrl":"https:\/\/sergiolapegue.com\/site\/wp-content\/uploads\/2025\/09\/Karol-G-y-su-fundacion03.png","datePublished":"2025-09-11T12:06:00+00:00","breadcrumb":{"@id":"https:\/\/sergiolapegue.com\/site\/2025\/09\/11\/karol-g-ofrecera-becas-de-estudio-para-mujeres-de-latinoamerica\/#breadcrumb"},"inLanguage":"es-AR","potentialAction":[{"@type":"ReadAction","target":["https:\/\/sergiolapegue.com\/site\/2025\/09\/11\/karol-g-ofrecera-becas-de-estudio-para-mujeres-de-latinoamerica\/"]}]},{"@type":"ImageObject","inLanguage":"es-AR","@id":"https:\/\/sergiolapegue.com\/site\/2025\/09\/11\/karol-g-ofrecera-becas-de-estudio-para-mujeres-de-latinoamerica\/#primaryimage","url":"https:\/\/sergiolapegue.com\/site\/wp-content\/uploads\/2025\/09\/Karol-G-y-su-fundacion03.png","contentUrl":"https:\/\/sergiolapegue.com\/site\/wp-content\/uploads\/2025\/09\/Karol-G-y-su-fundacion03.png","width":1920,"height":1080},{"@type":"BreadcrumbList","@id":"https:\/\/sergiolapegue.com\/site\/2025\/09\/11\/karol-g-ofrecera-becas-de-estudio-para-mujeres-de-latinoamerica\/#breadcrumb","itemListElement":[{"@type":"ListItem","position":1,"name":"Inicio","item":"https:\/\/sergiolapegue.com\/site\/"},{"@type":"ListItem","position":2,"name":"Karol G ofrecer\u00e1 becas de estudio para mujeres de Latinoam\u00e9rica"}]},{"@type":"WebSite","@id":"https:\/\/sergiolapegue.com\/site\/#website","url":"https:\/\/sergiolapegue.com\/site\/","name":"Sergio Lapegue","description":"Periodista","publisher":{"@id":"https:\/\/sergiolapegue.com\/site\/#\/schema\/person\/083aeceeb0734cd166779ea6c0551a37"},"potentialAction":[{"@type":"SearchAction","target":{"@type":"EntryPoint","urlTemplate":"https:\/\/sergiolapegue.com\/site\/?s={search_term_string}"},"query-input":{"@type":"PropertyValueSpecification","valueRequired":true,"valueName":"search_term_string"}}],"inLanguage":"es-AR"},{"@type":["Person","Organization"],"@id":"https:\/\/sergiolapegue.com\/site\/#\/schema\/person\/083aeceeb0734cd166779ea6c0551a37","name":"Sergio Lapegue","image":{"@type":"ImageObject","inLanguage":"es-AR","@id":"https:\/\/sergiolapegue.com\/site\/wp-content\/uploads\/2021\/04\/logo_header-1.png","url":"https:\/\/sergiolapegue.com\/site\/wp-content\/uploads\/2021\/04\/logo_header-1.png","contentUrl":"https:\/\/sergiolapegue.com\/site\/wp-content\/uploads\/2021\/04\/logo_header-1.png","width":272,"height":90,"caption":"Sergio Lapegue"},"logo":{"@id":"https:\/\/sergiolapegue.com\/site\/wp-content\/uploads\/2021\/04\/logo_header-1.png"},"sameAs":["https:\/\/facebook.com\/sergiolapegue","https:\/\/instagram.com\/sergiolapegue","https:\/\/x.com\/https:\/\/twitter.com\/sergiolapegue"]},{"@type":"Person","@id":"https:\/\/sergiolapegue.com\/site\/#\/schema\/person\/00adf937d010c7f79a180dc4916a40e0","name":"Leonardo Monta\u00f1a","image":{"@type":"ImageObject","inLanguage":"es-AR","@id":"https:\/\/sergiolapegue.com\/site\/wp-content\/uploads\/2021\/04\/sl_avatar_Leonardo-150x150.jpg","url":"https:\/\/sergiolapegue.com\/site\/wp-content\/uploads\/2021\/04\/sl_avatar_Leonardo-150x150.jpg","contentUrl":"https:\/\/sergiolapegue.com\/site\/wp-content\/uploads\/2021\/04\/sl_avatar_Leonardo-150x150.jpg","caption":"Leonardo Monta\u00f1a"},"sameAs":["https:\/\/x.com\/https:\/\/twitter.com\/soytoto81"],"url":"https:\/\/sergiolapegue.com\/site\/author\/leonardo\/"}]}},"_links":{"self":[{"href":"https:\/\/sergiolapegue.com\/site\/wp-json\/wp\/v2\/posts\/25283","targetHints":{"allow":["GET"]}}],"collection":[{"href":"https:\/\/sergiolapegue.com\/site\/wp-json\/wp\/v2\/posts"}],"about":[{"href":"https:\/\/sergiolapegue.com\/site\/wp-json\/wp\/v2\/types\/post"}],"author":[{"embeddable":true,"href":"https:\/\/sergiolapegue.com\/site\/wp-json\/wp\/v2\/users\/4"}],"replies":[{"embeddable":true,"href":"https:\/\/sergiolapegue.com\/site\/wp-json\/wp\/v2\/comments?post=25283"}],"version-history":[{"count":1,"href":"https:\/\/sergiolapegue.com\/site\/wp-json\/wp\/v2\/posts\/25283\/revisions"}],"predecessor-version":[{"id":25287,"href":"https:\/\/sergiolapegue.com\/site\/wp-json\/wp\/v2\/posts\/25283\/revisions\/25287"}],"wp:featuredmedia":[{"embeddable":true,"href":"https:\/\/sergiolapegue.com\/site\/wp-json\/wp\/v2\/media\/25286"}],"wp:attachment":[{"href":"https:\/\/sergiolapegue.com\/site\/wp-json\/wp\/v2\/media?parent=25283"}],"wp:term":[{"taxonomy":"category","embeddable":true,"href":"https:\/\/sergiolapegue.com\/site\/wp-json\/wp\/v2\/categories?post=25283"},{"taxonomy":"post_tag","embeddable":true,"href":"https:\/\/sergiolapegue.com\/site\/wp-json\/wp\/v2\/tags?post=25283"}],"curies":[{"name":"wp","href":"https:\/\/api.w.org\/{rel}","templated":true}]}}