{"id":25214,"date":"2025-09-05T13:00:00","date_gmt":"2025-09-05T16:00:00","guid":{"rendered":"https:\/\/sergiolapegue.com\/site\/?p=25214"},"modified":"2025-09-04T05:47:12","modified_gmt":"2025-09-04T08:47:12","slug":"sueno-con-canciones-de-la-compania-meta-caramba","status":"publish","type":"post","link":"https:\/\/sergiolapegue.com\/site\/2025\/09\/05\/sueno-con-canciones-de-la-compania-meta-caramba\/","title":{"rendered":"\u201cSUE\u00d1O CON CANCIONES\u201d DE LA COMPA\u00d1\u00cdA META CARAMBA"},"content":{"rendered":"\n<p>Luego de una exitosa temporada de vacaciones de invierno, Meta Caramba reestrena su espect\u00e1culo para cantar con todas las letras: \u201cSue\u00f1o con canciones\u201d.<\/p>\n\n\n\n<p>La obra, que conjuga teatro y m\u00fasica, fue&nbsp;ganadora de tres premios ATINA,&nbsp;a Mejor Espect\u00e1culo de m\u00fasica para infancias, Mejor Direcci\u00f3n y Mejor M\u00fasica original. Adem\u00e1s, recibi\u00f3 nominaci\u00f3n a los Premio Hugo en la categor\u00eda Mejor Letras de canciones.<\/p>\n\n\n\n<p>En&nbsp;&#8220;Sue\u00f1o con canciones&#8221;&nbsp;Fusa&nbsp;y&nbsp;Silencio&nbsp;sue\u00f1an y componen canciones.<\/p>\n\n\n\n<p>Los clientes llaman pidiendo m\u00fasicas para diferentes ocasiones.&nbsp;<\/p>\n\n\n\n<p>Silencio&nbsp;habla s\u00f3lo cuando lo considera necesario.&nbsp;<\/p>\n\n\n\n<p>Fusa, todo lo contrario.<\/p>\n\n\n\n<p>Suena el tel\u00e9fono con un exigente pedido: Crear una canci\u00f3n para cada letra del abecedario.<\/p>\n\n\n\n<p>Una para cada una, \u00bfusar\u00e1n todo el diccionario?<\/p>\n\n\n\n<p>Y solo cuentan con un d\u00eda, \u00a1qu\u00e9 desaf\u00edo!&nbsp;&nbsp;<\/p>\n\n\n\n<p>\u00bfLograr\u00e1n su cometido?<\/p>\n\n\n\n<p>Un espect\u00e1culo teatral que combina m\u00fasica, literatura y humor.<\/p>\n\n\n\n<p>Una obra para cantar con todas las letras.<\/p>\n\n\n\n<p>&#8220;Sue\u00f1o con canciones&#8221;&nbsp;se presenta, a partir del 13 de septiembre,&nbsp;los s\u00e1bados de septiembre y octubre a las 16hs en el Centro Cultural de la Cooperaci\u00f3n&nbsp;Floreal.<\/p>\n\n\n\n<figure class=\"wp-block-image size-full\"><img loading=\"lazy\" decoding=\"async\" width=\"1000\" height=\"750\" src=\"https:\/\/sergiolapegue.com\/site\/wp-content\/uploads\/2025\/09\/Sueno-con-canciones-3.jpg\" alt=\"\" class=\"wp-image-25215\" srcset=\"https:\/\/sergiolapegue.com\/site\/wp-content\/uploads\/2025\/09\/Sueno-con-canciones-3.jpg 1000w, https:\/\/sergiolapegue.com\/site\/wp-content\/uploads\/2025\/09\/Sueno-con-canciones-3-300x225.jpg 300w, https:\/\/sergiolapegue.com\/site\/wp-content\/uploads\/2025\/09\/Sueno-con-canciones-3-768x576.jpg 768w, https:\/\/sergiolapegue.com\/site\/wp-content\/uploads\/2025\/09\/Sueno-con-canciones-3-560x420.jpg 560w, https:\/\/sergiolapegue.com\/site\/wp-content\/uploads\/2025\/09\/Sueno-con-canciones-3-80x60.jpg 80w, https:\/\/sergiolapegue.com\/site\/wp-content\/uploads\/2025\/09\/Sueno-con-canciones-3-696x522.jpg 696w\" sizes=\"auto, (max-width: 1000px) 100vw, 1000px\" \/><\/figure>\n\n\n\n<p><strong>FICHA T\u00c9CNICO ART\u00cdSTICA<\/strong><\/p>\n\n\n\n<p><strong>Texto:<\/strong>&nbsp;Tom\u00e1s Buccella, Flor Sartelli<\/p>\n\n\n\n<p><strong>Int\u00e9rpretes:&nbsp;<\/strong>Tom\u00e1s Buccella, Flor Sartelli<\/p>\n\n\n\n<p><strong>Escenograf\u00eda:&nbsp;<\/strong>Victoria Robles<\/p>\n\n\n\n<p><strong>M\u00fasica:<\/strong>&nbsp;Tom\u00e1s Buccella, Flor Sartelli<\/p>\n\n\n\n<p><strong>Dise\u00f1o de iluminaci\u00f3n:<\/strong>&nbsp;Demi\u00e1n Lorenzo<\/p>\n\n\n\n<p><strong>Fotograf\u00eda:<\/strong>&nbsp;Nacho Lunadei<\/p>\n\n\n\n<p><strong>Prensa:<\/strong>&nbsp;Prens\u00f3polis<\/p>\n\n\n\n<p><strong>Producci\u00f3n:<\/strong> Vale Donati Producciones<\/p>\n\n\n\n<p><strong>Direcci\u00f3n:&nbsp;<\/strong>Florencia Pati\u00f1o<\/p>\n\n\n\n<p><strong>Instagram y YouTube:<\/strong> @metacaramba<\/p>\n\n\n\n<p><strong>Edad sugerida:&nbsp;<\/strong>5 a 10 a\u00f1os<\/p>\n\n\n\n<p><strong>Duraci\u00f3n:<\/strong>&nbsp;40 minutos<\/p>\n\n\n\n<p><strong>Clasificaci\u00f3n:<\/strong> Teatro \u2013 Infantil \u2013 Musical \u2013 Artes Esc\u00e9nicas<\/p>\n\n\n\n<figure class=\"wp-block-image size-full\"><img loading=\"lazy\" decoding=\"async\" width=\"1000\" height=\"1000\" src=\"https:\/\/sergiolapegue.com\/site\/wp-content\/uploads\/2025\/09\/Sueno-con-canciones-2.jpg\" alt=\"\" class=\"wp-image-25216\" srcset=\"https:\/\/sergiolapegue.com\/site\/wp-content\/uploads\/2025\/09\/Sueno-con-canciones-2.jpg 1000w, https:\/\/sergiolapegue.com\/site\/wp-content\/uploads\/2025\/09\/Sueno-con-canciones-2-300x300.jpg 300w, https:\/\/sergiolapegue.com\/site\/wp-content\/uploads\/2025\/09\/Sueno-con-canciones-2-150x150.jpg 150w, https:\/\/sergiolapegue.com\/site\/wp-content\/uploads\/2025\/09\/Sueno-con-canciones-2-768x768.jpg 768w, https:\/\/sergiolapegue.com\/site\/wp-content\/uploads\/2025\/09\/Sueno-con-canciones-2-420x420.jpg 420w, https:\/\/sergiolapegue.com\/site\/wp-content\/uploads\/2025\/09\/Sueno-con-canciones-2-696x696.jpg 696w\" sizes=\"auto, (max-width: 1000px) 100vw, 1000px\" \/><\/figure>\n\n\n\n<p><strong>CENTRO CULTURAL DE LA COOPERACI\u00d3N FLOREAL GORINI<\/strong><\/p>\n\n\n\n<p>Av. Corrientes 1543 \u2013 Capital Federal \u2013 Buenos Aires \u2013 Argentina<\/p>\n\n\n\n<p>Tel\u00e9fono: 6091-7000 (int. 8313)<\/p>\n\n\n\n<p>Web: <a href=\"http:\/\/www.centrocultural.coop\">http:\/\/www.centrocultural.coop<\/a><\/p>\n\n\n\n<p>Entradas: $ 12.000 \u2013 en boleter\u00eda del teatro o por Alternativa Teatral \u2013 Link:<\/p>\n\n\n\n<p><a href=\"https:\/\/publico.alternativateatral.com\/entradas89292-sueno-con-canciones?o=14\">https:\/\/publico.alternativateatral.com\/entradas89292-sueno-con-canciones?o=14<\/a><\/p>\n\n\n\n<p>Funciones: S\u00e1bados 16:00 horas \u2013 Del 13\/09\/2025 al 25\/10\/2025&nbsp;&nbsp;&nbsp;&nbsp;&nbsp;&nbsp;&nbsp;&nbsp;&nbsp;&nbsp;&nbsp;&nbsp;&nbsp;&nbsp;&nbsp;&nbsp;&nbsp;&nbsp;&nbsp;&nbsp;&nbsp;&nbsp;&nbsp;&nbsp;&nbsp;&nbsp;&nbsp;&nbsp;&nbsp;&nbsp;&nbsp;<\/p>\n\n\n\n<p>Gracias Alejandra P\u00eda Nicolosi de Prens\u00f3polis Comunicaci\u00f3n y Prensa por acercarnos la gacetilla de prensa de este espect\u00e1culo infantil.<\/p>\n\n\n\n<figure class=\"wp-block-image size-full is-resized\"><img loading=\"lazy\" decoding=\"async\" width=\"1000\" height=\"667\" src=\"https:\/\/sergiolapegue.com\/site\/wp-content\/uploads\/2025\/09\/Sueno-con-canciones-1.jpg\" alt=\"\" class=\"wp-image-25217\" style=\"width:336px;height:auto\" srcset=\"https:\/\/sergiolapegue.com\/site\/wp-content\/uploads\/2025\/09\/Sueno-con-canciones-1.jpg 1000w, https:\/\/sergiolapegue.com\/site\/wp-content\/uploads\/2025\/09\/Sueno-con-canciones-1-300x200.jpg 300w, https:\/\/sergiolapegue.com\/site\/wp-content\/uploads\/2025\/09\/Sueno-con-canciones-1-768x512.jpg 768w, https:\/\/sergiolapegue.com\/site\/wp-content\/uploads\/2025\/09\/Sueno-con-canciones-1-630x420.jpg 630w, https:\/\/sergiolapegue.com\/site\/wp-content\/uploads\/2025\/09\/Sueno-con-canciones-1-696x464.jpg 696w\" sizes=\"auto, (max-width: 1000px) 100vw, 1000px\" \/><\/figure>\n\n\n\n<p><strong>SOBRE META CARAMBA<\/strong><\/p>\n\n\n\n<p>Meta Caramba&nbsp;surgi\u00f3 del deseo de Flor Sartelli y Tom Buccella de hacer m\u00fasica para infancias. Primero empezaron haciendo canciones a partir de las letras del abecedario y poco a poco fue apareciendo una obra de teatro que luego se convertir\u00eda en \u201cSue\u00f1o con canciones\u201d.&nbsp;<\/p>\n\n\n\n<p>Desde su estreno en mayo del 2024 la obra hizo funciones en Ciudad de Buenos Aires y alrededores, present\u00e1ndose en numerosas salas, como el La Usina del Arte, el CC Recoleta, el 25 de Mayo, en la Biblioteca del Congreso, el Teatro Municipal de Mor\u00f3n y el Teatro Pepe Soriano, entre otros. Tambi\u00e9n hizo una gira por la provincia de Entre R\u00edos, haciendo cantar a ni\u00f1os y ni\u00f1as de Gualeguay, Gualeguaych\u00fa, Concordia y Concepci\u00f3n del Uruguay.&nbsp;<\/p>\n\n\n\n<p>Su entusiasmo y ganas de seguir girando y so\u00f1ando con canciones se renov\u00f3 cuando recibieron la nominaci\u00f3n a los prestigiosos Premios Hugo en la categor\u00eda&nbsp;mejores letras de canciones en musical infantil juvenil.<\/p>\n\n\n\n<p>Y unos meses m\u00e1s tarde resultaron&nbsp;ganadores 3 premios Atina: mejor espect\u00e1culo de m\u00fasica para las infancias, mejor direcci\u00f3n y mejor m\u00fasica original.<\/p>\n\n\n\n<p><\/p>\n","protected":false},"excerpt":{"rendered":"<p>Luego de una exitosa temporada de vacaciones de invierno, Meta Caramba reestrena su espect\u00e1culo para cantar con todas las letras: \u201cSue\u00f1o con canciones\u201d. La obra, que conjuga teatro y m\u00fasica, fue&nbsp;ganadora de tres premios ATINA,&nbsp;a Mejor Espect\u00e1culo de m\u00fasica para infancias, Mejor Direcci\u00f3n y Mejor M\u00fasica original. Adem\u00e1s, recibi\u00f3 nominaci\u00f3n a los Premio Hugo en [&hellip;]<\/p>\n","protected":false},"author":3,"featured_media":25218,"comment_status":"open","ping_status":"closed","sticky":false,"template":"","format":"standard","meta":{"footnotes":""},"categories":[34,35],"tags":[],"class_list":{"0":"post-25214","1":"post","2":"type-post","3":"status-publish","4":"format-standard","5":"has-post-thumbnail","7":"category-arte","8":"category-teatro"},"yoast_head":"<!-- This site is optimized with the Yoast SEO plugin v27.5 - https:\/\/yoast.com\/product\/yoast-seo-wordpress\/ -->\n<title>\u201cSUE\u00d1O CON CANCIONES\u201d DE LA COMPA\u00d1\u00cdA META CARAMBA - Sergio Lapegue<\/title>\n<meta name=\"robots\" content=\"index, follow, max-snippet:-1, max-image-preview:large, max-video-preview:-1\" \/>\n<link rel=\"canonical\" href=\"https:\/\/sergiolapegue.com\/site\/2025\/09\/05\/sueno-con-canciones-de-la-compania-meta-caramba\/\" \/>\n<meta property=\"og:locale\" content=\"es_ES\" \/>\n<meta property=\"og:type\" content=\"article\" \/>\n<meta property=\"og:title\" content=\"\u201cSUE\u00d1O CON CANCIONES\u201d DE LA COMPA\u00d1\u00cdA META CARAMBA - Sergio Lapegue\" \/>\n<meta property=\"og:description\" content=\"Luego de una exitosa temporada de vacaciones de invierno, Meta Caramba reestrena su espect\u00e1culo para cantar con todas las letras: \u201cSue\u00f1o con canciones\u201d. La obra, que conjuga teatro y m\u00fasica, fue&nbsp;ganadora de tres premios ATINA,&nbsp;a Mejor Espect\u00e1culo de m\u00fasica para infancias, Mejor Direcci\u00f3n y Mejor M\u00fasica original. Adem\u00e1s, recibi\u00f3 nominaci\u00f3n a los Premio Hugo en [&hellip;]\" \/>\n<meta property=\"og:url\" content=\"https:\/\/sergiolapegue.com\/site\/2025\/09\/05\/sueno-con-canciones-de-la-compania-meta-caramba\/\" \/>\n<meta property=\"og:site_name\" content=\"Sergio Lapegue\" \/>\n<meta property=\"article:publisher\" content=\"https:\/\/facebook.com\/sergiolapegue\" \/>\n<meta property=\"article:author\" content=\"https:\/\/facebook.com\/danielernesto.montana\" \/>\n<meta property=\"article:published_time\" content=\"2025-09-05T16:00:00+00:00\" \/>\n<meta property=\"og:image\" content=\"https:\/\/sergiolapegue.com\/site\/wp-content\/uploads\/2025\/09\/Sueno-con-canciones.jpg\" \/>\n\t<meta property=\"og:image:width\" content=\"800\" \/>\n\t<meta property=\"og:image:height\" content=\"1000\" \/>\n\t<meta property=\"og:image:type\" content=\"image\/jpeg\" \/>\n<meta name=\"author\" content=\"Daniel E. Monta\u00f1a\" \/>\n<meta name=\"twitter:card\" content=\"summary_large_image\" \/>\n<meta name=\"twitter:creator\" content=\"@https:\/\/twitter.com\/daner_004\" \/>\n<meta name=\"twitter:site\" content=\"@sergiolapegue\" \/>\n<meta name=\"twitter:label1\" content=\"Escrito por\" \/>\n\t<meta name=\"twitter:data1\" content=\"Daniel E. Monta\u00f1a\" \/>\n\t<meta name=\"twitter:label2\" content=\"Tiempo de lectura\" \/>\n\t<meta name=\"twitter:data2\" content=\"3 minutos\" \/>\n<script type=\"application\/ld+json\" class=\"yoast-schema-graph\">{\"@context\":\"https:\\\/\\\/schema.org\",\"@graph\":[{\"@type\":\"Article\",\"@id\":\"https:\\\/\\\/sergiolapegue.com\\\/site\\\/2025\\\/09\\\/05\\\/sueno-con-canciones-de-la-compania-meta-caramba\\\/#article\",\"isPartOf\":{\"@id\":\"https:\\\/\\\/sergiolapegue.com\\\/site\\\/2025\\\/09\\\/05\\\/sueno-con-canciones-de-la-compania-meta-caramba\\\/\"},\"author\":{\"name\":\"Daniel E. Monta\u00f1a\",\"@id\":\"https:\\\/\\\/sergiolapegue.com\\\/site\\\/#\\\/schema\\\/person\\\/9198e7dbab43c6d74d0fd5399af7c3cd\"},\"headline\":\"\u201cSUE\u00d1O CON CANCIONES\u201d DE LA COMPA\u00d1\u00cdA META CARAMBA\",\"datePublished\":\"2025-09-05T16:00:00+00:00\",\"mainEntityOfPage\":{\"@id\":\"https:\\\/\\\/sergiolapegue.com\\\/site\\\/2025\\\/09\\\/05\\\/sueno-con-canciones-de-la-compania-meta-caramba\\\/\"},\"wordCount\":607,\"commentCount\":0,\"publisher\":{\"@id\":\"https:\\\/\\\/sergiolapegue.com\\\/site\\\/#\\\/schema\\\/person\\\/083aeceeb0734cd166779ea6c0551a37\"},\"image\":{\"@id\":\"https:\\\/\\\/sergiolapegue.com\\\/site\\\/2025\\\/09\\\/05\\\/sueno-con-canciones-de-la-compania-meta-caramba\\\/#primaryimage\"},\"thumbnailUrl\":\"https:\\\/\\\/sergiolapegue.com\\\/site\\\/wp-content\\\/uploads\\\/2025\\\/09\\\/Sueno-con-canciones.jpg\",\"articleSection\":[\"Arte\",\"Teatro\"],\"inLanguage\":\"es-AR\",\"potentialAction\":[{\"@type\":\"CommentAction\",\"name\":\"Comment\",\"target\":[\"https:\\\/\\\/sergiolapegue.com\\\/site\\\/2025\\\/09\\\/05\\\/sueno-con-canciones-de-la-compania-meta-caramba\\\/#respond\"]}]},{\"@type\":\"WebPage\",\"@id\":\"https:\\\/\\\/sergiolapegue.com\\\/site\\\/2025\\\/09\\\/05\\\/sueno-con-canciones-de-la-compania-meta-caramba\\\/\",\"url\":\"https:\\\/\\\/sergiolapegue.com\\\/site\\\/2025\\\/09\\\/05\\\/sueno-con-canciones-de-la-compania-meta-caramba\\\/\",\"name\":\"\u201cSUE\u00d1O CON CANCIONES\u201d DE LA COMPA\u00d1\u00cdA META CARAMBA - Sergio Lapegue\",\"isPartOf\":{\"@id\":\"https:\\\/\\\/sergiolapegue.com\\\/site\\\/#website\"},\"primaryImageOfPage\":{\"@id\":\"https:\\\/\\\/sergiolapegue.com\\\/site\\\/2025\\\/09\\\/05\\\/sueno-con-canciones-de-la-compania-meta-caramba\\\/#primaryimage\"},\"image\":{\"@id\":\"https:\\\/\\\/sergiolapegue.com\\\/site\\\/2025\\\/09\\\/05\\\/sueno-con-canciones-de-la-compania-meta-caramba\\\/#primaryimage\"},\"thumbnailUrl\":\"https:\\\/\\\/sergiolapegue.com\\\/site\\\/wp-content\\\/uploads\\\/2025\\\/09\\\/Sueno-con-canciones.jpg\",\"datePublished\":\"2025-09-05T16:00:00+00:00\",\"breadcrumb\":{\"@id\":\"https:\\\/\\\/sergiolapegue.com\\\/site\\\/2025\\\/09\\\/05\\\/sueno-con-canciones-de-la-compania-meta-caramba\\\/#breadcrumb\"},\"inLanguage\":\"es-AR\",\"potentialAction\":[{\"@type\":\"ReadAction\",\"target\":[\"https:\\\/\\\/sergiolapegue.com\\\/site\\\/2025\\\/09\\\/05\\\/sueno-con-canciones-de-la-compania-meta-caramba\\\/\"]}]},{\"@type\":\"ImageObject\",\"inLanguage\":\"es-AR\",\"@id\":\"https:\\\/\\\/sergiolapegue.com\\\/site\\\/2025\\\/09\\\/05\\\/sueno-con-canciones-de-la-compania-meta-caramba\\\/#primaryimage\",\"url\":\"https:\\\/\\\/sergiolapegue.com\\\/site\\\/wp-content\\\/uploads\\\/2025\\\/09\\\/Sueno-con-canciones.jpg\",\"contentUrl\":\"https:\\\/\\\/sergiolapegue.com\\\/site\\\/wp-content\\\/uploads\\\/2025\\\/09\\\/Sueno-con-canciones.jpg\",\"width\":800,\"height\":1000},{\"@type\":\"BreadcrumbList\",\"@id\":\"https:\\\/\\\/sergiolapegue.com\\\/site\\\/2025\\\/09\\\/05\\\/sueno-con-canciones-de-la-compania-meta-caramba\\\/#breadcrumb\",\"itemListElement\":[{\"@type\":\"ListItem\",\"position\":1,\"name\":\"Inicio\",\"item\":\"https:\\\/\\\/sergiolapegue.com\\\/site\\\/\"},{\"@type\":\"ListItem\",\"position\":2,\"name\":\"\u201cSUE\u00d1O CON CANCIONES\u201d DE LA COMPA\u00d1\u00cdA META CARAMBA\"}]},{\"@type\":\"WebSite\",\"@id\":\"https:\\\/\\\/sergiolapegue.com\\\/site\\\/#website\",\"url\":\"https:\\\/\\\/sergiolapegue.com\\\/site\\\/\",\"name\":\"Sergio Lapegue\",\"description\":\"Periodista\",\"publisher\":{\"@id\":\"https:\\\/\\\/sergiolapegue.com\\\/site\\\/#\\\/schema\\\/person\\\/083aeceeb0734cd166779ea6c0551a37\"},\"potentialAction\":[{\"@type\":\"SearchAction\",\"target\":{\"@type\":\"EntryPoint\",\"urlTemplate\":\"https:\\\/\\\/sergiolapegue.com\\\/site\\\/?s={search_term_string}\"},\"query-input\":{\"@type\":\"PropertyValueSpecification\",\"valueRequired\":true,\"valueName\":\"search_term_string\"}}],\"inLanguage\":\"es-AR\"},{\"@type\":[\"Person\",\"Organization\"],\"@id\":\"https:\\\/\\\/sergiolapegue.com\\\/site\\\/#\\\/schema\\\/person\\\/083aeceeb0734cd166779ea6c0551a37\",\"name\":\"Sergio Lapegue\",\"image\":{\"@type\":\"ImageObject\",\"inLanguage\":\"es-AR\",\"@id\":\"https:\\\/\\\/sergiolapegue.com\\\/site\\\/wp-content\\\/uploads\\\/2021\\\/04\\\/logo_header-1.png\",\"url\":\"https:\\\/\\\/sergiolapegue.com\\\/site\\\/wp-content\\\/uploads\\\/2021\\\/04\\\/logo_header-1.png\",\"contentUrl\":\"https:\\\/\\\/sergiolapegue.com\\\/site\\\/wp-content\\\/uploads\\\/2021\\\/04\\\/logo_header-1.png\",\"width\":272,\"height\":90,\"caption\":\"Sergio Lapegue\"},\"logo\":{\"@id\":\"https:\\\/\\\/sergiolapegue.com\\\/site\\\/wp-content\\\/uploads\\\/2021\\\/04\\\/logo_header-1.png\"},\"sameAs\":[\"https:\\\/\\\/facebook.com\\\/sergiolapegue\",\"https:\\\/\\\/instagram.com\\\/sergiolapegue\",\"https:\\\/\\\/x.com\\\/https:\\\/\\\/twitter.com\\\/sergiolapegue\"]},{\"@type\":\"Person\",\"@id\":\"https:\\\/\\\/sergiolapegue.com\\\/site\\\/#\\\/schema\\\/person\\\/9198e7dbab43c6d74d0fd5399af7c3cd\",\"name\":\"Daniel E. Monta\u00f1a\",\"image\":{\"@type\":\"ImageObject\",\"inLanguage\":\"es-AR\",\"@id\":\"https:\\\/\\\/sergiolapegue.com\\\/site\\\/wp-content\\\/uploads\\\/2021\\\/04\\\/sl_avatar_Daniel-150x150.jpg\",\"url\":\"https:\\\/\\\/sergiolapegue.com\\\/site\\\/wp-content\\\/uploads\\\/2021\\\/04\\\/sl_avatar_Daniel-150x150.jpg\",\"contentUrl\":\"https:\\\/\\\/sergiolapegue.com\\\/site\\\/wp-content\\\/uploads\\\/2021\\\/04\\\/sl_avatar_Daniel-150x150.jpg\",\"caption\":\"Daniel E. Monta\u00f1a\"},\"sameAs\":[\"https:\\\/\\\/facebook.com\\\/danielernesto.montana\",\"https:\\\/\\\/instagram.com\\\/daniel_montana1961\",\"https:\\\/\\\/x.com\\\/https:\\\/\\\/twitter.com\\\/daner_004\"],\"url\":\"https:\\\/\\\/sergiolapegue.com\\\/site\\\/author\\\/daniel\\\/\"}]}<\/script>\n<!-- \/ Yoast SEO plugin. -->","yoast_head_json":{"title":"\u201cSUE\u00d1O CON CANCIONES\u201d DE LA COMPA\u00d1\u00cdA META CARAMBA - Sergio Lapegue","robots":{"index":"index","follow":"follow","max-snippet":"max-snippet:-1","max-image-preview":"max-image-preview:large","max-video-preview":"max-video-preview:-1"},"canonical":"https:\/\/sergiolapegue.com\/site\/2025\/09\/05\/sueno-con-canciones-de-la-compania-meta-caramba\/","og_locale":"es_ES","og_type":"article","og_title":"\u201cSUE\u00d1O CON CANCIONES\u201d DE LA COMPA\u00d1\u00cdA META CARAMBA - Sergio Lapegue","og_description":"Luego de una exitosa temporada de vacaciones de invierno, Meta Caramba reestrena su espect\u00e1culo para cantar con todas las letras: \u201cSue\u00f1o con canciones\u201d. La obra, que conjuga teatro y m\u00fasica, fue&nbsp;ganadora de tres premios ATINA,&nbsp;a Mejor Espect\u00e1culo de m\u00fasica para infancias, Mejor Direcci\u00f3n y Mejor M\u00fasica original. Adem\u00e1s, recibi\u00f3 nominaci\u00f3n a los Premio Hugo en [&hellip;]","og_url":"https:\/\/sergiolapegue.com\/site\/2025\/09\/05\/sueno-con-canciones-de-la-compania-meta-caramba\/","og_site_name":"Sergio Lapegue","article_publisher":"https:\/\/facebook.com\/sergiolapegue","article_author":"https:\/\/facebook.com\/danielernesto.montana","article_published_time":"2025-09-05T16:00:00+00:00","og_image":[{"width":800,"height":1000,"url":"https:\/\/sergiolapegue.com\/site\/wp-content\/uploads\/2025\/09\/Sueno-con-canciones.jpg","type":"image\/jpeg"}],"author":"Daniel E. Monta\u00f1a","twitter_card":"summary_large_image","twitter_creator":"@https:\/\/twitter.com\/daner_004","twitter_site":"@sergiolapegue","twitter_misc":{"Escrito por":"Daniel E. Monta\u00f1a","Tiempo de lectura":"3 minutos"},"schema":{"@context":"https:\/\/schema.org","@graph":[{"@type":"Article","@id":"https:\/\/sergiolapegue.com\/site\/2025\/09\/05\/sueno-con-canciones-de-la-compania-meta-caramba\/#article","isPartOf":{"@id":"https:\/\/sergiolapegue.com\/site\/2025\/09\/05\/sueno-con-canciones-de-la-compania-meta-caramba\/"},"author":{"name":"Daniel E. Monta\u00f1a","@id":"https:\/\/sergiolapegue.com\/site\/#\/schema\/person\/9198e7dbab43c6d74d0fd5399af7c3cd"},"headline":"\u201cSUE\u00d1O CON CANCIONES\u201d DE LA COMPA\u00d1\u00cdA META CARAMBA","datePublished":"2025-09-05T16:00:00+00:00","mainEntityOfPage":{"@id":"https:\/\/sergiolapegue.com\/site\/2025\/09\/05\/sueno-con-canciones-de-la-compania-meta-caramba\/"},"wordCount":607,"commentCount":0,"publisher":{"@id":"https:\/\/sergiolapegue.com\/site\/#\/schema\/person\/083aeceeb0734cd166779ea6c0551a37"},"image":{"@id":"https:\/\/sergiolapegue.com\/site\/2025\/09\/05\/sueno-con-canciones-de-la-compania-meta-caramba\/#primaryimage"},"thumbnailUrl":"https:\/\/sergiolapegue.com\/site\/wp-content\/uploads\/2025\/09\/Sueno-con-canciones.jpg","articleSection":["Arte","Teatro"],"inLanguage":"es-AR","potentialAction":[{"@type":"CommentAction","name":"Comment","target":["https:\/\/sergiolapegue.com\/site\/2025\/09\/05\/sueno-con-canciones-de-la-compania-meta-caramba\/#respond"]}]},{"@type":"WebPage","@id":"https:\/\/sergiolapegue.com\/site\/2025\/09\/05\/sueno-con-canciones-de-la-compania-meta-caramba\/","url":"https:\/\/sergiolapegue.com\/site\/2025\/09\/05\/sueno-con-canciones-de-la-compania-meta-caramba\/","name":"\u201cSUE\u00d1O CON CANCIONES\u201d DE LA COMPA\u00d1\u00cdA META CARAMBA - Sergio Lapegue","isPartOf":{"@id":"https:\/\/sergiolapegue.com\/site\/#website"},"primaryImageOfPage":{"@id":"https:\/\/sergiolapegue.com\/site\/2025\/09\/05\/sueno-con-canciones-de-la-compania-meta-caramba\/#primaryimage"},"image":{"@id":"https:\/\/sergiolapegue.com\/site\/2025\/09\/05\/sueno-con-canciones-de-la-compania-meta-caramba\/#primaryimage"},"thumbnailUrl":"https:\/\/sergiolapegue.com\/site\/wp-content\/uploads\/2025\/09\/Sueno-con-canciones.jpg","datePublished":"2025-09-05T16:00:00+00:00","breadcrumb":{"@id":"https:\/\/sergiolapegue.com\/site\/2025\/09\/05\/sueno-con-canciones-de-la-compania-meta-caramba\/#breadcrumb"},"inLanguage":"es-AR","potentialAction":[{"@type":"ReadAction","target":["https:\/\/sergiolapegue.com\/site\/2025\/09\/05\/sueno-con-canciones-de-la-compania-meta-caramba\/"]}]},{"@type":"ImageObject","inLanguage":"es-AR","@id":"https:\/\/sergiolapegue.com\/site\/2025\/09\/05\/sueno-con-canciones-de-la-compania-meta-caramba\/#primaryimage","url":"https:\/\/sergiolapegue.com\/site\/wp-content\/uploads\/2025\/09\/Sueno-con-canciones.jpg","contentUrl":"https:\/\/sergiolapegue.com\/site\/wp-content\/uploads\/2025\/09\/Sueno-con-canciones.jpg","width":800,"height":1000},{"@type":"BreadcrumbList","@id":"https:\/\/sergiolapegue.com\/site\/2025\/09\/05\/sueno-con-canciones-de-la-compania-meta-caramba\/#breadcrumb","itemListElement":[{"@type":"ListItem","position":1,"name":"Inicio","item":"https:\/\/sergiolapegue.com\/site\/"},{"@type":"ListItem","position":2,"name":"\u201cSUE\u00d1O CON CANCIONES\u201d DE LA COMPA\u00d1\u00cdA META CARAMBA"}]},{"@type":"WebSite","@id":"https:\/\/sergiolapegue.com\/site\/#website","url":"https:\/\/sergiolapegue.com\/site\/","name":"Sergio Lapegue","description":"Periodista","publisher":{"@id":"https:\/\/sergiolapegue.com\/site\/#\/schema\/person\/083aeceeb0734cd166779ea6c0551a37"},"potentialAction":[{"@type":"SearchAction","target":{"@type":"EntryPoint","urlTemplate":"https:\/\/sergiolapegue.com\/site\/?s={search_term_string}"},"query-input":{"@type":"PropertyValueSpecification","valueRequired":true,"valueName":"search_term_string"}}],"inLanguage":"es-AR"},{"@type":["Person","Organization"],"@id":"https:\/\/sergiolapegue.com\/site\/#\/schema\/person\/083aeceeb0734cd166779ea6c0551a37","name":"Sergio Lapegue","image":{"@type":"ImageObject","inLanguage":"es-AR","@id":"https:\/\/sergiolapegue.com\/site\/wp-content\/uploads\/2021\/04\/logo_header-1.png","url":"https:\/\/sergiolapegue.com\/site\/wp-content\/uploads\/2021\/04\/logo_header-1.png","contentUrl":"https:\/\/sergiolapegue.com\/site\/wp-content\/uploads\/2021\/04\/logo_header-1.png","width":272,"height":90,"caption":"Sergio Lapegue"},"logo":{"@id":"https:\/\/sergiolapegue.com\/site\/wp-content\/uploads\/2021\/04\/logo_header-1.png"},"sameAs":["https:\/\/facebook.com\/sergiolapegue","https:\/\/instagram.com\/sergiolapegue","https:\/\/x.com\/https:\/\/twitter.com\/sergiolapegue"]},{"@type":"Person","@id":"https:\/\/sergiolapegue.com\/site\/#\/schema\/person\/9198e7dbab43c6d74d0fd5399af7c3cd","name":"Daniel E. Monta\u00f1a","image":{"@type":"ImageObject","inLanguage":"es-AR","@id":"https:\/\/sergiolapegue.com\/site\/wp-content\/uploads\/2021\/04\/sl_avatar_Daniel-150x150.jpg","url":"https:\/\/sergiolapegue.com\/site\/wp-content\/uploads\/2021\/04\/sl_avatar_Daniel-150x150.jpg","contentUrl":"https:\/\/sergiolapegue.com\/site\/wp-content\/uploads\/2021\/04\/sl_avatar_Daniel-150x150.jpg","caption":"Daniel E. Monta\u00f1a"},"sameAs":["https:\/\/facebook.com\/danielernesto.montana","https:\/\/instagram.com\/daniel_montana1961","https:\/\/x.com\/https:\/\/twitter.com\/daner_004"],"url":"https:\/\/sergiolapegue.com\/site\/author\/daniel\/"}]}},"_links":{"self":[{"href":"https:\/\/sergiolapegue.com\/site\/wp-json\/wp\/v2\/posts\/25214","targetHints":{"allow":["GET"]}}],"collection":[{"href":"https:\/\/sergiolapegue.com\/site\/wp-json\/wp\/v2\/posts"}],"about":[{"href":"https:\/\/sergiolapegue.com\/site\/wp-json\/wp\/v2\/types\/post"}],"author":[{"embeddable":true,"href":"https:\/\/sergiolapegue.com\/site\/wp-json\/wp\/v2\/users\/3"}],"replies":[{"embeddable":true,"href":"https:\/\/sergiolapegue.com\/site\/wp-json\/wp\/v2\/comments?post=25214"}],"version-history":[{"count":1,"href":"https:\/\/sergiolapegue.com\/site\/wp-json\/wp\/v2\/posts\/25214\/revisions"}],"predecessor-version":[{"id":25219,"href":"https:\/\/sergiolapegue.com\/site\/wp-json\/wp\/v2\/posts\/25214\/revisions\/25219"}],"wp:featuredmedia":[{"embeddable":true,"href":"https:\/\/sergiolapegue.com\/site\/wp-json\/wp\/v2\/media\/25218"}],"wp:attachment":[{"href":"https:\/\/sergiolapegue.com\/site\/wp-json\/wp\/v2\/media?parent=25214"}],"wp:term":[{"taxonomy":"category","embeddable":true,"href":"https:\/\/sergiolapegue.com\/site\/wp-json\/wp\/v2\/categories?post=25214"},{"taxonomy":"post_tag","embeddable":true,"href":"https:\/\/sergiolapegue.com\/site\/wp-json\/wp\/v2\/tags?post=25214"}],"curies":[{"name":"wp","href":"https:\/\/api.w.org\/{rel}","templated":true}]}}