{"id":25175,"date":"2025-09-02T19:00:00","date_gmt":"2025-09-02T22:00:00","guid":{"rendered":"https:\/\/sergiolapegue.com\/site\/?p=25175"},"modified":"2025-09-02T01:03:24","modified_gmt":"2025-09-02T04:03:24","slug":"el-retablo-de-la-jesenska","status":"publish","type":"post","link":"https:\/\/sergiolapegue.com\/site\/2025\/09\/02\/el-retablo-de-la-jesenska\/","title":{"rendered":"EL RETABLO DE LA JESENSK\u00c1"},"content":{"rendered":"\n<p>El retablo de la Jesensk\u00e1 es una suite de madrigales compuestos por Santiago Chotsourian sobre pasajes del libro que Ana Mar\u00eda Arzoumanian dedic\u00f3 a Milena Jesensk\u00e1, a quien conocemos como traductora y musa inspiradora de Franz Kafka; pero fue por s\u00ed misma una referente cultural sobresaliente, cronista y testigo de su tiempo. Una voz fundamental que se ofreci\u00f3 solidariamente a los horrores de los campos de exterminio portando la estrella amarilla por propia voluntad, una voz que a\u00fan resuena y se alza en testimonio de justicia.<\/p>\n\n\n\n<p>El retablo l\u00edrico compuesto en derredor de Milena Jesensk\u00e1 se desarrolla raps\u00f3dicamente en un espacio esc\u00e9nico que se desagrega a la vez que engrana en tres planos correspondientes a tres registros del lenguaje, la voz y la mirada desde la que se nos decanta, se nos canta y se nos dice el personaje en cuesti\u00f3n.<\/p>\n\n\n\n<p>El argumento de esta obra es la presentaci\u00f3n sincr\u00f3nica de una vida en los claros de su bosque; pliegues y repliegues que a la vez la ocultan y la revelan.<\/p>\n\n\n\n<p>\u00d3pera ~ suite de madrigales al reflejo de quien fuera traductora, interlocutora y compa\u00f1era de Franz Kafka; cronista y referente cultural de su tiempo.<\/p>\n\n\n\n<figure class=\"wp-block-image size-large\"><img loading=\"lazy\" decoding=\"async\" width=\"1024\" height=\"454\" src=\"https:\/\/sergiolapegue.com\/site\/wp-content\/uploads\/2025\/09\/El-retablo-de-la-Jesenska-1-1024x454.jpg\" alt=\"\" class=\"wp-image-25176\" srcset=\"https:\/\/sergiolapegue.com\/site\/wp-content\/uploads\/2025\/09\/El-retablo-de-la-Jesenska-1-1024x454.jpg 1024w, https:\/\/sergiolapegue.com\/site\/wp-content\/uploads\/2025\/09\/El-retablo-de-la-Jesenska-1-300x133.jpg 300w, https:\/\/sergiolapegue.com\/site\/wp-content\/uploads\/2025\/09\/El-retablo-de-la-Jesenska-1-768x340.jpg 768w, https:\/\/sergiolapegue.com\/site\/wp-content\/uploads\/2025\/09\/El-retablo-de-la-Jesenska-1-1536x680.jpg 1536w, https:\/\/sergiolapegue.com\/site\/wp-content\/uploads\/2025\/09\/El-retablo-de-la-Jesenska-1-948x420.jpg 948w, https:\/\/sergiolapegue.com\/site\/wp-content\/uploads\/2025\/09\/El-retablo-de-la-Jesenska-1-696x308.jpg 696w, https:\/\/sergiolapegue.com\/site\/wp-content\/uploads\/2025\/09\/El-retablo-de-la-Jesenska-1-1068x473.jpg 1068w, https:\/\/sergiolapegue.com\/site\/wp-content\/uploads\/2025\/09\/El-retablo-de-la-Jesenska-1.jpg 1901w\" sizes=\"auto, (max-width: 1024px) 100vw, 1024px\" \/><\/figure>\n\n\n\n<p><strong>FICHA T\u00c9CNICO ART\u00cdSTICA<\/strong><\/p>\n\n\n\n<p><strong>Libro:<\/strong> Ana Arzoumanian<\/p>\n\n\n\n<p><strong>Adaptaci\u00f3n:<\/strong> Santiago Chotsourian<\/p>\n\n\n\n<p><strong>Int\u00e9rpretes:<\/strong> Sof\u00eda Drever \u2013 Andrea Maragno \u2013 Julieta Schena<\/p>\n\n\n\n<p><strong>Piano:<\/strong> Santiago Chotsourian<\/p>\n\n\n\n<p><strong>Composici\u00f3n musical:<\/strong> Santiago Chotsourian<\/p>\n\n\n\n<p><strong>Direcci\u00f3n musical:<\/strong> Santiago Chotsourian<\/p>\n\n\n\n<p><strong>Escenograf\u00eda:<\/strong> Eli Di Bussolo<\/p>\n\n\n\n<p><strong>Vestuario:<\/strong> Eli Di Bussolo<\/p>\n\n\n\n<p><strong>Asistencia coreogr\u00e1fica:<\/strong> Yamil Ostrovsky<\/p>\n\n\n\n<p><strong>Puesta en escena:<\/strong> Santiago Chotsourian \u2013 Claudia Quiroga<\/p>\n\n\n\n<p><strong>Direcci\u00f3n de actores:<\/strong> Ana Mar\u00eda Rozzi<\/p>\n\n\n\n<p><strong>Duraci\u00f3n:<\/strong> 60 minutos<\/p>\n\n\n\n<p><strong>Clasificaci\u00f3n:<\/strong> Teatro \u2013 Presencial \u2013 Adultos<\/p>\n\n\n\n<p><strong>Participaciones:<\/strong> Este espect\u00e1culo forma parte del evento: <a href=\"https:\/\/www.alternativateatral.com\/evento2770-temporada-opera-2025\">Temporada \u00d3pera 2025<\/a>&nbsp;<\/p>\n\n\n\n<figure class=\"wp-block-image size-full is-resized\"><img loading=\"lazy\" decoding=\"async\" width=\"465\" height=\"427\" src=\"https:\/\/sergiolapegue.com\/site\/wp-content\/uploads\/2025\/09\/El-retablo-de-la-Jesenska-3.jpeg\" alt=\"\" class=\"wp-image-25177\" style=\"width:696px;height:auto\" srcset=\"https:\/\/sergiolapegue.com\/site\/wp-content\/uploads\/2025\/09\/El-retablo-de-la-Jesenska-3.jpeg 465w, https:\/\/sergiolapegue.com\/site\/wp-content\/uploads\/2025\/09\/El-retablo-de-la-Jesenska-3-300x275.jpeg 300w, https:\/\/sergiolapegue.com\/site\/wp-content\/uploads\/2025\/09\/El-retablo-de-la-Jesenska-3-457x420.jpeg 457w\" sizes=\"auto, (max-width: 465px) 100vw, 465px\" \/><\/figure>\n\n\n\n<p><strong>TEATRO EMPIRE<\/strong><\/p>\n\n\n\n<p>Hip\u00f3lito Yrigoyen 1934 \u2013 Capital Federal \u2013 Buenos Aires \u2013 Argentina<\/p>\n\n\n\n<p>Tel\u00e9fono: 4953-8254<\/p>\n\n\n\n<p>Entradas: $ 15.000 \u2013 en boleter\u00eda del teatro o por Alternativa Teatral \u2013 Link:<\/p>\n\n\n\n<p><a href=\"https:\/\/publico.alternativateatral.com\/entradas94430-el-retablo-de-la-jesenska?o=8&amp;c=mailing&amp;m=e\">https:\/\/publico.alternativateatral.com\/entradas94430-el-retablo-de-la-jesenska?o=8&amp;c=mailing&amp;m=e<\/a><\/p>\n\n\n\n<p>Funciones: Jueves 11 y 25 de Septiembre \u2013 20:30 horas<\/p>\n\n\n\n<p>\u00a0\u00a0\u00a0\u00a0\u00a0\u00a0\u00a0\u00a0\u00a0\u00a0\u00a0\u00a0\u00a0\u00a0\u00a0\u00a0 S\u00e1bado 13 de Septiembre \u2013 20:30 horas<\/p>\n\n\n\n<p>\u00a0\u00a0\u00a0\u00a0\u00a0\u00a0\u00a0\u00a0\u00a0\u00a0\u00a0\u00a0\u00a0\u00a0\u00a0\u00a0 Domingo 28 de Septiembre \u2013 17:00 horas<\/p>\n\n\n\n<p><\/p>\n","protected":false},"excerpt":{"rendered":"<p>El retablo de la Jesensk\u00e1 es una suite de madrigales compuestos por Santiago Chotsourian sobre pasajes del libro que Ana Mar\u00eda Arzoumanian dedic\u00f3 a Milena Jesensk\u00e1, a quien conocemos como traductora y musa inspiradora de Franz Kafka; pero fue por s\u00ed misma una referente cultural sobresaliente, cronista y testigo de su tiempo. Una voz fundamental [&hellip;]<\/p>\n","protected":false},"author":3,"featured_media":25178,"comment_status":"open","ping_status":"closed","sticky":false,"template":"","format":"standard","meta":{"footnotes":""},"categories":[34,35],"tags":[],"class_list":{"0":"post-25175","1":"post","2":"type-post","3":"status-publish","4":"format-standard","5":"has-post-thumbnail","7":"category-arte","8":"category-teatro"},"yoast_head":"<!-- This site is optimized with the Yoast SEO plugin v27.5 - https:\/\/yoast.com\/product\/yoast-seo-wordpress\/ -->\n<title>EL RETABLO DE LA JESENSK\u00c1 - Sergio Lapegue<\/title>\n<meta name=\"robots\" content=\"index, follow, max-snippet:-1, max-image-preview:large, max-video-preview:-1\" \/>\n<link rel=\"canonical\" href=\"https:\/\/sergiolapegue.com\/site\/2025\/09\/02\/el-retablo-de-la-jesenska\/\" \/>\n<meta property=\"og:locale\" content=\"es_ES\" \/>\n<meta property=\"og:type\" content=\"article\" \/>\n<meta property=\"og:title\" content=\"EL RETABLO DE LA JESENSK\u00c1 - Sergio Lapegue\" \/>\n<meta property=\"og:description\" content=\"El retablo de la Jesensk\u00e1 es una suite de madrigales compuestos por Santiago Chotsourian sobre pasajes del libro que Ana Mar\u00eda Arzoumanian dedic\u00f3 a Milena Jesensk\u00e1, a quien conocemos como traductora y musa inspiradora de Franz Kafka; pero fue por s\u00ed misma una referente cultural sobresaliente, cronista y testigo de su tiempo. Una voz fundamental [&hellip;]\" \/>\n<meta property=\"og:url\" content=\"https:\/\/sergiolapegue.com\/site\/2025\/09\/02\/el-retablo-de-la-jesenska\/\" \/>\n<meta property=\"og:site_name\" content=\"Sergio Lapegue\" \/>\n<meta property=\"article:publisher\" content=\"https:\/\/facebook.com\/sergiolapegue\" \/>\n<meta property=\"article:author\" content=\"https:\/\/facebook.com\/danielernesto.montana\" \/>\n<meta property=\"article:published_time\" content=\"2025-09-02T22:00:00+00:00\" \/>\n<meta property=\"og:image\" content=\"https:\/\/sergiolapegue.com\/site\/wp-content\/uploads\/2025\/09\/El-retablo-de-la-Jesenska.jpg\" \/>\n\t<meta property=\"og:image:width\" content=\"865\" \/>\n\t<meta property=\"og:image:height\" content=\"1080\" \/>\n\t<meta property=\"og:image:type\" content=\"image\/jpeg\" \/>\n<meta name=\"author\" content=\"Daniel E. Monta\u00f1a\" \/>\n<meta name=\"twitter:card\" content=\"summary_large_image\" \/>\n<meta name=\"twitter:creator\" content=\"@https:\/\/twitter.com\/daner_004\" \/>\n<meta name=\"twitter:site\" content=\"@sergiolapegue\" \/>\n<meta name=\"twitter:label1\" content=\"Escrito por\" \/>\n\t<meta name=\"twitter:data1\" content=\"Daniel E. Monta\u00f1a\" \/>\n\t<meta name=\"twitter:label2\" content=\"Tiempo de lectura\" \/>\n\t<meta name=\"twitter:data2\" content=\"3 minutos\" \/>\n<script type=\"application\/ld+json\" class=\"yoast-schema-graph\">{\"@context\":\"https:\\\/\\\/schema.org\",\"@graph\":[{\"@type\":\"Article\",\"@id\":\"https:\\\/\\\/sergiolapegue.com\\\/site\\\/2025\\\/09\\\/02\\\/el-retablo-de-la-jesenska\\\/#article\",\"isPartOf\":{\"@id\":\"https:\\\/\\\/sergiolapegue.com\\\/site\\\/2025\\\/09\\\/02\\\/el-retablo-de-la-jesenska\\\/\"},\"author\":{\"name\":\"Daniel E. Monta\u00f1a\",\"@id\":\"https:\\\/\\\/sergiolapegue.com\\\/site\\\/#\\\/schema\\\/person\\\/9198e7dbab43c6d74d0fd5399af7c3cd\"},\"headline\":\"EL RETABLO DE LA JESENSK\u00c1\",\"datePublished\":\"2025-09-02T22:00:00+00:00\",\"mainEntityOfPage\":{\"@id\":\"https:\\\/\\\/sergiolapegue.com\\\/site\\\/2025\\\/09\\\/02\\\/el-retablo-de-la-jesenska\\\/\"},\"wordCount\":342,\"commentCount\":0,\"publisher\":{\"@id\":\"https:\\\/\\\/sergiolapegue.com\\\/site\\\/#\\\/schema\\\/person\\\/083aeceeb0734cd166779ea6c0551a37\"},\"image\":{\"@id\":\"https:\\\/\\\/sergiolapegue.com\\\/site\\\/2025\\\/09\\\/02\\\/el-retablo-de-la-jesenska\\\/#primaryimage\"},\"thumbnailUrl\":\"https:\\\/\\\/sergiolapegue.com\\\/site\\\/wp-content\\\/uploads\\\/2025\\\/09\\\/El-retablo-de-la-Jesenska.jpg\",\"articleSection\":[\"Arte\",\"Teatro\"],\"inLanguage\":\"es-AR\",\"potentialAction\":[{\"@type\":\"CommentAction\",\"name\":\"Comment\",\"target\":[\"https:\\\/\\\/sergiolapegue.com\\\/site\\\/2025\\\/09\\\/02\\\/el-retablo-de-la-jesenska\\\/#respond\"]}]},{\"@type\":\"WebPage\",\"@id\":\"https:\\\/\\\/sergiolapegue.com\\\/site\\\/2025\\\/09\\\/02\\\/el-retablo-de-la-jesenska\\\/\",\"url\":\"https:\\\/\\\/sergiolapegue.com\\\/site\\\/2025\\\/09\\\/02\\\/el-retablo-de-la-jesenska\\\/\",\"name\":\"EL RETABLO DE LA JESENSK\u00c1 - Sergio Lapegue\",\"isPartOf\":{\"@id\":\"https:\\\/\\\/sergiolapegue.com\\\/site\\\/#website\"},\"primaryImageOfPage\":{\"@id\":\"https:\\\/\\\/sergiolapegue.com\\\/site\\\/2025\\\/09\\\/02\\\/el-retablo-de-la-jesenska\\\/#primaryimage\"},\"image\":{\"@id\":\"https:\\\/\\\/sergiolapegue.com\\\/site\\\/2025\\\/09\\\/02\\\/el-retablo-de-la-jesenska\\\/#primaryimage\"},\"thumbnailUrl\":\"https:\\\/\\\/sergiolapegue.com\\\/site\\\/wp-content\\\/uploads\\\/2025\\\/09\\\/El-retablo-de-la-Jesenska.jpg\",\"datePublished\":\"2025-09-02T22:00:00+00:00\",\"breadcrumb\":{\"@id\":\"https:\\\/\\\/sergiolapegue.com\\\/site\\\/2025\\\/09\\\/02\\\/el-retablo-de-la-jesenska\\\/#breadcrumb\"},\"inLanguage\":\"es-AR\",\"potentialAction\":[{\"@type\":\"ReadAction\",\"target\":[\"https:\\\/\\\/sergiolapegue.com\\\/site\\\/2025\\\/09\\\/02\\\/el-retablo-de-la-jesenska\\\/\"]}]},{\"@type\":\"ImageObject\",\"inLanguage\":\"es-AR\",\"@id\":\"https:\\\/\\\/sergiolapegue.com\\\/site\\\/2025\\\/09\\\/02\\\/el-retablo-de-la-jesenska\\\/#primaryimage\",\"url\":\"https:\\\/\\\/sergiolapegue.com\\\/site\\\/wp-content\\\/uploads\\\/2025\\\/09\\\/El-retablo-de-la-Jesenska.jpg\",\"contentUrl\":\"https:\\\/\\\/sergiolapegue.com\\\/site\\\/wp-content\\\/uploads\\\/2025\\\/09\\\/El-retablo-de-la-Jesenska.jpg\",\"width\":865,\"height\":1080},{\"@type\":\"BreadcrumbList\",\"@id\":\"https:\\\/\\\/sergiolapegue.com\\\/site\\\/2025\\\/09\\\/02\\\/el-retablo-de-la-jesenska\\\/#breadcrumb\",\"itemListElement\":[{\"@type\":\"ListItem\",\"position\":1,\"name\":\"Inicio\",\"item\":\"https:\\\/\\\/sergiolapegue.com\\\/site\\\/\"},{\"@type\":\"ListItem\",\"position\":2,\"name\":\"EL RETABLO DE LA JESENSK\u00c1\"}]},{\"@type\":\"WebSite\",\"@id\":\"https:\\\/\\\/sergiolapegue.com\\\/site\\\/#website\",\"url\":\"https:\\\/\\\/sergiolapegue.com\\\/site\\\/\",\"name\":\"Sergio Lapegue\",\"description\":\"Periodista\",\"publisher\":{\"@id\":\"https:\\\/\\\/sergiolapegue.com\\\/site\\\/#\\\/schema\\\/person\\\/083aeceeb0734cd166779ea6c0551a37\"},\"potentialAction\":[{\"@type\":\"SearchAction\",\"target\":{\"@type\":\"EntryPoint\",\"urlTemplate\":\"https:\\\/\\\/sergiolapegue.com\\\/site\\\/?s={search_term_string}\"},\"query-input\":{\"@type\":\"PropertyValueSpecification\",\"valueRequired\":true,\"valueName\":\"search_term_string\"}}],\"inLanguage\":\"es-AR\"},{\"@type\":[\"Person\",\"Organization\"],\"@id\":\"https:\\\/\\\/sergiolapegue.com\\\/site\\\/#\\\/schema\\\/person\\\/083aeceeb0734cd166779ea6c0551a37\",\"name\":\"Sergio Lapegue\",\"image\":{\"@type\":\"ImageObject\",\"inLanguage\":\"es-AR\",\"@id\":\"https:\\\/\\\/sergiolapegue.com\\\/site\\\/wp-content\\\/uploads\\\/2021\\\/04\\\/logo_header-1.png\",\"url\":\"https:\\\/\\\/sergiolapegue.com\\\/site\\\/wp-content\\\/uploads\\\/2021\\\/04\\\/logo_header-1.png\",\"contentUrl\":\"https:\\\/\\\/sergiolapegue.com\\\/site\\\/wp-content\\\/uploads\\\/2021\\\/04\\\/logo_header-1.png\",\"width\":272,\"height\":90,\"caption\":\"Sergio Lapegue\"},\"logo\":{\"@id\":\"https:\\\/\\\/sergiolapegue.com\\\/site\\\/wp-content\\\/uploads\\\/2021\\\/04\\\/logo_header-1.png\"},\"sameAs\":[\"https:\\\/\\\/facebook.com\\\/sergiolapegue\",\"https:\\\/\\\/instagram.com\\\/sergiolapegue\",\"https:\\\/\\\/x.com\\\/https:\\\/\\\/twitter.com\\\/sergiolapegue\"]},{\"@type\":\"Person\",\"@id\":\"https:\\\/\\\/sergiolapegue.com\\\/site\\\/#\\\/schema\\\/person\\\/9198e7dbab43c6d74d0fd5399af7c3cd\",\"name\":\"Daniel E. Monta\u00f1a\",\"image\":{\"@type\":\"ImageObject\",\"inLanguage\":\"es-AR\",\"@id\":\"https:\\\/\\\/sergiolapegue.com\\\/site\\\/wp-content\\\/uploads\\\/2021\\\/04\\\/sl_avatar_Daniel-150x150.jpg\",\"url\":\"https:\\\/\\\/sergiolapegue.com\\\/site\\\/wp-content\\\/uploads\\\/2021\\\/04\\\/sl_avatar_Daniel-150x150.jpg\",\"contentUrl\":\"https:\\\/\\\/sergiolapegue.com\\\/site\\\/wp-content\\\/uploads\\\/2021\\\/04\\\/sl_avatar_Daniel-150x150.jpg\",\"caption\":\"Daniel E. Monta\u00f1a\"},\"sameAs\":[\"https:\\\/\\\/facebook.com\\\/danielernesto.montana\",\"https:\\\/\\\/instagram.com\\\/daniel_montana1961\",\"https:\\\/\\\/x.com\\\/https:\\\/\\\/twitter.com\\\/daner_004\"],\"url\":\"https:\\\/\\\/sergiolapegue.com\\\/site\\\/author\\\/daniel\\\/\"}]}<\/script>\n<!-- \/ Yoast SEO plugin. -->","yoast_head_json":{"title":"EL RETABLO DE LA JESENSK\u00c1 - Sergio Lapegue","robots":{"index":"index","follow":"follow","max-snippet":"max-snippet:-1","max-image-preview":"max-image-preview:large","max-video-preview":"max-video-preview:-1"},"canonical":"https:\/\/sergiolapegue.com\/site\/2025\/09\/02\/el-retablo-de-la-jesenska\/","og_locale":"es_ES","og_type":"article","og_title":"EL RETABLO DE LA JESENSK\u00c1 - Sergio Lapegue","og_description":"El retablo de la Jesensk\u00e1 es una suite de madrigales compuestos por Santiago Chotsourian sobre pasajes del libro que Ana Mar\u00eda Arzoumanian dedic\u00f3 a Milena Jesensk\u00e1, a quien conocemos como traductora y musa inspiradora de Franz Kafka; pero fue por s\u00ed misma una referente cultural sobresaliente, cronista y testigo de su tiempo. Una voz fundamental [&hellip;]","og_url":"https:\/\/sergiolapegue.com\/site\/2025\/09\/02\/el-retablo-de-la-jesenska\/","og_site_name":"Sergio Lapegue","article_publisher":"https:\/\/facebook.com\/sergiolapegue","article_author":"https:\/\/facebook.com\/danielernesto.montana","article_published_time":"2025-09-02T22:00:00+00:00","og_image":[{"width":865,"height":1080,"url":"https:\/\/sergiolapegue.com\/site\/wp-content\/uploads\/2025\/09\/El-retablo-de-la-Jesenska.jpg","type":"image\/jpeg"}],"author":"Daniel E. Monta\u00f1a","twitter_card":"summary_large_image","twitter_creator":"@https:\/\/twitter.com\/daner_004","twitter_site":"@sergiolapegue","twitter_misc":{"Escrito por":"Daniel E. Monta\u00f1a","Tiempo de lectura":"3 minutos"},"schema":{"@context":"https:\/\/schema.org","@graph":[{"@type":"Article","@id":"https:\/\/sergiolapegue.com\/site\/2025\/09\/02\/el-retablo-de-la-jesenska\/#article","isPartOf":{"@id":"https:\/\/sergiolapegue.com\/site\/2025\/09\/02\/el-retablo-de-la-jesenska\/"},"author":{"name":"Daniel E. Monta\u00f1a","@id":"https:\/\/sergiolapegue.com\/site\/#\/schema\/person\/9198e7dbab43c6d74d0fd5399af7c3cd"},"headline":"EL RETABLO DE LA JESENSK\u00c1","datePublished":"2025-09-02T22:00:00+00:00","mainEntityOfPage":{"@id":"https:\/\/sergiolapegue.com\/site\/2025\/09\/02\/el-retablo-de-la-jesenska\/"},"wordCount":342,"commentCount":0,"publisher":{"@id":"https:\/\/sergiolapegue.com\/site\/#\/schema\/person\/083aeceeb0734cd166779ea6c0551a37"},"image":{"@id":"https:\/\/sergiolapegue.com\/site\/2025\/09\/02\/el-retablo-de-la-jesenska\/#primaryimage"},"thumbnailUrl":"https:\/\/sergiolapegue.com\/site\/wp-content\/uploads\/2025\/09\/El-retablo-de-la-Jesenska.jpg","articleSection":["Arte","Teatro"],"inLanguage":"es-AR","potentialAction":[{"@type":"CommentAction","name":"Comment","target":["https:\/\/sergiolapegue.com\/site\/2025\/09\/02\/el-retablo-de-la-jesenska\/#respond"]}]},{"@type":"WebPage","@id":"https:\/\/sergiolapegue.com\/site\/2025\/09\/02\/el-retablo-de-la-jesenska\/","url":"https:\/\/sergiolapegue.com\/site\/2025\/09\/02\/el-retablo-de-la-jesenska\/","name":"EL RETABLO DE LA JESENSK\u00c1 - Sergio Lapegue","isPartOf":{"@id":"https:\/\/sergiolapegue.com\/site\/#website"},"primaryImageOfPage":{"@id":"https:\/\/sergiolapegue.com\/site\/2025\/09\/02\/el-retablo-de-la-jesenska\/#primaryimage"},"image":{"@id":"https:\/\/sergiolapegue.com\/site\/2025\/09\/02\/el-retablo-de-la-jesenska\/#primaryimage"},"thumbnailUrl":"https:\/\/sergiolapegue.com\/site\/wp-content\/uploads\/2025\/09\/El-retablo-de-la-Jesenska.jpg","datePublished":"2025-09-02T22:00:00+00:00","breadcrumb":{"@id":"https:\/\/sergiolapegue.com\/site\/2025\/09\/02\/el-retablo-de-la-jesenska\/#breadcrumb"},"inLanguage":"es-AR","potentialAction":[{"@type":"ReadAction","target":["https:\/\/sergiolapegue.com\/site\/2025\/09\/02\/el-retablo-de-la-jesenska\/"]}]},{"@type":"ImageObject","inLanguage":"es-AR","@id":"https:\/\/sergiolapegue.com\/site\/2025\/09\/02\/el-retablo-de-la-jesenska\/#primaryimage","url":"https:\/\/sergiolapegue.com\/site\/wp-content\/uploads\/2025\/09\/El-retablo-de-la-Jesenska.jpg","contentUrl":"https:\/\/sergiolapegue.com\/site\/wp-content\/uploads\/2025\/09\/El-retablo-de-la-Jesenska.jpg","width":865,"height":1080},{"@type":"BreadcrumbList","@id":"https:\/\/sergiolapegue.com\/site\/2025\/09\/02\/el-retablo-de-la-jesenska\/#breadcrumb","itemListElement":[{"@type":"ListItem","position":1,"name":"Inicio","item":"https:\/\/sergiolapegue.com\/site\/"},{"@type":"ListItem","position":2,"name":"EL RETABLO DE LA JESENSK\u00c1"}]},{"@type":"WebSite","@id":"https:\/\/sergiolapegue.com\/site\/#website","url":"https:\/\/sergiolapegue.com\/site\/","name":"Sergio Lapegue","description":"Periodista","publisher":{"@id":"https:\/\/sergiolapegue.com\/site\/#\/schema\/person\/083aeceeb0734cd166779ea6c0551a37"},"potentialAction":[{"@type":"SearchAction","target":{"@type":"EntryPoint","urlTemplate":"https:\/\/sergiolapegue.com\/site\/?s={search_term_string}"},"query-input":{"@type":"PropertyValueSpecification","valueRequired":true,"valueName":"search_term_string"}}],"inLanguage":"es-AR"},{"@type":["Person","Organization"],"@id":"https:\/\/sergiolapegue.com\/site\/#\/schema\/person\/083aeceeb0734cd166779ea6c0551a37","name":"Sergio Lapegue","image":{"@type":"ImageObject","inLanguage":"es-AR","@id":"https:\/\/sergiolapegue.com\/site\/wp-content\/uploads\/2021\/04\/logo_header-1.png","url":"https:\/\/sergiolapegue.com\/site\/wp-content\/uploads\/2021\/04\/logo_header-1.png","contentUrl":"https:\/\/sergiolapegue.com\/site\/wp-content\/uploads\/2021\/04\/logo_header-1.png","width":272,"height":90,"caption":"Sergio Lapegue"},"logo":{"@id":"https:\/\/sergiolapegue.com\/site\/wp-content\/uploads\/2021\/04\/logo_header-1.png"},"sameAs":["https:\/\/facebook.com\/sergiolapegue","https:\/\/instagram.com\/sergiolapegue","https:\/\/x.com\/https:\/\/twitter.com\/sergiolapegue"]},{"@type":"Person","@id":"https:\/\/sergiolapegue.com\/site\/#\/schema\/person\/9198e7dbab43c6d74d0fd5399af7c3cd","name":"Daniel E. Monta\u00f1a","image":{"@type":"ImageObject","inLanguage":"es-AR","@id":"https:\/\/sergiolapegue.com\/site\/wp-content\/uploads\/2021\/04\/sl_avatar_Daniel-150x150.jpg","url":"https:\/\/sergiolapegue.com\/site\/wp-content\/uploads\/2021\/04\/sl_avatar_Daniel-150x150.jpg","contentUrl":"https:\/\/sergiolapegue.com\/site\/wp-content\/uploads\/2021\/04\/sl_avatar_Daniel-150x150.jpg","caption":"Daniel E. Monta\u00f1a"},"sameAs":["https:\/\/facebook.com\/danielernesto.montana","https:\/\/instagram.com\/daniel_montana1961","https:\/\/x.com\/https:\/\/twitter.com\/daner_004"],"url":"https:\/\/sergiolapegue.com\/site\/author\/daniel\/"}]}},"_links":{"self":[{"href":"https:\/\/sergiolapegue.com\/site\/wp-json\/wp\/v2\/posts\/25175","targetHints":{"allow":["GET"]}}],"collection":[{"href":"https:\/\/sergiolapegue.com\/site\/wp-json\/wp\/v2\/posts"}],"about":[{"href":"https:\/\/sergiolapegue.com\/site\/wp-json\/wp\/v2\/types\/post"}],"author":[{"embeddable":true,"href":"https:\/\/sergiolapegue.com\/site\/wp-json\/wp\/v2\/users\/3"}],"replies":[{"embeddable":true,"href":"https:\/\/sergiolapegue.com\/site\/wp-json\/wp\/v2\/comments?post=25175"}],"version-history":[{"count":1,"href":"https:\/\/sergiolapegue.com\/site\/wp-json\/wp\/v2\/posts\/25175\/revisions"}],"predecessor-version":[{"id":25179,"href":"https:\/\/sergiolapegue.com\/site\/wp-json\/wp\/v2\/posts\/25175\/revisions\/25179"}],"wp:featuredmedia":[{"embeddable":true,"href":"https:\/\/sergiolapegue.com\/site\/wp-json\/wp\/v2\/media\/25178"}],"wp:attachment":[{"href":"https:\/\/sergiolapegue.com\/site\/wp-json\/wp\/v2\/media?parent=25175"}],"wp:term":[{"taxonomy":"category","embeddable":true,"href":"https:\/\/sergiolapegue.com\/site\/wp-json\/wp\/v2\/categories?post=25175"},{"taxonomy":"post_tag","embeddable":true,"href":"https:\/\/sergiolapegue.com\/site\/wp-json\/wp\/v2\/tags?post=25175"}],"curies":[{"name":"wp","href":"https:\/\/api.w.org\/{rel}","templated":true}]}}