{"id":25150,"date":"2025-09-01T13:10:00","date_gmt":"2025-09-01T16:10:00","guid":{"rendered":"https:\/\/sergiolapegue.com\/site\/?p=25150"},"modified":"2025-09-01T13:10:02","modified_gmt":"2025-09-01T16:10:02","slug":"un-gesto-solidario-detras-del-nacimiento-del-hospital-gandulfo","status":"publish","type":"post","link":"https:\/\/sergiolapegue.com\/site\/2025\/09\/01\/un-gesto-solidario-detras-del-nacimiento-del-hospital-gandulfo\/","title":{"rendered":"Un gesto solidario, detr\u00e1s del nacimiento del hospital Gandulfo"},"content":{"rendered":"\n<p>En&nbsp;<strong><a href=\"https:\/\/launion.com.ar\/Lomas\" target=\"_blank\" rel=\"noreferrer noopener\">Lomas de Zamora<\/a><\/strong><a href=\"https:\/\/launion.com.ar\/Lomas\" target=\"_blank\" rel=\"noreferrer noopener\">,<\/a>&nbsp;la<strong>&nbsp;salud p\u00fablica<\/strong>&nbsp;tiene un nombre grabado a fuego en la memoria colectiva:<strong>&nbsp;el Hospital Gandulfo.&nbsp;<\/strong>Su historia atraviesa generaciones y se entrelaza con la vida de miles de vecinos. No se exagera al decir que casi todos, en alg\u00fan momento, pasamos por sus salas.&nbsp;&nbsp;<\/p>\n\n\n\n<p>El punto de partida se ubica en 1902, cuando<a href=\"https:\/\/www.instagram.com\/gandulfohospital\/?hl=es\" target=\"_blank\" rel=\"noreferrer noopener\">&nbsp;Luisa Cravena de Gandulfo<\/a>&nbsp;tom\u00f3 una decisi\u00f3n que marcar\u00eda el rumbo de la ciudad: don\u00f3 una manzana de terreno en Lomas Este (entre Balcarce, Sarand\u00ed, Las Piedras y Ceballos) con la condici\u00f3n de que all\u00ed se construyera un hospital.<\/p>\n\n\n\n<p>Impuso reglas claras: el predio no pod\u00eda venderse ni utilizarse con otro fin, y la obra deb\u00eda estar terminada en un plazo m\u00e1ximo de cinco a\u00f1os. Fue as\u00ed como comenz\u00f3 a gestarse el primer hospital p\u00fablico local, inicialmente llamado<strong>&nbsp;<a href=\"https:\/\/launion.com.ar\/nota\/47014\/2025\/04\/haran-un-recorrido-por-villa-hipodromo-para-dar-a-conocer-sitios-historicos\" target=\"_blank\" rel=\"noreferrer noopener\">Hospital de&nbsp;Caridad de Lomas de Zamora.&nbsp;<\/a><\/strong><\/p>\n\n\n\n<p>Aquel edificio modesto se organizaba en dos salas principales, una para mujeres y otra para hombres, adem\u00e1s de un pabell\u00f3n de dos plantas que concentraba la direcci\u00f3n, los consultorios externos, la administraci\u00f3n y los espacios donde viv\u00edan los practicantes.&nbsp;<\/p>\n\n\n\n<p>El impulso definitivo lleg\u00f3 gracias a la gesti\u00f3n del intendente<strong>&nbsp;Manuel Castro<\/strong>, quien promovi\u00f3 una colecta popular con fuerte respaldo del<a href=\"https:\/\/launion.com.ar\/\" target=\"_blank\" rel=\"noreferrer noopener\">&nbsp;<\/a><strong><a href=\"https:\/\/launion.com.ar\/\" target=\"_blank\" rel=\"noreferrer noopener\">Diario La Uni\u00f3n.<\/a><\/strong>&nbsp;La comunidad respondi\u00f3 con entusiasmo, y el 9 de julio de 1906 se realiz\u00f3 la inauguraci\u00f3n oficial. Fue una jornada festiva, de esas que quedan en el recuerdo.&nbsp;<\/p>\n\n\n\n<p>Los primeros tiempos no fueron f\u00e1ciles. El hospital funcionaba con recursos limitados. Ni siquiera contaba con laboratorio propio: los an\u00e1lisis cl\u00ednicos se derivaban a la farmacia de Marcos L. Grigera. Sin embargo, el compromiso colectivo y el apoyo del Estado&nbsp;fueron fortaleciendo la instituci\u00f3n con el paso de los a\u00f1os, hasta convertirla en un centro de referencia para todo el sur del conurbano bonaerense.&nbsp;<\/p>\n\n\n\n<p>Hoy, el&nbsp;<strong>Gandulfo&nbsp;<\/strong>mantiene su car\u00e1cter emblem\u00e1tico, aunque arrastra los desaf\u00edos estructurales comunes al sistema p\u00fablico: la demanda crece, sobre todo por parte de personas sin cobertura m\u00e9dica privada, y los recursos no siempre alcanzan.&nbsp;<a href=\"https:\/\/launion.com.ar\/nota\/50002\/2025\/07\/fortalecen-el-sistema-de-salud-en-lomas-con-obras-y-equipamiento\" target=\"_blank\" rel=\"noreferrer noopener\">Aun as\u00ed, el hospital&nbsp;contin\u00faa ampliando su capacidad de respuesta.<\/a><\/p>\n\n\n\n<p>Los valores pueden cambiar, la tecnolog\u00eda tambi\u00e9n. Pero la misi\u00f3n de la salud p\u00fablica sigue intacta: prevenir enfermedades, reducir muertes evitables, acompa\u00f1ar. Es una pr\u00e1ctica, una ciencia y una vocaci\u00f3n. Y en Lomas, ese esp\u00edritu empez\u00f3 a tomar forma gracias a la visi\u00f3n generosa de una mujer que supo mirar m\u00e1s all\u00e1 de su tiempo:<strong>&nbsp;Luisa Cravena de Gandulfo.&nbsp;<\/strong><\/p>\n","protected":false},"excerpt":{"rendered":"<p>En&nbsp;Lomas de Zamora,&nbsp;la&nbsp;salud p\u00fablica&nbsp;tiene un nombre grabado a fuego en la memoria colectiva:&nbsp;el Hospital Gandulfo.&nbsp;Su historia atraviesa generaciones y se entrelaza con la vida de miles de vecinos. No se exagera al decir que casi todos, en alg\u00fan momento, pasamos por sus salas.&nbsp;&nbsp; El punto de partida se ubica en 1902, cuando&nbsp;Luisa Cravena de Gandulfo&nbsp;tom\u00f3 [&hellip;]<\/p>\n","protected":false},"author":6,"featured_media":25154,"comment_status":"closed","ping_status":"closed","sticky":false,"template":"","format":"standard","meta":{"footnotes":""},"categories":[1276],"tags":[1691,1323,1277],"class_list":{"0":"post-25150","1":"post","2":"type-post","3":"status-publish","4":"format-standard","5":"has-post-thumbnail","7":"category-de-puno-y-letra-lomas-de-zamora","8":"tag-hospital-gandulfo","9":"tag-la-union","10":"tag-lomas-de-zamora"},"yoast_head":"<!-- This site is optimized with the Yoast SEO plugin v27.4 - https:\/\/yoast.com\/product\/yoast-seo-wordpress\/ -->\n<title>Un gesto solidario, detr\u00e1s del nacimiento del hospital Gandulfo - Sergio Lapegue<\/title>\n<meta name=\"description\" content=\"Luisa Cravena de Gandulfo don\u00f3 una manzana de terreno en Lomas Este, pero puso dos condiciones claves. Conocelas en esta nota.\" \/>\n<meta name=\"robots\" content=\"index, follow, max-snippet:-1, max-image-preview:large, max-video-preview:-1\" \/>\n<link rel=\"canonical\" href=\"https:\/\/sergiolapegue.com\/site\/2025\/09\/01\/un-gesto-solidario-detras-del-nacimiento-del-hospital-gandulfo\/\" \/>\n<meta property=\"og:locale\" content=\"es_ES\" \/>\n<meta property=\"og:type\" content=\"article\" \/>\n<meta property=\"og:title\" content=\"Un gesto solidario, detr\u00e1s del nacimiento del hospital Gandulfo - Sergio Lapegue\" \/>\n<meta property=\"og:description\" content=\"Luisa Cravena de Gandulfo don\u00f3 una manzana de terreno en Lomas Este, pero puso dos condiciones claves. Conocelas en esta nota.\" \/>\n<meta property=\"og:url\" content=\"https:\/\/sergiolapegue.com\/site\/2025\/09\/01\/un-gesto-solidario-detras-del-nacimiento-del-hospital-gandulfo\/\" \/>\n<meta property=\"og:site_name\" content=\"Sergio Lapegue\" \/>\n<meta property=\"article:publisher\" content=\"https:\/\/facebook.com\/sergiolapegue\" \/>\n<meta property=\"article:author\" content=\"https:\/\/facebook.com\/sergiolapegue\" \/>\n<meta property=\"article:published_time\" content=\"2025-09-01T16:10:00+00:00\" \/>\n<meta property=\"article:modified_time\" content=\"2025-09-01T16:10:02+00:00\" \/>\n<meta property=\"og:image\" content=\"https:\/\/sergiolapegue.com\/site\/wp-content\/uploads\/2025\/09\/1130885.webp\" \/>\n\t<meta property=\"og:image:width\" content=\"1200\" \/>\n\t<meta property=\"og:image:height\" content=\"630\" \/>\n\t<meta property=\"og:image:type\" content=\"image\/webp\" \/>\n<meta name=\"author\" content=\"Sergio Lapegue\" \/>\n<meta name=\"twitter:card\" content=\"summary_large_image\" \/>\n<meta name=\"twitter:creator\" content=\"@https:\/\/twitter.com\/sergiolapegue\" \/>\n<meta name=\"twitter:site\" content=\"@sergiolapegue\" \/>\n<meta name=\"twitter:label1\" content=\"Escrito por\" \/>\n\t<meta name=\"twitter:data1\" content=\"Sergio Lapegue\" \/>\n\t<meta name=\"twitter:label2\" content=\"Tiempo de lectura\" \/>\n\t<meta name=\"twitter:data2\" content=\"3 minutos\" \/>\n<script type=\"application\/ld+json\" class=\"yoast-schema-graph\">{\"@context\":\"https:\\\/\\\/schema.org\",\"@graph\":[{\"@type\":\"Article\",\"@id\":\"https:\\\/\\\/sergiolapegue.com\\\/site\\\/2025\\\/09\\\/01\\\/un-gesto-solidario-detras-del-nacimiento-del-hospital-gandulfo\\\/#article\",\"isPartOf\":{\"@id\":\"https:\\\/\\\/sergiolapegue.com\\\/site\\\/2025\\\/09\\\/01\\\/un-gesto-solidario-detras-del-nacimiento-del-hospital-gandulfo\\\/\"},\"author\":{\"name\":\"Sergio Lapegue\",\"@id\":\"https:\\\/\\\/sergiolapegue.com\\\/site\\\/#\\\/schema\\\/person\\\/083aeceeb0734cd166779ea6c0551a37\"},\"headline\":\"Un gesto solidario, detr\u00e1s del nacimiento del hospital Gandulfo\",\"datePublished\":\"2025-09-01T16:10:00+00:00\",\"dateModified\":\"2025-09-01T16:10:02+00:00\",\"mainEntityOfPage\":{\"@id\":\"https:\\\/\\\/sergiolapegue.com\\\/site\\\/2025\\\/09\\\/01\\\/un-gesto-solidario-detras-del-nacimiento-del-hospital-gandulfo\\\/\"},\"wordCount\":474,\"publisher\":{\"@id\":\"https:\\\/\\\/sergiolapegue.com\\\/site\\\/#\\\/schema\\\/person\\\/083aeceeb0734cd166779ea6c0551a37\"},\"image\":{\"@id\":\"https:\\\/\\\/sergiolapegue.com\\\/site\\\/2025\\\/09\\\/01\\\/un-gesto-solidario-detras-del-nacimiento-del-hospital-gandulfo\\\/#primaryimage\"},\"thumbnailUrl\":\"https:\\\/\\\/sergiolapegue.com\\\/site\\\/wp-content\\\/uploads\\\/2025\\\/09\\\/1130885.webp\",\"keywords\":[\"Hospital Gandulfo\",\"La Uni\u00f3n\",\"Lomas de Zamora\"],\"articleSection\":[\"De Pu\u00f1o y Letra Lomas de Zamora\"],\"inLanguage\":\"es-AR\"},{\"@type\":\"WebPage\",\"@id\":\"https:\\\/\\\/sergiolapegue.com\\\/site\\\/2025\\\/09\\\/01\\\/un-gesto-solidario-detras-del-nacimiento-del-hospital-gandulfo\\\/\",\"url\":\"https:\\\/\\\/sergiolapegue.com\\\/site\\\/2025\\\/09\\\/01\\\/un-gesto-solidario-detras-del-nacimiento-del-hospital-gandulfo\\\/\",\"name\":\"Un gesto solidario, detr\u00e1s del nacimiento del hospital Gandulfo - Sergio Lapegue\",\"isPartOf\":{\"@id\":\"https:\\\/\\\/sergiolapegue.com\\\/site\\\/#website\"},\"primaryImageOfPage\":{\"@id\":\"https:\\\/\\\/sergiolapegue.com\\\/site\\\/2025\\\/09\\\/01\\\/un-gesto-solidario-detras-del-nacimiento-del-hospital-gandulfo\\\/#primaryimage\"},\"image\":{\"@id\":\"https:\\\/\\\/sergiolapegue.com\\\/site\\\/2025\\\/09\\\/01\\\/un-gesto-solidario-detras-del-nacimiento-del-hospital-gandulfo\\\/#primaryimage\"},\"thumbnailUrl\":\"https:\\\/\\\/sergiolapegue.com\\\/site\\\/wp-content\\\/uploads\\\/2025\\\/09\\\/1130885.webp\",\"datePublished\":\"2025-09-01T16:10:00+00:00\",\"dateModified\":\"2025-09-01T16:10:02+00:00\",\"description\":\"Luisa Cravena de Gandulfo don\u00f3 una manzana de terreno en Lomas Este, pero puso dos condiciones claves. Conocelas en esta nota.\",\"breadcrumb\":{\"@id\":\"https:\\\/\\\/sergiolapegue.com\\\/site\\\/2025\\\/09\\\/01\\\/un-gesto-solidario-detras-del-nacimiento-del-hospital-gandulfo\\\/#breadcrumb\"},\"inLanguage\":\"es-AR\",\"potentialAction\":[{\"@type\":\"ReadAction\",\"target\":[\"https:\\\/\\\/sergiolapegue.com\\\/site\\\/2025\\\/09\\\/01\\\/un-gesto-solidario-detras-del-nacimiento-del-hospital-gandulfo\\\/\"]}]},{\"@type\":\"ImageObject\",\"inLanguage\":\"es-AR\",\"@id\":\"https:\\\/\\\/sergiolapegue.com\\\/site\\\/2025\\\/09\\\/01\\\/un-gesto-solidario-detras-del-nacimiento-del-hospital-gandulfo\\\/#primaryimage\",\"url\":\"https:\\\/\\\/sergiolapegue.com\\\/site\\\/wp-content\\\/uploads\\\/2025\\\/09\\\/1130885.webp\",\"contentUrl\":\"https:\\\/\\\/sergiolapegue.com\\\/site\\\/wp-content\\\/uploads\\\/2025\\\/09\\\/1130885.webp\",\"width\":1200,\"height\":630},{\"@type\":\"BreadcrumbList\",\"@id\":\"https:\\\/\\\/sergiolapegue.com\\\/site\\\/2025\\\/09\\\/01\\\/un-gesto-solidario-detras-del-nacimiento-del-hospital-gandulfo\\\/#breadcrumb\",\"itemListElement\":[{\"@type\":\"ListItem\",\"position\":1,\"name\":\"Inicio\",\"item\":\"https:\\\/\\\/sergiolapegue.com\\\/site\\\/\"},{\"@type\":\"ListItem\",\"position\":2,\"name\":\"Un gesto solidario, detr\u00e1s del nacimiento del hospital Gandulfo\"}]},{\"@type\":\"WebSite\",\"@id\":\"https:\\\/\\\/sergiolapegue.com\\\/site\\\/#website\",\"url\":\"https:\\\/\\\/sergiolapegue.com\\\/site\\\/\",\"name\":\"Sergio Lapegue\",\"description\":\"Periodista\",\"publisher\":{\"@id\":\"https:\\\/\\\/sergiolapegue.com\\\/site\\\/#\\\/schema\\\/person\\\/083aeceeb0734cd166779ea6c0551a37\"},\"potentialAction\":[{\"@type\":\"SearchAction\",\"target\":{\"@type\":\"EntryPoint\",\"urlTemplate\":\"https:\\\/\\\/sergiolapegue.com\\\/site\\\/?s={search_term_string}\"},\"query-input\":{\"@type\":\"PropertyValueSpecification\",\"valueRequired\":true,\"valueName\":\"search_term_string\"}}],\"inLanguage\":\"es-AR\"},{\"@type\":[\"Person\",\"Organization\"],\"@id\":\"https:\\\/\\\/sergiolapegue.com\\\/site\\\/#\\\/schema\\\/person\\\/083aeceeb0734cd166779ea6c0551a37\",\"name\":\"Sergio Lapegue\",\"image\":{\"@type\":\"ImageObject\",\"inLanguage\":\"es-AR\",\"@id\":\"https:\\\/\\\/sergiolapegue.com\\\/site\\\/wp-content\\\/uploads\\\/2021\\\/04\\\/logo_header-1.png\",\"url\":\"https:\\\/\\\/sergiolapegue.com\\\/site\\\/wp-content\\\/uploads\\\/2021\\\/04\\\/logo_header-1.png\",\"contentUrl\":\"https:\\\/\\\/sergiolapegue.com\\\/site\\\/wp-content\\\/uploads\\\/2021\\\/04\\\/logo_header-1.png\",\"width\":272,\"height\":90,\"caption\":\"Sergio Lapegue\"},\"logo\":{\"@id\":\"https:\\\/\\\/sergiolapegue.com\\\/site\\\/wp-content\\\/uploads\\\/2021\\\/04\\\/logo_header-1.png\"},\"sameAs\":[\"https:\\\/\\\/facebook.com\\\/sergiolapegue\",\"https:\\\/\\\/instagram.com\\\/sergiolapegue\",\"https:\\\/\\\/x.com\\\/https:\\\/\\\/twitter.com\\\/sergiolapegue\"],\"url\":\"https:\\\/\\\/sergiolapegue.com\\\/site\\\/author\\\/sergio\\\/\"}]}<\/script>\n<!-- \/ Yoast SEO plugin. -->","yoast_head_json":{"title":"Un gesto solidario, detr\u00e1s del nacimiento del hospital Gandulfo - Sergio Lapegue","description":"Luisa Cravena de Gandulfo don\u00f3 una manzana de terreno en Lomas Este, pero puso dos condiciones claves. Conocelas en esta nota.","robots":{"index":"index","follow":"follow","max-snippet":"max-snippet:-1","max-image-preview":"max-image-preview:large","max-video-preview":"max-video-preview:-1"},"canonical":"https:\/\/sergiolapegue.com\/site\/2025\/09\/01\/un-gesto-solidario-detras-del-nacimiento-del-hospital-gandulfo\/","og_locale":"es_ES","og_type":"article","og_title":"Un gesto solidario, detr\u00e1s del nacimiento del hospital Gandulfo - Sergio Lapegue","og_description":"Luisa Cravena de Gandulfo don\u00f3 una manzana de terreno en Lomas Este, pero puso dos condiciones claves. Conocelas en esta nota.","og_url":"https:\/\/sergiolapegue.com\/site\/2025\/09\/01\/un-gesto-solidario-detras-del-nacimiento-del-hospital-gandulfo\/","og_site_name":"Sergio Lapegue","article_publisher":"https:\/\/facebook.com\/sergiolapegue","article_author":"https:\/\/facebook.com\/sergiolapegue","article_published_time":"2025-09-01T16:10:00+00:00","article_modified_time":"2025-09-01T16:10:02+00:00","og_image":[{"width":1200,"height":630,"url":"https:\/\/sergiolapegue.com\/site\/wp-content\/uploads\/2025\/09\/1130885.webp","type":"image\/webp"}],"author":"Sergio Lapegue","twitter_card":"summary_large_image","twitter_creator":"@https:\/\/twitter.com\/sergiolapegue","twitter_site":"@sergiolapegue","twitter_misc":{"Escrito por":"Sergio Lapegue","Tiempo de lectura":"3 minutos"},"schema":{"@context":"https:\/\/schema.org","@graph":[{"@type":"Article","@id":"https:\/\/sergiolapegue.com\/site\/2025\/09\/01\/un-gesto-solidario-detras-del-nacimiento-del-hospital-gandulfo\/#article","isPartOf":{"@id":"https:\/\/sergiolapegue.com\/site\/2025\/09\/01\/un-gesto-solidario-detras-del-nacimiento-del-hospital-gandulfo\/"},"author":{"name":"Sergio Lapegue","@id":"https:\/\/sergiolapegue.com\/site\/#\/schema\/person\/083aeceeb0734cd166779ea6c0551a37"},"headline":"Un gesto solidario, detr\u00e1s del nacimiento del hospital Gandulfo","datePublished":"2025-09-01T16:10:00+00:00","dateModified":"2025-09-01T16:10:02+00:00","mainEntityOfPage":{"@id":"https:\/\/sergiolapegue.com\/site\/2025\/09\/01\/un-gesto-solidario-detras-del-nacimiento-del-hospital-gandulfo\/"},"wordCount":474,"publisher":{"@id":"https:\/\/sergiolapegue.com\/site\/#\/schema\/person\/083aeceeb0734cd166779ea6c0551a37"},"image":{"@id":"https:\/\/sergiolapegue.com\/site\/2025\/09\/01\/un-gesto-solidario-detras-del-nacimiento-del-hospital-gandulfo\/#primaryimage"},"thumbnailUrl":"https:\/\/sergiolapegue.com\/site\/wp-content\/uploads\/2025\/09\/1130885.webp","keywords":["Hospital Gandulfo","La Uni\u00f3n","Lomas de Zamora"],"articleSection":["De Pu\u00f1o y Letra Lomas de Zamora"],"inLanguage":"es-AR"},{"@type":"WebPage","@id":"https:\/\/sergiolapegue.com\/site\/2025\/09\/01\/un-gesto-solidario-detras-del-nacimiento-del-hospital-gandulfo\/","url":"https:\/\/sergiolapegue.com\/site\/2025\/09\/01\/un-gesto-solidario-detras-del-nacimiento-del-hospital-gandulfo\/","name":"Un gesto solidario, detr\u00e1s del nacimiento del hospital Gandulfo - Sergio Lapegue","isPartOf":{"@id":"https:\/\/sergiolapegue.com\/site\/#website"},"primaryImageOfPage":{"@id":"https:\/\/sergiolapegue.com\/site\/2025\/09\/01\/un-gesto-solidario-detras-del-nacimiento-del-hospital-gandulfo\/#primaryimage"},"image":{"@id":"https:\/\/sergiolapegue.com\/site\/2025\/09\/01\/un-gesto-solidario-detras-del-nacimiento-del-hospital-gandulfo\/#primaryimage"},"thumbnailUrl":"https:\/\/sergiolapegue.com\/site\/wp-content\/uploads\/2025\/09\/1130885.webp","datePublished":"2025-09-01T16:10:00+00:00","dateModified":"2025-09-01T16:10:02+00:00","description":"Luisa Cravena de Gandulfo don\u00f3 una manzana de terreno en Lomas Este, pero puso dos condiciones claves. Conocelas en esta nota.","breadcrumb":{"@id":"https:\/\/sergiolapegue.com\/site\/2025\/09\/01\/un-gesto-solidario-detras-del-nacimiento-del-hospital-gandulfo\/#breadcrumb"},"inLanguage":"es-AR","potentialAction":[{"@type":"ReadAction","target":["https:\/\/sergiolapegue.com\/site\/2025\/09\/01\/un-gesto-solidario-detras-del-nacimiento-del-hospital-gandulfo\/"]}]},{"@type":"ImageObject","inLanguage":"es-AR","@id":"https:\/\/sergiolapegue.com\/site\/2025\/09\/01\/un-gesto-solidario-detras-del-nacimiento-del-hospital-gandulfo\/#primaryimage","url":"https:\/\/sergiolapegue.com\/site\/wp-content\/uploads\/2025\/09\/1130885.webp","contentUrl":"https:\/\/sergiolapegue.com\/site\/wp-content\/uploads\/2025\/09\/1130885.webp","width":1200,"height":630},{"@type":"BreadcrumbList","@id":"https:\/\/sergiolapegue.com\/site\/2025\/09\/01\/un-gesto-solidario-detras-del-nacimiento-del-hospital-gandulfo\/#breadcrumb","itemListElement":[{"@type":"ListItem","position":1,"name":"Inicio","item":"https:\/\/sergiolapegue.com\/site\/"},{"@type":"ListItem","position":2,"name":"Un gesto solidario, detr\u00e1s del nacimiento del hospital Gandulfo"}]},{"@type":"WebSite","@id":"https:\/\/sergiolapegue.com\/site\/#website","url":"https:\/\/sergiolapegue.com\/site\/","name":"Sergio Lapegue","description":"Periodista","publisher":{"@id":"https:\/\/sergiolapegue.com\/site\/#\/schema\/person\/083aeceeb0734cd166779ea6c0551a37"},"potentialAction":[{"@type":"SearchAction","target":{"@type":"EntryPoint","urlTemplate":"https:\/\/sergiolapegue.com\/site\/?s={search_term_string}"},"query-input":{"@type":"PropertyValueSpecification","valueRequired":true,"valueName":"search_term_string"}}],"inLanguage":"es-AR"},{"@type":["Person","Organization"],"@id":"https:\/\/sergiolapegue.com\/site\/#\/schema\/person\/083aeceeb0734cd166779ea6c0551a37","name":"Sergio Lapegue","image":{"@type":"ImageObject","inLanguage":"es-AR","@id":"https:\/\/sergiolapegue.com\/site\/wp-content\/uploads\/2021\/04\/logo_header-1.png","url":"https:\/\/sergiolapegue.com\/site\/wp-content\/uploads\/2021\/04\/logo_header-1.png","contentUrl":"https:\/\/sergiolapegue.com\/site\/wp-content\/uploads\/2021\/04\/logo_header-1.png","width":272,"height":90,"caption":"Sergio Lapegue"},"logo":{"@id":"https:\/\/sergiolapegue.com\/site\/wp-content\/uploads\/2021\/04\/logo_header-1.png"},"sameAs":["https:\/\/facebook.com\/sergiolapegue","https:\/\/instagram.com\/sergiolapegue","https:\/\/x.com\/https:\/\/twitter.com\/sergiolapegue"],"url":"https:\/\/sergiolapegue.com\/site\/author\/sergio\/"}]}},"_links":{"self":[{"href":"https:\/\/sergiolapegue.com\/site\/wp-json\/wp\/v2\/posts\/25150","targetHints":{"allow":["GET"]}}],"collection":[{"href":"https:\/\/sergiolapegue.com\/site\/wp-json\/wp\/v2\/posts"}],"about":[{"href":"https:\/\/sergiolapegue.com\/site\/wp-json\/wp\/v2\/types\/post"}],"author":[{"embeddable":true,"href":"https:\/\/sergiolapegue.com\/site\/wp-json\/wp\/v2\/users\/6"}],"replies":[{"embeddable":true,"href":"https:\/\/sergiolapegue.com\/site\/wp-json\/wp\/v2\/comments?post=25150"}],"version-history":[{"count":1,"href":"https:\/\/sergiolapegue.com\/site\/wp-json\/wp\/v2\/posts\/25150\/revisions"}],"predecessor-version":[{"id":25155,"href":"https:\/\/sergiolapegue.com\/site\/wp-json\/wp\/v2\/posts\/25150\/revisions\/25155"}],"wp:featuredmedia":[{"embeddable":true,"href":"https:\/\/sergiolapegue.com\/site\/wp-json\/wp\/v2\/media\/25154"}],"wp:attachment":[{"href":"https:\/\/sergiolapegue.com\/site\/wp-json\/wp\/v2\/media?parent=25150"}],"wp:term":[{"taxonomy":"category","embeddable":true,"href":"https:\/\/sergiolapegue.com\/site\/wp-json\/wp\/v2\/categories?post=25150"},{"taxonomy":"post_tag","embeddable":true,"href":"https:\/\/sergiolapegue.com\/site\/wp-json\/wp\/v2\/tags?post=25150"}],"curies":[{"name":"wp","href":"https:\/\/api.w.org\/{rel}","templated":true}]}}