{"id":25058,"date":"2025-09-05T09:41:00","date_gmt":"2025-09-05T12:41:00","guid":{"rendered":"https:\/\/sergiolapegue.com\/site\/?p=25058"},"modified":"2025-08-29T18:44:55","modified_gmt":"2025-08-29T21:44:55","slug":"los-argentinos-y-la-amistad-en-el-trabajo-81-confirma-tener-amigos-surgidos-del-ambito-laboral","status":"publish","type":"post","link":"https:\/\/sergiolapegue.com\/site\/2025\/09\/05\/los-argentinos-y-la-amistad-en-el-trabajo-81-confirma-tener-amigos-surgidos-del-ambito-laboral\/","title":{"rendered":"Los argentinos y la amistad en el trabajo: 81% confirma tener amigos surgidos del \u00e1mbito laboral"},"content":{"rendered":"\n<p>Randstad, la compa\u00f1\u00eda de talento l\u00edder a nivel global, present\u00f3 resultados de su \u00faltima encuesta, realizada de manera online a 4.051 personas con y sin empleo de Argentina, Chile y Uruguay. Del estudio surge que la mayor\u00eda de los argentinos valora los v\u00ednculos de amistad en el trabajo y el 81% confirma tener amigos surgidos del \u00e1mbito laboral. Al comparar estos datos a nivel regional, el 84% de los trabajadores uruguayos tambi\u00e9n confirma tener amigos surgidos del \u00e1mbito laboral, al igual que el 80% de los trabajadores chilenos.<\/p>\n\n\n\n<p>Adem\u00e1s, el 79% de los trabajadores argentinos cree que es posible establecer v\u00ednculos de amistad en el trabajo, afirmaci\u00f3n con la que coinciden el 80% de los trabajadores uruguayos y el 73% de los trabajadores chilenos.<\/p>\n\n\n\n<p>Siendo que las personas pasan la mayor parte del tiempo en su vida adulta en el \u00e1mbito laboral, los lazos que all\u00ed se generan tienen un valor central en la vida de las personas, en especial en culturas latinas, muy afectas al desarrollo de v\u00ednculos sociales. Esto se ve con m\u00e1s fuerza entre millennials y centennials, que al incorporarse al mundo del trabajo derribaron la frontera tradicional entre lo profesional y lo personal que supieron construir las generaciones precedentes, en general m\u00e1s reacias a estrechar abiertamente v\u00ednculos de amistad en la oficina.<\/p>\n\n\n\n<p>Al respecto, Andrea Avila, CEO de Randstad para Argentina, Chile y Uruguay, se\u00f1al\u00f3: &#8220;Hoy gran parte de las empresas trabaja activamente para impactar en el bienestar de sus colaboradores y ah\u00ed es donde los v\u00ednculos sociales cumplen un rol cada vez m\u00e1s importante. Las organizaciones que favorecen la creaci\u00f3n de lazos s\u00f3lidos entre sus colaboradores, m\u00e1s all\u00e1 de lo estrictamente laboral, logran al mismo tiempo mejorar la productividad y el rendimiento organizacional. As\u00ed, el clima laboral se convierte en un factor clave para el desarrollo y crecimiento de cualquier organizaci\u00f3n por su impacto directo en el compromiso y sentido de pertenencia de los trabajadores&#8221;.<\/p>\n\n\n\n<p>Justamente debido a su importancia e incidencia sobre el clima interno, la encuesta de Randstad profundiza sobre las distintas acciones que toman las organizaciones para fomentar el v\u00ednculo entre colaboradores. Al respecto, el 56% de los trabajadores argentinos afirma que su empleador promueve los v\u00ednculos de amistad entre colegas. Uruguay muestra un nivel pr\u00e1cticamente similar (55%), mientras que en Chile la cifra baja considerablemente 13 puntos porcentuales, ubic\u00e1ndose en el 43%.<\/p>\n\n\n\n<p>Al indagar sobre el impacto del home office y los formatos h\u00edbridos en las relaciones entre colegas, casi la mitad de los argentinos (46%) afirm\u00f3 que no afectaron los v\u00ednculos y que su equipo sigue siendo muy unido. En contraste, solo el 33% de los trabajadores chilenos y el 37% de los trabajadores uruguayos coincidieron con esa visi\u00f3n.<\/p>\n\n\n\n<figure class=\"wp-block-image size-full is-resized\"><img loading=\"lazy\" decoding=\"async\" width=\"566\" height=\"300\" src=\"https:\/\/sergiolapegue.com\/site\/wp-content\/uploads\/2025\/08\/conviene-tener-amigos-el-trabajo03.jpg\" alt=\"\" class=\"wp-image-25060\" style=\"width:696px;height:auto\" srcset=\"https:\/\/sergiolapegue.com\/site\/wp-content\/uploads\/2025\/08\/conviene-tener-amigos-el-trabajo03.jpg 566w, https:\/\/sergiolapegue.com\/site\/wp-content\/uploads\/2025\/08\/conviene-tener-amigos-el-trabajo03-300x159.jpg 300w\" sizes=\"auto, (max-width: 566px) 100vw, 566px\" \/><\/figure>\n\n\n\n<p>En cambio, un 42% de los argentinos siente que las relaciones se resintieron un poco (frente a 47% en Chile y 49% en Uruguay), mientras que el 12% de los argentinos, el 20% de los chilenos y el 14% de los uruguayos creen que el impacto del home office y los formatos h\u00edbridos fue muy fuerte en las relaciones entre colaboradores.<\/p>\n\n\n\n<p>Al consultar a los participantes de la muestra si su empleador promueve la socializaci\u00f3n a trav\u00e9s de encuentros de after office u otro tipo de actividades de relacionamiento, surge que solo el 36% de los argentinos afirma que su empleador realiza regularmente actividades de socializaci\u00f3n como after office o encuentros de esparcimiento, mientras que en Uruguay el porcentaje es a\u00fan menor (33%). La situaci\u00f3n mejora en Chile, donde el 44% de los trabajadores asegura que su empleador realiza frecuentemente actividades de relacionamiento.<\/p>\n\n\n\n<p>Al consultar a los participantes del estudio si en su lugar de trabajo se festejan los cumplea\u00f1os de alg\u00fan modo especial, apenas el 17% de los argentinos dice que en su trabajo siempre se festejan los cumplea\u00f1os de los colaboradores. En Uruguay, la cifra asciende al 19% y en Chile da un salto considerable, alcanzando al 29% de los trabajadores que confirman que en su empresa siempre se le da espacio a la celebraci\u00f3n de los cumplea\u00f1os de los colaboradores.<\/p>\n\n\n\n<p>En una l\u00ednea media, el 34% de los trabajadores argentinos, el 33% de los chilenos y el 32% de los uruguayos indican que solo a veces, sin ser una constante, se celebran los cumplea\u00f1os en sus lugares de trabajo.<\/p>\n\n\n\n<p>En el otro extremo, el 48% de los argentinos, el 39% de los chilenos y el 49% de los uruguayos refieren que en sus trabajos no se generan los espacios para la celebraci\u00f3n de los cumplea\u00f1os de un modo especial, mostrando una gran oportunidad para impulsar una mayor socializaci\u00f3n dentro de las organizaciones.<\/p>\n\n\n\n<p>La participaci\u00f3n de socios y directivos de las compa\u00f1\u00edas en actividades sociales tambi\u00e9n presenta matices. Al consultar a los participantes de los tres pa\u00edses si su empleador participa de las acciones de socializaci\u00f3n que realiza la empresa, solo el 19% de los argentinos afirman que participan siempre, frente al 25% en Chile y el 23% en Uruguay. La mayor\u00eda, sin embargo, indic\u00f3 que los directivos participan \u00fanicamente en ocasiones especiales como la fiesta de fin de a\u00f1o, as\u00ed lo indic\u00f3 el 49% de los argentinos, el 51% de los chilenos y el 49% de los uruguayos.<\/p>\n\n\n\n<p>Estas cifras muestran una clara oportunidad de incidencia que las organizaciones tienen para mejorar el clima laboral, a trav\u00e9s de actividades de fomento y promoci\u00f3n de los v\u00ednculos entre colegas, particularmente tomando en cuenta que los \u00e1mbitos laborales, junto a todo lo que all\u00ed sucede a lo largo de la jornada laboral, son espacios centrales para la transmisi\u00f3n de cultura.<\/p>\n\n\n\n<figure class=\"wp-block-image size-large\"><img loading=\"lazy\" decoding=\"async\" width=\"1024\" height=\"578\" src=\"https:\/\/sergiolapegue.com\/site\/wp-content\/uploads\/2025\/08\/conviene-tener-amigos-el-trabajo02-1024x578.webp\" alt=\"\" class=\"wp-image-25059\" srcset=\"https:\/\/sergiolapegue.com\/site\/wp-content\/uploads\/2025\/08\/conviene-tener-amigos-el-trabajo02-1024x578.webp 1024w, https:\/\/sergiolapegue.com\/site\/wp-content\/uploads\/2025\/08\/conviene-tener-amigos-el-trabajo02-300x169.webp 300w, https:\/\/sergiolapegue.com\/site\/wp-content\/uploads\/2025\/08\/conviene-tener-amigos-el-trabajo02-768x434.webp 768w, https:\/\/sergiolapegue.com\/site\/wp-content\/uploads\/2025\/08\/conviene-tener-amigos-el-trabajo02-744x420.webp 744w, https:\/\/sergiolapegue.com\/site\/wp-content\/uploads\/2025\/08\/conviene-tener-amigos-el-trabajo02-696x393.webp 696w, https:\/\/sergiolapegue.com\/site\/wp-content\/uploads\/2025\/08\/conviene-tener-amigos-el-trabajo02-1068x603.webp 1068w, https:\/\/sergiolapegue.com\/site\/wp-content\/uploads\/2025\/08\/conviene-tener-amigos-el-trabajo02.webp 1280w\" sizes=\"auto, (max-width: 1024px) 100vw, 1024px\" \/><\/figure>\n\n\n\n<p>&#8220;Peque\u00f1os gestos como festejar un cumplea\u00f1os o compartir un encuentro fuera de la oficina pueden marcar una gran diferencia en el d\u00eda a d\u00eda de los colaboradores. Las empresas que entienden el valor de estas instancias fortalecen la cohesi\u00f3n de sus equipos y construyen culturas laborales m\u00e1s humanas y atractivas para el talento&#8221;, agreg\u00f3 Andrea Avila.<\/p>\n\n\n\n<p>Los datos del presente informe fueron relevados mediante una encuesta realizada de manera online entre el 5 de mayo y el 25 de julio a 4.051 personas con y sin empleo de Argentina, Chile y Uruguay.<\/p>\n\n\n\n<p><strong>Acerca de Randstad<\/strong><br>Randstad es la compa\u00f1\u00eda de talento l\u00edder a nivel global, impulsada por la visi\u00f3n de convertirse en la empresa de talento m\u00e1s equitativa y especializada del mundo.<br>Como socio para el talento y a trav\u00e9s de nuestras cuatro soluciones de especializaci\u00f3n (Operational, Professional, Digital y Enterprise), brindamos la fuerza laboral \u00e1gil, diversa y de alta productividad que nuestros clientes necesitan para tener \u00e9xito en un mundo con creciente escasez de talento.<br>En Randstad ayudamos a las personas a avanzar en su carrera profesional, desarrollar habilidades relevantes y encontrar prop\u00f3sito y pertenencia en su lugar de trabajo.<br>Con sede en los Pa\u00edses Bajos, Randstad opera en 39 mercados a nivel global, cuenta con cerca de 40.000 empleados y cotiza en Euronext Amsterdam. En 2024, la compa\u00f1\u00eda apoy\u00f3 a 1,7 millones de talentos para encontrar un trabajo y gener\u00f3 ingresos por m\u00e1s de 24.100 millones de euros.<br>En Argentina, Randstad tiene una red de 25 sucursales, donde m\u00e1s de 600 empleados gestionan una n\u00f3mina diaria de cerca de 15.000 trabajadores que generan valor en las empresas m\u00e1s grandes del pa\u00eds.<\/p>\n\n\n\n<p>Para m\u00e1s informaci\u00f3n, visite:\u00a0<a href=\"http:\/\/www.randstad.com.ar\/\" target=\"_blank\" rel=\"noreferrer noopener\">www.randstad.com.ar<\/a><\/p>\n\n\n\n<p><\/p>\n","protected":false},"excerpt":{"rendered":"<p>Randstad, la compa\u00f1\u00eda de talento l\u00edder a nivel global, present\u00f3 resultados de su \u00faltima encuesta, realizada de manera online a 4.051 personas con y sin empleo de Argentina, Chile y Uruguay. Del estudio surge que la mayor\u00eda de los argentinos valora los v\u00ednculos de amistad en el trabajo y el 81% confirma tener amigos surgidos [&hellip;]<\/p>\n","protected":false},"author":4,"featured_media":25061,"comment_status":"closed","ping_status":"closed","sticky":false,"template":"","format":"standard","meta":{"footnotes":""},"categories":[38],"tags":[69,380,1595,1063,76],"class_list":{"0":"post-25058","1":"post","2":"type-post","3":"status-publish","4":"format-standard","5":"has-post-thumbnail","7":"category-actualidad","8":"tag-amigos","9":"tag-amistad","10":"tag-pareja","11":"tag-soltero","12":"tag-trabajo"},"yoast_head":"<!-- This site is optimized with the Yoast SEO plugin v27.5 - https:\/\/yoast.com\/product\/yoast-seo-wordpress\/ -->\n<title>Los argentinos y la amistad en el trabajo: 81% confirma tener amigos surgidos del \u00e1mbito laboral - Sergio Lapegue<\/title>\n<meta name=\"robots\" content=\"index, follow, max-snippet:-1, max-image-preview:large, max-video-preview:-1\" \/>\n<link rel=\"canonical\" href=\"https:\/\/sergiolapegue.com\/site\/2025\/09\/05\/los-argentinos-y-la-amistad-en-el-trabajo-81-confirma-tener-amigos-surgidos-del-ambito-laboral\/\" \/>\n<meta property=\"og:locale\" content=\"es_ES\" \/>\n<meta property=\"og:type\" content=\"article\" \/>\n<meta property=\"og:title\" content=\"Los argentinos y la amistad en el trabajo: 81% confirma tener amigos surgidos del \u00e1mbito laboral - Sergio Lapegue\" \/>\n<meta property=\"og:description\" content=\"Randstad, la compa\u00f1\u00eda de talento l\u00edder a nivel global, present\u00f3 resultados de su \u00faltima encuesta, realizada de manera online a 4.051 personas con y sin empleo de Argentina, Chile y Uruguay. Del estudio surge que la mayor\u00eda de los argentinos valora los v\u00ednculos de amistad en el trabajo y el 81% confirma tener amigos surgidos [&hellip;]\" \/>\n<meta property=\"og:url\" content=\"https:\/\/sergiolapegue.com\/site\/2025\/09\/05\/los-argentinos-y-la-amistad-en-el-trabajo-81-confirma-tener-amigos-surgidos-del-ambito-laboral\/\" \/>\n<meta property=\"og:site_name\" content=\"Sergio Lapegue\" \/>\n<meta property=\"article:publisher\" content=\"https:\/\/facebook.com\/sergiolapegue\" \/>\n<meta property=\"article:published_time\" content=\"2025-09-05T12:41:00+00:00\" \/>\n<meta property=\"og:image\" content=\"https:\/\/sergiolapegue.com\/site\/wp-content\/uploads\/2025\/08\/conviene-tener-amigos-el-trabajo01.webp\" \/>\n\t<meta property=\"og:image:width\" content=\"642\" \/>\n\t<meta property=\"og:image:height\" content=\"361\" \/>\n\t<meta property=\"og:image:type\" content=\"image\/webp\" \/>\n<meta name=\"author\" content=\"Leonardo Monta\u00f1a\" \/>\n<meta name=\"twitter:card\" content=\"summary_large_image\" \/>\n<meta name=\"twitter:creator\" content=\"@https:\/\/twitter.com\/soytoto81\" \/>\n<meta name=\"twitter:site\" content=\"@sergiolapegue\" \/>\n<meta name=\"twitter:label1\" content=\"Escrito por\" \/>\n\t<meta name=\"twitter:data1\" content=\"Leonardo Monta\u00f1a\" \/>\n\t<meta name=\"twitter:label2\" content=\"Tiempo de lectura\" \/>\n\t<meta name=\"twitter:data2\" content=\"7 minutos\" \/>\n<script type=\"application\/ld+json\" class=\"yoast-schema-graph\">{\"@context\":\"https:\\\/\\\/schema.org\",\"@graph\":[{\"@type\":\"Article\",\"@id\":\"https:\\\/\\\/sergiolapegue.com\\\/site\\\/2025\\\/09\\\/05\\\/los-argentinos-y-la-amistad-en-el-trabajo-81-confirma-tener-amigos-surgidos-del-ambito-laboral\\\/#article\",\"isPartOf\":{\"@id\":\"https:\\\/\\\/sergiolapegue.com\\\/site\\\/2025\\\/09\\\/05\\\/los-argentinos-y-la-amistad-en-el-trabajo-81-confirma-tener-amigos-surgidos-del-ambito-laboral\\\/\"},\"author\":{\"name\":\"Leonardo Monta\u00f1a\",\"@id\":\"https:\\\/\\\/sergiolapegue.com\\\/site\\\/#\\\/schema\\\/person\\\/00adf937d010c7f79a180dc4916a40e0\"},\"headline\":\"Los argentinos y la amistad en el trabajo: 81% confirma tener amigos surgidos del \u00e1mbito laboral\",\"datePublished\":\"2025-09-05T12:41:00+00:00\",\"mainEntityOfPage\":{\"@id\":\"https:\\\/\\\/sergiolapegue.com\\\/site\\\/2025\\\/09\\\/05\\\/los-argentinos-y-la-amistad-en-el-trabajo-81-confirma-tener-amigos-surgidos-del-ambito-laboral\\\/\"},\"wordCount\":1242,\"publisher\":{\"@id\":\"https:\\\/\\\/sergiolapegue.com\\\/site\\\/#\\\/schema\\\/person\\\/083aeceeb0734cd166779ea6c0551a37\"},\"image\":{\"@id\":\"https:\\\/\\\/sergiolapegue.com\\\/site\\\/2025\\\/09\\\/05\\\/los-argentinos-y-la-amistad-en-el-trabajo-81-confirma-tener-amigos-surgidos-del-ambito-laboral\\\/#primaryimage\"},\"thumbnailUrl\":\"https:\\\/\\\/sergiolapegue.com\\\/site\\\/wp-content\\\/uploads\\\/2025\\\/08\\\/conviene-tener-amigos-el-trabajo01.webp\",\"keywords\":[\"amigos\",\"amistad\",\"pareja\",\"soltero\",\"trabajo\"],\"articleSection\":[\"Actualidad\"],\"inLanguage\":\"es-AR\"},{\"@type\":\"WebPage\",\"@id\":\"https:\\\/\\\/sergiolapegue.com\\\/site\\\/2025\\\/09\\\/05\\\/los-argentinos-y-la-amistad-en-el-trabajo-81-confirma-tener-amigos-surgidos-del-ambito-laboral\\\/\",\"url\":\"https:\\\/\\\/sergiolapegue.com\\\/site\\\/2025\\\/09\\\/05\\\/los-argentinos-y-la-amistad-en-el-trabajo-81-confirma-tener-amigos-surgidos-del-ambito-laboral\\\/\",\"name\":\"Los argentinos y la amistad en el trabajo: 81% confirma tener amigos surgidos del \u00e1mbito laboral - Sergio Lapegue\",\"isPartOf\":{\"@id\":\"https:\\\/\\\/sergiolapegue.com\\\/site\\\/#website\"},\"primaryImageOfPage\":{\"@id\":\"https:\\\/\\\/sergiolapegue.com\\\/site\\\/2025\\\/09\\\/05\\\/los-argentinos-y-la-amistad-en-el-trabajo-81-confirma-tener-amigos-surgidos-del-ambito-laboral\\\/#primaryimage\"},\"image\":{\"@id\":\"https:\\\/\\\/sergiolapegue.com\\\/site\\\/2025\\\/09\\\/05\\\/los-argentinos-y-la-amistad-en-el-trabajo-81-confirma-tener-amigos-surgidos-del-ambito-laboral\\\/#primaryimage\"},\"thumbnailUrl\":\"https:\\\/\\\/sergiolapegue.com\\\/site\\\/wp-content\\\/uploads\\\/2025\\\/08\\\/conviene-tener-amigos-el-trabajo01.webp\",\"datePublished\":\"2025-09-05T12:41:00+00:00\",\"breadcrumb\":{\"@id\":\"https:\\\/\\\/sergiolapegue.com\\\/site\\\/2025\\\/09\\\/05\\\/los-argentinos-y-la-amistad-en-el-trabajo-81-confirma-tener-amigos-surgidos-del-ambito-laboral\\\/#breadcrumb\"},\"inLanguage\":\"es-AR\",\"potentialAction\":[{\"@type\":\"ReadAction\",\"target\":[\"https:\\\/\\\/sergiolapegue.com\\\/site\\\/2025\\\/09\\\/05\\\/los-argentinos-y-la-amistad-en-el-trabajo-81-confirma-tener-amigos-surgidos-del-ambito-laboral\\\/\"]}]},{\"@type\":\"ImageObject\",\"inLanguage\":\"es-AR\",\"@id\":\"https:\\\/\\\/sergiolapegue.com\\\/site\\\/2025\\\/09\\\/05\\\/los-argentinos-y-la-amistad-en-el-trabajo-81-confirma-tener-amigos-surgidos-del-ambito-laboral\\\/#primaryimage\",\"url\":\"https:\\\/\\\/sergiolapegue.com\\\/site\\\/wp-content\\\/uploads\\\/2025\\\/08\\\/conviene-tener-amigos-el-trabajo01.webp\",\"contentUrl\":\"https:\\\/\\\/sergiolapegue.com\\\/site\\\/wp-content\\\/uploads\\\/2025\\\/08\\\/conviene-tener-amigos-el-trabajo01.webp\",\"width\":642,\"height\":361},{\"@type\":\"BreadcrumbList\",\"@id\":\"https:\\\/\\\/sergiolapegue.com\\\/site\\\/2025\\\/09\\\/05\\\/los-argentinos-y-la-amistad-en-el-trabajo-81-confirma-tener-amigos-surgidos-del-ambito-laboral\\\/#breadcrumb\",\"itemListElement\":[{\"@type\":\"ListItem\",\"position\":1,\"name\":\"Inicio\",\"item\":\"https:\\\/\\\/sergiolapegue.com\\\/site\\\/\"},{\"@type\":\"ListItem\",\"position\":2,\"name\":\"Los argentinos y la amistad en el trabajo: 81% confirma tener amigos surgidos del \u00e1mbito laboral\"}]},{\"@type\":\"WebSite\",\"@id\":\"https:\\\/\\\/sergiolapegue.com\\\/site\\\/#website\",\"url\":\"https:\\\/\\\/sergiolapegue.com\\\/site\\\/\",\"name\":\"Sergio Lapegue\",\"description\":\"Periodista\",\"publisher\":{\"@id\":\"https:\\\/\\\/sergiolapegue.com\\\/site\\\/#\\\/schema\\\/person\\\/083aeceeb0734cd166779ea6c0551a37\"},\"potentialAction\":[{\"@type\":\"SearchAction\",\"target\":{\"@type\":\"EntryPoint\",\"urlTemplate\":\"https:\\\/\\\/sergiolapegue.com\\\/site\\\/?s={search_term_string}\"},\"query-input\":{\"@type\":\"PropertyValueSpecification\",\"valueRequired\":true,\"valueName\":\"search_term_string\"}}],\"inLanguage\":\"es-AR\"},{\"@type\":[\"Person\",\"Organization\"],\"@id\":\"https:\\\/\\\/sergiolapegue.com\\\/site\\\/#\\\/schema\\\/person\\\/083aeceeb0734cd166779ea6c0551a37\",\"name\":\"Sergio Lapegue\",\"image\":{\"@type\":\"ImageObject\",\"inLanguage\":\"es-AR\",\"@id\":\"https:\\\/\\\/sergiolapegue.com\\\/site\\\/wp-content\\\/uploads\\\/2021\\\/04\\\/logo_header-1.png\",\"url\":\"https:\\\/\\\/sergiolapegue.com\\\/site\\\/wp-content\\\/uploads\\\/2021\\\/04\\\/logo_header-1.png\",\"contentUrl\":\"https:\\\/\\\/sergiolapegue.com\\\/site\\\/wp-content\\\/uploads\\\/2021\\\/04\\\/logo_header-1.png\",\"width\":272,\"height\":90,\"caption\":\"Sergio Lapegue\"},\"logo\":{\"@id\":\"https:\\\/\\\/sergiolapegue.com\\\/site\\\/wp-content\\\/uploads\\\/2021\\\/04\\\/logo_header-1.png\"},\"sameAs\":[\"https:\\\/\\\/facebook.com\\\/sergiolapegue\",\"https:\\\/\\\/instagram.com\\\/sergiolapegue\",\"https:\\\/\\\/x.com\\\/https:\\\/\\\/twitter.com\\\/sergiolapegue\"]},{\"@type\":\"Person\",\"@id\":\"https:\\\/\\\/sergiolapegue.com\\\/site\\\/#\\\/schema\\\/person\\\/00adf937d010c7f79a180dc4916a40e0\",\"name\":\"Leonardo Monta\u00f1a\",\"image\":{\"@type\":\"ImageObject\",\"inLanguage\":\"es-AR\",\"@id\":\"https:\\\/\\\/sergiolapegue.com\\\/site\\\/wp-content\\\/uploads\\\/2021\\\/04\\\/sl_avatar_Leonardo-150x150.jpg\",\"url\":\"https:\\\/\\\/sergiolapegue.com\\\/site\\\/wp-content\\\/uploads\\\/2021\\\/04\\\/sl_avatar_Leonardo-150x150.jpg\",\"contentUrl\":\"https:\\\/\\\/sergiolapegue.com\\\/site\\\/wp-content\\\/uploads\\\/2021\\\/04\\\/sl_avatar_Leonardo-150x150.jpg\",\"caption\":\"Leonardo Monta\u00f1a\"},\"sameAs\":[\"https:\\\/\\\/x.com\\\/https:\\\/\\\/twitter.com\\\/soytoto81\"],\"url\":\"https:\\\/\\\/sergiolapegue.com\\\/site\\\/author\\\/leonardo\\\/\"}]}<\/script>\n<!-- \/ Yoast SEO plugin. -->","yoast_head_json":{"title":"Los argentinos y la amistad en el trabajo: 81% confirma tener amigos surgidos del \u00e1mbito laboral - Sergio Lapegue","robots":{"index":"index","follow":"follow","max-snippet":"max-snippet:-1","max-image-preview":"max-image-preview:large","max-video-preview":"max-video-preview:-1"},"canonical":"https:\/\/sergiolapegue.com\/site\/2025\/09\/05\/los-argentinos-y-la-amistad-en-el-trabajo-81-confirma-tener-amigos-surgidos-del-ambito-laboral\/","og_locale":"es_ES","og_type":"article","og_title":"Los argentinos y la amistad en el trabajo: 81% confirma tener amigos surgidos del \u00e1mbito laboral - Sergio Lapegue","og_description":"Randstad, la compa\u00f1\u00eda de talento l\u00edder a nivel global, present\u00f3 resultados de su \u00faltima encuesta, realizada de manera online a 4.051 personas con y sin empleo de Argentina, Chile y Uruguay. Del estudio surge que la mayor\u00eda de los argentinos valora los v\u00ednculos de amistad en el trabajo y el 81% confirma tener amigos surgidos [&hellip;]","og_url":"https:\/\/sergiolapegue.com\/site\/2025\/09\/05\/los-argentinos-y-la-amistad-en-el-trabajo-81-confirma-tener-amigos-surgidos-del-ambito-laboral\/","og_site_name":"Sergio Lapegue","article_publisher":"https:\/\/facebook.com\/sergiolapegue","article_published_time":"2025-09-05T12:41:00+00:00","og_image":[{"width":642,"height":361,"url":"https:\/\/sergiolapegue.com\/site\/wp-content\/uploads\/2025\/08\/conviene-tener-amigos-el-trabajo01.webp","type":"image\/webp"}],"author":"Leonardo Monta\u00f1a","twitter_card":"summary_large_image","twitter_creator":"@https:\/\/twitter.com\/soytoto81","twitter_site":"@sergiolapegue","twitter_misc":{"Escrito por":"Leonardo Monta\u00f1a","Tiempo de lectura":"7 minutos"},"schema":{"@context":"https:\/\/schema.org","@graph":[{"@type":"Article","@id":"https:\/\/sergiolapegue.com\/site\/2025\/09\/05\/los-argentinos-y-la-amistad-en-el-trabajo-81-confirma-tener-amigos-surgidos-del-ambito-laboral\/#article","isPartOf":{"@id":"https:\/\/sergiolapegue.com\/site\/2025\/09\/05\/los-argentinos-y-la-amistad-en-el-trabajo-81-confirma-tener-amigos-surgidos-del-ambito-laboral\/"},"author":{"name":"Leonardo Monta\u00f1a","@id":"https:\/\/sergiolapegue.com\/site\/#\/schema\/person\/00adf937d010c7f79a180dc4916a40e0"},"headline":"Los argentinos y la amistad en el trabajo: 81% confirma tener amigos surgidos del \u00e1mbito laboral","datePublished":"2025-09-05T12:41:00+00:00","mainEntityOfPage":{"@id":"https:\/\/sergiolapegue.com\/site\/2025\/09\/05\/los-argentinos-y-la-amistad-en-el-trabajo-81-confirma-tener-amigos-surgidos-del-ambito-laboral\/"},"wordCount":1242,"publisher":{"@id":"https:\/\/sergiolapegue.com\/site\/#\/schema\/person\/083aeceeb0734cd166779ea6c0551a37"},"image":{"@id":"https:\/\/sergiolapegue.com\/site\/2025\/09\/05\/los-argentinos-y-la-amistad-en-el-trabajo-81-confirma-tener-amigos-surgidos-del-ambito-laboral\/#primaryimage"},"thumbnailUrl":"https:\/\/sergiolapegue.com\/site\/wp-content\/uploads\/2025\/08\/conviene-tener-amigos-el-trabajo01.webp","keywords":["amigos","amistad","pareja","soltero","trabajo"],"articleSection":["Actualidad"],"inLanguage":"es-AR"},{"@type":"WebPage","@id":"https:\/\/sergiolapegue.com\/site\/2025\/09\/05\/los-argentinos-y-la-amistad-en-el-trabajo-81-confirma-tener-amigos-surgidos-del-ambito-laboral\/","url":"https:\/\/sergiolapegue.com\/site\/2025\/09\/05\/los-argentinos-y-la-amistad-en-el-trabajo-81-confirma-tener-amigos-surgidos-del-ambito-laboral\/","name":"Los argentinos y la amistad en el trabajo: 81% confirma tener amigos surgidos del \u00e1mbito laboral - Sergio Lapegue","isPartOf":{"@id":"https:\/\/sergiolapegue.com\/site\/#website"},"primaryImageOfPage":{"@id":"https:\/\/sergiolapegue.com\/site\/2025\/09\/05\/los-argentinos-y-la-amistad-en-el-trabajo-81-confirma-tener-amigos-surgidos-del-ambito-laboral\/#primaryimage"},"image":{"@id":"https:\/\/sergiolapegue.com\/site\/2025\/09\/05\/los-argentinos-y-la-amistad-en-el-trabajo-81-confirma-tener-amigos-surgidos-del-ambito-laboral\/#primaryimage"},"thumbnailUrl":"https:\/\/sergiolapegue.com\/site\/wp-content\/uploads\/2025\/08\/conviene-tener-amigos-el-trabajo01.webp","datePublished":"2025-09-05T12:41:00+00:00","breadcrumb":{"@id":"https:\/\/sergiolapegue.com\/site\/2025\/09\/05\/los-argentinos-y-la-amistad-en-el-trabajo-81-confirma-tener-amigos-surgidos-del-ambito-laboral\/#breadcrumb"},"inLanguage":"es-AR","potentialAction":[{"@type":"ReadAction","target":["https:\/\/sergiolapegue.com\/site\/2025\/09\/05\/los-argentinos-y-la-amistad-en-el-trabajo-81-confirma-tener-amigos-surgidos-del-ambito-laboral\/"]}]},{"@type":"ImageObject","inLanguage":"es-AR","@id":"https:\/\/sergiolapegue.com\/site\/2025\/09\/05\/los-argentinos-y-la-amistad-en-el-trabajo-81-confirma-tener-amigos-surgidos-del-ambito-laboral\/#primaryimage","url":"https:\/\/sergiolapegue.com\/site\/wp-content\/uploads\/2025\/08\/conviene-tener-amigos-el-trabajo01.webp","contentUrl":"https:\/\/sergiolapegue.com\/site\/wp-content\/uploads\/2025\/08\/conviene-tener-amigos-el-trabajo01.webp","width":642,"height":361},{"@type":"BreadcrumbList","@id":"https:\/\/sergiolapegue.com\/site\/2025\/09\/05\/los-argentinos-y-la-amistad-en-el-trabajo-81-confirma-tener-amigos-surgidos-del-ambito-laboral\/#breadcrumb","itemListElement":[{"@type":"ListItem","position":1,"name":"Inicio","item":"https:\/\/sergiolapegue.com\/site\/"},{"@type":"ListItem","position":2,"name":"Los argentinos y la amistad en el trabajo: 81% confirma tener amigos surgidos del \u00e1mbito laboral"}]},{"@type":"WebSite","@id":"https:\/\/sergiolapegue.com\/site\/#website","url":"https:\/\/sergiolapegue.com\/site\/","name":"Sergio Lapegue","description":"Periodista","publisher":{"@id":"https:\/\/sergiolapegue.com\/site\/#\/schema\/person\/083aeceeb0734cd166779ea6c0551a37"},"potentialAction":[{"@type":"SearchAction","target":{"@type":"EntryPoint","urlTemplate":"https:\/\/sergiolapegue.com\/site\/?s={search_term_string}"},"query-input":{"@type":"PropertyValueSpecification","valueRequired":true,"valueName":"search_term_string"}}],"inLanguage":"es-AR"},{"@type":["Person","Organization"],"@id":"https:\/\/sergiolapegue.com\/site\/#\/schema\/person\/083aeceeb0734cd166779ea6c0551a37","name":"Sergio Lapegue","image":{"@type":"ImageObject","inLanguage":"es-AR","@id":"https:\/\/sergiolapegue.com\/site\/wp-content\/uploads\/2021\/04\/logo_header-1.png","url":"https:\/\/sergiolapegue.com\/site\/wp-content\/uploads\/2021\/04\/logo_header-1.png","contentUrl":"https:\/\/sergiolapegue.com\/site\/wp-content\/uploads\/2021\/04\/logo_header-1.png","width":272,"height":90,"caption":"Sergio Lapegue"},"logo":{"@id":"https:\/\/sergiolapegue.com\/site\/wp-content\/uploads\/2021\/04\/logo_header-1.png"},"sameAs":["https:\/\/facebook.com\/sergiolapegue","https:\/\/instagram.com\/sergiolapegue","https:\/\/x.com\/https:\/\/twitter.com\/sergiolapegue"]},{"@type":"Person","@id":"https:\/\/sergiolapegue.com\/site\/#\/schema\/person\/00adf937d010c7f79a180dc4916a40e0","name":"Leonardo Monta\u00f1a","image":{"@type":"ImageObject","inLanguage":"es-AR","@id":"https:\/\/sergiolapegue.com\/site\/wp-content\/uploads\/2021\/04\/sl_avatar_Leonardo-150x150.jpg","url":"https:\/\/sergiolapegue.com\/site\/wp-content\/uploads\/2021\/04\/sl_avatar_Leonardo-150x150.jpg","contentUrl":"https:\/\/sergiolapegue.com\/site\/wp-content\/uploads\/2021\/04\/sl_avatar_Leonardo-150x150.jpg","caption":"Leonardo Monta\u00f1a"},"sameAs":["https:\/\/x.com\/https:\/\/twitter.com\/soytoto81"],"url":"https:\/\/sergiolapegue.com\/site\/author\/leonardo\/"}]}},"_links":{"self":[{"href":"https:\/\/sergiolapegue.com\/site\/wp-json\/wp\/v2\/posts\/25058","targetHints":{"allow":["GET"]}}],"collection":[{"href":"https:\/\/sergiolapegue.com\/site\/wp-json\/wp\/v2\/posts"}],"about":[{"href":"https:\/\/sergiolapegue.com\/site\/wp-json\/wp\/v2\/types\/post"}],"author":[{"embeddable":true,"href":"https:\/\/sergiolapegue.com\/site\/wp-json\/wp\/v2\/users\/4"}],"replies":[{"embeddable":true,"href":"https:\/\/sergiolapegue.com\/site\/wp-json\/wp\/v2\/comments?post=25058"}],"version-history":[{"count":2,"href":"https:\/\/sergiolapegue.com\/site\/wp-json\/wp\/v2\/posts\/25058\/revisions"}],"predecessor-version":[{"id":25063,"href":"https:\/\/sergiolapegue.com\/site\/wp-json\/wp\/v2\/posts\/25058\/revisions\/25063"}],"wp:featuredmedia":[{"embeddable":true,"href":"https:\/\/sergiolapegue.com\/site\/wp-json\/wp\/v2\/media\/25061"}],"wp:attachment":[{"href":"https:\/\/sergiolapegue.com\/site\/wp-json\/wp\/v2\/media?parent=25058"}],"wp:term":[{"taxonomy":"category","embeddable":true,"href":"https:\/\/sergiolapegue.com\/site\/wp-json\/wp\/v2\/categories?post=25058"},{"taxonomy":"post_tag","embeddable":true,"href":"https:\/\/sergiolapegue.com\/site\/wp-json\/wp\/v2\/tags?post=25058"}],"curies":[{"name":"wp","href":"https:\/\/api.w.org\/{rel}","templated":true}]}}