{"id":25040,"date":"2025-09-03T09:29:00","date_gmt":"2025-09-03T12:29:00","guid":{"rendered":"https:\/\/sergiolapegue.com\/site\/?p=25040"},"modified":"2025-09-01T11:43:15","modified_gmt":"2025-09-01T14:43:15","slug":"el-31-de-los-especialistas-en-recursos-humanos-reducira-la-plantilla-en-lo-que-resta-del-ano","status":"publish","type":"post","link":"https:\/\/sergiolapegue.com\/site\/2025\/09\/03\/el-31-de-los-especialistas-en-recursos-humanos-reducira-la-plantilla-en-lo-que-resta-del-ano\/","title":{"rendered":"El 31% de los especialistas en Recursos Humanos reducir\u00e1 la plantilla en lo que resta del a\u00f1o"},"content":{"rendered":"\n<p>El 31% de los especialistas en recursos humanos reducir\u00e1 la plantilla en lo que resta del a\u00f1o. Adem\u00e1s el 66% <strong>reporta haber realizado despidos en el primer semestre del a\u00f1o<\/strong>. \u00bfLos motivos? El 36% por reducci\u00f3n de costos; y el 25% por desempe\u00f1o insuficiente. Los datos se desprenden del <strong>estudio Salarios y Contrataciones de Bumeran<\/strong>, la app l\u00edder de empleo de Latinoam\u00e9rica.&nbsp;<\/p>\n\n\n\n<p>Respecto a la <strong>proyecci\u00f3n de las organizaciones para lo que resta del a\u00f1o<\/strong>, el 49% de los expertos prev\u00e9 mantener la plantilla; el 31% anticipa reducirla; y solo el 20% habla de incorporaciones.<br><\/p>\n\n\n\n<figure class=\"wp-block-image size-full\"><img loading=\"lazy\" decoding=\"async\" width=\"1025\" height=\"445\" src=\"https:\/\/sergiolapegue.com\/site\/wp-content\/uploads\/2025\/08\/01.jpg\" alt=\"\" class=\"wp-image-25043\" srcset=\"https:\/\/sergiolapegue.com\/site\/wp-content\/uploads\/2025\/08\/01.jpg 1025w, https:\/\/sergiolapegue.com\/site\/wp-content\/uploads\/2025\/08\/01-300x130.jpg 300w, https:\/\/sergiolapegue.com\/site\/wp-content\/uploads\/2025\/08\/01-768x333.jpg 768w, https:\/\/sergiolapegue.com\/site\/wp-content\/uploads\/2025\/08\/01-967x420.jpg 967w, https:\/\/sergiolapegue.com\/site\/wp-content\/uploads\/2025\/08\/01-696x302.jpg 696w\" sizes=\"auto, (max-width: 1025px) 100vw, 1025px\" \/><\/figure>\n\n\n\n<p>El a\u00f1o pasado la proyecci\u00f3n respecto al segundo semestre en t\u00e9rminos de plantilla se\u00f1alaba que el 48% de los especialistas proyectaba mantener la plantilla; el 30% reducirla; y el 22% aumentarla.<\/p>\n\n\n\n<p>En el resto de la regi\u00f3n se identifica una tendencia parecida, en Per\u00fa el 57% de los especialistas proyecta mantenerla; en Ecuador el 55%; en Chile el 49%; y en Panam\u00e1 el 32%.&nbsp;<\/p>\n\n\n\n<p>\u00bfCu\u00e1nto planifican <strong>reducir la plantilla<\/strong>? El 39% de los profesionales de Recursos Humanos anticipa una reducci\u00f3n de menos del 10%; el 15% planea una reducci\u00f3n del 30% y 20%; y el 14% prev\u00e9 una disminuci\u00f3n del 10%.<\/p>\n\n\n\n<figure class=\"wp-block-image size-large\"><img loading=\"lazy\" decoding=\"async\" width=\"1024\" height=\"485\" src=\"https:\/\/sergiolapegue.com\/site\/wp-content\/uploads\/2025\/08\/02-1024x485.jpg\" alt=\"\" class=\"wp-image-25044\" srcset=\"https:\/\/sergiolapegue.com\/site\/wp-content\/uploads\/2025\/08\/02-1024x485.jpg 1024w, https:\/\/sergiolapegue.com\/site\/wp-content\/uploads\/2025\/08\/02-300x142.jpg 300w, https:\/\/sergiolapegue.com\/site\/wp-content\/uploads\/2025\/08\/02-768x364.jpg 768w, https:\/\/sergiolapegue.com\/site\/wp-content\/uploads\/2025\/08\/02-886x420.jpg 886w, https:\/\/sergiolapegue.com\/site\/wp-content\/uploads\/2025\/08\/02-696x330.jpg 696w, https:\/\/sergiolapegue.com\/site\/wp-content\/uploads\/2025\/08\/02-1068x506.jpg 1068w, https:\/\/sergiolapegue.com\/site\/wp-content\/uploads\/2025\/08\/02.jpg 1101w\" sizes=\"auto, (max-width: 1024px) 100vw, 1024px\" \/><\/figure>\n\n\n\n<p>En comparaci\u00f3n con el resto de los pa\u00edses de la regi\u00f3n, el porcentaje de despidos en el primer semestre del a\u00f1o <strong>es el segundo m\u00e1s bajo<\/strong>: en primer lugar est\u00e1 Per\u00fa con el 64%. Le siguen Ecuador con el 69%; Panam\u00e1 con el 76%; y Chile con el 77%.<\/p>\n\n\n\n<p>En 2024 el porcentaje de despidos en el primer semestre era similar, el 65% mencionaba que hab\u00eda realizado despidos, frente a el 35% que no.&nbsp;<\/p>\n\n\n\n<p>El 36% de los especialistas en HR explica que los despidos fueron por reducci\u00f3n de costos; el 25% por desempe\u00f1o insuficiente del personal; el 20% por el impacto de la actividad econ\u00f3mica; el 12% por el cierre de departamentos o l\u00edneas de negocio; el 5% por otros motivos; y el 2% por la fusi\u00f3n o adquisici\u00f3n de la empresa.&nbsp;<\/p>\n\n\n\n<figure class=\"wp-block-image size-large\"><img loading=\"lazy\" decoding=\"async\" width=\"1024\" height=\"463\" src=\"https:\/\/sergiolapegue.com\/site\/wp-content\/uploads\/2025\/08\/03-1024x463.jpg\" alt=\"\" class=\"wp-image-25045\" srcset=\"https:\/\/sergiolapegue.com\/site\/wp-content\/uploads\/2025\/08\/03-1024x463.jpg 1024w, https:\/\/sergiolapegue.com\/site\/wp-content\/uploads\/2025\/08\/03-300x136.jpg 300w, https:\/\/sergiolapegue.com\/site\/wp-content\/uploads\/2025\/08\/03-768x347.jpg 768w, https:\/\/sergiolapegue.com\/site\/wp-content\/uploads\/2025\/08\/03-928x420.jpg 928w, https:\/\/sergiolapegue.com\/site\/wp-content\/uploads\/2025\/08\/03-696x315.jpg 696w, https:\/\/sergiolapegue.com\/site\/wp-content\/uploads\/2025\/08\/03-1068x483.jpg 1068w, https:\/\/sergiolapegue.com\/site\/wp-content\/uploads\/2025\/08\/03.jpg 1165w\" sizes=\"auto, (max-width: 1024px) 100vw, 1024px\" \/><\/figure>\n\n\n\n<p>\u201cEl 66% de los especialistas en recursos humanos, casi 7 de cada 10,&nbsp; reporta haber tenido que realizar despidos en lo que va del a\u00f1o citando como principal motivo la reducci\u00f3n de costos. Sin embargo, al analizar el panorama en la regi\u00f3n, podemos observar que es una de las tasas de despidos m\u00e1s bajas, superando solo la de Per\u00fa. Adem\u00e1s, el 49% de las empresas proyecta mantener su plantilla actual en el segundo semestre\u201d, se\u00f1ala Federico Barni, CEO de <a href=\"http:\/\/bumeran.com.ar\">Bumeran.com.ar <\/a>Jobint.<\/p>\n\n\n\n<p><strong><em>Salarios y contrataciones<\/em><\/strong> es un estudio de <strong>Bumeran <\/strong>en el que participaron 4103 personas trabajadoras y especialistas en recursos humanos: 1571 de Argentina, 572 de Chile, 733 de Ecuador, 598 de Panam\u00e1 y 629 de Per\u00fa. La investigaci\u00f3n explora la evoluci\u00f3n de los salarios y contrataciones en el primer semestre y su proyecci\u00f3n para el resto del 2025, y la percepci\u00f3n respecto a las medidas gubernamentales aplicadas al mercado laboral.<\/p>\n\n\n\n<p><strong>El 47% de los especialistas en recursos humanos prev\u00e9 una evoluci\u00f3n regular en el pr\u00f3ximo semestre<\/strong><\/p>\n\n\n\n<p>\u00bfCu\u00e1l es la <strong>proyecci\u00f3n de los expertos para el segundo semestre del a\u00f1o<\/strong>? El 47% dice que en la empresa en la que trabajan creen que habr\u00e1 una evoluci\u00f3n regular del mercado; el 30% prev\u00e9 un escenario malo o muy malo; y el 23% cree que ser\u00e1 bueno o muy bueno.&nbsp;<\/p>\n\n\n\n<p>A diferencia de este a\u00f1o, en 2024 el 40% de los especialistas cre\u00eda que el segundo semestre del a\u00f1o iba a ser regular; el 31% cre\u00eda que iba a ser positivo; y el 29% negativo. La opini\u00f3n positiva en 2025 se encuentra ocho puntos porcentuales por debajo de la proyecci\u00f3n de 2024, y la opini\u00f3n negativa un punto porcentual por encima.&nbsp;<\/p>\n\n\n\n<figure class=\"wp-block-image size-large\"><img loading=\"lazy\" decoding=\"async\" width=\"1024\" height=\"462\" src=\"https:\/\/sergiolapegue.com\/site\/wp-content\/uploads\/2025\/08\/04-1024x462.jpg\" alt=\"\" class=\"wp-image-25046\" srcset=\"https:\/\/sergiolapegue.com\/site\/wp-content\/uploads\/2025\/08\/04-1024x462.jpg 1024w, https:\/\/sergiolapegue.com\/site\/wp-content\/uploads\/2025\/08\/04-300x135.jpg 300w, https:\/\/sergiolapegue.com\/site\/wp-content\/uploads\/2025\/08\/04-768x347.jpg 768w, https:\/\/sergiolapegue.com\/site\/wp-content\/uploads\/2025\/08\/04-931x420.jpg 931w, https:\/\/sergiolapegue.com\/site\/wp-content\/uploads\/2025\/08\/04-696x314.jpg 696w, https:\/\/sergiolapegue.com\/site\/wp-content\/uploads\/2025\/08\/04-1068x482.jpg 1068w, https:\/\/sergiolapegue.com\/site\/wp-content\/uploads\/2025\/08\/04.jpg 1250w\" sizes=\"auto, (max-width: 1024px) 100vw, 1024px\" \/><\/figure>\n\n\n\n<p><strong>El 25% de los&nbsp; expertos proyecta un aumento real de salarios para lo que resta del a\u00f1o&nbsp;<\/strong><\/p>\n\n\n\n<p>\u00bfQu\u00e9 va a pasar con los salarios en Argentina? El <strong>44% de los especialistas en recursos humanos tiene previsto aumentar los salarios<\/strong> en lo que resta del a\u00f1o. Este porcentaje es 19 puntos porcentuales m\u00e1s bajo que en 2024, donde el 63% de los especialistas ten\u00eda previsto aumentar los salarios. Esta baja va en l\u00ednea con la desaceleraci\u00f3n de la inflaci\u00f3n: la acumulada hasta junio de 2024 era de 79,8% mientras que en 2025 es de 15,1%.&nbsp;<\/p>\n\n\n\n<figure class=\"wp-block-image size-large\"><img loading=\"lazy\" decoding=\"async\" width=\"1024\" height=\"523\" src=\"https:\/\/sergiolapegue.com\/site\/wp-content\/uploads\/2025\/08\/05-1024x523.jpg\" alt=\"\" class=\"wp-image-25047\" srcset=\"https:\/\/sergiolapegue.com\/site\/wp-content\/uploads\/2025\/08\/05-1024x523.jpg 1024w, https:\/\/sergiolapegue.com\/site\/wp-content\/uploads\/2025\/08\/05-300x153.jpg 300w, https:\/\/sergiolapegue.com\/site\/wp-content\/uploads\/2025\/08\/05-768x393.jpg 768w, https:\/\/sergiolapegue.com\/site\/wp-content\/uploads\/2025\/08\/05-822x420.jpg 822w, https:\/\/sergiolapegue.com\/site\/wp-content\/uploads\/2025\/08\/05-696x356.jpg 696w, https:\/\/sergiolapegue.com\/site\/wp-content\/uploads\/2025\/08\/05-1068x546.jpg 1068w, https:\/\/sergiolapegue.com\/site\/wp-content\/uploads\/2025\/08\/05.jpg 1158w\" sizes=\"auto, (max-width: 1024px) 100vw, 1024px\" \/><\/figure>\n\n\n\n<p>En cuanto al tipo de incremento que tienen planificado, el <strong>75% indica que ser\u00e1 una actualizaci\u00f3n por inflaci\u00f3n<\/strong>; el 15% menciona un aumento real; y el 10% considera ambos tipos de incremento. Esto significa que solo el 25% de las organizaciones prev\u00e9 dar aumentos reales a sus talentos.<\/p>\n\n\n\n<p>En 2024, el 72% de los especialistas mencionaba que los aumentos planificados eran por actualizaci\u00f3n por inflaci\u00f3n; tan solo el 28% de los especialistas planificaba un aumento real.<\/p>\n\n\n\n<figure class=\"wp-block-image size-large\"><img loading=\"lazy\" decoding=\"async\" width=\"1024\" height=\"554\" src=\"https:\/\/sergiolapegue.com\/site\/wp-content\/uploads\/2025\/08\/06-1024x554.jpg\" alt=\"\" class=\"wp-image-25048\" srcset=\"https:\/\/sergiolapegue.com\/site\/wp-content\/uploads\/2025\/08\/06-1024x554.jpg 1024w, https:\/\/sergiolapegue.com\/site\/wp-content\/uploads\/2025\/08\/06-300x162.jpg 300w, https:\/\/sergiolapegue.com\/site\/wp-content\/uploads\/2025\/08\/06-768x415.jpg 768w, https:\/\/sergiolapegue.com\/site\/wp-content\/uploads\/2025\/08\/06-776x420.jpg 776w, https:\/\/sergiolapegue.com\/site\/wp-content\/uploads\/2025\/08\/06-696x376.jpg 696w, https:\/\/sergiolapegue.com\/site\/wp-content\/uploads\/2025\/08\/06.jpg 1039w\" sizes=\"auto, (max-width: 1024px) 100vw, 1024px\" \/><\/figure>\n\n\n\n<p>En el resto de los pa\u00edses de la regi\u00f3n el porcentaje de aumentos planificados es menor: en Chile el 23% de los especialistas dice que planean aumentar los salarios; en Panam\u00e1 el 20%; en Per\u00fa el 17%; y en Chile el 14%.&nbsp;<\/p>\n\n\n\n<p>\u00bfCu\u00e1nto tienen previsto aumentar los salarios en Argentina? El <strong>49% menciona un incremento de menos del 10%<\/strong>, el 26% proyecta un aumento del 10%, y el 13% planea un aumento del 20%.<\/p>\n\n\n\n<figure class=\"wp-block-image size-large\"><img loading=\"lazy\" decoding=\"async\" width=\"1024\" height=\"567\" src=\"https:\/\/sergiolapegue.com\/site\/wp-content\/uploads\/2025\/08\/07-1024x567.jpg\" alt=\"\" class=\"wp-image-25049\" srcset=\"https:\/\/sergiolapegue.com\/site\/wp-content\/uploads\/2025\/08\/07-1024x567.jpg 1024w, https:\/\/sergiolapegue.com\/site\/wp-content\/uploads\/2025\/08\/07-300x166.jpg 300w, https:\/\/sergiolapegue.com\/site\/wp-content\/uploads\/2025\/08\/07-768x425.jpg 768w, https:\/\/sergiolapegue.com\/site\/wp-content\/uploads\/2025\/08\/07-758x420.jpg 758w, https:\/\/sergiolapegue.com\/site\/wp-content\/uploads\/2025\/08\/07-696x385.jpg 696w, https:\/\/sergiolapegue.com\/site\/wp-content\/uploads\/2025\/08\/07-1068x591.jpg 1068w, https:\/\/sergiolapegue.com\/site\/wp-content\/uploads\/2025\/08\/07.jpg 1161w\" sizes=\"auto, (max-width: 1024px) 100vw, 1024px\" \/><\/figure>\n\n\n\n<p><strong>El 52% de los especialistas cree que las pol\u00edticas laborales del gobierno son malas o muy malas<\/strong><\/p>\n\n\n\n<p>En cuanto a las nuevas pol\u00edticas laborales del gobierno, el 52% de los especialistas cree que son malas o muy malas; el 25% las eval\u00faa como regulares; y el 23% las considera buenas o muy buenas.&nbsp;<\/p>\n\n\n\n<p>Respecto al <strong>impacto que tuvieron estas pol\u00edticas<\/strong>, el 53% considera que hasta el momento ha sido negativo; el 30% regular; y tan solo el 17% lo califica como positivo. Una tendencia similar se identifica en cuanto a la proyecci\u00f3n para los pr\u00f3ximos meses, el 50% cree que el impacto para el resto del a\u00f1o va a ser negativo; el 26% regular; y el 24% positivo.&nbsp;<\/p>\n\n\n\n<p>La <strong>aceptaci\u00f3n de las pol\u00edticas y la percepci\u00f3n positiva de su impacto decreci\u00f3 respecto al a\u00f1o pasado<\/strong>. En 2024, el 43% cre\u00eda que el impacto durante el primer semestre hab\u00eda sido regular; el 29% que hab\u00eda sido positivo; y el 27% negativo. En cuanto a la proyecci\u00f3n para el segundo semestre, el 45% cre\u00eda que iban a tener un impacto positivo; el 33% regular; y el 22% negativo.&nbsp;&nbsp;&nbsp;&nbsp;<\/p>\n\n\n\n<p>\u00bfCu\u00e1l es la opini\u00f3n de las personas trabajadoras? El <strong>55% de los talentos califica las pol\u00edticas laborales del gobierno como malas o muy malas<\/strong>, el 25% las eval\u00faa como regulares, y el 20% las considera buenas o muy buenas. La opini\u00f3n negativa creci\u00f3 en comparaci\u00f3n a 2024, donde el 43% de los talentos calificaba las pol\u00edticas como malas; el 34% como positivas; y el 23% como regulares.&nbsp;&nbsp;<\/p>\n\n\n\n<figure class=\"wp-block-image size-full\"><img loading=\"lazy\" decoding=\"async\" width=\"954\" height=\"474\" src=\"https:\/\/sergiolapegue.com\/site\/wp-content\/uploads\/2025\/08\/08.jpg\" alt=\"\" class=\"wp-image-25050\" srcset=\"https:\/\/sergiolapegue.com\/site\/wp-content\/uploads\/2025\/08\/08.jpg 954w, https:\/\/sergiolapegue.com\/site\/wp-content\/uploads\/2025\/08\/08-300x149.jpg 300w, https:\/\/sergiolapegue.com\/site\/wp-content\/uploads\/2025\/08\/08-768x382.jpg 768w, https:\/\/sergiolapegue.com\/site\/wp-content\/uploads\/2025\/08\/08-845x420.jpg 845w, https:\/\/sergiolapegue.com\/site\/wp-content\/uploads\/2025\/08\/08-696x346.jpg 696w\" sizes=\"auto, (max-width: 954px) 100vw, 954px\" \/><\/figure>\n\n\n\n<p>En lo que respecta al<strong> impacto que tuvieron estas pol\u00edticas<\/strong>, el 57% de los talentos considera que hasta el momento ha sido negativo; mientras que el 31% lo califica como regular; y tan s\u00f3lo el 12% lo califica como positivo.<\/p>\n\n\n\n<p>La <strong>opini\u00f3n respecto al impacto de las pol\u00edticas es m\u00e1s pesimista que en&nbsp; 2024<\/strong>, cuando el 48% de los talentos consideraba que el impacto de las pol\u00edticas hab\u00eda sido negativo; el 38% lo calificaba como regular; y el 15% positivo.&nbsp;<\/p>\n\n\n\n<figure class=\"wp-block-image size-large\"><img loading=\"lazy\" decoding=\"async\" width=\"1024\" height=\"505\" src=\"https:\/\/sergiolapegue.com\/site\/wp-content\/uploads\/2025\/08\/09-1024x505.jpg\" alt=\"\" class=\"wp-image-25051\" srcset=\"https:\/\/sergiolapegue.com\/site\/wp-content\/uploads\/2025\/08\/09-1024x505.jpg 1024w, https:\/\/sergiolapegue.com\/site\/wp-content\/uploads\/2025\/08\/09-300x148.jpg 300w, https:\/\/sergiolapegue.com\/site\/wp-content\/uploads\/2025\/08\/09-768x379.jpg 768w, https:\/\/sergiolapegue.com\/site\/wp-content\/uploads\/2025\/08\/09-852x420.jpg 852w, https:\/\/sergiolapegue.com\/site\/wp-content\/uploads\/2025\/08\/09-696x343.jpg 696w, https:\/\/sergiolapegue.com\/site\/wp-content\/uploads\/2025\/08\/09-1068x527.jpg 1068w, https:\/\/sergiolapegue.com\/site\/wp-content\/uploads\/2025\/08\/09.jpg 1073w\" sizes=\"auto, (max-width: 1024px) 100vw, 1024px\" \/><\/figure>\n\n\n\n<p>\u00bfCu\u00e1l es la <strong>proyecci\u00f3n para el segundo semestre del a\u00f1o<\/strong>? El 54% de los talentos cree que habr\u00e1 una evoluci\u00f3n negativa del mercado; el 24% prev\u00e9 un escenario regular; y el 22%, positivo.<\/p>\n\n\n\n<figure class=\"wp-block-image size-full\"><img loading=\"lazy\" decoding=\"async\" width=\"962\" height=\"581\" src=\"https:\/\/sergiolapegue.com\/site\/wp-content\/uploads\/2025\/08\/10.jpg\" alt=\"\" class=\"wp-image-25052\" srcset=\"https:\/\/sergiolapegue.com\/site\/wp-content\/uploads\/2025\/08\/10.jpg 962w, https:\/\/sergiolapegue.com\/site\/wp-content\/uploads\/2025\/08\/10-300x181.jpg 300w, https:\/\/sergiolapegue.com\/site\/wp-content\/uploads\/2025\/08\/10-768x464.jpg 768w, https:\/\/sergiolapegue.com\/site\/wp-content\/uploads\/2025\/08\/10-695x420.jpg 695w, https:\/\/sergiolapegue.com\/site\/wp-content\/uploads\/2025\/08\/10-696x420.jpg 696w\" sizes=\"auto, (max-width: 962px) 100vw, 962px\" \/><\/figure>\n\n\n\n<p><strong>Salarios y contrataciones: como fue el primer semestre seg\u00fan los talentos&nbsp;<\/strong><\/p>\n\n\n\n<p>El <strong>58% de las personas trabajadoras afirma no haber experimentado un aumento salarial en lo que va del a\u00f1o<\/strong>, mientras que el 42% dice que s\u00ed, el porcentaje m\u00e1s alto de la regi\u00f3n. En el resto de los pa\u00edses de la regi\u00f3n el porcentaje de quienes s\u00ed recibieron un aumento es menor: en Panam\u00e1, el 19%; en Ecuador, el 21%; en Chile, el 30%; y en Per\u00fa, el 36%.<\/p>\n\n\n\n<figure class=\"wp-block-image size-large\"><img loading=\"lazy\" decoding=\"async\" width=\"1024\" height=\"546\" src=\"https:\/\/sergiolapegue.com\/site\/wp-content\/uploads\/2025\/08\/11-1024x546.jpg\" alt=\"\" class=\"wp-image-25053\" srcset=\"https:\/\/sergiolapegue.com\/site\/wp-content\/uploads\/2025\/08\/11-1024x546.jpg 1024w, https:\/\/sergiolapegue.com\/site\/wp-content\/uploads\/2025\/08\/11-300x160.jpg 300w, https:\/\/sergiolapegue.com\/site\/wp-content\/uploads\/2025\/08\/11-768x409.jpg 768w, https:\/\/sergiolapegue.com\/site\/wp-content\/uploads\/2025\/08\/11-788x420.jpg 788w, https:\/\/sergiolapegue.com\/site\/wp-content\/uploads\/2025\/08\/11-696x371.jpg 696w, https:\/\/sergiolapegue.com\/site\/wp-content\/uploads\/2025\/08\/11-1068x569.jpg 1068w, https:\/\/sergiolapegue.com\/site\/wp-content\/uploads\/2025\/08\/11.jpg 1192w\" sizes=\"auto, (max-width: 1024px) 100vw, 1024px\" \/><\/figure>\n\n\n\n<p>Entre aquellos que recibieron un aumento de sueldo, <strong>el 71% indica que fue una actualizaci\u00f3n por inflaci\u00f3n<\/strong>. Por otro lado, el 15% menciona que fue un aumento real; y el 14% se\u00f1ala que fue por ambos motivos, los porcentajes m\u00e1s bajos de la regi\u00f3n. En Per\u00fa el 69% de los talentos recibi\u00f3 un aumento real; en Chile y Ecuador el 53%; y en Panam\u00e1 el 51%.&nbsp;<\/p>\n\n\n\n<p>Respecto al porcentaje de aumento, el 48% de los talentos menciona que fue de menos del 10%; el 23% dice que fue del 10%; y el 22% menciona que fue entre el 20% y 30%.&nbsp;<\/p>\n\n\n\n<p>En cuanto a los <strong>ascensos<\/strong>, <strong>el 94% de los trabajadores afirma no haber tenido ninguno durante este a\u00f1o<\/strong>, una tendencia muy similar a la de la regi\u00f3n. En Chile el 93% de los talentos no tuvo un ascenso; en Panam\u00e1 el 92%; en Ecuador el 91%; y en Per\u00fa el 82%.&nbsp;<\/p>\n\n\n\n<figure class=\"wp-block-image size-large\"><img loading=\"lazy\" decoding=\"async\" width=\"1024\" height=\"514\" src=\"https:\/\/sergiolapegue.com\/site\/wp-content\/uploads\/2025\/08\/12-1024x514.jpg\" alt=\"\" class=\"wp-image-25054\" srcset=\"https:\/\/sergiolapegue.com\/site\/wp-content\/uploads\/2025\/08\/12-1024x514.jpg 1024w, https:\/\/sergiolapegue.com\/site\/wp-content\/uploads\/2025\/08\/12-300x150.jpg 300w, https:\/\/sergiolapegue.com\/site\/wp-content\/uploads\/2025\/08\/12-768x385.jpg 768w, https:\/\/sergiolapegue.com\/site\/wp-content\/uploads\/2025\/08\/12-837x420.jpg 837w, https:\/\/sergiolapegue.com\/site\/wp-content\/uploads\/2025\/08\/12-696x349.jpg 696w, https:\/\/sergiolapegue.com\/site\/wp-content\/uploads\/2025\/08\/12-1068x536.jpg 1068w, https:\/\/sergiolapegue.com\/site\/wp-content\/uploads\/2025\/08\/12.jpg 1214w\" sizes=\"auto, (max-width: 1024px) 100vw, 1024px\" \/><\/figure>\n\n\n\n<p>El <strong>69% de los talentos afirma que en su organizaci\u00f3n han ocurrido despidos en lo que va del a\u00f1o, 11 puntos porcentuales por encima del 2024<\/strong>. Por otro lado, el 31% dice que no sucedi\u00f3 en su trabajo.&nbsp;<\/p>\n\n\n\n<p><strong>En comparaci\u00f3n con el resto de los pa\u00edses de la regi\u00f3n, el porcentaje de despidos es el m\u00e1s bajo de la regi\u00f3n<\/strong>, le sigue Per\u00fa con el 72%; Ecuador con el 73%; Panam\u00e1 con el 77%; y Chile con el 78%.&nbsp;&nbsp;&nbsp;<\/p>\n\n\n\n<figure class=\"wp-block-image size-large\"><img loading=\"lazy\" decoding=\"async\" width=\"1024\" height=\"581\" src=\"https:\/\/sergiolapegue.com\/site\/wp-content\/uploads\/2025\/08\/13-1024x581.jpg\" alt=\"\" class=\"wp-image-25055\" srcset=\"https:\/\/sergiolapegue.com\/site\/wp-content\/uploads\/2025\/08\/13-1024x581.jpg 1024w, https:\/\/sergiolapegue.com\/site\/wp-content\/uploads\/2025\/08\/13-300x170.jpg 300w, https:\/\/sergiolapegue.com\/site\/wp-content\/uploads\/2025\/08\/13-768x435.jpg 768w, https:\/\/sergiolapegue.com\/site\/wp-content\/uploads\/2025\/08\/13-741x420.jpg 741w, https:\/\/sergiolapegue.com\/site\/wp-content\/uploads\/2025\/08\/13-696x395.jpg 696w, https:\/\/sergiolapegue.com\/site\/wp-content\/uploads\/2025\/08\/13-1068x606.jpg 1068w, https:\/\/sergiolapegue.com\/site\/wp-content\/uploads\/2025\/08\/13.jpg 1231w\" sizes=\"auto, (max-width: 1024px) 100vw, 1024px\" \/><\/figure>\n\n\n\n<p><strong><em>Acerca de Bumeran:&nbsp;<\/em><\/strong><\/p>\n\n\n\n<p><em>Bumeran es la app para encontrar trabajo l\u00edder de Argentina y es parte de la red de empleo m\u00e1s grande de Am\u00e9rica Latina con presencia en cinco pa\u00edses: Argentina, Chile, Ecuador, Panam\u00e1 y Per\u00fa. Estos sitios ofrecen m\u00e1s de 126.000 ofertas de empleo y reciben m\u00e1s de 60 millones de visitas por mes.&nbsp;<\/em><\/p>\n\n\n\n<p><em>Bumeran es parte de Jobint, la HR tech que combina las mejores marcas y productos de tecnolog\u00eda del sector para dar una soluci\u00f3n integral a las necesidades del mundo de los recursos humanos en Latinoam\u00e9rica.<\/em><\/p>\n","protected":false},"excerpt":{"rendered":"<p>El 31% de los especialistas en recursos humanos reducir\u00e1 la plantilla en lo que resta del a\u00f1o. Adem\u00e1s el 66% reporta haber realizado despidos en el primer semestre del a\u00f1o. \u00bfLos motivos? El 36% por reducci\u00f3n de costos; y el 25% por desempe\u00f1o insuficiente. Los datos se desprenden del estudio Salarios y Contrataciones de Bumeran, [&hellip;]<\/p>\n","protected":false},"author":4,"featured_media":25056,"comment_status":"closed","ping_status":"closed","sticky":false,"template":"","format":"standard","meta":{"footnotes":""},"categories":[38],"tags":[4500,1479,4501,1413,4417,2170,76],"class_list":{"0":"post-25040","1":"post","2":"type-post","3":"status-publish","4":"format-standard","5":"has-post-thumbnail","7":"category-actualidad","8":"tag-despido","9":"tag-empleado","10":"tag-empleador","11":"tag-plata","12":"tag-recursos-humanos","13":"tag-salario","14":"tag-trabajo"},"yoast_head":"<!-- This site is optimized with the Yoast SEO plugin v27.4 - https:\/\/yoast.com\/product\/yoast-seo-wordpress\/ -->\n<title>El 31% de los especialistas en Recursos Humanos reducir\u00e1 la plantilla en lo que resta del a\u00f1o - Sergio Lapegue<\/title>\n<meta name=\"robots\" content=\"index, follow, max-snippet:-1, max-image-preview:large, max-video-preview:-1\" \/>\n<link rel=\"canonical\" href=\"https:\/\/sergiolapegue.com\/site\/2025\/09\/03\/el-31-de-los-especialistas-en-recursos-humanos-reducira-la-plantilla-en-lo-que-resta-del-ano\/\" \/>\n<meta property=\"og:locale\" content=\"es_ES\" \/>\n<meta property=\"og:type\" content=\"article\" \/>\n<meta property=\"og:title\" content=\"El 31% de los especialistas en Recursos Humanos reducir\u00e1 la plantilla en lo que resta del a\u00f1o - Sergio Lapegue\" \/>\n<meta property=\"og:description\" content=\"El 31% de los especialistas en recursos humanos reducir\u00e1 la plantilla en lo que resta del a\u00f1o. Adem\u00e1s el 66% reporta haber realizado despidos en el primer semestre del a\u00f1o. \u00bfLos motivos? El 36% por reducci\u00f3n de costos; y el 25% por desempe\u00f1o insuficiente. Los datos se desprenden del estudio Salarios y Contrataciones de Bumeran, [&hellip;]\" \/>\n<meta property=\"og:url\" content=\"https:\/\/sergiolapegue.com\/site\/2025\/09\/03\/el-31-de-los-especialistas-en-recursos-humanos-reducira-la-plantilla-en-lo-que-resta-del-ano\/\" \/>\n<meta property=\"og:site_name\" content=\"Sergio Lapegue\" \/>\n<meta property=\"article:publisher\" content=\"https:\/\/facebook.com\/sergiolapegue\" \/>\n<meta property=\"article:published_time\" content=\"2025-09-03T12:29:00+00:00\" \/>\n<meta property=\"og:image\" content=\"https:\/\/sergiolapegue.com\/site\/wp-content\/uploads\/2025\/08\/despido01.webp\" \/>\n\t<meta property=\"og:image:width\" content=\"980\" \/>\n\t<meta property=\"og:image:height\" content=\"490\" \/>\n\t<meta property=\"og:image:type\" content=\"image\/webp\" \/>\n<meta name=\"author\" content=\"Leonardo Monta\u00f1a\" \/>\n<meta name=\"twitter:card\" content=\"summary_large_image\" \/>\n<meta name=\"twitter:creator\" content=\"@https:\/\/twitter.com\/soytoto81\" \/>\n<meta name=\"twitter:site\" content=\"@sergiolapegue\" \/>\n<meta name=\"twitter:label1\" content=\"Escrito por\" \/>\n\t<meta name=\"twitter:data1\" content=\"Leonardo Monta\u00f1a\" \/>\n\t<meta name=\"twitter:label2\" content=\"Tiempo de lectura\" \/>\n\t<meta name=\"twitter:data2\" content=\"11 minutos\" \/>\n<script type=\"application\/ld+json\" class=\"yoast-schema-graph\">{\"@context\":\"https:\\\/\\\/schema.org\",\"@graph\":[{\"@type\":\"Article\",\"@id\":\"https:\\\/\\\/sergiolapegue.com\\\/site\\\/2025\\\/09\\\/03\\\/el-31-de-los-especialistas-en-recursos-humanos-reducira-la-plantilla-en-lo-que-resta-del-ano\\\/#article\",\"isPartOf\":{\"@id\":\"https:\\\/\\\/sergiolapegue.com\\\/site\\\/2025\\\/09\\\/03\\\/el-31-de-los-especialistas-en-recursos-humanos-reducira-la-plantilla-en-lo-que-resta-del-ano\\\/\"},\"author\":{\"name\":\"Leonardo Monta\u00f1a\",\"@id\":\"https:\\\/\\\/sergiolapegue.com\\\/site\\\/#\\\/schema\\\/person\\\/00adf937d010c7f79a180dc4916a40e0\"},\"headline\":\"El 31% de los especialistas en Recursos Humanos reducir\u00e1 la plantilla en lo que resta del a\u00f1o\",\"datePublished\":\"2025-09-03T12:29:00+00:00\",\"mainEntityOfPage\":{\"@id\":\"https:\\\/\\\/sergiolapegue.com\\\/site\\\/2025\\\/09\\\/03\\\/el-31-de-los-especialistas-en-recursos-humanos-reducira-la-plantilla-en-lo-que-resta-del-ano\\\/\"},\"wordCount\":1651,\"publisher\":{\"@id\":\"https:\\\/\\\/sergiolapegue.com\\\/site\\\/#\\\/schema\\\/person\\\/083aeceeb0734cd166779ea6c0551a37\"},\"image\":{\"@id\":\"https:\\\/\\\/sergiolapegue.com\\\/site\\\/2025\\\/09\\\/03\\\/el-31-de-los-especialistas-en-recursos-humanos-reducira-la-plantilla-en-lo-que-resta-del-ano\\\/#primaryimage\"},\"thumbnailUrl\":\"https:\\\/\\\/sergiolapegue.com\\\/site\\\/wp-content\\\/uploads\\\/2025\\\/08\\\/despido01.webp\",\"keywords\":[\"despido\",\"empleado\",\"empleador\",\"plata\",\"recursos humanos\",\"salario\",\"trabajo\"],\"articleSection\":[\"Actualidad\"],\"inLanguage\":\"es-AR\"},{\"@type\":\"WebPage\",\"@id\":\"https:\\\/\\\/sergiolapegue.com\\\/site\\\/2025\\\/09\\\/03\\\/el-31-de-los-especialistas-en-recursos-humanos-reducira-la-plantilla-en-lo-que-resta-del-ano\\\/\",\"url\":\"https:\\\/\\\/sergiolapegue.com\\\/site\\\/2025\\\/09\\\/03\\\/el-31-de-los-especialistas-en-recursos-humanos-reducira-la-plantilla-en-lo-que-resta-del-ano\\\/\",\"name\":\"El 31% de los especialistas en Recursos Humanos reducir\u00e1 la plantilla en lo que resta del a\u00f1o - Sergio Lapegue\",\"isPartOf\":{\"@id\":\"https:\\\/\\\/sergiolapegue.com\\\/site\\\/#website\"},\"primaryImageOfPage\":{\"@id\":\"https:\\\/\\\/sergiolapegue.com\\\/site\\\/2025\\\/09\\\/03\\\/el-31-de-los-especialistas-en-recursos-humanos-reducira-la-plantilla-en-lo-que-resta-del-ano\\\/#primaryimage\"},\"image\":{\"@id\":\"https:\\\/\\\/sergiolapegue.com\\\/site\\\/2025\\\/09\\\/03\\\/el-31-de-los-especialistas-en-recursos-humanos-reducira-la-plantilla-en-lo-que-resta-del-ano\\\/#primaryimage\"},\"thumbnailUrl\":\"https:\\\/\\\/sergiolapegue.com\\\/site\\\/wp-content\\\/uploads\\\/2025\\\/08\\\/despido01.webp\",\"datePublished\":\"2025-09-03T12:29:00+00:00\",\"breadcrumb\":{\"@id\":\"https:\\\/\\\/sergiolapegue.com\\\/site\\\/2025\\\/09\\\/03\\\/el-31-de-los-especialistas-en-recursos-humanos-reducira-la-plantilla-en-lo-que-resta-del-ano\\\/#breadcrumb\"},\"inLanguage\":\"es-AR\",\"potentialAction\":[{\"@type\":\"ReadAction\",\"target\":[\"https:\\\/\\\/sergiolapegue.com\\\/site\\\/2025\\\/09\\\/03\\\/el-31-de-los-especialistas-en-recursos-humanos-reducira-la-plantilla-en-lo-que-resta-del-ano\\\/\"]}]},{\"@type\":\"ImageObject\",\"inLanguage\":\"es-AR\",\"@id\":\"https:\\\/\\\/sergiolapegue.com\\\/site\\\/2025\\\/09\\\/03\\\/el-31-de-los-especialistas-en-recursos-humanos-reducira-la-plantilla-en-lo-que-resta-del-ano\\\/#primaryimage\",\"url\":\"https:\\\/\\\/sergiolapegue.com\\\/site\\\/wp-content\\\/uploads\\\/2025\\\/08\\\/despido01.webp\",\"contentUrl\":\"https:\\\/\\\/sergiolapegue.com\\\/site\\\/wp-content\\\/uploads\\\/2025\\\/08\\\/despido01.webp\",\"width\":980,\"height\":490},{\"@type\":\"BreadcrumbList\",\"@id\":\"https:\\\/\\\/sergiolapegue.com\\\/site\\\/2025\\\/09\\\/03\\\/el-31-de-los-especialistas-en-recursos-humanos-reducira-la-plantilla-en-lo-que-resta-del-ano\\\/#breadcrumb\",\"itemListElement\":[{\"@type\":\"ListItem\",\"position\":1,\"name\":\"Inicio\",\"item\":\"https:\\\/\\\/sergiolapegue.com\\\/site\\\/\"},{\"@type\":\"ListItem\",\"position\":2,\"name\":\"El 31% de los especialistas en Recursos Humanos reducir\u00e1 la plantilla en lo que resta del a\u00f1o\"}]},{\"@type\":\"WebSite\",\"@id\":\"https:\\\/\\\/sergiolapegue.com\\\/site\\\/#website\",\"url\":\"https:\\\/\\\/sergiolapegue.com\\\/site\\\/\",\"name\":\"Sergio Lapegue\",\"description\":\"Periodista\",\"publisher\":{\"@id\":\"https:\\\/\\\/sergiolapegue.com\\\/site\\\/#\\\/schema\\\/person\\\/083aeceeb0734cd166779ea6c0551a37\"},\"potentialAction\":[{\"@type\":\"SearchAction\",\"target\":{\"@type\":\"EntryPoint\",\"urlTemplate\":\"https:\\\/\\\/sergiolapegue.com\\\/site\\\/?s={search_term_string}\"},\"query-input\":{\"@type\":\"PropertyValueSpecification\",\"valueRequired\":true,\"valueName\":\"search_term_string\"}}],\"inLanguage\":\"es-AR\"},{\"@type\":[\"Person\",\"Organization\"],\"@id\":\"https:\\\/\\\/sergiolapegue.com\\\/site\\\/#\\\/schema\\\/person\\\/083aeceeb0734cd166779ea6c0551a37\",\"name\":\"Sergio Lapegue\",\"image\":{\"@type\":\"ImageObject\",\"inLanguage\":\"es-AR\",\"@id\":\"https:\\\/\\\/sergiolapegue.com\\\/site\\\/wp-content\\\/uploads\\\/2021\\\/04\\\/logo_header-1.png\",\"url\":\"https:\\\/\\\/sergiolapegue.com\\\/site\\\/wp-content\\\/uploads\\\/2021\\\/04\\\/logo_header-1.png\",\"contentUrl\":\"https:\\\/\\\/sergiolapegue.com\\\/site\\\/wp-content\\\/uploads\\\/2021\\\/04\\\/logo_header-1.png\",\"width\":272,\"height\":90,\"caption\":\"Sergio Lapegue\"},\"logo\":{\"@id\":\"https:\\\/\\\/sergiolapegue.com\\\/site\\\/wp-content\\\/uploads\\\/2021\\\/04\\\/logo_header-1.png\"},\"sameAs\":[\"https:\\\/\\\/facebook.com\\\/sergiolapegue\",\"https:\\\/\\\/instagram.com\\\/sergiolapegue\",\"https:\\\/\\\/x.com\\\/https:\\\/\\\/twitter.com\\\/sergiolapegue\"]},{\"@type\":\"Person\",\"@id\":\"https:\\\/\\\/sergiolapegue.com\\\/site\\\/#\\\/schema\\\/person\\\/00adf937d010c7f79a180dc4916a40e0\",\"name\":\"Leonardo Monta\u00f1a\",\"image\":{\"@type\":\"ImageObject\",\"inLanguage\":\"es-AR\",\"@id\":\"https:\\\/\\\/sergiolapegue.com\\\/site\\\/wp-content\\\/uploads\\\/2021\\\/04\\\/sl_avatar_Leonardo-150x150.jpg\",\"url\":\"https:\\\/\\\/sergiolapegue.com\\\/site\\\/wp-content\\\/uploads\\\/2021\\\/04\\\/sl_avatar_Leonardo-150x150.jpg\",\"contentUrl\":\"https:\\\/\\\/sergiolapegue.com\\\/site\\\/wp-content\\\/uploads\\\/2021\\\/04\\\/sl_avatar_Leonardo-150x150.jpg\",\"caption\":\"Leonardo Monta\u00f1a\"},\"sameAs\":[\"https:\\\/\\\/x.com\\\/https:\\\/\\\/twitter.com\\\/soytoto81\"],\"url\":\"https:\\\/\\\/sergiolapegue.com\\\/site\\\/author\\\/leonardo\\\/\"}]}<\/script>\n<!-- \/ Yoast SEO plugin. -->","yoast_head_json":{"title":"El 31% de los especialistas en Recursos Humanos reducir\u00e1 la plantilla en lo que resta del a\u00f1o - Sergio Lapegue","robots":{"index":"index","follow":"follow","max-snippet":"max-snippet:-1","max-image-preview":"max-image-preview:large","max-video-preview":"max-video-preview:-1"},"canonical":"https:\/\/sergiolapegue.com\/site\/2025\/09\/03\/el-31-de-los-especialistas-en-recursos-humanos-reducira-la-plantilla-en-lo-que-resta-del-ano\/","og_locale":"es_ES","og_type":"article","og_title":"El 31% de los especialistas en Recursos Humanos reducir\u00e1 la plantilla en lo que resta del a\u00f1o - Sergio Lapegue","og_description":"El 31% de los especialistas en recursos humanos reducir\u00e1 la plantilla en lo que resta del a\u00f1o. Adem\u00e1s el 66% reporta haber realizado despidos en el primer semestre del a\u00f1o. \u00bfLos motivos? El 36% por reducci\u00f3n de costos; y el 25% por desempe\u00f1o insuficiente. Los datos se desprenden del estudio Salarios y Contrataciones de Bumeran, [&hellip;]","og_url":"https:\/\/sergiolapegue.com\/site\/2025\/09\/03\/el-31-de-los-especialistas-en-recursos-humanos-reducira-la-plantilla-en-lo-que-resta-del-ano\/","og_site_name":"Sergio Lapegue","article_publisher":"https:\/\/facebook.com\/sergiolapegue","article_published_time":"2025-09-03T12:29:00+00:00","og_image":[{"width":980,"height":490,"url":"https:\/\/sergiolapegue.com\/site\/wp-content\/uploads\/2025\/08\/despido01.webp","type":"image\/webp"}],"author":"Leonardo Monta\u00f1a","twitter_card":"summary_large_image","twitter_creator":"@https:\/\/twitter.com\/soytoto81","twitter_site":"@sergiolapegue","twitter_misc":{"Escrito por":"Leonardo Monta\u00f1a","Tiempo de lectura":"11 minutos"},"schema":{"@context":"https:\/\/schema.org","@graph":[{"@type":"Article","@id":"https:\/\/sergiolapegue.com\/site\/2025\/09\/03\/el-31-de-los-especialistas-en-recursos-humanos-reducira-la-plantilla-en-lo-que-resta-del-ano\/#article","isPartOf":{"@id":"https:\/\/sergiolapegue.com\/site\/2025\/09\/03\/el-31-de-los-especialistas-en-recursos-humanos-reducira-la-plantilla-en-lo-que-resta-del-ano\/"},"author":{"name":"Leonardo Monta\u00f1a","@id":"https:\/\/sergiolapegue.com\/site\/#\/schema\/person\/00adf937d010c7f79a180dc4916a40e0"},"headline":"El 31% de los especialistas en Recursos Humanos reducir\u00e1 la plantilla en lo que resta del a\u00f1o","datePublished":"2025-09-03T12:29:00+00:00","mainEntityOfPage":{"@id":"https:\/\/sergiolapegue.com\/site\/2025\/09\/03\/el-31-de-los-especialistas-en-recursos-humanos-reducira-la-plantilla-en-lo-que-resta-del-ano\/"},"wordCount":1651,"publisher":{"@id":"https:\/\/sergiolapegue.com\/site\/#\/schema\/person\/083aeceeb0734cd166779ea6c0551a37"},"image":{"@id":"https:\/\/sergiolapegue.com\/site\/2025\/09\/03\/el-31-de-los-especialistas-en-recursos-humanos-reducira-la-plantilla-en-lo-que-resta-del-ano\/#primaryimage"},"thumbnailUrl":"https:\/\/sergiolapegue.com\/site\/wp-content\/uploads\/2025\/08\/despido01.webp","keywords":["despido","empleado","empleador","plata","recursos humanos","salario","trabajo"],"articleSection":["Actualidad"],"inLanguage":"es-AR"},{"@type":"WebPage","@id":"https:\/\/sergiolapegue.com\/site\/2025\/09\/03\/el-31-de-los-especialistas-en-recursos-humanos-reducira-la-plantilla-en-lo-que-resta-del-ano\/","url":"https:\/\/sergiolapegue.com\/site\/2025\/09\/03\/el-31-de-los-especialistas-en-recursos-humanos-reducira-la-plantilla-en-lo-que-resta-del-ano\/","name":"El 31% de los especialistas en Recursos Humanos reducir\u00e1 la plantilla en lo que resta del a\u00f1o - Sergio Lapegue","isPartOf":{"@id":"https:\/\/sergiolapegue.com\/site\/#website"},"primaryImageOfPage":{"@id":"https:\/\/sergiolapegue.com\/site\/2025\/09\/03\/el-31-de-los-especialistas-en-recursos-humanos-reducira-la-plantilla-en-lo-que-resta-del-ano\/#primaryimage"},"image":{"@id":"https:\/\/sergiolapegue.com\/site\/2025\/09\/03\/el-31-de-los-especialistas-en-recursos-humanos-reducira-la-plantilla-en-lo-que-resta-del-ano\/#primaryimage"},"thumbnailUrl":"https:\/\/sergiolapegue.com\/site\/wp-content\/uploads\/2025\/08\/despido01.webp","datePublished":"2025-09-03T12:29:00+00:00","breadcrumb":{"@id":"https:\/\/sergiolapegue.com\/site\/2025\/09\/03\/el-31-de-los-especialistas-en-recursos-humanos-reducira-la-plantilla-en-lo-que-resta-del-ano\/#breadcrumb"},"inLanguage":"es-AR","potentialAction":[{"@type":"ReadAction","target":["https:\/\/sergiolapegue.com\/site\/2025\/09\/03\/el-31-de-los-especialistas-en-recursos-humanos-reducira-la-plantilla-en-lo-que-resta-del-ano\/"]}]},{"@type":"ImageObject","inLanguage":"es-AR","@id":"https:\/\/sergiolapegue.com\/site\/2025\/09\/03\/el-31-de-los-especialistas-en-recursos-humanos-reducira-la-plantilla-en-lo-que-resta-del-ano\/#primaryimage","url":"https:\/\/sergiolapegue.com\/site\/wp-content\/uploads\/2025\/08\/despido01.webp","contentUrl":"https:\/\/sergiolapegue.com\/site\/wp-content\/uploads\/2025\/08\/despido01.webp","width":980,"height":490},{"@type":"BreadcrumbList","@id":"https:\/\/sergiolapegue.com\/site\/2025\/09\/03\/el-31-de-los-especialistas-en-recursos-humanos-reducira-la-plantilla-en-lo-que-resta-del-ano\/#breadcrumb","itemListElement":[{"@type":"ListItem","position":1,"name":"Inicio","item":"https:\/\/sergiolapegue.com\/site\/"},{"@type":"ListItem","position":2,"name":"El 31% de los especialistas en Recursos Humanos reducir\u00e1 la plantilla en lo que resta del a\u00f1o"}]},{"@type":"WebSite","@id":"https:\/\/sergiolapegue.com\/site\/#website","url":"https:\/\/sergiolapegue.com\/site\/","name":"Sergio Lapegue","description":"Periodista","publisher":{"@id":"https:\/\/sergiolapegue.com\/site\/#\/schema\/person\/083aeceeb0734cd166779ea6c0551a37"},"potentialAction":[{"@type":"SearchAction","target":{"@type":"EntryPoint","urlTemplate":"https:\/\/sergiolapegue.com\/site\/?s={search_term_string}"},"query-input":{"@type":"PropertyValueSpecification","valueRequired":true,"valueName":"search_term_string"}}],"inLanguage":"es-AR"},{"@type":["Person","Organization"],"@id":"https:\/\/sergiolapegue.com\/site\/#\/schema\/person\/083aeceeb0734cd166779ea6c0551a37","name":"Sergio Lapegue","image":{"@type":"ImageObject","inLanguage":"es-AR","@id":"https:\/\/sergiolapegue.com\/site\/wp-content\/uploads\/2021\/04\/logo_header-1.png","url":"https:\/\/sergiolapegue.com\/site\/wp-content\/uploads\/2021\/04\/logo_header-1.png","contentUrl":"https:\/\/sergiolapegue.com\/site\/wp-content\/uploads\/2021\/04\/logo_header-1.png","width":272,"height":90,"caption":"Sergio Lapegue"},"logo":{"@id":"https:\/\/sergiolapegue.com\/site\/wp-content\/uploads\/2021\/04\/logo_header-1.png"},"sameAs":["https:\/\/facebook.com\/sergiolapegue","https:\/\/instagram.com\/sergiolapegue","https:\/\/x.com\/https:\/\/twitter.com\/sergiolapegue"]},{"@type":"Person","@id":"https:\/\/sergiolapegue.com\/site\/#\/schema\/person\/00adf937d010c7f79a180dc4916a40e0","name":"Leonardo Monta\u00f1a","image":{"@type":"ImageObject","inLanguage":"es-AR","@id":"https:\/\/sergiolapegue.com\/site\/wp-content\/uploads\/2021\/04\/sl_avatar_Leonardo-150x150.jpg","url":"https:\/\/sergiolapegue.com\/site\/wp-content\/uploads\/2021\/04\/sl_avatar_Leonardo-150x150.jpg","contentUrl":"https:\/\/sergiolapegue.com\/site\/wp-content\/uploads\/2021\/04\/sl_avatar_Leonardo-150x150.jpg","caption":"Leonardo Monta\u00f1a"},"sameAs":["https:\/\/x.com\/https:\/\/twitter.com\/soytoto81"],"url":"https:\/\/sergiolapegue.com\/site\/author\/leonardo\/"}]}},"_links":{"self":[{"href":"https:\/\/sergiolapegue.com\/site\/wp-json\/wp\/v2\/posts\/25040","targetHints":{"allow":["GET"]}}],"collection":[{"href":"https:\/\/sergiolapegue.com\/site\/wp-json\/wp\/v2\/posts"}],"about":[{"href":"https:\/\/sergiolapegue.com\/site\/wp-json\/wp\/v2\/types\/post"}],"author":[{"embeddable":true,"href":"https:\/\/sergiolapegue.com\/site\/wp-json\/wp\/v2\/users\/4"}],"replies":[{"embeddable":true,"href":"https:\/\/sergiolapegue.com\/site\/wp-json\/wp\/v2\/comments?post=25040"}],"version-history":[{"count":1,"href":"https:\/\/sergiolapegue.com\/site\/wp-json\/wp\/v2\/posts\/25040\/revisions"}],"predecessor-version":[{"id":25057,"href":"https:\/\/sergiolapegue.com\/site\/wp-json\/wp\/v2\/posts\/25040\/revisions\/25057"}],"wp:featuredmedia":[{"embeddable":true,"href":"https:\/\/sergiolapegue.com\/site\/wp-json\/wp\/v2\/media\/25056"}],"wp:attachment":[{"href":"https:\/\/sergiolapegue.com\/site\/wp-json\/wp\/v2\/media?parent=25040"}],"wp:term":[{"taxonomy":"category","embeddable":true,"href":"https:\/\/sergiolapegue.com\/site\/wp-json\/wp\/v2\/categories?post=25040"},{"taxonomy":"post_tag","embeddable":true,"href":"https:\/\/sergiolapegue.com\/site\/wp-json\/wp\/v2\/tags?post=25040"}],"curies":[{"name":"wp","href":"https:\/\/api.w.org\/{rel}","templated":true}]}}