{"id":24898,"date":"2025-09-03T01:00:00","date_gmt":"2025-09-03T04:00:00","guid":{"rendered":"https:\/\/sergiolapegue.com\/site\/?p=24898"},"modified":"2025-08-23T00:24:25","modified_gmt":"2025-08-23T03:24:25","slug":"edelmiro-molinari-en-la-fabrica-un-encuentro-legendario","status":"publish","type":"post","link":"https:\/\/sergiolapegue.com\/site\/2025\/09\/03\/edelmiro-molinari-en-la-fabrica-un-encuentro-legendario\/","title":{"rendered":"&#8220;Edelmiro Molinari en La F\u00e1brica: Un Encuentro Legendario&#8221;"},"content":{"rendered":"\n<p>El s\u00e1bado 13 de septiembre a las 20:30 hs, La F\u00e1brica (Fitz Roy 1245, Palermo) se convierte en el escenario perfecto para disfrutar de un show \u00edntimo, en vivo de Edelmiro Molinari, un artista emblem\u00e1tico de la m\u00fasica argentina.<\/p>\n\n\n\n<p><strong>\u00bfQue es La f\u00e1brica?<\/strong> Un Nuevo Punto de Encuentro para la M\u00fasica y la Cultura en Buenos Aires<\/p>\n\n\n\n<figure class=\"wp-block-image size-large\"><img loading=\"lazy\" decoding=\"async\" width=\"1024\" height=\"682\" src=\"https:\/\/sergiolapegue.com\/site\/wp-content\/uploads\/2025\/08\/WhatsApp-Image-2025-08-22-at-10.59.53-1-1024x682.jpeg\" alt=\"\" class=\"wp-image-24900\" srcset=\"https:\/\/sergiolapegue.com\/site\/wp-content\/uploads\/2025\/08\/WhatsApp-Image-2025-08-22-at-10.59.53-1-1024x682.jpeg 1024w, https:\/\/sergiolapegue.com\/site\/wp-content\/uploads\/2025\/08\/WhatsApp-Image-2025-08-22-at-10.59.53-1-300x200.jpeg 300w, https:\/\/sergiolapegue.com\/site\/wp-content\/uploads\/2025\/08\/WhatsApp-Image-2025-08-22-at-10.59.53-1-768x511.jpeg 768w, https:\/\/sergiolapegue.com\/site\/wp-content\/uploads\/2025\/08\/WhatsApp-Image-2025-08-22-at-10.59.53-1-631x420.jpeg 631w, https:\/\/sergiolapegue.com\/site\/wp-content\/uploads\/2025\/08\/WhatsApp-Image-2025-08-22-at-10.59.53-1-696x463.jpeg 696w, https:\/\/sergiolapegue.com\/site\/wp-content\/uploads\/2025\/08\/WhatsApp-Image-2025-08-22-at-10.59.53-1-1068x711.jpeg 1068w, https:\/\/sergiolapegue.com\/site\/wp-content\/uploads\/2025\/08\/WhatsApp-Image-2025-08-22-at-10.59.53-1.jpeg 1280w\" sizes=\"auto, (max-width: 1024px) 100vw, 1024px\" \/><\/figure>\n\n\n\n<p>En el coraz\u00f3n de Buenos Aires, La F\u00e1brica se presenta como un espacio innovador que combina m\u00fasica, cultura y gastronom\u00eda, ofreciendo un punto de encuentro para las generaciones que definen la m\u00fasica argentina. Con una rica historia que se remonta a la m\u00edtica casa de Charly Garc\u00eda, donde nacieron discos emblem\u00e1ticos como &#8220;Filosof\u00eda Barata y Zapatos de Goma&#8221; y &#8220;La Hija de la L\u00e1grima&#8221;, La F\u00e1brica busca recuperar el pulso cultural de la ciudad.<\/p>\n\n\n\n<p>Artistas de Todas las Generaciones: Desde leyendas como David Leb\u00f3n y Charly Garc\u00eda hasta la nueva generaci\u00f3n de artistas como Lali y Dillom, La F\u00e1brica se ha convertido en un punto de encuentro para m\u00fasicos de todas las generaciones.<\/p>\n\n\n\n<p>La F\u00e1brica cuenta con espacios dise\u00f1ados para la intimidad o el intercambio, con mesas bien dispuestas, luz baja y m\u00fasica justa que crean un clima ideal para disfrutar sin apuros.<\/p>\n\n\n\n<p>Edelmiro Molinari se presenta en un show en vivo que promete ser inolvidable.<\/p>\n\n\n\n<figure class=\"wp-block-image size-large\"><img loading=\"lazy\" decoding=\"async\" width=\"682\" height=\"1024\" src=\"https:\/\/sergiolapegue.com\/site\/wp-content\/uploads\/2025\/08\/WhatsApp-Image-2025-08-22-at-10.59.53-682x1024.jpeg\" alt=\"\" class=\"wp-image-24899\" srcset=\"https:\/\/sergiolapegue.com\/site\/wp-content\/uploads\/2025\/08\/WhatsApp-Image-2025-08-22-at-10.59.53-682x1024.jpeg 682w, https:\/\/sergiolapegue.com\/site\/wp-content\/uploads\/2025\/08\/WhatsApp-Image-2025-08-22-at-10.59.53-200x300.jpeg 200w, https:\/\/sergiolapegue.com\/site\/wp-content\/uploads\/2025\/08\/WhatsApp-Image-2025-08-22-at-10.59.53-768x1154.jpeg 768w, https:\/\/sergiolapegue.com\/site\/wp-content\/uploads\/2025\/08\/WhatsApp-Image-2025-08-22-at-10.59.53-280x420.jpeg 280w, https:\/\/sergiolapegue.com\/site\/wp-content\/uploads\/2025\/08\/WhatsApp-Image-2025-08-22-at-10.59.53-696x1046.jpeg 696w, https:\/\/sergiolapegue.com\/site\/wp-content\/uploads\/2025\/08\/WhatsApp-Image-2025-08-22-at-10.59.53.jpeg 852w\" sizes=\"auto, (max-width: 682px) 100vw, 682px\" \/><\/figure>\n\n\n\n<p>Fecha: S\u00e1bado 13 de septiembre<\/p>\n\n\n\n<p>Hora: 20:30 hs<\/p>\n\n\n\n<p>Lugar: La F\u00e1brica (Fitz Roy 1245, Palermo)<\/p>\n\n\n\n<p>Entradas: Disponibles en Passline<\/p>\n","protected":false},"excerpt":{"rendered":"<p>El s\u00e1bado 13 de septiembre a las 20:30 hs, La F\u00e1brica (Fitz Roy 1245, Palermo) se convierte en el escenario perfecto para disfrutar de un show \u00edntimo, en vivo de Edelmiro Molinari, un artista emblem\u00e1tico de la m\u00fasica argentina. \u00bfQue es La f\u00e1brica? Un Nuevo Punto de Encuentro para la M\u00fasica y la Cultura en [&hellip;]<\/p>\n","protected":false},"author":3,"featured_media":24901,"comment_status":"closed","ping_status":"closed","sticky":false,"template":"","format":"standard","meta":{"footnotes":""},"categories":[56],"tags":[919,4496,4497,111,920,195],"class_list":{"0":"post-24898","1":"post","2":"type-post","3":"status-publish","4":"format-standard","5":"has-post-thumbnail","7":"category-musica","8":"tag-artista","9":"tag-edelmiro-molinari","10":"tag-la-fabrica","11":"tag-musica","12":"tag-musico","13":"tag-show"},"yoast_head":"<!-- This site is optimized with the Yoast SEO plugin v27.5 - https:\/\/yoast.com\/product\/yoast-seo-wordpress\/ -->\n<title>&quot;Edelmiro Molinari en La F\u00e1brica: Un Encuentro Legendario&quot; - Sergio Lapegue<\/title>\n<meta name=\"robots\" content=\"index, follow, max-snippet:-1, max-image-preview:large, max-video-preview:-1\" \/>\n<link rel=\"canonical\" href=\"https:\/\/sergiolapegue.com\/site\/2025\/09\/03\/edelmiro-molinari-en-la-fabrica-un-encuentro-legendario\/\" \/>\n<meta property=\"og:locale\" content=\"es_ES\" \/>\n<meta property=\"og:type\" content=\"article\" \/>\n<meta property=\"og:title\" content=\"&quot;Edelmiro Molinari en La F\u00e1brica: Un Encuentro Legendario&quot; - Sergio Lapegue\" \/>\n<meta property=\"og:description\" content=\"El s\u00e1bado 13 de septiembre a las 20:30 hs, La F\u00e1brica (Fitz Roy 1245, Palermo) se convierte en el escenario perfecto para disfrutar de un show \u00edntimo, en vivo de Edelmiro Molinari, un artista emblem\u00e1tico de la m\u00fasica argentina. \u00bfQue es La f\u00e1brica? Un Nuevo Punto de Encuentro para la M\u00fasica y la Cultura en [&hellip;]\" \/>\n<meta property=\"og:url\" content=\"https:\/\/sergiolapegue.com\/site\/2025\/09\/03\/edelmiro-molinari-en-la-fabrica-un-encuentro-legendario\/\" \/>\n<meta property=\"og:site_name\" content=\"Sergio Lapegue\" \/>\n<meta property=\"article:publisher\" content=\"https:\/\/facebook.com\/sergiolapegue\" \/>\n<meta property=\"article:author\" content=\"https:\/\/facebook.com\/danielernesto.montana\" \/>\n<meta property=\"article:published_time\" content=\"2025-09-03T04:00:00+00:00\" \/>\n<meta property=\"og:image\" content=\"https:\/\/sergiolapegue.com\/site\/wp-content\/uploads\/2025\/08\/WhatsApp-Image-2025-08-22-at-10.59.53-2.jpeg\" \/>\n\t<meta property=\"og:image:width\" content=\"1280\" \/>\n\t<meta property=\"og:image:height\" content=\"852\" \/>\n\t<meta property=\"og:image:type\" content=\"image\/jpeg\" \/>\n<meta name=\"author\" content=\"Daniel E. Monta\u00f1a\" \/>\n<meta name=\"twitter:card\" content=\"summary_large_image\" \/>\n<meta name=\"twitter:creator\" content=\"@https:\/\/twitter.com\/daner_004\" \/>\n<meta name=\"twitter:site\" content=\"@sergiolapegue\" \/>\n<meta name=\"twitter:label1\" content=\"Escrito por\" \/>\n\t<meta name=\"twitter:data1\" content=\"Daniel E. Monta\u00f1a\" \/>\n\t<meta name=\"twitter:label2\" content=\"Tiempo de lectura\" \/>\n\t<meta name=\"twitter:data2\" content=\"2 minutos\" \/>\n<script type=\"application\/ld+json\" class=\"yoast-schema-graph\">{\"@context\":\"https:\\\/\\\/schema.org\",\"@graph\":[{\"@type\":\"Article\",\"@id\":\"https:\\\/\\\/sergiolapegue.com\\\/site\\\/2025\\\/09\\\/03\\\/edelmiro-molinari-en-la-fabrica-un-encuentro-legendario\\\/#article\",\"isPartOf\":{\"@id\":\"https:\\\/\\\/sergiolapegue.com\\\/site\\\/2025\\\/09\\\/03\\\/edelmiro-molinari-en-la-fabrica-un-encuentro-legendario\\\/\"},\"author\":{\"name\":\"Daniel E. Monta\u00f1a\",\"@id\":\"https:\\\/\\\/sergiolapegue.com\\\/site\\\/#\\\/schema\\\/person\\\/9198e7dbab43c6d74d0fd5399af7c3cd\"},\"headline\":\"&#8220;Edelmiro Molinari en La F\u00e1brica: Un Encuentro Legendario&#8221;\",\"datePublished\":\"2025-09-03T04:00:00+00:00\",\"mainEntityOfPage\":{\"@id\":\"https:\\\/\\\/sergiolapegue.com\\\/site\\\/2025\\\/09\\\/03\\\/edelmiro-molinari-en-la-fabrica-un-encuentro-legendario\\\/\"},\"wordCount\":262,\"publisher\":{\"@id\":\"https:\\\/\\\/sergiolapegue.com\\\/site\\\/#\\\/schema\\\/person\\\/083aeceeb0734cd166779ea6c0551a37\"},\"image\":{\"@id\":\"https:\\\/\\\/sergiolapegue.com\\\/site\\\/2025\\\/09\\\/03\\\/edelmiro-molinari-en-la-fabrica-un-encuentro-legendario\\\/#primaryimage\"},\"thumbnailUrl\":\"https:\\\/\\\/sergiolapegue.com\\\/site\\\/wp-content\\\/uploads\\\/2025\\\/08\\\/WhatsApp-Image-2025-08-22-at-10.59.53-2.jpeg\",\"keywords\":[\"artista\",\"edelmiro molinari\",\"la fabrica\",\"musica\",\"musico\",\"show\"],\"articleSection\":[\"M\u00fasica\"],\"inLanguage\":\"es-AR\"},{\"@type\":\"WebPage\",\"@id\":\"https:\\\/\\\/sergiolapegue.com\\\/site\\\/2025\\\/09\\\/03\\\/edelmiro-molinari-en-la-fabrica-un-encuentro-legendario\\\/\",\"url\":\"https:\\\/\\\/sergiolapegue.com\\\/site\\\/2025\\\/09\\\/03\\\/edelmiro-molinari-en-la-fabrica-un-encuentro-legendario\\\/\",\"name\":\"\\\"Edelmiro Molinari en La F\u00e1brica: Un Encuentro Legendario\\\" - Sergio Lapegue\",\"isPartOf\":{\"@id\":\"https:\\\/\\\/sergiolapegue.com\\\/site\\\/#website\"},\"primaryImageOfPage\":{\"@id\":\"https:\\\/\\\/sergiolapegue.com\\\/site\\\/2025\\\/09\\\/03\\\/edelmiro-molinari-en-la-fabrica-un-encuentro-legendario\\\/#primaryimage\"},\"image\":{\"@id\":\"https:\\\/\\\/sergiolapegue.com\\\/site\\\/2025\\\/09\\\/03\\\/edelmiro-molinari-en-la-fabrica-un-encuentro-legendario\\\/#primaryimage\"},\"thumbnailUrl\":\"https:\\\/\\\/sergiolapegue.com\\\/site\\\/wp-content\\\/uploads\\\/2025\\\/08\\\/WhatsApp-Image-2025-08-22-at-10.59.53-2.jpeg\",\"datePublished\":\"2025-09-03T04:00:00+00:00\",\"breadcrumb\":{\"@id\":\"https:\\\/\\\/sergiolapegue.com\\\/site\\\/2025\\\/09\\\/03\\\/edelmiro-molinari-en-la-fabrica-un-encuentro-legendario\\\/#breadcrumb\"},\"inLanguage\":\"es-AR\",\"potentialAction\":[{\"@type\":\"ReadAction\",\"target\":[\"https:\\\/\\\/sergiolapegue.com\\\/site\\\/2025\\\/09\\\/03\\\/edelmiro-molinari-en-la-fabrica-un-encuentro-legendario\\\/\"]}]},{\"@type\":\"ImageObject\",\"inLanguage\":\"es-AR\",\"@id\":\"https:\\\/\\\/sergiolapegue.com\\\/site\\\/2025\\\/09\\\/03\\\/edelmiro-molinari-en-la-fabrica-un-encuentro-legendario\\\/#primaryimage\",\"url\":\"https:\\\/\\\/sergiolapegue.com\\\/site\\\/wp-content\\\/uploads\\\/2025\\\/08\\\/WhatsApp-Image-2025-08-22-at-10.59.53-2.jpeg\",\"contentUrl\":\"https:\\\/\\\/sergiolapegue.com\\\/site\\\/wp-content\\\/uploads\\\/2025\\\/08\\\/WhatsApp-Image-2025-08-22-at-10.59.53-2.jpeg\",\"width\":1280,\"height\":852},{\"@type\":\"BreadcrumbList\",\"@id\":\"https:\\\/\\\/sergiolapegue.com\\\/site\\\/2025\\\/09\\\/03\\\/edelmiro-molinari-en-la-fabrica-un-encuentro-legendario\\\/#breadcrumb\",\"itemListElement\":[{\"@type\":\"ListItem\",\"position\":1,\"name\":\"Inicio\",\"item\":\"https:\\\/\\\/sergiolapegue.com\\\/site\\\/\"},{\"@type\":\"ListItem\",\"position\":2,\"name\":\"&#8220;Edelmiro Molinari en La F\u00e1brica: Un Encuentro Legendario&#8221;\"}]},{\"@type\":\"WebSite\",\"@id\":\"https:\\\/\\\/sergiolapegue.com\\\/site\\\/#website\",\"url\":\"https:\\\/\\\/sergiolapegue.com\\\/site\\\/\",\"name\":\"Sergio Lapegue\",\"description\":\"Periodista\",\"publisher\":{\"@id\":\"https:\\\/\\\/sergiolapegue.com\\\/site\\\/#\\\/schema\\\/person\\\/083aeceeb0734cd166779ea6c0551a37\"},\"potentialAction\":[{\"@type\":\"SearchAction\",\"target\":{\"@type\":\"EntryPoint\",\"urlTemplate\":\"https:\\\/\\\/sergiolapegue.com\\\/site\\\/?s={search_term_string}\"},\"query-input\":{\"@type\":\"PropertyValueSpecification\",\"valueRequired\":true,\"valueName\":\"search_term_string\"}}],\"inLanguage\":\"es-AR\"},{\"@type\":[\"Person\",\"Organization\"],\"@id\":\"https:\\\/\\\/sergiolapegue.com\\\/site\\\/#\\\/schema\\\/person\\\/083aeceeb0734cd166779ea6c0551a37\",\"name\":\"Sergio Lapegue\",\"image\":{\"@type\":\"ImageObject\",\"inLanguage\":\"es-AR\",\"@id\":\"https:\\\/\\\/sergiolapegue.com\\\/site\\\/wp-content\\\/uploads\\\/2021\\\/04\\\/logo_header-1.png\",\"url\":\"https:\\\/\\\/sergiolapegue.com\\\/site\\\/wp-content\\\/uploads\\\/2021\\\/04\\\/logo_header-1.png\",\"contentUrl\":\"https:\\\/\\\/sergiolapegue.com\\\/site\\\/wp-content\\\/uploads\\\/2021\\\/04\\\/logo_header-1.png\",\"width\":272,\"height\":90,\"caption\":\"Sergio Lapegue\"},\"logo\":{\"@id\":\"https:\\\/\\\/sergiolapegue.com\\\/site\\\/wp-content\\\/uploads\\\/2021\\\/04\\\/logo_header-1.png\"},\"sameAs\":[\"https:\\\/\\\/facebook.com\\\/sergiolapegue\",\"https:\\\/\\\/instagram.com\\\/sergiolapegue\",\"https:\\\/\\\/x.com\\\/https:\\\/\\\/twitter.com\\\/sergiolapegue\"]},{\"@type\":\"Person\",\"@id\":\"https:\\\/\\\/sergiolapegue.com\\\/site\\\/#\\\/schema\\\/person\\\/9198e7dbab43c6d74d0fd5399af7c3cd\",\"name\":\"Daniel E. Monta\u00f1a\",\"image\":{\"@type\":\"ImageObject\",\"inLanguage\":\"es-AR\",\"@id\":\"https:\\\/\\\/sergiolapegue.com\\\/site\\\/wp-content\\\/uploads\\\/2021\\\/04\\\/sl_avatar_Daniel-150x150.jpg\",\"url\":\"https:\\\/\\\/sergiolapegue.com\\\/site\\\/wp-content\\\/uploads\\\/2021\\\/04\\\/sl_avatar_Daniel-150x150.jpg\",\"contentUrl\":\"https:\\\/\\\/sergiolapegue.com\\\/site\\\/wp-content\\\/uploads\\\/2021\\\/04\\\/sl_avatar_Daniel-150x150.jpg\",\"caption\":\"Daniel E. Monta\u00f1a\"},\"sameAs\":[\"https:\\\/\\\/facebook.com\\\/danielernesto.montana\",\"https:\\\/\\\/instagram.com\\\/daniel_montana1961\",\"https:\\\/\\\/x.com\\\/https:\\\/\\\/twitter.com\\\/daner_004\"],\"url\":\"https:\\\/\\\/sergiolapegue.com\\\/site\\\/author\\\/daniel\\\/\"}]}<\/script>\n<!-- \/ Yoast SEO plugin. -->","yoast_head_json":{"title":"\"Edelmiro Molinari en La F\u00e1brica: Un Encuentro Legendario\" - Sergio Lapegue","robots":{"index":"index","follow":"follow","max-snippet":"max-snippet:-1","max-image-preview":"max-image-preview:large","max-video-preview":"max-video-preview:-1"},"canonical":"https:\/\/sergiolapegue.com\/site\/2025\/09\/03\/edelmiro-molinari-en-la-fabrica-un-encuentro-legendario\/","og_locale":"es_ES","og_type":"article","og_title":"\"Edelmiro Molinari en La F\u00e1brica: Un Encuentro Legendario\" - Sergio Lapegue","og_description":"El s\u00e1bado 13 de septiembre a las 20:30 hs, La F\u00e1brica (Fitz Roy 1245, Palermo) se convierte en el escenario perfecto para disfrutar de un show \u00edntimo, en vivo de Edelmiro Molinari, un artista emblem\u00e1tico de la m\u00fasica argentina. \u00bfQue es La f\u00e1brica? Un Nuevo Punto de Encuentro para la M\u00fasica y la Cultura en [&hellip;]","og_url":"https:\/\/sergiolapegue.com\/site\/2025\/09\/03\/edelmiro-molinari-en-la-fabrica-un-encuentro-legendario\/","og_site_name":"Sergio Lapegue","article_publisher":"https:\/\/facebook.com\/sergiolapegue","article_author":"https:\/\/facebook.com\/danielernesto.montana","article_published_time":"2025-09-03T04:00:00+00:00","og_image":[{"width":1280,"height":852,"url":"https:\/\/sergiolapegue.com\/site\/wp-content\/uploads\/2025\/08\/WhatsApp-Image-2025-08-22-at-10.59.53-2.jpeg","type":"image\/jpeg"}],"author":"Daniel E. Monta\u00f1a","twitter_card":"summary_large_image","twitter_creator":"@https:\/\/twitter.com\/daner_004","twitter_site":"@sergiolapegue","twitter_misc":{"Escrito por":"Daniel E. Monta\u00f1a","Tiempo de lectura":"2 minutos"},"schema":{"@context":"https:\/\/schema.org","@graph":[{"@type":"Article","@id":"https:\/\/sergiolapegue.com\/site\/2025\/09\/03\/edelmiro-molinari-en-la-fabrica-un-encuentro-legendario\/#article","isPartOf":{"@id":"https:\/\/sergiolapegue.com\/site\/2025\/09\/03\/edelmiro-molinari-en-la-fabrica-un-encuentro-legendario\/"},"author":{"name":"Daniel E. Monta\u00f1a","@id":"https:\/\/sergiolapegue.com\/site\/#\/schema\/person\/9198e7dbab43c6d74d0fd5399af7c3cd"},"headline":"&#8220;Edelmiro Molinari en La F\u00e1brica: Un Encuentro Legendario&#8221;","datePublished":"2025-09-03T04:00:00+00:00","mainEntityOfPage":{"@id":"https:\/\/sergiolapegue.com\/site\/2025\/09\/03\/edelmiro-molinari-en-la-fabrica-un-encuentro-legendario\/"},"wordCount":262,"publisher":{"@id":"https:\/\/sergiolapegue.com\/site\/#\/schema\/person\/083aeceeb0734cd166779ea6c0551a37"},"image":{"@id":"https:\/\/sergiolapegue.com\/site\/2025\/09\/03\/edelmiro-molinari-en-la-fabrica-un-encuentro-legendario\/#primaryimage"},"thumbnailUrl":"https:\/\/sergiolapegue.com\/site\/wp-content\/uploads\/2025\/08\/WhatsApp-Image-2025-08-22-at-10.59.53-2.jpeg","keywords":["artista","edelmiro molinari","la fabrica","musica","musico","show"],"articleSection":["M\u00fasica"],"inLanguage":"es-AR"},{"@type":"WebPage","@id":"https:\/\/sergiolapegue.com\/site\/2025\/09\/03\/edelmiro-molinari-en-la-fabrica-un-encuentro-legendario\/","url":"https:\/\/sergiolapegue.com\/site\/2025\/09\/03\/edelmiro-molinari-en-la-fabrica-un-encuentro-legendario\/","name":"\"Edelmiro Molinari en La F\u00e1brica: Un Encuentro Legendario\" - Sergio Lapegue","isPartOf":{"@id":"https:\/\/sergiolapegue.com\/site\/#website"},"primaryImageOfPage":{"@id":"https:\/\/sergiolapegue.com\/site\/2025\/09\/03\/edelmiro-molinari-en-la-fabrica-un-encuentro-legendario\/#primaryimage"},"image":{"@id":"https:\/\/sergiolapegue.com\/site\/2025\/09\/03\/edelmiro-molinari-en-la-fabrica-un-encuentro-legendario\/#primaryimage"},"thumbnailUrl":"https:\/\/sergiolapegue.com\/site\/wp-content\/uploads\/2025\/08\/WhatsApp-Image-2025-08-22-at-10.59.53-2.jpeg","datePublished":"2025-09-03T04:00:00+00:00","breadcrumb":{"@id":"https:\/\/sergiolapegue.com\/site\/2025\/09\/03\/edelmiro-molinari-en-la-fabrica-un-encuentro-legendario\/#breadcrumb"},"inLanguage":"es-AR","potentialAction":[{"@type":"ReadAction","target":["https:\/\/sergiolapegue.com\/site\/2025\/09\/03\/edelmiro-molinari-en-la-fabrica-un-encuentro-legendario\/"]}]},{"@type":"ImageObject","inLanguage":"es-AR","@id":"https:\/\/sergiolapegue.com\/site\/2025\/09\/03\/edelmiro-molinari-en-la-fabrica-un-encuentro-legendario\/#primaryimage","url":"https:\/\/sergiolapegue.com\/site\/wp-content\/uploads\/2025\/08\/WhatsApp-Image-2025-08-22-at-10.59.53-2.jpeg","contentUrl":"https:\/\/sergiolapegue.com\/site\/wp-content\/uploads\/2025\/08\/WhatsApp-Image-2025-08-22-at-10.59.53-2.jpeg","width":1280,"height":852},{"@type":"BreadcrumbList","@id":"https:\/\/sergiolapegue.com\/site\/2025\/09\/03\/edelmiro-molinari-en-la-fabrica-un-encuentro-legendario\/#breadcrumb","itemListElement":[{"@type":"ListItem","position":1,"name":"Inicio","item":"https:\/\/sergiolapegue.com\/site\/"},{"@type":"ListItem","position":2,"name":"&#8220;Edelmiro Molinari en La F\u00e1brica: Un Encuentro Legendario&#8221;"}]},{"@type":"WebSite","@id":"https:\/\/sergiolapegue.com\/site\/#website","url":"https:\/\/sergiolapegue.com\/site\/","name":"Sergio Lapegue","description":"Periodista","publisher":{"@id":"https:\/\/sergiolapegue.com\/site\/#\/schema\/person\/083aeceeb0734cd166779ea6c0551a37"},"potentialAction":[{"@type":"SearchAction","target":{"@type":"EntryPoint","urlTemplate":"https:\/\/sergiolapegue.com\/site\/?s={search_term_string}"},"query-input":{"@type":"PropertyValueSpecification","valueRequired":true,"valueName":"search_term_string"}}],"inLanguage":"es-AR"},{"@type":["Person","Organization"],"@id":"https:\/\/sergiolapegue.com\/site\/#\/schema\/person\/083aeceeb0734cd166779ea6c0551a37","name":"Sergio Lapegue","image":{"@type":"ImageObject","inLanguage":"es-AR","@id":"https:\/\/sergiolapegue.com\/site\/wp-content\/uploads\/2021\/04\/logo_header-1.png","url":"https:\/\/sergiolapegue.com\/site\/wp-content\/uploads\/2021\/04\/logo_header-1.png","contentUrl":"https:\/\/sergiolapegue.com\/site\/wp-content\/uploads\/2021\/04\/logo_header-1.png","width":272,"height":90,"caption":"Sergio Lapegue"},"logo":{"@id":"https:\/\/sergiolapegue.com\/site\/wp-content\/uploads\/2021\/04\/logo_header-1.png"},"sameAs":["https:\/\/facebook.com\/sergiolapegue","https:\/\/instagram.com\/sergiolapegue","https:\/\/x.com\/https:\/\/twitter.com\/sergiolapegue"]},{"@type":"Person","@id":"https:\/\/sergiolapegue.com\/site\/#\/schema\/person\/9198e7dbab43c6d74d0fd5399af7c3cd","name":"Daniel E. Monta\u00f1a","image":{"@type":"ImageObject","inLanguage":"es-AR","@id":"https:\/\/sergiolapegue.com\/site\/wp-content\/uploads\/2021\/04\/sl_avatar_Daniel-150x150.jpg","url":"https:\/\/sergiolapegue.com\/site\/wp-content\/uploads\/2021\/04\/sl_avatar_Daniel-150x150.jpg","contentUrl":"https:\/\/sergiolapegue.com\/site\/wp-content\/uploads\/2021\/04\/sl_avatar_Daniel-150x150.jpg","caption":"Daniel E. Monta\u00f1a"},"sameAs":["https:\/\/facebook.com\/danielernesto.montana","https:\/\/instagram.com\/daniel_montana1961","https:\/\/x.com\/https:\/\/twitter.com\/daner_004"],"url":"https:\/\/sergiolapegue.com\/site\/author\/daniel\/"}]}},"_links":{"self":[{"href":"https:\/\/sergiolapegue.com\/site\/wp-json\/wp\/v2\/posts\/24898","targetHints":{"allow":["GET"]}}],"collection":[{"href":"https:\/\/sergiolapegue.com\/site\/wp-json\/wp\/v2\/posts"}],"about":[{"href":"https:\/\/sergiolapegue.com\/site\/wp-json\/wp\/v2\/types\/post"}],"author":[{"embeddable":true,"href":"https:\/\/sergiolapegue.com\/site\/wp-json\/wp\/v2\/users\/3"}],"replies":[{"embeddable":true,"href":"https:\/\/sergiolapegue.com\/site\/wp-json\/wp\/v2\/comments?post=24898"}],"version-history":[{"count":2,"href":"https:\/\/sergiolapegue.com\/site\/wp-json\/wp\/v2\/posts\/24898\/revisions"}],"predecessor-version":[{"id":24917,"href":"https:\/\/sergiolapegue.com\/site\/wp-json\/wp\/v2\/posts\/24898\/revisions\/24917"}],"wp:featuredmedia":[{"embeddable":true,"href":"https:\/\/sergiolapegue.com\/site\/wp-json\/wp\/v2\/media\/24901"}],"wp:attachment":[{"href":"https:\/\/sergiolapegue.com\/site\/wp-json\/wp\/v2\/media?parent=24898"}],"wp:term":[{"taxonomy":"category","embeddable":true,"href":"https:\/\/sergiolapegue.com\/site\/wp-json\/wp\/v2\/categories?post=24898"},{"taxonomy":"post_tag","embeddable":true,"href":"https:\/\/sergiolapegue.com\/site\/wp-json\/wp\/v2\/tags?post=24898"}],"curies":[{"name":"wp","href":"https:\/\/api.w.org\/{rel}","templated":true}]}}