{"id":24873,"date":"2025-08-22T09:30:00","date_gmt":"2025-08-22T12:30:00","guid":{"rendered":"https:\/\/sergiolapegue.com\/site\/?p=24873"},"modified":"2025-08-21T17:38:14","modified_gmt":"2025-08-21T20:38:14","slug":"aldeas-infantiles-sos-argentina-invita-el-proximo-24-de-agosto-a-una-jornada-gratuita-de-musica-arte-y-solidaridad-para-toda-la-familia","status":"publish","type":"post","link":"https:\/\/sergiolapegue.com\/site\/2025\/08\/22\/aldeas-infantiles-sos-argentina-invita-el-proximo-24-de-agosto-a-una-jornada-gratuita-de-musica-arte-y-solidaridad-para-toda-la-familia\/","title":{"rendered":"Aldeas Infantiles SOS Argentina invita, el pr\u00f3ximo 24 de agosto, a una jornada gratuita de m\u00fasica, arte y solidaridad para toda la familia."},"content":{"rendered":"\n<p>En el marco del D\u00eda de las Infancias, Aldeas Infantiles SOS Argentina \u2014organizaci\u00f3n referente en atenci\u00f3n directa y personalizada a ni\u00f1os, ni\u00f1as, adolescentes y j\u00f3venes sin cuidado parental o en riesgo de perderlo\u2014&nbsp;<strong>invita a toda la comunidad al &#8220;Festival por las Infancias&#8221;, un evento abierto y gratuito que se realizar\u00e1 el s\u00e1bado 24 de agosto de 14 a 18 h en el espacio C Art Media&nbsp;<\/strong>(Av. Corrientes 6271, CABA).<\/p>\n\n\n\n<p>Con una propuesta que combina&nbsp;<strong>m\u00fasica en vivo, juegos y actividades art\u00edsticas, el encuentro busca celebrar este d\u00eda tan especial desde una mirada solidaria<\/strong>, visibilizando la realidad de las infancias y adolescencias en Argentina y promoviendo una cultura del compromiso colectivo.<\/p>\n\n\n\n<p>Durante la jornada, se ofrecer\u00e1n espacios de juego y creatividad pensados para ni\u00f1os y ni\u00f1as de todas las edades, adem\u00e1s de espect\u00e1culos musicales a cargo de los reconocidos artistas&nbsp;<strong>Los Cazurros<\/strong>,&nbsp;<strong>Los Mellis<\/strong>&nbsp;y&nbsp;<strong>Mundo Pez<\/strong>.<\/p>\n\n\n\n<p>Adem\u00e1s, la organizaci\u00f3n invita a todos los asistentes a&nbsp;<strong>sumar donaciones de alimentos no perecederos \u2014como leche en polvo o larga vida, aceite\u2014 y productos de higiene personal, como pa\u00f1ales<\/strong>. Cada aporte ser\u00e1 destinado a acompa\u00f1ar a los ni\u00f1os y familias que forman parte de sus programas.<\/p>\n\n\n\n<p>Celebrar a las infancias en su d\u00eda refuerza una convicci\u00f3n sostenida desde hace 46 a\u00f1os por Aldeas Infantiles SOS:&nbsp;<strong>con solidaridad y compromiso, infancias y adolescencias pueden crecer en espacios donde el amor, el respeto y la seguridad sean protagonistas.<\/strong><\/p>\n\n\n\n<p><a><\/a>Se invita a toda la comunidad a participar del &#8220;Festival por las Infancias&#8221; para&nbsp;<strong>disfrutar en familia de un d\u00eda a toda m\u00fasica, color y alegr\u00eda, y transformar la realidad de miles de chicos y chicas de nuestro pa\u00eds.<\/strong><\/p>\n\n\n\n<p>Para acceder a las entradas, en forma gratuita, hacer clic en el siguiente link:&nbsp;<a href=\"https:\/\/www.passline.com\/eventos\/festival-por-las-infancias-aldeas-infantiles\" target=\"_blank\" rel=\"noreferrer noopener\">https:\/\/www.passline.com\/eventos\/festival-por-las-infancias-aldeas-infantiles<\/a><\/p>\n\n\n\n<p><strong>Acerca de Aldeas Infantiles SOS Argentina<\/strong><\/p>\n\n\n\n<p>Aldeas Infantiles SOS es una organizaci\u00f3n social independiente y sin fines de lucro que trabaja hace m\u00e1s de 40 a\u00f1os en Argentina. Acompa\u00f1a a las familias para que puedan cumplir un rol protector y asegurar el ejercicio de derechos de los ni\u00f1os y ni\u00f1as. Adem\u00e1s, recibe en Cuidado Alternativo a chicos y chicas privados del cuidado de sus familias y les ofrece un entorno protector y afectivo donde desarrollarse de manera integral. Actualmente m\u00e1s de 7.500 ni\u00f1os, ni\u00f1as, adolescentes, j\u00f3venes y sus familias participan de sus programas en Mar del Plata, Rosario, Ober\u00e1, Luj\u00e1n, C\u00f3rdoba y Mendoza.<\/p>\n\n\n\n<p><strong>M\u00e1s informaci\u00f3n en:&nbsp;<\/strong><strong><a href=\"http:\/\/www.aldeasinfantiles.org.ar\/\" target=\"_blank\" rel=\"noreferrer noopener\">www.aldeasinfantiles.org.ar<\/a><\/strong><\/p>\n\n\n\n<p><strong>Redes sociales:<\/strong><\/p>\n\n\n\n<p>Instagram: @aldeasargentina<br>Twitter: @AldeasArgentina<br>Facebook: aldeassosargentina<br>YouTube: AldeasSOSArgentina<\/p>\n","protected":false},"excerpt":{"rendered":"<p>En el marco del D\u00eda de las Infancias, Aldeas Infantiles SOS Argentina \u2014organizaci\u00f3n referente en atenci\u00f3n directa y personalizada a ni\u00f1os, ni\u00f1as, adolescentes y j\u00f3venes sin cuidado parental o en riesgo de perderlo\u2014&nbsp;invita a toda la comunidad al &#8220;Festival por las Infancias&#8221;, un evento abierto y gratuito que se realizar\u00e1 el s\u00e1bado 24 de agosto [&hellip;]<\/p>\n","protected":false},"author":4,"featured_media":24874,"comment_status":"closed","ping_status":"closed","sticky":false,"template":"","format":"standard","meta":{"footnotes":""},"categories":[38],"tags":[1420,89,194,137,127,4488,424,2388],"class_list":{"0":"post-24873","1":"post","2":"type-post","3":"status-publish","4":"format-standard","5":"has-post-thumbnail","7":"category-actualidad","8":"tag-aldeas","9":"tag-argentina","10":"tag-buenos-aires","11":"tag-chicas","12":"tag-chicos","13":"tag-dia-de-la-sinfancias","14":"tag-infantil","15":"tag-solidaridad"},"yoast_head":"<!-- This site is optimized with the Yoast SEO plugin v27.4 - https:\/\/yoast.com\/product\/yoast-seo-wordpress\/ -->\n<title>Aldeas Infantiles SOS Argentina invita, el pr\u00f3ximo 24 de agosto, a una jornada gratuita de m\u00fasica, arte y solidaridad para toda la familia. - Sergio Lapegue<\/title>\n<meta name=\"robots\" content=\"index, follow, max-snippet:-1, max-image-preview:large, max-video-preview:-1\" \/>\n<link rel=\"canonical\" href=\"https:\/\/sergiolapegue.com\/site\/2025\/08\/22\/aldeas-infantiles-sos-argentina-invita-el-proximo-24-de-agosto-a-una-jornada-gratuita-de-musica-arte-y-solidaridad-para-toda-la-familia\/\" \/>\n<meta property=\"og:locale\" content=\"es_ES\" \/>\n<meta property=\"og:type\" content=\"article\" \/>\n<meta property=\"og:title\" content=\"Aldeas Infantiles SOS Argentina invita, el pr\u00f3ximo 24 de agosto, a una jornada gratuita de m\u00fasica, arte y solidaridad para toda la familia. - Sergio Lapegue\" \/>\n<meta property=\"og:description\" content=\"En el marco del D\u00eda de las Infancias, Aldeas Infantiles SOS Argentina \u2014organizaci\u00f3n referente en atenci\u00f3n directa y personalizada a ni\u00f1os, ni\u00f1as, adolescentes y j\u00f3venes sin cuidado parental o en riesgo de perderlo\u2014&nbsp;invita a toda la comunidad al &#8220;Festival por las Infancias&#8221;, un evento abierto y gratuito que se realizar\u00e1 el s\u00e1bado 24 de agosto [&hellip;]\" \/>\n<meta property=\"og:url\" content=\"https:\/\/sergiolapegue.com\/site\/2025\/08\/22\/aldeas-infantiles-sos-argentina-invita-el-proximo-24-de-agosto-a-una-jornada-gratuita-de-musica-arte-y-solidaridad-para-toda-la-familia\/\" \/>\n<meta property=\"og:site_name\" content=\"Sergio Lapegue\" \/>\n<meta property=\"article:publisher\" content=\"https:\/\/facebook.com\/sergiolapegue\" \/>\n<meta property=\"article:published_time\" content=\"2025-08-22T12:30:00+00:00\" \/>\n<meta property=\"og:image\" content=\"https:\/\/sergiolapegue.com\/site\/wp-content\/uploads\/2025\/08\/Festival-AISOS.png\" \/>\n\t<meta property=\"og:image:width\" content=\"1080\" \/>\n\t<meta property=\"og:image:height\" content=\"1350\" \/>\n\t<meta property=\"og:image:type\" content=\"image\/png\" \/>\n<meta name=\"author\" content=\"Leonardo Monta\u00f1a\" \/>\n<meta name=\"twitter:card\" content=\"summary_large_image\" \/>\n<meta name=\"twitter:creator\" content=\"@https:\/\/twitter.com\/soytoto81\" \/>\n<meta name=\"twitter:site\" content=\"@sergiolapegue\" \/>\n<meta name=\"twitter:label1\" content=\"Escrito por\" \/>\n\t<meta name=\"twitter:data1\" content=\"Leonardo Monta\u00f1a\" \/>\n\t<meta name=\"twitter:label2\" content=\"Tiempo de lectura\" \/>\n\t<meta name=\"twitter:data2\" content=\"3 minutos\" \/>\n<script type=\"application\/ld+json\" class=\"yoast-schema-graph\">{\"@context\":\"https:\\\/\\\/schema.org\",\"@graph\":[{\"@type\":\"Article\",\"@id\":\"https:\\\/\\\/sergiolapegue.com\\\/site\\\/2025\\\/08\\\/22\\\/aldeas-infantiles-sos-argentina-invita-el-proximo-24-de-agosto-a-una-jornada-gratuita-de-musica-arte-y-solidaridad-para-toda-la-familia\\\/#article\",\"isPartOf\":{\"@id\":\"https:\\\/\\\/sergiolapegue.com\\\/site\\\/2025\\\/08\\\/22\\\/aldeas-infantiles-sos-argentina-invita-el-proximo-24-de-agosto-a-una-jornada-gratuita-de-musica-arte-y-solidaridad-para-toda-la-familia\\\/\"},\"author\":{\"name\":\"Leonardo Monta\u00f1a\",\"@id\":\"https:\\\/\\\/sergiolapegue.com\\\/site\\\/#\\\/schema\\\/person\\\/00adf937d010c7f79a180dc4916a40e0\"},\"headline\":\"Aldeas Infantiles SOS Argentina invita, el pr\u00f3ximo 24 de agosto, a una jornada gratuita de m\u00fasica, arte y solidaridad para toda la familia.\",\"datePublished\":\"2025-08-22T12:30:00+00:00\",\"mainEntityOfPage\":{\"@id\":\"https:\\\/\\\/sergiolapegue.com\\\/site\\\/2025\\\/08\\\/22\\\/aldeas-infantiles-sos-argentina-invita-el-proximo-24-de-agosto-a-una-jornada-gratuita-de-musica-arte-y-solidaridad-para-toda-la-familia\\\/\"},\"wordCount\":482,\"publisher\":{\"@id\":\"https:\\\/\\\/sergiolapegue.com\\\/site\\\/#\\\/schema\\\/person\\\/083aeceeb0734cd166779ea6c0551a37\"},\"image\":{\"@id\":\"https:\\\/\\\/sergiolapegue.com\\\/site\\\/2025\\\/08\\\/22\\\/aldeas-infantiles-sos-argentina-invita-el-proximo-24-de-agosto-a-una-jornada-gratuita-de-musica-arte-y-solidaridad-para-toda-la-familia\\\/#primaryimage\"},\"thumbnailUrl\":\"https:\\\/\\\/sergiolapegue.com\\\/site\\\/wp-content\\\/uploads\\\/2025\\\/08\\\/Festival-AISOS.png\",\"keywords\":[\"aldeas\",\"argentina\",\"buenos aires\",\"chicas\",\"chicos\",\"dia de la sinfancias\",\"infantil\",\"solidaridad\"],\"articleSection\":[\"Actualidad\"],\"inLanguage\":\"es-AR\"},{\"@type\":\"WebPage\",\"@id\":\"https:\\\/\\\/sergiolapegue.com\\\/site\\\/2025\\\/08\\\/22\\\/aldeas-infantiles-sos-argentina-invita-el-proximo-24-de-agosto-a-una-jornada-gratuita-de-musica-arte-y-solidaridad-para-toda-la-familia\\\/\",\"url\":\"https:\\\/\\\/sergiolapegue.com\\\/site\\\/2025\\\/08\\\/22\\\/aldeas-infantiles-sos-argentina-invita-el-proximo-24-de-agosto-a-una-jornada-gratuita-de-musica-arte-y-solidaridad-para-toda-la-familia\\\/\",\"name\":\"Aldeas Infantiles SOS Argentina invita, el pr\u00f3ximo 24 de agosto, a una jornada gratuita de m\u00fasica, arte y solidaridad para toda la familia. - Sergio Lapegue\",\"isPartOf\":{\"@id\":\"https:\\\/\\\/sergiolapegue.com\\\/site\\\/#website\"},\"primaryImageOfPage\":{\"@id\":\"https:\\\/\\\/sergiolapegue.com\\\/site\\\/2025\\\/08\\\/22\\\/aldeas-infantiles-sos-argentina-invita-el-proximo-24-de-agosto-a-una-jornada-gratuita-de-musica-arte-y-solidaridad-para-toda-la-familia\\\/#primaryimage\"},\"image\":{\"@id\":\"https:\\\/\\\/sergiolapegue.com\\\/site\\\/2025\\\/08\\\/22\\\/aldeas-infantiles-sos-argentina-invita-el-proximo-24-de-agosto-a-una-jornada-gratuita-de-musica-arte-y-solidaridad-para-toda-la-familia\\\/#primaryimage\"},\"thumbnailUrl\":\"https:\\\/\\\/sergiolapegue.com\\\/site\\\/wp-content\\\/uploads\\\/2025\\\/08\\\/Festival-AISOS.png\",\"datePublished\":\"2025-08-22T12:30:00+00:00\",\"breadcrumb\":{\"@id\":\"https:\\\/\\\/sergiolapegue.com\\\/site\\\/2025\\\/08\\\/22\\\/aldeas-infantiles-sos-argentina-invita-el-proximo-24-de-agosto-a-una-jornada-gratuita-de-musica-arte-y-solidaridad-para-toda-la-familia\\\/#breadcrumb\"},\"inLanguage\":\"es-AR\",\"potentialAction\":[{\"@type\":\"ReadAction\",\"target\":[\"https:\\\/\\\/sergiolapegue.com\\\/site\\\/2025\\\/08\\\/22\\\/aldeas-infantiles-sos-argentina-invita-el-proximo-24-de-agosto-a-una-jornada-gratuita-de-musica-arte-y-solidaridad-para-toda-la-familia\\\/\"]}]},{\"@type\":\"ImageObject\",\"inLanguage\":\"es-AR\",\"@id\":\"https:\\\/\\\/sergiolapegue.com\\\/site\\\/2025\\\/08\\\/22\\\/aldeas-infantiles-sos-argentina-invita-el-proximo-24-de-agosto-a-una-jornada-gratuita-de-musica-arte-y-solidaridad-para-toda-la-familia\\\/#primaryimage\",\"url\":\"https:\\\/\\\/sergiolapegue.com\\\/site\\\/wp-content\\\/uploads\\\/2025\\\/08\\\/Festival-AISOS.png\",\"contentUrl\":\"https:\\\/\\\/sergiolapegue.com\\\/site\\\/wp-content\\\/uploads\\\/2025\\\/08\\\/Festival-AISOS.png\",\"width\":1080,\"height\":1350},{\"@type\":\"BreadcrumbList\",\"@id\":\"https:\\\/\\\/sergiolapegue.com\\\/site\\\/2025\\\/08\\\/22\\\/aldeas-infantiles-sos-argentina-invita-el-proximo-24-de-agosto-a-una-jornada-gratuita-de-musica-arte-y-solidaridad-para-toda-la-familia\\\/#breadcrumb\",\"itemListElement\":[{\"@type\":\"ListItem\",\"position\":1,\"name\":\"Inicio\",\"item\":\"https:\\\/\\\/sergiolapegue.com\\\/site\\\/\"},{\"@type\":\"ListItem\",\"position\":2,\"name\":\"Aldeas Infantiles SOS Argentina invita, el pr\u00f3ximo 24 de agosto, a una jornada gratuita de m\u00fasica, arte y solidaridad para toda la familia.\"}]},{\"@type\":\"WebSite\",\"@id\":\"https:\\\/\\\/sergiolapegue.com\\\/site\\\/#website\",\"url\":\"https:\\\/\\\/sergiolapegue.com\\\/site\\\/\",\"name\":\"Sergio Lapegue\",\"description\":\"Periodista\",\"publisher\":{\"@id\":\"https:\\\/\\\/sergiolapegue.com\\\/site\\\/#\\\/schema\\\/person\\\/083aeceeb0734cd166779ea6c0551a37\"},\"potentialAction\":[{\"@type\":\"SearchAction\",\"target\":{\"@type\":\"EntryPoint\",\"urlTemplate\":\"https:\\\/\\\/sergiolapegue.com\\\/site\\\/?s={search_term_string}\"},\"query-input\":{\"@type\":\"PropertyValueSpecification\",\"valueRequired\":true,\"valueName\":\"search_term_string\"}}],\"inLanguage\":\"es-AR\"},{\"@type\":[\"Person\",\"Organization\"],\"@id\":\"https:\\\/\\\/sergiolapegue.com\\\/site\\\/#\\\/schema\\\/person\\\/083aeceeb0734cd166779ea6c0551a37\",\"name\":\"Sergio Lapegue\",\"image\":{\"@type\":\"ImageObject\",\"inLanguage\":\"es-AR\",\"@id\":\"https:\\\/\\\/sergiolapegue.com\\\/site\\\/wp-content\\\/uploads\\\/2021\\\/04\\\/logo_header-1.png\",\"url\":\"https:\\\/\\\/sergiolapegue.com\\\/site\\\/wp-content\\\/uploads\\\/2021\\\/04\\\/logo_header-1.png\",\"contentUrl\":\"https:\\\/\\\/sergiolapegue.com\\\/site\\\/wp-content\\\/uploads\\\/2021\\\/04\\\/logo_header-1.png\",\"width\":272,\"height\":90,\"caption\":\"Sergio Lapegue\"},\"logo\":{\"@id\":\"https:\\\/\\\/sergiolapegue.com\\\/site\\\/wp-content\\\/uploads\\\/2021\\\/04\\\/logo_header-1.png\"},\"sameAs\":[\"https:\\\/\\\/facebook.com\\\/sergiolapegue\",\"https:\\\/\\\/instagram.com\\\/sergiolapegue\",\"https:\\\/\\\/x.com\\\/https:\\\/\\\/twitter.com\\\/sergiolapegue\"]},{\"@type\":\"Person\",\"@id\":\"https:\\\/\\\/sergiolapegue.com\\\/site\\\/#\\\/schema\\\/person\\\/00adf937d010c7f79a180dc4916a40e0\",\"name\":\"Leonardo Monta\u00f1a\",\"image\":{\"@type\":\"ImageObject\",\"inLanguage\":\"es-AR\",\"@id\":\"https:\\\/\\\/sergiolapegue.com\\\/site\\\/wp-content\\\/uploads\\\/2021\\\/04\\\/sl_avatar_Leonardo-150x150.jpg\",\"url\":\"https:\\\/\\\/sergiolapegue.com\\\/site\\\/wp-content\\\/uploads\\\/2021\\\/04\\\/sl_avatar_Leonardo-150x150.jpg\",\"contentUrl\":\"https:\\\/\\\/sergiolapegue.com\\\/site\\\/wp-content\\\/uploads\\\/2021\\\/04\\\/sl_avatar_Leonardo-150x150.jpg\",\"caption\":\"Leonardo Monta\u00f1a\"},\"sameAs\":[\"https:\\\/\\\/x.com\\\/https:\\\/\\\/twitter.com\\\/soytoto81\"],\"url\":\"https:\\\/\\\/sergiolapegue.com\\\/site\\\/author\\\/leonardo\\\/\"}]}<\/script>\n<!-- \/ Yoast SEO plugin. -->","yoast_head_json":{"title":"Aldeas Infantiles SOS Argentina invita, el pr\u00f3ximo 24 de agosto, a una jornada gratuita de m\u00fasica, arte y solidaridad para toda la familia. - Sergio Lapegue","robots":{"index":"index","follow":"follow","max-snippet":"max-snippet:-1","max-image-preview":"max-image-preview:large","max-video-preview":"max-video-preview:-1"},"canonical":"https:\/\/sergiolapegue.com\/site\/2025\/08\/22\/aldeas-infantiles-sos-argentina-invita-el-proximo-24-de-agosto-a-una-jornada-gratuita-de-musica-arte-y-solidaridad-para-toda-la-familia\/","og_locale":"es_ES","og_type":"article","og_title":"Aldeas Infantiles SOS Argentina invita, el pr\u00f3ximo 24 de agosto, a una jornada gratuita de m\u00fasica, arte y solidaridad para toda la familia. - Sergio Lapegue","og_description":"En el marco del D\u00eda de las Infancias, Aldeas Infantiles SOS Argentina \u2014organizaci\u00f3n referente en atenci\u00f3n directa y personalizada a ni\u00f1os, ni\u00f1as, adolescentes y j\u00f3venes sin cuidado parental o en riesgo de perderlo\u2014&nbsp;invita a toda la comunidad al &#8220;Festival por las Infancias&#8221;, un evento abierto y gratuito que se realizar\u00e1 el s\u00e1bado 24 de agosto [&hellip;]","og_url":"https:\/\/sergiolapegue.com\/site\/2025\/08\/22\/aldeas-infantiles-sos-argentina-invita-el-proximo-24-de-agosto-a-una-jornada-gratuita-de-musica-arte-y-solidaridad-para-toda-la-familia\/","og_site_name":"Sergio Lapegue","article_publisher":"https:\/\/facebook.com\/sergiolapegue","article_published_time":"2025-08-22T12:30:00+00:00","og_image":[{"width":1080,"height":1350,"url":"https:\/\/sergiolapegue.com\/site\/wp-content\/uploads\/2025\/08\/Festival-AISOS.png","type":"image\/png"}],"author":"Leonardo Monta\u00f1a","twitter_card":"summary_large_image","twitter_creator":"@https:\/\/twitter.com\/soytoto81","twitter_site":"@sergiolapegue","twitter_misc":{"Escrito por":"Leonardo Monta\u00f1a","Tiempo de lectura":"3 minutos"},"schema":{"@context":"https:\/\/schema.org","@graph":[{"@type":"Article","@id":"https:\/\/sergiolapegue.com\/site\/2025\/08\/22\/aldeas-infantiles-sos-argentina-invita-el-proximo-24-de-agosto-a-una-jornada-gratuita-de-musica-arte-y-solidaridad-para-toda-la-familia\/#article","isPartOf":{"@id":"https:\/\/sergiolapegue.com\/site\/2025\/08\/22\/aldeas-infantiles-sos-argentina-invita-el-proximo-24-de-agosto-a-una-jornada-gratuita-de-musica-arte-y-solidaridad-para-toda-la-familia\/"},"author":{"name":"Leonardo Monta\u00f1a","@id":"https:\/\/sergiolapegue.com\/site\/#\/schema\/person\/00adf937d010c7f79a180dc4916a40e0"},"headline":"Aldeas Infantiles SOS Argentina invita, el pr\u00f3ximo 24 de agosto, a una jornada gratuita de m\u00fasica, arte y solidaridad para toda la familia.","datePublished":"2025-08-22T12:30:00+00:00","mainEntityOfPage":{"@id":"https:\/\/sergiolapegue.com\/site\/2025\/08\/22\/aldeas-infantiles-sos-argentina-invita-el-proximo-24-de-agosto-a-una-jornada-gratuita-de-musica-arte-y-solidaridad-para-toda-la-familia\/"},"wordCount":482,"publisher":{"@id":"https:\/\/sergiolapegue.com\/site\/#\/schema\/person\/083aeceeb0734cd166779ea6c0551a37"},"image":{"@id":"https:\/\/sergiolapegue.com\/site\/2025\/08\/22\/aldeas-infantiles-sos-argentina-invita-el-proximo-24-de-agosto-a-una-jornada-gratuita-de-musica-arte-y-solidaridad-para-toda-la-familia\/#primaryimage"},"thumbnailUrl":"https:\/\/sergiolapegue.com\/site\/wp-content\/uploads\/2025\/08\/Festival-AISOS.png","keywords":["aldeas","argentina","buenos aires","chicas","chicos","dia de la sinfancias","infantil","solidaridad"],"articleSection":["Actualidad"],"inLanguage":"es-AR"},{"@type":"WebPage","@id":"https:\/\/sergiolapegue.com\/site\/2025\/08\/22\/aldeas-infantiles-sos-argentina-invita-el-proximo-24-de-agosto-a-una-jornada-gratuita-de-musica-arte-y-solidaridad-para-toda-la-familia\/","url":"https:\/\/sergiolapegue.com\/site\/2025\/08\/22\/aldeas-infantiles-sos-argentina-invita-el-proximo-24-de-agosto-a-una-jornada-gratuita-de-musica-arte-y-solidaridad-para-toda-la-familia\/","name":"Aldeas Infantiles SOS Argentina invita, el pr\u00f3ximo 24 de agosto, a una jornada gratuita de m\u00fasica, arte y solidaridad para toda la familia. - Sergio Lapegue","isPartOf":{"@id":"https:\/\/sergiolapegue.com\/site\/#website"},"primaryImageOfPage":{"@id":"https:\/\/sergiolapegue.com\/site\/2025\/08\/22\/aldeas-infantiles-sos-argentina-invita-el-proximo-24-de-agosto-a-una-jornada-gratuita-de-musica-arte-y-solidaridad-para-toda-la-familia\/#primaryimage"},"image":{"@id":"https:\/\/sergiolapegue.com\/site\/2025\/08\/22\/aldeas-infantiles-sos-argentina-invita-el-proximo-24-de-agosto-a-una-jornada-gratuita-de-musica-arte-y-solidaridad-para-toda-la-familia\/#primaryimage"},"thumbnailUrl":"https:\/\/sergiolapegue.com\/site\/wp-content\/uploads\/2025\/08\/Festival-AISOS.png","datePublished":"2025-08-22T12:30:00+00:00","breadcrumb":{"@id":"https:\/\/sergiolapegue.com\/site\/2025\/08\/22\/aldeas-infantiles-sos-argentina-invita-el-proximo-24-de-agosto-a-una-jornada-gratuita-de-musica-arte-y-solidaridad-para-toda-la-familia\/#breadcrumb"},"inLanguage":"es-AR","potentialAction":[{"@type":"ReadAction","target":["https:\/\/sergiolapegue.com\/site\/2025\/08\/22\/aldeas-infantiles-sos-argentina-invita-el-proximo-24-de-agosto-a-una-jornada-gratuita-de-musica-arte-y-solidaridad-para-toda-la-familia\/"]}]},{"@type":"ImageObject","inLanguage":"es-AR","@id":"https:\/\/sergiolapegue.com\/site\/2025\/08\/22\/aldeas-infantiles-sos-argentina-invita-el-proximo-24-de-agosto-a-una-jornada-gratuita-de-musica-arte-y-solidaridad-para-toda-la-familia\/#primaryimage","url":"https:\/\/sergiolapegue.com\/site\/wp-content\/uploads\/2025\/08\/Festival-AISOS.png","contentUrl":"https:\/\/sergiolapegue.com\/site\/wp-content\/uploads\/2025\/08\/Festival-AISOS.png","width":1080,"height":1350},{"@type":"BreadcrumbList","@id":"https:\/\/sergiolapegue.com\/site\/2025\/08\/22\/aldeas-infantiles-sos-argentina-invita-el-proximo-24-de-agosto-a-una-jornada-gratuita-de-musica-arte-y-solidaridad-para-toda-la-familia\/#breadcrumb","itemListElement":[{"@type":"ListItem","position":1,"name":"Inicio","item":"https:\/\/sergiolapegue.com\/site\/"},{"@type":"ListItem","position":2,"name":"Aldeas Infantiles SOS Argentina invita, el pr\u00f3ximo 24 de agosto, a una jornada gratuita de m\u00fasica, arte y solidaridad para toda la familia."}]},{"@type":"WebSite","@id":"https:\/\/sergiolapegue.com\/site\/#website","url":"https:\/\/sergiolapegue.com\/site\/","name":"Sergio Lapegue","description":"Periodista","publisher":{"@id":"https:\/\/sergiolapegue.com\/site\/#\/schema\/person\/083aeceeb0734cd166779ea6c0551a37"},"potentialAction":[{"@type":"SearchAction","target":{"@type":"EntryPoint","urlTemplate":"https:\/\/sergiolapegue.com\/site\/?s={search_term_string}"},"query-input":{"@type":"PropertyValueSpecification","valueRequired":true,"valueName":"search_term_string"}}],"inLanguage":"es-AR"},{"@type":["Person","Organization"],"@id":"https:\/\/sergiolapegue.com\/site\/#\/schema\/person\/083aeceeb0734cd166779ea6c0551a37","name":"Sergio Lapegue","image":{"@type":"ImageObject","inLanguage":"es-AR","@id":"https:\/\/sergiolapegue.com\/site\/wp-content\/uploads\/2021\/04\/logo_header-1.png","url":"https:\/\/sergiolapegue.com\/site\/wp-content\/uploads\/2021\/04\/logo_header-1.png","contentUrl":"https:\/\/sergiolapegue.com\/site\/wp-content\/uploads\/2021\/04\/logo_header-1.png","width":272,"height":90,"caption":"Sergio Lapegue"},"logo":{"@id":"https:\/\/sergiolapegue.com\/site\/wp-content\/uploads\/2021\/04\/logo_header-1.png"},"sameAs":["https:\/\/facebook.com\/sergiolapegue","https:\/\/instagram.com\/sergiolapegue","https:\/\/x.com\/https:\/\/twitter.com\/sergiolapegue"]},{"@type":"Person","@id":"https:\/\/sergiolapegue.com\/site\/#\/schema\/person\/00adf937d010c7f79a180dc4916a40e0","name":"Leonardo Monta\u00f1a","image":{"@type":"ImageObject","inLanguage":"es-AR","@id":"https:\/\/sergiolapegue.com\/site\/wp-content\/uploads\/2021\/04\/sl_avatar_Leonardo-150x150.jpg","url":"https:\/\/sergiolapegue.com\/site\/wp-content\/uploads\/2021\/04\/sl_avatar_Leonardo-150x150.jpg","contentUrl":"https:\/\/sergiolapegue.com\/site\/wp-content\/uploads\/2021\/04\/sl_avatar_Leonardo-150x150.jpg","caption":"Leonardo Monta\u00f1a"},"sameAs":["https:\/\/x.com\/https:\/\/twitter.com\/soytoto81"],"url":"https:\/\/sergiolapegue.com\/site\/author\/leonardo\/"}]}},"_links":{"self":[{"href":"https:\/\/sergiolapegue.com\/site\/wp-json\/wp\/v2\/posts\/24873","targetHints":{"allow":["GET"]}}],"collection":[{"href":"https:\/\/sergiolapegue.com\/site\/wp-json\/wp\/v2\/posts"}],"about":[{"href":"https:\/\/sergiolapegue.com\/site\/wp-json\/wp\/v2\/types\/post"}],"author":[{"embeddable":true,"href":"https:\/\/sergiolapegue.com\/site\/wp-json\/wp\/v2\/users\/4"}],"replies":[{"embeddable":true,"href":"https:\/\/sergiolapegue.com\/site\/wp-json\/wp\/v2\/comments?post=24873"}],"version-history":[{"count":1,"href":"https:\/\/sergiolapegue.com\/site\/wp-json\/wp\/v2\/posts\/24873\/revisions"}],"predecessor-version":[{"id":24875,"href":"https:\/\/sergiolapegue.com\/site\/wp-json\/wp\/v2\/posts\/24873\/revisions\/24875"}],"wp:featuredmedia":[{"embeddable":true,"href":"https:\/\/sergiolapegue.com\/site\/wp-json\/wp\/v2\/media\/24874"}],"wp:attachment":[{"href":"https:\/\/sergiolapegue.com\/site\/wp-json\/wp\/v2\/media?parent=24873"}],"wp:term":[{"taxonomy":"category","embeddable":true,"href":"https:\/\/sergiolapegue.com\/site\/wp-json\/wp\/v2\/categories?post=24873"},{"taxonomy":"post_tag","embeddable":true,"href":"https:\/\/sergiolapegue.com\/site\/wp-json\/wp\/v2\/tags?post=24873"}],"curies":[{"name":"wp","href":"https:\/\/api.w.org\/{rel}","templated":true}]}}