{"id":24776,"date":"2025-11-13T09:00:00","date_gmt":"2025-11-13T12:00:00","guid":{"rendered":"https:\/\/sergiolapegue.com\/site\/?p=24776"},"modified":"2025-11-12T16:21:34","modified_gmt":"2025-11-12T19:21:34","slug":"el-idiota","status":"publish","type":"post","link":"https:\/\/sergiolapegue.com\/site\/2025\/11\/13\/el-idiota\/","title":{"rendered":"&#8220;EL IDIOTA&#8221;"},"content":{"rendered":"\n<p>El&nbsp;Teatro El Convento, que este a\u00f1o cumple 30 a\u00f1os de vida,&nbsp;se prepara para el estreno de&nbsp;&#8220;El Idiota&#8221;, la reconocida novela de Fi\u00f3dor Dostoievski, en una adaptaci\u00f3n y direcci\u00f3n de&nbsp;Mart\u00edn Barreiro y las actuaciones de Mat\u00edas Turina, Emanuel Arce, Fernando L\u00f3pez, Vivi Campos, Sof\u00eda Jazm\u00edn, Mimi Ferraro, Alberto Cravero y Francesco Francica. La obra se estren\u00f3 el&nbsp;s\u00e1bado 16 de agosto a las 20:00 horas en el Teatro El Convento, poniendo en escena la conmovedora historia de una &#8220;alma bella&#8221; en una sociedad que la tilda de ingenua, explorando las consecuencias de la bondad frente a la cruda realidad.<\/p>\n\n\n\n<figure class=\"wp-block-image size-full\"><img loading=\"lazy\" decoding=\"async\" width=\"763\" height=\"630\" src=\"https:\/\/sergiolapegue.com\/site\/wp-content\/uploads\/2025\/08\/El-idiota-1.jpeg\" alt=\"\" class=\"wp-image-24778\" srcset=\"https:\/\/sergiolapegue.com\/site\/wp-content\/uploads\/2025\/08\/El-idiota-1.jpeg 763w, https:\/\/sergiolapegue.com\/site\/wp-content\/uploads\/2025\/08\/El-idiota-1-300x248.jpeg 300w, https:\/\/sergiolapegue.com\/site\/wp-content\/uploads\/2025\/08\/El-idiota-1-509x420.jpeg 509w, https:\/\/sergiolapegue.com\/site\/wp-content\/uploads\/2025\/08\/El-idiota-1-696x575.jpeg 696w\" sizes=\"auto, (max-width: 763px) 100vw, 763px\" \/><\/figure>\n\n\n\n<p><strong>SINOPSIS<\/strong><\/p>\n\n\n\n<p>La trama narra el regreso del joven Pr\u00edncipe Mishkin a San Petersburgo, donde su naturaleza compasiva y honesta choca con un mundo de miseria, pasiones oscuras y traici\u00f3n. Su encuentro con Rog\u00f3zhin marca el comienzo de una historia de locuras y desamor, en la que la bondad de Mishkin, de manera parad\u00f3jica, se convierte en el motor de un tr\u00e1gico desenlace.<\/p>\n\n\n\n<p>&#8220;El idiota&#8221; reflexiona sobre la fuerza desestabilizadora de la compasi\u00f3n, una cualidad que la sociedad actual, con su brutalidad y af\u00e1n por las apariencias, no puede tolerar. A trav\u00e9s de este cl\u00e1sico, la puesta en escena busca desarmar el alma humana y exponer su complejidad.<\/p>\n\n\n\n<figure class=\"wp-block-image size-full\"><img loading=\"lazy\" decoding=\"async\" width=\"760\" height=\"459\" src=\"https:\/\/sergiolapegue.com\/site\/wp-content\/uploads\/2025\/08\/El-idiota-3.jpeg\" alt=\"\" class=\"wp-image-24779\" srcset=\"https:\/\/sergiolapegue.com\/site\/wp-content\/uploads\/2025\/08\/El-idiota-3.jpeg 760w, https:\/\/sergiolapegue.com\/site\/wp-content\/uploads\/2025\/08\/El-idiota-3-300x181.jpeg 300w, https:\/\/sergiolapegue.com\/site\/wp-content\/uploads\/2025\/08\/El-idiota-3-695x420.jpeg 695w, https:\/\/sergiolapegue.com\/site\/wp-content\/uploads\/2025\/08\/El-idiota-3-696x420.jpeg 696w\" sizes=\"auto, (max-width: 760px) 100vw, 760px\" \/><\/figure>\n\n\n\n<p><strong>FICHA T\u00c9CNICO ART<\/strong><strong>\u00cdSTICA<\/strong><\/p>\n\n\n\n<p><strong>Autor:<\/strong> Fi\u00f3dor Dostoievski<\/p>\n\n\n\n<p><strong>Adaptaci\u00f3n:<\/strong> Mart\u00edn Barreiro<\/p>\n\n\n\n<p><strong>Elenco:&nbsp;<\/strong>Mat\u00edas Turina (Pr\u00edncipe Mishkin)<\/p>\n\n\n\n<p>&nbsp;&nbsp;&nbsp;&nbsp;&nbsp;&nbsp;&nbsp; &nbsp;&nbsp;&nbsp;&nbsp;&nbsp;Emanuel Arce (Rog\u00f3zhin)<\/p>\n\n\n\n<p>&nbsp;&nbsp;&nbsp;&nbsp;&nbsp;&nbsp;&nbsp;&nbsp;&nbsp;&nbsp;&nbsp;&nbsp; Fernando L\u00f3pez (Hip\u00f3lito)<\/p>\n\n\n\n<p>&nbsp;&nbsp;&nbsp;&nbsp;&nbsp;&nbsp;&nbsp;&nbsp;&nbsp;&nbsp;&nbsp;&nbsp; Vivi Campos (Nastasia)<\/p>\n\n\n\n<p>&nbsp;&nbsp;&nbsp;&nbsp;&nbsp;&nbsp;&nbsp;&nbsp;&nbsp;&nbsp;&nbsp;&nbsp; Sof\u00eda Jazm\u00edn (Aglaya\/Varya)<\/p>\n\n\n\n<p>&nbsp;&nbsp;&nbsp;&nbsp;&nbsp;&nbsp;&nbsp;&nbsp;&nbsp;&nbsp;&nbsp;&nbsp; Mimi Ferraro (Lizabeta\/Madre)<\/p>\n\n\n\n<p>&nbsp;&nbsp;&nbsp;&nbsp;&nbsp;&nbsp;&nbsp;&nbsp;&nbsp;&nbsp;&nbsp;&nbsp; Alberto Cravero (General)<\/p>\n\n\n\n<p>&nbsp;&nbsp;&nbsp;&nbsp;&nbsp;&nbsp;&nbsp;&nbsp;&nbsp;&nbsp;&nbsp;&nbsp; Francesco Francica (Gania)<\/p>\n\n\n\n<p><strong>Escenograf\u00eda:<\/strong>&nbsp;MB-MB<\/p>\n\n\n\n<p><strong>Vestuario:<\/strong>&nbsp;MB-MB<\/p>\n\n\n\n<p><strong>Dise\u00f1o de luces:<\/strong>&nbsp;MB-MB<\/p>\n\n\n\n<p><strong>Redes Sociales:<\/strong>&nbsp;0KM Prensa<\/p>\n\n\n\n<p><strong>Prensa:<\/strong>&nbsp;0KM Prensa<\/p>\n\n\n\n<p><strong>Puesta en escena:<\/strong> Mart\u00edn Barreiro<\/p>\n\n\n\n<p><strong>Direcci\u00f3n:<\/strong> Mart\u00edn Barreiro<\/p>\n\n\n\n<p><strong>Duraci\u00f3n:<\/strong> 95 minutos<\/p>\n\n\n\n<p><strong>Clasificaci\u00f3n:<\/strong> Teatro \u2013 Presencial \u2013 Adultos<\/p>\n\n\n\n<figure class=\"wp-block-image size-full\"><img loading=\"lazy\" decoding=\"async\" width=\"719\" height=\"458\" src=\"https:\/\/sergiolapegue.com\/site\/wp-content\/uploads\/2025\/08\/El-idiota-4.jpeg\" alt=\"\" class=\"wp-image-24781\" srcset=\"https:\/\/sergiolapegue.com\/site\/wp-content\/uploads\/2025\/08\/El-idiota-4.jpeg 719w, https:\/\/sergiolapegue.com\/site\/wp-content\/uploads\/2025\/08\/El-idiota-4-300x191.jpeg 300w, https:\/\/sergiolapegue.com\/site\/wp-content\/uploads\/2025\/08\/El-idiota-4-659x420.jpeg 659w, https:\/\/sergiolapegue.com\/site\/wp-content\/uploads\/2025\/08\/El-idiota-4-696x443.jpeg 696w\" sizes=\"auto, (max-width: 719px) 100vw, 719px\" \/><\/figure>\n\n\n\n<p><strong>TEATRO EL CONVENTO<\/strong><\/p>\n\n\n\n<p>Reconquista 269 \u2013 Capital Federal \u2013 Buenos Aires \u2013 Argentina<\/p>\n\n\n\n<p>Reservas: 11 6 718 1435<\/p>\n\n\n\n<p>Web: <a href=\"http:\/\/www.teatroelconvento.com.ar\">http:\/\/www.teatroelconvento.com.ar<\/a><\/p>\n\n\n\n<p>Entradas: $ 15.000 \u2013 en boleter\u00eda del teatro o por Alternativa Teatral \u2013 Link:<\/p>\n\n\n\n<p><a href=\"https:\/\/publico.alternativateatral.com\/entradas96836-el-idiota?o=14\">https:\/\/publico.alternativateatral.com\/entradas96836-el-idiota?o=14<\/a><\/p>\n\n\n\n<p>Funciones: S\u00e1bados 20:00 horas \u2013 Del 16\/08\/2025 al 13\/12\/2025<\/p>\n\n\n\n<p>Gracias Kevin Melgar de 0KM Prensa por acercarnos la gacetilla de prensa del estreno de este espect\u00e1culo.<\/p>\n\n\n\n<p><strong>SOBRE EL TEATRO EL CONVENTO<\/strong><\/p>\n\n\n\n<p>Desde el a\u00f1o 1996 la compa\u00f1\u00eda&nbsp;Teatro El Convento&nbsp;y su sala forman parte del circuito teatral de Buenos Aires. Tenemos como sede el edificio del Convento Grande de San Ram\u00f3n Nonato de Buenos Aires (Orden Mercedaria), declarado monumento hist\u00f3rico, situado en el coraz\u00f3n de la ciudad (Reconquista 269 &#8211; CABA) que data del a\u00f1o 1601; donde realizamos una intensa actividad teatral.<\/p>\n\n\n\n<p>Hemos trabajado en distintos teatros privados y oficiales de Argentina, Uruguay, Chile, Brasil y Espa\u00f1a. Nuestro repertorio est\u00e1 integrado, en su mayor\u00eda, por obras del teatro cl\u00e1sico; en especial, por las que forman parte de la edad media, renacimiento y barroco. Para comunicar textos escritos hace siglos fue oportuno concentrar nuestra actividad en la b\u00fasqueda de formas esc\u00e9nicas donde todos los elementos del arte teatral fueran respetados: El texto, la puesta en escena, la actuaci\u00f3n.<\/p>\n\n\n\n<p>De esta manera hemos elaborado, a lo largo de estos a\u00f1os, puestas inspiradas en el arte esc\u00e9nico de la \u00e9poca en que se gestaron las obras (el cuadro vivo, los escenarios simult\u00e1neos, el truco esc\u00e9nico.); pero tambi\u00e9n, las fusionamos con formas dis\u00edmiles que van desde el No japon\u00e9s al de tensi\u00f3n- relajaci\u00f3n de Marta Graham; y hemos experimentado con t\u00e9cnicas cinematogr\u00e1ficas.<\/p>\n\n\n\n<p>Hemos concebido la puesta en escena como una&nbsp;coreograf\u00eda, priorizando la sincronizaci\u00f3n en la construcci\u00f3n colectiva de movimientos en constante simbiosis fondo-primer plano. Dotamos a la actuaci\u00f3n del \u00e9nfasis que exige el texto cl\u00e1sico. Priorizamos la palabra a trav\u00e9s del verso o la met\u00e1fora, rescatando la belleza de nuestro idioma.<\/p>\n\n\n\n<p>Construimos los personajes de las tragedias con econom\u00eda de recursos y remarcamos la caricatura en la comedia. Vulneramos la estabilidad del actor con m\u00faltiples transformaciones realizadas de manera inmediata. Tambi\u00e9n hemos formulado nuestro concepto de la iluminaci\u00f3n, el vestuario y la escenograf\u00eda para se\u00f1alar modos y transiciones a lo largo de cada obra.<\/p>\n\n\n\n<p>El fin que persigue nuestra compa\u00f1\u00eda es llevar a escena la poderosa cr\u00edtica cultural de naturaleza atemporal que encierra un texto. Ese es para nosotros el sello del teatro cl\u00e1sico, la sustancia que lo vuelve eterno. No incumbe a un solo hombre, sino a todos los hombres.&nbsp; Pero creemos tambi\u00e9n que la inmortalidad de una obra no se encuentra en sus infinitas repeticiones, intentando reconstruir \u00e9pocas pasadas, sino en la capacidad que tengamos para capturar los tiempos y lugares en los cuales vuelve a renacer.<\/p>\n\n\n\n<p><strong>REDES SOCIALES<\/strong><\/p>\n\n\n\n<p><strong>Facebook:<\/strong> TeatroEl Convento<\/p>\n\n\n\n<p><strong>Instagram:<\/strong> @teatroelconvento<\/p>\n\n\n\n<p><strong>X (ex Twitter):<\/strong> @TeatroElConvent<\/p>\n\n\n\n<p><strong>YouTube:<\/strong> @mbarreiro47&nbsp;<\/p>\n\n\n\n<p><\/p>\n","protected":false},"excerpt":{"rendered":"<p>El&nbsp;Teatro El Convento, que este a\u00f1o cumple 30 a\u00f1os de vida,&nbsp;se prepara para el estreno de&nbsp;&#8220;El Idiota&#8221;, la reconocida novela de Fi\u00f3dor Dostoievski, en una adaptaci\u00f3n y direcci\u00f3n de&nbsp;Mart\u00edn Barreiro y las actuaciones de Mat\u00edas Turina, Emanuel Arce, Fernando L\u00f3pez, Vivi Campos, Sof\u00eda Jazm\u00edn, Mimi Ferraro, Alberto Cravero y Francesco Francica. La obra se estren\u00f3 [&hellip;]<\/p>\n","protected":false},"author":3,"featured_media":24782,"comment_status":"open","ping_status":"closed","sticky":false,"template":"","format":"standard","meta":{"footnotes":""},"categories":[34,35],"tags":[],"class_list":{"0":"post-24776","1":"post","2":"type-post","3":"status-publish","4":"format-standard","5":"has-post-thumbnail","7":"category-arte","8":"category-teatro"},"yoast_head":"<!-- This site is optimized with the Yoast SEO plugin v27.5 - https:\/\/yoast.com\/product\/yoast-seo-wordpress\/ -->\n<title>&quot;EL IDIOTA&quot; - Sergio Lapegue<\/title>\n<meta name=\"robots\" content=\"index, follow, max-snippet:-1, max-image-preview:large, max-video-preview:-1\" \/>\n<link rel=\"canonical\" href=\"https:\/\/sergiolapegue.com\/site\/2025\/11\/13\/el-idiota\/\" \/>\n<meta property=\"og:locale\" content=\"es_ES\" \/>\n<meta property=\"og:type\" content=\"article\" \/>\n<meta property=\"og:title\" content=\"&quot;EL IDIOTA&quot; - Sergio Lapegue\" \/>\n<meta property=\"og:description\" content=\"El&nbsp;Teatro El Convento, que este a\u00f1o cumple 30 a\u00f1os de vida,&nbsp;se prepara para el estreno de&nbsp;&#8220;El Idiota&#8221;, la reconocida novela de Fi\u00f3dor Dostoievski, en una adaptaci\u00f3n y direcci\u00f3n de&nbsp;Mart\u00edn Barreiro y las actuaciones de Mat\u00edas Turina, Emanuel Arce, Fernando L\u00f3pez, Vivi Campos, Sof\u00eda Jazm\u00edn, Mimi Ferraro, Alberto Cravero y Francesco Francica. La obra se estren\u00f3 [&hellip;]\" \/>\n<meta property=\"og:url\" content=\"https:\/\/sergiolapegue.com\/site\/2025\/11\/13\/el-idiota\/\" \/>\n<meta property=\"og:site_name\" content=\"Sergio Lapegue\" \/>\n<meta property=\"article:publisher\" content=\"https:\/\/facebook.com\/sergiolapegue\" \/>\n<meta property=\"article:author\" content=\"https:\/\/facebook.com\/danielernesto.montana\" \/>\n<meta property=\"article:published_time\" content=\"2025-11-13T12:00:00+00:00\" \/>\n<meta property=\"og:image\" content=\"https:\/\/sergiolapegue.com\/site\/wp-content\/uploads\/2025\/08\/El-Idiota.jpg\" \/>\n\t<meta property=\"og:image:width\" content=\"1080\" \/>\n\t<meta property=\"og:image:height\" content=\"992\" \/>\n\t<meta property=\"og:image:type\" content=\"image\/jpeg\" \/>\n<meta name=\"author\" content=\"Daniel E. Monta\u00f1a\" \/>\n<meta name=\"twitter:card\" content=\"summary_large_image\" \/>\n<meta name=\"twitter:creator\" content=\"@https:\/\/twitter.com\/daner_004\" \/>\n<meta name=\"twitter:site\" content=\"@sergiolapegue\" \/>\n<meta name=\"twitter:label1\" content=\"Escrito por\" \/>\n\t<meta name=\"twitter:data1\" content=\"Daniel E. Monta\u00f1a\" \/>\n\t<meta name=\"twitter:label2\" content=\"Tiempo de lectura\" \/>\n\t<meta name=\"twitter:data2\" content=\"5 minutos\" \/>\n<script type=\"application\/ld+json\" class=\"yoast-schema-graph\">{\"@context\":\"https:\\\/\\\/schema.org\",\"@graph\":[{\"@type\":\"Article\",\"@id\":\"https:\\\/\\\/sergiolapegue.com\\\/site\\\/2025\\\/11\\\/13\\\/el-idiota\\\/#article\",\"isPartOf\":{\"@id\":\"https:\\\/\\\/sergiolapegue.com\\\/site\\\/2025\\\/11\\\/13\\\/el-idiota\\\/\"},\"author\":{\"name\":\"Daniel E. Monta\u00f1a\",\"@id\":\"https:\\\/\\\/sergiolapegue.com\\\/site\\\/#\\\/schema\\\/person\\\/9198e7dbab43c6d74d0fd5399af7c3cd\"},\"headline\":\"&#8220;EL IDIOTA&#8221;\",\"datePublished\":\"2025-11-13T12:00:00+00:00\",\"mainEntityOfPage\":{\"@id\":\"https:\\\/\\\/sergiolapegue.com\\\/site\\\/2025\\\/11\\\/13\\\/el-idiota\\\/\"},\"wordCount\":912,\"commentCount\":0,\"publisher\":{\"@id\":\"https:\\\/\\\/sergiolapegue.com\\\/site\\\/#\\\/schema\\\/person\\\/083aeceeb0734cd166779ea6c0551a37\"},\"image\":{\"@id\":\"https:\\\/\\\/sergiolapegue.com\\\/site\\\/2025\\\/11\\\/13\\\/el-idiota\\\/#primaryimage\"},\"thumbnailUrl\":\"https:\\\/\\\/sergiolapegue.com\\\/site\\\/wp-content\\\/uploads\\\/2025\\\/08\\\/El-Idiota.jpg\",\"articleSection\":[\"Arte\",\"Teatro\"],\"inLanguage\":\"es-AR\",\"potentialAction\":[{\"@type\":\"CommentAction\",\"name\":\"Comment\",\"target\":[\"https:\\\/\\\/sergiolapegue.com\\\/site\\\/2025\\\/11\\\/13\\\/el-idiota\\\/#respond\"]}]},{\"@type\":\"WebPage\",\"@id\":\"https:\\\/\\\/sergiolapegue.com\\\/site\\\/2025\\\/11\\\/13\\\/el-idiota\\\/\",\"url\":\"https:\\\/\\\/sergiolapegue.com\\\/site\\\/2025\\\/11\\\/13\\\/el-idiota\\\/\",\"name\":\"\\\"EL IDIOTA\\\" - Sergio Lapegue\",\"isPartOf\":{\"@id\":\"https:\\\/\\\/sergiolapegue.com\\\/site\\\/#website\"},\"primaryImageOfPage\":{\"@id\":\"https:\\\/\\\/sergiolapegue.com\\\/site\\\/2025\\\/11\\\/13\\\/el-idiota\\\/#primaryimage\"},\"image\":{\"@id\":\"https:\\\/\\\/sergiolapegue.com\\\/site\\\/2025\\\/11\\\/13\\\/el-idiota\\\/#primaryimage\"},\"thumbnailUrl\":\"https:\\\/\\\/sergiolapegue.com\\\/site\\\/wp-content\\\/uploads\\\/2025\\\/08\\\/El-Idiota.jpg\",\"datePublished\":\"2025-11-13T12:00:00+00:00\",\"breadcrumb\":{\"@id\":\"https:\\\/\\\/sergiolapegue.com\\\/site\\\/2025\\\/11\\\/13\\\/el-idiota\\\/#breadcrumb\"},\"inLanguage\":\"es-AR\",\"potentialAction\":[{\"@type\":\"ReadAction\",\"target\":[\"https:\\\/\\\/sergiolapegue.com\\\/site\\\/2025\\\/11\\\/13\\\/el-idiota\\\/\"]}]},{\"@type\":\"ImageObject\",\"inLanguage\":\"es-AR\",\"@id\":\"https:\\\/\\\/sergiolapegue.com\\\/site\\\/2025\\\/11\\\/13\\\/el-idiota\\\/#primaryimage\",\"url\":\"https:\\\/\\\/sergiolapegue.com\\\/site\\\/wp-content\\\/uploads\\\/2025\\\/08\\\/El-Idiota.jpg\",\"contentUrl\":\"https:\\\/\\\/sergiolapegue.com\\\/site\\\/wp-content\\\/uploads\\\/2025\\\/08\\\/El-Idiota.jpg\",\"width\":1080,\"height\":992},{\"@type\":\"BreadcrumbList\",\"@id\":\"https:\\\/\\\/sergiolapegue.com\\\/site\\\/2025\\\/11\\\/13\\\/el-idiota\\\/#breadcrumb\",\"itemListElement\":[{\"@type\":\"ListItem\",\"position\":1,\"name\":\"Inicio\",\"item\":\"https:\\\/\\\/sergiolapegue.com\\\/site\\\/\"},{\"@type\":\"ListItem\",\"position\":2,\"name\":\"&#8220;EL IDIOTA&#8221;\"}]},{\"@type\":\"WebSite\",\"@id\":\"https:\\\/\\\/sergiolapegue.com\\\/site\\\/#website\",\"url\":\"https:\\\/\\\/sergiolapegue.com\\\/site\\\/\",\"name\":\"Sergio Lapegue\",\"description\":\"Periodista\",\"publisher\":{\"@id\":\"https:\\\/\\\/sergiolapegue.com\\\/site\\\/#\\\/schema\\\/person\\\/083aeceeb0734cd166779ea6c0551a37\"},\"potentialAction\":[{\"@type\":\"SearchAction\",\"target\":{\"@type\":\"EntryPoint\",\"urlTemplate\":\"https:\\\/\\\/sergiolapegue.com\\\/site\\\/?s={search_term_string}\"},\"query-input\":{\"@type\":\"PropertyValueSpecification\",\"valueRequired\":true,\"valueName\":\"search_term_string\"}}],\"inLanguage\":\"es-AR\"},{\"@type\":[\"Person\",\"Organization\"],\"@id\":\"https:\\\/\\\/sergiolapegue.com\\\/site\\\/#\\\/schema\\\/person\\\/083aeceeb0734cd166779ea6c0551a37\",\"name\":\"Sergio Lapegue\",\"image\":{\"@type\":\"ImageObject\",\"inLanguage\":\"es-AR\",\"@id\":\"https:\\\/\\\/sergiolapegue.com\\\/site\\\/wp-content\\\/uploads\\\/2021\\\/04\\\/logo_header-1.png\",\"url\":\"https:\\\/\\\/sergiolapegue.com\\\/site\\\/wp-content\\\/uploads\\\/2021\\\/04\\\/logo_header-1.png\",\"contentUrl\":\"https:\\\/\\\/sergiolapegue.com\\\/site\\\/wp-content\\\/uploads\\\/2021\\\/04\\\/logo_header-1.png\",\"width\":272,\"height\":90,\"caption\":\"Sergio Lapegue\"},\"logo\":{\"@id\":\"https:\\\/\\\/sergiolapegue.com\\\/site\\\/wp-content\\\/uploads\\\/2021\\\/04\\\/logo_header-1.png\"},\"sameAs\":[\"https:\\\/\\\/facebook.com\\\/sergiolapegue\",\"https:\\\/\\\/instagram.com\\\/sergiolapegue\",\"https:\\\/\\\/x.com\\\/https:\\\/\\\/twitter.com\\\/sergiolapegue\"]},{\"@type\":\"Person\",\"@id\":\"https:\\\/\\\/sergiolapegue.com\\\/site\\\/#\\\/schema\\\/person\\\/9198e7dbab43c6d74d0fd5399af7c3cd\",\"name\":\"Daniel E. Monta\u00f1a\",\"image\":{\"@type\":\"ImageObject\",\"inLanguage\":\"es-AR\",\"@id\":\"https:\\\/\\\/sergiolapegue.com\\\/site\\\/wp-content\\\/uploads\\\/2021\\\/04\\\/sl_avatar_Daniel-150x150.jpg\",\"url\":\"https:\\\/\\\/sergiolapegue.com\\\/site\\\/wp-content\\\/uploads\\\/2021\\\/04\\\/sl_avatar_Daniel-150x150.jpg\",\"contentUrl\":\"https:\\\/\\\/sergiolapegue.com\\\/site\\\/wp-content\\\/uploads\\\/2021\\\/04\\\/sl_avatar_Daniel-150x150.jpg\",\"caption\":\"Daniel E. Monta\u00f1a\"},\"sameAs\":[\"https:\\\/\\\/facebook.com\\\/danielernesto.montana\",\"https:\\\/\\\/instagram.com\\\/daniel_montana1961\",\"https:\\\/\\\/x.com\\\/https:\\\/\\\/twitter.com\\\/daner_004\"],\"url\":\"https:\\\/\\\/sergiolapegue.com\\\/site\\\/author\\\/daniel\\\/\"}]}<\/script>\n<!-- \/ Yoast SEO plugin. -->","yoast_head_json":{"title":"\"EL IDIOTA\" - Sergio Lapegue","robots":{"index":"index","follow":"follow","max-snippet":"max-snippet:-1","max-image-preview":"max-image-preview:large","max-video-preview":"max-video-preview:-1"},"canonical":"https:\/\/sergiolapegue.com\/site\/2025\/11\/13\/el-idiota\/","og_locale":"es_ES","og_type":"article","og_title":"\"EL IDIOTA\" - Sergio Lapegue","og_description":"El&nbsp;Teatro El Convento, que este a\u00f1o cumple 30 a\u00f1os de vida,&nbsp;se prepara para el estreno de&nbsp;&#8220;El Idiota&#8221;, la reconocida novela de Fi\u00f3dor Dostoievski, en una adaptaci\u00f3n y direcci\u00f3n de&nbsp;Mart\u00edn Barreiro y las actuaciones de Mat\u00edas Turina, Emanuel Arce, Fernando L\u00f3pez, Vivi Campos, Sof\u00eda Jazm\u00edn, Mimi Ferraro, Alberto Cravero y Francesco Francica. La obra se estren\u00f3 [&hellip;]","og_url":"https:\/\/sergiolapegue.com\/site\/2025\/11\/13\/el-idiota\/","og_site_name":"Sergio Lapegue","article_publisher":"https:\/\/facebook.com\/sergiolapegue","article_author":"https:\/\/facebook.com\/danielernesto.montana","article_published_time":"2025-11-13T12:00:00+00:00","og_image":[{"width":1080,"height":992,"url":"https:\/\/sergiolapegue.com\/site\/wp-content\/uploads\/2025\/08\/El-Idiota.jpg","type":"image\/jpeg"}],"author":"Daniel E. Monta\u00f1a","twitter_card":"summary_large_image","twitter_creator":"@https:\/\/twitter.com\/daner_004","twitter_site":"@sergiolapegue","twitter_misc":{"Escrito por":"Daniel E. Monta\u00f1a","Tiempo de lectura":"5 minutos"},"schema":{"@context":"https:\/\/schema.org","@graph":[{"@type":"Article","@id":"https:\/\/sergiolapegue.com\/site\/2025\/11\/13\/el-idiota\/#article","isPartOf":{"@id":"https:\/\/sergiolapegue.com\/site\/2025\/11\/13\/el-idiota\/"},"author":{"name":"Daniel E. Monta\u00f1a","@id":"https:\/\/sergiolapegue.com\/site\/#\/schema\/person\/9198e7dbab43c6d74d0fd5399af7c3cd"},"headline":"&#8220;EL IDIOTA&#8221;","datePublished":"2025-11-13T12:00:00+00:00","mainEntityOfPage":{"@id":"https:\/\/sergiolapegue.com\/site\/2025\/11\/13\/el-idiota\/"},"wordCount":912,"commentCount":0,"publisher":{"@id":"https:\/\/sergiolapegue.com\/site\/#\/schema\/person\/083aeceeb0734cd166779ea6c0551a37"},"image":{"@id":"https:\/\/sergiolapegue.com\/site\/2025\/11\/13\/el-idiota\/#primaryimage"},"thumbnailUrl":"https:\/\/sergiolapegue.com\/site\/wp-content\/uploads\/2025\/08\/El-Idiota.jpg","articleSection":["Arte","Teatro"],"inLanguage":"es-AR","potentialAction":[{"@type":"CommentAction","name":"Comment","target":["https:\/\/sergiolapegue.com\/site\/2025\/11\/13\/el-idiota\/#respond"]}]},{"@type":"WebPage","@id":"https:\/\/sergiolapegue.com\/site\/2025\/11\/13\/el-idiota\/","url":"https:\/\/sergiolapegue.com\/site\/2025\/11\/13\/el-idiota\/","name":"\"EL IDIOTA\" - Sergio Lapegue","isPartOf":{"@id":"https:\/\/sergiolapegue.com\/site\/#website"},"primaryImageOfPage":{"@id":"https:\/\/sergiolapegue.com\/site\/2025\/11\/13\/el-idiota\/#primaryimage"},"image":{"@id":"https:\/\/sergiolapegue.com\/site\/2025\/11\/13\/el-idiota\/#primaryimage"},"thumbnailUrl":"https:\/\/sergiolapegue.com\/site\/wp-content\/uploads\/2025\/08\/El-Idiota.jpg","datePublished":"2025-11-13T12:00:00+00:00","breadcrumb":{"@id":"https:\/\/sergiolapegue.com\/site\/2025\/11\/13\/el-idiota\/#breadcrumb"},"inLanguage":"es-AR","potentialAction":[{"@type":"ReadAction","target":["https:\/\/sergiolapegue.com\/site\/2025\/11\/13\/el-idiota\/"]}]},{"@type":"ImageObject","inLanguage":"es-AR","@id":"https:\/\/sergiolapegue.com\/site\/2025\/11\/13\/el-idiota\/#primaryimage","url":"https:\/\/sergiolapegue.com\/site\/wp-content\/uploads\/2025\/08\/El-Idiota.jpg","contentUrl":"https:\/\/sergiolapegue.com\/site\/wp-content\/uploads\/2025\/08\/El-Idiota.jpg","width":1080,"height":992},{"@type":"BreadcrumbList","@id":"https:\/\/sergiolapegue.com\/site\/2025\/11\/13\/el-idiota\/#breadcrumb","itemListElement":[{"@type":"ListItem","position":1,"name":"Inicio","item":"https:\/\/sergiolapegue.com\/site\/"},{"@type":"ListItem","position":2,"name":"&#8220;EL IDIOTA&#8221;"}]},{"@type":"WebSite","@id":"https:\/\/sergiolapegue.com\/site\/#website","url":"https:\/\/sergiolapegue.com\/site\/","name":"Sergio Lapegue","description":"Periodista","publisher":{"@id":"https:\/\/sergiolapegue.com\/site\/#\/schema\/person\/083aeceeb0734cd166779ea6c0551a37"},"potentialAction":[{"@type":"SearchAction","target":{"@type":"EntryPoint","urlTemplate":"https:\/\/sergiolapegue.com\/site\/?s={search_term_string}"},"query-input":{"@type":"PropertyValueSpecification","valueRequired":true,"valueName":"search_term_string"}}],"inLanguage":"es-AR"},{"@type":["Person","Organization"],"@id":"https:\/\/sergiolapegue.com\/site\/#\/schema\/person\/083aeceeb0734cd166779ea6c0551a37","name":"Sergio Lapegue","image":{"@type":"ImageObject","inLanguage":"es-AR","@id":"https:\/\/sergiolapegue.com\/site\/wp-content\/uploads\/2021\/04\/logo_header-1.png","url":"https:\/\/sergiolapegue.com\/site\/wp-content\/uploads\/2021\/04\/logo_header-1.png","contentUrl":"https:\/\/sergiolapegue.com\/site\/wp-content\/uploads\/2021\/04\/logo_header-1.png","width":272,"height":90,"caption":"Sergio Lapegue"},"logo":{"@id":"https:\/\/sergiolapegue.com\/site\/wp-content\/uploads\/2021\/04\/logo_header-1.png"},"sameAs":["https:\/\/facebook.com\/sergiolapegue","https:\/\/instagram.com\/sergiolapegue","https:\/\/x.com\/https:\/\/twitter.com\/sergiolapegue"]},{"@type":"Person","@id":"https:\/\/sergiolapegue.com\/site\/#\/schema\/person\/9198e7dbab43c6d74d0fd5399af7c3cd","name":"Daniel E. Monta\u00f1a","image":{"@type":"ImageObject","inLanguage":"es-AR","@id":"https:\/\/sergiolapegue.com\/site\/wp-content\/uploads\/2021\/04\/sl_avatar_Daniel-150x150.jpg","url":"https:\/\/sergiolapegue.com\/site\/wp-content\/uploads\/2021\/04\/sl_avatar_Daniel-150x150.jpg","contentUrl":"https:\/\/sergiolapegue.com\/site\/wp-content\/uploads\/2021\/04\/sl_avatar_Daniel-150x150.jpg","caption":"Daniel E. Monta\u00f1a"},"sameAs":["https:\/\/facebook.com\/danielernesto.montana","https:\/\/instagram.com\/daniel_montana1961","https:\/\/x.com\/https:\/\/twitter.com\/daner_004"],"url":"https:\/\/sergiolapegue.com\/site\/author\/daniel\/"}]}},"_links":{"self":[{"href":"https:\/\/sergiolapegue.com\/site\/wp-json\/wp\/v2\/posts\/24776","targetHints":{"allow":["GET"]}}],"collection":[{"href":"https:\/\/sergiolapegue.com\/site\/wp-json\/wp\/v2\/posts"}],"about":[{"href":"https:\/\/sergiolapegue.com\/site\/wp-json\/wp\/v2\/types\/post"}],"author":[{"embeddable":true,"href":"https:\/\/sergiolapegue.com\/site\/wp-json\/wp\/v2\/users\/3"}],"replies":[{"embeddable":true,"href":"https:\/\/sergiolapegue.com\/site\/wp-json\/wp\/v2\/comments?post=24776"}],"version-history":[{"count":2,"href":"https:\/\/sergiolapegue.com\/site\/wp-json\/wp\/v2\/posts\/24776\/revisions"}],"predecessor-version":[{"id":24783,"href":"https:\/\/sergiolapegue.com\/site\/wp-json\/wp\/v2\/posts\/24776\/revisions\/24783"}],"wp:featuredmedia":[{"embeddable":true,"href":"https:\/\/sergiolapegue.com\/site\/wp-json\/wp\/v2\/media\/24782"}],"wp:attachment":[{"href":"https:\/\/sergiolapegue.com\/site\/wp-json\/wp\/v2\/media?parent=24776"}],"wp:term":[{"taxonomy":"category","embeddable":true,"href":"https:\/\/sergiolapegue.com\/site\/wp-json\/wp\/v2\/categories?post=24776"},{"taxonomy":"post_tag","embeddable":true,"href":"https:\/\/sergiolapegue.com\/site\/wp-json\/wp\/v2\/tags?post=24776"}],"curies":[{"name":"wp","href":"https:\/\/api.w.org\/{rel}","templated":true}]}}