{"id":24468,"date":"2025-08-01T17:00:00","date_gmt":"2025-08-01T20:00:00","guid":{"rendered":"https:\/\/sergiolapegue.com\/site\/?p=24468"},"modified":"2025-07-31T03:00:22","modified_gmt":"2025-07-31T06:00:22","slug":"suavecito-para-abajo","status":"publish","type":"post","link":"https:\/\/sergiolapegue.com\/site\/2025\/08\/01\/suavecito-para-abajo\/","title":{"rendered":"SUAVECITO PARA ABAJO"},"content":{"rendered":"\n<p>Las atrevidas copan la parada<\/p>\n\n\n\n<p>Una obra de Mariana cumbi Bustinza con M\u00fasica de Facundo Salas.<\/p>\n\n\n\n<p>Las atrevidas copan la parada representa la forma en que las mujeres se vinculan con distintos emisores institucionales -la familia, la polic\u00eda, los medios de comunicaci\u00f3n- desde la rispidez y la crudeza que impone la supervivencia. Aun en un contexto de carencias, las protagonistas logran motorizar v\u00ednculos afectivos positivos, donde tambi\u00e9n se cuelan la juventud, el amor, las imposibilidades y las ilusiones.<br>La pieza est\u00e1 compuesta por tres historias entrelazadas, que, aunque aut\u00f3nomas, se desarrollan en un mismo universo: un mismo barrio, una misma realidad social. Las une la m\u00fasica, el ritmo del barrio, el movimiento del cuerpo y la coreograf\u00eda como forma de resistencia y expresi\u00f3n. Los v\u00ednculos tambi\u00e9n se entretejen entre s\u00ed: los personajes circulan, se rozan, se conocen, se afectan. Son tres historias, pero en una misma trama colectiva. Lo que se calla en una historia, explota en la siguiente.<\/p>\n\n\n\n<p><strong>La asimetr\u00eda empieza en casa<\/strong><strong><\/strong><\/p>\n\n\n\n<p>En&nbsp;Nena mala, Camila vive con su hijo de un lado del alambrado. Del otro, acecha un t\u00edo que aparenta protecci\u00f3n pero esconde un inter\u00e9s: otro cuerpo para saciarse, para sostener su lugar de poder. Camila debe romper la repetici\u00f3n, lo que se calla, lo que queda entre las paredes. Para cruzar el alambrado. Para que los sue\u00f1os no anuncien la muerte.<\/p>\n\n\n\n<p><strong>Con la misma moneda te pagu\u00e9, infeliz<\/strong><strong><\/strong><\/p>\n\n\n\n<p>En&nbsp;Chica pura, Sabri tiene un v\u00ednculo con Yair. \u00c9l cuestiona sus decisiones, sus consumos, sus amistades. En el barrio, el afecto viene controlado. Hasta que Sabri empieza a mirarse a s\u00ed misma. Y esa mirada abre un conflicto: el deseo de otros v\u00ednculos, otras formas de estar.<\/p>\n\n\n\n<p><strong>Quieren bajarme y no saben c\u00f3mo hacer<\/strong><strong><\/strong><\/p>\n\n\n\n<p>En&nbsp;La madre del diablo, Lauti intenta encajar con sus pares. El consumo marca el tono de las relaciones. Pero tambi\u00e9n se enfrenta con una sociedad que, a trav\u00e9s del prejuicio, define qui\u00e9n merece ser disciplinado con violencia. Frente a eso, su madre toma la palabra: desde los m\u00e1rgenes, desaf\u00eda el lenguaje oficial, desmonta los relatos que sostienen la exclusi\u00f3n. Y pone el cuerpo. Y alza la voz.<\/p>\n\n\n\n<p><br>Con una puesta directa, intensa y desbordada, Mariana Bustinza vuelve a interpelar desde los m\u00e1rgenes, desarmando prejuicios de clase y emocionando al espectador. Las atrevidas copan la parada no s\u00f3lo cuentan lo que muchas veces se silencia, sino que lo bailan, lo gritan y lo transforman en una fiesta peligrosa y vital.<br>Lo m\u00e1s potente de esta propuesta es su capacidad para correr al p\u00fablico de sus prejuicios de clase, sus miedos y sus posiciones \u00e9ticas. La obra interpela de forma directa, intensa y desbordada -como suelen ser las emociones de quienes, hist\u00f3ricamente, no reciben ni el respeto m\u00ednimo de la sociedad.<\/p>\n\n\n\n<figure class=\"wp-block-image size-large is-style-rounded\"><img loading=\"lazy\" decoding=\"async\" width=\"1024\" height=\"1024\" src=\"https:\/\/sergiolapegue.com\/site\/wp-content\/uploads\/2025\/07\/Suavecito-para-abajo-1024x1024.jpeg\" alt=\"\" class=\"wp-image-24469\" srcset=\"https:\/\/sergiolapegue.com\/site\/wp-content\/uploads\/2025\/07\/Suavecito-para-abajo-1024x1024.jpeg 1024w, https:\/\/sergiolapegue.com\/site\/wp-content\/uploads\/2025\/07\/Suavecito-para-abajo-300x300.jpeg 300w, https:\/\/sergiolapegue.com\/site\/wp-content\/uploads\/2025\/07\/Suavecito-para-abajo-150x150.jpeg 150w, https:\/\/sergiolapegue.com\/site\/wp-content\/uploads\/2025\/07\/Suavecito-para-abajo-768x768.jpeg 768w, https:\/\/sergiolapegue.com\/site\/wp-content\/uploads\/2025\/07\/Suavecito-para-abajo-1536x1536.jpeg 1536w, https:\/\/sergiolapegue.com\/site\/wp-content\/uploads\/2025\/07\/Suavecito-para-abajo-420x420.jpeg 420w, https:\/\/sergiolapegue.com\/site\/wp-content\/uploads\/2025\/07\/Suavecito-para-abajo-696x696.jpeg 696w, https:\/\/sergiolapegue.com\/site\/wp-content\/uploads\/2025\/07\/Suavecito-para-abajo-1068x1068.jpeg 1068w, https:\/\/sergiolapegue.com\/site\/wp-content\/uploads\/2025\/07\/Suavecito-para-abajo.jpeg 1600w\" sizes=\"auto, (max-width: 1024px) 100vw, 1024px\" \/><\/figure>\n\n\n\n<p><strong>FICHA T\u00c9CNICO ART\u00cdSTICA<\/strong><strong><\/strong><\/p>\n\n\n\n<p><strong>Dramaturgia:<\/strong> Mariana Cumbi Bustinza<\/p>\n\n\n\n<p><strong>Act\u00faan:<\/strong> Hacho Badaracco \u2013 Camila Bernadaz \u2013 Miki \u2013 Victoria Raposo \u2013 Tamara Rocca \u2013 Rodrigo Trip<\/p>\n\n\n\n<p><strong>Vestuario:<\/strong> Cumbi Bustinza<\/p>\n\n\n\n<p><strong>Iluminaci\u00f3n:<\/strong> Gustavo Lista<\/p>\n\n\n\n<p><strong>Dise\u00f1o de escenograf\u00eda:<\/strong> Agust\u00edn Leonardo Addesso<\/p>\n\n\n\n<p><strong>Realizaci\u00f3n de herrer\u00eda:<\/strong> Guillermo Piazzo<\/p>\n\n\n\n<p><strong>M\u00fasica original:<\/strong> Facundo Salas<\/p>\n\n\n\n<p><strong>Fotograf\u00eda:<\/strong> Tom\u00e1s Addesso<\/p>\n\n\n\n<p><strong>Dise\u00f1o gr\u00e1fico:<\/strong> Addxsso<\/p>\n\n\n\n<p><strong>Coreograf\u00eda:<\/strong> Elena Fuster<\/p>\n\n\n\n<p><strong>Asistencia de direcci\u00f3n:<\/strong> Carolina Llargues<\/p>\n\n\n\n<p><strong>Producci\u00f3n general:<\/strong> Cumbi Producciones \u2013 Mariana Cumbi Bustinza<\/p>\n\n\n\n<p><strong>Direcci\u00f3n:<\/strong> Mariana Cumbi Bustinza<\/p>\n\n\n\n<p><strong>TEATRO EL POPULAR<\/strong><strong><\/strong><\/p>\n\n\n\n<p>Chile 2080 \u2013 Capital Federal \u2013 Buenos Aires \u2013 Argentina<\/p>\n\n\n\n<p>Tel\u00e9fono: 11 3 470 2576<\/p>\n\n\n\n<p>Web: <a href=\"https:\/\/www.instagram.com\/teatroelpopular\/\">https:\/\/www.instagram.com\/teatroelpopular\/<\/a><\/p>\n\n\n\n<p>Entradas a la gorra: Abonando en efectivo en el teatro o bien de manera virtual desde $ 10.000 a trav\u00e9s de Alternativa Teatral \u2013 Link directo<\/p>\n\n\n\n<p><a href=\"https:\/\/publico.alternativateatral.com\/entradas96295-suavecito-para-abajo?o=14\">https:\/\/publico.alternativateatral.com\/entradas96295-suavecito-para-abajo?o=14<\/a><\/p>\n\n\n\n<p>Funci\u00f3n: S\u00e1bados 20:30 horas \u2013 Desde el 02\/08\/2025<\/p>\n\n\n\n<p>Gracias Maril\u00fa Diz, Prensa del Teatro El Popular por hacernos llegar la gacetilla de prensa del estreno de este espect\u00e1culo.<\/p>\n","protected":false},"excerpt":{"rendered":"<p>Las atrevidas copan la parada Una obra de Mariana cumbi Bustinza con M\u00fasica de Facundo Salas. Las atrevidas copan la parada representa la forma en que las mujeres se vinculan con distintos emisores institucionales -la familia, la polic\u00eda, los medios de comunicaci\u00f3n- desde la rispidez y la crudeza que impone la supervivencia. Aun en un [&hellip;]<\/p>\n","protected":false},"author":3,"featured_media":24469,"comment_status":"open","ping_status":"closed","sticky":false,"template":"","format":"standard","meta":{"footnotes":""},"categories":[34,35],"tags":[],"class_list":{"0":"post-24468","1":"post","2":"type-post","3":"status-publish","4":"format-standard","5":"has-post-thumbnail","7":"category-arte","8":"category-teatro"},"yoast_head":"<!-- This site is optimized with the Yoast SEO plugin v27.5 - https:\/\/yoast.com\/product\/yoast-seo-wordpress\/ -->\n<title>SUAVECITO PARA ABAJO - Sergio Lapegue<\/title>\n<meta name=\"robots\" content=\"index, follow, max-snippet:-1, max-image-preview:large, max-video-preview:-1\" \/>\n<link rel=\"canonical\" href=\"https:\/\/sergiolapegue.com\/site\/2025\/08\/01\/suavecito-para-abajo\/\" \/>\n<meta property=\"og:locale\" content=\"es_ES\" \/>\n<meta property=\"og:type\" content=\"article\" \/>\n<meta property=\"og:title\" content=\"SUAVECITO PARA ABAJO - Sergio Lapegue\" \/>\n<meta property=\"og:description\" content=\"Las atrevidas copan la parada Una obra de Mariana cumbi Bustinza con M\u00fasica de Facundo Salas. Las atrevidas copan la parada representa la forma en que las mujeres se vinculan con distintos emisores institucionales -la familia, la polic\u00eda, los medios de comunicaci\u00f3n- desde la rispidez y la crudeza que impone la supervivencia. Aun en un [&hellip;]\" \/>\n<meta property=\"og:url\" content=\"https:\/\/sergiolapegue.com\/site\/2025\/08\/01\/suavecito-para-abajo\/\" \/>\n<meta property=\"og:site_name\" content=\"Sergio Lapegue\" \/>\n<meta property=\"article:publisher\" content=\"https:\/\/facebook.com\/sergiolapegue\" \/>\n<meta property=\"article:author\" content=\"https:\/\/facebook.com\/danielernesto.montana\" \/>\n<meta property=\"article:published_time\" content=\"2025-08-01T20:00:00+00:00\" \/>\n<meta property=\"og:image\" content=\"https:\/\/sergiolapegue.com\/site\/wp-content\/uploads\/2025\/07\/Suavecito-para-abajo.jpeg\" \/>\n\t<meta property=\"og:image:width\" content=\"1600\" \/>\n\t<meta property=\"og:image:height\" content=\"1600\" \/>\n\t<meta property=\"og:image:type\" content=\"image\/jpeg\" \/>\n<meta name=\"author\" content=\"Daniel E. Monta\u00f1a\" \/>\n<meta name=\"twitter:card\" content=\"summary_large_image\" \/>\n<meta name=\"twitter:creator\" content=\"@https:\/\/twitter.com\/daner_004\" \/>\n<meta name=\"twitter:site\" content=\"@sergiolapegue\" \/>\n<meta name=\"twitter:label1\" content=\"Escrito por\" \/>\n\t<meta name=\"twitter:data1\" content=\"Daniel E. Monta\u00f1a\" \/>\n\t<meta name=\"twitter:label2\" content=\"Tiempo de lectura\" \/>\n\t<meta name=\"twitter:data2\" content=\"4 minutos\" \/>\n<script type=\"application\/ld+json\" class=\"yoast-schema-graph\">{\"@context\":\"https:\\\/\\\/schema.org\",\"@graph\":[{\"@type\":\"Article\",\"@id\":\"https:\\\/\\\/sergiolapegue.com\\\/site\\\/2025\\\/08\\\/01\\\/suavecito-para-abajo\\\/#article\",\"isPartOf\":{\"@id\":\"https:\\\/\\\/sergiolapegue.com\\\/site\\\/2025\\\/08\\\/01\\\/suavecito-para-abajo\\\/\"},\"author\":{\"name\":\"Daniel E. Monta\u00f1a\",\"@id\":\"https:\\\/\\\/sergiolapegue.com\\\/site\\\/#\\\/schema\\\/person\\\/9198e7dbab43c6d74d0fd5399af7c3cd\"},\"headline\":\"SUAVECITO PARA ABAJO\",\"datePublished\":\"2025-08-01T20:00:00+00:00\",\"mainEntityOfPage\":{\"@id\":\"https:\\\/\\\/sergiolapegue.com\\\/site\\\/2025\\\/08\\\/01\\\/suavecito-para-abajo\\\/\"},\"wordCount\":655,\"commentCount\":0,\"publisher\":{\"@id\":\"https:\\\/\\\/sergiolapegue.com\\\/site\\\/#\\\/schema\\\/person\\\/083aeceeb0734cd166779ea6c0551a37\"},\"image\":{\"@id\":\"https:\\\/\\\/sergiolapegue.com\\\/site\\\/2025\\\/08\\\/01\\\/suavecito-para-abajo\\\/#primaryimage\"},\"thumbnailUrl\":\"https:\\\/\\\/sergiolapegue.com\\\/site\\\/wp-content\\\/uploads\\\/2025\\\/07\\\/Suavecito-para-abajo.jpeg\",\"articleSection\":[\"Arte\",\"Teatro\"],\"inLanguage\":\"es-AR\",\"potentialAction\":[{\"@type\":\"CommentAction\",\"name\":\"Comment\",\"target\":[\"https:\\\/\\\/sergiolapegue.com\\\/site\\\/2025\\\/08\\\/01\\\/suavecito-para-abajo\\\/#respond\"]}]},{\"@type\":\"WebPage\",\"@id\":\"https:\\\/\\\/sergiolapegue.com\\\/site\\\/2025\\\/08\\\/01\\\/suavecito-para-abajo\\\/\",\"url\":\"https:\\\/\\\/sergiolapegue.com\\\/site\\\/2025\\\/08\\\/01\\\/suavecito-para-abajo\\\/\",\"name\":\"SUAVECITO PARA ABAJO - Sergio Lapegue\",\"isPartOf\":{\"@id\":\"https:\\\/\\\/sergiolapegue.com\\\/site\\\/#website\"},\"primaryImageOfPage\":{\"@id\":\"https:\\\/\\\/sergiolapegue.com\\\/site\\\/2025\\\/08\\\/01\\\/suavecito-para-abajo\\\/#primaryimage\"},\"image\":{\"@id\":\"https:\\\/\\\/sergiolapegue.com\\\/site\\\/2025\\\/08\\\/01\\\/suavecito-para-abajo\\\/#primaryimage\"},\"thumbnailUrl\":\"https:\\\/\\\/sergiolapegue.com\\\/site\\\/wp-content\\\/uploads\\\/2025\\\/07\\\/Suavecito-para-abajo.jpeg\",\"datePublished\":\"2025-08-01T20:00:00+00:00\",\"breadcrumb\":{\"@id\":\"https:\\\/\\\/sergiolapegue.com\\\/site\\\/2025\\\/08\\\/01\\\/suavecito-para-abajo\\\/#breadcrumb\"},\"inLanguage\":\"es-AR\",\"potentialAction\":[{\"@type\":\"ReadAction\",\"target\":[\"https:\\\/\\\/sergiolapegue.com\\\/site\\\/2025\\\/08\\\/01\\\/suavecito-para-abajo\\\/\"]}]},{\"@type\":\"ImageObject\",\"inLanguage\":\"es-AR\",\"@id\":\"https:\\\/\\\/sergiolapegue.com\\\/site\\\/2025\\\/08\\\/01\\\/suavecito-para-abajo\\\/#primaryimage\",\"url\":\"https:\\\/\\\/sergiolapegue.com\\\/site\\\/wp-content\\\/uploads\\\/2025\\\/07\\\/Suavecito-para-abajo.jpeg\",\"contentUrl\":\"https:\\\/\\\/sergiolapegue.com\\\/site\\\/wp-content\\\/uploads\\\/2025\\\/07\\\/Suavecito-para-abajo.jpeg\",\"width\":1600,\"height\":1600},{\"@type\":\"BreadcrumbList\",\"@id\":\"https:\\\/\\\/sergiolapegue.com\\\/site\\\/2025\\\/08\\\/01\\\/suavecito-para-abajo\\\/#breadcrumb\",\"itemListElement\":[{\"@type\":\"ListItem\",\"position\":1,\"name\":\"Inicio\",\"item\":\"https:\\\/\\\/sergiolapegue.com\\\/site\\\/\"},{\"@type\":\"ListItem\",\"position\":2,\"name\":\"SUAVECITO PARA ABAJO\"}]},{\"@type\":\"WebSite\",\"@id\":\"https:\\\/\\\/sergiolapegue.com\\\/site\\\/#website\",\"url\":\"https:\\\/\\\/sergiolapegue.com\\\/site\\\/\",\"name\":\"Sergio Lapegue\",\"description\":\"Periodista\",\"publisher\":{\"@id\":\"https:\\\/\\\/sergiolapegue.com\\\/site\\\/#\\\/schema\\\/person\\\/083aeceeb0734cd166779ea6c0551a37\"},\"potentialAction\":[{\"@type\":\"SearchAction\",\"target\":{\"@type\":\"EntryPoint\",\"urlTemplate\":\"https:\\\/\\\/sergiolapegue.com\\\/site\\\/?s={search_term_string}\"},\"query-input\":{\"@type\":\"PropertyValueSpecification\",\"valueRequired\":true,\"valueName\":\"search_term_string\"}}],\"inLanguage\":\"es-AR\"},{\"@type\":[\"Person\",\"Organization\"],\"@id\":\"https:\\\/\\\/sergiolapegue.com\\\/site\\\/#\\\/schema\\\/person\\\/083aeceeb0734cd166779ea6c0551a37\",\"name\":\"Sergio Lapegue\",\"image\":{\"@type\":\"ImageObject\",\"inLanguage\":\"es-AR\",\"@id\":\"https:\\\/\\\/sergiolapegue.com\\\/site\\\/wp-content\\\/uploads\\\/2021\\\/04\\\/logo_header-1.png\",\"url\":\"https:\\\/\\\/sergiolapegue.com\\\/site\\\/wp-content\\\/uploads\\\/2021\\\/04\\\/logo_header-1.png\",\"contentUrl\":\"https:\\\/\\\/sergiolapegue.com\\\/site\\\/wp-content\\\/uploads\\\/2021\\\/04\\\/logo_header-1.png\",\"width\":272,\"height\":90,\"caption\":\"Sergio Lapegue\"},\"logo\":{\"@id\":\"https:\\\/\\\/sergiolapegue.com\\\/site\\\/wp-content\\\/uploads\\\/2021\\\/04\\\/logo_header-1.png\"},\"sameAs\":[\"https:\\\/\\\/facebook.com\\\/sergiolapegue\",\"https:\\\/\\\/instagram.com\\\/sergiolapegue\",\"https:\\\/\\\/x.com\\\/https:\\\/\\\/twitter.com\\\/sergiolapegue\"]},{\"@type\":\"Person\",\"@id\":\"https:\\\/\\\/sergiolapegue.com\\\/site\\\/#\\\/schema\\\/person\\\/9198e7dbab43c6d74d0fd5399af7c3cd\",\"name\":\"Daniel E. Monta\u00f1a\",\"image\":{\"@type\":\"ImageObject\",\"inLanguage\":\"es-AR\",\"@id\":\"https:\\\/\\\/sergiolapegue.com\\\/site\\\/wp-content\\\/uploads\\\/2021\\\/04\\\/sl_avatar_Daniel-150x150.jpg\",\"url\":\"https:\\\/\\\/sergiolapegue.com\\\/site\\\/wp-content\\\/uploads\\\/2021\\\/04\\\/sl_avatar_Daniel-150x150.jpg\",\"contentUrl\":\"https:\\\/\\\/sergiolapegue.com\\\/site\\\/wp-content\\\/uploads\\\/2021\\\/04\\\/sl_avatar_Daniel-150x150.jpg\",\"caption\":\"Daniel E. Monta\u00f1a\"},\"sameAs\":[\"https:\\\/\\\/facebook.com\\\/danielernesto.montana\",\"https:\\\/\\\/instagram.com\\\/daniel_montana1961\",\"https:\\\/\\\/x.com\\\/https:\\\/\\\/twitter.com\\\/daner_004\"],\"url\":\"https:\\\/\\\/sergiolapegue.com\\\/site\\\/author\\\/daniel\\\/\"}]}<\/script>\n<!-- \/ Yoast SEO plugin. -->","yoast_head_json":{"title":"SUAVECITO PARA ABAJO - Sergio Lapegue","robots":{"index":"index","follow":"follow","max-snippet":"max-snippet:-1","max-image-preview":"max-image-preview:large","max-video-preview":"max-video-preview:-1"},"canonical":"https:\/\/sergiolapegue.com\/site\/2025\/08\/01\/suavecito-para-abajo\/","og_locale":"es_ES","og_type":"article","og_title":"SUAVECITO PARA ABAJO - Sergio Lapegue","og_description":"Las atrevidas copan la parada Una obra de Mariana cumbi Bustinza con M\u00fasica de Facundo Salas. Las atrevidas copan la parada representa la forma en que las mujeres se vinculan con distintos emisores institucionales -la familia, la polic\u00eda, los medios de comunicaci\u00f3n- desde la rispidez y la crudeza que impone la supervivencia. Aun en un [&hellip;]","og_url":"https:\/\/sergiolapegue.com\/site\/2025\/08\/01\/suavecito-para-abajo\/","og_site_name":"Sergio Lapegue","article_publisher":"https:\/\/facebook.com\/sergiolapegue","article_author":"https:\/\/facebook.com\/danielernesto.montana","article_published_time":"2025-08-01T20:00:00+00:00","og_image":[{"width":1600,"height":1600,"url":"https:\/\/sergiolapegue.com\/site\/wp-content\/uploads\/2025\/07\/Suavecito-para-abajo.jpeg","type":"image\/jpeg"}],"author":"Daniel E. Monta\u00f1a","twitter_card":"summary_large_image","twitter_creator":"@https:\/\/twitter.com\/daner_004","twitter_site":"@sergiolapegue","twitter_misc":{"Escrito por":"Daniel E. Monta\u00f1a","Tiempo de lectura":"4 minutos"},"schema":{"@context":"https:\/\/schema.org","@graph":[{"@type":"Article","@id":"https:\/\/sergiolapegue.com\/site\/2025\/08\/01\/suavecito-para-abajo\/#article","isPartOf":{"@id":"https:\/\/sergiolapegue.com\/site\/2025\/08\/01\/suavecito-para-abajo\/"},"author":{"name":"Daniel E. Monta\u00f1a","@id":"https:\/\/sergiolapegue.com\/site\/#\/schema\/person\/9198e7dbab43c6d74d0fd5399af7c3cd"},"headline":"SUAVECITO PARA ABAJO","datePublished":"2025-08-01T20:00:00+00:00","mainEntityOfPage":{"@id":"https:\/\/sergiolapegue.com\/site\/2025\/08\/01\/suavecito-para-abajo\/"},"wordCount":655,"commentCount":0,"publisher":{"@id":"https:\/\/sergiolapegue.com\/site\/#\/schema\/person\/083aeceeb0734cd166779ea6c0551a37"},"image":{"@id":"https:\/\/sergiolapegue.com\/site\/2025\/08\/01\/suavecito-para-abajo\/#primaryimage"},"thumbnailUrl":"https:\/\/sergiolapegue.com\/site\/wp-content\/uploads\/2025\/07\/Suavecito-para-abajo.jpeg","articleSection":["Arte","Teatro"],"inLanguage":"es-AR","potentialAction":[{"@type":"CommentAction","name":"Comment","target":["https:\/\/sergiolapegue.com\/site\/2025\/08\/01\/suavecito-para-abajo\/#respond"]}]},{"@type":"WebPage","@id":"https:\/\/sergiolapegue.com\/site\/2025\/08\/01\/suavecito-para-abajo\/","url":"https:\/\/sergiolapegue.com\/site\/2025\/08\/01\/suavecito-para-abajo\/","name":"SUAVECITO PARA ABAJO - Sergio Lapegue","isPartOf":{"@id":"https:\/\/sergiolapegue.com\/site\/#website"},"primaryImageOfPage":{"@id":"https:\/\/sergiolapegue.com\/site\/2025\/08\/01\/suavecito-para-abajo\/#primaryimage"},"image":{"@id":"https:\/\/sergiolapegue.com\/site\/2025\/08\/01\/suavecito-para-abajo\/#primaryimage"},"thumbnailUrl":"https:\/\/sergiolapegue.com\/site\/wp-content\/uploads\/2025\/07\/Suavecito-para-abajo.jpeg","datePublished":"2025-08-01T20:00:00+00:00","breadcrumb":{"@id":"https:\/\/sergiolapegue.com\/site\/2025\/08\/01\/suavecito-para-abajo\/#breadcrumb"},"inLanguage":"es-AR","potentialAction":[{"@type":"ReadAction","target":["https:\/\/sergiolapegue.com\/site\/2025\/08\/01\/suavecito-para-abajo\/"]}]},{"@type":"ImageObject","inLanguage":"es-AR","@id":"https:\/\/sergiolapegue.com\/site\/2025\/08\/01\/suavecito-para-abajo\/#primaryimage","url":"https:\/\/sergiolapegue.com\/site\/wp-content\/uploads\/2025\/07\/Suavecito-para-abajo.jpeg","contentUrl":"https:\/\/sergiolapegue.com\/site\/wp-content\/uploads\/2025\/07\/Suavecito-para-abajo.jpeg","width":1600,"height":1600},{"@type":"BreadcrumbList","@id":"https:\/\/sergiolapegue.com\/site\/2025\/08\/01\/suavecito-para-abajo\/#breadcrumb","itemListElement":[{"@type":"ListItem","position":1,"name":"Inicio","item":"https:\/\/sergiolapegue.com\/site\/"},{"@type":"ListItem","position":2,"name":"SUAVECITO PARA ABAJO"}]},{"@type":"WebSite","@id":"https:\/\/sergiolapegue.com\/site\/#website","url":"https:\/\/sergiolapegue.com\/site\/","name":"Sergio Lapegue","description":"Periodista","publisher":{"@id":"https:\/\/sergiolapegue.com\/site\/#\/schema\/person\/083aeceeb0734cd166779ea6c0551a37"},"potentialAction":[{"@type":"SearchAction","target":{"@type":"EntryPoint","urlTemplate":"https:\/\/sergiolapegue.com\/site\/?s={search_term_string}"},"query-input":{"@type":"PropertyValueSpecification","valueRequired":true,"valueName":"search_term_string"}}],"inLanguage":"es-AR"},{"@type":["Person","Organization"],"@id":"https:\/\/sergiolapegue.com\/site\/#\/schema\/person\/083aeceeb0734cd166779ea6c0551a37","name":"Sergio Lapegue","image":{"@type":"ImageObject","inLanguage":"es-AR","@id":"https:\/\/sergiolapegue.com\/site\/wp-content\/uploads\/2021\/04\/logo_header-1.png","url":"https:\/\/sergiolapegue.com\/site\/wp-content\/uploads\/2021\/04\/logo_header-1.png","contentUrl":"https:\/\/sergiolapegue.com\/site\/wp-content\/uploads\/2021\/04\/logo_header-1.png","width":272,"height":90,"caption":"Sergio Lapegue"},"logo":{"@id":"https:\/\/sergiolapegue.com\/site\/wp-content\/uploads\/2021\/04\/logo_header-1.png"},"sameAs":["https:\/\/facebook.com\/sergiolapegue","https:\/\/instagram.com\/sergiolapegue","https:\/\/x.com\/https:\/\/twitter.com\/sergiolapegue"]},{"@type":"Person","@id":"https:\/\/sergiolapegue.com\/site\/#\/schema\/person\/9198e7dbab43c6d74d0fd5399af7c3cd","name":"Daniel E. Monta\u00f1a","image":{"@type":"ImageObject","inLanguage":"es-AR","@id":"https:\/\/sergiolapegue.com\/site\/wp-content\/uploads\/2021\/04\/sl_avatar_Daniel-150x150.jpg","url":"https:\/\/sergiolapegue.com\/site\/wp-content\/uploads\/2021\/04\/sl_avatar_Daniel-150x150.jpg","contentUrl":"https:\/\/sergiolapegue.com\/site\/wp-content\/uploads\/2021\/04\/sl_avatar_Daniel-150x150.jpg","caption":"Daniel E. Monta\u00f1a"},"sameAs":["https:\/\/facebook.com\/danielernesto.montana","https:\/\/instagram.com\/daniel_montana1961","https:\/\/x.com\/https:\/\/twitter.com\/daner_004"],"url":"https:\/\/sergiolapegue.com\/site\/author\/daniel\/"}]}},"_links":{"self":[{"href":"https:\/\/sergiolapegue.com\/site\/wp-json\/wp\/v2\/posts\/24468","targetHints":{"allow":["GET"]}}],"collection":[{"href":"https:\/\/sergiolapegue.com\/site\/wp-json\/wp\/v2\/posts"}],"about":[{"href":"https:\/\/sergiolapegue.com\/site\/wp-json\/wp\/v2\/types\/post"}],"author":[{"embeddable":true,"href":"https:\/\/sergiolapegue.com\/site\/wp-json\/wp\/v2\/users\/3"}],"replies":[{"embeddable":true,"href":"https:\/\/sergiolapegue.com\/site\/wp-json\/wp\/v2\/comments?post=24468"}],"version-history":[{"count":1,"href":"https:\/\/sergiolapegue.com\/site\/wp-json\/wp\/v2\/posts\/24468\/revisions"}],"predecessor-version":[{"id":24470,"href":"https:\/\/sergiolapegue.com\/site\/wp-json\/wp\/v2\/posts\/24468\/revisions\/24470"}],"wp:featuredmedia":[{"embeddable":true,"href":"https:\/\/sergiolapegue.com\/site\/wp-json\/wp\/v2\/media\/24469"}],"wp:attachment":[{"href":"https:\/\/sergiolapegue.com\/site\/wp-json\/wp\/v2\/media?parent=24468"}],"wp:term":[{"taxonomy":"category","embeddable":true,"href":"https:\/\/sergiolapegue.com\/site\/wp-json\/wp\/v2\/categories?post=24468"},{"taxonomy":"post_tag","embeddable":true,"href":"https:\/\/sergiolapegue.com\/site\/wp-json\/wp\/v2\/tags?post=24468"}],"curies":[{"name":"wp","href":"https:\/\/api.w.org\/{rel}","templated":true}]}}