{"id":24389,"date":"2025-07-31T13:00:00","date_gmt":"2025-07-31T16:00:00","guid":{"rendered":"https:\/\/sergiolapegue.com\/site\/?p=24389"},"modified":"2025-08-01T00:46:33","modified_gmt":"2025-08-01T03:46:33","slug":"la-verguenza","status":"publish","type":"post","link":"https:\/\/sergiolapegue.com\/site\/2025\/07\/31\/la-verguenza\/","title":{"rendered":"LA VERG\u00dcENZA"},"content":{"rendered":"\n<p>Desde el 04 de agosto en el Teatro Border se podr\u00e1 ver la obra de Patricia Su\u00e1rez. \u201cLa Verg\u00fcenza\u201d, con direcci\u00f3n de Claudio Aprile y las actuaciones de Fabio Aste, Silvina Katz, Fabi\u00e1n Arenillas y Felipe Villamil.<\/p>\n\n\n\n<p>La pieza tendr\u00e1 funciones los d\u00edas lunes a las 21:00 horas.<\/p>\n\n\n\n<figure class=\"wp-block-image size-large\"><img loading=\"lazy\" decoding=\"async\" width=\"1024\" height=\"453\" src=\"https:\/\/sergiolapegue.com\/site\/wp-content\/uploads\/2025\/07\/La-verguenza-1-1024x453.jpg\" alt=\"\" class=\"wp-image-24390\" srcset=\"https:\/\/sergiolapegue.com\/site\/wp-content\/uploads\/2025\/07\/La-verguenza-1-1024x453.jpg 1024w, https:\/\/sergiolapegue.com\/site\/wp-content\/uploads\/2025\/07\/La-verguenza-1-300x133.jpg 300w, https:\/\/sergiolapegue.com\/site\/wp-content\/uploads\/2025\/07\/La-verguenza-1-768x340.jpg 768w, https:\/\/sergiolapegue.com\/site\/wp-content\/uploads\/2025\/07\/La-verguenza-1-1536x679.jpg 1536w, https:\/\/sergiolapegue.com\/site\/wp-content\/uploads\/2025\/07\/La-verguenza-1-950x420.jpg 950w, https:\/\/sergiolapegue.com\/site\/wp-content\/uploads\/2025\/07\/La-verguenza-1-696x308.jpg 696w, https:\/\/sergiolapegue.com\/site\/wp-content\/uploads\/2025\/07\/La-verguenza-1-1068x472.jpg 1068w, https:\/\/sergiolapegue.com\/site\/wp-content\/uploads\/2025\/07\/La-verguenza-1.jpg 1891w\" sizes=\"auto, (max-width: 1024px) 100vw, 1024px\" \/><\/figure>\n\n\n\n<p><strong>SINOPSIS<\/strong><\/p>\n\n\n\n<p>Corre 1960, Jos\u00e9 Benoliel es un comerciante jud\u00edo y el negocio que con tanta energ\u00eda lleva adelante, pasar\u00e1 a manos de su \u00fanico hijo var\u00f3n, Marcos, hoy un adolescente. Sin embargo, tanto Jos\u00e9 como su esposa Rosa, comienzan a sospechar que el chico tiene inclinaciones homosexuales. Para el matrimonio esto es motivo de verg\u00fcenza y por eso consideran a enviarlo a una cl\u00ednica porte\u00f1a donde presuntamente se corrige la homosexualidad. M\u00e1s pronto que tarde, descubren que quien est\u00e1 a cargo de la cl\u00ednica es un criminal de guerra que ofici\u00f3 de ayudante de Josef Mengele en Auschwitz.<\/p>\n\n\n\n<p>La familia, entonces, se ver\u00e1 sacudida por la duda:<\/p>\n\n\n\n<p>\u00bfenv\u00edan a su hijo a la cl\u00ednica o aceptan al hijo que tienen tal como es?<\/p>\n\n\n\n<p>\u00bfCu\u00e1l de los dos caminos es verdaderamente una verg\u00fcenza?<\/p>\n\n\n\n<figure class=\"wp-block-image size-large\"><img loading=\"lazy\" decoding=\"async\" width=\"1024\" height=\"460\" src=\"https:\/\/sergiolapegue.com\/site\/wp-content\/uploads\/2025\/07\/La-verguenza-2-1024x460.jpg\" alt=\"\" class=\"wp-image-24391\" srcset=\"https:\/\/sergiolapegue.com\/site\/wp-content\/uploads\/2025\/07\/La-verguenza-2-1024x460.jpg 1024w, https:\/\/sergiolapegue.com\/site\/wp-content\/uploads\/2025\/07\/La-verguenza-2-300x135.jpg 300w, https:\/\/sergiolapegue.com\/site\/wp-content\/uploads\/2025\/07\/La-verguenza-2-768x345.jpg 768w, https:\/\/sergiolapegue.com\/site\/wp-content\/uploads\/2025\/07\/La-verguenza-2-1536x690.jpg 1536w, https:\/\/sergiolapegue.com\/site\/wp-content\/uploads\/2025\/07\/La-verguenza-2-934x420.jpg 934w, https:\/\/sergiolapegue.com\/site\/wp-content\/uploads\/2025\/07\/La-verguenza-2-696x313.jpg 696w, https:\/\/sergiolapegue.com\/site\/wp-content\/uploads\/2025\/07\/La-verguenza-2-1068x480.jpg 1068w, https:\/\/sergiolapegue.com\/site\/wp-content\/uploads\/2025\/07\/La-verguenza-2.jpg 1882w\" sizes=\"auto, (max-width: 1024px) 100vw, 1024px\" \/><\/figure>\n\n\n\n<p><strong>FICHA T\u00c9CNICO ART\u00cdSTICA<\/strong><\/p>\n\n\n\n<p><strong>Dramaturgia:&nbsp;<\/strong>Patricia Su\u00e1rez<\/p>\n\n\n\n<p><strong>Act\u00faan:&nbsp;<\/strong>Fabio Aste, Silvina Katz, Fabi\u00e1n Arenillas, Felipe Villamil<\/p>\n\n\n\n<p><strong>M\u00fasica original:&nbsp;<\/strong>Sergio Perotti<\/p>\n\n\n\n<p><strong>Escenograf\u00eda y vestuario:<\/strong>&nbsp;Ana D\u00edaz Taibo<\/p>\n\n\n\n<p><strong>Dise\u00f1o de im\u00e1genes:&nbsp;<\/strong>Emanuel Mahler<\/p>\n\n\n\n<p><strong>Animaciones:<\/strong>&nbsp;Joaqu\u00edn Prieto Ram\u00edrez<\/p>\n\n\n\n<p><strong>Marketing digital:&nbsp;<\/strong>C\u00edrculo Virtuoso Agencia<\/p>\n\n\n\n<p><strong>Comunicaci\u00f3n y prensa:&nbsp;<\/strong>Mutuverr\u00eda PR<\/p>\n\n\n\n<p><strong>Asistencia:&nbsp;<\/strong>Laura Quiroga, Bel\u00e9n Guerrero<\/p>\n\n\n\n<p><strong>Producci\u00f3n:&nbsp;<\/strong>Patricio Rodr\u00edguez Soriano<\/p>\n\n\n\n<p><strong>Direcci\u00f3n:&nbsp;<\/strong>Claudio Aprile<\/p>\n\n\n\n<p><strong>Duraci\u00f3n:<\/strong> 75 minutos<\/p>\n\n\n\n<p><strong>Clasificaci\u00f3n:<\/strong> Teatro \u2013 Presencial \u2013 Adultos<\/p>\n\n\n\n<figure class=\"wp-block-image size-large\"><img loading=\"lazy\" decoding=\"async\" width=\"986\" height=\"1024\" src=\"https:\/\/sergiolapegue.com\/site\/wp-content\/uploads\/2025\/07\/La-verguenza-3-986x1024.jpg\" alt=\"\" class=\"wp-image-24392\" srcset=\"https:\/\/sergiolapegue.com\/site\/wp-content\/uploads\/2025\/07\/La-verguenza-3-986x1024.jpg 986w, https:\/\/sergiolapegue.com\/site\/wp-content\/uploads\/2025\/07\/La-verguenza-3-289x300.jpg 289w, https:\/\/sergiolapegue.com\/site\/wp-content\/uploads\/2025\/07\/La-verguenza-3-768x797.jpg 768w, https:\/\/sergiolapegue.com\/site\/wp-content\/uploads\/2025\/07\/La-verguenza-3-405x420.jpg 405w, https:\/\/sergiolapegue.com\/site\/wp-content\/uploads\/2025\/07\/La-verguenza-3-696x723.jpg 696w, https:\/\/sergiolapegue.com\/site\/wp-content\/uploads\/2025\/07\/La-verguenza-3-1068x1109.jpg 1068w, https:\/\/sergiolapegue.com\/site\/wp-content\/uploads\/2025\/07\/La-verguenza-3.jpg 1176w\" sizes=\"auto, (max-width: 986px) 100vw, 986px\" \/><\/figure>\n\n\n\n<p><strong>TEATRO BORDER<\/strong><\/p>\n\n\n\n<p>Godoy Cruz 1838 \u2013 Capital Federal \u2013 Buenos Aires \u2013 Argentina<\/p>\n\n\n\n<p>Tel\u00e9fono: 5236-6183<\/p>\n\n\n\n<p>Entradas: $ 25.000 \u2013 en boleter\u00eda del teatro o a trav\u00e9s de su web:<a href=\"https:\/\/lt.mydplr.com\/7e35f27e18de62a36965b6a5f3804217-dd7d42da5e81f2eaf3e1c63c2fecd0cb\" target=\"_blank\" rel=\"noreferrer noopener\">Border<\/a><\/p>\n\n\n\n<p>Funciones: Lunes 21:00 horas \u2013 Desde el 04\/08\/2025<\/p>\n\n\n\n<p>Gracias Mutuverr\u00eda PR por enviarnos la gacetilla de prensa del estreno de este espect\u00e1culo.<\/p>\n\n\n\n<figure class=\"wp-block-image size-full is-resized\"><img loading=\"lazy\" decoding=\"async\" width=\"485\" height=\"442\" src=\"https:\/\/sergiolapegue.com\/site\/wp-content\/uploads\/2025\/07\/La-verguenza-Patricia-Suarez.jpeg\" alt=\"\" class=\"wp-image-24393\" style=\"width:339px;height:auto\" srcset=\"https:\/\/sergiolapegue.com\/site\/wp-content\/uploads\/2025\/07\/La-verguenza-Patricia-Suarez.jpeg 485w, https:\/\/sergiolapegue.com\/site\/wp-content\/uploads\/2025\/07\/La-verguenza-Patricia-Suarez-300x273.jpeg 300w, https:\/\/sergiolapegue.com\/site\/wp-content\/uploads\/2025\/07\/La-verguenza-Patricia-Suarez-461x420.jpeg 461w\" sizes=\"auto, (max-width: 485px) 100vw, 485px\" \/><\/figure>\n\n\n\n<p><strong>PALABRAS DE LA AUTORA<\/strong><\/p>\n\n\n\n<p>La escritura de&nbsp;\u201cLa Verg\u00fcenza\u201d&nbsp;fue alentada por el trabajo de Nacho Steinberg (El tri\u00e1ngulo rosa y la cura nazi para la homosexualidad, 2014). Este \u00faltimo se hallaba trabajando el mencionado documental sobre el m\u00e9dico Carl Vaernet, un nazi que se dedic\u00f3 a experimentar en los campos de concentraci\u00f3n de Buchenwald con prisioneros homosexuales, cuando lo conoc\u00ed y me cont\u00f3 sobre esta indigna historia, y en la que me inspir\u00e9. Los resultados de Vaernet en la cura de la homosexualidad que pretend\u00eda hallar fueron nefastos: alrededor de 50 personas murieron v\u00edctimas de sus experimentos. No obstante, Vaernet logr\u00f3 huir a la Argentina y hasta tuvo la audacia de poner una cl\u00ednica de \u201ccuras hormonales\u201d en el barrio porte\u00f1\u00edsimo de Palermo. Goz\u00f3 de \u201cuna buena vida\u201d y muri\u00f3 en su hogar en 1965, entre los suyos, sin haber sido jam\u00e1s juzgado ni condenado por sus cr\u00edmenes. La obra resultante,&nbsp;\u201cLa Verg\u00fcenza\u201d, fue editada en el libro TEATRO II por Baltasara Editora (Rosario, 2015).<\/p>\n\n\n\n<p><strong>SOBRE EL ELENCO<\/strong><\/p>\n\n\n\n<figure class=\"wp-block-image size-full is-resized\"><img loading=\"lazy\" decoding=\"async\" width=\"573\" height=\"765\" src=\"https:\/\/sergiolapegue.com\/site\/wp-content\/uploads\/2025\/07\/La-verguenza-Fabio-Aste.jpeg\" alt=\"\" class=\"wp-image-24394\" style=\"width:337px;height:auto\" srcset=\"https:\/\/sergiolapegue.com\/site\/wp-content\/uploads\/2025\/07\/La-verguenza-Fabio-Aste.jpeg 573w, https:\/\/sergiolapegue.com\/site\/wp-content\/uploads\/2025\/07\/La-verguenza-Fabio-Aste-225x300.jpeg 225w, https:\/\/sergiolapegue.com\/site\/wp-content\/uploads\/2025\/07\/La-verguenza-Fabio-Aste-315x420.jpeg 315w\" sizes=\"auto, (max-width: 573px) 100vw, 573px\" \/><\/figure>\n\n\n\n<p><strong>FABIO ASTE<\/strong><\/p>\n\n\n\n<p>Es un actor formado por los maestros Carlos Gandolfo, Augusto Fern\u00e1ndez, Ra\u00fal Serrano y Joy Morris. Participo en las producciones teatrales como \u201cEl Cuarto de Ver\u00f3nica\u201d, \u201cTe Espero en la Oscuridad\u201d, \u201c \u201cQue hacemos con Walter\u201d dir. Juan Jos\u00e9 Campanella, \u201cLa se\u00f1orita de Tacna&#8221;, Dir. Oscar Ferrigno (2005), &#8220;Cremona&#8221;, Dir. Helena Tritek (2007\/8), &#8220;La excelsa&#8221;, Dir. Oscar Barney Finn, &#8220;Cyrano de Bergerac&#8221;, Dir. Norma Aleandro y &#8220;Ricardo III&#8221;, Dir. Agust\u00edn Alezzo. Particip\u00f3 en films como &#8220;Andr\u00e9s no quiere dormir la siesta&#8221;, Dir. Daniel Bustamante (2008), &#8220;Como encendida&#8221;, Productora TJ Films (2005), &#8220;Nevar en Buenos Aires&#8221;, Dir. Mi\u00f1o y &#8220;Palermo Hollywood&#8221;, Dir. Eduardo Pinto (2004), &#8220;Vereda tropical&#8221;, Dir. Javier Torre (2003), &#8220;La Fuga&#8221;, Dir. Eduardo Mignogna (2001), &#8220;Apariencias&#8221;. Dir. Alberto Lecchi y &#8220;El camino&#8221;. Dir. Javier Olivera (2000), &#8220;Cenizas del para\u00edso&#8221;, Dir. Marcelo Pi\u00f1eyro (1997) y \u201cLorald\u00eda, el tiempo de las flores&#8221;, Dir. Aizpeolea (1991). En televisi\u00f3n actualmente acaba de participar de la serie \u201cYiya\u201d y \u201cCris Mir\u00f3\u201d; &#8220;Aqu\u00ed no hay quien viva&#8221;, Telefe y &#8220;Casi \u00c1ngeles&#8221;, Telefe (2008) , &#8220;Televisi\u00f3n X la identidad&#8221;, Cap. &nbsp;&#8220;Tatiana&#8221;, Telefe, &#8220;Cara a cara&#8221;, Canal 7, &#8220;Amas de casa desesperadas&#8221;, Brasil Pol-Ka y &#8220;La ley del amor&#8221;, Telefe (2007), &#8220;Hechizada&#8221;, Telefe, \u201cUn cortado\u201d Canal 7, &#8220;Amor m\u00edo&#8221;, (M\u00e9xico), Telefe, &#8220;Sobre ruedas&#8221;, Canal 7 y &#8220;Tango por dos&#8221;, Telefe (2006), &#8220;La m\u00e1quina de dios&#8221;- # 15, Telefe y &#8220;Un cortado&#8221;, Canal 7 , &#8220;Doble vida&#8221;, Am\u00e9rica, &#8220;Quien es el jefe&#8221;, Telefe, \u201cConflictos en red\u201d, Telefe y &#8220;Amor m\u00edo&#8221;, Telefe (2005), &#8220;Culpable de este amor&#8221;, Telefe e &#8220;Historias de sexo de gente com\u00fan&#8221;, Telefe (2004) , &#8220;Son amores&#8221;, Canal 13 (2003). Adem\u00e1s de &#8220;Rebelde Way&#8221;, Canal 9 , &#8220;099 Central&#8221; , Canal 13, &#8220;El Profe&#8221; &#8211; Franco Buenaventura, Telefe , &#8220;Los Simuladores&#8221;, Telefe. &#8220;Prov\u00f3came&#8221;, Telefe, &#8220;Buenos Vecinos&#8221;, Telefe, &#8220;Campeones&#8221;, Canal 13, &#8220;Primicias&#8221;, Canal 13, &#8220;Gasoleros&#8221;, Canal 13, &#8220;Chiquititas&#8221;, Brasil, Prod. Telefe y &#8220;Verdad Consecuencia&#8221;, Canal 13. Recibi\u00f3 en el 2004 el Premio al mejor actor Latino del Festival de Granado por &#8220;Vereda Tropical.<\/p>\n\n\n\n<figure class=\"wp-block-image size-full is-resized\"><img loading=\"lazy\" decoding=\"async\" width=\"527\" height=\"758\" src=\"https:\/\/sergiolapegue.com\/site\/wp-content\/uploads\/2025\/07\/La-verguenza-Silvina-Katz.jpeg\" alt=\"\" class=\"wp-image-24395\" style=\"width:339px;height:auto\" srcset=\"https:\/\/sergiolapegue.com\/site\/wp-content\/uploads\/2025\/07\/La-verguenza-Silvina-Katz.jpeg 527w, https:\/\/sergiolapegue.com\/site\/wp-content\/uploads\/2025\/07\/La-verguenza-Silvina-Katz-209x300.jpeg 209w, https:\/\/sergiolapegue.com\/site\/wp-content\/uploads\/2025\/07\/La-verguenza-Silvina-Katz-292x420.jpeg 292w\" sizes=\"auto, (max-width: 527px) 100vw, 527px\" \/><\/figure>\n\n\n\n<p><strong>SILVINA KATZ<\/strong><\/p>\n\n\n\n<p>Es una actriz rosarina, que inici\u00f3 sus estudios teatrales en el a\u00f1o 1976 con Alejandra Boero hasta 1984, &nbsp;luego se form\u00f3 con Juan Carlos Gen\u00e9 y Ver\u00f3nica Odd\u00f3. Realiz\u00f3 diversos seminarios con: Ricardo Bartis, Alejandro Catal\u00e1n, Javier Daulte, Paco de La Zaranda, Gobernori \u2013 Felman, Ignacio S\u00e1nchez Mestre, entre otros. &nbsp;Silvina ha participado como actriz en m\u00e1s de 50 espect\u00e1culos teatrales donde destacan en la actualidad: El sonido, escrita y dirigida por Javier Daulte, Mongo y el \u00c1ngel de H. Oliboni, Lo que el R\u00edo hace, de Mar\u00eda Marull y Paula Marull; Torna Amore, en N\u00fcN con direcci\u00f3n de Sebasti\u00e1n Irigo; Elsa &amp; Henry, escrita y dirigida por Puy Navarro en el teatro El extranjero. NOS, escrita y dirigida por Martina Cabanas Collell en Espacio Callej\u00f3n y en gira por distintas ciudades de Espa\u00f1a. &nbsp;A\u00f1os anteriores se destacan: Luz Testigo, dirigida por Javier Daulte en Espacio Callej\u00f3n. Cabo Verde, de Gonzalo Demar\u00eda en NUN Teatro. Nominada ACE como mejor actriz teatro alternativo. Espacios Gemelos. FIBA. Dramaturgia y Direcci\u00f3n Paula Marull y Mar\u00eda Marull. Clarividentes con dramaturgia y direcci\u00f3n de Javier Daulte. La fragilidad del cielo de Anah\u00ed Ribeiro en el Teatro del Pueblo, gira por Espa\u00f1a y Austria. Los Veraneantes de M\u00e1ximo Gorki, dirigida por Lautaro Vilo en el Complejo Teatral Buenos Aires. &nbsp;La oscuridad de la raz\u00f3n de Ricardo Monti y direcci\u00f3n de Jaime Kogan en el Teatro San Mart\u00edn, &nbsp;\u00d3bito de Javier Daulte, en el Teatro Cervantes. Factor H, Mosc\u00fa, autor\u00eda y direcci\u00f3n de Juan Carlos Gen\u00e9; y Las neurosis sexuales de nuestros padres de Lukas B\u00e4rfuss, dirigido por Mariana D\u00edaz, ambas en el Celcit. Versos rebeldes, con direcci\u00f3n de Alejandra Boero, en Andamio 90. Baby de Susan Sontag, con direcci\u00f3n de Lorena Ballestrero en el Kafka, Las descentradas, y Amanda y Eduardo dirigidas por Adri\u00e1n Canale, El asesinato de la enfermera Jorge con direcci\u00f3n de Alejandro Samek. &nbsp;Una fuga de agua de Gonzalo de Otaola y Un cuerpo salvaje, dramaturgia y direcci\u00f3n Silvia G\u00f3mez Giusto.<\/p>\n\n\n\n<figure class=\"wp-block-image size-full is-resized\"><img loading=\"lazy\" decoding=\"async\" width=\"604\" height=\"662\" src=\"https:\/\/sergiolapegue.com\/site\/wp-content\/uploads\/2025\/07\/La-verguenza-Fabian-Arenillas.jpeg\" alt=\"\" class=\"wp-image-24396\" style=\"width:334px;height:auto\" srcset=\"https:\/\/sergiolapegue.com\/site\/wp-content\/uploads\/2025\/07\/La-verguenza-Fabian-Arenillas.jpeg 604w, https:\/\/sergiolapegue.com\/site\/wp-content\/uploads\/2025\/07\/La-verguenza-Fabian-Arenillas-274x300.jpeg 274w, https:\/\/sergiolapegue.com\/site\/wp-content\/uploads\/2025\/07\/La-verguenza-Fabian-Arenillas-383x420.jpeg 383w\" sizes=\"auto, (max-width: 604px) 100vw, 604px\" \/><\/figure>\n\n\n\n<p><strong>FABI\u00c1N ARENILLAS<\/strong><\/p>\n\n\n\n<p>Es un actor de cine, teatro y televisi\u00f3n argentino. Alcanz\u00f3 popularidad por su papel de Silvani en la telecomedia rom\u00e1ntica Cita a Ciegas. Tambi\u00e9n ha destacado en la obra de teatro Agosto, junto a Mercedes Mor\u00e1n y Norma Aleandro. Adem\u00e1s, es el partenaire del escritor Juan Sasturain en el programa sobre libros. Pese a haber conocido la exposici\u00f3n medi\u00e1tica reci\u00e9n en el a\u00f1o 2009, Arenillas posee una extensa trayectoria como actor de publicidades, cine y televisi\u00f3n. Ha participado en Culpables (2001), Son Amores (2002), Locas de Amor (2004), Casados con Hijos (2005-2006), Una familia Especial (2005), Socias (2008), Los exitosos Pells (2008\/2009), Los \u00fanicos (2011), &nbsp;(2013) y Guapas (2014), entre otros ciclos televisivos. En teatro, ha integrado el elenco de obras como Agosto y Panorama desde el puente. En 2014 tambi\u00e9n a est\u00e1 con el papel de \u00a8Mosca\u00a8 en el Elenco Se\u00f1ores Papis.<\/p>\n\n\n\n<figure class=\"wp-block-image size-full is-resized\"><img loading=\"lazy\" decoding=\"async\" width=\"634\" height=\"584\" src=\"https:\/\/sergiolapegue.com\/site\/wp-content\/uploads\/2025\/07\/La-verguenza-Felipe-Villamil.jpeg\" alt=\"\" class=\"wp-image-24397\" style=\"width:339px;height:auto\" srcset=\"https:\/\/sergiolapegue.com\/site\/wp-content\/uploads\/2025\/07\/La-verguenza-Felipe-Villamil.jpeg 634w, https:\/\/sergiolapegue.com\/site\/wp-content\/uploads\/2025\/07\/La-verguenza-Felipe-Villamil-300x276.jpeg 300w, https:\/\/sergiolapegue.com\/site\/wp-content\/uploads\/2025\/07\/La-verguenza-Felipe-Villamil-456x420.jpeg 456w\" sizes=\"auto, (max-width: 634px) 100vw, 634px\" \/><\/figure>\n\n\n\n<p><strong>FELIPE VILLAMIL<\/strong><\/p>\n\n\n\n<p>Es un actor argentino formado con Emilia Mazer, Diego Rinaldi, Nora Moseinco y la maestra Helena Tritek. &nbsp;Trabaj\u00f3 diversas publicidades, y rodajes de tv y cine. En teatro se ha destacado en El Intento con direcci\u00f3n de Diego Rinaldi, Ampelmann en el Teatro Border y Teatro Picadilly con direcci\u00f3n nuevamente de Rinaldi, Recordando a Borges con direcci\u00f3n de Helena Tritek, Amarte es un trabajo sucio con direcci\u00f3n de Ra\u00fal Garaviglia en el Teatro El Extranjero.<strong><\/strong><\/p>\n\n\n\n<p><\/p>\n","protected":false},"excerpt":{"rendered":"<p>Desde el 04 de agosto en el Teatro Border se podr\u00e1 ver la obra de Patricia Su\u00e1rez. \u201cLa Verg\u00fcenza\u201d, con direcci\u00f3n de Claudio Aprile y las actuaciones de Fabio Aste, Silvina Katz, Fabi\u00e1n Arenillas y Felipe Villamil. La pieza tendr\u00e1 funciones los d\u00edas lunes a las 21:00 horas. SINOPSIS Corre 1960, Jos\u00e9 Benoliel es un [&hellip;]<\/p>\n","protected":false},"author":3,"featured_media":24398,"comment_status":"open","ping_status":"closed","sticky":false,"template":"","format":"standard","meta":{"footnotes":""},"categories":[34,35],"tags":[],"class_list":{"0":"post-24389","1":"post","2":"type-post","3":"status-publish","4":"format-standard","5":"has-post-thumbnail","7":"category-arte","8":"category-teatro"},"yoast_head":"<!-- This site is optimized with the Yoast SEO plugin v27.5 - https:\/\/yoast.com\/product\/yoast-seo-wordpress\/ -->\n<title>LA VERG\u00dcENZA - Sergio Lapegue<\/title>\n<meta name=\"robots\" content=\"index, follow, max-snippet:-1, max-image-preview:large, max-video-preview:-1\" \/>\n<link rel=\"canonical\" href=\"https:\/\/sergiolapegue.com\/site\/2025\/07\/31\/la-verguenza\/\" \/>\n<meta property=\"og:locale\" content=\"es_ES\" \/>\n<meta property=\"og:type\" content=\"article\" \/>\n<meta property=\"og:title\" content=\"LA VERG\u00dcENZA - Sergio Lapegue\" \/>\n<meta property=\"og:description\" content=\"Desde el 04 de agosto en el Teatro Border se podr\u00e1 ver la obra de Patricia Su\u00e1rez. \u201cLa Verg\u00fcenza\u201d, con direcci\u00f3n de Claudio Aprile y las actuaciones de Fabio Aste, Silvina Katz, Fabi\u00e1n Arenillas y Felipe Villamil. La pieza tendr\u00e1 funciones los d\u00edas lunes a las 21:00 horas. SINOPSIS Corre 1960, Jos\u00e9 Benoliel es un [&hellip;]\" \/>\n<meta property=\"og:url\" content=\"https:\/\/sergiolapegue.com\/site\/2025\/07\/31\/la-verguenza\/\" \/>\n<meta property=\"og:site_name\" content=\"Sergio Lapegue\" \/>\n<meta property=\"article:publisher\" content=\"https:\/\/facebook.com\/sergiolapegue\" \/>\n<meta property=\"article:author\" content=\"https:\/\/facebook.com\/danielernesto.montana\" \/>\n<meta property=\"article:published_time\" content=\"2025-07-31T16:00:00+00:00\" \/>\n<meta property=\"article:modified_time\" content=\"2025-08-01T03:46:33+00:00\" \/>\n<meta property=\"og:image\" content=\"https:\/\/sergiolapegue.com\/site\/wp-content\/uploads\/2025\/07\/La-verguenza.jpeg\" \/>\n\t<meta property=\"og:image:width\" content=\"858\" \/>\n\t<meta property=\"og:image:height\" content=\"627\" \/>\n\t<meta property=\"og:image:type\" content=\"image\/jpeg\" \/>\n<meta name=\"author\" content=\"Daniel E. Monta\u00f1a\" \/>\n<meta name=\"twitter:card\" content=\"summary_large_image\" \/>\n<meta name=\"twitter:creator\" content=\"@https:\/\/twitter.com\/daner_004\" \/>\n<meta name=\"twitter:site\" content=\"@sergiolapegue\" \/>\n<meta name=\"twitter:label1\" content=\"Escrito por\" \/>\n\t<meta name=\"twitter:data1\" content=\"Daniel E. Monta\u00f1a\" \/>\n\t<meta name=\"twitter:label2\" content=\"Tiempo de lectura\" \/>\n\t<meta name=\"twitter:data2\" content=\"8 minutos\" \/>\n<script type=\"application\/ld+json\" class=\"yoast-schema-graph\">{\"@context\":\"https:\\\/\\\/schema.org\",\"@graph\":[{\"@type\":\"Article\",\"@id\":\"https:\\\/\\\/sergiolapegue.com\\\/site\\\/2025\\\/07\\\/31\\\/la-verguenza\\\/#article\",\"isPartOf\":{\"@id\":\"https:\\\/\\\/sergiolapegue.com\\\/site\\\/2025\\\/07\\\/31\\\/la-verguenza\\\/\"},\"author\":{\"name\":\"Daniel E. Monta\u00f1a\",\"@id\":\"https:\\\/\\\/sergiolapegue.com\\\/site\\\/#\\\/schema\\\/person\\\/9198e7dbab43c6d74d0fd5399af7c3cd\"},\"headline\":\"LA VERG\u00dcENZA\",\"datePublished\":\"2025-07-31T16:00:00+00:00\",\"dateModified\":\"2025-08-01T03:46:33+00:00\",\"mainEntityOfPage\":{\"@id\":\"https:\\\/\\\/sergiolapegue.com\\\/site\\\/2025\\\/07\\\/31\\\/la-verguenza\\\/\"},\"wordCount\":1425,\"commentCount\":0,\"publisher\":{\"@id\":\"https:\\\/\\\/sergiolapegue.com\\\/site\\\/#\\\/schema\\\/person\\\/083aeceeb0734cd166779ea6c0551a37\"},\"image\":{\"@id\":\"https:\\\/\\\/sergiolapegue.com\\\/site\\\/2025\\\/07\\\/31\\\/la-verguenza\\\/#primaryimage\"},\"thumbnailUrl\":\"https:\\\/\\\/sergiolapegue.com\\\/site\\\/wp-content\\\/uploads\\\/2025\\\/07\\\/La-verguenza.jpeg\",\"articleSection\":[\"Arte\",\"Teatro\"],\"inLanguage\":\"es-AR\",\"potentialAction\":[{\"@type\":\"CommentAction\",\"name\":\"Comment\",\"target\":[\"https:\\\/\\\/sergiolapegue.com\\\/site\\\/2025\\\/07\\\/31\\\/la-verguenza\\\/#respond\"]}]},{\"@type\":\"WebPage\",\"@id\":\"https:\\\/\\\/sergiolapegue.com\\\/site\\\/2025\\\/07\\\/31\\\/la-verguenza\\\/\",\"url\":\"https:\\\/\\\/sergiolapegue.com\\\/site\\\/2025\\\/07\\\/31\\\/la-verguenza\\\/\",\"name\":\"LA VERG\u00dcENZA - Sergio Lapegue\",\"isPartOf\":{\"@id\":\"https:\\\/\\\/sergiolapegue.com\\\/site\\\/#website\"},\"primaryImageOfPage\":{\"@id\":\"https:\\\/\\\/sergiolapegue.com\\\/site\\\/2025\\\/07\\\/31\\\/la-verguenza\\\/#primaryimage\"},\"image\":{\"@id\":\"https:\\\/\\\/sergiolapegue.com\\\/site\\\/2025\\\/07\\\/31\\\/la-verguenza\\\/#primaryimage\"},\"thumbnailUrl\":\"https:\\\/\\\/sergiolapegue.com\\\/site\\\/wp-content\\\/uploads\\\/2025\\\/07\\\/La-verguenza.jpeg\",\"datePublished\":\"2025-07-31T16:00:00+00:00\",\"dateModified\":\"2025-08-01T03:46:33+00:00\",\"breadcrumb\":{\"@id\":\"https:\\\/\\\/sergiolapegue.com\\\/site\\\/2025\\\/07\\\/31\\\/la-verguenza\\\/#breadcrumb\"},\"inLanguage\":\"es-AR\",\"potentialAction\":[{\"@type\":\"ReadAction\",\"target\":[\"https:\\\/\\\/sergiolapegue.com\\\/site\\\/2025\\\/07\\\/31\\\/la-verguenza\\\/\"]}]},{\"@type\":\"ImageObject\",\"inLanguage\":\"es-AR\",\"@id\":\"https:\\\/\\\/sergiolapegue.com\\\/site\\\/2025\\\/07\\\/31\\\/la-verguenza\\\/#primaryimage\",\"url\":\"https:\\\/\\\/sergiolapegue.com\\\/site\\\/wp-content\\\/uploads\\\/2025\\\/07\\\/La-verguenza.jpeg\",\"contentUrl\":\"https:\\\/\\\/sergiolapegue.com\\\/site\\\/wp-content\\\/uploads\\\/2025\\\/07\\\/La-verguenza.jpeg\",\"width\":858,\"height\":627},{\"@type\":\"BreadcrumbList\",\"@id\":\"https:\\\/\\\/sergiolapegue.com\\\/site\\\/2025\\\/07\\\/31\\\/la-verguenza\\\/#breadcrumb\",\"itemListElement\":[{\"@type\":\"ListItem\",\"position\":1,\"name\":\"Inicio\",\"item\":\"https:\\\/\\\/sergiolapegue.com\\\/site\\\/\"},{\"@type\":\"ListItem\",\"position\":2,\"name\":\"LA VERG\u00dcENZA\"}]},{\"@type\":\"WebSite\",\"@id\":\"https:\\\/\\\/sergiolapegue.com\\\/site\\\/#website\",\"url\":\"https:\\\/\\\/sergiolapegue.com\\\/site\\\/\",\"name\":\"Sergio Lapegue\",\"description\":\"Periodista\",\"publisher\":{\"@id\":\"https:\\\/\\\/sergiolapegue.com\\\/site\\\/#\\\/schema\\\/person\\\/083aeceeb0734cd166779ea6c0551a37\"},\"potentialAction\":[{\"@type\":\"SearchAction\",\"target\":{\"@type\":\"EntryPoint\",\"urlTemplate\":\"https:\\\/\\\/sergiolapegue.com\\\/site\\\/?s={search_term_string}\"},\"query-input\":{\"@type\":\"PropertyValueSpecification\",\"valueRequired\":true,\"valueName\":\"search_term_string\"}}],\"inLanguage\":\"es-AR\"},{\"@type\":[\"Person\",\"Organization\"],\"@id\":\"https:\\\/\\\/sergiolapegue.com\\\/site\\\/#\\\/schema\\\/person\\\/083aeceeb0734cd166779ea6c0551a37\",\"name\":\"Sergio Lapegue\",\"image\":{\"@type\":\"ImageObject\",\"inLanguage\":\"es-AR\",\"@id\":\"https:\\\/\\\/sergiolapegue.com\\\/site\\\/wp-content\\\/uploads\\\/2021\\\/04\\\/logo_header-1.png\",\"url\":\"https:\\\/\\\/sergiolapegue.com\\\/site\\\/wp-content\\\/uploads\\\/2021\\\/04\\\/logo_header-1.png\",\"contentUrl\":\"https:\\\/\\\/sergiolapegue.com\\\/site\\\/wp-content\\\/uploads\\\/2021\\\/04\\\/logo_header-1.png\",\"width\":272,\"height\":90,\"caption\":\"Sergio Lapegue\"},\"logo\":{\"@id\":\"https:\\\/\\\/sergiolapegue.com\\\/site\\\/wp-content\\\/uploads\\\/2021\\\/04\\\/logo_header-1.png\"},\"sameAs\":[\"https:\\\/\\\/facebook.com\\\/sergiolapegue\",\"https:\\\/\\\/instagram.com\\\/sergiolapegue\",\"https:\\\/\\\/x.com\\\/https:\\\/\\\/twitter.com\\\/sergiolapegue\"]},{\"@type\":\"Person\",\"@id\":\"https:\\\/\\\/sergiolapegue.com\\\/site\\\/#\\\/schema\\\/person\\\/9198e7dbab43c6d74d0fd5399af7c3cd\",\"name\":\"Daniel E. Monta\u00f1a\",\"image\":{\"@type\":\"ImageObject\",\"inLanguage\":\"es-AR\",\"@id\":\"https:\\\/\\\/sergiolapegue.com\\\/site\\\/wp-content\\\/uploads\\\/2021\\\/04\\\/sl_avatar_Daniel-150x150.jpg\",\"url\":\"https:\\\/\\\/sergiolapegue.com\\\/site\\\/wp-content\\\/uploads\\\/2021\\\/04\\\/sl_avatar_Daniel-150x150.jpg\",\"contentUrl\":\"https:\\\/\\\/sergiolapegue.com\\\/site\\\/wp-content\\\/uploads\\\/2021\\\/04\\\/sl_avatar_Daniel-150x150.jpg\",\"caption\":\"Daniel E. Monta\u00f1a\"},\"sameAs\":[\"https:\\\/\\\/facebook.com\\\/danielernesto.montana\",\"https:\\\/\\\/instagram.com\\\/daniel_montana1961\",\"https:\\\/\\\/x.com\\\/https:\\\/\\\/twitter.com\\\/daner_004\"],\"url\":\"https:\\\/\\\/sergiolapegue.com\\\/site\\\/author\\\/daniel\\\/\"}]}<\/script>\n<!-- \/ Yoast SEO plugin. -->","yoast_head_json":{"title":"LA VERG\u00dcENZA - Sergio Lapegue","robots":{"index":"index","follow":"follow","max-snippet":"max-snippet:-1","max-image-preview":"max-image-preview:large","max-video-preview":"max-video-preview:-1"},"canonical":"https:\/\/sergiolapegue.com\/site\/2025\/07\/31\/la-verguenza\/","og_locale":"es_ES","og_type":"article","og_title":"LA VERG\u00dcENZA - Sergio Lapegue","og_description":"Desde el 04 de agosto en el Teatro Border se podr\u00e1 ver la obra de Patricia Su\u00e1rez. \u201cLa Verg\u00fcenza\u201d, con direcci\u00f3n de Claudio Aprile y las actuaciones de Fabio Aste, Silvina Katz, Fabi\u00e1n Arenillas y Felipe Villamil. La pieza tendr\u00e1 funciones los d\u00edas lunes a las 21:00 horas. SINOPSIS Corre 1960, Jos\u00e9 Benoliel es un [&hellip;]","og_url":"https:\/\/sergiolapegue.com\/site\/2025\/07\/31\/la-verguenza\/","og_site_name":"Sergio Lapegue","article_publisher":"https:\/\/facebook.com\/sergiolapegue","article_author":"https:\/\/facebook.com\/danielernesto.montana","article_published_time":"2025-07-31T16:00:00+00:00","article_modified_time":"2025-08-01T03:46:33+00:00","og_image":[{"width":858,"height":627,"url":"https:\/\/sergiolapegue.com\/site\/wp-content\/uploads\/2025\/07\/La-verguenza.jpeg","type":"image\/jpeg"}],"author":"Daniel E. Monta\u00f1a","twitter_card":"summary_large_image","twitter_creator":"@https:\/\/twitter.com\/daner_004","twitter_site":"@sergiolapegue","twitter_misc":{"Escrito por":"Daniel E. Monta\u00f1a","Tiempo de lectura":"8 minutos"},"schema":{"@context":"https:\/\/schema.org","@graph":[{"@type":"Article","@id":"https:\/\/sergiolapegue.com\/site\/2025\/07\/31\/la-verguenza\/#article","isPartOf":{"@id":"https:\/\/sergiolapegue.com\/site\/2025\/07\/31\/la-verguenza\/"},"author":{"name":"Daniel E. Monta\u00f1a","@id":"https:\/\/sergiolapegue.com\/site\/#\/schema\/person\/9198e7dbab43c6d74d0fd5399af7c3cd"},"headline":"LA VERG\u00dcENZA","datePublished":"2025-07-31T16:00:00+00:00","dateModified":"2025-08-01T03:46:33+00:00","mainEntityOfPage":{"@id":"https:\/\/sergiolapegue.com\/site\/2025\/07\/31\/la-verguenza\/"},"wordCount":1425,"commentCount":0,"publisher":{"@id":"https:\/\/sergiolapegue.com\/site\/#\/schema\/person\/083aeceeb0734cd166779ea6c0551a37"},"image":{"@id":"https:\/\/sergiolapegue.com\/site\/2025\/07\/31\/la-verguenza\/#primaryimage"},"thumbnailUrl":"https:\/\/sergiolapegue.com\/site\/wp-content\/uploads\/2025\/07\/La-verguenza.jpeg","articleSection":["Arte","Teatro"],"inLanguage":"es-AR","potentialAction":[{"@type":"CommentAction","name":"Comment","target":["https:\/\/sergiolapegue.com\/site\/2025\/07\/31\/la-verguenza\/#respond"]}]},{"@type":"WebPage","@id":"https:\/\/sergiolapegue.com\/site\/2025\/07\/31\/la-verguenza\/","url":"https:\/\/sergiolapegue.com\/site\/2025\/07\/31\/la-verguenza\/","name":"LA VERG\u00dcENZA - Sergio Lapegue","isPartOf":{"@id":"https:\/\/sergiolapegue.com\/site\/#website"},"primaryImageOfPage":{"@id":"https:\/\/sergiolapegue.com\/site\/2025\/07\/31\/la-verguenza\/#primaryimage"},"image":{"@id":"https:\/\/sergiolapegue.com\/site\/2025\/07\/31\/la-verguenza\/#primaryimage"},"thumbnailUrl":"https:\/\/sergiolapegue.com\/site\/wp-content\/uploads\/2025\/07\/La-verguenza.jpeg","datePublished":"2025-07-31T16:00:00+00:00","dateModified":"2025-08-01T03:46:33+00:00","breadcrumb":{"@id":"https:\/\/sergiolapegue.com\/site\/2025\/07\/31\/la-verguenza\/#breadcrumb"},"inLanguage":"es-AR","potentialAction":[{"@type":"ReadAction","target":["https:\/\/sergiolapegue.com\/site\/2025\/07\/31\/la-verguenza\/"]}]},{"@type":"ImageObject","inLanguage":"es-AR","@id":"https:\/\/sergiolapegue.com\/site\/2025\/07\/31\/la-verguenza\/#primaryimage","url":"https:\/\/sergiolapegue.com\/site\/wp-content\/uploads\/2025\/07\/La-verguenza.jpeg","contentUrl":"https:\/\/sergiolapegue.com\/site\/wp-content\/uploads\/2025\/07\/La-verguenza.jpeg","width":858,"height":627},{"@type":"BreadcrumbList","@id":"https:\/\/sergiolapegue.com\/site\/2025\/07\/31\/la-verguenza\/#breadcrumb","itemListElement":[{"@type":"ListItem","position":1,"name":"Inicio","item":"https:\/\/sergiolapegue.com\/site\/"},{"@type":"ListItem","position":2,"name":"LA VERG\u00dcENZA"}]},{"@type":"WebSite","@id":"https:\/\/sergiolapegue.com\/site\/#website","url":"https:\/\/sergiolapegue.com\/site\/","name":"Sergio Lapegue","description":"Periodista","publisher":{"@id":"https:\/\/sergiolapegue.com\/site\/#\/schema\/person\/083aeceeb0734cd166779ea6c0551a37"},"potentialAction":[{"@type":"SearchAction","target":{"@type":"EntryPoint","urlTemplate":"https:\/\/sergiolapegue.com\/site\/?s={search_term_string}"},"query-input":{"@type":"PropertyValueSpecification","valueRequired":true,"valueName":"search_term_string"}}],"inLanguage":"es-AR"},{"@type":["Person","Organization"],"@id":"https:\/\/sergiolapegue.com\/site\/#\/schema\/person\/083aeceeb0734cd166779ea6c0551a37","name":"Sergio Lapegue","image":{"@type":"ImageObject","inLanguage":"es-AR","@id":"https:\/\/sergiolapegue.com\/site\/wp-content\/uploads\/2021\/04\/logo_header-1.png","url":"https:\/\/sergiolapegue.com\/site\/wp-content\/uploads\/2021\/04\/logo_header-1.png","contentUrl":"https:\/\/sergiolapegue.com\/site\/wp-content\/uploads\/2021\/04\/logo_header-1.png","width":272,"height":90,"caption":"Sergio Lapegue"},"logo":{"@id":"https:\/\/sergiolapegue.com\/site\/wp-content\/uploads\/2021\/04\/logo_header-1.png"},"sameAs":["https:\/\/facebook.com\/sergiolapegue","https:\/\/instagram.com\/sergiolapegue","https:\/\/x.com\/https:\/\/twitter.com\/sergiolapegue"]},{"@type":"Person","@id":"https:\/\/sergiolapegue.com\/site\/#\/schema\/person\/9198e7dbab43c6d74d0fd5399af7c3cd","name":"Daniel E. Monta\u00f1a","image":{"@type":"ImageObject","inLanguage":"es-AR","@id":"https:\/\/sergiolapegue.com\/site\/wp-content\/uploads\/2021\/04\/sl_avatar_Daniel-150x150.jpg","url":"https:\/\/sergiolapegue.com\/site\/wp-content\/uploads\/2021\/04\/sl_avatar_Daniel-150x150.jpg","contentUrl":"https:\/\/sergiolapegue.com\/site\/wp-content\/uploads\/2021\/04\/sl_avatar_Daniel-150x150.jpg","caption":"Daniel E. Monta\u00f1a"},"sameAs":["https:\/\/facebook.com\/danielernesto.montana","https:\/\/instagram.com\/daniel_montana1961","https:\/\/x.com\/https:\/\/twitter.com\/daner_004"],"url":"https:\/\/sergiolapegue.com\/site\/author\/daniel\/"}]}},"_links":{"self":[{"href":"https:\/\/sergiolapegue.com\/site\/wp-json\/wp\/v2\/posts\/24389","targetHints":{"allow":["GET"]}}],"collection":[{"href":"https:\/\/sergiolapegue.com\/site\/wp-json\/wp\/v2\/posts"}],"about":[{"href":"https:\/\/sergiolapegue.com\/site\/wp-json\/wp\/v2\/types\/post"}],"author":[{"embeddable":true,"href":"https:\/\/sergiolapegue.com\/site\/wp-json\/wp\/v2\/users\/3"}],"replies":[{"embeddable":true,"href":"https:\/\/sergiolapegue.com\/site\/wp-json\/wp\/v2\/comments?post=24389"}],"version-history":[{"count":1,"href":"https:\/\/sergiolapegue.com\/site\/wp-json\/wp\/v2\/posts\/24389\/revisions"}],"predecessor-version":[{"id":24399,"href":"https:\/\/sergiolapegue.com\/site\/wp-json\/wp\/v2\/posts\/24389\/revisions\/24399"}],"wp:featuredmedia":[{"embeddable":true,"href":"https:\/\/sergiolapegue.com\/site\/wp-json\/wp\/v2\/media\/24398"}],"wp:attachment":[{"href":"https:\/\/sergiolapegue.com\/site\/wp-json\/wp\/v2\/media?parent=24389"}],"wp:term":[{"taxonomy":"category","embeddable":true,"href":"https:\/\/sergiolapegue.com\/site\/wp-json\/wp\/v2\/categories?post=24389"},{"taxonomy":"post_tag","embeddable":true,"href":"https:\/\/sergiolapegue.com\/site\/wp-json\/wp\/v2\/tags?post=24389"}],"curies":[{"name":"wp","href":"https:\/\/api.w.org\/{rel}","templated":true}]}}