{"id":24372,"date":"2025-07-28T11:40:30","date_gmt":"2025-07-28T14:40:30","guid":{"rendered":"https:\/\/sergiolapegue.com\/site\/?p=24372"},"modified":"2025-07-28T11:40:31","modified_gmt":"2025-07-28T14:40:31","slug":"del-tren-a-las-aulas-los-origenes-del-colegio-barker","status":"publish","type":"post","link":"https:\/\/sergiolapegue.com\/site\/2025\/07\/28\/del-tren-a-las-aulas-los-origenes-del-colegio-barker\/","title":{"rendered":"Del tren a las aulas: los or\u00edgenes del colegio Barker"},"content":{"rendered":"\n<p>Entre las instituciones emblem\u00e1ticas de<strong>&nbsp;Lomas de Zamora,<\/strong>&nbsp;hay algunas cuyo nacimiento estuvo \u00edntimamente ligado tanto a la<a href=\"https:\/\/launion.com.ar\/nota\/47881\/2025\/05\/inmigracion-ferrocarril-y-tradicion--la-huella-britanica-en-lomas-de-zamora\" target=\"_blank\" rel=\"noreferrer noopener\">&nbsp;presencia de comunidades europeas -particularmente la brit\u00e1nica-<\/a>&nbsp;como al desarrollo del Ferrocarril del Sud. Es el caso del Colegio Barker,&nbsp;cuya historia est\u00e1 entrelazada con la expansi\u00f3n ferroviaria y el legado de un hombre clave: Charles O. Barker.&nbsp;<\/p>\n\n\n\n<p>Barker fue secretario gerente&nbsp;<a href=\"https:\/\/launion.com.ar\/nota\/45636\/2025\/02\/unir-el-este-y-el-oeste--el-proyecto-de-ferrocarril-del-sud-que-no-fue\" target=\"_blank\" rel=\"noreferrer noopener\">del&nbsp;<\/a><strong><a href=\"https:\/\/launion.com.ar\/nota\/45636\/2025\/02\/unir-el-este-y-el-oeste--el-proyecto-de-ferrocarril-del-sud-que-no-fue\" target=\"_blank\" rel=\"noreferrer noopener\">Ferrocarril del Sud<\/a><\/strong>&nbsp;y desempe\u00f1\u00f3 un papel central en la consolidaci\u00f3n del trazado ferroviario durante el \u00faltimo tramo del siglo XIX. Bajo su administraci\u00f3n, el servicio se extendi\u00f3 desde Buenos Aires hasta Bah\u00eda Blanca y sum\u00f3&nbsp;ramales estrat\u00e9gicos hacia ciudades como Mar del Plata, Necochea y otras localidades del sur de la provincia.&nbsp;&nbsp;<\/p>\n\n\n\n<p>Falleci\u00f3 en Buenos Aires el 20 de marzo de 1893, y su figura fue tan reconocida que, poco tiempo despu\u00e9s, la empresa decidi\u00f3 rendirle homenaje de manera permanente: durante una asamblea de accionistas en octubre de ese mismo a\u00f1o, el presidente del directorio&nbsp;del<strong>&nbsp;Ferrocarril<\/strong>&nbsp;propuso erigir un edificio en memoria de&nbsp;<strong>Barker.<\/strong>&nbsp;La idea no solo fue aceptada, sino que entusiasm\u00f3 especialmente a los miembros de la comunidad brit\u00e1nica asentada en Lomas, una localidad por la que&nbsp;<strong>Barker&nbsp;<\/strong>sent\u00eda un aprecio particular.<\/p>\n\n\n\n<p>El objetivo&nbsp;era levantar una escuela que llevara su nombre y que, adem\u00e1s de cumplir funciones educativas, pudiera servir como centro de reuni\u00f3n social para los inmigrantes ingleses de la zona.&nbsp;<\/p>\n\n\n\n<p>As\u00ed naci\u00f3 el proyecto del &#8220;Barker Memorial Hall&#8221;. La compa\u00f1\u00eda ferroviaria comprometi\u00f3 una contribuci\u00f3n de 2.000 libras esterlinas para su construcci\u00f3n, monto que fue recaudado mediante una suscripci\u00f3n organizada entre vecinos. El edificio se levant\u00f3 respetando&nbsp;la est\u00e9tica t\u00edpica de la arquitectura brit\u00e1nica: un chalet de dos plantas, con amplios ventanales y un dise\u00f1o sobrio, pero elegante.<\/p>\n\n\n\n<p>Fue inaugurado con una gran celebraci\u00f3n el 21 de agosto de 1897, en la esquina de las calles Gorriti y avenida&nbsp;<strong>Meeks.<\/strong>&nbsp;Para formalizar&nbsp;el traspaso, el Lomas School Committee abon\u00f3 500 libras esterlinas al Ferrocarril del Sud en dos pagos, y la empresa cedi\u00f3 el uso del inmueble para que funcionara como establecimiento educativo. As\u00ed comenz\u00f3 a operar el<strong>&nbsp;Colegio Barker,<\/strong>&nbsp;que durante varias d\u00e9cadas ofreci\u00f3 clases en aquel primer edificio.&nbsp;<\/p>\n\n\n\n<p>Las aulas del<strong>&nbsp;Barker,&nbsp;<\/strong>en sus comienzos, se poblaron principalmente de hijas e hijos de inmigrantes brit\u00e1nicos. Con el paso del tiempo, se fueron sumando alumnos de otras familias lomenses. La calidad de la ense\u00f1anza, especialmente en lengua inglesa, posicion\u00f3&nbsp;al colegio como una de las instituciones privadas m\u00e1s exigentes del Gran Buenos Aires.&nbsp;<\/p>\n\n\n\n<p>Hacia fines de la d\u00e9cada del &#8217;50, el hist\u00f3rico chalet fue demolido, y el colegio se traslad\u00f3 a su ubicaci\u00f3n actual, tambi\u00e9n sobre la avenida Meeks, pero en la esquina de Mitre. La impronta fundacional de&nbsp;<strong>Barker,<\/strong>&nbsp;su v\u00ednculo con el ferrocarril y su ra\u00edz brit\u00e1nica&nbsp;siguen presentes en la memoria colectiva de Lomas. \u00a1Hasta la semana que viene, amigos!&nbsp;<\/p>\n\n\n\n<p><strong><em><a href=\"https:\/\/launion.com.ar\/nota\/49935\/2025\/07\/del-tren-a-las-aulas--los-origenes-del-colegio-barker\">Art\u00edculo publicado en el <\/a><a href=\"https:\/\/launion.com.ar\/nota\/49935\/2025\/07\/del-tren-a-las-aulas--los-origenes-del-colegio-barker\" target=\"_blank\" rel=\"noreferrer noopener\">diario <\/a><a href=\"https:\/\/launion.com.ar\/nota\/49935\/2025\/07\/del-tren-a-las-aulas--los-origenes-del-colegio-barker\">La Uni\u00f3n.-<\/a><\/em><\/strong><\/p>\n","protected":false},"excerpt":{"rendered":"<p>Entre las instituciones emblem\u00e1ticas de&nbsp;Lomas de Zamora,&nbsp;hay algunas cuyo nacimiento estuvo \u00edntimamente ligado tanto a la&nbsp;presencia de comunidades europeas -particularmente la brit\u00e1nica-&nbsp;como al desarrollo del Ferrocarril del Sud. Es el caso del Colegio Barker,&nbsp;cuya historia est\u00e1 entrelazada con la expansi\u00f3n ferroviaria y el legado de un hombre clave: Charles O. Barker.&nbsp; Barker fue secretario gerente&nbsp;del&nbsp;Ferrocarril [&hellip;]<\/p>\n","protected":false},"author":6,"featured_media":24373,"comment_status":"closed","ping_status":"closed","sticky":false,"template":"","format":"standard","meta":{"footnotes":""},"categories":[1276],"tags":[3017,4447,3774,1323,1277],"class_list":{"0":"post-24372","1":"post","2":"type-post","3":"status-publish","4":"format-standard","5":"has-post-thumbnail","7":"category-de-puno-y-letra-lomas-de-zamora","8":"tag-barker","9":"tag-colegio-barker","10":"tag-educacion-2","11":"tag-la-union","12":"tag-lomas-de-zamora"},"yoast_head":"<!-- This site is optimized with the Yoast SEO plugin v27.4 - https:\/\/yoast.com\/product\/yoast-seo-wordpress\/ -->\n<title>Del tren a las aulas: los or\u00edgenes del colegio Barker - Sergio Lapegue<\/title>\n<meta name=\"description\" content=\"Las aulas se poblaron principalmente de hijas e hijos de inmigrantes brit\u00e1nicos. Su nombre es en honor a un hombre clave del ferrocarril.\" \/>\n<meta name=\"robots\" content=\"index, follow, max-snippet:-1, max-image-preview:large, max-video-preview:-1\" \/>\n<link rel=\"canonical\" href=\"https:\/\/sergiolapegue.com\/site\/2025\/07\/28\/del-tren-a-las-aulas-los-origenes-del-colegio-barker\/\" \/>\n<meta property=\"og:locale\" content=\"es_ES\" \/>\n<meta property=\"og:type\" content=\"article\" \/>\n<meta property=\"og:title\" content=\"Del tren a las aulas: los or\u00edgenes del colegio Barker - Sergio Lapegue\" \/>\n<meta property=\"og:description\" content=\"Las aulas se poblaron principalmente de hijas e hijos de inmigrantes brit\u00e1nicos. Su nombre es en honor a un hombre clave del ferrocarril.\" \/>\n<meta property=\"og:url\" content=\"https:\/\/sergiolapegue.com\/site\/2025\/07\/28\/del-tren-a-las-aulas-los-origenes-del-colegio-barker\/\" \/>\n<meta property=\"og:site_name\" content=\"Sergio Lapegue\" \/>\n<meta property=\"article:publisher\" content=\"https:\/\/facebook.com\/sergiolapegue\" \/>\n<meta property=\"article:author\" content=\"https:\/\/facebook.com\/sergiolapegue\" \/>\n<meta property=\"article:published_time\" content=\"2025-07-28T14:40:30+00:00\" \/>\n<meta property=\"article:modified_time\" content=\"2025-07-28T14:40:31+00:00\" \/>\n<meta property=\"og:image\" content=\"https:\/\/sergiolapegue.com\/site\/wp-content\/uploads\/2025\/07\/1128710.webp\" \/>\n\t<meta property=\"og:image:width\" content=\"1200\" \/>\n\t<meta property=\"og:image:height\" content=\"630\" \/>\n\t<meta property=\"og:image:type\" content=\"image\/webp\" \/>\n<meta name=\"author\" content=\"Sergio Lapegue\" \/>\n<meta name=\"twitter:card\" content=\"summary_large_image\" \/>\n<meta name=\"twitter:creator\" content=\"@https:\/\/twitter.com\/sergiolapegue\" \/>\n<meta name=\"twitter:site\" content=\"@sergiolapegue\" \/>\n<meta name=\"twitter:label1\" content=\"Escrito por\" \/>\n\t<meta name=\"twitter:data1\" content=\"Sergio Lapegue\" \/>\n\t<meta name=\"twitter:label2\" content=\"Tiempo de lectura\" \/>\n\t<meta name=\"twitter:data2\" content=\"3 minutos\" \/>\n<script type=\"application\/ld+json\" class=\"yoast-schema-graph\">{\"@context\":\"https:\\\/\\\/schema.org\",\"@graph\":[{\"@type\":\"Article\",\"@id\":\"https:\\\/\\\/sergiolapegue.com\\\/site\\\/2025\\\/07\\\/28\\\/del-tren-a-las-aulas-los-origenes-del-colegio-barker\\\/#article\",\"isPartOf\":{\"@id\":\"https:\\\/\\\/sergiolapegue.com\\\/site\\\/2025\\\/07\\\/28\\\/del-tren-a-las-aulas-los-origenes-del-colegio-barker\\\/\"},\"author\":{\"name\":\"Sergio Lapegue\",\"@id\":\"https:\\\/\\\/sergiolapegue.com\\\/site\\\/#\\\/schema\\\/person\\\/083aeceeb0734cd166779ea6c0551a37\"},\"headline\":\"Del tren a las aulas: los or\u00edgenes del colegio Barker\",\"datePublished\":\"2025-07-28T14:40:30+00:00\",\"dateModified\":\"2025-07-28T14:40:31+00:00\",\"mainEntityOfPage\":{\"@id\":\"https:\\\/\\\/sergiolapegue.com\\\/site\\\/2025\\\/07\\\/28\\\/del-tren-a-las-aulas-los-origenes-del-colegio-barker\\\/\"},\"wordCount\":553,\"publisher\":{\"@id\":\"https:\\\/\\\/sergiolapegue.com\\\/site\\\/#\\\/schema\\\/person\\\/083aeceeb0734cd166779ea6c0551a37\"},\"image\":{\"@id\":\"https:\\\/\\\/sergiolapegue.com\\\/site\\\/2025\\\/07\\\/28\\\/del-tren-a-las-aulas-los-origenes-del-colegio-barker\\\/#primaryimage\"},\"thumbnailUrl\":\"https:\\\/\\\/sergiolapegue.com\\\/site\\\/wp-content\\\/uploads\\\/2025\\\/07\\\/1128710.webp\",\"keywords\":[\"Barker\",\"Colegio Barker\",\"educaci\u00f3n\",\"La Uni\u00f3n\",\"Lomas de Zamora\"],\"articleSection\":[\"De Pu\u00f1o y Letra Lomas de Zamora\"],\"inLanguage\":\"es-AR\"},{\"@type\":\"WebPage\",\"@id\":\"https:\\\/\\\/sergiolapegue.com\\\/site\\\/2025\\\/07\\\/28\\\/del-tren-a-las-aulas-los-origenes-del-colegio-barker\\\/\",\"url\":\"https:\\\/\\\/sergiolapegue.com\\\/site\\\/2025\\\/07\\\/28\\\/del-tren-a-las-aulas-los-origenes-del-colegio-barker\\\/\",\"name\":\"Del tren a las aulas: los or\u00edgenes del colegio Barker - Sergio Lapegue\",\"isPartOf\":{\"@id\":\"https:\\\/\\\/sergiolapegue.com\\\/site\\\/#website\"},\"primaryImageOfPage\":{\"@id\":\"https:\\\/\\\/sergiolapegue.com\\\/site\\\/2025\\\/07\\\/28\\\/del-tren-a-las-aulas-los-origenes-del-colegio-barker\\\/#primaryimage\"},\"image\":{\"@id\":\"https:\\\/\\\/sergiolapegue.com\\\/site\\\/2025\\\/07\\\/28\\\/del-tren-a-las-aulas-los-origenes-del-colegio-barker\\\/#primaryimage\"},\"thumbnailUrl\":\"https:\\\/\\\/sergiolapegue.com\\\/site\\\/wp-content\\\/uploads\\\/2025\\\/07\\\/1128710.webp\",\"datePublished\":\"2025-07-28T14:40:30+00:00\",\"dateModified\":\"2025-07-28T14:40:31+00:00\",\"description\":\"Las aulas se poblaron principalmente de hijas e hijos de inmigrantes brit\u00e1nicos. Su nombre es en honor a un hombre clave del ferrocarril.\",\"breadcrumb\":{\"@id\":\"https:\\\/\\\/sergiolapegue.com\\\/site\\\/2025\\\/07\\\/28\\\/del-tren-a-las-aulas-los-origenes-del-colegio-barker\\\/#breadcrumb\"},\"inLanguage\":\"es-AR\",\"potentialAction\":[{\"@type\":\"ReadAction\",\"target\":[\"https:\\\/\\\/sergiolapegue.com\\\/site\\\/2025\\\/07\\\/28\\\/del-tren-a-las-aulas-los-origenes-del-colegio-barker\\\/\"]}]},{\"@type\":\"ImageObject\",\"inLanguage\":\"es-AR\",\"@id\":\"https:\\\/\\\/sergiolapegue.com\\\/site\\\/2025\\\/07\\\/28\\\/del-tren-a-las-aulas-los-origenes-del-colegio-barker\\\/#primaryimage\",\"url\":\"https:\\\/\\\/sergiolapegue.com\\\/site\\\/wp-content\\\/uploads\\\/2025\\\/07\\\/1128710.webp\",\"contentUrl\":\"https:\\\/\\\/sergiolapegue.com\\\/site\\\/wp-content\\\/uploads\\\/2025\\\/07\\\/1128710.webp\",\"width\":1200,\"height\":630},{\"@type\":\"BreadcrumbList\",\"@id\":\"https:\\\/\\\/sergiolapegue.com\\\/site\\\/2025\\\/07\\\/28\\\/del-tren-a-las-aulas-los-origenes-del-colegio-barker\\\/#breadcrumb\",\"itemListElement\":[{\"@type\":\"ListItem\",\"position\":1,\"name\":\"Inicio\",\"item\":\"https:\\\/\\\/sergiolapegue.com\\\/site\\\/\"},{\"@type\":\"ListItem\",\"position\":2,\"name\":\"Del tren a las aulas: los or\u00edgenes del colegio Barker\"}]},{\"@type\":\"WebSite\",\"@id\":\"https:\\\/\\\/sergiolapegue.com\\\/site\\\/#website\",\"url\":\"https:\\\/\\\/sergiolapegue.com\\\/site\\\/\",\"name\":\"Sergio Lapegue\",\"description\":\"Periodista\",\"publisher\":{\"@id\":\"https:\\\/\\\/sergiolapegue.com\\\/site\\\/#\\\/schema\\\/person\\\/083aeceeb0734cd166779ea6c0551a37\"},\"potentialAction\":[{\"@type\":\"SearchAction\",\"target\":{\"@type\":\"EntryPoint\",\"urlTemplate\":\"https:\\\/\\\/sergiolapegue.com\\\/site\\\/?s={search_term_string}\"},\"query-input\":{\"@type\":\"PropertyValueSpecification\",\"valueRequired\":true,\"valueName\":\"search_term_string\"}}],\"inLanguage\":\"es-AR\"},{\"@type\":[\"Person\",\"Organization\"],\"@id\":\"https:\\\/\\\/sergiolapegue.com\\\/site\\\/#\\\/schema\\\/person\\\/083aeceeb0734cd166779ea6c0551a37\",\"name\":\"Sergio Lapegue\",\"image\":{\"@type\":\"ImageObject\",\"inLanguage\":\"es-AR\",\"@id\":\"https:\\\/\\\/sergiolapegue.com\\\/site\\\/wp-content\\\/uploads\\\/2021\\\/04\\\/logo_header-1.png\",\"url\":\"https:\\\/\\\/sergiolapegue.com\\\/site\\\/wp-content\\\/uploads\\\/2021\\\/04\\\/logo_header-1.png\",\"contentUrl\":\"https:\\\/\\\/sergiolapegue.com\\\/site\\\/wp-content\\\/uploads\\\/2021\\\/04\\\/logo_header-1.png\",\"width\":272,\"height\":90,\"caption\":\"Sergio Lapegue\"},\"logo\":{\"@id\":\"https:\\\/\\\/sergiolapegue.com\\\/site\\\/wp-content\\\/uploads\\\/2021\\\/04\\\/logo_header-1.png\"},\"sameAs\":[\"https:\\\/\\\/facebook.com\\\/sergiolapegue\",\"https:\\\/\\\/instagram.com\\\/sergiolapegue\",\"https:\\\/\\\/x.com\\\/https:\\\/\\\/twitter.com\\\/sergiolapegue\"],\"url\":\"https:\\\/\\\/sergiolapegue.com\\\/site\\\/author\\\/sergio\\\/\"}]}<\/script>\n<!-- \/ Yoast SEO plugin. -->","yoast_head_json":{"title":"Del tren a las aulas: los or\u00edgenes del colegio Barker - Sergio Lapegue","description":"Las aulas se poblaron principalmente de hijas e hijos de inmigrantes brit\u00e1nicos. Su nombre es en honor a un hombre clave del ferrocarril.","robots":{"index":"index","follow":"follow","max-snippet":"max-snippet:-1","max-image-preview":"max-image-preview:large","max-video-preview":"max-video-preview:-1"},"canonical":"https:\/\/sergiolapegue.com\/site\/2025\/07\/28\/del-tren-a-las-aulas-los-origenes-del-colegio-barker\/","og_locale":"es_ES","og_type":"article","og_title":"Del tren a las aulas: los or\u00edgenes del colegio Barker - Sergio Lapegue","og_description":"Las aulas se poblaron principalmente de hijas e hijos de inmigrantes brit\u00e1nicos. Su nombre es en honor a un hombre clave del ferrocarril.","og_url":"https:\/\/sergiolapegue.com\/site\/2025\/07\/28\/del-tren-a-las-aulas-los-origenes-del-colegio-barker\/","og_site_name":"Sergio Lapegue","article_publisher":"https:\/\/facebook.com\/sergiolapegue","article_author":"https:\/\/facebook.com\/sergiolapegue","article_published_time":"2025-07-28T14:40:30+00:00","article_modified_time":"2025-07-28T14:40:31+00:00","og_image":[{"width":1200,"height":630,"url":"https:\/\/sergiolapegue.com\/site\/wp-content\/uploads\/2025\/07\/1128710.webp","type":"image\/webp"}],"author":"Sergio Lapegue","twitter_card":"summary_large_image","twitter_creator":"@https:\/\/twitter.com\/sergiolapegue","twitter_site":"@sergiolapegue","twitter_misc":{"Escrito por":"Sergio Lapegue","Tiempo de lectura":"3 minutos"},"schema":{"@context":"https:\/\/schema.org","@graph":[{"@type":"Article","@id":"https:\/\/sergiolapegue.com\/site\/2025\/07\/28\/del-tren-a-las-aulas-los-origenes-del-colegio-barker\/#article","isPartOf":{"@id":"https:\/\/sergiolapegue.com\/site\/2025\/07\/28\/del-tren-a-las-aulas-los-origenes-del-colegio-barker\/"},"author":{"name":"Sergio Lapegue","@id":"https:\/\/sergiolapegue.com\/site\/#\/schema\/person\/083aeceeb0734cd166779ea6c0551a37"},"headline":"Del tren a las aulas: los or\u00edgenes del colegio Barker","datePublished":"2025-07-28T14:40:30+00:00","dateModified":"2025-07-28T14:40:31+00:00","mainEntityOfPage":{"@id":"https:\/\/sergiolapegue.com\/site\/2025\/07\/28\/del-tren-a-las-aulas-los-origenes-del-colegio-barker\/"},"wordCount":553,"publisher":{"@id":"https:\/\/sergiolapegue.com\/site\/#\/schema\/person\/083aeceeb0734cd166779ea6c0551a37"},"image":{"@id":"https:\/\/sergiolapegue.com\/site\/2025\/07\/28\/del-tren-a-las-aulas-los-origenes-del-colegio-barker\/#primaryimage"},"thumbnailUrl":"https:\/\/sergiolapegue.com\/site\/wp-content\/uploads\/2025\/07\/1128710.webp","keywords":["Barker","Colegio Barker","educaci\u00f3n","La Uni\u00f3n","Lomas de Zamora"],"articleSection":["De Pu\u00f1o y Letra Lomas de Zamora"],"inLanguage":"es-AR"},{"@type":"WebPage","@id":"https:\/\/sergiolapegue.com\/site\/2025\/07\/28\/del-tren-a-las-aulas-los-origenes-del-colegio-barker\/","url":"https:\/\/sergiolapegue.com\/site\/2025\/07\/28\/del-tren-a-las-aulas-los-origenes-del-colegio-barker\/","name":"Del tren a las aulas: los or\u00edgenes del colegio Barker - Sergio Lapegue","isPartOf":{"@id":"https:\/\/sergiolapegue.com\/site\/#website"},"primaryImageOfPage":{"@id":"https:\/\/sergiolapegue.com\/site\/2025\/07\/28\/del-tren-a-las-aulas-los-origenes-del-colegio-barker\/#primaryimage"},"image":{"@id":"https:\/\/sergiolapegue.com\/site\/2025\/07\/28\/del-tren-a-las-aulas-los-origenes-del-colegio-barker\/#primaryimage"},"thumbnailUrl":"https:\/\/sergiolapegue.com\/site\/wp-content\/uploads\/2025\/07\/1128710.webp","datePublished":"2025-07-28T14:40:30+00:00","dateModified":"2025-07-28T14:40:31+00:00","description":"Las aulas se poblaron principalmente de hijas e hijos de inmigrantes brit\u00e1nicos. Su nombre es en honor a un hombre clave del ferrocarril.","breadcrumb":{"@id":"https:\/\/sergiolapegue.com\/site\/2025\/07\/28\/del-tren-a-las-aulas-los-origenes-del-colegio-barker\/#breadcrumb"},"inLanguage":"es-AR","potentialAction":[{"@type":"ReadAction","target":["https:\/\/sergiolapegue.com\/site\/2025\/07\/28\/del-tren-a-las-aulas-los-origenes-del-colegio-barker\/"]}]},{"@type":"ImageObject","inLanguage":"es-AR","@id":"https:\/\/sergiolapegue.com\/site\/2025\/07\/28\/del-tren-a-las-aulas-los-origenes-del-colegio-barker\/#primaryimage","url":"https:\/\/sergiolapegue.com\/site\/wp-content\/uploads\/2025\/07\/1128710.webp","contentUrl":"https:\/\/sergiolapegue.com\/site\/wp-content\/uploads\/2025\/07\/1128710.webp","width":1200,"height":630},{"@type":"BreadcrumbList","@id":"https:\/\/sergiolapegue.com\/site\/2025\/07\/28\/del-tren-a-las-aulas-los-origenes-del-colegio-barker\/#breadcrumb","itemListElement":[{"@type":"ListItem","position":1,"name":"Inicio","item":"https:\/\/sergiolapegue.com\/site\/"},{"@type":"ListItem","position":2,"name":"Del tren a las aulas: los or\u00edgenes del colegio Barker"}]},{"@type":"WebSite","@id":"https:\/\/sergiolapegue.com\/site\/#website","url":"https:\/\/sergiolapegue.com\/site\/","name":"Sergio Lapegue","description":"Periodista","publisher":{"@id":"https:\/\/sergiolapegue.com\/site\/#\/schema\/person\/083aeceeb0734cd166779ea6c0551a37"},"potentialAction":[{"@type":"SearchAction","target":{"@type":"EntryPoint","urlTemplate":"https:\/\/sergiolapegue.com\/site\/?s={search_term_string}"},"query-input":{"@type":"PropertyValueSpecification","valueRequired":true,"valueName":"search_term_string"}}],"inLanguage":"es-AR"},{"@type":["Person","Organization"],"@id":"https:\/\/sergiolapegue.com\/site\/#\/schema\/person\/083aeceeb0734cd166779ea6c0551a37","name":"Sergio Lapegue","image":{"@type":"ImageObject","inLanguage":"es-AR","@id":"https:\/\/sergiolapegue.com\/site\/wp-content\/uploads\/2021\/04\/logo_header-1.png","url":"https:\/\/sergiolapegue.com\/site\/wp-content\/uploads\/2021\/04\/logo_header-1.png","contentUrl":"https:\/\/sergiolapegue.com\/site\/wp-content\/uploads\/2021\/04\/logo_header-1.png","width":272,"height":90,"caption":"Sergio Lapegue"},"logo":{"@id":"https:\/\/sergiolapegue.com\/site\/wp-content\/uploads\/2021\/04\/logo_header-1.png"},"sameAs":["https:\/\/facebook.com\/sergiolapegue","https:\/\/instagram.com\/sergiolapegue","https:\/\/x.com\/https:\/\/twitter.com\/sergiolapegue"],"url":"https:\/\/sergiolapegue.com\/site\/author\/sergio\/"}]}},"_links":{"self":[{"href":"https:\/\/sergiolapegue.com\/site\/wp-json\/wp\/v2\/posts\/24372","targetHints":{"allow":["GET"]}}],"collection":[{"href":"https:\/\/sergiolapegue.com\/site\/wp-json\/wp\/v2\/posts"}],"about":[{"href":"https:\/\/sergiolapegue.com\/site\/wp-json\/wp\/v2\/types\/post"}],"author":[{"embeddable":true,"href":"https:\/\/sergiolapegue.com\/site\/wp-json\/wp\/v2\/users\/6"}],"replies":[{"embeddable":true,"href":"https:\/\/sergiolapegue.com\/site\/wp-json\/wp\/v2\/comments?post=24372"}],"version-history":[{"count":1,"href":"https:\/\/sergiolapegue.com\/site\/wp-json\/wp\/v2\/posts\/24372\/revisions"}],"predecessor-version":[{"id":24374,"href":"https:\/\/sergiolapegue.com\/site\/wp-json\/wp\/v2\/posts\/24372\/revisions\/24374"}],"wp:featuredmedia":[{"embeddable":true,"href":"https:\/\/sergiolapegue.com\/site\/wp-json\/wp\/v2\/media\/24373"}],"wp:attachment":[{"href":"https:\/\/sergiolapegue.com\/site\/wp-json\/wp\/v2\/media?parent=24372"}],"wp:term":[{"taxonomy":"category","embeddable":true,"href":"https:\/\/sergiolapegue.com\/site\/wp-json\/wp\/v2\/categories?post=24372"},{"taxonomy":"post_tag","embeddable":true,"href":"https:\/\/sergiolapegue.com\/site\/wp-json\/wp\/v2\/tags?post=24372"}],"curies":[{"name":"wp","href":"https:\/\/api.w.org\/{rel}","templated":true}]}}