{"id":24358,"date":"2025-07-28T01:00:00","date_gmt":"2025-07-28T04:00:00","guid":{"rendered":"https:\/\/sergiolapegue.com\/site\/?p=24358"},"modified":"2025-07-28T00:58:00","modified_gmt":"2025-07-28T03:58:00","slug":"todo-mi-cuerpo-pertenece-a-la-noche","status":"publish","type":"post","link":"https:\/\/sergiolapegue.com\/site\/2025\/07\/28\/todo-mi-cuerpo-pertenece-a-la-noche\/","title":{"rendered":"&#8220;TODO MI CUERPO PERTENECE A LA NOCHE&#8221;"},"content":{"rendered":"\n<p>En \u201cTodo mi cuerpo pertenece a la noche\u201d, tres actrices se sumergen en el universo po\u00e9tico de Patricia D\u00edaz Bialet. Sus cuerpos se vuelven texto y sus voces, territorio de resonancia. La palabra ya no es s\u00f3lo dicha, sino encarnada. Ellas la reescriben haci\u00e9ndola temblar en la piel, vibrar en el gesto, arder en la mirada.<\/p>\n\n\n\n<p>\u201cTodo mi cuerpo pertenece a la noche\u201d se estrena en el marco del Ciclo de Teatro y Poes\u00eda Agosto Po\u00e9tico, que se realizar\u00e1 durante todo el mes de agosto en el Centro Cultural de la Cooperaci\u00f3n.<\/p>\n\n\n\n<p><strong>FICHA T\u00c9CNICO ART\u00cdSTICA <\/strong><strong><\/strong><\/p>\n\n\n\n<p><strong>Sobre textos de:<\/strong> Patricia D\u00edaz Bialet<\/p>\n\n\n\n<p><strong>Dramaturgia:<\/strong> Gustavo Pardi<\/p>\n\n\n\n<p><strong>Act\u00faan:<\/strong> Mar\u00eda Eugenia Rig\u00f3n, Carolina Krivoruk y Margarita P\u00e1ez<\/p>\n\n\n\n<p><strong>Voz en off:<\/strong> Ingrid Pelicori<\/p>\n\n\n\n<p><strong>Dise\u00f1o de iluminaci\u00f3n:<\/strong> Horacio Novelle<\/p>\n\n\n\n<p><strong>Dise\u00f1o sonoro:<\/strong> Tom\u00e1s Alc\u00e1ntara Acevedo<\/p>\n\n\n\n<p><strong>Dise\u00f1o Gr\u00e1fico:<\/strong> Pato Veggezzi<\/p>\n\n\n\n<p><strong>Fotograf\u00eda:<\/strong> Gast\u00f3n Fr\u00edas<\/p>\n\n\n\n<p><strong>Prensa: <\/strong>Daniel Franco<\/p>\n\n\n\n<p><strong>Asistencia de direcci\u00f3n:<\/strong> Glenda Aramburu<\/p>\n\n\n\n<p><strong>Producci\u00f3n ejecutiva: <\/strong>Adriana Yasky<\/p>\n\n\n\n<p><strong>Direcci\u00f3n:<\/strong> Gustavo Pardi<\/p>\n\n\n\n<p><strong>Duraci\u00f3n:<\/strong> 40 minutos<\/p>\n\n\n\n<p><strong>Clasificaci\u00f3n:<\/strong> Teatro \u2013 Presencial &#8211; Adultos<\/p>\n\n\n\n<figure class=\"wp-block-image size-full is-resized\"><img loading=\"lazy\" decoding=\"async\" width=\"602\" height=\"401\" src=\"https:\/\/sergiolapegue.com\/site\/wp-content\/uploads\/2025\/07\/Todo-mi-cuerpo-pertenece-a-la-noche-0.jpg\" alt=\"\" class=\"wp-image-24359\" style=\"width:696px;height:auto\" srcset=\"https:\/\/sergiolapegue.com\/site\/wp-content\/uploads\/2025\/07\/Todo-mi-cuerpo-pertenece-a-la-noche-0.jpg 602w, https:\/\/sergiolapegue.com\/site\/wp-content\/uploads\/2025\/07\/Todo-mi-cuerpo-pertenece-a-la-noche-0-300x200.jpg 300w\" sizes=\"auto, (max-width: 602px) 100vw, 602px\" \/><\/figure>\n\n\n\n<p><strong>CENTRO CULTURAL DE LA COOPERACI\u00d3N \u2013 SALA GONZ\u00c1LEZ TU\u00d1\u00d3N<\/strong><strong><\/strong><\/p>\n\n\n\n<p>Av. Corrientes 1543 \u2013 Capital Federal \u2013 Buenos Aires \u2013 Argentina<\/p>\n\n\n\n<p>Reservas: 11 4 168 1505<\/p>\n\n\n\n<p>Web: <a href=\"https:\/\/www.centrocultural.coop\">https:\/\/www.centrocultural.coop<\/a><\/p>\n\n\n\n<p>Entradas: $ 15.000 \u2013 en boleter\u00eda del teatro o por Alternativa Teatral \u2013 Link:<\/p>\n\n\n\n<p><a href=\"https:\/\/publico.alternativateatral.com\/entradas96191-todo-mi-cuerpo-pertenece-a-la-noche?o=14\">https:\/\/publico.alternativateatral.com\/entradas96191-todo-mi-cuerpo-pertenece-a-la-noche?o=14<\/a><\/p>\n\n\n\n<p>Funciones: Jueves 20:00 horas \u2013 Del 07\/08\/2025 al 28\/08\/2025<\/p>\n\n\n\n<p>Gracias Glenda Aramburu por acercarnos la gacetilla de prensa del estreno de este espect\u00e1culo.<\/p>\n\n\n\n<figure class=\"wp-block-image size-large is-resized\"><img loading=\"lazy\" decoding=\"async\" width=\"1024\" height=\"934\" src=\"https:\/\/sergiolapegue.com\/site\/wp-content\/uploads\/2025\/07\/Todo-mi-cuerpo-pertenece-a-la-noche-Patricia-Diaz-Bialet-1024x934.jpeg\" alt=\"\" class=\"wp-image-24360\" style=\"width:342px;height:auto\" srcset=\"https:\/\/sergiolapegue.com\/site\/wp-content\/uploads\/2025\/07\/Todo-mi-cuerpo-pertenece-a-la-noche-Patricia-Diaz-Bialet-1024x934.jpeg 1024w, https:\/\/sergiolapegue.com\/site\/wp-content\/uploads\/2025\/07\/Todo-mi-cuerpo-pertenece-a-la-noche-Patricia-Diaz-Bialet-300x273.jpeg 300w, https:\/\/sergiolapegue.com\/site\/wp-content\/uploads\/2025\/07\/Todo-mi-cuerpo-pertenece-a-la-noche-Patricia-Diaz-Bialet-768x700.jpeg 768w, https:\/\/sergiolapegue.com\/site\/wp-content\/uploads\/2025\/07\/Todo-mi-cuerpo-pertenece-a-la-noche-Patricia-Diaz-Bialet-461x420.jpeg 461w, https:\/\/sergiolapegue.com\/site\/wp-content\/uploads\/2025\/07\/Todo-mi-cuerpo-pertenece-a-la-noche-Patricia-Diaz-Bialet-696x635.jpeg 696w, https:\/\/sergiolapegue.com\/site\/wp-content\/uploads\/2025\/07\/Todo-mi-cuerpo-pertenece-a-la-noche-Patricia-Diaz-Bialet.jpeg 1064w\" sizes=\"auto, (max-width: 1024px) 100vw, 1024px\" \/><\/figure>\n\n\n\n<p><strong>SOBRE PATRICIA D\u00cdAZ BIALET<\/strong><strong><\/strong><\/p>\n\n\n\n<p>Public\u00f3 los siguientes libros de poes\u00eda: Los despojos del diluvio, 1\u00b0 Premio del FNA 1989 (1990); Testigo de la bruma, Menci\u00f3n Honor\u00edfica en el Premio Bienal de Poes\u00eda Argentina de la Secretar\u00eda de la Funci\u00f3n P\u00fablica de la Naci\u00f3n y el FNA 1991 (1991);&nbsp; La penumbra de la luna llena, 2\u00b0 Premio en el Concurso Fundaci\u00f3n Inca Seguros 1992 (1993);&nbsp; La due\u00f1a de la ebriedad de la rosa, 1\u00b0 Premio del FNA 1993 (1994); Los sonidos secretos de la lluvia, Menci\u00f3n Honor\u00edfica en el 1\u00b0 Certamen Nacional de Poes\u00eda Papiros del Siglo XX (1994);&nbsp; El hombre del sombrero azul (1996 y 1998); El amor es una pluma de mercurio. Poemas elegidos (2007); Agualava (2009); La que va (2015); La noche a cualquier hora (2019); Mientras sea capaz de la m\u00fasica (2025). Poemas suyos fueron incluidos en la pel\u00edcula de Eliseo Subiela El lado oscuro del coraz\u00f3n II (2001) y en el espect\u00e1culo Con un tigre en la boca. Manual de los amantes dirigido por Hugo Urquijo (2014, 2015, Premio ACE 2014\/2015 en la categor\u00eda \u201cMejor Espect\u00e1culo de Teatro y Poes\u00eda\u201d). En la temporada de 2017 estuvo en cartel La noche a cualquier hora, espect\u00e1culo basado en sus textos, adaptados por Mariano Dossena y Gustavo Pardi. Desde el a\u00f1o 2021 es la Secretaria del Festival Latinoamericano de Poes\u00eda en el Centro, que se lleva a cabo hace 15 a\u00f1os consecutivos en el Centro Cultural de la Cooperaci\u00f3n. Desde el a\u00f1o 2012 es miembro del jurado en los Premios Teatro del Mundo, integrado por investigadores y cr\u00edticos teatrales de la Universidad de Buenos Aires y especialistas invitados.<\/p>\n\n\n\n<figure class=\"wp-block-image size-full is-resized\"><img loading=\"lazy\" decoding=\"async\" width=\"651\" height=\"583\" src=\"https:\/\/sergiolapegue.com\/site\/wp-content\/uploads\/2025\/07\/Todo-mi-cuerpo-pertenece-a-la-noche-Gustavo-Pardi.jpeg\" alt=\"\" class=\"wp-image-24361\" style=\"width:338px;height:auto\" srcset=\"https:\/\/sergiolapegue.com\/site\/wp-content\/uploads\/2025\/07\/Todo-mi-cuerpo-pertenece-a-la-noche-Gustavo-Pardi.jpeg 651w, https:\/\/sergiolapegue.com\/site\/wp-content\/uploads\/2025\/07\/Todo-mi-cuerpo-pertenece-a-la-noche-Gustavo-Pardi-300x269.jpeg 300w, https:\/\/sergiolapegue.com\/site\/wp-content\/uploads\/2025\/07\/Todo-mi-cuerpo-pertenece-a-la-noche-Gustavo-Pardi-469x420.jpeg 469w\" sizes=\"auto, (max-width: 651px) 100vw, 651px\" \/><\/figure>\n\n\n\n<p><strong>SOBRE GUSTAVO PARDI<\/strong><\/p>\n\n\n\n<p>Realiz\u00f3 temporadas en los teatros San Mart\u00edn, Cervantes, Regio, Picadilly, Maipo, de la Ribera, Centro Cultural de la Cooperaci\u00f3n, entre otros. Trabaj\u00f3 bajo la direcci\u00f3n de Laura Yusem, Villanueva Cosse, Hugo Urquijo, Jos\u00e9 Mar\u00eda Muscari, Cristina Banegas, Julio Baccaro, Corina Fiorillo, Anal\u00eda Fedra Garc\u00eda, Nelson Valente y Mariano Dossena, entre otros.&nbsp;&nbsp; Realiz\u00f3 giras nacionales y funciones en Madrid, Colombia, Montevideo, Chile, Paraguay.&nbsp;Trabaj\u00f3 en m\u00e1s de 15 largometrajes.&nbsp; En televisi\u00f3n particip\u00f3 en todas las temporadas de \u201cEl marginal\u201d y tambi\u00e9n en &#8220;Germ\u00e1n \u00faltimas vi\u00f1etas\u201d, &#8220;Guapas&#8221;, \u201cSos mi hombre\u201d, \u201cFarsantes\u201d, &#8220;El puntero&#8221; y &#8220;Amas de casa desesperadas&#8221;.&nbsp;Ha sido distinguido con los premios Teatro del Mundo, Cine con Riesgo, Alfonsina Storni, Florencio S\u00e1nchez, Cumbre de las Am\u00e9ricas, Comedia de Buenos Aires, Estrella de Mar, y ha sido nominado tres veces al Premio ACE.&nbsp; Recientemente estren\u00f3 las series \u201cC\u00f3ndor 105\u201d y \u201cLas bellas almas de los verdugos\u201d, ambas por la TV P\u00fablica; la pel\u00edcula \u201cFragmentada\u201d, la obra teatral &#8220;Parque Lezama&#8221;, de Juan Jos\u00e9 Campanella; y como director \u201cEl zoo de cristal\u201d en el Teatro Picadero.<\/p>\n\n\n\n<p><\/p>\n","protected":false},"excerpt":{"rendered":"<p>En \u201cTodo mi cuerpo pertenece a la noche\u201d, tres actrices se sumergen en el universo po\u00e9tico de Patricia D\u00edaz Bialet. Sus cuerpos se vuelven texto y sus voces, territorio de resonancia. La palabra ya no es s\u00f3lo dicha, sino encarnada. Ellas la reescriben haci\u00e9ndola temblar en la piel, vibrar en el gesto, arder en la [&hellip;]<\/p>\n","protected":false},"author":3,"featured_media":24362,"comment_status":"open","ping_status":"closed","sticky":false,"template":"","format":"standard","meta":{"footnotes":""},"categories":[34,35],"tags":[],"class_list":{"0":"post-24358","1":"post","2":"type-post","3":"status-publish","4":"format-standard","5":"has-post-thumbnail","7":"category-arte","8":"category-teatro"},"yoast_head":"<!-- This site is optimized with the Yoast SEO plugin v27.5 - https:\/\/yoast.com\/product\/yoast-seo-wordpress\/ -->\n<title>&quot;TODO MI CUERPO PERTENECE A LA NOCHE&quot; - Sergio Lapegue<\/title>\n<meta name=\"robots\" content=\"index, follow, max-snippet:-1, max-image-preview:large, max-video-preview:-1\" \/>\n<link rel=\"canonical\" href=\"https:\/\/sergiolapegue.com\/site\/2025\/07\/28\/todo-mi-cuerpo-pertenece-a-la-noche\/\" \/>\n<meta property=\"og:locale\" content=\"es_ES\" \/>\n<meta property=\"og:type\" content=\"article\" \/>\n<meta property=\"og:title\" content=\"&quot;TODO MI CUERPO PERTENECE A LA NOCHE&quot; - Sergio Lapegue\" \/>\n<meta property=\"og:description\" content=\"En \u201cTodo mi cuerpo pertenece a la noche\u201d, tres actrices se sumergen en el universo po\u00e9tico de Patricia D\u00edaz Bialet. Sus cuerpos se vuelven texto y sus voces, territorio de resonancia. La palabra ya no es s\u00f3lo dicha, sino encarnada. Ellas la reescriben haci\u00e9ndola temblar en la piel, vibrar en el gesto, arder en la [&hellip;]\" \/>\n<meta property=\"og:url\" content=\"https:\/\/sergiolapegue.com\/site\/2025\/07\/28\/todo-mi-cuerpo-pertenece-a-la-noche\/\" \/>\n<meta property=\"og:site_name\" content=\"Sergio Lapegue\" \/>\n<meta property=\"article:publisher\" content=\"https:\/\/facebook.com\/sergiolapegue\" \/>\n<meta property=\"article:author\" content=\"https:\/\/facebook.com\/danielernesto.montana\" \/>\n<meta property=\"article:published_time\" content=\"2025-07-28T04:00:00+00:00\" \/>\n<meta property=\"og:image\" content=\"https:\/\/sergiolapegue.com\/site\/wp-content\/uploads\/2025\/07\/Todo-mi-cuerpo-pertenece-a-la-noche.jpg\" \/>\n\t<meta property=\"og:image:width\" content=\"1350\" \/>\n\t<meta property=\"og:image:height\" content=\"1687\" \/>\n\t<meta property=\"og:image:type\" content=\"image\/jpeg\" \/>\n<meta name=\"author\" content=\"Daniel E. Monta\u00f1a\" \/>\n<meta name=\"twitter:card\" content=\"summary_large_image\" \/>\n<meta name=\"twitter:creator\" content=\"@https:\/\/twitter.com\/daner_004\" \/>\n<meta name=\"twitter:site\" content=\"@sergiolapegue\" \/>\n<meta name=\"twitter:label1\" content=\"Escrito por\" \/>\n\t<meta name=\"twitter:data1\" content=\"Daniel E. Monta\u00f1a\" \/>\n\t<meta name=\"twitter:label2\" content=\"Tiempo de lectura\" \/>\n\t<meta name=\"twitter:data2\" content=\"4 minutos\" \/>\n<script type=\"application\/ld+json\" class=\"yoast-schema-graph\">{\"@context\":\"https:\\\/\\\/schema.org\",\"@graph\":[{\"@type\":\"Article\",\"@id\":\"https:\\\/\\\/sergiolapegue.com\\\/site\\\/2025\\\/07\\\/28\\\/todo-mi-cuerpo-pertenece-a-la-noche\\\/#article\",\"isPartOf\":{\"@id\":\"https:\\\/\\\/sergiolapegue.com\\\/site\\\/2025\\\/07\\\/28\\\/todo-mi-cuerpo-pertenece-a-la-noche\\\/\"},\"author\":{\"name\":\"Daniel E. Monta\u00f1a\",\"@id\":\"https:\\\/\\\/sergiolapegue.com\\\/site\\\/#\\\/schema\\\/person\\\/9198e7dbab43c6d74d0fd5399af7c3cd\"},\"headline\":\"&#8220;TODO MI CUERPO PERTENECE A LA NOCHE&#8221;\",\"datePublished\":\"2025-07-28T04:00:00+00:00\",\"mainEntityOfPage\":{\"@id\":\"https:\\\/\\\/sergiolapegue.com\\\/site\\\/2025\\\/07\\\/28\\\/todo-mi-cuerpo-pertenece-a-la-noche\\\/\"},\"wordCount\":723,\"commentCount\":0,\"publisher\":{\"@id\":\"https:\\\/\\\/sergiolapegue.com\\\/site\\\/#\\\/schema\\\/person\\\/083aeceeb0734cd166779ea6c0551a37\"},\"image\":{\"@id\":\"https:\\\/\\\/sergiolapegue.com\\\/site\\\/2025\\\/07\\\/28\\\/todo-mi-cuerpo-pertenece-a-la-noche\\\/#primaryimage\"},\"thumbnailUrl\":\"https:\\\/\\\/sergiolapegue.com\\\/site\\\/wp-content\\\/uploads\\\/2025\\\/07\\\/Todo-mi-cuerpo-pertenece-a-la-noche.jpg\",\"articleSection\":[\"Arte\",\"Teatro\"],\"inLanguage\":\"es-AR\",\"potentialAction\":[{\"@type\":\"CommentAction\",\"name\":\"Comment\",\"target\":[\"https:\\\/\\\/sergiolapegue.com\\\/site\\\/2025\\\/07\\\/28\\\/todo-mi-cuerpo-pertenece-a-la-noche\\\/#respond\"]}]},{\"@type\":\"WebPage\",\"@id\":\"https:\\\/\\\/sergiolapegue.com\\\/site\\\/2025\\\/07\\\/28\\\/todo-mi-cuerpo-pertenece-a-la-noche\\\/\",\"url\":\"https:\\\/\\\/sergiolapegue.com\\\/site\\\/2025\\\/07\\\/28\\\/todo-mi-cuerpo-pertenece-a-la-noche\\\/\",\"name\":\"\\\"TODO MI CUERPO PERTENECE A LA NOCHE\\\" - Sergio Lapegue\",\"isPartOf\":{\"@id\":\"https:\\\/\\\/sergiolapegue.com\\\/site\\\/#website\"},\"primaryImageOfPage\":{\"@id\":\"https:\\\/\\\/sergiolapegue.com\\\/site\\\/2025\\\/07\\\/28\\\/todo-mi-cuerpo-pertenece-a-la-noche\\\/#primaryimage\"},\"image\":{\"@id\":\"https:\\\/\\\/sergiolapegue.com\\\/site\\\/2025\\\/07\\\/28\\\/todo-mi-cuerpo-pertenece-a-la-noche\\\/#primaryimage\"},\"thumbnailUrl\":\"https:\\\/\\\/sergiolapegue.com\\\/site\\\/wp-content\\\/uploads\\\/2025\\\/07\\\/Todo-mi-cuerpo-pertenece-a-la-noche.jpg\",\"datePublished\":\"2025-07-28T04:00:00+00:00\",\"breadcrumb\":{\"@id\":\"https:\\\/\\\/sergiolapegue.com\\\/site\\\/2025\\\/07\\\/28\\\/todo-mi-cuerpo-pertenece-a-la-noche\\\/#breadcrumb\"},\"inLanguage\":\"es-AR\",\"potentialAction\":[{\"@type\":\"ReadAction\",\"target\":[\"https:\\\/\\\/sergiolapegue.com\\\/site\\\/2025\\\/07\\\/28\\\/todo-mi-cuerpo-pertenece-a-la-noche\\\/\"]}]},{\"@type\":\"ImageObject\",\"inLanguage\":\"es-AR\",\"@id\":\"https:\\\/\\\/sergiolapegue.com\\\/site\\\/2025\\\/07\\\/28\\\/todo-mi-cuerpo-pertenece-a-la-noche\\\/#primaryimage\",\"url\":\"https:\\\/\\\/sergiolapegue.com\\\/site\\\/wp-content\\\/uploads\\\/2025\\\/07\\\/Todo-mi-cuerpo-pertenece-a-la-noche.jpg\",\"contentUrl\":\"https:\\\/\\\/sergiolapegue.com\\\/site\\\/wp-content\\\/uploads\\\/2025\\\/07\\\/Todo-mi-cuerpo-pertenece-a-la-noche.jpg\",\"width\":1350,\"height\":1687},{\"@type\":\"BreadcrumbList\",\"@id\":\"https:\\\/\\\/sergiolapegue.com\\\/site\\\/2025\\\/07\\\/28\\\/todo-mi-cuerpo-pertenece-a-la-noche\\\/#breadcrumb\",\"itemListElement\":[{\"@type\":\"ListItem\",\"position\":1,\"name\":\"Inicio\",\"item\":\"https:\\\/\\\/sergiolapegue.com\\\/site\\\/\"},{\"@type\":\"ListItem\",\"position\":2,\"name\":\"&#8220;TODO MI CUERPO PERTENECE A LA NOCHE&#8221;\"}]},{\"@type\":\"WebSite\",\"@id\":\"https:\\\/\\\/sergiolapegue.com\\\/site\\\/#website\",\"url\":\"https:\\\/\\\/sergiolapegue.com\\\/site\\\/\",\"name\":\"Sergio Lapegue\",\"description\":\"Periodista\",\"publisher\":{\"@id\":\"https:\\\/\\\/sergiolapegue.com\\\/site\\\/#\\\/schema\\\/person\\\/083aeceeb0734cd166779ea6c0551a37\"},\"potentialAction\":[{\"@type\":\"SearchAction\",\"target\":{\"@type\":\"EntryPoint\",\"urlTemplate\":\"https:\\\/\\\/sergiolapegue.com\\\/site\\\/?s={search_term_string}\"},\"query-input\":{\"@type\":\"PropertyValueSpecification\",\"valueRequired\":true,\"valueName\":\"search_term_string\"}}],\"inLanguage\":\"es-AR\"},{\"@type\":[\"Person\",\"Organization\"],\"@id\":\"https:\\\/\\\/sergiolapegue.com\\\/site\\\/#\\\/schema\\\/person\\\/083aeceeb0734cd166779ea6c0551a37\",\"name\":\"Sergio Lapegue\",\"image\":{\"@type\":\"ImageObject\",\"inLanguage\":\"es-AR\",\"@id\":\"https:\\\/\\\/sergiolapegue.com\\\/site\\\/wp-content\\\/uploads\\\/2021\\\/04\\\/logo_header-1.png\",\"url\":\"https:\\\/\\\/sergiolapegue.com\\\/site\\\/wp-content\\\/uploads\\\/2021\\\/04\\\/logo_header-1.png\",\"contentUrl\":\"https:\\\/\\\/sergiolapegue.com\\\/site\\\/wp-content\\\/uploads\\\/2021\\\/04\\\/logo_header-1.png\",\"width\":272,\"height\":90,\"caption\":\"Sergio Lapegue\"},\"logo\":{\"@id\":\"https:\\\/\\\/sergiolapegue.com\\\/site\\\/wp-content\\\/uploads\\\/2021\\\/04\\\/logo_header-1.png\"},\"sameAs\":[\"https:\\\/\\\/facebook.com\\\/sergiolapegue\",\"https:\\\/\\\/instagram.com\\\/sergiolapegue\",\"https:\\\/\\\/x.com\\\/https:\\\/\\\/twitter.com\\\/sergiolapegue\"]},{\"@type\":\"Person\",\"@id\":\"https:\\\/\\\/sergiolapegue.com\\\/site\\\/#\\\/schema\\\/person\\\/9198e7dbab43c6d74d0fd5399af7c3cd\",\"name\":\"Daniel E. Monta\u00f1a\",\"image\":{\"@type\":\"ImageObject\",\"inLanguage\":\"es-AR\",\"@id\":\"https:\\\/\\\/sergiolapegue.com\\\/site\\\/wp-content\\\/uploads\\\/2021\\\/04\\\/sl_avatar_Daniel-150x150.jpg\",\"url\":\"https:\\\/\\\/sergiolapegue.com\\\/site\\\/wp-content\\\/uploads\\\/2021\\\/04\\\/sl_avatar_Daniel-150x150.jpg\",\"contentUrl\":\"https:\\\/\\\/sergiolapegue.com\\\/site\\\/wp-content\\\/uploads\\\/2021\\\/04\\\/sl_avatar_Daniel-150x150.jpg\",\"caption\":\"Daniel E. Monta\u00f1a\"},\"sameAs\":[\"https:\\\/\\\/facebook.com\\\/danielernesto.montana\",\"https:\\\/\\\/instagram.com\\\/daniel_montana1961\",\"https:\\\/\\\/x.com\\\/https:\\\/\\\/twitter.com\\\/daner_004\"],\"url\":\"https:\\\/\\\/sergiolapegue.com\\\/site\\\/author\\\/daniel\\\/\"}]}<\/script>\n<!-- \/ Yoast SEO plugin. -->","yoast_head_json":{"title":"\"TODO MI CUERPO PERTENECE A LA NOCHE\" - Sergio Lapegue","robots":{"index":"index","follow":"follow","max-snippet":"max-snippet:-1","max-image-preview":"max-image-preview:large","max-video-preview":"max-video-preview:-1"},"canonical":"https:\/\/sergiolapegue.com\/site\/2025\/07\/28\/todo-mi-cuerpo-pertenece-a-la-noche\/","og_locale":"es_ES","og_type":"article","og_title":"\"TODO MI CUERPO PERTENECE A LA NOCHE\" - Sergio Lapegue","og_description":"En \u201cTodo mi cuerpo pertenece a la noche\u201d, tres actrices se sumergen en el universo po\u00e9tico de Patricia D\u00edaz Bialet. Sus cuerpos se vuelven texto y sus voces, territorio de resonancia. La palabra ya no es s\u00f3lo dicha, sino encarnada. Ellas la reescriben haci\u00e9ndola temblar en la piel, vibrar en el gesto, arder en la [&hellip;]","og_url":"https:\/\/sergiolapegue.com\/site\/2025\/07\/28\/todo-mi-cuerpo-pertenece-a-la-noche\/","og_site_name":"Sergio Lapegue","article_publisher":"https:\/\/facebook.com\/sergiolapegue","article_author":"https:\/\/facebook.com\/danielernesto.montana","article_published_time":"2025-07-28T04:00:00+00:00","og_image":[{"width":1350,"height":1687,"url":"https:\/\/sergiolapegue.com\/site\/wp-content\/uploads\/2025\/07\/Todo-mi-cuerpo-pertenece-a-la-noche.jpg","type":"image\/jpeg"}],"author":"Daniel E. Monta\u00f1a","twitter_card":"summary_large_image","twitter_creator":"@https:\/\/twitter.com\/daner_004","twitter_site":"@sergiolapegue","twitter_misc":{"Escrito por":"Daniel E. Monta\u00f1a","Tiempo de lectura":"4 minutos"},"schema":{"@context":"https:\/\/schema.org","@graph":[{"@type":"Article","@id":"https:\/\/sergiolapegue.com\/site\/2025\/07\/28\/todo-mi-cuerpo-pertenece-a-la-noche\/#article","isPartOf":{"@id":"https:\/\/sergiolapegue.com\/site\/2025\/07\/28\/todo-mi-cuerpo-pertenece-a-la-noche\/"},"author":{"name":"Daniel E. Monta\u00f1a","@id":"https:\/\/sergiolapegue.com\/site\/#\/schema\/person\/9198e7dbab43c6d74d0fd5399af7c3cd"},"headline":"&#8220;TODO MI CUERPO PERTENECE A LA NOCHE&#8221;","datePublished":"2025-07-28T04:00:00+00:00","mainEntityOfPage":{"@id":"https:\/\/sergiolapegue.com\/site\/2025\/07\/28\/todo-mi-cuerpo-pertenece-a-la-noche\/"},"wordCount":723,"commentCount":0,"publisher":{"@id":"https:\/\/sergiolapegue.com\/site\/#\/schema\/person\/083aeceeb0734cd166779ea6c0551a37"},"image":{"@id":"https:\/\/sergiolapegue.com\/site\/2025\/07\/28\/todo-mi-cuerpo-pertenece-a-la-noche\/#primaryimage"},"thumbnailUrl":"https:\/\/sergiolapegue.com\/site\/wp-content\/uploads\/2025\/07\/Todo-mi-cuerpo-pertenece-a-la-noche.jpg","articleSection":["Arte","Teatro"],"inLanguage":"es-AR","potentialAction":[{"@type":"CommentAction","name":"Comment","target":["https:\/\/sergiolapegue.com\/site\/2025\/07\/28\/todo-mi-cuerpo-pertenece-a-la-noche\/#respond"]}]},{"@type":"WebPage","@id":"https:\/\/sergiolapegue.com\/site\/2025\/07\/28\/todo-mi-cuerpo-pertenece-a-la-noche\/","url":"https:\/\/sergiolapegue.com\/site\/2025\/07\/28\/todo-mi-cuerpo-pertenece-a-la-noche\/","name":"\"TODO MI CUERPO PERTENECE A LA NOCHE\" - Sergio Lapegue","isPartOf":{"@id":"https:\/\/sergiolapegue.com\/site\/#website"},"primaryImageOfPage":{"@id":"https:\/\/sergiolapegue.com\/site\/2025\/07\/28\/todo-mi-cuerpo-pertenece-a-la-noche\/#primaryimage"},"image":{"@id":"https:\/\/sergiolapegue.com\/site\/2025\/07\/28\/todo-mi-cuerpo-pertenece-a-la-noche\/#primaryimage"},"thumbnailUrl":"https:\/\/sergiolapegue.com\/site\/wp-content\/uploads\/2025\/07\/Todo-mi-cuerpo-pertenece-a-la-noche.jpg","datePublished":"2025-07-28T04:00:00+00:00","breadcrumb":{"@id":"https:\/\/sergiolapegue.com\/site\/2025\/07\/28\/todo-mi-cuerpo-pertenece-a-la-noche\/#breadcrumb"},"inLanguage":"es-AR","potentialAction":[{"@type":"ReadAction","target":["https:\/\/sergiolapegue.com\/site\/2025\/07\/28\/todo-mi-cuerpo-pertenece-a-la-noche\/"]}]},{"@type":"ImageObject","inLanguage":"es-AR","@id":"https:\/\/sergiolapegue.com\/site\/2025\/07\/28\/todo-mi-cuerpo-pertenece-a-la-noche\/#primaryimage","url":"https:\/\/sergiolapegue.com\/site\/wp-content\/uploads\/2025\/07\/Todo-mi-cuerpo-pertenece-a-la-noche.jpg","contentUrl":"https:\/\/sergiolapegue.com\/site\/wp-content\/uploads\/2025\/07\/Todo-mi-cuerpo-pertenece-a-la-noche.jpg","width":1350,"height":1687},{"@type":"BreadcrumbList","@id":"https:\/\/sergiolapegue.com\/site\/2025\/07\/28\/todo-mi-cuerpo-pertenece-a-la-noche\/#breadcrumb","itemListElement":[{"@type":"ListItem","position":1,"name":"Inicio","item":"https:\/\/sergiolapegue.com\/site\/"},{"@type":"ListItem","position":2,"name":"&#8220;TODO MI CUERPO PERTENECE A LA NOCHE&#8221;"}]},{"@type":"WebSite","@id":"https:\/\/sergiolapegue.com\/site\/#website","url":"https:\/\/sergiolapegue.com\/site\/","name":"Sergio Lapegue","description":"Periodista","publisher":{"@id":"https:\/\/sergiolapegue.com\/site\/#\/schema\/person\/083aeceeb0734cd166779ea6c0551a37"},"potentialAction":[{"@type":"SearchAction","target":{"@type":"EntryPoint","urlTemplate":"https:\/\/sergiolapegue.com\/site\/?s={search_term_string}"},"query-input":{"@type":"PropertyValueSpecification","valueRequired":true,"valueName":"search_term_string"}}],"inLanguage":"es-AR"},{"@type":["Person","Organization"],"@id":"https:\/\/sergiolapegue.com\/site\/#\/schema\/person\/083aeceeb0734cd166779ea6c0551a37","name":"Sergio Lapegue","image":{"@type":"ImageObject","inLanguage":"es-AR","@id":"https:\/\/sergiolapegue.com\/site\/wp-content\/uploads\/2021\/04\/logo_header-1.png","url":"https:\/\/sergiolapegue.com\/site\/wp-content\/uploads\/2021\/04\/logo_header-1.png","contentUrl":"https:\/\/sergiolapegue.com\/site\/wp-content\/uploads\/2021\/04\/logo_header-1.png","width":272,"height":90,"caption":"Sergio Lapegue"},"logo":{"@id":"https:\/\/sergiolapegue.com\/site\/wp-content\/uploads\/2021\/04\/logo_header-1.png"},"sameAs":["https:\/\/facebook.com\/sergiolapegue","https:\/\/instagram.com\/sergiolapegue","https:\/\/x.com\/https:\/\/twitter.com\/sergiolapegue"]},{"@type":"Person","@id":"https:\/\/sergiolapegue.com\/site\/#\/schema\/person\/9198e7dbab43c6d74d0fd5399af7c3cd","name":"Daniel E. Monta\u00f1a","image":{"@type":"ImageObject","inLanguage":"es-AR","@id":"https:\/\/sergiolapegue.com\/site\/wp-content\/uploads\/2021\/04\/sl_avatar_Daniel-150x150.jpg","url":"https:\/\/sergiolapegue.com\/site\/wp-content\/uploads\/2021\/04\/sl_avatar_Daniel-150x150.jpg","contentUrl":"https:\/\/sergiolapegue.com\/site\/wp-content\/uploads\/2021\/04\/sl_avatar_Daniel-150x150.jpg","caption":"Daniel E. Monta\u00f1a"},"sameAs":["https:\/\/facebook.com\/danielernesto.montana","https:\/\/instagram.com\/daniel_montana1961","https:\/\/x.com\/https:\/\/twitter.com\/daner_004"],"url":"https:\/\/sergiolapegue.com\/site\/author\/daniel\/"}]}},"_links":{"self":[{"href":"https:\/\/sergiolapegue.com\/site\/wp-json\/wp\/v2\/posts\/24358","targetHints":{"allow":["GET"]}}],"collection":[{"href":"https:\/\/sergiolapegue.com\/site\/wp-json\/wp\/v2\/posts"}],"about":[{"href":"https:\/\/sergiolapegue.com\/site\/wp-json\/wp\/v2\/types\/post"}],"author":[{"embeddable":true,"href":"https:\/\/sergiolapegue.com\/site\/wp-json\/wp\/v2\/users\/3"}],"replies":[{"embeddable":true,"href":"https:\/\/sergiolapegue.com\/site\/wp-json\/wp\/v2\/comments?post=24358"}],"version-history":[{"count":1,"href":"https:\/\/sergiolapegue.com\/site\/wp-json\/wp\/v2\/posts\/24358\/revisions"}],"predecessor-version":[{"id":24363,"href":"https:\/\/sergiolapegue.com\/site\/wp-json\/wp\/v2\/posts\/24358\/revisions\/24363"}],"wp:featuredmedia":[{"embeddable":true,"href":"https:\/\/sergiolapegue.com\/site\/wp-json\/wp\/v2\/media\/24362"}],"wp:attachment":[{"href":"https:\/\/sergiolapegue.com\/site\/wp-json\/wp\/v2\/media?parent=24358"}],"wp:term":[{"taxonomy":"category","embeddable":true,"href":"https:\/\/sergiolapegue.com\/site\/wp-json\/wp\/v2\/categories?post=24358"},{"taxonomy":"post_tag","embeddable":true,"href":"https:\/\/sergiolapegue.com\/site\/wp-json\/wp\/v2\/tags?post=24358"}],"curies":[{"name":"wp","href":"https:\/\/api.w.org\/{rel}","templated":true}]}}