{"id":24345,"date":"2025-07-26T01:00:00","date_gmt":"2025-07-26T04:00:00","guid":{"rendered":"https:\/\/sergiolapegue.com\/site\/?p=24345"},"modified":"2025-07-26T00:20:52","modified_gmt":"2025-07-26T03:20:52","slug":"lucy-en-el-cielo","status":"publish","type":"post","link":"https:\/\/sergiolapegue.com\/site\/2025\/07\/26\/lucy-en-el-cielo\/","title":{"rendered":"LUCY EN EL CIELO\u2026"},"content":{"rendered":"\n<p>En agosto llega el estreno de \u201cLUCY EN EL CIELO\u2026\u201d, escrita y dirigida por Gustavo Andr\u00e9s Rocco y las actuaciones de Lucas Foresi, Sergio R\u00edos, Merari Flores, Cristian Andreo y Rodrigo Carbone.<\/p>\n\n\n\n<p>Una comedia dram\u00e1tica que cruza misterio, m\u00fasica y drama con una trama muy original, inspirada en el universo simb\u00f3lico de Los Beatles, que parte de una premisa inquietante: \u00bfY si John Lennon dej\u00f3 un c\u00f3digo oculto en una canci\u00f3n?<\/p>\n\n\n\n<figure class=\"wp-block-image size-large\"><img loading=\"lazy\" decoding=\"async\" width=\"1024\" height=\"684\" src=\"https:\/\/sergiolapegue.com\/site\/wp-content\/uploads\/2025\/07\/Lucy-en-el-cielo.-1-1024x684.jpg\" alt=\"\" class=\"wp-image-24346\" srcset=\"https:\/\/sergiolapegue.com\/site\/wp-content\/uploads\/2025\/07\/Lucy-en-el-cielo.-1-1024x684.jpg 1024w, https:\/\/sergiolapegue.com\/site\/wp-content\/uploads\/2025\/07\/Lucy-en-el-cielo.-1-300x200.jpg 300w, https:\/\/sergiolapegue.com\/site\/wp-content\/uploads\/2025\/07\/Lucy-en-el-cielo.-1-768x513.jpg 768w, https:\/\/sergiolapegue.com\/site\/wp-content\/uploads\/2025\/07\/Lucy-en-el-cielo.-1-629x420.jpg 629w, https:\/\/sergiolapegue.com\/site\/wp-content\/uploads\/2025\/07\/Lucy-en-el-cielo.-1-696x465.jpg 696w, https:\/\/sergiolapegue.com\/site\/wp-content\/uploads\/2025\/07\/Lucy-en-el-cielo.-1-1068x713.jpg 1068w, https:\/\/sergiolapegue.com\/site\/wp-content\/uploads\/2025\/07\/Lucy-en-el-cielo.-1.jpg 1200w\" sizes=\"auto, (max-width: 1024px) 100vw, 1024px\" \/><\/figure>\n\n\n\n<p><strong>SINOPSIS<\/strong><\/p>\n\n\n\n<p>Un supuesto c\u00f3digo que Lennon dej\u00f3. La obsesi\u00f3n en la b\u00fasqueda de un mensaje oculto que se mece entre sombras perturbadoras y una trama que se desliza por la trocha que Los Beatles trazaron en generaciones.<\/p>\n\n\n\n<p>La obra propone una b\u00fasqueda emocional y filos\u00f3fica que atraviesa v\u00ednculos, obsesiones y el legado cultural que Los Beatles dejaron en generaciones enteras.<\/p>\n\n\n\n<figure class=\"wp-block-image size-full\"><img loading=\"lazy\" decoding=\"async\" width=\"1004\" height=\"765\" src=\"https:\/\/sergiolapegue.com\/site\/wp-content\/uploads\/2025\/07\/Lucy-en-el-cielo.-4.jpeg\" alt=\"\" class=\"wp-image-24347\" srcset=\"https:\/\/sergiolapegue.com\/site\/wp-content\/uploads\/2025\/07\/Lucy-en-el-cielo.-4.jpeg 1004w, https:\/\/sergiolapegue.com\/site\/wp-content\/uploads\/2025\/07\/Lucy-en-el-cielo.-4-300x229.jpeg 300w, https:\/\/sergiolapegue.com\/site\/wp-content\/uploads\/2025\/07\/Lucy-en-el-cielo.-4-768x585.jpeg 768w, https:\/\/sergiolapegue.com\/site\/wp-content\/uploads\/2025\/07\/Lucy-en-el-cielo.-4-551x420.jpeg 551w, https:\/\/sergiolapegue.com\/site\/wp-content\/uploads\/2025\/07\/Lucy-en-el-cielo.-4-80x60.jpeg 80w, https:\/\/sergiolapegue.com\/site\/wp-content\/uploads\/2025\/07\/Lucy-en-el-cielo.-4-696x530.jpeg 696w\" sizes=\"auto, (max-width: 1004px) 100vw, 1004px\" \/><\/figure>\n\n\n\n<p><strong>FICHA T\u00c9CNICO ART\u00cdSTICA<\/strong><\/p>\n\n\n\n<p><strong>Autor:<\/strong> Gustavo Andr\u00e9s Rocco<\/p>\n\n\n\n<p><strong>Act\u00faan:<\/strong> Lucas Foresi, Sergio R\u00edos, Merari Flores, Cristian Andreo y Rodrigo Carbone<\/p>\n\n\n\n<p><strong>Asistente de direcci\u00f3n:<\/strong> Tal\u00eda Baucer<\/p>\n\n\n\n<p><strong>Direcci\u00f3n:<\/strong> Gustavo Andr\u00e9s Rocco<\/p>\n\n\n\n<p><strong>Instagram:<\/strong> @lucyenelcielo.laobra <a><\/a><\/p>\n\n\n\n<p><strong>Redes sociales:<\/strong> Lucas Foresi \u2013 @lucasmartinezforesi \/ Merari Flores \u2013 @merarifloresok \/ Sergio R\u00edos \u2013 @sergio.riosok \/ Cristian Andreo \u2013 @cristiane.andreo \/ Rodrigo Carbone \u2013 @rodri.carbone \/ Gustavo Andr\u00e9s Rocco \u2013 @cantodelascabras \/ Tal\u00eda Baucer \u2013 @latalibau \/ Teatro Border \u2013 @teatroborder \/ @TEHAGOLAPRENSA&nbsp;<\/p>\n\n\n\n<p><strong>Clasificaci\u00f3n:<\/strong> Teatro \u2013 Presencial \u2013 Adultos &nbsp;<\/p>\n\n\n\n<figure class=\"wp-block-image size-large\"><img loading=\"lazy\" decoding=\"async\" width=\"684\" height=\"1024\" src=\"https:\/\/sergiolapegue.com\/site\/wp-content\/uploads\/2025\/07\/Lucy-en-el-cielo.-2-684x1024.jpg\" alt=\"\" class=\"wp-image-24348\" srcset=\"https:\/\/sergiolapegue.com\/site\/wp-content\/uploads\/2025\/07\/Lucy-en-el-cielo.-2-684x1024.jpg 684w, https:\/\/sergiolapegue.com\/site\/wp-content\/uploads\/2025\/07\/Lucy-en-el-cielo.-2-200x300.jpg 200w, https:\/\/sergiolapegue.com\/site\/wp-content\/uploads\/2025\/07\/Lucy-en-el-cielo.-2-768x1151.jpg 768w, https:\/\/sergiolapegue.com\/site\/wp-content\/uploads\/2025\/07\/Lucy-en-el-cielo.-2-280x420.jpg 280w, https:\/\/sergiolapegue.com\/site\/wp-content\/uploads\/2025\/07\/Lucy-en-el-cielo.-2-696x1043.jpg 696w, https:\/\/sergiolapegue.com\/site\/wp-content\/uploads\/2025\/07\/Lucy-en-el-cielo.-2.jpg 801w\" sizes=\"auto, (max-width: 684px) 100vw, 684px\" \/><\/figure>\n\n\n\n<p><strong>TEATRO BORDER<\/strong><\/p>\n\n\n\n<p>Godoy Cruz 1838 \u2013 Capital Federal \u2013 Buenos Aires \u2013 Argentina<\/p>\n\n\n\n<p>Tel\u00e9fono: 011 5236-6183<\/p>\n\n\n\n<p>Web: <a href=\"https:\/\/www.border.com.ar\">https:\/\/www.border.com.ar<\/a><\/p>\n\n\n\n<p>Entradas: $ 20.000 \u2013 en boleter\u00eda del teatro o a trav\u00e9s de su web<\/p>\n\n\n\n<p>Funciones: Martes 20:00 horas \u2013 Desde el 05\/08\/2025<\/p>\n\n\n\n<p>Gracias Andrea Feiguin de Tehagolaprensa por hacernos llegar la gacetilla de prensa del estreno de este espect\u00e1culo.<\/p>\n\n\n\n<p><strong>BIOGRAFIAS<\/strong><\/p>\n\n\n\n<p><strong>SOBRE GUSTAVO ANDR\u00c9S ROCCO<\/strong><\/p>\n\n\n\n<p>Gustavo Andr\u00e9s Rocco es ensayista, novelista, dramaturgo, director teatral y licenciado en Relaciones P\u00fablicas. Su trayectoria abarca m\u00e1s de tres d\u00e9cadas de exploraci\u00f3n art\u00edstica y filos\u00f3fica en distintos formatos, desde la narrativa literaria hasta la escena teatral y la escritura ensay\u00edstica, siempre con un enfoque que fusiona pensamiento cr\u00edtico, espiritualidad y sensibilidad contempor\u00e1nea.<\/p>\n\n\n\n<p>Como ensayista, ha abordado temas que conectan la cultura popular con tradiciones filos\u00f3ficas orientales y occidentales. Entre sus obras destacan Imagine. El legado de Lennon (Ed. Kier, 2015), una mirada profunda sobre la herencia simb\u00f3lica y \u00e9tica de John Lennon, y I Ching. Las mutaciones Zhou (Kier Espa\u00f1a, 2019), una traducci\u00f3n y versi\u00f3n comentada del cl\u00e1sico libro de los cambios, que lo posicion\u00f3 como un referente en la divulgaci\u00f3n de textos orientales. En 2020 public\u00f3 Ling Qi Jing. El libro del ajedrez espiritual (Grijalbo), donde fusiona el lenguaje del juego con ense\u00f1anzas de transformaci\u00f3n interior.<\/p>\n\n\n\n<p>Su camino como novelista comenz\u00f3 en los a\u00f1os noventa con El se\u00f1or de las catacumbas (1993) y Los hijos del dolmen (1996), dos t\u00edtulos que reflejan una narrativa inquieta, simb\u00f3lica y atravesada por preguntas existenciales y m\u00edticas.<\/p>\n\n\n\n<p>En teatro, Rocco ha consolidado una voz singular tanto en la escritura como en la direcci\u00f3n de sus propias obras. En los \u00faltimos a\u00f1os present\u00f3 Vistiendo sombras (2022, Teatro El Jufr\u00e9) y Lo llaman Viruta (2023, Teatro Border), obras donde lo po\u00e9tico y lo pol\u00edtico se entrelazan en tramas humanas intensas. Su estilo propone un di\u00e1logo entre lo \u00edntimo y lo colectivo, lo simb\u00f3lico y lo cotidiano, y se expresa con un lenguaje claro pero cargado de sentido.<\/p>\n\n\n\n<p>Tambi\u00e9n ha incursionado en cine, escribiendo el guion del cortometraje REP, dirigido por Melisa Armstrong, sumando as\u00ed otra dimensi\u00f3n a su recorrido creativo.<\/p>\n\n\n\n<p>Gustavo Andr\u00e9s Rocco es un creador que se destaca por una mirada l\u00facida, con sensibilidad filos\u00f3fica, compromiso con el arte y una b\u00fasqueda constante de nuevos lenguajes expresivos.<\/p>\n\n\n\n<p><strong>SOBRE LUCAS FORESI<\/strong><\/p>\n\n\n\n<p>Actor con una amplia trayectoria teatral, protagonizando obras como &#8216;Los invertidos&#8217;, &#8216;El hombre de la nariz rota&#8217;, y &#8216;La inocencia de las mariposas&#8217;. Ha trabajado en reconocidas salas como el Teatro Nacional Cervantes y sobre la calle Corrientes. Particip\u00f3 en obras con apoyo cultural como &#8216;Lis\u00edstrata&#8217;, &#8216;Vistiendo Sombras&#8217; y &#8216;Lo llaman Viruta&#8217;, obteniendo una nominaci\u00f3n al Premio Paoli. En cine particip\u00f3 en alrededor de 50 proyectos, incluyendo el largometraje &#8216;Estado Impuro&#8217; y la pel\u00edcula de terror &#8216;Recuerdos del mal&#8217;. En televisi\u00f3n, tuvo roles en series como &#8216;El amor despu\u00e9s del amor&#8217;, &#8216;Los protectores&#8217; y &#8216;Argentina tierra de amor y venganza&#8217;.<\/p>\n\n\n\n<p><strong>SOBRE MERARI FLORES<\/strong><\/p>\n\n\n\n<p>Actriz tucumana formada con maestros como V\u00edctor Hugo Cort\u00e9z, Nora Moseinco y Lito Cruz. Particip\u00f3 en la serie web &#8216;Dentro del c\u00edrculo&#8217; y en obras teatrales como &#8216;El destino bar&#8217;, &#8216;Todas ellas&#8217; y &#8216;Cu\u00e1nto vale una heladera&#8217; de Claudia Pi\u00f1eiro. Se destaca por su conciencia corporal y enfoque integral. Complementa su formaci\u00f3n con talleres de actuaci\u00f3n, interpretaci\u00f3n f\u00edsica y canto, entre otras habilidades.<\/p>\n\n\n\n<p><strong>CRISTIAN EMMANUEL ANDREO<\/strong><\/p>\n\n\n\n<p>Actor formado en escuelas como Timbre 4 y el Teatro de Merlo. Particip\u00f3 en obras como &#8216;El alma no come vidrio&#8217;, &#8216;Lo llaman Viruta&#8217;, &#8216;Hegem\u00f3nicos&#8217; y &#8216;Sin expensas&#8217;. Se caracteriza por su versatilidad actoral y compromiso art\u00edstico. Ha trabajado tambi\u00e9n en cortometrajes como &#8216;Desesperaci\u00f3n&#8217;, &#8216;Casa de Paz&#8217; y &#8216;La limpiadora&#8217;.<\/p>\n\n\n\n<p><strong>SOBRE SERGIO R\u00cdOS<\/strong><\/p>\n\n\n\n<p>Actor con una carrera que abarca teatro, cine, televisi\u00f3n y publicidad. Estudi\u00f3 actuaci\u00f3n con referentes como Carlos Gandolfo y en espacios como Timbre 4. En cine trabaj\u00f3 en pel\u00edculas como &#8216;Caballos Salvajes&#8217; y &#8216;Cenizas del Para\u00edso&#8217;. En teatro ha participado en m\u00e1s de tres d\u00e9cadas de obras, incluyendo giras nacionales y puestas como &#8216;Made in Lan\u00fas&#8217;, &#8216;El acompa\u00f1amiento&#8217; y &#8216;Lo llaman Viruta&#8217;. Recibi\u00f3 premios como Mejor Actor Protag\u00f3nico en cert\u00e1menes provinciales.<\/p>\n\n\n\n<p><strong>SOBRE TAL\u00cdA BAUCER BERTINI<\/strong><\/p>\n\n\n\n<p>Asistente de direcci\u00f3n con experiencia en producci\u00f3n musical y audiovisual en Lima y Buenos Aires. Fue locutora radial y organizadora de eventos, con formaci\u00f3n en comunicaci\u00f3n integral y actuaci\u00f3n en Timbre 4. Se destaca por su capacidad organizativa y su trabajo en equipos art\u00edsticos multidisciplinarios.<\/p>\n\n\n\n<p><\/p>\n","protected":false},"excerpt":{"rendered":"<p>En agosto llega el estreno de \u201cLUCY EN EL CIELO\u2026\u201d, escrita y dirigida por Gustavo Andr\u00e9s Rocco y las actuaciones de Lucas Foresi, Sergio R\u00edos, Merari Flores, Cristian Andreo y Rodrigo Carbone. Una comedia dram\u00e1tica que cruza misterio, m\u00fasica y drama con una trama muy original, inspirada en el universo simb\u00f3lico de Los Beatles, que [&hellip;]<\/p>\n","protected":false},"author":3,"featured_media":24349,"comment_status":"open","ping_status":"closed","sticky":false,"template":"","format":"standard","meta":{"footnotes":""},"categories":[34,35],"tags":[],"class_list":{"0":"post-24345","1":"post","2":"type-post","3":"status-publish","4":"format-standard","5":"has-post-thumbnail","7":"category-arte","8":"category-teatro"},"yoast_head":"<!-- This site is optimized with the Yoast SEO plugin v27.5 - https:\/\/yoast.com\/product\/yoast-seo-wordpress\/ -->\n<title>LUCY EN EL CIELO\u2026 - Sergio Lapegue<\/title>\n<meta name=\"robots\" content=\"index, follow, max-snippet:-1, max-image-preview:large, max-video-preview:-1\" \/>\n<link rel=\"canonical\" href=\"https:\/\/sergiolapegue.com\/site\/2025\/07\/26\/lucy-en-el-cielo\/\" \/>\n<meta property=\"og:locale\" content=\"es_ES\" \/>\n<meta property=\"og:type\" content=\"article\" \/>\n<meta property=\"og:title\" content=\"LUCY EN EL CIELO\u2026 - Sergio Lapegue\" \/>\n<meta property=\"og:description\" content=\"En agosto llega el estreno de \u201cLUCY EN EL CIELO\u2026\u201d, escrita y dirigida por Gustavo Andr\u00e9s Rocco y las actuaciones de Lucas Foresi, Sergio R\u00edos, Merari Flores, Cristian Andreo y Rodrigo Carbone. Una comedia dram\u00e1tica que cruza misterio, m\u00fasica y drama con una trama muy original, inspirada en el universo simb\u00f3lico de Los Beatles, que [&hellip;]\" \/>\n<meta property=\"og:url\" content=\"https:\/\/sergiolapegue.com\/site\/2025\/07\/26\/lucy-en-el-cielo\/\" \/>\n<meta property=\"og:site_name\" content=\"Sergio Lapegue\" \/>\n<meta property=\"article:publisher\" content=\"https:\/\/facebook.com\/sergiolapegue\" \/>\n<meta property=\"article:author\" content=\"https:\/\/facebook.com\/danielernesto.montana\" \/>\n<meta property=\"article:published_time\" content=\"2025-07-26T04:00:00+00:00\" \/>\n<meta property=\"og:image\" content=\"https:\/\/sergiolapegue.com\/site\/wp-content\/uploads\/2025\/07\/Lucy-en-el-cielo.jpeg\" \/>\n\t<meta property=\"og:image:width\" content=\"848\" \/>\n\t<meta property=\"og:image:height\" content=\"1115\" \/>\n\t<meta property=\"og:image:type\" content=\"image\/jpeg\" \/>\n<meta name=\"author\" content=\"Daniel E. Monta\u00f1a\" \/>\n<meta name=\"twitter:card\" content=\"summary_large_image\" \/>\n<meta name=\"twitter:creator\" content=\"@https:\/\/twitter.com\/daner_004\" \/>\n<meta name=\"twitter:site\" content=\"@sergiolapegue\" \/>\n<meta name=\"twitter:label1\" content=\"Escrito por\" \/>\n\t<meta name=\"twitter:data1\" content=\"Daniel E. Monta\u00f1a\" \/>\n\t<meta name=\"twitter:label2\" content=\"Tiempo de lectura\" \/>\n\t<meta name=\"twitter:data2\" content=\"6 minutos\" \/>\n<script type=\"application\/ld+json\" class=\"yoast-schema-graph\">{\"@context\":\"https:\\\/\\\/schema.org\",\"@graph\":[{\"@type\":\"Article\",\"@id\":\"https:\\\/\\\/sergiolapegue.com\\\/site\\\/2025\\\/07\\\/26\\\/lucy-en-el-cielo\\\/#article\",\"isPartOf\":{\"@id\":\"https:\\\/\\\/sergiolapegue.com\\\/site\\\/2025\\\/07\\\/26\\\/lucy-en-el-cielo\\\/\"},\"author\":{\"name\":\"Daniel E. Monta\u00f1a\",\"@id\":\"https:\\\/\\\/sergiolapegue.com\\\/site\\\/#\\\/schema\\\/person\\\/9198e7dbab43c6d74d0fd5399af7c3cd\"},\"headline\":\"LUCY EN EL CIELO\u2026\",\"datePublished\":\"2025-07-26T04:00:00+00:00\",\"mainEntityOfPage\":{\"@id\":\"https:\\\/\\\/sergiolapegue.com\\\/site\\\/2025\\\/07\\\/26\\\/lucy-en-el-cielo\\\/\"},\"wordCount\":1009,\"commentCount\":0,\"publisher\":{\"@id\":\"https:\\\/\\\/sergiolapegue.com\\\/site\\\/#\\\/schema\\\/person\\\/083aeceeb0734cd166779ea6c0551a37\"},\"image\":{\"@id\":\"https:\\\/\\\/sergiolapegue.com\\\/site\\\/2025\\\/07\\\/26\\\/lucy-en-el-cielo\\\/#primaryimage\"},\"thumbnailUrl\":\"https:\\\/\\\/sergiolapegue.com\\\/site\\\/wp-content\\\/uploads\\\/2025\\\/07\\\/Lucy-en-el-cielo.jpeg\",\"articleSection\":[\"Arte\",\"Teatro\"],\"inLanguage\":\"es-AR\",\"potentialAction\":[{\"@type\":\"CommentAction\",\"name\":\"Comment\",\"target\":[\"https:\\\/\\\/sergiolapegue.com\\\/site\\\/2025\\\/07\\\/26\\\/lucy-en-el-cielo\\\/#respond\"]}]},{\"@type\":\"WebPage\",\"@id\":\"https:\\\/\\\/sergiolapegue.com\\\/site\\\/2025\\\/07\\\/26\\\/lucy-en-el-cielo\\\/\",\"url\":\"https:\\\/\\\/sergiolapegue.com\\\/site\\\/2025\\\/07\\\/26\\\/lucy-en-el-cielo\\\/\",\"name\":\"LUCY EN EL CIELO\u2026 - Sergio Lapegue\",\"isPartOf\":{\"@id\":\"https:\\\/\\\/sergiolapegue.com\\\/site\\\/#website\"},\"primaryImageOfPage\":{\"@id\":\"https:\\\/\\\/sergiolapegue.com\\\/site\\\/2025\\\/07\\\/26\\\/lucy-en-el-cielo\\\/#primaryimage\"},\"image\":{\"@id\":\"https:\\\/\\\/sergiolapegue.com\\\/site\\\/2025\\\/07\\\/26\\\/lucy-en-el-cielo\\\/#primaryimage\"},\"thumbnailUrl\":\"https:\\\/\\\/sergiolapegue.com\\\/site\\\/wp-content\\\/uploads\\\/2025\\\/07\\\/Lucy-en-el-cielo.jpeg\",\"datePublished\":\"2025-07-26T04:00:00+00:00\",\"breadcrumb\":{\"@id\":\"https:\\\/\\\/sergiolapegue.com\\\/site\\\/2025\\\/07\\\/26\\\/lucy-en-el-cielo\\\/#breadcrumb\"},\"inLanguage\":\"es-AR\",\"potentialAction\":[{\"@type\":\"ReadAction\",\"target\":[\"https:\\\/\\\/sergiolapegue.com\\\/site\\\/2025\\\/07\\\/26\\\/lucy-en-el-cielo\\\/\"]}]},{\"@type\":\"ImageObject\",\"inLanguage\":\"es-AR\",\"@id\":\"https:\\\/\\\/sergiolapegue.com\\\/site\\\/2025\\\/07\\\/26\\\/lucy-en-el-cielo\\\/#primaryimage\",\"url\":\"https:\\\/\\\/sergiolapegue.com\\\/site\\\/wp-content\\\/uploads\\\/2025\\\/07\\\/Lucy-en-el-cielo.jpeg\",\"contentUrl\":\"https:\\\/\\\/sergiolapegue.com\\\/site\\\/wp-content\\\/uploads\\\/2025\\\/07\\\/Lucy-en-el-cielo.jpeg\",\"width\":848,\"height\":1115},{\"@type\":\"BreadcrumbList\",\"@id\":\"https:\\\/\\\/sergiolapegue.com\\\/site\\\/2025\\\/07\\\/26\\\/lucy-en-el-cielo\\\/#breadcrumb\",\"itemListElement\":[{\"@type\":\"ListItem\",\"position\":1,\"name\":\"Inicio\",\"item\":\"https:\\\/\\\/sergiolapegue.com\\\/site\\\/\"},{\"@type\":\"ListItem\",\"position\":2,\"name\":\"LUCY EN EL CIELO\u2026\"}]},{\"@type\":\"WebSite\",\"@id\":\"https:\\\/\\\/sergiolapegue.com\\\/site\\\/#website\",\"url\":\"https:\\\/\\\/sergiolapegue.com\\\/site\\\/\",\"name\":\"Sergio Lapegue\",\"description\":\"Periodista\",\"publisher\":{\"@id\":\"https:\\\/\\\/sergiolapegue.com\\\/site\\\/#\\\/schema\\\/person\\\/083aeceeb0734cd166779ea6c0551a37\"},\"potentialAction\":[{\"@type\":\"SearchAction\",\"target\":{\"@type\":\"EntryPoint\",\"urlTemplate\":\"https:\\\/\\\/sergiolapegue.com\\\/site\\\/?s={search_term_string}\"},\"query-input\":{\"@type\":\"PropertyValueSpecification\",\"valueRequired\":true,\"valueName\":\"search_term_string\"}}],\"inLanguage\":\"es-AR\"},{\"@type\":[\"Person\",\"Organization\"],\"@id\":\"https:\\\/\\\/sergiolapegue.com\\\/site\\\/#\\\/schema\\\/person\\\/083aeceeb0734cd166779ea6c0551a37\",\"name\":\"Sergio Lapegue\",\"image\":{\"@type\":\"ImageObject\",\"inLanguage\":\"es-AR\",\"@id\":\"https:\\\/\\\/sergiolapegue.com\\\/site\\\/wp-content\\\/uploads\\\/2021\\\/04\\\/logo_header-1.png\",\"url\":\"https:\\\/\\\/sergiolapegue.com\\\/site\\\/wp-content\\\/uploads\\\/2021\\\/04\\\/logo_header-1.png\",\"contentUrl\":\"https:\\\/\\\/sergiolapegue.com\\\/site\\\/wp-content\\\/uploads\\\/2021\\\/04\\\/logo_header-1.png\",\"width\":272,\"height\":90,\"caption\":\"Sergio Lapegue\"},\"logo\":{\"@id\":\"https:\\\/\\\/sergiolapegue.com\\\/site\\\/wp-content\\\/uploads\\\/2021\\\/04\\\/logo_header-1.png\"},\"sameAs\":[\"https:\\\/\\\/facebook.com\\\/sergiolapegue\",\"https:\\\/\\\/instagram.com\\\/sergiolapegue\",\"https:\\\/\\\/x.com\\\/https:\\\/\\\/twitter.com\\\/sergiolapegue\"]},{\"@type\":\"Person\",\"@id\":\"https:\\\/\\\/sergiolapegue.com\\\/site\\\/#\\\/schema\\\/person\\\/9198e7dbab43c6d74d0fd5399af7c3cd\",\"name\":\"Daniel E. Monta\u00f1a\",\"image\":{\"@type\":\"ImageObject\",\"inLanguage\":\"es-AR\",\"@id\":\"https:\\\/\\\/sergiolapegue.com\\\/site\\\/wp-content\\\/uploads\\\/2021\\\/04\\\/sl_avatar_Daniel-150x150.jpg\",\"url\":\"https:\\\/\\\/sergiolapegue.com\\\/site\\\/wp-content\\\/uploads\\\/2021\\\/04\\\/sl_avatar_Daniel-150x150.jpg\",\"contentUrl\":\"https:\\\/\\\/sergiolapegue.com\\\/site\\\/wp-content\\\/uploads\\\/2021\\\/04\\\/sl_avatar_Daniel-150x150.jpg\",\"caption\":\"Daniel E. Monta\u00f1a\"},\"sameAs\":[\"https:\\\/\\\/facebook.com\\\/danielernesto.montana\",\"https:\\\/\\\/instagram.com\\\/daniel_montana1961\",\"https:\\\/\\\/x.com\\\/https:\\\/\\\/twitter.com\\\/daner_004\"],\"url\":\"https:\\\/\\\/sergiolapegue.com\\\/site\\\/author\\\/daniel\\\/\"}]}<\/script>\n<!-- \/ Yoast SEO plugin. -->","yoast_head_json":{"title":"LUCY EN EL CIELO\u2026 - Sergio Lapegue","robots":{"index":"index","follow":"follow","max-snippet":"max-snippet:-1","max-image-preview":"max-image-preview:large","max-video-preview":"max-video-preview:-1"},"canonical":"https:\/\/sergiolapegue.com\/site\/2025\/07\/26\/lucy-en-el-cielo\/","og_locale":"es_ES","og_type":"article","og_title":"LUCY EN EL CIELO\u2026 - Sergio Lapegue","og_description":"En agosto llega el estreno de \u201cLUCY EN EL CIELO\u2026\u201d, escrita y dirigida por Gustavo Andr\u00e9s Rocco y las actuaciones de Lucas Foresi, Sergio R\u00edos, Merari Flores, Cristian Andreo y Rodrigo Carbone. Una comedia dram\u00e1tica que cruza misterio, m\u00fasica y drama con una trama muy original, inspirada en el universo simb\u00f3lico de Los Beatles, que [&hellip;]","og_url":"https:\/\/sergiolapegue.com\/site\/2025\/07\/26\/lucy-en-el-cielo\/","og_site_name":"Sergio Lapegue","article_publisher":"https:\/\/facebook.com\/sergiolapegue","article_author":"https:\/\/facebook.com\/danielernesto.montana","article_published_time":"2025-07-26T04:00:00+00:00","og_image":[{"width":848,"height":1115,"url":"https:\/\/sergiolapegue.com\/site\/wp-content\/uploads\/2025\/07\/Lucy-en-el-cielo.jpeg","type":"image\/jpeg"}],"author":"Daniel E. Monta\u00f1a","twitter_card":"summary_large_image","twitter_creator":"@https:\/\/twitter.com\/daner_004","twitter_site":"@sergiolapegue","twitter_misc":{"Escrito por":"Daniel E. Monta\u00f1a","Tiempo de lectura":"6 minutos"},"schema":{"@context":"https:\/\/schema.org","@graph":[{"@type":"Article","@id":"https:\/\/sergiolapegue.com\/site\/2025\/07\/26\/lucy-en-el-cielo\/#article","isPartOf":{"@id":"https:\/\/sergiolapegue.com\/site\/2025\/07\/26\/lucy-en-el-cielo\/"},"author":{"name":"Daniel E. Monta\u00f1a","@id":"https:\/\/sergiolapegue.com\/site\/#\/schema\/person\/9198e7dbab43c6d74d0fd5399af7c3cd"},"headline":"LUCY EN EL CIELO\u2026","datePublished":"2025-07-26T04:00:00+00:00","mainEntityOfPage":{"@id":"https:\/\/sergiolapegue.com\/site\/2025\/07\/26\/lucy-en-el-cielo\/"},"wordCount":1009,"commentCount":0,"publisher":{"@id":"https:\/\/sergiolapegue.com\/site\/#\/schema\/person\/083aeceeb0734cd166779ea6c0551a37"},"image":{"@id":"https:\/\/sergiolapegue.com\/site\/2025\/07\/26\/lucy-en-el-cielo\/#primaryimage"},"thumbnailUrl":"https:\/\/sergiolapegue.com\/site\/wp-content\/uploads\/2025\/07\/Lucy-en-el-cielo.jpeg","articleSection":["Arte","Teatro"],"inLanguage":"es-AR","potentialAction":[{"@type":"CommentAction","name":"Comment","target":["https:\/\/sergiolapegue.com\/site\/2025\/07\/26\/lucy-en-el-cielo\/#respond"]}]},{"@type":"WebPage","@id":"https:\/\/sergiolapegue.com\/site\/2025\/07\/26\/lucy-en-el-cielo\/","url":"https:\/\/sergiolapegue.com\/site\/2025\/07\/26\/lucy-en-el-cielo\/","name":"LUCY EN EL CIELO\u2026 - Sergio Lapegue","isPartOf":{"@id":"https:\/\/sergiolapegue.com\/site\/#website"},"primaryImageOfPage":{"@id":"https:\/\/sergiolapegue.com\/site\/2025\/07\/26\/lucy-en-el-cielo\/#primaryimage"},"image":{"@id":"https:\/\/sergiolapegue.com\/site\/2025\/07\/26\/lucy-en-el-cielo\/#primaryimage"},"thumbnailUrl":"https:\/\/sergiolapegue.com\/site\/wp-content\/uploads\/2025\/07\/Lucy-en-el-cielo.jpeg","datePublished":"2025-07-26T04:00:00+00:00","breadcrumb":{"@id":"https:\/\/sergiolapegue.com\/site\/2025\/07\/26\/lucy-en-el-cielo\/#breadcrumb"},"inLanguage":"es-AR","potentialAction":[{"@type":"ReadAction","target":["https:\/\/sergiolapegue.com\/site\/2025\/07\/26\/lucy-en-el-cielo\/"]}]},{"@type":"ImageObject","inLanguage":"es-AR","@id":"https:\/\/sergiolapegue.com\/site\/2025\/07\/26\/lucy-en-el-cielo\/#primaryimage","url":"https:\/\/sergiolapegue.com\/site\/wp-content\/uploads\/2025\/07\/Lucy-en-el-cielo.jpeg","contentUrl":"https:\/\/sergiolapegue.com\/site\/wp-content\/uploads\/2025\/07\/Lucy-en-el-cielo.jpeg","width":848,"height":1115},{"@type":"BreadcrumbList","@id":"https:\/\/sergiolapegue.com\/site\/2025\/07\/26\/lucy-en-el-cielo\/#breadcrumb","itemListElement":[{"@type":"ListItem","position":1,"name":"Inicio","item":"https:\/\/sergiolapegue.com\/site\/"},{"@type":"ListItem","position":2,"name":"LUCY EN EL CIELO\u2026"}]},{"@type":"WebSite","@id":"https:\/\/sergiolapegue.com\/site\/#website","url":"https:\/\/sergiolapegue.com\/site\/","name":"Sergio Lapegue","description":"Periodista","publisher":{"@id":"https:\/\/sergiolapegue.com\/site\/#\/schema\/person\/083aeceeb0734cd166779ea6c0551a37"},"potentialAction":[{"@type":"SearchAction","target":{"@type":"EntryPoint","urlTemplate":"https:\/\/sergiolapegue.com\/site\/?s={search_term_string}"},"query-input":{"@type":"PropertyValueSpecification","valueRequired":true,"valueName":"search_term_string"}}],"inLanguage":"es-AR"},{"@type":["Person","Organization"],"@id":"https:\/\/sergiolapegue.com\/site\/#\/schema\/person\/083aeceeb0734cd166779ea6c0551a37","name":"Sergio Lapegue","image":{"@type":"ImageObject","inLanguage":"es-AR","@id":"https:\/\/sergiolapegue.com\/site\/wp-content\/uploads\/2021\/04\/logo_header-1.png","url":"https:\/\/sergiolapegue.com\/site\/wp-content\/uploads\/2021\/04\/logo_header-1.png","contentUrl":"https:\/\/sergiolapegue.com\/site\/wp-content\/uploads\/2021\/04\/logo_header-1.png","width":272,"height":90,"caption":"Sergio Lapegue"},"logo":{"@id":"https:\/\/sergiolapegue.com\/site\/wp-content\/uploads\/2021\/04\/logo_header-1.png"},"sameAs":["https:\/\/facebook.com\/sergiolapegue","https:\/\/instagram.com\/sergiolapegue","https:\/\/x.com\/https:\/\/twitter.com\/sergiolapegue"]},{"@type":"Person","@id":"https:\/\/sergiolapegue.com\/site\/#\/schema\/person\/9198e7dbab43c6d74d0fd5399af7c3cd","name":"Daniel E. Monta\u00f1a","image":{"@type":"ImageObject","inLanguage":"es-AR","@id":"https:\/\/sergiolapegue.com\/site\/wp-content\/uploads\/2021\/04\/sl_avatar_Daniel-150x150.jpg","url":"https:\/\/sergiolapegue.com\/site\/wp-content\/uploads\/2021\/04\/sl_avatar_Daniel-150x150.jpg","contentUrl":"https:\/\/sergiolapegue.com\/site\/wp-content\/uploads\/2021\/04\/sl_avatar_Daniel-150x150.jpg","caption":"Daniel E. Monta\u00f1a"},"sameAs":["https:\/\/facebook.com\/danielernesto.montana","https:\/\/instagram.com\/daniel_montana1961","https:\/\/x.com\/https:\/\/twitter.com\/daner_004"],"url":"https:\/\/sergiolapegue.com\/site\/author\/daniel\/"}]}},"_links":{"self":[{"href":"https:\/\/sergiolapegue.com\/site\/wp-json\/wp\/v2\/posts\/24345","targetHints":{"allow":["GET"]}}],"collection":[{"href":"https:\/\/sergiolapegue.com\/site\/wp-json\/wp\/v2\/posts"}],"about":[{"href":"https:\/\/sergiolapegue.com\/site\/wp-json\/wp\/v2\/types\/post"}],"author":[{"embeddable":true,"href":"https:\/\/sergiolapegue.com\/site\/wp-json\/wp\/v2\/users\/3"}],"replies":[{"embeddable":true,"href":"https:\/\/sergiolapegue.com\/site\/wp-json\/wp\/v2\/comments?post=24345"}],"version-history":[{"count":1,"href":"https:\/\/sergiolapegue.com\/site\/wp-json\/wp\/v2\/posts\/24345\/revisions"}],"predecessor-version":[{"id":24350,"href":"https:\/\/sergiolapegue.com\/site\/wp-json\/wp\/v2\/posts\/24345\/revisions\/24350"}],"wp:featuredmedia":[{"embeddable":true,"href":"https:\/\/sergiolapegue.com\/site\/wp-json\/wp\/v2\/media\/24349"}],"wp:attachment":[{"href":"https:\/\/sergiolapegue.com\/site\/wp-json\/wp\/v2\/media?parent=24345"}],"wp:term":[{"taxonomy":"category","embeddable":true,"href":"https:\/\/sergiolapegue.com\/site\/wp-json\/wp\/v2\/categories?post=24345"},{"taxonomy":"post_tag","embeddable":true,"href":"https:\/\/sergiolapegue.com\/site\/wp-json\/wp\/v2\/tags?post=24345"}],"curies":[{"name":"wp","href":"https:\/\/api.w.org\/{rel}","templated":true}]}}