{"id":24208,"date":"2025-11-12T09:00:00","date_gmt":"2025-11-12T12:00:00","guid":{"rendered":"https:\/\/sergiolapegue.com\/site\/?p=24208"},"modified":"2025-11-11T03:18:24","modified_gmt":"2025-11-11T06:18:24","slug":"una-sombra-voraz-la-nueva-obra-de-mariano-pensotti-grupo-marea","status":"publish","type":"post","link":"https:\/\/sergiolapegue.com\/site\/2025\/11\/12\/una-sombra-voraz-la-nueva-obra-de-mariano-pensotti-grupo-marea\/","title":{"rendered":"\u201cUNA SOMBRA VORAZ\u201d LA NUEVA OBRA DE MARIANO PENSOTTI \/ GRUPO MAREA"},"content":{"rendered":"\n<p>El s\u00e1bado 2 de agosto a las 20:00 horas, en Dumont 4040, se estrena&nbsp;\u201cUna sombra voraz\u201d<em>,<\/em>&nbsp;de&nbsp;Mariano Pensotti \/ Grupo Marea, con las actuaciones de&nbsp;Diego Vel\u00e1zquez&nbsp;y&nbsp;Patricio Aramburu.<\/p>\n\n\n\n<p>La obra tuvo su estreno mundial (en versi\u00f3n francesa) en el prestigioso Festival de Avignon en 2024 y luego en 2025, se estren\u00f3 la versi\u00f3n austriaca en el Festival de Viena.<\/p>\n\n\n\n<p>Esta es la primera obra de&nbsp;Mariano Pensotti \/ Grupo Marea&nbsp;en estrenarse en la Argentina luego del \u00e9xito de&nbsp;Los a\u00f1os&nbsp;en la sala Mart\u00edn Coronado y marca el regreso del grupo, despu\u00e9s de casi veinte a\u00f1os, a una sala independiente. Tambi\u00e9n se cumplen 20 a\u00f1os del estreno de la obra \u201cLa Marea\u201d (2005).<\/p>\n\n\n\n<figure class=\"wp-block-image size-large\"><img loading=\"lazy\" decoding=\"async\" width=\"1024\" height=\"683\" src=\"https:\/\/sergiolapegue.com\/site\/wp-content\/uploads\/2025\/07\/Una-sombra-voraz-1-1024x683.jpg\" alt=\"\" class=\"wp-image-24209\" srcset=\"https:\/\/sergiolapegue.com\/site\/wp-content\/uploads\/2025\/07\/Una-sombra-voraz-1-1024x683.jpg 1024w, https:\/\/sergiolapegue.com\/site\/wp-content\/uploads\/2025\/07\/Una-sombra-voraz-1-300x200.jpg 300w, https:\/\/sergiolapegue.com\/site\/wp-content\/uploads\/2025\/07\/Una-sombra-voraz-1-768x512.jpg 768w, https:\/\/sergiolapegue.com\/site\/wp-content\/uploads\/2025\/07\/Una-sombra-voraz-1-630x420.jpg 630w, https:\/\/sergiolapegue.com\/site\/wp-content\/uploads\/2025\/07\/Una-sombra-voraz-1-696x464.jpg 696w, https:\/\/sergiolapegue.com\/site\/wp-content\/uploads\/2025\/07\/Una-sombra-voraz-1-1068x712.jpg 1068w, https:\/\/sergiolapegue.com\/site\/wp-content\/uploads\/2025\/07\/Una-sombra-voraz-1.jpg 1200w\" sizes=\"auto, (max-width: 1024px) 100vw, 1024px\" \/><\/figure>\n\n\n\n<p><strong>SINOPSIS<\/strong><br>Juli\u00e1n Vidal es un escalador, hijo de un famoso alpinista que desapareci\u00f3 intentando llegar a la cumbre del Annapurna en 1989, cuando \u00e9l era peque\u00f1o. En 2017, con 40 a\u00f1os y antes de retirarse, Juli\u00e1n quiere intentar completar la escalada en la que muri\u00f3 su padre. Pero al hacerlo algo absolutamente inesperado le sucede y vuelve famosa su historia.<\/p>\n\n\n\n<p>En el 2021 se filma una pel\u00edcula sobre lo que le pas\u00f3 a Juli\u00e1n Vidal. Para interpretarlo convocan a Manuel Rojas, un actor cuya carrera viene un poco estancada en los \u00faltimos a\u00f1os. Realizar la pel\u00edcula cambiar\u00e1 su vida y har\u00e1 que descubra que su biograf\u00eda tiene m\u00e1s de un punto en com\u00fan con la historia de Vidal.<\/p>\n\n\n\n<p>Durante la obra, vemos en escena juntos por primera vez a Juli\u00e1n Vidal y Manuel Rojas. Cada uno representa su versi\u00f3n de la experiencia.<\/p>\n\n\n\n<p>Ambas historias se van narrando de manera intercalada, evidenciando los paralelismos y diferencias entre la realidad y la representaci\u00f3n ficcional de los hechos.<\/p>\n\n\n\n<figure class=\"wp-block-image size-large\"><img loading=\"lazy\" decoding=\"async\" width=\"1024\" height=\"683\" src=\"https:\/\/sergiolapegue.com\/site\/wp-content\/uploads\/2025\/07\/Una-sombra-voraz-4-1024x683.jpg\" alt=\"\" class=\"wp-image-24210\" srcset=\"https:\/\/sergiolapegue.com\/site\/wp-content\/uploads\/2025\/07\/Una-sombra-voraz-4-1024x683.jpg 1024w, https:\/\/sergiolapegue.com\/site\/wp-content\/uploads\/2025\/07\/Una-sombra-voraz-4-300x200.jpg 300w, https:\/\/sergiolapegue.com\/site\/wp-content\/uploads\/2025\/07\/Una-sombra-voraz-4-768x512.jpg 768w, https:\/\/sergiolapegue.com\/site\/wp-content\/uploads\/2025\/07\/Una-sombra-voraz-4-630x420.jpg 630w, https:\/\/sergiolapegue.com\/site\/wp-content\/uploads\/2025\/07\/Una-sombra-voraz-4-696x464.jpg 696w, https:\/\/sergiolapegue.com\/site\/wp-content\/uploads\/2025\/07\/Una-sombra-voraz-4-1068x712.jpg 1068w, https:\/\/sergiolapegue.com\/site\/wp-content\/uploads\/2025\/07\/Una-sombra-voraz-4.jpg 1200w\" sizes=\"auto, (max-width: 1024px) 100vw, 1024px\" \/><\/figure>\n\n\n\n<p><strong>ACERCA DE LA OBRA<\/strong><\/p>\n\n\n\n<p>En tiempos recientes me encontr\u00e9 a m\u00ed mismo obsesionado por las noticias, cada vez m\u00e1s frecuentes, de escaladores desaparecidos hace d\u00e9cadas cuyos cuerpos est\u00e1n apareciendo en monta\u00f1as alrededor del mundo a causa del derretimiento del hielo que produce el cambio clim\u00e1tico.<\/p>\n\n\n\n<p>Como si la naturaleza, violentada al extremo, nos estuviera devolviendo los muertos que durante tanto tiempo ocult\u00f3.<\/p>\n\n\n\n<p>En los \u00faltimos cinco a\u00f1os, en lugares tan dis\u00edmiles como Suiza, el Himalaya, Canad\u00e1 y Argentina cuerpos congelados en el tiempo se hicieron visibles al ritmo de la desaparici\u00f3n de la nieve y los glaciares.<\/p>\n\n\n\n<p>Escalar una monta\u00f1a siempre fue mucho m\u00e1s que un caprichoso esfuerzo f\u00edsico de trepar rocas.<\/p>\n\n\n\n<p>Siempre fue una met\u00e1fora de otra cosa: un cambio de punto de vista, un observar m\u00e1s all\u00e1, una ascensi\u00f3n hacia el cielo, un v\u00ednculo diferente con el costado desafiante de la naturaleza.<\/p>\n\n\n\n<p>Inevitablemente, en tiempos recientes, el capitalismo ha hecho de las escaladas algo muy distinto y tambi\u00e9n altamente metaf\u00f3rico: un turismo depredador y competitivo lleno de sponsors, donde es frecuente dejar morir a los d\u00e9biles por el camino en pos de llegar a la cima.<\/p>\n\n\n\n<p>Petrarca est\u00e1 considerado el padre del alpinismo. Su libro \u201cAscensi\u00f3n al Mont Ventoux\u201d narra su escalada a dicho monte en 1336. Es un libro fascinante por m\u00faltiples razones, pero especialmente relevante para nuestra obra por un motivo: si bien Petrarca presenta su expedici\u00f3n como absolutamente real est\u00e1 casi probado que fue ficcional, no sucedi\u00f3 m\u00e1s all\u00e1 de la imaginaci\u00f3n del escritor italiano.<\/p>\n\n\n\n<p>Y algo m\u00e1s, \u00e9l mismo escribe que subi\u00f3 la monta\u00f1a como una persona y baj\u00f3 convertida en otra. Suele decirse que Petrarca subi\u00f3 el monte como un hombre medieval y baj\u00f3 como un renacentista. El futuro impulsor de un humanismo que, aunque justamente cuestionado en muchos aspectos, no parecer\u00eda una mala idea recuperar para el oscuro mundo contempor\u00e1neo.<\/p>\n\n\n\n<p>Una sombra voraz es tambi\u00e9n una historia de padres e hijos. Padres desaparecidos cuyos hijos mitifican y padres presentes cuyos hijos desprecian. As\u00ed como el cambio clim\u00e1tico est\u00e1 derritiendo los hielos del mundo, el tiempo parece deshacer los mitos que las familias forjan a su alrededor.<\/p>\n\n\n\n<p>En Una sombra voraz vemos en escena a s\u00f3lo dos personas: alguien real a quien le ha sucedido algo extraordinario y un actor que interpret\u00f3 a esa persona y su historia en una pel\u00edcula. Ambos nos cuentan y representan sus vivencias, por momentos interactuando entre ellos, generando un intercambio entre el original y su reflejo.<\/p>\n\n\n\n<p>Siempre me fascinaron las pel\u00edculas que retratan historias de personas a\u00fan vivas. \u00bfQu\u00e9 sucede con esas personas al ver su retrato ficcional? \u00bfQu\u00e9 les ocurre a los actores que interpretan a alguien real? \u00bfEn qu\u00e9 medida ambas vidas se modifican? Pensar en c\u00f3mo la ficci\u00f3n transforma la realidad es tambi\u00e9n una manera de reflexionar sobre c\u00f3mo se cuenta una vida, c\u00f3mo nos narramos a nosotros mismos.<\/p>\n\n\n\n<p>Una sombra voraz es, justamente, un proyecto que investiga el formato de \u201chistoria documental ficcional\u201d, algo que es presentado a la audiencia como real pero cuyo componente de ficci\u00f3n es casi total. <strong>\u2013 Mariano Pensotti<\/strong><\/p>\n\n\n\n<figure class=\"wp-block-image size-large is-resized\"><img loading=\"lazy\" decoding=\"async\" width=\"683\" height=\"1024\" src=\"https:\/\/sergiolapegue.com\/site\/wp-content\/uploads\/2025\/07\/Una-sombra-voraz-2-683x1024.jpg\" alt=\"\" class=\"wp-image-24211\" style=\"width:696px;height:auto\" srcset=\"https:\/\/sergiolapegue.com\/site\/wp-content\/uploads\/2025\/07\/Una-sombra-voraz-2-683x1024.jpg 683w, https:\/\/sergiolapegue.com\/site\/wp-content\/uploads\/2025\/07\/Una-sombra-voraz-2-200x300.jpg 200w, https:\/\/sergiolapegue.com\/site\/wp-content\/uploads\/2025\/07\/Una-sombra-voraz-2-768x1152.jpg 768w, https:\/\/sergiolapegue.com\/site\/wp-content\/uploads\/2025\/07\/Una-sombra-voraz-2-280x420.jpg 280w, https:\/\/sergiolapegue.com\/site\/wp-content\/uploads\/2025\/07\/Una-sombra-voraz-2-696x1044.jpg 696w, https:\/\/sergiolapegue.com\/site\/wp-content\/uploads\/2025\/07\/Una-sombra-voraz-2.jpg 800w\" sizes=\"auto, (max-width: 683px) 100vw, 683px\" \/><\/figure>\n\n\n\n<p><strong>FICHA T\u00c9CNICO ART\u00cdSTICA<\/strong><\/p>\n\n\n\n<p><strong>Texto:<\/strong> Mariano Pensotti<\/p>\n\n\n\n<p><strong>Elenco:<\/strong>&nbsp;Diego Vel\u00e1zquez, Patricio Aramburu<\/p>\n\n\n\n<p><strong>M\u00fasica:<\/strong>&nbsp;Diego Vainer&nbsp;&nbsp;&nbsp;&nbsp;&nbsp;<\/p>\n\n\n\n<p><strong>Escenograf\u00eda:<\/strong>&nbsp;Mariana Tirantte<\/p>\n\n\n\n<p><strong>Vestuario:<\/strong>&nbsp;Mariana Tirantte&nbsp;<\/p>\n\n\n\n<p><strong>Luces:<\/strong>&nbsp;David Seldes<\/p>\n\n\n\n<p><strong>Colaboraci\u00f3n art\u00edstica:<\/strong>&nbsp;Florencia Wasser<\/p>\n\n\n\n<p><strong>Dramaturgista:<\/strong>&nbsp;Aljoscha Begrich<\/p>\n\n\n\n<p><strong>Fotos:<\/strong>&nbsp;Sebasti\u00e1n Arpesella<\/p>\n\n\n\n<p><strong>Prensa:<\/strong>&nbsp;Marisol Cambre<\/p>\n\n\n\n<p><strong>Asistencia de direcci\u00f3n:<\/strong>&nbsp;Juan Francisco Reato&nbsp;&nbsp;&nbsp;<\/p>\n\n\n\n<p><strong>Colaboraci\u00f3n en Producci\u00f3n:<\/strong>&nbsp;Zoilo Garc\u00e9s<\/p>\n\n\n\n<p><strong>Producci\u00f3n:<\/strong>&nbsp;Florencia Wasser<\/p>\n\n\n\n<p><strong>Direcci\u00f3n:<\/strong> Mariano Pensotti<\/p>\n\n\n\n<p><strong>Instagram:<\/strong> @pensotti_grupomarea<\/p>\n\n\n\n<p><strong>Duraci\u00f3n:<\/strong> 90 minutos<\/p>\n\n\n\n<p><strong>Clasificaci\u00f3n:<\/strong> Teatro \u2013 Presencial \u2013 Adultos<\/p>\n\n\n\n<figure class=\"wp-block-image size-large\"><img loading=\"lazy\" decoding=\"async\" width=\"1024\" height=\"683\" src=\"https:\/\/sergiolapegue.com\/site\/wp-content\/uploads\/2025\/07\/Una-sombra-voraz-5-1024x683.jpg\" alt=\"\" class=\"wp-image-24212\" srcset=\"https:\/\/sergiolapegue.com\/site\/wp-content\/uploads\/2025\/07\/Una-sombra-voraz-5-1024x683.jpg 1024w, https:\/\/sergiolapegue.com\/site\/wp-content\/uploads\/2025\/07\/Una-sombra-voraz-5-300x200.jpg 300w, https:\/\/sergiolapegue.com\/site\/wp-content\/uploads\/2025\/07\/Una-sombra-voraz-5-768x512.jpg 768w, https:\/\/sergiolapegue.com\/site\/wp-content\/uploads\/2025\/07\/Una-sombra-voraz-5-630x420.jpg 630w, https:\/\/sergiolapegue.com\/site\/wp-content\/uploads\/2025\/07\/Una-sombra-voraz-5-696x464.jpg 696w, https:\/\/sergiolapegue.com\/site\/wp-content\/uploads\/2025\/07\/Una-sombra-voraz-5-1068x712.jpg 1068w, https:\/\/sergiolapegue.com\/site\/wp-content\/uploads\/2025\/07\/Una-sombra-voraz-5.jpg 1200w\" sizes=\"auto, (max-width: 1024px) 100vw, 1024px\" \/><\/figure>\n\n\n\n<p><strong>DUMONT 4040<\/strong><\/p>\n\n\n\n<p>Santos Dumont 4040 \u2013 Capital Federal \u2013 Buenos Aires \u2013 Argentina<\/p>\n\n\n\n<p>Web: <a href=\"http:\/\/instagram.com\/dumont4040\">http:\/\/instagram.com\/dumont4040<\/a><\/p>\n\n\n\n<p>Entradas: $ 25.000 \u2013 en boleter\u00eda del teatro o por Alternativa Teatral \u2013 Link:<\/p>\n\n\n\n<p><a href=\"https:\/\/publico.alternativateatral.com\/entradas95974-una-sombra-voraz?o=14\">https:\/\/publico.alternativateatral.com\/entradas95974-una-sombra-voraz?o=14<\/a><\/p>\n\n\n\n<p>Funciones: S\u00e1bados de Agosto hasta Diciembre \u2013 20:00 horas<\/p>\n\n\n\n<p>\u00a0\u00a0\u00a0\u00a0\u00a0\u00a0\u00a0\u00a0\u00a0\u00a0\u00a0\u00a0\u00a0\u00a0\u00a0\u00a0 Domingos de Septiembre hasta Diciembre \u2013 18:00 horas<\/p>\n\n\n\n<p>                 Desde el S\u00e1bado 02 de Agosto 2025 hasta el S\u00e1bado 13 de Diciembre 2025<\/p>\n\n\n\n<p>Gracias Marisol Cambre por acercarnos la gacetilla de prensa del estreno de este espect\u00e1culo.<\/p>\n\n\n\n<figure class=\"wp-block-image size-large is-resized\"><img loading=\"lazy\" decoding=\"async\" width=\"1024\" height=\"1012\" src=\"https:\/\/sergiolapegue.com\/site\/wp-content\/uploads\/2025\/07\/Una-sombra-voraz-Mariano-Pensotti-1024x1012.jpg\" alt=\"\" class=\"wp-image-24213\" style=\"width:334px;height:auto\" srcset=\"https:\/\/sergiolapegue.com\/site\/wp-content\/uploads\/2025\/07\/Una-sombra-voraz-Mariano-Pensotti-1024x1012.jpg 1024w, https:\/\/sergiolapegue.com\/site\/wp-content\/uploads\/2025\/07\/Una-sombra-voraz-Mariano-Pensotti-300x297.jpg 300w, https:\/\/sergiolapegue.com\/site\/wp-content\/uploads\/2025\/07\/Una-sombra-voraz-Mariano-Pensotti-768x759.jpg 768w, https:\/\/sergiolapegue.com\/site\/wp-content\/uploads\/2025\/07\/Una-sombra-voraz-Mariano-Pensotti-1536x1519.jpg 1536w, https:\/\/sergiolapegue.com\/site\/wp-content\/uploads\/2025\/07\/Una-sombra-voraz-Mariano-Pensotti-2048x2025.jpg 2048w, https:\/\/sergiolapegue.com\/site\/wp-content\/uploads\/2025\/07\/Una-sombra-voraz-Mariano-Pensotti-425x420.jpg 425w, https:\/\/sergiolapegue.com\/site\/wp-content\/uploads\/2025\/07\/Una-sombra-voraz-Mariano-Pensotti-696x688.jpg 696w, https:\/\/sergiolapegue.com\/site\/wp-content\/uploads\/2025\/07\/Una-sombra-voraz-Mariano-Pensotti-1068x1056.jpg 1068w, https:\/\/sergiolapegue.com\/site\/wp-content\/uploads\/2025\/07\/Una-sombra-voraz-Mariano-Pensotti-1920x1898.jpg 1920w\" sizes=\"auto, (max-width: 1024px) 100vw, 1024px\" \/><\/figure>\n\n\n\n<p><strong>SOBRE MARIANO PENSOTTI \u2013 DIRECTOR<\/strong><\/p>\n\n\n\n<p>Es autor y director de teatro. Se form\u00f3 en cine, teatro y artes visuales en Buenos Aires, Espa\u00f1a e Italia. Junto a la escen\u00f3grafa Mariana Tirantte, el m\u00fasico Diego Vainer y la productora Florencia Wasser forma el&nbsp;Grupo Marea.<\/p>\n\n\n\n<p>En teatro, como autor y director, ha estrenado m\u00e1s de veinte obras entre las que se destacan:&nbsp;&nbsp;La Obra&nbsp;(2023),&nbsp;Los A\u00f1os&nbsp;(2021),&nbsp;El P\u00fablico (2019\/2021), Diamante (2018),&nbsp;Arde brillante en los bosques de la noche&nbsp;(2017),&nbsp;Cuando vuelva a casa voy a ser otro&nbsp;(2015),&nbsp;Cineastas&nbsp;(2013),&nbsp;El Pasado es un animal grotesco&nbsp;(2010) y&nbsp;La Marea&nbsp;(2005).<\/p>\n\n\n\n<p>En sus obras frecuentemente hay un entrecruzamiento entre el teatro, la literatura y las artes visuales. Algunos de sus trabajos se centran en el desarrollo de una dramaturgia muy personal y el trabajo con actores, y en otros casos desarrolla intervenciones urbanas concebidas para espacios p\u00fablicos. En esta l\u00ednea se destacan:&nbsp;A veces creo que te veo&nbsp;(2010),&nbsp;Enciclopedias de vidas no vividas&nbsp;(2010),&nbsp;El Para\u00edso&nbsp;(2014) y&nbsp;Hoy es el d\u00eda&nbsp;(2014).<\/p>\n\n\n\n<p>Todas sus producciones han sido presentadas en Argentina y en teatros y festivales de B\u00e9lgica, Alemania, Suiza, Suecia, Francia, Inglaterra, Irlanda, Dinamarca, Austria, Estados Unidos, Canad\u00e1, Chile, Brasil, Colombia, M\u00e9xico, Australia, Nueva Zelanda, Corea y Jap\u00f3n.<\/p>\n\n\n\n<p>En marzo 2019 estrena su primera \u00f3pera como regisseur de escena,&nbsp;Beatrix Cenci, convocado por la Opera National du Rhin (Strasbourg \/ Francia) y en el 2021 estrena Madame Butterfly en el mismo teatro. En 2024 es convocado por la Opera Ballet Vlaanderen (Amberes, B\u00e9lgica) para dirigir la reposici\u00f3n de esta \u00faltima.<br>Ha recibido numerosos premios por sus trabajos en la Argentina y el extranjero tales como el Premio Germ\u00e1n Rozenmacher, Clar\u00edn y el Premio F; y las becas Unesco \u2013 Aschberg, Rockefeller Foundation, Fundaci\u00f3n Antorchas y Casa de Am\u00e9rica de Madrid.<\/p>\n\n\n\n<p><\/p>\n","protected":false},"excerpt":{"rendered":"<p>El s\u00e1bado 2 de agosto a las 20:00 horas, en Dumont 4040, se estrena&nbsp;\u201cUna sombra voraz\u201d,&nbsp;de&nbsp;Mariano Pensotti \/ Grupo Marea, con las actuaciones de&nbsp;Diego Vel\u00e1zquez&nbsp;y&nbsp;Patricio Aramburu. La obra tuvo su estreno mundial (en versi\u00f3n francesa) en el prestigioso Festival de Avignon en 2024 y luego en 2025, se estren\u00f3 la versi\u00f3n austriaca en el Festival [&hellip;]<\/p>\n","protected":false},"author":3,"featured_media":24214,"comment_status":"open","ping_status":"closed","sticky":false,"template":"","format":"standard","meta":{"footnotes":""},"categories":[34,35],"tags":[],"class_list":{"0":"post-24208","1":"post","2":"type-post","3":"status-publish","4":"format-standard","5":"has-post-thumbnail","7":"category-arte","8":"category-teatro"},"yoast_head":"<!-- This site is optimized with the Yoast SEO plugin v27.5 - https:\/\/yoast.com\/product\/yoast-seo-wordpress\/ -->\n<title>\u201cUNA SOMBRA VORAZ\u201d LA NUEVA OBRA DE MARIANO PENSOTTI \/ GRUPO MAREA - Sergio Lapegue<\/title>\n<meta name=\"robots\" content=\"index, follow, max-snippet:-1, max-image-preview:large, max-video-preview:-1\" \/>\n<link rel=\"canonical\" href=\"https:\/\/sergiolapegue.com\/site\/2025\/11\/12\/una-sombra-voraz-la-nueva-obra-de-mariano-pensotti-grupo-marea\/\" \/>\n<meta property=\"og:locale\" content=\"es_ES\" \/>\n<meta property=\"og:type\" content=\"article\" \/>\n<meta property=\"og:title\" content=\"\u201cUNA SOMBRA VORAZ\u201d LA NUEVA OBRA DE MARIANO PENSOTTI \/ GRUPO MAREA - Sergio Lapegue\" \/>\n<meta property=\"og:description\" content=\"El s\u00e1bado 2 de agosto a las 20:00 horas, en Dumont 4040, se estrena&nbsp;\u201cUna sombra voraz\u201d,&nbsp;de&nbsp;Mariano Pensotti \/ Grupo Marea, con las actuaciones de&nbsp;Diego Vel\u00e1zquez&nbsp;y&nbsp;Patricio Aramburu. La obra tuvo su estreno mundial (en versi\u00f3n francesa) en el prestigioso Festival de Avignon en 2024 y luego en 2025, se estren\u00f3 la versi\u00f3n austriaca en el Festival [&hellip;]\" \/>\n<meta property=\"og:url\" content=\"https:\/\/sergiolapegue.com\/site\/2025\/11\/12\/una-sombra-voraz-la-nueva-obra-de-mariano-pensotti-grupo-marea\/\" \/>\n<meta property=\"og:site_name\" content=\"Sergio Lapegue\" \/>\n<meta property=\"article:publisher\" content=\"https:\/\/facebook.com\/sergiolapegue\" \/>\n<meta property=\"article:author\" content=\"https:\/\/facebook.com\/danielernesto.montana\" \/>\n<meta property=\"article:published_time\" content=\"2025-11-12T12:00:00+00:00\" \/>\n<meta property=\"og:image\" content=\"https:\/\/sergiolapegue.com\/site\/wp-content\/uploads\/2025\/07\/Una-sombra-voraz.jpg\" \/>\n\t<meta property=\"og:image:width\" content=\"1080\" \/>\n\t<meta property=\"og:image:height\" content=\"1406\" \/>\n\t<meta property=\"og:image:type\" content=\"image\/jpeg\" \/>\n<meta name=\"author\" content=\"Daniel E. Monta\u00f1a\" \/>\n<meta name=\"twitter:card\" content=\"summary_large_image\" \/>\n<meta name=\"twitter:creator\" content=\"@https:\/\/twitter.com\/daner_004\" \/>\n<meta name=\"twitter:site\" content=\"@sergiolapegue\" \/>\n<meta name=\"twitter:label1\" content=\"Escrito por\" \/>\n\t<meta name=\"twitter:data1\" content=\"Daniel E. Monta\u00f1a\" \/>\n\t<meta name=\"twitter:label2\" content=\"Tiempo de lectura\" \/>\n\t<meta name=\"twitter:data2\" content=\"7 minutos\" \/>\n<script type=\"application\/ld+json\" class=\"yoast-schema-graph\">{\"@context\":\"https:\\\/\\\/schema.org\",\"@graph\":[{\"@type\":\"Article\",\"@id\":\"https:\\\/\\\/sergiolapegue.com\\\/site\\\/2025\\\/11\\\/12\\\/una-sombra-voraz-la-nueva-obra-de-mariano-pensotti-grupo-marea\\\/#article\",\"isPartOf\":{\"@id\":\"https:\\\/\\\/sergiolapegue.com\\\/site\\\/2025\\\/11\\\/12\\\/una-sombra-voraz-la-nueva-obra-de-mariano-pensotti-grupo-marea\\\/\"},\"author\":{\"name\":\"Daniel E. Monta\u00f1a\",\"@id\":\"https:\\\/\\\/sergiolapegue.com\\\/site\\\/#\\\/schema\\\/person\\\/9198e7dbab43c6d74d0fd5399af7c3cd\"},\"headline\":\"\u201cUNA SOMBRA VORAZ\u201d LA NUEVA OBRA DE MARIANO PENSOTTI \\\/ GRUPO MAREA\",\"datePublished\":\"2025-11-12T12:00:00+00:00\",\"mainEntityOfPage\":{\"@id\":\"https:\\\/\\\/sergiolapegue.com\\\/site\\\/2025\\\/11\\\/12\\\/una-sombra-voraz-la-nueva-obra-de-mariano-pensotti-grupo-marea\\\/\"},\"wordCount\":1363,\"commentCount\":0,\"publisher\":{\"@id\":\"https:\\\/\\\/sergiolapegue.com\\\/site\\\/#\\\/schema\\\/person\\\/083aeceeb0734cd166779ea6c0551a37\"},\"image\":{\"@id\":\"https:\\\/\\\/sergiolapegue.com\\\/site\\\/2025\\\/11\\\/12\\\/una-sombra-voraz-la-nueva-obra-de-mariano-pensotti-grupo-marea\\\/#primaryimage\"},\"thumbnailUrl\":\"https:\\\/\\\/sergiolapegue.com\\\/site\\\/wp-content\\\/uploads\\\/2025\\\/07\\\/Una-sombra-voraz.jpg\",\"articleSection\":[\"Arte\",\"Teatro\"],\"inLanguage\":\"es-AR\",\"potentialAction\":[{\"@type\":\"CommentAction\",\"name\":\"Comment\",\"target\":[\"https:\\\/\\\/sergiolapegue.com\\\/site\\\/2025\\\/11\\\/12\\\/una-sombra-voraz-la-nueva-obra-de-mariano-pensotti-grupo-marea\\\/#respond\"]}]},{\"@type\":\"WebPage\",\"@id\":\"https:\\\/\\\/sergiolapegue.com\\\/site\\\/2025\\\/11\\\/12\\\/una-sombra-voraz-la-nueva-obra-de-mariano-pensotti-grupo-marea\\\/\",\"url\":\"https:\\\/\\\/sergiolapegue.com\\\/site\\\/2025\\\/11\\\/12\\\/una-sombra-voraz-la-nueva-obra-de-mariano-pensotti-grupo-marea\\\/\",\"name\":\"\u201cUNA SOMBRA VORAZ\u201d LA NUEVA OBRA DE MARIANO PENSOTTI \\\/ GRUPO MAREA - Sergio Lapegue\",\"isPartOf\":{\"@id\":\"https:\\\/\\\/sergiolapegue.com\\\/site\\\/#website\"},\"primaryImageOfPage\":{\"@id\":\"https:\\\/\\\/sergiolapegue.com\\\/site\\\/2025\\\/11\\\/12\\\/una-sombra-voraz-la-nueva-obra-de-mariano-pensotti-grupo-marea\\\/#primaryimage\"},\"image\":{\"@id\":\"https:\\\/\\\/sergiolapegue.com\\\/site\\\/2025\\\/11\\\/12\\\/una-sombra-voraz-la-nueva-obra-de-mariano-pensotti-grupo-marea\\\/#primaryimage\"},\"thumbnailUrl\":\"https:\\\/\\\/sergiolapegue.com\\\/site\\\/wp-content\\\/uploads\\\/2025\\\/07\\\/Una-sombra-voraz.jpg\",\"datePublished\":\"2025-11-12T12:00:00+00:00\",\"breadcrumb\":{\"@id\":\"https:\\\/\\\/sergiolapegue.com\\\/site\\\/2025\\\/11\\\/12\\\/una-sombra-voraz-la-nueva-obra-de-mariano-pensotti-grupo-marea\\\/#breadcrumb\"},\"inLanguage\":\"es-AR\",\"potentialAction\":[{\"@type\":\"ReadAction\",\"target\":[\"https:\\\/\\\/sergiolapegue.com\\\/site\\\/2025\\\/11\\\/12\\\/una-sombra-voraz-la-nueva-obra-de-mariano-pensotti-grupo-marea\\\/\"]}]},{\"@type\":\"ImageObject\",\"inLanguage\":\"es-AR\",\"@id\":\"https:\\\/\\\/sergiolapegue.com\\\/site\\\/2025\\\/11\\\/12\\\/una-sombra-voraz-la-nueva-obra-de-mariano-pensotti-grupo-marea\\\/#primaryimage\",\"url\":\"https:\\\/\\\/sergiolapegue.com\\\/site\\\/wp-content\\\/uploads\\\/2025\\\/07\\\/Una-sombra-voraz.jpg\",\"contentUrl\":\"https:\\\/\\\/sergiolapegue.com\\\/site\\\/wp-content\\\/uploads\\\/2025\\\/07\\\/Una-sombra-voraz.jpg\",\"width\":1080,\"height\":1406},{\"@type\":\"BreadcrumbList\",\"@id\":\"https:\\\/\\\/sergiolapegue.com\\\/site\\\/2025\\\/11\\\/12\\\/una-sombra-voraz-la-nueva-obra-de-mariano-pensotti-grupo-marea\\\/#breadcrumb\",\"itemListElement\":[{\"@type\":\"ListItem\",\"position\":1,\"name\":\"Inicio\",\"item\":\"https:\\\/\\\/sergiolapegue.com\\\/site\\\/\"},{\"@type\":\"ListItem\",\"position\":2,\"name\":\"\u201cUNA SOMBRA VORAZ\u201d LA NUEVA OBRA DE MARIANO PENSOTTI \\\/ GRUPO MAREA\"}]},{\"@type\":\"WebSite\",\"@id\":\"https:\\\/\\\/sergiolapegue.com\\\/site\\\/#website\",\"url\":\"https:\\\/\\\/sergiolapegue.com\\\/site\\\/\",\"name\":\"Sergio Lapegue\",\"description\":\"Periodista\",\"publisher\":{\"@id\":\"https:\\\/\\\/sergiolapegue.com\\\/site\\\/#\\\/schema\\\/person\\\/083aeceeb0734cd166779ea6c0551a37\"},\"potentialAction\":[{\"@type\":\"SearchAction\",\"target\":{\"@type\":\"EntryPoint\",\"urlTemplate\":\"https:\\\/\\\/sergiolapegue.com\\\/site\\\/?s={search_term_string}\"},\"query-input\":{\"@type\":\"PropertyValueSpecification\",\"valueRequired\":true,\"valueName\":\"search_term_string\"}}],\"inLanguage\":\"es-AR\"},{\"@type\":[\"Person\",\"Organization\"],\"@id\":\"https:\\\/\\\/sergiolapegue.com\\\/site\\\/#\\\/schema\\\/person\\\/083aeceeb0734cd166779ea6c0551a37\",\"name\":\"Sergio Lapegue\",\"image\":{\"@type\":\"ImageObject\",\"inLanguage\":\"es-AR\",\"@id\":\"https:\\\/\\\/sergiolapegue.com\\\/site\\\/wp-content\\\/uploads\\\/2021\\\/04\\\/logo_header-1.png\",\"url\":\"https:\\\/\\\/sergiolapegue.com\\\/site\\\/wp-content\\\/uploads\\\/2021\\\/04\\\/logo_header-1.png\",\"contentUrl\":\"https:\\\/\\\/sergiolapegue.com\\\/site\\\/wp-content\\\/uploads\\\/2021\\\/04\\\/logo_header-1.png\",\"width\":272,\"height\":90,\"caption\":\"Sergio Lapegue\"},\"logo\":{\"@id\":\"https:\\\/\\\/sergiolapegue.com\\\/site\\\/wp-content\\\/uploads\\\/2021\\\/04\\\/logo_header-1.png\"},\"sameAs\":[\"https:\\\/\\\/facebook.com\\\/sergiolapegue\",\"https:\\\/\\\/instagram.com\\\/sergiolapegue\",\"https:\\\/\\\/x.com\\\/https:\\\/\\\/twitter.com\\\/sergiolapegue\"]},{\"@type\":\"Person\",\"@id\":\"https:\\\/\\\/sergiolapegue.com\\\/site\\\/#\\\/schema\\\/person\\\/9198e7dbab43c6d74d0fd5399af7c3cd\",\"name\":\"Daniel E. Monta\u00f1a\",\"image\":{\"@type\":\"ImageObject\",\"inLanguage\":\"es-AR\",\"@id\":\"https:\\\/\\\/sergiolapegue.com\\\/site\\\/wp-content\\\/uploads\\\/2021\\\/04\\\/sl_avatar_Daniel-150x150.jpg\",\"url\":\"https:\\\/\\\/sergiolapegue.com\\\/site\\\/wp-content\\\/uploads\\\/2021\\\/04\\\/sl_avatar_Daniel-150x150.jpg\",\"contentUrl\":\"https:\\\/\\\/sergiolapegue.com\\\/site\\\/wp-content\\\/uploads\\\/2021\\\/04\\\/sl_avatar_Daniel-150x150.jpg\",\"caption\":\"Daniel E. Monta\u00f1a\"},\"sameAs\":[\"https:\\\/\\\/facebook.com\\\/danielernesto.montana\",\"https:\\\/\\\/instagram.com\\\/daniel_montana1961\",\"https:\\\/\\\/x.com\\\/https:\\\/\\\/twitter.com\\\/daner_004\"],\"url\":\"https:\\\/\\\/sergiolapegue.com\\\/site\\\/author\\\/daniel\\\/\"}]}<\/script>\n<!-- \/ Yoast SEO plugin. -->","yoast_head_json":{"title":"\u201cUNA SOMBRA VORAZ\u201d LA NUEVA OBRA DE MARIANO PENSOTTI \/ GRUPO MAREA - Sergio Lapegue","robots":{"index":"index","follow":"follow","max-snippet":"max-snippet:-1","max-image-preview":"max-image-preview:large","max-video-preview":"max-video-preview:-1"},"canonical":"https:\/\/sergiolapegue.com\/site\/2025\/11\/12\/una-sombra-voraz-la-nueva-obra-de-mariano-pensotti-grupo-marea\/","og_locale":"es_ES","og_type":"article","og_title":"\u201cUNA SOMBRA VORAZ\u201d LA NUEVA OBRA DE MARIANO PENSOTTI \/ GRUPO MAREA - Sergio Lapegue","og_description":"El s\u00e1bado 2 de agosto a las 20:00 horas, en Dumont 4040, se estrena&nbsp;\u201cUna sombra voraz\u201d,&nbsp;de&nbsp;Mariano Pensotti \/ Grupo Marea, con las actuaciones de&nbsp;Diego Vel\u00e1zquez&nbsp;y&nbsp;Patricio Aramburu. La obra tuvo su estreno mundial (en versi\u00f3n francesa) en el prestigioso Festival de Avignon en 2024 y luego en 2025, se estren\u00f3 la versi\u00f3n austriaca en el Festival [&hellip;]","og_url":"https:\/\/sergiolapegue.com\/site\/2025\/11\/12\/una-sombra-voraz-la-nueva-obra-de-mariano-pensotti-grupo-marea\/","og_site_name":"Sergio Lapegue","article_publisher":"https:\/\/facebook.com\/sergiolapegue","article_author":"https:\/\/facebook.com\/danielernesto.montana","article_published_time":"2025-11-12T12:00:00+00:00","og_image":[{"width":1080,"height":1406,"url":"https:\/\/sergiolapegue.com\/site\/wp-content\/uploads\/2025\/07\/Una-sombra-voraz.jpg","type":"image\/jpeg"}],"author":"Daniel E. Monta\u00f1a","twitter_card":"summary_large_image","twitter_creator":"@https:\/\/twitter.com\/daner_004","twitter_site":"@sergiolapegue","twitter_misc":{"Escrito por":"Daniel E. Monta\u00f1a","Tiempo de lectura":"7 minutos"},"schema":{"@context":"https:\/\/schema.org","@graph":[{"@type":"Article","@id":"https:\/\/sergiolapegue.com\/site\/2025\/11\/12\/una-sombra-voraz-la-nueva-obra-de-mariano-pensotti-grupo-marea\/#article","isPartOf":{"@id":"https:\/\/sergiolapegue.com\/site\/2025\/11\/12\/una-sombra-voraz-la-nueva-obra-de-mariano-pensotti-grupo-marea\/"},"author":{"name":"Daniel E. Monta\u00f1a","@id":"https:\/\/sergiolapegue.com\/site\/#\/schema\/person\/9198e7dbab43c6d74d0fd5399af7c3cd"},"headline":"\u201cUNA SOMBRA VORAZ\u201d LA NUEVA OBRA DE MARIANO PENSOTTI \/ GRUPO MAREA","datePublished":"2025-11-12T12:00:00+00:00","mainEntityOfPage":{"@id":"https:\/\/sergiolapegue.com\/site\/2025\/11\/12\/una-sombra-voraz-la-nueva-obra-de-mariano-pensotti-grupo-marea\/"},"wordCount":1363,"commentCount":0,"publisher":{"@id":"https:\/\/sergiolapegue.com\/site\/#\/schema\/person\/083aeceeb0734cd166779ea6c0551a37"},"image":{"@id":"https:\/\/sergiolapegue.com\/site\/2025\/11\/12\/una-sombra-voraz-la-nueva-obra-de-mariano-pensotti-grupo-marea\/#primaryimage"},"thumbnailUrl":"https:\/\/sergiolapegue.com\/site\/wp-content\/uploads\/2025\/07\/Una-sombra-voraz.jpg","articleSection":["Arte","Teatro"],"inLanguage":"es-AR","potentialAction":[{"@type":"CommentAction","name":"Comment","target":["https:\/\/sergiolapegue.com\/site\/2025\/11\/12\/una-sombra-voraz-la-nueva-obra-de-mariano-pensotti-grupo-marea\/#respond"]}]},{"@type":"WebPage","@id":"https:\/\/sergiolapegue.com\/site\/2025\/11\/12\/una-sombra-voraz-la-nueva-obra-de-mariano-pensotti-grupo-marea\/","url":"https:\/\/sergiolapegue.com\/site\/2025\/11\/12\/una-sombra-voraz-la-nueva-obra-de-mariano-pensotti-grupo-marea\/","name":"\u201cUNA SOMBRA VORAZ\u201d LA NUEVA OBRA DE MARIANO PENSOTTI \/ GRUPO MAREA - Sergio Lapegue","isPartOf":{"@id":"https:\/\/sergiolapegue.com\/site\/#website"},"primaryImageOfPage":{"@id":"https:\/\/sergiolapegue.com\/site\/2025\/11\/12\/una-sombra-voraz-la-nueva-obra-de-mariano-pensotti-grupo-marea\/#primaryimage"},"image":{"@id":"https:\/\/sergiolapegue.com\/site\/2025\/11\/12\/una-sombra-voraz-la-nueva-obra-de-mariano-pensotti-grupo-marea\/#primaryimage"},"thumbnailUrl":"https:\/\/sergiolapegue.com\/site\/wp-content\/uploads\/2025\/07\/Una-sombra-voraz.jpg","datePublished":"2025-11-12T12:00:00+00:00","breadcrumb":{"@id":"https:\/\/sergiolapegue.com\/site\/2025\/11\/12\/una-sombra-voraz-la-nueva-obra-de-mariano-pensotti-grupo-marea\/#breadcrumb"},"inLanguage":"es-AR","potentialAction":[{"@type":"ReadAction","target":["https:\/\/sergiolapegue.com\/site\/2025\/11\/12\/una-sombra-voraz-la-nueva-obra-de-mariano-pensotti-grupo-marea\/"]}]},{"@type":"ImageObject","inLanguage":"es-AR","@id":"https:\/\/sergiolapegue.com\/site\/2025\/11\/12\/una-sombra-voraz-la-nueva-obra-de-mariano-pensotti-grupo-marea\/#primaryimage","url":"https:\/\/sergiolapegue.com\/site\/wp-content\/uploads\/2025\/07\/Una-sombra-voraz.jpg","contentUrl":"https:\/\/sergiolapegue.com\/site\/wp-content\/uploads\/2025\/07\/Una-sombra-voraz.jpg","width":1080,"height":1406},{"@type":"BreadcrumbList","@id":"https:\/\/sergiolapegue.com\/site\/2025\/11\/12\/una-sombra-voraz-la-nueva-obra-de-mariano-pensotti-grupo-marea\/#breadcrumb","itemListElement":[{"@type":"ListItem","position":1,"name":"Inicio","item":"https:\/\/sergiolapegue.com\/site\/"},{"@type":"ListItem","position":2,"name":"\u201cUNA SOMBRA VORAZ\u201d LA NUEVA OBRA DE MARIANO PENSOTTI \/ GRUPO MAREA"}]},{"@type":"WebSite","@id":"https:\/\/sergiolapegue.com\/site\/#website","url":"https:\/\/sergiolapegue.com\/site\/","name":"Sergio Lapegue","description":"Periodista","publisher":{"@id":"https:\/\/sergiolapegue.com\/site\/#\/schema\/person\/083aeceeb0734cd166779ea6c0551a37"},"potentialAction":[{"@type":"SearchAction","target":{"@type":"EntryPoint","urlTemplate":"https:\/\/sergiolapegue.com\/site\/?s={search_term_string}"},"query-input":{"@type":"PropertyValueSpecification","valueRequired":true,"valueName":"search_term_string"}}],"inLanguage":"es-AR"},{"@type":["Person","Organization"],"@id":"https:\/\/sergiolapegue.com\/site\/#\/schema\/person\/083aeceeb0734cd166779ea6c0551a37","name":"Sergio Lapegue","image":{"@type":"ImageObject","inLanguage":"es-AR","@id":"https:\/\/sergiolapegue.com\/site\/wp-content\/uploads\/2021\/04\/logo_header-1.png","url":"https:\/\/sergiolapegue.com\/site\/wp-content\/uploads\/2021\/04\/logo_header-1.png","contentUrl":"https:\/\/sergiolapegue.com\/site\/wp-content\/uploads\/2021\/04\/logo_header-1.png","width":272,"height":90,"caption":"Sergio Lapegue"},"logo":{"@id":"https:\/\/sergiolapegue.com\/site\/wp-content\/uploads\/2021\/04\/logo_header-1.png"},"sameAs":["https:\/\/facebook.com\/sergiolapegue","https:\/\/instagram.com\/sergiolapegue","https:\/\/x.com\/https:\/\/twitter.com\/sergiolapegue"]},{"@type":"Person","@id":"https:\/\/sergiolapegue.com\/site\/#\/schema\/person\/9198e7dbab43c6d74d0fd5399af7c3cd","name":"Daniel E. Monta\u00f1a","image":{"@type":"ImageObject","inLanguage":"es-AR","@id":"https:\/\/sergiolapegue.com\/site\/wp-content\/uploads\/2021\/04\/sl_avatar_Daniel-150x150.jpg","url":"https:\/\/sergiolapegue.com\/site\/wp-content\/uploads\/2021\/04\/sl_avatar_Daniel-150x150.jpg","contentUrl":"https:\/\/sergiolapegue.com\/site\/wp-content\/uploads\/2021\/04\/sl_avatar_Daniel-150x150.jpg","caption":"Daniel E. Monta\u00f1a"},"sameAs":["https:\/\/facebook.com\/danielernesto.montana","https:\/\/instagram.com\/daniel_montana1961","https:\/\/x.com\/https:\/\/twitter.com\/daner_004"],"url":"https:\/\/sergiolapegue.com\/site\/author\/daniel\/"}]}},"_links":{"self":[{"href":"https:\/\/sergiolapegue.com\/site\/wp-json\/wp\/v2\/posts\/24208","targetHints":{"allow":["GET"]}}],"collection":[{"href":"https:\/\/sergiolapegue.com\/site\/wp-json\/wp\/v2\/posts"}],"about":[{"href":"https:\/\/sergiolapegue.com\/site\/wp-json\/wp\/v2\/types\/post"}],"author":[{"embeddable":true,"href":"https:\/\/sergiolapegue.com\/site\/wp-json\/wp\/v2\/users\/3"}],"replies":[{"embeddable":true,"href":"https:\/\/sergiolapegue.com\/site\/wp-json\/wp\/v2\/comments?post=24208"}],"version-history":[{"count":2,"href":"https:\/\/sergiolapegue.com\/site\/wp-json\/wp\/v2\/posts\/24208\/revisions"}],"predecessor-version":[{"id":25942,"href":"https:\/\/sergiolapegue.com\/site\/wp-json\/wp\/v2\/posts\/24208\/revisions\/25942"}],"wp:featuredmedia":[{"embeddable":true,"href":"https:\/\/sergiolapegue.com\/site\/wp-json\/wp\/v2\/media\/24214"}],"wp:attachment":[{"href":"https:\/\/sergiolapegue.com\/site\/wp-json\/wp\/v2\/media?parent=24208"}],"wp:term":[{"taxonomy":"category","embeddable":true,"href":"https:\/\/sergiolapegue.com\/site\/wp-json\/wp\/v2\/categories?post=24208"},{"taxonomy":"post_tag","embeddable":true,"href":"https:\/\/sergiolapegue.com\/site\/wp-json\/wp\/v2\/tags?post=24208"}],"curies":[{"name":"wp","href":"https:\/\/api.w.org\/{rel}","templated":true}]}}