{"id":24184,"date":"2025-07-20T13:00:00","date_gmt":"2025-07-20T16:00:00","guid":{"rendered":"https:\/\/sergiolapegue.com\/site\/?p=24184"},"modified":"2025-07-19T16:10:51","modified_gmt":"2025-07-19T19:10:51","slug":"lanzamiento-del-libro-hilos-invisibles-de-manuel-colombo","status":"publish","type":"post","link":"https:\/\/sergiolapegue.com\/site\/2025\/07\/20\/lanzamiento-del-libro-hilos-invisibles-de-manuel-colombo\/","title":{"rendered":"LANZAMIENTO DEL LIBRO \u201cHILOS INVISIBLES\u201d DE MANUEL COLOMBO"},"content":{"rendered":"\n<p>\u201cHilos Invisibles\u201d&nbsp;es el primer libro de&nbsp;Manuel Colombo, coach ontol\u00f3gico y sist\u00e9mico, creador del m\u00e9todo&nbsp;MOV&nbsp;que integra ambas disciplinas, impactado a m\u00e1s de 70 mil personas.&nbsp;<\/p>\n\n\n\n<p>MOVno es solo un m\u00e9todo: es una revoluci\u00f3n del SER, un proceso profundo que interviene en cada aspecto de la vida;&nbsp;mente, cuerpo, emociones, contexto y legado familiar. Por estas experiencias&nbsp;Manuel Colomboen sus p\u00e1ginas nos invita a reconocer las creencias limitantes, los mandatos familiares y los miedos heredados que- como una fuerza silenciosa- nos condicionan, nos frenan o nos alejan de la vida que deseamos. A todo eso, Manu los llama hilos invisibles. El pr\u00f3logo fue escrito por&nbsp;Pilar Sordo, reconocida psic\u00f3loga y escritora chilena, referente en temas de desarrollo personal y emocional en toda Latinoam\u00e9rica. Su mirada profunda y sensible potencia a\u00fan m\u00e1s el mensaje transformador del libro. Pilar y Manu juntos hablando de amor propio.<\/p>\n\n\n\n<figure class=\"wp-block-image size-large\"><img loading=\"lazy\" decoding=\"async\" width=\"1024\" height=\"683\" src=\"https:\/\/sergiolapegue.com\/site\/wp-content\/uploads\/2025\/07\/Lanzamiento-del-nuevo-libro-Hilos-Invisibles-de-Manuel-Colombo-4-1024x683.jpg\" alt=\"\" class=\"wp-image-24185\" srcset=\"https:\/\/sergiolapegue.com\/site\/wp-content\/uploads\/2025\/07\/Lanzamiento-del-nuevo-libro-Hilos-Invisibles-de-Manuel-Colombo-4-1024x683.jpg 1024w, https:\/\/sergiolapegue.com\/site\/wp-content\/uploads\/2025\/07\/Lanzamiento-del-nuevo-libro-Hilos-Invisibles-de-Manuel-Colombo-4-300x200.jpg 300w, https:\/\/sergiolapegue.com\/site\/wp-content\/uploads\/2025\/07\/Lanzamiento-del-nuevo-libro-Hilos-Invisibles-de-Manuel-Colombo-4-768x512.jpg 768w, https:\/\/sergiolapegue.com\/site\/wp-content\/uploads\/2025\/07\/Lanzamiento-del-nuevo-libro-Hilos-Invisibles-de-Manuel-Colombo-4-630x420.jpg 630w, https:\/\/sergiolapegue.com\/site\/wp-content\/uploads\/2025\/07\/Lanzamiento-del-nuevo-libro-Hilos-Invisibles-de-Manuel-Colombo-4-696x464.jpg 696w, https:\/\/sergiolapegue.com\/site\/wp-content\/uploads\/2025\/07\/Lanzamiento-del-nuevo-libro-Hilos-Invisibles-de-Manuel-Colombo-4-1068x712.jpg 1068w, https:\/\/sergiolapegue.com\/site\/wp-content\/uploads\/2025\/07\/Lanzamiento-del-nuevo-libro-Hilos-Invisibles-de-Manuel-Colombo-4.jpg 1200w\" sizes=\"auto, (max-width: 1024px) 100vw, 1024px\" \/><\/figure>\n\n\n\n<p><strong>EDICI\u00d3N JULIO 2025 \u2013 EDITORIAL PENGUIN<\/strong><\/p>\n\n\n\n<p>Hilos Invisibles es un libro, una gu\u00eda para liberarse, recuperar el poder personal y reconectar con el deseo como br\u00fajula para dise\u00f1ar una vida m\u00e1s aut\u00e9ntica.<\/p>\n\n\n\n<p>A trav\u00e9s de historias reales, de personas que han realizado procesos con Manu, se presentan problem\u00e1ticas comunes y el modo en que cada una logr\u00f3 transformar y soltar esos hilos invisibles que la ten\u00edan atrapada.<\/p>\n\n\n\n<p>C\u00f3mo cortar las ataduras que nos alejan de la vida que so\u00f1amos.<\/p>\n\n\n\n<p>Pueden comprar el libro a trav\u00e9s de <a href=\"https:\/\/www.penguinlibros.com\/ar\/998497-manuel-colombo?utm_source=email_marketing&amp;utm_admin=86415&amp;utm_medium=email&amp;utm_campaign=Manuel_Colombo_presenta_Hilos_invisibles_su_nuevo_libro\">Manuel Colombo | Penguin Libros<\/a><\/p>\n\n\n\n<figure class=\"wp-block-image size-large\"><img loading=\"lazy\" decoding=\"async\" width=\"1024\" height=\"684\" src=\"https:\/\/sergiolapegue.com\/site\/wp-content\/uploads\/2025\/07\/Lanzamiento-del-nuevo-libro-Hilos-Invisibles-de-Manuel-Colombo-5-1024x684.jpg\" alt=\"\" class=\"wp-image-24186\" srcset=\"https:\/\/sergiolapegue.com\/site\/wp-content\/uploads\/2025\/07\/Lanzamiento-del-nuevo-libro-Hilos-Invisibles-de-Manuel-Colombo-5-1024x684.jpg 1024w, https:\/\/sergiolapegue.com\/site\/wp-content\/uploads\/2025\/07\/Lanzamiento-del-nuevo-libro-Hilos-Invisibles-de-Manuel-Colombo-5-300x200.jpg 300w, https:\/\/sergiolapegue.com\/site\/wp-content\/uploads\/2025\/07\/Lanzamiento-del-nuevo-libro-Hilos-Invisibles-de-Manuel-Colombo-5-768x513.jpg 768w, https:\/\/sergiolapegue.com\/site\/wp-content\/uploads\/2025\/07\/Lanzamiento-del-nuevo-libro-Hilos-Invisibles-de-Manuel-Colombo-5-629x420.jpg 629w, https:\/\/sergiolapegue.com\/site\/wp-content\/uploads\/2025\/07\/Lanzamiento-del-nuevo-libro-Hilos-Invisibles-de-Manuel-Colombo-5-696x465.jpg 696w, https:\/\/sergiolapegue.com\/site\/wp-content\/uploads\/2025\/07\/Lanzamiento-del-nuevo-libro-Hilos-Invisibles-de-Manuel-Colombo-5-1068x713.jpg 1068w, https:\/\/sergiolapegue.com\/site\/wp-content\/uploads\/2025\/07\/Lanzamiento-del-nuevo-libro-Hilos-Invisibles-de-Manuel-Colombo-5.jpg 1200w\" sizes=\"auto, (max-width: 1024px) 100vw, 1024px\" \/><\/figure>\n\n\n\n<p><strong>SOBRE EL AUTOR MANUEL COLOMBO<\/strong><\/p>\n\n\n\n<p>Naci\u00f3 en Gualeguaych\u00fa, Entre R\u00edos en 1984<\/p>\n\n\n\n<p>Su ni\u00f1ez y adolescencia estuvieron atravesadas por situaciones y personas muy especiales lo que despert\u00f3 en \u00e9l un convencimiento de que vinimos a aprender junto a otros de nuestras propias experiencias y situaciones que nos presenta la vida. Licenciado en Relaciones del Trabajo por la Universidad de Buenos Aires Coach ontol\u00f3gico y sist\u00e9mico. Se entren\u00f3 en constelaciones familiares, psicolog\u00eda gest\u00e1ltica, t\u00e9cnicas corporales, PNL y coaching ejecutivo y pol\u00edtico, integrando cuerpo, emoci\u00f3n y lenguaje en una mirada profunda y humanista.<\/p>\n\n\n\n<p>Es creador del m\u00e9todo MOV, que fusiona coaching ontol\u00f3gico, que trabaja con preguntas para desafiar la forma en que una persona est\u00e1 siendo, y constelaciones familiares, que permiten reconocer las din\u00e1micas y lealtades inconscientes del sistema del que venimos. Juntas, estas disciplinas invitan a comprender el presente con m\u00e1s conciencia y libertad para elegir.<\/p>\n\n\n\n<p>Es fundador de @manucolombomov, una comunidad de transformaci\u00f3n que ha impactado a m\u00e1s de 70.000 personas en el mundo hispanohablante.&nbsp;<\/p>\n\n\n\n<p>Fund\u00f3 y dirige View Connection, una escuela de coaching por la que han pasado m\u00e1s de 2000 alumnos y donde se han formado m\u00e1s de 250 coaches con&nbsp;certificaci\u00f3n internacional.<\/p>\n\n\n\n<p>Desde hace m\u00e1s de una d\u00e9cada Manu Colombo acompa\u00f1a a quienes sienten el llamado de cambiar;&nbsp; a reconocer los hilos invisibles que los atan y a tomar las decisiones que realmente desean.<\/p>\n\n\n\n<p><strong>Redes Sociales Manu Colombo:<\/strong><\/p>\n\n\n\n<p><strong>Instagram:<\/strong> <a href=\"https:\/\/www.instagram.com\/manucolombomov\">https:\/\/www.instagram.com\/manucolombomov<\/a><\/p>\n\n\n\n<p><strong>P\u00e1gina Web:<\/strong> https:\/\/manucolombo.com\/<\/p>\n\n\n\n<p><strong>YouTube:<\/strong> <a href=\"http:\/\/www.youtube.com\/@manucolombomov\">www.youtube.com\/@manucolombomov<\/a><\/p>\n\n\n\n<p><strong>Linktree:<\/strong> <a href=\"https:\/\/linktr.ee\/manucolombomov\">https:\/\/linktr.ee\/manucolombomov<\/a><\/p>\n\n\n\n<p><strong>Mail:<\/strong> Manuel Colombo &lt;manuel@viewconnection.net&gt;<\/p>\n\n\n\n<figure class=\"wp-block-image size-large\"><img loading=\"lazy\" decoding=\"async\" width=\"1024\" height=\"684\" src=\"https:\/\/sergiolapegue.com\/site\/wp-content\/uploads\/2025\/07\/Lanzamiento-del-nuevo-libro-Hilos-Invisibles-de-Manuel-Colombo-6-1024x684.jpg\" alt=\"\" class=\"wp-image-24187\" srcset=\"https:\/\/sergiolapegue.com\/site\/wp-content\/uploads\/2025\/07\/Lanzamiento-del-nuevo-libro-Hilos-Invisibles-de-Manuel-Colombo-6-1024x684.jpg 1024w, https:\/\/sergiolapegue.com\/site\/wp-content\/uploads\/2025\/07\/Lanzamiento-del-nuevo-libro-Hilos-Invisibles-de-Manuel-Colombo-6-300x200.jpg 300w, https:\/\/sergiolapegue.com\/site\/wp-content\/uploads\/2025\/07\/Lanzamiento-del-nuevo-libro-Hilos-Invisibles-de-Manuel-Colombo-6-768x513.jpg 768w, https:\/\/sergiolapegue.com\/site\/wp-content\/uploads\/2025\/07\/Lanzamiento-del-nuevo-libro-Hilos-Invisibles-de-Manuel-Colombo-6-629x420.jpg 629w, https:\/\/sergiolapegue.com\/site\/wp-content\/uploads\/2025\/07\/Lanzamiento-del-nuevo-libro-Hilos-Invisibles-de-Manuel-Colombo-6-696x465.jpg 696w, https:\/\/sergiolapegue.com\/site\/wp-content\/uploads\/2025\/07\/Lanzamiento-del-nuevo-libro-Hilos-Invisibles-de-Manuel-Colombo-6-1068x713.jpg 1068w, https:\/\/sergiolapegue.com\/site\/wp-content\/uploads\/2025\/07\/Lanzamiento-del-nuevo-libro-Hilos-Invisibles-de-Manuel-Colombo-6.jpg 1200w\" sizes=\"auto, (max-width: 1024px) 100vw, 1024px\" \/><\/figure>\n\n\n\n<p><strong>SPEAKER Y EVENTOS RECIENTES<\/strong><\/p>\n\n\n\n<p>Manu se destaca como speaker motivacional en grandes eventos, donde combina charlas inspiracionales con ejercicios vivenciales de alto impacto emocional:<br>2025<\/p>\n\n\n\n<ul class=\"wp-block-list\">\n<li>Febrero: Vivir en Coherencia en Big Bang Punta del Este. Invitado especial del Dr. Alejandro Junger en la conferencia &#8211; Repara tus Intestinos, Sana tu Vida.<\/li>\n\n\n\n<li>Junio: Expo Hol\u00edstica en La Rural. Conferencia en auditorio https:\/\/expoholistica.com.ar\/<\/li>\n\n\n\n<li>Agosto: MCA Festival, Santiago de Chile &#8211; https:\/\/www.mcacanal.com\/mcafestival\/<\/li>\n<\/ul>\n\n\n\n<p>2023\/2024:<\/p>\n\n\n\n<ul class=\"wp-block-list\">\n<li>Wellness Fest 2024 \u2013 Golden Center<\/li>\n\n\n\n<li>Evento IN &#8211; El Potencial est\u00e1 en ti &#8211; C\u00f3rdoba<\/li>\n\n\n\n<li>Wellness Fest 2023 &#8211; Metropolitan<\/li>\n\n\n\n<li>La Nueva Era \u2013 Teatro La Plaza\u00a0<\/li>\n\n\n\n<li>Conferencia con Brigitte Champetier: \u201cDestino y Libertad\u201d<\/li>\n\n\n\n<li>Taller en Punta del Este<\/li>\n\n\n\n<li>Talleres presenciales en Buenos Aires, Colonia y Montevideo<\/li>\n<\/ul>\n\n\n\n<p><strong>Programas de Formaci\u00f3n<\/strong><\/p>\n\n\n\n<ul class=\"wp-block-list\">\n<li>Inicio al Arte del Coaching Ontol\u00f3gico<\/li>\n<\/ul>\n\n\n\n<p>M\u00e1s de 600 alumnos por a\u00f1o. 38 ediciones en vivo para Latinoam\u00e9rica.<\/p>\n\n\n\n<ul class=\"wp-block-list\">\n<li>Entrenamiento en Coaching Ontol\u00f3gico I y II<\/li>\n<\/ul>\n\n\n\n<p>Programa de 10 a\u00f1os de trayectoria. Equipo de 30 coaches. Certificaci\u00f3n internacional. 2 mil alumnos han pasado por este programa. + de 250 coaches certificados<\/p>\n\n\n\n<ul class=\"wp-block-list\">\n<li>Formaci\u00f3n en Mirada Sist\u00e9mica I y II<\/li>\n<\/ul>\n\n\n\n<p>Enfoque innovador que enriquece el coaching con herramientas de constelaciones familiares.<\/p>\n\n\n\n<p>Gracias Marcela N\u00fa\u00f1ez por acercarnos la gacetilla de prensa del lanzamiento del nuevo libro de Manuel Colombo.<\/p>\n\n\n\n<p><\/p>\n","protected":false},"excerpt":{"rendered":"<p>\u201cHilos Invisibles\u201d&nbsp;es el primer libro de&nbsp;Manuel Colombo, coach ontol\u00f3gico y sist\u00e9mico, creador del m\u00e9todo&nbsp;MOV&nbsp;que integra ambas disciplinas, impactado a m\u00e1s de 70 mil personas.&nbsp; MOVno es solo un m\u00e9todo: es una revoluci\u00f3n del SER, un proceso profundo que interviene en cada aspecto de la vida;&nbsp;mente, cuerpo, emociones, contexto y legado familiar. Por estas experiencias&nbsp;Manuel Colomboen [&hellip;]<\/p>\n","protected":false},"author":3,"featured_media":24188,"comment_status":"open","ping_status":"closed","sticky":false,"template":"","format":"standard","meta":{"footnotes":""},"categories":[34,37],"tags":[],"class_list":{"0":"post-24184","1":"post","2":"type-post","3":"status-publish","4":"format-standard","5":"has-post-thumbnail","7":"category-arte","8":"category-libros"},"yoast_head":"<!-- This site is optimized with the Yoast SEO plugin v27.5 - https:\/\/yoast.com\/product\/yoast-seo-wordpress\/ -->\n<title>LANZAMIENTO DEL LIBRO \u201cHILOS INVISIBLES\u201d DE MANUEL COLOMBO - Sergio Lapegue<\/title>\n<meta name=\"robots\" content=\"index, follow, max-snippet:-1, max-image-preview:large, max-video-preview:-1\" \/>\n<link rel=\"canonical\" href=\"https:\/\/sergiolapegue.com\/site\/2025\/07\/20\/lanzamiento-del-libro-hilos-invisibles-de-manuel-colombo\/\" \/>\n<meta property=\"og:locale\" content=\"es_ES\" \/>\n<meta property=\"og:type\" content=\"article\" \/>\n<meta property=\"og:title\" content=\"LANZAMIENTO DEL LIBRO \u201cHILOS INVISIBLES\u201d DE MANUEL COLOMBO - Sergio Lapegue\" \/>\n<meta property=\"og:description\" content=\"\u201cHilos Invisibles\u201d&nbsp;es el primer libro de&nbsp;Manuel Colombo, coach ontol\u00f3gico y sist\u00e9mico, creador del m\u00e9todo&nbsp;MOV&nbsp;que integra ambas disciplinas, impactado a m\u00e1s de 70 mil personas.&nbsp; MOVno es solo un m\u00e9todo: es una revoluci\u00f3n del SER, un proceso profundo que interviene en cada aspecto de la vida;&nbsp;mente, cuerpo, emociones, contexto y legado familiar. Por estas experiencias&nbsp;Manuel Colomboen [&hellip;]\" \/>\n<meta property=\"og:url\" content=\"https:\/\/sergiolapegue.com\/site\/2025\/07\/20\/lanzamiento-del-libro-hilos-invisibles-de-manuel-colombo\/\" \/>\n<meta property=\"og:site_name\" content=\"Sergio Lapegue\" \/>\n<meta property=\"article:publisher\" content=\"https:\/\/facebook.com\/sergiolapegue\" \/>\n<meta property=\"article:author\" content=\"https:\/\/facebook.com\/danielernesto.montana\" \/>\n<meta property=\"article:published_time\" content=\"2025-07-20T16:00:00+00:00\" \/>\n<meta property=\"og:image\" content=\"https:\/\/sergiolapegue.com\/site\/wp-content\/uploads\/2025\/07\/Lanzamiento-del-nuevo-libro-Hilos-Invisibles-de-Manuel-Colombo.jpg\" \/>\n\t<meta property=\"og:image:width\" content=\"800\" \/>\n\t<meta property=\"og:image:height\" content=\"1200\" \/>\n\t<meta property=\"og:image:type\" content=\"image\/jpeg\" \/>\n<meta name=\"author\" content=\"Daniel E. Monta\u00f1a\" \/>\n<meta name=\"twitter:card\" content=\"summary_large_image\" \/>\n<meta name=\"twitter:creator\" content=\"@https:\/\/twitter.com\/daner_004\" \/>\n<meta name=\"twitter:site\" content=\"@sergiolapegue\" \/>\n<meta name=\"twitter:label1\" content=\"Escrito por\" \/>\n\t<meta name=\"twitter:data1\" content=\"Daniel E. Monta\u00f1a\" \/>\n\t<meta name=\"twitter:label2\" content=\"Tiempo de lectura\" \/>\n\t<meta name=\"twitter:data2\" content=\"4 minutos\" \/>\n<script type=\"application\/ld+json\" class=\"yoast-schema-graph\">{\"@context\":\"https:\\\/\\\/schema.org\",\"@graph\":[{\"@type\":\"Article\",\"@id\":\"https:\\\/\\\/sergiolapegue.com\\\/site\\\/2025\\\/07\\\/20\\\/lanzamiento-del-libro-hilos-invisibles-de-manuel-colombo\\\/#article\",\"isPartOf\":{\"@id\":\"https:\\\/\\\/sergiolapegue.com\\\/site\\\/2025\\\/07\\\/20\\\/lanzamiento-del-libro-hilos-invisibles-de-manuel-colombo\\\/\"},\"author\":{\"name\":\"Daniel E. Monta\u00f1a\",\"@id\":\"https:\\\/\\\/sergiolapegue.com\\\/site\\\/#\\\/schema\\\/person\\\/9198e7dbab43c6d74d0fd5399af7c3cd\"},\"headline\":\"LANZAMIENTO DEL LIBRO \u201cHILOS INVISIBLES\u201d DE MANUEL COLOMBO\",\"datePublished\":\"2025-07-20T16:00:00+00:00\",\"mainEntityOfPage\":{\"@id\":\"https:\\\/\\\/sergiolapegue.com\\\/site\\\/2025\\\/07\\\/20\\\/lanzamiento-del-libro-hilos-invisibles-de-manuel-colombo\\\/\"},\"wordCount\":767,\"commentCount\":0,\"publisher\":{\"@id\":\"https:\\\/\\\/sergiolapegue.com\\\/site\\\/#\\\/schema\\\/person\\\/083aeceeb0734cd166779ea6c0551a37\"},\"image\":{\"@id\":\"https:\\\/\\\/sergiolapegue.com\\\/site\\\/2025\\\/07\\\/20\\\/lanzamiento-del-libro-hilos-invisibles-de-manuel-colombo\\\/#primaryimage\"},\"thumbnailUrl\":\"https:\\\/\\\/sergiolapegue.com\\\/site\\\/wp-content\\\/uploads\\\/2025\\\/07\\\/Lanzamiento-del-nuevo-libro-Hilos-Invisibles-de-Manuel-Colombo.jpg\",\"articleSection\":[\"Arte\",\"Libros\"],\"inLanguage\":\"es-AR\",\"potentialAction\":[{\"@type\":\"CommentAction\",\"name\":\"Comment\",\"target\":[\"https:\\\/\\\/sergiolapegue.com\\\/site\\\/2025\\\/07\\\/20\\\/lanzamiento-del-libro-hilos-invisibles-de-manuel-colombo\\\/#respond\"]}]},{\"@type\":\"WebPage\",\"@id\":\"https:\\\/\\\/sergiolapegue.com\\\/site\\\/2025\\\/07\\\/20\\\/lanzamiento-del-libro-hilos-invisibles-de-manuel-colombo\\\/\",\"url\":\"https:\\\/\\\/sergiolapegue.com\\\/site\\\/2025\\\/07\\\/20\\\/lanzamiento-del-libro-hilos-invisibles-de-manuel-colombo\\\/\",\"name\":\"LANZAMIENTO DEL LIBRO \u201cHILOS INVISIBLES\u201d DE MANUEL COLOMBO - Sergio Lapegue\",\"isPartOf\":{\"@id\":\"https:\\\/\\\/sergiolapegue.com\\\/site\\\/#website\"},\"primaryImageOfPage\":{\"@id\":\"https:\\\/\\\/sergiolapegue.com\\\/site\\\/2025\\\/07\\\/20\\\/lanzamiento-del-libro-hilos-invisibles-de-manuel-colombo\\\/#primaryimage\"},\"image\":{\"@id\":\"https:\\\/\\\/sergiolapegue.com\\\/site\\\/2025\\\/07\\\/20\\\/lanzamiento-del-libro-hilos-invisibles-de-manuel-colombo\\\/#primaryimage\"},\"thumbnailUrl\":\"https:\\\/\\\/sergiolapegue.com\\\/site\\\/wp-content\\\/uploads\\\/2025\\\/07\\\/Lanzamiento-del-nuevo-libro-Hilos-Invisibles-de-Manuel-Colombo.jpg\",\"datePublished\":\"2025-07-20T16:00:00+00:00\",\"breadcrumb\":{\"@id\":\"https:\\\/\\\/sergiolapegue.com\\\/site\\\/2025\\\/07\\\/20\\\/lanzamiento-del-libro-hilos-invisibles-de-manuel-colombo\\\/#breadcrumb\"},\"inLanguage\":\"es-AR\",\"potentialAction\":[{\"@type\":\"ReadAction\",\"target\":[\"https:\\\/\\\/sergiolapegue.com\\\/site\\\/2025\\\/07\\\/20\\\/lanzamiento-del-libro-hilos-invisibles-de-manuel-colombo\\\/\"]}]},{\"@type\":\"ImageObject\",\"inLanguage\":\"es-AR\",\"@id\":\"https:\\\/\\\/sergiolapegue.com\\\/site\\\/2025\\\/07\\\/20\\\/lanzamiento-del-libro-hilos-invisibles-de-manuel-colombo\\\/#primaryimage\",\"url\":\"https:\\\/\\\/sergiolapegue.com\\\/site\\\/wp-content\\\/uploads\\\/2025\\\/07\\\/Lanzamiento-del-nuevo-libro-Hilos-Invisibles-de-Manuel-Colombo.jpg\",\"contentUrl\":\"https:\\\/\\\/sergiolapegue.com\\\/site\\\/wp-content\\\/uploads\\\/2025\\\/07\\\/Lanzamiento-del-nuevo-libro-Hilos-Invisibles-de-Manuel-Colombo.jpg\",\"width\":800,\"height\":1200},{\"@type\":\"BreadcrumbList\",\"@id\":\"https:\\\/\\\/sergiolapegue.com\\\/site\\\/2025\\\/07\\\/20\\\/lanzamiento-del-libro-hilos-invisibles-de-manuel-colombo\\\/#breadcrumb\",\"itemListElement\":[{\"@type\":\"ListItem\",\"position\":1,\"name\":\"Inicio\",\"item\":\"https:\\\/\\\/sergiolapegue.com\\\/site\\\/\"},{\"@type\":\"ListItem\",\"position\":2,\"name\":\"LANZAMIENTO DEL LIBRO \u201cHILOS INVISIBLES\u201d DE MANUEL COLOMBO\"}]},{\"@type\":\"WebSite\",\"@id\":\"https:\\\/\\\/sergiolapegue.com\\\/site\\\/#website\",\"url\":\"https:\\\/\\\/sergiolapegue.com\\\/site\\\/\",\"name\":\"Sergio Lapegue\",\"description\":\"Periodista\",\"publisher\":{\"@id\":\"https:\\\/\\\/sergiolapegue.com\\\/site\\\/#\\\/schema\\\/person\\\/083aeceeb0734cd166779ea6c0551a37\"},\"potentialAction\":[{\"@type\":\"SearchAction\",\"target\":{\"@type\":\"EntryPoint\",\"urlTemplate\":\"https:\\\/\\\/sergiolapegue.com\\\/site\\\/?s={search_term_string}\"},\"query-input\":{\"@type\":\"PropertyValueSpecification\",\"valueRequired\":true,\"valueName\":\"search_term_string\"}}],\"inLanguage\":\"es-AR\"},{\"@type\":[\"Person\",\"Organization\"],\"@id\":\"https:\\\/\\\/sergiolapegue.com\\\/site\\\/#\\\/schema\\\/person\\\/083aeceeb0734cd166779ea6c0551a37\",\"name\":\"Sergio Lapegue\",\"image\":{\"@type\":\"ImageObject\",\"inLanguage\":\"es-AR\",\"@id\":\"https:\\\/\\\/sergiolapegue.com\\\/site\\\/wp-content\\\/uploads\\\/2021\\\/04\\\/logo_header-1.png\",\"url\":\"https:\\\/\\\/sergiolapegue.com\\\/site\\\/wp-content\\\/uploads\\\/2021\\\/04\\\/logo_header-1.png\",\"contentUrl\":\"https:\\\/\\\/sergiolapegue.com\\\/site\\\/wp-content\\\/uploads\\\/2021\\\/04\\\/logo_header-1.png\",\"width\":272,\"height\":90,\"caption\":\"Sergio Lapegue\"},\"logo\":{\"@id\":\"https:\\\/\\\/sergiolapegue.com\\\/site\\\/wp-content\\\/uploads\\\/2021\\\/04\\\/logo_header-1.png\"},\"sameAs\":[\"https:\\\/\\\/facebook.com\\\/sergiolapegue\",\"https:\\\/\\\/instagram.com\\\/sergiolapegue\",\"https:\\\/\\\/x.com\\\/https:\\\/\\\/twitter.com\\\/sergiolapegue\"]},{\"@type\":\"Person\",\"@id\":\"https:\\\/\\\/sergiolapegue.com\\\/site\\\/#\\\/schema\\\/person\\\/9198e7dbab43c6d74d0fd5399af7c3cd\",\"name\":\"Daniel E. Monta\u00f1a\",\"image\":{\"@type\":\"ImageObject\",\"inLanguage\":\"es-AR\",\"@id\":\"https:\\\/\\\/sergiolapegue.com\\\/site\\\/wp-content\\\/uploads\\\/2021\\\/04\\\/sl_avatar_Daniel-150x150.jpg\",\"url\":\"https:\\\/\\\/sergiolapegue.com\\\/site\\\/wp-content\\\/uploads\\\/2021\\\/04\\\/sl_avatar_Daniel-150x150.jpg\",\"contentUrl\":\"https:\\\/\\\/sergiolapegue.com\\\/site\\\/wp-content\\\/uploads\\\/2021\\\/04\\\/sl_avatar_Daniel-150x150.jpg\",\"caption\":\"Daniel E. Monta\u00f1a\"},\"sameAs\":[\"https:\\\/\\\/facebook.com\\\/danielernesto.montana\",\"https:\\\/\\\/instagram.com\\\/daniel_montana1961\",\"https:\\\/\\\/x.com\\\/https:\\\/\\\/twitter.com\\\/daner_004\"],\"url\":\"https:\\\/\\\/sergiolapegue.com\\\/site\\\/author\\\/daniel\\\/\"}]}<\/script>\n<!-- \/ Yoast SEO plugin. -->","yoast_head_json":{"title":"LANZAMIENTO DEL LIBRO \u201cHILOS INVISIBLES\u201d DE MANUEL COLOMBO - Sergio Lapegue","robots":{"index":"index","follow":"follow","max-snippet":"max-snippet:-1","max-image-preview":"max-image-preview:large","max-video-preview":"max-video-preview:-1"},"canonical":"https:\/\/sergiolapegue.com\/site\/2025\/07\/20\/lanzamiento-del-libro-hilos-invisibles-de-manuel-colombo\/","og_locale":"es_ES","og_type":"article","og_title":"LANZAMIENTO DEL LIBRO \u201cHILOS INVISIBLES\u201d DE MANUEL COLOMBO - Sergio Lapegue","og_description":"\u201cHilos Invisibles\u201d&nbsp;es el primer libro de&nbsp;Manuel Colombo, coach ontol\u00f3gico y sist\u00e9mico, creador del m\u00e9todo&nbsp;MOV&nbsp;que integra ambas disciplinas, impactado a m\u00e1s de 70 mil personas.&nbsp; MOVno es solo un m\u00e9todo: es una revoluci\u00f3n del SER, un proceso profundo que interviene en cada aspecto de la vida;&nbsp;mente, cuerpo, emociones, contexto y legado familiar. Por estas experiencias&nbsp;Manuel Colomboen [&hellip;]","og_url":"https:\/\/sergiolapegue.com\/site\/2025\/07\/20\/lanzamiento-del-libro-hilos-invisibles-de-manuel-colombo\/","og_site_name":"Sergio Lapegue","article_publisher":"https:\/\/facebook.com\/sergiolapegue","article_author":"https:\/\/facebook.com\/danielernesto.montana","article_published_time":"2025-07-20T16:00:00+00:00","og_image":[{"width":800,"height":1200,"url":"https:\/\/sergiolapegue.com\/site\/wp-content\/uploads\/2025\/07\/Lanzamiento-del-nuevo-libro-Hilos-Invisibles-de-Manuel-Colombo.jpg","type":"image\/jpeg"}],"author":"Daniel E. Monta\u00f1a","twitter_card":"summary_large_image","twitter_creator":"@https:\/\/twitter.com\/daner_004","twitter_site":"@sergiolapegue","twitter_misc":{"Escrito por":"Daniel E. Monta\u00f1a","Tiempo de lectura":"4 minutos"},"schema":{"@context":"https:\/\/schema.org","@graph":[{"@type":"Article","@id":"https:\/\/sergiolapegue.com\/site\/2025\/07\/20\/lanzamiento-del-libro-hilos-invisibles-de-manuel-colombo\/#article","isPartOf":{"@id":"https:\/\/sergiolapegue.com\/site\/2025\/07\/20\/lanzamiento-del-libro-hilos-invisibles-de-manuel-colombo\/"},"author":{"name":"Daniel E. Monta\u00f1a","@id":"https:\/\/sergiolapegue.com\/site\/#\/schema\/person\/9198e7dbab43c6d74d0fd5399af7c3cd"},"headline":"LANZAMIENTO DEL LIBRO \u201cHILOS INVISIBLES\u201d DE MANUEL COLOMBO","datePublished":"2025-07-20T16:00:00+00:00","mainEntityOfPage":{"@id":"https:\/\/sergiolapegue.com\/site\/2025\/07\/20\/lanzamiento-del-libro-hilos-invisibles-de-manuel-colombo\/"},"wordCount":767,"commentCount":0,"publisher":{"@id":"https:\/\/sergiolapegue.com\/site\/#\/schema\/person\/083aeceeb0734cd166779ea6c0551a37"},"image":{"@id":"https:\/\/sergiolapegue.com\/site\/2025\/07\/20\/lanzamiento-del-libro-hilos-invisibles-de-manuel-colombo\/#primaryimage"},"thumbnailUrl":"https:\/\/sergiolapegue.com\/site\/wp-content\/uploads\/2025\/07\/Lanzamiento-del-nuevo-libro-Hilos-Invisibles-de-Manuel-Colombo.jpg","articleSection":["Arte","Libros"],"inLanguage":"es-AR","potentialAction":[{"@type":"CommentAction","name":"Comment","target":["https:\/\/sergiolapegue.com\/site\/2025\/07\/20\/lanzamiento-del-libro-hilos-invisibles-de-manuel-colombo\/#respond"]}]},{"@type":"WebPage","@id":"https:\/\/sergiolapegue.com\/site\/2025\/07\/20\/lanzamiento-del-libro-hilos-invisibles-de-manuel-colombo\/","url":"https:\/\/sergiolapegue.com\/site\/2025\/07\/20\/lanzamiento-del-libro-hilos-invisibles-de-manuel-colombo\/","name":"LANZAMIENTO DEL LIBRO \u201cHILOS INVISIBLES\u201d DE MANUEL COLOMBO - Sergio Lapegue","isPartOf":{"@id":"https:\/\/sergiolapegue.com\/site\/#website"},"primaryImageOfPage":{"@id":"https:\/\/sergiolapegue.com\/site\/2025\/07\/20\/lanzamiento-del-libro-hilos-invisibles-de-manuel-colombo\/#primaryimage"},"image":{"@id":"https:\/\/sergiolapegue.com\/site\/2025\/07\/20\/lanzamiento-del-libro-hilos-invisibles-de-manuel-colombo\/#primaryimage"},"thumbnailUrl":"https:\/\/sergiolapegue.com\/site\/wp-content\/uploads\/2025\/07\/Lanzamiento-del-nuevo-libro-Hilos-Invisibles-de-Manuel-Colombo.jpg","datePublished":"2025-07-20T16:00:00+00:00","breadcrumb":{"@id":"https:\/\/sergiolapegue.com\/site\/2025\/07\/20\/lanzamiento-del-libro-hilos-invisibles-de-manuel-colombo\/#breadcrumb"},"inLanguage":"es-AR","potentialAction":[{"@type":"ReadAction","target":["https:\/\/sergiolapegue.com\/site\/2025\/07\/20\/lanzamiento-del-libro-hilos-invisibles-de-manuel-colombo\/"]}]},{"@type":"ImageObject","inLanguage":"es-AR","@id":"https:\/\/sergiolapegue.com\/site\/2025\/07\/20\/lanzamiento-del-libro-hilos-invisibles-de-manuel-colombo\/#primaryimage","url":"https:\/\/sergiolapegue.com\/site\/wp-content\/uploads\/2025\/07\/Lanzamiento-del-nuevo-libro-Hilos-Invisibles-de-Manuel-Colombo.jpg","contentUrl":"https:\/\/sergiolapegue.com\/site\/wp-content\/uploads\/2025\/07\/Lanzamiento-del-nuevo-libro-Hilos-Invisibles-de-Manuel-Colombo.jpg","width":800,"height":1200},{"@type":"BreadcrumbList","@id":"https:\/\/sergiolapegue.com\/site\/2025\/07\/20\/lanzamiento-del-libro-hilos-invisibles-de-manuel-colombo\/#breadcrumb","itemListElement":[{"@type":"ListItem","position":1,"name":"Inicio","item":"https:\/\/sergiolapegue.com\/site\/"},{"@type":"ListItem","position":2,"name":"LANZAMIENTO DEL LIBRO \u201cHILOS INVISIBLES\u201d DE MANUEL COLOMBO"}]},{"@type":"WebSite","@id":"https:\/\/sergiolapegue.com\/site\/#website","url":"https:\/\/sergiolapegue.com\/site\/","name":"Sergio Lapegue","description":"Periodista","publisher":{"@id":"https:\/\/sergiolapegue.com\/site\/#\/schema\/person\/083aeceeb0734cd166779ea6c0551a37"},"potentialAction":[{"@type":"SearchAction","target":{"@type":"EntryPoint","urlTemplate":"https:\/\/sergiolapegue.com\/site\/?s={search_term_string}"},"query-input":{"@type":"PropertyValueSpecification","valueRequired":true,"valueName":"search_term_string"}}],"inLanguage":"es-AR"},{"@type":["Person","Organization"],"@id":"https:\/\/sergiolapegue.com\/site\/#\/schema\/person\/083aeceeb0734cd166779ea6c0551a37","name":"Sergio Lapegue","image":{"@type":"ImageObject","inLanguage":"es-AR","@id":"https:\/\/sergiolapegue.com\/site\/wp-content\/uploads\/2021\/04\/logo_header-1.png","url":"https:\/\/sergiolapegue.com\/site\/wp-content\/uploads\/2021\/04\/logo_header-1.png","contentUrl":"https:\/\/sergiolapegue.com\/site\/wp-content\/uploads\/2021\/04\/logo_header-1.png","width":272,"height":90,"caption":"Sergio Lapegue"},"logo":{"@id":"https:\/\/sergiolapegue.com\/site\/wp-content\/uploads\/2021\/04\/logo_header-1.png"},"sameAs":["https:\/\/facebook.com\/sergiolapegue","https:\/\/instagram.com\/sergiolapegue","https:\/\/x.com\/https:\/\/twitter.com\/sergiolapegue"]},{"@type":"Person","@id":"https:\/\/sergiolapegue.com\/site\/#\/schema\/person\/9198e7dbab43c6d74d0fd5399af7c3cd","name":"Daniel E. Monta\u00f1a","image":{"@type":"ImageObject","inLanguage":"es-AR","@id":"https:\/\/sergiolapegue.com\/site\/wp-content\/uploads\/2021\/04\/sl_avatar_Daniel-150x150.jpg","url":"https:\/\/sergiolapegue.com\/site\/wp-content\/uploads\/2021\/04\/sl_avatar_Daniel-150x150.jpg","contentUrl":"https:\/\/sergiolapegue.com\/site\/wp-content\/uploads\/2021\/04\/sl_avatar_Daniel-150x150.jpg","caption":"Daniel E. Monta\u00f1a"},"sameAs":["https:\/\/facebook.com\/danielernesto.montana","https:\/\/instagram.com\/daniel_montana1961","https:\/\/x.com\/https:\/\/twitter.com\/daner_004"],"url":"https:\/\/sergiolapegue.com\/site\/author\/daniel\/"}]}},"_links":{"self":[{"href":"https:\/\/sergiolapegue.com\/site\/wp-json\/wp\/v2\/posts\/24184","targetHints":{"allow":["GET"]}}],"collection":[{"href":"https:\/\/sergiolapegue.com\/site\/wp-json\/wp\/v2\/posts"}],"about":[{"href":"https:\/\/sergiolapegue.com\/site\/wp-json\/wp\/v2\/types\/post"}],"author":[{"embeddable":true,"href":"https:\/\/sergiolapegue.com\/site\/wp-json\/wp\/v2\/users\/3"}],"replies":[{"embeddable":true,"href":"https:\/\/sergiolapegue.com\/site\/wp-json\/wp\/v2\/comments?post=24184"}],"version-history":[{"count":1,"href":"https:\/\/sergiolapegue.com\/site\/wp-json\/wp\/v2\/posts\/24184\/revisions"}],"predecessor-version":[{"id":24189,"href":"https:\/\/sergiolapegue.com\/site\/wp-json\/wp\/v2\/posts\/24184\/revisions\/24189"}],"wp:featuredmedia":[{"embeddable":true,"href":"https:\/\/sergiolapegue.com\/site\/wp-json\/wp\/v2\/media\/24188"}],"wp:attachment":[{"href":"https:\/\/sergiolapegue.com\/site\/wp-json\/wp\/v2\/media?parent=24184"}],"wp:term":[{"taxonomy":"category","embeddable":true,"href":"https:\/\/sergiolapegue.com\/site\/wp-json\/wp\/v2\/categories?post=24184"},{"taxonomy":"post_tag","embeddable":true,"href":"https:\/\/sergiolapegue.com\/site\/wp-json\/wp\/v2\/tags?post=24184"}],"curies":[{"name":"wp","href":"https:\/\/api.w.org\/{rel}","templated":true}]}}