{"id":24161,"date":"2025-07-19T01:00:00","date_gmt":"2025-07-19T04:00:00","guid":{"rendered":"https:\/\/sergiolapegue.com\/site\/?p=24161"},"modified":"2025-07-17T23:55:01","modified_gmt":"2025-07-18T02:55:01","slug":"souvenir-de-mar-2","status":"publish","type":"post","link":"https:\/\/sergiolapegue.com\/site\/2025\/07\/19\/souvenir-de-mar-2\/","title":{"rendered":"SOUVENIR DE MAR"},"content":{"rendered":"\n<p>El martes 29 de julio llega la \u00faltima funci\u00f3n especial de \u201cSouvenir de mar\u201d, con dramaturgia de Roc\u00edo Agrasar, direcci\u00f3n de Gustavo Pardi y la actuaci\u00f3n de Alan Madanes.<\/p>\n\n\n\n<p>La funci\u00f3n tiene lugar en el Espacio Callej\u00f3n a las 20:00 horas.<\/p>\n\n\n\n<p><strong>SINOPSIS<\/strong><\/p>\n\n\n\n<p>Dentro de una habitaci\u00f3n en medio de Buenos Aires un pibe, cual souvenir, evoca y conmemora momentos de eso que fue pero no est\u00e1. El recuerdo se vuelve presente y se manifiesta en \u00e9l. Francis, un chab\u00f3n de barrio fan\u00e1tico de Boquita, conoce a Mar, un flaquito medio punk que lo revuelca como una ola haci\u00e9ndolo perderse, por primera vez, en el agua salada. Un encuentro \u00edntimo, una confesi\u00f3n de dolor y patetismo. Otra historia de amor.<\/p>\n\n\n\n<figure class=\"wp-block-image size-full\"><img loading=\"lazy\" decoding=\"async\" width=\"765\" height=\"779\" src=\"https:\/\/sergiolapegue.com\/site\/wp-content\/uploads\/2025\/07\/Souvenir-de-mar-4.jpeg\" alt=\"\" class=\"wp-image-24162\" srcset=\"https:\/\/sergiolapegue.com\/site\/wp-content\/uploads\/2025\/07\/Souvenir-de-mar-4.jpeg 765w, https:\/\/sergiolapegue.com\/site\/wp-content\/uploads\/2025\/07\/Souvenir-de-mar-4-295x300.jpeg 295w, https:\/\/sergiolapegue.com\/site\/wp-content\/uploads\/2025\/07\/Souvenir-de-mar-4-412x420.jpeg 412w, https:\/\/sergiolapegue.com\/site\/wp-content\/uploads\/2025\/07\/Souvenir-de-mar-4-696x709.jpeg 696w\" sizes=\"auto, (max-width: 765px) 100vw, 765px\" \/><\/figure>\n\n\n\n<p><strong>S\u00cdNTESIS ARGUMENTAL<\/strong><\/p>\n\n\n\n<p>Francis, un chico hetero porte\u00f1o, despierta todos los d\u00edas en su habitaci\u00f3n extra\u00f1ando y reviviendo su historia con un reciente amor fugaz. En la sala de espera del dentista conoce a Mar, un chico gay punky que enamora a Francis y hace que se cuestione su sexualidad e identidad. Se vuelven a encontrar en un pub bailable donde Francis cae en un remolino de preguntas y atracciones. Ellos comienzan a salir. Un d\u00eda se besan y se acuestan por primera vez. Francis se emociona, ellos bailan, se drogan, toman, y duermen juntos. Entre tanto, se ve tambi\u00e9n con una chica, Sami, que lo ayuda a distraerse y a reafirmar su heterosexualidad. Francis empieza a sentir inseguridades consigo mismo, y un d\u00eda recibe un paquete por encomienda enviado por Mar. Este contiene una ola que inunda por completo la habitaci\u00f3n de Francis haci\u00e9ndolo sentir que se ahogar\u00e1. Siente que no est\u00e1 listo para profundizar con Mar y asumir este cambio en su vida. Su amor de tan solo tres meses empieza a desencontrarse y Mar decide terminar la relaci\u00f3n. Francis tiene el coraz\u00f3n roto y desborda de emociones. Escribe poemas, canta canciones, se enreda en situaciones hipot\u00e9ticas, vuelve a verse con Sami, y predice todo lo que suceder\u00e1 hasta finalmente dejar atr\u00e1s el dolor y olvidar a Mar. Vuelve a encontrarse y hundirse en su habitaci\u00f3n con la ola que le regal\u00f3 Mar, y es as\u00ed, que finalmente decide que conocer\u00e1 la costa y est\u00e1 listo para un nuevo amor.<\/p>\n\n\n\n<figure class=\"wp-block-image size-full\"><img loading=\"lazy\" decoding=\"async\" width=\"726\" height=\"797\" src=\"https:\/\/sergiolapegue.com\/site\/wp-content\/uploads\/2025\/07\/Souvenir-de-mar-3.jpeg\" alt=\"\" class=\"wp-image-24163\" srcset=\"https:\/\/sergiolapegue.com\/site\/wp-content\/uploads\/2025\/07\/Souvenir-de-mar-3.jpeg 726w, https:\/\/sergiolapegue.com\/site\/wp-content\/uploads\/2025\/07\/Souvenir-de-mar-3-273x300.jpeg 273w, https:\/\/sergiolapegue.com\/site\/wp-content\/uploads\/2025\/07\/Souvenir-de-mar-3-383x420.jpeg 383w, https:\/\/sergiolapegue.com\/site\/wp-content\/uploads\/2025\/07\/Souvenir-de-mar-3-696x764.jpeg 696w\" sizes=\"auto, (max-width: 726px) 100vw, 726px\" \/><\/figure>\n\n\n\n<p><strong>FICHA T\u00c9CNICO ART\u00cdSTICA<\/strong><\/p>\n\n\n\n<p><strong>Dramaturgia:<\/strong> Roc\u00edo Agrasar<\/p>\n\n\n\n<p><strong>Interprete:<\/strong> Alan Madanes<\/p>\n\n\n\n<p><strong>Vestuario:<\/strong> Luna Mazzeo<\/p>\n\n\n\n<p><strong>Escenograf\u00eda:<\/strong> Alejandro Mateo<\/p>\n\n\n\n<p><strong>Dise\u00f1o sonoro:<\/strong> Silvina Aspiazu<\/p>\n\n\n\n<p><strong>Redes sociales:<\/strong> Valentina Madanes<\/p>\n\n\n\n<p><strong>Audiovisuales:<\/strong> Nahuel Quimey<\/p>\n\n\n\n<p><strong>M\u00fasica original:<\/strong> Silvina Aspiazu<\/p>\n\n\n\n<p><strong>Dise\u00f1o de iluminaci\u00f3n:<\/strong> Horacio Novelle<\/p>\n\n\n\n<p><strong>Fotograf\u00eda:<\/strong> Nahuel Quimey<\/p>\n\n\n\n<p><strong>Comunicaci\u00f3n:<\/strong> Varas Otero Comunicaciones<\/p>\n\n\n\n<p><strong>Dise\u00f1o gr\u00e1fico:<\/strong> Mar\u00eda Guadalupe Gui\u00f1az\u00fa &nbsp;<\/p>\n\n\n\n<p><strong>Asistencia t\u00e9cnica:<\/strong> Tom\u00e1s Alc\u00e1ntara<\/p>\n\n\n\n<p><strong>Asistencia de direcci\u00f3n:<\/strong> Glenda Aramburu<\/p>\n\n\n\n<p><strong>Prensa:<\/strong> Varas Otero Comunicaciones<\/p>\n\n\n\n<p><strong>Producci\u00f3n ejecutiva:<\/strong> Compa\u00f1\u00eda Souvenir<\/p>\n\n\n\n<p><strong>Producci\u00f3n general:<\/strong> Alan Madanes<\/p>\n\n\n\n<p><strong>Direcci\u00f3n:<\/strong> Gustavo Pardi<\/p>\n\n\n\n<p><strong>Instagram:<\/strong> @souvenirdemar<\/p>\n\n\n\n<p><strong>Duraci\u00f3n:<\/strong> 60 minutos<\/p>\n\n\n\n<p><strong>Clasificaci\u00f3n:<\/strong> Teatro \u2013 Presencial \u2013 Adultos<\/p>\n\n\n\n<figure class=\"wp-block-image size-large\"><img loading=\"lazy\" decoding=\"async\" width=\"1024\" height=\"1024\" src=\"https:\/\/sergiolapegue.com\/site\/wp-content\/uploads\/2025\/07\/Souvenir-de-mar-5-1024x1024.jpg\" alt=\"\" class=\"wp-image-24164\" srcset=\"https:\/\/sergiolapegue.com\/site\/wp-content\/uploads\/2025\/07\/Souvenir-de-mar-5-1024x1024.jpg 1024w, https:\/\/sergiolapegue.com\/site\/wp-content\/uploads\/2025\/07\/Souvenir-de-mar-5-300x300.jpg 300w, https:\/\/sergiolapegue.com\/site\/wp-content\/uploads\/2025\/07\/Souvenir-de-mar-5-150x150.jpg 150w, https:\/\/sergiolapegue.com\/site\/wp-content\/uploads\/2025\/07\/Souvenir-de-mar-5-768x768.jpg 768w, https:\/\/sergiolapegue.com\/site\/wp-content\/uploads\/2025\/07\/Souvenir-de-mar-5-420x420.jpg 420w, https:\/\/sergiolapegue.com\/site\/wp-content\/uploads\/2025\/07\/Souvenir-de-mar-5-696x696.jpg 696w, https:\/\/sergiolapegue.com\/site\/wp-content\/uploads\/2025\/07\/Souvenir-de-mar-5-1068x1068.jpg 1068w, https:\/\/sergiolapegue.com\/site\/wp-content\/uploads\/2025\/07\/Souvenir-de-mar-5.jpg 1440w\" sizes=\"auto, (max-width: 1024px) 100vw, 1024px\" \/><\/figure>\n\n\n\n<p><strong>ESPACIO CALLEJ\u00d3N<\/strong><\/p>\n\n\n\n<p>Humahuaca 3759 \u2013 Capital Federal \u2013 Buenos Aires \u2013 Argentina<\/p>\n\n\n\n<p>Reservas: 15 5 991 5225<\/p>\n\n\n\n<p>Web: <a href=\"https:\/\/www.instagram.com\/espacio_callejon\/\">https:\/\/www.instagram.com\/espacio_callejon\/<\/a><\/p>\n\n\n\n<p>Entrada: $ 16.000 \u2013 en boleter\u00eda del teatro o por Alternativa Teatral \u2013 Link:<\/p>\n\n\n\n<p><a href=\"https:\/\/publico.alternativateatral.com\/entradas91990-souvenir-de-mar?o=14\">https:\/\/publico.alternativateatral.com\/entradas91990-souvenir-de-mar?o=14<\/a><\/p>\n\n\n\n<p>Funci\u00f3n: Martes 29 de Julio \u2013 20:00 horas<\/p>\n\n\n\n<p>Gracias Glenda Aramburu por hacernos llegar la gacetilla de prensa de este espect\u00e1culo.<\/p>\n\n\n\n<p><\/p>\n\n\n\n<figure class=\"wp-block-image size-large is-resized\"><img loading=\"lazy\" decoding=\"async\" width=\"1024\" height=\"956\" src=\"https:\/\/sergiolapegue.com\/site\/wp-content\/uploads\/2025\/07\/Souvenir-de-mar-Alan-Madanes-1024x956.jpeg\" alt=\"\" class=\"wp-image-24165\" style=\"width:340px;height:auto\" srcset=\"https:\/\/sergiolapegue.com\/site\/wp-content\/uploads\/2025\/07\/Souvenir-de-mar-Alan-Madanes-1024x956.jpeg 1024w, https:\/\/sergiolapegue.com\/site\/wp-content\/uploads\/2025\/07\/Souvenir-de-mar-Alan-Madanes-300x280.jpeg 300w, https:\/\/sergiolapegue.com\/site\/wp-content\/uploads\/2025\/07\/Souvenir-de-mar-Alan-Madanes-768x717.jpeg 768w, https:\/\/sergiolapegue.com\/site\/wp-content\/uploads\/2025\/07\/Souvenir-de-mar-Alan-Madanes-450x420.jpeg 450w, https:\/\/sergiolapegue.com\/site\/wp-content\/uploads\/2025\/07\/Souvenir-de-mar-Alan-Madanes-696x650.jpeg 696w, https:\/\/sergiolapegue.com\/site\/wp-content\/uploads\/2025\/07\/Souvenir-de-mar-Alan-Madanes.jpeg 1034w\" sizes=\"auto, (max-width: 1024px) 100vw, 1024px\" \/><\/figure>\n\n\n\n<p><strong>SOBRE ALAN MADANES \u2013 ACTOR (@alanmadanes)<\/strong><\/p>\n\n\n\n<p>Alan Madanes es un actor, m\u00fasico y cantante argentino. Se form\u00f3 en la escuela de Nora Moseinco, en la escuela de Claudio Tolcachir TIMBRE 4, fue alumno de la Carrera de Artes Dram\u00e1ticas de la UNA y del Conservatorio de M\u00fasica de la Ciudad de Buenos Aires &#8221;Astor Piazzolla&#8221;. En 2014 fue seleccionado para formar parte de CAST, el Centro Art\u00edstico de Selecci\u00f3n de Talentos de Telefe. Trabaj\u00f3 en cine en Margen de Error (Liliana Paolinelli), Agua Negra (Santiago Ventura), Su versi\u00f3n (Teresa Costantini), Tu cuerpo en mi habitaci\u00f3n (Axel Cheb), Las vidas posibles (Emilia Herbst), Sincope (Ariel Hasman), entre otras. En series y televisi\u00f3n en Croma\u00f1\u00f3n (Prime V\u00eddeo), trabajo por el cual obtuvo el Premio C\u00f3ndor de Plata como Revelaci\u00f3n Masculina, fue parte de los ciclos Elegidos, la m\u00fasica en tus manos (Telefe), Loco x Vos (Telefe), Kally\u2019s Mashup (Nickelodeon), Bia (Disney Channel), Peque\u00f1as Victorias (Telefe), Limbo (Star Plus), Freeks (Disney Plus) e Inadaptada (Paramount Plus), entre otras. En teatro fue parte de los elencos de Querido Evan, Mam\u00e1 est\u00e1 m\u00e1s chiquita, Elegidos en el Rex, In The Heights, El Libertador, UP la f\u00f3rmula de la felicidad, Juegos, Te quiero hasta la Luna, Mirarnos as\u00ed hasta morirnos, Conjeturas, entre algunas otras. En 2024 protagoniz\u00f3 Cuando Frank conoci\u00f3 a Carlitos y fue reconocido como Mejor Actor Protag\u00f3nico de la temporada en los Premios Hugo al Teatro Musical. Actualmente protagoniza \u201cSandro, el gran show\u201d en el Teatro Coliseo, y est\u00e1 por lanzar su primer libro el cual ser\u00e1 publicado por la editorial Galerna en Junio de este a\u00f1o.<\/p>\n\n\n\n<figure class=\"wp-block-image size-full is-resized\"><img loading=\"lazy\" decoding=\"async\" width=\"651\" height=\"583\" src=\"https:\/\/sergiolapegue.com\/site\/wp-content\/uploads\/2025\/07\/Souvenir-de-mar-Gustavo-Pardi.jpeg\" alt=\"\" class=\"wp-image-24166\" style=\"width:339px;height:auto\" srcset=\"https:\/\/sergiolapegue.com\/site\/wp-content\/uploads\/2025\/07\/Souvenir-de-mar-Gustavo-Pardi.jpeg 651w, https:\/\/sergiolapegue.com\/site\/wp-content\/uploads\/2025\/07\/Souvenir-de-mar-Gustavo-Pardi-300x269.jpeg 300w, https:\/\/sergiolapegue.com\/site\/wp-content\/uploads\/2025\/07\/Souvenir-de-mar-Gustavo-Pardi-469x420.jpeg 469w\" sizes=\"auto, (max-width: 651px) 100vw, 651px\" \/><\/figure>\n\n\n\n<p><strong>SOBRE GUSTAVO PARDI \u2013 DIRECTOR (@pardigustavo)<\/strong><\/p>\n\n\n\n<p>DIRECTOR \u2013 TEATRO \u201cSouvenir de Mar\u201d (Espacio Callej\u00f3n); \u201cMedea\u201d (Centro Cultural Cooperaci\u00f3n); \u201cEl Zoo de Cristal\u201d (Teatro Picadero; Audit\u00f3rium, Mar del Plata \u2013 Premio Estrella de Mar Mejor Actriz: Ingrid Pelicori); \u201cBuf\u00f3n\u201d (Gira Nacional, Teatro Audit\u00f3rium, Mar del Plata &#8211; Nominado Estrella de Mar Mejor Actor: Gustavo Garz\u00f3n); \u201cLa Conversaci\u00f3n Infinita\u201d, sobre poemas de Juano Villafa\u00f1e (Centro Cultural Cooperaci\u00f3n, Teatro Audit\u00f3rium, Mar del Plata).<\/p>\n\n\n\n<p>ACTOR &#8211; TEATRO \u201cEl suelo que sostiene a Hande\u201d (dir. Corina Fiorillo, Teatro Regio); \u201cParque Lezama\u201d (dir. Juan Jos\u00e9 Campanella, Teatro Politeama); &#8220;Jaur\u00eda&#8221; (dir. Nelson Valente \/ Teatro Picadero); &#8220;Danza macabra&#8221; (dir. Anal\u00eda Fedra Garc\u00eda, Teatro Regio); &#8220;El cart\u00f3grafo&#8221; (dir. Laura Yusem, Teatro San Mart\u00edn); &#8220;La tempestad&#8221; (dir. Penny Cherns, Teatro San Mart\u00edn); &#8220;Casa Valentina&#8221; (dir. Jos\u00e9 Mar\u00eda Muscari, Teatro Picadilly y Gira nacional); &#8220;Dignidad&#8221; (dir. Corina Fiorillo, Teatro Maipo); \u201cUn hombre equivocado\u201d (dir. Villanueva Cosse, Teatro Nacional Cervantes); \u201cSacco y Vanzetti\u201d (dir. Mariano Dossena, Teatro Nacional Cervantes, gira nacional y temporada en Mar del Plata: Premio Estrella de Mar Mejor Drama); &#8220;Con un tigre en la boca&#8221; (dir. Hugo Urquijo, Centro Cultural Cooperaci\u00f3n: Premio ACE Teatro y Poes\u00eda); \u201cLos \u00e1spides de Cleopatra\u201d (dir. Guillermo Heras, Teatro San Mart\u00edn y temporada en Madrid); \u201cPoeta en Nueva York\u201d (dir. Mariano Dossena, Centro Cultural Cooperaci\u00f3n, funciones en Madrid y Montevideo); \u201cEl organito\u201d (dir. Julio Baccaro, Teatro de la Ribera); \u201cEl pa\u00eds de las brujas\u201d (dir. Cristina Banegas \/ Premio ACE Mejor Infantil)<\/p>\n\n\n\n<p>ACTOR &#8211; CINE \u201c1978\u201d (dir. Hermanos Onetti); \u201cLos ojos del abismo\u201d (dir. Daniel de la Vega); \u201cEl beso de Judas\u201d (dir. Mart\u00edn Murphy); \u201cLos renacidos\u201d (dir. Santiago Est\u00e9vez); \u201cLos impactados\u201d (dir. Luc\u00eda Puenzo); \u201cFragmentada\u201d (dir. Facundo Escudero); \u201cNatalia Natalia\u201d (dir. Juan Bautista Stagnaro); \u201cFranklin sangra por la boca\u201d (dir. Lucas Vivo); \u201cLo habr\u00e1s imaginado\u201d (dir. Victoria Miranda); \u201cLa reina del arroz con pollo\u201d (dir. Miguel Bou); \u201cCr\u00edmenes imposibles\u201d (dir. Hern\u00e1n Findling); \u201cCamino sinuoso\u201d (dir. Juan Pablo Kolodziej); \u201cEl sonido de los tulipanes\u201d (dir. Alberto Masl\u00edah); \u201cTr\u00edada\u201d (dir. Sebasti\u00e1n D\u00b4\u00c1ngelo); &#8220;Rebobinado&#8221; (dir. Juan Ota\u00f1o); \u201cExomologesis\u201d (dir. C\u00e9sar Gonz\u00e1lez); \u201cTestigo \u00edntimo\u201d (dir. Fernando Santiago Calvete); &#8220;El cielo del centauro&#8221; (dir. Hugo Santiago); \u201cYo s\u00e9 lo que envenena\u201d (dir. Federico Sosa); \u201cEso que llaman amor\u201d (dir. Victoria Miranda); &#8220;El karma de Carmen&#8221; (dir. Rodolfo Dur\u00e1n); \u201cContra Paraguay\u201d (dir. Federico Sosa); &#8220;Lo de Vidal&#8221; (dir. Ivana Sanz)<\/p>\n\n\n\n<p>ACTOR \u2013 TELEVISI\u00d3N \u2018C\u00f3ndor 105\u201d (TV P\u00fablica); \u201cLas bellas almas de los verdugos\u201d (TV P\u00fablica); &#8220;El Marginal\u201d (Temporadas 1, 2 y 3 \/ Netflix); \u201cEl Otro\u201d (TV P\u00fablica); &#8220;Germ\u00e1n \u00faltimas vi\u00f1etas\u201d (TV P\u00fablica); \u201cSos mi hombre\u201d (El Trece); \u201cFarsantes\u201d (El Trece); &#8220;El puntero&#8221; (El Trece); &#8220;Amas de casa desesperadas&#8221; (versi\u00f3n para Colombia); &#8220;Epitafios 2&#8221; (HBO); &#8220;Teatro y Televisi\u00f3n&#8221; (Canal 7)<\/p>\n\n\n\n<p>PREMIOS Y DISTINCIONES Teatro del Mundo: Mejor Actor por &#8220;La tempestad&#8221;; Festival de Cine de Chascom\u00fas: Mejor actor por \u201cYo s\u00e9 lo que envenena\u201d; Cine con Riesgo: Mejor actor por \u201cYo s\u00e9 lo que envenena\u201d; ACE (nominado): Mejor actor de reparto por \u201cSacco y Vanzetti\u201d; Florencio S\u00e1nchez: Mejor unipersonal por \u201cPoeta en Nueva York\u201d; ACE (nominado): Actuaci\u00f3n en unipersonal por \u201cPoeta en Nueva York\u201d; Cumbre de las Am\u00e9ricas: Mejor Actor por \u201cSe\u00f1orita Julia\u201d; ACE (nominado) Revelaci\u00f3n masculina por \u201cLos invertidos\u201d; Estrella de Mar: Revelaci\u00f3n masculina por \u201cSacco y Vanzetti\u201d; Comedia de Bs. As.: Mejor actor por \u201cSue\u00f1o de una noche de verano\u201d<\/p>\n\n\n\n<figure class=\"wp-block-image size-full is-resized\"><img loading=\"lazy\" decoding=\"async\" width=\"676\" height=\"708\" src=\"https:\/\/sergiolapegue.com\/site\/wp-content\/uploads\/2025\/07\/Souvenir-de-mar-Rocio-Agrasar.jpeg\" alt=\"\" class=\"wp-image-24167\" style=\"width:339px;height:auto\" srcset=\"https:\/\/sergiolapegue.com\/site\/wp-content\/uploads\/2025\/07\/Souvenir-de-mar-Rocio-Agrasar.jpeg 676w, https:\/\/sergiolapegue.com\/site\/wp-content\/uploads\/2025\/07\/Souvenir-de-mar-Rocio-Agrasar-286x300.jpeg 286w, https:\/\/sergiolapegue.com\/site\/wp-content\/uploads\/2025\/07\/Souvenir-de-mar-Rocio-Agrasar-401x420.jpeg 401w\" sizes=\"auto, (max-width: 676px) 100vw, 676px\" \/><\/figure>\n\n\n\n<p><strong>SOBRE ROC\u00cdO AGRASAR \u2013 AUTORA (<\/strong><strong>@roagrasar)<\/strong><\/p>\n\n\n\n<p>Es int\u00e9rprete multidisciplinaria y creadora esc\u00e9nica. Egresa de la carrera de Formaci\u00f3n del Actor-Actriz en la Escuela Metropolitana de Arte Dram\u00e1tico (2019), donde se forma con Diego Cazabat, Fabi\u00e1n Diaz, Araceli Arreche, Mariana Garc\u00eda Guerreiro, Blanca Rizzo, entre otros. En la misma, actu\u00f3 y asisti\u00f3 en la producci\u00f3n del proyecto final Caer dirigida por Fabi\u00e1n D\u00edaz. Entrena e investiga teatro con Nora Moseinco, Diego Mauri\u00f1o y Florencia Bergallo, acrobacia en E.G.A, y danza y movimiento con Carla Di Grazia, Ludmila Nu\u00f1ez, y Juan Onofri Barbato. Estudia, tambi\u00e9n, bater\u00eda con Omar Berho, y canto con Paola Maiorana. Indaga escritura con Antonio Villa, y dramaturgia con Fabian D\u00edaz y Santiago Nader. Trabaja como actriz, productora y creadora en la obra El mundo vive sobre sus osarios de la compa\u00f1\u00eda Tajo, y como actriz y asistente de producci\u00f3n en la obra Hueso de Piedra. Particip\u00f3 de piezas teatrales y audiovisuales independientes, y en la actualidad forma parte de diferentes proyectos como productora creativa e int\u00e9rprete.<\/p>\n\n\n\n<p><\/p>\n","protected":false},"excerpt":{"rendered":"<p>El martes 29 de julio llega la \u00faltima funci\u00f3n especial de \u201cSouvenir de mar\u201d, con dramaturgia de Roc\u00edo Agrasar, direcci\u00f3n de Gustavo Pardi y la actuaci\u00f3n de Alan Madanes. La funci\u00f3n tiene lugar en el Espacio Callej\u00f3n a las 20:00 horas. SINOPSIS Dentro de una habitaci\u00f3n en medio de Buenos Aires un pibe, cual souvenir, [&hellip;]<\/p>\n","protected":false},"author":3,"featured_media":24168,"comment_status":"open","ping_status":"closed","sticky":false,"template":"","format":"standard","meta":{"footnotes":""},"categories":[34,35],"tags":[],"class_list":{"0":"post-24161","1":"post","2":"type-post","3":"status-publish","4":"format-standard","5":"has-post-thumbnail","7":"category-arte","8":"category-teatro"},"yoast_head":"<!-- This site is optimized with the Yoast SEO plugin v27.5 - https:\/\/yoast.com\/product\/yoast-seo-wordpress\/ -->\n<title>SOUVENIR DE MAR - Sergio Lapegue<\/title>\n<meta name=\"robots\" content=\"index, follow, max-snippet:-1, max-image-preview:large, max-video-preview:-1\" \/>\n<link rel=\"canonical\" href=\"https:\/\/sergiolapegue.com\/site\/2025\/07\/19\/souvenir-de-mar-2\/\" \/>\n<meta property=\"og:locale\" content=\"es_ES\" \/>\n<meta property=\"og:type\" content=\"article\" \/>\n<meta property=\"og:title\" content=\"SOUVENIR DE MAR - Sergio Lapegue\" \/>\n<meta property=\"og:description\" content=\"El martes 29 de julio llega la \u00faltima funci\u00f3n especial de \u201cSouvenir de mar\u201d, con dramaturgia de Roc\u00edo Agrasar, direcci\u00f3n de Gustavo Pardi y la actuaci\u00f3n de Alan Madanes. La funci\u00f3n tiene lugar en el Espacio Callej\u00f3n a las 20:00 horas. SINOPSIS Dentro de una habitaci\u00f3n en medio de Buenos Aires un pibe, cual souvenir, [&hellip;]\" \/>\n<meta property=\"og:url\" content=\"https:\/\/sergiolapegue.com\/site\/2025\/07\/19\/souvenir-de-mar-2\/\" \/>\n<meta property=\"og:site_name\" content=\"Sergio Lapegue\" \/>\n<meta property=\"article:publisher\" content=\"https:\/\/facebook.com\/sergiolapegue\" \/>\n<meta property=\"article:author\" content=\"https:\/\/facebook.com\/danielernesto.montana\" \/>\n<meta property=\"article:published_time\" content=\"2025-07-19T04:00:00+00:00\" \/>\n<meta property=\"og:image\" content=\"https:\/\/sergiolapegue.com\/site\/wp-content\/uploads\/2025\/07\/Souvenir-de-mar.jpeg\" \/>\n\t<meta property=\"og:image:width\" content=\"1024\" \/>\n\t<meta property=\"og:image:height\" content=\"926\" \/>\n\t<meta property=\"og:image:type\" content=\"image\/jpeg\" \/>\n<meta name=\"author\" content=\"Daniel E. Monta\u00f1a\" \/>\n<meta name=\"twitter:card\" content=\"summary_large_image\" \/>\n<meta name=\"twitter:creator\" content=\"@https:\/\/twitter.com\/daner_004\" \/>\n<meta name=\"twitter:site\" content=\"@sergiolapegue\" \/>\n<meta name=\"twitter:label1\" content=\"Escrito por\" \/>\n\t<meta name=\"twitter:data1\" content=\"Daniel E. Monta\u00f1a\" \/>\n\t<meta name=\"twitter:label2\" content=\"Tiempo de lectura\" \/>\n\t<meta name=\"twitter:data2\" content=\"9 minutos\" \/>\n<script type=\"application\/ld+json\" class=\"yoast-schema-graph\">{\"@context\":\"https:\\\/\\\/schema.org\",\"@graph\":[{\"@type\":\"Article\",\"@id\":\"https:\\\/\\\/sergiolapegue.com\\\/site\\\/2025\\\/07\\\/19\\\/souvenir-de-mar-2\\\/#article\",\"isPartOf\":{\"@id\":\"https:\\\/\\\/sergiolapegue.com\\\/site\\\/2025\\\/07\\\/19\\\/souvenir-de-mar-2\\\/\"},\"author\":{\"name\":\"Daniel E. Monta\u00f1a\",\"@id\":\"https:\\\/\\\/sergiolapegue.com\\\/site\\\/#\\\/schema\\\/person\\\/9198e7dbab43c6d74d0fd5399af7c3cd\"},\"headline\":\"SOUVENIR DE MAR\",\"datePublished\":\"2025-07-19T04:00:00+00:00\",\"mainEntityOfPage\":{\"@id\":\"https:\\\/\\\/sergiolapegue.com\\\/site\\\/2025\\\/07\\\/19\\\/souvenir-de-mar-2\\\/\"},\"wordCount\":1605,\"commentCount\":0,\"publisher\":{\"@id\":\"https:\\\/\\\/sergiolapegue.com\\\/site\\\/#\\\/schema\\\/person\\\/083aeceeb0734cd166779ea6c0551a37\"},\"image\":{\"@id\":\"https:\\\/\\\/sergiolapegue.com\\\/site\\\/2025\\\/07\\\/19\\\/souvenir-de-mar-2\\\/#primaryimage\"},\"thumbnailUrl\":\"https:\\\/\\\/sergiolapegue.com\\\/site\\\/wp-content\\\/uploads\\\/2025\\\/07\\\/Souvenir-de-mar.jpeg\",\"articleSection\":[\"Arte\",\"Teatro\"],\"inLanguage\":\"es-AR\",\"potentialAction\":[{\"@type\":\"CommentAction\",\"name\":\"Comment\",\"target\":[\"https:\\\/\\\/sergiolapegue.com\\\/site\\\/2025\\\/07\\\/19\\\/souvenir-de-mar-2\\\/#respond\"]}]},{\"@type\":\"WebPage\",\"@id\":\"https:\\\/\\\/sergiolapegue.com\\\/site\\\/2025\\\/07\\\/19\\\/souvenir-de-mar-2\\\/\",\"url\":\"https:\\\/\\\/sergiolapegue.com\\\/site\\\/2025\\\/07\\\/19\\\/souvenir-de-mar-2\\\/\",\"name\":\"SOUVENIR DE MAR - Sergio Lapegue\",\"isPartOf\":{\"@id\":\"https:\\\/\\\/sergiolapegue.com\\\/site\\\/#website\"},\"primaryImageOfPage\":{\"@id\":\"https:\\\/\\\/sergiolapegue.com\\\/site\\\/2025\\\/07\\\/19\\\/souvenir-de-mar-2\\\/#primaryimage\"},\"image\":{\"@id\":\"https:\\\/\\\/sergiolapegue.com\\\/site\\\/2025\\\/07\\\/19\\\/souvenir-de-mar-2\\\/#primaryimage\"},\"thumbnailUrl\":\"https:\\\/\\\/sergiolapegue.com\\\/site\\\/wp-content\\\/uploads\\\/2025\\\/07\\\/Souvenir-de-mar.jpeg\",\"datePublished\":\"2025-07-19T04:00:00+00:00\",\"breadcrumb\":{\"@id\":\"https:\\\/\\\/sergiolapegue.com\\\/site\\\/2025\\\/07\\\/19\\\/souvenir-de-mar-2\\\/#breadcrumb\"},\"inLanguage\":\"es-AR\",\"potentialAction\":[{\"@type\":\"ReadAction\",\"target\":[\"https:\\\/\\\/sergiolapegue.com\\\/site\\\/2025\\\/07\\\/19\\\/souvenir-de-mar-2\\\/\"]}]},{\"@type\":\"ImageObject\",\"inLanguage\":\"es-AR\",\"@id\":\"https:\\\/\\\/sergiolapegue.com\\\/site\\\/2025\\\/07\\\/19\\\/souvenir-de-mar-2\\\/#primaryimage\",\"url\":\"https:\\\/\\\/sergiolapegue.com\\\/site\\\/wp-content\\\/uploads\\\/2025\\\/07\\\/Souvenir-de-mar.jpeg\",\"contentUrl\":\"https:\\\/\\\/sergiolapegue.com\\\/site\\\/wp-content\\\/uploads\\\/2025\\\/07\\\/Souvenir-de-mar.jpeg\",\"width\":1024,\"height\":926},{\"@type\":\"BreadcrumbList\",\"@id\":\"https:\\\/\\\/sergiolapegue.com\\\/site\\\/2025\\\/07\\\/19\\\/souvenir-de-mar-2\\\/#breadcrumb\",\"itemListElement\":[{\"@type\":\"ListItem\",\"position\":1,\"name\":\"Inicio\",\"item\":\"https:\\\/\\\/sergiolapegue.com\\\/site\\\/\"},{\"@type\":\"ListItem\",\"position\":2,\"name\":\"SOUVENIR DE MAR\"}]},{\"@type\":\"WebSite\",\"@id\":\"https:\\\/\\\/sergiolapegue.com\\\/site\\\/#website\",\"url\":\"https:\\\/\\\/sergiolapegue.com\\\/site\\\/\",\"name\":\"Sergio Lapegue\",\"description\":\"Periodista\",\"publisher\":{\"@id\":\"https:\\\/\\\/sergiolapegue.com\\\/site\\\/#\\\/schema\\\/person\\\/083aeceeb0734cd166779ea6c0551a37\"},\"potentialAction\":[{\"@type\":\"SearchAction\",\"target\":{\"@type\":\"EntryPoint\",\"urlTemplate\":\"https:\\\/\\\/sergiolapegue.com\\\/site\\\/?s={search_term_string}\"},\"query-input\":{\"@type\":\"PropertyValueSpecification\",\"valueRequired\":true,\"valueName\":\"search_term_string\"}}],\"inLanguage\":\"es-AR\"},{\"@type\":[\"Person\",\"Organization\"],\"@id\":\"https:\\\/\\\/sergiolapegue.com\\\/site\\\/#\\\/schema\\\/person\\\/083aeceeb0734cd166779ea6c0551a37\",\"name\":\"Sergio Lapegue\",\"image\":{\"@type\":\"ImageObject\",\"inLanguage\":\"es-AR\",\"@id\":\"https:\\\/\\\/sergiolapegue.com\\\/site\\\/wp-content\\\/uploads\\\/2021\\\/04\\\/logo_header-1.png\",\"url\":\"https:\\\/\\\/sergiolapegue.com\\\/site\\\/wp-content\\\/uploads\\\/2021\\\/04\\\/logo_header-1.png\",\"contentUrl\":\"https:\\\/\\\/sergiolapegue.com\\\/site\\\/wp-content\\\/uploads\\\/2021\\\/04\\\/logo_header-1.png\",\"width\":272,\"height\":90,\"caption\":\"Sergio Lapegue\"},\"logo\":{\"@id\":\"https:\\\/\\\/sergiolapegue.com\\\/site\\\/wp-content\\\/uploads\\\/2021\\\/04\\\/logo_header-1.png\"},\"sameAs\":[\"https:\\\/\\\/facebook.com\\\/sergiolapegue\",\"https:\\\/\\\/instagram.com\\\/sergiolapegue\",\"https:\\\/\\\/x.com\\\/https:\\\/\\\/twitter.com\\\/sergiolapegue\"]},{\"@type\":\"Person\",\"@id\":\"https:\\\/\\\/sergiolapegue.com\\\/site\\\/#\\\/schema\\\/person\\\/9198e7dbab43c6d74d0fd5399af7c3cd\",\"name\":\"Daniel E. Monta\u00f1a\",\"image\":{\"@type\":\"ImageObject\",\"inLanguage\":\"es-AR\",\"@id\":\"https:\\\/\\\/sergiolapegue.com\\\/site\\\/wp-content\\\/uploads\\\/2021\\\/04\\\/sl_avatar_Daniel-150x150.jpg\",\"url\":\"https:\\\/\\\/sergiolapegue.com\\\/site\\\/wp-content\\\/uploads\\\/2021\\\/04\\\/sl_avatar_Daniel-150x150.jpg\",\"contentUrl\":\"https:\\\/\\\/sergiolapegue.com\\\/site\\\/wp-content\\\/uploads\\\/2021\\\/04\\\/sl_avatar_Daniel-150x150.jpg\",\"caption\":\"Daniel E. Monta\u00f1a\"},\"sameAs\":[\"https:\\\/\\\/facebook.com\\\/danielernesto.montana\",\"https:\\\/\\\/instagram.com\\\/daniel_montana1961\",\"https:\\\/\\\/x.com\\\/https:\\\/\\\/twitter.com\\\/daner_004\"],\"url\":\"https:\\\/\\\/sergiolapegue.com\\\/site\\\/author\\\/daniel\\\/\"}]}<\/script>\n<!-- \/ Yoast SEO plugin. -->","yoast_head_json":{"title":"SOUVENIR DE MAR - Sergio Lapegue","robots":{"index":"index","follow":"follow","max-snippet":"max-snippet:-1","max-image-preview":"max-image-preview:large","max-video-preview":"max-video-preview:-1"},"canonical":"https:\/\/sergiolapegue.com\/site\/2025\/07\/19\/souvenir-de-mar-2\/","og_locale":"es_ES","og_type":"article","og_title":"SOUVENIR DE MAR - Sergio Lapegue","og_description":"El martes 29 de julio llega la \u00faltima funci\u00f3n especial de \u201cSouvenir de mar\u201d, con dramaturgia de Roc\u00edo Agrasar, direcci\u00f3n de Gustavo Pardi y la actuaci\u00f3n de Alan Madanes. La funci\u00f3n tiene lugar en el Espacio Callej\u00f3n a las 20:00 horas. SINOPSIS Dentro de una habitaci\u00f3n en medio de Buenos Aires un pibe, cual souvenir, [&hellip;]","og_url":"https:\/\/sergiolapegue.com\/site\/2025\/07\/19\/souvenir-de-mar-2\/","og_site_name":"Sergio Lapegue","article_publisher":"https:\/\/facebook.com\/sergiolapegue","article_author":"https:\/\/facebook.com\/danielernesto.montana","article_published_time":"2025-07-19T04:00:00+00:00","og_image":[{"width":1024,"height":926,"url":"https:\/\/sergiolapegue.com\/site\/wp-content\/uploads\/2025\/07\/Souvenir-de-mar.jpeg","type":"image\/jpeg"}],"author":"Daniel E. Monta\u00f1a","twitter_card":"summary_large_image","twitter_creator":"@https:\/\/twitter.com\/daner_004","twitter_site":"@sergiolapegue","twitter_misc":{"Escrito por":"Daniel E. Monta\u00f1a","Tiempo de lectura":"9 minutos"},"schema":{"@context":"https:\/\/schema.org","@graph":[{"@type":"Article","@id":"https:\/\/sergiolapegue.com\/site\/2025\/07\/19\/souvenir-de-mar-2\/#article","isPartOf":{"@id":"https:\/\/sergiolapegue.com\/site\/2025\/07\/19\/souvenir-de-mar-2\/"},"author":{"name":"Daniel E. Monta\u00f1a","@id":"https:\/\/sergiolapegue.com\/site\/#\/schema\/person\/9198e7dbab43c6d74d0fd5399af7c3cd"},"headline":"SOUVENIR DE MAR","datePublished":"2025-07-19T04:00:00+00:00","mainEntityOfPage":{"@id":"https:\/\/sergiolapegue.com\/site\/2025\/07\/19\/souvenir-de-mar-2\/"},"wordCount":1605,"commentCount":0,"publisher":{"@id":"https:\/\/sergiolapegue.com\/site\/#\/schema\/person\/083aeceeb0734cd166779ea6c0551a37"},"image":{"@id":"https:\/\/sergiolapegue.com\/site\/2025\/07\/19\/souvenir-de-mar-2\/#primaryimage"},"thumbnailUrl":"https:\/\/sergiolapegue.com\/site\/wp-content\/uploads\/2025\/07\/Souvenir-de-mar.jpeg","articleSection":["Arte","Teatro"],"inLanguage":"es-AR","potentialAction":[{"@type":"CommentAction","name":"Comment","target":["https:\/\/sergiolapegue.com\/site\/2025\/07\/19\/souvenir-de-mar-2\/#respond"]}]},{"@type":"WebPage","@id":"https:\/\/sergiolapegue.com\/site\/2025\/07\/19\/souvenir-de-mar-2\/","url":"https:\/\/sergiolapegue.com\/site\/2025\/07\/19\/souvenir-de-mar-2\/","name":"SOUVENIR DE MAR - Sergio Lapegue","isPartOf":{"@id":"https:\/\/sergiolapegue.com\/site\/#website"},"primaryImageOfPage":{"@id":"https:\/\/sergiolapegue.com\/site\/2025\/07\/19\/souvenir-de-mar-2\/#primaryimage"},"image":{"@id":"https:\/\/sergiolapegue.com\/site\/2025\/07\/19\/souvenir-de-mar-2\/#primaryimage"},"thumbnailUrl":"https:\/\/sergiolapegue.com\/site\/wp-content\/uploads\/2025\/07\/Souvenir-de-mar.jpeg","datePublished":"2025-07-19T04:00:00+00:00","breadcrumb":{"@id":"https:\/\/sergiolapegue.com\/site\/2025\/07\/19\/souvenir-de-mar-2\/#breadcrumb"},"inLanguage":"es-AR","potentialAction":[{"@type":"ReadAction","target":["https:\/\/sergiolapegue.com\/site\/2025\/07\/19\/souvenir-de-mar-2\/"]}]},{"@type":"ImageObject","inLanguage":"es-AR","@id":"https:\/\/sergiolapegue.com\/site\/2025\/07\/19\/souvenir-de-mar-2\/#primaryimage","url":"https:\/\/sergiolapegue.com\/site\/wp-content\/uploads\/2025\/07\/Souvenir-de-mar.jpeg","contentUrl":"https:\/\/sergiolapegue.com\/site\/wp-content\/uploads\/2025\/07\/Souvenir-de-mar.jpeg","width":1024,"height":926},{"@type":"BreadcrumbList","@id":"https:\/\/sergiolapegue.com\/site\/2025\/07\/19\/souvenir-de-mar-2\/#breadcrumb","itemListElement":[{"@type":"ListItem","position":1,"name":"Inicio","item":"https:\/\/sergiolapegue.com\/site\/"},{"@type":"ListItem","position":2,"name":"SOUVENIR DE MAR"}]},{"@type":"WebSite","@id":"https:\/\/sergiolapegue.com\/site\/#website","url":"https:\/\/sergiolapegue.com\/site\/","name":"Sergio Lapegue","description":"Periodista","publisher":{"@id":"https:\/\/sergiolapegue.com\/site\/#\/schema\/person\/083aeceeb0734cd166779ea6c0551a37"},"potentialAction":[{"@type":"SearchAction","target":{"@type":"EntryPoint","urlTemplate":"https:\/\/sergiolapegue.com\/site\/?s={search_term_string}"},"query-input":{"@type":"PropertyValueSpecification","valueRequired":true,"valueName":"search_term_string"}}],"inLanguage":"es-AR"},{"@type":["Person","Organization"],"@id":"https:\/\/sergiolapegue.com\/site\/#\/schema\/person\/083aeceeb0734cd166779ea6c0551a37","name":"Sergio Lapegue","image":{"@type":"ImageObject","inLanguage":"es-AR","@id":"https:\/\/sergiolapegue.com\/site\/wp-content\/uploads\/2021\/04\/logo_header-1.png","url":"https:\/\/sergiolapegue.com\/site\/wp-content\/uploads\/2021\/04\/logo_header-1.png","contentUrl":"https:\/\/sergiolapegue.com\/site\/wp-content\/uploads\/2021\/04\/logo_header-1.png","width":272,"height":90,"caption":"Sergio Lapegue"},"logo":{"@id":"https:\/\/sergiolapegue.com\/site\/wp-content\/uploads\/2021\/04\/logo_header-1.png"},"sameAs":["https:\/\/facebook.com\/sergiolapegue","https:\/\/instagram.com\/sergiolapegue","https:\/\/x.com\/https:\/\/twitter.com\/sergiolapegue"]},{"@type":"Person","@id":"https:\/\/sergiolapegue.com\/site\/#\/schema\/person\/9198e7dbab43c6d74d0fd5399af7c3cd","name":"Daniel E. Monta\u00f1a","image":{"@type":"ImageObject","inLanguage":"es-AR","@id":"https:\/\/sergiolapegue.com\/site\/wp-content\/uploads\/2021\/04\/sl_avatar_Daniel-150x150.jpg","url":"https:\/\/sergiolapegue.com\/site\/wp-content\/uploads\/2021\/04\/sl_avatar_Daniel-150x150.jpg","contentUrl":"https:\/\/sergiolapegue.com\/site\/wp-content\/uploads\/2021\/04\/sl_avatar_Daniel-150x150.jpg","caption":"Daniel E. Monta\u00f1a"},"sameAs":["https:\/\/facebook.com\/danielernesto.montana","https:\/\/instagram.com\/daniel_montana1961","https:\/\/x.com\/https:\/\/twitter.com\/daner_004"],"url":"https:\/\/sergiolapegue.com\/site\/author\/daniel\/"}]}},"_links":{"self":[{"href":"https:\/\/sergiolapegue.com\/site\/wp-json\/wp\/v2\/posts\/24161","targetHints":{"allow":["GET"]}}],"collection":[{"href":"https:\/\/sergiolapegue.com\/site\/wp-json\/wp\/v2\/posts"}],"about":[{"href":"https:\/\/sergiolapegue.com\/site\/wp-json\/wp\/v2\/types\/post"}],"author":[{"embeddable":true,"href":"https:\/\/sergiolapegue.com\/site\/wp-json\/wp\/v2\/users\/3"}],"replies":[{"embeddable":true,"href":"https:\/\/sergiolapegue.com\/site\/wp-json\/wp\/v2\/comments?post=24161"}],"version-history":[{"count":1,"href":"https:\/\/sergiolapegue.com\/site\/wp-json\/wp\/v2\/posts\/24161\/revisions"}],"predecessor-version":[{"id":24169,"href":"https:\/\/sergiolapegue.com\/site\/wp-json\/wp\/v2\/posts\/24161\/revisions\/24169"}],"wp:featuredmedia":[{"embeddable":true,"href":"https:\/\/sergiolapegue.com\/site\/wp-json\/wp\/v2\/media\/24168"}],"wp:attachment":[{"href":"https:\/\/sergiolapegue.com\/site\/wp-json\/wp\/v2\/media?parent=24161"}],"wp:term":[{"taxonomy":"category","embeddable":true,"href":"https:\/\/sergiolapegue.com\/site\/wp-json\/wp\/v2\/categories?post=24161"},{"taxonomy":"post_tag","embeddable":true,"href":"https:\/\/sergiolapegue.com\/site\/wp-json\/wp\/v2\/tags?post=24161"}],"curies":[{"name":"wp","href":"https:\/\/api.w.org\/{rel}","templated":true}]}}