{"id":24144,"date":"2025-07-18T01:00:00","date_gmt":"2025-07-18T04:00:00","guid":{"rendered":"https:\/\/sergiolapegue.com\/site\/?p=24144"},"modified":"2025-07-17T22:49:13","modified_gmt":"2025-07-18T01:49:13","slug":"inquieta-en-vacaciones-de-invierno","status":"publish","type":"post","link":"https:\/\/sergiolapegue.com\/site\/2025\/07\/18\/inquieta-en-vacaciones-de-invierno\/","title":{"rendered":"\u201cINQUIETA\u201d EN VACACIONES DE INVIERNO"},"content":{"rendered":"\n<p>&#8220;Inquieta&#8221;es una obra escrita y dirigida por&nbsp;Gabriela Demonte&nbsp;que celebra la riqueza de la diversidad y la amistad en las infancias. A trav\u00e9s de m\u00fasica en vivo, t\u00edteres y una puesta sensible y l\u00fadica, la obra invita a ni\u00f1as, ni\u00f1os y familias a reflexionar sobre el respeto mutuo, la empat\u00eda y la inclusi\u00f3n como herramientas para fortalecer la comunidad. Un espect\u00e1culo pensado especialmente para infancias de 5 a 10 a\u00f1os, pero que emociona a espectadores de todas las edades.<\/p>\n\n\n\n<p>El espect\u00e1culo se presenta en el marco de las&nbsp;vacaciones de invierno, los d\u00edas&nbsp;mi\u00e9rcoles 23 y martes 29 de julio a las 15:00 horas en Ciudad Cultural Konex, como parte de una programaci\u00f3n especial dedicada a acercar el arte y la cultura a las infancias y sus familias.<\/p>\n\n\n\n<p>Adem\u00e1s, el mi\u00e9rcoles 30 de julio a las 15:00 horas y a las 17:00 horas se realizar\u00e1n nuevas funciones, esta vez en el Espacio Cultural Juli\u00e1n Centeya.<\/p>\n\n\n\n<figure class=\"wp-block-image size-large\"><img loading=\"lazy\" decoding=\"async\" width=\"1024\" height=\"683\" src=\"https:\/\/sergiolapegue.com\/site\/wp-content\/uploads\/2025\/07\/Inquieta-1-1024x683.jpg\" alt=\"\" class=\"wp-image-24145\" srcset=\"https:\/\/sergiolapegue.com\/site\/wp-content\/uploads\/2025\/07\/Inquieta-1-1024x683.jpg 1024w, https:\/\/sergiolapegue.com\/site\/wp-content\/uploads\/2025\/07\/Inquieta-1-300x200.jpg 300w, https:\/\/sergiolapegue.com\/site\/wp-content\/uploads\/2025\/07\/Inquieta-1-768x512.jpg 768w, https:\/\/sergiolapegue.com\/site\/wp-content\/uploads\/2025\/07\/Inquieta-1-630x420.jpg 630w, https:\/\/sergiolapegue.com\/site\/wp-content\/uploads\/2025\/07\/Inquieta-1-696x464.jpg 696w, https:\/\/sergiolapegue.com\/site\/wp-content\/uploads\/2025\/07\/Inquieta-1-1068x712.jpg 1068w, https:\/\/sergiolapegue.com\/site\/wp-content\/uploads\/2025\/07\/Inquieta-1.jpg 1200w\" sizes=\"auto, (max-width: 1024px) 100vw, 1024px\" \/><\/figure>\n\n\n\n<p><strong>FICHA T\u00c9CNICO ART\u00cdSTICA<\/strong><\/p>\n\n\n\n<p><strong>Autora:<\/strong>&nbsp;Gabriela Demonte<\/p>\n\n\n\n<p><strong>Elenco:&nbsp;<\/strong>Bianca Ram\u00edrez (Inquieta)<\/p>\n\n\n\n<p>\u00a0\u00a0\u00a0\u00a0\u00a0\u00a0\u00a0\u00a0\u00a0\u00a0\u00a0\u00a0 Jimena Gonz\u00e1lez (narradora e int\u00e9rprete de todos los otros personajes)<\/p>\n\n\n\n<p><strong>M\u00fasica en vivo:<\/strong>&nbsp;Marcelo Gabriel Bono<\/p>\n\n\n\n<p><strong>Coreograf\u00eda:<\/strong>&nbsp;Gabriela Demonte<\/p>\n\n\n\n<p><strong>Escenograf\u00eda:<\/strong>&nbsp;Andrea Garagiola<\/p>\n\n\n\n<p><strong>Fotograf\u00eda:<\/strong>&nbsp;Alexis Fasanando<\/p>\n\n\n\n<p><strong>Asistencia de direcci\u00f3n:<\/strong>&nbsp;Julieta Sosa<\/p>\n\n\n\n<p><strong>Producci\u00f3n:<\/strong>&nbsp;Beli R\u00f3tela \/ LILA producimos para el movimiento<\/p>\n\n\n\n<p><strong>Direcci\u00f3n:<\/strong>&nbsp;Gabriela Demonte<\/p>\n\n\n\n<figure class=\"wp-block-image size-large\"><img loading=\"lazy\" decoding=\"async\" width=\"1024\" height=\"683\" src=\"https:\/\/sergiolapegue.com\/site\/wp-content\/uploads\/2025\/07\/Inquieta-2-1024x683.jpg\" alt=\"\" class=\"wp-image-24146\" srcset=\"https:\/\/sergiolapegue.com\/site\/wp-content\/uploads\/2025\/07\/Inquieta-2-1024x683.jpg 1024w, https:\/\/sergiolapegue.com\/site\/wp-content\/uploads\/2025\/07\/Inquieta-2-300x200.jpg 300w, https:\/\/sergiolapegue.com\/site\/wp-content\/uploads\/2025\/07\/Inquieta-2-768x512.jpg 768w, https:\/\/sergiolapegue.com\/site\/wp-content\/uploads\/2025\/07\/Inquieta-2-630x420.jpg 630w, https:\/\/sergiolapegue.com\/site\/wp-content\/uploads\/2025\/07\/Inquieta-2-696x464.jpg 696w, https:\/\/sergiolapegue.com\/site\/wp-content\/uploads\/2025\/07\/Inquieta-2-1068x712.jpg 1068w, https:\/\/sergiolapegue.com\/site\/wp-content\/uploads\/2025\/07\/Inquieta-2.jpg 1200w\" sizes=\"auto, (max-width: 1024px) 100vw, 1024px\" \/><\/figure>\n\n\n\n<p><strong>CIUDAD CULTURAL KONEX<\/strong><\/p>\n\n\n\n<p>Sarmiento 3131 \u2013 Capital Federal \u2013 Buenos Aires \u2013 Argentina<\/p>\n\n\n\n<p>Entradas: General $ 18.000<\/p>\n\n\n\n<p>\u00a0\u00a0\u00a0\u00a0\u00a0\u00a0\u00a0\u00a0\u00a0\u00a0\u00a0\u00a0\u00a0\u00a0 Pack familiar (4 Tickets) $ 65.000<\/p>\n\n\n\n<p>Adquirilas a trav\u00e9s de su web: <a href=\"https:\/\/entradas.cckonex.org\/event\/inquieta\">https:\/\/entradas.cckonex.org\/event\/inquieta<\/a> &nbsp;&nbsp;<\/p>\n\n\n\n<p>Funciones: Mi\u00e9rcoles 23 de Julio \u2013 15:00 horas<\/p>\n\n\n\n<p>\u00a0\u00a0\u00a0\u00a0\u00a0\u00a0\u00a0\u00a0\u00a0\u00a0\u00a0 \u00a0\u00a0\u00a0\u00a0 Martes 29 de Julio \u2013 15:00 horas<\/p>\n\n\n\n<p><strong>ESPACIO CULTURAL JULI\u00c1N CENTEYA<\/strong><\/p>\n\n\n\n<p>Av. San Juan 3255 \u2013 Capital Federal \u2013 Buenos Aires \u2013 Argentina<\/p>\n\n\n\n<p>Tel\u00e9fono: 011 4 931-9667<\/p>\n\n\n\n<p>Web: <a href=\"https:\/\/l.instagram.com\/?u=http%3A%2F%2Flinktr.ee%2Fecjcenteya%3Ffbclid%3DPAZXh0bgNhZW0CMTEAAafZPkUViJ6JImQhFzC2708S-QQSBz2NSl5MD7U7BenmGH8a5kuwLnGvBRFVyA_aem_-Zyb3ZU2sIDFsymqmbUiMg&amp;e=AT0Puz5Jq7lux9AUj9tvTnu6s0CKhf2WOpOc-hLCLzSkLGzQDDSEKvNo-GBTwgc208fO5fPlcxzzzRGYCNQzE9hgasq5lQpWnKkh1A\" target=\"_blank\" rel=\"noreferrer noopener\">linktr.ee\/ecjcenteya<\/a><\/p>\n\n\n\n<p>Funci\u00f3n: Mi\u00e9rcoles 30 de Julio \u2013 15:00 horas y 17:00 horas<\/p>\n\n\n\n<p>Gracias Kevin Melgar de 0KM Prensa por acercarnos la gacetilla de prensa de este espect\u00e1culo.<\/p>\n\n\n\n<p><\/p>\n","protected":false},"excerpt":{"rendered":"<p>&#8220;Inquieta&#8221;es una obra escrita y dirigida por&nbsp;Gabriela Demonte&nbsp;que celebra la riqueza de la diversidad y la amistad en las infancias. A trav\u00e9s de m\u00fasica en vivo, t\u00edteres y una puesta sensible y l\u00fadica, la obra invita a ni\u00f1as, ni\u00f1os y familias a reflexionar sobre el respeto mutuo, la empat\u00eda y la inclusi\u00f3n como herramientas para [&hellip;]<\/p>\n","protected":false},"author":3,"featured_media":24147,"comment_status":"open","ping_status":"closed","sticky":false,"template":"","format":"standard","meta":{"footnotes":""},"categories":[34,35],"tags":[],"class_list":{"0":"post-24144","1":"post","2":"type-post","3":"status-publish","4":"format-standard","5":"has-post-thumbnail","7":"category-arte","8":"category-teatro"},"yoast_head":"<!-- This site is optimized with the Yoast SEO plugin v27.5 - https:\/\/yoast.com\/product\/yoast-seo-wordpress\/ -->\n<title>\u201cINQUIETA\u201d EN VACACIONES DE INVIERNO - Sergio Lapegue<\/title>\n<meta name=\"robots\" content=\"index, follow, max-snippet:-1, max-image-preview:large, max-video-preview:-1\" \/>\n<link rel=\"canonical\" href=\"https:\/\/sergiolapegue.com\/site\/2025\/07\/18\/inquieta-en-vacaciones-de-invierno\/\" \/>\n<meta property=\"og:locale\" content=\"es_ES\" \/>\n<meta property=\"og:type\" content=\"article\" \/>\n<meta property=\"og:title\" content=\"\u201cINQUIETA\u201d EN VACACIONES DE INVIERNO - Sergio Lapegue\" \/>\n<meta property=\"og:description\" content=\"&#8220;Inquieta&#8221;es una obra escrita y dirigida por&nbsp;Gabriela Demonte&nbsp;que celebra la riqueza de la diversidad y la amistad en las infancias. A trav\u00e9s de m\u00fasica en vivo, t\u00edteres y una puesta sensible y l\u00fadica, la obra invita a ni\u00f1as, ni\u00f1os y familias a reflexionar sobre el respeto mutuo, la empat\u00eda y la inclusi\u00f3n como herramientas para [&hellip;]\" \/>\n<meta property=\"og:url\" content=\"https:\/\/sergiolapegue.com\/site\/2025\/07\/18\/inquieta-en-vacaciones-de-invierno\/\" \/>\n<meta property=\"og:site_name\" content=\"Sergio Lapegue\" \/>\n<meta property=\"article:publisher\" content=\"https:\/\/facebook.com\/sergiolapegue\" \/>\n<meta property=\"article:author\" content=\"https:\/\/facebook.com\/danielernesto.montana\" \/>\n<meta property=\"article:published_time\" content=\"2025-07-18T04:00:00+00:00\" \/>\n<meta property=\"og:image\" content=\"https:\/\/sergiolapegue.com\/site\/wp-content\/uploads\/2025\/07\/Inquieta.jpg\" \/>\n\t<meta property=\"og:image:width\" content=\"778\" \/>\n\t<meta property=\"og:image:height\" content=\"1100\" \/>\n\t<meta property=\"og:image:type\" content=\"image\/jpeg\" \/>\n<meta name=\"author\" content=\"Daniel E. Monta\u00f1a\" \/>\n<meta name=\"twitter:card\" content=\"summary_large_image\" \/>\n<meta name=\"twitter:creator\" content=\"@https:\/\/twitter.com\/daner_004\" \/>\n<meta name=\"twitter:site\" content=\"@sergiolapegue\" \/>\n<meta name=\"twitter:label1\" content=\"Escrito por\" \/>\n\t<meta name=\"twitter:data1\" content=\"Daniel E. Monta\u00f1a\" \/>\n\t<meta name=\"twitter:label2\" content=\"Tiempo de lectura\" \/>\n\t<meta name=\"twitter:data2\" content=\"2 minutos\" \/>\n<script type=\"application\/ld+json\" class=\"yoast-schema-graph\">{\"@context\":\"https:\\\/\\\/schema.org\",\"@graph\":[{\"@type\":\"Article\",\"@id\":\"https:\\\/\\\/sergiolapegue.com\\\/site\\\/2025\\\/07\\\/18\\\/inquieta-en-vacaciones-de-invierno\\\/#article\",\"isPartOf\":{\"@id\":\"https:\\\/\\\/sergiolapegue.com\\\/site\\\/2025\\\/07\\\/18\\\/inquieta-en-vacaciones-de-invierno\\\/\"},\"author\":{\"name\":\"Daniel E. Monta\u00f1a\",\"@id\":\"https:\\\/\\\/sergiolapegue.com\\\/site\\\/#\\\/schema\\\/person\\\/9198e7dbab43c6d74d0fd5399af7c3cd\"},\"headline\":\"\u201cINQUIETA\u201d EN VACACIONES DE INVIERNO\",\"datePublished\":\"2025-07-18T04:00:00+00:00\",\"mainEntityOfPage\":{\"@id\":\"https:\\\/\\\/sergiolapegue.com\\\/site\\\/2025\\\/07\\\/18\\\/inquieta-en-vacaciones-de-invierno\\\/\"},\"wordCount\":333,\"commentCount\":0,\"publisher\":{\"@id\":\"https:\\\/\\\/sergiolapegue.com\\\/site\\\/#\\\/schema\\\/person\\\/083aeceeb0734cd166779ea6c0551a37\"},\"image\":{\"@id\":\"https:\\\/\\\/sergiolapegue.com\\\/site\\\/2025\\\/07\\\/18\\\/inquieta-en-vacaciones-de-invierno\\\/#primaryimage\"},\"thumbnailUrl\":\"https:\\\/\\\/sergiolapegue.com\\\/site\\\/wp-content\\\/uploads\\\/2025\\\/07\\\/Inquieta.jpg\",\"articleSection\":[\"Arte\",\"Teatro\"],\"inLanguage\":\"es-AR\",\"potentialAction\":[{\"@type\":\"CommentAction\",\"name\":\"Comment\",\"target\":[\"https:\\\/\\\/sergiolapegue.com\\\/site\\\/2025\\\/07\\\/18\\\/inquieta-en-vacaciones-de-invierno\\\/#respond\"]}]},{\"@type\":\"WebPage\",\"@id\":\"https:\\\/\\\/sergiolapegue.com\\\/site\\\/2025\\\/07\\\/18\\\/inquieta-en-vacaciones-de-invierno\\\/\",\"url\":\"https:\\\/\\\/sergiolapegue.com\\\/site\\\/2025\\\/07\\\/18\\\/inquieta-en-vacaciones-de-invierno\\\/\",\"name\":\"\u201cINQUIETA\u201d EN VACACIONES DE INVIERNO - Sergio Lapegue\",\"isPartOf\":{\"@id\":\"https:\\\/\\\/sergiolapegue.com\\\/site\\\/#website\"},\"primaryImageOfPage\":{\"@id\":\"https:\\\/\\\/sergiolapegue.com\\\/site\\\/2025\\\/07\\\/18\\\/inquieta-en-vacaciones-de-invierno\\\/#primaryimage\"},\"image\":{\"@id\":\"https:\\\/\\\/sergiolapegue.com\\\/site\\\/2025\\\/07\\\/18\\\/inquieta-en-vacaciones-de-invierno\\\/#primaryimage\"},\"thumbnailUrl\":\"https:\\\/\\\/sergiolapegue.com\\\/site\\\/wp-content\\\/uploads\\\/2025\\\/07\\\/Inquieta.jpg\",\"datePublished\":\"2025-07-18T04:00:00+00:00\",\"breadcrumb\":{\"@id\":\"https:\\\/\\\/sergiolapegue.com\\\/site\\\/2025\\\/07\\\/18\\\/inquieta-en-vacaciones-de-invierno\\\/#breadcrumb\"},\"inLanguage\":\"es-AR\",\"potentialAction\":[{\"@type\":\"ReadAction\",\"target\":[\"https:\\\/\\\/sergiolapegue.com\\\/site\\\/2025\\\/07\\\/18\\\/inquieta-en-vacaciones-de-invierno\\\/\"]}]},{\"@type\":\"ImageObject\",\"inLanguage\":\"es-AR\",\"@id\":\"https:\\\/\\\/sergiolapegue.com\\\/site\\\/2025\\\/07\\\/18\\\/inquieta-en-vacaciones-de-invierno\\\/#primaryimage\",\"url\":\"https:\\\/\\\/sergiolapegue.com\\\/site\\\/wp-content\\\/uploads\\\/2025\\\/07\\\/Inquieta.jpg\",\"contentUrl\":\"https:\\\/\\\/sergiolapegue.com\\\/site\\\/wp-content\\\/uploads\\\/2025\\\/07\\\/Inquieta.jpg\",\"width\":778,\"height\":1100},{\"@type\":\"BreadcrumbList\",\"@id\":\"https:\\\/\\\/sergiolapegue.com\\\/site\\\/2025\\\/07\\\/18\\\/inquieta-en-vacaciones-de-invierno\\\/#breadcrumb\",\"itemListElement\":[{\"@type\":\"ListItem\",\"position\":1,\"name\":\"Inicio\",\"item\":\"https:\\\/\\\/sergiolapegue.com\\\/site\\\/\"},{\"@type\":\"ListItem\",\"position\":2,\"name\":\"\u201cINQUIETA\u201d EN VACACIONES DE INVIERNO\"}]},{\"@type\":\"WebSite\",\"@id\":\"https:\\\/\\\/sergiolapegue.com\\\/site\\\/#website\",\"url\":\"https:\\\/\\\/sergiolapegue.com\\\/site\\\/\",\"name\":\"Sergio Lapegue\",\"description\":\"Periodista\",\"publisher\":{\"@id\":\"https:\\\/\\\/sergiolapegue.com\\\/site\\\/#\\\/schema\\\/person\\\/083aeceeb0734cd166779ea6c0551a37\"},\"potentialAction\":[{\"@type\":\"SearchAction\",\"target\":{\"@type\":\"EntryPoint\",\"urlTemplate\":\"https:\\\/\\\/sergiolapegue.com\\\/site\\\/?s={search_term_string}\"},\"query-input\":{\"@type\":\"PropertyValueSpecification\",\"valueRequired\":true,\"valueName\":\"search_term_string\"}}],\"inLanguage\":\"es-AR\"},{\"@type\":[\"Person\",\"Organization\"],\"@id\":\"https:\\\/\\\/sergiolapegue.com\\\/site\\\/#\\\/schema\\\/person\\\/083aeceeb0734cd166779ea6c0551a37\",\"name\":\"Sergio Lapegue\",\"image\":{\"@type\":\"ImageObject\",\"inLanguage\":\"es-AR\",\"@id\":\"https:\\\/\\\/sergiolapegue.com\\\/site\\\/wp-content\\\/uploads\\\/2021\\\/04\\\/logo_header-1.png\",\"url\":\"https:\\\/\\\/sergiolapegue.com\\\/site\\\/wp-content\\\/uploads\\\/2021\\\/04\\\/logo_header-1.png\",\"contentUrl\":\"https:\\\/\\\/sergiolapegue.com\\\/site\\\/wp-content\\\/uploads\\\/2021\\\/04\\\/logo_header-1.png\",\"width\":272,\"height\":90,\"caption\":\"Sergio Lapegue\"},\"logo\":{\"@id\":\"https:\\\/\\\/sergiolapegue.com\\\/site\\\/wp-content\\\/uploads\\\/2021\\\/04\\\/logo_header-1.png\"},\"sameAs\":[\"https:\\\/\\\/facebook.com\\\/sergiolapegue\",\"https:\\\/\\\/instagram.com\\\/sergiolapegue\",\"https:\\\/\\\/x.com\\\/https:\\\/\\\/twitter.com\\\/sergiolapegue\"]},{\"@type\":\"Person\",\"@id\":\"https:\\\/\\\/sergiolapegue.com\\\/site\\\/#\\\/schema\\\/person\\\/9198e7dbab43c6d74d0fd5399af7c3cd\",\"name\":\"Daniel E. Monta\u00f1a\",\"image\":{\"@type\":\"ImageObject\",\"inLanguage\":\"es-AR\",\"@id\":\"https:\\\/\\\/sergiolapegue.com\\\/site\\\/wp-content\\\/uploads\\\/2021\\\/04\\\/sl_avatar_Daniel-150x150.jpg\",\"url\":\"https:\\\/\\\/sergiolapegue.com\\\/site\\\/wp-content\\\/uploads\\\/2021\\\/04\\\/sl_avatar_Daniel-150x150.jpg\",\"contentUrl\":\"https:\\\/\\\/sergiolapegue.com\\\/site\\\/wp-content\\\/uploads\\\/2021\\\/04\\\/sl_avatar_Daniel-150x150.jpg\",\"caption\":\"Daniel E. Monta\u00f1a\"},\"sameAs\":[\"https:\\\/\\\/facebook.com\\\/danielernesto.montana\",\"https:\\\/\\\/instagram.com\\\/daniel_montana1961\",\"https:\\\/\\\/x.com\\\/https:\\\/\\\/twitter.com\\\/daner_004\"],\"url\":\"https:\\\/\\\/sergiolapegue.com\\\/site\\\/author\\\/daniel\\\/\"}]}<\/script>\n<!-- \/ Yoast SEO plugin. -->","yoast_head_json":{"title":"\u201cINQUIETA\u201d EN VACACIONES DE INVIERNO - Sergio Lapegue","robots":{"index":"index","follow":"follow","max-snippet":"max-snippet:-1","max-image-preview":"max-image-preview:large","max-video-preview":"max-video-preview:-1"},"canonical":"https:\/\/sergiolapegue.com\/site\/2025\/07\/18\/inquieta-en-vacaciones-de-invierno\/","og_locale":"es_ES","og_type":"article","og_title":"\u201cINQUIETA\u201d EN VACACIONES DE INVIERNO - Sergio Lapegue","og_description":"&#8220;Inquieta&#8221;es una obra escrita y dirigida por&nbsp;Gabriela Demonte&nbsp;que celebra la riqueza de la diversidad y la amistad en las infancias. A trav\u00e9s de m\u00fasica en vivo, t\u00edteres y una puesta sensible y l\u00fadica, la obra invita a ni\u00f1as, ni\u00f1os y familias a reflexionar sobre el respeto mutuo, la empat\u00eda y la inclusi\u00f3n como herramientas para [&hellip;]","og_url":"https:\/\/sergiolapegue.com\/site\/2025\/07\/18\/inquieta-en-vacaciones-de-invierno\/","og_site_name":"Sergio Lapegue","article_publisher":"https:\/\/facebook.com\/sergiolapegue","article_author":"https:\/\/facebook.com\/danielernesto.montana","article_published_time":"2025-07-18T04:00:00+00:00","og_image":[{"width":778,"height":1100,"url":"https:\/\/sergiolapegue.com\/site\/wp-content\/uploads\/2025\/07\/Inquieta.jpg","type":"image\/jpeg"}],"author":"Daniel E. Monta\u00f1a","twitter_card":"summary_large_image","twitter_creator":"@https:\/\/twitter.com\/daner_004","twitter_site":"@sergiolapegue","twitter_misc":{"Escrito por":"Daniel E. Monta\u00f1a","Tiempo de lectura":"2 minutos"},"schema":{"@context":"https:\/\/schema.org","@graph":[{"@type":"Article","@id":"https:\/\/sergiolapegue.com\/site\/2025\/07\/18\/inquieta-en-vacaciones-de-invierno\/#article","isPartOf":{"@id":"https:\/\/sergiolapegue.com\/site\/2025\/07\/18\/inquieta-en-vacaciones-de-invierno\/"},"author":{"name":"Daniel E. Monta\u00f1a","@id":"https:\/\/sergiolapegue.com\/site\/#\/schema\/person\/9198e7dbab43c6d74d0fd5399af7c3cd"},"headline":"\u201cINQUIETA\u201d EN VACACIONES DE INVIERNO","datePublished":"2025-07-18T04:00:00+00:00","mainEntityOfPage":{"@id":"https:\/\/sergiolapegue.com\/site\/2025\/07\/18\/inquieta-en-vacaciones-de-invierno\/"},"wordCount":333,"commentCount":0,"publisher":{"@id":"https:\/\/sergiolapegue.com\/site\/#\/schema\/person\/083aeceeb0734cd166779ea6c0551a37"},"image":{"@id":"https:\/\/sergiolapegue.com\/site\/2025\/07\/18\/inquieta-en-vacaciones-de-invierno\/#primaryimage"},"thumbnailUrl":"https:\/\/sergiolapegue.com\/site\/wp-content\/uploads\/2025\/07\/Inquieta.jpg","articleSection":["Arte","Teatro"],"inLanguage":"es-AR","potentialAction":[{"@type":"CommentAction","name":"Comment","target":["https:\/\/sergiolapegue.com\/site\/2025\/07\/18\/inquieta-en-vacaciones-de-invierno\/#respond"]}]},{"@type":"WebPage","@id":"https:\/\/sergiolapegue.com\/site\/2025\/07\/18\/inquieta-en-vacaciones-de-invierno\/","url":"https:\/\/sergiolapegue.com\/site\/2025\/07\/18\/inquieta-en-vacaciones-de-invierno\/","name":"\u201cINQUIETA\u201d EN VACACIONES DE INVIERNO - Sergio Lapegue","isPartOf":{"@id":"https:\/\/sergiolapegue.com\/site\/#website"},"primaryImageOfPage":{"@id":"https:\/\/sergiolapegue.com\/site\/2025\/07\/18\/inquieta-en-vacaciones-de-invierno\/#primaryimage"},"image":{"@id":"https:\/\/sergiolapegue.com\/site\/2025\/07\/18\/inquieta-en-vacaciones-de-invierno\/#primaryimage"},"thumbnailUrl":"https:\/\/sergiolapegue.com\/site\/wp-content\/uploads\/2025\/07\/Inquieta.jpg","datePublished":"2025-07-18T04:00:00+00:00","breadcrumb":{"@id":"https:\/\/sergiolapegue.com\/site\/2025\/07\/18\/inquieta-en-vacaciones-de-invierno\/#breadcrumb"},"inLanguage":"es-AR","potentialAction":[{"@type":"ReadAction","target":["https:\/\/sergiolapegue.com\/site\/2025\/07\/18\/inquieta-en-vacaciones-de-invierno\/"]}]},{"@type":"ImageObject","inLanguage":"es-AR","@id":"https:\/\/sergiolapegue.com\/site\/2025\/07\/18\/inquieta-en-vacaciones-de-invierno\/#primaryimage","url":"https:\/\/sergiolapegue.com\/site\/wp-content\/uploads\/2025\/07\/Inquieta.jpg","contentUrl":"https:\/\/sergiolapegue.com\/site\/wp-content\/uploads\/2025\/07\/Inquieta.jpg","width":778,"height":1100},{"@type":"BreadcrumbList","@id":"https:\/\/sergiolapegue.com\/site\/2025\/07\/18\/inquieta-en-vacaciones-de-invierno\/#breadcrumb","itemListElement":[{"@type":"ListItem","position":1,"name":"Inicio","item":"https:\/\/sergiolapegue.com\/site\/"},{"@type":"ListItem","position":2,"name":"\u201cINQUIETA\u201d EN VACACIONES DE INVIERNO"}]},{"@type":"WebSite","@id":"https:\/\/sergiolapegue.com\/site\/#website","url":"https:\/\/sergiolapegue.com\/site\/","name":"Sergio Lapegue","description":"Periodista","publisher":{"@id":"https:\/\/sergiolapegue.com\/site\/#\/schema\/person\/083aeceeb0734cd166779ea6c0551a37"},"potentialAction":[{"@type":"SearchAction","target":{"@type":"EntryPoint","urlTemplate":"https:\/\/sergiolapegue.com\/site\/?s={search_term_string}"},"query-input":{"@type":"PropertyValueSpecification","valueRequired":true,"valueName":"search_term_string"}}],"inLanguage":"es-AR"},{"@type":["Person","Organization"],"@id":"https:\/\/sergiolapegue.com\/site\/#\/schema\/person\/083aeceeb0734cd166779ea6c0551a37","name":"Sergio Lapegue","image":{"@type":"ImageObject","inLanguage":"es-AR","@id":"https:\/\/sergiolapegue.com\/site\/wp-content\/uploads\/2021\/04\/logo_header-1.png","url":"https:\/\/sergiolapegue.com\/site\/wp-content\/uploads\/2021\/04\/logo_header-1.png","contentUrl":"https:\/\/sergiolapegue.com\/site\/wp-content\/uploads\/2021\/04\/logo_header-1.png","width":272,"height":90,"caption":"Sergio Lapegue"},"logo":{"@id":"https:\/\/sergiolapegue.com\/site\/wp-content\/uploads\/2021\/04\/logo_header-1.png"},"sameAs":["https:\/\/facebook.com\/sergiolapegue","https:\/\/instagram.com\/sergiolapegue","https:\/\/x.com\/https:\/\/twitter.com\/sergiolapegue"]},{"@type":"Person","@id":"https:\/\/sergiolapegue.com\/site\/#\/schema\/person\/9198e7dbab43c6d74d0fd5399af7c3cd","name":"Daniel E. Monta\u00f1a","image":{"@type":"ImageObject","inLanguage":"es-AR","@id":"https:\/\/sergiolapegue.com\/site\/wp-content\/uploads\/2021\/04\/sl_avatar_Daniel-150x150.jpg","url":"https:\/\/sergiolapegue.com\/site\/wp-content\/uploads\/2021\/04\/sl_avatar_Daniel-150x150.jpg","contentUrl":"https:\/\/sergiolapegue.com\/site\/wp-content\/uploads\/2021\/04\/sl_avatar_Daniel-150x150.jpg","caption":"Daniel E. Monta\u00f1a"},"sameAs":["https:\/\/facebook.com\/danielernesto.montana","https:\/\/instagram.com\/daniel_montana1961","https:\/\/x.com\/https:\/\/twitter.com\/daner_004"],"url":"https:\/\/sergiolapegue.com\/site\/author\/daniel\/"}]}},"_links":{"self":[{"href":"https:\/\/sergiolapegue.com\/site\/wp-json\/wp\/v2\/posts\/24144","targetHints":{"allow":["GET"]}}],"collection":[{"href":"https:\/\/sergiolapegue.com\/site\/wp-json\/wp\/v2\/posts"}],"about":[{"href":"https:\/\/sergiolapegue.com\/site\/wp-json\/wp\/v2\/types\/post"}],"author":[{"embeddable":true,"href":"https:\/\/sergiolapegue.com\/site\/wp-json\/wp\/v2\/users\/3"}],"replies":[{"embeddable":true,"href":"https:\/\/sergiolapegue.com\/site\/wp-json\/wp\/v2\/comments?post=24144"}],"version-history":[{"count":1,"href":"https:\/\/sergiolapegue.com\/site\/wp-json\/wp\/v2\/posts\/24144\/revisions"}],"predecessor-version":[{"id":24148,"href":"https:\/\/sergiolapegue.com\/site\/wp-json\/wp\/v2\/posts\/24144\/revisions\/24148"}],"wp:featuredmedia":[{"embeddable":true,"href":"https:\/\/sergiolapegue.com\/site\/wp-json\/wp\/v2\/media\/24147"}],"wp:attachment":[{"href":"https:\/\/sergiolapegue.com\/site\/wp-json\/wp\/v2\/media?parent=24144"}],"wp:term":[{"taxonomy":"category","embeddable":true,"href":"https:\/\/sergiolapegue.com\/site\/wp-json\/wp\/v2\/categories?post=24144"},{"taxonomy":"post_tag","embeddable":true,"href":"https:\/\/sergiolapegue.com\/site\/wp-json\/wp\/v2\/tags?post=24144"}],"curies":[{"name":"wp","href":"https:\/\/api.w.org\/{rel}","templated":true}]}}