{"id":24132,"date":"2025-07-17T17:00:00","date_gmt":"2025-07-17T20:00:00","guid":{"rendered":"https:\/\/sergiolapegue.com\/site\/?p=24132"},"modified":"2025-07-17T00:15:02","modified_gmt":"2025-07-17T03:15:02","slug":"teatro-en-el-museo-en-vacaciones-de-invierno-con-punkids-2","status":"publish","type":"post","link":"https:\/\/sergiolapegue.com\/site\/2025\/07\/17\/teatro-en-el-museo-en-vacaciones-de-invierno-con-punkids-2\/","title":{"rendered":"TEATRO EN EL MUSEO, EN VACACIONES DE INVIERNO\u00a0CON\u00a0PUNKIDS"},"content":{"rendered":"\n<p>Te esperaremos con una propuesta infantil a cargo de artistas de trayectoria, cada edici\u00f3n estar\u00e1 acompa\u00f1ada tambi\u00e9n de maquillajes art\u00edsticos, cosas ricas para compartir, espacios recreativos y de juego y sorpresas variadas.<\/p>\n\n\n\n<p>Las propuestas de show ir\u00e1n cambiando cada semana y a la vez se repetir\u00e1n aquellos que m\u00e1s gusten al p\u00fablico, pero todos tendr\u00e1n en com\u00fan estar colmados de alegr\u00eda, propuestas interactivas y de aprendizaje. &nbsp;<\/p>\n\n\n\n<p>El objetivo de estos encuentros es fomentar tiempo de calidad entre grandes y chicos con un enfoque cultural y divertido.&nbsp;&nbsp;<\/p>\n\n\n\n<p><strong>Instagram:<\/strong> @punkidsok&nbsp;<\/p>\n\n\n\n<figure class=\"wp-block-image size-large\"><img loading=\"lazy\" decoding=\"async\" width=\"768\" height=\"1024\" src=\"https:\/\/sergiolapegue.com\/site\/wp-content\/uploads\/2025\/07\/Teatro-en-el-museo-en-vacaciones-de-invierno-con-Punkids-1-768x1024.jpg\" alt=\"\" class=\"wp-image-24133\" srcset=\"https:\/\/sergiolapegue.com\/site\/wp-content\/uploads\/2025\/07\/Teatro-en-el-museo-en-vacaciones-de-invierno-con-Punkids-1-768x1024.jpg 768w, https:\/\/sergiolapegue.com\/site\/wp-content\/uploads\/2025\/07\/Teatro-en-el-museo-en-vacaciones-de-invierno-con-Punkids-1-225x300.jpg 225w, https:\/\/sergiolapegue.com\/site\/wp-content\/uploads\/2025\/07\/Teatro-en-el-museo-en-vacaciones-de-invierno-con-Punkids-1-1152x1536.jpg 1152w, https:\/\/sergiolapegue.com\/site\/wp-content\/uploads\/2025\/07\/Teatro-en-el-museo-en-vacaciones-de-invierno-con-Punkids-1-1536x2048.jpg 1536w, https:\/\/sergiolapegue.com\/site\/wp-content\/uploads\/2025\/07\/Teatro-en-el-museo-en-vacaciones-de-invierno-con-Punkids-1-315x420.jpg 315w, https:\/\/sergiolapegue.com\/site\/wp-content\/uploads\/2025\/07\/Teatro-en-el-museo-en-vacaciones-de-invierno-con-Punkids-1-696x928.jpg 696w, https:\/\/sergiolapegue.com\/site\/wp-content\/uploads\/2025\/07\/Teatro-en-el-museo-en-vacaciones-de-invierno-con-Punkids-1-1068x1424.jpg 1068w, https:\/\/sergiolapegue.com\/site\/wp-content\/uploads\/2025\/07\/Teatro-en-el-museo-en-vacaciones-de-invierno-con-Punkids-1-scaled.jpg 1920w\" sizes=\"auto, (max-width: 768px) 100vw, 768px\" \/><\/figure>\n\n\n\n<p><strong>\u00bfQu\u00e9 es PUNKIDS?<\/strong><strong><\/strong><\/p>\n\n\n\n<p>\u00a1El after cole m\u00e1s lindo y divertido! Un espacio creativo, distendido y seguro para disfrutar chicos y grandes.<\/p>\n\n\n\n<p>Es un programa familiar y de esparcimiento cultural que volvi\u00f3 a los jardines de los maravillosos museos:Fern\u00e1ndez Blanco y Jos\u00e9 Hern\u00e1ndez<strong>.<\/strong><strong><\/strong><\/p>\n\n\n\n<p><strong>Tu entrada incluye: <\/strong>Entrada al museo, espect\u00e1culo infantil, maquillaje art\u00edstico, espacio recreativo, jugar en los jardines, cosas ricas &amp; sorpresas<\/p>\n\n\n\n<p><br>En PUNKIDS&nbsp;los chicos bailan, cantan, saltan, juegan, comparten con sus pares y con sus padres, abuelos o t\u00edos.<\/p>\n\n\n\n<p>Es una propuesta en un espacio relajado y familiar donde los chicos no est\u00e1n sentados en butacas sino que hay un permanente ida y vuelta con los artistas, con nosotros y ustedes. Adem\u00e1s siempre que el clima acompa\u00f1a pueden disfrutar de jugar en los lind\u00edsimos jardines de ambos museos.<\/p>\n\n\n\n<figure class=\"wp-block-image size-large\"><img loading=\"lazy\" decoding=\"async\" width=\"879\" height=\"1024\" src=\"https:\/\/sergiolapegue.com\/site\/wp-content\/uploads\/2025\/07\/Teatro-en-el-museo-en-vacaciones-de-invierno-con-Punkids-2-879x1024.jpg\" alt=\"\" class=\"wp-image-24134\" srcset=\"https:\/\/sergiolapegue.com\/site\/wp-content\/uploads\/2025\/07\/Teatro-en-el-museo-en-vacaciones-de-invierno-con-Punkids-2-879x1024.jpg 879w, https:\/\/sergiolapegue.com\/site\/wp-content\/uploads\/2025\/07\/Teatro-en-el-museo-en-vacaciones-de-invierno-con-Punkids-2-258x300.jpg 258w, https:\/\/sergiolapegue.com\/site\/wp-content\/uploads\/2025\/07\/Teatro-en-el-museo-en-vacaciones-de-invierno-con-Punkids-2-768x895.jpg 768w, https:\/\/sergiolapegue.com\/site\/wp-content\/uploads\/2025\/07\/Teatro-en-el-museo-en-vacaciones-de-invierno-con-Punkids-2-1319x1536.jpg 1319w, https:\/\/sergiolapegue.com\/site\/wp-content\/uploads\/2025\/07\/Teatro-en-el-museo-en-vacaciones-de-invierno-con-Punkids-2-1758x2048.jpg 1758w, https:\/\/sergiolapegue.com\/site\/wp-content\/uploads\/2025\/07\/Teatro-en-el-museo-en-vacaciones-de-invierno-con-Punkids-2-361x420.jpg 361w, https:\/\/sergiolapegue.com\/site\/wp-content\/uploads\/2025\/07\/Teatro-en-el-museo-en-vacaciones-de-invierno-con-Punkids-2-696x811.jpg 696w, https:\/\/sergiolapegue.com\/site\/wp-content\/uploads\/2025\/07\/Teatro-en-el-museo-en-vacaciones-de-invierno-con-Punkids-2-1068x1244.jpg 1068w, https:\/\/sergiolapegue.com\/site\/wp-content\/uploads\/2025\/07\/Teatro-en-el-museo-en-vacaciones-de-invierno-con-Punkids-2-1920x2236.jpg 1920w\" sizes=\"auto, (max-width: 879px) 100vw, 879px\" \/><\/figure>\n\n\n\n<p><br><strong>VACACIONES DE INVIERNO \u2013 PUNKIDS \u2013 FECHAS<\/strong><strong><\/strong><\/p>\n\n\n\n<p><strong>LUNES 21:<\/strong><strong><\/strong><\/p>\n\n\n\n<p>FUNCI\u00d3N 1: A LAS 13.30 h- El Mundo de Mar\u00eda Elena (Museo Fern\u00e1ndez Blanco)<\/p>\n\n\n\n<p>FUNCI\u00d3N 2: A LAS 16 h \u2013 Pirucho (Museo Fern\u00e1ndez Blanco)<\/p>\n\n\n\n<p><strong>JUEVES 24:<\/strong><strong><\/strong><\/p>\n\n\n\n<p>FUNCION 1: a las 13.30h &#8211; M\u00fasica para crear \u201cMe haces bien\u201d (Museo Fern\u00e1ndez Blanco)<\/p>\n\n\n\n<p>FUNCI\u00d3N 2: a las 16h &#8211; Magic Mariano (Museo Fern\u00e1ndez Blanco)<\/p>\n\n\n\n<p><strong>MI\u00c9RCOLES 30:<\/strong><strong><\/strong><\/p>\n\n\n\n<p>FUNCI\u00d3N 1: a las 13.30h- El Mundo de Mar\u00eda Elena (Museo Jos\u00e9 Hern\u00e1ndez)<\/p>\n\n\n\n<p>FUNCI\u00d3N 2: a las 16h &#8211; Pirucho Circo Payaso (Museo Jos\u00e9 Hern\u00e1ndez)<\/p>\n\n\n\n<p><strong>JUEVES 31:<\/strong><strong><\/strong><\/p>\n\n\n\n<p>FUNCI\u00d3N 1: a las 13.30h &#8211; M\u00fasica para crear \u201cMundo Espacial\u201d (Museo Fern\u00e1ndez Blanco)<br>FUNCI\u00d3N 2: a las 16h &#8211; Pirucho Circo Payaso (Museo Fern\u00e1ndez Blanco)<\/p>\n\n\n\n<figure class=\"wp-block-image size-large\"><img loading=\"lazy\" decoding=\"async\" width=\"768\" height=\"1024\" src=\"https:\/\/sergiolapegue.com\/site\/wp-content\/uploads\/2025\/07\/Teatro-en-el-museo-en-vacaciones-de-invierno-con-Punkids-3-768x1024.jpg\" alt=\"\" class=\"wp-image-24135\" srcset=\"https:\/\/sergiolapegue.com\/site\/wp-content\/uploads\/2025\/07\/Teatro-en-el-museo-en-vacaciones-de-invierno-con-Punkids-3-768x1024.jpg 768w, https:\/\/sergiolapegue.com\/site\/wp-content\/uploads\/2025\/07\/Teatro-en-el-museo-en-vacaciones-de-invierno-con-Punkids-3-225x300.jpg 225w, https:\/\/sergiolapegue.com\/site\/wp-content\/uploads\/2025\/07\/Teatro-en-el-museo-en-vacaciones-de-invierno-con-Punkids-3-1152x1536.jpg 1152w, https:\/\/sergiolapegue.com\/site\/wp-content\/uploads\/2025\/07\/Teatro-en-el-museo-en-vacaciones-de-invierno-con-Punkids-3-1536x2048.jpg 1536w, https:\/\/sergiolapegue.com\/site\/wp-content\/uploads\/2025\/07\/Teatro-en-el-museo-en-vacaciones-de-invierno-con-Punkids-3-315x420.jpg 315w, https:\/\/sergiolapegue.com\/site\/wp-content\/uploads\/2025\/07\/Teatro-en-el-museo-en-vacaciones-de-invierno-con-Punkids-3-696x928.jpg 696w, https:\/\/sergiolapegue.com\/site\/wp-content\/uploads\/2025\/07\/Teatro-en-el-museo-en-vacaciones-de-invierno-con-Punkids-3-1068x1424.jpg 1068w, https:\/\/sergiolapegue.com\/site\/wp-content\/uploads\/2025\/07\/Teatro-en-el-museo-en-vacaciones-de-invierno-con-Punkids-3-scaled.jpg 1920w\" sizes=\"auto, (max-width: 768px) 100vw, 768px\" \/><\/figure>\n\n\n\n<p><strong>INFORMACI\u00d3N DE LOS SHOWS:\u00a0<\/strong>\u00a0<\/p>\n\n\n\n<p><strong>El Mundo de Mar\u00eda Elena:<\/strong><strong><\/strong><\/p>\n\n\n\n<p>Tributo a Mar\u00eda Elena Walsh. Recordamos sus mejores canciones y a trav\u00e9s de la m\u00fasica haremos un viaje con los personajes m\u00e1s ic\u00f3nicos, dando valor a la amistad y a la cultura de nuestro pa\u00eds. Una invitaci\u00f3n a revivir momentos inolvidables de la infancia entre grandes y chicos.<\/p>\n\n\n\n<p><strong>Pirucho Circo Payaso:<\/strong><strong><\/strong><\/p>\n\n\n\n<p>Un espect\u00e1culo donde todos ser\u00e1n parte a trav\u00e9s de la m\u00fasica, la locura de un payaso extrovertido que llevar\u00e1 a todos los espectadores a su mundo de fantas\u00eda.<br>Tanto grandes como chicos participar\u00e1n con juegos y destrezas con malabares, equilibrios, magia, acrobacias y mucho m\u00e1s.<\/p>\n\n\n\n<p>\u00a1Risas y disfrute asegurados!<\/p>\n\n\n\n<p><strong>M\u00fasica para crear:<\/strong><strong><\/strong><\/p>\n\n\n\n<p>Los invitamos a sumergimos en un mundo de desaf\u00edos musicales con t\u00edteres, burbujas, cuentos, expresi\u00f3n corporal, lucecitas y muchas cosas m\u00e1s!<\/p>\n\n\n\n<p><strong>Magic Mariano:<\/strong><strong><\/strong><\/p>\n\n\n\n<p>Magia y diversi\u00f3n aseguradas. No te pierdas este espect\u00e1culo de fantas\u00eda, sorpresas, risas y emoci\u00f3n.<\/p>\n\n\n\n<figure class=\"wp-block-image size-large is-resized\"><img loading=\"lazy\" decoding=\"async\" width=\"655\" height=\"1024\" src=\"https:\/\/sergiolapegue.com\/site\/wp-content\/uploads\/2025\/07\/Teatro-en-el-museo-en-vacaciones-de-invierno-con-Punkids-4-655x1024.jpg\" alt=\"\" class=\"wp-image-24136\" style=\"width:696px;height:auto\" srcset=\"https:\/\/sergiolapegue.com\/site\/wp-content\/uploads\/2025\/07\/Teatro-en-el-museo-en-vacaciones-de-invierno-con-Punkids-4-655x1024.jpg 655w, https:\/\/sergiolapegue.com\/site\/wp-content\/uploads\/2025\/07\/Teatro-en-el-museo-en-vacaciones-de-invierno-con-Punkids-4-192x300.jpg 192w, https:\/\/sergiolapegue.com\/site\/wp-content\/uploads\/2025\/07\/Teatro-en-el-museo-en-vacaciones-de-invierno-con-Punkids-4-768x1200.jpg 768w, https:\/\/sergiolapegue.com\/site\/wp-content\/uploads\/2025\/07\/Teatro-en-el-museo-en-vacaciones-de-invierno-con-Punkids-4-983x1536.jpg 983w, https:\/\/sergiolapegue.com\/site\/wp-content\/uploads\/2025\/07\/Teatro-en-el-museo-en-vacaciones-de-invierno-con-Punkids-4-1311x2048.jpg 1311w, https:\/\/sergiolapegue.com\/site\/wp-content\/uploads\/2025\/07\/Teatro-en-el-museo-en-vacaciones-de-invierno-con-Punkids-4-269x420.jpg 269w, https:\/\/sergiolapegue.com\/site\/wp-content\/uploads\/2025\/07\/Teatro-en-el-museo-en-vacaciones-de-invierno-con-Punkids-4-696x1087.jpg 696w, https:\/\/sergiolapegue.com\/site\/wp-content\/uploads\/2025\/07\/Teatro-en-el-museo-en-vacaciones-de-invierno-con-Punkids-4-1068x1669.jpg 1068w, https:\/\/sergiolapegue.com\/site\/wp-content\/uploads\/2025\/07\/Teatro-en-el-museo-en-vacaciones-de-invierno-con-Punkids-4-1920x3000.jpg 1920w, https:\/\/sergiolapegue.com\/site\/wp-content\/uploads\/2025\/07\/Teatro-en-el-museo-en-vacaciones-de-invierno-con-Punkids-4-scaled.jpg 1639w\" sizes=\"auto, (max-width: 655px) 100vw, 655px\" \/><\/figure>\n\n\n\n<p><strong>MUSEO FERN\u00c1NDEZ BLANCO<\/strong><strong><\/strong><\/p>\n\n\n\n<p>Suipacha 1422 \u2013 Capital Federal \u2013 Buenos Aires \u2013 Argentina<\/p>\n\n\n\n<p>Entradas: Combo Punkids: $30.000 (incluye 1 adulto y 2 menores)<\/p>\n\n\n\n<p>\u00a0\u00a0\u00a0\u00a0\u00a0\u00a0\u00a0\u00a0\u00a0\u00a0\u00a0\u00a0\u00a0\u00a0 Ticket individual: $12.000 (adultos y menores)<\/p>\n\n\n\n<p>\u00a0\u00a0\u00a0\u00a0\u00a0\u00a0\u00a0\u00a0\u00a0\u00a0\u00a0\u00a0\u00a0\u00a0 (Bebes menores de 1 a\u00f1o sin cargo)<\/p>\n\n\n\n<p>Las entradas las podes adquirir a trav\u00e9s de su p\u00e1gina web \u2013 Link:<\/p>\n\n\n\n<p><a href=\"https:\/\/www.amigosdelfernandezblanco.org\/eventos.php\">https:\/\/www.amigosdelfernandezblanco.org\/eventos.php<\/a><\/p>\n\n\n\n<p><strong>MUSEO JOS\u00c9 HERN\u00c1NDEZ<\/strong><strong><\/strong><\/p>\n\n\n\n<p>Av. Libertador 2373 \u2013 Capital Federal \u2013 Buenos Aires \u2013 Argentina<\/p>\n\n\n\n<p>Entradas: Las entradas las podes adquirir el mismo d\u00eda, minutos antes de cada funci\u00f3n por orden de llegada.<\/p>\n\n\n\n<p>Gracias Quellen Rodrigues y Brian Bitchik de QB Prensa por enviarnos la gacetilla de prensa de estos espect\u00e1culos infantiles.<\/p>\n\n\n\n<p><\/p>\n","protected":false},"excerpt":{"rendered":"<p>Te esperaremos con una propuesta infantil a cargo de artistas de trayectoria, cada edici\u00f3n estar\u00e1 acompa\u00f1ada tambi\u00e9n de maquillajes art\u00edsticos, cosas ricas para compartir, espacios recreativos y de juego y sorpresas variadas. Las propuestas de show ir\u00e1n cambiando cada semana y a la vez se repetir\u00e1n aquellos que m\u00e1s gusten al p\u00fablico, pero todos tendr\u00e1n [&hellip;]<\/p>\n","protected":false},"author":3,"featured_media":24137,"comment_status":"open","ping_status":"closed","sticky":false,"template":"","format":"standard","meta":{"footnotes":""},"categories":[34,35],"tags":[],"class_list":{"0":"post-24132","1":"post","2":"type-post","3":"status-publish","4":"format-standard","5":"has-post-thumbnail","7":"category-arte","8":"category-teatro"},"yoast_head":"<!-- This site is optimized with the Yoast SEO plugin v27.5 - https:\/\/yoast.com\/product\/yoast-seo-wordpress\/ -->\n<title>TEATRO EN EL MUSEO, EN VACACIONES DE INVIERNO\u00a0CON\u00a0PUNKIDS - Sergio Lapegue<\/title>\n<meta name=\"robots\" content=\"index, follow, max-snippet:-1, max-image-preview:large, max-video-preview:-1\" \/>\n<link rel=\"canonical\" href=\"https:\/\/sergiolapegue.com\/site\/2025\/07\/17\/teatro-en-el-museo-en-vacaciones-de-invierno-con-punkids-2\/\" \/>\n<meta property=\"og:locale\" content=\"es_ES\" \/>\n<meta property=\"og:type\" content=\"article\" \/>\n<meta property=\"og:title\" content=\"TEATRO EN EL MUSEO, EN VACACIONES DE INVIERNO\u00a0CON\u00a0PUNKIDS - Sergio Lapegue\" \/>\n<meta property=\"og:description\" content=\"Te esperaremos con una propuesta infantil a cargo de artistas de trayectoria, cada edici\u00f3n estar\u00e1 acompa\u00f1ada tambi\u00e9n de maquillajes art\u00edsticos, cosas ricas para compartir, espacios recreativos y de juego y sorpresas variadas. Las propuestas de show ir\u00e1n cambiando cada semana y a la vez se repetir\u00e1n aquellos que m\u00e1s gusten al p\u00fablico, pero todos tendr\u00e1n [&hellip;]\" \/>\n<meta property=\"og:url\" content=\"https:\/\/sergiolapegue.com\/site\/2025\/07\/17\/teatro-en-el-museo-en-vacaciones-de-invierno-con-punkids-2\/\" \/>\n<meta property=\"og:site_name\" content=\"Sergio Lapegue\" \/>\n<meta property=\"article:publisher\" content=\"https:\/\/facebook.com\/sergiolapegue\" \/>\n<meta property=\"article:author\" content=\"https:\/\/facebook.com\/danielernesto.montana\" \/>\n<meta property=\"article:published_time\" content=\"2025-07-17T20:00:00+00:00\" \/>\n<meta property=\"og:image\" content=\"https:\/\/sergiolapegue.com\/site\/wp-content\/uploads\/2025\/07\/Teatro-en-el-museo-en-vacaciones-de-invierno-con-Punkids.jpg\" \/>\n\t<meta property=\"og:image:width\" content=\"1080\" \/>\n\t<meta property=\"og:image:height\" content=\"1350\" \/>\n\t<meta property=\"og:image:type\" content=\"image\/jpeg\" \/>\n<meta name=\"author\" content=\"Daniel E. Monta\u00f1a\" \/>\n<meta name=\"twitter:card\" content=\"summary_large_image\" \/>\n<meta name=\"twitter:creator\" content=\"@https:\/\/twitter.com\/daner_004\" \/>\n<meta name=\"twitter:site\" content=\"@sergiolapegue\" \/>\n<meta name=\"twitter:label1\" content=\"Escrito por\" \/>\n\t<meta name=\"twitter:data1\" content=\"Daniel E. Monta\u00f1a\" \/>\n\t<meta name=\"twitter:label2\" content=\"Tiempo de lectura\" \/>\n\t<meta name=\"twitter:data2\" content=\"4 minutos\" \/>\n<script type=\"application\/ld+json\" class=\"yoast-schema-graph\">{\"@context\":\"https:\\\/\\\/schema.org\",\"@graph\":[{\"@type\":\"Article\",\"@id\":\"https:\\\/\\\/sergiolapegue.com\\\/site\\\/2025\\\/07\\\/17\\\/teatro-en-el-museo-en-vacaciones-de-invierno-con-punkids-2\\\/#article\",\"isPartOf\":{\"@id\":\"https:\\\/\\\/sergiolapegue.com\\\/site\\\/2025\\\/07\\\/17\\\/teatro-en-el-museo-en-vacaciones-de-invierno-con-punkids-2\\\/\"},\"author\":{\"name\":\"Daniel E. Monta\u00f1a\",\"@id\":\"https:\\\/\\\/sergiolapegue.com\\\/site\\\/#\\\/schema\\\/person\\\/9198e7dbab43c6d74d0fd5399af7c3cd\"},\"headline\":\"TEATRO EN EL MUSEO, EN VACACIONES DE INVIERNO\u00a0CON\u00a0PUNKIDS\",\"datePublished\":\"2025-07-17T20:00:00+00:00\",\"mainEntityOfPage\":{\"@id\":\"https:\\\/\\\/sergiolapegue.com\\\/site\\\/2025\\\/07\\\/17\\\/teatro-en-el-museo-en-vacaciones-de-invierno-con-punkids-2\\\/\"},\"wordCount\":650,\"commentCount\":0,\"publisher\":{\"@id\":\"https:\\\/\\\/sergiolapegue.com\\\/site\\\/#\\\/schema\\\/person\\\/083aeceeb0734cd166779ea6c0551a37\"},\"image\":{\"@id\":\"https:\\\/\\\/sergiolapegue.com\\\/site\\\/2025\\\/07\\\/17\\\/teatro-en-el-museo-en-vacaciones-de-invierno-con-punkids-2\\\/#primaryimage\"},\"thumbnailUrl\":\"https:\\\/\\\/sergiolapegue.com\\\/site\\\/wp-content\\\/uploads\\\/2025\\\/07\\\/Teatro-en-el-museo-en-vacaciones-de-invierno-con-Punkids.jpg\",\"articleSection\":[\"Arte\",\"Teatro\"],\"inLanguage\":\"es-AR\",\"potentialAction\":[{\"@type\":\"CommentAction\",\"name\":\"Comment\",\"target\":[\"https:\\\/\\\/sergiolapegue.com\\\/site\\\/2025\\\/07\\\/17\\\/teatro-en-el-museo-en-vacaciones-de-invierno-con-punkids-2\\\/#respond\"]}]},{\"@type\":\"WebPage\",\"@id\":\"https:\\\/\\\/sergiolapegue.com\\\/site\\\/2025\\\/07\\\/17\\\/teatro-en-el-museo-en-vacaciones-de-invierno-con-punkids-2\\\/\",\"url\":\"https:\\\/\\\/sergiolapegue.com\\\/site\\\/2025\\\/07\\\/17\\\/teatro-en-el-museo-en-vacaciones-de-invierno-con-punkids-2\\\/\",\"name\":\"TEATRO EN EL MUSEO, EN VACACIONES DE INVIERNO\u00a0CON\u00a0PUNKIDS - Sergio Lapegue\",\"isPartOf\":{\"@id\":\"https:\\\/\\\/sergiolapegue.com\\\/site\\\/#website\"},\"primaryImageOfPage\":{\"@id\":\"https:\\\/\\\/sergiolapegue.com\\\/site\\\/2025\\\/07\\\/17\\\/teatro-en-el-museo-en-vacaciones-de-invierno-con-punkids-2\\\/#primaryimage\"},\"image\":{\"@id\":\"https:\\\/\\\/sergiolapegue.com\\\/site\\\/2025\\\/07\\\/17\\\/teatro-en-el-museo-en-vacaciones-de-invierno-con-punkids-2\\\/#primaryimage\"},\"thumbnailUrl\":\"https:\\\/\\\/sergiolapegue.com\\\/site\\\/wp-content\\\/uploads\\\/2025\\\/07\\\/Teatro-en-el-museo-en-vacaciones-de-invierno-con-Punkids.jpg\",\"datePublished\":\"2025-07-17T20:00:00+00:00\",\"breadcrumb\":{\"@id\":\"https:\\\/\\\/sergiolapegue.com\\\/site\\\/2025\\\/07\\\/17\\\/teatro-en-el-museo-en-vacaciones-de-invierno-con-punkids-2\\\/#breadcrumb\"},\"inLanguage\":\"es-AR\",\"potentialAction\":[{\"@type\":\"ReadAction\",\"target\":[\"https:\\\/\\\/sergiolapegue.com\\\/site\\\/2025\\\/07\\\/17\\\/teatro-en-el-museo-en-vacaciones-de-invierno-con-punkids-2\\\/\"]}]},{\"@type\":\"ImageObject\",\"inLanguage\":\"es-AR\",\"@id\":\"https:\\\/\\\/sergiolapegue.com\\\/site\\\/2025\\\/07\\\/17\\\/teatro-en-el-museo-en-vacaciones-de-invierno-con-punkids-2\\\/#primaryimage\",\"url\":\"https:\\\/\\\/sergiolapegue.com\\\/site\\\/wp-content\\\/uploads\\\/2025\\\/07\\\/Teatro-en-el-museo-en-vacaciones-de-invierno-con-Punkids.jpg\",\"contentUrl\":\"https:\\\/\\\/sergiolapegue.com\\\/site\\\/wp-content\\\/uploads\\\/2025\\\/07\\\/Teatro-en-el-museo-en-vacaciones-de-invierno-con-Punkids.jpg\",\"width\":1080,\"height\":1350},{\"@type\":\"BreadcrumbList\",\"@id\":\"https:\\\/\\\/sergiolapegue.com\\\/site\\\/2025\\\/07\\\/17\\\/teatro-en-el-museo-en-vacaciones-de-invierno-con-punkids-2\\\/#breadcrumb\",\"itemListElement\":[{\"@type\":\"ListItem\",\"position\":1,\"name\":\"Inicio\",\"item\":\"https:\\\/\\\/sergiolapegue.com\\\/site\\\/\"},{\"@type\":\"ListItem\",\"position\":2,\"name\":\"TEATRO EN EL MUSEO, EN VACACIONES DE INVIERNO\u00a0CON\u00a0PUNKIDS\"}]},{\"@type\":\"WebSite\",\"@id\":\"https:\\\/\\\/sergiolapegue.com\\\/site\\\/#website\",\"url\":\"https:\\\/\\\/sergiolapegue.com\\\/site\\\/\",\"name\":\"Sergio Lapegue\",\"description\":\"Periodista\",\"publisher\":{\"@id\":\"https:\\\/\\\/sergiolapegue.com\\\/site\\\/#\\\/schema\\\/person\\\/083aeceeb0734cd166779ea6c0551a37\"},\"potentialAction\":[{\"@type\":\"SearchAction\",\"target\":{\"@type\":\"EntryPoint\",\"urlTemplate\":\"https:\\\/\\\/sergiolapegue.com\\\/site\\\/?s={search_term_string}\"},\"query-input\":{\"@type\":\"PropertyValueSpecification\",\"valueRequired\":true,\"valueName\":\"search_term_string\"}}],\"inLanguage\":\"es-AR\"},{\"@type\":[\"Person\",\"Organization\"],\"@id\":\"https:\\\/\\\/sergiolapegue.com\\\/site\\\/#\\\/schema\\\/person\\\/083aeceeb0734cd166779ea6c0551a37\",\"name\":\"Sergio Lapegue\",\"image\":{\"@type\":\"ImageObject\",\"inLanguage\":\"es-AR\",\"@id\":\"https:\\\/\\\/sergiolapegue.com\\\/site\\\/wp-content\\\/uploads\\\/2021\\\/04\\\/logo_header-1.png\",\"url\":\"https:\\\/\\\/sergiolapegue.com\\\/site\\\/wp-content\\\/uploads\\\/2021\\\/04\\\/logo_header-1.png\",\"contentUrl\":\"https:\\\/\\\/sergiolapegue.com\\\/site\\\/wp-content\\\/uploads\\\/2021\\\/04\\\/logo_header-1.png\",\"width\":272,\"height\":90,\"caption\":\"Sergio Lapegue\"},\"logo\":{\"@id\":\"https:\\\/\\\/sergiolapegue.com\\\/site\\\/wp-content\\\/uploads\\\/2021\\\/04\\\/logo_header-1.png\"},\"sameAs\":[\"https:\\\/\\\/facebook.com\\\/sergiolapegue\",\"https:\\\/\\\/instagram.com\\\/sergiolapegue\",\"https:\\\/\\\/x.com\\\/https:\\\/\\\/twitter.com\\\/sergiolapegue\"]},{\"@type\":\"Person\",\"@id\":\"https:\\\/\\\/sergiolapegue.com\\\/site\\\/#\\\/schema\\\/person\\\/9198e7dbab43c6d74d0fd5399af7c3cd\",\"name\":\"Daniel E. Monta\u00f1a\",\"image\":{\"@type\":\"ImageObject\",\"inLanguage\":\"es-AR\",\"@id\":\"https:\\\/\\\/sergiolapegue.com\\\/site\\\/wp-content\\\/uploads\\\/2021\\\/04\\\/sl_avatar_Daniel-150x150.jpg\",\"url\":\"https:\\\/\\\/sergiolapegue.com\\\/site\\\/wp-content\\\/uploads\\\/2021\\\/04\\\/sl_avatar_Daniel-150x150.jpg\",\"contentUrl\":\"https:\\\/\\\/sergiolapegue.com\\\/site\\\/wp-content\\\/uploads\\\/2021\\\/04\\\/sl_avatar_Daniel-150x150.jpg\",\"caption\":\"Daniel E. Monta\u00f1a\"},\"sameAs\":[\"https:\\\/\\\/facebook.com\\\/danielernesto.montana\",\"https:\\\/\\\/instagram.com\\\/daniel_montana1961\",\"https:\\\/\\\/x.com\\\/https:\\\/\\\/twitter.com\\\/daner_004\"],\"url\":\"https:\\\/\\\/sergiolapegue.com\\\/site\\\/author\\\/daniel\\\/\"}]}<\/script>\n<!-- \/ Yoast SEO plugin. -->","yoast_head_json":{"title":"TEATRO EN EL MUSEO, EN VACACIONES DE INVIERNO\u00a0CON\u00a0PUNKIDS - Sergio Lapegue","robots":{"index":"index","follow":"follow","max-snippet":"max-snippet:-1","max-image-preview":"max-image-preview:large","max-video-preview":"max-video-preview:-1"},"canonical":"https:\/\/sergiolapegue.com\/site\/2025\/07\/17\/teatro-en-el-museo-en-vacaciones-de-invierno-con-punkids-2\/","og_locale":"es_ES","og_type":"article","og_title":"TEATRO EN EL MUSEO, EN VACACIONES DE INVIERNO\u00a0CON\u00a0PUNKIDS - Sergio Lapegue","og_description":"Te esperaremos con una propuesta infantil a cargo de artistas de trayectoria, cada edici\u00f3n estar\u00e1 acompa\u00f1ada tambi\u00e9n de maquillajes art\u00edsticos, cosas ricas para compartir, espacios recreativos y de juego y sorpresas variadas. Las propuestas de show ir\u00e1n cambiando cada semana y a la vez se repetir\u00e1n aquellos que m\u00e1s gusten al p\u00fablico, pero todos tendr\u00e1n [&hellip;]","og_url":"https:\/\/sergiolapegue.com\/site\/2025\/07\/17\/teatro-en-el-museo-en-vacaciones-de-invierno-con-punkids-2\/","og_site_name":"Sergio Lapegue","article_publisher":"https:\/\/facebook.com\/sergiolapegue","article_author":"https:\/\/facebook.com\/danielernesto.montana","article_published_time":"2025-07-17T20:00:00+00:00","og_image":[{"width":1080,"height":1350,"url":"https:\/\/sergiolapegue.com\/site\/wp-content\/uploads\/2025\/07\/Teatro-en-el-museo-en-vacaciones-de-invierno-con-Punkids.jpg","type":"image\/jpeg"}],"author":"Daniel E. Monta\u00f1a","twitter_card":"summary_large_image","twitter_creator":"@https:\/\/twitter.com\/daner_004","twitter_site":"@sergiolapegue","twitter_misc":{"Escrito por":"Daniel E. Monta\u00f1a","Tiempo de lectura":"4 minutos"},"schema":{"@context":"https:\/\/schema.org","@graph":[{"@type":"Article","@id":"https:\/\/sergiolapegue.com\/site\/2025\/07\/17\/teatro-en-el-museo-en-vacaciones-de-invierno-con-punkids-2\/#article","isPartOf":{"@id":"https:\/\/sergiolapegue.com\/site\/2025\/07\/17\/teatro-en-el-museo-en-vacaciones-de-invierno-con-punkids-2\/"},"author":{"name":"Daniel E. Monta\u00f1a","@id":"https:\/\/sergiolapegue.com\/site\/#\/schema\/person\/9198e7dbab43c6d74d0fd5399af7c3cd"},"headline":"TEATRO EN EL MUSEO, EN VACACIONES DE INVIERNO\u00a0CON\u00a0PUNKIDS","datePublished":"2025-07-17T20:00:00+00:00","mainEntityOfPage":{"@id":"https:\/\/sergiolapegue.com\/site\/2025\/07\/17\/teatro-en-el-museo-en-vacaciones-de-invierno-con-punkids-2\/"},"wordCount":650,"commentCount":0,"publisher":{"@id":"https:\/\/sergiolapegue.com\/site\/#\/schema\/person\/083aeceeb0734cd166779ea6c0551a37"},"image":{"@id":"https:\/\/sergiolapegue.com\/site\/2025\/07\/17\/teatro-en-el-museo-en-vacaciones-de-invierno-con-punkids-2\/#primaryimage"},"thumbnailUrl":"https:\/\/sergiolapegue.com\/site\/wp-content\/uploads\/2025\/07\/Teatro-en-el-museo-en-vacaciones-de-invierno-con-Punkids.jpg","articleSection":["Arte","Teatro"],"inLanguage":"es-AR","potentialAction":[{"@type":"CommentAction","name":"Comment","target":["https:\/\/sergiolapegue.com\/site\/2025\/07\/17\/teatro-en-el-museo-en-vacaciones-de-invierno-con-punkids-2\/#respond"]}]},{"@type":"WebPage","@id":"https:\/\/sergiolapegue.com\/site\/2025\/07\/17\/teatro-en-el-museo-en-vacaciones-de-invierno-con-punkids-2\/","url":"https:\/\/sergiolapegue.com\/site\/2025\/07\/17\/teatro-en-el-museo-en-vacaciones-de-invierno-con-punkids-2\/","name":"TEATRO EN EL MUSEO, EN VACACIONES DE INVIERNO\u00a0CON\u00a0PUNKIDS - Sergio Lapegue","isPartOf":{"@id":"https:\/\/sergiolapegue.com\/site\/#website"},"primaryImageOfPage":{"@id":"https:\/\/sergiolapegue.com\/site\/2025\/07\/17\/teatro-en-el-museo-en-vacaciones-de-invierno-con-punkids-2\/#primaryimage"},"image":{"@id":"https:\/\/sergiolapegue.com\/site\/2025\/07\/17\/teatro-en-el-museo-en-vacaciones-de-invierno-con-punkids-2\/#primaryimage"},"thumbnailUrl":"https:\/\/sergiolapegue.com\/site\/wp-content\/uploads\/2025\/07\/Teatro-en-el-museo-en-vacaciones-de-invierno-con-Punkids.jpg","datePublished":"2025-07-17T20:00:00+00:00","breadcrumb":{"@id":"https:\/\/sergiolapegue.com\/site\/2025\/07\/17\/teatro-en-el-museo-en-vacaciones-de-invierno-con-punkids-2\/#breadcrumb"},"inLanguage":"es-AR","potentialAction":[{"@type":"ReadAction","target":["https:\/\/sergiolapegue.com\/site\/2025\/07\/17\/teatro-en-el-museo-en-vacaciones-de-invierno-con-punkids-2\/"]}]},{"@type":"ImageObject","inLanguage":"es-AR","@id":"https:\/\/sergiolapegue.com\/site\/2025\/07\/17\/teatro-en-el-museo-en-vacaciones-de-invierno-con-punkids-2\/#primaryimage","url":"https:\/\/sergiolapegue.com\/site\/wp-content\/uploads\/2025\/07\/Teatro-en-el-museo-en-vacaciones-de-invierno-con-Punkids.jpg","contentUrl":"https:\/\/sergiolapegue.com\/site\/wp-content\/uploads\/2025\/07\/Teatro-en-el-museo-en-vacaciones-de-invierno-con-Punkids.jpg","width":1080,"height":1350},{"@type":"BreadcrumbList","@id":"https:\/\/sergiolapegue.com\/site\/2025\/07\/17\/teatro-en-el-museo-en-vacaciones-de-invierno-con-punkids-2\/#breadcrumb","itemListElement":[{"@type":"ListItem","position":1,"name":"Inicio","item":"https:\/\/sergiolapegue.com\/site\/"},{"@type":"ListItem","position":2,"name":"TEATRO EN EL MUSEO, EN VACACIONES DE INVIERNO\u00a0CON\u00a0PUNKIDS"}]},{"@type":"WebSite","@id":"https:\/\/sergiolapegue.com\/site\/#website","url":"https:\/\/sergiolapegue.com\/site\/","name":"Sergio Lapegue","description":"Periodista","publisher":{"@id":"https:\/\/sergiolapegue.com\/site\/#\/schema\/person\/083aeceeb0734cd166779ea6c0551a37"},"potentialAction":[{"@type":"SearchAction","target":{"@type":"EntryPoint","urlTemplate":"https:\/\/sergiolapegue.com\/site\/?s={search_term_string}"},"query-input":{"@type":"PropertyValueSpecification","valueRequired":true,"valueName":"search_term_string"}}],"inLanguage":"es-AR"},{"@type":["Person","Organization"],"@id":"https:\/\/sergiolapegue.com\/site\/#\/schema\/person\/083aeceeb0734cd166779ea6c0551a37","name":"Sergio Lapegue","image":{"@type":"ImageObject","inLanguage":"es-AR","@id":"https:\/\/sergiolapegue.com\/site\/wp-content\/uploads\/2021\/04\/logo_header-1.png","url":"https:\/\/sergiolapegue.com\/site\/wp-content\/uploads\/2021\/04\/logo_header-1.png","contentUrl":"https:\/\/sergiolapegue.com\/site\/wp-content\/uploads\/2021\/04\/logo_header-1.png","width":272,"height":90,"caption":"Sergio Lapegue"},"logo":{"@id":"https:\/\/sergiolapegue.com\/site\/wp-content\/uploads\/2021\/04\/logo_header-1.png"},"sameAs":["https:\/\/facebook.com\/sergiolapegue","https:\/\/instagram.com\/sergiolapegue","https:\/\/x.com\/https:\/\/twitter.com\/sergiolapegue"]},{"@type":"Person","@id":"https:\/\/sergiolapegue.com\/site\/#\/schema\/person\/9198e7dbab43c6d74d0fd5399af7c3cd","name":"Daniel E. Monta\u00f1a","image":{"@type":"ImageObject","inLanguage":"es-AR","@id":"https:\/\/sergiolapegue.com\/site\/wp-content\/uploads\/2021\/04\/sl_avatar_Daniel-150x150.jpg","url":"https:\/\/sergiolapegue.com\/site\/wp-content\/uploads\/2021\/04\/sl_avatar_Daniel-150x150.jpg","contentUrl":"https:\/\/sergiolapegue.com\/site\/wp-content\/uploads\/2021\/04\/sl_avatar_Daniel-150x150.jpg","caption":"Daniel E. Monta\u00f1a"},"sameAs":["https:\/\/facebook.com\/danielernesto.montana","https:\/\/instagram.com\/daniel_montana1961","https:\/\/x.com\/https:\/\/twitter.com\/daner_004"],"url":"https:\/\/sergiolapegue.com\/site\/author\/daniel\/"}]}},"_links":{"self":[{"href":"https:\/\/sergiolapegue.com\/site\/wp-json\/wp\/v2\/posts\/24132","targetHints":{"allow":["GET"]}}],"collection":[{"href":"https:\/\/sergiolapegue.com\/site\/wp-json\/wp\/v2\/posts"}],"about":[{"href":"https:\/\/sergiolapegue.com\/site\/wp-json\/wp\/v2\/types\/post"}],"author":[{"embeddable":true,"href":"https:\/\/sergiolapegue.com\/site\/wp-json\/wp\/v2\/users\/3"}],"replies":[{"embeddable":true,"href":"https:\/\/sergiolapegue.com\/site\/wp-json\/wp\/v2\/comments?post=24132"}],"version-history":[{"count":1,"href":"https:\/\/sergiolapegue.com\/site\/wp-json\/wp\/v2\/posts\/24132\/revisions"}],"predecessor-version":[{"id":24138,"href":"https:\/\/sergiolapegue.com\/site\/wp-json\/wp\/v2\/posts\/24132\/revisions\/24138"}],"wp:featuredmedia":[{"embeddable":true,"href":"https:\/\/sergiolapegue.com\/site\/wp-json\/wp\/v2\/media\/24137"}],"wp:attachment":[{"href":"https:\/\/sergiolapegue.com\/site\/wp-json\/wp\/v2\/media?parent=24132"}],"wp:term":[{"taxonomy":"category","embeddable":true,"href":"https:\/\/sergiolapegue.com\/site\/wp-json\/wp\/v2\/categories?post=24132"},{"taxonomy":"post_tag","embeddable":true,"href":"https:\/\/sergiolapegue.com\/site\/wp-json\/wp\/v2\/tags?post=24132"}],"curies":[{"name":"wp","href":"https:\/\/api.w.org\/{rel}","templated":true}]}}