{"id":23955,"date":"2025-07-11T01:00:00","date_gmt":"2025-07-11T04:00:00","guid":{"rendered":"https:\/\/sergiolapegue.com\/site\/?p=23955"},"modified":"2025-07-10T21:25:28","modified_gmt":"2025-07-11T00:25:28","slug":"llega-la-v-edicion-delfestival-del-patiopara-las-infancias","status":"publish","type":"post","link":"https:\/\/sergiolapegue.com\/site\/2025\/07\/11\/llega-la-v-edicion-delfestival-del-patiopara-las-infancias\/","title":{"rendered":"LLEGA LA V EDICI\u00d3N DELFESTIVAL DEL PATIOPARA LAS INFANCIAS"},"content":{"rendered":"\n<p>A partir del 19 de julio llega la&nbsp;5\u00b0 edici\u00f3n&nbsp;del&nbsp;FESTIVAL DEL PATIO, un evento art\u00edstico destinado a las infancias en el&nbsp;Espacio Haiku. El festival cuenta con m\u00e1s de 10 obras teatrales, grupos de juego, biblioteca abierta y mucho m\u00e1s.<\/p>\n\n\n\n<p>El patio es JUEGO, APRENDIZAJE, ENCUENTRO, CREATIVIDAD, BIENESTAR.<\/p>\n\n\n\n<p>Creemos en un patio libre de estereotipos donde los ni\u00f1os son creadores de nuevas posibilidades de percepci\u00f3n, sensibilidad y pensamiento. Donde la diversi\u00f3n nos acerca al arte. Y donde el arte nos acerca a las personas. Habr\u00e1 funciones durante todas las vacaciones de invierno.<\/p>\n\n\n\n<p>Habr\u00e1 funciones de obras de teatro destinadas a las infancias con ENTRADA A LA GORRA todos los d\u00edas desde el 19 de julio hasta el 2 de agosto. La programaci\u00f3n contempla una diversidad de edades y cuenta con la participaci\u00f3n especial de una obra teatral que viene desde Uruguay. Adem\u00e1s, podr\u00e1n disfrutar de grupos de juego, talleres, juegoteca, biblioteca abierta y bar saludable. Dos semanas a puro arte para los m\u00e1s chicos.<\/p>\n\n\n\n<p><strong>Instagram:<\/strong> @haiku.espacio<\/p>\n\n\n\n<figure class=\"wp-block-image size-large\"><img loading=\"lazy\" decoding=\"async\" width=\"1024\" height=\"448\" src=\"https:\/\/sergiolapegue.com\/site\/wp-content\/uploads\/2025\/07\/Llega-la-5-edicion-del-festival-del-patio-las-infancias-1-1024x448.jpg\" alt=\"\" class=\"wp-image-23960\" srcset=\"https:\/\/sergiolapegue.com\/site\/wp-content\/uploads\/2025\/07\/Llega-la-5-edicion-del-festival-del-patio-las-infancias-1-1024x448.jpg 1024w, https:\/\/sergiolapegue.com\/site\/wp-content\/uploads\/2025\/07\/Llega-la-5-edicion-del-festival-del-patio-las-infancias-1-300x131.jpg 300w, https:\/\/sergiolapegue.com\/site\/wp-content\/uploads\/2025\/07\/Llega-la-5-edicion-del-festival-del-patio-las-infancias-1-768x336.jpg 768w, https:\/\/sergiolapegue.com\/site\/wp-content\/uploads\/2025\/07\/Llega-la-5-edicion-del-festival-del-patio-las-infancias-1-1536x671.jpg 1536w, https:\/\/sergiolapegue.com\/site\/wp-content\/uploads\/2025\/07\/Llega-la-5-edicion-del-festival-del-patio-las-infancias-1-961x420.jpg 961w, https:\/\/sergiolapegue.com\/site\/wp-content\/uploads\/2025\/07\/Llega-la-5-edicion-del-festival-del-patio-las-infancias-1-696x304.jpg 696w, https:\/\/sergiolapegue.com\/site\/wp-content\/uploads\/2025\/07\/Llega-la-5-edicion-del-festival-del-patio-las-infancias-1-1068x467.jpg 1068w, https:\/\/sergiolapegue.com\/site\/wp-content\/uploads\/2025\/07\/Llega-la-5-edicion-del-festival-del-patio-las-infancias-1.jpg 1906w\" sizes=\"auto, (max-width: 1024px) 100vw, 1024px\" \/><\/figure>\n\n\n\n<p><strong>PROGRAMACI\u00d3N<\/strong><\/p>\n\n\n\n<p><strong>SEMANA 1<\/strong><\/p>\n\n\n\n<p><strong>S\u00e1bado 19\/7<\/strong><strong><\/strong><\/p>\n\n\n\n<p>15:00 horas \u2013 Inmenso Tejido<\/p>\n\n\n\n<p>17:00 horas \u2013 A Contar con Mar\u00eda Elena<\/p>\n\n\n\n<p>19:00 horas \u2013 No s\u00e9, o Experimento de Terapia de Shock con Viajes en el Tiempo como Cura a la Incertidumbre de Sujeto 3<\/p>\n\n\n\n<p><strong>Domingo 20\/7<\/strong><strong><\/strong><\/p>\n\n\n\n<p>16:00 horas \u2013 Taller de Construcci\u00f3n de Juguetes<\/p>\n\n\n\n<p><strong>Mi\u00e9rcoles 23\/7<\/strong><strong><\/strong><\/p>\n\n\n\n<p>15:00 horas \u2013 Lua, entre Hilos y Piratas<\/p>\n\n\n\n<p>17:00 horas \u2013 La Historia de Magnolia<\/p>\n\n\n\n<p><strong>Jueves 24\/7<\/strong><strong><\/strong><\/p>\n\n\n\n<p>15:00 horas &#8211; La Historia de Magnolia<\/p>\n\n\n\n<p>17:00 horas \u2013 Lua, entre Hilos y Piratas<\/p>\n\n\n\n<p>19:00 horas \u2013 No s\u00e9, o Experimento de Terapia de Shock con Viajes en el Tiempo como Cura a la Incertidumbre de Sujeto 3<\/p>\n\n\n\n<figure class=\"wp-block-image size-large\"><img loading=\"lazy\" decoding=\"async\" width=\"1024\" height=\"458\" src=\"https:\/\/sergiolapegue.com\/site\/wp-content\/uploads\/2025\/07\/Llega-la-5-edicion-del-festival-del-patio-las-infancias-2-1024x458.jpg\" alt=\"\" class=\"wp-image-23959\" srcset=\"https:\/\/sergiolapegue.com\/site\/wp-content\/uploads\/2025\/07\/Llega-la-5-edicion-del-festival-del-patio-las-infancias-2-1024x458.jpg 1024w, https:\/\/sergiolapegue.com\/site\/wp-content\/uploads\/2025\/07\/Llega-la-5-edicion-del-festival-del-patio-las-infancias-2-300x134.jpg 300w, https:\/\/sergiolapegue.com\/site\/wp-content\/uploads\/2025\/07\/Llega-la-5-edicion-del-festival-del-patio-las-infancias-2-768x343.jpg 768w, https:\/\/sergiolapegue.com\/site\/wp-content\/uploads\/2025\/07\/Llega-la-5-edicion-del-festival-del-patio-las-infancias-2-1536x687.jpg 1536w, https:\/\/sergiolapegue.com\/site\/wp-content\/uploads\/2025\/07\/Llega-la-5-edicion-del-festival-del-patio-las-infancias-2-939x420.jpg 939w, https:\/\/sergiolapegue.com\/site\/wp-content\/uploads\/2025\/07\/Llega-la-5-edicion-del-festival-del-patio-las-infancias-2-696x311.jpg 696w, https:\/\/sergiolapegue.com\/site\/wp-content\/uploads\/2025\/07\/Llega-la-5-edicion-del-festival-del-patio-las-infancias-2-1068x478.jpg 1068w, https:\/\/sergiolapegue.com\/site\/wp-content\/uploads\/2025\/07\/Llega-la-5-edicion-del-festival-del-patio-las-infancias-2.jpg 1910w\" sizes=\"auto, (max-width: 1024px) 100vw, 1024px\" \/><\/figure>\n\n\n\n<p><strong>Viernes 25\/7<\/strong><strong><\/strong><\/p>\n\n\n\n<p>15:00 horas \u2013 Tiluc<\/p>\n\n\n\n<p>17:00 horas \u2013 S\u00faper T\u00f3nica<\/p>\n\n\n\n<p>19:00 horas \u2013 La Odisea Contada como Sea<\/p>\n\n\n\n<p><strong>SEMANA 2<\/strong><\/p>\n\n\n\n<p><strong>S\u00e1bado 26\/7<\/strong><strong><\/strong><\/p>\n\n\n\n<p>15:00 horas \u2013 S\u00faper T\u00f3nica<\/p>\n\n\n\n<p>17:00 horas \u2013 \u00a1EUREKA! Confusi\u00f3n en la biblioteca<\/p>\n\n\n\n<p>19:00 horas \u2013 No s\u00e9, o Experimento de Terapia de Shock con Viajes en el Tiempo como Cura a la Incertidumbre de Sujeto 3<\/p>\n\n\n\n<p><strong>Mi\u00e9rcoles 30\/7<\/strong><strong><\/strong><\/p>\n\n\n\n<p>15:00 horas y 17:00 horas \u2013 H\u00e1blame Bonito<\/p>\n\n\n\n<figure class=\"wp-block-image size-large\"><img loading=\"lazy\" decoding=\"async\" width=\"1024\" height=\"453\" src=\"https:\/\/sergiolapegue.com\/site\/wp-content\/uploads\/2025\/07\/Llega-la-5-edicion-del-festival-del-patio-las-infancias-3-1024x453.jpg\" alt=\"\" class=\"wp-image-23958\" srcset=\"https:\/\/sergiolapegue.com\/site\/wp-content\/uploads\/2025\/07\/Llega-la-5-edicion-del-festival-del-patio-las-infancias-3-1024x453.jpg 1024w, https:\/\/sergiolapegue.com\/site\/wp-content\/uploads\/2025\/07\/Llega-la-5-edicion-del-festival-del-patio-las-infancias-3-300x133.jpg 300w, https:\/\/sergiolapegue.com\/site\/wp-content\/uploads\/2025\/07\/Llega-la-5-edicion-del-festival-del-patio-las-infancias-3-768x340.jpg 768w, https:\/\/sergiolapegue.com\/site\/wp-content\/uploads\/2025\/07\/Llega-la-5-edicion-del-festival-del-patio-las-infancias-3-1536x679.jpg 1536w, https:\/\/sergiolapegue.com\/site\/wp-content\/uploads\/2025\/07\/Llega-la-5-edicion-del-festival-del-patio-las-infancias-3-950x420.jpg 950w, https:\/\/sergiolapegue.com\/site\/wp-content\/uploads\/2025\/07\/Llega-la-5-edicion-del-festival-del-patio-las-infancias-3-696x308.jpg 696w, https:\/\/sergiolapegue.com\/site\/wp-content\/uploads\/2025\/07\/Llega-la-5-edicion-del-festival-del-patio-las-infancias-3-1068x472.jpg 1068w, https:\/\/sergiolapegue.com\/site\/wp-content\/uploads\/2025\/07\/Llega-la-5-edicion-del-festival-del-patio-las-infancias-3.jpg 1904w\" sizes=\"auto, (max-width: 1024px) 100vw, 1024px\" \/><\/figure>\n\n\n\n<p><strong>Jueves 31\/7<\/strong><strong><\/strong><\/p>\n\n\n\n<p>15:00 horas \u2013 Qu\u00e9 Brisa la Risa!<\/p>\n\n\n\n<p>17:00 horas \u2013 Navegantes<\/p>\n\n\n\n<p>19:00 horas \u2013 No s\u00e9, o Experimento de Terapia de Shock con Viajes en el Tiempo como Cura a la Incertidumbre de Sujeto 3<\/p>\n\n\n\n<p><strong>Viernes 1\/8<\/strong><strong><\/strong><\/p>\n\n\n\n<p>15:00 horas \u2013 Qu\u00e9 Brisa la Risa!<\/p>\n\n\n\n<p>17:00 horas \u2013 \u00a1EUREKA! Confusi\u00f3n en la biblioteca<\/p>\n\n\n\n<p>19:00 horas \u2013 La Odisea Contada como Sea<\/p>\n\n\n\n<p><strong>S\u00e1bado 2\/8<\/strong><strong><\/strong><\/p>\n\n\n\n<p>15:00 horas \u2013 Inmenso Tejido<\/p>\n\n\n\n<p>17:00 horas \u2013 Acariciando Cuentos<\/p>\n\n\n\n<p>19:00 horas \u2013 No s\u00e9, o Experimento de Terapia de Shock con Viajes en el Tiempo como Cura a la Incertidumbre de Sujeto 3.<\/p>\n\n\n\n<figure class=\"wp-block-image size-large\"><img loading=\"lazy\" decoding=\"async\" width=\"1024\" height=\"453\" src=\"https:\/\/sergiolapegue.com\/site\/wp-content\/uploads\/2025\/07\/Llega-la-5-edicion-del-festival-del-patio-las-infancias-4-1024x453.jpg\" alt=\"\" class=\"wp-image-23957\" srcset=\"https:\/\/sergiolapegue.com\/site\/wp-content\/uploads\/2025\/07\/Llega-la-5-edicion-del-festival-del-patio-las-infancias-4-1024x453.jpg 1024w, https:\/\/sergiolapegue.com\/site\/wp-content\/uploads\/2025\/07\/Llega-la-5-edicion-del-festival-del-patio-las-infancias-4-300x133.jpg 300w, https:\/\/sergiolapegue.com\/site\/wp-content\/uploads\/2025\/07\/Llega-la-5-edicion-del-festival-del-patio-las-infancias-4-768x340.jpg 768w, https:\/\/sergiolapegue.com\/site\/wp-content\/uploads\/2025\/07\/Llega-la-5-edicion-del-festival-del-patio-las-infancias-4-1536x680.jpg 1536w, https:\/\/sergiolapegue.com\/site\/wp-content\/uploads\/2025\/07\/Llega-la-5-edicion-del-festival-del-patio-las-infancias-4-949x420.jpg 949w, https:\/\/sergiolapegue.com\/site\/wp-content\/uploads\/2025\/07\/Llega-la-5-edicion-del-festival-del-patio-las-infancias-4-696x308.jpg 696w, https:\/\/sergiolapegue.com\/site\/wp-content\/uploads\/2025\/07\/Llega-la-5-edicion-del-festival-del-patio-las-infancias-4-1068x473.jpg 1068w, https:\/\/sergiolapegue.com\/site\/wp-content\/uploads\/2025\/07\/Llega-la-5-edicion-del-festival-del-patio-las-infancias-4.jpg 1902w\" sizes=\"auto, (max-width: 1024px) 100vw, 1024px\" \/><\/figure>\n\n\n\n<p><strong>TODOS LOS D\u00cdAS<\/strong><\/p>\n\n\n\n<p>Grupo de Juego por la ma\u00f1ana.<\/p>\n\n\n\n<p>Juegoteca y biblioteca abierta de 14:00 horas a 18:00 horas.<\/p>\n\n\n\n<p>Bar Saludable.<\/p>\n\n\n\n<p><strong>EQUIPO CREATIVO<\/strong><\/p>\n\n\n\n<p>El Festival del Patio est\u00e1 organizado por Solange Perazzo, Dafne Doyle y Francisco Jalil.<\/p>\n\n\n\n<figure class=\"wp-block-image size-large\"><img loading=\"lazy\" decoding=\"async\" width=\"1024\" height=\"439\" src=\"https:\/\/sergiolapegue.com\/site\/wp-content\/uploads\/2025\/07\/Llega-la-5-edicion-del-festival-del-patio-las-infancias-5-1024x439.jpg\" alt=\"\" class=\"wp-image-23956\" srcset=\"https:\/\/sergiolapegue.com\/site\/wp-content\/uploads\/2025\/07\/Llega-la-5-edicion-del-festival-del-patio-las-infancias-5-1024x439.jpg 1024w, https:\/\/sergiolapegue.com\/site\/wp-content\/uploads\/2025\/07\/Llega-la-5-edicion-del-festival-del-patio-las-infancias-5-300x129.jpg 300w, https:\/\/sergiolapegue.com\/site\/wp-content\/uploads\/2025\/07\/Llega-la-5-edicion-del-festival-del-patio-las-infancias-5-768x329.jpg 768w, https:\/\/sergiolapegue.com\/site\/wp-content\/uploads\/2025\/07\/Llega-la-5-edicion-del-festival-del-patio-las-infancias-5-1536x659.jpg 1536w, https:\/\/sergiolapegue.com\/site\/wp-content\/uploads\/2025\/07\/Llega-la-5-edicion-del-festival-del-patio-las-infancias-5-979x420.jpg 979w, https:\/\/sergiolapegue.com\/site\/wp-content\/uploads\/2025\/07\/Llega-la-5-edicion-del-festival-del-patio-las-infancias-5-696x299.jpg 696w, https:\/\/sergiolapegue.com\/site\/wp-content\/uploads\/2025\/07\/Llega-la-5-edicion-del-festival-del-patio-las-infancias-5-1068x458.jpg 1068w, https:\/\/sergiolapegue.com\/site\/wp-content\/uploads\/2025\/07\/Llega-la-5-edicion-del-festival-del-patio-las-infancias-5.jpg 1893w\" sizes=\"auto, (max-width: 1024px) 100vw, 1024px\" \/><\/figure>\n\n\n\n<p><strong>ESPACIO HAIKU<\/strong><\/p>\n\n\n\n<p>Av. Congreso 3834 \u2013 Capital Federal \u2013 Buenos Aires \u2013 Argentina<\/p>\n\n\n\n<p>Tel\u00e9fono: 11 6 524 0122<\/p>\n\n\n\n<p>Entradas: A la gorra \u2013 A trav\u00e9s de Alternativa Teatral<\/p>\n\n\n\n<p>Funciones: Del 19\/07\/2025 al 02\/08\/2025<\/p>\n\n\n\n<p>Gracias Alexis Mazzitelli por acercarnos la gacetilla de prensa del Quinto Festival del Patio para Las Infancias.<\/p>\n\n\n\n<p><strong>SOBRE SOLANGE PERAZZO&nbsp;(@solangeperazzo)<\/strong><\/p>\n\n\n\n<p>Solange Perazzo&nbsp;es actriz, directora, docente y gestora cultural. Desde 2008 se dedica profesional y exclusivamente al teatro para la infancia y la juventud.<\/p>\n\n\n\n<p>Es miembro de ATINA y ASSITEJ Internacional. Lleva dirigidos m\u00e1s de quince espect\u00e1culos para ni\u00f1os y j\u00f3venes.&nbsp; Sus espect\u00e1culos han participado en numerosos festivales internacionales.<\/p>\n\n\n\n<p><strong>SOBRE DAFNE DOYLE&nbsp;(@dafdoyle)<\/strong><strong><\/strong><\/p>\n\n\n\n<p>Dafne Doyle, egresada de la Lic. en actuaci\u00f3n en la UNA trabaja hace 10 a\u00f1os en teatro independiente como actriz, asistente de direcci\u00f3n y producci\u00f3n.&nbsp;Entre sus \u00faltimos trabajos se destacan \u201cNo se o experimento de terapia de shock con viajes en el tiempo como cura a la incertidumbre del sujeto 3\u201d, \u201cNos hacemos pedazos con gran facilidad\u201d y \u201cEl misterio en el que se vieron envueltas seis hermanas y creo que una oveja\u201d.<\/p>\n\n\n\n<p><strong>SOBRE FRANCISCO JALIL&nbsp;(@franjalil)<\/strong><strong><\/strong><\/p>\n\n\n\n<p>Francisco Jalil es actor, director y docente. Desde muy joven se dedica al teatro, con una formaci\u00f3n integral que incluye estudios en la Universidad Nacional de las Artes (UNA) y diversas capacitaciones en actuaci\u00f3n, cuerpo, danza, clown y direcci\u00f3n.&nbsp;<\/p>\n\n\n\n<p>Desde 2010 ha participado como actor en m\u00e1s de veinte obras, tanto en el circuito independiente como en escenarios internacionales, como el Public Theater de Nueva York. Como director, ha creado espect\u00e1culos orientados al p\u00fablico infantil y familiar.&nbsp;<\/p>\n\n\n\n<p>En el \u00e1mbito docente, ha dictado talleres y seminarios en Buenos Aires, Nueva York y M\u00e9xico, siempre con una mirada l\u00fadica, expresiva y centrada en el juego teatral y el cuerpo en escena.&nbsp;<\/p>\n\n\n\n<p>Actualmente es socio fundador de Haiku Multiespacio, un centro cultural dedicado a las infancias, donde tambi\u00e9n forma parte del equipo curatorial, art\u00edstico y administrativo.<\/p>\n","protected":false},"excerpt":{"rendered":"<p>A partir del 19 de julio llega la&nbsp;5\u00b0 edici\u00f3n&nbsp;del&nbsp;FESTIVAL DEL PATIO, un evento art\u00edstico destinado a las infancias en el&nbsp;Espacio Haiku. El festival cuenta con m\u00e1s de 10 obras teatrales, grupos de juego, biblioteca abierta y mucho m\u00e1s. El patio es JUEGO, APRENDIZAJE, ENCUENTRO, CREATIVIDAD, BIENESTAR. Creemos en un patio libre de estereotipos donde los [&hellip;]<\/p>\n","protected":false},"author":3,"featured_media":23961,"comment_status":"open","ping_status":"closed","sticky":false,"template":"","format":"standard","meta":{"footnotes":""},"categories":[34,35],"tags":[],"class_list":{"0":"post-23955","1":"post","2":"type-post","3":"status-publish","4":"format-standard","5":"has-post-thumbnail","7":"category-arte","8":"category-teatro"},"yoast_head":"<!-- This site is optimized with the Yoast SEO plugin v27.5 - https:\/\/yoast.com\/product\/yoast-seo-wordpress\/ -->\n<title>LLEGA LA V EDICI\u00d3N DELFESTIVAL DEL PATIOPARA LAS INFANCIAS - Sergio Lapegue<\/title>\n<meta name=\"robots\" content=\"index, follow, max-snippet:-1, max-image-preview:large, max-video-preview:-1\" \/>\n<link rel=\"canonical\" href=\"https:\/\/sergiolapegue.com\/site\/2025\/07\/11\/llega-la-v-edicion-delfestival-del-patiopara-las-infancias\/\" \/>\n<meta property=\"og:locale\" content=\"es_ES\" \/>\n<meta property=\"og:type\" content=\"article\" \/>\n<meta property=\"og:title\" content=\"LLEGA LA V EDICI\u00d3N DELFESTIVAL DEL PATIOPARA LAS INFANCIAS - Sergio Lapegue\" \/>\n<meta property=\"og:description\" content=\"A partir del 19 de julio llega la&nbsp;5\u00b0 edici\u00f3n&nbsp;del&nbsp;FESTIVAL DEL PATIO, un evento art\u00edstico destinado a las infancias en el&nbsp;Espacio Haiku. El festival cuenta con m\u00e1s de 10 obras teatrales, grupos de juego, biblioteca abierta y mucho m\u00e1s. El patio es JUEGO, APRENDIZAJE, ENCUENTRO, CREATIVIDAD, BIENESTAR. Creemos en un patio libre de estereotipos donde los [&hellip;]\" \/>\n<meta property=\"og:url\" content=\"https:\/\/sergiolapegue.com\/site\/2025\/07\/11\/llega-la-v-edicion-delfestival-del-patiopara-las-infancias\/\" \/>\n<meta property=\"og:site_name\" content=\"Sergio Lapegue\" \/>\n<meta property=\"article:publisher\" content=\"https:\/\/facebook.com\/sergiolapegue\" \/>\n<meta property=\"article:author\" content=\"https:\/\/facebook.com\/danielernesto.montana\" \/>\n<meta property=\"article:published_time\" content=\"2025-07-11T04:00:00+00:00\" \/>\n<meta property=\"og:image\" content=\"https:\/\/sergiolapegue.com\/site\/wp-content\/uploads\/2025\/07\/Llega-la-5-edicion-del-festival-del-patio-las-infancias.jpg\" \/>\n\t<meta property=\"og:image:width\" content=\"800\" \/>\n\t<meta property=\"og:image:height\" content=\"1000\" \/>\n\t<meta property=\"og:image:type\" content=\"image\/jpeg\" \/>\n<meta name=\"author\" content=\"Daniel E. Monta\u00f1a\" \/>\n<meta name=\"twitter:card\" content=\"summary_large_image\" \/>\n<meta name=\"twitter:creator\" content=\"@https:\/\/twitter.com\/daner_004\" \/>\n<meta name=\"twitter:site\" content=\"@sergiolapegue\" \/>\n<meta name=\"twitter:label1\" content=\"Escrito por\" \/>\n\t<meta name=\"twitter:data1\" content=\"Daniel E. Monta\u00f1a\" \/>\n\t<meta name=\"twitter:label2\" content=\"Tiempo de lectura\" \/>\n\t<meta name=\"twitter:data2\" content=\"5 minutos\" \/>\n<script type=\"application\/ld+json\" class=\"yoast-schema-graph\">{\"@context\":\"https:\\\/\\\/schema.org\",\"@graph\":[{\"@type\":\"Article\",\"@id\":\"https:\\\/\\\/sergiolapegue.com\\\/site\\\/2025\\\/07\\\/11\\\/llega-la-v-edicion-delfestival-del-patiopara-las-infancias\\\/#article\",\"isPartOf\":{\"@id\":\"https:\\\/\\\/sergiolapegue.com\\\/site\\\/2025\\\/07\\\/11\\\/llega-la-v-edicion-delfestival-del-patiopara-las-infancias\\\/\"},\"author\":{\"name\":\"Daniel E. Monta\u00f1a\",\"@id\":\"https:\\\/\\\/sergiolapegue.com\\\/site\\\/#\\\/schema\\\/person\\\/9198e7dbab43c6d74d0fd5399af7c3cd\"},\"headline\":\"LLEGA LA V EDICI\u00d3N DELFESTIVAL DEL PATIOPARA LAS INFANCIAS\",\"datePublished\":\"2025-07-11T04:00:00+00:00\",\"mainEntityOfPage\":{\"@id\":\"https:\\\/\\\/sergiolapegue.com\\\/site\\\/2025\\\/07\\\/11\\\/llega-la-v-edicion-delfestival-del-patiopara-las-infancias\\\/\"},\"wordCount\":788,\"commentCount\":0,\"publisher\":{\"@id\":\"https:\\\/\\\/sergiolapegue.com\\\/site\\\/#\\\/schema\\\/person\\\/083aeceeb0734cd166779ea6c0551a37\"},\"image\":{\"@id\":\"https:\\\/\\\/sergiolapegue.com\\\/site\\\/2025\\\/07\\\/11\\\/llega-la-v-edicion-delfestival-del-patiopara-las-infancias\\\/#primaryimage\"},\"thumbnailUrl\":\"https:\\\/\\\/sergiolapegue.com\\\/site\\\/wp-content\\\/uploads\\\/2025\\\/07\\\/Llega-la-5-edicion-del-festival-del-patio-las-infancias.jpg\",\"articleSection\":[\"Arte\",\"Teatro\"],\"inLanguage\":\"es-AR\",\"potentialAction\":[{\"@type\":\"CommentAction\",\"name\":\"Comment\",\"target\":[\"https:\\\/\\\/sergiolapegue.com\\\/site\\\/2025\\\/07\\\/11\\\/llega-la-v-edicion-delfestival-del-patiopara-las-infancias\\\/#respond\"]}]},{\"@type\":\"WebPage\",\"@id\":\"https:\\\/\\\/sergiolapegue.com\\\/site\\\/2025\\\/07\\\/11\\\/llega-la-v-edicion-delfestival-del-patiopara-las-infancias\\\/\",\"url\":\"https:\\\/\\\/sergiolapegue.com\\\/site\\\/2025\\\/07\\\/11\\\/llega-la-v-edicion-delfestival-del-patiopara-las-infancias\\\/\",\"name\":\"LLEGA LA V EDICI\u00d3N DELFESTIVAL DEL PATIOPARA LAS INFANCIAS - Sergio Lapegue\",\"isPartOf\":{\"@id\":\"https:\\\/\\\/sergiolapegue.com\\\/site\\\/#website\"},\"primaryImageOfPage\":{\"@id\":\"https:\\\/\\\/sergiolapegue.com\\\/site\\\/2025\\\/07\\\/11\\\/llega-la-v-edicion-delfestival-del-patiopara-las-infancias\\\/#primaryimage\"},\"image\":{\"@id\":\"https:\\\/\\\/sergiolapegue.com\\\/site\\\/2025\\\/07\\\/11\\\/llega-la-v-edicion-delfestival-del-patiopara-las-infancias\\\/#primaryimage\"},\"thumbnailUrl\":\"https:\\\/\\\/sergiolapegue.com\\\/site\\\/wp-content\\\/uploads\\\/2025\\\/07\\\/Llega-la-5-edicion-del-festival-del-patio-las-infancias.jpg\",\"datePublished\":\"2025-07-11T04:00:00+00:00\",\"breadcrumb\":{\"@id\":\"https:\\\/\\\/sergiolapegue.com\\\/site\\\/2025\\\/07\\\/11\\\/llega-la-v-edicion-delfestival-del-patiopara-las-infancias\\\/#breadcrumb\"},\"inLanguage\":\"es-AR\",\"potentialAction\":[{\"@type\":\"ReadAction\",\"target\":[\"https:\\\/\\\/sergiolapegue.com\\\/site\\\/2025\\\/07\\\/11\\\/llega-la-v-edicion-delfestival-del-patiopara-las-infancias\\\/\"]}]},{\"@type\":\"ImageObject\",\"inLanguage\":\"es-AR\",\"@id\":\"https:\\\/\\\/sergiolapegue.com\\\/site\\\/2025\\\/07\\\/11\\\/llega-la-v-edicion-delfestival-del-patiopara-las-infancias\\\/#primaryimage\",\"url\":\"https:\\\/\\\/sergiolapegue.com\\\/site\\\/wp-content\\\/uploads\\\/2025\\\/07\\\/Llega-la-5-edicion-del-festival-del-patio-las-infancias.jpg\",\"contentUrl\":\"https:\\\/\\\/sergiolapegue.com\\\/site\\\/wp-content\\\/uploads\\\/2025\\\/07\\\/Llega-la-5-edicion-del-festival-del-patio-las-infancias.jpg\",\"width\":800,\"height\":1000},{\"@type\":\"BreadcrumbList\",\"@id\":\"https:\\\/\\\/sergiolapegue.com\\\/site\\\/2025\\\/07\\\/11\\\/llega-la-v-edicion-delfestival-del-patiopara-las-infancias\\\/#breadcrumb\",\"itemListElement\":[{\"@type\":\"ListItem\",\"position\":1,\"name\":\"Inicio\",\"item\":\"https:\\\/\\\/sergiolapegue.com\\\/site\\\/\"},{\"@type\":\"ListItem\",\"position\":2,\"name\":\"LLEGA LA V EDICI\u00d3N DELFESTIVAL DEL PATIOPARA LAS INFANCIAS\"}]},{\"@type\":\"WebSite\",\"@id\":\"https:\\\/\\\/sergiolapegue.com\\\/site\\\/#website\",\"url\":\"https:\\\/\\\/sergiolapegue.com\\\/site\\\/\",\"name\":\"Sergio Lapegue\",\"description\":\"Periodista\",\"publisher\":{\"@id\":\"https:\\\/\\\/sergiolapegue.com\\\/site\\\/#\\\/schema\\\/person\\\/083aeceeb0734cd166779ea6c0551a37\"},\"potentialAction\":[{\"@type\":\"SearchAction\",\"target\":{\"@type\":\"EntryPoint\",\"urlTemplate\":\"https:\\\/\\\/sergiolapegue.com\\\/site\\\/?s={search_term_string}\"},\"query-input\":{\"@type\":\"PropertyValueSpecification\",\"valueRequired\":true,\"valueName\":\"search_term_string\"}}],\"inLanguage\":\"es-AR\"},{\"@type\":[\"Person\",\"Organization\"],\"@id\":\"https:\\\/\\\/sergiolapegue.com\\\/site\\\/#\\\/schema\\\/person\\\/083aeceeb0734cd166779ea6c0551a37\",\"name\":\"Sergio Lapegue\",\"image\":{\"@type\":\"ImageObject\",\"inLanguage\":\"es-AR\",\"@id\":\"https:\\\/\\\/sergiolapegue.com\\\/site\\\/wp-content\\\/uploads\\\/2021\\\/04\\\/logo_header-1.png\",\"url\":\"https:\\\/\\\/sergiolapegue.com\\\/site\\\/wp-content\\\/uploads\\\/2021\\\/04\\\/logo_header-1.png\",\"contentUrl\":\"https:\\\/\\\/sergiolapegue.com\\\/site\\\/wp-content\\\/uploads\\\/2021\\\/04\\\/logo_header-1.png\",\"width\":272,\"height\":90,\"caption\":\"Sergio Lapegue\"},\"logo\":{\"@id\":\"https:\\\/\\\/sergiolapegue.com\\\/site\\\/wp-content\\\/uploads\\\/2021\\\/04\\\/logo_header-1.png\"},\"sameAs\":[\"https:\\\/\\\/facebook.com\\\/sergiolapegue\",\"https:\\\/\\\/instagram.com\\\/sergiolapegue\",\"https:\\\/\\\/x.com\\\/https:\\\/\\\/twitter.com\\\/sergiolapegue\"]},{\"@type\":\"Person\",\"@id\":\"https:\\\/\\\/sergiolapegue.com\\\/site\\\/#\\\/schema\\\/person\\\/9198e7dbab43c6d74d0fd5399af7c3cd\",\"name\":\"Daniel E. Monta\u00f1a\",\"image\":{\"@type\":\"ImageObject\",\"inLanguage\":\"es-AR\",\"@id\":\"https:\\\/\\\/sergiolapegue.com\\\/site\\\/wp-content\\\/uploads\\\/2021\\\/04\\\/sl_avatar_Daniel-150x150.jpg\",\"url\":\"https:\\\/\\\/sergiolapegue.com\\\/site\\\/wp-content\\\/uploads\\\/2021\\\/04\\\/sl_avatar_Daniel-150x150.jpg\",\"contentUrl\":\"https:\\\/\\\/sergiolapegue.com\\\/site\\\/wp-content\\\/uploads\\\/2021\\\/04\\\/sl_avatar_Daniel-150x150.jpg\",\"caption\":\"Daniel E. Monta\u00f1a\"},\"sameAs\":[\"https:\\\/\\\/facebook.com\\\/danielernesto.montana\",\"https:\\\/\\\/instagram.com\\\/daniel_montana1961\",\"https:\\\/\\\/x.com\\\/https:\\\/\\\/twitter.com\\\/daner_004\"],\"url\":\"https:\\\/\\\/sergiolapegue.com\\\/site\\\/author\\\/daniel\\\/\"}]}<\/script>\n<!-- \/ Yoast SEO plugin. -->","yoast_head_json":{"title":"LLEGA LA V EDICI\u00d3N DELFESTIVAL DEL PATIOPARA LAS INFANCIAS - Sergio Lapegue","robots":{"index":"index","follow":"follow","max-snippet":"max-snippet:-1","max-image-preview":"max-image-preview:large","max-video-preview":"max-video-preview:-1"},"canonical":"https:\/\/sergiolapegue.com\/site\/2025\/07\/11\/llega-la-v-edicion-delfestival-del-patiopara-las-infancias\/","og_locale":"es_ES","og_type":"article","og_title":"LLEGA LA V EDICI\u00d3N DELFESTIVAL DEL PATIOPARA LAS INFANCIAS - Sergio Lapegue","og_description":"A partir del 19 de julio llega la&nbsp;5\u00b0 edici\u00f3n&nbsp;del&nbsp;FESTIVAL DEL PATIO, un evento art\u00edstico destinado a las infancias en el&nbsp;Espacio Haiku. El festival cuenta con m\u00e1s de 10 obras teatrales, grupos de juego, biblioteca abierta y mucho m\u00e1s. El patio es JUEGO, APRENDIZAJE, ENCUENTRO, CREATIVIDAD, BIENESTAR. Creemos en un patio libre de estereotipos donde los [&hellip;]","og_url":"https:\/\/sergiolapegue.com\/site\/2025\/07\/11\/llega-la-v-edicion-delfestival-del-patiopara-las-infancias\/","og_site_name":"Sergio Lapegue","article_publisher":"https:\/\/facebook.com\/sergiolapegue","article_author":"https:\/\/facebook.com\/danielernesto.montana","article_published_time":"2025-07-11T04:00:00+00:00","og_image":[{"width":800,"height":1000,"url":"https:\/\/sergiolapegue.com\/site\/wp-content\/uploads\/2025\/07\/Llega-la-5-edicion-del-festival-del-patio-las-infancias.jpg","type":"image\/jpeg"}],"author":"Daniel E. Monta\u00f1a","twitter_card":"summary_large_image","twitter_creator":"@https:\/\/twitter.com\/daner_004","twitter_site":"@sergiolapegue","twitter_misc":{"Escrito por":"Daniel E. Monta\u00f1a","Tiempo de lectura":"5 minutos"},"schema":{"@context":"https:\/\/schema.org","@graph":[{"@type":"Article","@id":"https:\/\/sergiolapegue.com\/site\/2025\/07\/11\/llega-la-v-edicion-delfestival-del-patiopara-las-infancias\/#article","isPartOf":{"@id":"https:\/\/sergiolapegue.com\/site\/2025\/07\/11\/llega-la-v-edicion-delfestival-del-patiopara-las-infancias\/"},"author":{"name":"Daniel E. Monta\u00f1a","@id":"https:\/\/sergiolapegue.com\/site\/#\/schema\/person\/9198e7dbab43c6d74d0fd5399af7c3cd"},"headline":"LLEGA LA V EDICI\u00d3N DELFESTIVAL DEL PATIOPARA LAS INFANCIAS","datePublished":"2025-07-11T04:00:00+00:00","mainEntityOfPage":{"@id":"https:\/\/sergiolapegue.com\/site\/2025\/07\/11\/llega-la-v-edicion-delfestival-del-patiopara-las-infancias\/"},"wordCount":788,"commentCount":0,"publisher":{"@id":"https:\/\/sergiolapegue.com\/site\/#\/schema\/person\/083aeceeb0734cd166779ea6c0551a37"},"image":{"@id":"https:\/\/sergiolapegue.com\/site\/2025\/07\/11\/llega-la-v-edicion-delfestival-del-patiopara-las-infancias\/#primaryimage"},"thumbnailUrl":"https:\/\/sergiolapegue.com\/site\/wp-content\/uploads\/2025\/07\/Llega-la-5-edicion-del-festival-del-patio-las-infancias.jpg","articleSection":["Arte","Teatro"],"inLanguage":"es-AR","potentialAction":[{"@type":"CommentAction","name":"Comment","target":["https:\/\/sergiolapegue.com\/site\/2025\/07\/11\/llega-la-v-edicion-delfestival-del-patiopara-las-infancias\/#respond"]}]},{"@type":"WebPage","@id":"https:\/\/sergiolapegue.com\/site\/2025\/07\/11\/llega-la-v-edicion-delfestival-del-patiopara-las-infancias\/","url":"https:\/\/sergiolapegue.com\/site\/2025\/07\/11\/llega-la-v-edicion-delfestival-del-patiopara-las-infancias\/","name":"LLEGA LA V EDICI\u00d3N DELFESTIVAL DEL PATIOPARA LAS INFANCIAS - Sergio Lapegue","isPartOf":{"@id":"https:\/\/sergiolapegue.com\/site\/#website"},"primaryImageOfPage":{"@id":"https:\/\/sergiolapegue.com\/site\/2025\/07\/11\/llega-la-v-edicion-delfestival-del-patiopara-las-infancias\/#primaryimage"},"image":{"@id":"https:\/\/sergiolapegue.com\/site\/2025\/07\/11\/llega-la-v-edicion-delfestival-del-patiopara-las-infancias\/#primaryimage"},"thumbnailUrl":"https:\/\/sergiolapegue.com\/site\/wp-content\/uploads\/2025\/07\/Llega-la-5-edicion-del-festival-del-patio-las-infancias.jpg","datePublished":"2025-07-11T04:00:00+00:00","breadcrumb":{"@id":"https:\/\/sergiolapegue.com\/site\/2025\/07\/11\/llega-la-v-edicion-delfestival-del-patiopara-las-infancias\/#breadcrumb"},"inLanguage":"es-AR","potentialAction":[{"@type":"ReadAction","target":["https:\/\/sergiolapegue.com\/site\/2025\/07\/11\/llega-la-v-edicion-delfestival-del-patiopara-las-infancias\/"]}]},{"@type":"ImageObject","inLanguage":"es-AR","@id":"https:\/\/sergiolapegue.com\/site\/2025\/07\/11\/llega-la-v-edicion-delfestival-del-patiopara-las-infancias\/#primaryimage","url":"https:\/\/sergiolapegue.com\/site\/wp-content\/uploads\/2025\/07\/Llega-la-5-edicion-del-festival-del-patio-las-infancias.jpg","contentUrl":"https:\/\/sergiolapegue.com\/site\/wp-content\/uploads\/2025\/07\/Llega-la-5-edicion-del-festival-del-patio-las-infancias.jpg","width":800,"height":1000},{"@type":"BreadcrumbList","@id":"https:\/\/sergiolapegue.com\/site\/2025\/07\/11\/llega-la-v-edicion-delfestival-del-patiopara-las-infancias\/#breadcrumb","itemListElement":[{"@type":"ListItem","position":1,"name":"Inicio","item":"https:\/\/sergiolapegue.com\/site\/"},{"@type":"ListItem","position":2,"name":"LLEGA LA V EDICI\u00d3N DELFESTIVAL DEL PATIOPARA LAS INFANCIAS"}]},{"@type":"WebSite","@id":"https:\/\/sergiolapegue.com\/site\/#website","url":"https:\/\/sergiolapegue.com\/site\/","name":"Sergio Lapegue","description":"Periodista","publisher":{"@id":"https:\/\/sergiolapegue.com\/site\/#\/schema\/person\/083aeceeb0734cd166779ea6c0551a37"},"potentialAction":[{"@type":"SearchAction","target":{"@type":"EntryPoint","urlTemplate":"https:\/\/sergiolapegue.com\/site\/?s={search_term_string}"},"query-input":{"@type":"PropertyValueSpecification","valueRequired":true,"valueName":"search_term_string"}}],"inLanguage":"es-AR"},{"@type":["Person","Organization"],"@id":"https:\/\/sergiolapegue.com\/site\/#\/schema\/person\/083aeceeb0734cd166779ea6c0551a37","name":"Sergio Lapegue","image":{"@type":"ImageObject","inLanguage":"es-AR","@id":"https:\/\/sergiolapegue.com\/site\/wp-content\/uploads\/2021\/04\/logo_header-1.png","url":"https:\/\/sergiolapegue.com\/site\/wp-content\/uploads\/2021\/04\/logo_header-1.png","contentUrl":"https:\/\/sergiolapegue.com\/site\/wp-content\/uploads\/2021\/04\/logo_header-1.png","width":272,"height":90,"caption":"Sergio Lapegue"},"logo":{"@id":"https:\/\/sergiolapegue.com\/site\/wp-content\/uploads\/2021\/04\/logo_header-1.png"},"sameAs":["https:\/\/facebook.com\/sergiolapegue","https:\/\/instagram.com\/sergiolapegue","https:\/\/x.com\/https:\/\/twitter.com\/sergiolapegue"]},{"@type":"Person","@id":"https:\/\/sergiolapegue.com\/site\/#\/schema\/person\/9198e7dbab43c6d74d0fd5399af7c3cd","name":"Daniel E. Monta\u00f1a","image":{"@type":"ImageObject","inLanguage":"es-AR","@id":"https:\/\/sergiolapegue.com\/site\/wp-content\/uploads\/2021\/04\/sl_avatar_Daniel-150x150.jpg","url":"https:\/\/sergiolapegue.com\/site\/wp-content\/uploads\/2021\/04\/sl_avatar_Daniel-150x150.jpg","contentUrl":"https:\/\/sergiolapegue.com\/site\/wp-content\/uploads\/2021\/04\/sl_avatar_Daniel-150x150.jpg","caption":"Daniel E. Monta\u00f1a"},"sameAs":["https:\/\/facebook.com\/danielernesto.montana","https:\/\/instagram.com\/daniel_montana1961","https:\/\/x.com\/https:\/\/twitter.com\/daner_004"],"url":"https:\/\/sergiolapegue.com\/site\/author\/daniel\/"}]}},"_links":{"self":[{"href":"https:\/\/sergiolapegue.com\/site\/wp-json\/wp\/v2\/posts\/23955","targetHints":{"allow":["GET"]}}],"collection":[{"href":"https:\/\/sergiolapegue.com\/site\/wp-json\/wp\/v2\/posts"}],"about":[{"href":"https:\/\/sergiolapegue.com\/site\/wp-json\/wp\/v2\/types\/post"}],"author":[{"embeddable":true,"href":"https:\/\/sergiolapegue.com\/site\/wp-json\/wp\/v2\/users\/3"}],"replies":[{"embeddable":true,"href":"https:\/\/sergiolapegue.com\/site\/wp-json\/wp\/v2\/comments?post=23955"}],"version-history":[{"count":1,"href":"https:\/\/sergiolapegue.com\/site\/wp-json\/wp\/v2\/posts\/23955\/revisions"}],"predecessor-version":[{"id":23962,"href":"https:\/\/sergiolapegue.com\/site\/wp-json\/wp\/v2\/posts\/23955\/revisions\/23962"}],"wp:featuredmedia":[{"embeddable":true,"href":"https:\/\/sergiolapegue.com\/site\/wp-json\/wp\/v2\/media\/23961"}],"wp:attachment":[{"href":"https:\/\/sergiolapegue.com\/site\/wp-json\/wp\/v2\/media?parent=23955"}],"wp:term":[{"taxonomy":"category","embeddable":true,"href":"https:\/\/sergiolapegue.com\/site\/wp-json\/wp\/v2\/categories?post=23955"},{"taxonomy":"post_tag","embeddable":true,"href":"https:\/\/sergiolapegue.com\/site\/wp-json\/wp\/v2\/tags?post=23955"}],"curies":[{"name":"wp","href":"https:\/\/api.w.org\/{rel}","templated":true}]}}