{"id":23919,"date":"2025-07-08T01:00:00","date_gmt":"2025-07-08T04:00:00","guid":{"rendered":"https:\/\/sergiolapegue.com\/site\/?p=23919"},"modified":"2025-07-06T22:31:13","modified_gmt":"2025-07-07T01:31:13","slug":"el-colectivo-pepo-tom-presenta-iteracion-n3","status":"publish","type":"post","link":"https:\/\/sergiolapegue.com\/site\/2025\/07\/08\/el-colectivo-pepo-tom-presenta-iteracion-n3\/","title":{"rendered":"EL COLECTIVO PEPO &amp; TOM PRESENTA \u201cITERACI\u00d3N N\u00b03\u201d"},"content":{"rendered":"\n<p>En el marco de la 6\u00ba Edici\u00f3n de Doce Veinticuatro &#8220;El presente en disputa&#8221;,\u00a0el colectivo\u00a0Pepo &amp; Tom presenta \u201cIteraci\u00f3n N\u00ba3\u201d.<\/p>\n\n\n\n<p>La obra se presenta por \u00fanica vez,&nbsp;el&nbsp;Mi\u00e9rcoles 16 de julio a las 20:00 horas en Ciudad Cultura Konex, en el&nbsp;marco de DOCE VEINTICUATRO 6\u00ba Edici\u00f3n &#8211; \u201cEl presente en disputa\u201d.<\/p>\n\n\n\n<figure class=\"wp-block-image size-full\"><img loading=\"lazy\" decoding=\"async\" width=\"736\" height=\"922\" src=\"https:\/\/sergiolapegue.com\/site\/wp-content\/uploads\/2025\/07\/El-colectivo-Pepo-Tom-presenta-Iteracion-N-3-1.png\" alt=\"\" class=\"wp-image-23920\" srcset=\"https:\/\/sergiolapegue.com\/site\/wp-content\/uploads\/2025\/07\/El-colectivo-Pepo-Tom-presenta-Iteracion-N-3-1.png 736w, https:\/\/sergiolapegue.com\/site\/wp-content\/uploads\/2025\/07\/El-colectivo-Pepo-Tom-presenta-Iteracion-N-3-1-239x300.png 239w, https:\/\/sergiolapegue.com\/site\/wp-content\/uploads\/2025\/07\/El-colectivo-Pepo-Tom-presenta-Iteracion-N-3-1-335x420.png 335w, https:\/\/sergiolapegue.com\/site\/wp-content\/uploads\/2025\/07\/El-colectivo-Pepo-Tom-presenta-Iteracion-N-3-1-696x872.png 696w\" sizes=\"auto, (max-width: 736px) 100vw, 736px\" \/><\/figure>\n\n\n\n<p><strong>SOBRE EL D\u00daO<\/strong><\/p>\n\n\n\n<p>Pepo &amp; Tom(Buenos Aires, 1996) son un d\u00fao de artistas&nbsp;creado en 2017. Sus creaciones ahondan en los aspectos \u00edntimos de las relaciones, examinando los acuerdos y coerciones que las conforman. Desarrollan mecanismos que desaf\u00edan las din\u00e1micas de lo cotidiano, pensadas como performatividades sociales legitimadas. En 2025, presentan &#8220;Confidance&#8221; en el Festival Farofa do Processo en San Pablo, Brasil. En 2024, realizan las residencias de creaci\u00f3n y talleres &#8220;Nou Taim Coreografis&#8221; y &#8220;Confidance&#8221; en el espacio Nos en Vera en Buenos Aires, y presentan una&nbsp;proto-\u00f3pera titulada &#8220;Romans&#8221;, en el Centro Cultural Matienzo. En 2023, participan en el Programa Nacional de coproducciones de Danza en Tecn\u00f3polis, presentando &#8220;UNIVERSAL EMOUSHHHON&#8221;.<\/p>\n\n\n\n<p>En 2021 y 2022 presentan &#8220;SHHHH! silent show&#8221; en La Pulper\u00eda Mutualica.<\/p>\n\n\n\n<p>Como parte del colectivo Para\u00edso Fiscal reciben la Beca de Creaci\u00f3n del Fondo Nacional de las Artes en 2021 por el proyecto &#8220;La Golden Hour&#8221;, una performance duracional presentada en el marco del Programa de Performance de la Feria Arteba 2021.<\/p>\n\n\n\n<figure class=\"wp-block-image size-large\"><img loading=\"lazy\" decoding=\"async\" width=\"1024\" height=\"768\" src=\"https:\/\/sergiolapegue.com\/site\/wp-content\/uploads\/2025\/07\/El-colectivo-Pepo-Tom-presenta-Iteracion-N-3-2-1024x768.jpg\" alt=\"\" class=\"wp-image-23921\" srcset=\"https:\/\/sergiolapegue.com\/site\/wp-content\/uploads\/2025\/07\/El-colectivo-Pepo-Tom-presenta-Iteracion-N-3-2-1024x768.jpg 1024w, https:\/\/sergiolapegue.com\/site\/wp-content\/uploads\/2025\/07\/El-colectivo-Pepo-Tom-presenta-Iteracion-N-3-2-300x225.jpg 300w, https:\/\/sergiolapegue.com\/site\/wp-content\/uploads\/2025\/07\/El-colectivo-Pepo-Tom-presenta-Iteracion-N-3-2-768x576.jpg 768w, https:\/\/sergiolapegue.com\/site\/wp-content\/uploads\/2025\/07\/El-colectivo-Pepo-Tom-presenta-Iteracion-N-3-2-1536x1152.jpg 1536w, https:\/\/sergiolapegue.com\/site\/wp-content\/uploads\/2025\/07\/El-colectivo-Pepo-Tom-presenta-Iteracion-N-3-2-2048x1536.jpg 2048w, https:\/\/sergiolapegue.com\/site\/wp-content\/uploads\/2025\/07\/El-colectivo-Pepo-Tom-presenta-Iteracion-N-3-2-560x420.jpg 560w, https:\/\/sergiolapegue.com\/site\/wp-content\/uploads\/2025\/07\/El-colectivo-Pepo-Tom-presenta-Iteracion-N-3-2-80x60.jpg 80w, https:\/\/sergiolapegue.com\/site\/wp-content\/uploads\/2025\/07\/El-colectivo-Pepo-Tom-presenta-Iteracion-N-3-2-696x522.jpg 696w, https:\/\/sergiolapegue.com\/site\/wp-content\/uploads\/2025\/07\/El-colectivo-Pepo-Tom-presenta-Iteracion-N-3-2-1068x801.jpg 1068w, https:\/\/sergiolapegue.com\/site\/wp-content\/uploads\/2025\/07\/El-colectivo-Pepo-Tom-presenta-Iteracion-N-3-2-1920x1440.jpg 1920w\" sizes=\"auto, (max-width: 1024px) 100vw, 1024px\" \/><\/figure>\n\n\n\n<p><strong>SOBRE DOCE VEINTICUATRO<\/strong>\u00a0<\/p>\n\n\n\n<p>Es una plataforma de residencias de investigaci\u00f3n, pr\u00e1ctica, creaci\u00f3n y publicaci\u00f3n de danza, teatro y performance, que desde hace\u00a0nueve a\u00f1os\u00a0trabaja junto a artistas referentes de estas disciplinas. Sus diferentes ediciones, a trav\u00e9s de los a\u00f1os, promovieron el desarrollo de formatos nuevos (obras, podcasts, seminarios, coproducciones), adapt\u00e1ndose a la necesidad del campo art\u00edstico, y poniendo el foco en ejes tem\u00e1ticos diversos.\u00a0La programaci\u00f3n completa de la 6\u00ba Edici\u00f3n de Doce Veinticuatro puede consultarse en este\u00a0<a href=\"https:\/\/8w40j.r.a.d.sendibm1.com\/mk\/cl\/f\/sh\/1f8JIKXwHGZcrX23sgbhI21wwf\/SJ8dRVMnsPlU\" target=\"_blank\" rel=\"noreferrer noopener\">LINK.<\/a><\/p>\n\n\n\n<p>En\u00a0\u201cIteraci\u00f3n N\u00ba3\u201d, espect\u00e1culo de danza,\u00a0<strong>\u00a0<\/strong>coreograf\u00edas toman forma en un tiempo espiralado construyendo un espacio desde la dualidad. Donde el entendimiento compartido forma una cimentaci\u00f3n rec\u00edproca, atravesada por los ecos y reverberaciones de los gestos y las memorias que cada uno arrastra a este presente. Se teje, as\u00ed, un campo com\u00fan de riesgo y fragilidad. Entre frecuencias que intentan modular al un\u00edsono, la diferencia comienza a revelarse. Singularidades encarnadas: presentes, juntas, yuxtapuestas. Bocetos de gestos cotidianos en medio de un smog temporal, componen una relaci\u00f3n en flujo. En nuestra b\u00fasqueda por construir una comuni\u00f3n en medio de la pausa de una ilusi\u00f3n, la potencia de un imaginario m\u00faltiple se despliega.\u00a0<\/p>\n\n\n\n<p>Luego de su recorrido por el programa coproducciones\u00a0Situadas\u00a0del Programa Nacional de Danza en Tecn\u00f3polis en el 2023,\u00a0\u00a0Pepo &amp; Tom<strong>\u00a0<\/strong>relanzan a lo largo del 2024 un proyecto de investigaci\u00f3n en residencias y talleres en el espacio Nos en Vera en Buenos Aires, y que a comienzos de 2025 presentan en el Festival Farofa 2025, en San Pablo, Brasil. Durante un a\u00f1o atraviesan trabajos con objetos, sonidos y pr\u00e1cticas corporales en b\u00fasqueda de un lenguaje singular que da cuenta de las particularidades del v\u00ednculo que construyen entre s\u00ed y con el mundo.\u00a0\u00a0Pepo &amp; Tom<strong>\u00a0<\/strong>exploran cuestiones sobre la intimidad disruptiva, los hiperv\u00ednculos contempor\u00e1neos y una disoluci\u00f3n de la percepci\u00f3n del tiempo lineal, para componer modos alternativos de afecto en un contexto de una floreciente crisis identitaria en un r\u00e9gimen de vidas hiperindiviualizadas.<\/p>\n\n\n\n<p>\u201cDe Iteraci\u00f3n N\u00b03\u201d destacamos la detenci\u00f3n. Y lo decimos de esta forma porque queremos hablar de una mezcla entre detenerse y prestar atenci\u00f3n. Detenerse relacionado con el parar, con el suspender flujos de informaci\u00f3n que constantemente est\u00e1n en movimiento. Prestar atenci\u00f3n como una forma de confiar. Nos gustar\u00eda que las personas que vengan a nuestra obra vengan a so\u00f1ar.\u201d \u2013 Pepo &amp; Tom I Performers<\/p>\n\n\n\n<p>El estreno de la obra ser\u00e1 antecedido por un\u00a0laboratorio art\u00edstico\u00a0bajo el t\u00edtulo\u00a0&#8220;Unidos y organizados&#8221;, en el que el d\u00fao compartir\u00e1 algunas de sus herramientas y procedimientos de trabajo. El laboratorio tendr\u00e1 lugar el\u00a0domingo 6 de julio de 15 a 19hs en El Galp\u00f3n de Guevara<strong>\u00a0<\/strong>(Guevara 326, CABA) con entrada general a $20.000 y para la comunidad Trans-NoBinarie a $10.000, a la venta en este\u00a0<a href=\"https:\/\/8w40j.r.a.d.sendibm1.com\/mk\/cl\/f\/sh\/1f8JIKXwHGa1ojhGpr7YYP4M2n\/x61Uf1GBIqIK\" target=\"_blank\" rel=\"noreferrer noopener\">link<\/a>.\u00a0\u00a0<\/p>\n\n\n\n<p>Hay descuentos especiales por compra de abonos de obras o laboratorios en el marco de Doce Veinticuatro.<\/p>\n\n\n\n<figure class=\"wp-block-image size-large\"><img loading=\"lazy\" decoding=\"async\" width=\"819\" height=\"1024\" src=\"https:\/\/sergiolapegue.com\/site\/wp-content\/uploads\/2025\/07\/El-colectivo-Pepo-Tom-presenta-Iteracion-N-3-3-819x1024.jpg\" alt=\"\" class=\"wp-image-23922\" srcset=\"https:\/\/sergiolapegue.com\/site\/wp-content\/uploads\/2025\/07\/El-colectivo-Pepo-Tom-presenta-Iteracion-N-3-3-819x1024.jpg 819w, https:\/\/sergiolapegue.com\/site\/wp-content\/uploads\/2025\/07\/El-colectivo-Pepo-Tom-presenta-Iteracion-N-3-3-240x300.jpg 240w, https:\/\/sergiolapegue.com\/site\/wp-content\/uploads\/2025\/07\/El-colectivo-Pepo-Tom-presenta-Iteracion-N-3-3-768x960.jpg 768w, https:\/\/sergiolapegue.com\/site\/wp-content\/uploads\/2025\/07\/El-colectivo-Pepo-Tom-presenta-Iteracion-N-3-3-1229x1536.jpg 1229w, https:\/\/sergiolapegue.com\/site\/wp-content\/uploads\/2025\/07\/El-colectivo-Pepo-Tom-presenta-Iteracion-N-3-3-1638x2048.jpg 1638w, https:\/\/sergiolapegue.com\/site\/wp-content\/uploads\/2025\/07\/El-colectivo-Pepo-Tom-presenta-Iteracion-N-3-3-336x420.jpg 336w, https:\/\/sergiolapegue.com\/site\/wp-content\/uploads\/2025\/07\/El-colectivo-Pepo-Tom-presenta-Iteracion-N-3-3-696x870.jpg 696w, https:\/\/sergiolapegue.com\/site\/wp-content\/uploads\/2025\/07\/El-colectivo-Pepo-Tom-presenta-Iteracion-N-3-3-1068x1335.jpg 1068w, https:\/\/sergiolapegue.com\/site\/wp-content\/uploads\/2025\/07\/El-colectivo-Pepo-Tom-presenta-Iteracion-N-3-3-1920x2400.jpg 1920w, https:\/\/sergiolapegue.com\/site\/wp-content\/uploads\/2025\/07\/El-colectivo-Pepo-Tom-presenta-Iteracion-N-3-3-scaled.jpg 2048w\" sizes=\"auto, (max-width: 819px) 100vw, 819px\" \/><\/figure>\n\n\n\n<p><strong>FICHA T\u00c9CNICO ART\u00cdSTICA<\/strong><strong><\/strong><\/p>\n\n\n\n<p><strong>Direcci\u00f3n creativa:<\/strong>&nbsp;Pepo &amp; Tom<\/p>\n\n\n\n<p><strong>Dise\u00f1o de vestuario:&nbsp;<\/strong>Martina Barreiro<\/p>\n\n\n\n<p><strong>Operaci\u00f3n de c\u00e1mara:&nbsp;<\/strong>Ram\u00f3n Miquelot<\/p>\n\n\n\n<p><strong>Coreograf\u00eda:<\/strong>&nbsp;Pepo &amp; Tom<\/p>\n\n\n\n<p><strong>Dise\u00f1o de sonido:<\/strong>&nbsp;Pepo &amp; Tom<\/p>\n\n\n\n<p><strong>Operaci\u00f3n de sonido en vivo:<\/strong>&nbsp;Octavio Chav\u00edn<\/p>\n\n\n\n<p><strong>Prensa Doce Veinticuatro 6\u00ba Edici\u00f3n:<\/strong>&nbsp;Prens\u00f3polis<\/p>\n\n\n\n<p><strong>Duraci\u00f3n:<\/strong>&nbsp;45 minutos<\/p>\n\n\n\n<p><strong>Instagram:<\/strong> @pepoytom<\/p>\n\n\n\n<figure class=\"wp-block-image size-full\"><img loading=\"lazy\" decoding=\"async\" width=\"992\" height=\"571\" src=\"https:\/\/sergiolapegue.com\/site\/wp-content\/uploads\/2025\/07\/El-colectivo-Pepo-Tom-presenta-Iteracion-N-3-Trailer-1.png\" alt=\"\" class=\"wp-image-23923\" srcset=\"https:\/\/sergiolapegue.com\/site\/wp-content\/uploads\/2025\/07\/El-colectivo-Pepo-Tom-presenta-Iteracion-N-3-Trailer-1.png 992w, https:\/\/sergiolapegue.com\/site\/wp-content\/uploads\/2025\/07\/El-colectivo-Pepo-Tom-presenta-Iteracion-N-3-Trailer-1-300x173.png 300w, https:\/\/sergiolapegue.com\/site\/wp-content\/uploads\/2025\/07\/El-colectivo-Pepo-Tom-presenta-Iteracion-N-3-Trailer-1-768x442.png 768w, https:\/\/sergiolapegue.com\/site\/wp-content\/uploads\/2025\/07\/El-colectivo-Pepo-Tom-presenta-Iteracion-N-3-Trailer-1-730x420.png 730w, https:\/\/sergiolapegue.com\/site\/wp-content\/uploads\/2025\/07\/El-colectivo-Pepo-Tom-presenta-Iteracion-N-3-Trailer-1-696x401.png 696w\" sizes=\"auto, (max-width: 992px) 100vw, 992px\" \/><\/figure>\n\n\n\n<p><strong>CIUDAD CULTURAL KONEX<\/strong><\/p>\n\n\n\n<p>Sarmiento 3131 \u2013 Capital Federal \u2013 Buenos Aires \u2013 Argentina<\/p>\n\n\n\n<p>Entradas: $ 15.000 \u2013 en boleter\u00eda del Konex y a trav\u00e9s de&nbsp;<a href=\"https:\/\/8w40j.r.a.d.sendibm1.com\/mk\/cl\/f\/sh\/1f8JIKXwHGYox7hdyLZylHx8kP\/qBzovM7MPLrb\" target=\"_blank\" rel=\"noreferrer noopener\">web de CCKonex<\/a><\/p>\n\n\n\n<p>Funci\u00f3n: Mi\u00e9rcoles 16 de Julio \u2013 20:00 horas<\/p>\n\n\n\n<p>Gracias Alejandra P\u00eda Nicolosi de Prens\u00f3polis por hacernos llegar la gacetilla de prensa de este espect\u00e1culo.<\/p>\n\n\n\n<p><\/p>\n","protected":false},"excerpt":{"rendered":"<p>En el marco de la 6\u00ba Edici\u00f3n de Doce Veinticuatro &#8220;El presente en disputa&#8221;,\u00a0el colectivo\u00a0Pepo &amp; Tom presenta \u201cIteraci\u00f3n N\u00ba3\u201d. La obra se presenta por \u00fanica vez,&nbsp;el&nbsp;Mi\u00e9rcoles 16 de julio a las 20:00 horas en Ciudad Cultura Konex, en el&nbsp;marco de DOCE VEINTICUATRO 6\u00ba Edici\u00f3n &#8211; \u201cEl presente en disputa\u201d. SOBRE EL D\u00daO Pepo &amp; [&hellip;]<\/p>\n","protected":false},"author":3,"featured_media":23924,"comment_status":"open","ping_status":"closed","sticky":false,"template":"","format":"standard","meta":{"footnotes":""},"categories":[34,35],"tags":[],"class_list":{"0":"post-23919","1":"post","2":"type-post","3":"status-publish","4":"format-standard","5":"has-post-thumbnail","7":"category-arte","8":"category-teatro"},"yoast_head":"<!-- This site is optimized with the Yoast SEO plugin v27.5 - https:\/\/yoast.com\/product\/yoast-seo-wordpress\/ -->\n<title>EL COLECTIVO PEPO &amp; TOM PRESENTA \u201cITERACI\u00d3N N\u00b03\u201d - Sergio Lapegue<\/title>\n<meta name=\"robots\" content=\"index, follow, max-snippet:-1, max-image-preview:large, max-video-preview:-1\" \/>\n<link rel=\"canonical\" href=\"https:\/\/sergiolapegue.com\/site\/2025\/07\/08\/el-colectivo-pepo-tom-presenta-iteracion-n3\/\" \/>\n<meta property=\"og:locale\" content=\"es_ES\" \/>\n<meta property=\"og:type\" content=\"article\" \/>\n<meta property=\"og:title\" content=\"EL COLECTIVO PEPO &amp; TOM PRESENTA \u201cITERACI\u00d3N N\u00b03\u201d - Sergio Lapegue\" \/>\n<meta property=\"og:description\" content=\"En el marco de la 6\u00ba Edici\u00f3n de Doce Veinticuatro &#8220;El presente en disputa&#8221;,\u00a0el colectivo\u00a0Pepo &amp; Tom presenta \u201cIteraci\u00f3n N\u00ba3\u201d. La obra se presenta por \u00fanica vez,&nbsp;el&nbsp;Mi\u00e9rcoles 16 de julio a las 20:00 horas en Ciudad Cultura Konex, en el&nbsp;marco de DOCE VEINTICUATRO 6\u00ba Edici\u00f3n &#8211; \u201cEl presente en disputa\u201d. SOBRE EL D\u00daO Pepo &amp; [&hellip;]\" \/>\n<meta property=\"og:url\" content=\"https:\/\/sergiolapegue.com\/site\/2025\/07\/08\/el-colectivo-pepo-tom-presenta-iteracion-n3\/\" \/>\n<meta property=\"og:site_name\" content=\"Sergio Lapegue\" \/>\n<meta property=\"article:publisher\" content=\"https:\/\/facebook.com\/sergiolapegue\" \/>\n<meta property=\"article:author\" content=\"https:\/\/facebook.com\/danielernesto.montana\" \/>\n<meta property=\"article:published_time\" content=\"2025-07-08T04:00:00+00:00\" \/>\n<meta property=\"og:image\" content=\"https:\/\/sergiolapegue.com\/site\/wp-content\/uploads\/2025\/07\/El-colectivo-Pepo-Tom-presenta-Iteracion-N-3-scaled.jpg\" \/>\n\t<meta property=\"og:image:width\" content=\"2048\" \/>\n\t<meta property=\"og:image:height\" content=\"2560\" \/>\n\t<meta property=\"og:image:type\" content=\"image\/jpeg\" \/>\n<meta name=\"author\" content=\"Daniel E. Monta\u00f1a\" \/>\n<meta name=\"twitter:card\" content=\"summary_large_image\" \/>\n<meta name=\"twitter:creator\" content=\"@https:\/\/twitter.com\/daner_004\" \/>\n<meta name=\"twitter:site\" content=\"@sergiolapegue\" \/>\n<meta name=\"twitter:label1\" content=\"Escrito por\" \/>\n\t<meta name=\"twitter:data1\" content=\"Daniel E. Monta\u00f1a\" \/>\n\t<meta name=\"twitter:label2\" content=\"Tiempo de lectura\" \/>\n\t<meta name=\"twitter:data2\" content=\"5 minutos\" \/>\n<script type=\"application\/ld+json\" class=\"yoast-schema-graph\">{\"@context\":\"https:\\\/\\\/schema.org\",\"@graph\":[{\"@type\":\"Article\",\"@id\":\"https:\\\/\\\/sergiolapegue.com\\\/site\\\/2025\\\/07\\\/08\\\/el-colectivo-pepo-tom-presenta-iteracion-n3\\\/#article\",\"isPartOf\":{\"@id\":\"https:\\\/\\\/sergiolapegue.com\\\/site\\\/2025\\\/07\\\/08\\\/el-colectivo-pepo-tom-presenta-iteracion-n3\\\/\"},\"author\":{\"name\":\"Daniel E. Monta\u00f1a\",\"@id\":\"https:\\\/\\\/sergiolapegue.com\\\/site\\\/#\\\/schema\\\/person\\\/9198e7dbab43c6d74d0fd5399af7c3cd\"},\"headline\":\"EL COLECTIVO PEPO &amp; TOM PRESENTA \u201cITERACI\u00d3N N\u00b03\u201d\",\"datePublished\":\"2025-07-08T04:00:00+00:00\",\"mainEntityOfPage\":{\"@id\":\"https:\\\/\\\/sergiolapegue.com\\\/site\\\/2025\\\/07\\\/08\\\/el-colectivo-pepo-tom-presenta-iteracion-n3\\\/\"},\"wordCount\":866,\"commentCount\":0,\"publisher\":{\"@id\":\"https:\\\/\\\/sergiolapegue.com\\\/site\\\/#\\\/schema\\\/person\\\/083aeceeb0734cd166779ea6c0551a37\"},\"image\":{\"@id\":\"https:\\\/\\\/sergiolapegue.com\\\/site\\\/2025\\\/07\\\/08\\\/el-colectivo-pepo-tom-presenta-iteracion-n3\\\/#primaryimage\"},\"thumbnailUrl\":\"https:\\\/\\\/sergiolapegue.com\\\/site\\\/wp-content\\\/uploads\\\/2025\\\/07\\\/El-colectivo-Pepo-Tom-presenta-Iteracion-N-3-scaled.jpg\",\"articleSection\":[\"Arte\",\"Teatro\"],\"inLanguage\":\"es-AR\",\"potentialAction\":[{\"@type\":\"CommentAction\",\"name\":\"Comment\",\"target\":[\"https:\\\/\\\/sergiolapegue.com\\\/site\\\/2025\\\/07\\\/08\\\/el-colectivo-pepo-tom-presenta-iteracion-n3\\\/#respond\"]}]},{\"@type\":\"WebPage\",\"@id\":\"https:\\\/\\\/sergiolapegue.com\\\/site\\\/2025\\\/07\\\/08\\\/el-colectivo-pepo-tom-presenta-iteracion-n3\\\/\",\"url\":\"https:\\\/\\\/sergiolapegue.com\\\/site\\\/2025\\\/07\\\/08\\\/el-colectivo-pepo-tom-presenta-iteracion-n3\\\/\",\"name\":\"EL COLECTIVO PEPO &amp; TOM PRESENTA \u201cITERACI\u00d3N N\u00b03\u201d - Sergio Lapegue\",\"isPartOf\":{\"@id\":\"https:\\\/\\\/sergiolapegue.com\\\/site\\\/#website\"},\"primaryImageOfPage\":{\"@id\":\"https:\\\/\\\/sergiolapegue.com\\\/site\\\/2025\\\/07\\\/08\\\/el-colectivo-pepo-tom-presenta-iteracion-n3\\\/#primaryimage\"},\"image\":{\"@id\":\"https:\\\/\\\/sergiolapegue.com\\\/site\\\/2025\\\/07\\\/08\\\/el-colectivo-pepo-tom-presenta-iteracion-n3\\\/#primaryimage\"},\"thumbnailUrl\":\"https:\\\/\\\/sergiolapegue.com\\\/site\\\/wp-content\\\/uploads\\\/2025\\\/07\\\/El-colectivo-Pepo-Tom-presenta-Iteracion-N-3-scaled.jpg\",\"datePublished\":\"2025-07-08T04:00:00+00:00\",\"breadcrumb\":{\"@id\":\"https:\\\/\\\/sergiolapegue.com\\\/site\\\/2025\\\/07\\\/08\\\/el-colectivo-pepo-tom-presenta-iteracion-n3\\\/#breadcrumb\"},\"inLanguage\":\"es-AR\",\"potentialAction\":[{\"@type\":\"ReadAction\",\"target\":[\"https:\\\/\\\/sergiolapegue.com\\\/site\\\/2025\\\/07\\\/08\\\/el-colectivo-pepo-tom-presenta-iteracion-n3\\\/\"]}]},{\"@type\":\"ImageObject\",\"inLanguage\":\"es-AR\",\"@id\":\"https:\\\/\\\/sergiolapegue.com\\\/site\\\/2025\\\/07\\\/08\\\/el-colectivo-pepo-tom-presenta-iteracion-n3\\\/#primaryimage\",\"url\":\"https:\\\/\\\/sergiolapegue.com\\\/site\\\/wp-content\\\/uploads\\\/2025\\\/07\\\/El-colectivo-Pepo-Tom-presenta-Iteracion-N-3-scaled.jpg\",\"contentUrl\":\"https:\\\/\\\/sergiolapegue.com\\\/site\\\/wp-content\\\/uploads\\\/2025\\\/07\\\/El-colectivo-Pepo-Tom-presenta-Iteracion-N-3-scaled.jpg\",\"width\":2048,\"height\":2560},{\"@type\":\"BreadcrumbList\",\"@id\":\"https:\\\/\\\/sergiolapegue.com\\\/site\\\/2025\\\/07\\\/08\\\/el-colectivo-pepo-tom-presenta-iteracion-n3\\\/#breadcrumb\",\"itemListElement\":[{\"@type\":\"ListItem\",\"position\":1,\"name\":\"Inicio\",\"item\":\"https:\\\/\\\/sergiolapegue.com\\\/site\\\/\"},{\"@type\":\"ListItem\",\"position\":2,\"name\":\"EL COLECTIVO PEPO &amp; TOM PRESENTA \u201cITERACI\u00d3N N\u00b03\u201d\"}]},{\"@type\":\"WebSite\",\"@id\":\"https:\\\/\\\/sergiolapegue.com\\\/site\\\/#website\",\"url\":\"https:\\\/\\\/sergiolapegue.com\\\/site\\\/\",\"name\":\"Sergio Lapegue\",\"description\":\"Periodista\",\"publisher\":{\"@id\":\"https:\\\/\\\/sergiolapegue.com\\\/site\\\/#\\\/schema\\\/person\\\/083aeceeb0734cd166779ea6c0551a37\"},\"potentialAction\":[{\"@type\":\"SearchAction\",\"target\":{\"@type\":\"EntryPoint\",\"urlTemplate\":\"https:\\\/\\\/sergiolapegue.com\\\/site\\\/?s={search_term_string}\"},\"query-input\":{\"@type\":\"PropertyValueSpecification\",\"valueRequired\":true,\"valueName\":\"search_term_string\"}}],\"inLanguage\":\"es-AR\"},{\"@type\":[\"Person\",\"Organization\"],\"@id\":\"https:\\\/\\\/sergiolapegue.com\\\/site\\\/#\\\/schema\\\/person\\\/083aeceeb0734cd166779ea6c0551a37\",\"name\":\"Sergio Lapegue\",\"image\":{\"@type\":\"ImageObject\",\"inLanguage\":\"es-AR\",\"@id\":\"https:\\\/\\\/sergiolapegue.com\\\/site\\\/wp-content\\\/uploads\\\/2021\\\/04\\\/logo_header-1.png\",\"url\":\"https:\\\/\\\/sergiolapegue.com\\\/site\\\/wp-content\\\/uploads\\\/2021\\\/04\\\/logo_header-1.png\",\"contentUrl\":\"https:\\\/\\\/sergiolapegue.com\\\/site\\\/wp-content\\\/uploads\\\/2021\\\/04\\\/logo_header-1.png\",\"width\":272,\"height\":90,\"caption\":\"Sergio Lapegue\"},\"logo\":{\"@id\":\"https:\\\/\\\/sergiolapegue.com\\\/site\\\/wp-content\\\/uploads\\\/2021\\\/04\\\/logo_header-1.png\"},\"sameAs\":[\"https:\\\/\\\/facebook.com\\\/sergiolapegue\",\"https:\\\/\\\/instagram.com\\\/sergiolapegue\",\"https:\\\/\\\/x.com\\\/https:\\\/\\\/twitter.com\\\/sergiolapegue\"]},{\"@type\":\"Person\",\"@id\":\"https:\\\/\\\/sergiolapegue.com\\\/site\\\/#\\\/schema\\\/person\\\/9198e7dbab43c6d74d0fd5399af7c3cd\",\"name\":\"Daniel E. Monta\u00f1a\",\"image\":{\"@type\":\"ImageObject\",\"inLanguage\":\"es-AR\",\"@id\":\"https:\\\/\\\/sergiolapegue.com\\\/site\\\/wp-content\\\/uploads\\\/2021\\\/04\\\/sl_avatar_Daniel-150x150.jpg\",\"url\":\"https:\\\/\\\/sergiolapegue.com\\\/site\\\/wp-content\\\/uploads\\\/2021\\\/04\\\/sl_avatar_Daniel-150x150.jpg\",\"contentUrl\":\"https:\\\/\\\/sergiolapegue.com\\\/site\\\/wp-content\\\/uploads\\\/2021\\\/04\\\/sl_avatar_Daniel-150x150.jpg\",\"caption\":\"Daniel E. Monta\u00f1a\"},\"sameAs\":[\"https:\\\/\\\/facebook.com\\\/danielernesto.montana\",\"https:\\\/\\\/instagram.com\\\/daniel_montana1961\",\"https:\\\/\\\/x.com\\\/https:\\\/\\\/twitter.com\\\/daner_004\"],\"url\":\"https:\\\/\\\/sergiolapegue.com\\\/site\\\/author\\\/daniel\\\/\"}]}<\/script>\n<!-- \/ Yoast SEO plugin. -->","yoast_head_json":{"title":"EL COLECTIVO PEPO &amp; TOM PRESENTA \u201cITERACI\u00d3N N\u00b03\u201d - Sergio Lapegue","robots":{"index":"index","follow":"follow","max-snippet":"max-snippet:-1","max-image-preview":"max-image-preview:large","max-video-preview":"max-video-preview:-1"},"canonical":"https:\/\/sergiolapegue.com\/site\/2025\/07\/08\/el-colectivo-pepo-tom-presenta-iteracion-n3\/","og_locale":"es_ES","og_type":"article","og_title":"EL COLECTIVO PEPO &amp; TOM PRESENTA \u201cITERACI\u00d3N N\u00b03\u201d - Sergio Lapegue","og_description":"En el marco de la 6\u00ba Edici\u00f3n de Doce Veinticuatro &#8220;El presente en disputa&#8221;,\u00a0el colectivo\u00a0Pepo &amp; Tom presenta \u201cIteraci\u00f3n N\u00ba3\u201d. La obra se presenta por \u00fanica vez,&nbsp;el&nbsp;Mi\u00e9rcoles 16 de julio a las 20:00 horas en Ciudad Cultura Konex, en el&nbsp;marco de DOCE VEINTICUATRO 6\u00ba Edici\u00f3n &#8211; \u201cEl presente en disputa\u201d. SOBRE EL D\u00daO Pepo &amp; [&hellip;]","og_url":"https:\/\/sergiolapegue.com\/site\/2025\/07\/08\/el-colectivo-pepo-tom-presenta-iteracion-n3\/","og_site_name":"Sergio Lapegue","article_publisher":"https:\/\/facebook.com\/sergiolapegue","article_author":"https:\/\/facebook.com\/danielernesto.montana","article_published_time":"2025-07-08T04:00:00+00:00","og_image":[{"width":2048,"height":2560,"url":"https:\/\/sergiolapegue.com\/site\/wp-content\/uploads\/2025\/07\/El-colectivo-Pepo-Tom-presenta-Iteracion-N-3-scaled.jpg","type":"image\/jpeg"}],"author":"Daniel E. Monta\u00f1a","twitter_card":"summary_large_image","twitter_creator":"@https:\/\/twitter.com\/daner_004","twitter_site":"@sergiolapegue","twitter_misc":{"Escrito por":"Daniel E. Monta\u00f1a","Tiempo de lectura":"5 minutos"},"schema":{"@context":"https:\/\/schema.org","@graph":[{"@type":"Article","@id":"https:\/\/sergiolapegue.com\/site\/2025\/07\/08\/el-colectivo-pepo-tom-presenta-iteracion-n3\/#article","isPartOf":{"@id":"https:\/\/sergiolapegue.com\/site\/2025\/07\/08\/el-colectivo-pepo-tom-presenta-iteracion-n3\/"},"author":{"name":"Daniel E. Monta\u00f1a","@id":"https:\/\/sergiolapegue.com\/site\/#\/schema\/person\/9198e7dbab43c6d74d0fd5399af7c3cd"},"headline":"EL COLECTIVO PEPO &amp; TOM PRESENTA \u201cITERACI\u00d3N N\u00b03\u201d","datePublished":"2025-07-08T04:00:00+00:00","mainEntityOfPage":{"@id":"https:\/\/sergiolapegue.com\/site\/2025\/07\/08\/el-colectivo-pepo-tom-presenta-iteracion-n3\/"},"wordCount":866,"commentCount":0,"publisher":{"@id":"https:\/\/sergiolapegue.com\/site\/#\/schema\/person\/083aeceeb0734cd166779ea6c0551a37"},"image":{"@id":"https:\/\/sergiolapegue.com\/site\/2025\/07\/08\/el-colectivo-pepo-tom-presenta-iteracion-n3\/#primaryimage"},"thumbnailUrl":"https:\/\/sergiolapegue.com\/site\/wp-content\/uploads\/2025\/07\/El-colectivo-Pepo-Tom-presenta-Iteracion-N-3-scaled.jpg","articleSection":["Arte","Teatro"],"inLanguage":"es-AR","potentialAction":[{"@type":"CommentAction","name":"Comment","target":["https:\/\/sergiolapegue.com\/site\/2025\/07\/08\/el-colectivo-pepo-tom-presenta-iteracion-n3\/#respond"]}]},{"@type":"WebPage","@id":"https:\/\/sergiolapegue.com\/site\/2025\/07\/08\/el-colectivo-pepo-tom-presenta-iteracion-n3\/","url":"https:\/\/sergiolapegue.com\/site\/2025\/07\/08\/el-colectivo-pepo-tom-presenta-iteracion-n3\/","name":"EL COLECTIVO PEPO &amp; TOM PRESENTA \u201cITERACI\u00d3N N\u00b03\u201d - Sergio Lapegue","isPartOf":{"@id":"https:\/\/sergiolapegue.com\/site\/#website"},"primaryImageOfPage":{"@id":"https:\/\/sergiolapegue.com\/site\/2025\/07\/08\/el-colectivo-pepo-tom-presenta-iteracion-n3\/#primaryimage"},"image":{"@id":"https:\/\/sergiolapegue.com\/site\/2025\/07\/08\/el-colectivo-pepo-tom-presenta-iteracion-n3\/#primaryimage"},"thumbnailUrl":"https:\/\/sergiolapegue.com\/site\/wp-content\/uploads\/2025\/07\/El-colectivo-Pepo-Tom-presenta-Iteracion-N-3-scaled.jpg","datePublished":"2025-07-08T04:00:00+00:00","breadcrumb":{"@id":"https:\/\/sergiolapegue.com\/site\/2025\/07\/08\/el-colectivo-pepo-tom-presenta-iteracion-n3\/#breadcrumb"},"inLanguage":"es-AR","potentialAction":[{"@type":"ReadAction","target":["https:\/\/sergiolapegue.com\/site\/2025\/07\/08\/el-colectivo-pepo-tom-presenta-iteracion-n3\/"]}]},{"@type":"ImageObject","inLanguage":"es-AR","@id":"https:\/\/sergiolapegue.com\/site\/2025\/07\/08\/el-colectivo-pepo-tom-presenta-iteracion-n3\/#primaryimage","url":"https:\/\/sergiolapegue.com\/site\/wp-content\/uploads\/2025\/07\/El-colectivo-Pepo-Tom-presenta-Iteracion-N-3-scaled.jpg","contentUrl":"https:\/\/sergiolapegue.com\/site\/wp-content\/uploads\/2025\/07\/El-colectivo-Pepo-Tom-presenta-Iteracion-N-3-scaled.jpg","width":2048,"height":2560},{"@type":"BreadcrumbList","@id":"https:\/\/sergiolapegue.com\/site\/2025\/07\/08\/el-colectivo-pepo-tom-presenta-iteracion-n3\/#breadcrumb","itemListElement":[{"@type":"ListItem","position":1,"name":"Inicio","item":"https:\/\/sergiolapegue.com\/site\/"},{"@type":"ListItem","position":2,"name":"EL COLECTIVO PEPO &amp; TOM PRESENTA \u201cITERACI\u00d3N N\u00b03\u201d"}]},{"@type":"WebSite","@id":"https:\/\/sergiolapegue.com\/site\/#website","url":"https:\/\/sergiolapegue.com\/site\/","name":"Sergio Lapegue","description":"Periodista","publisher":{"@id":"https:\/\/sergiolapegue.com\/site\/#\/schema\/person\/083aeceeb0734cd166779ea6c0551a37"},"potentialAction":[{"@type":"SearchAction","target":{"@type":"EntryPoint","urlTemplate":"https:\/\/sergiolapegue.com\/site\/?s={search_term_string}"},"query-input":{"@type":"PropertyValueSpecification","valueRequired":true,"valueName":"search_term_string"}}],"inLanguage":"es-AR"},{"@type":["Person","Organization"],"@id":"https:\/\/sergiolapegue.com\/site\/#\/schema\/person\/083aeceeb0734cd166779ea6c0551a37","name":"Sergio Lapegue","image":{"@type":"ImageObject","inLanguage":"es-AR","@id":"https:\/\/sergiolapegue.com\/site\/wp-content\/uploads\/2021\/04\/logo_header-1.png","url":"https:\/\/sergiolapegue.com\/site\/wp-content\/uploads\/2021\/04\/logo_header-1.png","contentUrl":"https:\/\/sergiolapegue.com\/site\/wp-content\/uploads\/2021\/04\/logo_header-1.png","width":272,"height":90,"caption":"Sergio Lapegue"},"logo":{"@id":"https:\/\/sergiolapegue.com\/site\/wp-content\/uploads\/2021\/04\/logo_header-1.png"},"sameAs":["https:\/\/facebook.com\/sergiolapegue","https:\/\/instagram.com\/sergiolapegue","https:\/\/x.com\/https:\/\/twitter.com\/sergiolapegue"]},{"@type":"Person","@id":"https:\/\/sergiolapegue.com\/site\/#\/schema\/person\/9198e7dbab43c6d74d0fd5399af7c3cd","name":"Daniel E. Monta\u00f1a","image":{"@type":"ImageObject","inLanguage":"es-AR","@id":"https:\/\/sergiolapegue.com\/site\/wp-content\/uploads\/2021\/04\/sl_avatar_Daniel-150x150.jpg","url":"https:\/\/sergiolapegue.com\/site\/wp-content\/uploads\/2021\/04\/sl_avatar_Daniel-150x150.jpg","contentUrl":"https:\/\/sergiolapegue.com\/site\/wp-content\/uploads\/2021\/04\/sl_avatar_Daniel-150x150.jpg","caption":"Daniel E. Monta\u00f1a"},"sameAs":["https:\/\/facebook.com\/danielernesto.montana","https:\/\/instagram.com\/daniel_montana1961","https:\/\/x.com\/https:\/\/twitter.com\/daner_004"],"url":"https:\/\/sergiolapegue.com\/site\/author\/daniel\/"}]}},"_links":{"self":[{"href":"https:\/\/sergiolapegue.com\/site\/wp-json\/wp\/v2\/posts\/23919","targetHints":{"allow":["GET"]}}],"collection":[{"href":"https:\/\/sergiolapegue.com\/site\/wp-json\/wp\/v2\/posts"}],"about":[{"href":"https:\/\/sergiolapegue.com\/site\/wp-json\/wp\/v2\/types\/post"}],"author":[{"embeddable":true,"href":"https:\/\/sergiolapegue.com\/site\/wp-json\/wp\/v2\/users\/3"}],"replies":[{"embeddable":true,"href":"https:\/\/sergiolapegue.com\/site\/wp-json\/wp\/v2\/comments?post=23919"}],"version-history":[{"count":1,"href":"https:\/\/sergiolapegue.com\/site\/wp-json\/wp\/v2\/posts\/23919\/revisions"}],"predecessor-version":[{"id":23925,"href":"https:\/\/sergiolapegue.com\/site\/wp-json\/wp\/v2\/posts\/23919\/revisions\/23925"}],"wp:featuredmedia":[{"embeddable":true,"href":"https:\/\/sergiolapegue.com\/site\/wp-json\/wp\/v2\/media\/23924"}],"wp:attachment":[{"href":"https:\/\/sergiolapegue.com\/site\/wp-json\/wp\/v2\/media?parent=23919"}],"wp:term":[{"taxonomy":"category","embeddable":true,"href":"https:\/\/sergiolapegue.com\/site\/wp-json\/wp\/v2\/categories?post=23919"},{"taxonomy":"post_tag","embeddable":true,"href":"https:\/\/sergiolapegue.com\/site\/wp-json\/wp\/v2\/tags?post=23919"}],"curies":[{"name":"wp","href":"https:\/\/api.w.org\/{rel}","templated":true}]}}