{"id":23809,"date":"2025-07-02T13:29:31","date_gmt":"2025-07-02T16:29:31","guid":{"rendered":"https:\/\/sergiolapegue.com\/site\/?p=23809"},"modified":"2025-07-02T13:29:32","modified_gmt":"2025-07-02T16:29:32","slug":"el-poder-de-la-luz","status":"publish","type":"post","link":"https:\/\/sergiolapegue.com\/site\/2025\/07\/02\/el-poder-de-la-luz\/","title":{"rendered":"El poder de la luz"},"content":{"rendered":"\n<p>En esta \u00e9poca del a\u00f1o, los d\u00edas se acortan y las noches parecen eternas. Y a m\u00ed, que me encanta la luz natural, eso me pega. No es que ande con cara larga todo el d\u00eda, claro, pero hay algo en esa combinaci\u00f3n de sombras y fr\u00edo que nos lleva a recogernos un poco, \u00bfno les pasa?\u00a0<\/p>\n\n\n\n<p>Yo tengo una relaci\u00f3n muy especial con la luz. El <strong>Prende y Apaga<\/strong>, aquel proyecto que tanto quiero, naci\u00f3 por una lamparita encendida en la ventana de un edificio. Siempre sent\u00ed que la luz tiene algo casi sagrado. \u00bfNunca les ocurri\u00f3 que al llegar a casa, al apretar el interruptor, se genera una especie de magia? El espacio cambia. Vuelve a ser nuestro refugio. Hay calor, hay hogar, hay contenci\u00f3n. La luz es eso: una gu\u00eda, una promesa. Una forma de decir \u201cac\u00e1 estamos\u201d.\u00a0<\/p>\n\n\n\n<p>El 21 de junio marc\u00f3 el comienzo oficial del invierno. Y tambi\u00e9n fue el d\u00eda con menos horas de sol. Este a\u00f1o, adem\u00e1s, en Buenos Aires estamos atravesando una de las olas polares m\u00e1s intensas de las \u00faltimas d\u00e9cadas. El fr\u00edo se mete en los huesos, y la noche parece no querer irse. Pero yo, adem\u00e1s de amar la luz, me considero un <strong>optimista<\/strong>. Porque s\u00e9 que desde ese d\u00eda, aunque no lo notemos de inmediato, las tardes empiezan a alargarse de a poquito.\u00a0<\/p>\n\n\n\n<p>Y me gusta pensar que la vida funciona igual. A veces nos toca transitar momentos oscuros, en los que sentimos que no avanzamos. Pero incluso entonces, si damos aunque sea un paso peque\u00f1o en la direcci\u00f3n correcta, ya estamos saliendo. Lo \u00fanico verdaderamente paralizante es quedarse quieto. No hacer nada. Porque incluso en la noche m\u00e1s cerrada, todav\u00eda se pueden ver las estrellas. <\/p>\n\n\n\n<p><strong><em>Te lo dice un amigo.<\/em><\/strong><\/p>\n","protected":false},"excerpt":{"rendered":"<p>En esta \u00e9poca del a\u00f1o, los d\u00edas se acortan y las noches parecen eternas. Y a m\u00ed, que me encanta la luz natural, eso me pega. No es que ande con cara larga todo el d\u00eda, claro, pero hay algo en esa combinaci\u00f3n de sombras y fr\u00edo que nos lleva a recogernos un poco, \u00bfno [&hellip;]<\/p>\n","protected":false},"author":6,"featured_media":18981,"comment_status":"closed","ping_status":"closed","sticky":false,"template":"","format":"standard","meta":{"footnotes":""},"categories":[31],"tags":[4393,170,3501,55,3500],"class_list":{"0":"post-23809","1":"post","2":"type-post","3":"status-publish","4":"format-standard","5":"has-post-thumbnail","7":"category-de-puno-y-letra","8":"tag-frio-2","9":"tag-invierno","10":"tag-luz","11":"tag-optimismo","12":"tag-prende-y-apaga"},"yoast_head":"<!-- This site is optimized with the Yoast SEO plugin v27.5 - https:\/\/yoast.com\/product\/yoast-seo-wordpress\/ -->\n<title>El poder de la luz - Sergio Lapegue<\/title>\n<meta name=\"description\" content=\"En esta \u00e9poca del a\u00f1o, los d\u00edas se acortan y las noches parecen eternas. Y a m\u00ed, que me encanta la luz natural, eso me pega.\" \/>\n<meta name=\"robots\" content=\"index, follow, max-snippet:-1, max-image-preview:large, max-video-preview:-1\" \/>\n<link rel=\"canonical\" href=\"https:\/\/sergiolapegue.com\/site\/2025\/07\/02\/el-poder-de-la-luz\/\" \/>\n<meta property=\"og:locale\" content=\"es_ES\" \/>\n<meta property=\"og:type\" content=\"article\" \/>\n<meta property=\"og:title\" content=\"El poder de la luz - Sergio Lapegue\" \/>\n<meta property=\"og:description\" content=\"En esta \u00e9poca del a\u00f1o, los d\u00edas se acortan y las noches parecen eternas. Y a m\u00ed, que me encanta la luz natural, eso me pega.\" \/>\n<meta property=\"og:url\" content=\"https:\/\/sergiolapegue.com\/site\/2025\/07\/02\/el-poder-de-la-luz\/\" \/>\n<meta property=\"og:site_name\" content=\"Sergio Lapegue\" \/>\n<meta property=\"article:publisher\" content=\"https:\/\/facebook.com\/sergiolapegue\" \/>\n<meta property=\"article:author\" content=\"https:\/\/facebook.com\/sergiolapegue\" \/>\n<meta property=\"article:published_time\" content=\"2025-07-02T16:29:31+00:00\" \/>\n<meta property=\"article:modified_time\" content=\"2025-07-02T16:29:32+00:00\" \/>\n<meta property=\"og:image\" content=\"https:\/\/sergiolapegue.com\/site\/wp-content\/uploads\/2024\/10\/sergio-lapegue2.jpg\" \/>\n\t<meta property=\"og:image:width\" content=\"1023\" \/>\n\t<meta property=\"og:image:height\" content=\"682\" \/>\n\t<meta property=\"og:image:type\" content=\"image\/jpeg\" \/>\n<meta name=\"author\" content=\"Sergio Lapegue\" \/>\n<meta name=\"twitter:card\" content=\"summary_large_image\" \/>\n<meta name=\"twitter:creator\" content=\"@https:\/\/twitter.com\/sergiolapegue\" \/>\n<meta name=\"twitter:site\" content=\"@sergiolapegue\" \/>\n<meta name=\"twitter:label1\" content=\"Escrito por\" \/>\n\t<meta name=\"twitter:data1\" content=\"Sergio Lapegue\" \/>\n\t<meta name=\"twitter:label2\" content=\"Tiempo de lectura\" \/>\n\t<meta name=\"twitter:data2\" content=\"2 minutos\" \/>\n<script type=\"application\/ld+json\" class=\"yoast-schema-graph\">{\"@context\":\"https:\\\/\\\/schema.org\",\"@graph\":[{\"@type\":\"Article\",\"@id\":\"https:\\\/\\\/sergiolapegue.com\\\/site\\\/2025\\\/07\\\/02\\\/el-poder-de-la-luz\\\/#article\",\"isPartOf\":{\"@id\":\"https:\\\/\\\/sergiolapegue.com\\\/site\\\/2025\\\/07\\\/02\\\/el-poder-de-la-luz\\\/\"},\"author\":{\"name\":\"Sergio Lapegue\",\"@id\":\"https:\\\/\\\/sergiolapegue.com\\\/site\\\/#\\\/schema\\\/person\\\/083aeceeb0734cd166779ea6c0551a37\"},\"headline\":\"El poder de la luz\",\"datePublished\":\"2025-07-02T16:29:31+00:00\",\"dateModified\":\"2025-07-02T16:29:32+00:00\",\"mainEntityOfPage\":{\"@id\":\"https:\\\/\\\/sergiolapegue.com\\\/site\\\/2025\\\/07\\\/02\\\/el-poder-de-la-luz\\\/\"},\"wordCount\":318,\"publisher\":{\"@id\":\"https:\\\/\\\/sergiolapegue.com\\\/site\\\/#\\\/schema\\\/person\\\/083aeceeb0734cd166779ea6c0551a37\"},\"image\":{\"@id\":\"https:\\\/\\\/sergiolapegue.com\\\/site\\\/2025\\\/07\\\/02\\\/el-poder-de-la-luz\\\/#primaryimage\"},\"thumbnailUrl\":\"https:\\\/\\\/sergiolapegue.com\\\/site\\\/wp-content\\\/uploads\\\/2024\\\/10\\\/sergio-lapegue2.jpg\",\"keywords\":[\"fr\u00edo\",\"invierno\",\"luz\",\"optimismo\",\"Prende y Apaga\"],\"articleSection\":[\"De Pu\u00f1o y Letra\"],\"inLanguage\":\"es-AR\"},{\"@type\":\"WebPage\",\"@id\":\"https:\\\/\\\/sergiolapegue.com\\\/site\\\/2025\\\/07\\\/02\\\/el-poder-de-la-luz\\\/\",\"url\":\"https:\\\/\\\/sergiolapegue.com\\\/site\\\/2025\\\/07\\\/02\\\/el-poder-de-la-luz\\\/\",\"name\":\"El poder de la luz - Sergio Lapegue\",\"isPartOf\":{\"@id\":\"https:\\\/\\\/sergiolapegue.com\\\/site\\\/#website\"},\"primaryImageOfPage\":{\"@id\":\"https:\\\/\\\/sergiolapegue.com\\\/site\\\/2025\\\/07\\\/02\\\/el-poder-de-la-luz\\\/#primaryimage\"},\"image\":{\"@id\":\"https:\\\/\\\/sergiolapegue.com\\\/site\\\/2025\\\/07\\\/02\\\/el-poder-de-la-luz\\\/#primaryimage\"},\"thumbnailUrl\":\"https:\\\/\\\/sergiolapegue.com\\\/site\\\/wp-content\\\/uploads\\\/2024\\\/10\\\/sergio-lapegue2.jpg\",\"datePublished\":\"2025-07-02T16:29:31+00:00\",\"dateModified\":\"2025-07-02T16:29:32+00:00\",\"description\":\"En esta \u00e9poca del a\u00f1o, los d\u00edas se acortan y las noches parecen eternas. Y a m\u00ed, que me encanta la luz natural, eso me pega.\",\"breadcrumb\":{\"@id\":\"https:\\\/\\\/sergiolapegue.com\\\/site\\\/2025\\\/07\\\/02\\\/el-poder-de-la-luz\\\/#breadcrumb\"},\"inLanguage\":\"es-AR\",\"potentialAction\":[{\"@type\":\"ReadAction\",\"target\":[\"https:\\\/\\\/sergiolapegue.com\\\/site\\\/2025\\\/07\\\/02\\\/el-poder-de-la-luz\\\/\"]}]},{\"@type\":\"ImageObject\",\"inLanguage\":\"es-AR\",\"@id\":\"https:\\\/\\\/sergiolapegue.com\\\/site\\\/2025\\\/07\\\/02\\\/el-poder-de-la-luz\\\/#primaryimage\",\"url\":\"https:\\\/\\\/sergiolapegue.com\\\/site\\\/wp-content\\\/uploads\\\/2024\\\/10\\\/sergio-lapegue2.jpg\",\"contentUrl\":\"https:\\\/\\\/sergiolapegue.com\\\/site\\\/wp-content\\\/uploads\\\/2024\\\/10\\\/sergio-lapegue2.jpg\",\"width\":1023,\"height\":682},{\"@type\":\"BreadcrumbList\",\"@id\":\"https:\\\/\\\/sergiolapegue.com\\\/site\\\/2025\\\/07\\\/02\\\/el-poder-de-la-luz\\\/#breadcrumb\",\"itemListElement\":[{\"@type\":\"ListItem\",\"position\":1,\"name\":\"Inicio\",\"item\":\"https:\\\/\\\/sergiolapegue.com\\\/site\\\/\"},{\"@type\":\"ListItem\",\"position\":2,\"name\":\"El poder de la luz\"}]},{\"@type\":\"WebSite\",\"@id\":\"https:\\\/\\\/sergiolapegue.com\\\/site\\\/#website\",\"url\":\"https:\\\/\\\/sergiolapegue.com\\\/site\\\/\",\"name\":\"Sergio Lapegue\",\"description\":\"Periodista\",\"publisher\":{\"@id\":\"https:\\\/\\\/sergiolapegue.com\\\/site\\\/#\\\/schema\\\/person\\\/083aeceeb0734cd166779ea6c0551a37\"},\"potentialAction\":[{\"@type\":\"SearchAction\",\"target\":{\"@type\":\"EntryPoint\",\"urlTemplate\":\"https:\\\/\\\/sergiolapegue.com\\\/site\\\/?s={search_term_string}\"},\"query-input\":{\"@type\":\"PropertyValueSpecification\",\"valueRequired\":true,\"valueName\":\"search_term_string\"}}],\"inLanguage\":\"es-AR\"},{\"@type\":[\"Person\",\"Organization\"],\"@id\":\"https:\\\/\\\/sergiolapegue.com\\\/site\\\/#\\\/schema\\\/person\\\/083aeceeb0734cd166779ea6c0551a37\",\"name\":\"Sergio Lapegue\",\"image\":{\"@type\":\"ImageObject\",\"inLanguage\":\"es-AR\",\"@id\":\"https:\\\/\\\/sergiolapegue.com\\\/site\\\/wp-content\\\/uploads\\\/2021\\\/04\\\/logo_header-1.png\",\"url\":\"https:\\\/\\\/sergiolapegue.com\\\/site\\\/wp-content\\\/uploads\\\/2021\\\/04\\\/logo_header-1.png\",\"contentUrl\":\"https:\\\/\\\/sergiolapegue.com\\\/site\\\/wp-content\\\/uploads\\\/2021\\\/04\\\/logo_header-1.png\",\"width\":272,\"height\":90,\"caption\":\"Sergio Lapegue\"},\"logo\":{\"@id\":\"https:\\\/\\\/sergiolapegue.com\\\/site\\\/wp-content\\\/uploads\\\/2021\\\/04\\\/logo_header-1.png\"},\"sameAs\":[\"https:\\\/\\\/facebook.com\\\/sergiolapegue\",\"https:\\\/\\\/instagram.com\\\/sergiolapegue\",\"https:\\\/\\\/x.com\\\/https:\\\/\\\/twitter.com\\\/sergiolapegue\"],\"url\":\"https:\\\/\\\/sergiolapegue.com\\\/site\\\/author\\\/sergio\\\/\"}]}<\/script>\n<!-- \/ Yoast SEO plugin. -->","yoast_head_json":{"title":"El poder de la luz - Sergio Lapegue","description":"En esta \u00e9poca del a\u00f1o, los d\u00edas se acortan y las noches parecen eternas. Y a m\u00ed, que me encanta la luz natural, eso me pega.","robots":{"index":"index","follow":"follow","max-snippet":"max-snippet:-1","max-image-preview":"max-image-preview:large","max-video-preview":"max-video-preview:-1"},"canonical":"https:\/\/sergiolapegue.com\/site\/2025\/07\/02\/el-poder-de-la-luz\/","og_locale":"es_ES","og_type":"article","og_title":"El poder de la luz - Sergio Lapegue","og_description":"En esta \u00e9poca del a\u00f1o, los d\u00edas se acortan y las noches parecen eternas. Y a m\u00ed, que me encanta la luz natural, eso me pega.","og_url":"https:\/\/sergiolapegue.com\/site\/2025\/07\/02\/el-poder-de-la-luz\/","og_site_name":"Sergio Lapegue","article_publisher":"https:\/\/facebook.com\/sergiolapegue","article_author":"https:\/\/facebook.com\/sergiolapegue","article_published_time":"2025-07-02T16:29:31+00:00","article_modified_time":"2025-07-02T16:29:32+00:00","og_image":[{"width":1023,"height":682,"url":"https:\/\/sergiolapegue.com\/site\/wp-content\/uploads\/2024\/10\/sergio-lapegue2.jpg","type":"image\/jpeg"}],"author":"Sergio Lapegue","twitter_card":"summary_large_image","twitter_creator":"@https:\/\/twitter.com\/sergiolapegue","twitter_site":"@sergiolapegue","twitter_misc":{"Escrito por":"Sergio Lapegue","Tiempo de lectura":"2 minutos"},"schema":{"@context":"https:\/\/schema.org","@graph":[{"@type":"Article","@id":"https:\/\/sergiolapegue.com\/site\/2025\/07\/02\/el-poder-de-la-luz\/#article","isPartOf":{"@id":"https:\/\/sergiolapegue.com\/site\/2025\/07\/02\/el-poder-de-la-luz\/"},"author":{"name":"Sergio Lapegue","@id":"https:\/\/sergiolapegue.com\/site\/#\/schema\/person\/083aeceeb0734cd166779ea6c0551a37"},"headline":"El poder de la luz","datePublished":"2025-07-02T16:29:31+00:00","dateModified":"2025-07-02T16:29:32+00:00","mainEntityOfPage":{"@id":"https:\/\/sergiolapegue.com\/site\/2025\/07\/02\/el-poder-de-la-luz\/"},"wordCount":318,"publisher":{"@id":"https:\/\/sergiolapegue.com\/site\/#\/schema\/person\/083aeceeb0734cd166779ea6c0551a37"},"image":{"@id":"https:\/\/sergiolapegue.com\/site\/2025\/07\/02\/el-poder-de-la-luz\/#primaryimage"},"thumbnailUrl":"https:\/\/sergiolapegue.com\/site\/wp-content\/uploads\/2024\/10\/sergio-lapegue2.jpg","keywords":["fr\u00edo","invierno","luz","optimismo","Prende y Apaga"],"articleSection":["De Pu\u00f1o y Letra"],"inLanguage":"es-AR"},{"@type":"WebPage","@id":"https:\/\/sergiolapegue.com\/site\/2025\/07\/02\/el-poder-de-la-luz\/","url":"https:\/\/sergiolapegue.com\/site\/2025\/07\/02\/el-poder-de-la-luz\/","name":"El poder de la luz - Sergio Lapegue","isPartOf":{"@id":"https:\/\/sergiolapegue.com\/site\/#website"},"primaryImageOfPage":{"@id":"https:\/\/sergiolapegue.com\/site\/2025\/07\/02\/el-poder-de-la-luz\/#primaryimage"},"image":{"@id":"https:\/\/sergiolapegue.com\/site\/2025\/07\/02\/el-poder-de-la-luz\/#primaryimage"},"thumbnailUrl":"https:\/\/sergiolapegue.com\/site\/wp-content\/uploads\/2024\/10\/sergio-lapegue2.jpg","datePublished":"2025-07-02T16:29:31+00:00","dateModified":"2025-07-02T16:29:32+00:00","description":"En esta \u00e9poca del a\u00f1o, los d\u00edas se acortan y las noches parecen eternas. Y a m\u00ed, que me encanta la luz natural, eso me pega.","breadcrumb":{"@id":"https:\/\/sergiolapegue.com\/site\/2025\/07\/02\/el-poder-de-la-luz\/#breadcrumb"},"inLanguage":"es-AR","potentialAction":[{"@type":"ReadAction","target":["https:\/\/sergiolapegue.com\/site\/2025\/07\/02\/el-poder-de-la-luz\/"]}]},{"@type":"ImageObject","inLanguage":"es-AR","@id":"https:\/\/sergiolapegue.com\/site\/2025\/07\/02\/el-poder-de-la-luz\/#primaryimage","url":"https:\/\/sergiolapegue.com\/site\/wp-content\/uploads\/2024\/10\/sergio-lapegue2.jpg","contentUrl":"https:\/\/sergiolapegue.com\/site\/wp-content\/uploads\/2024\/10\/sergio-lapegue2.jpg","width":1023,"height":682},{"@type":"BreadcrumbList","@id":"https:\/\/sergiolapegue.com\/site\/2025\/07\/02\/el-poder-de-la-luz\/#breadcrumb","itemListElement":[{"@type":"ListItem","position":1,"name":"Inicio","item":"https:\/\/sergiolapegue.com\/site\/"},{"@type":"ListItem","position":2,"name":"El poder de la luz"}]},{"@type":"WebSite","@id":"https:\/\/sergiolapegue.com\/site\/#website","url":"https:\/\/sergiolapegue.com\/site\/","name":"Sergio Lapegue","description":"Periodista","publisher":{"@id":"https:\/\/sergiolapegue.com\/site\/#\/schema\/person\/083aeceeb0734cd166779ea6c0551a37"},"potentialAction":[{"@type":"SearchAction","target":{"@type":"EntryPoint","urlTemplate":"https:\/\/sergiolapegue.com\/site\/?s={search_term_string}"},"query-input":{"@type":"PropertyValueSpecification","valueRequired":true,"valueName":"search_term_string"}}],"inLanguage":"es-AR"},{"@type":["Person","Organization"],"@id":"https:\/\/sergiolapegue.com\/site\/#\/schema\/person\/083aeceeb0734cd166779ea6c0551a37","name":"Sergio Lapegue","image":{"@type":"ImageObject","inLanguage":"es-AR","@id":"https:\/\/sergiolapegue.com\/site\/wp-content\/uploads\/2021\/04\/logo_header-1.png","url":"https:\/\/sergiolapegue.com\/site\/wp-content\/uploads\/2021\/04\/logo_header-1.png","contentUrl":"https:\/\/sergiolapegue.com\/site\/wp-content\/uploads\/2021\/04\/logo_header-1.png","width":272,"height":90,"caption":"Sergio Lapegue"},"logo":{"@id":"https:\/\/sergiolapegue.com\/site\/wp-content\/uploads\/2021\/04\/logo_header-1.png"},"sameAs":["https:\/\/facebook.com\/sergiolapegue","https:\/\/instagram.com\/sergiolapegue","https:\/\/x.com\/https:\/\/twitter.com\/sergiolapegue"],"url":"https:\/\/sergiolapegue.com\/site\/author\/sergio\/"}]}},"_links":{"self":[{"href":"https:\/\/sergiolapegue.com\/site\/wp-json\/wp\/v2\/posts\/23809","targetHints":{"allow":["GET"]}}],"collection":[{"href":"https:\/\/sergiolapegue.com\/site\/wp-json\/wp\/v2\/posts"}],"about":[{"href":"https:\/\/sergiolapegue.com\/site\/wp-json\/wp\/v2\/types\/post"}],"author":[{"embeddable":true,"href":"https:\/\/sergiolapegue.com\/site\/wp-json\/wp\/v2\/users\/6"}],"replies":[{"embeddable":true,"href":"https:\/\/sergiolapegue.com\/site\/wp-json\/wp\/v2\/comments?post=23809"}],"version-history":[{"count":1,"href":"https:\/\/sergiolapegue.com\/site\/wp-json\/wp\/v2\/posts\/23809\/revisions"}],"predecessor-version":[{"id":23810,"href":"https:\/\/sergiolapegue.com\/site\/wp-json\/wp\/v2\/posts\/23809\/revisions\/23810"}],"wp:featuredmedia":[{"embeddable":true,"href":"https:\/\/sergiolapegue.com\/site\/wp-json\/wp\/v2\/media\/18981"}],"wp:attachment":[{"href":"https:\/\/sergiolapegue.com\/site\/wp-json\/wp\/v2\/media?parent=23809"}],"wp:term":[{"taxonomy":"category","embeddable":true,"href":"https:\/\/sergiolapegue.com\/site\/wp-json\/wp\/v2\/categories?post=23809"},{"taxonomy":"post_tag","embeddable":true,"href":"https:\/\/sergiolapegue.com\/site\/wp-json\/wp\/v2\/tags?post=23809"}],"curies":[{"name":"wp","href":"https:\/\/api.w.org\/{rel}","templated":true}]}}