{"id":23803,"date":"2025-07-03T09:00:00","date_gmt":"2025-07-03T12:00:00","guid":{"rendered":"https:\/\/sergiolapegue.com\/site\/?p=23803"},"modified":"2025-07-02T15:27:16","modified_gmt":"2025-07-02T18:27:16","slug":"caligula-el-juguete-de-un-loco","status":"publish","type":"post","link":"https:\/\/sergiolapegue.com\/site\/2025\/07\/03\/caligula-el-juguete-de-un-loco\/","title":{"rendered":"CAL\u00cdGULA, EL JUGUETE DE UN LOCO"},"content":{"rendered":"\n<p class=\"wp-block-paragraph\">Tras haber culminado su octava gira europea (Alemania, Espa\u00f1a, Italia, Hungr\u00eda, Suiza, Austria e Irlanda), la compa\u00f1\u00eda El Vac\u00edo F\u00e9rtil contin\u00faa con el estreno en Buenos Aires de su nuevo espect\u00e1culo \u201cCal\u00edgula, el juguete de un loco\u201d, escrita y dirigida por Marina Wainer.<\/p>\n\n\n\n<p class=\"wp-block-paragraph\">La compa\u00f1\u00eda El Vac\u00edo F\u00e9rtil exhibe sus \u00faltimos dos espect\u00e1culos en la cartelera porte\u00f1e, ya que los teatros La Fragua y El Tinglado albergan simult\u00e1neamente el sexto y el s\u00e9ptimo espect\u00e1culo de la compa\u00f1\u00eda: \u201cCal\u00edgula, el juguete de un loco\u201d y \u201cPuntera de acero\u201d<\/p>\n\n\n\n<figure class=\"wp-block-image size-large\"><img loading=\"lazy\" decoding=\"async\" width=\"1024\" height=\"683\" src=\"https:\/\/sergiolapegue.com\/site\/wp-content\/uploads\/2025\/07\/Caligula-El-juguete-de-un-loco-2-1024x683.jpg\" alt=\"\" class=\"wp-image-23804\" srcset=\"https:\/\/sergiolapegue.com\/site\/wp-content\/uploads\/2025\/07\/Caligula-El-juguete-de-un-loco-2-1024x683.jpg 1024w, https:\/\/sergiolapegue.com\/site\/wp-content\/uploads\/2025\/07\/Caligula-El-juguete-de-un-loco-2-300x200.jpg 300w, https:\/\/sergiolapegue.com\/site\/wp-content\/uploads\/2025\/07\/Caligula-El-juguete-de-un-loco-2-768x512.jpg 768w, https:\/\/sergiolapegue.com\/site\/wp-content\/uploads\/2025\/07\/Caligula-El-juguete-de-un-loco-2-1536x1024.jpg 1536w, https:\/\/sergiolapegue.com\/site\/wp-content\/uploads\/2025\/07\/Caligula-El-juguete-de-un-loco-2-2048x1365.jpg 2048w, https:\/\/sergiolapegue.com\/site\/wp-content\/uploads\/2025\/07\/Caligula-El-juguete-de-un-loco-2-630x420.jpg 630w, https:\/\/sergiolapegue.com\/site\/wp-content\/uploads\/2025\/07\/Caligula-El-juguete-de-un-loco-2-696x464.jpg 696w, https:\/\/sergiolapegue.com\/site\/wp-content\/uploads\/2025\/07\/Caligula-El-juguete-de-un-loco-2-1068x712.jpg 1068w, https:\/\/sergiolapegue.com\/site\/wp-content\/uploads\/2025\/07\/Caligula-El-juguete-de-un-loco-2-1920x1280.jpg 1920w\" sizes=\"auto, (max-width: 1024px) 100vw, 1024px\" \/><\/figure>\n\n\n\n<p class=\"wp-block-paragraph\"><strong>SINOPSIS<\/strong><\/p>\n\n\n\n<p class=\"wp-block-paragraph\">Un joven Cal\u00edgula impaciente por reinar, ordena acelerar la muerte de Tiberio, su antecesor. Cuando consigue ser Cesar es aclamado por una mayor\u00eda que lo adora. Cobarde y temerario al mismo tiempo, su inmadurez precisa del asesoramiento de tres figuras de las que depende emocional y estrat\u00e9gicamente: por un lado, sus dos mujeres predilectas: su hermana y amante Drusila y su examante Cesonia; y por otro, Incitatum, su caballo. Ninguna acci\u00f3n ser\u00e1 tomada sin el asesoramiento de alguno de los tres, ninguna ropa se pondr\u00e1, ning\u00fan camino ser\u00e1 iniciado sin haber sido sugerido por alguna de ellos.<\/p>\n\n\n\n<p class=\"wp-block-paragraph\">De a poco ir\u00e1 tom\u00e1ndole gusto al poder, pero sus berrinches, el derroche desenfrenado, y su creciente impiedad, ir\u00e1n rest\u00e1ndole popularidad. Pero curiosamente no ser\u00e1n, ni el senado en su contra, ni el pueblo hambriento que le teme, quienes le pongan freno a su depredaci\u00f3n. Su mayor enemigo, el m\u00e1s poderoso, quien acabe con \u00e9l, no ser\u00e1 sino su propia locura<\/p>\n\n\n\n<figure class=\"wp-block-image size-large\"><img loading=\"lazy\" decoding=\"async\" width=\"1024\" height=\"683\" src=\"https:\/\/sergiolapegue.com\/site\/wp-content\/uploads\/2025\/07\/Caligula-El-juguete-de-un-loco-1-1024x683.jpg\" alt=\"\" class=\"wp-image-23805\" srcset=\"https:\/\/sergiolapegue.com\/site\/wp-content\/uploads\/2025\/07\/Caligula-El-juguete-de-un-loco-1-1024x683.jpg 1024w, https:\/\/sergiolapegue.com\/site\/wp-content\/uploads\/2025\/07\/Caligula-El-juguete-de-un-loco-1-300x200.jpg 300w, https:\/\/sergiolapegue.com\/site\/wp-content\/uploads\/2025\/07\/Caligula-El-juguete-de-un-loco-1-768x512.jpg 768w, https:\/\/sergiolapegue.com\/site\/wp-content\/uploads\/2025\/07\/Caligula-El-juguete-de-un-loco-1-1536x1024.jpg 1536w, https:\/\/sergiolapegue.com\/site\/wp-content\/uploads\/2025\/07\/Caligula-El-juguete-de-un-loco-1-2048x1365.jpg 2048w, https:\/\/sergiolapegue.com\/site\/wp-content\/uploads\/2025\/07\/Caligula-El-juguete-de-un-loco-1-630x420.jpg 630w, https:\/\/sergiolapegue.com\/site\/wp-content\/uploads\/2025\/07\/Caligula-El-juguete-de-un-loco-1-696x464.jpg 696w, https:\/\/sergiolapegue.com\/site\/wp-content\/uploads\/2025\/07\/Caligula-El-juguete-de-un-loco-1-1068x712.jpg 1068w, https:\/\/sergiolapegue.com\/site\/wp-content\/uploads\/2025\/07\/Caligula-El-juguete-de-un-loco-1-1920x1280.jpg 1920w\" sizes=\"auto, (max-width: 1024px) 100vw, 1024px\" \/><\/figure>\n\n\n\n<p class=\"wp-block-paragraph\"><strong>FICHA T\u00c9CNICO ART\u00cdSTICA<\/strong><\/p>\n\n\n\n<p class=\"wp-block-paragraph\"><strong>Autor\u00eda:&nbsp;<\/strong>Marina Wainer<\/p>\n\n\n\n<p class=\"wp-block-paragraph\"><strong>Act\u00faan:&nbsp;<\/strong>Romina Pinto, Iv\u00e1n Steinhardt, Marina Wainer<\/p>\n\n\n\n<p class=\"wp-block-paragraph\"><strong>Escenograf\u00eda e iluminaci\u00f3n:&nbsp;<\/strong>Marina Wainer<\/p>\n\n\n\n<p class=\"wp-block-paragraph\"><strong>Dise\u00f1o gr\u00e1fico:&nbsp;<\/strong>Romina Pinto<\/p>\n\n\n\n<p class=\"wp-block-paragraph\"><strong>Comunicaci\u00f3n y prensa:&nbsp;<\/strong>Mutuverr\u00eda PR<\/p>\n\n\n\n<p class=\"wp-block-paragraph\"><strong>Asistencia de direcci\u00f3n:<\/strong>&nbsp;Marco Riccobene<\/p>\n\n\n\n<p class=\"wp-block-paragraph\"><strong>Producci\u00f3n general:&nbsp;<\/strong>El Vac\u00edo F\u00e9rtil Compa\u00f1\u00eda Teatral<\/p>\n\n\n\n<p class=\"wp-block-paragraph\"><strong>Direcci\u00f3n y puesta en escena:&nbsp;<\/strong>Marina Wainer<\/p>\n\n\n\n<p class=\"wp-block-paragraph\"><strong>Duraci\u00f3n:&nbsp;<\/strong>75 minutos<\/p>\n\n\n\n<p class=\"wp-block-paragraph\"><strong>Clasificaci\u00f3n:<\/strong> Teatro \u2013 Presencial \u2013 Adultos<\/p>\n\n\n\n<figure class=\"wp-block-image size-large\"><img loading=\"lazy\" decoding=\"async\" width=\"1024\" height=\"683\" src=\"https:\/\/sergiolapegue.com\/site\/wp-content\/uploads\/2025\/07\/Caligula-El-juguete-de-un-loco-3-1024x683.jpg\" alt=\"\" class=\"wp-image-23806\" srcset=\"https:\/\/sergiolapegue.com\/site\/wp-content\/uploads\/2025\/07\/Caligula-El-juguete-de-un-loco-3-1024x683.jpg 1024w, https:\/\/sergiolapegue.com\/site\/wp-content\/uploads\/2025\/07\/Caligula-El-juguete-de-un-loco-3-300x200.jpg 300w, https:\/\/sergiolapegue.com\/site\/wp-content\/uploads\/2025\/07\/Caligula-El-juguete-de-un-loco-3-768x512.jpg 768w, https:\/\/sergiolapegue.com\/site\/wp-content\/uploads\/2025\/07\/Caligula-El-juguete-de-un-loco-3-1536x1024.jpg 1536w, https:\/\/sergiolapegue.com\/site\/wp-content\/uploads\/2025\/07\/Caligula-El-juguete-de-un-loco-3-2048x1365.jpg 2048w, https:\/\/sergiolapegue.com\/site\/wp-content\/uploads\/2025\/07\/Caligula-El-juguete-de-un-loco-3-630x420.jpg 630w, https:\/\/sergiolapegue.com\/site\/wp-content\/uploads\/2025\/07\/Caligula-El-juguete-de-un-loco-3-696x464.jpg 696w, https:\/\/sergiolapegue.com\/site\/wp-content\/uploads\/2025\/07\/Caligula-El-juguete-de-un-loco-3-1068x712.jpg 1068w, https:\/\/sergiolapegue.com\/site\/wp-content\/uploads\/2025\/07\/Caligula-El-juguete-de-un-loco-3-1920x1280.jpg 1920w\" sizes=\"auto, (max-width: 1024px) 100vw, 1024px\" \/><\/figure>\n\n\n\n<p class=\"wp-block-paragraph\"><strong>ESPACIO CULTURAL LA FRAGUA<\/strong><\/p>\n\n\n\n<p class=\"wp-block-paragraph\">Av. Rivadavia 4127 \u2013 Capital Federal \u2013 Buenos Aires \u2013 Argentina<\/p>\n\n\n\n<p class=\"wp-block-paragraph\">Tel\u00e9fono: 4983-5203<\/p>\n\n\n\n<p class=\"wp-block-paragraph\">Web: <a href=\"http:\/\/www.lafraguacultural.com\">http:\/\/www.lafraguacultural.com<\/a><\/p>\n\n\n\n<p class=\"wp-block-paragraph\">Entradas: $ 16.000 \u2013 en boleter\u00eda del teatro o por<a href=\"https:\/\/lt.mydplr.com\/f68573cdc7df1efbd3702f6c8ca705f5-dd7d42da5e81f2eaf3e1c63c2fecd0cb\" target=\"_blank\" rel=\"noreferrer noopener\">A<\/a><a href=\"https:\/\/lt.mydplr.com\/f68573cdc7df1efbd3702f6c8ca705f5-dd7d42da5e81f2eaf3e1c63c2fecd0cb\" target=\"_blank\" rel=\"noreferrer noopener\">lternativa Teatral<\/a><\/p>\n\n\n\n<p class=\"wp-block-paragraph\">Funciones: Viernes 21:30 horas \u2013 Del 04\/07\/2025 al 29\/08\/2025<\/p>\n\n\n\n<p class=\"wp-block-paragraph\">Gracias Mutuverr\u00eda PR por acercarnos la gacetilla de prensa del estreno de este espect\u00e1culo.<\/p>\n","protected":false},"excerpt":{"rendered":"<p>Tras haber culminado su octava gira europea (Alemania, Espa\u00f1a, Italia, Hungr\u00eda, Suiza, Austria e Irlanda), la compa\u00f1\u00eda El Vac\u00edo F\u00e9rtil contin\u00faa con el estreno en Buenos Aires de su nuevo espect\u00e1culo \u201cCal\u00edgula, el juguete de un loco\u201d, escrita y dirigida por Marina Wainer. La compa\u00f1\u00eda El Vac\u00edo F\u00e9rtil exhibe sus \u00faltimos dos espect\u00e1culos en la [&hellip;]<\/p>\n","protected":false},"author":3,"featured_media":23807,"comment_status":"open","ping_status":"closed","sticky":false,"template":"","format":"standard","meta":{"footnotes":""},"categories":[34,35],"tags":[],"class_list":["post-23803","post","type-post","status-publish","format-standard","has-post-thumbnail","category-arte","category-teatro"],"yoast_head":"<!-- This site is optimized with the Yoast SEO plugin v28.4 - https:\/\/yoast.com\/product\/yoast-seo-wordpress\/ -->\n<title>CAL\u00cdGULA, EL JUGUETE DE UN LOCO - Sergio Lapegue<\/title>\n<meta name=\"robots\" content=\"index, follow, max-snippet:-1, max-image-preview:large, max-video-preview:-1\" \/>\n<link rel=\"canonical\" href=\"https:\/\/sergiolapegue.com\/site\/2025\/07\/03\/caligula-el-juguete-de-un-loco\/\" \/>\n<meta property=\"og:locale\" content=\"es_ES\" \/>\n<meta property=\"og:type\" content=\"article\" \/>\n<meta property=\"og:title\" content=\"CAL\u00cdGULA, EL JUGUETE DE UN LOCO - Sergio Lapegue\" \/>\n<meta property=\"og:description\" content=\"Tras haber culminado su octava gira europea (Alemania, Espa\u00f1a, Italia, Hungr\u00eda, Suiza, Austria e Irlanda), la compa\u00f1\u00eda El Vac\u00edo F\u00e9rtil contin\u00faa con el estreno en Buenos Aires de su nuevo espect\u00e1culo \u201cCal\u00edgula, el juguete de un loco\u201d, escrita y dirigida por Marina Wainer. La compa\u00f1\u00eda El Vac\u00edo F\u00e9rtil exhibe sus \u00faltimos dos espect\u00e1culos en la [&hellip;]\" \/>\n<meta property=\"og:url\" content=\"https:\/\/sergiolapegue.com\/site\/2025\/07\/03\/caligula-el-juguete-de-un-loco\/\" \/>\n<meta property=\"og:site_name\" content=\"Sergio Lapegue\" \/>\n<meta property=\"article:publisher\" content=\"https:\/\/facebook.com\/sergiolapegue\" \/>\n<meta property=\"article:author\" content=\"https:\/\/facebook.com\/danielernesto.montana\" \/>\n<meta property=\"article:published_time\" content=\"2025-07-03T12:00:00+00:00\" \/>\n<meta property=\"og:image\" content=\"https:\/\/sergiolapegue.com\/site\/wp-content\/uploads\/2025\/07\/Caligula-El-juguete-de-un-loco-scaled.jpg\" \/>\n\t<meta property=\"og:image:width\" content=\"2560\" \/>\n\t<meta property=\"og:image:height\" content=\"1707\" \/>\n\t<meta property=\"og:image:type\" content=\"image\/jpeg\" \/>\n<meta name=\"author\" content=\"Daniel E. Monta\u00f1a\" \/>\n<meta name=\"twitter:card\" content=\"summary_large_image\" \/>\n<meta name=\"twitter:creator\" content=\"@https:\/\/twitter.com\/daner_004\" \/>\n<meta name=\"twitter:site\" content=\"@sergiolapegue\" \/>\n<meta name=\"twitter:label1\" content=\"Escrito por\" \/>\n\t<meta name=\"twitter:data1\" content=\"Daniel E. Monta\u00f1a\" \/>\n\t<meta name=\"twitter:label2\" content=\"Tiempo de lectura\" \/>\n\t<meta name=\"twitter:data2\" content=\"3 minutos\" \/>\n<script type=\"application\/ld+json\" class=\"yoast-schema-graph\">{\"@context\":\"https:\\\/\\\/schema.org\",\"@graph\":[{\"@type\":\"Article\",\"@id\":\"https:\\\/\\\/sergiolapegue.com\\\/site\\\/2025\\\/07\\\/03\\\/caligula-el-juguete-de-un-loco\\\/#article\",\"isPartOf\":{\"@id\":\"https:\\\/\\\/sergiolapegue.com\\\/site\\\/2025\\\/07\\\/03\\\/caligula-el-juguete-de-un-loco\\\/\"},\"author\":{\"name\":\"Daniel E. Monta\u00f1a\",\"@id\":\"https:\\\/\\\/sergiolapegue.com\\\/site\\\/#\\\/schema\\\/person\\\/9198e7dbab43c6d74d0fd5399af7c3cd\"},\"headline\":\"CAL\u00cdGULA, EL JUGUETE DE UN LOCO\",\"datePublished\":\"2025-07-03T12:00:00+00:00\",\"mainEntityOfPage\":{\"@id\":\"https:\\\/\\\/sergiolapegue.com\\\/site\\\/2025\\\/07\\\/03\\\/caligula-el-juguete-de-un-loco\\\/\"},\"wordCount\":412,\"commentCount\":0,\"publisher\":{\"@id\":\"https:\\\/\\\/sergiolapegue.com\\\/site\\\/#\\\/schema\\\/person\\\/083aeceeb0734cd166779ea6c0551a37\"},\"image\":{\"@id\":\"https:\\\/\\\/sergiolapegue.com\\\/site\\\/2025\\\/07\\\/03\\\/caligula-el-juguete-de-un-loco\\\/#primaryimage\"},\"thumbnailUrl\":\"https:\\\/\\\/sergiolapegue.com\\\/site\\\/wp-content\\\/uploads\\\/2025\\\/07\\\/Caligula-El-juguete-de-un-loco-scaled.jpg\",\"articleSection\":[\"Arte\",\"Teatro\"],\"inLanguage\":\"es-AR\",\"potentialAction\":[{\"@type\":\"CommentAction\",\"name\":\"Comment\",\"target\":[\"https:\\\/\\\/sergiolapegue.com\\\/site\\\/2025\\\/07\\\/03\\\/caligula-el-juguete-de-un-loco\\\/#respond\"]}]},{\"@type\":\"WebPage\",\"@id\":\"https:\\\/\\\/sergiolapegue.com\\\/site\\\/2025\\\/07\\\/03\\\/caligula-el-juguete-de-un-loco\\\/\",\"url\":\"https:\\\/\\\/sergiolapegue.com\\\/site\\\/2025\\\/07\\\/03\\\/caligula-el-juguete-de-un-loco\\\/\",\"name\":\"CAL\u00cdGULA, EL JUGUETE DE UN LOCO - Sergio Lapegue\",\"isPartOf\":{\"@id\":\"https:\\\/\\\/sergiolapegue.com\\\/site\\\/#website\"},\"primaryImageOfPage\":{\"@id\":\"https:\\\/\\\/sergiolapegue.com\\\/site\\\/2025\\\/07\\\/03\\\/caligula-el-juguete-de-un-loco\\\/#primaryimage\"},\"image\":{\"@id\":\"https:\\\/\\\/sergiolapegue.com\\\/site\\\/2025\\\/07\\\/03\\\/caligula-el-juguete-de-un-loco\\\/#primaryimage\"},\"thumbnailUrl\":\"https:\\\/\\\/sergiolapegue.com\\\/site\\\/wp-content\\\/uploads\\\/2025\\\/07\\\/Caligula-El-juguete-de-un-loco-scaled.jpg\",\"datePublished\":\"2025-07-03T12:00:00+00:00\",\"breadcrumb\":{\"@id\":\"https:\\\/\\\/sergiolapegue.com\\\/site\\\/2025\\\/07\\\/03\\\/caligula-el-juguete-de-un-loco\\\/#breadcrumb\"},\"inLanguage\":\"es-AR\",\"potentialAction\":[{\"@type\":\"ReadAction\",\"target\":[\"https:\\\/\\\/sergiolapegue.com\\\/site\\\/2025\\\/07\\\/03\\\/caligula-el-juguete-de-un-loco\\\/\"]}]},{\"@type\":\"ImageObject\",\"inLanguage\":\"es-AR\",\"@id\":\"https:\\\/\\\/sergiolapegue.com\\\/site\\\/2025\\\/07\\\/03\\\/caligula-el-juguete-de-un-loco\\\/#primaryimage\",\"url\":\"https:\\\/\\\/sergiolapegue.com\\\/site\\\/wp-content\\\/uploads\\\/2025\\\/07\\\/Caligula-El-juguete-de-un-loco-scaled.jpg\",\"contentUrl\":\"https:\\\/\\\/sergiolapegue.com\\\/site\\\/wp-content\\\/uploads\\\/2025\\\/07\\\/Caligula-El-juguete-de-un-loco-scaled.jpg\",\"width\":2560,\"height\":1707},{\"@type\":\"BreadcrumbList\",\"@id\":\"https:\\\/\\\/sergiolapegue.com\\\/site\\\/2025\\\/07\\\/03\\\/caligula-el-juguete-de-un-loco\\\/#breadcrumb\",\"itemListElement\":[{\"@type\":\"ListItem\",\"position\":1,\"name\":\"Inicio\",\"item\":\"https:\\\/\\\/sergiolapegue.com\\\/site\\\/\"},{\"@type\":\"ListItem\",\"position\":2,\"name\":\"CAL\u00cdGULA, EL JUGUETE DE UN LOCO\"}]},{\"@type\":\"WebSite\",\"@id\":\"https:\\\/\\\/sergiolapegue.com\\\/site\\\/#website\",\"url\":\"https:\\\/\\\/sergiolapegue.com\\\/site\\\/\",\"name\":\"Sergio Lapegue\",\"description\":\"Periodista y conductor de radio y televisi\u00f3n argentino, nacido el 6 de septiembre de 1964.\",\"publisher\":{\"@id\":\"https:\\\/\\\/sergiolapegue.com\\\/site\\\/#\\\/schema\\\/person\\\/083aeceeb0734cd166779ea6c0551a37\"},\"potentialAction\":[{\"@type\":\"SearchAction\",\"target\":{\"@type\":\"EntryPoint\",\"urlTemplate\":\"https:\\\/\\\/sergiolapegue.com\\\/site\\\/?s={search_term_string}\"},\"query-input\":{\"@type\":\"PropertyValueSpecification\",\"valueRequired\":true,\"valueName\":\"search_term_string\"}}],\"inLanguage\":\"es-AR\"},{\"@type\":[\"Person\",\"Organization\"],\"@id\":\"https:\\\/\\\/sergiolapegue.com\\\/site\\\/#\\\/schema\\\/person\\\/083aeceeb0734cd166779ea6c0551a37\",\"name\":\"Sergio Lapegue\",\"image\":{\"@type\":\"ImageObject\",\"inLanguage\":\"es-AR\",\"@id\":\"https:\\\/\\\/sergiolapegue.com\\\/site\\\/wp-content\\\/uploads\\\/2021\\\/04\\\/logo_header-1.png\",\"url\":\"https:\\\/\\\/sergiolapegue.com\\\/site\\\/wp-content\\\/uploads\\\/2021\\\/04\\\/logo_header-1.png\",\"contentUrl\":\"https:\\\/\\\/sergiolapegue.com\\\/site\\\/wp-content\\\/uploads\\\/2021\\\/04\\\/logo_header-1.png\",\"width\":272,\"height\":90,\"caption\":\"Sergio Lapegue\"},\"logo\":{\"@id\":\"https:\\\/\\\/sergiolapegue.com\\\/site\\\/wp-content\\\/uploads\\\/2021\\\/04\\\/logo_header-1.png\"},\"sameAs\":[\"https:\\\/\\\/facebook.com\\\/sergiolapegue\",\"https:\\\/\\\/instagram.com\\\/sergiolapegue\",\"https:\\\/\\\/x.com\\\/https:\\\/\\\/twitter.com\\\/sergiolapegue\"]},{\"@type\":\"Person\",\"@id\":\"https:\\\/\\\/sergiolapegue.com\\\/site\\\/#\\\/schema\\\/person\\\/9198e7dbab43c6d74d0fd5399af7c3cd\",\"name\":\"Daniel E. Monta\u00f1a\",\"image\":{\"@type\":\"ImageObject\",\"inLanguage\":\"es-AR\",\"@id\":\"https:\\\/\\\/sergiolapegue.com\\\/site\\\/wp-content\\\/uploads\\\/2021\\\/04\\\/sl_avatar_Daniel-150x150.jpg\",\"url\":\"https:\\\/\\\/sergiolapegue.com\\\/site\\\/wp-content\\\/uploads\\\/2021\\\/04\\\/sl_avatar_Daniel-150x150.jpg\",\"contentUrl\":\"https:\\\/\\\/sergiolapegue.com\\\/site\\\/wp-content\\\/uploads\\\/2021\\\/04\\\/sl_avatar_Daniel-150x150.jpg\",\"caption\":\"Daniel E. Monta\u00f1a\"},\"sameAs\":[\"https:\\\/\\\/facebook.com\\\/danielernesto.montana\",\"https:\\\/\\\/instagram.com\\\/daniel_montana1961\",\"https:\\\/\\\/x.com\\\/https:\\\/\\\/twitter.com\\\/daner_004\"],\"url\":\"https:\\\/\\\/sergiolapegue.com\\\/site\\\/author\\\/daniel\\\/\"}]}<\/script>\n<!-- \/ Yoast SEO plugin. -->","yoast_head_json":{"title":"CAL\u00cdGULA, EL JUGUETE DE UN LOCO - Sergio Lapegue","robots":{"index":"index","follow":"follow","max-snippet":"max-snippet:-1","max-image-preview":"max-image-preview:large","max-video-preview":"max-video-preview:-1"},"canonical":"https:\/\/sergiolapegue.com\/site\/2025\/07\/03\/caligula-el-juguete-de-un-loco\/","og_locale":"es_ES","og_type":"article","og_title":"CAL\u00cdGULA, EL JUGUETE DE UN LOCO - Sergio Lapegue","og_description":"Tras haber culminado su octava gira europea (Alemania, Espa\u00f1a, Italia, Hungr\u00eda, Suiza, Austria e Irlanda), la compa\u00f1\u00eda El Vac\u00edo F\u00e9rtil contin\u00faa con el estreno en Buenos Aires de su nuevo espect\u00e1culo \u201cCal\u00edgula, el juguete de un loco\u201d, escrita y dirigida por Marina Wainer. La compa\u00f1\u00eda El Vac\u00edo F\u00e9rtil exhibe sus \u00faltimos dos espect\u00e1culos en la [&hellip;]","og_url":"https:\/\/sergiolapegue.com\/site\/2025\/07\/03\/caligula-el-juguete-de-un-loco\/","og_site_name":"Sergio Lapegue","article_publisher":"https:\/\/facebook.com\/sergiolapegue","article_author":"https:\/\/facebook.com\/danielernesto.montana","article_published_time":"2025-07-03T12:00:00+00:00","og_image":[{"width":2560,"height":1707,"url":"https:\/\/sergiolapegue.com\/site\/wp-content\/uploads\/2025\/07\/Caligula-El-juguete-de-un-loco-scaled.jpg","type":"image\/jpeg"}],"author":"Daniel E. Monta\u00f1a","twitter_card":"summary_large_image","twitter_creator":"@https:\/\/twitter.com\/daner_004","twitter_site":"@sergiolapegue","twitter_misc":{"Escrito por":"Daniel E. Monta\u00f1a","Tiempo de lectura":"3 minutos"},"schema":{"@context":"https:\/\/schema.org","@graph":[{"@type":"Article","@id":"https:\/\/sergiolapegue.com\/site\/2025\/07\/03\/caligula-el-juguete-de-un-loco\/#article","isPartOf":{"@id":"https:\/\/sergiolapegue.com\/site\/2025\/07\/03\/caligula-el-juguete-de-un-loco\/"},"author":{"name":"Daniel E. Monta\u00f1a","@id":"https:\/\/sergiolapegue.com\/site\/#\/schema\/person\/9198e7dbab43c6d74d0fd5399af7c3cd"},"headline":"CAL\u00cdGULA, EL JUGUETE DE UN LOCO","datePublished":"2025-07-03T12:00:00+00:00","mainEntityOfPage":{"@id":"https:\/\/sergiolapegue.com\/site\/2025\/07\/03\/caligula-el-juguete-de-un-loco\/"},"wordCount":412,"commentCount":0,"publisher":{"@id":"https:\/\/sergiolapegue.com\/site\/#\/schema\/person\/083aeceeb0734cd166779ea6c0551a37"},"image":{"@id":"https:\/\/sergiolapegue.com\/site\/2025\/07\/03\/caligula-el-juguete-de-un-loco\/#primaryimage"},"thumbnailUrl":"https:\/\/sergiolapegue.com\/site\/wp-content\/uploads\/2025\/07\/Caligula-El-juguete-de-un-loco-scaled.jpg","articleSection":["Arte","Teatro"],"inLanguage":"es-AR","potentialAction":[{"@type":"CommentAction","name":"Comment","target":["https:\/\/sergiolapegue.com\/site\/2025\/07\/03\/caligula-el-juguete-de-un-loco\/#respond"]}]},{"@type":"WebPage","@id":"https:\/\/sergiolapegue.com\/site\/2025\/07\/03\/caligula-el-juguete-de-un-loco\/","url":"https:\/\/sergiolapegue.com\/site\/2025\/07\/03\/caligula-el-juguete-de-un-loco\/","name":"CAL\u00cdGULA, EL JUGUETE DE UN LOCO - Sergio Lapegue","isPartOf":{"@id":"https:\/\/sergiolapegue.com\/site\/#website"},"primaryImageOfPage":{"@id":"https:\/\/sergiolapegue.com\/site\/2025\/07\/03\/caligula-el-juguete-de-un-loco\/#primaryimage"},"image":{"@id":"https:\/\/sergiolapegue.com\/site\/2025\/07\/03\/caligula-el-juguete-de-un-loco\/#primaryimage"},"thumbnailUrl":"https:\/\/sergiolapegue.com\/site\/wp-content\/uploads\/2025\/07\/Caligula-El-juguete-de-un-loco-scaled.jpg","datePublished":"2025-07-03T12:00:00+00:00","breadcrumb":{"@id":"https:\/\/sergiolapegue.com\/site\/2025\/07\/03\/caligula-el-juguete-de-un-loco\/#breadcrumb"},"inLanguage":"es-AR","potentialAction":[{"@type":"ReadAction","target":["https:\/\/sergiolapegue.com\/site\/2025\/07\/03\/caligula-el-juguete-de-un-loco\/"]}]},{"@type":"ImageObject","inLanguage":"es-AR","@id":"https:\/\/sergiolapegue.com\/site\/2025\/07\/03\/caligula-el-juguete-de-un-loco\/#primaryimage","url":"https:\/\/sergiolapegue.com\/site\/wp-content\/uploads\/2025\/07\/Caligula-El-juguete-de-un-loco-scaled.jpg","contentUrl":"https:\/\/sergiolapegue.com\/site\/wp-content\/uploads\/2025\/07\/Caligula-El-juguete-de-un-loco-scaled.jpg","width":2560,"height":1707},{"@type":"BreadcrumbList","@id":"https:\/\/sergiolapegue.com\/site\/2025\/07\/03\/caligula-el-juguete-de-un-loco\/#breadcrumb","itemListElement":[{"@type":"ListItem","position":1,"name":"Inicio","item":"https:\/\/sergiolapegue.com\/site\/"},{"@type":"ListItem","position":2,"name":"CAL\u00cdGULA, EL JUGUETE DE UN LOCO"}]},{"@type":"WebSite","@id":"https:\/\/sergiolapegue.com\/site\/#website","url":"https:\/\/sergiolapegue.com\/site\/","name":"Sergio Lapegue","description":"Periodista y conductor de radio y televisi\u00f3n argentino, nacido el 6 de septiembre de 1964.","publisher":{"@id":"https:\/\/sergiolapegue.com\/site\/#\/schema\/person\/083aeceeb0734cd166779ea6c0551a37"},"potentialAction":[{"@type":"SearchAction","target":{"@type":"EntryPoint","urlTemplate":"https:\/\/sergiolapegue.com\/site\/?s={search_term_string}"},"query-input":{"@type":"PropertyValueSpecification","valueRequired":true,"valueName":"search_term_string"}}],"inLanguage":"es-AR"},{"@type":["Person","Organization"],"@id":"https:\/\/sergiolapegue.com\/site\/#\/schema\/person\/083aeceeb0734cd166779ea6c0551a37","name":"Sergio Lapegue","image":{"@type":"ImageObject","inLanguage":"es-AR","@id":"https:\/\/sergiolapegue.com\/site\/wp-content\/uploads\/2021\/04\/logo_header-1.png","url":"https:\/\/sergiolapegue.com\/site\/wp-content\/uploads\/2021\/04\/logo_header-1.png","contentUrl":"https:\/\/sergiolapegue.com\/site\/wp-content\/uploads\/2021\/04\/logo_header-1.png","width":272,"height":90,"caption":"Sergio Lapegue"},"logo":{"@id":"https:\/\/sergiolapegue.com\/site\/wp-content\/uploads\/2021\/04\/logo_header-1.png"},"sameAs":["https:\/\/facebook.com\/sergiolapegue","https:\/\/instagram.com\/sergiolapegue","https:\/\/x.com\/https:\/\/twitter.com\/sergiolapegue"]},{"@type":"Person","@id":"https:\/\/sergiolapegue.com\/site\/#\/schema\/person\/9198e7dbab43c6d74d0fd5399af7c3cd","name":"Daniel E. Monta\u00f1a","image":{"@type":"ImageObject","inLanguage":"es-AR","@id":"https:\/\/sergiolapegue.com\/site\/wp-content\/uploads\/2021\/04\/sl_avatar_Daniel-150x150.jpg","url":"https:\/\/sergiolapegue.com\/site\/wp-content\/uploads\/2021\/04\/sl_avatar_Daniel-150x150.jpg","contentUrl":"https:\/\/sergiolapegue.com\/site\/wp-content\/uploads\/2021\/04\/sl_avatar_Daniel-150x150.jpg","caption":"Daniel E. Monta\u00f1a"},"sameAs":["https:\/\/facebook.com\/danielernesto.montana","https:\/\/instagram.com\/daniel_montana1961","https:\/\/x.com\/https:\/\/twitter.com\/daner_004"],"url":"https:\/\/sergiolapegue.com\/site\/author\/daniel\/"}]}},"_links":{"self":[{"href":"https:\/\/sergiolapegue.com\/site\/wp-json\/wp\/v2\/posts\/23803","targetHints":{"allow":["GET"]}}],"collection":[{"href":"https:\/\/sergiolapegue.com\/site\/wp-json\/wp\/v2\/posts"}],"about":[{"href":"https:\/\/sergiolapegue.com\/site\/wp-json\/wp\/v2\/types\/post"}],"author":[{"embeddable":true,"href":"https:\/\/sergiolapegue.com\/site\/wp-json\/wp\/v2\/users\/3"}],"replies":[{"embeddable":true,"href":"https:\/\/sergiolapegue.com\/site\/wp-json\/wp\/v2\/comments?post=23803"}],"version-history":[{"count":1,"href":"https:\/\/sergiolapegue.com\/site\/wp-json\/wp\/v2\/posts\/23803\/revisions"}],"predecessor-version":[{"id":23808,"href":"https:\/\/sergiolapegue.com\/site\/wp-json\/wp\/v2\/posts\/23803\/revisions\/23808"}],"wp:featuredmedia":[{"embeddable":true,"href":"https:\/\/sergiolapegue.com\/site\/wp-json\/wp\/v2\/media\/23807"}],"wp:attachment":[{"href":"https:\/\/sergiolapegue.com\/site\/wp-json\/wp\/v2\/media?parent=23803"}],"wp:term":[{"taxonomy":"category","embeddable":true,"href":"https:\/\/sergiolapegue.com\/site\/wp-json\/wp\/v2\/categories?post=23803"},{"taxonomy":"post_tag","embeddable":true,"href":"https:\/\/sergiolapegue.com\/site\/wp-json\/wp\/v2\/tags?post=23803"}],"curies":[{"name":"wp","href":"https:\/\/api.w.org\/{rel}","templated":true}]}}