{"id":23766,"date":"2025-06-30T12:47:23","date_gmt":"2025-06-30T15:47:23","guid":{"rendered":"https:\/\/sergiolapegue.com\/site\/?p=23766"},"modified":"2025-06-30T12:47:24","modified_gmt":"2025-06-30T15:47:24","slug":"de-portela-a-grigera-quienes-son-los-padres-de-lomas","status":"publish","type":"post","link":"https:\/\/sergiolapegue.com\/site\/2025\/06\/30\/de-portela-a-grigera-quienes-son-los-padres-de-lomas\/","title":{"rendered":"De Portela a Grigera, qui\u00e9nes son los &#8220;padres&#8221; de Lomas"},"content":{"rendered":"\n<p>Hace unos d\u00edas celebramos el<a href=\"https:\/\/launion.com.ar\/nota\/48783\/2025\/06\/el-posteo-de-jimena-baron-a-matias-palleiro-en-su-primer-dia-del-padre\" target=\"_blank\" rel=\"noreferrer noopener\">&nbsp;<\/a><strong><a href=\"https:\/\/launion.com.ar\/nota\/48783\/2025\/06\/el-posteo-de-jimena-baron-a-matias-palleiro-en-su-primer-dia-del-padre\" target=\"_blank\" rel=\"noreferrer noopener\">D\u00eda del Padre,&nbsp;<\/a><\/strong>una fecha que siempre invita a reflexionar, a agradecer y a compartir con los nuestros. Para muchos, es una oportunidad de pasar tiempo con sus viejos; para otros, como en mi caso, se transforma en una jornada m\u00e1s&nbsp;\u00edntima, de recuerdo.<\/p>\n\n\n\n<p>Hace a\u00f1os que el m\u00edo ya no est\u00e1, pero lo evoco con una sonrisa, tratando de honrar su memoria criando a mis hijos con los valores que \u00e9l me dej\u00f3. Creo que no hay mejor forma de rendirle tributo. Y en ese mismo esp\u00edritu, me pareci\u00f3 un buen&nbsp;momento para hablar de los &#8220;padres&#8221; de nuestra ciudad: los fundadores de<a href=\"https:\/\/launion.com.ar\/Lomas\" target=\"_blank\" rel=\"noreferrer noopener\">&nbsp;<\/a><strong><a href=\"https:\/\/launion.com.ar\/Lomas\" target=\"_blank\" rel=\"noreferrer noopener\">Lomas de Zamora.&nbsp;<\/a><\/strong><\/p>\n\n\n\n<p>A comienzos de la d\u00e9cada de 1860, cuatro figuras clave de la zona&nbsp;<strong>-Anacarsis Lan\u00fas, Esteban Adrogu\u00e9, Francisco Portela y Victorio Grigera-<\/strong>&nbsp;presentaron al entonces gobernador de Buenos Aires, el general&nbsp;<strong>Bartolom\u00e9 Mitre,&nbsp;<\/strong>un proyecto para que Lomas pudiera independizarse del partido al que pertenec\u00eda. En ese momento, el territorio formaba parte de Barracas al Sud. Mitre aprob\u00f3 la iniciativa y el 10 de septiembre de 1861 se concret\u00f3 la tan anhelada autonom\u00eda: nac\u00eda as\u00ed el partido de Lomas de Zamora, conocido en sus inicios&nbsp;como&nbsp;<strong>Ciudad de la Paz.&nbsp;<\/strong><\/p>\n\n\n\n<p>Originalmente, el distrito abarcaba un \u00e1rea mucho mayor que la actual. En febrero de 1865 se fijaron sus l\u00edmites, que inclu\u00edan tierras que hoy forman parte de localidades vecinas como Monte Grande y Remedios de Escalada. La fundaci\u00f3n del partido vino acompa\u00f1ada por otro hecho clave para la identidad de la zona: el comienzo de la&nbsp;<a href=\"https:\/\/launion.com.ar\/nota\/47231\/2025\/04\/emotiva-misa-en-lomas-por-el-eterno-descanso-del-papa-francisco\" target=\"_blank\" rel=\"noreferrer noopener\">construcci\u00f3n de su iglesia m\u00e1s emblem\u00e1tica, la&nbsp;<\/a><strong><a href=\"https:\/\/launion.com.ar\/nota\/47231\/2025\/04\/emotiva-misa-en-lomas-por-el-eterno-descanso-del-papa-francisco\" target=\"_blank\" rel=\"noreferrer noopener\">Catedral Nuestra Se\u00f1ora de la Paz.<\/a><\/strong><a href=\"https:\/\/launion.com.ar\/nota\/47231\/2025\/04\/emotiva-misa-en-lomas-por-el-eterno-descanso-del-papa-francisco\" target=\"_blank\" rel=\"noreferrer noopener\">&nbsp;<\/a>Fue en octubre de 1860 cuando Portela impuls\u00f3 la iniciativa y se coloc\u00f3 la piedra fundacional en una chacra de propiedad de&nbsp;<strong>Grigera.&nbsp;<\/strong><\/p>\n\n\n\n<p>Adrogu\u00e9 tambi\u00e9n form\u00f3 parte del proyecto. Adem\u00e1s de ser uno de los impulsores del desarrollo urbano en la regi\u00f3n, encarg\u00f3 personalmente la imagen de la Virgen que presidir\u00eda el templo. La obra, conocida como la<\/p>\n\n\n\n<p>Madonna de la silla, fue realizada en Barcelona por un artista catal\u00e1n y tuvo un valor de 25.000 pesos de entonces. Durante dos a\u00f1os, la imagen esper\u00f3 en la sacrist\u00eda de la iglesia de San Miguel Arc\u00e1ngel, en la Ciudad de Buenos Aires, hasta que la catedral estuvo en condiciones de recibirla. Su inauguraci\u00f3n oficial tuvo lugar el 22 de enero de 1865, aunque los trabajos de construcci\u00f3n continuaron durante varias d\u00e9cadas m\u00e1s y se completaron reci\u00e9n en 1900.&nbsp;<\/p>\n\n\n\n<p>Los&nbsp;<strong>fundadores de Lomas<\/strong>&nbsp;no solo buscaron autonom\u00eda pol\u00edtica, sino que tambi\u00e9n imaginaron un lugar con identidad propia, con instituciones, con historia. Y eso, sin duda, merece ser recordado. \u00a1Hasta la semana que viene, amigos de La Uni\u00f3n!<\/p>\n\n\n\n<p><strong><em><a href=\"https:\/\/launion.com.ar\/nota\/49147\/2025\/06\/de-portela-a-grigera-quienes-son-los-padres-de-lomas\">Art\u00edculo publicado en el diario La Uni\u00f3n.-<\/a><\/em><\/strong><\/p>\n","protected":false},"excerpt":{"rendered":"<p>Hace unos d\u00edas celebramos el&nbsp;D\u00eda del Padre,&nbsp;una fecha que siempre invita a reflexionar, a agradecer y a compartir con los nuestros. Para muchos, es una oportunidad de pasar tiempo con sus viejos; para otros, como en mi caso, se transforma en una jornada m\u00e1s&nbsp;\u00edntima, de recuerdo. Hace a\u00f1os que el m\u00edo ya no est\u00e1, pero [&hellip;]<\/p>\n","protected":false},"author":6,"featured_media":23767,"comment_status":"closed","ping_status":"closed","sticky":false,"template":"","format":"standard","meta":{"footnotes":""},"categories":[1276],"tags":[1323,1277],"class_list":{"0":"post-23766","1":"post","2":"type-post","3":"status-publish","4":"format-standard","5":"has-post-thumbnail","7":"category-de-puno-y-letra-lomas-de-zamora","8":"tag-la-union","9":"tag-lomas-de-zamora"},"yoast_head":"<!-- This site is optimized with the Yoast SEO plugin v27.5 - https:\/\/yoast.com\/product\/yoast-seo-wordpress\/ -->\n<title>De Portela a Grigera, qui\u00e9nes son los &quot;padres&quot; de Lomas - Sergio Lapegue<\/title>\n<meta name=\"description\" content=\"Los fundadores no solo buscaron autonom\u00eda pol\u00edtica, sino que tambi\u00e9n imaginaron un lugar con identidad propia, con instituciones e historia.\" \/>\n<meta name=\"robots\" content=\"index, follow, max-snippet:-1, max-image-preview:large, max-video-preview:-1\" \/>\n<link rel=\"canonical\" href=\"https:\/\/sergiolapegue.com\/site\/2025\/06\/30\/de-portela-a-grigera-quienes-son-los-padres-de-lomas\/\" \/>\n<meta property=\"og:locale\" content=\"es_ES\" \/>\n<meta property=\"og:type\" content=\"article\" \/>\n<meta property=\"og:title\" content=\"De Portela a Grigera, qui\u00e9nes son los &quot;padres&quot; de Lomas - Sergio Lapegue\" \/>\n<meta property=\"og:description\" content=\"Los fundadores no solo buscaron autonom\u00eda pol\u00edtica, sino que tambi\u00e9n imaginaron un lugar con identidad propia, con instituciones e historia.\" \/>\n<meta property=\"og:url\" content=\"https:\/\/sergiolapegue.com\/site\/2025\/06\/30\/de-portela-a-grigera-quienes-son-los-padres-de-lomas\/\" \/>\n<meta property=\"og:site_name\" content=\"Sergio Lapegue\" \/>\n<meta property=\"article:publisher\" content=\"https:\/\/facebook.com\/sergiolapegue\" \/>\n<meta property=\"article:author\" content=\"https:\/\/facebook.com\/sergiolapegue\" \/>\n<meta property=\"article:published_time\" content=\"2025-06-30T15:47:23+00:00\" \/>\n<meta property=\"article:modified_time\" content=\"2025-06-30T15:47:24+00:00\" \/>\n<meta property=\"og:image\" content=\"https:\/\/sergiolapegue.com\/site\/wp-content\/uploads\/2025\/06\/1126859.webp\" \/>\n\t<meta property=\"og:image:width\" content=\"1200\" \/>\n\t<meta property=\"og:image:height\" content=\"630\" \/>\n\t<meta property=\"og:image:type\" content=\"image\/webp\" \/>\n<meta name=\"author\" content=\"Sergio Lapegue\" \/>\n<meta name=\"twitter:card\" content=\"summary_large_image\" \/>\n<meta name=\"twitter:creator\" content=\"@https:\/\/twitter.com\/sergiolapegue\" \/>\n<meta name=\"twitter:site\" content=\"@sergiolapegue\" \/>\n<meta name=\"twitter:label1\" content=\"Escrito por\" \/>\n\t<meta name=\"twitter:data1\" content=\"Sergio Lapegue\" \/>\n\t<meta name=\"twitter:label2\" content=\"Tiempo de lectura\" \/>\n\t<meta name=\"twitter:data2\" content=\"3 minutos\" \/>\n<script type=\"application\/ld+json\" class=\"yoast-schema-graph\">{\"@context\":\"https:\\\/\\\/schema.org\",\"@graph\":[{\"@type\":\"Article\",\"@id\":\"https:\\\/\\\/sergiolapegue.com\\\/site\\\/2025\\\/06\\\/30\\\/de-portela-a-grigera-quienes-son-los-padres-de-lomas\\\/#article\",\"isPartOf\":{\"@id\":\"https:\\\/\\\/sergiolapegue.com\\\/site\\\/2025\\\/06\\\/30\\\/de-portela-a-grigera-quienes-son-los-padres-de-lomas\\\/\"},\"author\":{\"name\":\"Sergio Lapegue\",\"@id\":\"https:\\\/\\\/sergiolapegue.com\\\/site\\\/#\\\/schema\\\/person\\\/083aeceeb0734cd166779ea6c0551a37\"},\"headline\":\"De Portela a Grigera, qui\u00e9nes son los &#8220;padres&#8221; de Lomas\",\"datePublished\":\"2025-06-30T15:47:23+00:00\",\"dateModified\":\"2025-06-30T15:47:24+00:00\",\"mainEntityOfPage\":{\"@id\":\"https:\\\/\\\/sergiolapegue.com\\\/site\\\/2025\\\/06\\\/30\\\/de-portela-a-grigera-quienes-son-los-padres-de-lomas\\\/\"},\"wordCount\":514,\"publisher\":{\"@id\":\"https:\\\/\\\/sergiolapegue.com\\\/site\\\/#\\\/schema\\\/person\\\/083aeceeb0734cd166779ea6c0551a37\"},\"image\":{\"@id\":\"https:\\\/\\\/sergiolapegue.com\\\/site\\\/2025\\\/06\\\/30\\\/de-portela-a-grigera-quienes-son-los-padres-de-lomas\\\/#primaryimage\"},\"thumbnailUrl\":\"https:\\\/\\\/sergiolapegue.com\\\/site\\\/wp-content\\\/uploads\\\/2025\\\/06\\\/1126859.webp\",\"keywords\":[\"La Uni\u00f3n\",\"Lomas de Zamora\"],\"articleSection\":[\"De Pu\u00f1o y Letra Lomas de Zamora\"],\"inLanguage\":\"es-AR\"},{\"@type\":\"WebPage\",\"@id\":\"https:\\\/\\\/sergiolapegue.com\\\/site\\\/2025\\\/06\\\/30\\\/de-portela-a-grigera-quienes-son-los-padres-de-lomas\\\/\",\"url\":\"https:\\\/\\\/sergiolapegue.com\\\/site\\\/2025\\\/06\\\/30\\\/de-portela-a-grigera-quienes-son-los-padres-de-lomas\\\/\",\"name\":\"De Portela a Grigera, qui\u00e9nes son los \\\"padres\\\" de Lomas - Sergio Lapegue\",\"isPartOf\":{\"@id\":\"https:\\\/\\\/sergiolapegue.com\\\/site\\\/#website\"},\"primaryImageOfPage\":{\"@id\":\"https:\\\/\\\/sergiolapegue.com\\\/site\\\/2025\\\/06\\\/30\\\/de-portela-a-grigera-quienes-son-los-padres-de-lomas\\\/#primaryimage\"},\"image\":{\"@id\":\"https:\\\/\\\/sergiolapegue.com\\\/site\\\/2025\\\/06\\\/30\\\/de-portela-a-grigera-quienes-son-los-padres-de-lomas\\\/#primaryimage\"},\"thumbnailUrl\":\"https:\\\/\\\/sergiolapegue.com\\\/site\\\/wp-content\\\/uploads\\\/2025\\\/06\\\/1126859.webp\",\"datePublished\":\"2025-06-30T15:47:23+00:00\",\"dateModified\":\"2025-06-30T15:47:24+00:00\",\"description\":\"Los fundadores no solo buscaron autonom\u00eda pol\u00edtica, sino que tambi\u00e9n imaginaron un lugar con identidad propia, con instituciones e historia.\",\"breadcrumb\":{\"@id\":\"https:\\\/\\\/sergiolapegue.com\\\/site\\\/2025\\\/06\\\/30\\\/de-portela-a-grigera-quienes-son-los-padres-de-lomas\\\/#breadcrumb\"},\"inLanguage\":\"es-AR\",\"potentialAction\":[{\"@type\":\"ReadAction\",\"target\":[\"https:\\\/\\\/sergiolapegue.com\\\/site\\\/2025\\\/06\\\/30\\\/de-portela-a-grigera-quienes-son-los-padres-de-lomas\\\/\"]}]},{\"@type\":\"ImageObject\",\"inLanguage\":\"es-AR\",\"@id\":\"https:\\\/\\\/sergiolapegue.com\\\/site\\\/2025\\\/06\\\/30\\\/de-portela-a-grigera-quienes-son-los-padres-de-lomas\\\/#primaryimage\",\"url\":\"https:\\\/\\\/sergiolapegue.com\\\/site\\\/wp-content\\\/uploads\\\/2025\\\/06\\\/1126859.webp\",\"contentUrl\":\"https:\\\/\\\/sergiolapegue.com\\\/site\\\/wp-content\\\/uploads\\\/2025\\\/06\\\/1126859.webp\",\"width\":1200,\"height\":630},{\"@type\":\"BreadcrumbList\",\"@id\":\"https:\\\/\\\/sergiolapegue.com\\\/site\\\/2025\\\/06\\\/30\\\/de-portela-a-grigera-quienes-son-los-padres-de-lomas\\\/#breadcrumb\",\"itemListElement\":[{\"@type\":\"ListItem\",\"position\":1,\"name\":\"Inicio\",\"item\":\"https:\\\/\\\/sergiolapegue.com\\\/site\\\/\"},{\"@type\":\"ListItem\",\"position\":2,\"name\":\"De Portela a Grigera, qui\u00e9nes son los &#8220;padres&#8221; de Lomas\"}]},{\"@type\":\"WebSite\",\"@id\":\"https:\\\/\\\/sergiolapegue.com\\\/site\\\/#website\",\"url\":\"https:\\\/\\\/sergiolapegue.com\\\/site\\\/\",\"name\":\"Sergio Lapegue\",\"description\":\"Periodista\",\"publisher\":{\"@id\":\"https:\\\/\\\/sergiolapegue.com\\\/site\\\/#\\\/schema\\\/person\\\/083aeceeb0734cd166779ea6c0551a37\"},\"potentialAction\":[{\"@type\":\"SearchAction\",\"target\":{\"@type\":\"EntryPoint\",\"urlTemplate\":\"https:\\\/\\\/sergiolapegue.com\\\/site\\\/?s={search_term_string}\"},\"query-input\":{\"@type\":\"PropertyValueSpecification\",\"valueRequired\":true,\"valueName\":\"search_term_string\"}}],\"inLanguage\":\"es-AR\"},{\"@type\":[\"Person\",\"Organization\"],\"@id\":\"https:\\\/\\\/sergiolapegue.com\\\/site\\\/#\\\/schema\\\/person\\\/083aeceeb0734cd166779ea6c0551a37\",\"name\":\"Sergio Lapegue\",\"image\":{\"@type\":\"ImageObject\",\"inLanguage\":\"es-AR\",\"@id\":\"https:\\\/\\\/sergiolapegue.com\\\/site\\\/wp-content\\\/uploads\\\/2021\\\/04\\\/logo_header-1.png\",\"url\":\"https:\\\/\\\/sergiolapegue.com\\\/site\\\/wp-content\\\/uploads\\\/2021\\\/04\\\/logo_header-1.png\",\"contentUrl\":\"https:\\\/\\\/sergiolapegue.com\\\/site\\\/wp-content\\\/uploads\\\/2021\\\/04\\\/logo_header-1.png\",\"width\":272,\"height\":90,\"caption\":\"Sergio Lapegue\"},\"logo\":{\"@id\":\"https:\\\/\\\/sergiolapegue.com\\\/site\\\/wp-content\\\/uploads\\\/2021\\\/04\\\/logo_header-1.png\"},\"sameAs\":[\"https:\\\/\\\/facebook.com\\\/sergiolapegue\",\"https:\\\/\\\/instagram.com\\\/sergiolapegue\",\"https:\\\/\\\/x.com\\\/https:\\\/\\\/twitter.com\\\/sergiolapegue\"],\"url\":\"https:\\\/\\\/sergiolapegue.com\\\/site\\\/author\\\/sergio\\\/\"}]}<\/script>\n<!-- \/ Yoast SEO plugin. -->","yoast_head_json":{"title":"De Portela a Grigera, qui\u00e9nes son los \"padres\" de Lomas - Sergio Lapegue","description":"Los fundadores no solo buscaron autonom\u00eda pol\u00edtica, sino que tambi\u00e9n imaginaron un lugar con identidad propia, con instituciones e historia.","robots":{"index":"index","follow":"follow","max-snippet":"max-snippet:-1","max-image-preview":"max-image-preview:large","max-video-preview":"max-video-preview:-1"},"canonical":"https:\/\/sergiolapegue.com\/site\/2025\/06\/30\/de-portela-a-grigera-quienes-son-los-padres-de-lomas\/","og_locale":"es_ES","og_type":"article","og_title":"De Portela a Grigera, qui\u00e9nes son los \"padres\" de Lomas - Sergio Lapegue","og_description":"Los fundadores no solo buscaron autonom\u00eda pol\u00edtica, sino que tambi\u00e9n imaginaron un lugar con identidad propia, con instituciones e historia.","og_url":"https:\/\/sergiolapegue.com\/site\/2025\/06\/30\/de-portela-a-grigera-quienes-son-los-padres-de-lomas\/","og_site_name":"Sergio Lapegue","article_publisher":"https:\/\/facebook.com\/sergiolapegue","article_author":"https:\/\/facebook.com\/sergiolapegue","article_published_time":"2025-06-30T15:47:23+00:00","article_modified_time":"2025-06-30T15:47:24+00:00","og_image":[{"width":1200,"height":630,"url":"https:\/\/sergiolapegue.com\/site\/wp-content\/uploads\/2025\/06\/1126859.webp","type":"image\/webp"}],"author":"Sergio Lapegue","twitter_card":"summary_large_image","twitter_creator":"@https:\/\/twitter.com\/sergiolapegue","twitter_site":"@sergiolapegue","twitter_misc":{"Escrito por":"Sergio Lapegue","Tiempo de lectura":"3 minutos"},"schema":{"@context":"https:\/\/schema.org","@graph":[{"@type":"Article","@id":"https:\/\/sergiolapegue.com\/site\/2025\/06\/30\/de-portela-a-grigera-quienes-son-los-padres-de-lomas\/#article","isPartOf":{"@id":"https:\/\/sergiolapegue.com\/site\/2025\/06\/30\/de-portela-a-grigera-quienes-son-los-padres-de-lomas\/"},"author":{"name":"Sergio Lapegue","@id":"https:\/\/sergiolapegue.com\/site\/#\/schema\/person\/083aeceeb0734cd166779ea6c0551a37"},"headline":"De Portela a Grigera, qui\u00e9nes son los &#8220;padres&#8221; de Lomas","datePublished":"2025-06-30T15:47:23+00:00","dateModified":"2025-06-30T15:47:24+00:00","mainEntityOfPage":{"@id":"https:\/\/sergiolapegue.com\/site\/2025\/06\/30\/de-portela-a-grigera-quienes-son-los-padres-de-lomas\/"},"wordCount":514,"publisher":{"@id":"https:\/\/sergiolapegue.com\/site\/#\/schema\/person\/083aeceeb0734cd166779ea6c0551a37"},"image":{"@id":"https:\/\/sergiolapegue.com\/site\/2025\/06\/30\/de-portela-a-grigera-quienes-son-los-padres-de-lomas\/#primaryimage"},"thumbnailUrl":"https:\/\/sergiolapegue.com\/site\/wp-content\/uploads\/2025\/06\/1126859.webp","keywords":["La Uni\u00f3n","Lomas de Zamora"],"articleSection":["De Pu\u00f1o y Letra Lomas de Zamora"],"inLanguage":"es-AR"},{"@type":"WebPage","@id":"https:\/\/sergiolapegue.com\/site\/2025\/06\/30\/de-portela-a-grigera-quienes-son-los-padres-de-lomas\/","url":"https:\/\/sergiolapegue.com\/site\/2025\/06\/30\/de-portela-a-grigera-quienes-son-los-padres-de-lomas\/","name":"De Portela a Grigera, qui\u00e9nes son los \"padres\" de Lomas - Sergio Lapegue","isPartOf":{"@id":"https:\/\/sergiolapegue.com\/site\/#website"},"primaryImageOfPage":{"@id":"https:\/\/sergiolapegue.com\/site\/2025\/06\/30\/de-portela-a-grigera-quienes-son-los-padres-de-lomas\/#primaryimage"},"image":{"@id":"https:\/\/sergiolapegue.com\/site\/2025\/06\/30\/de-portela-a-grigera-quienes-son-los-padres-de-lomas\/#primaryimage"},"thumbnailUrl":"https:\/\/sergiolapegue.com\/site\/wp-content\/uploads\/2025\/06\/1126859.webp","datePublished":"2025-06-30T15:47:23+00:00","dateModified":"2025-06-30T15:47:24+00:00","description":"Los fundadores no solo buscaron autonom\u00eda pol\u00edtica, sino que tambi\u00e9n imaginaron un lugar con identidad propia, con instituciones e historia.","breadcrumb":{"@id":"https:\/\/sergiolapegue.com\/site\/2025\/06\/30\/de-portela-a-grigera-quienes-son-los-padres-de-lomas\/#breadcrumb"},"inLanguage":"es-AR","potentialAction":[{"@type":"ReadAction","target":["https:\/\/sergiolapegue.com\/site\/2025\/06\/30\/de-portela-a-grigera-quienes-son-los-padres-de-lomas\/"]}]},{"@type":"ImageObject","inLanguage":"es-AR","@id":"https:\/\/sergiolapegue.com\/site\/2025\/06\/30\/de-portela-a-grigera-quienes-son-los-padres-de-lomas\/#primaryimage","url":"https:\/\/sergiolapegue.com\/site\/wp-content\/uploads\/2025\/06\/1126859.webp","contentUrl":"https:\/\/sergiolapegue.com\/site\/wp-content\/uploads\/2025\/06\/1126859.webp","width":1200,"height":630},{"@type":"BreadcrumbList","@id":"https:\/\/sergiolapegue.com\/site\/2025\/06\/30\/de-portela-a-grigera-quienes-son-los-padres-de-lomas\/#breadcrumb","itemListElement":[{"@type":"ListItem","position":1,"name":"Inicio","item":"https:\/\/sergiolapegue.com\/site\/"},{"@type":"ListItem","position":2,"name":"De Portela a Grigera, qui\u00e9nes son los &#8220;padres&#8221; de Lomas"}]},{"@type":"WebSite","@id":"https:\/\/sergiolapegue.com\/site\/#website","url":"https:\/\/sergiolapegue.com\/site\/","name":"Sergio Lapegue","description":"Periodista","publisher":{"@id":"https:\/\/sergiolapegue.com\/site\/#\/schema\/person\/083aeceeb0734cd166779ea6c0551a37"},"potentialAction":[{"@type":"SearchAction","target":{"@type":"EntryPoint","urlTemplate":"https:\/\/sergiolapegue.com\/site\/?s={search_term_string}"},"query-input":{"@type":"PropertyValueSpecification","valueRequired":true,"valueName":"search_term_string"}}],"inLanguage":"es-AR"},{"@type":["Person","Organization"],"@id":"https:\/\/sergiolapegue.com\/site\/#\/schema\/person\/083aeceeb0734cd166779ea6c0551a37","name":"Sergio Lapegue","image":{"@type":"ImageObject","inLanguage":"es-AR","@id":"https:\/\/sergiolapegue.com\/site\/wp-content\/uploads\/2021\/04\/logo_header-1.png","url":"https:\/\/sergiolapegue.com\/site\/wp-content\/uploads\/2021\/04\/logo_header-1.png","contentUrl":"https:\/\/sergiolapegue.com\/site\/wp-content\/uploads\/2021\/04\/logo_header-1.png","width":272,"height":90,"caption":"Sergio Lapegue"},"logo":{"@id":"https:\/\/sergiolapegue.com\/site\/wp-content\/uploads\/2021\/04\/logo_header-1.png"},"sameAs":["https:\/\/facebook.com\/sergiolapegue","https:\/\/instagram.com\/sergiolapegue","https:\/\/x.com\/https:\/\/twitter.com\/sergiolapegue"],"url":"https:\/\/sergiolapegue.com\/site\/author\/sergio\/"}]}},"_links":{"self":[{"href":"https:\/\/sergiolapegue.com\/site\/wp-json\/wp\/v2\/posts\/23766","targetHints":{"allow":["GET"]}}],"collection":[{"href":"https:\/\/sergiolapegue.com\/site\/wp-json\/wp\/v2\/posts"}],"about":[{"href":"https:\/\/sergiolapegue.com\/site\/wp-json\/wp\/v2\/types\/post"}],"author":[{"embeddable":true,"href":"https:\/\/sergiolapegue.com\/site\/wp-json\/wp\/v2\/users\/6"}],"replies":[{"embeddable":true,"href":"https:\/\/sergiolapegue.com\/site\/wp-json\/wp\/v2\/comments?post=23766"}],"version-history":[{"count":1,"href":"https:\/\/sergiolapegue.com\/site\/wp-json\/wp\/v2\/posts\/23766\/revisions"}],"predecessor-version":[{"id":23768,"href":"https:\/\/sergiolapegue.com\/site\/wp-json\/wp\/v2\/posts\/23766\/revisions\/23768"}],"wp:featuredmedia":[{"embeddable":true,"href":"https:\/\/sergiolapegue.com\/site\/wp-json\/wp\/v2\/media\/23767"}],"wp:attachment":[{"href":"https:\/\/sergiolapegue.com\/site\/wp-json\/wp\/v2\/media?parent=23766"}],"wp:term":[{"taxonomy":"category","embeddable":true,"href":"https:\/\/sergiolapegue.com\/site\/wp-json\/wp\/v2\/categories?post=23766"},{"taxonomy":"post_tag","embeddable":true,"href":"https:\/\/sergiolapegue.com\/site\/wp-json\/wp\/v2\/tags?post=23766"}],"curies":[{"name":"wp","href":"https:\/\/api.w.org\/{rel}","templated":true}]}}