{"id":23751,"date":"2025-06-30T17:00:00","date_gmt":"2025-06-30T20:00:00","guid":{"rendered":"https:\/\/sergiolapegue.com\/site\/?p=23751"},"modified":"2025-06-30T03:01:31","modified_gmt":"2025-06-30T06:01:31","slug":"guille-molina-presenta-su-shoow-hoy-tengo-ganas-de-ti","status":"publish","type":"post","link":"https:\/\/sergiolapegue.com\/site\/2025\/06\/30\/guille-molina-presenta-su-shoow-hoy-tengo-ganas-de-ti\/","title":{"rendered":"GUILLE MOLINA PRESENTA SU SHOOW &#8220;HOY TENGO GANAS DE TI&#8221;"},"content":{"rendered":"\n<p>El cantautor cordob\u00e9s \u2013 oriundo de Monte Ma\u00edz \u2013 sigue recorriendo el pa\u00eds con su m\u00fasica y el pr\u00f3ximo 11 de julio en Marquee, se presentara para compartir los temas de Segundas Chances, adem\u00e1s de anticipar lo que viene en el pr\u00f3ximo disco.<\/p>\n\n\n\n<p>Como siempre, el p\u00fablico podr\u00e1 disfrutar de las&nbsp;composiciones originales&nbsp;que le dedica al amor, en todas sus formas, y tambi\u00e9n de versiones muy personales de las que \u00e9l llama&nbsp;\u201ccanciones prestadas\u201d, como:&nbsp;Y c\u00f3mo es \u00e9l, Siesta de verano y Hoy tengo ganas de ti, que le da nombre a este nuevo espect\u00e1culo.<\/p>\n\n\n\n<p>Emocionado por la aceptaci\u00f3n del p\u00fablico, y tambi\u00e9n por tener a&nbsp;su hijo Felipe&nbsp;en bater\u00eda, compartiendo este camino musical, Guille Molina agradece lo vivido hasta ahora y promete mucho m\u00e1s para este 2025.<\/p>\n\n\n\n<figure class=\"wp-block-image size-large\"><img loading=\"lazy\" decoding=\"async\" width=\"1024\" height=\"683\" src=\"https:\/\/sergiolapegue.com\/site\/wp-content\/uploads\/2025\/06\/Guille-Molina-en-Marquee-1-1024x683.jpg\" alt=\"\" class=\"wp-image-23752\" srcset=\"https:\/\/sergiolapegue.com\/site\/wp-content\/uploads\/2025\/06\/Guille-Molina-en-Marquee-1-1024x683.jpg 1024w, https:\/\/sergiolapegue.com\/site\/wp-content\/uploads\/2025\/06\/Guille-Molina-en-Marquee-1-300x200.jpg 300w, https:\/\/sergiolapegue.com\/site\/wp-content\/uploads\/2025\/06\/Guille-Molina-en-Marquee-1-768x512.jpg 768w, https:\/\/sergiolapegue.com\/site\/wp-content\/uploads\/2025\/06\/Guille-Molina-en-Marquee-1-1536x1024.jpg 1536w, https:\/\/sergiolapegue.com\/site\/wp-content\/uploads\/2025\/06\/Guille-Molina-en-Marquee-1-2048x1365.jpg 2048w, https:\/\/sergiolapegue.com\/site\/wp-content\/uploads\/2025\/06\/Guille-Molina-en-Marquee-1-630x420.jpg 630w, https:\/\/sergiolapegue.com\/site\/wp-content\/uploads\/2025\/06\/Guille-Molina-en-Marquee-1-696x464.jpg 696w, https:\/\/sergiolapegue.com\/site\/wp-content\/uploads\/2025\/06\/Guille-Molina-en-Marquee-1-1068x712.jpg 1068w, https:\/\/sergiolapegue.com\/site\/wp-content\/uploads\/2025\/06\/Guille-Molina-en-Marquee-1-1920x1280.jpg 1920w\" sizes=\"auto, (max-width: 1024px) 100vw, 1024px\" \/><\/figure>\n\n\n\n<p><strong>SOBRE LA BANDA <\/strong><strong><\/strong><\/p>\n\n\n\n<p>Empezaron su carrera musical como&nbsp;Alquimia, haciendo temas de folclore.&nbsp;<\/p>\n\n\n\n<p>Hasta que empezaron a sentir la necesidad de expresar sentimientos propios, y se animaron a componer.<\/p>\n\n\n\n<p>Buscando un estilo que los identificara \u2013 hoy por el lado del&nbsp;pop mel\u00f3dico \u2013 siguieron transitando este camino entre canciones originales y otras prestadas.&nbsp;<\/p>\n\n\n\n<p>Pero un detalle los iba deteniendo: cuando buscaban el nombre de la banda en redes sociales y plataformas, encontraban varios &#8220;Alquimia&#8221;.<\/p>\n\n\n\n<p>Entonces lleg\u00f3 el momento de dar un paso m\u00e1s, y entre todos decidieron que era hora de que el p\u00fablico los identificara como Guille Molina, la voz cantante.<\/p>\n\n\n\n<p>Con la misma formaci\u00f3n de siempre pero con una impronta m\u00e1s definida,&nbsp;estos cuatro m\u00fasicos y amigos&nbsp;siguen subiendo escalones, componiendo, produciendo y present\u00e1ndose en escenarios de todo el pa\u00eds.&nbsp;<\/p>\n\n\n\n<p><a href=\"https:\/\/www.youtube.com\/watch?v=4PQW8cV5710\" target=\"_blank\" rel=\"noreferrer noopener\">Mira el show de Guille Molina en el Festival de Villa Mar\u00eda<\/a><\/p>\n\n\n\n<p>Para este 2025 prometen nuevo disco y m\u00e1s shows!<\/p>\n\n\n\n<p><strong>Instagram:<\/strong> @guillemolina.oficial<\/p>\n\n\n\n<figure class=\"wp-block-image size-large\"><img loading=\"lazy\" decoding=\"async\" width=\"1024\" height=\"684\" src=\"https:\/\/sergiolapegue.com\/site\/wp-content\/uploads\/2025\/06\/Guille-Molina-en-Marquee-2-1024x684.jpg\" alt=\"\" class=\"wp-image-23753\" srcset=\"https:\/\/sergiolapegue.com\/site\/wp-content\/uploads\/2025\/06\/Guille-Molina-en-Marquee-2-1024x684.jpg 1024w, https:\/\/sergiolapegue.com\/site\/wp-content\/uploads\/2025\/06\/Guille-Molina-en-Marquee-2-300x200.jpg 300w, https:\/\/sergiolapegue.com\/site\/wp-content\/uploads\/2025\/06\/Guille-Molina-en-Marquee-2-768x513.jpg 768w, https:\/\/sergiolapegue.com\/site\/wp-content\/uploads\/2025\/06\/Guille-Molina-en-Marquee-2-1536x1025.jpg 1536w, https:\/\/sergiolapegue.com\/site\/wp-content\/uploads\/2025\/06\/Guille-Molina-en-Marquee-2-2048x1367.jpg 2048w, https:\/\/sergiolapegue.com\/site\/wp-content\/uploads\/2025\/06\/Guille-Molina-en-Marquee-2-629x420.jpg 629w, https:\/\/sergiolapegue.com\/site\/wp-content\/uploads\/2025\/06\/Guille-Molina-en-Marquee-2-696x465.jpg 696w, https:\/\/sergiolapegue.com\/site\/wp-content\/uploads\/2025\/06\/Guille-Molina-en-Marquee-2-1068x713.jpg 1068w, https:\/\/sergiolapegue.com\/site\/wp-content\/uploads\/2025\/06\/Guille-Molina-en-Marquee-2-1920x1282.jpg 1920w\" sizes=\"auto, (max-width: 1024px) 100vw, 1024px\" \/><\/figure>\n\n\n\n<p><strong>INTEGRANTES DE GUILLE MOLINA<\/strong><\/p>\n\n\n\n<p>Felipe Molina \u2013 bater\u00eda<\/p>\n\n\n\n<p>Giuliano Colonna \u2013 bajo<\/p>\n\n\n\n<p>Facundo Gatti \u2013 guitarras<\/p>\n\n\n\n<p>Guillermo Molina \u2013 voz<\/p>\n\n\n\n<figure class=\"wp-block-image size-full\"><img loading=\"lazy\" decoding=\"async\" width=\"1000\" height=\"1000\" src=\"https:\/\/sergiolapegue.com\/site\/wp-content\/uploads\/2025\/06\/Guille-Molina-en-Marquee-3.3.png\" alt=\"\" class=\"wp-image-23756\" srcset=\"https:\/\/sergiolapegue.com\/site\/wp-content\/uploads\/2025\/06\/Guille-Molina-en-Marquee-3.3.png 1000w, https:\/\/sergiolapegue.com\/site\/wp-content\/uploads\/2025\/06\/Guille-Molina-en-Marquee-3.3-300x300.png 300w, https:\/\/sergiolapegue.com\/site\/wp-content\/uploads\/2025\/06\/Guille-Molina-en-Marquee-3.3-150x150.png 150w, https:\/\/sergiolapegue.com\/site\/wp-content\/uploads\/2025\/06\/Guille-Molina-en-Marquee-3.3-768x768.png 768w, https:\/\/sergiolapegue.com\/site\/wp-content\/uploads\/2025\/06\/Guille-Molina-en-Marquee-3.3-420x420.png 420w, https:\/\/sergiolapegue.com\/site\/wp-content\/uploads\/2025\/06\/Guille-Molina-en-Marquee-3.3-696x696.png 696w\" sizes=\"auto, (max-width: 1000px) 100vw, 1000px\" \/><\/figure>\n\n\n\n<p><strong>SEGUNDAS CHANCES &#8211;&nbsp;Tracklist<\/strong><\/p>\n\n\n\n<p>01. Dame tu amor<\/p>\n\n\n\n<p>02. Tan solo una vida con vos<\/p>\n\n\n\n<p>03. Lo mejor del amor<\/p>\n\n\n\n<p>04. De otras<\/p>\n\n\n\n<p>05. Qui\u00e9reme<\/p>\n\n\n\n<p>06. No sos vos<\/p>\n\n\n\n<p>07. Ser\u00e1<\/p>\n\n\n\n<p>08. Es con vos<\/p>\n\n\n\n<p>09. El color de tus besos<\/p>\n\n\n\n<p>10. Lejos no es mejor<\/p>\n\n\n\n<figure class=\"wp-block-image size-full is-resized\"><img loading=\"lazy\" decoding=\"async\" width=\"435\" height=\"513\" src=\"https:\/\/sergiolapegue.com\/site\/wp-content\/uploads\/2025\/06\/Guille-Molina-en-Marquee-4.jpg\" alt=\"\" class=\"wp-image-23755\" style=\"width:696px;height:auto\" srcset=\"https:\/\/sergiolapegue.com\/site\/wp-content\/uploads\/2025\/06\/Guille-Molina-en-Marquee-4.jpg 435w, https:\/\/sergiolapegue.com\/site\/wp-content\/uploads\/2025\/06\/Guille-Molina-en-Marquee-4-254x300.jpg 254w, https:\/\/sergiolapegue.com\/site\/wp-content\/uploads\/2025\/06\/Guille-Molina-en-Marquee-4-356x420.jpg 356w\" sizes=\"auto, (max-width: 435px) 100vw, 435px\" \/><\/figure>\n\n\n\n<p><strong>MARQUEE SESSION LIVE<\/strong><strong><\/strong><\/p>\n\n\n\n<p>Av. Scalabrini Ortiz 670 \u2013 Capital Federal \u2013 Buenos Aires \u2013 Argentina<\/p>\n\n\n\n<p>Web: <a href=\"https:\/\/www.marquee.com.ar\">https:\/\/www.marquee.com.ar<\/a><\/p>\n\n\n\n<p>Entradas: $ 12.000 \u2013 en boleter\u00eda del lugar o <a href=\"https:\/\/home.passline.com\/eventos.php?q=guille+molina&amp;region=&amp;comuna=&amp;mes=&amp;pais=argentina&amp;page=1\" target=\"_blank\" rel=\"noreferrer noopener\">Entradas por Passline<\/a><\/p>\n\n\n\n<p>Funci\u00f3n: Viernes 11 de Julio \u2013 20:00 horas<\/p>\n\n\n\n<p><br>Gracias Alejandra y Fabio de AGW Prensa y Desarrollo por hacernos llegar la gacetilla de prensa del show que brindara Guille Molina en Marquee. &nbsp;<\/p>\n","protected":false},"excerpt":{"rendered":"<p>El cantautor cordob\u00e9s \u2013 oriundo de Monte Ma\u00edz \u2013 sigue recorriendo el pa\u00eds con su m\u00fasica y el pr\u00f3ximo 11 de julio en Marquee, se presentara para compartir los temas de Segundas Chances, adem\u00e1s de anticipar lo que viene en el pr\u00f3ximo disco. Como siempre, el p\u00fablico podr\u00e1 disfrutar de las&nbsp;composiciones originales&nbsp;que le dedica al [&hellip;]<\/p>\n","protected":false},"author":3,"featured_media":23757,"comment_status":"open","ping_status":"closed","sticky":false,"template":"","format":"standard","meta":{"footnotes":""},"categories":[34,56],"tags":[],"class_list":{"0":"post-23751","1":"post","2":"type-post","3":"status-publish","4":"format-standard","5":"has-post-thumbnail","7":"category-arte","8":"category-musica"},"yoast_head":"<!-- This site is optimized with the Yoast SEO plugin v27.5 - https:\/\/yoast.com\/product\/yoast-seo-wordpress\/ -->\n<title>GUILLE MOLINA PRESENTA SU SHOOW &quot;HOY TENGO GANAS DE TI&quot; - Sergio Lapegue<\/title>\n<meta name=\"robots\" content=\"index, follow, max-snippet:-1, max-image-preview:large, max-video-preview:-1\" \/>\n<link rel=\"canonical\" href=\"https:\/\/sergiolapegue.com\/site\/2025\/06\/30\/guille-molina-presenta-su-shoow-hoy-tengo-ganas-de-ti\/\" \/>\n<meta property=\"og:locale\" content=\"es_ES\" \/>\n<meta property=\"og:type\" content=\"article\" \/>\n<meta property=\"og:title\" content=\"GUILLE MOLINA PRESENTA SU SHOOW &quot;HOY TENGO GANAS DE TI&quot; - Sergio Lapegue\" \/>\n<meta property=\"og:description\" content=\"El cantautor cordob\u00e9s \u2013 oriundo de Monte Ma\u00edz \u2013 sigue recorriendo el pa\u00eds con su m\u00fasica y el pr\u00f3ximo 11 de julio en Marquee, se presentara para compartir los temas de Segundas Chances, adem\u00e1s de anticipar lo que viene en el pr\u00f3ximo disco. Como siempre, el p\u00fablico podr\u00e1 disfrutar de las&nbsp;composiciones originales&nbsp;que le dedica al [&hellip;]\" \/>\n<meta property=\"og:url\" content=\"https:\/\/sergiolapegue.com\/site\/2025\/06\/30\/guille-molina-presenta-su-shoow-hoy-tengo-ganas-de-ti\/\" \/>\n<meta property=\"og:site_name\" content=\"Sergio Lapegue\" \/>\n<meta property=\"article:publisher\" content=\"https:\/\/facebook.com\/sergiolapegue\" \/>\n<meta property=\"article:author\" content=\"https:\/\/facebook.com\/danielernesto.montana\" \/>\n<meta property=\"article:published_time\" content=\"2025-06-30T20:00:00+00:00\" \/>\n<meta property=\"og:image\" content=\"https:\/\/sergiolapegue.com\/site\/wp-content\/uploads\/2025\/06\/Guille-Molina-en-Marquee.jpeg\" \/>\n\t<meta property=\"og:image:width\" content=\"1600\" \/>\n\t<meta property=\"og:image:height\" content=\"1600\" \/>\n\t<meta property=\"og:image:type\" content=\"image\/jpeg\" \/>\n<meta name=\"author\" content=\"Daniel E. Monta\u00f1a\" \/>\n<meta name=\"twitter:card\" content=\"summary_large_image\" \/>\n<meta name=\"twitter:creator\" content=\"@https:\/\/twitter.com\/daner_004\" \/>\n<meta name=\"twitter:site\" content=\"@sergiolapegue\" \/>\n<meta name=\"twitter:label1\" content=\"Escrito por\" \/>\n\t<meta name=\"twitter:data1\" content=\"Daniel E. Monta\u00f1a\" \/>\n\t<meta name=\"twitter:label2\" content=\"Tiempo de lectura\" \/>\n\t<meta name=\"twitter:data2\" content=\"3 minutos\" \/>\n<script type=\"application\/ld+json\" class=\"yoast-schema-graph\">{\"@context\":\"https:\\\/\\\/schema.org\",\"@graph\":[{\"@type\":\"Article\",\"@id\":\"https:\\\/\\\/sergiolapegue.com\\\/site\\\/2025\\\/06\\\/30\\\/guille-molina-presenta-su-shoow-hoy-tengo-ganas-de-ti\\\/#article\",\"isPartOf\":{\"@id\":\"https:\\\/\\\/sergiolapegue.com\\\/site\\\/2025\\\/06\\\/30\\\/guille-molina-presenta-su-shoow-hoy-tengo-ganas-de-ti\\\/\"},\"author\":{\"name\":\"Daniel E. Monta\u00f1a\",\"@id\":\"https:\\\/\\\/sergiolapegue.com\\\/site\\\/#\\\/schema\\\/person\\\/9198e7dbab43c6d74d0fd5399af7c3cd\"},\"headline\":\"GUILLE MOLINA PRESENTA SU SHOOW &#8220;HOY TENGO GANAS DE TI&#8221;\",\"datePublished\":\"2025-06-30T20:00:00+00:00\",\"mainEntityOfPage\":{\"@id\":\"https:\\\/\\\/sergiolapegue.com\\\/site\\\/2025\\\/06\\\/30\\\/guille-molina-presenta-su-shoow-hoy-tengo-ganas-de-ti\\\/\"},\"wordCount\":443,\"commentCount\":0,\"publisher\":{\"@id\":\"https:\\\/\\\/sergiolapegue.com\\\/site\\\/#\\\/schema\\\/person\\\/083aeceeb0734cd166779ea6c0551a37\"},\"image\":{\"@id\":\"https:\\\/\\\/sergiolapegue.com\\\/site\\\/2025\\\/06\\\/30\\\/guille-molina-presenta-su-shoow-hoy-tengo-ganas-de-ti\\\/#primaryimage\"},\"thumbnailUrl\":\"https:\\\/\\\/sergiolapegue.com\\\/site\\\/wp-content\\\/uploads\\\/2025\\\/06\\\/Guille-Molina-en-Marquee.jpeg\",\"articleSection\":[\"Arte\",\"M\u00fasica\"],\"inLanguage\":\"es-AR\",\"potentialAction\":[{\"@type\":\"CommentAction\",\"name\":\"Comment\",\"target\":[\"https:\\\/\\\/sergiolapegue.com\\\/site\\\/2025\\\/06\\\/30\\\/guille-molina-presenta-su-shoow-hoy-tengo-ganas-de-ti\\\/#respond\"]}]},{\"@type\":\"WebPage\",\"@id\":\"https:\\\/\\\/sergiolapegue.com\\\/site\\\/2025\\\/06\\\/30\\\/guille-molina-presenta-su-shoow-hoy-tengo-ganas-de-ti\\\/\",\"url\":\"https:\\\/\\\/sergiolapegue.com\\\/site\\\/2025\\\/06\\\/30\\\/guille-molina-presenta-su-shoow-hoy-tengo-ganas-de-ti\\\/\",\"name\":\"GUILLE MOLINA PRESENTA SU SHOOW \\\"HOY TENGO GANAS DE TI\\\" - Sergio Lapegue\",\"isPartOf\":{\"@id\":\"https:\\\/\\\/sergiolapegue.com\\\/site\\\/#website\"},\"primaryImageOfPage\":{\"@id\":\"https:\\\/\\\/sergiolapegue.com\\\/site\\\/2025\\\/06\\\/30\\\/guille-molina-presenta-su-shoow-hoy-tengo-ganas-de-ti\\\/#primaryimage\"},\"image\":{\"@id\":\"https:\\\/\\\/sergiolapegue.com\\\/site\\\/2025\\\/06\\\/30\\\/guille-molina-presenta-su-shoow-hoy-tengo-ganas-de-ti\\\/#primaryimage\"},\"thumbnailUrl\":\"https:\\\/\\\/sergiolapegue.com\\\/site\\\/wp-content\\\/uploads\\\/2025\\\/06\\\/Guille-Molina-en-Marquee.jpeg\",\"datePublished\":\"2025-06-30T20:00:00+00:00\",\"breadcrumb\":{\"@id\":\"https:\\\/\\\/sergiolapegue.com\\\/site\\\/2025\\\/06\\\/30\\\/guille-molina-presenta-su-shoow-hoy-tengo-ganas-de-ti\\\/#breadcrumb\"},\"inLanguage\":\"es-AR\",\"potentialAction\":[{\"@type\":\"ReadAction\",\"target\":[\"https:\\\/\\\/sergiolapegue.com\\\/site\\\/2025\\\/06\\\/30\\\/guille-molina-presenta-su-shoow-hoy-tengo-ganas-de-ti\\\/\"]}]},{\"@type\":\"ImageObject\",\"inLanguage\":\"es-AR\",\"@id\":\"https:\\\/\\\/sergiolapegue.com\\\/site\\\/2025\\\/06\\\/30\\\/guille-molina-presenta-su-shoow-hoy-tengo-ganas-de-ti\\\/#primaryimage\",\"url\":\"https:\\\/\\\/sergiolapegue.com\\\/site\\\/wp-content\\\/uploads\\\/2025\\\/06\\\/Guille-Molina-en-Marquee.jpeg\",\"contentUrl\":\"https:\\\/\\\/sergiolapegue.com\\\/site\\\/wp-content\\\/uploads\\\/2025\\\/06\\\/Guille-Molina-en-Marquee.jpeg\",\"width\":1600,\"height\":1600},{\"@type\":\"BreadcrumbList\",\"@id\":\"https:\\\/\\\/sergiolapegue.com\\\/site\\\/2025\\\/06\\\/30\\\/guille-molina-presenta-su-shoow-hoy-tengo-ganas-de-ti\\\/#breadcrumb\",\"itemListElement\":[{\"@type\":\"ListItem\",\"position\":1,\"name\":\"Inicio\",\"item\":\"https:\\\/\\\/sergiolapegue.com\\\/site\\\/\"},{\"@type\":\"ListItem\",\"position\":2,\"name\":\"GUILLE MOLINA PRESENTA SU SHOOW &#8220;HOY TENGO GANAS DE TI&#8221;\"}]},{\"@type\":\"WebSite\",\"@id\":\"https:\\\/\\\/sergiolapegue.com\\\/site\\\/#website\",\"url\":\"https:\\\/\\\/sergiolapegue.com\\\/site\\\/\",\"name\":\"Sergio Lapegue\",\"description\":\"Periodista\",\"publisher\":{\"@id\":\"https:\\\/\\\/sergiolapegue.com\\\/site\\\/#\\\/schema\\\/person\\\/083aeceeb0734cd166779ea6c0551a37\"},\"potentialAction\":[{\"@type\":\"SearchAction\",\"target\":{\"@type\":\"EntryPoint\",\"urlTemplate\":\"https:\\\/\\\/sergiolapegue.com\\\/site\\\/?s={search_term_string}\"},\"query-input\":{\"@type\":\"PropertyValueSpecification\",\"valueRequired\":true,\"valueName\":\"search_term_string\"}}],\"inLanguage\":\"es-AR\"},{\"@type\":[\"Person\",\"Organization\"],\"@id\":\"https:\\\/\\\/sergiolapegue.com\\\/site\\\/#\\\/schema\\\/person\\\/083aeceeb0734cd166779ea6c0551a37\",\"name\":\"Sergio Lapegue\",\"image\":{\"@type\":\"ImageObject\",\"inLanguage\":\"es-AR\",\"@id\":\"https:\\\/\\\/sergiolapegue.com\\\/site\\\/wp-content\\\/uploads\\\/2021\\\/04\\\/logo_header-1.png\",\"url\":\"https:\\\/\\\/sergiolapegue.com\\\/site\\\/wp-content\\\/uploads\\\/2021\\\/04\\\/logo_header-1.png\",\"contentUrl\":\"https:\\\/\\\/sergiolapegue.com\\\/site\\\/wp-content\\\/uploads\\\/2021\\\/04\\\/logo_header-1.png\",\"width\":272,\"height\":90,\"caption\":\"Sergio Lapegue\"},\"logo\":{\"@id\":\"https:\\\/\\\/sergiolapegue.com\\\/site\\\/wp-content\\\/uploads\\\/2021\\\/04\\\/logo_header-1.png\"},\"sameAs\":[\"https:\\\/\\\/facebook.com\\\/sergiolapegue\",\"https:\\\/\\\/instagram.com\\\/sergiolapegue\",\"https:\\\/\\\/x.com\\\/https:\\\/\\\/twitter.com\\\/sergiolapegue\"]},{\"@type\":\"Person\",\"@id\":\"https:\\\/\\\/sergiolapegue.com\\\/site\\\/#\\\/schema\\\/person\\\/9198e7dbab43c6d74d0fd5399af7c3cd\",\"name\":\"Daniel E. Monta\u00f1a\",\"image\":{\"@type\":\"ImageObject\",\"inLanguage\":\"es-AR\",\"@id\":\"https:\\\/\\\/sergiolapegue.com\\\/site\\\/wp-content\\\/uploads\\\/2021\\\/04\\\/sl_avatar_Daniel-150x150.jpg\",\"url\":\"https:\\\/\\\/sergiolapegue.com\\\/site\\\/wp-content\\\/uploads\\\/2021\\\/04\\\/sl_avatar_Daniel-150x150.jpg\",\"contentUrl\":\"https:\\\/\\\/sergiolapegue.com\\\/site\\\/wp-content\\\/uploads\\\/2021\\\/04\\\/sl_avatar_Daniel-150x150.jpg\",\"caption\":\"Daniel E. Monta\u00f1a\"},\"sameAs\":[\"https:\\\/\\\/facebook.com\\\/danielernesto.montana\",\"https:\\\/\\\/instagram.com\\\/daniel_montana1961\",\"https:\\\/\\\/x.com\\\/https:\\\/\\\/twitter.com\\\/daner_004\"],\"url\":\"https:\\\/\\\/sergiolapegue.com\\\/site\\\/author\\\/daniel\\\/\"}]}<\/script>\n<!-- \/ Yoast SEO plugin. -->","yoast_head_json":{"title":"GUILLE MOLINA PRESENTA SU SHOOW \"HOY TENGO GANAS DE TI\" - Sergio Lapegue","robots":{"index":"index","follow":"follow","max-snippet":"max-snippet:-1","max-image-preview":"max-image-preview:large","max-video-preview":"max-video-preview:-1"},"canonical":"https:\/\/sergiolapegue.com\/site\/2025\/06\/30\/guille-molina-presenta-su-shoow-hoy-tengo-ganas-de-ti\/","og_locale":"es_ES","og_type":"article","og_title":"GUILLE MOLINA PRESENTA SU SHOOW \"HOY TENGO GANAS DE TI\" - Sergio Lapegue","og_description":"El cantautor cordob\u00e9s \u2013 oriundo de Monte Ma\u00edz \u2013 sigue recorriendo el pa\u00eds con su m\u00fasica y el pr\u00f3ximo 11 de julio en Marquee, se presentara para compartir los temas de Segundas Chances, adem\u00e1s de anticipar lo que viene en el pr\u00f3ximo disco. Como siempre, el p\u00fablico podr\u00e1 disfrutar de las&nbsp;composiciones originales&nbsp;que le dedica al [&hellip;]","og_url":"https:\/\/sergiolapegue.com\/site\/2025\/06\/30\/guille-molina-presenta-su-shoow-hoy-tengo-ganas-de-ti\/","og_site_name":"Sergio Lapegue","article_publisher":"https:\/\/facebook.com\/sergiolapegue","article_author":"https:\/\/facebook.com\/danielernesto.montana","article_published_time":"2025-06-30T20:00:00+00:00","og_image":[{"width":1600,"height":1600,"url":"https:\/\/sergiolapegue.com\/site\/wp-content\/uploads\/2025\/06\/Guille-Molina-en-Marquee.jpeg","type":"image\/jpeg"}],"author":"Daniel E. Monta\u00f1a","twitter_card":"summary_large_image","twitter_creator":"@https:\/\/twitter.com\/daner_004","twitter_site":"@sergiolapegue","twitter_misc":{"Escrito por":"Daniel E. Monta\u00f1a","Tiempo de lectura":"3 minutos"},"schema":{"@context":"https:\/\/schema.org","@graph":[{"@type":"Article","@id":"https:\/\/sergiolapegue.com\/site\/2025\/06\/30\/guille-molina-presenta-su-shoow-hoy-tengo-ganas-de-ti\/#article","isPartOf":{"@id":"https:\/\/sergiolapegue.com\/site\/2025\/06\/30\/guille-molina-presenta-su-shoow-hoy-tengo-ganas-de-ti\/"},"author":{"name":"Daniel E. Monta\u00f1a","@id":"https:\/\/sergiolapegue.com\/site\/#\/schema\/person\/9198e7dbab43c6d74d0fd5399af7c3cd"},"headline":"GUILLE MOLINA PRESENTA SU SHOOW &#8220;HOY TENGO GANAS DE TI&#8221;","datePublished":"2025-06-30T20:00:00+00:00","mainEntityOfPage":{"@id":"https:\/\/sergiolapegue.com\/site\/2025\/06\/30\/guille-molina-presenta-su-shoow-hoy-tengo-ganas-de-ti\/"},"wordCount":443,"commentCount":0,"publisher":{"@id":"https:\/\/sergiolapegue.com\/site\/#\/schema\/person\/083aeceeb0734cd166779ea6c0551a37"},"image":{"@id":"https:\/\/sergiolapegue.com\/site\/2025\/06\/30\/guille-molina-presenta-su-shoow-hoy-tengo-ganas-de-ti\/#primaryimage"},"thumbnailUrl":"https:\/\/sergiolapegue.com\/site\/wp-content\/uploads\/2025\/06\/Guille-Molina-en-Marquee.jpeg","articleSection":["Arte","M\u00fasica"],"inLanguage":"es-AR","potentialAction":[{"@type":"CommentAction","name":"Comment","target":["https:\/\/sergiolapegue.com\/site\/2025\/06\/30\/guille-molina-presenta-su-shoow-hoy-tengo-ganas-de-ti\/#respond"]}]},{"@type":"WebPage","@id":"https:\/\/sergiolapegue.com\/site\/2025\/06\/30\/guille-molina-presenta-su-shoow-hoy-tengo-ganas-de-ti\/","url":"https:\/\/sergiolapegue.com\/site\/2025\/06\/30\/guille-molina-presenta-su-shoow-hoy-tengo-ganas-de-ti\/","name":"GUILLE MOLINA PRESENTA SU SHOOW \"HOY TENGO GANAS DE TI\" - Sergio Lapegue","isPartOf":{"@id":"https:\/\/sergiolapegue.com\/site\/#website"},"primaryImageOfPage":{"@id":"https:\/\/sergiolapegue.com\/site\/2025\/06\/30\/guille-molina-presenta-su-shoow-hoy-tengo-ganas-de-ti\/#primaryimage"},"image":{"@id":"https:\/\/sergiolapegue.com\/site\/2025\/06\/30\/guille-molina-presenta-su-shoow-hoy-tengo-ganas-de-ti\/#primaryimage"},"thumbnailUrl":"https:\/\/sergiolapegue.com\/site\/wp-content\/uploads\/2025\/06\/Guille-Molina-en-Marquee.jpeg","datePublished":"2025-06-30T20:00:00+00:00","breadcrumb":{"@id":"https:\/\/sergiolapegue.com\/site\/2025\/06\/30\/guille-molina-presenta-su-shoow-hoy-tengo-ganas-de-ti\/#breadcrumb"},"inLanguage":"es-AR","potentialAction":[{"@type":"ReadAction","target":["https:\/\/sergiolapegue.com\/site\/2025\/06\/30\/guille-molina-presenta-su-shoow-hoy-tengo-ganas-de-ti\/"]}]},{"@type":"ImageObject","inLanguage":"es-AR","@id":"https:\/\/sergiolapegue.com\/site\/2025\/06\/30\/guille-molina-presenta-su-shoow-hoy-tengo-ganas-de-ti\/#primaryimage","url":"https:\/\/sergiolapegue.com\/site\/wp-content\/uploads\/2025\/06\/Guille-Molina-en-Marquee.jpeg","contentUrl":"https:\/\/sergiolapegue.com\/site\/wp-content\/uploads\/2025\/06\/Guille-Molina-en-Marquee.jpeg","width":1600,"height":1600},{"@type":"BreadcrumbList","@id":"https:\/\/sergiolapegue.com\/site\/2025\/06\/30\/guille-molina-presenta-su-shoow-hoy-tengo-ganas-de-ti\/#breadcrumb","itemListElement":[{"@type":"ListItem","position":1,"name":"Inicio","item":"https:\/\/sergiolapegue.com\/site\/"},{"@type":"ListItem","position":2,"name":"GUILLE MOLINA PRESENTA SU SHOOW &#8220;HOY TENGO GANAS DE TI&#8221;"}]},{"@type":"WebSite","@id":"https:\/\/sergiolapegue.com\/site\/#website","url":"https:\/\/sergiolapegue.com\/site\/","name":"Sergio Lapegue","description":"Periodista","publisher":{"@id":"https:\/\/sergiolapegue.com\/site\/#\/schema\/person\/083aeceeb0734cd166779ea6c0551a37"},"potentialAction":[{"@type":"SearchAction","target":{"@type":"EntryPoint","urlTemplate":"https:\/\/sergiolapegue.com\/site\/?s={search_term_string}"},"query-input":{"@type":"PropertyValueSpecification","valueRequired":true,"valueName":"search_term_string"}}],"inLanguage":"es-AR"},{"@type":["Person","Organization"],"@id":"https:\/\/sergiolapegue.com\/site\/#\/schema\/person\/083aeceeb0734cd166779ea6c0551a37","name":"Sergio Lapegue","image":{"@type":"ImageObject","inLanguage":"es-AR","@id":"https:\/\/sergiolapegue.com\/site\/wp-content\/uploads\/2021\/04\/logo_header-1.png","url":"https:\/\/sergiolapegue.com\/site\/wp-content\/uploads\/2021\/04\/logo_header-1.png","contentUrl":"https:\/\/sergiolapegue.com\/site\/wp-content\/uploads\/2021\/04\/logo_header-1.png","width":272,"height":90,"caption":"Sergio Lapegue"},"logo":{"@id":"https:\/\/sergiolapegue.com\/site\/wp-content\/uploads\/2021\/04\/logo_header-1.png"},"sameAs":["https:\/\/facebook.com\/sergiolapegue","https:\/\/instagram.com\/sergiolapegue","https:\/\/x.com\/https:\/\/twitter.com\/sergiolapegue"]},{"@type":"Person","@id":"https:\/\/sergiolapegue.com\/site\/#\/schema\/person\/9198e7dbab43c6d74d0fd5399af7c3cd","name":"Daniel E. Monta\u00f1a","image":{"@type":"ImageObject","inLanguage":"es-AR","@id":"https:\/\/sergiolapegue.com\/site\/wp-content\/uploads\/2021\/04\/sl_avatar_Daniel-150x150.jpg","url":"https:\/\/sergiolapegue.com\/site\/wp-content\/uploads\/2021\/04\/sl_avatar_Daniel-150x150.jpg","contentUrl":"https:\/\/sergiolapegue.com\/site\/wp-content\/uploads\/2021\/04\/sl_avatar_Daniel-150x150.jpg","caption":"Daniel E. Monta\u00f1a"},"sameAs":["https:\/\/facebook.com\/danielernesto.montana","https:\/\/instagram.com\/daniel_montana1961","https:\/\/x.com\/https:\/\/twitter.com\/daner_004"],"url":"https:\/\/sergiolapegue.com\/site\/author\/daniel\/"}]}},"_links":{"self":[{"href":"https:\/\/sergiolapegue.com\/site\/wp-json\/wp\/v2\/posts\/23751","targetHints":{"allow":["GET"]}}],"collection":[{"href":"https:\/\/sergiolapegue.com\/site\/wp-json\/wp\/v2\/posts"}],"about":[{"href":"https:\/\/sergiolapegue.com\/site\/wp-json\/wp\/v2\/types\/post"}],"author":[{"embeddable":true,"href":"https:\/\/sergiolapegue.com\/site\/wp-json\/wp\/v2\/users\/3"}],"replies":[{"embeddable":true,"href":"https:\/\/sergiolapegue.com\/site\/wp-json\/wp\/v2\/comments?post=23751"}],"version-history":[{"count":1,"href":"https:\/\/sergiolapegue.com\/site\/wp-json\/wp\/v2\/posts\/23751\/revisions"}],"predecessor-version":[{"id":23758,"href":"https:\/\/sergiolapegue.com\/site\/wp-json\/wp\/v2\/posts\/23751\/revisions\/23758"}],"wp:featuredmedia":[{"embeddable":true,"href":"https:\/\/sergiolapegue.com\/site\/wp-json\/wp\/v2\/media\/23757"}],"wp:attachment":[{"href":"https:\/\/sergiolapegue.com\/site\/wp-json\/wp\/v2\/media?parent=23751"}],"wp:term":[{"taxonomy":"category","embeddable":true,"href":"https:\/\/sergiolapegue.com\/site\/wp-json\/wp\/v2\/categories?post=23751"},{"taxonomy":"post_tag","embeddable":true,"href":"https:\/\/sergiolapegue.com\/site\/wp-json\/wp\/v2\/tags?post=23751"}],"curies":[{"name":"wp","href":"https:\/\/api.w.org\/{rel}","templated":true}]}}