{"id":23703,"date":"2025-06-28T17:00:00","date_gmt":"2025-06-28T20:00:00","guid":{"rendered":"https:\/\/sergiolapegue.com\/site\/?p=23703"},"modified":"2025-06-27T21:32:33","modified_gmt":"2025-06-28T00:32:33","slug":"parteaguas","status":"publish","type":"post","link":"https:\/\/sergiolapegue.com\/site\/2025\/06\/28\/parteaguas\/","title":{"rendered":"PARTEAGUAS"},"content":{"rendered":"\n<p>A partir del&nbsp;6 de julio, comienza la 2\u00ba temporada de &#8220;Parteaguas&#8221; de Federico Pezet, quien a su vez dirige junto a Maga Rosu y cuenta&nbsp;con las actuaciones de Micaela Brillo, Julieta de Moura, Mart\u00edn Lacour, y Federico Rojas.<\/p>\n\n\n\n<p>Una sensible obra sobre los duelos que se cruzan entre nuestras biograf\u00edas y las casas que habitamos.<\/p>\n\n\n\n<p>&#8220;Parteaguas&#8221;&nbsp;forma parte del&nbsp;Proyecto Encantamientos, junto a la obra &#8220;La Balada de Clarita Pons&#8221; (pr\u00f3xima a estrenarse en agosto tambi\u00e9n en N\u00fcn Teatro Bar bajo direcci\u00f3n de Pezet).<\/p>\n\n\n\n<figure class=\"wp-block-image size-large\"><img loading=\"lazy\" decoding=\"async\" width=\"1024\" height=\"683\" src=\"https:\/\/sergiolapegue.com\/site\/wp-content\/uploads\/2025\/06\/Parteaguas-1-1024x683.jpeg\" alt=\"\" class=\"wp-image-23704\" srcset=\"https:\/\/sergiolapegue.com\/site\/wp-content\/uploads\/2025\/06\/Parteaguas-1-1024x683.jpeg 1024w, https:\/\/sergiolapegue.com\/site\/wp-content\/uploads\/2025\/06\/Parteaguas-1-300x200.jpeg 300w, https:\/\/sergiolapegue.com\/site\/wp-content\/uploads\/2025\/06\/Parteaguas-1-768x512.jpeg 768w, https:\/\/sergiolapegue.com\/site\/wp-content\/uploads\/2025\/06\/Parteaguas-1-1536x1024.jpeg 1536w, https:\/\/sergiolapegue.com\/site\/wp-content\/uploads\/2025\/06\/Parteaguas-1-2048x1365.jpeg 2048w, https:\/\/sergiolapegue.com\/site\/wp-content\/uploads\/2025\/06\/Parteaguas-1-630x420.jpeg 630w, https:\/\/sergiolapegue.com\/site\/wp-content\/uploads\/2025\/06\/Parteaguas-1-696x464.jpeg 696w, https:\/\/sergiolapegue.com\/site\/wp-content\/uploads\/2025\/06\/Parteaguas-1-1068x712.jpeg 1068w, https:\/\/sergiolapegue.com\/site\/wp-content\/uploads\/2025\/06\/Parteaguas-1-1920x1280.jpeg 1920w\" sizes=\"auto, (max-width: 1024px) 100vw, 1024px\" \/><\/figure>\n\n\n\n<p><strong>SINOPSIS<br><\/strong>En &#8220;Parteaguas&#8221;, un a\u00f1o despu\u00e9s del fallecimiento de su madre, dos hermanos vuelven a encontrase. Uno de ellos huy\u00f3. El otro, aguarda. Una casa se despega del suelo con el correr de las horas, los insectos toman el terreno y los vecinos se quejan del mal olor.&nbsp;En esta historia no hay personajes honestos, buenos. Tampoco hay malos ni canallas. No sabemos hacerlos. Una conversaci\u00f3n lo m\u00e1s activa posible con nuestra inevitabilidad: el deseo de hacer ficci\u00f3n con nuestros dolores. Que a decir verdad, no son tantos.&nbsp;<\/p>\n\n\n\n<p>Parteaguas: Un momento previo a otro que traer\u00e1 algo distinto. Algo que nunca estuvo ah\u00ed. Una pausa antes de la ca\u00edda.<\/p>\n\n\n\n<figure class=\"wp-block-image size-large\"><img loading=\"lazy\" decoding=\"async\" width=\"1024\" height=\"683\" src=\"https:\/\/sergiolapegue.com\/site\/wp-content\/uploads\/2025\/06\/Parteaguas-2-1024x683.jpg\" alt=\"\" class=\"wp-image-23705\" srcset=\"https:\/\/sergiolapegue.com\/site\/wp-content\/uploads\/2025\/06\/Parteaguas-2-1024x683.jpg 1024w, https:\/\/sergiolapegue.com\/site\/wp-content\/uploads\/2025\/06\/Parteaguas-2-300x200.jpg 300w, https:\/\/sergiolapegue.com\/site\/wp-content\/uploads\/2025\/06\/Parteaguas-2-768x512.jpg 768w, https:\/\/sergiolapegue.com\/site\/wp-content\/uploads\/2025\/06\/Parteaguas-2-630x420.jpg 630w, https:\/\/sergiolapegue.com\/site\/wp-content\/uploads\/2025\/06\/Parteaguas-2-696x464.jpg 696w, https:\/\/sergiolapegue.com\/site\/wp-content\/uploads\/2025\/06\/Parteaguas-2-1068x712.jpg 1068w, https:\/\/sergiolapegue.com\/site\/wp-content\/uploads\/2025\/06\/Parteaguas-2.jpg 1500w\" sizes=\"auto, (max-width: 1024px) 100vw, 1024px\" \/><\/figure>\n\n\n\n<p><strong>PALABRAS DEL AUTOR Y CO-DIRECTOR<\/strong><\/p>\n\n\n\n<p>&#8220;El grupo est\u00e1 compuesto por int\u00e9rpretes multidisciplinarios que comulgan un lenguaje en com\u00fan: la comprometida b\u00fasqueda de un estilo que describa una din\u00e1mica familiar espesa, un espacio entre la cruza de textos que invocan al realismo m\u00e1gico de nuestra infancia y cuerpos que relatan la crudeza de una adultez tra\u00edda de prepo por la circunstancias en un mundo que avanza con violencia. La b\u00fasqueda de belleza en lo cotidiano, el volver a empezar luego de haber sido herido. \u00bfC\u00f3mo se lidia con los primeros pasos de la adultez? \u00bfEs normal espectar la tristeza de una madre?&#8221; <strong>\u2013 Federico Pezet<\/strong><\/p>\n\n\n\n<figure class=\"wp-block-image size-large\"><img loading=\"lazy\" decoding=\"async\" width=\"1024\" height=\"683\" src=\"https:\/\/sergiolapegue.com\/site\/wp-content\/uploads\/2025\/06\/Parteaguas-3-1024x683.jpg\" alt=\"\" class=\"wp-image-23706\" srcset=\"https:\/\/sergiolapegue.com\/site\/wp-content\/uploads\/2025\/06\/Parteaguas-3-1024x683.jpg 1024w, https:\/\/sergiolapegue.com\/site\/wp-content\/uploads\/2025\/06\/Parteaguas-3-300x200.jpg 300w, https:\/\/sergiolapegue.com\/site\/wp-content\/uploads\/2025\/06\/Parteaguas-3-768x512.jpg 768w, https:\/\/sergiolapegue.com\/site\/wp-content\/uploads\/2025\/06\/Parteaguas-3-630x420.jpg 630w, https:\/\/sergiolapegue.com\/site\/wp-content\/uploads\/2025\/06\/Parteaguas-3-696x464.jpg 696w, https:\/\/sergiolapegue.com\/site\/wp-content\/uploads\/2025\/06\/Parteaguas-3-1068x712.jpg 1068w, https:\/\/sergiolapegue.com\/site\/wp-content\/uploads\/2025\/06\/Parteaguas-3.jpg 1500w\" sizes=\"auto, (max-width: 1024px) 100vw, 1024px\" \/><\/figure>\n\n\n\n<p><strong>FICHA T\u00c9CNICO ART\u00cdSTICA<\/strong><\/p>\n\n\n\n<p><strong>Autor\u00eda:&nbsp;<\/strong>Federico Pezet<\/p>\n\n\n\n<p><strong>Elenco:&nbsp;<\/strong>Micaela Brillo \u2013 Julieta de Moura \u2013 Mart\u00edn Lacour \u2013 Federico Rojas<\/p>\n\n\n\n<p><strong>Dise\u00f1o de iluminaci\u00f3n:<\/strong>&nbsp;Jos\u00e9 Binetti&nbsp;<\/p>\n\n\n\n<p><strong>Dise\u00f1o gr\u00e1fico:&nbsp;<\/strong>Mora Fumberg&nbsp;<\/p>\n\n\n\n<p><strong>Colaboraci\u00f3n en escenograf\u00eda:<\/strong>&nbsp;Agust\u00edn Justo Yoshimoto&nbsp;<\/p>\n\n\n\n<p><strong>Composici\u00f3n musical:<\/strong>&nbsp;Agust\u00edn Frumento Calloni&nbsp;<\/p>\n\n\n\n<p><strong>Colaboraci\u00f3n coreogr\u00e1fica:&nbsp;<\/strong>Malena Martin&nbsp;<\/p>\n\n\n\n<p><strong>Prensa:<\/strong>&nbsp;Prens\u00f3polis<\/p>\n\n\n\n<p><strong>Producci\u00f3n:<\/strong>&nbsp;Compa\u00f1\u00eda La Vigilia \u2013 Maga Rosu&nbsp;<\/p>\n\n\n\n<p><strong>Direcci\u00f3n:<\/strong>&nbsp;Federico Pezet \u2013 Maga Rosu&nbsp;<\/p>\n\n\n\n<p><strong>Duraci\u00f3n<\/strong>: 75 minutos<\/p>\n\n\n\n<p><strong>Clasificaci\u00f3n:<\/strong> Teatro \u2013 Presencial \u2013 Adultos<\/p>\n\n\n\n<figure class=\"wp-block-image size-large\"><img loading=\"lazy\" decoding=\"async\" width=\"1024\" height=\"683\" src=\"https:\/\/sergiolapegue.com\/site\/wp-content\/uploads\/2025\/06\/Parteaguas-4-1024x683.jpg\" alt=\"\" class=\"wp-image-23707\" srcset=\"https:\/\/sergiolapegue.com\/site\/wp-content\/uploads\/2025\/06\/Parteaguas-4-1024x683.jpg 1024w, https:\/\/sergiolapegue.com\/site\/wp-content\/uploads\/2025\/06\/Parteaguas-4-300x200.jpg 300w, https:\/\/sergiolapegue.com\/site\/wp-content\/uploads\/2025\/06\/Parteaguas-4-768x512.jpg 768w, https:\/\/sergiolapegue.com\/site\/wp-content\/uploads\/2025\/06\/Parteaguas-4-630x420.jpg 630w, https:\/\/sergiolapegue.com\/site\/wp-content\/uploads\/2025\/06\/Parteaguas-4-696x464.jpg 696w, https:\/\/sergiolapegue.com\/site\/wp-content\/uploads\/2025\/06\/Parteaguas-4-1068x712.jpg 1068w, https:\/\/sergiolapegue.com\/site\/wp-content\/uploads\/2025\/06\/Parteaguas-4.jpg 1500w\" sizes=\"auto, (max-width: 1024px) 100vw, 1024px\" \/><\/figure>\n\n\n\n<p><strong>N\u00dcN TEATRO BAR<\/strong><\/p>\n\n\n\n<p>Juan Ram\u00edrez de Velasco 419 \u2013 Capital Federal \u2013 Buenos Aires \u2013 Argentina<\/p>\n\n\n\n<p>Tel\u00e9fono: 4854-2107<\/p>\n\n\n\n<p>Web: <a href=\"http:\/\/www.nunteatrobar.com.ar\">http:\/\/www.nunteatrobar.com.ar<\/a><\/p>\n\n\n\n<p>Entradas: $ 20.000 \u2013 en boleter\u00eda del teatro o por&nbsp;<a href=\"https:\/\/8w40j.r.a.d.sendibm1.com\/mk\/cl\/f\/sh\/1f8JIKXwHGbEgLgthMf8LWBZLB\/LDJyXUBU95RN\" target=\"_blank\" rel=\"noreferrer noopener\">Alternativa<\/a><\/p>\n\n\n\n<p>Funciones: Domingos 17:30 horas \u2013 Del 06\/07\/2025 al 31\/08\/2025<\/p>\n\n\n\n<p>Gracias Alejandra P\u00eda Nicolosi de Prens\u00f3polis Comunicaci\u00f3n y Prensa por acercarnos la gacetilla de prensa del reestreno de este espect\u00e1culo.<\/p>\n\n\n\n<p><strong>SOBRE EL PROYECTO ENCANTAMIENTO<\/strong><\/p>\n\n\n\n<p>Proyecto Encantamientos, torcer la realidad hasta hacerla vibrar con lo extraordinario, es el proyecto art\u00edstico dirigido por Federico Pezet y Maga Rosu. En la actualidad, el proyecto comprende los estrenos de &#8220;Parteaguas&#8221; y La balada de Clarita Pons (a estrenarse en agosto).\u00a0<\/p>\n\n\n\n<p>Como en los cuentos que sobreviven en la voz del pueblo, como en las f\u00e1bulas que se deforman de tanto contarse, estas piezas trabajan con lo m\u00e1gico no como excusa, sino como forma de mirar el tiempo que nos toca.<\/p>\n\n\n\n<p>Encantamientos&nbsp;no remite solo al hechizo sino tambi\u00e9n al estado. El mundo encantado es aquel en el que las ausencias se hacen cuerpo, el tiempo se curva y los personajes habitan los bordes de s\u00ed mismos.<\/p>\n\n\n\n<p>&#8220;Los seres que habitan estos cuentos no pueden ser juzgados por su forma de proceder. Sus acciones est\u00e1n sujetas a un contexto que los somete. En estas historias no hay personajes honestos, buenos. Tampoco hay malos ni canallas. No sabemos hacerlos&#8221;, afirma Pezet.<\/p>\n\n\n\n<figure class=\"wp-block-image size-full is-resized\"><img loading=\"lazy\" decoding=\"async\" width=\"828\" height=\"713\" src=\"https:\/\/sergiolapegue.com\/site\/wp-content\/uploads\/2025\/06\/Parteaguas-Federico-Pezet.jpg\" alt=\"\" class=\"wp-image-23708\" style=\"width:337px;height:auto\" srcset=\"https:\/\/sergiolapegue.com\/site\/wp-content\/uploads\/2025\/06\/Parteaguas-Federico-Pezet.jpg 828w, https:\/\/sergiolapegue.com\/site\/wp-content\/uploads\/2025\/06\/Parteaguas-Federico-Pezet-300x258.jpg 300w, https:\/\/sergiolapegue.com\/site\/wp-content\/uploads\/2025\/06\/Parteaguas-Federico-Pezet-768x661.jpg 768w, https:\/\/sergiolapegue.com\/site\/wp-content\/uploads\/2025\/06\/Parteaguas-Federico-Pezet-488x420.jpg 488w, https:\/\/sergiolapegue.com\/site\/wp-content\/uploads\/2025\/06\/Parteaguas-Federico-Pezet-696x599.jpg 696w\" sizes=\"auto, (max-width: 828px) 100vw, 828px\" \/><\/figure>\n\n\n\n<p><strong>SOBRE FEDERICO PEZET<\/strong><\/p>\n\n\n\n<p>Es actor, autor y director. Es diplomado en dramaturgia del Centro Cultural Paco Urondo de la Facultad de Filosof\u00eda y Letras de UBA. A su vez, estudia Ciencias de la Comunicaci\u00f3n en la misma universidad. Trabaj\u00f3 con directores como Mariana Chaud, Federico Lehmann, Paola Lusardi, Leticia Coronel, entre otros.<\/p>\n\n\n\n<p>Form\u00f3 parte de elencos para Telefe (\u201cEl Primero de Nosotros\u201d) y Disney Channel (\u201cHistorias para armar\u201d y \u201cSelenkay\u201d). Ha&nbsp;recibido una menci\u00f3n honor\u00edfica del FNA&nbsp;por su obra \u201cSu\u00e1rez y B\u00e1stian\u201d. Adem\u00e1s, da clases en el estudio de Alejandro Catal\u00e1n.<\/p>\n\n\n\n<p>En agosto,&nbsp;estrenar\u00e1 &#8220;La balada de Clarita&#8221;bajo su autor\u00eda y direcci\u00f3n, en N\u00dcN Teatro Bar.<\/p>\n\n\n\n<figure class=\"wp-block-image size-large is-resized\"><img loading=\"lazy\" decoding=\"async\" width=\"920\" height=\"1024\" src=\"https:\/\/sergiolapegue.com\/site\/wp-content\/uploads\/2025\/06\/Parteaguas-Maga-Rosu-920x1024.jpg\" alt=\"\" class=\"wp-image-23709\" style=\"width:334px;height:auto\" srcset=\"https:\/\/sergiolapegue.com\/site\/wp-content\/uploads\/2025\/06\/Parteaguas-Maga-Rosu-920x1024.jpg 920w, https:\/\/sergiolapegue.com\/site\/wp-content\/uploads\/2025\/06\/Parteaguas-Maga-Rosu-269x300.jpg 269w, https:\/\/sergiolapegue.com\/site\/wp-content\/uploads\/2025\/06\/Parteaguas-Maga-Rosu-768x855.jpg 768w, https:\/\/sergiolapegue.com\/site\/wp-content\/uploads\/2025\/06\/Parteaguas-Maga-Rosu-377x420.jpg 377w, https:\/\/sergiolapegue.com\/site\/wp-content\/uploads\/2025\/06\/Parteaguas-Maga-Rosu-696x775.jpg 696w, https:\/\/sergiolapegue.com\/site\/wp-content\/uploads\/2025\/06\/Parteaguas-Maga-Rosu.jpg 1030w\" sizes=\"auto, (max-width: 920px) 100vw, 920px\" \/><\/figure>\n\n\n\n<p><strong>SOBRE MAGA ROSU<\/strong><\/p>\n\n\n\n<p>Es actriz, directora y dramaturga. Se form\u00f3 con Julio Ch\u00e1vez y es alumna de la carrera de Lic. en actuaci\u00f3n de la Universidad Nacional de las Artes donde estudi\u00f3 con docentes como Susana Pamp\u00edn y Anal\u00eda Couceyro. Adem\u00e1s, estudi\u00f3 dramaturgia con Javier Daulte. Hoy se desempe\u00f1a como asistente de direcci\u00f3n de Anal\u00eda Couceyro y como asistente de C\u00e1tedra de Susana Pampin. En junio del 2023, estren\u00f3 su \u00f3pera prima: \u201cTardamos diez a\u00f1os en llegar al coraz\u00f3n\u201d en N\u00dcN Teatro Bar. Como actriz, protagoniz\u00f3 la obra \u201cTeshuv\u00e1, o el \u00faltimo d\u00eda\u201d de Maia Muravchik, en el Espacio Callej\u00f3n. Por otra parte, trabaj\u00f3 como dialoguista para el musical \u201cEl Parador\u201d de Paula Schapiro, en el Centro Cultural San Mart\u00edn.<\/p>\n\n\n\n<figure class=\"wp-block-image size-full is-resized\"><img loading=\"lazy\" decoding=\"async\" width=\"598\" height=\"578\" src=\"https:\/\/sergiolapegue.com\/site\/wp-content\/uploads\/2025\/06\/Parteaguas-Julieta-De-Moura.jpeg\" alt=\"\" class=\"wp-image-23710\" style=\"width:340px;height:auto\" srcset=\"https:\/\/sergiolapegue.com\/site\/wp-content\/uploads\/2025\/06\/Parteaguas-Julieta-De-Moura.jpeg 598w, https:\/\/sergiolapegue.com\/site\/wp-content\/uploads\/2025\/06\/Parteaguas-Julieta-De-Moura-300x290.jpeg 300w, https:\/\/sergiolapegue.com\/site\/wp-content\/uploads\/2025\/06\/Parteaguas-Julieta-De-Moura-435x420.jpeg 435w\" sizes=\"auto, (max-width: 598px) 100vw, 598px\" \/><\/figure>\n\n\n\n<p><strong>SOBRE JULIETA DE MOURA<\/strong><\/p>\n\n\n\n<p>Es actriz, docente y tambi\u00e9n escribe teatro y poes\u00eda. En actuaci\u00f3n, se form\u00f3 en la escuela de Agust\u00edn Alezzo, con Javier Daulte, Guillermo Cacace, Susana Pamp\u00edn, entre otros maestros y maestras. En dramaturgia, est\u00e1 diplomada por la Universidad de Buenos Aires y tom\u00f3 talleres particulares con Maruja Bustamante, Mariano Saba, entre otros. C\u00f3mo docente, da clases en la escuela \u201cCreer es Crear\u201d de Gast\u00f3n Cocchiarale. Actualmente, se encuentra escribiendo su primer poemario.<\/p>\n\n\n\n<figure class=\"wp-block-image size-large is-resized\"><img loading=\"lazy\" decoding=\"async\" width=\"1024\" height=\"931\" src=\"https:\/\/sergiolapegue.com\/site\/wp-content\/uploads\/2025\/06\/Parteaguas-Federico-Rojas-1024x931.jpg\" alt=\"\" class=\"wp-image-23711\" style=\"width:337px;height:auto\" srcset=\"https:\/\/sergiolapegue.com\/site\/wp-content\/uploads\/2025\/06\/Parteaguas-Federico-Rojas-1024x931.jpg 1024w, https:\/\/sergiolapegue.com\/site\/wp-content\/uploads\/2025\/06\/Parteaguas-Federico-Rojas-300x273.jpg 300w, https:\/\/sergiolapegue.com\/site\/wp-content\/uploads\/2025\/06\/Parteaguas-Federico-Rojas-768x698.jpg 768w, https:\/\/sergiolapegue.com\/site\/wp-content\/uploads\/2025\/06\/Parteaguas-Federico-Rojas-462x420.jpg 462w, https:\/\/sergiolapegue.com\/site\/wp-content\/uploads\/2025\/06\/Parteaguas-Federico-Rojas-696x633.jpg 696w, https:\/\/sergiolapegue.com\/site\/wp-content\/uploads\/2025\/06\/Parteaguas-Federico-Rojas-1068x971.jpg 1068w, https:\/\/sergiolapegue.com\/site\/wp-content\/uploads\/2025\/06\/Parteaguas-Federico-Rojas.jpg 1200w\" sizes=\"auto, (max-width: 1024px) 100vw, 1024px\" \/><\/figure>\n\n\n\n<p><strong>SOBRE FEDERICO ROJAS<\/strong><\/p>\n\n\n\n<p>Es actor formado en la escuela de Cecilia Ruiz y actualmente, est\u00e1 cursando la carrera en Timbre 4. Ha asistido en la organizaci\u00f3n del Festival mundial de teatro adolescente &#8216;Vamos que Venimos&#8217;. Adem\u00e1s, particip\u00f3 en la 4o temporada de \u201cEl Juego\u201d en el teatro El M\u00e9todo Kair\u00f3s con direcci\u00f3n de Federico Pezet, y tambi\u00e9n trabaj\u00f3 con diversos artistas en el \u201cComit\u00e9 Clave 13\/17\u201d, en el Centro Cultural Recoleta.<\/p>\n\n\n\n<figure class=\"wp-block-image size-large is-resized\"><img loading=\"lazy\" decoding=\"async\" width=\"1024\" height=\"911\" src=\"https:\/\/sergiolapegue.com\/site\/wp-content\/uploads\/2025\/06\/Parteaguas-Micaela-Brillo-1024x911.jpeg\" alt=\"\" class=\"wp-image-23712\" style=\"width:340px;height:auto\" srcset=\"https:\/\/sergiolapegue.com\/site\/wp-content\/uploads\/2025\/06\/Parteaguas-Micaela-Brillo-1024x911.jpeg 1024w, https:\/\/sergiolapegue.com\/site\/wp-content\/uploads\/2025\/06\/Parteaguas-Micaela-Brillo-300x267.jpeg 300w, https:\/\/sergiolapegue.com\/site\/wp-content\/uploads\/2025\/06\/Parteaguas-Micaela-Brillo-768x683.jpeg 768w, https:\/\/sergiolapegue.com\/site\/wp-content\/uploads\/2025\/06\/Parteaguas-Micaela-Brillo-1536x1366.jpeg 1536w, https:\/\/sergiolapegue.com\/site\/wp-content\/uploads\/2025\/06\/Parteaguas-Micaela-Brillo-472x420.jpeg 472w, https:\/\/sergiolapegue.com\/site\/wp-content\/uploads\/2025\/06\/Parteaguas-Micaela-Brillo-696x619.jpeg 696w, https:\/\/sergiolapegue.com\/site\/wp-content\/uploads\/2025\/06\/Parteaguas-Micaela-Brillo-1068x950.jpeg 1068w, https:\/\/sergiolapegue.com\/site\/wp-content\/uploads\/2025\/06\/Parteaguas-Micaela-Brillo.jpeg 1600w\" sizes=\"auto, (max-width: 1024px) 100vw, 1024px\" \/><\/figure>\n\n\n\n<p><strong>SOBRE MICAELA BRILLO<\/strong><\/p>\n\n\n\n<p>Es Lic. en Arte Dram\u00e1tico, actriz de doblaje y profesora de teatro. Se form\u00f3 con Shumi Gauto, Ale Gigena, Maia Francia, las Piel de lava, Nora Moseinco y Guillermo Cacace.<\/p>\n\n\n\n<p>Entre sus \u00faltimos proyectos teatrales se destacan: \u201cPegaso\u201d de Federico Pezet y Eliane Rymberg, dirigida por Pablo Cusenza, microteatro; y \u201cElegia en tres\u201d de Camila Kraeme. Entre sus \u00faltimos proyectos audiovisuales, se encuentran las pel\u00edculas \u201cPor amor al arte\u201d de Juan Rodr\u00edguez, y su participaci\u00f3n en la serie \u201cTelevisi\u00f3n por las violencias\u201d.<\/p>\n\n\n\n<figure class=\"wp-block-image size-large is-resized\"><img loading=\"lazy\" decoding=\"async\" width=\"1024\" height=\"1024\" src=\"https:\/\/sergiolapegue.com\/site\/wp-content\/uploads\/2025\/06\/Parteaguas-Martin-Lacour-1024x1024.jpeg\" alt=\"\" class=\"wp-image-23713\" style=\"width:338px;height:auto\" srcset=\"https:\/\/sergiolapegue.com\/site\/wp-content\/uploads\/2025\/06\/Parteaguas-Martin-Lacour-1024x1024.jpeg 1024w, https:\/\/sergiolapegue.com\/site\/wp-content\/uploads\/2025\/06\/Parteaguas-Martin-Lacour-300x300.jpeg 300w, https:\/\/sergiolapegue.com\/site\/wp-content\/uploads\/2025\/06\/Parteaguas-Martin-Lacour-150x150.jpeg 150w, https:\/\/sergiolapegue.com\/site\/wp-content\/uploads\/2025\/06\/Parteaguas-Martin-Lacour-768x768.jpeg 768w, https:\/\/sergiolapegue.com\/site\/wp-content\/uploads\/2025\/06\/Parteaguas-Martin-Lacour-420x420.jpeg 420w, https:\/\/sergiolapegue.com\/site\/wp-content\/uploads\/2025\/06\/Parteaguas-Martin-Lacour-696x696.jpeg 696w, https:\/\/sergiolapegue.com\/site\/wp-content\/uploads\/2025\/06\/Parteaguas-Martin-Lacour-1068x1068.jpeg 1068w, https:\/\/sergiolapegue.com\/site\/wp-content\/uploads\/2025\/06\/Parteaguas-Martin-Lacour.jpeg 1440w\" sizes=\"auto, (max-width: 1024px) 100vw, 1024px\" \/><\/figure>\n\n\n\n<p><strong>SOBRE MART\u00cdN LACOUR<\/strong><\/p>\n\n\n\n<p>Es actor hace m\u00e1s de 10 a\u00f1os, formado en la escuela de Nora Moseinco, as\u00ed como tambi\u00e9n, con docentes como Victoria Roland, Shumi Gauto, Toto Casti\u00f1eiras.<\/p>\n\n\n\n<p>Actualmente estudia en la Universidad Nacional de las Artes. Como actor, particip\u00f3 de obras como \u201cTodo lo que corta sale de mis ojos\u201d de Ulises Romero y \u201cEl juego\u201d por Federico Pezet.<\/p>\n\n\n\n<p>Tambi\u00e9n, act\u00fao y asisti\u00f3 en otros proyectos teatrales. Frente a c\u00e1mara trabaj\u00f3 en pel\u00edculas como \u201cEl perfecto David\u201d de Felipe G\u00f3mez Aparicio, \u201cLos restos f\u00f3siles\u201d de Jer\u00f3nimo Quevedo, y \u201cMam\u00e1 se fue de viaje\u201d de Ariel Winograd.<\/p>\n\n\n\n<p><\/p>\n","protected":false},"excerpt":{"rendered":"<p>A partir del&nbsp;6 de julio, comienza la 2\u00ba temporada de &#8220;Parteaguas&#8221; de Federico Pezet, quien a su vez dirige junto a Maga Rosu y cuenta&nbsp;con las actuaciones de Micaela Brillo, Julieta de Moura, Mart\u00edn Lacour, y Federico Rojas. Una sensible obra sobre los duelos que se cruzan entre nuestras biograf\u00edas y las casas que habitamos. [&hellip;]<\/p>\n","protected":false},"author":3,"featured_media":23714,"comment_status":"open","ping_status":"closed","sticky":false,"template":"","format":"standard","meta":{"footnotes":""},"categories":[34,35],"tags":[],"class_list":{"0":"post-23703","1":"post","2":"type-post","3":"status-publish","4":"format-standard","5":"has-post-thumbnail","7":"category-arte","8":"category-teatro"},"yoast_head":"<!-- This site is optimized with the Yoast SEO plugin v27.5 - https:\/\/yoast.com\/product\/yoast-seo-wordpress\/ -->\n<title>PARTEAGUAS - Sergio Lapegue<\/title>\n<meta name=\"robots\" content=\"index, follow, max-snippet:-1, max-image-preview:large, max-video-preview:-1\" \/>\n<link rel=\"canonical\" href=\"https:\/\/sergiolapegue.com\/site\/2025\/06\/28\/parteaguas\/\" \/>\n<meta property=\"og:locale\" content=\"es_ES\" \/>\n<meta property=\"og:type\" content=\"article\" \/>\n<meta property=\"og:title\" content=\"PARTEAGUAS - Sergio Lapegue\" \/>\n<meta property=\"og:description\" content=\"A partir del&nbsp;6 de julio, comienza la 2\u00ba temporada de &#8220;Parteaguas&#8221; de Federico Pezet, quien a su vez dirige junto a Maga Rosu y cuenta&nbsp;con las actuaciones de Micaela Brillo, Julieta de Moura, Mart\u00edn Lacour, y Federico Rojas. Una sensible obra sobre los duelos que se cruzan entre nuestras biograf\u00edas y las casas que habitamos. [&hellip;]\" \/>\n<meta property=\"og:url\" content=\"https:\/\/sergiolapegue.com\/site\/2025\/06\/28\/parteaguas\/\" \/>\n<meta property=\"og:site_name\" content=\"Sergio Lapegue\" \/>\n<meta property=\"article:publisher\" content=\"https:\/\/facebook.com\/sergiolapegue\" \/>\n<meta property=\"article:author\" content=\"https:\/\/facebook.com\/danielernesto.montana\" \/>\n<meta property=\"article:published_time\" content=\"2025-06-28T20:00:00+00:00\" \/>\n<meta property=\"og:image\" content=\"https:\/\/sergiolapegue.com\/site\/wp-content\/uploads\/2025\/06\/Parteaguas.png\" \/>\n\t<meta property=\"og:image:width\" content=\"733\" \/>\n\t<meta property=\"og:image:height\" content=\"1100\" \/>\n\t<meta property=\"og:image:type\" content=\"image\/png\" \/>\n<meta name=\"author\" content=\"Daniel E. Monta\u00f1a\" \/>\n<meta name=\"twitter:card\" content=\"summary_large_image\" \/>\n<meta name=\"twitter:creator\" content=\"@https:\/\/twitter.com\/daner_004\" \/>\n<meta name=\"twitter:site\" content=\"@sergiolapegue\" \/>\n<meta name=\"twitter:label1\" content=\"Escrito por\" \/>\n\t<meta name=\"twitter:data1\" content=\"Daniel E. Monta\u00f1a\" \/>\n\t<meta name=\"twitter:label2\" content=\"Tiempo de lectura\" \/>\n\t<meta name=\"twitter:data2\" content=\"8 minutos\" \/>\n<script type=\"application\/ld+json\" class=\"yoast-schema-graph\">{\"@context\":\"https:\\\/\\\/schema.org\",\"@graph\":[{\"@type\":\"Article\",\"@id\":\"https:\\\/\\\/sergiolapegue.com\\\/site\\\/2025\\\/06\\\/28\\\/parteaguas\\\/#article\",\"isPartOf\":{\"@id\":\"https:\\\/\\\/sergiolapegue.com\\\/site\\\/2025\\\/06\\\/28\\\/parteaguas\\\/\"},\"author\":{\"name\":\"Daniel E. Monta\u00f1a\",\"@id\":\"https:\\\/\\\/sergiolapegue.com\\\/site\\\/#\\\/schema\\\/person\\\/9198e7dbab43c6d74d0fd5399af7c3cd\"},\"headline\":\"PARTEAGUAS\",\"datePublished\":\"2025-06-28T20:00:00+00:00\",\"mainEntityOfPage\":{\"@id\":\"https:\\\/\\\/sergiolapegue.com\\\/site\\\/2025\\\/06\\\/28\\\/parteaguas\\\/\"},\"wordCount\":1266,\"commentCount\":0,\"publisher\":{\"@id\":\"https:\\\/\\\/sergiolapegue.com\\\/site\\\/#\\\/schema\\\/person\\\/083aeceeb0734cd166779ea6c0551a37\"},\"image\":{\"@id\":\"https:\\\/\\\/sergiolapegue.com\\\/site\\\/2025\\\/06\\\/28\\\/parteaguas\\\/#primaryimage\"},\"thumbnailUrl\":\"https:\\\/\\\/sergiolapegue.com\\\/site\\\/wp-content\\\/uploads\\\/2025\\\/06\\\/Parteaguas.png\",\"articleSection\":[\"Arte\",\"Teatro\"],\"inLanguage\":\"es-AR\",\"potentialAction\":[{\"@type\":\"CommentAction\",\"name\":\"Comment\",\"target\":[\"https:\\\/\\\/sergiolapegue.com\\\/site\\\/2025\\\/06\\\/28\\\/parteaguas\\\/#respond\"]}]},{\"@type\":\"WebPage\",\"@id\":\"https:\\\/\\\/sergiolapegue.com\\\/site\\\/2025\\\/06\\\/28\\\/parteaguas\\\/\",\"url\":\"https:\\\/\\\/sergiolapegue.com\\\/site\\\/2025\\\/06\\\/28\\\/parteaguas\\\/\",\"name\":\"PARTEAGUAS - Sergio Lapegue\",\"isPartOf\":{\"@id\":\"https:\\\/\\\/sergiolapegue.com\\\/site\\\/#website\"},\"primaryImageOfPage\":{\"@id\":\"https:\\\/\\\/sergiolapegue.com\\\/site\\\/2025\\\/06\\\/28\\\/parteaguas\\\/#primaryimage\"},\"image\":{\"@id\":\"https:\\\/\\\/sergiolapegue.com\\\/site\\\/2025\\\/06\\\/28\\\/parteaguas\\\/#primaryimage\"},\"thumbnailUrl\":\"https:\\\/\\\/sergiolapegue.com\\\/site\\\/wp-content\\\/uploads\\\/2025\\\/06\\\/Parteaguas.png\",\"datePublished\":\"2025-06-28T20:00:00+00:00\",\"breadcrumb\":{\"@id\":\"https:\\\/\\\/sergiolapegue.com\\\/site\\\/2025\\\/06\\\/28\\\/parteaguas\\\/#breadcrumb\"},\"inLanguage\":\"es-AR\",\"potentialAction\":[{\"@type\":\"ReadAction\",\"target\":[\"https:\\\/\\\/sergiolapegue.com\\\/site\\\/2025\\\/06\\\/28\\\/parteaguas\\\/\"]}]},{\"@type\":\"ImageObject\",\"inLanguage\":\"es-AR\",\"@id\":\"https:\\\/\\\/sergiolapegue.com\\\/site\\\/2025\\\/06\\\/28\\\/parteaguas\\\/#primaryimage\",\"url\":\"https:\\\/\\\/sergiolapegue.com\\\/site\\\/wp-content\\\/uploads\\\/2025\\\/06\\\/Parteaguas.png\",\"contentUrl\":\"https:\\\/\\\/sergiolapegue.com\\\/site\\\/wp-content\\\/uploads\\\/2025\\\/06\\\/Parteaguas.png\",\"width\":733,\"height\":1100},{\"@type\":\"BreadcrumbList\",\"@id\":\"https:\\\/\\\/sergiolapegue.com\\\/site\\\/2025\\\/06\\\/28\\\/parteaguas\\\/#breadcrumb\",\"itemListElement\":[{\"@type\":\"ListItem\",\"position\":1,\"name\":\"Inicio\",\"item\":\"https:\\\/\\\/sergiolapegue.com\\\/site\\\/\"},{\"@type\":\"ListItem\",\"position\":2,\"name\":\"PARTEAGUAS\"}]},{\"@type\":\"WebSite\",\"@id\":\"https:\\\/\\\/sergiolapegue.com\\\/site\\\/#website\",\"url\":\"https:\\\/\\\/sergiolapegue.com\\\/site\\\/\",\"name\":\"Sergio Lapegue\",\"description\":\"Periodista\",\"publisher\":{\"@id\":\"https:\\\/\\\/sergiolapegue.com\\\/site\\\/#\\\/schema\\\/person\\\/083aeceeb0734cd166779ea6c0551a37\"},\"potentialAction\":[{\"@type\":\"SearchAction\",\"target\":{\"@type\":\"EntryPoint\",\"urlTemplate\":\"https:\\\/\\\/sergiolapegue.com\\\/site\\\/?s={search_term_string}\"},\"query-input\":{\"@type\":\"PropertyValueSpecification\",\"valueRequired\":true,\"valueName\":\"search_term_string\"}}],\"inLanguage\":\"es-AR\"},{\"@type\":[\"Person\",\"Organization\"],\"@id\":\"https:\\\/\\\/sergiolapegue.com\\\/site\\\/#\\\/schema\\\/person\\\/083aeceeb0734cd166779ea6c0551a37\",\"name\":\"Sergio Lapegue\",\"image\":{\"@type\":\"ImageObject\",\"inLanguage\":\"es-AR\",\"@id\":\"https:\\\/\\\/sergiolapegue.com\\\/site\\\/wp-content\\\/uploads\\\/2021\\\/04\\\/logo_header-1.png\",\"url\":\"https:\\\/\\\/sergiolapegue.com\\\/site\\\/wp-content\\\/uploads\\\/2021\\\/04\\\/logo_header-1.png\",\"contentUrl\":\"https:\\\/\\\/sergiolapegue.com\\\/site\\\/wp-content\\\/uploads\\\/2021\\\/04\\\/logo_header-1.png\",\"width\":272,\"height\":90,\"caption\":\"Sergio Lapegue\"},\"logo\":{\"@id\":\"https:\\\/\\\/sergiolapegue.com\\\/site\\\/wp-content\\\/uploads\\\/2021\\\/04\\\/logo_header-1.png\"},\"sameAs\":[\"https:\\\/\\\/facebook.com\\\/sergiolapegue\",\"https:\\\/\\\/instagram.com\\\/sergiolapegue\",\"https:\\\/\\\/x.com\\\/https:\\\/\\\/twitter.com\\\/sergiolapegue\"]},{\"@type\":\"Person\",\"@id\":\"https:\\\/\\\/sergiolapegue.com\\\/site\\\/#\\\/schema\\\/person\\\/9198e7dbab43c6d74d0fd5399af7c3cd\",\"name\":\"Daniel E. Monta\u00f1a\",\"image\":{\"@type\":\"ImageObject\",\"inLanguage\":\"es-AR\",\"@id\":\"https:\\\/\\\/sergiolapegue.com\\\/site\\\/wp-content\\\/uploads\\\/2021\\\/04\\\/sl_avatar_Daniel-150x150.jpg\",\"url\":\"https:\\\/\\\/sergiolapegue.com\\\/site\\\/wp-content\\\/uploads\\\/2021\\\/04\\\/sl_avatar_Daniel-150x150.jpg\",\"contentUrl\":\"https:\\\/\\\/sergiolapegue.com\\\/site\\\/wp-content\\\/uploads\\\/2021\\\/04\\\/sl_avatar_Daniel-150x150.jpg\",\"caption\":\"Daniel E. Monta\u00f1a\"},\"sameAs\":[\"https:\\\/\\\/facebook.com\\\/danielernesto.montana\",\"https:\\\/\\\/instagram.com\\\/daniel_montana1961\",\"https:\\\/\\\/x.com\\\/https:\\\/\\\/twitter.com\\\/daner_004\"],\"url\":\"https:\\\/\\\/sergiolapegue.com\\\/site\\\/author\\\/daniel\\\/\"}]}<\/script>\n<!-- \/ Yoast SEO plugin. -->","yoast_head_json":{"title":"PARTEAGUAS - Sergio Lapegue","robots":{"index":"index","follow":"follow","max-snippet":"max-snippet:-1","max-image-preview":"max-image-preview:large","max-video-preview":"max-video-preview:-1"},"canonical":"https:\/\/sergiolapegue.com\/site\/2025\/06\/28\/parteaguas\/","og_locale":"es_ES","og_type":"article","og_title":"PARTEAGUAS - Sergio Lapegue","og_description":"A partir del&nbsp;6 de julio, comienza la 2\u00ba temporada de &#8220;Parteaguas&#8221; de Federico Pezet, quien a su vez dirige junto a Maga Rosu y cuenta&nbsp;con las actuaciones de Micaela Brillo, Julieta de Moura, Mart\u00edn Lacour, y Federico Rojas. Una sensible obra sobre los duelos que se cruzan entre nuestras biograf\u00edas y las casas que habitamos. [&hellip;]","og_url":"https:\/\/sergiolapegue.com\/site\/2025\/06\/28\/parteaguas\/","og_site_name":"Sergio Lapegue","article_publisher":"https:\/\/facebook.com\/sergiolapegue","article_author":"https:\/\/facebook.com\/danielernesto.montana","article_published_time":"2025-06-28T20:00:00+00:00","og_image":[{"width":733,"height":1100,"url":"https:\/\/sergiolapegue.com\/site\/wp-content\/uploads\/2025\/06\/Parteaguas.png","type":"image\/png"}],"author":"Daniel E. Monta\u00f1a","twitter_card":"summary_large_image","twitter_creator":"@https:\/\/twitter.com\/daner_004","twitter_site":"@sergiolapegue","twitter_misc":{"Escrito por":"Daniel E. Monta\u00f1a","Tiempo de lectura":"8 minutos"},"schema":{"@context":"https:\/\/schema.org","@graph":[{"@type":"Article","@id":"https:\/\/sergiolapegue.com\/site\/2025\/06\/28\/parteaguas\/#article","isPartOf":{"@id":"https:\/\/sergiolapegue.com\/site\/2025\/06\/28\/parteaguas\/"},"author":{"name":"Daniel E. Monta\u00f1a","@id":"https:\/\/sergiolapegue.com\/site\/#\/schema\/person\/9198e7dbab43c6d74d0fd5399af7c3cd"},"headline":"PARTEAGUAS","datePublished":"2025-06-28T20:00:00+00:00","mainEntityOfPage":{"@id":"https:\/\/sergiolapegue.com\/site\/2025\/06\/28\/parteaguas\/"},"wordCount":1266,"commentCount":0,"publisher":{"@id":"https:\/\/sergiolapegue.com\/site\/#\/schema\/person\/083aeceeb0734cd166779ea6c0551a37"},"image":{"@id":"https:\/\/sergiolapegue.com\/site\/2025\/06\/28\/parteaguas\/#primaryimage"},"thumbnailUrl":"https:\/\/sergiolapegue.com\/site\/wp-content\/uploads\/2025\/06\/Parteaguas.png","articleSection":["Arte","Teatro"],"inLanguage":"es-AR","potentialAction":[{"@type":"CommentAction","name":"Comment","target":["https:\/\/sergiolapegue.com\/site\/2025\/06\/28\/parteaguas\/#respond"]}]},{"@type":"WebPage","@id":"https:\/\/sergiolapegue.com\/site\/2025\/06\/28\/parteaguas\/","url":"https:\/\/sergiolapegue.com\/site\/2025\/06\/28\/parteaguas\/","name":"PARTEAGUAS - Sergio Lapegue","isPartOf":{"@id":"https:\/\/sergiolapegue.com\/site\/#website"},"primaryImageOfPage":{"@id":"https:\/\/sergiolapegue.com\/site\/2025\/06\/28\/parteaguas\/#primaryimage"},"image":{"@id":"https:\/\/sergiolapegue.com\/site\/2025\/06\/28\/parteaguas\/#primaryimage"},"thumbnailUrl":"https:\/\/sergiolapegue.com\/site\/wp-content\/uploads\/2025\/06\/Parteaguas.png","datePublished":"2025-06-28T20:00:00+00:00","breadcrumb":{"@id":"https:\/\/sergiolapegue.com\/site\/2025\/06\/28\/parteaguas\/#breadcrumb"},"inLanguage":"es-AR","potentialAction":[{"@type":"ReadAction","target":["https:\/\/sergiolapegue.com\/site\/2025\/06\/28\/parteaguas\/"]}]},{"@type":"ImageObject","inLanguage":"es-AR","@id":"https:\/\/sergiolapegue.com\/site\/2025\/06\/28\/parteaguas\/#primaryimage","url":"https:\/\/sergiolapegue.com\/site\/wp-content\/uploads\/2025\/06\/Parteaguas.png","contentUrl":"https:\/\/sergiolapegue.com\/site\/wp-content\/uploads\/2025\/06\/Parteaguas.png","width":733,"height":1100},{"@type":"BreadcrumbList","@id":"https:\/\/sergiolapegue.com\/site\/2025\/06\/28\/parteaguas\/#breadcrumb","itemListElement":[{"@type":"ListItem","position":1,"name":"Inicio","item":"https:\/\/sergiolapegue.com\/site\/"},{"@type":"ListItem","position":2,"name":"PARTEAGUAS"}]},{"@type":"WebSite","@id":"https:\/\/sergiolapegue.com\/site\/#website","url":"https:\/\/sergiolapegue.com\/site\/","name":"Sergio Lapegue","description":"Periodista","publisher":{"@id":"https:\/\/sergiolapegue.com\/site\/#\/schema\/person\/083aeceeb0734cd166779ea6c0551a37"},"potentialAction":[{"@type":"SearchAction","target":{"@type":"EntryPoint","urlTemplate":"https:\/\/sergiolapegue.com\/site\/?s={search_term_string}"},"query-input":{"@type":"PropertyValueSpecification","valueRequired":true,"valueName":"search_term_string"}}],"inLanguage":"es-AR"},{"@type":["Person","Organization"],"@id":"https:\/\/sergiolapegue.com\/site\/#\/schema\/person\/083aeceeb0734cd166779ea6c0551a37","name":"Sergio Lapegue","image":{"@type":"ImageObject","inLanguage":"es-AR","@id":"https:\/\/sergiolapegue.com\/site\/wp-content\/uploads\/2021\/04\/logo_header-1.png","url":"https:\/\/sergiolapegue.com\/site\/wp-content\/uploads\/2021\/04\/logo_header-1.png","contentUrl":"https:\/\/sergiolapegue.com\/site\/wp-content\/uploads\/2021\/04\/logo_header-1.png","width":272,"height":90,"caption":"Sergio Lapegue"},"logo":{"@id":"https:\/\/sergiolapegue.com\/site\/wp-content\/uploads\/2021\/04\/logo_header-1.png"},"sameAs":["https:\/\/facebook.com\/sergiolapegue","https:\/\/instagram.com\/sergiolapegue","https:\/\/x.com\/https:\/\/twitter.com\/sergiolapegue"]},{"@type":"Person","@id":"https:\/\/sergiolapegue.com\/site\/#\/schema\/person\/9198e7dbab43c6d74d0fd5399af7c3cd","name":"Daniel E. Monta\u00f1a","image":{"@type":"ImageObject","inLanguage":"es-AR","@id":"https:\/\/sergiolapegue.com\/site\/wp-content\/uploads\/2021\/04\/sl_avatar_Daniel-150x150.jpg","url":"https:\/\/sergiolapegue.com\/site\/wp-content\/uploads\/2021\/04\/sl_avatar_Daniel-150x150.jpg","contentUrl":"https:\/\/sergiolapegue.com\/site\/wp-content\/uploads\/2021\/04\/sl_avatar_Daniel-150x150.jpg","caption":"Daniel E. Monta\u00f1a"},"sameAs":["https:\/\/facebook.com\/danielernesto.montana","https:\/\/instagram.com\/daniel_montana1961","https:\/\/x.com\/https:\/\/twitter.com\/daner_004"],"url":"https:\/\/sergiolapegue.com\/site\/author\/daniel\/"}]}},"_links":{"self":[{"href":"https:\/\/sergiolapegue.com\/site\/wp-json\/wp\/v2\/posts\/23703","targetHints":{"allow":["GET"]}}],"collection":[{"href":"https:\/\/sergiolapegue.com\/site\/wp-json\/wp\/v2\/posts"}],"about":[{"href":"https:\/\/sergiolapegue.com\/site\/wp-json\/wp\/v2\/types\/post"}],"author":[{"embeddable":true,"href":"https:\/\/sergiolapegue.com\/site\/wp-json\/wp\/v2\/users\/3"}],"replies":[{"embeddable":true,"href":"https:\/\/sergiolapegue.com\/site\/wp-json\/wp\/v2\/comments?post=23703"}],"version-history":[{"count":1,"href":"https:\/\/sergiolapegue.com\/site\/wp-json\/wp\/v2\/posts\/23703\/revisions"}],"predecessor-version":[{"id":23715,"href":"https:\/\/sergiolapegue.com\/site\/wp-json\/wp\/v2\/posts\/23703\/revisions\/23715"}],"wp:featuredmedia":[{"embeddable":true,"href":"https:\/\/sergiolapegue.com\/site\/wp-json\/wp\/v2\/media\/23714"}],"wp:attachment":[{"href":"https:\/\/sergiolapegue.com\/site\/wp-json\/wp\/v2\/media?parent=23703"}],"wp:term":[{"taxonomy":"category","embeddable":true,"href":"https:\/\/sergiolapegue.com\/site\/wp-json\/wp\/v2\/categories?post=23703"},{"taxonomy":"post_tag","embeddable":true,"href":"https:\/\/sergiolapegue.com\/site\/wp-json\/wp\/v2\/tags?post=23703"}],"curies":[{"name":"wp","href":"https:\/\/api.w.org\/{rel}","templated":true}]}}