{"id":23509,"date":"2025-06-23T09:01:00","date_gmt":"2025-06-23T12:01:00","guid":{"rendered":"https:\/\/sergiolapegue.com\/site\/?p=23509"},"modified":"2025-06-23T18:13:28","modified_gmt":"2025-06-23T21:13:28","slug":"hit-astral-de-la-semana-sol-en-cancer-y-solsticio-de-invierno","status":"publish","type":"post","link":"https:\/\/sergiolapegue.com\/site\/2025\/06\/23\/hit-astral-de-la-semana-sol-en-cancer-y-solsticio-de-invierno\/","title":{"rendered":"HIT ASTRAL DE LA SEMANA: SOL en C\u00c1NCER y SOLSTICIO de INVIERNO"},"content":{"rendered":"\n<p>Comenzamos una nueva semana que llega con cambio de temporada. El SOL hace su ingreso en el signo de C\u00c1NCER y miramos hacia adentro, nos conectamos con nuestra familia y ponemos toda la energ\u00eda en cuidar nuestros espacios seguros.<\/p>\n\n\n\n<p>Se abren d\u00edas para la sensibilidad, la conexi\u00f3n con las ra\u00edces y la b\u00fasqueda de la seguridad emocional. C\u00c1NCER nos conecta con la madre, el hogar y el refugio.&nbsp;<\/p>\n\n\n\n<p>El SOL en C\u00c1NCER nos recuerda que si tenemos temas pendientes con nuestra familia, alg\u00fan conflicto o herida, es un buen momento para empezar a sanarlo.<\/p>\n\n\n\n<p>Semanas para nutrirnos afectivamente y atender nuestros sentimientos m\u00e1s profundos. No minimicemos lo que sintamos, reforcemos los buenos v\u00ednculos que tengamos y d\u00e9mosle amor a nuestro ni\u00f1o o ni\u00f1a interiores.&nbsp;<\/p>\n\n\n\n<p><strong>SIGNOS DESTACADOS DE LA SEMANA: <\/strong>C\u00e1ncer, Escorpio y Piscis reciben la fuerza solar para tener el empuje que necesitan justo en este momento de debilidad.<\/p>\n\n\n\n<p><strong>FRASE GU\u00cdA PARA ESTA SEMANA: <\/strong>\u201cCiclo con la Luna y fluyo con las mareas.\u201d<\/p>\n\n\n\n<p><strong>ARCANOS ALIADOS DEL TAROT:&nbsp;<\/strong><\/p>\n\n\n\n<p><strong>6 DE COPAS \/<\/strong> Esta carta te pide una mayor conexi\u00f3n con tu ni\u00f1o\/a interior.<\/p>\n\n\n\n<figure class=\"wp-block-image size-full\"><img loading=\"lazy\" decoding=\"async\" width=\"720\" height=\"716\" src=\"https:\/\/sergiolapegue.com\/site\/wp-content\/uploads\/2025\/06\/1-2.jpg\" alt=\"\" class=\"wp-image-23510\" srcset=\"https:\/\/sergiolapegue.com\/site\/wp-content\/uploads\/2025\/06\/1-2.jpg 720w, https:\/\/sergiolapegue.com\/site\/wp-content\/uploads\/2025\/06\/1-2-300x298.jpg 300w, https:\/\/sergiolapegue.com\/site\/wp-content\/uploads\/2025\/06\/1-2-150x150.jpg 150w, https:\/\/sergiolapegue.com\/site\/wp-content\/uploads\/2025\/06\/1-2-422x420.jpg 422w, https:\/\/sergiolapegue.com\/site\/wp-content\/uploads\/2025\/06\/1-2-696x692.jpg 696w\" sizes=\"auto, (max-width: 720px) 100vw, 720px\" \/><\/figure>\n\n\n\n<p><strong>PREDICCIONES:<\/strong><\/p>\n\n\n\n<p><strong>SIGNOS DE FUEGO #ARIES #LEO #SAGITARIO<\/strong><\/p>\n\n\n\n<p>Momento de gestionar las emociones con mayor consciencia y responsabilidad.&nbsp;<\/p>\n\n\n\n<p>Este tr\u00e1nsito les facilita la conexi\u00f3n con el mundo espiritual.<\/p>\n\n\n\n<p>Escuchen&nbsp; a la intuici\u00f3n.<\/p>\n\n\n\n<p>Sean emp\u00e1ticos y compasivos.<\/p>\n\n\n\n<p><strong>SIGNOS DE TIERRA #TAURO #VIRGO #CAPRICORNIO<\/strong><\/p>\n\n\n\n<p>Necesidad de comunicarse desde la emoci\u00f3n.&nbsp;<\/p>\n\n\n\n<p>Buen momento para expresar lo que sienten, abran el coraz\u00f3n.<\/p>\n\n\n\n<p>Construyen v\u00ednculos m\u00e1s s\u00f3lidos.<\/p>\n\n\n\n<p>Mejora la comunicaci\u00f3n en el amor.<\/p>\n\n\n\n<p><strong>SIGNOS DE AIRE #G\u00c9MINIS #LIBRA #ACUARIO<\/strong><\/p>\n\n\n\n<p>La familia acompa\u00f1a decisiones econ\u00f3micas.<\/p>\n\n\n\n<p>Apoyarse en otros aliviana la carga.<\/p>\n\n\n\n<p>Si surge estr\u00e9s emocional, denle un espacio y descansen.<\/p>\n\n\n\n<p>Organicen las finanzas y busquen estabilidad.<\/p>\n\n\n\n<p><strong>SIGNOS DE AGUA #C\u00c1NCER #ESCORPIO #PISCIS<\/strong><\/p>\n\n\n\n<p>Un tiempo muy poderoso y clarificador.<\/p>\n\n\n\n<p>Llega el impulso que necesitaban para sentirse vivos.<\/p>\n\n\n\n<p>Momento de reafirmar qui\u00e9nes son.&nbsp;<\/p>\n\n\n\n<p>P\u00f3nganse en primer lugar y aprovechen toda la inspiraci\u00f3n que les llega.&nbsp;<\/p>\n","protected":false},"excerpt":{"rendered":"<p>Comenzamos una nueva semana que llega con cambio de temporada. El SOL hace su ingreso en el signo de C\u00c1NCER y miramos hacia adentro, nos conectamos con nuestra familia y ponemos toda la energ\u00eda en cuidar nuestros espacios seguros. Se abren d\u00edas para la sensibilidad, la conexi\u00f3n con las ra\u00edces y la b\u00fasqueda de la [&hellip;]<\/p>\n","protected":false},"author":9,"featured_media":23511,"comment_status":"closed","ping_status":"closed","sticky":false,"template":"","format":"standard","meta":{"footnotes":""},"categories":[2901],"tags":[149,347,3018,3050,170,2920,492,2905],"class_list":{"0":"post-23509","1":"post","2":"type-post","3":"status-publish","4":"format-standard","5":"has-post-thumbnail","7":"category-astrotarot","8":"tag-astro","9":"tag-cancer","10":"tag-carta","11":"tag-horoscopo","12":"tag-invierno","13":"tag-signo","14":"tag-sol","15":"tag-tarot"},"yoast_head":"<!-- This site is optimized with the Yoast SEO plugin v27.4 - https:\/\/yoast.com\/product\/yoast-seo-wordpress\/ -->\n<title>HIT ASTRAL DE LA SEMANA: SOL en C\u00c1NCER y SOLSTICIO de INVIERNO - Sergio Lapegue<\/title>\n<meta name=\"robots\" content=\"index, follow, max-snippet:-1, max-image-preview:large, max-video-preview:-1\" \/>\n<link rel=\"canonical\" href=\"https:\/\/sergiolapegue.com\/site\/2025\/06\/23\/hit-astral-de-la-semana-sol-en-cancer-y-solsticio-de-invierno\/\" \/>\n<meta property=\"og:locale\" content=\"es_ES\" \/>\n<meta property=\"og:type\" content=\"article\" \/>\n<meta property=\"og:title\" content=\"HIT ASTRAL DE LA SEMANA: SOL en C\u00c1NCER y SOLSTICIO de INVIERNO - Sergio Lapegue\" \/>\n<meta property=\"og:description\" content=\"Comenzamos una nueva semana que llega con cambio de temporada. El SOL hace su ingreso en el signo de C\u00c1NCER y miramos hacia adentro, nos conectamos con nuestra familia y ponemos toda la energ\u00eda en cuidar nuestros espacios seguros. Se abren d\u00edas para la sensibilidad, la conexi\u00f3n con las ra\u00edces y la b\u00fasqueda de la [&hellip;]\" \/>\n<meta property=\"og:url\" content=\"https:\/\/sergiolapegue.com\/site\/2025\/06\/23\/hit-astral-de-la-semana-sol-en-cancer-y-solsticio-de-invierno\/\" \/>\n<meta property=\"og:site_name\" content=\"Sergio Lapegue\" \/>\n<meta property=\"article:publisher\" content=\"https:\/\/facebook.com\/sergiolapegue\" \/>\n<meta property=\"article:published_time\" content=\"2025-06-23T12:01:00+00:00\" \/>\n<meta property=\"article:modified_time\" content=\"2025-06-23T21:13:28+00:00\" \/>\n<meta property=\"og:image\" content=\"https:\/\/sergiolapegue.com\/site\/wp-content\/uploads\/2025\/06\/2-2.jpg\" \/>\n\t<meta property=\"og:image:width\" content=\"736\" \/>\n\t<meta property=\"og:image:height\" content=\"736\" \/>\n\t<meta property=\"og:image:type\" content=\"image\/jpeg\" \/>\n<meta name=\"author\" content=\"Victoria Garc\u00eda Garcilazo\" \/>\n<meta name=\"twitter:card\" content=\"summary_large_image\" \/>\n<meta name=\"twitter:site\" content=\"@sergiolapegue\" \/>\n<meta name=\"twitter:label1\" content=\"Escrito por\" \/>\n\t<meta name=\"twitter:data1\" content=\"Victoria Garc\u00eda Garcilazo\" \/>\n\t<meta name=\"twitter:label2\" content=\"Tiempo de lectura\" \/>\n\t<meta name=\"twitter:data2\" content=\"2 minutos\" \/>\n<script type=\"application\/ld+json\" class=\"yoast-schema-graph\">{\"@context\":\"https:\\\/\\\/schema.org\",\"@graph\":[{\"@type\":\"Article\",\"@id\":\"https:\\\/\\\/sergiolapegue.com\\\/site\\\/2025\\\/06\\\/23\\\/hit-astral-de-la-semana-sol-en-cancer-y-solsticio-de-invierno\\\/#article\",\"isPartOf\":{\"@id\":\"https:\\\/\\\/sergiolapegue.com\\\/site\\\/2025\\\/06\\\/23\\\/hit-astral-de-la-semana-sol-en-cancer-y-solsticio-de-invierno\\\/\"},\"author\":{\"name\":\"Victoria Garc\u00eda Garcilazo\",\"@id\":\"https:\\\/\\\/sergiolapegue.com\\\/site\\\/#\\\/schema\\\/person\\\/038a19a76176d528a1a27ac17e18af68\"},\"headline\":\"HIT ASTRAL DE LA SEMANA: SOL en C\u00c1NCER y SOLSTICIO de INVIERNO\",\"datePublished\":\"2025-06-23T12:01:00+00:00\",\"dateModified\":\"2025-06-23T21:13:28+00:00\",\"mainEntityOfPage\":{\"@id\":\"https:\\\/\\\/sergiolapegue.com\\\/site\\\/2025\\\/06\\\/23\\\/hit-astral-de-la-semana-sol-en-cancer-y-solsticio-de-invierno\\\/\"},\"wordCount\":374,\"publisher\":{\"@id\":\"https:\\\/\\\/sergiolapegue.com\\\/site\\\/#\\\/schema\\\/person\\\/083aeceeb0734cd166779ea6c0551a37\"},\"image\":{\"@id\":\"https:\\\/\\\/sergiolapegue.com\\\/site\\\/2025\\\/06\\\/23\\\/hit-astral-de-la-semana-sol-en-cancer-y-solsticio-de-invierno\\\/#primaryimage\"},\"thumbnailUrl\":\"https:\\\/\\\/sergiolapegue.com\\\/site\\\/wp-content\\\/uploads\\\/2025\\\/06\\\/2-2.jpg\",\"keywords\":[\"astro\",\"cancer\",\"carta\",\"horoscopo\",\"invierno\",\"signo\",\"sol\",\"tarot\"],\"articleSection\":[\"Astrotarot\"],\"inLanguage\":\"es-AR\"},{\"@type\":\"WebPage\",\"@id\":\"https:\\\/\\\/sergiolapegue.com\\\/site\\\/2025\\\/06\\\/23\\\/hit-astral-de-la-semana-sol-en-cancer-y-solsticio-de-invierno\\\/\",\"url\":\"https:\\\/\\\/sergiolapegue.com\\\/site\\\/2025\\\/06\\\/23\\\/hit-astral-de-la-semana-sol-en-cancer-y-solsticio-de-invierno\\\/\",\"name\":\"HIT ASTRAL DE LA SEMANA: SOL en C\u00c1NCER y SOLSTICIO de INVIERNO - Sergio Lapegue\",\"isPartOf\":{\"@id\":\"https:\\\/\\\/sergiolapegue.com\\\/site\\\/#website\"},\"primaryImageOfPage\":{\"@id\":\"https:\\\/\\\/sergiolapegue.com\\\/site\\\/2025\\\/06\\\/23\\\/hit-astral-de-la-semana-sol-en-cancer-y-solsticio-de-invierno\\\/#primaryimage\"},\"image\":{\"@id\":\"https:\\\/\\\/sergiolapegue.com\\\/site\\\/2025\\\/06\\\/23\\\/hit-astral-de-la-semana-sol-en-cancer-y-solsticio-de-invierno\\\/#primaryimage\"},\"thumbnailUrl\":\"https:\\\/\\\/sergiolapegue.com\\\/site\\\/wp-content\\\/uploads\\\/2025\\\/06\\\/2-2.jpg\",\"datePublished\":\"2025-06-23T12:01:00+00:00\",\"dateModified\":\"2025-06-23T21:13:28+00:00\",\"breadcrumb\":{\"@id\":\"https:\\\/\\\/sergiolapegue.com\\\/site\\\/2025\\\/06\\\/23\\\/hit-astral-de-la-semana-sol-en-cancer-y-solsticio-de-invierno\\\/#breadcrumb\"},\"inLanguage\":\"es-AR\",\"potentialAction\":[{\"@type\":\"ReadAction\",\"target\":[\"https:\\\/\\\/sergiolapegue.com\\\/site\\\/2025\\\/06\\\/23\\\/hit-astral-de-la-semana-sol-en-cancer-y-solsticio-de-invierno\\\/\"]}]},{\"@type\":\"ImageObject\",\"inLanguage\":\"es-AR\",\"@id\":\"https:\\\/\\\/sergiolapegue.com\\\/site\\\/2025\\\/06\\\/23\\\/hit-astral-de-la-semana-sol-en-cancer-y-solsticio-de-invierno\\\/#primaryimage\",\"url\":\"https:\\\/\\\/sergiolapegue.com\\\/site\\\/wp-content\\\/uploads\\\/2025\\\/06\\\/2-2.jpg\",\"contentUrl\":\"https:\\\/\\\/sergiolapegue.com\\\/site\\\/wp-content\\\/uploads\\\/2025\\\/06\\\/2-2.jpg\",\"width\":736,\"height\":736},{\"@type\":\"BreadcrumbList\",\"@id\":\"https:\\\/\\\/sergiolapegue.com\\\/site\\\/2025\\\/06\\\/23\\\/hit-astral-de-la-semana-sol-en-cancer-y-solsticio-de-invierno\\\/#breadcrumb\",\"itemListElement\":[{\"@type\":\"ListItem\",\"position\":1,\"name\":\"Inicio\",\"item\":\"https:\\\/\\\/sergiolapegue.com\\\/site\\\/\"},{\"@type\":\"ListItem\",\"position\":2,\"name\":\"HIT ASTRAL DE LA SEMANA: SOL en C\u00c1NCER y SOLSTICIO de INVIERNO\"}]},{\"@type\":\"WebSite\",\"@id\":\"https:\\\/\\\/sergiolapegue.com\\\/site\\\/#website\",\"url\":\"https:\\\/\\\/sergiolapegue.com\\\/site\\\/\",\"name\":\"Sergio Lapegue\",\"description\":\"Periodista\",\"publisher\":{\"@id\":\"https:\\\/\\\/sergiolapegue.com\\\/site\\\/#\\\/schema\\\/person\\\/083aeceeb0734cd166779ea6c0551a37\"},\"potentialAction\":[{\"@type\":\"SearchAction\",\"target\":{\"@type\":\"EntryPoint\",\"urlTemplate\":\"https:\\\/\\\/sergiolapegue.com\\\/site\\\/?s={search_term_string}\"},\"query-input\":{\"@type\":\"PropertyValueSpecification\",\"valueRequired\":true,\"valueName\":\"search_term_string\"}}],\"inLanguage\":\"es-AR\"},{\"@type\":[\"Person\",\"Organization\"],\"@id\":\"https:\\\/\\\/sergiolapegue.com\\\/site\\\/#\\\/schema\\\/person\\\/083aeceeb0734cd166779ea6c0551a37\",\"name\":\"Sergio Lapegue\",\"image\":{\"@type\":\"ImageObject\",\"inLanguage\":\"es-AR\",\"@id\":\"https:\\\/\\\/sergiolapegue.com\\\/site\\\/wp-content\\\/uploads\\\/2021\\\/04\\\/logo_header-1.png\",\"url\":\"https:\\\/\\\/sergiolapegue.com\\\/site\\\/wp-content\\\/uploads\\\/2021\\\/04\\\/logo_header-1.png\",\"contentUrl\":\"https:\\\/\\\/sergiolapegue.com\\\/site\\\/wp-content\\\/uploads\\\/2021\\\/04\\\/logo_header-1.png\",\"width\":272,\"height\":90,\"caption\":\"Sergio Lapegue\"},\"logo\":{\"@id\":\"https:\\\/\\\/sergiolapegue.com\\\/site\\\/wp-content\\\/uploads\\\/2021\\\/04\\\/logo_header-1.png\"},\"sameAs\":[\"https:\\\/\\\/facebook.com\\\/sergiolapegue\",\"https:\\\/\\\/instagram.com\\\/sergiolapegue\",\"https:\\\/\\\/x.com\\\/https:\\\/\\\/twitter.com\\\/sergiolapegue\"]},{\"@type\":\"Person\",\"@id\":\"https:\\\/\\\/sergiolapegue.com\\\/site\\\/#\\\/schema\\\/person\\\/038a19a76176d528a1a27ac17e18af68\",\"name\":\"Victoria Garc\u00eda Garcilazo\",\"image\":{\"@type\":\"ImageObject\",\"inLanguage\":\"es-AR\",\"@id\":\"https:\\\/\\\/sergiolapegue.com\\\/site\\\/wp-content\\\/uploads\\\/2025\\\/12\\\/victoriaGarciaGarcilazo-150x150.jpg\",\"url\":\"https:\\\/\\\/sergiolapegue.com\\\/site\\\/wp-content\\\/uploads\\\/2025\\\/12\\\/victoriaGarciaGarcilazo-150x150.jpg\",\"contentUrl\":\"https:\\\/\\\/sergiolapegue.com\\\/site\\\/wp-content\\\/uploads\\\/2025\\\/12\\\/victoriaGarciaGarcilazo-150x150.jpg\",\"caption\":\"Victoria Garc\u00eda Garcilazo\"},\"sameAs\":[\"https:\\\/\\\/lavictoriadevenus.com\\\/\",\"https:\\\/\\\/www.instagram.com\\\/lavictoriadevenus\\\/\",\"https:\\\/\\\/www.youtube.com\\\/channel\\\/UCPAWzfQij6wJRHSTN5wi3Mg\"],\"url\":\"https:\\\/\\\/sergiolapegue.com\\\/site\\\/author\\\/victoria\\\/\"}]}<\/script>\n<!-- \/ Yoast SEO plugin. -->","yoast_head_json":{"title":"HIT ASTRAL DE LA SEMANA: SOL en C\u00c1NCER y SOLSTICIO de INVIERNO - Sergio Lapegue","robots":{"index":"index","follow":"follow","max-snippet":"max-snippet:-1","max-image-preview":"max-image-preview:large","max-video-preview":"max-video-preview:-1"},"canonical":"https:\/\/sergiolapegue.com\/site\/2025\/06\/23\/hit-astral-de-la-semana-sol-en-cancer-y-solsticio-de-invierno\/","og_locale":"es_ES","og_type":"article","og_title":"HIT ASTRAL DE LA SEMANA: SOL en C\u00c1NCER y SOLSTICIO de INVIERNO - Sergio Lapegue","og_description":"Comenzamos una nueva semana que llega con cambio de temporada. El SOL hace su ingreso en el signo de C\u00c1NCER y miramos hacia adentro, nos conectamos con nuestra familia y ponemos toda la energ\u00eda en cuidar nuestros espacios seguros. Se abren d\u00edas para la sensibilidad, la conexi\u00f3n con las ra\u00edces y la b\u00fasqueda de la [&hellip;]","og_url":"https:\/\/sergiolapegue.com\/site\/2025\/06\/23\/hit-astral-de-la-semana-sol-en-cancer-y-solsticio-de-invierno\/","og_site_name":"Sergio Lapegue","article_publisher":"https:\/\/facebook.com\/sergiolapegue","article_published_time":"2025-06-23T12:01:00+00:00","article_modified_time":"2025-06-23T21:13:28+00:00","og_image":[{"width":736,"height":736,"url":"https:\/\/sergiolapegue.com\/site\/wp-content\/uploads\/2025\/06\/2-2.jpg","type":"image\/jpeg"}],"author":"Victoria Garc\u00eda Garcilazo","twitter_card":"summary_large_image","twitter_site":"@sergiolapegue","twitter_misc":{"Escrito por":"Victoria Garc\u00eda Garcilazo","Tiempo de lectura":"2 minutos"},"schema":{"@context":"https:\/\/schema.org","@graph":[{"@type":"Article","@id":"https:\/\/sergiolapegue.com\/site\/2025\/06\/23\/hit-astral-de-la-semana-sol-en-cancer-y-solsticio-de-invierno\/#article","isPartOf":{"@id":"https:\/\/sergiolapegue.com\/site\/2025\/06\/23\/hit-astral-de-la-semana-sol-en-cancer-y-solsticio-de-invierno\/"},"author":{"name":"Victoria Garc\u00eda Garcilazo","@id":"https:\/\/sergiolapegue.com\/site\/#\/schema\/person\/038a19a76176d528a1a27ac17e18af68"},"headline":"HIT ASTRAL DE LA SEMANA: SOL en C\u00c1NCER y SOLSTICIO de INVIERNO","datePublished":"2025-06-23T12:01:00+00:00","dateModified":"2025-06-23T21:13:28+00:00","mainEntityOfPage":{"@id":"https:\/\/sergiolapegue.com\/site\/2025\/06\/23\/hit-astral-de-la-semana-sol-en-cancer-y-solsticio-de-invierno\/"},"wordCount":374,"publisher":{"@id":"https:\/\/sergiolapegue.com\/site\/#\/schema\/person\/083aeceeb0734cd166779ea6c0551a37"},"image":{"@id":"https:\/\/sergiolapegue.com\/site\/2025\/06\/23\/hit-astral-de-la-semana-sol-en-cancer-y-solsticio-de-invierno\/#primaryimage"},"thumbnailUrl":"https:\/\/sergiolapegue.com\/site\/wp-content\/uploads\/2025\/06\/2-2.jpg","keywords":["astro","cancer","carta","horoscopo","invierno","signo","sol","tarot"],"articleSection":["Astrotarot"],"inLanguage":"es-AR"},{"@type":"WebPage","@id":"https:\/\/sergiolapegue.com\/site\/2025\/06\/23\/hit-astral-de-la-semana-sol-en-cancer-y-solsticio-de-invierno\/","url":"https:\/\/sergiolapegue.com\/site\/2025\/06\/23\/hit-astral-de-la-semana-sol-en-cancer-y-solsticio-de-invierno\/","name":"HIT ASTRAL DE LA SEMANA: SOL en C\u00c1NCER y SOLSTICIO de INVIERNO - Sergio Lapegue","isPartOf":{"@id":"https:\/\/sergiolapegue.com\/site\/#website"},"primaryImageOfPage":{"@id":"https:\/\/sergiolapegue.com\/site\/2025\/06\/23\/hit-astral-de-la-semana-sol-en-cancer-y-solsticio-de-invierno\/#primaryimage"},"image":{"@id":"https:\/\/sergiolapegue.com\/site\/2025\/06\/23\/hit-astral-de-la-semana-sol-en-cancer-y-solsticio-de-invierno\/#primaryimage"},"thumbnailUrl":"https:\/\/sergiolapegue.com\/site\/wp-content\/uploads\/2025\/06\/2-2.jpg","datePublished":"2025-06-23T12:01:00+00:00","dateModified":"2025-06-23T21:13:28+00:00","breadcrumb":{"@id":"https:\/\/sergiolapegue.com\/site\/2025\/06\/23\/hit-astral-de-la-semana-sol-en-cancer-y-solsticio-de-invierno\/#breadcrumb"},"inLanguage":"es-AR","potentialAction":[{"@type":"ReadAction","target":["https:\/\/sergiolapegue.com\/site\/2025\/06\/23\/hit-astral-de-la-semana-sol-en-cancer-y-solsticio-de-invierno\/"]}]},{"@type":"ImageObject","inLanguage":"es-AR","@id":"https:\/\/sergiolapegue.com\/site\/2025\/06\/23\/hit-astral-de-la-semana-sol-en-cancer-y-solsticio-de-invierno\/#primaryimage","url":"https:\/\/sergiolapegue.com\/site\/wp-content\/uploads\/2025\/06\/2-2.jpg","contentUrl":"https:\/\/sergiolapegue.com\/site\/wp-content\/uploads\/2025\/06\/2-2.jpg","width":736,"height":736},{"@type":"BreadcrumbList","@id":"https:\/\/sergiolapegue.com\/site\/2025\/06\/23\/hit-astral-de-la-semana-sol-en-cancer-y-solsticio-de-invierno\/#breadcrumb","itemListElement":[{"@type":"ListItem","position":1,"name":"Inicio","item":"https:\/\/sergiolapegue.com\/site\/"},{"@type":"ListItem","position":2,"name":"HIT ASTRAL DE LA SEMANA: SOL en C\u00c1NCER y SOLSTICIO de INVIERNO"}]},{"@type":"WebSite","@id":"https:\/\/sergiolapegue.com\/site\/#website","url":"https:\/\/sergiolapegue.com\/site\/","name":"Sergio Lapegue","description":"Periodista","publisher":{"@id":"https:\/\/sergiolapegue.com\/site\/#\/schema\/person\/083aeceeb0734cd166779ea6c0551a37"},"potentialAction":[{"@type":"SearchAction","target":{"@type":"EntryPoint","urlTemplate":"https:\/\/sergiolapegue.com\/site\/?s={search_term_string}"},"query-input":{"@type":"PropertyValueSpecification","valueRequired":true,"valueName":"search_term_string"}}],"inLanguage":"es-AR"},{"@type":["Person","Organization"],"@id":"https:\/\/sergiolapegue.com\/site\/#\/schema\/person\/083aeceeb0734cd166779ea6c0551a37","name":"Sergio Lapegue","image":{"@type":"ImageObject","inLanguage":"es-AR","@id":"https:\/\/sergiolapegue.com\/site\/wp-content\/uploads\/2021\/04\/logo_header-1.png","url":"https:\/\/sergiolapegue.com\/site\/wp-content\/uploads\/2021\/04\/logo_header-1.png","contentUrl":"https:\/\/sergiolapegue.com\/site\/wp-content\/uploads\/2021\/04\/logo_header-1.png","width":272,"height":90,"caption":"Sergio Lapegue"},"logo":{"@id":"https:\/\/sergiolapegue.com\/site\/wp-content\/uploads\/2021\/04\/logo_header-1.png"},"sameAs":["https:\/\/facebook.com\/sergiolapegue","https:\/\/instagram.com\/sergiolapegue","https:\/\/x.com\/https:\/\/twitter.com\/sergiolapegue"]},{"@type":"Person","@id":"https:\/\/sergiolapegue.com\/site\/#\/schema\/person\/038a19a76176d528a1a27ac17e18af68","name":"Victoria Garc\u00eda Garcilazo","image":{"@type":"ImageObject","inLanguage":"es-AR","@id":"https:\/\/sergiolapegue.com\/site\/wp-content\/uploads\/2025\/12\/victoriaGarciaGarcilazo-150x150.jpg","url":"https:\/\/sergiolapegue.com\/site\/wp-content\/uploads\/2025\/12\/victoriaGarciaGarcilazo-150x150.jpg","contentUrl":"https:\/\/sergiolapegue.com\/site\/wp-content\/uploads\/2025\/12\/victoriaGarciaGarcilazo-150x150.jpg","caption":"Victoria Garc\u00eda Garcilazo"},"sameAs":["https:\/\/lavictoriadevenus.com\/","https:\/\/www.instagram.com\/lavictoriadevenus\/","https:\/\/www.youtube.com\/channel\/UCPAWzfQij6wJRHSTN5wi3Mg"],"url":"https:\/\/sergiolapegue.com\/site\/author\/victoria\/"}]}},"_links":{"self":[{"href":"https:\/\/sergiolapegue.com\/site\/wp-json\/wp\/v2\/posts\/23509","targetHints":{"allow":["GET"]}}],"collection":[{"href":"https:\/\/sergiolapegue.com\/site\/wp-json\/wp\/v2\/posts"}],"about":[{"href":"https:\/\/sergiolapegue.com\/site\/wp-json\/wp\/v2\/types\/post"}],"author":[{"embeddable":true,"href":"https:\/\/sergiolapegue.com\/site\/wp-json\/wp\/v2\/users\/9"}],"replies":[{"embeddable":true,"href":"https:\/\/sergiolapegue.com\/site\/wp-json\/wp\/v2\/comments?post=23509"}],"version-history":[{"count":1,"href":"https:\/\/sergiolapegue.com\/site\/wp-json\/wp\/v2\/posts\/23509\/revisions"}],"predecessor-version":[{"id":23512,"href":"https:\/\/sergiolapegue.com\/site\/wp-json\/wp\/v2\/posts\/23509\/revisions\/23512"}],"wp:featuredmedia":[{"embeddable":true,"href":"https:\/\/sergiolapegue.com\/site\/wp-json\/wp\/v2\/media\/23511"}],"wp:attachment":[{"href":"https:\/\/sergiolapegue.com\/site\/wp-json\/wp\/v2\/media?parent=23509"}],"wp:term":[{"taxonomy":"category","embeddable":true,"href":"https:\/\/sergiolapegue.com\/site\/wp-json\/wp\/v2\/categories?post=23509"},{"taxonomy":"post_tag","embeddable":true,"href":"https:\/\/sergiolapegue.com\/site\/wp-json\/wp\/v2\/tags?post=23509"}],"curies":[{"name":"wp","href":"https:\/\/api.w.org\/{rel}","templated":true}]}}