{"id":23382,"date":"2025-06-10T17:11:09","date_gmt":"2025-06-10T20:11:09","guid":{"rendered":"https:\/\/sergiolapegue.com\/site\/?p=23382"},"modified":"2025-06-10T17:11:10","modified_gmt":"2025-06-10T20:11:10","slug":"christian-lange-presenta-espacios-vacios","status":"publish","type":"post","link":"https:\/\/sergiolapegue.com\/site\/2025\/06\/10\/christian-lange-presenta-espacios-vacios\/","title":{"rendered":"Christian Lange presenta &#8220;Espacios vac\u00edos&#8221;"},"content":{"rendered":"\n<p>Este es mi tercer libro de narrativa, tras las novelas \u00abTr\u00edo\u00bb (Simurg, 2014) y \u00abPersistencias de la memoria\u00bb (El Bien del Sauce, 2021). Quien haya le\u00eddo los anteriores, encontrar\u00e1 acaso referencias y recurrencias, variaciones, continuidades y rupturas, formas de dialogar y tender puentes, conexiones entre los elementos de ese conjunto en desarrollo. \u00abEspacios vac\u00edos\u00bb cierra una etapa, un ciclo de escritura literaria narrativa.<\/p>\n\n\n\n<p>El libro est\u00e1 estructurado en dos partes: la primera, tiene cinco relatos relativamente breves; la segunda, otros dos relatos m\u00e1s extensos. Cinco de los siete relatos de este libro nacieron entre 2020 y 2023. Los otros dos, tienen un origen bastante anterior. \u00abSilencio interrumpido\u00bb naci\u00f3 como texto teatral en 2005; las dos partes que componen \u00abLa intemperie\u00bb surgieron de anotaciones en un diario personal llevado entre 1997 y 2001 y de un cap\u00edtulo de \u00abTr\u00edo\u00bb, respectivamente.<\/p>\n\n\n\n<p>Todos los textos de este libro tienen un mismo protagonista (Nicol\u00e1s), giran en torno a su universo \u00edntimo compuesto por temas recurrentes (la sexualidad, el amor, la muerte, la escritura, la identidad, la p\u00e9rdida) y se desplazan en el tiempo, trazando un arco, antes y despu\u00e9s del final. Se trata de siete relatos interdependientes. Quien quiera, podr\u00e1 leerlos en forma aislada; quien lo prefiera, como conjunto o como un todo: como una novela (en el sentido m\u00e1s amplio y generoso del t\u00e9rmino). Cada quien podr\u00e1 justificar su lectura, sus decisiones y recorridos.<\/p>\n\n\n\n<figure class=\"wp-block-image size-full\"><img loading=\"lazy\" decoding=\"async\" width=\"1024\" height=\"683\" src=\"https:\/\/sergiolapegue.com\/site\/wp-content\/uploads\/2025\/06\/Christian-Lange-ph-Sol-Salmon.jpg\" alt=\"\" class=\"wp-image-23383\" srcset=\"https:\/\/sergiolapegue.com\/site\/wp-content\/uploads\/2025\/06\/Christian-Lange-ph-Sol-Salmon.jpg 1024w, https:\/\/sergiolapegue.com\/site\/wp-content\/uploads\/2025\/06\/Christian-Lange-ph-Sol-Salmon-300x200.jpg 300w, https:\/\/sergiolapegue.com\/site\/wp-content\/uploads\/2025\/06\/Christian-Lange-ph-Sol-Salmon-768x512.jpg 768w, https:\/\/sergiolapegue.com\/site\/wp-content\/uploads\/2025\/06\/Christian-Lange-ph-Sol-Salmon-630x420.jpg 630w, https:\/\/sergiolapegue.com\/site\/wp-content\/uploads\/2025\/06\/Christian-Lange-ph-Sol-Salmon-696x464.jpg 696w\" sizes=\"auto, (max-width: 1024px) 100vw, 1024px\" \/><\/figure>\n\n\n\n<p><em>&#8220;A medida que uno avanza en la lectura, comienza tambi\u00e9n a preguntarse si estos siete cuentos no son en verdad los cap\u00edtulos de una novela, que no solo comparten personaje sino que adem\u00e1s est\u00e1n unidos por las preguntas que uno tras otro llevan a formular: \u00bfc\u00f3mo se cuenta una vida? Y a la vez: \u00bfcu\u00e1ntas vidas entran en una vida?\u00a0 Es al decir, escribir, pensar que descubrimos que hay muchas maneras de contar nuestras historias, y m\u00e1s aun, que no hay una sola historia, que no somos una \u00fanica persona a lo largo del tiempo ni, tampoco, ante cada situaci\u00f3n. Es porque podemos decir, escribir, pensar que la vida se multiplica. Espacios vac\u00edos es, pues, un libro de cuentos \u2013de g\u00e9neros por otra parte diferentes: diario, cuento cl\u00e1sico, di\u00e1logo\u2013 que pueden leerse como los cap\u00edtulos de una novela que cuenta las m\u00faltiples vidas de un hombre que es muchos hombres&#8221;<\/em>. <strong>Lara Sagade<\/strong>.<\/p>\n\n\n\n<p><em>&#8220;Se me ocurre que no hay mejor expresi\u00f3n para sentar las bases de una escritura como la de Christian Lange, y por lo tanto de un modo de relacionarse con esa escritura desde la otra orilla del r\u00edo, que la de aquel carozo, la de ese n\u00facleo sin traducci\u00f3n, la de esa b\u00fasqueda sin remedio. Leerlo a Christian es un ejercicio agotador. Lo es por la intensidad de los sentimientos y de los pensamientos que se ponen en juego, lo es por las reglas que establece o m\u00e1s bien propone para librar sus batallas, y desde luego lo es tambi\u00e9n por la continuidad, la fe, la persistencia y la rigurosidad po\u00e9tica para construir espacios en blanco. Tal como lo hemos conversado en alguna oportunidad, Espacios vac\u00edos era definitivamente un gran t\u00edtulo para este libro porque se relaciona expresa o t\u00e1citamente con todas sus piezas. Es un n\u00facleo, o si lo prefieren un prisma, desde el que transitar la experiencia, el punto de inicio y de llegada, siempre incompleto, siempre angustiosamente \u2014aunque para beneficio de la literatura\u2014 insuficiente, en la b\u00fasqueda del sentido&#8221;<\/em>. <strong>Jos\u00e9 Mar\u00eda Brindisi<\/strong><\/p>\n\n\n\n<figure class=\"wp-block-image size-full\"><img loading=\"lazy\" decoding=\"async\" width=\"676\" height=\"1014\" src=\"https:\/\/sergiolapegue.com\/site\/wp-content\/uploads\/2025\/06\/Christian-Lange-ph-Sol-Salmon-9.jpg\" alt=\"\" class=\"wp-image-23384\" srcset=\"https:\/\/sergiolapegue.com\/site\/wp-content\/uploads\/2025\/06\/Christian-Lange-ph-Sol-Salmon-9.jpg 676w, https:\/\/sergiolapegue.com\/site\/wp-content\/uploads\/2025\/06\/Christian-Lange-ph-Sol-Salmon-9-200x300.jpg 200w, https:\/\/sergiolapegue.com\/site\/wp-content\/uploads\/2025\/06\/Christian-Lange-ph-Sol-Salmon-9-280x420.jpg 280w\" sizes=\"auto, (max-width: 676px) 100vw, 676px\" \/><\/figure>\n\n\n\n<p><strong>Sobre el autor:<\/strong><\/p>\n\n\n\n<p><strong>Christian Lange (Buenos Aires, 1967)&nbsp;<\/strong>es Licenciado en Ciencias de la Comunicaci\u00f3n Social (Universidad de Buenos Aires) y Graduado de la Carrera de Especializaci\u00f3n (posgrado) Producci\u00f3n de Textos Cr\u00edticos y de Difusi\u00f3n Medi\u00e1tica de las Artes (Universidad Nacional de las Artes), y de la Diplomatura Universitaria Superior Correcci\u00f3n de Textos Acad\u00e9micos (Universidad del Salvador).<\/p>\n\n\n\n<p>Se form\u00f3 en narrativa con H\u00e9ctor Lastra, Juan Carlos Martelli, Humberto Constantini, Enrique Medina, Juan Martini y Jos\u00e9 Mar\u00eda Brindisi. En dramaturgia, lo hizo con Susana Torres Molina y \u2014posteriormente\u2014 en la Escuela Municipal de Arte Dram\u00e1tico con Mauricio Kart\u00fan y Roberto Perinelli, y en los talleres de Alejandro Tantani\u00e1n y Ariel Farace.<\/p>\n\n\n\n<p>Como dramaturgo, sus obras \u00abCoto de Caza\u00bb, \u00abDos a Cero\u00bb, \u00abTemblores en la Boca de mi Padre\u00bb, \u00abInolvidable\u00bb, \u00abKiev\u00bb y \u00abTercero Excluido\u00bb han recibido menciones y premios en diversos concursos. Fue nominado al Premio Trinidad Guevara a la Actividad Teatral 2008, en la terna correspondiente al rubro Revelaci\u00f3n Masculina, como autor de \u00abKiev\u00bb.<\/p>\n\n\n\n<p>En su faceta de director, inici\u00f3 su actividad trabajando como Asistente de Direcci\u00f3n y como Director Asistente, con Susana Torres Molina y Alfredo Mart\u00edn. Ha dirigido sus obras \u00abInolvidable\u00bb, \u00abAtado al Cuello\u00bb y \u00abUmbral\u00bb.<\/p>\n\n\n\n<p>Simurg Ediciones public\u00f3, en septiembre de 2014, su primera novela, \u00abTr\u00edo\u00bb. El Bien del Sauce public\u00f3, en agosto de 2021, su segunda novela, \u00abPersistencias de la memoria\u00bb. Ediciones Aj\u00ed presenta ahora \u00abEspacios Vac\u00edos\u00bb.<\/p>\n","protected":false},"excerpt":{"rendered":"<p>Este es mi tercer libro de narrativa, tras las novelas \u00abTr\u00edo\u00bb (Simurg, 2014) y \u00abPersistencias de la memoria\u00bb (El Bien del Sauce, 2021). Quien haya le\u00eddo los anteriores, encontrar\u00e1 acaso referencias y recurrencias, variaciones, continuidades y rupturas, formas de dialogar y tender puentes, conexiones entre los elementos de ese conjunto en desarrollo. \u00abEspacios vac\u00edos\u00bb cierra [&hellip;]<\/p>\n","protected":false},"author":3,"featured_media":23386,"comment_status":"closed","ping_status":"closed","sticky":false,"template":"","format":"standard","meta":{"footnotes":""},"categories":[34,37],"tags":[4370,1085,4371,3390],"class_list":{"0":"post-23382","1":"post","2":"type-post","3":"status-publish","4":"format-standard","5":"has-post-thumbnail","7":"category-arte","8":"category-libros","9":"tag-espacios-vacios","10":"tag-libro","11":"tag-narrativa","12":"tag-novela"},"yoast_head":"<!-- This site is optimized with the Yoast SEO plugin v27.5 - https:\/\/yoast.com\/product\/yoast-seo-wordpress\/ -->\n<title>Christian Lange presenta &quot;Espacios vac\u00edos&quot; - Sergio Lapegue<\/title>\n<meta name=\"robots\" content=\"index, follow, max-snippet:-1, max-image-preview:large, max-video-preview:-1\" \/>\n<link rel=\"canonical\" href=\"https:\/\/sergiolapegue.com\/site\/2025\/06\/10\/christian-lange-presenta-espacios-vacios\/\" \/>\n<meta property=\"og:locale\" content=\"es_ES\" \/>\n<meta property=\"og:type\" content=\"article\" \/>\n<meta property=\"og:title\" content=\"Christian Lange presenta &quot;Espacios vac\u00edos&quot; - Sergio Lapegue\" \/>\n<meta property=\"og:description\" content=\"Este es mi tercer libro de narrativa, tras las novelas \u00abTr\u00edo\u00bb (Simurg, 2014) y \u00abPersistencias de la memoria\u00bb (El Bien del Sauce, 2021). Quien haya le\u00eddo los anteriores, encontrar\u00e1 acaso referencias y recurrencias, variaciones, continuidades y rupturas, formas de dialogar y tender puentes, conexiones entre los elementos de ese conjunto en desarrollo. \u00abEspacios vac\u00edos\u00bb cierra [&hellip;]\" \/>\n<meta property=\"og:url\" content=\"https:\/\/sergiolapegue.com\/site\/2025\/06\/10\/christian-lange-presenta-espacios-vacios\/\" \/>\n<meta property=\"og:site_name\" content=\"Sergio Lapegue\" \/>\n<meta property=\"article:publisher\" content=\"https:\/\/facebook.com\/sergiolapegue\" \/>\n<meta property=\"article:author\" content=\"https:\/\/facebook.com\/danielernesto.montana\" \/>\n<meta property=\"article:published_time\" content=\"2025-06-10T20:11:09+00:00\" \/>\n<meta property=\"article:modified_time\" content=\"2025-06-10T20:11:10+00:00\" \/>\n<meta property=\"og:image\" content=\"https:\/\/sergiolapegue.com\/site\/wp-content\/uploads\/2025\/06\/Espacios-vacios.png\" \/>\n\t<meta property=\"og:image:width\" content=\"634\" \/>\n\t<meta property=\"og:image:height\" content=\"1032\" \/>\n\t<meta property=\"og:image:type\" content=\"image\/png\" \/>\n<meta name=\"author\" content=\"Daniel E. Monta\u00f1a\" \/>\n<meta name=\"twitter:card\" content=\"summary_large_image\" \/>\n<meta name=\"twitter:creator\" content=\"@https:\/\/twitter.com\/daner_004\" \/>\n<meta name=\"twitter:site\" content=\"@sergiolapegue\" \/>\n<meta name=\"twitter:label1\" content=\"Escrito por\" \/>\n\t<meta name=\"twitter:data1\" content=\"Daniel E. Monta\u00f1a\" \/>\n\t<meta name=\"twitter:label2\" content=\"Tiempo de lectura\" \/>\n\t<meta name=\"twitter:data2\" content=\"5 minutos\" \/>\n<script type=\"application\/ld+json\" class=\"yoast-schema-graph\">{\"@context\":\"https:\\\/\\\/schema.org\",\"@graph\":[{\"@type\":\"Article\",\"@id\":\"https:\\\/\\\/sergiolapegue.com\\\/site\\\/2025\\\/06\\\/10\\\/christian-lange-presenta-espacios-vacios\\\/#article\",\"isPartOf\":{\"@id\":\"https:\\\/\\\/sergiolapegue.com\\\/site\\\/2025\\\/06\\\/10\\\/christian-lange-presenta-espacios-vacios\\\/\"},\"author\":{\"name\":\"Daniel E. Monta\u00f1a\",\"@id\":\"https:\\\/\\\/sergiolapegue.com\\\/site\\\/#\\\/schema\\\/person\\\/9198e7dbab43c6d74d0fd5399af7c3cd\"},\"headline\":\"Christian Lange presenta &#8220;Espacios vac\u00edos&#8221;\",\"datePublished\":\"2025-06-10T20:11:09+00:00\",\"dateModified\":\"2025-06-10T20:11:10+00:00\",\"mainEntityOfPage\":{\"@id\":\"https:\\\/\\\/sergiolapegue.com\\\/site\\\/2025\\\/06\\\/10\\\/christian-lange-presenta-espacios-vacios\\\/\"},\"wordCount\":851,\"publisher\":{\"@id\":\"https:\\\/\\\/sergiolapegue.com\\\/site\\\/#\\\/schema\\\/person\\\/083aeceeb0734cd166779ea6c0551a37\"},\"image\":{\"@id\":\"https:\\\/\\\/sergiolapegue.com\\\/site\\\/2025\\\/06\\\/10\\\/christian-lange-presenta-espacios-vacios\\\/#primaryimage\"},\"thumbnailUrl\":\"https:\\\/\\\/sergiolapegue.com\\\/site\\\/wp-content\\\/uploads\\\/2025\\\/06\\\/Espacios-vacios.png\",\"keywords\":[\"espacios vacios\",\"libro\",\"narrativa\",\"novela\"],\"articleSection\":[\"Arte\",\"Libros\"],\"inLanguage\":\"es-AR\"},{\"@type\":\"WebPage\",\"@id\":\"https:\\\/\\\/sergiolapegue.com\\\/site\\\/2025\\\/06\\\/10\\\/christian-lange-presenta-espacios-vacios\\\/\",\"url\":\"https:\\\/\\\/sergiolapegue.com\\\/site\\\/2025\\\/06\\\/10\\\/christian-lange-presenta-espacios-vacios\\\/\",\"name\":\"Christian Lange presenta \\\"Espacios vac\u00edos\\\" - Sergio Lapegue\",\"isPartOf\":{\"@id\":\"https:\\\/\\\/sergiolapegue.com\\\/site\\\/#website\"},\"primaryImageOfPage\":{\"@id\":\"https:\\\/\\\/sergiolapegue.com\\\/site\\\/2025\\\/06\\\/10\\\/christian-lange-presenta-espacios-vacios\\\/#primaryimage\"},\"image\":{\"@id\":\"https:\\\/\\\/sergiolapegue.com\\\/site\\\/2025\\\/06\\\/10\\\/christian-lange-presenta-espacios-vacios\\\/#primaryimage\"},\"thumbnailUrl\":\"https:\\\/\\\/sergiolapegue.com\\\/site\\\/wp-content\\\/uploads\\\/2025\\\/06\\\/Espacios-vacios.png\",\"datePublished\":\"2025-06-10T20:11:09+00:00\",\"dateModified\":\"2025-06-10T20:11:10+00:00\",\"breadcrumb\":{\"@id\":\"https:\\\/\\\/sergiolapegue.com\\\/site\\\/2025\\\/06\\\/10\\\/christian-lange-presenta-espacios-vacios\\\/#breadcrumb\"},\"inLanguage\":\"es-AR\",\"potentialAction\":[{\"@type\":\"ReadAction\",\"target\":[\"https:\\\/\\\/sergiolapegue.com\\\/site\\\/2025\\\/06\\\/10\\\/christian-lange-presenta-espacios-vacios\\\/\"]}]},{\"@type\":\"ImageObject\",\"inLanguage\":\"es-AR\",\"@id\":\"https:\\\/\\\/sergiolapegue.com\\\/site\\\/2025\\\/06\\\/10\\\/christian-lange-presenta-espacios-vacios\\\/#primaryimage\",\"url\":\"https:\\\/\\\/sergiolapegue.com\\\/site\\\/wp-content\\\/uploads\\\/2025\\\/06\\\/Espacios-vacios.png\",\"contentUrl\":\"https:\\\/\\\/sergiolapegue.com\\\/site\\\/wp-content\\\/uploads\\\/2025\\\/06\\\/Espacios-vacios.png\",\"width\":634,\"height\":1032},{\"@type\":\"BreadcrumbList\",\"@id\":\"https:\\\/\\\/sergiolapegue.com\\\/site\\\/2025\\\/06\\\/10\\\/christian-lange-presenta-espacios-vacios\\\/#breadcrumb\",\"itemListElement\":[{\"@type\":\"ListItem\",\"position\":1,\"name\":\"Inicio\",\"item\":\"https:\\\/\\\/sergiolapegue.com\\\/site\\\/\"},{\"@type\":\"ListItem\",\"position\":2,\"name\":\"Christian Lange presenta &#8220;Espacios vac\u00edos&#8221;\"}]},{\"@type\":\"WebSite\",\"@id\":\"https:\\\/\\\/sergiolapegue.com\\\/site\\\/#website\",\"url\":\"https:\\\/\\\/sergiolapegue.com\\\/site\\\/\",\"name\":\"Sergio Lapegue\",\"description\":\"Periodista\",\"publisher\":{\"@id\":\"https:\\\/\\\/sergiolapegue.com\\\/site\\\/#\\\/schema\\\/person\\\/083aeceeb0734cd166779ea6c0551a37\"},\"potentialAction\":[{\"@type\":\"SearchAction\",\"target\":{\"@type\":\"EntryPoint\",\"urlTemplate\":\"https:\\\/\\\/sergiolapegue.com\\\/site\\\/?s={search_term_string}\"},\"query-input\":{\"@type\":\"PropertyValueSpecification\",\"valueRequired\":true,\"valueName\":\"search_term_string\"}}],\"inLanguage\":\"es-AR\"},{\"@type\":[\"Person\",\"Organization\"],\"@id\":\"https:\\\/\\\/sergiolapegue.com\\\/site\\\/#\\\/schema\\\/person\\\/083aeceeb0734cd166779ea6c0551a37\",\"name\":\"Sergio Lapegue\",\"image\":{\"@type\":\"ImageObject\",\"inLanguage\":\"es-AR\",\"@id\":\"https:\\\/\\\/sergiolapegue.com\\\/site\\\/wp-content\\\/uploads\\\/2021\\\/04\\\/logo_header-1.png\",\"url\":\"https:\\\/\\\/sergiolapegue.com\\\/site\\\/wp-content\\\/uploads\\\/2021\\\/04\\\/logo_header-1.png\",\"contentUrl\":\"https:\\\/\\\/sergiolapegue.com\\\/site\\\/wp-content\\\/uploads\\\/2021\\\/04\\\/logo_header-1.png\",\"width\":272,\"height\":90,\"caption\":\"Sergio Lapegue\"},\"logo\":{\"@id\":\"https:\\\/\\\/sergiolapegue.com\\\/site\\\/wp-content\\\/uploads\\\/2021\\\/04\\\/logo_header-1.png\"},\"sameAs\":[\"https:\\\/\\\/facebook.com\\\/sergiolapegue\",\"https:\\\/\\\/instagram.com\\\/sergiolapegue\",\"https:\\\/\\\/x.com\\\/https:\\\/\\\/twitter.com\\\/sergiolapegue\"]},{\"@type\":\"Person\",\"@id\":\"https:\\\/\\\/sergiolapegue.com\\\/site\\\/#\\\/schema\\\/person\\\/9198e7dbab43c6d74d0fd5399af7c3cd\",\"name\":\"Daniel E. Monta\u00f1a\",\"image\":{\"@type\":\"ImageObject\",\"inLanguage\":\"es-AR\",\"@id\":\"https:\\\/\\\/sergiolapegue.com\\\/site\\\/wp-content\\\/uploads\\\/2021\\\/04\\\/sl_avatar_Daniel-150x150.jpg\",\"url\":\"https:\\\/\\\/sergiolapegue.com\\\/site\\\/wp-content\\\/uploads\\\/2021\\\/04\\\/sl_avatar_Daniel-150x150.jpg\",\"contentUrl\":\"https:\\\/\\\/sergiolapegue.com\\\/site\\\/wp-content\\\/uploads\\\/2021\\\/04\\\/sl_avatar_Daniel-150x150.jpg\",\"caption\":\"Daniel E. Monta\u00f1a\"},\"sameAs\":[\"https:\\\/\\\/facebook.com\\\/danielernesto.montana\",\"https:\\\/\\\/instagram.com\\\/daniel_montana1961\",\"https:\\\/\\\/x.com\\\/https:\\\/\\\/twitter.com\\\/daner_004\"],\"url\":\"https:\\\/\\\/sergiolapegue.com\\\/site\\\/author\\\/daniel\\\/\"}]}<\/script>\n<!-- \/ Yoast SEO plugin. -->","yoast_head_json":{"title":"Christian Lange presenta \"Espacios vac\u00edos\" - Sergio Lapegue","robots":{"index":"index","follow":"follow","max-snippet":"max-snippet:-1","max-image-preview":"max-image-preview:large","max-video-preview":"max-video-preview:-1"},"canonical":"https:\/\/sergiolapegue.com\/site\/2025\/06\/10\/christian-lange-presenta-espacios-vacios\/","og_locale":"es_ES","og_type":"article","og_title":"Christian Lange presenta \"Espacios vac\u00edos\" - Sergio Lapegue","og_description":"Este es mi tercer libro de narrativa, tras las novelas \u00abTr\u00edo\u00bb (Simurg, 2014) y \u00abPersistencias de la memoria\u00bb (El Bien del Sauce, 2021). Quien haya le\u00eddo los anteriores, encontrar\u00e1 acaso referencias y recurrencias, variaciones, continuidades y rupturas, formas de dialogar y tender puentes, conexiones entre los elementos de ese conjunto en desarrollo. \u00abEspacios vac\u00edos\u00bb cierra [&hellip;]","og_url":"https:\/\/sergiolapegue.com\/site\/2025\/06\/10\/christian-lange-presenta-espacios-vacios\/","og_site_name":"Sergio Lapegue","article_publisher":"https:\/\/facebook.com\/sergiolapegue","article_author":"https:\/\/facebook.com\/danielernesto.montana","article_published_time":"2025-06-10T20:11:09+00:00","article_modified_time":"2025-06-10T20:11:10+00:00","og_image":[{"width":634,"height":1032,"url":"https:\/\/sergiolapegue.com\/site\/wp-content\/uploads\/2025\/06\/Espacios-vacios.png","type":"image\/png"}],"author":"Daniel E. Monta\u00f1a","twitter_card":"summary_large_image","twitter_creator":"@https:\/\/twitter.com\/daner_004","twitter_site":"@sergiolapegue","twitter_misc":{"Escrito por":"Daniel E. Monta\u00f1a","Tiempo de lectura":"5 minutos"},"schema":{"@context":"https:\/\/schema.org","@graph":[{"@type":"Article","@id":"https:\/\/sergiolapegue.com\/site\/2025\/06\/10\/christian-lange-presenta-espacios-vacios\/#article","isPartOf":{"@id":"https:\/\/sergiolapegue.com\/site\/2025\/06\/10\/christian-lange-presenta-espacios-vacios\/"},"author":{"name":"Daniel E. Monta\u00f1a","@id":"https:\/\/sergiolapegue.com\/site\/#\/schema\/person\/9198e7dbab43c6d74d0fd5399af7c3cd"},"headline":"Christian Lange presenta &#8220;Espacios vac\u00edos&#8221;","datePublished":"2025-06-10T20:11:09+00:00","dateModified":"2025-06-10T20:11:10+00:00","mainEntityOfPage":{"@id":"https:\/\/sergiolapegue.com\/site\/2025\/06\/10\/christian-lange-presenta-espacios-vacios\/"},"wordCount":851,"publisher":{"@id":"https:\/\/sergiolapegue.com\/site\/#\/schema\/person\/083aeceeb0734cd166779ea6c0551a37"},"image":{"@id":"https:\/\/sergiolapegue.com\/site\/2025\/06\/10\/christian-lange-presenta-espacios-vacios\/#primaryimage"},"thumbnailUrl":"https:\/\/sergiolapegue.com\/site\/wp-content\/uploads\/2025\/06\/Espacios-vacios.png","keywords":["espacios vacios","libro","narrativa","novela"],"articleSection":["Arte","Libros"],"inLanguage":"es-AR"},{"@type":"WebPage","@id":"https:\/\/sergiolapegue.com\/site\/2025\/06\/10\/christian-lange-presenta-espacios-vacios\/","url":"https:\/\/sergiolapegue.com\/site\/2025\/06\/10\/christian-lange-presenta-espacios-vacios\/","name":"Christian Lange presenta \"Espacios vac\u00edos\" - Sergio Lapegue","isPartOf":{"@id":"https:\/\/sergiolapegue.com\/site\/#website"},"primaryImageOfPage":{"@id":"https:\/\/sergiolapegue.com\/site\/2025\/06\/10\/christian-lange-presenta-espacios-vacios\/#primaryimage"},"image":{"@id":"https:\/\/sergiolapegue.com\/site\/2025\/06\/10\/christian-lange-presenta-espacios-vacios\/#primaryimage"},"thumbnailUrl":"https:\/\/sergiolapegue.com\/site\/wp-content\/uploads\/2025\/06\/Espacios-vacios.png","datePublished":"2025-06-10T20:11:09+00:00","dateModified":"2025-06-10T20:11:10+00:00","breadcrumb":{"@id":"https:\/\/sergiolapegue.com\/site\/2025\/06\/10\/christian-lange-presenta-espacios-vacios\/#breadcrumb"},"inLanguage":"es-AR","potentialAction":[{"@type":"ReadAction","target":["https:\/\/sergiolapegue.com\/site\/2025\/06\/10\/christian-lange-presenta-espacios-vacios\/"]}]},{"@type":"ImageObject","inLanguage":"es-AR","@id":"https:\/\/sergiolapegue.com\/site\/2025\/06\/10\/christian-lange-presenta-espacios-vacios\/#primaryimage","url":"https:\/\/sergiolapegue.com\/site\/wp-content\/uploads\/2025\/06\/Espacios-vacios.png","contentUrl":"https:\/\/sergiolapegue.com\/site\/wp-content\/uploads\/2025\/06\/Espacios-vacios.png","width":634,"height":1032},{"@type":"BreadcrumbList","@id":"https:\/\/sergiolapegue.com\/site\/2025\/06\/10\/christian-lange-presenta-espacios-vacios\/#breadcrumb","itemListElement":[{"@type":"ListItem","position":1,"name":"Inicio","item":"https:\/\/sergiolapegue.com\/site\/"},{"@type":"ListItem","position":2,"name":"Christian Lange presenta &#8220;Espacios vac\u00edos&#8221;"}]},{"@type":"WebSite","@id":"https:\/\/sergiolapegue.com\/site\/#website","url":"https:\/\/sergiolapegue.com\/site\/","name":"Sergio Lapegue","description":"Periodista","publisher":{"@id":"https:\/\/sergiolapegue.com\/site\/#\/schema\/person\/083aeceeb0734cd166779ea6c0551a37"},"potentialAction":[{"@type":"SearchAction","target":{"@type":"EntryPoint","urlTemplate":"https:\/\/sergiolapegue.com\/site\/?s={search_term_string}"},"query-input":{"@type":"PropertyValueSpecification","valueRequired":true,"valueName":"search_term_string"}}],"inLanguage":"es-AR"},{"@type":["Person","Organization"],"@id":"https:\/\/sergiolapegue.com\/site\/#\/schema\/person\/083aeceeb0734cd166779ea6c0551a37","name":"Sergio Lapegue","image":{"@type":"ImageObject","inLanguage":"es-AR","@id":"https:\/\/sergiolapegue.com\/site\/wp-content\/uploads\/2021\/04\/logo_header-1.png","url":"https:\/\/sergiolapegue.com\/site\/wp-content\/uploads\/2021\/04\/logo_header-1.png","contentUrl":"https:\/\/sergiolapegue.com\/site\/wp-content\/uploads\/2021\/04\/logo_header-1.png","width":272,"height":90,"caption":"Sergio Lapegue"},"logo":{"@id":"https:\/\/sergiolapegue.com\/site\/wp-content\/uploads\/2021\/04\/logo_header-1.png"},"sameAs":["https:\/\/facebook.com\/sergiolapegue","https:\/\/instagram.com\/sergiolapegue","https:\/\/x.com\/https:\/\/twitter.com\/sergiolapegue"]},{"@type":"Person","@id":"https:\/\/sergiolapegue.com\/site\/#\/schema\/person\/9198e7dbab43c6d74d0fd5399af7c3cd","name":"Daniel E. Monta\u00f1a","image":{"@type":"ImageObject","inLanguage":"es-AR","@id":"https:\/\/sergiolapegue.com\/site\/wp-content\/uploads\/2021\/04\/sl_avatar_Daniel-150x150.jpg","url":"https:\/\/sergiolapegue.com\/site\/wp-content\/uploads\/2021\/04\/sl_avatar_Daniel-150x150.jpg","contentUrl":"https:\/\/sergiolapegue.com\/site\/wp-content\/uploads\/2021\/04\/sl_avatar_Daniel-150x150.jpg","caption":"Daniel E. Monta\u00f1a"},"sameAs":["https:\/\/facebook.com\/danielernesto.montana","https:\/\/instagram.com\/daniel_montana1961","https:\/\/x.com\/https:\/\/twitter.com\/daner_004"],"url":"https:\/\/sergiolapegue.com\/site\/author\/daniel\/"}]}},"_links":{"self":[{"href":"https:\/\/sergiolapegue.com\/site\/wp-json\/wp\/v2\/posts\/23382","targetHints":{"allow":["GET"]}}],"collection":[{"href":"https:\/\/sergiolapegue.com\/site\/wp-json\/wp\/v2\/posts"}],"about":[{"href":"https:\/\/sergiolapegue.com\/site\/wp-json\/wp\/v2\/types\/post"}],"author":[{"embeddable":true,"href":"https:\/\/sergiolapegue.com\/site\/wp-json\/wp\/v2\/users\/3"}],"replies":[{"embeddable":true,"href":"https:\/\/sergiolapegue.com\/site\/wp-json\/wp\/v2\/comments?post=23382"}],"version-history":[{"count":1,"href":"https:\/\/sergiolapegue.com\/site\/wp-json\/wp\/v2\/posts\/23382\/revisions"}],"predecessor-version":[{"id":23387,"href":"https:\/\/sergiolapegue.com\/site\/wp-json\/wp\/v2\/posts\/23382\/revisions\/23387"}],"wp:featuredmedia":[{"embeddable":true,"href":"https:\/\/sergiolapegue.com\/site\/wp-json\/wp\/v2\/media\/23386"}],"wp:attachment":[{"href":"https:\/\/sergiolapegue.com\/site\/wp-json\/wp\/v2\/media?parent=23382"}],"wp:term":[{"taxonomy":"category","embeddable":true,"href":"https:\/\/sergiolapegue.com\/site\/wp-json\/wp\/v2\/categories?post=23382"},{"taxonomy":"post_tag","embeddable":true,"href":"https:\/\/sergiolapegue.com\/site\/wp-json\/wp\/v2\/tags?post=23382"}],"curies":[{"name":"wp","href":"https:\/\/api.w.org\/{rel}","templated":true}]}}