{"id":23348,"date":"2025-06-11T01:00:00","date_gmt":"2025-06-11T04:00:00","guid":{"rendered":"https:\/\/sergiolapegue.com\/site\/?p=23348"},"modified":"2025-06-10T15:19:18","modified_gmt":"2025-06-10T18:19:18","slug":"no-olvide-sus-efectos-personales","status":"publish","type":"post","link":"https:\/\/sergiolapegue.com\/site\/2025\/06\/11\/no-olvide-sus-efectos-personales\/","title":{"rendered":"\u201cNO OLVIDE SUS EFECTOS PERSONALES\u201d"},"content":{"rendered":"\n<p>El jueves 19 de junio se estrena \u201cNo olvide sus efectos personales\u201d, se trata de un mon\u00f3logo potente y conmovedor, escrito por la inigualable\u00a0Diana Raznovich, referente del teatro pol\u00edtico y feminista latinoamericano, con direcci\u00f3n de\u00a0Cecilia Propato, especialista en teatro inmersivo y unipersonales.<\/p>\n\n\n\n<p>En escena,\u00a0Silvia Dietrich<strong>\u00a0<\/strong>encarna a una mujer varada en un aeropuerto sin tiempo ni lugar, que abre valijas ajenas como quien abre heridas propias.<\/p>\n\n\n\n<p>Una experiencia \u00edntima y po\u00e9tica que interpela, emociona y desnuda \u2014 con humor y crudeza \u2013 la fragilidad de nuestra identidad cuando el sistema nos hace desaparecer.<\/p>\n\n\n\n<p>Las funciones ser\u00e1n a las 22:00 horas en \u00cdtaca Complejo Teatral.<\/p>\n\n\n\n<figure class=\"wp-block-image size-large\"><img loading=\"lazy\" decoding=\"async\" width=\"1024\" height=\"860\" src=\"https:\/\/sergiolapegue.com\/site\/wp-content\/uploads\/2025\/06\/No-olvide-sus-efectos-personales-2-1024x860.jpg\" alt=\"\" class=\"wp-image-23349\" srcset=\"https:\/\/sergiolapegue.com\/site\/wp-content\/uploads\/2025\/06\/No-olvide-sus-efectos-personales-2-1024x860.jpg 1024w, https:\/\/sergiolapegue.com\/site\/wp-content\/uploads\/2025\/06\/No-olvide-sus-efectos-personales-2-300x252.jpg 300w, https:\/\/sergiolapegue.com\/site\/wp-content\/uploads\/2025\/06\/No-olvide-sus-efectos-personales-2-768x645.jpg 768w, https:\/\/sergiolapegue.com\/site\/wp-content\/uploads\/2025\/06\/No-olvide-sus-efectos-personales-2-500x420.jpg 500w, https:\/\/sergiolapegue.com\/site\/wp-content\/uploads\/2025\/06\/No-olvide-sus-efectos-personales-2-696x585.jpg 696w, https:\/\/sergiolapegue.com\/site\/wp-content\/uploads\/2025\/06\/No-olvide-sus-efectos-personales-2-1068x897.jpg 1068w, https:\/\/sergiolapegue.com\/site\/wp-content\/uploads\/2025\/06\/No-olvide-sus-efectos-personales-2.jpg 1080w\" sizes=\"auto, (max-width: 1024px) 100vw, 1024px\" \/><\/figure>\n\n\n\n<p><strong>SINOPSIS<\/strong><\/p>\n\n\n\n<p>\u201cNo olvide sus efectos personales\u201d es un mon\u00f3logo unipersonal que tiene como protagonista a Casalia Belprop, apodada \u201cDiva\u201d por sus admiradores, quien est\u00e1 atrapada en un dep\u00f3sito de equipajes de un aeropuerto en alg\u00fan sitio posible del planeta tierra en un contexto contempor\u00e1neo no identificado.<\/p>\n\n\n\n<p>Belprop, rodeada de maletas an\u00f3nimas, que se vislumbran subjetivadas, abre todas las valijas con el objetivo de hallar sus efectos personales. En esta b\u00fasqueda desesperada y ante la falta de respuesta de alg\u00fan representante del sistema, va encontrando pertenencias que la interpelan, la emocionan y se transforman en puente hacia su propia historia, deseos y contradicciones.<\/p>\n\n\n\n<p>\u201c\u00bfD\u00f3nde estamos? \u00bfC\u00f3mo hemos ca\u00eddo en esta trampa? \u00bfHay salida?\u201d, se pregunta Casalia Belprop.<\/p>\n\n\n\n<figure class=\"wp-block-image size-large\"><img loading=\"lazy\" decoding=\"async\" width=\"1024\" height=\"576\" src=\"https:\/\/sergiolapegue.com\/site\/wp-content\/uploads\/2025\/06\/No-olvide-sus-efectos-personales-1-1024x576.jpg\" alt=\"\" class=\"wp-image-23350\" srcset=\"https:\/\/sergiolapegue.com\/site\/wp-content\/uploads\/2025\/06\/No-olvide-sus-efectos-personales-1-1024x576.jpg 1024w, https:\/\/sergiolapegue.com\/site\/wp-content\/uploads\/2025\/06\/No-olvide-sus-efectos-personales-1-300x169.jpg 300w, https:\/\/sergiolapegue.com\/site\/wp-content\/uploads\/2025\/06\/No-olvide-sus-efectos-personales-1-768x432.jpg 768w, https:\/\/sergiolapegue.com\/site\/wp-content\/uploads\/2025\/06\/No-olvide-sus-efectos-personales-1-1536x864.jpg 1536w, https:\/\/sergiolapegue.com\/site\/wp-content\/uploads\/2025\/06\/No-olvide-sus-efectos-personales-1-747x420.jpg 747w, https:\/\/sergiolapegue.com\/site\/wp-content\/uploads\/2025\/06\/No-olvide-sus-efectos-personales-1-696x392.jpg 696w, https:\/\/sergiolapegue.com\/site\/wp-content\/uploads\/2025\/06\/No-olvide-sus-efectos-personales-1-1068x601.jpg 1068w, https:\/\/sergiolapegue.com\/site\/wp-content\/uploads\/2025\/06\/No-olvide-sus-efectos-personales-1.jpg 1920w\" sizes=\"auto, (max-width: 1024px) 100vw, 1024px\" \/><\/figure>\n\n\n\n<p><strong>FICHA T\u00c9CNICO ART\u00cdSTICA<\/strong><\/p>\n\n\n\n<p><strong>Autor\u00eda:<\/strong> Diana Raznovich<\/p>\n\n\n\n<p><strong>Act\u00faa:<\/strong> Silvia Dietrich<\/p>\n\n\n\n<p><strong>Vestuario:<\/strong> Emma Yorio<\/p>\n\n\n\n<p><strong>Dise\u00f1o de escenograf\u00eda:<\/strong> Cecilia Propato<\/p>\n\n\n\n<p><strong>M\u00fasica:<\/strong> Saint Germain (Ludovic Navarre)<\/p>\n\n\n\n<p><strong>Dise\u00f1o de iluminaci\u00f3n:<\/strong> Luciana Giacobbe<\/p>\n\n\n\n<p><strong>Fotograf\u00eda:<\/strong> Juana Ghersa<\/p>\n\n\n\n<p><strong>Dise\u00f1o gr\u00e1fico:<\/strong> Nacho Rojas<\/p>\n\n\n\n<p><strong>Asistencia de direcci\u00f3n:<\/strong> Cecilia De Maggio<\/p>\n\n\n\n<p><strong>Dise\u00f1o de movimientos:<\/strong> Lucila Meira<\/p>\n\n\n\n<p><strong>Coreograf\u00eda:<\/strong> Lucila Meira<\/p>\n\n\n\n<p><strong>Puesta en escena:<\/strong> Cecilia Propato<\/p>\n\n\n\n<p><strong>Direcci\u00f3n:<\/strong> Cecilia Propato<\/p>\n\n\n\n<p><strong>Duraci\u00f3n:<\/strong> 60 minutos<\/p>\n\n\n\n<p><strong>Clasificaci\u00f3n:<\/strong> Teatro \u2013 Presencial \u2013 Adultos<\/p>\n\n\n\n<figure class=\"wp-block-image size-full\"><img loading=\"lazy\" decoding=\"async\" width=\"1019\" height=\"1019\" src=\"https:\/\/sergiolapegue.com\/site\/wp-content\/uploads\/2025\/06\/No-olvide-sus-efectos-personales-3.jpg\" alt=\"\" class=\"wp-image-23351\" srcset=\"https:\/\/sergiolapegue.com\/site\/wp-content\/uploads\/2025\/06\/No-olvide-sus-efectos-personales-3.jpg 1019w, https:\/\/sergiolapegue.com\/site\/wp-content\/uploads\/2025\/06\/No-olvide-sus-efectos-personales-3-300x300.jpg 300w, https:\/\/sergiolapegue.com\/site\/wp-content\/uploads\/2025\/06\/No-olvide-sus-efectos-personales-3-150x150.jpg 150w, https:\/\/sergiolapegue.com\/site\/wp-content\/uploads\/2025\/06\/No-olvide-sus-efectos-personales-3-768x768.jpg 768w, https:\/\/sergiolapegue.com\/site\/wp-content\/uploads\/2025\/06\/No-olvide-sus-efectos-personales-3-420x420.jpg 420w, https:\/\/sergiolapegue.com\/site\/wp-content\/uploads\/2025\/06\/No-olvide-sus-efectos-personales-3-696x696.jpg 696w\" sizes=\"auto, (max-width: 1019px) 100vw, 1019px\" \/><\/figure>\n\n\n\n<p><strong>\u00cdTACA COMPLEJO TEATRAL<\/strong><\/p>\n\n\n\n<p>Humahuaca 4027 \u2013 Capital Federal \u2013 Buenos Aires \u2013 Argentina<\/p>\n\n\n\n<p>Tel\u00e9fonos: 75493926 \u2013 WhatsApp 11 6669 4027<\/p>\n\n\n\n<p>Web: <a href=\"https:\/\/www.instagram.com\/itacacomplejoteatral\/\">https:\/\/www.instagram.com\/itacacomplejoteatral\/<\/a><\/p>\n\n\n\n<p>Entradas: $ 15.000 \u2013 en boleter\u00eda del teatro o por Alternativa Teatral \u2013 Link:<\/p>\n\n\n\n<p><a href=\"https:\/\/www.alternativateatral.com\/obra95399-no-olvide-sus-efectos-personales\">https:\/\/www.alternativateatral.com\/obra95399-no-olvide-sus-efectos-personales<\/a><\/p>\n\n\n\n<p>Funciones: Jueves 22:00 horas \u2013 Del 19\/06\/2025 al 31\/07\/2025<\/p>\n\n\n\n<p>Gracias Juan Jos\u00e9 Postararo por enviarnos la gacetilla de prensa del estreno de este espect\u00e1culo. &nbsp;<\/p>\n\n\n\n<p><\/p>\n\n\n\n<figure class=\"wp-block-image size-full is-resized\"><img loading=\"lazy\" decoding=\"async\" width=\"726\" height=\"511\" src=\"https:\/\/sergiolapegue.com\/site\/wp-content\/uploads\/2025\/06\/No-olvide-sus-efectos-personales-Diana-Raznovich.jpg\" alt=\"\" class=\"wp-image-23352\" style=\"width:333px;height:auto\" srcset=\"https:\/\/sergiolapegue.com\/site\/wp-content\/uploads\/2025\/06\/No-olvide-sus-efectos-personales-Diana-Raznovich.jpg 726w, https:\/\/sergiolapegue.com\/site\/wp-content\/uploads\/2025\/06\/No-olvide-sus-efectos-personales-Diana-Raznovich-300x211.jpg 300w, https:\/\/sergiolapegue.com\/site\/wp-content\/uploads\/2025\/06\/No-olvide-sus-efectos-personales-Diana-Raznovich-597x420.jpg 597w, https:\/\/sergiolapegue.com\/site\/wp-content\/uploads\/2025\/06\/No-olvide-sus-efectos-personales-Diana-Raznovich-696x490.jpg 696w\" sizes=\"auto, (max-width: 726px) 100vw, 726px\" \/><\/figure>\n\n\n\n<p><strong>SOBRE DIANA RAZNOVICH<\/strong><\/p>\n\n\n\n<p>Naci\u00f3 en Buenos Aires en 1945 y es una destacada autora teatral con reconocimiento nacional e internacional. Comenz\u00f3 su carrera a fines de los a\u00f1os 60 con obras emblem\u00e1ticas como Buscapi\u00e9s (1968) y Plaza hay una sola (1969), estrenadas en el Teatro San Mart\u00edn y espacios emblem\u00e1ticos de Buenos Aires. Su teatro se caracteriza por un humor cr\u00edtico y pol\u00edtico, con un compromiso firme hacia la igualdad de g\u00e9nero, y una est\u00e9tica rupturista que ha sido ampliamente estudiada en el \u00e1mbito acad\u00e9mico.<\/p>\n\n\n\n<p>Durante la dictadura militar argentina, se exili\u00f3 en Espa\u00f1a, pa\u00eds con el que mantiene una relaci\u00f3n constante, viviendo entre ambos continentes. Entre sus obras m\u00e1s reconocidas se encuentran Desconcierto (1981), Casa Matriz (1993) y Jard\u00edn de Oto\u00f1o (1984), piezas que han sido traducidas y presentadas en varios idiomas y pa\u00edses. Adem\u00e1s, Raznovich ha publicado varios libros de teatro, antolog\u00edas biling\u00fces y novelas, consolidando su obra literaria y teatral con ediciones en castellano, ingl\u00e9s y alem\u00e1n.<\/p>\n\n\n\n<p>Su trabajo ha sido galardonado con importantes premios, como la Beca Guggenheim y el Premio Argentores, y destaca por su aporte art\u00edstico y su lucha contra la violencia de g\u00e9nero. Diana Raznovich contin\u00faa vigente con producciones actuales y mantiene un lugar privilegiado en el teatro contempor\u00e1neo latinoamericano, desafiando siempre las convenciones desde una mirada cr\u00edtica y humor\u00edstica.<\/p>\n\n\n\n<figure class=\"wp-block-image size-full is-resized\"><img loading=\"lazy\" decoding=\"async\" width=\"519\" height=\"519\" src=\"https:\/\/sergiolapegue.com\/site\/wp-content\/uploads\/2025\/06\/No-olvide-sus-efectos-personales-Cecilia-Propato.jpg\" alt=\"\" class=\"wp-image-23353\" style=\"width:332px;height:auto\" srcset=\"https:\/\/sergiolapegue.com\/site\/wp-content\/uploads\/2025\/06\/No-olvide-sus-efectos-personales-Cecilia-Propato.jpg 519w, https:\/\/sergiolapegue.com\/site\/wp-content\/uploads\/2025\/06\/No-olvide-sus-efectos-personales-Cecilia-Propato-300x300.jpg 300w, https:\/\/sergiolapegue.com\/site\/wp-content\/uploads\/2025\/06\/No-olvide-sus-efectos-personales-Cecilia-Propato-150x150.jpg 150w, https:\/\/sergiolapegue.com\/site\/wp-content\/uploads\/2025\/06\/No-olvide-sus-efectos-personales-Cecilia-Propato-420x420.jpg 420w\" sizes=\"auto, (max-width: 519px) 100vw, 519px\" \/><\/figure>\n\n\n\n<p><strong>SOBRE CECILIA PROPATO<\/strong><\/p>\n\n\n\n<p>Es una artista integral de la palabra y del espacio, especializada en Real Self, teatro inmersivo y unipersonales. Dramaturga, guionista, directora y docente, cuenta con m\u00e1s de cincuenta obras escritas, entre ellas Romancito, La 45, El conejo es un animal dom\u00e9stico, Diversi\u00f3n, Y ella no contesta (tr\u00edptico de mujeres), Pieza 27 y El Fitito. Varias de estas obras recibieron premios nacionales e internacionales y se han estrenado en Argentina y en el exterior.<\/p>\n\n\n\n<p>Ha ganado en dos ocasiones el concurso Teatro x la Identidad con En lo de Chou y Pri, una tragedia urbana. En 2009\/10 obtuvo la Beca de Creaci\u00f3n Dramat\u00fargica Iberescena para escribir Ovidio y Victoria. Es autora y directora del d\u00edptico unipersonal Bildungsroman (2013-2020), que tuvo gran repercusi\u00f3n. Propato tambi\u00e9n cre\u00f3 y dirige el espect\u00e1culo inmersivo \u00bfQuer\u00e9s ser feliz o tener poder?, basado en veinte micromonologos, reconocido y apoyado por el Fondo Nacional de las Artes y declarado de inter\u00e9s cultural.<\/p>\n\n\n\n<p>Adem\u00e1s, es profesora en la ENERC (INCAA), la Universidad de Buenos Aires (UBA), el Centro Cultural Ricardo Rojas y otras instituciones, donde dicta cursos y seminarios sobre dramaturgia, guion, puesta en escena, y formatos audiovisuales. Su investigaci\u00f3n se centra en la cultura y literatura del siglo XIX, g\u00e9neros fant\u00e1stico, terror y policial, y especialmente en Alicia en el Pa\u00eds de las Maravillas de Lewis Carroll y su influencia en las artes.<\/p>\n\n\n\n<p>Entre sus publicaciones se destaca el libro V\u00ednculos inquietantes (Eudeba-Proteatro), que re\u00fane cuatro obras propias. Actualmente dirige y autoriza obras como Grados Celsius, \u00bfC\u00f3mo evitar romper las cosas? y No olvide sus efectos personales (de Diana Raznovich), y prepara estrenos para 2025 como Vampiria, \u00bfQuer\u00e9s ser feliz o tener raz\u00f3n? y Proyecto Ocampo.<\/p>\n\n\n\n<p>Ha sido jurada en premios prestigiosos, impartido seminarios con gran repercusi\u00f3n y est\u00e1 desarrollando proyectos audiovisuales y libros sobre dramaturgia y t\u00e9cnica del mon\u00f3logo. Su trabajo abarca adem\u00e1s el campo visual con exposiciones de collage y la realizaci\u00f3n audiovisual, trabajando actualmente en un documental.<\/p>\n\n\n\n<p><\/p>\n","protected":false},"excerpt":{"rendered":"<p>El jueves 19 de junio se estrena \u201cNo olvide sus efectos personales\u201d, se trata de un mon\u00f3logo potente y conmovedor, escrito por la inigualable\u00a0Diana Raznovich, referente del teatro pol\u00edtico y feminista latinoamericano, con direcci\u00f3n de\u00a0Cecilia Propato, especialista en teatro inmersivo y unipersonales. En escena,\u00a0Silvia Dietrich\u00a0encarna a una mujer varada en un aeropuerto sin tiempo ni [&hellip;]<\/p>\n","protected":false},"author":3,"featured_media":23354,"comment_status":"open","ping_status":"closed","sticky":false,"template":"","format":"standard","meta":{"footnotes":""},"categories":[34,35],"tags":[],"class_list":{"0":"post-23348","1":"post","2":"type-post","3":"status-publish","4":"format-standard","5":"has-post-thumbnail","7":"category-arte","8":"category-teatro"},"yoast_head":"<!-- This site is optimized with the Yoast SEO plugin v27.5 - https:\/\/yoast.com\/product\/yoast-seo-wordpress\/ -->\n<title>\u201cNO OLVIDE SUS EFECTOS PERSONALES\u201d - Sergio Lapegue<\/title>\n<meta name=\"robots\" content=\"index, follow, max-snippet:-1, max-image-preview:large, max-video-preview:-1\" \/>\n<link rel=\"canonical\" href=\"https:\/\/sergiolapegue.com\/site\/2025\/06\/11\/no-olvide-sus-efectos-personales\/\" \/>\n<meta property=\"og:locale\" content=\"es_ES\" \/>\n<meta property=\"og:type\" content=\"article\" \/>\n<meta property=\"og:title\" content=\"\u201cNO OLVIDE SUS EFECTOS PERSONALES\u201d - Sergio Lapegue\" \/>\n<meta property=\"og:description\" content=\"El jueves 19 de junio se estrena \u201cNo olvide sus efectos personales\u201d, se trata de un mon\u00f3logo potente y conmovedor, escrito por la inigualable\u00a0Diana Raznovich, referente del teatro pol\u00edtico y feminista latinoamericano, con direcci\u00f3n de\u00a0Cecilia Propato, especialista en teatro inmersivo y unipersonales. En escena,\u00a0Silvia Dietrich\u00a0encarna a una mujer varada en un aeropuerto sin tiempo ni [&hellip;]\" \/>\n<meta property=\"og:url\" content=\"https:\/\/sergiolapegue.com\/site\/2025\/06\/11\/no-olvide-sus-efectos-personales\/\" \/>\n<meta property=\"og:site_name\" content=\"Sergio Lapegue\" \/>\n<meta property=\"article:publisher\" content=\"https:\/\/facebook.com\/sergiolapegue\" \/>\n<meta property=\"article:author\" content=\"https:\/\/facebook.com\/danielernesto.montana\" \/>\n<meta property=\"article:published_time\" content=\"2025-06-11T04:00:00+00:00\" \/>\n<meta property=\"og:image\" content=\"https:\/\/sergiolapegue.com\/site\/wp-content\/uploads\/2025\/06\/No-olvide-sus-efectos-personales.jpg\" \/>\n\t<meta property=\"og:image:width\" content=\"1080\" \/>\n\t<meta property=\"og:image:height\" content=\"1350\" \/>\n\t<meta property=\"og:image:type\" content=\"image\/jpeg\" \/>\n<meta name=\"author\" content=\"Daniel E. Monta\u00f1a\" \/>\n<meta name=\"twitter:card\" content=\"summary_large_image\" \/>\n<meta name=\"twitter:creator\" content=\"@https:\/\/twitter.com\/daner_004\" \/>\n<meta name=\"twitter:site\" content=\"@sergiolapegue\" \/>\n<meta name=\"twitter:label1\" content=\"Escrito por\" \/>\n\t<meta name=\"twitter:data1\" content=\"Daniel E. Monta\u00f1a\" \/>\n\t<meta name=\"twitter:label2\" content=\"Tiempo de lectura\" \/>\n\t<meta name=\"twitter:data2\" content=\"6 minutos\" \/>\n<script type=\"application\/ld+json\" class=\"yoast-schema-graph\">{\"@context\":\"https:\\\/\\\/schema.org\",\"@graph\":[{\"@type\":\"Article\",\"@id\":\"https:\\\/\\\/sergiolapegue.com\\\/site\\\/2025\\\/06\\\/11\\\/no-olvide-sus-efectos-personales\\\/#article\",\"isPartOf\":{\"@id\":\"https:\\\/\\\/sergiolapegue.com\\\/site\\\/2025\\\/06\\\/11\\\/no-olvide-sus-efectos-personales\\\/\"},\"author\":{\"name\":\"Daniel E. Monta\u00f1a\",\"@id\":\"https:\\\/\\\/sergiolapegue.com\\\/site\\\/#\\\/schema\\\/person\\\/9198e7dbab43c6d74d0fd5399af7c3cd\"},\"headline\":\"\u201cNO OLVIDE SUS EFECTOS PERSONALES\u201d\",\"datePublished\":\"2025-06-11T04:00:00+00:00\",\"mainEntityOfPage\":{\"@id\":\"https:\\\/\\\/sergiolapegue.com\\\/site\\\/2025\\\/06\\\/11\\\/no-olvide-sus-efectos-personales\\\/\"},\"wordCount\":962,\"commentCount\":0,\"publisher\":{\"@id\":\"https:\\\/\\\/sergiolapegue.com\\\/site\\\/#\\\/schema\\\/person\\\/083aeceeb0734cd166779ea6c0551a37\"},\"image\":{\"@id\":\"https:\\\/\\\/sergiolapegue.com\\\/site\\\/2025\\\/06\\\/11\\\/no-olvide-sus-efectos-personales\\\/#primaryimage\"},\"thumbnailUrl\":\"https:\\\/\\\/sergiolapegue.com\\\/site\\\/wp-content\\\/uploads\\\/2025\\\/06\\\/No-olvide-sus-efectos-personales.jpg\",\"articleSection\":[\"Arte\",\"Teatro\"],\"inLanguage\":\"es-AR\",\"potentialAction\":[{\"@type\":\"CommentAction\",\"name\":\"Comment\",\"target\":[\"https:\\\/\\\/sergiolapegue.com\\\/site\\\/2025\\\/06\\\/11\\\/no-olvide-sus-efectos-personales\\\/#respond\"]}]},{\"@type\":\"WebPage\",\"@id\":\"https:\\\/\\\/sergiolapegue.com\\\/site\\\/2025\\\/06\\\/11\\\/no-olvide-sus-efectos-personales\\\/\",\"url\":\"https:\\\/\\\/sergiolapegue.com\\\/site\\\/2025\\\/06\\\/11\\\/no-olvide-sus-efectos-personales\\\/\",\"name\":\"\u201cNO OLVIDE SUS EFECTOS PERSONALES\u201d - Sergio Lapegue\",\"isPartOf\":{\"@id\":\"https:\\\/\\\/sergiolapegue.com\\\/site\\\/#website\"},\"primaryImageOfPage\":{\"@id\":\"https:\\\/\\\/sergiolapegue.com\\\/site\\\/2025\\\/06\\\/11\\\/no-olvide-sus-efectos-personales\\\/#primaryimage\"},\"image\":{\"@id\":\"https:\\\/\\\/sergiolapegue.com\\\/site\\\/2025\\\/06\\\/11\\\/no-olvide-sus-efectos-personales\\\/#primaryimage\"},\"thumbnailUrl\":\"https:\\\/\\\/sergiolapegue.com\\\/site\\\/wp-content\\\/uploads\\\/2025\\\/06\\\/No-olvide-sus-efectos-personales.jpg\",\"datePublished\":\"2025-06-11T04:00:00+00:00\",\"breadcrumb\":{\"@id\":\"https:\\\/\\\/sergiolapegue.com\\\/site\\\/2025\\\/06\\\/11\\\/no-olvide-sus-efectos-personales\\\/#breadcrumb\"},\"inLanguage\":\"es-AR\",\"potentialAction\":[{\"@type\":\"ReadAction\",\"target\":[\"https:\\\/\\\/sergiolapegue.com\\\/site\\\/2025\\\/06\\\/11\\\/no-olvide-sus-efectos-personales\\\/\"]}]},{\"@type\":\"ImageObject\",\"inLanguage\":\"es-AR\",\"@id\":\"https:\\\/\\\/sergiolapegue.com\\\/site\\\/2025\\\/06\\\/11\\\/no-olvide-sus-efectos-personales\\\/#primaryimage\",\"url\":\"https:\\\/\\\/sergiolapegue.com\\\/site\\\/wp-content\\\/uploads\\\/2025\\\/06\\\/No-olvide-sus-efectos-personales.jpg\",\"contentUrl\":\"https:\\\/\\\/sergiolapegue.com\\\/site\\\/wp-content\\\/uploads\\\/2025\\\/06\\\/No-olvide-sus-efectos-personales.jpg\",\"width\":1080,\"height\":1350},{\"@type\":\"BreadcrumbList\",\"@id\":\"https:\\\/\\\/sergiolapegue.com\\\/site\\\/2025\\\/06\\\/11\\\/no-olvide-sus-efectos-personales\\\/#breadcrumb\",\"itemListElement\":[{\"@type\":\"ListItem\",\"position\":1,\"name\":\"Inicio\",\"item\":\"https:\\\/\\\/sergiolapegue.com\\\/site\\\/\"},{\"@type\":\"ListItem\",\"position\":2,\"name\":\"\u201cNO OLVIDE SUS EFECTOS PERSONALES\u201d\"}]},{\"@type\":\"WebSite\",\"@id\":\"https:\\\/\\\/sergiolapegue.com\\\/site\\\/#website\",\"url\":\"https:\\\/\\\/sergiolapegue.com\\\/site\\\/\",\"name\":\"Sergio Lapegue\",\"description\":\"Periodista\",\"publisher\":{\"@id\":\"https:\\\/\\\/sergiolapegue.com\\\/site\\\/#\\\/schema\\\/person\\\/083aeceeb0734cd166779ea6c0551a37\"},\"potentialAction\":[{\"@type\":\"SearchAction\",\"target\":{\"@type\":\"EntryPoint\",\"urlTemplate\":\"https:\\\/\\\/sergiolapegue.com\\\/site\\\/?s={search_term_string}\"},\"query-input\":{\"@type\":\"PropertyValueSpecification\",\"valueRequired\":true,\"valueName\":\"search_term_string\"}}],\"inLanguage\":\"es-AR\"},{\"@type\":[\"Person\",\"Organization\"],\"@id\":\"https:\\\/\\\/sergiolapegue.com\\\/site\\\/#\\\/schema\\\/person\\\/083aeceeb0734cd166779ea6c0551a37\",\"name\":\"Sergio Lapegue\",\"image\":{\"@type\":\"ImageObject\",\"inLanguage\":\"es-AR\",\"@id\":\"https:\\\/\\\/sergiolapegue.com\\\/site\\\/wp-content\\\/uploads\\\/2021\\\/04\\\/logo_header-1.png\",\"url\":\"https:\\\/\\\/sergiolapegue.com\\\/site\\\/wp-content\\\/uploads\\\/2021\\\/04\\\/logo_header-1.png\",\"contentUrl\":\"https:\\\/\\\/sergiolapegue.com\\\/site\\\/wp-content\\\/uploads\\\/2021\\\/04\\\/logo_header-1.png\",\"width\":272,\"height\":90,\"caption\":\"Sergio Lapegue\"},\"logo\":{\"@id\":\"https:\\\/\\\/sergiolapegue.com\\\/site\\\/wp-content\\\/uploads\\\/2021\\\/04\\\/logo_header-1.png\"},\"sameAs\":[\"https:\\\/\\\/facebook.com\\\/sergiolapegue\",\"https:\\\/\\\/instagram.com\\\/sergiolapegue\",\"https:\\\/\\\/x.com\\\/https:\\\/\\\/twitter.com\\\/sergiolapegue\"]},{\"@type\":\"Person\",\"@id\":\"https:\\\/\\\/sergiolapegue.com\\\/site\\\/#\\\/schema\\\/person\\\/9198e7dbab43c6d74d0fd5399af7c3cd\",\"name\":\"Daniel E. Monta\u00f1a\",\"image\":{\"@type\":\"ImageObject\",\"inLanguage\":\"es-AR\",\"@id\":\"https:\\\/\\\/sergiolapegue.com\\\/site\\\/wp-content\\\/uploads\\\/2021\\\/04\\\/sl_avatar_Daniel-150x150.jpg\",\"url\":\"https:\\\/\\\/sergiolapegue.com\\\/site\\\/wp-content\\\/uploads\\\/2021\\\/04\\\/sl_avatar_Daniel-150x150.jpg\",\"contentUrl\":\"https:\\\/\\\/sergiolapegue.com\\\/site\\\/wp-content\\\/uploads\\\/2021\\\/04\\\/sl_avatar_Daniel-150x150.jpg\",\"caption\":\"Daniel E. Monta\u00f1a\"},\"sameAs\":[\"https:\\\/\\\/facebook.com\\\/danielernesto.montana\",\"https:\\\/\\\/instagram.com\\\/daniel_montana1961\",\"https:\\\/\\\/x.com\\\/https:\\\/\\\/twitter.com\\\/daner_004\"],\"url\":\"https:\\\/\\\/sergiolapegue.com\\\/site\\\/author\\\/daniel\\\/\"}]}<\/script>\n<!-- \/ Yoast SEO plugin. -->","yoast_head_json":{"title":"\u201cNO OLVIDE SUS EFECTOS PERSONALES\u201d - Sergio Lapegue","robots":{"index":"index","follow":"follow","max-snippet":"max-snippet:-1","max-image-preview":"max-image-preview:large","max-video-preview":"max-video-preview:-1"},"canonical":"https:\/\/sergiolapegue.com\/site\/2025\/06\/11\/no-olvide-sus-efectos-personales\/","og_locale":"es_ES","og_type":"article","og_title":"\u201cNO OLVIDE SUS EFECTOS PERSONALES\u201d - Sergio Lapegue","og_description":"El jueves 19 de junio se estrena \u201cNo olvide sus efectos personales\u201d, se trata de un mon\u00f3logo potente y conmovedor, escrito por la inigualable\u00a0Diana Raznovich, referente del teatro pol\u00edtico y feminista latinoamericano, con direcci\u00f3n de\u00a0Cecilia Propato, especialista en teatro inmersivo y unipersonales. En escena,\u00a0Silvia Dietrich\u00a0encarna a una mujer varada en un aeropuerto sin tiempo ni [&hellip;]","og_url":"https:\/\/sergiolapegue.com\/site\/2025\/06\/11\/no-olvide-sus-efectos-personales\/","og_site_name":"Sergio Lapegue","article_publisher":"https:\/\/facebook.com\/sergiolapegue","article_author":"https:\/\/facebook.com\/danielernesto.montana","article_published_time":"2025-06-11T04:00:00+00:00","og_image":[{"width":1080,"height":1350,"url":"https:\/\/sergiolapegue.com\/site\/wp-content\/uploads\/2025\/06\/No-olvide-sus-efectos-personales.jpg","type":"image\/jpeg"}],"author":"Daniel E. Monta\u00f1a","twitter_card":"summary_large_image","twitter_creator":"@https:\/\/twitter.com\/daner_004","twitter_site":"@sergiolapegue","twitter_misc":{"Escrito por":"Daniel E. Monta\u00f1a","Tiempo de lectura":"6 minutos"},"schema":{"@context":"https:\/\/schema.org","@graph":[{"@type":"Article","@id":"https:\/\/sergiolapegue.com\/site\/2025\/06\/11\/no-olvide-sus-efectos-personales\/#article","isPartOf":{"@id":"https:\/\/sergiolapegue.com\/site\/2025\/06\/11\/no-olvide-sus-efectos-personales\/"},"author":{"name":"Daniel E. Monta\u00f1a","@id":"https:\/\/sergiolapegue.com\/site\/#\/schema\/person\/9198e7dbab43c6d74d0fd5399af7c3cd"},"headline":"\u201cNO OLVIDE SUS EFECTOS PERSONALES\u201d","datePublished":"2025-06-11T04:00:00+00:00","mainEntityOfPage":{"@id":"https:\/\/sergiolapegue.com\/site\/2025\/06\/11\/no-olvide-sus-efectos-personales\/"},"wordCount":962,"commentCount":0,"publisher":{"@id":"https:\/\/sergiolapegue.com\/site\/#\/schema\/person\/083aeceeb0734cd166779ea6c0551a37"},"image":{"@id":"https:\/\/sergiolapegue.com\/site\/2025\/06\/11\/no-olvide-sus-efectos-personales\/#primaryimage"},"thumbnailUrl":"https:\/\/sergiolapegue.com\/site\/wp-content\/uploads\/2025\/06\/No-olvide-sus-efectos-personales.jpg","articleSection":["Arte","Teatro"],"inLanguage":"es-AR","potentialAction":[{"@type":"CommentAction","name":"Comment","target":["https:\/\/sergiolapegue.com\/site\/2025\/06\/11\/no-olvide-sus-efectos-personales\/#respond"]}]},{"@type":"WebPage","@id":"https:\/\/sergiolapegue.com\/site\/2025\/06\/11\/no-olvide-sus-efectos-personales\/","url":"https:\/\/sergiolapegue.com\/site\/2025\/06\/11\/no-olvide-sus-efectos-personales\/","name":"\u201cNO OLVIDE SUS EFECTOS PERSONALES\u201d - Sergio Lapegue","isPartOf":{"@id":"https:\/\/sergiolapegue.com\/site\/#website"},"primaryImageOfPage":{"@id":"https:\/\/sergiolapegue.com\/site\/2025\/06\/11\/no-olvide-sus-efectos-personales\/#primaryimage"},"image":{"@id":"https:\/\/sergiolapegue.com\/site\/2025\/06\/11\/no-olvide-sus-efectos-personales\/#primaryimage"},"thumbnailUrl":"https:\/\/sergiolapegue.com\/site\/wp-content\/uploads\/2025\/06\/No-olvide-sus-efectos-personales.jpg","datePublished":"2025-06-11T04:00:00+00:00","breadcrumb":{"@id":"https:\/\/sergiolapegue.com\/site\/2025\/06\/11\/no-olvide-sus-efectos-personales\/#breadcrumb"},"inLanguage":"es-AR","potentialAction":[{"@type":"ReadAction","target":["https:\/\/sergiolapegue.com\/site\/2025\/06\/11\/no-olvide-sus-efectos-personales\/"]}]},{"@type":"ImageObject","inLanguage":"es-AR","@id":"https:\/\/sergiolapegue.com\/site\/2025\/06\/11\/no-olvide-sus-efectos-personales\/#primaryimage","url":"https:\/\/sergiolapegue.com\/site\/wp-content\/uploads\/2025\/06\/No-olvide-sus-efectos-personales.jpg","contentUrl":"https:\/\/sergiolapegue.com\/site\/wp-content\/uploads\/2025\/06\/No-olvide-sus-efectos-personales.jpg","width":1080,"height":1350},{"@type":"BreadcrumbList","@id":"https:\/\/sergiolapegue.com\/site\/2025\/06\/11\/no-olvide-sus-efectos-personales\/#breadcrumb","itemListElement":[{"@type":"ListItem","position":1,"name":"Inicio","item":"https:\/\/sergiolapegue.com\/site\/"},{"@type":"ListItem","position":2,"name":"\u201cNO OLVIDE SUS EFECTOS PERSONALES\u201d"}]},{"@type":"WebSite","@id":"https:\/\/sergiolapegue.com\/site\/#website","url":"https:\/\/sergiolapegue.com\/site\/","name":"Sergio Lapegue","description":"Periodista","publisher":{"@id":"https:\/\/sergiolapegue.com\/site\/#\/schema\/person\/083aeceeb0734cd166779ea6c0551a37"},"potentialAction":[{"@type":"SearchAction","target":{"@type":"EntryPoint","urlTemplate":"https:\/\/sergiolapegue.com\/site\/?s={search_term_string}"},"query-input":{"@type":"PropertyValueSpecification","valueRequired":true,"valueName":"search_term_string"}}],"inLanguage":"es-AR"},{"@type":["Person","Organization"],"@id":"https:\/\/sergiolapegue.com\/site\/#\/schema\/person\/083aeceeb0734cd166779ea6c0551a37","name":"Sergio Lapegue","image":{"@type":"ImageObject","inLanguage":"es-AR","@id":"https:\/\/sergiolapegue.com\/site\/wp-content\/uploads\/2021\/04\/logo_header-1.png","url":"https:\/\/sergiolapegue.com\/site\/wp-content\/uploads\/2021\/04\/logo_header-1.png","contentUrl":"https:\/\/sergiolapegue.com\/site\/wp-content\/uploads\/2021\/04\/logo_header-1.png","width":272,"height":90,"caption":"Sergio Lapegue"},"logo":{"@id":"https:\/\/sergiolapegue.com\/site\/wp-content\/uploads\/2021\/04\/logo_header-1.png"},"sameAs":["https:\/\/facebook.com\/sergiolapegue","https:\/\/instagram.com\/sergiolapegue","https:\/\/x.com\/https:\/\/twitter.com\/sergiolapegue"]},{"@type":"Person","@id":"https:\/\/sergiolapegue.com\/site\/#\/schema\/person\/9198e7dbab43c6d74d0fd5399af7c3cd","name":"Daniel E. Monta\u00f1a","image":{"@type":"ImageObject","inLanguage":"es-AR","@id":"https:\/\/sergiolapegue.com\/site\/wp-content\/uploads\/2021\/04\/sl_avatar_Daniel-150x150.jpg","url":"https:\/\/sergiolapegue.com\/site\/wp-content\/uploads\/2021\/04\/sl_avatar_Daniel-150x150.jpg","contentUrl":"https:\/\/sergiolapegue.com\/site\/wp-content\/uploads\/2021\/04\/sl_avatar_Daniel-150x150.jpg","caption":"Daniel E. Monta\u00f1a"},"sameAs":["https:\/\/facebook.com\/danielernesto.montana","https:\/\/instagram.com\/daniel_montana1961","https:\/\/x.com\/https:\/\/twitter.com\/daner_004"],"url":"https:\/\/sergiolapegue.com\/site\/author\/daniel\/"}]}},"_links":{"self":[{"href":"https:\/\/sergiolapegue.com\/site\/wp-json\/wp\/v2\/posts\/23348","targetHints":{"allow":["GET"]}}],"collection":[{"href":"https:\/\/sergiolapegue.com\/site\/wp-json\/wp\/v2\/posts"}],"about":[{"href":"https:\/\/sergiolapegue.com\/site\/wp-json\/wp\/v2\/types\/post"}],"author":[{"embeddable":true,"href":"https:\/\/sergiolapegue.com\/site\/wp-json\/wp\/v2\/users\/3"}],"replies":[{"embeddable":true,"href":"https:\/\/sergiolapegue.com\/site\/wp-json\/wp\/v2\/comments?post=23348"}],"version-history":[{"count":1,"href":"https:\/\/sergiolapegue.com\/site\/wp-json\/wp\/v2\/posts\/23348\/revisions"}],"predecessor-version":[{"id":23355,"href":"https:\/\/sergiolapegue.com\/site\/wp-json\/wp\/v2\/posts\/23348\/revisions\/23355"}],"wp:featuredmedia":[{"embeddable":true,"href":"https:\/\/sergiolapegue.com\/site\/wp-json\/wp\/v2\/media\/23354"}],"wp:attachment":[{"href":"https:\/\/sergiolapegue.com\/site\/wp-json\/wp\/v2\/media?parent=23348"}],"wp:term":[{"taxonomy":"category","embeddable":true,"href":"https:\/\/sergiolapegue.com\/site\/wp-json\/wp\/v2\/categories?post=23348"},{"taxonomy":"post_tag","embeddable":true,"href":"https:\/\/sergiolapegue.com\/site\/wp-json\/wp\/v2\/tags?post=23348"}],"curies":[{"name":"wp","href":"https:\/\/api.w.org\/{rel}","templated":true}]}}