{"id":23241,"date":"2025-06-05T13:00:00","date_gmt":"2025-06-05T16:00:00","guid":{"rendered":"https:\/\/sergiolapegue.com\/site\/?p=23241"},"modified":"2025-06-04T20:23:07","modified_gmt":"2025-06-04T23:23:07","slug":"luccianos","status":"publish","type":"post","link":"https:\/\/sergiolapegue.com\/site\/2025\/06\/05\/luccianos\/","title":{"rendered":"LUCCIANO\u00b4S"},"content":{"rendered":"\n<p>Lucciano\u2019s anuncia una importante novedad para la marca: el lanzamiento de su primera l\u00ednea de&nbsp;tabletas de chocolate premium.<\/p>\n\n\n\n<p>A continuaci\u00f3n, algunos destacados:<\/p>\n\n\n\n<ul class=\"wp-block-list\">\n<li>Se trata de una l\u00ednea desarrollada con chocolate belga de primera calidad y m\u00e1s de\u00a0diez variedades, que incluyen sabores como 70% cacao, chocolate con dulce de leche, pistacchio y opciones sin az\u00facar agregado.<\/li>\n\n\n\n<li>El dise\u00f1o de packaging se inspira en\u00a0\u201cL\u2019Hotel del Cioccolato\u201d, una identidad visual que remite al lujo europeo y al concepto de regalo gourmet.<\/li>\n\n\n\n<li>El producto estar\u00e1 disponible desde el\u00a022 de mayo en todas las sucursales Lucciano\u2019s\u00a0del pa\u00eds, y en una segunda etapa llegar\u00e1 al canal retail y a mercados internacionales.<\/li>\n\n\n\n<li>La campa\u00f1a de lanzamiento apuesta por una est\u00e9tica de moda editorial, reforzando la narrativa de\u00a0lujo, elegancia y atenci\u00f3n al detalle.<\/li>\n<\/ul>\n\n\n\n<p>El anuncio refleja un nuevo paso en la&nbsp;diversificaci\u00f3n de productos&nbsp;de Lucciano\u2019s, con foco en conquistar el universo gourmet a nivel global.<\/p>\n\n\n\n<p>Lucciano\u2019s se expande en el segmento gourmet y lanza su primera l\u00ednea de tabletas de chocolate premium<\/p>\n\n\n\n<p>Lucciano\u2019s, la marca argentina reconocida por su crecimiento sostenido en el mercado del helado artesanal premium lanza su nueva l\u00ednea de&nbsp;tabletas de chocolate de alta calidad, un desarrollo que consolida su estrategia de diversificaci\u00f3n de productos con proyecci\u00f3n regional e internacional.<\/p>\n\n\n\n<p>Este lanzamiento marca la entrada de la empresa en una nueva categor\u00eda dentro del universo gourmet, y responde a una planificaci\u00f3n de expansi\u00f3n que comenz\u00f3 con la apertura de nuevos mercados internacionales y la incorporaci\u00f3n de productos para el canal retail.<\/p>\n\n\n\n<figure class=\"wp-block-image size-large\"><img loading=\"lazy\" decoding=\"async\" width=\"921\" height=\"1024\" src=\"https:\/\/sergiolapegue.com\/site\/wp-content\/uploads\/2025\/06\/Luccianos-1-921x1024.jpeg\" alt=\"\" class=\"wp-image-23242\" srcset=\"https:\/\/sergiolapegue.com\/site\/wp-content\/uploads\/2025\/06\/Luccianos-1-921x1024.jpeg 921w, https:\/\/sergiolapegue.com\/site\/wp-content\/uploads\/2025\/06\/Luccianos-1-270x300.jpeg 270w, https:\/\/sergiolapegue.com\/site\/wp-content\/uploads\/2025\/06\/Luccianos-1-768x854.jpeg 768w, https:\/\/sergiolapegue.com\/site\/wp-content\/uploads\/2025\/06\/Luccianos-1-1381x1536.jpeg 1381w, https:\/\/sergiolapegue.com\/site\/wp-content\/uploads\/2025\/06\/Luccianos-1-378x420.jpeg 378w, https:\/\/sergiolapegue.com\/site\/wp-content\/uploads\/2025\/06\/Luccianos-1-696x774.jpeg 696w, https:\/\/sergiolapegue.com\/site\/wp-content\/uploads\/2025\/06\/Luccianos-1-1068x1188.jpeg 1068w, https:\/\/sergiolapegue.com\/site\/wp-content\/uploads\/2025\/06\/Luccianos-1.jpeg 1400w\" sizes=\"auto, (max-width: 921px) 100vw, 921px\" \/><\/figure>\n\n\n\n<p><strong>UNA PROPUESTA PENSADA PARA COMPETIR EN EL MERCADO GLOBAL<\/strong><\/p>\n\n\n\n<p>Las nuevas tabletas fueron desarrolladas con chocolate belga de primera calidad y m\u00e1s de diez variedades que combinan sabores tradicionales y combinaciones sofisticadas. Est\u00e1n pensadas para competir en el segmento premium frente a marcas globales consolidadas, con foco en los atributos que ya posicionaron a Lucciano\u2019s en el rubro heladero:&nbsp;materia prima de excelencia, innovaci\u00f3n constante y est\u00e9tica diferencial.<\/p>\n\n\n\n<p>Las variedades incluyen opciones como&nbsp;chocolate con leche y almendras, 70% cacao, chocolate con dulce de leche, pistacchio, chocolate blanco con frutos del bosque, y versiones sin az\u00facar agregado.<\/p>\n\n\n\n<p>El dise\u00f1o de packaging responde al concepto visual de&nbsp;\u201cL\u2019Hotel del Cioccolato\u201d, una identidad que refuerza el posicionamiento de marca en el terreno del lujo accesible y el regalo gourmet. El envase incorpora detalles dorados, texturas premium y una est\u00e9tica que remite al universo hotelero europeo.<\/p>\n\n\n\n<figure class=\"wp-block-image size-large\"><img loading=\"lazy\" decoding=\"async\" width=\"879\" height=\"1024\" src=\"https:\/\/sergiolapegue.com\/site\/wp-content\/uploads\/2025\/06\/Luccianos-2-879x1024.jpeg\" alt=\"\" class=\"wp-image-23243\" srcset=\"https:\/\/sergiolapegue.com\/site\/wp-content\/uploads\/2025\/06\/Luccianos-2-879x1024.jpeg 879w, https:\/\/sergiolapegue.com\/site\/wp-content\/uploads\/2025\/06\/Luccianos-2-258x300.jpeg 258w, https:\/\/sergiolapegue.com\/site\/wp-content\/uploads\/2025\/06\/Luccianos-2-768x895.jpeg 768w, https:\/\/sergiolapegue.com\/site\/wp-content\/uploads\/2025\/06\/Luccianos-2-1318x1536.jpeg 1318w, https:\/\/sergiolapegue.com\/site\/wp-content\/uploads\/2025\/06\/Luccianos-2-361x420.jpeg 361w, https:\/\/sergiolapegue.com\/site\/wp-content\/uploads\/2025\/06\/Luccianos-2-696x811.jpeg 696w, https:\/\/sergiolapegue.com\/site\/wp-content\/uploads\/2025\/06\/Luccianos-2-1068x1244.jpeg 1068w, https:\/\/sergiolapegue.com\/site\/wp-content\/uploads\/2025\/06\/Luccianos-2.jpeg 1400w\" sizes=\"auto, (max-width: 879px) 100vw, 879px\" \/><\/figure>\n\n\n\n<p><strong>ESTRATEGIA COMERCIAL: DEL CANAL PROPIO AL RETAIL<\/strong><\/p>\n\n\n\n<p>El producto se lanzar\u00e1 de forma exclusiva en sucursales Lucciano\u2019s de todo el pa\u00eds a partir del&nbsp;22 de mayo, con una segunda etapa que contempla su incorporaci\u00f3n al canal retail y su ingreso a mercados internacionales.<\/p>\n\n\n\n<p><strong>CAMPA\u00d1A DE LANZAMIENTO<\/strong><\/p>\n\n\n\n<p>La campa\u00f1a, protagonizada por una modelo en clave editorial y est\u00e9tica de revista de moda, combina im\u00e1genes de alto impacto visual con acciones digitales y tradicionales en las principales ciudades del pa\u00eds. El universo de&nbsp;L\u2019Hotel del Cioccolato&nbsp;se traduce en una narrativa que conecta con el mundo de lujo, elegancia y atenci\u00f3n al detalle.<\/p>\n\n\n\n<p><strong>ACERCA DE LUCCIANO\u00b4S<\/strong><\/p>\n\n\n\n<p>Lucciano\u2019s es una empresa argentina de&nbsp;helados artesanales premium&nbsp;que ha logrado posicionarse como una de las m\u00e1s importantes a nivel internacional. Fundada en 2011 por&nbsp;Daniel y Christian Otero, la marca ha crecido r\u00e1pidamente, con m\u00e1s de 85 locales en&nbsp;Argentina, Estados Unidos, Italia, Espa\u00f1a y Uruguay. Lucciano\u2019s destaca por su&nbsp;compromiso con la calidad&nbsp;de sus productos y su&nbsp;innovaci\u00f3n constante&nbsp;en el dise\u00f1o de sus tiendas. La marca sigue expandi\u00e9ndose, llevando sus destacados sabores a nuevos mercados y consolid\u00e1ndose como l\u00edder en la industria del helado artesanal.<\/p>\n\n\n\n<figure class=\"wp-block-image size-large\"><img loading=\"lazy\" decoding=\"async\" width=\"903\" height=\"1024\" src=\"https:\/\/sergiolapegue.com\/site\/wp-content\/uploads\/2025\/06\/Luccianos-3-903x1024.jpeg\" alt=\"\" class=\"wp-image-23244\" srcset=\"https:\/\/sergiolapegue.com\/site\/wp-content\/uploads\/2025\/06\/Luccianos-3-903x1024.jpeg 903w, https:\/\/sergiolapegue.com\/site\/wp-content\/uploads\/2025\/06\/Luccianos-3-265x300.jpeg 265w, https:\/\/sergiolapegue.com\/site\/wp-content\/uploads\/2025\/06\/Luccianos-3-768x871.jpeg 768w, https:\/\/sergiolapegue.com\/site\/wp-content\/uploads\/2025\/06\/Luccianos-3-1355x1536.jpeg 1355w, https:\/\/sergiolapegue.com\/site\/wp-content\/uploads\/2025\/06\/Luccianos-3-371x420.jpeg 371w, https:\/\/sergiolapegue.com\/site\/wp-content\/uploads\/2025\/06\/Luccianos-3-696x789.jpeg 696w, https:\/\/sergiolapegue.com\/site\/wp-content\/uploads\/2025\/06\/Luccianos-3-1068x1211.jpeg 1068w, https:\/\/sergiolapegue.com\/site\/wp-content\/uploads\/2025\/06\/Luccianos-3.jpeg 1400w\" sizes=\"auto, (max-width: 903px) 100vw, 903px\" \/><\/figure>\n\n\n\n<p><strong>LOCALES DE LUCCIANO\u00b4S EN NUESTRO PA\u00cdS<\/strong><\/p>\n\n\n\n<p><strong>Abasto Shopping<\/strong><\/p>\n\n\n\n<p>AV. CORRIENTES 3246 Nivel 2 Local 54, CABA<\/p>\n\n\n\n<p><strong>Abasto Shopping 2<\/strong><\/p>\n\n\n\n<p>Av. Corrientes 3274 Nivel 3 Local 22, CABA<\/p>\n\n\n\n<p><strong>HONDURAS<\/strong><\/p>\n\n\n\n<p>HONDURAS 4881<\/p>\n\n\n\n<p><strong>DEVOTO<\/strong><\/p>\n\n\n\n<p>Fern\u00e1ndez de Enciso 3979, CABA<\/p>\n\n\n\n<p><strong>RECOLETA<\/strong><\/p>\n\n\n\n<p>LARREA 1557<\/p>\n\n\n\n<p><strong>AG\u00dcERO<\/strong><\/p>\n\n\n\n<p>AV.SANTA FE 2876<\/p>\n\n\n\n<p><strong>PUERTO MADERO<\/strong><\/p>\n\n\n\n<p>ALICIA MOREAU DE JUSTO 390, CABA<\/p>\n\n\n\n<p><strong>CABALLITO<\/strong><\/p>\n\n\n\n<p>AV. PEDRO GOYENA 1602<\/p>\n\n\n\n<p><strong>PARQUE RIVADAVIA<\/strong><\/p>\n\n\n\n<p>AV. RIVADAVIA 4950, CABA<\/p>\n\n\n\n<p><strong>LIBERTADOR<\/strong><\/p>\n\n\n\n<p>LIBERTADOR 6021 y JURAMENTO, CABA<\/p>\n\n\n\n<p><strong>VILLA URQUIZA<\/strong><\/p>\n\n\n\n<p>Holmberg 1932, VILLA URQUIZA<\/p>\n\n\n\n<p><strong>Villa Luro<\/strong><\/p>\n\n\n\n<p>Corvalan 66, Villa Luro, CABA<\/p>\n\n\n\n<p><strong>COGHLAN<\/strong><\/p>\n\n\n\n<p>Washington 3480, CABA<\/p>\n\n\n\n<p><strong>Ca\u00f1itas<\/strong><\/p>\n\n\n\n<p>Baez 216, CABA<\/p>\n\n\n\n<p><strong>Colegiales<\/strong><\/p>\n\n\n\n<p>Av. Elcano 3385, CABA<\/p>\n\n\n\n<p><strong>Nu\u00f1ez<\/strong><\/p>\n\n\n\n<p>Av. Comodoro Mart\u00edn Rivadavia 2365, CABA<\/p>\n\n\n\n<p><strong>Belgrano R<\/strong><\/p>\n\n\n\n<p>Aperturas<\/p>\n\n\n\n<p><strong>Galer\u00edas Pacifico<\/strong><\/p>\n\n\n\n<p>Florida 737, Planta Subsuelo, Local 1-13, CABA.<\/p>\n\n\n\n<p><strong>San Telmo<\/strong><\/p>\n\n\n\n<p>Defensa 998, San Telmo, CABA<\/p>\n\n\n\n<p><strong>MARTINEZ<\/strong><\/p>\n\n\n\n<p>AV LIBERTADOR 14141, GBA<\/p>\n\n\n\n<p><strong>OLIVOS<\/strong><\/p>\n\n\n\n<p>CORRIENTES 461, GBA<\/p>\n\n\n\n<p><strong>PARQUE AVELLANEDA SHOPPING<\/strong><\/p>\n\n\n\n<p>AV. DR. RICARDO BALB\u00cdN KM 9 PISO 1, GBA<\/p>\n\n\n\n<p><strong>ITUZAING\u00d3<\/strong><\/p>\n\n\n\n<p>AV SANTA ROSA 1494, GBA<\/p>\n\n\n\n<p><strong>Adrogu\u00e9<\/strong><\/p>\n\n\n\n<p>Esteban Adrogu\u00e9 1098<\/p>\n\n\n\n<p><strong>SAN MIGUEL<\/strong><\/p>\n\n\n\n<p>Av. Pres. Juan Domingo Per\u00f3n 291, San Miguel, Buenos Aires<\/p>\n\n\n\n<p><strong>PARQUE LELOIR<\/strong><\/p>\n\n\n\n<p>Martin Fierro 3351<\/p>\n\n\n\n<p><strong>Quilmes<\/strong><\/p>\n\n\n\n<p>Col\u00f3n 263, Quilmes<\/p>\n\n\n\n<p><strong>NORDELTA<\/strong><\/p>\n\n\n\n<p>AV. DE LOS LAGOS 7010 &#8220;307&#8221;, PCIA BS AS<\/p>\n\n\n\n<p><strong>BAXAR MERCADO<\/strong><\/p>\n\n\n\n<p>CALLE 50 536 ENTRE CALLE 5 Y 6, LA PLATA<\/p>\n\n\n\n<p><strong>LA PLATA<\/strong><\/p>\n\n\n\n<p>DIAGONAL 74 ESQUINA 49, PCIA BS AS<\/p>\n\n\n\n<p><strong>PILAR<\/strong><\/p>\n\n\n\n<p>PANAMERICANA KM 50, SHOPPING TORRES DEL SOL, PILAR<\/p>\n\n\n\n<p><strong>Dark City Bell<\/strong><\/p>\n\n\n\n<p>Camino Gral. Manuel Belgrano 515, City Bell<\/p>\n\n\n\n<p><strong>LAS LOMITAS<\/strong><\/p>\n\n\n\n<p>MITRE 196, LOMAS DE ZAMORA, PCIA BS AS<\/p>\n\n\n\n<p><strong>Campana<\/strong><\/p>\n\n\n\n<p>Av. Int. Jorge Ruben Varela 360<\/p>\n\n\n\n<p><strong>Caseros<\/strong><\/p>\n\n\n\n<p>Gral. Manuel Belgrano 4785, Caseros<\/p>\n\n\n\n<p><strong>TANDIL<\/strong><\/p>\n\n\n\n<p>Av. Espa\u00f1a 798, Tandil<\/p>\n\n\n\n<p><strong>Bah\u00eda Blanca<\/strong><\/p>\n\n\n\n<p>Av. Leandro Niceforo Alem 293, Bah\u00eda Blanca<\/p>\n\n\n\n<p><strong>Central Store<\/strong><\/p>\n\n\n\n<p>Calle 7 entre 6 y 9, Parque Industrial General Savio<\/p>\n\n\n\n<p><strong>ALEM<\/strong><\/p>\n\n\n\n<p>LEANDRO N. ALEM 3704, MAR DEL PLATA<\/p>\n\n\n\n<p><strong>PASEO ALDREY SHOPPING<\/strong><\/p>\n\n\n\n<p>SARMIENTO 2685 &#8220;237&#8221;, MAR DEL PLATA<\/p>\n\n\n\n<p><strong>CONSTITUCI\u00d3N<\/strong><\/p>\n\n\n\n<p>CONSTITUCION 5001, MAR DEL PLATA<\/p>\n\n\n\n<p><strong>LOS GALLEGOS MALL<\/strong><\/p>\n\n\n\n<p>CATAMARCA 1880 &#8220;113&#8221;, MAR DEL PLATA<\/p>\n\n\n\n<p><strong>G\u00dcEMES<\/strong><\/p>\n\n\n\n<p>GUEMES 2705 &#8220;5&#8221;, MAR DEL PLATA<\/p>\n\n\n\n<p><strong>PASO<\/strong><\/p>\n\n\n\n<p>AV. PASO 2002, MAR DEL PLATA<\/p>\n\n\n\n<p><strong>VARESE<\/strong><\/p>\n\n\n\n<p>LEANDRO N ALEM 2427, LOC. 1, MAR DEL PLATA<\/p>\n\n\n\n<p><strong>CARIL\u00d3<\/strong><\/p>\n\n\n\n<p>CASTA\u00d1O 244<\/p>\n\n\n\n<p><strong>Pinamar<\/strong><\/p>\n\n\n\n<p>Av. Bunge 149, Pinamar, Buenos Aires<\/p>\n\n\n\n<p><strong>Mar de las Pampas<\/strong><\/p>\n\n\n\n<p>Avenida El Lucero 423, Mar de las Pampas<\/p>\n\n\n\n<p><strong>Villa Gesell<\/strong><\/p>\n\n\n\n<p>Av. Buenos Aires 210, Villa Gesell, PCIA BS AS<\/p>\n\n\n\n<p><strong>NUEVOCENTRO SHOPPING<\/strong><\/p>\n\n\n\n<p>Duarte Quir\u00f3s 1400, C\u00d3RDOBA<\/p>\n\n\n\n<p><strong>CERRO DE LAS ROSAS<\/strong><\/p>\n\n\n\n<p>HUGO WAST 4653, C\u00d3RDOBA<\/p>\n\n\n\n<p><strong>ALTO ROSARIO SHOPPING<\/strong><\/p>\n\n\n\n<p>JUNIN 501, ROSARIO<\/p>\n\n\n\n<p><strong>PEATONAL SARMIENTO<\/strong><\/p>\n\n\n\n<p>PEATONAL SARMIENTO 164, MENDOZA<\/p>\n\n\n\n<p><strong>Palmares<\/strong><\/p>\n\n\n\n<p>Av. San Martin Sur 2875 Local C-14, Godoy Cruz, Mendoza<\/p>\n\n\n\n<p><strong>Vistapueblo &#8211; Mendoza<\/strong><\/p>\n\n\n\n<p>San Mart\u00edn 6371, Luj\u00e1n de Cuyo, Mendoza<\/p>\n\n\n\n<p><strong>RESISTENCIA<\/strong><\/p>\n\n\n\n<p>AV. CORRIENTES 700, PUERTO LIMITE SUR<\/p>\n\n\n\n<p><strong>Corrientes<\/strong><\/p>\n\n\n\n<p>Yrigoyen 1295<\/p>\n\n\n\n<p><strong>NEUQU\u00c9N<\/strong><\/p>\n\n\n\n<p>AVENIDA ARGENTINA 1273, NEUQU\u00c9N<\/p>\n\n\n\n<p><strong>Paseo de la Costa<\/strong><\/p>\n\n\n\n<p>Cabo Segundo Lopez 2119, Neuqu\u00e9n<\/p>\n\n\n\n<p><strong>Cipolletti<\/strong><\/p>\n\n\n\n<p>25 de Mayo 178, Cipolletti, R\u00edo Negro<\/p>\n\n\n\n<p><strong>General Roca<\/strong><\/p>\n\n\n\n<p>Hip\u00f3lito Yrigoyen 737, Gral. Roca, R\u00edo Negro<\/p>\n\n\n\n<p><strong>BARRIO NORTE, TUCUM\u00c1N<\/strong><\/p>\n\n\n\n<p>Santa Fe 512, San Miguel de Tucum\u00e1n<\/p>\n\n\n\n<p><strong>Yerba Buena<\/strong><\/p>\n\n\n\n<p>Av. Aconquija 1249, Yerba Buena, Tucum\u00e1n<\/p>\n\n\n\n<p><strong>SALTA<\/strong><\/p>\n\n\n\n<p>BARTOLOM\u00c9 MITRE 37, SALTA<\/p>\n\n\n\n<p><strong>Salta &#8211; Alto Noa Shopping<\/strong><\/p>\n\n\n\n<p>Salta &#8211; Alto Noa Shopping<\/p>\n\n\n\n<p><strong>Posadas<\/strong><\/p>\n\n\n\n<p>Av. Costanera 3200, Posadas, Misiones<\/p>\n\n\n\n<p><strong>Ushuaia<\/strong><\/p>\n\n\n\n<p>Perito Francisco Moreno 1460 &#8211; Paseo del Fuego<\/p>\n\n\n\n<p>Gracias Mar Tobar de Mosc\u00fa Agencia por enviarnos la gacetilla con toda la informaci\u00f3n del nuevo lanzamiento de Lucciano\u00b4s.<\/p>\n\n\n\n<p><\/p>\n","protected":false},"excerpt":{"rendered":"<p>Lucciano\u2019s anuncia una importante novedad para la marca: el lanzamiento de su primera l\u00ednea de&nbsp;tabletas de chocolate premium. A continuaci\u00f3n, algunos destacados: El anuncio refleja un nuevo paso en la&nbsp;diversificaci\u00f3n de productos&nbsp;de Lucciano\u2019s, con foco en conquistar el universo gourmet a nivel global. Lucciano\u2019s se expande en el segmento gourmet y lanza su primera l\u00ednea [&hellip;]<\/p>\n","protected":false},"author":3,"featured_media":23245,"comment_status":"open","ping_status":"closed","sticky":false,"template":"","format":"standard","meta":{"footnotes":""},"categories":[38,39],"tags":[],"class_list":{"0":"post-23241","1":"post","2":"type-post","3":"status-publish","4":"format-standard","5":"has-post-thumbnail","7":"category-actualidad","8":"category-interes-general"},"yoast_head":"<!-- This site is optimized with the Yoast SEO plugin v27.4 - https:\/\/yoast.com\/product\/yoast-seo-wordpress\/ -->\n<title>LUCCIANO\u00b4S - Sergio Lapegue<\/title>\n<meta name=\"robots\" content=\"index, follow, max-snippet:-1, max-image-preview:large, max-video-preview:-1\" \/>\n<link rel=\"canonical\" href=\"https:\/\/sergiolapegue.com\/site\/2025\/06\/05\/luccianos\/\" \/>\n<meta property=\"og:locale\" content=\"es_ES\" \/>\n<meta property=\"og:type\" content=\"article\" \/>\n<meta property=\"og:title\" content=\"LUCCIANO\u00b4S - Sergio Lapegue\" \/>\n<meta property=\"og:description\" content=\"Lucciano\u2019s anuncia una importante novedad para la marca: el lanzamiento de su primera l\u00ednea de&nbsp;tabletas de chocolate premium. A continuaci\u00f3n, algunos destacados: El anuncio refleja un nuevo paso en la&nbsp;diversificaci\u00f3n de productos&nbsp;de Lucciano\u2019s, con foco en conquistar el universo gourmet a nivel global. Lucciano\u2019s se expande en el segmento gourmet y lanza su primera l\u00ednea [&hellip;]\" \/>\n<meta property=\"og:url\" content=\"https:\/\/sergiolapegue.com\/site\/2025\/06\/05\/luccianos\/\" \/>\n<meta property=\"og:site_name\" content=\"Sergio Lapegue\" \/>\n<meta property=\"article:publisher\" content=\"https:\/\/facebook.com\/sergiolapegue\" \/>\n<meta property=\"article:author\" content=\"https:\/\/facebook.com\/danielernesto.montana\" \/>\n<meta property=\"article:published_time\" content=\"2025-06-05T16:00:00+00:00\" \/>\n<meta property=\"og:image\" content=\"https:\/\/sergiolapegue.com\/site\/wp-content\/uploads\/2025\/06\/Luccianos.jpg\" \/>\n\t<meta property=\"og:image:width\" content=\"1255\" \/>\n\t<meta property=\"og:image:height\" content=\"527\" \/>\n\t<meta property=\"og:image:type\" content=\"image\/jpeg\" \/>\n<meta name=\"author\" content=\"Daniel E. Monta\u00f1a\" \/>\n<meta name=\"twitter:card\" content=\"summary_large_image\" \/>\n<meta name=\"twitter:creator\" content=\"@https:\/\/twitter.com\/daner_004\" \/>\n<meta name=\"twitter:site\" content=\"@sergiolapegue\" \/>\n<meta name=\"twitter:label1\" content=\"Escrito por\" \/>\n\t<meta name=\"twitter:data1\" content=\"Daniel E. Monta\u00f1a\" \/>\n\t<meta name=\"twitter:label2\" content=\"Tiempo de lectura\" \/>\n\t<meta name=\"twitter:data2\" content=\"6 minutos\" \/>\n<script type=\"application\/ld+json\" class=\"yoast-schema-graph\">{\"@context\":\"https:\\\/\\\/schema.org\",\"@graph\":[{\"@type\":\"Article\",\"@id\":\"https:\\\/\\\/sergiolapegue.com\\\/site\\\/2025\\\/06\\\/05\\\/luccianos\\\/#article\",\"isPartOf\":{\"@id\":\"https:\\\/\\\/sergiolapegue.com\\\/site\\\/2025\\\/06\\\/05\\\/luccianos\\\/\"},\"author\":{\"name\":\"Daniel E. Monta\u00f1a\",\"@id\":\"https:\\\/\\\/sergiolapegue.com\\\/site\\\/#\\\/schema\\\/person\\\/9198e7dbab43c6d74d0fd5399af7c3cd\"},\"headline\":\"LUCCIANO\u00b4S\",\"datePublished\":\"2025-06-05T16:00:00+00:00\",\"mainEntityOfPage\":{\"@id\":\"https:\\\/\\\/sergiolapegue.com\\\/site\\\/2025\\\/06\\\/05\\\/luccianos\\\/\"},\"wordCount\":1128,\"commentCount\":0,\"publisher\":{\"@id\":\"https:\\\/\\\/sergiolapegue.com\\\/site\\\/#\\\/schema\\\/person\\\/083aeceeb0734cd166779ea6c0551a37\"},\"image\":{\"@id\":\"https:\\\/\\\/sergiolapegue.com\\\/site\\\/2025\\\/06\\\/05\\\/luccianos\\\/#primaryimage\"},\"thumbnailUrl\":\"https:\\\/\\\/sergiolapegue.com\\\/site\\\/wp-content\\\/uploads\\\/2025\\\/06\\\/Luccianos.jpg\",\"articleSection\":[\"Actualidad\",\"Inter\u00e9s General\"],\"inLanguage\":\"es-AR\",\"potentialAction\":[{\"@type\":\"CommentAction\",\"name\":\"Comment\",\"target\":[\"https:\\\/\\\/sergiolapegue.com\\\/site\\\/2025\\\/06\\\/05\\\/luccianos\\\/#respond\"]}]},{\"@type\":\"WebPage\",\"@id\":\"https:\\\/\\\/sergiolapegue.com\\\/site\\\/2025\\\/06\\\/05\\\/luccianos\\\/\",\"url\":\"https:\\\/\\\/sergiolapegue.com\\\/site\\\/2025\\\/06\\\/05\\\/luccianos\\\/\",\"name\":\"LUCCIANO\u00b4S - Sergio Lapegue\",\"isPartOf\":{\"@id\":\"https:\\\/\\\/sergiolapegue.com\\\/site\\\/#website\"},\"primaryImageOfPage\":{\"@id\":\"https:\\\/\\\/sergiolapegue.com\\\/site\\\/2025\\\/06\\\/05\\\/luccianos\\\/#primaryimage\"},\"image\":{\"@id\":\"https:\\\/\\\/sergiolapegue.com\\\/site\\\/2025\\\/06\\\/05\\\/luccianos\\\/#primaryimage\"},\"thumbnailUrl\":\"https:\\\/\\\/sergiolapegue.com\\\/site\\\/wp-content\\\/uploads\\\/2025\\\/06\\\/Luccianos.jpg\",\"datePublished\":\"2025-06-05T16:00:00+00:00\",\"breadcrumb\":{\"@id\":\"https:\\\/\\\/sergiolapegue.com\\\/site\\\/2025\\\/06\\\/05\\\/luccianos\\\/#breadcrumb\"},\"inLanguage\":\"es-AR\",\"potentialAction\":[{\"@type\":\"ReadAction\",\"target\":[\"https:\\\/\\\/sergiolapegue.com\\\/site\\\/2025\\\/06\\\/05\\\/luccianos\\\/\"]}]},{\"@type\":\"ImageObject\",\"inLanguage\":\"es-AR\",\"@id\":\"https:\\\/\\\/sergiolapegue.com\\\/site\\\/2025\\\/06\\\/05\\\/luccianos\\\/#primaryimage\",\"url\":\"https:\\\/\\\/sergiolapegue.com\\\/site\\\/wp-content\\\/uploads\\\/2025\\\/06\\\/Luccianos.jpg\",\"contentUrl\":\"https:\\\/\\\/sergiolapegue.com\\\/site\\\/wp-content\\\/uploads\\\/2025\\\/06\\\/Luccianos.jpg\",\"width\":1255,\"height\":527},{\"@type\":\"BreadcrumbList\",\"@id\":\"https:\\\/\\\/sergiolapegue.com\\\/site\\\/2025\\\/06\\\/05\\\/luccianos\\\/#breadcrumb\",\"itemListElement\":[{\"@type\":\"ListItem\",\"position\":1,\"name\":\"Inicio\",\"item\":\"https:\\\/\\\/sergiolapegue.com\\\/site\\\/\"},{\"@type\":\"ListItem\",\"position\":2,\"name\":\"LUCCIANO\u00b4S\"}]},{\"@type\":\"WebSite\",\"@id\":\"https:\\\/\\\/sergiolapegue.com\\\/site\\\/#website\",\"url\":\"https:\\\/\\\/sergiolapegue.com\\\/site\\\/\",\"name\":\"Sergio Lapegue\",\"description\":\"Periodista\",\"publisher\":{\"@id\":\"https:\\\/\\\/sergiolapegue.com\\\/site\\\/#\\\/schema\\\/person\\\/083aeceeb0734cd166779ea6c0551a37\"},\"potentialAction\":[{\"@type\":\"SearchAction\",\"target\":{\"@type\":\"EntryPoint\",\"urlTemplate\":\"https:\\\/\\\/sergiolapegue.com\\\/site\\\/?s={search_term_string}\"},\"query-input\":{\"@type\":\"PropertyValueSpecification\",\"valueRequired\":true,\"valueName\":\"search_term_string\"}}],\"inLanguage\":\"es-AR\"},{\"@type\":[\"Person\",\"Organization\"],\"@id\":\"https:\\\/\\\/sergiolapegue.com\\\/site\\\/#\\\/schema\\\/person\\\/083aeceeb0734cd166779ea6c0551a37\",\"name\":\"Sergio Lapegue\",\"image\":{\"@type\":\"ImageObject\",\"inLanguage\":\"es-AR\",\"@id\":\"https:\\\/\\\/sergiolapegue.com\\\/site\\\/wp-content\\\/uploads\\\/2021\\\/04\\\/logo_header-1.png\",\"url\":\"https:\\\/\\\/sergiolapegue.com\\\/site\\\/wp-content\\\/uploads\\\/2021\\\/04\\\/logo_header-1.png\",\"contentUrl\":\"https:\\\/\\\/sergiolapegue.com\\\/site\\\/wp-content\\\/uploads\\\/2021\\\/04\\\/logo_header-1.png\",\"width\":272,\"height\":90,\"caption\":\"Sergio Lapegue\"},\"logo\":{\"@id\":\"https:\\\/\\\/sergiolapegue.com\\\/site\\\/wp-content\\\/uploads\\\/2021\\\/04\\\/logo_header-1.png\"},\"sameAs\":[\"https:\\\/\\\/facebook.com\\\/sergiolapegue\",\"https:\\\/\\\/instagram.com\\\/sergiolapegue\",\"https:\\\/\\\/x.com\\\/https:\\\/\\\/twitter.com\\\/sergiolapegue\"]},{\"@type\":\"Person\",\"@id\":\"https:\\\/\\\/sergiolapegue.com\\\/site\\\/#\\\/schema\\\/person\\\/9198e7dbab43c6d74d0fd5399af7c3cd\",\"name\":\"Daniel E. Monta\u00f1a\",\"image\":{\"@type\":\"ImageObject\",\"inLanguage\":\"es-AR\",\"@id\":\"https:\\\/\\\/sergiolapegue.com\\\/site\\\/wp-content\\\/uploads\\\/2021\\\/04\\\/sl_avatar_Daniel-150x150.jpg\",\"url\":\"https:\\\/\\\/sergiolapegue.com\\\/site\\\/wp-content\\\/uploads\\\/2021\\\/04\\\/sl_avatar_Daniel-150x150.jpg\",\"contentUrl\":\"https:\\\/\\\/sergiolapegue.com\\\/site\\\/wp-content\\\/uploads\\\/2021\\\/04\\\/sl_avatar_Daniel-150x150.jpg\",\"caption\":\"Daniel E. Monta\u00f1a\"},\"sameAs\":[\"https:\\\/\\\/facebook.com\\\/danielernesto.montana\",\"https:\\\/\\\/instagram.com\\\/daniel_montana1961\",\"https:\\\/\\\/x.com\\\/https:\\\/\\\/twitter.com\\\/daner_004\"],\"url\":\"https:\\\/\\\/sergiolapegue.com\\\/site\\\/author\\\/daniel\\\/\"}]}<\/script>\n<!-- \/ Yoast SEO plugin. -->","yoast_head_json":{"title":"LUCCIANO\u00b4S - Sergio Lapegue","robots":{"index":"index","follow":"follow","max-snippet":"max-snippet:-1","max-image-preview":"max-image-preview:large","max-video-preview":"max-video-preview:-1"},"canonical":"https:\/\/sergiolapegue.com\/site\/2025\/06\/05\/luccianos\/","og_locale":"es_ES","og_type":"article","og_title":"LUCCIANO\u00b4S - Sergio Lapegue","og_description":"Lucciano\u2019s anuncia una importante novedad para la marca: el lanzamiento de su primera l\u00ednea de&nbsp;tabletas de chocolate premium. A continuaci\u00f3n, algunos destacados: El anuncio refleja un nuevo paso en la&nbsp;diversificaci\u00f3n de productos&nbsp;de Lucciano\u2019s, con foco en conquistar el universo gourmet a nivel global. Lucciano\u2019s se expande en el segmento gourmet y lanza su primera l\u00ednea [&hellip;]","og_url":"https:\/\/sergiolapegue.com\/site\/2025\/06\/05\/luccianos\/","og_site_name":"Sergio Lapegue","article_publisher":"https:\/\/facebook.com\/sergiolapegue","article_author":"https:\/\/facebook.com\/danielernesto.montana","article_published_time":"2025-06-05T16:00:00+00:00","og_image":[{"width":1255,"height":527,"url":"https:\/\/sergiolapegue.com\/site\/wp-content\/uploads\/2025\/06\/Luccianos.jpg","type":"image\/jpeg"}],"author":"Daniel E. Monta\u00f1a","twitter_card":"summary_large_image","twitter_creator":"@https:\/\/twitter.com\/daner_004","twitter_site":"@sergiolapegue","twitter_misc":{"Escrito por":"Daniel E. Monta\u00f1a","Tiempo de lectura":"6 minutos"},"schema":{"@context":"https:\/\/schema.org","@graph":[{"@type":"Article","@id":"https:\/\/sergiolapegue.com\/site\/2025\/06\/05\/luccianos\/#article","isPartOf":{"@id":"https:\/\/sergiolapegue.com\/site\/2025\/06\/05\/luccianos\/"},"author":{"name":"Daniel E. Monta\u00f1a","@id":"https:\/\/sergiolapegue.com\/site\/#\/schema\/person\/9198e7dbab43c6d74d0fd5399af7c3cd"},"headline":"LUCCIANO\u00b4S","datePublished":"2025-06-05T16:00:00+00:00","mainEntityOfPage":{"@id":"https:\/\/sergiolapegue.com\/site\/2025\/06\/05\/luccianos\/"},"wordCount":1128,"commentCount":0,"publisher":{"@id":"https:\/\/sergiolapegue.com\/site\/#\/schema\/person\/083aeceeb0734cd166779ea6c0551a37"},"image":{"@id":"https:\/\/sergiolapegue.com\/site\/2025\/06\/05\/luccianos\/#primaryimage"},"thumbnailUrl":"https:\/\/sergiolapegue.com\/site\/wp-content\/uploads\/2025\/06\/Luccianos.jpg","articleSection":["Actualidad","Inter\u00e9s General"],"inLanguage":"es-AR","potentialAction":[{"@type":"CommentAction","name":"Comment","target":["https:\/\/sergiolapegue.com\/site\/2025\/06\/05\/luccianos\/#respond"]}]},{"@type":"WebPage","@id":"https:\/\/sergiolapegue.com\/site\/2025\/06\/05\/luccianos\/","url":"https:\/\/sergiolapegue.com\/site\/2025\/06\/05\/luccianos\/","name":"LUCCIANO\u00b4S - Sergio Lapegue","isPartOf":{"@id":"https:\/\/sergiolapegue.com\/site\/#website"},"primaryImageOfPage":{"@id":"https:\/\/sergiolapegue.com\/site\/2025\/06\/05\/luccianos\/#primaryimage"},"image":{"@id":"https:\/\/sergiolapegue.com\/site\/2025\/06\/05\/luccianos\/#primaryimage"},"thumbnailUrl":"https:\/\/sergiolapegue.com\/site\/wp-content\/uploads\/2025\/06\/Luccianos.jpg","datePublished":"2025-06-05T16:00:00+00:00","breadcrumb":{"@id":"https:\/\/sergiolapegue.com\/site\/2025\/06\/05\/luccianos\/#breadcrumb"},"inLanguage":"es-AR","potentialAction":[{"@type":"ReadAction","target":["https:\/\/sergiolapegue.com\/site\/2025\/06\/05\/luccianos\/"]}]},{"@type":"ImageObject","inLanguage":"es-AR","@id":"https:\/\/sergiolapegue.com\/site\/2025\/06\/05\/luccianos\/#primaryimage","url":"https:\/\/sergiolapegue.com\/site\/wp-content\/uploads\/2025\/06\/Luccianos.jpg","contentUrl":"https:\/\/sergiolapegue.com\/site\/wp-content\/uploads\/2025\/06\/Luccianos.jpg","width":1255,"height":527},{"@type":"BreadcrumbList","@id":"https:\/\/sergiolapegue.com\/site\/2025\/06\/05\/luccianos\/#breadcrumb","itemListElement":[{"@type":"ListItem","position":1,"name":"Inicio","item":"https:\/\/sergiolapegue.com\/site\/"},{"@type":"ListItem","position":2,"name":"LUCCIANO\u00b4S"}]},{"@type":"WebSite","@id":"https:\/\/sergiolapegue.com\/site\/#website","url":"https:\/\/sergiolapegue.com\/site\/","name":"Sergio Lapegue","description":"Periodista","publisher":{"@id":"https:\/\/sergiolapegue.com\/site\/#\/schema\/person\/083aeceeb0734cd166779ea6c0551a37"},"potentialAction":[{"@type":"SearchAction","target":{"@type":"EntryPoint","urlTemplate":"https:\/\/sergiolapegue.com\/site\/?s={search_term_string}"},"query-input":{"@type":"PropertyValueSpecification","valueRequired":true,"valueName":"search_term_string"}}],"inLanguage":"es-AR"},{"@type":["Person","Organization"],"@id":"https:\/\/sergiolapegue.com\/site\/#\/schema\/person\/083aeceeb0734cd166779ea6c0551a37","name":"Sergio Lapegue","image":{"@type":"ImageObject","inLanguage":"es-AR","@id":"https:\/\/sergiolapegue.com\/site\/wp-content\/uploads\/2021\/04\/logo_header-1.png","url":"https:\/\/sergiolapegue.com\/site\/wp-content\/uploads\/2021\/04\/logo_header-1.png","contentUrl":"https:\/\/sergiolapegue.com\/site\/wp-content\/uploads\/2021\/04\/logo_header-1.png","width":272,"height":90,"caption":"Sergio Lapegue"},"logo":{"@id":"https:\/\/sergiolapegue.com\/site\/wp-content\/uploads\/2021\/04\/logo_header-1.png"},"sameAs":["https:\/\/facebook.com\/sergiolapegue","https:\/\/instagram.com\/sergiolapegue","https:\/\/x.com\/https:\/\/twitter.com\/sergiolapegue"]},{"@type":"Person","@id":"https:\/\/sergiolapegue.com\/site\/#\/schema\/person\/9198e7dbab43c6d74d0fd5399af7c3cd","name":"Daniel E. Monta\u00f1a","image":{"@type":"ImageObject","inLanguage":"es-AR","@id":"https:\/\/sergiolapegue.com\/site\/wp-content\/uploads\/2021\/04\/sl_avatar_Daniel-150x150.jpg","url":"https:\/\/sergiolapegue.com\/site\/wp-content\/uploads\/2021\/04\/sl_avatar_Daniel-150x150.jpg","contentUrl":"https:\/\/sergiolapegue.com\/site\/wp-content\/uploads\/2021\/04\/sl_avatar_Daniel-150x150.jpg","caption":"Daniel E. Monta\u00f1a"},"sameAs":["https:\/\/facebook.com\/danielernesto.montana","https:\/\/instagram.com\/daniel_montana1961","https:\/\/x.com\/https:\/\/twitter.com\/daner_004"],"url":"https:\/\/sergiolapegue.com\/site\/author\/daniel\/"}]}},"_links":{"self":[{"href":"https:\/\/sergiolapegue.com\/site\/wp-json\/wp\/v2\/posts\/23241","targetHints":{"allow":["GET"]}}],"collection":[{"href":"https:\/\/sergiolapegue.com\/site\/wp-json\/wp\/v2\/posts"}],"about":[{"href":"https:\/\/sergiolapegue.com\/site\/wp-json\/wp\/v2\/types\/post"}],"author":[{"embeddable":true,"href":"https:\/\/sergiolapegue.com\/site\/wp-json\/wp\/v2\/users\/3"}],"replies":[{"embeddable":true,"href":"https:\/\/sergiolapegue.com\/site\/wp-json\/wp\/v2\/comments?post=23241"}],"version-history":[{"count":1,"href":"https:\/\/sergiolapegue.com\/site\/wp-json\/wp\/v2\/posts\/23241\/revisions"}],"predecessor-version":[{"id":23246,"href":"https:\/\/sergiolapegue.com\/site\/wp-json\/wp\/v2\/posts\/23241\/revisions\/23246"}],"wp:featuredmedia":[{"embeddable":true,"href":"https:\/\/sergiolapegue.com\/site\/wp-json\/wp\/v2\/media\/23245"}],"wp:attachment":[{"href":"https:\/\/sergiolapegue.com\/site\/wp-json\/wp\/v2\/media?parent=23241"}],"wp:term":[{"taxonomy":"category","embeddable":true,"href":"https:\/\/sergiolapegue.com\/site\/wp-json\/wp\/v2\/categories?post=23241"},{"taxonomy":"post_tag","embeddable":true,"href":"https:\/\/sergiolapegue.com\/site\/wp-json\/wp\/v2\/tags?post=23241"}],"curies":[{"name":"wp","href":"https:\/\/api.w.org\/{rel}","templated":true}]}}