{"id":23187,"date":"2025-05-31T09:00:00","date_gmt":"2025-05-31T12:00:00","guid":{"rendered":"https:\/\/sergiolapegue.com\/site\/?p=23187"},"modified":"2025-05-31T02:42:56","modified_gmt":"2025-05-31T05:42:56","slug":"6-edicion-de-doce-veinticuatro","status":"publish","type":"post","link":"https:\/\/sergiolapegue.com\/site\/2025\/05\/31\/6-edicion-de-doce-veinticuatro\/","title":{"rendered":"6\u00b0 EDICI\u00d3N DE DOCE VEINTICUATRO"},"content":{"rendered":"\n<p>Llega 6\u00ba Edici\u00f3n de DOCE VEINTICUATRO -&#8220;El presente en disputa&#8221;,&nbsp;un acontecimiento art\u00edstico \u00fanico por sus propuestas y tem\u00e1ticas.&nbsp;<\/p>\n\n\n\n<p>En esta edici\u00f3n, la programaci\u00f3n consiste en los estrenos de: la obra perform\u00e1tica&nbsp;\u201cOratorio de guerra, Cap\u00edtulo 3\u201d&nbsp;del&nbsp;colectivo \u00d3pera Perif\u00e9rica&nbsp;(mi\u00e9rcoles 18-6); &nbsp;la obra de danza&nbsp;\u201cIteraci\u00f3n N\u00b0 3\u201d&nbsp;del d\u00fao&nbsp;\u201cPepo y Tom\u201d&nbsp;(mi\u00e9rcoles 16-7) y la obra de teatro musical&nbsp;\u201cEl Suceso\u201d&nbsp;del colectivo&nbsp;Estudio QP&nbsp;(mi\u00e9rcoles 13-8). Todas las obras se presentan a las 20hs en CCKonex.&nbsp;Adem\u00e1s, cada colectivo dictar\u00e1 un laboratorio en&nbsp;El Galp\u00f3n de Guevara, en el que compartir\u00e1 algunas de sus herramientas y procedimientos de trabajo.<\/p>\n\n\n\n<figure class=\"wp-block-image size-large\"><img loading=\"lazy\" decoding=\"async\" width=\"1024\" height=\"683\" src=\"https:\/\/sergiolapegue.com\/site\/wp-content\/uploads\/2025\/05\/Doce-Veinticuatro-Colectivo-Estudio-qp-1024x683.jpg\" alt=\"\" class=\"wp-image-23188\" srcset=\"https:\/\/sergiolapegue.com\/site\/wp-content\/uploads\/2025\/05\/Doce-Veinticuatro-Colectivo-Estudio-qp-1024x683.jpg 1024w, https:\/\/sergiolapegue.com\/site\/wp-content\/uploads\/2025\/05\/Doce-Veinticuatro-Colectivo-Estudio-qp-300x200.jpg 300w, https:\/\/sergiolapegue.com\/site\/wp-content\/uploads\/2025\/05\/Doce-Veinticuatro-Colectivo-Estudio-qp-768x512.jpg 768w, https:\/\/sergiolapegue.com\/site\/wp-content\/uploads\/2025\/05\/Doce-Veinticuatro-Colectivo-Estudio-qp-1536x1024.jpg 1536w, https:\/\/sergiolapegue.com\/site\/wp-content\/uploads\/2025\/05\/Doce-Veinticuatro-Colectivo-Estudio-qp-2048x1365.jpg 2048w, https:\/\/sergiolapegue.com\/site\/wp-content\/uploads\/2025\/05\/Doce-Veinticuatro-Colectivo-Estudio-qp-630x420.jpg 630w, https:\/\/sergiolapegue.com\/site\/wp-content\/uploads\/2025\/05\/Doce-Veinticuatro-Colectivo-Estudio-qp-696x464.jpg 696w, https:\/\/sergiolapegue.com\/site\/wp-content\/uploads\/2025\/05\/Doce-Veinticuatro-Colectivo-Estudio-qp-1068x712.jpg 1068w, https:\/\/sergiolapegue.com\/site\/wp-content\/uploads\/2025\/05\/Doce-Veinticuatro-Colectivo-Estudio-qp-1920x1280.jpg 1920w\" sizes=\"auto, (max-width: 1024px) 100vw, 1024px\" \/><\/figure>\n\n\n\n<p>Del&nbsp;8 de junio al 13 de agosto&nbsp;se desarrollar\u00e1 en&nbsp;Ciudad Cultural Konex&nbsp;y&nbsp;El Galp\u00f3n de Guevara,&nbsp;la programaci\u00f3n de la&nbsp;6\u00ba Edici\u00f3n de&nbsp;DOCE VEINTICUATRO&nbsp;bajo el lema&nbsp;\u201cEl presente en disputa\u201d; un acontecimiento \u00fanico que enlaza la investigaci\u00f3n con la creaci\u00f3n art\u00edstica.<\/p>\n\n\n\n<p>6\u00ba EDICI\u00d3N &#8211; &#8220;El presente en disputa&#8221;<\/p>\n\n\n\n<p>Junio\/Julio\/Agosto 2025<\/p>\n\n\n\n<ul class=\"wp-block-list\">\n<li>Estrenos de Obras\u00a0(Ciudad Cultural Konex): Entrada general: $15.000, a la venta en\u00a0<a href=\"https:\/\/8w40j.r.sp1-brevo.net\/mk\/cl\/f\/sh\/1f8JIKXwHGZDuKMqvW5q1ezXqX\/RIc36y6QTk-Q\" target=\"_blank\" rel=\"noreferrer noopener\">CCKonex<\/a><\/li>\n\n\n\n<li>Laboratorios\u00a0(El Galp\u00f3n de Guevara): Entrada general: $20.000 &#8211; Trans-NoBinarie $10.000, a la venta en este\u00a0<a href=\"https:\/\/8w40j.r.sp1-brevo.net\/mk\/cl\/f\/sh\/1f8JIKXwHGZcrX23sgbhI21wwf\/LNdlcBe1_F1m\" target=\"_blank\" rel=\"noreferrer noopener\">link<\/a>.\u00a0<\/li>\n<\/ul>\n\n\n\n<p>Descuentos especiales por combos de obras o laboratorios<\/p>\n\n\n\n<p>Ciudad Cultural Konex \u2013 Sarmiento 3131, CABA<\/p>\n\n\n\n<p>El Galp\u00f3n de Guevara \u2013 Guevara 326, CABA<\/p>\n\n\n\n<figure class=\"wp-block-image size-large\"><img loading=\"lazy\" decoding=\"async\" width=\"1024\" height=\"671\" src=\"https:\/\/sergiolapegue.com\/site\/wp-content\/uploads\/2025\/05\/Doce-Veinticuatro-Colectivo-Opera-Periferica-1024x671.jpg\" alt=\"\" class=\"wp-image-23189\" srcset=\"https:\/\/sergiolapegue.com\/site\/wp-content\/uploads\/2025\/05\/Doce-Veinticuatro-Colectivo-Opera-Periferica-1024x671.jpg 1024w, https:\/\/sergiolapegue.com\/site\/wp-content\/uploads\/2025\/05\/Doce-Veinticuatro-Colectivo-Opera-Periferica-300x197.jpg 300w, https:\/\/sergiolapegue.com\/site\/wp-content\/uploads\/2025\/05\/Doce-Veinticuatro-Colectivo-Opera-Periferica-768x503.jpg 768w, https:\/\/sergiolapegue.com\/site\/wp-content\/uploads\/2025\/05\/Doce-Veinticuatro-Colectivo-Opera-Periferica-1536x1007.jpg 1536w, https:\/\/sergiolapegue.com\/site\/wp-content\/uploads\/2025\/05\/Doce-Veinticuatro-Colectivo-Opera-Periferica-2048x1342.jpg 2048w, https:\/\/sergiolapegue.com\/site\/wp-content\/uploads\/2025\/05\/Doce-Veinticuatro-Colectivo-Opera-Periferica-641x420.jpg 641w, https:\/\/sergiolapegue.com\/site\/wp-content\/uploads\/2025\/05\/Doce-Veinticuatro-Colectivo-Opera-Periferica-696x456.jpg 696w, https:\/\/sergiolapegue.com\/site\/wp-content\/uploads\/2025\/05\/Doce-Veinticuatro-Colectivo-Opera-Periferica-1068x700.jpg 1068w, https:\/\/sergiolapegue.com\/site\/wp-content\/uploads\/2025\/05\/Doce-Veinticuatro-Colectivo-Opera-Periferica-1920x1258.jpg 1920w\" sizes=\"auto, (max-width: 1024px) 100vw, 1024px\" \/><\/figure>\n\n\n\n<p><strong>DOCE VEINTICUATRO<\/strong><strong>&nbsp;<\/strong><\/p>\n\n\n\n<p>Es una plataforma de residencias de investigaci\u00f3n, pr\u00e1ctica, creaci\u00f3n y publicaci\u00f3n de danza, teatro y performance, que desde hace&nbsp;nueve a\u00f1os&nbsp;trabaja junto a artistas referentes de estas disciplinas. Sus diferentes ediciones, a trav\u00e9s de los a\u00f1os, promovieron el desarrollo de formatos nuevos (obras, podcasts, seminarios, coproducciones), adapt\u00e1ndose a la necesidad del campo art\u00edstico, y poniendo el foco en ejes tem\u00e1ticos diversos.&nbsp;<\/p>\n\n\n\n<p>Esta 6\u00b0 edici\u00f3n surge de la necesidad de tensionar la presentaci\u00f3n y representaci\u00f3n del&nbsp;presente&nbsp;desde diversos dispositivos de discurso y pr\u00e1cticas art\u00edsticas contempor\u00e1neas. Por esta raz\u00f3n, se convoc\u00f3 a&nbsp;tres colectivos&nbsp;art\u00edsticos&nbsp;que, con estrategias particulares, ponen&nbsp;en sus obras&nbsp;y en sus&nbsp;din\u00e1micas de creaci\u00f3n,&nbsp;el foco en&nbsp;la batalla por el sentido.<\/p>\n\n\n\n<p>El&nbsp;colectivo \u00d3pera Perif\u00e9rica&nbsp;indaga en el concepto de&nbsp;sobrecarga&nbsp;con el estreno de su obra&nbsp;\u201cOratorio de guerra, Cap\u00edtulo 3\u201d,&nbsp;que se presentar\u00e1 el&nbsp;mi\u00e9rcoles 18 de junio a las 20:00 horas. &nbsp;El&nbsp;d\u00fao Pepo y Tom&nbsp;investiga sobre el&nbsp;silencio,&nbsp;con su propuesta&nbsp;\u201cIteraci\u00f3n N\u00b0 3\u201d, que tendr\u00e1 su presentaci\u00f3n el&nbsp;mi\u00e9rcoles 16 de julio a las 20:00 horas&nbsp;y el&nbsp;colectivo Estudio QP&nbsp;trabaja el sentido de la&nbsp;velocidad&nbsp;con el estreno de&nbsp;\u201cEl Suceso\u201d, cuya funci\u00f3n ser\u00e1 el&nbsp;mi\u00e9rcoles 13 de agosto a las 20:00 horas.<\/p>\n\n\n\n<p>Doce veinticuatro&nbsp;es&nbsp;coproductor de todas las obras,&nbsp;cuyos estrenos tendr\u00e1n lugar en&nbsp;Ciudad Cultural Konex. Adem\u00e1s, cada estreno estar\u00e1 antecedido por un&nbsp;laboratorio&nbsp;al p\u00fablico que cada colectivo art\u00edstico abrir\u00e1 en&nbsp;El Galp\u00f3n de Guevara para compartir algunas de sus herramientas y procedimientos de trabajo.<\/p>\n\n\n\n<p>Las entradas para las&nbsp;obras&nbsp;pueden&nbsp;adquirirse en la boleter\u00eda f\u00edsica y\/o&nbsp;<a href=\"https:\/\/8w40j.r.sp1-brevo.net\/mk\/cl\/f\/sh\/1f8JIKXwHGaQlwMTn1dPom6l8v\/Uz_R90Dp5dg7\" target=\"_blank\" rel=\"noreferrer noopener\">virtual de Ciudad Cultural Konex<\/a>&nbsp;a un valor general de $15.000. Para los&nbsp;laboratorios, la entrada general es de $20.000 y para la comunidad Trans-NoBinarie $10.000; a la venta en este&nbsp;<a href=\"https:\/\/8w40j.r.sp1-brevo.net\/mk\/cl\/f\/sh\/1f8JIKXwHGapj91gkC9H599AF3\/XyjMhkcif5DZ\" target=\"_blank\" rel=\"noreferrer noopener\">link<\/a>.&nbsp;Hay descuentos significativos por compra de combos de obras o laboratorios.<\/p>\n\n\n\n<p>Desde su inicio hasta ahora,&nbsp;DOCE VEINTICUATRO&nbsp;trabaj\u00f3 con m\u00e1s de 100 artistas y conect\u00f3 con una audiencia de m\u00e1s de 12 mil personas, entre las instancias presenciales y las escuchas en su canal de podcast.<\/p>\n\n\n\n<figure class=\"wp-block-image size-large\"><img loading=\"lazy\" decoding=\"async\" width=\"1024\" height=\"768\" src=\"https:\/\/sergiolapegue.com\/site\/wp-content\/uploads\/2025\/05\/Doce-Veinticuatro-Colectivo-Pepo-Tom-1024x768.jpg\" alt=\"\" class=\"wp-image-23190\" srcset=\"https:\/\/sergiolapegue.com\/site\/wp-content\/uploads\/2025\/05\/Doce-Veinticuatro-Colectivo-Pepo-Tom-1024x768.jpg 1024w, https:\/\/sergiolapegue.com\/site\/wp-content\/uploads\/2025\/05\/Doce-Veinticuatro-Colectivo-Pepo-Tom-300x225.jpg 300w, https:\/\/sergiolapegue.com\/site\/wp-content\/uploads\/2025\/05\/Doce-Veinticuatro-Colectivo-Pepo-Tom-768x576.jpg 768w, https:\/\/sergiolapegue.com\/site\/wp-content\/uploads\/2025\/05\/Doce-Veinticuatro-Colectivo-Pepo-Tom-1536x1152.jpg 1536w, https:\/\/sergiolapegue.com\/site\/wp-content\/uploads\/2025\/05\/Doce-Veinticuatro-Colectivo-Pepo-Tom-2048x1536.jpg 2048w, https:\/\/sergiolapegue.com\/site\/wp-content\/uploads\/2025\/05\/Doce-Veinticuatro-Colectivo-Pepo-Tom-560x420.jpg 560w, https:\/\/sergiolapegue.com\/site\/wp-content\/uploads\/2025\/05\/Doce-Veinticuatro-Colectivo-Pepo-Tom-80x60.jpg 80w, https:\/\/sergiolapegue.com\/site\/wp-content\/uploads\/2025\/05\/Doce-Veinticuatro-Colectivo-Pepo-Tom-696x522.jpg 696w, https:\/\/sergiolapegue.com\/site\/wp-content\/uploads\/2025\/05\/Doce-Veinticuatro-Colectivo-Pepo-Tom-1068x801.jpg 1068w, https:\/\/sergiolapegue.com\/site\/wp-content\/uploads\/2025\/05\/Doce-Veinticuatro-Colectivo-Pepo-Tom-1920x1440.jpg 1920w\" sizes=\"auto, (max-width: 1024px) 100vw, 1024px\" \/><\/figure>\n\n\n\n<p><strong>PALABRAS DE LA CURADORA, PRODUCTORA Y DIRECTORA ART\u00cdSTICA<\/strong><\/p>\n\n\n\n<p>&#8220;Queremos poder&nbsp;debatir y pensar sobre HOY.&nbsp;Para cuidar el pasado y el futuro hay que curar el HOY, hay que hacer una curadur\u00eda del presente, brindar herramientas de lectura, hacer del PRESENTE un terreno accesible, aceptando su complejidad, sin pretender simplificarlo.&nbsp;<\/p>\n\n\n\n<p>Nos convocan los colectivos que en su apuesta art\u00edstica desarrollan modos de creaci\u00f3n, investigaci\u00f3n y producci\u00f3n singulares. Y en particular, los tres de esta 6\u00ba Edici\u00f3n tienen caracter\u00edsticas muy sexys: son brillantes, son cr\u00edticos, son constructivos y construyen dispositivos de discursos que combaten al sentido com\u00fan&nbsp;desde lo pol\u00edtico, lo queer y el humor, y tienen la capacidad de pararse sobre la coyuntura sin miedo, y trascenderla\u201d. <strong>\u2013 Catalina Lescano<\/strong><\/p>\n\n\n\n<p><strong>PROGRAMACI\u00d3N<\/strong><\/p>\n\n\n\n<figure class=\"wp-block-image size-large\"><img loading=\"lazy\" decoding=\"async\" width=\"1024\" height=\"683\" src=\"https:\/\/sergiolapegue.com\/site\/wp-content\/uploads\/2025\/05\/Doce-Veinticuatro-Opera-Periferica-Oratorio-de-guerra-1024x683.jpg\" alt=\"\" class=\"wp-image-23193\" srcset=\"https:\/\/sergiolapegue.com\/site\/wp-content\/uploads\/2025\/05\/Doce-Veinticuatro-Opera-Periferica-Oratorio-de-guerra-1024x683.jpg 1024w, https:\/\/sergiolapegue.com\/site\/wp-content\/uploads\/2025\/05\/Doce-Veinticuatro-Opera-Periferica-Oratorio-de-guerra-300x200.jpg 300w, https:\/\/sergiolapegue.com\/site\/wp-content\/uploads\/2025\/05\/Doce-Veinticuatro-Opera-Periferica-Oratorio-de-guerra-768x512.jpg 768w, https:\/\/sergiolapegue.com\/site\/wp-content\/uploads\/2025\/05\/Doce-Veinticuatro-Opera-Periferica-Oratorio-de-guerra-1536x1024.jpg 1536w, https:\/\/sergiolapegue.com\/site\/wp-content\/uploads\/2025\/05\/Doce-Veinticuatro-Opera-Periferica-Oratorio-de-guerra-2048x1365.jpg 2048w, https:\/\/sergiolapegue.com\/site\/wp-content\/uploads\/2025\/05\/Doce-Veinticuatro-Opera-Periferica-Oratorio-de-guerra-630x420.jpg 630w, https:\/\/sergiolapegue.com\/site\/wp-content\/uploads\/2025\/05\/Doce-Veinticuatro-Opera-Periferica-Oratorio-de-guerra-696x464.jpg 696w, https:\/\/sergiolapegue.com\/site\/wp-content\/uploads\/2025\/05\/Doce-Veinticuatro-Opera-Periferica-Oratorio-de-guerra-1068x712.jpg 1068w, https:\/\/sergiolapegue.com\/site\/wp-content\/uploads\/2025\/05\/Doce-Veinticuatro-Opera-Periferica-Oratorio-de-guerra-1920x1280.jpg 1920w\" sizes=\"auto, (max-width: 1024px) 100vw, 1024px\" \/><\/figure>\n\n\n\n<p>Mi\u00e9rcoles 18 de junio \u2013 20:00 horas \u2013&nbsp;Entrada general: $ 15.000 en&nbsp;<a href=\"https:\/\/8w40j.r.sp1-brevo.net\/mk\/cl\/f\/sh\/1f8JIKXwHGbEgLgthMf8LWBZLB\/HlDdsUkoscfs\" target=\"_blank\" rel=\"noreferrer noopener\">CCKonex<\/a><\/p>\n\n\n\n<p>&#8220;Oratorio de Guerra. Cap.3&#8221; por colectivo Opera Perif\u00e9rica<\/p>\n\n\n\n<p>Domingo 08 de junio \u2013 de 15:00 horas a 19:00 horas en El Galp\u00f3n de Guevara<\/p>\n\n\n\n<p>Laboratorio art\u00edstico \u201cCoexistencias inesperadas\u201d<\/p>\n\n\n\n<p>Entrada general: $ 20.000 \u2013 Trans-NoBinarie $ 10.000<\/p>\n\n\n\n<p>Venta en este <a href=\"https:\/\/8w40j.r.sp1-brevo.net\/mk\/cl\/f\/sh\/1f8JIKXwHGbddYM6eXAzbtDyRJ\/1op0Cir1CDL3\" target=\"_blank\" rel=\"noreferrer noopener\">link .<\/a><\/p>\n\n\n\n<p>Mi\u00e9rcoles 16 de julio \u2013 20:00 horas \u2013 Entrada general: $ 15.000 en&nbsp;<a href=\"https:\/\/8w40j.r.sp1-brevo.net\/mk\/cl\/f\/sh\/1f8JIKXwHGcRXxgWYsCi8dImdZ\/PWpFcF9H2nmz\" target=\"_blank\" rel=\"noreferrer noopener\">CCKonex<\/a><\/p>\n\n\n\n<p>\u201cInteraci\u00f3n N\u00b03\u201d por Pepo &amp; Tom<\/p>\n\n\n\n<p>Domingo 06 de julio \u2013 de 15:00 horas a 19:00 horas en El Galp\u00f3n de Guevara<\/p>\n\n\n\n<p>Laboratorio art\u00edstico \u201cUnidos y organizados\u201d<\/p>\n\n\n\n<p>Entrada general: $ 20.000 \u2013 Entrada Trans-NoBinarie $ 10.000<\/p>\n\n\n\n<p>Venta en este <a href=\"https:\/\/8w40j.r.sp1-brevo.net\/mk\/cl\/f\/sh\/6rqJfgq8dINrzdobkBTT36YBeHl\/JCIFR45-Owvr\" target=\"_blank\" rel=\"noreferrer noopener\">link .<\/a><\/p>\n\n\n\n<figure class=\"wp-block-image size-full\"><img loading=\"lazy\" decoding=\"async\" width=\"736\" height=\"922\" src=\"https:\/\/sergiolapegue.com\/site\/wp-content\/uploads\/2025\/05\/Doce-Veinticuatro-Iteracion-Pepo-Tom.png\" alt=\"\" class=\"wp-image-23192\" srcset=\"https:\/\/sergiolapegue.com\/site\/wp-content\/uploads\/2025\/05\/Doce-Veinticuatro-Iteracion-Pepo-Tom.png 736w, https:\/\/sergiolapegue.com\/site\/wp-content\/uploads\/2025\/05\/Doce-Veinticuatro-Iteracion-Pepo-Tom-239x300.png 239w, https:\/\/sergiolapegue.com\/site\/wp-content\/uploads\/2025\/05\/Doce-Veinticuatro-Iteracion-Pepo-Tom-335x420.png 335w, https:\/\/sergiolapegue.com\/site\/wp-content\/uploads\/2025\/05\/Doce-Veinticuatro-Iteracion-Pepo-Tom-696x872.png 696w\" sizes=\"auto, (max-width: 736px) 100vw, 736px\" \/><\/figure>\n\n\n\n<p>Mi\u00e9rcoles 13 de agosto \u2013 20:00 horas \u2013 Entrada general: $ 15.000 en <a href=\"https:\/\/8w40j.r.sp1-brevo.net\/mk\/cl\/f\/sh\/6rqJfgq8dIRC4YOuioIYuIo2utp\/5u9z1Rv01Hq1\" target=\"_blank\" rel=\"noreferrer noopener\">CCKonex<\/a><\/p>\n\n\n\n<p>\u201cEl Suceso\u201d por colectivo Estudio QP<\/p>\n\n\n\n<p>Domingo 03 de agosto \u2013 de 15:00 horas a 19:00 horas en El Galp\u00f3n de Guevara<\/p>\n\n\n\n<p>Laboratorio art\u00edstico \u201cDe JaJa a Ahre\u201d<\/p>\n\n\n\n<p>Entrada general: $ 20.000 \u2013 Entrada Trans-NoBinarie $ 10.000<\/p>\n\n\n\n<p>Venta en este <a href=\"https:\/\/8w40j.r.sp1-brevo.net\/mk\/cl\/f\/sh\/6rqJfgq8dISr70h4D7i6ptvyYCr\/e5RXJ2dVplNn\" target=\"_blank\" rel=\"noreferrer noopener\">link .<\/a><\/p>\n\n\n\n<figure class=\"wp-block-image size-large\"><img loading=\"lazy\" decoding=\"async\" width=\"1024\" height=\"683\" src=\"https:\/\/sergiolapegue.com\/site\/wp-content\/uploads\/2025\/05\/Doce-Veinticuatro-Foto-institucional-1024x683.jpg\" alt=\"\" class=\"wp-image-23191\" srcset=\"https:\/\/sergiolapegue.com\/site\/wp-content\/uploads\/2025\/05\/Doce-Veinticuatro-Foto-institucional-1024x683.jpg 1024w, https:\/\/sergiolapegue.com\/site\/wp-content\/uploads\/2025\/05\/Doce-Veinticuatro-Foto-institucional-300x200.jpg 300w, https:\/\/sergiolapegue.com\/site\/wp-content\/uploads\/2025\/05\/Doce-Veinticuatro-Foto-institucional-768x512.jpg 768w, https:\/\/sergiolapegue.com\/site\/wp-content\/uploads\/2025\/05\/Doce-Veinticuatro-Foto-institucional-1536x1024.jpg 1536w, https:\/\/sergiolapegue.com\/site\/wp-content\/uploads\/2025\/05\/Doce-Veinticuatro-Foto-institucional-2048x1365.jpg 2048w, https:\/\/sergiolapegue.com\/site\/wp-content\/uploads\/2025\/05\/Doce-Veinticuatro-Foto-institucional-630x420.jpg 630w, https:\/\/sergiolapegue.com\/site\/wp-content\/uploads\/2025\/05\/Doce-Veinticuatro-Foto-institucional-696x464.jpg 696w, https:\/\/sergiolapegue.com\/site\/wp-content\/uploads\/2025\/05\/Doce-Veinticuatro-Foto-institucional-1068x712.jpg 1068w, https:\/\/sergiolapegue.com\/site\/wp-content\/uploads\/2025\/05\/Doce-Veinticuatro-Foto-institucional-1920x1280.jpg 1920w\" sizes=\"auto, (max-width: 1024px) 100vw, 1024px\" \/><\/figure>\n\n\n\n<p><strong>FICHA ART\u00cdSTICA&nbsp;<\/strong><\/p>\n\n\n\n<p><strong>Direcci\u00f3n y Producci\u00f3n general:\u00a0<\/strong>Doce Veinticuatro: Catalina Lescano, Lalo Moro, Marcio Barcel\u00f3 y Efe Akabani<\/p>\n\n\n\n<p><strong>Curadur\u00eda:<\/strong>&nbsp;Catalina Lescano&nbsp;<\/p>\n\n\n\n<p><strong>Producci\u00f3n de campo:<\/strong>&nbsp;Lalo Moro y Lautaro Noriega<\/p>\n\n\n\n<p><strong>Direcci\u00f3n de comunicaci\u00f3n:<\/strong>&nbsp;Efe Akabani&nbsp;<\/p>\n\n\n\n<p><strong>Gesti\u00f3n de laboratorios:<\/strong>&nbsp;Marcio Barcel\u00f3&nbsp;<\/p>\n\n\n\n<p><strong>CM \u2013 coberturas \u2013 dise\u00f1o gr\u00e1fico:<\/strong>&nbsp;Lautaro Noriega<\/p>\n\n\n\n<p><strong>Realizaci\u00f3n y edici\u00f3n audiovisual:<\/strong>&nbsp;Valen Cam\u00fas<\/p>\n\n\n\n<p><strong>Prensa:<\/strong>&nbsp;Prens\u00f3polis<\/p>\n\n\n\n<p><strong>Web:<\/strong>&nbsp;Jon Kluk<\/p>\n\n\n\n<p><strong>Agradecimientos:<\/strong>&nbsp;Luis Eduardo Lescano, C\u00e9sar Mathus, Paula Bar\u00f3&nbsp;y Paloma Lipovetzky<\/p>\n\n\n\n<p><strong>Apoyos:<\/strong>&nbsp;Teatro Empire<\/p>\n\n\n\n<figure class=\"wp-block-image size-large is-resized\"><img loading=\"lazy\" decoding=\"async\" width=\"683\" height=\"1024\" src=\"https:\/\/sergiolapegue.com\/site\/wp-content\/uploads\/2025\/05\/Doce-Veinticuatro-Catalina-Lescano-683x1024.jpg\" alt=\"\" class=\"wp-image-23194\" style=\"width:317px;height:auto\" srcset=\"https:\/\/sergiolapegue.com\/site\/wp-content\/uploads\/2025\/05\/Doce-Veinticuatro-Catalina-Lescano-683x1024.jpg 683w, https:\/\/sergiolapegue.com\/site\/wp-content\/uploads\/2025\/05\/Doce-Veinticuatro-Catalina-Lescano-200x300.jpg 200w, https:\/\/sergiolapegue.com\/site\/wp-content\/uploads\/2025\/05\/Doce-Veinticuatro-Catalina-Lescano-768x1152.jpg 768w, https:\/\/sergiolapegue.com\/site\/wp-content\/uploads\/2025\/05\/Doce-Veinticuatro-Catalina-Lescano-1024x1536.jpg 1024w, https:\/\/sergiolapegue.com\/site\/wp-content\/uploads\/2025\/05\/Doce-Veinticuatro-Catalina-Lescano-1365x2048.jpg 1365w, https:\/\/sergiolapegue.com\/site\/wp-content\/uploads\/2025\/05\/Doce-Veinticuatro-Catalina-Lescano-280x420.jpg 280w, https:\/\/sergiolapegue.com\/site\/wp-content\/uploads\/2025\/05\/Doce-Veinticuatro-Catalina-Lescano-696x1044.jpg 696w, https:\/\/sergiolapegue.com\/site\/wp-content\/uploads\/2025\/05\/Doce-Veinticuatro-Catalina-Lescano-1068x1602.jpg 1068w, https:\/\/sergiolapegue.com\/site\/wp-content\/uploads\/2025\/05\/Doce-Veinticuatro-Catalina-Lescano-1920x2880.jpg 1920w, https:\/\/sergiolapegue.com\/site\/wp-content\/uploads\/2025\/05\/Doce-Veinticuatro-Catalina-Lescano-scaled.jpg 1707w\" sizes=\"auto, (max-width: 683px) 100vw, 683px\" \/><\/figure>\n\n\n\n<p><strong>SOBRE LA DIRECTORA ART\u00cdSTICA<\/strong><\/p>\n\n\n\n<p>Catalina Lescano es&nbsp;artista, profesora, creadora, curadora, productora, gestora, asesora y consultora de proyectos art\u00edsticos y culturales&nbsp;a nivel nacional e internacional.&nbsp;<\/p>\n\n\n\n<p>Su enfoque colaborativo la lleva a imaginar y ejecutar iniciativas innovadoras, abordando la log\u00edstica como una expresi\u00f3n po\u00e9tica.&nbsp;<\/p>\n\n\n\n<p>Como Asesora de Artes Perform\u00e1ticas en la Subsecretar\u00eda de Espacios Culturales y Proyectos Especiales del Ministerio de Cultura de la Naci\u00f3n (2021\/23), cre\u00f3 y dirigi\u00f3 programas destacados como&nbsp;Danza en Tecn\u00f3polis,&nbsp;Situar Danza&nbsp;y&nbsp;Argentina Florece Danza.<\/p>\n\n\n\n<p>Es cofundadora y codirectora del Festival internacional Arqueolog\u00edas del Futuro y de la plataforma&nbsp;Doce Veinticuatro.<\/p>\n\n\n\n<p>Catalina tambi\u00e9n fue creadora y directora de Magma Centro de Artes, y tuvo roles destacados en Espacio Zafra, F\u00e1brica Per\u00fa, Ciudad Cultural Konex, Tecn\u00f3polis, Centro Cultural Kirchner y Centro Cultural Borges. Desde 2023, es parte de la Cooperativa Transfeminista Mercuria Cultural.<\/p>\n\n\n\n<p>Desde 2024, es colaboradora de la agencia La Infinita y trabaja como consultora y acompa\u00f1ante en el desarrollo de proyectos.&nbsp;Su visi\u00f3n integral y su compromiso con la performatividad y el afecto definen su aporte al panorama cultural.<\/p>\n\n\n\n<p><\/p>\n\n\n\n<p>Gracias Alejandra P\u00eda Nicolosi de Prens\u00f3polis Comunicaci\u00f3n y Prensa por enviarnos la gacetilla de prensa de la 6\u00b0 Edici\u00f3n de Doce Veinticuatro.<\/p>\n","protected":false},"excerpt":{"rendered":"<p>Llega 6\u00ba Edici\u00f3n de DOCE VEINTICUATRO -&#8220;El presente en disputa&#8221;,&nbsp;un acontecimiento art\u00edstico \u00fanico por sus propuestas y tem\u00e1ticas.&nbsp; En esta edici\u00f3n, la programaci\u00f3n consiste en los estrenos de: la obra perform\u00e1tica&nbsp;\u201cOratorio de guerra, Cap\u00edtulo 3\u201d&nbsp;del&nbsp;colectivo \u00d3pera Perif\u00e9rica&nbsp;(mi\u00e9rcoles 18-6); &nbsp;la obra de danza&nbsp;\u201cIteraci\u00f3n N\u00b0 3\u201d&nbsp;del d\u00fao&nbsp;\u201cPepo y Tom\u201d&nbsp;(mi\u00e9rcoles 16-7) y la obra de teatro musical&nbsp;\u201cEl Suceso\u201d&nbsp;del [&hellip;]<\/p>\n","protected":false},"author":3,"featured_media":23196,"comment_status":"open","ping_status":"closed","sticky":false,"template":"","format":"standard","meta":{"footnotes":""},"categories":[34],"tags":[],"class_list":{"0":"post-23187","1":"post","2":"type-post","3":"status-publish","4":"format-standard","5":"has-post-thumbnail","7":"category-arte"},"yoast_head":"<!-- This site is optimized with the Yoast SEO plugin v27.4 - https:\/\/yoast.com\/product\/yoast-seo-wordpress\/ -->\n<title>6\u00b0 EDICI\u00d3N DE DOCE VEINTICUATRO - Sergio Lapegue<\/title>\n<meta name=\"robots\" content=\"index, follow, max-snippet:-1, max-image-preview:large, max-video-preview:-1\" \/>\n<link rel=\"canonical\" href=\"https:\/\/sergiolapegue.com\/site\/2025\/05\/31\/6-edicion-de-doce-veinticuatro\/\" \/>\n<meta property=\"og:locale\" content=\"es_ES\" \/>\n<meta property=\"og:type\" content=\"article\" \/>\n<meta property=\"og:title\" content=\"6\u00b0 EDICI\u00d3N DE DOCE VEINTICUATRO - Sergio Lapegue\" \/>\n<meta property=\"og:description\" content=\"Llega 6\u00ba Edici\u00f3n de DOCE VEINTICUATRO -&#8220;El presente en disputa&#8221;,&nbsp;un acontecimiento art\u00edstico \u00fanico por sus propuestas y tem\u00e1ticas.&nbsp; En esta edici\u00f3n, la programaci\u00f3n consiste en los estrenos de: la obra perform\u00e1tica&nbsp;\u201cOratorio de guerra, Cap\u00edtulo 3\u201d&nbsp;del&nbsp;colectivo \u00d3pera Perif\u00e9rica&nbsp;(mi\u00e9rcoles 18-6); &nbsp;la obra de danza&nbsp;\u201cIteraci\u00f3n N\u00b0 3\u201d&nbsp;del d\u00fao&nbsp;\u201cPepo y Tom\u201d&nbsp;(mi\u00e9rcoles 16-7) y la obra de teatro musical&nbsp;\u201cEl Suceso\u201d&nbsp;del [&hellip;]\" \/>\n<meta property=\"og:url\" content=\"https:\/\/sergiolapegue.com\/site\/2025\/05\/31\/6-edicion-de-doce-veinticuatro\/\" \/>\n<meta property=\"og:site_name\" content=\"Sergio Lapegue\" \/>\n<meta property=\"article:publisher\" content=\"https:\/\/facebook.com\/sergiolapegue\" \/>\n<meta property=\"article:author\" content=\"https:\/\/facebook.com\/danielernesto.montana\" \/>\n<meta property=\"article:published_time\" content=\"2025-05-31T12:00:00+00:00\" \/>\n<meta property=\"og:image\" content=\"https:\/\/sergiolapegue.com\/site\/wp-content\/uploads\/2025\/05\/Doce-Veinticuatro-scaled.jpg\" \/>\n\t<meta property=\"og:image:width\" content=\"2048\" \/>\n\t<meta property=\"og:image:height\" content=\"2560\" \/>\n\t<meta property=\"og:image:type\" content=\"image\/jpeg\" \/>\n<meta name=\"author\" content=\"Daniel E. Monta\u00f1a\" \/>\n<meta name=\"twitter:card\" content=\"summary_large_image\" \/>\n<meta name=\"twitter:creator\" content=\"@https:\/\/twitter.com\/daner_004\" \/>\n<meta name=\"twitter:site\" content=\"@sergiolapegue\" \/>\n<meta name=\"twitter:label1\" content=\"Escrito por\" \/>\n\t<meta name=\"twitter:data1\" content=\"Daniel E. Monta\u00f1a\" \/>\n\t<meta name=\"twitter:label2\" content=\"Tiempo de lectura\" \/>\n\t<meta name=\"twitter:data2\" content=\"7 minutos\" \/>\n<script type=\"application\/ld+json\" class=\"yoast-schema-graph\">{\"@context\":\"https:\\\/\\\/schema.org\",\"@graph\":[{\"@type\":\"Article\",\"@id\":\"https:\\\/\\\/sergiolapegue.com\\\/site\\\/2025\\\/05\\\/31\\\/6-edicion-de-doce-veinticuatro\\\/#article\",\"isPartOf\":{\"@id\":\"https:\\\/\\\/sergiolapegue.com\\\/site\\\/2025\\\/05\\\/31\\\/6-edicion-de-doce-veinticuatro\\\/\"},\"author\":{\"name\":\"Daniel E. Monta\u00f1a\",\"@id\":\"https:\\\/\\\/sergiolapegue.com\\\/site\\\/#\\\/schema\\\/person\\\/9198e7dbab43c6d74d0fd5399af7c3cd\"},\"headline\":\"6\u00b0 EDICI\u00d3N DE DOCE VEINTICUATRO\",\"datePublished\":\"2025-05-31T12:00:00+00:00\",\"mainEntityOfPage\":{\"@id\":\"https:\\\/\\\/sergiolapegue.com\\\/site\\\/2025\\\/05\\\/31\\\/6-edicion-de-doce-veinticuatro\\\/\"},\"wordCount\":1269,\"commentCount\":0,\"publisher\":{\"@id\":\"https:\\\/\\\/sergiolapegue.com\\\/site\\\/#\\\/schema\\\/person\\\/083aeceeb0734cd166779ea6c0551a37\"},\"image\":{\"@id\":\"https:\\\/\\\/sergiolapegue.com\\\/site\\\/2025\\\/05\\\/31\\\/6-edicion-de-doce-veinticuatro\\\/#primaryimage\"},\"thumbnailUrl\":\"https:\\\/\\\/sergiolapegue.com\\\/site\\\/wp-content\\\/uploads\\\/2025\\\/05\\\/Doce-Veinticuatro-scaled.jpg\",\"articleSection\":[\"Arte\"],\"inLanguage\":\"es-AR\",\"potentialAction\":[{\"@type\":\"CommentAction\",\"name\":\"Comment\",\"target\":[\"https:\\\/\\\/sergiolapegue.com\\\/site\\\/2025\\\/05\\\/31\\\/6-edicion-de-doce-veinticuatro\\\/#respond\"]}]},{\"@type\":\"WebPage\",\"@id\":\"https:\\\/\\\/sergiolapegue.com\\\/site\\\/2025\\\/05\\\/31\\\/6-edicion-de-doce-veinticuatro\\\/\",\"url\":\"https:\\\/\\\/sergiolapegue.com\\\/site\\\/2025\\\/05\\\/31\\\/6-edicion-de-doce-veinticuatro\\\/\",\"name\":\"6\u00b0 EDICI\u00d3N DE DOCE VEINTICUATRO - Sergio Lapegue\",\"isPartOf\":{\"@id\":\"https:\\\/\\\/sergiolapegue.com\\\/site\\\/#website\"},\"primaryImageOfPage\":{\"@id\":\"https:\\\/\\\/sergiolapegue.com\\\/site\\\/2025\\\/05\\\/31\\\/6-edicion-de-doce-veinticuatro\\\/#primaryimage\"},\"image\":{\"@id\":\"https:\\\/\\\/sergiolapegue.com\\\/site\\\/2025\\\/05\\\/31\\\/6-edicion-de-doce-veinticuatro\\\/#primaryimage\"},\"thumbnailUrl\":\"https:\\\/\\\/sergiolapegue.com\\\/site\\\/wp-content\\\/uploads\\\/2025\\\/05\\\/Doce-Veinticuatro-scaled.jpg\",\"datePublished\":\"2025-05-31T12:00:00+00:00\",\"breadcrumb\":{\"@id\":\"https:\\\/\\\/sergiolapegue.com\\\/site\\\/2025\\\/05\\\/31\\\/6-edicion-de-doce-veinticuatro\\\/#breadcrumb\"},\"inLanguage\":\"es-AR\",\"potentialAction\":[{\"@type\":\"ReadAction\",\"target\":[\"https:\\\/\\\/sergiolapegue.com\\\/site\\\/2025\\\/05\\\/31\\\/6-edicion-de-doce-veinticuatro\\\/\"]}]},{\"@type\":\"ImageObject\",\"inLanguage\":\"es-AR\",\"@id\":\"https:\\\/\\\/sergiolapegue.com\\\/site\\\/2025\\\/05\\\/31\\\/6-edicion-de-doce-veinticuatro\\\/#primaryimage\",\"url\":\"https:\\\/\\\/sergiolapegue.com\\\/site\\\/wp-content\\\/uploads\\\/2025\\\/05\\\/Doce-Veinticuatro-scaled.jpg\",\"contentUrl\":\"https:\\\/\\\/sergiolapegue.com\\\/site\\\/wp-content\\\/uploads\\\/2025\\\/05\\\/Doce-Veinticuatro-scaled.jpg\",\"width\":2048,\"height\":2560},{\"@type\":\"BreadcrumbList\",\"@id\":\"https:\\\/\\\/sergiolapegue.com\\\/site\\\/2025\\\/05\\\/31\\\/6-edicion-de-doce-veinticuatro\\\/#breadcrumb\",\"itemListElement\":[{\"@type\":\"ListItem\",\"position\":1,\"name\":\"Inicio\",\"item\":\"https:\\\/\\\/sergiolapegue.com\\\/site\\\/\"},{\"@type\":\"ListItem\",\"position\":2,\"name\":\"6\u00b0 EDICI\u00d3N DE DOCE VEINTICUATRO\"}]},{\"@type\":\"WebSite\",\"@id\":\"https:\\\/\\\/sergiolapegue.com\\\/site\\\/#website\",\"url\":\"https:\\\/\\\/sergiolapegue.com\\\/site\\\/\",\"name\":\"Sergio Lapegue\",\"description\":\"Periodista\",\"publisher\":{\"@id\":\"https:\\\/\\\/sergiolapegue.com\\\/site\\\/#\\\/schema\\\/person\\\/083aeceeb0734cd166779ea6c0551a37\"},\"potentialAction\":[{\"@type\":\"SearchAction\",\"target\":{\"@type\":\"EntryPoint\",\"urlTemplate\":\"https:\\\/\\\/sergiolapegue.com\\\/site\\\/?s={search_term_string}\"},\"query-input\":{\"@type\":\"PropertyValueSpecification\",\"valueRequired\":true,\"valueName\":\"search_term_string\"}}],\"inLanguage\":\"es-AR\"},{\"@type\":[\"Person\",\"Organization\"],\"@id\":\"https:\\\/\\\/sergiolapegue.com\\\/site\\\/#\\\/schema\\\/person\\\/083aeceeb0734cd166779ea6c0551a37\",\"name\":\"Sergio Lapegue\",\"image\":{\"@type\":\"ImageObject\",\"inLanguage\":\"es-AR\",\"@id\":\"https:\\\/\\\/sergiolapegue.com\\\/site\\\/wp-content\\\/uploads\\\/2021\\\/04\\\/logo_header-1.png\",\"url\":\"https:\\\/\\\/sergiolapegue.com\\\/site\\\/wp-content\\\/uploads\\\/2021\\\/04\\\/logo_header-1.png\",\"contentUrl\":\"https:\\\/\\\/sergiolapegue.com\\\/site\\\/wp-content\\\/uploads\\\/2021\\\/04\\\/logo_header-1.png\",\"width\":272,\"height\":90,\"caption\":\"Sergio Lapegue\"},\"logo\":{\"@id\":\"https:\\\/\\\/sergiolapegue.com\\\/site\\\/wp-content\\\/uploads\\\/2021\\\/04\\\/logo_header-1.png\"},\"sameAs\":[\"https:\\\/\\\/facebook.com\\\/sergiolapegue\",\"https:\\\/\\\/instagram.com\\\/sergiolapegue\",\"https:\\\/\\\/x.com\\\/https:\\\/\\\/twitter.com\\\/sergiolapegue\"]},{\"@type\":\"Person\",\"@id\":\"https:\\\/\\\/sergiolapegue.com\\\/site\\\/#\\\/schema\\\/person\\\/9198e7dbab43c6d74d0fd5399af7c3cd\",\"name\":\"Daniel E. Monta\u00f1a\",\"image\":{\"@type\":\"ImageObject\",\"inLanguage\":\"es-AR\",\"@id\":\"https:\\\/\\\/sergiolapegue.com\\\/site\\\/wp-content\\\/uploads\\\/2021\\\/04\\\/sl_avatar_Daniel-150x150.jpg\",\"url\":\"https:\\\/\\\/sergiolapegue.com\\\/site\\\/wp-content\\\/uploads\\\/2021\\\/04\\\/sl_avatar_Daniel-150x150.jpg\",\"contentUrl\":\"https:\\\/\\\/sergiolapegue.com\\\/site\\\/wp-content\\\/uploads\\\/2021\\\/04\\\/sl_avatar_Daniel-150x150.jpg\",\"caption\":\"Daniel E. Monta\u00f1a\"},\"sameAs\":[\"https:\\\/\\\/facebook.com\\\/danielernesto.montana\",\"https:\\\/\\\/instagram.com\\\/daniel_montana1961\",\"https:\\\/\\\/x.com\\\/https:\\\/\\\/twitter.com\\\/daner_004\"],\"url\":\"https:\\\/\\\/sergiolapegue.com\\\/site\\\/author\\\/daniel\\\/\"}]}<\/script>\n<!-- \/ Yoast SEO plugin. -->","yoast_head_json":{"title":"6\u00b0 EDICI\u00d3N DE DOCE VEINTICUATRO - Sergio Lapegue","robots":{"index":"index","follow":"follow","max-snippet":"max-snippet:-1","max-image-preview":"max-image-preview:large","max-video-preview":"max-video-preview:-1"},"canonical":"https:\/\/sergiolapegue.com\/site\/2025\/05\/31\/6-edicion-de-doce-veinticuatro\/","og_locale":"es_ES","og_type":"article","og_title":"6\u00b0 EDICI\u00d3N DE DOCE VEINTICUATRO - Sergio Lapegue","og_description":"Llega 6\u00ba Edici\u00f3n de DOCE VEINTICUATRO -&#8220;El presente en disputa&#8221;,&nbsp;un acontecimiento art\u00edstico \u00fanico por sus propuestas y tem\u00e1ticas.&nbsp; En esta edici\u00f3n, la programaci\u00f3n consiste en los estrenos de: la obra perform\u00e1tica&nbsp;\u201cOratorio de guerra, Cap\u00edtulo 3\u201d&nbsp;del&nbsp;colectivo \u00d3pera Perif\u00e9rica&nbsp;(mi\u00e9rcoles 18-6); &nbsp;la obra de danza&nbsp;\u201cIteraci\u00f3n N\u00b0 3\u201d&nbsp;del d\u00fao&nbsp;\u201cPepo y Tom\u201d&nbsp;(mi\u00e9rcoles 16-7) y la obra de teatro musical&nbsp;\u201cEl Suceso\u201d&nbsp;del [&hellip;]","og_url":"https:\/\/sergiolapegue.com\/site\/2025\/05\/31\/6-edicion-de-doce-veinticuatro\/","og_site_name":"Sergio Lapegue","article_publisher":"https:\/\/facebook.com\/sergiolapegue","article_author":"https:\/\/facebook.com\/danielernesto.montana","article_published_time":"2025-05-31T12:00:00+00:00","og_image":[{"width":2048,"height":2560,"url":"https:\/\/sergiolapegue.com\/site\/wp-content\/uploads\/2025\/05\/Doce-Veinticuatro-scaled.jpg","type":"image\/jpeg"}],"author":"Daniel E. Monta\u00f1a","twitter_card":"summary_large_image","twitter_creator":"@https:\/\/twitter.com\/daner_004","twitter_site":"@sergiolapegue","twitter_misc":{"Escrito por":"Daniel E. Monta\u00f1a","Tiempo de lectura":"7 minutos"},"schema":{"@context":"https:\/\/schema.org","@graph":[{"@type":"Article","@id":"https:\/\/sergiolapegue.com\/site\/2025\/05\/31\/6-edicion-de-doce-veinticuatro\/#article","isPartOf":{"@id":"https:\/\/sergiolapegue.com\/site\/2025\/05\/31\/6-edicion-de-doce-veinticuatro\/"},"author":{"name":"Daniel E. Monta\u00f1a","@id":"https:\/\/sergiolapegue.com\/site\/#\/schema\/person\/9198e7dbab43c6d74d0fd5399af7c3cd"},"headline":"6\u00b0 EDICI\u00d3N DE DOCE VEINTICUATRO","datePublished":"2025-05-31T12:00:00+00:00","mainEntityOfPage":{"@id":"https:\/\/sergiolapegue.com\/site\/2025\/05\/31\/6-edicion-de-doce-veinticuatro\/"},"wordCount":1269,"commentCount":0,"publisher":{"@id":"https:\/\/sergiolapegue.com\/site\/#\/schema\/person\/083aeceeb0734cd166779ea6c0551a37"},"image":{"@id":"https:\/\/sergiolapegue.com\/site\/2025\/05\/31\/6-edicion-de-doce-veinticuatro\/#primaryimage"},"thumbnailUrl":"https:\/\/sergiolapegue.com\/site\/wp-content\/uploads\/2025\/05\/Doce-Veinticuatro-scaled.jpg","articleSection":["Arte"],"inLanguage":"es-AR","potentialAction":[{"@type":"CommentAction","name":"Comment","target":["https:\/\/sergiolapegue.com\/site\/2025\/05\/31\/6-edicion-de-doce-veinticuatro\/#respond"]}]},{"@type":"WebPage","@id":"https:\/\/sergiolapegue.com\/site\/2025\/05\/31\/6-edicion-de-doce-veinticuatro\/","url":"https:\/\/sergiolapegue.com\/site\/2025\/05\/31\/6-edicion-de-doce-veinticuatro\/","name":"6\u00b0 EDICI\u00d3N DE DOCE VEINTICUATRO - Sergio Lapegue","isPartOf":{"@id":"https:\/\/sergiolapegue.com\/site\/#website"},"primaryImageOfPage":{"@id":"https:\/\/sergiolapegue.com\/site\/2025\/05\/31\/6-edicion-de-doce-veinticuatro\/#primaryimage"},"image":{"@id":"https:\/\/sergiolapegue.com\/site\/2025\/05\/31\/6-edicion-de-doce-veinticuatro\/#primaryimage"},"thumbnailUrl":"https:\/\/sergiolapegue.com\/site\/wp-content\/uploads\/2025\/05\/Doce-Veinticuatro-scaled.jpg","datePublished":"2025-05-31T12:00:00+00:00","breadcrumb":{"@id":"https:\/\/sergiolapegue.com\/site\/2025\/05\/31\/6-edicion-de-doce-veinticuatro\/#breadcrumb"},"inLanguage":"es-AR","potentialAction":[{"@type":"ReadAction","target":["https:\/\/sergiolapegue.com\/site\/2025\/05\/31\/6-edicion-de-doce-veinticuatro\/"]}]},{"@type":"ImageObject","inLanguage":"es-AR","@id":"https:\/\/sergiolapegue.com\/site\/2025\/05\/31\/6-edicion-de-doce-veinticuatro\/#primaryimage","url":"https:\/\/sergiolapegue.com\/site\/wp-content\/uploads\/2025\/05\/Doce-Veinticuatro-scaled.jpg","contentUrl":"https:\/\/sergiolapegue.com\/site\/wp-content\/uploads\/2025\/05\/Doce-Veinticuatro-scaled.jpg","width":2048,"height":2560},{"@type":"BreadcrumbList","@id":"https:\/\/sergiolapegue.com\/site\/2025\/05\/31\/6-edicion-de-doce-veinticuatro\/#breadcrumb","itemListElement":[{"@type":"ListItem","position":1,"name":"Inicio","item":"https:\/\/sergiolapegue.com\/site\/"},{"@type":"ListItem","position":2,"name":"6\u00b0 EDICI\u00d3N DE DOCE VEINTICUATRO"}]},{"@type":"WebSite","@id":"https:\/\/sergiolapegue.com\/site\/#website","url":"https:\/\/sergiolapegue.com\/site\/","name":"Sergio Lapegue","description":"Periodista","publisher":{"@id":"https:\/\/sergiolapegue.com\/site\/#\/schema\/person\/083aeceeb0734cd166779ea6c0551a37"},"potentialAction":[{"@type":"SearchAction","target":{"@type":"EntryPoint","urlTemplate":"https:\/\/sergiolapegue.com\/site\/?s={search_term_string}"},"query-input":{"@type":"PropertyValueSpecification","valueRequired":true,"valueName":"search_term_string"}}],"inLanguage":"es-AR"},{"@type":["Person","Organization"],"@id":"https:\/\/sergiolapegue.com\/site\/#\/schema\/person\/083aeceeb0734cd166779ea6c0551a37","name":"Sergio Lapegue","image":{"@type":"ImageObject","inLanguage":"es-AR","@id":"https:\/\/sergiolapegue.com\/site\/wp-content\/uploads\/2021\/04\/logo_header-1.png","url":"https:\/\/sergiolapegue.com\/site\/wp-content\/uploads\/2021\/04\/logo_header-1.png","contentUrl":"https:\/\/sergiolapegue.com\/site\/wp-content\/uploads\/2021\/04\/logo_header-1.png","width":272,"height":90,"caption":"Sergio Lapegue"},"logo":{"@id":"https:\/\/sergiolapegue.com\/site\/wp-content\/uploads\/2021\/04\/logo_header-1.png"},"sameAs":["https:\/\/facebook.com\/sergiolapegue","https:\/\/instagram.com\/sergiolapegue","https:\/\/x.com\/https:\/\/twitter.com\/sergiolapegue"]},{"@type":"Person","@id":"https:\/\/sergiolapegue.com\/site\/#\/schema\/person\/9198e7dbab43c6d74d0fd5399af7c3cd","name":"Daniel E. Monta\u00f1a","image":{"@type":"ImageObject","inLanguage":"es-AR","@id":"https:\/\/sergiolapegue.com\/site\/wp-content\/uploads\/2021\/04\/sl_avatar_Daniel-150x150.jpg","url":"https:\/\/sergiolapegue.com\/site\/wp-content\/uploads\/2021\/04\/sl_avatar_Daniel-150x150.jpg","contentUrl":"https:\/\/sergiolapegue.com\/site\/wp-content\/uploads\/2021\/04\/sl_avatar_Daniel-150x150.jpg","caption":"Daniel E. Monta\u00f1a"},"sameAs":["https:\/\/facebook.com\/danielernesto.montana","https:\/\/instagram.com\/daniel_montana1961","https:\/\/x.com\/https:\/\/twitter.com\/daner_004"],"url":"https:\/\/sergiolapegue.com\/site\/author\/daniel\/"}]}},"_links":{"self":[{"href":"https:\/\/sergiolapegue.com\/site\/wp-json\/wp\/v2\/posts\/23187","targetHints":{"allow":["GET"]}}],"collection":[{"href":"https:\/\/sergiolapegue.com\/site\/wp-json\/wp\/v2\/posts"}],"about":[{"href":"https:\/\/sergiolapegue.com\/site\/wp-json\/wp\/v2\/types\/post"}],"author":[{"embeddable":true,"href":"https:\/\/sergiolapegue.com\/site\/wp-json\/wp\/v2\/users\/3"}],"replies":[{"embeddable":true,"href":"https:\/\/sergiolapegue.com\/site\/wp-json\/wp\/v2\/comments?post=23187"}],"version-history":[{"count":1,"href":"https:\/\/sergiolapegue.com\/site\/wp-json\/wp\/v2\/posts\/23187\/revisions"}],"predecessor-version":[{"id":23195,"href":"https:\/\/sergiolapegue.com\/site\/wp-json\/wp\/v2\/posts\/23187\/revisions\/23195"}],"wp:featuredmedia":[{"embeddable":true,"href":"https:\/\/sergiolapegue.com\/site\/wp-json\/wp\/v2\/media\/23196"}],"wp:attachment":[{"href":"https:\/\/sergiolapegue.com\/site\/wp-json\/wp\/v2\/media?parent=23187"}],"wp:term":[{"taxonomy":"category","embeddable":true,"href":"https:\/\/sergiolapegue.com\/site\/wp-json\/wp\/v2\/categories?post=23187"},{"taxonomy":"post_tag","embeddable":true,"href":"https:\/\/sergiolapegue.com\/site\/wp-json\/wp\/v2\/tags?post=23187"}],"curies":[{"name":"wp","href":"https:\/\/api.w.org\/{rel}","templated":true}]}}