{"id":23038,"date":"2025-05-27T01:00:00","date_gmt":"2025-05-27T04:00:00","guid":{"rendered":"https:\/\/sergiolapegue.com\/site\/?p=23038"},"modified":"2025-05-26T21:47:32","modified_gmt":"2025-05-27T00:47:32","slug":"los-besos-y-la-ausencia","status":"publish","type":"post","link":"https:\/\/sergiolapegue.com\/site\/2025\/05\/27\/los-besos-y-la-ausencia\/","title":{"rendered":"\u201cLOS BESOS Y LA AUSENCIA\u201d"},"content":{"rendered":"\n<p>El pr\u00f3ximo domingo 1 de junio se estrenar\u00e1 \u201cLos besos y la ausencia\u201d, el unipersonal protagonizado por la cantante y actriz Cecilia Bonardi con direcci\u00f3n musical de Diego Vila y direcci\u00f3n general de Alice Penn, que ofrecer\u00e1 funciones los domingos de junio a las 18h en el Port\u00f3n de S\u00e1nchez.<\/p>\n\n\n\n<p>El espect\u00e1culo naci\u00f3 de una idea original de Cecilia Bonardi \u2013 surgida durante la pandemia \u2013, con el posterior desarrollo creativo en equipo junto con el compositor y arreglador Diego Vila, escenograf\u00eda de Nicodemo D. Tucci y puesta en escena y direcci\u00f3n de Alice Penn.<\/p>\n\n\n\n<p>\u201cLos besos y la ausencia\u201d es una pieza que explora el amor en sus diversas facetas: el deseo, la seducci\u00f3n, la ilusi\u00f3n, la soledad y lo inconfesable desplegado en una banda sonora compuesta por m\u00fasicas y textos que van tejiendo un entramado po\u00e9tico que invita a los espectadores, a emprender un viaje on\u00edrico donde las experiencias vividas conviven con las so\u00f1adas.<\/p>\n\n\n\n<p>El repertorio es heterog\u00e9neo y est\u00e1 compuesto por temas de diversos g\u00e9neros como el tango, la balada, el rock nacional y el bolero. Canciones de todos los tiempos que cobran una nueva vida y parecen escucharse por primera vez, para convertirse en historias que a veces con pesar, a veces con humor, nos hablan de nosotros mismos.<\/p>\n\n\n\n<p>Bonardi comenta: \u201cel impulso inicial del espect\u00e1culo naci\u00f3 de una b\u00fasqueda personal, luego con la interpretaci\u00f3n de cada uno de los temas se fue construyendo la trama de la obra comprendiendo todos esos temas universales que hacen a nuestra vida amorosa. Las canciones tienen esa magia especial de permitirnos entrar en las historias, resonando en lugares \u00edntimos que siempre son \u00fanicos y especiales.\u201d<\/p>\n\n\n\n<figure class=\"wp-block-image size-large\"><img loading=\"lazy\" decoding=\"async\" width=\"1024\" height=\"683\" src=\"https:\/\/sergiolapegue.com\/site\/wp-content\/uploads\/2025\/05\/Los-besos-y-la-ausencia-prensa-5-1024x683.jpg\" alt=\"\" class=\"wp-image-23040\" srcset=\"https:\/\/sergiolapegue.com\/site\/wp-content\/uploads\/2025\/05\/Los-besos-y-la-ausencia-prensa-5-1024x683.jpg 1024w, https:\/\/sergiolapegue.com\/site\/wp-content\/uploads\/2025\/05\/Los-besos-y-la-ausencia-prensa-5-300x200.jpg 300w, https:\/\/sergiolapegue.com\/site\/wp-content\/uploads\/2025\/05\/Los-besos-y-la-ausencia-prensa-5-768x512.jpg 768w, https:\/\/sergiolapegue.com\/site\/wp-content\/uploads\/2025\/05\/Los-besos-y-la-ausencia-prensa-5-1536x1024.jpg 1536w, https:\/\/sergiolapegue.com\/site\/wp-content\/uploads\/2025\/05\/Los-besos-y-la-ausencia-prensa-5-2048x1365.jpg 2048w, https:\/\/sergiolapegue.com\/site\/wp-content\/uploads\/2025\/05\/Los-besos-y-la-ausencia-prensa-5-630x420.jpg 630w, https:\/\/sergiolapegue.com\/site\/wp-content\/uploads\/2025\/05\/Los-besos-y-la-ausencia-prensa-5-696x464.jpg 696w, https:\/\/sergiolapegue.com\/site\/wp-content\/uploads\/2025\/05\/Los-besos-y-la-ausencia-prensa-5-1068x712.jpg 1068w, https:\/\/sergiolapegue.com\/site\/wp-content\/uploads\/2025\/05\/Los-besos-y-la-ausencia-prensa-5-1920x1280.jpg 1920w\" sizes=\"auto, (max-width: 1024px) 100vw, 1024px\" \/><\/figure>\n\n\n\n<p><strong>PALABRAS DE LA AUTORA Y ACTRIZ CECILIA BONARDI<\/strong><\/p>\n\n\n\n<p>\u201cSi tuviese que definir el espect\u00e1culo lo asociar\u00eda a un viaje en el que uno se embarca y va pasando por distintas estaciones que suponen detenciones, encuentros, propuestas inesperadas y emociones profundas.\u201d, concluye la artista.<\/p>\n\n\n\n<p>El repertorio se completa con las siguientes canciones: \u201cIm\u00e1genes paganas (Virus)\u201d, \u201cEl beso\u201d (Pedro Aznar), \u201cPersiana Americana\u201d (Soda Stereo), \u201cPiensa en m\u00ed\u201d (Agust\u00edn Lara- Mar\u00eda Teresa Lara), \u201cSoledad\u201d (Gardel y Le Pera), \u201cVenme a buscar\u201d (Henry Mart\u00ednez), \u201cTodas las noches del agua\u201d (Fito P\u00e1ez), \u201cBesos Brujos\u201d (Alfredo Malerba- Rodolfo Sciammarella), \u201cMalevaje\u201d (Disc\u00e9polo), \u201cLuc\u00eda\u201d (Serrat), \u201cLa bohemia\u201d (Charles Aznavour), \u201cLa despedida\u201d (Fito P\u00e1ez), \u201cEs caprichoso el azar\u201d (Serrat) y \u201cValsinha\u201d (Chico Buarque).<\/p>\n\n\n\n<figure class=\"wp-block-image size-large\"><img loading=\"lazy\" decoding=\"async\" width=\"1024\" height=\"680\" src=\"https:\/\/sergiolapegue.com\/site\/wp-content\/uploads\/2025\/05\/Los-besos-y-la-ausencia-prensa-1-1024x680.jpg\" alt=\"\" class=\"wp-image-23039\" srcset=\"https:\/\/sergiolapegue.com\/site\/wp-content\/uploads\/2025\/05\/Los-besos-y-la-ausencia-prensa-1-1024x680.jpg 1024w, https:\/\/sergiolapegue.com\/site\/wp-content\/uploads\/2025\/05\/Los-besos-y-la-ausencia-prensa-1-300x199.jpg 300w, https:\/\/sergiolapegue.com\/site\/wp-content\/uploads\/2025\/05\/Los-besos-y-la-ausencia-prensa-1-768x510.jpg 768w, https:\/\/sergiolapegue.com\/site\/wp-content\/uploads\/2025\/05\/Los-besos-y-la-ausencia-prensa-1-1536x1020.jpg 1536w, https:\/\/sergiolapegue.com\/site\/wp-content\/uploads\/2025\/05\/Los-besos-y-la-ausencia-prensa-1-2048x1360.jpg 2048w, https:\/\/sergiolapegue.com\/site\/wp-content\/uploads\/2025\/05\/Los-besos-y-la-ausencia-prensa-1-632x420.jpg 632w, https:\/\/sergiolapegue.com\/site\/wp-content\/uploads\/2025\/05\/Los-besos-y-la-ausencia-prensa-1-696x462.jpg 696w, https:\/\/sergiolapegue.com\/site\/wp-content\/uploads\/2025\/05\/Los-besos-y-la-ausencia-prensa-1-1068x709.jpg 1068w, https:\/\/sergiolapegue.com\/site\/wp-content\/uploads\/2025\/05\/Los-besos-y-la-ausencia-prensa-1-1920x1275.jpg 1920w\" sizes=\"auto, (max-width: 1024px) 100vw, 1024px\" \/><\/figure>\n\n\n\n<p><strong>FICHA T\u00c9CNICO ART\u00cdSTICA<\/strong><\/p>\n\n\n\n<p><strong>Idea:<\/strong> Cecilia Bonardi<\/p>\n\n\n\n<p><strong>Int\u00e9rprete:<\/strong> Cecilia Bonardi<\/p>\n\n\n\n<p><strong>Equipo Creativo:<\/strong> Cecilia Bonardi, Diego Vila y Alice Penn<\/p>\n\n\n\n<p><strong>Escenograf\u00eda:<\/strong> Nicodemo Daniel Tucci<\/p>\n\n\n\n<p><strong>Fotograf\u00eda:<\/strong> Alejandra L\u00f3pez<\/p>\n\n\n\n<p><strong>Dise\u00f1o gr\u00e1fico:<\/strong> Mar\u00eda Salgado<\/p>\n\n\n\n<p><strong>Prensa y difusi\u00f3n:<\/strong> Cecilia Gamboa<\/p>\n\n\n\n<p><strong>Puesta escena:<\/strong> Alice Penn<\/p>\n\n\n\n<p><strong>Producci\u00f3n:<\/strong> Cecilia Bonardi<\/p>\n\n\n\n<p><strong>Direcci\u00f3n musical:<\/strong> Diego Vila<\/p>\n\n\n\n<p><strong>Direcci\u00f3n:<\/strong> Alice Penn<\/p>\n\n\n\n<p><strong>Instagram:<\/strong> @<\/p>\n\n\n\n<p><strong>Duraci\u00f3n:<\/strong> 60 minutos<\/p>\n\n\n\n<p><strong>Clasificaci\u00f3n:<\/strong> Teatro \u2013 Presencial \u2013 Adultos \u2013 Unipersonal<\/p>\n\n\n\n<figure class=\"wp-block-image size-large\"><img loading=\"lazy\" decoding=\"async\" width=\"1024\" height=\"683\" src=\"https:\/\/sergiolapegue.com\/site\/wp-content\/uploads\/2025\/05\/Los-besos-y-la-ausencia-prensa-2-1024x683.jpg\" alt=\"\" class=\"wp-image-23041\" srcset=\"https:\/\/sergiolapegue.com\/site\/wp-content\/uploads\/2025\/05\/Los-besos-y-la-ausencia-prensa-2-1024x683.jpg 1024w, https:\/\/sergiolapegue.com\/site\/wp-content\/uploads\/2025\/05\/Los-besos-y-la-ausencia-prensa-2-300x200.jpg 300w, https:\/\/sergiolapegue.com\/site\/wp-content\/uploads\/2025\/05\/Los-besos-y-la-ausencia-prensa-2-768x512.jpg 768w, https:\/\/sergiolapegue.com\/site\/wp-content\/uploads\/2025\/05\/Los-besos-y-la-ausencia-prensa-2-1536x1024.jpg 1536w, https:\/\/sergiolapegue.com\/site\/wp-content\/uploads\/2025\/05\/Los-besos-y-la-ausencia-prensa-2-2048x1365.jpg 2048w, https:\/\/sergiolapegue.com\/site\/wp-content\/uploads\/2025\/05\/Los-besos-y-la-ausencia-prensa-2-630x420.jpg 630w, https:\/\/sergiolapegue.com\/site\/wp-content\/uploads\/2025\/05\/Los-besos-y-la-ausencia-prensa-2-696x464.jpg 696w, https:\/\/sergiolapegue.com\/site\/wp-content\/uploads\/2025\/05\/Los-besos-y-la-ausencia-prensa-2-1068x712.jpg 1068w, https:\/\/sergiolapegue.com\/site\/wp-content\/uploads\/2025\/05\/Los-besos-y-la-ausencia-prensa-2-1920x1280.jpg 1920w\" sizes=\"auto, (max-width: 1024px) 100vw, 1024px\" \/><\/figure>\n\n\n\n<p><strong>EL PORT\u00d3N DE S\u00c1NCHEZ<\/strong><\/p>\n\n\n\n<p>S\u00e1nchez de Bustamante 1034 \u2013 Capital Federal \u2013 Buenos Aires \u2013 Argentina<\/p>\n\n\n\n<p>Tel\u00e9fono: 7528-8019<\/p>\n\n\n\n<p>Web: <a href=\"http:\/\/www.elportondesanchez.com.ar\/\">http:\/\/www.elportondesanchez.com.ar\/<\/a><\/p>\n\n\n\n<p>Entradas: $ 17.000 \u2013 en boleter\u00eda del teatro o por Alternativa Teatral<\/p>\n\n\n\n<p>Funciones: Domingos 18:00 horas \u2013 Del 01\/06\/2025 al 29\/06\/2025<\/p>\n\n\n\n<p>Gracias Cecilia Gamboa por acercarnos la gacetilla de prensa del estreno de este espect\u00e1culo.<\/p>\n\n\n\n<p><\/p>\n\n\n\n<figure class=\"wp-block-image size-large is-resized\"><img loading=\"lazy\" decoding=\"async\" width=\"1024\" height=\"683\" src=\"https:\/\/sergiolapegue.com\/site\/wp-content\/uploads\/2025\/05\/Los-besos-y-la-ausencia-Cecilia-Bonardi-1024x683.jpg\" alt=\"\" class=\"wp-image-23042\" style=\"width:333px;height:auto\" srcset=\"https:\/\/sergiolapegue.com\/site\/wp-content\/uploads\/2025\/05\/Los-besos-y-la-ausencia-Cecilia-Bonardi-1024x683.jpg 1024w, https:\/\/sergiolapegue.com\/site\/wp-content\/uploads\/2025\/05\/Los-besos-y-la-ausencia-Cecilia-Bonardi-300x200.jpg 300w, https:\/\/sergiolapegue.com\/site\/wp-content\/uploads\/2025\/05\/Los-besos-y-la-ausencia-Cecilia-Bonardi-768x512.jpg 768w, https:\/\/sergiolapegue.com\/site\/wp-content\/uploads\/2025\/05\/Los-besos-y-la-ausencia-Cecilia-Bonardi-1536x1024.jpg 1536w, https:\/\/sergiolapegue.com\/site\/wp-content\/uploads\/2025\/05\/Los-besos-y-la-ausencia-Cecilia-Bonardi-2048x1365.jpg 2048w, https:\/\/sergiolapegue.com\/site\/wp-content\/uploads\/2025\/05\/Los-besos-y-la-ausencia-Cecilia-Bonardi-630x420.jpg 630w, https:\/\/sergiolapegue.com\/site\/wp-content\/uploads\/2025\/05\/Los-besos-y-la-ausencia-Cecilia-Bonardi-696x464.jpg 696w, https:\/\/sergiolapegue.com\/site\/wp-content\/uploads\/2025\/05\/Los-besos-y-la-ausencia-Cecilia-Bonardi-1068x712.jpg 1068w, https:\/\/sergiolapegue.com\/site\/wp-content\/uploads\/2025\/05\/Los-besos-y-la-ausencia-Cecilia-Bonardi-1920x1280.jpg 1920w\" sizes=\"auto, (max-width: 1024px) 100vw, 1024px\" \/><\/figure>\n\n\n\n<p><strong>SOBRE CECILIA BONARDI<\/strong><\/p>\n\n\n\n<p>Nacida en Buenos Aires, Argentina. Realiz\u00f3 estudios de piano, de canto y teatro con diferentes maestros. Es Licenciada en psicolog\u00eda cl\u00ednica, profesi\u00f3n que desarrolla desde 1987.<\/p>\n\n\n\n<p>En su recorrido como int\u00e9rprete se ha destacado en: \u201cFlores Negras, cuatro voces en tango\u201d, cuarteto vocal femenino de tango con el que ha editado los \u00e1lbumes: \u201cMaldito Tango\u201d (2020) y \u201cFlores Negras, cuatro voces en tango\u201d (1999). El cuarteto ha participado en distintas salas y festivales del pa\u00eds, y a nivel internacional se ha destacado en las ciudades de Lisboa, Granada, Madrid, Barcelona, Paris, Bruselas, Berl\u00edn, Haarlem, Rotterdam, Sevilla y C\u00e1diz. (1996\/ actualidad)<\/p>\n\n\n\n<p>Con su agrupaci\u00f3n \u201cPulso Ciudadano\u201d, creada junto a Mart\u00edn Almada en guitarra y arreglos y formaci\u00f3n de quinteto encuentra un lenguaje musical y po\u00e9tico anclado en la m\u00fasica rioplatense. Los trabajos discogr\u00e1ficos fueron: \u201cPulso Ciudadano\u201d (2005), \u201cMatisses\u201d (2008) \u201cJuglar\u00eda porte\u00f1a\u201d (2013). Con el grupo se presentan en destacados escenarios y festivales de Argentina, Espa\u00f1a, Finlandia, Alemania y Uruguay en su recorrido internacional. (2003\/13)<\/p>\n\n\n\n<p>\u201cPir\u00e1mide\u201d Quinteto vocal fue su primera formaci\u00f3n en la que profundiz\u00f3 en un repertorio identificado con el rock y el jazz.<\/p>\n","protected":false},"excerpt":{"rendered":"<p>El pr\u00f3ximo domingo 1 de junio se estrenar\u00e1 \u201cLos besos y la ausencia\u201d, el unipersonal protagonizado por la cantante y actriz Cecilia Bonardi con direcci\u00f3n musical de Diego Vila y direcci\u00f3n general de Alice Penn, que ofrecer\u00e1 funciones los domingos de junio a las 18h en el Port\u00f3n de S\u00e1nchez. El espect\u00e1culo naci\u00f3 de una [&hellip;]<\/p>\n","protected":false},"author":3,"featured_media":23043,"comment_status":"open","ping_status":"closed","sticky":false,"template":"","format":"standard","meta":{"footnotes":""},"categories":[34,35],"tags":[],"class_list":{"0":"post-23038","1":"post","2":"type-post","3":"status-publish","4":"format-standard","5":"has-post-thumbnail","7":"category-arte","8":"category-teatro"},"yoast_head":"<!-- This site is optimized with the Yoast SEO plugin v27.5 - https:\/\/yoast.com\/product\/yoast-seo-wordpress\/ -->\n<title>\u201cLOS BESOS Y LA AUSENCIA\u201d - Sergio Lapegue<\/title>\n<meta name=\"robots\" content=\"index, follow, max-snippet:-1, max-image-preview:large, max-video-preview:-1\" \/>\n<link rel=\"canonical\" href=\"https:\/\/sergiolapegue.com\/site\/2025\/05\/27\/los-besos-y-la-ausencia\/\" \/>\n<meta property=\"og:locale\" content=\"es_ES\" \/>\n<meta property=\"og:type\" content=\"article\" \/>\n<meta property=\"og:title\" content=\"\u201cLOS BESOS Y LA AUSENCIA\u201d - Sergio Lapegue\" \/>\n<meta property=\"og:description\" content=\"El pr\u00f3ximo domingo 1 de junio se estrenar\u00e1 \u201cLos besos y la ausencia\u201d, el unipersonal protagonizado por la cantante y actriz Cecilia Bonardi con direcci\u00f3n musical de Diego Vila y direcci\u00f3n general de Alice Penn, que ofrecer\u00e1 funciones los domingos de junio a las 18h en el Port\u00f3n de S\u00e1nchez. El espect\u00e1culo naci\u00f3 de una [&hellip;]\" \/>\n<meta property=\"og:url\" content=\"https:\/\/sergiolapegue.com\/site\/2025\/05\/27\/los-besos-y-la-ausencia\/\" \/>\n<meta property=\"og:site_name\" content=\"Sergio Lapegue\" \/>\n<meta property=\"article:publisher\" content=\"https:\/\/facebook.com\/sergiolapegue\" \/>\n<meta property=\"article:author\" content=\"https:\/\/facebook.com\/danielernesto.montana\" \/>\n<meta property=\"article:published_time\" content=\"2025-05-27T04:00:00+00:00\" \/>\n<meta property=\"og:image\" content=\"https:\/\/sergiolapegue.com\/site\/wp-content\/uploads\/2025\/05\/Los-besos-y-la-ausencia-prensa.jpeg\" \/>\n\t<meta property=\"og:image:width\" content=\"647\" \/>\n\t<meta property=\"og:image:height\" content=\"336\" \/>\n\t<meta property=\"og:image:type\" content=\"image\/jpeg\" \/>\n<meta name=\"author\" content=\"Daniel E. Monta\u00f1a\" \/>\n<meta name=\"twitter:card\" content=\"summary_large_image\" \/>\n<meta name=\"twitter:creator\" content=\"@https:\/\/twitter.com\/daner_004\" \/>\n<meta name=\"twitter:site\" content=\"@sergiolapegue\" \/>\n<meta name=\"twitter:label1\" content=\"Escrito por\" \/>\n\t<meta name=\"twitter:data1\" content=\"Daniel E. Monta\u00f1a\" \/>\n\t<meta name=\"twitter:label2\" content=\"Tiempo de lectura\" \/>\n\t<meta name=\"twitter:data2\" content=\"5 minutos\" \/>\n<script type=\"application\/ld+json\" class=\"yoast-schema-graph\">{\"@context\":\"https:\\\/\\\/schema.org\",\"@graph\":[{\"@type\":\"Article\",\"@id\":\"https:\\\/\\\/sergiolapegue.com\\\/site\\\/2025\\\/05\\\/27\\\/los-besos-y-la-ausencia\\\/#article\",\"isPartOf\":{\"@id\":\"https:\\\/\\\/sergiolapegue.com\\\/site\\\/2025\\\/05\\\/27\\\/los-besos-y-la-ausencia\\\/\"},\"author\":{\"name\":\"Daniel E. Monta\u00f1a\",\"@id\":\"https:\\\/\\\/sergiolapegue.com\\\/site\\\/#\\\/schema\\\/person\\\/9198e7dbab43c6d74d0fd5399af7c3cd\"},\"headline\":\"\u201cLOS BESOS Y LA AUSENCIA\u201d\",\"datePublished\":\"2025-05-27T04:00:00+00:00\",\"mainEntityOfPage\":{\"@id\":\"https:\\\/\\\/sergiolapegue.com\\\/site\\\/2025\\\/05\\\/27\\\/los-besos-y-la-ausencia\\\/\"},\"wordCount\":743,\"commentCount\":0,\"publisher\":{\"@id\":\"https:\\\/\\\/sergiolapegue.com\\\/site\\\/#\\\/schema\\\/person\\\/083aeceeb0734cd166779ea6c0551a37\"},\"image\":{\"@id\":\"https:\\\/\\\/sergiolapegue.com\\\/site\\\/2025\\\/05\\\/27\\\/los-besos-y-la-ausencia\\\/#primaryimage\"},\"thumbnailUrl\":\"https:\\\/\\\/sergiolapegue.com\\\/site\\\/wp-content\\\/uploads\\\/2025\\\/05\\\/Los-besos-y-la-ausencia-prensa.jpeg\",\"articleSection\":[\"Arte\",\"Teatro\"],\"inLanguage\":\"es-AR\",\"potentialAction\":[{\"@type\":\"CommentAction\",\"name\":\"Comment\",\"target\":[\"https:\\\/\\\/sergiolapegue.com\\\/site\\\/2025\\\/05\\\/27\\\/los-besos-y-la-ausencia\\\/#respond\"]}]},{\"@type\":\"WebPage\",\"@id\":\"https:\\\/\\\/sergiolapegue.com\\\/site\\\/2025\\\/05\\\/27\\\/los-besos-y-la-ausencia\\\/\",\"url\":\"https:\\\/\\\/sergiolapegue.com\\\/site\\\/2025\\\/05\\\/27\\\/los-besos-y-la-ausencia\\\/\",\"name\":\"\u201cLOS BESOS Y LA AUSENCIA\u201d - Sergio Lapegue\",\"isPartOf\":{\"@id\":\"https:\\\/\\\/sergiolapegue.com\\\/site\\\/#website\"},\"primaryImageOfPage\":{\"@id\":\"https:\\\/\\\/sergiolapegue.com\\\/site\\\/2025\\\/05\\\/27\\\/los-besos-y-la-ausencia\\\/#primaryimage\"},\"image\":{\"@id\":\"https:\\\/\\\/sergiolapegue.com\\\/site\\\/2025\\\/05\\\/27\\\/los-besos-y-la-ausencia\\\/#primaryimage\"},\"thumbnailUrl\":\"https:\\\/\\\/sergiolapegue.com\\\/site\\\/wp-content\\\/uploads\\\/2025\\\/05\\\/Los-besos-y-la-ausencia-prensa.jpeg\",\"datePublished\":\"2025-05-27T04:00:00+00:00\",\"breadcrumb\":{\"@id\":\"https:\\\/\\\/sergiolapegue.com\\\/site\\\/2025\\\/05\\\/27\\\/los-besos-y-la-ausencia\\\/#breadcrumb\"},\"inLanguage\":\"es-AR\",\"potentialAction\":[{\"@type\":\"ReadAction\",\"target\":[\"https:\\\/\\\/sergiolapegue.com\\\/site\\\/2025\\\/05\\\/27\\\/los-besos-y-la-ausencia\\\/\"]}]},{\"@type\":\"ImageObject\",\"inLanguage\":\"es-AR\",\"@id\":\"https:\\\/\\\/sergiolapegue.com\\\/site\\\/2025\\\/05\\\/27\\\/los-besos-y-la-ausencia\\\/#primaryimage\",\"url\":\"https:\\\/\\\/sergiolapegue.com\\\/site\\\/wp-content\\\/uploads\\\/2025\\\/05\\\/Los-besos-y-la-ausencia-prensa.jpeg\",\"contentUrl\":\"https:\\\/\\\/sergiolapegue.com\\\/site\\\/wp-content\\\/uploads\\\/2025\\\/05\\\/Los-besos-y-la-ausencia-prensa.jpeg\",\"width\":647,\"height\":336},{\"@type\":\"BreadcrumbList\",\"@id\":\"https:\\\/\\\/sergiolapegue.com\\\/site\\\/2025\\\/05\\\/27\\\/los-besos-y-la-ausencia\\\/#breadcrumb\",\"itemListElement\":[{\"@type\":\"ListItem\",\"position\":1,\"name\":\"Inicio\",\"item\":\"https:\\\/\\\/sergiolapegue.com\\\/site\\\/\"},{\"@type\":\"ListItem\",\"position\":2,\"name\":\"\u201cLOS BESOS Y LA AUSENCIA\u201d\"}]},{\"@type\":\"WebSite\",\"@id\":\"https:\\\/\\\/sergiolapegue.com\\\/site\\\/#website\",\"url\":\"https:\\\/\\\/sergiolapegue.com\\\/site\\\/\",\"name\":\"Sergio Lapegue\",\"description\":\"Periodista\",\"publisher\":{\"@id\":\"https:\\\/\\\/sergiolapegue.com\\\/site\\\/#\\\/schema\\\/person\\\/083aeceeb0734cd166779ea6c0551a37\"},\"potentialAction\":[{\"@type\":\"SearchAction\",\"target\":{\"@type\":\"EntryPoint\",\"urlTemplate\":\"https:\\\/\\\/sergiolapegue.com\\\/site\\\/?s={search_term_string}\"},\"query-input\":{\"@type\":\"PropertyValueSpecification\",\"valueRequired\":true,\"valueName\":\"search_term_string\"}}],\"inLanguage\":\"es-AR\"},{\"@type\":[\"Person\",\"Organization\"],\"@id\":\"https:\\\/\\\/sergiolapegue.com\\\/site\\\/#\\\/schema\\\/person\\\/083aeceeb0734cd166779ea6c0551a37\",\"name\":\"Sergio Lapegue\",\"image\":{\"@type\":\"ImageObject\",\"inLanguage\":\"es-AR\",\"@id\":\"https:\\\/\\\/sergiolapegue.com\\\/site\\\/wp-content\\\/uploads\\\/2021\\\/04\\\/logo_header-1.png\",\"url\":\"https:\\\/\\\/sergiolapegue.com\\\/site\\\/wp-content\\\/uploads\\\/2021\\\/04\\\/logo_header-1.png\",\"contentUrl\":\"https:\\\/\\\/sergiolapegue.com\\\/site\\\/wp-content\\\/uploads\\\/2021\\\/04\\\/logo_header-1.png\",\"width\":272,\"height\":90,\"caption\":\"Sergio Lapegue\"},\"logo\":{\"@id\":\"https:\\\/\\\/sergiolapegue.com\\\/site\\\/wp-content\\\/uploads\\\/2021\\\/04\\\/logo_header-1.png\"},\"sameAs\":[\"https:\\\/\\\/facebook.com\\\/sergiolapegue\",\"https:\\\/\\\/instagram.com\\\/sergiolapegue\",\"https:\\\/\\\/x.com\\\/https:\\\/\\\/twitter.com\\\/sergiolapegue\"]},{\"@type\":\"Person\",\"@id\":\"https:\\\/\\\/sergiolapegue.com\\\/site\\\/#\\\/schema\\\/person\\\/9198e7dbab43c6d74d0fd5399af7c3cd\",\"name\":\"Daniel E. Monta\u00f1a\",\"image\":{\"@type\":\"ImageObject\",\"inLanguage\":\"es-AR\",\"@id\":\"https:\\\/\\\/sergiolapegue.com\\\/site\\\/wp-content\\\/uploads\\\/2021\\\/04\\\/sl_avatar_Daniel-150x150.jpg\",\"url\":\"https:\\\/\\\/sergiolapegue.com\\\/site\\\/wp-content\\\/uploads\\\/2021\\\/04\\\/sl_avatar_Daniel-150x150.jpg\",\"contentUrl\":\"https:\\\/\\\/sergiolapegue.com\\\/site\\\/wp-content\\\/uploads\\\/2021\\\/04\\\/sl_avatar_Daniel-150x150.jpg\",\"caption\":\"Daniel E. Monta\u00f1a\"},\"sameAs\":[\"https:\\\/\\\/facebook.com\\\/danielernesto.montana\",\"https:\\\/\\\/instagram.com\\\/daniel_montana1961\",\"https:\\\/\\\/x.com\\\/https:\\\/\\\/twitter.com\\\/daner_004\"],\"url\":\"https:\\\/\\\/sergiolapegue.com\\\/site\\\/author\\\/daniel\\\/\"}]}<\/script>\n<!-- \/ Yoast SEO plugin. -->","yoast_head_json":{"title":"\u201cLOS BESOS Y LA AUSENCIA\u201d - Sergio Lapegue","robots":{"index":"index","follow":"follow","max-snippet":"max-snippet:-1","max-image-preview":"max-image-preview:large","max-video-preview":"max-video-preview:-1"},"canonical":"https:\/\/sergiolapegue.com\/site\/2025\/05\/27\/los-besos-y-la-ausencia\/","og_locale":"es_ES","og_type":"article","og_title":"\u201cLOS BESOS Y LA AUSENCIA\u201d - Sergio Lapegue","og_description":"El pr\u00f3ximo domingo 1 de junio se estrenar\u00e1 \u201cLos besos y la ausencia\u201d, el unipersonal protagonizado por la cantante y actriz Cecilia Bonardi con direcci\u00f3n musical de Diego Vila y direcci\u00f3n general de Alice Penn, que ofrecer\u00e1 funciones los domingos de junio a las 18h en el Port\u00f3n de S\u00e1nchez. El espect\u00e1culo naci\u00f3 de una [&hellip;]","og_url":"https:\/\/sergiolapegue.com\/site\/2025\/05\/27\/los-besos-y-la-ausencia\/","og_site_name":"Sergio Lapegue","article_publisher":"https:\/\/facebook.com\/sergiolapegue","article_author":"https:\/\/facebook.com\/danielernesto.montana","article_published_time":"2025-05-27T04:00:00+00:00","og_image":[{"width":647,"height":336,"url":"https:\/\/sergiolapegue.com\/site\/wp-content\/uploads\/2025\/05\/Los-besos-y-la-ausencia-prensa.jpeg","type":"image\/jpeg"}],"author":"Daniel E. Monta\u00f1a","twitter_card":"summary_large_image","twitter_creator":"@https:\/\/twitter.com\/daner_004","twitter_site":"@sergiolapegue","twitter_misc":{"Escrito por":"Daniel E. Monta\u00f1a","Tiempo de lectura":"5 minutos"},"schema":{"@context":"https:\/\/schema.org","@graph":[{"@type":"Article","@id":"https:\/\/sergiolapegue.com\/site\/2025\/05\/27\/los-besos-y-la-ausencia\/#article","isPartOf":{"@id":"https:\/\/sergiolapegue.com\/site\/2025\/05\/27\/los-besos-y-la-ausencia\/"},"author":{"name":"Daniel E. Monta\u00f1a","@id":"https:\/\/sergiolapegue.com\/site\/#\/schema\/person\/9198e7dbab43c6d74d0fd5399af7c3cd"},"headline":"\u201cLOS BESOS Y LA AUSENCIA\u201d","datePublished":"2025-05-27T04:00:00+00:00","mainEntityOfPage":{"@id":"https:\/\/sergiolapegue.com\/site\/2025\/05\/27\/los-besos-y-la-ausencia\/"},"wordCount":743,"commentCount":0,"publisher":{"@id":"https:\/\/sergiolapegue.com\/site\/#\/schema\/person\/083aeceeb0734cd166779ea6c0551a37"},"image":{"@id":"https:\/\/sergiolapegue.com\/site\/2025\/05\/27\/los-besos-y-la-ausencia\/#primaryimage"},"thumbnailUrl":"https:\/\/sergiolapegue.com\/site\/wp-content\/uploads\/2025\/05\/Los-besos-y-la-ausencia-prensa.jpeg","articleSection":["Arte","Teatro"],"inLanguage":"es-AR","potentialAction":[{"@type":"CommentAction","name":"Comment","target":["https:\/\/sergiolapegue.com\/site\/2025\/05\/27\/los-besos-y-la-ausencia\/#respond"]}]},{"@type":"WebPage","@id":"https:\/\/sergiolapegue.com\/site\/2025\/05\/27\/los-besos-y-la-ausencia\/","url":"https:\/\/sergiolapegue.com\/site\/2025\/05\/27\/los-besos-y-la-ausencia\/","name":"\u201cLOS BESOS Y LA AUSENCIA\u201d - Sergio Lapegue","isPartOf":{"@id":"https:\/\/sergiolapegue.com\/site\/#website"},"primaryImageOfPage":{"@id":"https:\/\/sergiolapegue.com\/site\/2025\/05\/27\/los-besos-y-la-ausencia\/#primaryimage"},"image":{"@id":"https:\/\/sergiolapegue.com\/site\/2025\/05\/27\/los-besos-y-la-ausencia\/#primaryimage"},"thumbnailUrl":"https:\/\/sergiolapegue.com\/site\/wp-content\/uploads\/2025\/05\/Los-besos-y-la-ausencia-prensa.jpeg","datePublished":"2025-05-27T04:00:00+00:00","breadcrumb":{"@id":"https:\/\/sergiolapegue.com\/site\/2025\/05\/27\/los-besos-y-la-ausencia\/#breadcrumb"},"inLanguage":"es-AR","potentialAction":[{"@type":"ReadAction","target":["https:\/\/sergiolapegue.com\/site\/2025\/05\/27\/los-besos-y-la-ausencia\/"]}]},{"@type":"ImageObject","inLanguage":"es-AR","@id":"https:\/\/sergiolapegue.com\/site\/2025\/05\/27\/los-besos-y-la-ausencia\/#primaryimage","url":"https:\/\/sergiolapegue.com\/site\/wp-content\/uploads\/2025\/05\/Los-besos-y-la-ausencia-prensa.jpeg","contentUrl":"https:\/\/sergiolapegue.com\/site\/wp-content\/uploads\/2025\/05\/Los-besos-y-la-ausencia-prensa.jpeg","width":647,"height":336},{"@type":"BreadcrumbList","@id":"https:\/\/sergiolapegue.com\/site\/2025\/05\/27\/los-besos-y-la-ausencia\/#breadcrumb","itemListElement":[{"@type":"ListItem","position":1,"name":"Inicio","item":"https:\/\/sergiolapegue.com\/site\/"},{"@type":"ListItem","position":2,"name":"\u201cLOS BESOS Y LA AUSENCIA\u201d"}]},{"@type":"WebSite","@id":"https:\/\/sergiolapegue.com\/site\/#website","url":"https:\/\/sergiolapegue.com\/site\/","name":"Sergio Lapegue","description":"Periodista","publisher":{"@id":"https:\/\/sergiolapegue.com\/site\/#\/schema\/person\/083aeceeb0734cd166779ea6c0551a37"},"potentialAction":[{"@type":"SearchAction","target":{"@type":"EntryPoint","urlTemplate":"https:\/\/sergiolapegue.com\/site\/?s={search_term_string}"},"query-input":{"@type":"PropertyValueSpecification","valueRequired":true,"valueName":"search_term_string"}}],"inLanguage":"es-AR"},{"@type":["Person","Organization"],"@id":"https:\/\/sergiolapegue.com\/site\/#\/schema\/person\/083aeceeb0734cd166779ea6c0551a37","name":"Sergio Lapegue","image":{"@type":"ImageObject","inLanguage":"es-AR","@id":"https:\/\/sergiolapegue.com\/site\/wp-content\/uploads\/2021\/04\/logo_header-1.png","url":"https:\/\/sergiolapegue.com\/site\/wp-content\/uploads\/2021\/04\/logo_header-1.png","contentUrl":"https:\/\/sergiolapegue.com\/site\/wp-content\/uploads\/2021\/04\/logo_header-1.png","width":272,"height":90,"caption":"Sergio Lapegue"},"logo":{"@id":"https:\/\/sergiolapegue.com\/site\/wp-content\/uploads\/2021\/04\/logo_header-1.png"},"sameAs":["https:\/\/facebook.com\/sergiolapegue","https:\/\/instagram.com\/sergiolapegue","https:\/\/x.com\/https:\/\/twitter.com\/sergiolapegue"]},{"@type":"Person","@id":"https:\/\/sergiolapegue.com\/site\/#\/schema\/person\/9198e7dbab43c6d74d0fd5399af7c3cd","name":"Daniel E. Monta\u00f1a","image":{"@type":"ImageObject","inLanguage":"es-AR","@id":"https:\/\/sergiolapegue.com\/site\/wp-content\/uploads\/2021\/04\/sl_avatar_Daniel-150x150.jpg","url":"https:\/\/sergiolapegue.com\/site\/wp-content\/uploads\/2021\/04\/sl_avatar_Daniel-150x150.jpg","contentUrl":"https:\/\/sergiolapegue.com\/site\/wp-content\/uploads\/2021\/04\/sl_avatar_Daniel-150x150.jpg","caption":"Daniel E. Monta\u00f1a"},"sameAs":["https:\/\/facebook.com\/danielernesto.montana","https:\/\/instagram.com\/daniel_montana1961","https:\/\/x.com\/https:\/\/twitter.com\/daner_004"],"url":"https:\/\/sergiolapegue.com\/site\/author\/daniel\/"}]}},"_links":{"self":[{"href":"https:\/\/sergiolapegue.com\/site\/wp-json\/wp\/v2\/posts\/23038","targetHints":{"allow":["GET"]}}],"collection":[{"href":"https:\/\/sergiolapegue.com\/site\/wp-json\/wp\/v2\/posts"}],"about":[{"href":"https:\/\/sergiolapegue.com\/site\/wp-json\/wp\/v2\/types\/post"}],"author":[{"embeddable":true,"href":"https:\/\/sergiolapegue.com\/site\/wp-json\/wp\/v2\/users\/3"}],"replies":[{"embeddable":true,"href":"https:\/\/sergiolapegue.com\/site\/wp-json\/wp\/v2\/comments?post=23038"}],"version-history":[{"count":1,"href":"https:\/\/sergiolapegue.com\/site\/wp-json\/wp\/v2\/posts\/23038\/revisions"}],"predecessor-version":[{"id":23044,"href":"https:\/\/sergiolapegue.com\/site\/wp-json\/wp\/v2\/posts\/23038\/revisions\/23044"}],"wp:featuredmedia":[{"embeddable":true,"href":"https:\/\/sergiolapegue.com\/site\/wp-json\/wp\/v2\/media\/23043"}],"wp:attachment":[{"href":"https:\/\/sergiolapegue.com\/site\/wp-json\/wp\/v2\/media?parent=23038"}],"wp:term":[{"taxonomy":"category","embeddable":true,"href":"https:\/\/sergiolapegue.com\/site\/wp-json\/wp\/v2\/categories?post=23038"},{"taxonomy":"post_tag","embeddable":true,"href":"https:\/\/sergiolapegue.com\/site\/wp-json\/wp\/v2\/tags?post=23038"}],"curies":[{"name":"wp","href":"https:\/\/api.w.org\/{rel}","templated":true}]}}