{"id":23024,"date":"2025-05-26T17:00:00","date_gmt":"2025-05-26T20:00:00","guid":{"rendered":"https:\/\/sergiolapegue.com\/site\/?p=23024"},"modified":"2025-05-27T17:57:44","modified_gmt":"2025-05-27T20:57:44","slug":"el-amanecer-de-los-inocentes","status":"publish","type":"post","link":"https:\/\/sergiolapegue.com\/site\/2025\/05\/26\/el-amanecer-de-los-inocentes\/","title":{"rendered":"EL AMANECER DE LOS INOCENTES"},"content":{"rendered":"\n<p>Finalmente este 2025 llega una obra sin precedentes, \u00fanica&nbsp;y original, que dar\u00e1 que hablar y te llevar\u00e1 por las emociones m\u00e1s profundas&nbsp;<\/p>\n\n\n\n<p>El amanecer de los inocentes es una obra dram\u00e1tica, con contenido musical, escrita y dirigida por Daniela Alberti, m\u00fasica de Mauro Barqu\u00edn y un gran elenco Daniela Alberti, Mari Carmen Ramos, Dulce Catalina Alberti, Gast\u00f3n Pino, Carla V\u00e1zquez, \u00c1lvaro Moya, Juan Quesada, Mariela Vedia y Nicole Mariaca.<\/p>\n\n\n\n<p>Contando una delicada historia ambientada en los a\u00f1os 40 y todo lo que suced\u00eda&nbsp;en esos tiempos, una apuesta fuerte, diferente y conmovedora.<\/p>\n\n\n\n<figure class=\"wp-block-image size-large\"><img loading=\"lazy\" decoding=\"async\" width=\"1024\" height=\"768\" src=\"https:\/\/sergiolapegue.com\/site\/wp-content\/uploads\/2025\/05\/El-amanecer-de-los-inocentes-8-1024x768.jpg\" alt=\"\" class=\"wp-image-23025\" srcset=\"https:\/\/sergiolapegue.com\/site\/wp-content\/uploads\/2025\/05\/El-amanecer-de-los-inocentes-8-1024x768.jpg 1024w, https:\/\/sergiolapegue.com\/site\/wp-content\/uploads\/2025\/05\/El-amanecer-de-los-inocentes-8-300x225.jpg 300w, https:\/\/sergiolapegue.com\/site\/wp-content\/uploads\/2025\/05\/El-amanecer-de-los-inocentes-8-768x576.jpg 768w, https:\/\/sergiolapegue.com\/site\/wp-content\/uploads\/2025\/05\/El-amanecer-de-los-inocentes-8-560x420.jpg 560w, https:\/\/sergiolapegue.com\/site\/wp-content\/uploads\/2025\/05\/El-amanecer-de-los-inocentes-8-80x60.jpg 80w, https:\/\/sergiolapegue.com\/site\/wp-content\/uploads\/2025\/05\/El-amanecer-de-los-inocentes-8-696x522.jpg 696w, https:\/\/sergiolapegue.com\/site\/wp-content\/uploads\/2025\/05\/El-amanecer-de-los-inocentes-8-1068x801.jpg 1068w, https:\/\/sergiolapegue.com\/site\/wp-content\/uploads\/2025\/05\/El-amanecer-de-los-inocentes-8.jpg 1440w\" sizes=\"auto, (max-width: 1024px) 100vw, 1024px\" \/><\/figure>\n\n\n\n<p><strong>SINOPSIS <\/strong><strong><\/strong><\/p>\n\n\n\n<p>All\u00ed en los a\u00f1os 40 donde el miedo se apoderaba fuerte en los jud\u00edos, donde encontrar una salida se volv\u00eda imposible, de sobrevivir se muestra esta historia, con amores y traiciones, personajes que muestran fragilidad y durezas, donde el amor es el escape perfecto para no pensar si hoy es nuestro \u00faltimo d\u00eda o no. Cada minuto cuenta , en esta historia intensa llena de pasi\u00f3n, poder, rebeliones, traiciones y obsesi\u00f3n. La inocencia de los ni\u00f1os, la lucha para que tengan su amanecer.<\/p>\n\n\n\n<figure class=\"wp-block-image size-full\"><img loading=\"lazy\" decoding=\"async\" width=\"808\" height=\"546\" src=\"https:\/\/sergiolapegue.com\/site\/wp-content\/uploads\/2025\/05\/El-amanecer-de-los-inocentes-5.jpeg\" alt=\"\" class=\"wp-image-23026\" srcset=\"https:\/\/sergiolapegue.com\/site\/wp-content\/uploads\/2025\/05\/El-amanecer-de-los-inocentes-5.jpeg 808w, https:\/\/sergiolapegue.com\/site\/wp-content\/uploads\/2025\/05\/El-amanecer-de-los-inocentes-5-300x203.jpeg 300w, https:\/\/sergiolapegue.com\/site\/wp-content\/uploads\/2025\/05\/El-amanecer-de-los-inocentes-5-768x519.jpeg 768w, https:\/\/sergiolapegue.com\/site\/wp-content\/uploads\/2025\/05\/El-amanecer-de-los-inocentes-5-622x420.jpeg 622w, https:\/\/sergiolapegue.com\/site\/wp-content\/uploads\/2025\/05\/El-amanecer-de-los-inocentes-5-696x470.jpeg 696w\" sizes=\"auto, (max-width: 808px) 100vw, 808px\" \/><\/figure>\n\n\n\n<p><strong>PALABRAS DE LA DRAMATURGA<\/strong><\/p>\n\n\n\n<p>\u201cLa idea de escribir la obra surgi\u00f3 en el 2022. Ya ven\u00eda con la idea&nbsp; de hacer algo distinto, que cause impacto, y como tengo mi ascendencia mis abuelos vinieron atravesando la segunda guerra mundial, me met\u00ed en contar desde esa \u00e9poca, con personajes que quer\u00eda que sean at\u00edpicos, m\u00e1s reales, contando una historia de amor que es el centro de la historia ,mostrando la inocencia de lo que hab\u00eda en la guerra, en el caso de los ni\u00f1os que se centra mucho en esta historia tambi\u00e9n como esconderlos o mejor dicho disfrazarles el dolor, con el debut actoral de mi hija Dulce Catalina, que se viene preparando para su primer desaf\u00edo arriba de las tablas\u201d.<\/p>\n\n\n\n<p>El amanecer de los inocentes es la tercera obra de mi autor\u00eda. Ya ven\u00eda escribiendo infantiles y una comedia. Ahora me he lanzado con un gran drama, que quiero que cause conmoci\u00f3n en los espectadores. Estoy segura de que lograr\u00e9 movilizarlos\u201d.<\/p>\n\n\n\n<p>Por su triple rol en la obra, Alberti puntualiza que lo hace&nbsp;\u201cporque describe lo intensa y apasionada que soy, con lo que amo. Poder darle vida a lo que escribo y, a la vez, dirigirlo y compartir el escenario con los actores, se hace todo m\u00e1s desafiante, para que todo salga perfecto. Es adaptarme tambi\u00e9n a lo que se va consiguiendo y que, si no sale tal cual lo imagine, trabajar m\u00e1s la creatividad, para que sea tal cual lo planifico, y sea el disfrute que tiene que ser. Hacer teatro es de valientes, con pasi\u00f3n y profesionalismo. Voy hacia adelante con el teatro porque aspiro a dejar huellas bonitas\u201d.<strong> \u2013 Daniela Alberti<\/strong><strong><\/strong><\/p>\n\n\n\n<figure class=\"wp-block-image size-full\"><img loading=\"lazy\" decoding=\"async\" width=\"805\" height=\"540\" src=\"https:\/\/sergiolapegue.com\/site\/wp-content\/uploads\/2025\/05\/El-amanecer-de-los-inocentes-3.jpeg\" alt=\"\" class=\"wp-image-23027\" srcset=\"https:\/\/sergiolapegue.com\/site\/wp-content\/uploads\/2025\/05\/El-amanecer-de-los-inocentes-3.jpeg 805w, https:\/\/sergiolapegue.com\/site\/wp-content\/uploads\/2025\/05\/El-amanecer-de-los-inocentes-3-300x201.jpeg 300w, https:\/\/sergiolapegue.com\/site\/wp-content\/uploads\/2025\/05\/El-amanecer-de-los-inocentes-3-768x515.jpeg 768w, https:\/\/sergiolapegue.com\/site\/wp-content\/uploads\/2025\/05\/El-amanecer-de-los-inocentes-3-626x420.jpeg 626w, https:\/\/sergiolapegue.com\/site\/wp-content\/uploads\/2025\/05\/El-amanecer-de-los-inocentes-3-696x467.jpeg 696w\" sizes=\"auto, (max-width: 805px) 100vw, 805px\" \/><\/figure>\n\n\n\n<p><strong>FICHA T\u00c9CNICO ART\u00cdSTICA <\/strong><strong><\/strong><\/p>\n\n\n\n<p><strong>Dramaturgia:<\/strong> Daniela Alberti<\/p>\n\n\n\n<p><strong>Elenco:<\/strong> Daniela Alberti \u2013 Maricarmen Ramos \u2013 Dulce Catalina Alberti y 6 actores rotativos en escena <\/p>\n\n\n\n<p><strong>M\u00fasica:<\/strong> Mauro Exequiel Barqu\u00edn<\/p>\n\n\n\n<p><strong>Fotograf\u00eda:<\/strong> Gianni Mestichelli \u2013 Teresita S\u00e1nchez \u2013 Camila Sayago<\/p>\n\n\n\n<p><strong>Escenograf\u00eda:<\/strong> Acczion producciones<\/p>\n\n\n\n<p><strong>Producci\u00f3n:<\/strong> acczion producciones Argentina<\/p>\n\n\n\n<p><strong>Direcci\u00f3n:<\/strong> Daniela Alberti<\/p>\n\n\n\n<p><strong>Duraci\u00f3n:<\/strong> 80 minutos<\/p>\n\n\n\n<p><strong>Clasificaci\u00f3n:<\/strong> Teatro \u2013 Presencial \u2013 Adultos<\/p>\n\n\n\n<figure class=\"wp-block-image size-full\"><img loading=\"lazy\" decoding=\"async\" width=\"775\" height=\"495\" src=\"https:\/\/sergiolapegue.com\/site\/wp-content\/uploads\/2025\/05\/El-amanecer-de-los-inocentes-4.jpeg\" alt=\"\" class=\"wp-image-23028\" srcset=\"https:\/\/sergiolapegue.com\/site\/wp-content\/uploads\/2025\/05\/El-amanecer-de-los-inocentes-4.jpeg 775w, https:\/\/sergiolapegue.com\/site\/wp-content\/uploads\/2025\/05\/El-amanecer-de-los-inocentes-4-300x192.jpeg 300w, https:\/\/sergiolapegue.com\/site\/wp-content\/uploads\/2025\/05\/El-amanecer-de-los-inocentes-4-768x491.jpeg 768w, https:\/\/sergiolapegue.com\/site\/wp-content\/uploads\/2025\/05\/El-amanecer-de-los-inocentes-4-658x420.jpeg 658w, https:\/\/sergiolapegue.com\/site\/wp-content\/uploads\/2025\/05\/El-amanecer-de-los-inocentes-4-696x445.jpeg 696w\" sizes=\"auto, (max-width: 775px) 100vw, 775px\" \/><\/figure>\n\n\n\n<p><strong>TEATRO COLONIAL<\/strong><strong><\/strong><\/p>\n\n\n\n<p>Av. Paseo Col\u00f3n 213 \u2013 Capital Federal \u2013 Buenos Aires \u2013 Argentina<\/p>\n\n\n\n<p>Tel\u00e9fono: 4342-7958 \/ 1362<\/p>\n\n\n\n<p>Web: <a href=\"http:\/\/www.colonialteatro.com.ar\">http:\/\/www.colonialteatro.com.ar<\/a><\/p>\n\n\n\n<p>Entradas: $ 12.000 \u2013 en boleter\u00eda del teatro o a trav\u00e9s de Alternativa Teatral<\/p>\n\n\n\n<p>Funciones: Viernes 20:00 horas \u2013 Del 06\/06\/2025 al 27\/06\/2025<\/p>\n\n\n\n<p>Gracias Daniela Alberti y Zion Art Producciones Teatrales por enviarnos la gacetilla de prensa del estreno de este espect\u00e1culo.<\/p>\n\n\n\n<p><\/p>\n","protected":false},"excerpt":{"rendered":"<p>Finalmente este 2025 llega una obra sin precedentes, \u00fanica&nbsp;y original, que dar\u00e1 que hablar y te llevar\u00e1 por las emociones m\u00e1s profundas&nbsp; El amanecer de los inocentes es una obra dram\u00e1tica, con contenido musical, escrita y dirigida por Daniela Alberti, m\u00fasica de Mauro Barqu\u00edn y un gran elenco Daniela Alberti, Mari Carmen Ramos, Dulce Catalina [&hellip;]<\/p>\n","protected":false},"author":3,"featured_media":23029,"comment_status":"open","ping_status":"closed","sticky":false,"template":"","format":"standard","meta":{"footnotes":""},"categories":[34,35],"tags":[],"class_list":{"0":"post-23024","1":"post","2":"type-post","3":"status-publish","4":"format-standard","5":"has-post-thumbnail","7":"category-arte","8":"category-teatro"},"yoast_head":"<!-- This site is optimized with the Yoast SEO plugin v27.5 - https:\/\/yoast.com\/product\/yoast-seo-wordpress\/ -->\n<title>EL AMANECER DE LOS INOCENTES - Sergio Lapegue<\/title>\n<meta name=\"robots\" content=\"index, follow, max-snippet:-1, max-image-preview:large, max-video-preview:-1\" \/>\n<link rel=\"canonical\" href=\"https:\/\/sergiolapegue.com\/site\/2025\/05\/26\/el-amanecer-de-los-inocentes\/\" \/>\n<meta property=\"og:locale\" content=\"es_ES\" \/>\n<meta property=\"og:type\" content=\"article\" \/>\n<meta property=\"og:title\" content=\"EL AMANECER DE LOS INOCENTES - Sergio Lapegue\" \/>\n<meta property=\"og:description\" content=\"Finalmente este 2025 llega una obra sin precedentes, \u00fanica&nbsp;y original, que dar\u00e1 que hablar y te llevar\u00e1 por las emociones m\u00e1s profundas&nbsp; El amanecer de los inocentes es una obra dram\u00e1tica, con contenido musical, escrita y dirigida por Daniela Alberti, m\u00fasica de Mauro Barqu\u00edn y un gran elenco Daniela Alberti, Mari Carmen Ramos, Dulce Catalina [&hellip;]\" \/>\n<meta property=\"og:url\" content=\"https:\/\/sergiolapegue.com\/site\/2025\/05\/26\/el-amanecer-de-los-inocentes\/\" \/>\n<meta property=\"og:site_name\" content=\"Sergio Lapegue\" \/>\n<meta property=\"article:publisher\" content=\"https:\/\/facebook.com\/sergiolapegue\" \/>\n<meta property=\"article:author\" content=\"https:\/\/facebook.com\/danielernesto.montana\" \/>\n<meta property=\"article:published_time\" content=\"2025-05-26T20:00:00+00:00\" \/>\n<meta property=\"article:modified_time\" content=\"2025-05-27T20:57:44+00:00\" \/>\n<meta property=\"og:image\" content=\"https:\/\/sergiolapegue.com\/site\/wp-content\/uploads\/2025\/05\/El-amanecer-de-los-inocentes-7.png\" \/>\n\t<meta property=\"og:image:width\" content=\"659\" \/>\n\t<meta property=\"og:image:height\" content=\"838\" \/>\n\t<meta property=\"og:image:type\" content=\"image\/png\" \/>\n<meta name=\"author\" content=\"Daniel E. Monta\u00f1a\" \/>\n<meta name=\"twitter:card\" content=\"summary_large_image\" \/>\n<meta name=\"twitter:creator\" content=\"@https:\/\/twitter.com\/daner_004\" \/>\n<meta name=\"twitter:site\" content=\"@sergiolapegue\" \/>\n<meta name=\"twitter:label1\" content=\"Escrito por\" \/>\n\t<meta name=\"twitter:data1\" content=\"Daniel E. Monta\u00f1a\" \/>\n\t<meta name=\"twitter:label2\" content=\"Tiempo de lectura\" \/>\n\t<meta name=\"twitter:data2\" content=\"4 minutos\" \/>\n<script type=\"application\/ld+json\" class=\"yoast-schema-graph\">{\"@context\":\"https:\\\/\\\/schema.org\",\"@graph\":[{\"@type\":\"Article\",\"@id\":\"https:\\\/\\\/sergiolapegue.com\\\/site\\\/2025\\\/05\\\/26\\\/el-amanecer-de-los-inocentes\\\/#article\",\"isPartOf\":{\"@id\":\"https:\\\/\\\/sergiolapegue.com\\\/site\\\/2025\\\/05\\\/26\\\/el-amanecer-de-los-inocentes\\\/\"},\"author\":{\"name\":\"Daniel E. Monta\u00f1a\",\"@id\":\"https:\\\/\\\/sergiolapegue.com\\\/site\\\/#\\\/schema\\\/person\\\/9198e7dbab43c6d74d0fd5399af7c3cd\"},\"headline\":\"EL AMANECER DE LOS INOCENTES\",\"datePublished\":\"2025-05-26T20:00:00+00:00\",\"dateModified\":\"2025-05-27T20:57:44+00:00\",\"mainEntityOfPage\":{\"@id\":\"https:\\\/\\\/sergiolapegue.com\\\/site\\\/2025\\\/05\\\/26\\\/el-amanecer-de-los-inocentes\\\/\"},\"wordCount\":601,\"commentCount\":0,\"publisher\":{\"@id\":\"https:\\\/\\\/sergiolapegue.com\\\/site\\\/#\\\/schema\\\/person\\\/083aeceeb0734cd166779ea6c0551a37\"},\"image\":{\"@id\":\"https:\\\/\\\/sergiolapegue.com\\\/site\\\/2025\\\/05\\\/26\\\/el-amanecer-de-los-inocentes\\\/#primaryimage\"},\"thumbnailUrl\":\"https:\\\/\\\/sergiolapegue.com\\\/site\\\/wp-content\\\/uploads\\\/2025\\\/05\\\/El-amanecer-de-los-inocentes-7.png\",\"articleSection\":[\"Arte\",\"Teatro\"],\"inLanguage\":\"es-AR\",\"potentialAction\":[{\"@type\":\"CommentAction\",\"name\":\"Comment\",\"target\":[\"https:\\\/\\\/sergiolapegue.com\\\/site\\\/2025\\\/05\\\/26\\\/el-amanecer-de-los-inocentes\\\/#respond\"]}]},{\"@type\":\"WebPage\",\"@id\":\"https:\\\/\\\/sergiolapegue.com\\\/site\\\/2025\\\/05\\\/26\\\/el-amanecer-de-los-inocentes\\\/\",\"url\":\"https:\\\/\\\/sergiolapegue.com\\\/site\\\/2025\\\/05\\\/26\\\/el-amanecer-de-los-inocentes\\\/\",\"name\":\"EL AMANECER DE LOS INOCENTES - Sergio Lapegue\",\"isPartOf\":{\"@id\":\"https:\\\/\\\/sergiolapegue.com\\\/site\\\/#website\"},\"primaryImageOfPage\":{\"@id\":\"https:\\\/\\\/sergiolapegue.com\\\/site\\\/2025\\\/05\\\/26\\\/el-amanecer-de-los-inocentes\\\/#primaryimage\"},\"image\":{\"@id\":\"https:\\\/\\\/sergiolapegue.com\\\/site\\\/2025\\\/05\\\/26\\\/el-amanecer-de-los-inocentes\\\/#primaryimage\"},\"thumbnailUrl\":\"https:\\\/\\\/sergiolapegue.com\\\/site\\\/wp-content\\\/uploads\\\/2025\\\/05\\\/El-amanecer-de-los-inocentes-7.png\",\"datePublished\":\"2025-05-26T20:00:00+00:00\",\"dateModified\":\"2025-05-27T20:57:44+00:00\",\"breadcrumb\":{\"@id\":\"https:\\\/\\\/sergiolapegue.com\\\/site\\\/2025\\\/05\\\/26\\\/el-amanecer-de-los-inocentes\\\/#breadcrumb\"},\"inLanguage\":\"es-AR\",\"potentialAction\":[{\"@type\":\"ReadAction\",\"target\":[\"https:\\\/\\\/sergiolapegue.com\\\/site\\\/2025\\\/05\\\/26\\\/el-amanecer-de-los-inocentes\\\/\"]}]},{\"@type\":\"ImageObject\",\"inLanguage\":\"es-AR\",\"@id\":\"https:\\\/\\\/sergiolapegue.com\\\/site\\\/2025\\\/05\\\/26\\\/el-amanecer-de-los-inocentes\\\/#primaryimage\",\"url\":\"https:\\\/\\\/sergiolapegue.com\\\/site\\\/wp-content\\\/uploads\\\/2025\\\/05\\\/El-amanecer-de-los-inocentes-7.png\",\"contentUrl\":\"https:\\\/\\\/sergiolapegue.com\\\/site\\\/wp-content\\\/uploads\\\/2025\\\/05\\\/El-amanecer-de-los-inocentes-7.png\",\"width\":659,\"height\":838},{\"@type\":\"BreadcrumbList\",\"@id\":\"https:\\\/\\\/sergiolapegue.com\\\/site\\\/2025\\\/05\\\/26\\\/el-amanecer-de-los-inocentes\\\/#breadcrumb\",\"itemListElement\":[{\"@type\":\"ListItem\",\"position\":1,\"name\":\"Inicio\",\"item\":\"https:\\\/\\\/sergiolapegue.com\\\/site\\\/\"},{\"@type\":\"ListItem\",\"position\":2,\"name\":\"EL AMANECER DE LOS INOCENTES\"}]},{\"@type\":\"WebSite\",\"@id\":\"https:\\\/\\\/sergiolapegue.com\\\/site\\\/#website\",\"url\":\"https:\\\/\\\/sergiolapegue.com\\\/site\\\/\",\"name\":\"Sergio Lapegue\",\"description\":\"Periodista\",\"publisher\":{\"@id\":\"https:\\\/\\\/sergiolapegue.com\\\/site\\\/#\\\/schema\\\/person\\\/083aeceeb0734cd166779ea6c0551a37\"},\"potentialAction\":[{\"@type\":\"SearchAction\",\"target\":{\"@type\":\"EntryPoint\",\"urlTemplate\":\"https:\\\/\\\/sergiolapegue.com\\\/site\\\/?s={search_term_string}\"},\"query-input\":{\"@type\":\"PropertyValueSpecification\",\"valueRequired\":true,\"valueName\":\"search_term_string\"}}],\"inLanguage\":\"es-AR\"},{\"@type\":[\"Person\",\"Organization\"],\"@id\":\"https:\\\/\\\/sergiolapegue.com\\\/site\\\/#\\\/schema\\\/person\\\/083aeceeb0734cd166779ea6c0551a37\",\"name\":\"Sergio Lapegue\",\"image\":{\"@type\":\"ImageObject\",\"inLanguage\":\"es-AR\",\"@id\":\"https:\\\/\\\/sergiolapegue.com\\\/site\\\/wp-content\\\/uploads\\\/2021\\\/04\\\/logo_header-1.png\",\"url\":\"https:\\\/\\\/sergiolapegue.com\\\/site\\\/wp-content\\\/uploads\\\/2021\\\/04\\\/logo_header-1.png\",\"contentUrl\":\"https:\\\/\\\/sergiolapegue.com\\\/site\\\/wp-content\\\/uploads\\\/2021\\\/04\\\/logo_header-1.png\",\"width\":272,\"height\":90,\"caption\":\"Sergio Lapegue\"},\"logo\":{\"@id\":\"https:\\\/\\\/sergiolapegue.com\\\/site\\\/wp-content\\\/uploads\\\/2021\\\/04\\\/logo_header-1.png\"},\"sameAs\":[\"https:\\\/\\\/facebook.com\\\/sergiolapegue\",\"https:\\\/\\\/instagram.com\\\/sergiolapegue\",\"https:\\\/\\\/x.com\\\/https:\\\/\\\/twitter.com\\\/sergiolapegue\"]},{\"@type\":\"Person\",\"@id\":\"https:\\\/\\\/sergiolapegue.com\\\/site\\\/#\\\/schema\\\/person\\\/9198e7dbab43c6d74d0fd5399af7c3cd\",\"name\":\"Daniel E. Monta\u00f1a\",\"image\":{\"@type\":\"ImageObject\",\"inLanguage\":\"es-AR\",\"@id\":\"https:\\\/\\\/sergiolapegue.com\\\/site\\\/wp-content\\\/uploads\\\/2021\\\/04\\\/sl_avatar_Daniel-150x150.jpg\",\"url\":\"https:\\\/\\\/sergiolapegue.com\\\/site\\\/wp-content\\\/uploads\\\/2021\\\/04\\\/sl_avatar_Daniel-150x150.jpg\",\"contentUrl\":\"https:\\\/\\\/sergiolapegue.com\\\/site\\\/wp-content\\\/uploads\\\/2021\\\/04\\\/sl_avatar_Daniel-150x150.jpg\",\"caption\":\"Daniel E. Monta\u00f1a\"},\"sameAs\":[\"https:\\\/\\\/facebook.com\\\/danielernesto.montana\",\"https:\\\/\\\/instagram.com\\\/daniel_montana1961\",\"https:\\\/\\\/x.com\\\/https:\\\/\\\/twitter.com\\\/daner_004\"],\"url\":\"https:\\\/\\\/sergiolapegue.com\\\/site\\\/author\\\/daniel\\\/\"}]}<\/script>\n<!-- \/ Yoast SEO plugin. -->","yoast_head_json":{"title":"EL AMANECER DE LOS INOCENTES - Sergio Lapegue","robots":{"index":"index","follow":"follow","max-snippet":"max-snippet:-1","max-image-preview":"max-image-preview:large","max-video-preview":"max-video-preview:-1"},"canonical":"https:\/\/sergiolapegue.com\/site\/2025\/05\/26\/el-amanecer-de-los-inocentes\/","og_locale":"es_ES","og_type":"article","og_title":"EL AMANECER DE LOS INOCENTES - Sergio Lapegue","og_description":"Finalmente este 2025 llega una obra sin precedentes, \u00fanica&nbsp;y original, que dar\u00e1 que hablar y te llevar\u00e1 por las emociones m\u00e1s profundas&nbsp; El amanecer de los inocentes es una obra dram\u00e1tica, con contenido musical, escrita y dirigida por Daniela Alberti, m\u00fasica de Mauro Barqu\u00edn y un gran elenco Daniela Alberti, Mari Carmen Ramos, Dulce Catalina [&hellip;]","og_url":"https:\/\/sergiolapegue.com\/site\/2025\/05\/26\/el-amanecer-de-los-inocentes\/","og_site_name":"Sergio Lapegue","article_publisher":"https:\/\/facebook.com\/sergiolapegue","article_author":"https:\/\/facebook.com\/danielernesto.montana","article_published_time":"2025-05-26T20:00:00+00:00","article_modified_time":"2025-05-27T20:57:44+00:00","og_image":[{"width":659,"height":838,"url":"https:\/\/sergiolapegue.com\/site\/wp-content\/uploads\/2025\/05\/El-amanecer-de-los-inocentes-7.png","type":"image\/png"}],"author":"Daniel E. Monta\u00f1a","twitter_card":"summary_large_image","twitter_creator":"@https:\/\/twitter.com\/daner_004","twitter_site":"@sergiolapegue","twitter_misc":{"Escrito por":"Daniel E. Monta\u00f1a","Tiempo de lectura":"4 minutos"},"schema":{"@context":"https:\/\/schema.org","@graph":[{"@type":"Article","@id":"https:\/\/sergiolapegue.com\/site\/2025\/05\/26\/el-amanecer-de-los-inocentes\/#article","isPartOf":{"@id":"https:\/\/sergiolapegue.com\/site\/2025\/05\/26\/el-amanecer-de-los-inocentes\/"},"author":{"name":"Daniel E. Monta\u00f1a","@id":"https:\/\/sergiolapegue.com\/site\/#\/schema\/person\/9198e7dbab43c6d74d0fd5399af7c3cd"},"headline":"EL AMANECER DE LOS INOCENTES","datePublished":"2025-05-26T20:00:00+00:00","dateModified":"2025-05-27T20:57:44+00:00","mainEntityOfPage":{"@id":"https:\/\/sergiolapegue.com\/site\/2025\/05\/26\/el-amanecer-de-los-inocentes\/"},"wordCount":601,"commentCount":0,"publisher":{"@id":"https:\/\/sergiolapegue.com\/site\/#\/schema\/person\/083aeceeb0734cd166779ea6c0551a37"},"image":{"@id":"https:\/\/sergiolapegue.com\/site\/2025\/05\/26\/el-amanecer-de-los-inocentes\/#primaryimage"},"thumbnailUrl":"https:\/\/sergiolapegue.com\/site\/wp-content\/uploads\/2025\/05\/El-amanecer-de-los-inocentes-7.png","articleSection":["Arte","Teatro"],"inLanguage":"es-AR","potentialAction":[{"@type":"CommentAction","name":"Comment","target":["https:\/\/sergiolapegue.com\/site\/2025\/05\/26\/el-amanecer-de-los-inocentes\/#respond"]}]},{"@type":"WebPage","@id":"https:\/\/sergiolapegue.com\/site\/2025\/05\/26\/el-amanecer-de-los-inocentes\/","url":"https:\/\/sergiolapegue.com\/site\/2025\/05\/26\/el-amanecer-de-los-inocentes\/","name":"EL AMANECER DE LOS INOCENTES - Sergio Lapegue","isPartOf":{"@id":"https:\/\/sergiolapegue.com\/site\/#website"},"primaryImageOfPage":{"@id":"https:\/\/sergiolapegue.com\/site\/2025\/05\/26\/el-amanecer-de-los-inocentes\/#primaryimage"},"image":{"@id":"https:\/\/sergiolapegue.com\/site\/2025\/05\/26\/el-amanecer-de-los-inocentes\/#primaryimage"},"thumbnailUrl":"https:\/\/sergiolapegue.com\/site\/wp-content\/uploads\/2025\/05\/El-amanecer-de-los-inocentes-7.png","datePublished":"2025-05-26T20:00:00+00:00","dateModified":"2025-05-27T20:57:44+00:00","breadcrumb":{"@id":"https:\/\/sergiolapegue.com\/site\/2025\/05\/26\/el-amanecer-de-los-inocentes\/#breadcrumb"},"inLanguage":"es-AR","potentialAction":[{"@type":"ReadAction","target":["https:\/\/sergiolapegue.com\/site\/2025\/05\/26\/el-amanecer-de-los-inocentes\/"]}]},{"@type":"ImageObject","inLanguage":"es-AR","@id":"https:\/\/sergiolapegue.com\/site\/2025\/05\/26\/el-amanecer-de-los-inocentes\/#primaryimage","url":"https:\/\/sergiolapegue.com\/site\/wp-content\/uploads\/2025\/05\/El-amanecer-de-los-inocentes-7.png","contentUrl":"https:\/\/sergiolapegue.com\/site\/wp-content\/uploads\/2025\/05\/El-amanecer-de-los-inocentes-7.png","width":659,"height":838},{"@type":"BreadcrumbList","@id":"https:\/\/sergiolapegue.com\/site\/2025\/05\/26\/el-amanecer-de-los-inocentes\/#breadcrumb","itemListElement":[{"@type":"ListItem","position":1,"name":"Inicio","item":"https:\/\/sergiolapegue.com\/site\/"},{"@type":"ListItem","position":2,"name":"EL AMANECER DE LOS INOCENTES"}]},{"@type":"WebSite","@id":"https:\/\/sergiolapegue.com\/site\/#website","url":"https:\/\/sergiolapegue.com\/site\/","name":"Sergio Lapegue","description":"Periodista","publisher":{"@id":"https:\/\/sergiolapegue.com\/site\/#\/schema\/person\/083aeceeb0734cd166779ea6c0551a37"},"potentialAction":[{"@type":"SearchAction","target":{"@type":"EntryPoint","urlTemplate":"https:\/\/sergiolapegue.com\/site\/?s={search_term_string}"},"query-input":{"@type":"PropertyValueSpecification","valueRequired":true,"valueName":"search_term_string"}}],"inLanguage":"es-AR"},{"@type":["Person","Organization"],"@id":"https:\/\/sergiolapegue.com\/site\/#\/schema\/person\/083aeceeb0734cd166779ea6c0551a37","name":"Sergio Lapegue","image":{"@type":"ImageObject","inLanguage":"es-AR","@id":"https:\/\/sergiolapegue.com\/site\/wp-content\/uploads\/2021\/04\/logo_header-1.png","url":"https:\/\/sergiolapegue.com\/site\/wp-content\/uploads\/2021\/04\/logo_header-1.png","contentUrl":"https:\/\/sergiolapegue.com\/site\/wp-content\/uploads\/2021\/04\/logo_header-1.png","width":272,"height":90,"caption":"Sergio Lapegue"},"logo":{"@id":"https:\/\/sergiolapegue.com\/site\/wp-content\/uploads\/2021\/04\/logo_header-1.png"},"sameAs":["https:\/\/facebook.com\/sergiolapegue","https:\/\/instagram.com\/sergiolapegue","https:\/\/x.com\/https:\/\/twitter.com\/sergiolapegue"]},{"@type":"Person","@id":"https:\/\/sergiolapegue.com\/site\/#\/schema\/person\/9198e7dbab43c6d74d0fd5399af7c3cd","name":"Daniel E. Monta\u00f1a","image":{"@type":"ImageObject","inLanguage":"es-AR","@id":"https:\/\/sergiolapegue.com\/site\/wp-content\/uploads\/2021\/04\/sl_avatar_Daniel-150x150.jpg","url":"https:\/\/sergiolapegue.com\/site\/wp-content\/uploads\/2021\/04\/sl_avatar_Daniel-150x150.jpg","contentUrl":"https:\/\/sergiolapegue.com\/site\/wp-content\/uploads\/2021\/04\/sl_avatar_Daniel-150x150.jpg","caption":"Daniel E. Monta\u00f1a"},"sameAs":["https:\/\/facebook.com\/danielernesto.montana","https:\/\/instagram.com\/daniel_montana1961","https:\/\/x.com\/https:\/\/twitter.com\/daner_004"],"url":"https:\/\/sergiolapegue.com\/site\/author\/daniel\/"}]}},"_links":{"self":[{"href":"https:\/\/sergiolapegue.com\/site\/wp-json\/wp\/v2\/posts\/23024","targetHints":{"allow":["GET"]}}],"collection":[{"href":"https:\/\/sergiolapegue.com\/site\/wp-json\/wp\/v2\/posts"}],"about":[{"href":"https:\/\/sergiolapegue.com\/site\/wp-json\/wp\/v2\/types\/post"}],"author":[{"embeddable":true,"href":"https:\/\/sergiolapegue.com\/site\/wp-json\/wp\/v2\/users\/3"}],"replies":[{"embeddable":true,"href":"https:\/\/sergiolapegue.com\/site\/wp-json\/wp\/v2\/comments?post=23024"}],"version-history":[{"count":2,"href":"https:\/\/sergiolapegue.com\/site\/wp-json\/wp\/v2\/posts\/23024\/revisions"}],"predecessor-version":[{"id":23059,"href":"https:\/\/sergiolapegue.com\/site\/wp-json\/wp\/v2\/posts\/23024\/revisions\/23059"}],"wp:featuredmedia":[{"embeddable":true,"href":"https:\/\/sergiolapegue.com\/site\/wp-json\/wp\/v2\/media\/23029"}],"wp:attachment":[{"href":"https:\/\/sergiolapegue.com\/site\/wp-json\/wp\/v2\/media?parent=23024"}],"wp:term":[{"taxonomy":"category","embeddable":true,"href":"https:\/\/sergiolapegue.com\/site\/wp-json\/wp\/v2\/categories?post=23024"},{"taxonomy":"post_tag","embeddable":true,"href":"https:\/\/sergiolapegue.com\/site\/wp-json\/wp\/v2\/tags?post=23024"}],"curies":[{"name":"wp","href":"https:\/\/api.w.org\/{rel}","templated":true}]}}