{"id":23018,"date":"2025-05-26T09:00:00","date_gmt":"2025-05-26T12:00:00","guid":{"rendered":"https:\/\/sergiolapegue.com\/site\/?p=23018"},"modified":"2025-05-26T00:17:26","modified_gmt":"2025-05-26T03:17:26","slug":"el-asistente-2","status":"publish","type":"post","link":"https:\/\/sergiolapegue.com\/site\/2025\/05\/26\/el-asistente-2\/","title":{"rendered":"EL ASISTENTE"},"content":{"rendered":"\n<p>\u201cEl asistente\u201d&nbsp;de Sof\u00eda Gonz\u00e1lez Gil regresa a la cartelera luego de su estreno del 2022 en el Centro Cultural San Mart\u00edn.<\/p>\n\n\n\n<p>En esta nueva temporada se presentar\u00e1 todos los jueves a las 20:30h en el Teatro El Extranjero&nbsp;con Agustina Cabo, Diego De Paula, Francisco Gonz\u00e1lez Gil y Ximena Ban\u00fas.<\/p>\n\n\n\n<p>La obra&nbsp;transcurre en el interior de un prestigioso teatro y cuenta una historia en la cual la ficci\u00f3n y la realidad est\u00e1n entremezcladas, entre vestuarios de \u00e9poca y escenograf\u00eda sin terminar.<\/p>\n\n\n\n<p>Obra ganadora de una&nbsp;menci\u00f3n especial del Teatro Nacional Cervantes&nbsp;en el marco del concurso \u201cNuestro Teatro\u201d realizado en el a\u00f1o 2020.<\/p>\n\n\n\n<figure class=\"wp-block-image size-large\"><img loading=\"lazy\" decoding=\"async\" width=\"1024\" height=\"683\" src=\"https:\/\/sergiolapegue.com\/site\/wp-content\/uploads\/2025\/05\/El-asistente-1-1024x683.jpg\" alt=\"\" class=\"wp-image-23019\" srcset=\"https:\/\/sergiolapegue.com\/site\/wp-content\/uploads\/2025\/05\/El-asistente-1-1024x683.jpg 1024w, https:\/\/sergiolapegue.com\/site\/wp-content\/uploads\/2025\/05\/El-asistente-1-300x200.jpg 300w, https:\/\/sergiolapegue.com\/site\/wp-content\/uploads\/2025\/05\/El-asistente-1-768x512.jpg 768w, https:\/\/sergiolapegue.com\/site\/wp-content\/uploads\/2025\/05\/El-asistente-1-1536x1024.jpg 1536w, https:\/\/sergiolapegue.com\/site\/wp-content\/uploads\/2025\/05\/El-asistente-1-2048x1365.jpg 2048w, https:\/\/sergiolapegue.com\/site\/wp-content\/uploads\/2025\/05\/El-asistente-1-630x420.jpg 630w, https:\/\/sergiolapegue.com\/site\/wp-content\/uploads\/2025\/05\/El-asistente-1-696x464.jpg 696w, https:\/\/sergiolapegue.com\/site\/wp-content\/uploads\/2025\/05\/El-asistente-1-1068x712.jpg 1068w, https:\/\/sergiolapegue.com\/site\/wp-content\/uploads\/2025\/05\/El-asistente-1-1920x1280.jpg 1920w\" sizes=\"auto, (max-width: 1024px) 100vw, 1024px\" \/><\/figure>\n\n\n\n<p><strong>SINOPSIS<\/strong><\/p>\n\n\n\n<p>Un elenco formado por reconocidos actores ensaya&nbsp;\u201cUn enemigo del Pueblo\u201d de Henrik Ibsen, a pocas horas de su estreno en una prestigiosa sala de Buenos Aires. El ensayo se ve reiteradamente interrumpido porque una importante escena de la obra no termina de salir.&nbsp;<\/p>\n\n\n\n<p>Los actores atraviesan diferentes inconvenientes entre ellos y con la obra en s\u00ed misma.&nbsp;Marcos, el asistente, intenta resolver todos los conflictos con habilidad para evitar que los actores descubran que el director hace horas que no aparece.<\/p>\n\n\n\n<p>\u201cEl asistente\u201d&nbsp;habla del teatro como hecho art\u00edstico, como espacio de trabajo, de prueba y error, de convivencia, pero tambi\u00e9n del teatro como un negocio, con sus exigencias, plazos, fechas, presiones y conflictos.&nbsp;<\/p>\n\n\n\n<figure class=\"wp-block-image size-large\"><img loading=\"lazy\" decoding=\"async\" width=\"1024\" height=\"458\" src=\"https:\/\/sergiolapegue.com\/site\/wp-content\/uploads\/2025\/05\/El-asistente-3-1024x458.jpg\" alt=\"\" class=\"wp-image-23020\" srcset=\"https:\/\/sergiolapegue.com\/site\/wp-content\/uploads\/2025\/05\/El-asistente-3-1024x458.jpg 1024w, https:\/\/sergiolapegue.com\/site\/wp-content\/uploads\/2025\/05\/El-asistente-3-300x134.jpg 300w, https:\/\/sergiolapegue.com\/site\/wp-content\/uploads\/2025\/05\/El-asistente-3-768x343.jpg 768w, https:\/\/sergiolapegue.com\/site\/wp-content\/uploads\/2025\/05\/El-asistente-3-1536x687.jpg 1536w, https:\/\/sergiolapegue.com\/site\/wp-content\/uploads\/2025\/05\/El-asistente-3-940x420.jpg 940w, https:\/\/sergiolapegue.com\/site\/wp-content\/uploads\/2025\/05\/El-asistente-3-696x311.jpg 696w, https:\/\/sergiolapegue.com\/site\/wp-content\/uploads\/2025\/05\/El-asistente-3-1068x477.jpg 1068w, https:\/\/sergiolapegue.com\/site\/wp-content\/uploads\/2025\/05\/El-asistente-3.jpg 1895w\" sizes=\"auto, (max-width: 1024px) 100vw, 1024px\" \/><\/figure>\n\n\n\n<p><strong>FICHA T\u00c9CNICO ART\u00cdSTICA&nbsp;<\/strong><\/p>\n\n\n\n<p><strong>Dramaturgia:&nbsp;<\/strong>Sof\u00eda Gonz\u00e1lez Gil<\/p>\n\n\n\n<p><strong>Act\u00faan:<\/strong>&nbsp;Agustina Cabo, Diego De Paula, Francisco Gonz\u00e1lez Gil, Ximena Ban\u00fas<\/p>\n\n\n\n<p><strong>Voz en off:<\/strong>&nbsp;Manuel Gonz\u00e1lez Gil<\/p>\n\n\n\n<p><strong>Dise\u00f1o de escenograf\u00eda:<\/strong>&nbsp;Alejandro Goldstein<\/p>\n\n\n\n<p><strong>Dise\u00f1o de vestuario:<\/strong>&nbsp;Camila Castro Grinstein<\/p>\n\n\n\n<p><strong>Dise\u00f1o de iluminaci\u00f3n:<\/strong>&nbsp;Samir Carrillo<\/p>\n\n\n\n<p><strong>M\u00fasica original:<\/strong>&nbsp;Francisco Gonz\u00e1lez Gil<\/p>\n\n\n\n<p><strong>Producci\u00f3n musical:<\/strong>&nbsp;Federico Cohen<\/p>\n\n\n\n<p><strong>Fotograf\u00eda:<\/strong>&nbsp;Jer\u00f3nimo Leniek<\/p>\n\n\n\n<p><strong>Prensa:<\/strong>&nbsp;Varas Otero<\/p>\n\n\n\n<p><strong>Producci\u00f3n ejecutiva:<\/strong>&nbsp;Brigitte Torres y Sof\u00eda Gonz\u00e1lez Gil<\/p>\n\n\n\n<p><strong>Asistencia de direcci\u00f3n:<\/strong>&nbsp;Brigitte Torres<\/p>\n\n\n\n<p><strong>Direcci\u00f3n:&nbsp;<\/strong>Sof\u00eda Gonz\u00e1lez Gil<\/p>\n\n\n\n<p><strong>Instagram:&nbsp;<\/strong>@elasistenteobra&nbsp;<\/p>\n\n\n\n<p><strong>Duraci\u00f3n<\/strong>: 70 minutos<\/p>\n\n\n\n<p><strong>Clasificaci\u00f3n:<\/strong> Teatro \u2013 Presencial \u2013 Adultos<\/p>\n\n\n\n<figure class=\"wp-block-image size-large\"><img loading=\"lazy\" decoding=\"async\" width=\"1024\" height=\"456\" src=\"https:\/\/sergiolapegue.com\/site\/wp-content\/uploads\/2025\/05\/El-asistente-4-1024x456.jpg\" alt=\"\" class=\"wp-image-23021\" srcset=\"https:\/\/sergiolapegue.com\/site\/wp-content\/uploads\/2025\/05\/El-asistente-4-1024x456.jpg 1024w, https:\/\/sergiolapegue.com\/site\/wp-content\/uploads\/2025\/05\/El-asistente-4-300x133.jpg 300w, https:\/\/sergiolapegue.com\/site\/wp-content\/uploads\/2025\/05\/El-asistente-4-768x342.jpg 768w, https:\/\/sergiolapegue.com\/site\/wp-content\/uploads\/2025\/05\/El-asistente-4-1536x683.jpg 1536w, https:\/\/sergiolapegue.com\/site\/wp-content\/uploads\/2025\/05\/El-asistente-4-944x420.jpg 944w, https:\/\/sergiolapegue.com\/site\/wp-content\/uploads\/2025\/05\/El-asistente-4-696x310.jpg 696w, https:\/\/sergiolapegue.com\/site\/wp-content\/uploads\/2025\/05\/El-asistente-4-1068x475.jpg 1068w, https:\/\/sergiolapegue.com\/site\/wp-content\/uploads\/2025\/05\/El-asistente-4.jpg 1895w\" sizes=\"auto, (max-width: 1024px) 100vw, 1024px\" \/><\/figure>\n\n\n\n<p><strong>TEATRO EL EXTRANJERO<\/strong><strong><\/strong><\/p>\n\n\n\n<p>Valent\u00edn G\u00f3mez 3380 \u2013 Capital Federal \u2013 Buenos Aires \u2013 Argentina<\/p>\n\n\n\n<p>Web: <a href=\"http:\/\/www.teatroelextranjero.com\">http:\/\/www.teatroelextranjero.com<\/a><\/p>\n\n\n\n<p>Entradas: $ 15.000 \u2013 en boleter\u00eda del teatro o por<a href=\"https:\/\/www.alternativateatral.com\/obra80319-el-asistente\" target=\"_blank\" rel=\"noreferrer noopener\">&nbsp;Alternativa Teatral<\/a><\/p>\n\n\n\n<p>Funciones: Jueves 20:30 horas \u2013 Del 05\/06\/2025 al 24\/07\/2025<\/p>\n\n\n\n<p>Gracias Mercedes Otero por acercarnos la gacetilla de prensa del reestreno de este espect\u00e1culo.<\/p>\n\n\n\n<p><\/p>\n","protected":false},"excerpt":{"rendered":"<p>\u201cEl asistente\u201d&nbsp;de Sof\u00eda Gonz\u00e1lez Gil regresa a la cartelera luego de su estreno del 2022 en el Centro Cultural San Mart\u00edn. En esta nueva temporada se presentar\u00e1 todos los jueves a las 20:30h en el Teatro El Extranjero&nbsp;con Agustina Cabo, Diego De Paula, Francisco Gonz\u00e1lez Gil y Ximena Ban\u00fas. La obra&nbsp;transcurre en el interior de [&hellip;]<\/p>\n","protected":false},"author":3,"featured_media":23022,"comment_status":"open","ping_status":"closed","sticky":false,"template":"","format":"standard","meta":{"footnotes":""},"categories":[34,35],"tags":[],"class_list":{"0":"post-23018","1":"post","2":"type-post","3":"status-publish","4":"format-standard","5":"has-post-thumbnail","7":"category-arte","8":"category-teatro"},"yoast_head":"<!-- This site is optimized with the Yoast SEO plugin v27.5 - https:\/\/yoast.com\/product\/yoast-seo-wordpress\/ -->\n<title>EL ASISTENTE - Sergio Lapegue<\/title>\n<meta name=\"robots\" content=\"index, follow, max-snippet:-1, max-image-preview:large, max-video-preview:-1\" \/>\n<link rel=\"canonical\" href=\"https:\/\/sergiolapegue.com\/site\/2025\/05\/26\/el-asistente-2\/\" \/>\n<meta property=\"og:locale\" content=\"es_ES\" \/>\n<meta property=\"og:type\" content=\"article\" \/>\n<meta property=\"og:title\" content=\"EL ASISTENTE - Sergio Lapegue\" \/>\n<meta property=\"og:description\" content=\"\u201cEl asistente\u201d&nbsp;de Sof\u00eda Gonz\u00e1lez Gil regresa a la cartelera luego de su estreno del 2022 en el Centro Cultural San Mart\u00edn. En esta nueva temporada se presentar\u00e1 todos los jueves a las 20:30h en el Teatro El Extranjero&nbsp;con Agustina Cabo, Diego De Paula, Francisco Gonz\u00e1lez Gil y Ximena Ban\u00fas. La obra&nbsp;transcurre en el interior de [&hellip;]\" \/>\n<meta property=\"og:url\" content=\"https:\/\/sergiolapegue.com\/site\/2025\/05\/26\/el-asistente-2\/\" \/>\n<meta property=\"og:site_name\" content=\"Sergio Lapegue\" \/>\n<meta property=\"article:publisher\" content=\"https:\/\/facebook.com\/sergiolapegue\" \/>\n<meta property=\"article:author\" content=\"https:\/\/facebook.com\/danielernesto.montana\" \/>\n<meta property=\"article:published_time\" content=\"2025-05-26T12:00:00+00:00\" \/>\n<meta property=\"og:image\" content=\"https:\/\/sergiolapegue.com\/site\/wp-content\/uploads\/2025\/05\/El-asistente.jpg\" \/>\n\t<meta property=\"og:image:width\" content=\"1080\" \/>\n\t<meta property=\"og:image:height\" content=\"1350\" \/>\n\t<meta property=\"og:image:type\" content=\"image\/jpeg\" \/>\n<meta name=\"author\" content=\"Daniel E. Monta\u00f1a\" \/>\n<meta name=\"twitter:card\" content=\"summary_large_image\" \/>\n<meta name=\"twitter:creator\" content=\"@https:\/\/twitter.com\/daner_004\" \/>\n<meta name=\"twitter:site\" content=\"@sergiolapegue\" \/>\n<meta name=\"twitter:label1\" content=\"Escrito por\" \/>\n\t<meta name=\"twitter:data1\" content=\"Daniel E. Monta\u00f1a\" \/>\n\t<meta name=\"twitter:label2\" content=\"Tiempo de lectura\" \/>\n\t<meta name=\"twitter:data2\" content=\"3 minutos\" \/>\n<script type=\"application\/ld+json\" class=\"yoast-schema-graph\">{\"@context\":\"https:\\\/\\\/schema.org\",\"@graph\":[{\"@type\":\"Article\",\"@id\":\"https:\\\/\\\/sergiolapegue.com\\\/site\\\/2025\\\/05\\\/26\\\/el-asistente-2\\\/#article\",\"isPartOf\":{\"@id\":\"https:\\\/\\\/sergiolapegue.com\\\/site\\\/2025\\\/05\\\/26\\\/el-asistente-2\\\/\"},\"author\":{\"name\":\"Daniel E. Monta\u00f1a\",\"@id\":\"https:\\\/\\\/sergiolapegue.com\\\/site\\\/#\\\/schema\\\/person\\\/9198e7dbab43c6d74d0fd5399af7c3cd\"},\"headline\":\"EL ASISTENTE\",\"datePublished\":\"2025-05-26T12:00:00+00:00\",\"mainEntityOfPage\":{\"@id\":\"https:\\\/\\\/sergiolapegue.com\\\/site\\\/2025\\\/05\\\/26\\\/el-asistente-2\\\/\"},\"wordCount\":414,\"commentCount\":0,\"publisher\":{\"@id\":\"https:\\\/\\\/sergiolapegue.com\\\/site\\\/#\\\/schema\\\/person\\\/083aeceeb0734cd166779ea6c0551a37\"},\"image\":{\"@id\":\"https:\\\/\\\/sergiolapegue.com\\\/site\\\/2025\\\/05\\\/26\\\/el-asistente-2\\\/#primaryimage\"},\"thumbnailUrl\":\"https:\\\/\\\/sergiolapegue.com\\\/site\\\/wp-content\\\/uploads\\\/2025\\\/05\\\/El-asistente.jpg\",\"articleSection\":[\"Arte\",\"Teatro\"],\"inLanguage\":\"es-AR\",\"potentialAction\":[{\"@type\":\"CommentAction\",\"name\":\"Comment\",\"target\":[\"https:\\\/\\\/sergiolapegue.com\\\/site\\\/2025\\\/05\\\/26\\\/el-asistente-2\\\/#respond\"]}]},{\"@type\":\"WebPage\",\"@id\":\"https:\\\/\\\/sergiolapegue.com\\\/site\\\/2025\\\/05\\\/26\\\/el-asistente-2\\\/\",\"url\":\"https:\\\/\\\/sergiolapegue.com\\\/site\\\/2025\\\/05\\\/26\\\/el-asistente-2\\\/\",\"name\":\"EL ASISTENTE - Sergio Lapegue\",\"isPartOf\":{\"@id\":\"https:\\\/\\\/sergiolapegue.com\\\/site\\\/#website\"},\"primaryImageOfPage\":{\"@id\":\"https:\\\/\\\/sergiolapegue.com\\\/site\\\/2025\\\/05\\\/26\\\/el-asistente-2\\\/#primaryimage\"},\"image\":{\"@id\":\"https:\\\/\\\/sergiolapegue.com\\\/site\\\/2025\\\/05\\\/26\\\/el-asistente-2\\\/#primaryimage\"},\"thumbnailUrl\":\"https:\\\/\\\/sergiolapegue.com\\\/site\\\/wp-content\\\/uploads\\\/2025\\\/05\\\/El-asistente.jpg\",\"datePublished\":\"2025-05-26T12:00:00+00:00\",\"breadcrumb\":{\"@id\":\"https:\\\/\\\/sergiolapegue.com\\\/site\\\/2025\\\/05\\\/26\\\/el-asistente-2\\\/#breadcrumb\"},\"inLanguage\":\"es-AR\",\"potentialAction\":[{\"@type\":\"ReadAction\",\"target\":[\"https:\\\/\\\/sergiolapegue.com\\\/site\\\/2025\\\/05\\\/26\\\/el-asistente-2\\\/\"]}]},{\"@type\":\"ImageObject\",\"inLanguage\":\"es-AR\",\"@id\":\"https:\\\/\\\/sergiolapegue.com\\\/site\\\/2025\\\/05\\\/26\\\/el-asistente-2\\\/#primaryimage\",\"url\":\"https:\\\/\\\/sergiolapegue.com\\\/site\\\/wp-content\\\/uploads\\\/2025\\\/05\\\/El-asistente.jpg\",\"contentUrl\":\"https:\\\/\\\/sergiolapegue.com\\\/site\\\/wp-content\\\/uploads\\\/2025\\\/05\\\/El-asistente.jpg\",\"width\":1080,\"height\":1350},{\"@type\":\"BreadcrumbList\",\"@id\":\"https:\\\/\\\/sergiolapegue.com\\\/site\\\/2025\\\/05\\\/26\\\/el-asistente-2\\\/#breadcrumb\",\"itemListElement\":[{\"@type\":\"ListItem\",\"position\":1,\"name\":\"Inicio\",\"item\":\"https:\\\/\\\/sergiolapegue.com\\\/site\\\/\"},{\"@type\":\"ListItem\",\"position\":2,\"name\":\"EL ASISTENTE\"}]},{\"@type\":\"WebSite\",\"@id\":\"https:\\\/\\\/sergiolapegue.com\\\/site\\\/#website\",\"url\":\"https:\\\/\\\/sergiolapegue.com\\\/site\\\/\",\"name\":\"Sergio Lapegue\",\"description\":\"Periodista\",\"publisher\":{\"@id\":\"https:\\\/\\\/sergiolapegue.com\\\/site\\\/#\\\/schema\\\/person\\\/083aeceeb0734cd166779ea6c0551a37\"},\"potentialAction\":[{\"@type\":\"SearchAction\",\"target\":{\"@type\":\"EntryPoint\",\"urlTemplate\":\"https:\\\/\\\/sergiolapegue.com\\\/site\\\/?s={search_term_string}\"},\"query-input\":{\"@type\":\"PropertyValueSpecification\",\"valueRequired\":true,\"valueName\":\"search_term_string\"}}],\"inLanguage\":\"es-AR\"},{\"@type\":[\"Person\",\"Organization\"],\"@id\":\"https:\\\/\\\/sergiolapegue.com\\\/site\\\/#\\\/schema\\\/person\\\/083aeceeb0734cd166779ea6c0551a37\",\"name\":\"Sergio Lapegue\",\"image\":{\"@type\":\"ImageObject\",\"inLanguage\":\"es-AR\",\"@id\":\"https:\\\/\\\/sergiolapegue.com\\\/site\\\/wp-content\\\/uploads\\\/2021\\\/04\\\/logo_header-1.png\",\"url\":\"https:\\\/\\\/sergiolapegue.com\\\/site\\\/wp-content\\\/uploads\\\/2021\\\/04\\\/logo_header-1.png\",\"contentUrl\":\"https:\\\/\\\/sergiolapegue.com\\\/site\\\/wp-content\\\/uploads\\\/2021\\\/04\\\/logo_header-1.png\",\"width\":272,\"height\":90,\"caption\":\"Sergio Lapegue\"},\"logo\":{\"@id\":\"https:\\\/\\\/sergiolapegue.com\\\/site\\\/wp-content\\\/uploads\\\/2021\\\/04\\\/logo_header-1.png\"},\"sameAs\":[\"https:\\\/\\\/facebook.com\\\/sergiolapegue\",\"https:\\\/\\\/instagram.com\\\/sergiolapegue\",\"https:\\\/\\\/x.com\\\/https:\\\/\\\/twitter.com\\\/sergiolapegue\"]},{\"@type\":\"Person\",\"@id\":\"https:\\\/\\\/sergiolapegue.com\\\/site\\\/#\\\/schema\\\/person\\\/9198e7dbab43c6d74d0fd5399af7c3cd\",\"name\":\"Daniel E. Monta\u00f1a\",\"image\":{\"@type\":\"ImageObject\",\"inLanguage\":\"es-AR\",\"@id\":\"https:\\\/\\\/sergiolapegue.com\\\/site\\\/wp-content\\\/uploads\\\/2021\\\/04\\\/sl_avatar_Daniel-150x150.jpg\",\"url\":\"https:\\\/\\\/sergiolapegue.com\\\/site\\\/wp-content\\\/uploads\\\/2021\\\/04\\\/sl_avatar_Daniel-150x150.jpg\",\"contentUrl\":\"https:\\\/\\\/sergiolapegue.com\\\/site\\\/wp-content\\\/uploads\\\/2021\\\/04\\\/sl_avatar_Daniel-150x150.jpg\",\"caption\":\"Daniel E. Monta\u00f1a\"},\"sameAs\":[\"https:\\\/\\\/facebook.com\\\/danielernesto.montana\",\"https:\\\/\\\/instagram.com\\\/daniel_montana1961\",\"https:\\\/\\\/x.com\\\/https:\\\/\\\/twitter.com\\\/daner_004\"],\"url\":\"https:\\\/\\\/sergiolapegue.com\\\/site\\\/author\\\/daniel\\\/\"}]}<\/script>\n<!-- \/ Yoast SEO plugin. -->","yoast_head_json":{"title":"EL ASISTENTE - Sergio Lapegue","robots":{"index":"index","follow":"follow","max-snippet":"max-snippet:-1","max-image-preview":"max-image-preview:large","max-video-preview":"max-video-preview:-1"},"canonical":"https:\/\/sergiolapegue.com\/site\/2025\/05\/26\/el-asistente-2\/","og_locale":"es_ES","og_type":"article","og_title":"EL ASISTENTE - Sergio Lapegue","og_description":"\u201cEl asistente\u201d&nbsp;de Sof\u00eda Gonz\u00e1lez Gil regresa a la cartelera luego de su estreno del 2022 en el Centro Cultural San Mart\u00edn. En esta nueva temporada se presentar\u00e1 todos los jueves a las 20:30h en el Teatro El Extranjero&nbsp;con Agustina Cabo, Diego De Paula, Francisco Gonz\u00e1lez Gil y Ximena Ban\u00fas. La obra&nbsp;transcurre en el interior de [&hellip;]","og_url":"https:\/\/sergiolapegue.com\/site\/2025\/05\/26\/el-asistente-2\/","og_site_name":"Sergio Lapegue","article_publisher":"https:\/\/facebook.com\/sergiolapegue","article_author":"https:\/\/facebook.com\/danielernesto.montana","article_published_time":"2025-05-26T12:00:00+00:00","og_image":[{"width":1080,"height":1350,"url":"https:\/\/sergiolapegue.com\/site\/wp-content\/uploads\/2025\/05\/El-asistente.jpg","type":"image\/jpeg"}],"author":"Daniel E. Monta\u00f1a","twitter_card":"summary_large_image","twitter_creator":"@https:\/\/twitter.com\/daner_004","twitter_site":"@sergiolapegue","twitter_misc":{"Escrito por":"Daniel E. Monta\u00f1a","Tiempo de lectura":"3 minutos"},"schema":{"@context":"https:\/\/schema.org","@graph":[{"@type":"Article","@id":"https:\/\/sergiolapegue.com\/site\/2025\/05\/26\/el-asistente-2\/#article","isPartOf":{"@id":"https:\/\/sergiolapegue.com\/site\/2025\/05\/26\/el-asistente-2\/"},"author":{"name":"Daniel E. Monta\u00f1a","@id":"https:\/\/sergiolapegue.com\/site\/#\/schema\/person\/9198e7dbab43c6d74d0fd5399af7c3cd"},"headline":"EL ASISTENTE","datePublished":"2025-05-26T12:00:00+00:00","mainEntityOfPage":{"@id":"https:\/\/sergiolapegue.com\/site\/2025\/05\/26\/el-asistente-2\/"},"wordCount":414,"commentCount":0,"publisher":{"@id":"https:\/\/sergiolapegue.com\/site\/#\/schema\/person\/083aeceeb0734cd166779ea6c0551a37"},"image":{"@id":"https:\/\/sergiolapegue.com\/site\/2025\/05\/26\/el-asistente-2\/#primaryimage"},"thumbnailUrl":"https:\/\/sergiolapegue.com\/site\/wp-content\/uploads\/2025\/05\/El-asistente.jpg","articleSection":["Arte","Teatro"],"inLanguage":"es-AR","potentialAction":[{"@type":"CommentAction","name":"Comment","target":["https:\/\/sergiolapegue.com\/site\/2025\/05\/26\/el-asistente-2\/#respond"]}]},{"@type":"WebPage","@id":"https:\/\/sergiolapegue.com\/site\/2025\/05\/26\/el-asistente-2\/","url":"https:\/\/sergiolapegue.com\/site\/2025\/05\/26\/el-asistente-2\/","name":"EL ASISTENTE - Sergio Lapegue","isPartOf":{"@id":"https:\/\/sergiolapegue.com\/site\/#website"},"primaryImageOfPage":{"@id":"https:\/\/sergiolapegue.com\/site\/2025\/05\/26\/el-asistente-2\/#primaryimage"},"image":{"@id":"https:\/\/sergiolapegue.com\/site\/2025\/05\/26\/el-asistente-2\/#primaryimage"},"thumbnailUrl":"https:\/\/sergiolapegue.com\/site\/wp-content\/uploads\/2025\/05\/El-asistente.jpg","datePublished":"2025-05-26T12:00:00+00:00","breadcrumb":{"@id":"https:\/\/sergiolapegue.com\/site\/2025\/05\/26\/el-asistente-2\/#breadcrumb"},"inLanguage":"es-AR","potentialAction":[{"@type":"ReadAction","target":["https:\/\/sergiolapegue.com\/site\/2025\/05\/26\/el-asistente-2\/"]}]},{"@type":"ImageObject","inLanguage":"es-AR","@id":"https:\/\/sergiolapegue.com\/site\/2025\/05\/26\/el-asistente-2\/#primaryimage","url":"https:\/\/sergiolapegue.com\/site\/wp-content\/uploads\/2025\/05\/El-asistente.jpg","contentUrl":"https:\/\/sergiolapegue.com\/site\/wp-content\/uploads\/2025\/05\/El-asistente.jpg","width":1080,"height":1350},{"@type":"BreadcrumbList","@id":"https:\/\/sergiolapegue.com\/site\/2025\/05\/26\/el-asistente-2\/#breadcrumb","itemListElement":[{"@type":"ListItem","position":1,"name":"Inicio","item":"https:\/\/sergiolapegue.com\/site\/"},{"@type":"ListItem","position":2,"name":"EL ASISTENTE"}]},{"@type":"WebSite","@id":"https:\/\/sergiolapegue.com\/site\/#website","url":"https:\/\/sergiolapegue.com\/site\/","name":"Sergio Lapegue","description":"Periodista","publisher":{"@id":"https:\/\/sergiolapegue.com\/site\/#\/schema\/person\/083aeceeb0734cd166779ea6c0551a37"},"potentialAction":[{"@type":"SearchAction","target":{"@type":"EntryPoint","urlTemplate":"https:\/\/sergiolapegue.com\/site\/?s={search_term_string}"},"query-input":{"@type":"PropertyValueSpecification","valueRequired":true,"valueName":"search_term_string"}}],"inLanguage":"es-AR"},{"@type":["Person","Organization"],"@id":"https:\/\/sergiolapegue.com\/site\/#\/schema\/person\/083aeceeb0734cd166779ea6c0551a37","name":"Sergio Lapegue","image":{"@type":"ImageObject","inLanguage":"es-AR","@id":"https:\/\/sergiolapegue.com\/site\/wp-content\/uploads\/2021\/04\/logo_header-1.png","url":"https:\/\/sergiolapegue.com\/site\/wp-content\/uploads\/2021\/04\/logo_header-1.png","contentUrl":"https:\/\/sergiolapegue.com\/site\/wp-content\/uploads\/2021\/04\/logo_header-1.png","width":272,"height":90,"caption":"Sergio Lapegue"},"logo":{"@id":"https:\/\/sergiolapegue.com\/site\/wp-content\/uploads\/2021\/04\/logo_header-1.png"},"sameAs":["https:\/\/facebook.com\/sergiolapegue","https:\/\/instagram.com\/sergiolapegue","https:\/\/x.com\/https:\/\/twitter.com\/sergiolapegue"]},{"@type":"Person","@id":"https:\/\/sergiolapegue.com\/site\/#\/schema\/person\/9198e7dbab43c6d74d0fd5399af7c3cd","name":"Daniel E. Monta\u00f1a","image":{"@type":"ImageObject","inLanguage":"es-AR","@id":"https:\/\/sergiolapegue.com\/site\/wp-content\/uploads\/2021\/04\/sl_avatar_Daniel-150x150.jpg","url":"https:\/\/sergiolapegue.com\/site\/wp-content\/uploads\/2021\/04\/sl_avatar_Daniel-150x150.jpg","contentUrl":"https:\/\/sergiolapegue.com\/site\/wp-content\/uploads\/2021\/04\/sl_avatar_Daniel-150x150.jpg","caption":"Daniel E. Monta\u00f1a"},"sameAs":["https:\/\/facebook.com\/danielernesto.montana","https:\/\/instagram.com\/daniel_montana1961","https:\/\/x.com\/https:\/\/twitter.com\/daner_004"],"url":"https:\/\/sergiolapegue.com\/site\/author\/daniel\/"}]}},"_links":{"self":[{"href":"https:\/\/sergiolapegue.com\/site\/wp-json\/wp\/v2\/posts\/23018","targetHints":{"allow":["GET"]}}],"collection":[{"href":"https:\/\/sergiolapegue.com\/site\/wp-json\/wp\/v2\/posts"}],"about":[{"href":"https:\/\/sergiolapegue.com\/site\/wp-json\/wp\/v2\/types\/post"}],"author":[{"embeddable":true,"href":"https:\/\/sergiolapegue.com\/site\/wp-json\/wp\/v2\/users\/3"}],"replies":[{"embeddable":true,"href":"https:\/\/sergiolapegue.com\/site\/wp-json\/wp\/v2\/comments?post=23018"}],"version-history":[{"count":1,"href":"https:\/\/sergiolapegue.com\/site\/wp-json\/wp\/v2\/posts\/23018\/revisions"}],"predecessor-version":[{"id":23023,"href":"https:\/\/sergiolapegue.com\/site\/wp-json\/wp\/v2\/posts\/23018\/revisions\/23023"}],"wp:featuredmedia":[{"embeddable":true,"href":"https:\/\/sergiolapegue.com\/site\/wp-json\/wp\/v2\/media\/23022"}],"wp:attachment":[{"href":"https:\/\/sergiolapegue.com\/site\/wp-json\/wp\/v2\/media?parent=23018"}],"wp:term":[{"taxonomy":"category","embeddable":true,"href":"https:\/\/sergiolapegue.com\/site\/wp-json\/wp\/v2\/categories?post=23018"},{"taxonomy":"post_tag","embeddable":true,"href":"https:\/\/sergiolapegue.com\/site\/wp-json\/wp\/v2\/tags?post=23018"}],"curies":[{"name":"wp","href":"https:\/\/api.w.org\/{rel}","templated":true}]}}