{"id":23012,"date":"2025-05-26T01:00:00","date_gmt":"2025-05-26T04:00:00","guid":{"rendered":"https:\/\/sergiolapegue.com\/site\/?p=23012"},"modified":"2025-05-26T00:12:24","modified_gmt":"2025-05-26T03:12:24","slug":"incidente-en-vichy","status":"publish","type":"post","link":"https:\/\/sergiolapegue.com\/site\/2025\/05\/26\/incidente-en-vichy\/","title":{"rendered":"INCIDENTE EN VICHY"},"content":{"rendered":"\n<p>Se acaban de cumplir 40 a\u00f1os del estreno de esta pieza, en coincidencia con el 20\u00b0 aniversario de la muerte de Arthur Miller, en febrero de 2025; y el 90\u00b0 aniversario de su nacimiento.<\/p>\n\n\n\n<p>\u00bfPor qu\u00e9 hacer \u201cIncidente en Vichy\u201d ahora?<\/p>\n\n\n\n<p>Es acertado abordar hoy en d\u00eda, en la Argentina, un texto que habla del af\u00e1n por anular al ser humano pensante, al diferente. La obra de Miller hace referencia a la diversidad de opiniones frente al horror. El miedo, la comodidad, el individualismo y la ausencia del sentido de comunidad son las bacterias que debilitan a este grupo humano que, de alg\u00fan modo, simboliza a la sociedad.<\/p>\n\n\n\n<p>En \u201cIncidente en Vichy\u201d veremos similitudes con la realidad social actual: el negacionismo, la validaci\u00f3n del horror y la violencia, la cobard\u00eda, los ideales convertidos en cicatrices tapadas con curitas.<\/p>\n\n\n\n<figure class=\"wp-block-image size-full\"><img loading=\"lazy\" decoding=\"async\" width=\"959\" height=\"959\" src=\"https:\/\/sergiolapegue.com\/site\/wp-content\/uploads\/2025\/05\/Incidente-en-vichy-1.jpg\" alt=\"\" class=\"wp-image-23013\" srcset=\"https:\/\/sergiolapegue.com\/site\/wp-content\/uploads\/2025\/05\/Incidente-en-vichy-1.jpg 959w, https:\/\/sergiolapegue.com\/site\/wp-content\/uploads\/2025\/05\/Incidente-en-vichy-1-300x300.jpg 300w, https:\/\/sergiolapegue.com\/site\/wp-content\/uploads\/2025\/05\/Incidente-en-vichy-1-150x150.jpg 150w, https:\/\/sergiolapegue.com\/site\/wp-content\/uploads\/2025\/05\/Incidente-en-vichy-1-768x768.jpg 768w, https:\/\/sergiolapegue.com\/site\/wp-content\/uploads\/2025\/05\/Incidente-en-vichy-1-420x420.jpg 420w, https:\/\/sergiolapegue.com\/site\/wp-content\/uploads\/2025\/05\/Incidente-en-vichy-1-696x696.jpg 696w\" sizes=\"auto, (max-width: 959px) 100vw, 959px\" \/><\/figure>\n\n\n\n<p><strong>SINOPSIS<\/strong><\/p>\n\n\n\n<p>La acci\u00f3n sucede en una comisar\u00eda de Vichy, Francia, a mediados de la Segunda Guerra Mundial, ciudad \u201cliberada\u201d de la ocupaci\u00f3n nazi. Es la ciudad francesa donde se instal\u00f3 el mariscal Philippe P\u00e9tain, presidiendo un gobierno autoritario colaboracionista de la ocupaci\u00f3n nazi en Francia.<br>Nueve hombres y un adolescente fueron detenidos en la calle para verificar sus documentos de identidad, aunque las circunstancias son sospechosas. Ellos no demuestran saber por qu\u00e9 est\u00e1n detenidos, aunque en esa espera comenzar\u00e1n a descubrirse sus personalidades, sus ocupaciones, sus miedos y sospechas.<\/p>\n\n\n\n<p>A medida que son llamados por los oficiales nazis y los polic\u00edas franceses, algunos prisioneros salen de esa oficina y otros no. De a poco, esos prisioneros descubrir\u00e1n que aquello que parec\u00eda ser una simple revisi\u00f3n de documentos, resulta ser la ratificaci\u00f3n de los rumores sobre uno de los mayores cr\u00edmenes raciales cometidos en la historia de la<br>humanidad.<\/p>\n\n\n\n<figure class=\"wp-block-image size-large\"><img loading=\"lazy\" decoding=\"async\" width=\"1024\" height=\"449\" src=\"https:\/\/sergiolapegue.com\/site\/wp-content\/uploads\/2025\/05\/Incidente-en-vichy-2-1024x449.jpg\" alt=\"\" class=\"wp-image-23014\" srcset=\"https:\/\/sergiolapegue.com\/site\/wp-content\/uploads\/2025\/05\/Incidente-en-vichy-2-1024x449.jpg 1024w, https:\/\/sergiolapegue.com\/site\/wp-content\/uploads\/2025\/05\/Incidente-en-vichy-2-300x132.jpg 300w, https:\/\/sergiolapegue.com\/site\/wp-content\/uploads\/2025\/05\/Incidente-en-vichy-2-768x337.jpg 768w, https:\/\/sergiolapegue.com\/site\/wp-content\/uploads\/2025\/05\/Incidente-en-vichy-2-1536x674.jpg 1536w, https:\/\/sergiolapegue.com\/site\/wp-content\/uploads\/2025\/05\/Incidente-en-vichy-2-957x420.jpg 957w, https:\/\/sergiolapegue.com\/site\/wp-content\/uploads\/2025\/05\/Incidente-en-vichy-2-696x305.jpg 696w, https:\/\/sergiolapegue.com\/site\/wp-content\/uploads\/2025\/05\/Incidente-en-vichy-2-1068x469.jpg 1068w, https:\/\/sergiolapegue.com\/site\/wp-content\/uploads\/2025\/05\/Incidente-en-vichy-2.jpg 1753w\" sizes=\"auto, (max-width: 1024px) 100vw, 1024px\" \/><\/figure>\n\n\n\n<p><strong>FICHA T\u00c9CNICO ART\u00cdSTICA<\/strong><\/p>\n\n\n\n<p><strong>Autor\u00eda:<\/strong> Arthur Miller<\/p>\n\n\n\n<p><strong>Traducci\u00f3n:<\/strong> Pablo Gorlero<\/p>\n\n\n\n<p><strong>Act\u00faan:<\/strong> Marcelo La Valle \u2013 Mateo Chiarino \u2013 Patricio Coutoune \u2013 Rub\u00e9n De La Torre \u2013 Jer\u00f3nimo Dodds \u2013 Carlos Far\u00edas \u2013 Enrique Iturralde \u2013 Santiago Lozano \u2013 Mario Petrosini \u2013 Junior Pisanu \u2013 Rodrigo Raffetto \u2013 Marcelo Rodr\u00edguez \u2013 Mariano Sgallini \u2013 Pablo Turchi \u2013 Juan Tzenko.<\/p>\n\n\n\n<p><strong>Escenograf\u00eda:<\/strong> Gabriella Gerdelics<\/p>\n\n\n\n<p><strong>Dise\u00f1o sonoro:<\/strong> Fernando Nazar<\/p>\n\n\n\n<p><strong>Luces:<\/strong> Ricardo Sica<\/p>\n\n\n\n<p><strong>M\u00fasica:<\/strong> Fernando Nazar<\/p>\n\n\n\n<p><strong>Dise\u00f1o:<\/strong> Juan Salvador de Tullio<\/p>\n\n\n\n<p><strong>Asistencia de direcci\u00f3n:<\/strong> Carlos Far\u00edas<\/p>\n\n\n\n<p><strong>Producci\u00f3n ejecutiva:<\/strong> Carolina Liponetzky<\/p>\n\n\n\n<p><strong>Direcci\u00f3n:<\/strong> Pablo Gorlero<\/p>\n\n\n\n<p><strong>Instagram:<\/strong> @incidenteenvichy<\/p>\n\n\n\n<p><strong>Duraci\u00f3n:<\/strong> 80 minutos<\/p>\n\n\n\n<p><strong>Clasificaciones:<\/strong>&nbsp;Teatro \u2013 Presencial \u2013 Adultos<\/p>\n\n\n\n<figure class=\"wp-block-image size-large\"><img loading=\"lazy\" decoding=\"async\" width=\"1024\" height=\"464\" src=\"https:\/\/sergiolapegue.com\/site\/wp-content\/uploads\/2025\/05\/Incidente-en-vichy-3-1024x464.jpg\" alt=\"\" class=\"wp-image-23015\" srcset=\"https:\/\/sergiolapegue.com\/site\/wp-content\/uploads\/2025\/05\/Incidente-en-vichy-3-1024x464.jpg 1024w, https:\/\/sergiolapegue.com\/site\/wp-content\/uploads\/2025\/05\/Incidente-en-vichy-3-300x136.jpg 300w, https:\/\/sergiolapegue.com\/site\/wp-content\/uploads\/2025\/05\/Incidente-en-vichy-3-768x348.jpg 768w, https:\/\/sergiolapegue.com\/site\/wp-content\/uploads\/2025\/05\/Incidente-en-vichy-3-1536x697.jpg 1536w, https:\/\/sergiolapegue.com\/site\/wp-content\/uploads\/2025\/05\/Incidente-en-vichy-3-926x420.jpg 926w, https:\/\/sergiolapegue.com\/site\/wp-content\/uploads\/2025\/05\/Incidente-en-vichy-3-696x316.jpg 696w, https:\/\/sergiolapegue.com\/site\/wp-content\/uploads\/2025\/05\/Incidente-en-vichy-3-1068x484.jpg 1068w, https:\/\/sergiolapegue.com\/site\/wp-content\/uploads\/2025\/05\/Incidente-en-vichy-3.jpg 1828w\" sizes=\"auto, (max-width: 1024px) 100vw, 1024px\" \/><\/figure>\n\n\n\n<p><strong>ESPACIO CALLEJ\u00d3N<\/strong><\/p>\n\n\n\n<p>Humahuaca 3759 \u2013 Capital Federal \u2013 Buenos Aires \u2013 Argentina<\/p>\n\n\n\n<p>Web: <a href=\"https:\/\/www.instagram.com\/espacio_callejon\/\">https:\/\/www.instagram.com\/espacio_callejon\/<\/a><\/p>\n\n\n\n<p>Entradas: $ 15.000 \u2013 en boleter\u00eda del teatro o por Alternativa Teatral<\/p>\n\n\n\n<p>Funciones: Jueves 20:30 horas \u2013 Del 05\/06\/2025 al 31\/07\/2025<\/p>\n\n\n\n<p>Gracias Pablo Gorlero por enviarnos la gacetilla de prensa de este maravilloso espect\u00e1culo.<\/p>\n\n\n\n<p><\/p>\n","protected":false},"excerpt":{"rendered":"<p>Se acaban de cumplir 40 a\u00f1os del estreno de esta pieza, en coincidencia con el 20\u00b0 aniversario de la muerte de Arthur Miller, en febrero de 2025; y el 90\u00b0 aniversario de su nacimiento. \u00bfPor qu\u00e9 hacer \u201cIncidente en Vichy\u201d ahora? Es acertado abordar hoy en d\u00eda, en la Argentina, un texto que habla del [&hellip;]<\/p>\n","protected":false},"author":3,"featured_media":23016,"comment_status":"open","ping_status":"closed","sticky":false,"template":"","format":"standard","meta":{"footnotes":""},"categories":[34,35],"tags":[],"class_list":{"0":"post-23012","1":"post","2":"type-post","3":"status-publish","4":"format-standard","5":"has-post-thumbnail","7":"category-arte","8":"category-teatro"},"yoast_head":"<!-- This site is optimized with the Yoast SEO plugin v27.5 - https:\/\/yoast.com\/product\/yoast-seo-wordpress\/ -->\n<title>INCIDENTE EN VICHY - Sergio Lapegue<\/title>\n<meta name=\"robots\" content=\"index, follow, max-snippet:-1, max-image-preview:large, max-video-preview:-1\" \/>\n<link rel=\"canonical\" href=\"https:\/\/sergiolapegue.com\/site\/2025\/05\/26\/incidente-en-vichy\/\" \/>\n<meta property=\"og:locale\" content=\"es_ES\" \/>\n<meta property=\"og:type\" content=\"article\" \/>\n<meta property=\"og:title\" content=\"INCIDENTE EN VICHY - Sergio Lapegue\" \/>\n<meta property=\"og:description\" content=\"Se acaban de cumplir 40 a\u00f1os del estreno de esta pieza, en coincidencia con el 20\u00b0 aniversario de la muerte de Arthur Miller, en febrero de 2025; y el 90\u00b0 aniversario de su nacimiento. \u00bfPor qu\u00e9 hacer \u201cIncidente en Vichy\u201d ahora? Es acertado abordar hoy en d\u00eda, en la Argentina, un texto que habla del [&hellip;]\" \/>\n<meta property=\"og:url\" content=\"https:\/\/sergiolapegue.com\/site\/2025\/05\/26\/incidente-en-vichy\/\" \/>\n<meta property=\"og:site_name\" content=\"Sergio Lapegue\" \/>\n<meta property=\"article:publisher\" content=\"https:\/\/facebook.com\/sergiolapegue\" \/>\n<meta property=\"article:author\" content=\"https:\/\/facebook.com\/danielernesto.montana\" \/>\n<meta property=\"article:published_time\" content=\"2025-05-26T04:00:00+00:00\" \/>\n<meta property=\"og:image\" content=\"https:\/\/sergiolapegue.com\/site\/wp-content\/uploads\/2025\/05\/Incidente-en-vichy.jpg\" \/>\n\t<meta property=\"og:image:width\" content=\"693\" \/>\n\t<meta property=\"og:image:height\" content=\"608\" \/>\n\t<meta property=\"og:image:type\" content=\"image\/jpeg\" \/>\n<meta name=\"author\" content=\"Daniel E. Monta\u00f1a\" \/>\n<meta name=\"twitter:card\" content=\"summary_large_image\" \/>\n<meta name=\"twitter:creator\" content=\"@https:\/\/twitter.com\/daner_004\" \/>\n<meta name=\"twitter:site\" content=\"@sergiolapegue\" \/>\n<meta name=\"twitter:label1\" content=\"Escrito por\" \/>\n\t<meta name=\"twitter:data1\" content=\"Daniel E. Monta\u00f1a\" \/>\n\t<meta name=\"twitter:label2\" content=\"Tiempo de lectura\" \/>\n\t<meta name=\"twitter:data2\" content=\"3 minutos\" \/>\n<script type=\"application\/ld+json\" class=\"yoast-schema-graph\">{\"@context\":\"https:\\\/\\\/schema.org\",\"@graph\":[{\"@type\":\"Article\",\"@id\":\"https:\\\/\\\/sergiolapegue.com\\\/site\\\/2025\\\/05\\\/26\\\/incidente-en-vichy\\\/#article\",\"isPartOf\":{\"@id\":\"https:\\\/\\\/sergiolapegue.com\\\/site\\\/2025\\\/05\\\/26\\\/incidente-en-vichy\\\/\"},\"author\":{\"name\":\"Daniel E. Monta\u00f1a\",\"@id\":\"https:\\\/\\\/sergiolapegue.com\\\/site\\\/#\\\/schema\\\/person\\\/9198e7dbab43c6d74d0fd5399af7c3cd\"},\"headline\":\"INCIDENTE EN VICHY\",\"datePublished\":\"2025-05-26T04:00:00+00:00\",\"mainEntityOfPage\":{\"@id\":\"https:\\\/\\\/sergiolapegue.com\\\/site\\\/2025\\\/05\\\/26\\\/incidente-en-vichy\\\/\"},\"wordCount\":448,\"commentCount\":0,\"publisher\":{\"@id\":\"https:\\\/\\\/sergiolapegue.com\\\/site\\\/#\\\/schema\\\/person\\\/083aeceeb0734cd166779ea6c0551a37\"},\"image\":{\"@id\":\"https:\\\/\\\/sergiolapegue.com\\\/site\\\/2025\\\/05\\\/26\\\/incidente-en-vichy\\\/#primaryimage\"},\"thumbnailUrl\":\"https:\\\/\\\/sergiolapegue.com\\\/site\\\/wp-content\\\/uploads\\\/2025\\\/05\\\/Incidente-en-vichy.jpg\",\"articleSection\":[\"Arte\",\"Teatro\"],\"inLanguage\":\"es-AR\",\"potentialAction\":[{\"@type\":\"CommentAction\",\"name\":\"Comment\",\"target\":[\"https:\\\/\\\/sergiolapegue.com\\\/site\\\/2025\\\/05\\\/26\\\/incidente-en-vichy\\\/#respond\"]}]},{\"@type\":\"WebPage\",\"@id\":\"https:\\\/\\\/sergiolapegue.com\\\/site\\\/2025\\\/05\\\/26\\\/incidente-en-vichy\\\/\",\"url\":\"https:\\\/\\\/sergiolapegue.com\\\/site\\\/2025\\\/05\\\/26\\\/incidente-en-vichy\\\/\",\"name\":\"INCIDENTE EN VICHY - Sergio Lapegue\",\"isPartOf\":{\"@id\":\"https:\\\/\\\/sergiolapegue.com\\\/site\\\/#website\"},\"primaryImageOfPage\":{\"@id\":\"https:\\\/\\\/sergiolapegue.com\\\/site\\\/2025\\\/05\\\/26\\\/incidente-en-vichy\\\/#primaryimage\"},\"image\":{\"@id\":\"https:\\\/\\\/sergiolapegue.com\\\/site\\\/2025\\\/05\\\/26\\\/incidente-en-vichy\\\/#primaryimage\"},\"thumbnailUrl\":\"https:\\\/\\\/sergiolapegue.com\\\/site\\\/wp-content\\\/uploads\\\/2025\\\/05\\\/Incidente-en-vichy.jpg\",\"datePublished\":\"2025-05-26T04:00:00+00:00\",\"breadcrumb\":{\"@id\":\"https:\\\/\\\/sergiolapegue.com\\\/site\\\/2025\\\/05\\\/26\\\/incidente-en-vichy\\\/#breadcrumb\"},\"inLanguage\":\"es-AR\",\"potentialAction\":[{\"@type\":\"ReadAction\",\"target\":[\"https:\\\/\\\/sergiolapegue.com\\\/site\\\/2025\\\/05\\\/26\\\/incidente-en-vichy\\\/\"]}]},{\"@type\":\"ImageObject\",\"inLanguage\":\"es-AR\",\"@id\":\"https:\\\/\\\/sergiolapegue.com\\\/site\\\/2025\\\/05\\\/26\\\/incidente-en-vichy\\\/#primaryimage\",\"url\":\"https:\\\/\\\/sergiolapegue.com\\\/site\\\/wp-content\\\/uploads\\\/2025\\\/05\\\/Incidente-en-vichy.jpg\",\"contentUrl\":\"https:\\\/\\\/sergiolapegue.com\\\/site\\\/wp-content\\\/uploads\\\/2025\\\/05\\\/Incidente-en-vichy.jpg\",\"width\":693,\"height\":608},{\"@type\":\"BreadcrumbList\",\"@id\":\"https:\\\/\\\/sergiolapegue.com\\\/site\\\/2025\\\/05\\\/26\\\/incidente-en-vichy\\\/#breadcrumb\",\"itemListElement\":[{\"@type\":\"ListItem\",\"position\":1,\"name\":\"Inicio\",\"item\":\"https:\\\/\\\/sergiolapegue.com\\\/site\\\/\"},{\"@type\":\"ListItem\",\"position\":2,\"name\":\"INCIDENTE EN VICHY\"}]},{\"@type\":\"WebSite\",\"@id\":\"https:\\\/\\\/sergiolapegue.com\\\/site\\\/#website\",\"url\":\"https:\\\/\\\/sergiolapegue.com\\\/site\\\/\",\"name\":\"Sergio Lapegue\",\"description\":\"Periodista\",\"publisher\":{\"@id\":\"https:\\\/\\\/sergiolapegue.com\\\/site\\\/#\\\/schema\\\/person\\\/083aeceeb0734cd166779ea6c0551a37\"},\"potentialAction\":[{\"@type\":\"SearchAction\",\"target\":{\"@type\":\"EntryPoint\",\"urlTemplate\":\"https:\\\/\\\/sergiolapegue.com\\\/site\\\/?s={search_term_string}\"},\"query-input\":{\"@type\":\"PropertyValueSpecification\",\"valueRequired\":true,\"valueName\":\"search_term_string\"}}],\"inLanguage\":\"es-AR\"},{\"@type\":[\"Person\",\"Organization\"],\"@id\":\"https:\\\/\\\/sergiolapegue.com\\\/site\\\/#\\\/schema\\\/person\\\/083aeceeb0734cd166779ea6c0551a37\",\"name\":\"Sergio Lapegue\",\"image\":{\"@type\":\"ImageObject\",\"inLanguage\":\"es-AR\",\"@id\":\"https:\\\/\\\/sergiolapegue.com\\\/site\\\/wp-content\\\/uploads\\\/2021\\\/04\\\/logo_header-1.png\",\"url\":\"https:\\\/\\\/sergiolapegue.com\\\/site\\\/wp-content\\\/uploads\\\/2021\\\/04\\\/logo_header-1.png\",\"contentUrl\":\"https:\\\/\\\/sergiolapegue.com\\\/site\\\/wp-content\\\/uploads\\\/2021\\\/04\\\/logo_header-1.png\",\"width\":272,\"height\":90,\"caption\":\"Sergio Lapegue\"},\"logo\":{\"@id\":\"https:\\\/\\\/sergiolapegue.com\\\/site\\\/wp-content\\\/uploads\\\/2021\\\/04\\\/logo_header-1.png\"},\"sameAs\":[\"https:\\\/\\\/facebook.com\\\/sergiolapegue\",\"https:\\\/\\\/instagram.com\\\/sergiolapegue\",\"https:\\\/\\\/x.com\\\/https:\\\/\\\/twitter.com\\\/sergiolapegue\"]},{\"@type\":\"Person\",\"@id\":\"https:\\\/\\\/sergiolapegue.com\\\/site\\\/#\\\/schema\\\/person\\\/9198e7dbab43c6d74d0fd5399af7c3cd\",\"name\":\"Daniel E. Monta\u00f1a\",\"image\":{\"@type\":\"ImageObject\",\"inLanguage\":\"es-AR\",\"@id\":\"https:\\\/\\\/sergiolapegue.com\\\/site\\\/wp-content\\\/uploads\\\/2021\\\/04\\\/sl_avatar_Daniel-150x150.jpg\",\"url\":\"https:\\\/\\\/sergiolapegue.com\\\/site\\\/wp-content\\\/uploads\\\/2021\\\/04\\\/sl_avatar_Daniel-150x150.jpg\",\"contentUrl\":\"https:\\\/\\\/sergiolapegue.com\\\/site\\\/wp-content\\\/uploads\\\/2021\\\/04\\\/sl_avatar_Daniel-150x150.jpg\",\"caption\":\"Daniel E. Monta\u00f1a\"},\"sameAs\":[\"https:\\\/\\\/facebook.com\\\/danielernesto.montana\",\"https:\\\/\\\/instagram.com\\\/daniel_montana1961\",\"https:\\\/\\\/x.com\\\/https:\\\/\\\/twitter.com\\\/daner_004\"],\"url\":\"https:\\\/\\\/sergiolapegue.com\\\/site\\\/author\\\/daniel\\\/\"}]}<\/script>\n<!-- \/ Yoast SEO plugin. -->","yoast_head_json":{"title":"INCIDENTE EN VICHY - Sergio Lapegue","robots":{"index":"index","follow":"follow","max-snippet":"max-snippet:-1","max-image-preview":"max-image-preview:large","max-video-preview":"max-video-preview:-1"},"canonical":"https:\/\/sergiolapegue.com\/site\/2025\/05\/26\/incidente-en-vichy\/","og_locale":"es_ES","og_type":"article","og_title":"INCIDENTE EN VICHY - Sergio Lapegue","og_description":"Se acaban de cumplir 40 a\u00f1os del estreno de esta pieza, en coincidencia con el 20\u00b0 aniversario de la muerte de Arthur Miller, en febrero de 2025; y el 90\u00b0 aniversario de su nacimiento. \u00bfPor qu\u00e9 hacer \u201cIncidente en Vichy\u201d ahora? Es acertado abordar hoy en d\u00eda, en la Argentina, un texto que habla del [&hellip;]","og_url":"https:\/\/sergiolapegue.com\/site\/2025\/05\/26\/incidente-en-vichy\/","og_site_name":"Sergio Lapegue","article_publisher":"https:\/\/facebook.com\/sergiolapegue","article_author":"https:\/\/facebook.com\/danielernesto.montana","article_published_time":"2025-05-26T04:00:00+00:00","og_image":[{"width":693,"height":608,"url":"https:\/\/sergiolapegue.com\/site\/wp-content\/uploads\/2025\/05\/Incidente-en-vichy.jpg","type":"image\/jpeg"}],"author":"Daniel E. Monta\u00f1a","twitter_card":"summary_large_image","twitter_creator":"@https:\/\/twitter.com\/daner_004","twitter_site":"@sergiolapegue","twitter_misc":{"Escrito por":"Daniel E. Monta\u00f1a","Tiempo de lectura":"3 minutos"},"schema":{"@context":"https:\/\/schema.org","@graph":[{"@type":"Article","@id":"https:\/\/sergiolapegue.com\/site\/2025\/05\/26\/incidente-en-vichy\/#article","isPartOf":{"@id":"https:\/\/sergiolapegue.com\/site\/2025\/05\/26\/incidente-en-vichy\/"},"author":{"name":"Daniel E. Monta\u00f1a","@id":"https:\/\/sergiolapegue.com\/site\/#\/schema\/person\/9198e7dbab43c6d74d0fd5399af7c3cd"},"headline":"INCIDENTE EN VICHY","datePublished":"2025-05-26T04:00:00+00:00","mainEntityOfPage":{"@id":"https:\/\/sergiolapegue.com\/site\/2025\/05\/26\/incidente-en-vichy\/"},"wordCount":448,"commentCount":0,"publisher":{"@id":"https:\/\/sergiolapegue.com\/site\/#\/schema\/person\/083aeceeb0734cd166779ea6c0551a37"},"image":{"@id":"https:\/\/sergiolapegue.com\/site\/2025\/05\/26\/incidente-en-vichy\/#primaryimage"},"thumbnailUrl":"https:\/\/sergiolapegue.com\/site\/wp-content\/uploads\/2025\/05\/Incidente-en-vichy.jpg","articleSection":["Arte","Teatro"],"inLanguage":"es-AR","potentialAction":[{"@type":"CommentAction","name":"Comment","target":["https:\/\/sergiolapegue.com\/site\/2025\/05\/26\/incidente-en-vichy\/#respond"]}]},{"@type":"WebPage","@id":"https:\/\/sergiolapegue.com\/site\/2025\/05\/26\/incidente-en-vichy\/","url":"https:\/\/sergiolapegue.com\/site\/2025\/05\/26\/incidente-en-vichy\/","name":"INCIDENTE EN VICHY - Sergio Lapegue","isPartOf":{"@id":"https:\/\/sergiolapegue.com\/site\/#website"},"primaryImageOfPage":{"@id":"https:\/\/sergiolapegue.com\/site\/2025\/05\/26\/incidente-en-vichy\/#primaryimage"},"image":{"@id":"https:\/\/sergiolapegue.com\/site\/2025\/05\/26\/incidente-en-vichy\/#primaryimage"},"thumbnailUrl":"https:\/\/sergiolapegue.com\/site\/wp-content\/uploads\/2025\/05\/Incidente-en-vichy.jpg","datePublished":"2025-05-26T04:00:00+00:00","breadcrumb":{"@id":"https:\/\/sergiolapegue.com\/site\/2025\/05\/26\/incidente-en-vichy\/#breadcrumb"},"inLanguage":"es-AR","potentialAction":[{"@type":"ReadAction","target":["https:\/\/sergiolapegue.com\/site\/2025\/05\/26\/incidente-en-vichy\/"]}]},{"@type":"ImageObject","inLanguage":"es-AR","@id":"https:\/\/sergiolapegue.com\/site\/2025\/05\/26\/incidente-en-vichy\/#primaryimage","url":"https:\/\/sergiolapegue.com\/site\/wp-content\/uploads\/2025\/05\/Incidente-en-vichy.jpg","contentUrl":"https:\/\/sergiolapegue.com\/site\/wp-content\/uploads\/2025\/05\/Incidente-en-vichy.jpg","width":693,"height":608},{"@type":"BreadcrumbList","@id":"https:\/\/sergiolapegue.com\/site\/2025\/05\/26\/incidente-en-vichy\/#breadcrumb","itemListElement":[{"@type":"ListItem","position":1,"name":"Inicio","item":"https:\/\/sergiolapegue.com\/site\/"},{"@type":"ListItem","position":2,"name":"INCIDENTE EN VICHY"}]},{"@type":"WebSite","@id":"https:\/\/sergiolapegue.com\/site\/#website","url":"https:\/\/sergiolapegue.com\/site\/","name":"Sergio Lapegue","description":"Periodista","publisher":{"@id":"https:\/\/sergiolapegue.com\/site\/#\/schema\/person\/083aeceeb0734cd166779ea6c0551a37"},"potentialAction":[{"@type":"SearchAction","target":{"@type":"EntryPoint","urlTemplate":"https:\/\/sergiolapegue.com\/site\/?s={search_term_string}"},"query-input":{"@type":"PropertyValueSpecification","valueRequired":true,"valueName":"search_term_string"}}],"inLanguage":"es-AR"},{"@type":["Person","Organization"],"@id":"https:\/\/sergiolapegue.com\/site\/#\/schema\/person\/083aeceeb0734cd166779ea6c0551a37","name":"Sergio Lapegue","image":{"@type":"ImageObject","inLanguage":"es-AR","@id":"https:\/\/sergiolapegue.com\/site\/wp-content\/uploads\/2021\/04\/logo_header-1.png","url":"https:\/\/sergiolapegue.com\/site\/wp-content\/uploads\/2021\/04\/logo_header-1.png","contentUrl":"https:\/\/sergiolapegue.com\/site\/wp-content\/uploads\/2021\/04\/logo_header-1.png","width":272,"height":90,"caption":"Sergio Lapegue"},"logo":{"@id":"https:\/\/sergiolapegue.com\/site\/wp-content\/uploads\/2021\/04\/logo_header-1.png"},"sameAs":["https:\/\/facebook.com\/sergiolapegue","https:\/\/instagram.com\/sergiolapegue","https:\/\/x.com\/https:\/\/twitter.com\/sergiolapegue"]},{"@type":"Person","@id":"https:\/\/sergiolapegue.com\/site\/#\/schema\/person\/9198e7dbab43c6d74d0fd5399af7c3cd","name":"Daniel E. Monta\u00f1a","image":{"@type":"ImageObject","inLanguage":"es-AR","@id":"https:\/\/sergiolapegue.com\/site\/wp-content\/uploads\/2021\/04\/sl_avatar_Daniel-150x150.jpg","url":"https:\/\/sergiolapegue.com\/site\/wp-content\/uploads\/2021\/04\/sl_avatar_Daniel-150x150.jpg","contentUrl":"https:\/\/sergiolapegue.com\/site\/wp-content\/uploads\/2021\/04\/sl_avatar_Daniel-150x150.jpg","caption":"Daniel E. Monta\u00f1a"},"sameAs":["https:\/\/facebook.com\/danielernesto.montana","https:\/\/instagram.com\/daniel_montana1961","https:\/\/x.com\/https:\/\/twitter.com\/daner_004"],"url":"https:\/\/sergiolapegue.com\/site\/author\/daniel\/"}]}},"_links":{"self":[{"href":"https:\/\/sergiolapegue.com\/site\/wp-json\/wp\/v2\/posts\/23012","targetHints":{"allow":["GET"]}}],"collection":[{"href":"https:\/\/sergiolapegue.com\/site\/wp-json\/wp\/v2\/posts"}],"about":[{"href":"https:\/\/sergiolapegue.com\/site\/wp-json\/wp\/v2\/types\/post"}],"author":[{"embeddable":true,"href":"https:\/\/sergiolapegue.com\/site\/wp-json\/wp\/v2\/users\/3"}],"replies":[{"embeddable":true,"href":"https:\/\/sergiolapegue.com\/site\/wp-json\/wp\/v2\/comments?post=23012"}],"version-history":[{"count":1,"href":"https:\/\/sergiolapegue.com\/site\/wp-json\/wp\/v2\/posts\/23012\/revisions"}],"predecessor-version":[{"id":23017,"href":"https:\/\/sergiolapegue.com\/site\/wp-json\/wp\/v2\/posts\/23012\/revisions\/23017"}],"wp:featuredmedia":[{"embeddable":true,"href":"https:\/\/sergiolapegue.com\/site\/wp-json\/wp\/v2\/media\/23016"}],"wp:attachment":[{"href":"https:\/\/sergiolapegue.com\/site\/wp-json\/wp\/v2\/media?parent=23012"}],"wp:term":[{"taxonomy":"category","embeddable":true,"href":"https:\/\/sergiolapegue.com\/site\/wp-json\/wp\/v2\/categories?post=23012"},{"taxonomy":"post_tag","embeddable":true,"href":"https:\/\/sergiolapegue.com\/site\/wp-json\/wp\/v2\/tags?post=23012"}],"curies":[{"name":"wp","href":"https:\/\/api.w.org\/{rel}","templated":true}]}}