{"id":22991,"date":"2025-05-31T18:31:58","date_gmt":"2025-05-31T21:31:58","guid":{"rendered":"https:\/\/sergiolapegue.com\/site\/?p=22991"},"modified":"2025-05-23T18:36:47","modified_gmt":"2025-05-23T21:36:47","slug":"lucia-fainboim-lanza-cuidar-las-infancias-en-la-era-digital-por-editorial-noveduc","status":"publish","type":"post","link":"https:\/\/sergiolapegue.com\/site\/2025\/05\/31\/lucia-fainboim-lanza-cuidar-las-infancias-en-la-era-digital-por-editorial-noveduc\/","title":{"rendered":"Luc\u00eda Fainboim\u00a0lanza \u201cCuidar las infancias en la era digital\u201d\u00a0por\u00a0Editorial Noveduc"},"content":{"rendered":"\n<p><em>Uso de pantallas, pornograf\u00eda, apuestas, acosos y prevenci\u00f3n desde la familia y escuela, son algunos de los t\u00f3picos que recorre el nuevo libro de la especialista en crianza digital y Directora de la consultora Bienestar Digital,&nbsp;<\/em><strong><em>Luc\u00eda Fainboim.<\/em><\/strong><\/p>\n\n\n\n<p>Editado por Noveduc,<strong>&nbsp;\u201cCuidar las infancias en la era digital\u201d<\/strong>&nbsp;se propone revalorizar el rol adulto en tanto figura de cuidado tambi\u00e9n en los territorios digitales. Para cumplir ese objetivo, el libro brinda informaci\u00f3n acerca de algunos de los principales dilemas, tensiones, conflictos y oportunidades que pueden aparecer en el entorno digital, para que familias, docentes, profesionales y cuidadores puedan conocerlos, profundizar en ellos y tomar nota.&nbsp;<\/p>\n\n\n\n<p>\u201c<em>Las actuales personas adultas nacieron y se criaron en un mundo anal\u00f3gico o poseen recuerdos recientes del mismo, y debieron empezar a conocer, entender y transitar territorios digitales que, en muy poco tiempo, comenzaron a cambiarlo todo.<\/em><\/p>\n\n\n\n<p><em>El crecimiento del entorno digital es exponencial, lo que le suma v\u00e9rtigo al desaf\u00edo: nos cuesta asimilar determinados cambios y, aun sin llegar a comprenderlos, es necesario pasar al siguiente casillero. A menudo avanzamos sin haber entendido cabalmente el paso anterior y acumulamos temores, dudas, desconocimientos y prejuicio<\/em>s\u201d, se\u00f1ala la autora.<\/p>\n\n\n\n<p>Entonces, \u00bfQui\u00e9n cuida a los chicos y las chicas en estos entornos? \u00bfDe qui\u00e9n aprenden? \u00bfQui\u00e9n observa sus necesidades?<\/p>\n\n\n\n<p>A lo largo de diez cap\u00edtulos se abordan temas como la vinculaci\u00f3n con pantallas y plataformas, la crianza digital, los juegos en l\u00ednea y la infancia en busca del juego perdido, pornograf\u00eda algor\u00edtmica o porno scroll, de qu\u00e9 hablamos cuando hablamos de apuestas online, \u00bfc\u00f3mo se vinculan con otras personas en Internet?, nuevas necesidades en la convivencia, abuso sexual infantil en Internet, apuntes para familias y para la escuela, entre otros.<\/p>\n\n\n\n<p><em>\u201cLa invitaci\u00f3n est\u00e1 hecha. Internet expresa un clima de \u00e9poca y tenemos la oportunidad de que la soledad de los chicos y las chicas no sea una marca distintiva<\/em>.\u201d<\/p>\n\n\n\n<p>La idea es que, al final del d\u00eda, la tecnolog\u00eda no se perciba como una amenaza, sino como una gran oportunidad para conectar, aprender y crecer en sociedad.&nbsp;<\/p>\n\n\n\n<p>No solo se trata de proteger de peligros, sino tambi\u00e9n de fomentar un ambiente en el que cada interacci\u00f3n sume y cada experiencia sea una oportunidad para mejorar los v\u00ednculos presenciales y reales.<\/p>\n\n\n\n<figure class=\"wp-block-image size-large\"><img loading=\"lazy\" decoding=\"async\" width=\"683\" height=\"1024\" src=\"https:\/\/sergiolapegue.com\/site\/wp-content\/uploads\/2025\/05\/Fainboim-Lucia-683x1024.jpg\" alt=\"\" class=\"wp-image-22992\" srcset=\"https:\/\/sergiolapegue.com\/site\/wp-content\/uploads\/2025\/05\/Fainboim-Lucia-683x1024.jpg 683w, https:\/\/sergiolapegue.com\/site\/wp-content\/uploads\/2025\/05\/Fainboim-Lucia-200x300.jpg 200w, https:\/\/sergiolapegue.com\/site\/wp-content\/uploads\/2025\/05\/Fainboim-Lucia-768x1151.jpg 768w, https:\/\/sergiolapegue.com\/site\/wp-content\/uploads\/2025\/05\/Fainboim-Lucia-1025x1536.jpg 1025w, https:\/\/sergiolapegue.com\/site\/wp-content\/uploads\/2025\/05\/Fainboim-Lucia-1366x2048.jpg 1366w, https:\/\/sergiolapegue.com\/site\/wp-content\/uploads\/2025\/05\/Fainboim-Lucia-280x420.jpg 280w, https:\/\/sergiolapegue.com\/site\/wp-content\/uploads\/2025\/05\/Fainboim-Lucia-696x1043.jpg 696w, https:\/\/sergiolapegue.com\/site\/wp-content\/uploads\/2025\/05\/Fainboim-Lucia-1068x1601.jpg 1068w, https:\/\/sergiolapegue.com\/site\/wp-content\/uploads\/2025\/05\/Fainboim-Lucia-1920x2879.jpg 1920w, https:\/\/sergiolapegue.com\/site\/wp-content\/uploads\/2025\/05\/Fainboim-Lucia-scaled.jpg 1708w\" sizes=\"auto, (max-width: 683px) 100vw, 683px\" \/><figcaption class=\"wp-element-caption\"><strong>Luc\u00eda Fainboim<\/strong><\/figcaption><\/figure>\n\n\n\n<p><strong>M\u00e1s informaci\u00f3n en:<\/strong><\/p>\n\n\n\n<p><strong>Acerca de la autora<\/strong><\/p>\n\n\n\n<p><strong>Luc\u00eda Fainboim<\/strong><\/p>\n\n\n\n<p>Licenciada en Ciencias de la Comunicaci\u00f3n (UBA). Diplomada en Educaci\u00f3n, Im\u00e1genes y Medios en la Cultura Popular (Flacso). Maestranda en Educaci\u00f3n (UNQ). Directora de la consultora Bienestar Digital. Coordina e l\u00e1rea de convivencia y ciudadan\u00eda digital en la Red La Salle Argentina-Paraguay. Dirige la diplomatura &#8220;Tecnolog\u00eda y salud: desaf\u00edos y emergentes&#8221; junto a Federico Pavlovsky (UCA). Hace m\u00e1s de quince a\u00f1os que estudia, investiga y lidera proyectos vinculados a la ciudadan\u00eda y crianza digital. Es autora de numerosas gu\u00edas, publicaciones y documentos did\u00e1cticos acerca del cuidado de ni\u00f1os, ni\u00f1as y adolescentes en Internet.<\/p>\n\n\n\n<p>Es autora del cap\u00edtulo &#8220;Crianza digital y apuestas online&#8221; en el libro &#8220;Apuestas online. La tormenta perfecta&#8221;, coordinado por Federico Pavlovsky (Noveduc, 2024). Colabora con Unicef y OEA.<\/p>\n\n\n\n<p><strong>Acerca del libro \/Ficha t\u00e9cnica<\/strong><\/p>\n\n\n\n<p>T\u00edtulo:&nbsp;<strong>Cuidar las infancias en la era digital<\/strong><\/p>\n\n\n\n<p>Subt\u00edtulo:&nbsp;<strong>Uso de pantallas. Pornograf\u00eda. Apuestas. Acosos. Prevenci\u00f3n desde la familia y la escuela<\/strong><\/p>\n\n\n\n<p>Autora:&nbsp;<strong>Luc\u00eda Fainboim<\/strong><\/p>\n\n\n\n<p>Pr\u00f3logo:&nbsp;<strong>Melina Masnatta<\/strong><\/p>\n\n\n\n<p>Editorial:&nbsp;<strong>Noveduc<\/strong><\/p>\n\n\n\n<p>ISBN:&nbsp;<strong>978-631-6603-59-3<\/strong><\/p>\n\n\n\n<p>P\u00e1ginas:&nbsp;<strong>172<\/strong><\/p>\n\n\n\n<p>Edici\u00f3n:&nbsp;<strong>Marzo 2025, 1ra. edici\u00f3n<\/strong><\/p>\n\n\n\n<p><strong>Formatos: Edici\u00f3n impresa&nbsp;<\/strong>disponible en librer\u00edas y en&nbsp;<a href=\"http:\/\/www.noveduc.com\/\" target=\"_blank\" rel=\"noreferrer noopener\">www.noveduc.com<\/a><strong>&nbsp;<\/strong>|<strong>&nbsp;Ebook&nbsp;<\/strong>disponible en todas las tiendas digitales<\/p>\n","protected":false},"excerpt":{"rendered":"<p>Uso de pantallas, pornograf\u00eda, apuestas, acosos y prevenci\u00f3n desde la familia y escuela, son algunos de los t\u00f3picos que recorre el nuevo libro de la especialista en crianza digital y Directora de la consultora Bienestar Digital,&nbsp;Luc\u00eda Fainboim. Editado por Noveduc,&nbsp;\u201cCuidar las infancias en la era digital\u201d&nbsp;se propone revalorizar el rol adulto en tanto figura de [&hellip;]<\/p>\n","protected":false},"author":4,"featured_media":22993,"comment_status":"closed","ping_status":"closed","sticky":false,"template":"","format":"standard","meta":{"footnotes":""},"categories":[37],"tags":[1182,621,428,1085,179],"class_list":{"0":"post-22991","1":"post","2":"type-post","3":"status-publish","4":"format-standard","5":"has-post-thumbnail","7":"category-libros","8":"tag-cuidar","9":"tag-digital","10":"tag-infancia","11":"tag-libro","12":"tag-tecnologia"},"yoast_head":"<!-- This site is optimized with the Yoast SEO plugin v27.4 - https:\/\/yoast.com\/product\/yoast-seo-wordpress\/ -->\n<title>Luc\u00eda Fainboim\u00a0lanza \u201cCuidar las infancias en la era digital\u201d\u00a0por\u00a0Editorial Noveduc - Sergio Lapegue<\/title>\n<meta name=\"robots\" content=\"index, follow, max-snippet:-1, max-image-preview:large, max-video-preview:-1\" \/>\n<link rel=\"canonical\" href=\"https:\/\/sergiolapegue.com\/site\/2025\/05\/31\/lucia-fainboim-lanza-cuidar-las-infancias-en-la-era-digital-por-editorial-noveduc\/\" \/>\n<meta property=\"og:locale\" content=\"es_ES\" \/>\n<meta property=\"og:type\" content=\"article\" \/>\n<meta property=\"og:title\" content=\"Luc\u00eda Fainboim\u00a0lanza \u201cCuidar las infancias en la era digital\u201d\u00a0por\u00a0Editorial Noveduc - Sergio Lapegue\" \/>\n<meta property=\"og:description\" content=\"Uso de pantallas, pornograf\u00eda, apuestas, acosos y prevenci\u00f3n desde la familia y escuela, son algunos de los t\u00f3picos que recorre el nuevo libro de la especialista en crianza digital y Directora de la consultora Bienestar Digital,&nbsp;Luc\u00eda Fainboim. Editado por Noveduc,&nbsp;\u201cCuidar las infancias en la era digital\u201d&nbsp;se propone revalorizar el rol adulto en tanto figura de [&hellip;]\" \/>\n<meta property=\"og:url\" content=\"https:\/\/sergiolapegue.com\/site\/2025\/05\/31\/lucia-fainboim-lanza-cuidar-las-infancias-en-la-era-digital-por-editorial-noveduc\/\" \/>\n<meta property=\"og:site_name\" content=\"Sergio Lapegue\" \/>\n<meta property=\"article:publisher\" content=\"https:\/\/facebook.com\/sergiolapegue\" \/>\n<meta property=\"article:published_time\" content=\"2025-05-31T21:31:58+00:00\" \/>\n<meta property=\"og:image\" content=\"https:\/\/sergiolapegue.com\/site\/wp-content\/uploads\/2025\/05\/Cuidar-las-infancias-en-la-era-digital-Tapa-scaled.jpg\" \/>\n\t<meta property=\"og:image:width\" content=\"1765\" \/>\n\t<meta property=\"og:image:height\" content=\"2560\" \/>\n\t<meta property=\"og:image:type\" content=\"image\/jpeg\" \/>\n<meta name=\"author\" content=\"Leonardo Monta\u00f1a\" \/>\n<meta name=\"twitter:card\" content=\"summary_large_image\" \/>\n<meta name=\"twitter:creator\" content=\"@https:\/\/twitter.com\/soytoto81\" \/>\n<meta name=\"twitter:site\" content=\"@sergiolapegue\" \/>\n<meta name=\"twitter:label1\" content=\"Escrito por\" \/>\n\t<meta name=\"twitter:data1\" content=\"Leonardo Monta\u00f1a\" \/>\n\t<meta name=\"twitter:label2\" content=\"Tiempo de lectura\" \/>\n\t<meta name=\"twitter:data2\" content=\"4 minutos\" \/>\n<script type=\"application\/ld+json\" class=\"yoast-schema-graph\">{\"@context\":\"https:\\\/\\\/schema.org\",\"@graph\":[{\"@type\":\"Article\",\"@id\":\"https:\\\/\\\/sergiolapegue.com\\\/site\\\/2025\\\/05\\\/31\\\/lucia-fainboim-lanza-cuidar-las-infancias-en-la-era-digital-por-editorial-noveduc\\\/#article\",\"isPartOf\":{\"@id\":\"https:\\\/\\\/sergiolapegue.com\\\/site\\\/2025\\\/05\\\/31\\\/lucia-fainboim-lanza-cuidar-las-infancias-en-la-era-digital-por-editorial-noveduc\\\/\"},\"author\":{\"name\":\"Leonardo Monta\u00f1a\",\"@id\":\"https:\\\/\\\/sergiolapegue.com\\\/site\\\/#\\\/schema\\\/person\\\/00adf937d010c7f79a180dc4916a40e0\"},\"headline\":\"Luc\u00eda Fainboim\u00a0lanza \u201cCuidar las infancias en la era digital\u201d\u00a0por\u00a0Editorial Noveduc\",\"datePublished\":\"2025-05-31T21:31:58+00:00\",\"mainEntityOfPage\":{\"@id\":\"https:\\\/\\\/sergiolapegue.com\\\/site\\\/2025\\\/05\\\/31\\\/lucia-fainboim-lanza-cuidar-las-infancias-en-la-era-digital-por-editorial-noveduc\\\/\"},\"wordCount\":656,\"publisher\":{\"@id\":\"https:\\\/\\\/sergiolapegue.com\\\/site\\\/#\\\/schema\\\/person\\\/083aeceeb0734cd166779ea6c0551a37\"},\"image\":{\"@id\":\"https:\\\/\\\/sergiolapegue.com\\\/site\\\/2025\\\/05\\\/31\\\/lucia-fainboim-lanza-cuidar-las-infancias-en-la-era-digital-por-editorial-noveduc\\\/#primaryimage\"},\"thumbnailUrl\":\"https:\\\/\\\/sergiolapegue.com\\\/site\\\/wp-content\\\/uploads\\\/2025\\\/05\\\/Cuidar-las-infancias-en-la-era-digital-Tapa-scaled.jpg\",\"keywords\":[\"cuidar\",\"digital\",\"infancia\",\"libro\",\"tecnologia\"],\"articleSection\":[\"Libros\"],\"inLanguage\":\"es-AR\"},{\"@type\":\"WebPage\",\"@id\":\"https:\\\/\\\/sergiolapegue.com\\\/site\\\/2025\\\/05\\\/31\\\/lucia-fainboim-lanza-cuidar-las-infancias-en-la-era-digital-por-editorial-noveduc\\\/\",\"url\":\"https:\\\/\\\/sergiolapegue.com\\\/site\\\/2025\\\/05\\\/31\\\/lucia-fainboim-lanza-cuidar-las-infancias-en-la-era-digital-por-editorial-noveduc\\\/\",\"name\":\"Luc\u00eda Fainboim\u00a0lanza \u201cCuidar las infancias en la era digital\u201d\u00a0por\u00a0Editorial Noveduc - Sergio Lapegue\",\"isPartOf\":{\"@id\":\"https:\\\/\\\/sergiolapegue.com\\\/site\\\/#website\"},\"primaryImageOfPage\":{\"@id\":\"https:\\\/\\\/sergiolapegue.com\\\/site\\\/2025\\\/05\\\/31\\\/lucia-fainboim-lanza-cuidar-las-infancias-en-la-era-digital-por-editorial-noveduc\\\/#primaryimage\"},\"image\":{\"@id\":\"https:\\\/\\\/sergiolapegue.com\\\/site\\\/2025\\\/05\\\/31\\\/lucia-fainboim-lanza-cuidar-las-infancias-en-la-era-digital-por-editorial-noveduc\\\/#primaryimage\"},\"thumbnailUrl\":\"https:\\\/\\\/sergiolapegue.com\\\/site\\\/wp-content\\\/uploads\\\/2025\\\/05\\\/Cuidar-las-infancias-en-la-era-digital-Tapa-scaled.jpg\",\"datePublished\":\"2025-05-31T21:31:58+00:00\",\"breadcrumb\":{\"@id\":\"https:\\\/\\\/sergiolapegue.com\\\/site\\\/2025\\\/05\\\/31\\\/lucia-fainboim-lanza-cuidar-las-infancias-en-la-era-digital-por-editorial-noveduc\\\/#breadcrumb\"},\"inLanguage\":\"es-AR\",\"potentialAction\":[{\"@type\":\"ReadAction\",\"target\":[\"https:\\\/\\\/sergiolapegue.com\\\/site\\\/2025\\\/05\\\/31\\\/lucia-fainboim-lanza-cuidar-las-infancias-en-la-era-digital-por-editorial-noveduc\\\/\"]}]},{\"@type\":\"ImageObject\",\"inLanguage\":\"es-AR\",\"@id\":\"https:\\\/\\\/sergiolapegue.com\\\/site\\\/2025\\\/05\\\/31\\\/lucia-fainboim-lanza-cuidar-las-infancias-en-la-era-digital-por-editorial-noveduc\\\/#primaryimage\",\"url\":\"https:\\\/\\\/sergiolapegue.com\\\/site\\\/wp-content\\\/uploads\\\/2025\\\/05\\\/Cuidar-las-infancias-en-la-era-digital-Tapa-scaled.jpg\",\"contentUrl\":\"https:\\\/\\\/sergiolapegue.com\\\/site\\\/wp-content\\\/uploads\\\/2025\\\/05\\\/Cuidar-las-infancias-en-la-era-digital-Tapa-scaled.jpg\",\"width\":1765,\"height\":2560},{\"@type\":\"BreadcrumbList\",\"@id\":\"https:\\\/\\\/sergiolapegue.com\\\/site\\\/2025\\\/05\\\/31\\\/lucia-fainboim-lanza-cuidar-las-infancias-en-la-era-digital-por-editorial-noveduc\\\/#breadcrumb\",\"itemListElement\":[{\"@type\":\"ListItem\",\"position\":1,\"name\":\"Inicio\",\"item\":\"https:\\\/\\\/sergiolapegue.com\\\/site\\\/\"},{\"@type\":\"ListItem\",\"position\":2,\"name\":\"Luc\u00eda Fainboim\u00a0lanza \u201cCuidar las infancias en la era digital\u201d\u00a0por\u00a0Editorial Noveduc\"}]},{\"@type\":\"WebSite\",\"@id\":\"https:\\\/\\\/sergiolapegue.com\\\/site\\\/#website\",\"url\":\"https:\\\/\\\/sergiolapegue.com\\\/site\\\/\",\"name\":\"Sergio Lapegue\",\"description\":\"Periodista\",\"publisher\":{\"@id\":\"https:\\\/\\\/sergiolapegue.com\\\/site\\\/#\\\/schema\\\/person\\\/083aeceeb0734cd166779ea6c0551a37\"},\"potentialAction\":[{\"@type\":\"SearchAction\",\"target\":{\"@type\":\"EntryPoint\",\"urlTemplate\":\"https:\\\/\\\/sergiolapegue.com\\\/site\\\/?s={search_term_string}\"},\"query-input\":{\"@type\":\"PropertyValueSpecification\",\"valueRequired\":true,\"valueName\":\"search_term_string\"}}],\"inLanguage\":\"es-AR\"},{\"@type\":[\"Person\",\"Organization\"],\"@id\":\"https:\\\/\\\/sergiolapegue.com\\\/site\\\/#\\\/schema\\\/person\\\/083aeceeb0734cd166779ea6c0551a37\",\"name\":\"Sergio Lapegue\",\"image\":{\"@type\":\"ImageObject\",\"inLanguage\":\"es-AR\",\"@id\":\"https:\\\/\\\/sergiolapegue.com\\\/site\\\/wp-content\\\/uploads\\\/2021\\\/04\\\/logo_header-1.png\",\"url\":\"https:\\\/\\\/sergiolapegue.com\\\/site\\\/wp-content\\\/uploads\\\/2021\\\/04\\\/logo_header-1.png\",\"contentUrl\":\"https:\\\/\\\/sergiolapegue.com\\\/site\\\/wp-content\\\/uploads\\\/2021\\\/04\\\/logo_header-1.png\",\"width\":272,\"height\":90,\"caption\":\"Sergio Lapegue\"},\"logo\":{\"@id\":\"https:\\\/\\\/sergiolapegue.com\\\/site\\\/wp-content\\\/uploads\\\/2021\\\/04\\\/logo_header-1.png\"},\"sameAs\":[\"https:\\\/\\\/facebook.com\\\/sergiolapegue\",\"https:\\\/\\\/instagram.com\\\/sergiolapegue\",\"https:\\\/\\\/x.com\\\/https:\\\/\\\/twitter.com\\\/sergiolapegue\"]},{\"@type\":\"Person\",\"@id\":\"https:\\\/\\\/sergiolapegue.com\\\/site\\\/#\\\/schema\\\/person\\\/00adf937d010c7f79a180dc4916a40e0\",\"name\":\"Leonardo Monta\u00f1a\",\"image\":{\"@type\":\"ImageObject\",\"inLanguage\":\"es-AR\",\"@id\":\"https:\\\/\\\/sergiolapegue.com\\\/site\\\/wp-content\\\/uploads\\\/2021\\\/04\\\/sl_avatar_Leonardo-150x150.jpg\",\"url\":\"https:\\\/\\\/sergiolapegue.com\\\/site\\\/wp-content\\\/uploads\\\/2021\\\/04\\\/sl_avatar_Leonardo-150x150.jpg\",\"contentUrl\":\"https:\\\/\\\/sergiolapegue.com\\\/site\\\/wp-content\\\/uploads\\\/2021\\\/04\\\/sl_avatar_Leonardo-150x150.jpg\",\"caption\":\"Leonardo Monta\u00f1a\"},\"sameAs\":[\"https:\\\/\\\/x.com\\\/https:\\\/\\\/twitter.com\\\/soytoto81\"],\"url\":\"https:\\\/\\\/sergiolapegue.com\\\/site\\\/author\\\/leonardo\\\/\"}]}<\/script>\n<!-- \/ Yoast SEO plugin. -->","yoast_head_json":{"title":"Luc\u00eda Fainboim\u00a0lanza \u201cCuidar las infancias en la era digital\u201d\u00a0por\u00a0Editorial Noveduc - Sergio Lapegue","robots":{"index":"index","follow":"follow","max-snippet":"max-snippet:-1","max-image-preview":"max-image-preview:large","max-video-preview":"max-video-preview:-1"},"canonical":"https:\/\/sergiolapegue.com\/site\/2025\/05\/31\/lucia-fainboim-lanza-cuidar-las-infancias-en-la-era-digital-por-editorial-noveduc\/","og_locale":"es_ES","og_type":"article","og_title":"Luc\u00eda Fainboim\u00a0lanza \u201cCuidar las infancias en la era digital\u201d\u00a0por\u00a0Editorial Noveduc - Sergio Lapegue","og_description":"Uso de pantallas, pornograf\u00eda, apuestas, acosos y prevenci\u00f3n desde la familia y escuela, son algunos de los t\u00f3picos que recorre el nuevo libro de la especialista en crianza digital y Directora de la consultora Bienestar Digital,&nbsp;Luc\u00eda Fainboim. Editado por Noveduc,&nbsp;\u201cCuidar las infancias en la era digital\u201d&nbsp;se propone revalorizar el rol adulto en tanto figura de [&hellip;]","og_url":"https:\/\/sergiolapegue.com\/site\/2025\/05\/31\/lucia-fainboim-lanza-cuidar-las-infancias-en-la-era-digital-por-editorial-noveduc\/","og_site_name":"Sergio Lapegue","article_publisher":"https:\/\/facebook.com\/sergiolapegue","article_published_time":"2025-05-31T21:31:58+00:00","og_image":[{"width":1765,"height":2560,"url":"https:\/\/sergiolapegue.com\/site\/wp-content\/uploads\/2025\/05\/Cuidar-las-infancias-en-la-era-digital-Tapa-scaled.jpg","type":"image\/jpeg"}],"author":"Leonardo Monta\u00f1a","twitter_card":"summary_large_image","twitter_creator":"@https:\/\/twitter.com\/soytoto81","twitter_site":"@sergiolapegue","twitter_misc":{"Escrito por":"Leonardo Monta\u00f1a","Tiempo de lectura":"4 minutos"},"schema":{"@context":"https:\/\/schema.org","@graph":[{"@type":"Article","@id":"https:\/\/sergiolapegue.com\/site\/2025\/05\/31\/lucia-fainboim-lanza-cuidar-las-infancias-en-la-era-digital-por-editorial-noveduc\/#article","isPartOf":{"@id":"https:\/\/sergiolapegue.com\/site\/2025\/05\/31\/lucia-fainboim-lanza-cuidar-las-infancias-en-la-era-digital-por-editorial-noveduc\/"},"author":{"name":"Leonardo Monta\u00f1a","@id":"https:\/\/sergiolapegue.com\/site\/#\/schema\/person\/00adf937d010c7f79a180dc4916a40e0"},"headline":"Luc\u00eda Fainboim\u00a0lanza \u201cCuidar las infancias en la era digital\u201d\u00a0por\u00a0Editorial Noveduc","datePublished":"2025-05-31T21:31:58+00:00","mainEntityOfPage":{"@id":"https:\/\/sergiolapegue.com\/site\/2025\/05\/31\/lucia-fainboim-lanza-cuidar-las-infancias-en-la-era-digital-por-editorial-noveduc\/"},"wordCount":656,"publisher":{"@id":"https:\/\/sergiolapegue.com\/site\/#\/schema\/person\/083aeceeb0734cd166779ea6c0551a37"},"image":{"@id":"https:\/\/sergiolapegue.com\/site\/2025\/05\/31\/lucia-fainboim-lanza-cuidar-las-infancias-en-la-era-digital-por-editorial-noveduc\/#primaryimage"},"thumbnailUrl":"https:\/\/sergiolapegue.com\/site\/wp-content\/uploads\/2025\/05\/Cuidar-las-infancias-en-la-era-digital-Tapa-scaled.jpg","keywords":["cuidar","digital","infancia","libro","tecnologia"],"articleSection":["Libros"],"inLanguage":"es-AR"},{"@type":"WebPage","@id":"https:\/\/sergiolapegue.com\/site\/2025\/05\/31\/lucia-fainboim-lanza-cuidar-las-infancias-en-la-era-digital-por-editorial-noveduc\/","url":"https:\/\/sergiolapegue.com\/site\/2025\/05\/31\/lucia-fainboim-lanza-cuidar-las-infancias-en-la-era-digital-por-editorial-noveduc\/","name":"Luc\u00eda Fainboim\u00a0lanza \u201cCuidar las infancias en la era digital\u201d\u00a0por\u00a0Editorial Noveduc - Sergio Lapegue","isPartOf":{"@id":"https:\/\/sergiolapegue.com\/site\/#website"},"primaryImageOfPage":{"@id":"https:\/\/sergiolapegue.com\/site\/2025\/05\/31\/lucia-fainboim-lanza-cuidar-las-infancias-en-la-era-digital-por-editorial-noveduc\/#primaryimage"},"image":{"@id":"https:\/\/sergiolapegue.com\/site\/2025\/05\/31\/lucia-fainboim-lanza-cuidar-las-infancias-en-la-era-digital-por-editorial-noveduc\/#primaryimage"},"thumbnailUrl":"https:\/\/sergiolapegue.com\/site\/wp-content\/uploads\/2025\/05\/Cuidar-las-infancias-en-la-era-digital-Tapa-scaled.jpg","datePublished":"2025-05-31T21:31:58+00:00","breadcrumb":{"@id":"https:\/\/sergiolapegue.com\/site\/2025\/05\/31\/lucia-fainboim-lanza-cuidar-las-infancias-en-la-era-digital-por-editorial-noveduc\/#breadcrumb"},"inLanguage":"es-AR","potentialAction":[{"@type":"ReadAction","target":["https:\/\/sergiolapegue.com\/site\/2025\/05\/31\/lucia-fainboim-lanza-cuidar-las-infancias-en-la-era-digital-por-editorial-noveduc\/"]}]},{"@type":"ImageObject","inLanguage":"es-AR","@id":"https:\/\/sergiolapegue.com\/site\/2025\/05\/31\/lucia-fainboim-lanza-cuidar-las-infancias-en-la-era-digital-por-editorial-noveduc\/#primaryimage","url":"https:\/\/sergiolapegue.com\/site\/wp-content\/uploads\/2025\/05\/Cuidar-las-infancias-en-la-era-digital-Tapa-scaled.jpg","contentUrl":"https:\/\/sergiolapegue.com\/site\/wp-content\/uploads\/2025\/05\/Cuidar-las-infancias-en-la-era-digital-Tapa-scaled.jpg","width":1765,"height":2560},{"@type":"BreadcrumbList","@id":"https:\/\/sergiolapegue.com\/site\/2025\/05\/31\/lucia-fainboim-lanza-cuidar-las-infancias-en-la-era-digital-por-editorial-noveduc\/#breadcrumb","itemListElement":[{"@type":"ListItem","position":1,"name":"Inicio","item":"https:\/\/sergiolapegue.com\/site\/"},{"@type":"ListItem","position":2,"name":"Luc\u00eda Fainboim\u00a0lanza \u201cCuidar las infancias en la era digital\u201d\u00a0por\u00a0Editorial Noveduc"}]},{"@type":"WebSite","@id":"https:\/\/sergiolapegue.com\/site\/#website","url":"https:\/\/sergiolapegue.com\/site\/","name":"Sergio Lapegue","description":"Periodista","publisher":{"@id":"https:\/\/sergiolapegue.com\/site\/#\/schema\/person\/083aeceeb0734cd166779ea6c0551a37"},"potentialAction":[{"@type":"SearchAction","target":{"@type":"EntryPoint","urlTemplate":"https:\/\/sergiolapegue.com\/site\/?s={search_term_string}"},"query-input":{"@type":"PropertyValueSpecification","valueRequired":true,"valueName":"search_term_string"}}],"inLanguage":"es-AR"},{"@type":["Person","Organization"],"@id":"https:\/\/sergiolapegue.com\/site\/#\/schema\/person\/083aeceeb0734cd166779ea6c0551a37","name":"Sergio Lapegue","image":{"@type":"ImageObject","inLanguage":"es-AR","@id":"https:\/\/sergiolapegue.com\/site\/wp-content\/uploads\/2021\/04\/logo_header-1.png","url":"https:\/\/sergiolapegue.com\/site\/wp-content\/uploads\/2021\/04\/logo_header-1.png","contentUrl":"https:\/\/sergiolapegue.com\/site\/wp-content\/uploads\/2021\/04\/logo_header-1.png","width":272,"height":90,"caption":"Sergio Lapegue"},"logo":{"@id":"https:\/\/sergiolapegue.com\/site\/wp-content\/uploads\/2021\/04\/logo_header-1.png"},"sameAs":["https:\/\/facebook.com\/sergiolapegue","https:\/\/instagram.com\/sergiolapegue","https:\/\/x.com\/https:\/\/twitter.com\/sergiolapegue"]},{"@type":"Person","@id":"https:\/\/sergiolapegue.com\/site\/#\/schema\/person\/00adf937d010c7f79a180dc4916a40e0","name":"Leonardo Monta\u00f1a","image":{"@type":"ImageObject","inLanguage":"es-AR","@id":"https:\/\/sergiolapegue.com\/site\/wp-content\/uploads\/2021\/04\/sl_avatar_Leonardo-150x150.jpg","url":"https:\/\/sergiolapegue.com\/site\/wp-content\/uploads\/2021\/04\/sl_avatar_Leonardo-150x150.jpg","contentUrl":"https:\/\/sergiolapegue.com\/site\/wp-content\/uploads\/2021\/04\/sl_avatar_Leonardo-150x150.jpg","caption":"Leonardo Monta\u00f1a"},"sameAs":["https:\/\/x.com\/https:\/\/twitter.com\/soytoto81"],"url":"https:\/\/sergiolapegue.com\/site\/author\/leonardo\/"}]}},"_links":{"self":[{"href":"https:\/\/sergiolapegue.com\/site\/wp-json\/wp\/v2\/posts\/22991","targetHints":{"allow":["GET"]}}],"collection":[{"href":"https:\/\/sergiolapegue.com\/site\/wp-json\/wp\/v2\/posts"}],"about":[{"href":"https:\/\/sergiolapegue.com\/site\/wp-json\/wp\/v2\/types\/post"}],"author":[{"embeddable":true,"href":"https:\/\/sergiolapegue.com\/site\/wp-json\/wp\/v2\/users\/4"}],"replies":[{"embeddable":true,"href":"https:\/\/sergiolapegue.com\/site\/wp-json\/wp\/v2\/comments?post=22991"}],"version-history":[{"count":1,"href":"https:\/\/sergiolapegue.com\/site\/wp-json\/wp\/v2\/posts\/22991\/revisions"}],"predecessor-version":[{"id":22994,"href":"https:\/\/sergiolapegue.com\/site\/wp-json\/wp\/v2\/posts\/22991\/revisions\/22994"}],"wp:featuredmedia":[{"embeddable":true,"href":"https:\/\/sergiolapegue.com\/site\/wp-json\/wp\/v2\/media\/22993"}],"wp:attachment":[{"href":"https:\/\/sergiolapegue.com\/site\/wp-json\/wp\/v2\/media?parent=22991"}],"wp:term":[{"taxonomy":"category","embeddable":true,"href":"https:\/\/sergiolapegue.com\/site\/wp-json\/wp\/v2\/categories?post=22991"},{"taxonomy":"post_tag","embeddable":true,"href":"https:\/\/sergiolapegue.com\/site\/wp-json\/wp\/v2\/tags?post=22991"}],"curies":[{"name":"wp","href":"https:\/\/api.w.org\/{rel}","templated":true}]}}