{"id":22794,"date":"2025-05-14T15:13:43","date_gmt":"2025-05-14T18:13:43","guid":{"rendered":"https:\/\/sergiolapegue.com\/site\/?p=22794"},"modified":"2025-05-14T15:13:45","modified_gmt":"2025-05-14T18:13:45","slug":"darse-un-tiempo-tambien-es-avanzar","status":"publish","type":"post","link":"https:\/\/sergiolapegue.com\/site\/2025\/05\/14\/darse-un-tiempo-tambien-es-avanzar\/","title":{"rendered":"Darse un tiempo tambi\u00e9n es avanzar"},"content":{"rendered":"\n<p>Voy a pensar un poquito con vos. Y mientras lo hago, tambi\u00e9n te voy a ayudar \u2014o intentarlo al menos\u2014 a que te des tiempo. El mismo tiempo que yo estoy aprendiendo a darme. Tiempo para crecer, \u00bfno?&nbsp;<\/p>\n\n\n\n<p>Porque crecer no siempre es para afuera. Muchas veces es para adentro. Y uno aprende. A veces a los golpes, a veces despacito. Pero aprende.&nbsp;<\/p>\n\n\n\n<p>Tiempo de sanar, por ejemplo. De escucharme. De escuchar mi cuerpo, que muchas veces lo ignoro, lo tapo con excusas, lo apuro. Y no. A veces hace falta frenar, respirar hondo y ver qu\u00e9 est\u00e1 diciendo eso que duele.&nbsp;<\/p>\n\n\n\n<p>Tiempo tambi\u00e9n de soltar lo que ya no me hace bien. De largar. De decir: \u201cGracias por lo que fuiste\u2026 pero ya est\u00e1. Chau\u201d.&nbsp;<\/p>\n\n\n\n<p>Y a la vez, tiempo de acercarme a lo que s\u00ed me hace bien. Amigos, familia, momentos que suman, compa\u00f1eros de laburo que te hacen sentir en casa. Esa gente con la que pod\u00e9s ser sin filtro.&nbsp;<\/p>\n\n\n\n<p>Tiempo de priorizarme. De tratar \u2014aunque cueste\u2014 de caminar con un poco de amor propio, de ese que no siempre nos ense\u00f1aron a tener. Y darme permiso para volver a empezar todas las veces que haga falta. Porque no hay l\u00edmite para volver a empezar. Me fue mal. Bueno, arranco de nuevo. \u00bfY qu\u00e9? \u00bfCu\u00e1l es el problema?&nbsp;<\/p>\n\n\n\n<p>Tambi\u00e9n me doy tiempo de no aceptar menos de lo que merezco. Porque muchas veces uno se bajonea, se acomoda en lugares inc\u00f3modos con tal de no generar conflicto, de no incomodar, de no quedarse solo. Pero no. Basta. Hacete valer.&nbsp;<\/p>\n\n\n\n<p>Tiempo de elegir lo que quiero. Lo que realmente me hace bien. \u00bfQu\u00e9 es lo que me hace bien? Porque m\u00e1s de una vez elegimos cosas que despu\u00e9s nos golpean fuerte el coraz\u00f3n. Y aprendemos tarde. Pero aprendemos.&nbsp;<\/p>\n\n\n\n<p>Hoy, m\u00e1s que nunca, tengo claro que merezco ser feliz. Y que vos, que est\u00e1s del otro lado escuchando, tambi\u00e9n lo merec\u00e9s. Todos lo merecemos.&nbsp;<\/p>\n\n\n\n<p>Tomarse un tiempo no es ir para atr\u00e1s. No es perder el tren. Tomarse un tiempo es un acto de valent\u00eda. Es el momento exacto en que dej\u00e1s de correr detr\u00e1s de lo que no te suma y empez\u00e1s, por fin, a caminar hacia lo que s\u00ed te hace bien.&nbsp;<\/p>\n\n\n\n<p>Aprender a soltar lo que pesa. Solt\u00e9moslo. Soltemos los bolsos pesados. Que nos queden las manos libres. Libres para abrazar, para acariciar, para recibir otras cosas, aunque sean m\u00e1s chiquitas, pero m\u00e1s livianas. M\u00e1s nuestras.&nbsp;<\/p>\n\n\n\n<p>Porque merecer ser feliz no es un lujo ni un privilegio. Es un derecho. Y ese derecho empieza cuando decid\u00eds elegirte. Cuando te cuid\u00e1s. Cuando sos fiel a lo que verdaderamente quer\u00e9s, aunque no siempre sea f\u00e1cil.&nbsp;<\/p>\n\n\n\n<p>Y ah\u00ed, justo ah\u00ed, la vida deja de ser una lucha constante\u2026 y empieza a convertirse en un camino hacia tu propia paz. Porque eso es lo que merecemos: equilibrio y paz.&nbsp;<\/p>\n\n\n\n<p><strong><em>Te lo dice un amigo.\u00a0<\/em><\/strong><\/p>\n","protected":false},"excerpt":{"rendered":"<p>Voy a pensar un poquito con vos. Y mientras lo hago, tambi\u00e9n te voy a ayudar \u2014o intentarlo al menos\u2014 a que te des tiempo. El mismo tiempo que yo estoy aprendiendo a darme. Tiempo para crecer, \u00bfno?&nbsp; Porque crecer no siempre es para afuera. Muchas veces es para adentro. Y uno aprende. A veces [&hellip;]<\/p>\n","protected":false},"author":6,"featured_media":12361,"comment_status":"closed","ping_status":"closed","sticky":false,"template":"","format":"standard","meta":{"footnotes":""},"categories":[31],"tags":[3921],"class_list":{"0":"post-22794","1":"post","2":"type-post","3":"status-publish","4":"format-standard","5":"has-post-thumbnail","7":"category-de-puno-y-letra","8":"tag-autoayuda"},"yoast_head":"<!-- This site is optimized with the Yoast SEO plugin v27.5 - https:\/\/yoast.com\/product\/yoast-seo-wordpress\/ -->\n<title>Darse un tiempo tambi\u00e9n es avanzar - Sergio Lapegue<\/title>\n<meta name=\"description\" content=\"Ser feliz es un derecho. Y ese derecho empieza cuando decid\u00eds elegirte. Cuando te cuid\u00e1s. Cuando sos fiel a lo que verdaderamente quer\u00e9s.\" \/>\n<meta name=\"robots\" content=\"index, follow, max-snippet:-1, max-image-preview:large, max-video-preview:-1\" \/>\n<link rel=\"canonical\" href=\"https:\/\/sergiolapegue.com\/site\/2025\/05\/14\/darse-un-tiempo-tambien-es-avanzar\/\" \/>\n<meta property=\"og:locale\" content=\"es_ES\" \/>\n<meta property=\"og:type\" content=\"article\" \/>\n<meta property=\"og:title\" content=\"Darse un tiempo tambi\u00e9n es avanzar - Sergio Lapegue\" \/>\n<meta property=\"og:description\" content=\"Ser feliz es un derecho. Y ese derecho empieza cuando decid\u00eds elegirte. Cuando te cuid\u00e1s. Cuando sos fiel a lo que verdaderamente quer\u00e9s.\" \/>\n<meta property=\"og:url\" content=\"https:\/\/sergiolapegue.com\/site\/2025\/05\/14\/darse-un-tiempo-tambien-es-avanzar\/\" \/>\n<meta property=\"og:site_name\" content=\"Sergio Lapegue\" \/>\n<meta property=\"article:publisher\" content=\"https:\/\/facebook.com\/sergiolapegue\" \/>\n<meta property=\"article:author\" content=\"https:\/\/facebook.com\/sergiolapegue\" \/>\n<meta property=\"article:published_time\" content=\"2025-05-14T18:13:43+00:00\" \/>\n<meta property=\"article:modified_time\" content=\"2025-05-14T18:13:45+00:00\" \/>\n<meta property=\"og:image\" content=\"https:\/\/sergiolapegue.com\/site\/wp-content\/uploads\/2023\/12\/sergio-lapegue-1307766.jpg\" \/>\n\t<meta property=\"og:image:width\" content=\"950\" \/>\n\t<meta property=\"og:image:height\" content=\"534\" \/>\n\t<meta property=\"og:image:type\" content=\"image\/jpeg\" \/>\n<meta name=\"author\" content=\"Sergio Lapegue\" \/>\n<meta name=\"twitter:card\" content=\"summary_large_image\" \/>\n<meta name=\"twitter:creator\" content=\"@https:\/\/twitter.com\/sergiolapegue\" \/>\n<meta name=\"twitter:site\" content=\"@sergiolapegue\" \/>\n<meta name=\"twitter:label1\" content=\"Escrito por\" \/>\n\t<meta name=\"twitter:data1\" content=\"Sergio Lapegue\" \/>\n\t<meta name=\"twitter:label2\" content=\"Tiempo de lectura\" \/>\n\t<meta name=\"twitter:data2\" content=\"3 minutos\" \/>\n<script type=\"application\/ld+json\" class=\"yoast-schema-graph\">{\"@context\":\"https:\\\/\\\/schema.org\",\"@graph\":[{\"@type\":\"Article\",\"@id\":\"https:\\\/\\\/sergiolapegue.com\\\/site\\\/2025\\\/05\\\/14\\\/darse-un-tiempo-tambien-es-avanzar\\\/#article\",\"isPartOf\":{\"@id\":\"https:\\\/\\\/sergiolapegue.com\\\/site\\\/2025\\\/05\\\/14\\\/darse-un-tiempo-tambien-es-avanzar\\\/\"},\"author\":{\"name\":\"Sergio Lapegue\",\"@id\":\"https:\\\/\\\/sergiolapegue.com\\\/site\\\/#\\\/schema\\\/person\\\/083aeceeb0734cd166779ea6c0551a37\"},\"headline\":\"Darse un tiempo tambi\u00e9n es avanzar\",\"datePublished\":\"2025-05-14T18:13:43+00:00\",\"dateModified\":\"2025-05-14T18:13:45+00:00\",\"mainEntityOfPage\":{\"@id\":\"https:\\\/\\\/sergiolapegue.com\\\/site\\\/2025\\\/05\\\/14\\\/darse-un-tiempo-tambien-es-avanzar\\\/\"},\"wordCount\":533,\"publisher\":{\"@id\":\"https:\\\/\\\/sergiolapegue.com\\\/site\\\/#\\\/schema\\\/person\\\/083aeceeb0734cd166779ea6c0551a37\"},\"image\":{\"@id\":\"https:\\\/\\\/sergiolapegue.com\\\/site\\\/2025\\\/05\\\/14\\\/darse-un-tiempo-tambien-es-avanzar\\\/#primaryimage\"},\"thumbnailUrl\":\"https:\\\/\\\/sergiolapegue.com\\\/site\\\/wp-content\\\/uploads\\\/2023\\\/12\\\/sergio-lapegue-1307766.jpg\",\"keywords\":[\"autoayuda\"],\"articleSection\":[\"De Pu\u00f1o y Letra\"],\"inLanguage\":\"es-AR\"},{\"@type\":\"WebPage\",\"@id\":\"https:\\\/\\\/sergiolapegue.com\\\/site\\\/2025\\\/05\\\/14\\\/darse-un-tiempo-tambien-es-avanzar\\\/\",\"url\":\"https:\\\/\\\/sergiolapegue.com\\\/site\\\/2025\\\/05\\\/14\\\/darse-un-tiempo-tambien-es-avanzar\\\/\",\"name\":\"Darse un tiempo tambi\u00e9n es avanzar - Sergio Lapegue\",\"isPartOf\":{\"@id\":\"https:\\\/\\\/sergiolapegue.com\\\/site\\\/#website\"},\"primaryImageOfPage\":{\"@id\":\"https:\\\/\\\/sergiolapegue.com\\\/site\\\/2025\\\/05\\\/14\\\/darse-un-tiempo-tambien-es-avanzar\\\/#primaryimage\"},\"image\":{\"@id\":\"https:\\\/\\\/sergiolapegue.com\\\/site\\\/2025\\\/05\\\/14\\\/darse-un-tiempo-tambien-es-avanzar\\\/#primaryimage\"},\"thumbnailUrl\":\"https:\\\/\\\/sergiolapegue.com\\\/site\\\/wp-content\\\/uploads\\\/2023\\\/12\\\/sergio-lapegue-1307766.jpg\",\"datePublished\":\"2025-05-14T18:13:43+00:00\",\"dateModified\":\"2025-05-14T18:13:45+00:00\",\"description\":\"Ser feliz es un derecho. Y ese derecho empieza cuando decid\u00eds elegirte. Cuando te cuid\u00e1s. Cuando sos fiel a lo que verdaderamente quer\u00e9s.\",\"breadcrumb\":{\"@id\":\"https:\\\/\\\/sergiolapegue.com\\\/site\\\/2025\\\/05\\\/14\\\/darse-un-tiempo-tambien-es-avanzar\\\/#breadcrumb\"},\"inLanguage\":\"es-AR\",\"potentialAction\":[{\"@type\":\"ReadAction\",\"target\":[\"https:\\\/\\\/sergiolapegue.com\\\/site\\\/2025\\\/05\\\/14\\\/darse-un-tiempo-tambien-es-avanzar\\\/\"]}]},{\"@type\":\"ImageObject\",\"inLanguage\":\"es-AR\",\"@id\":\"https:\\\/\\\/sergiolapegue.com\\\/site\\\/2025\\\/05\\\/14\\\/darse-un-tiempo-tambien-es-avanzar\\\/#primaryimage\",\"url\":\"https:\\\/\\\/sergiolapegue.com\\\/site\\\/wp-content\\\/uploads\\\/2023\\\/12\\\/sergio-lapegue-1307766.jpg\",\"contentUrl\":\"https:\\\/\\\/sergiolapegue.com\\\/site\\\/wp-content\\\/uploads\\\/2023\\\/12\\\/sergio-lapegue-1307766.jpg\",\"width\":950,\"height\":534},{\"@type\":\"BreadcrumbList\",\"@id\":\"https:\\\/\\\/sergiolapegue.com\\\/site\\\/2025\\\/05\\\/14\\\/darse-un-tiempo-tambien-es-avanzar\\\/#breadcrumb\",\"itemListElement\":[{\"@type\":\"ListItem\",\"position\":1,\"name\":\"Inicio\",\"item\":\"https:\\\/\\\/sergiolapegue.com\\\/site\\\/\"},{\"@type\":\"ListItem\",\"position\":2,\"name\":\"Darse un tiempo tambi\u00e9n es avanzar\"}]},{\"@type\":\"WebSite\",\"@id\":\"https:\\\/\\\/sergiolapegue.com\\\/site\\\/#website\",\"url\":\"https:\\\/\\\/sergiolapegue.com\\\/site\\\/\",\"name\":\"Sergio Lapegue\",\"description\":\"Periodista\",\"publisher\":{\"@id\":\"https:\\\/\\\/sergiolapegue.com\\\/site\\\/#\\\/schema\\\/person\\\/083aeceeb0734cd166779ea6c0551a37\"},\"potentialAction\":[{\"@type\":\"SearchAction\",\"target\":{\"@type\":\"EntryPoint\",\"urlTemplate\":\"https:\\\/\\\/sergiolapegue.com\\\/site\\\/?s={search_term_string}\"},\"query-input\":{\"@type\":\"PropertyValueSpecification\",\"valueRequired\":true,\"valueName\":\"search_term_string\"}}],\"inLanguage\":\"es-AR\"},{\"@type\":[\"Person\",\"Organization\"],\"@id\":\"https:\\\/\\\/sergiolapegue.com\\\/site\\\/#\\\/schema\\\/person\\\/083aeceeb0734cd166779ea6c0551a37\",\"name\":\"Sergio Lapegue\",\"image\":{\"@type\":\"ImageObject\",\"inLanguage\":\"es-AR\",\"@id\":\"https:\\\/\\\/sergiolapegue.com\\\/site\\\/wp-content\\\/uploads\\\/2021\\\/04\\\/logo_header-1.png\",\"url\":\"https:\\\/\\\/sergiolapegue.com\\\/site\\\/wp-content\\\/uploads\\\/2021\\\/04\\\/logo_header-1.png\",\"contentUrl\":\"https:\\\/\\\/sergiolapegue.com\\\/site\\\/wp-content\\\/uploads\\\/2021\\\/04\\\/logo_header-1.png\",\"width\":272,\"height\":90,\"caption\":\"Sergio Lapegue\"},\"logo\":{\"@id\":\"https:\\\/\\\/sergiolapegue.com\\\/site\\\/wp-content\\\/uploads\\\/2021\\\/04\\\/logo_header-1.png\"},\"sameAs\":[\"https:\\\/\\\/facebook.com\\\/sergiolapegue\",\"https:\\\/\\\/instagram.com\\\/sergiolapegue\",\"https:\\\/\\\/x.com\\\/https:\\\/\\\/twitter.com\\\/sergiolapegue\"],\"url\":\"https:\\\/\\\/sergiolapegue.com\\\/site\\\/author\\\/sergio\\\/\"}]}<\/script>\n<!-- \/ Yoast SEO plugin. -->","yoast_head_json":{"title":"Darse un tiempo tambi\u00e9n es avanzar - Sergio Lapegue","description":"Ser feliz es un derecho. Y ese derecho empieza cuando decid\u00eds elegirte. Cuando te cuid\u00e1s. Cuando sos fiel a lo que verdaderamente quer\u00e9s.","robots":{"index":"index","follow":"follow","max-snippet":"max-snippet:-1","max-image-preview":"max-image-preview:large","max-video-preview":"max-video-preview:-1"},"canonical":"https:\/\/sergiolapegue.com\/site\/2025\/05\/14\/darse-un-tiempo-tambien-es-avanzar\/","og_locale":"es_ES","og_type":"article","og_title":"Darse un tiempo tambi\u00e9n es avanzar - Sergio Lapegue","og_description":"Ser feliz es un derecho. Y ese derecho empieza cuando decid\u00eds elegirte. Cuando te cuid\u00e1s. Cuando sos fiel a lo que verdaderamente quer\u00e9s.","og_url":"https:\/\/sergiolapegue.com\/site\/2025\/05\/14\/darse-un-tiempo-tambien-es-avanzar\/","og_site_name":"Sergio Lapegue","article_publisher":"https:\/\/facebook.com\/sergiolapegue","article_author":"https:\/\/facebook.com\/sergiolapegue","article_published_time":"2025-05-14T18:13:43+00:00","article_modified_time":"2025-05-14T18:13:45+00:00","og_image":[{"width":950,"height":534,"url":"https:\/\/sergiolapegue.com\/site\/wp-content\/uploads\/2023\/12\/sergio-lapegue-1307766.jpg","type":"image\/jpeg"}],"author":"Sergio Lapegue","twitter_card":"summary_large_image","twitter_creator":"@https:\/\/twitter.com\/sergiolapegue","twitter_site":"@sergiolapegue","twitter_misc":{"Escrito por":"Sergio Lapegue","Tiempo de lectura":"3 minutos"},"schema":{"@context":"https:\/\/schema.org","@graph":[{"@type":"Article","@id":"https:\/\/sergiolapegue.com\/site\/2025\/05\/14\/darse-un-tiempo-tambien-es-avanzar\/#article","isPartOf":{"@id":"https:\/\/sergiolapegue.com\/site\/2025\/05\/14\/darse-un-tiempo-tambien-es-avanzar\/"},"author":{"name":"Sergio Lapegue","@id":"https:\/\/sergiolapegue.com\/site\/#\/schema\/person\/083aeceeb0734cd166779ea6c0551a37"},"headline":"Darse un tiempo tambi\u00e9n es avanzar","datePublished":"2025-05-14T18:13:43+00:00","dateModified":"2025-05-14T18:13:45+00:00","mainEntityOfPage":{"@id":"https:\/\/sergiolapegue.com\/site\/2025\/05\/14\/darse-un-tiempo-tambien-es-avanzar\/"},"wordCount":533,"publisher":{"@id":"https:\/\/sergiolapegue.com\/site\/#\/schema\/person\/083aeceeb0734cd166779ea6c0551a37"},"image":{"@id":"https:\/\/sergiolapegue.com\/site\/2025\/05\/14\/darse-un-tiempo-tambien-es-avanzar\/#primaryimage"},"thumbnailUrl":"https:\/\/sergiolapegue.com\/site\/wp-content\/uploads\/2023\/12\/sergio-lapegue-1307766.jpg","keywords":["autoayuda"],"articleSection":["De Pu\u00f1o y Letra"],"inLanguage":"es-AR"},{"@type":"WebPage","@id":"https:\/\/sergiolapegue.com\/site\/2025\/05\/14\/darse-un-tiempo-tambien-es-avanzar\/","url":"https:\/\/sergiolapegue.com\/site\/2025\/05\/14\/darse-un-tiempo-tambien-es-avanzar\/","name":"Darse un tiempo tambi\u00e9n es avanzar - Sergio Lapegue","isPartOf":{"@id":"https:\/\/sergiolapegue.com\/site\/#website"},"primaryImageOfPage":{"@id":"https:\/\/sergiolapegue.com\/site\/2025\/05\/14\/darse-un-tiempo-tambien-es-avanzar\/#primaryimage"},"image":{"@id":"https:\/\/sergiolapegue.com\/site\/2025\/05\/14\/darse-un-tiempo-tambien-es-avanzar\/#primaryimage"},"thumbnailUrl":"https:\/\/sergiolapegue.com\/site\/wp-content\/uploads\/2023\/12\/sergio-lapegue-1307766.jpg","datePublished":"2025-05-14T18:13:43+00:00","dateModified":"2025-05-14T18:13:45+00:00","description":"Ser feliz es un derecho. Y ese derecho empieza cuando decid\u00eds elegirte. Cuando te cuid\u00e1s. Cuando sos fiel a lo que verdaderamente quer\u00e9s.","breadcrumb":{"@id":"https:\/\/sergiolapegue.com\/site\/2025\/05\/14\/darse-un-tiempo-tambien-es-avanzar\/#breadcrumb"},"inLanguage":"es-AR","potentialAction":[{"@type":"ReadAction","target":["https:\/\/sergiolapegue.com\/site\/2025\/05\/14\/darse-un-tiempo-tambien-es-avanzar\/"]}]},{"@type":"ImageObject","inLanguage":"es-AR","@id":"https:\/\/sergiolapegue.com\/site\/2025\/05\/14\/darse-un-tiempo-tambien-es-avanzar\/#primaryimage","url":"https:\/\/sergiolapegue.com\/site\/wp-content\/uploads\/2023\/12\/sergio-lapegue-1307766.jpg","contentUrl":"https:\/\/sergiolapegue.com\/site\/wp-content\/uploads\/2023\/12\/sergio-lapegue-1307766.jpg","width":950,"height":534},{"@type":"BreadcrumbList","@id":"https:\/\/sergiolapegue.com\/site\/2025\/05\/14\/darse-un-tiempo-tambien-es-avanzar\/#breadcrumb","itemListElement":[{"@type":"ListItem","position":1,"name":"Inicio","item":"https:\/\/sergiolapegue.com\/site\/"},{"@type":"ListItem","position":2,"name":"Darse un tiempo tambi\u00e9n es avanzar"}]},{"@type":"WebSite","@id":"https:\/\/sergiolapegue.com\/site\/#website","url":"https:\/\/sergiolapegue.com\/site\/","name":"Sergio Lapegue","description":"Periodista","publisher":{"@id":"https:\/\/sergiolapegue.com\/site\/#\/schema\/person\/083aeceeb0734cd166779ea6c0551a37"},"potentialAction":[{"@type":"SearchAction","target":{"@type":"EntryPoint","urlTemplate":"https:\/\/sergiolapegue.com\/site\/?s={search_term_string}"},"query-input":{"@type":"PropertyValueSpecification","valueRequired":true,"valueName":"search_term_string"}}],"inLanguage":"es-AR"},{"@type":["Person","Organization"],"@id":"https:\/\/sergiolapegue.com\/site\/#\/schema\/person\/083aeceeb0734cd166779ea6c0551a37","name":"Sergio Lapegue","image":{"@type":"ImageObject","inLanguage":"es-AR","@id":"https:\/\/sergiolapegue.com\/site\/wp-content\/uploads\/2021\/04\/logo_header-1.png","url":"https:\/\/sergiolapegue.com\/site\/wp-content\/uploads\/2021\/04\/logo_header-1.png","contentUrl":"https:\/\/sergiolapegue.com\/site\/wp-content\/uploads\/2021\/04\/logo_header-1.png","width":272,"height":90,"caption":"Sergio Lapegue"},"logo":{"@id":"https:\/\/sergiolapegue.com\/site\/wp-content\/uploads\/2021\/04\/logo_header-1.png"},"sameAs":["https:\/\/facebook.com\/sergiolapegue","https:\/\/instagram.com\/sergiolapegue","https:\/\/x.com\/https:\/\/twitter.com\/sergiolapegue"],"url":"https:\/\/sergiolapegue.com\/site\/author\/sergio\/"}]}},"_links":{"self":[{"href":"https:\/\/sergiolapegue.com\/site\/wp-json\/wp\/v2\/posts\/22794","targetHints":{"allow":["GET"]}}],"collection":[{"href":"https:\/\/sergiolapegue.com\/site\/wp-json\/wp\/v2\/posts"}],"about":[{"href":"https:\/\/sergiolapegue.com\/site\/wp-json\/wp\/v2\/types\/post"}],"author":[{"embeddable":true,"href":"https:\/\/sergiolapegue.com\/site\/wp-json\/wp\/v2\/users\/6"}],"replies":[{"embeddable":true,"href":"https:\/\/sergiolapegue.com\/site\/wp-json\/wp\/v2\/comments?post=22794"}],"version-history":[{"count":1,"href":"https:\/\/sergiolapegue.com\/site\/wp-json\/wp\/v2\/posts\/22794\/revisions"}],"predecessor-version":[{"id":22795,"href":"https:\/\/sergiolapegue.com\/site\/wp-json\/wp\/v2\/posts\/22794\/revisions\/22795"}],"wp:featuredmedia":[{"embeddable":true,"href":"https:\/\/sergiolapegue.com\/site\/wp-json\/wp\/v2\/media\/12361"}],"wp:attachment":[{"href":"https:\/\/sergiolapegue.com\/site\/wp-json\/wp\/v2\/media?parent=22794"}],"wp:term":[{"taxonomy":"category","embeddable":true,"href":"https:\/\/sergiolapegue.com\/site\/wp-json\/wp\/v2\/categories?post=22794"},{"taxonomy":"post_tag","embeddable":true,"href":"https:\/\/sergiolapegue.com\/site\/wp-json\/wp\/v2\/tags?post=22794"}],"curies":[{"name":"wp","href":"https:\/\/api.w.org\/{rel}","templated":true}]}}