{"id":22741,"date":"2025-05-14T01:00:00","date_gmt":"2025-05-14T04:00:00","guid":{"rendered":"https:\/\/sergiolapegue.com\/site\/?p=22741"},"modified":"2025-05-13T04:01:07","modified_gmt":"2025-05-13T07:01:07","slug":"los-arboles-mueren-de-pie-2","status":"publish","type":"post","link":"https:\/\/sergiolapegue.com\/site\/2025\/05\/14\/los-arboles-mueren-de-pie-2\/","title":{"rendered":"LOS \u00c1RBOLES MUEREN DE PIE"},"content":{"rendered":"\n<p>El cl\u00e1sico de Alejandro Casona, se presentara el 23 de mayo a las 20:30 horas en el Teatro El Alambique y el 24 y 31 de mayo a las 18:00 horas en el Teatro Colonial, con adaptaci\u00f3n, direcci\u00f3n y actuaci\u00f3n especial de N\u00e9stor Hidalgo, el cual est\u00e1 acompa\u00f1ado por Mirta Basso, Sergio R\u00edos, Evelyn Tremoceiro, Patricia Galotta, Omar Arbelo, Ana Pszonka. &nbsp;<\/p>\n\n\n\n<p>Sobre una adaptaci\u00f3n de N\u00e9stor Hidalgo la pieza mantiene la l\u00ednea que cre\u00f3 el autor, demostrando que los cl\u00e1sicos siempre lo son y lo ser\u00e1n. La historia de cuatro personajes que deciden jugar con la mentira para poder ser un poco m\u00e1s felices ellos y hacer feliz a los dem\u00e1s, sigue teniendo vigencia a trav\u00e9s del tiempo. Siete actores logran que esta joya literaria, siga invitando a re\u00edr, emocionarse, disfrutar y so\u00f1ar. Emotiva, c\u00e1lida, con momentos de gran ternura y momentos que logran la sonrisa del espectador, \u201cLos \u00e1rboles mueren de pie\u201d, muestra como a trav\u00e9s de una dulce mentira, la realidad puede ser menos dura, sin dejar de ser la dura realidad. Esta puesta est\u00e1 ambientada en la d\u00e9cada del \u201950, con vestuario y escenograf\u00eda acorde a la \u00e9poca. Distintos toques musicales, aportan a algunas escenas los elementos necesarios para llegar al espectador. Tanto desde la adaptaci\u00f3n como desde la puesta en escena, su adaptador y director le ha puesto muchos toques de humor que llevan a una versi\u00f3n no solo sentimental y emotiva, si no tambi\u00e9n, a que el espectador disfrute de un cl\u00e1sico literario mucho m\u00e1s divertido sin perder la esencia que Alejandro Casona quiso dar a esta obra.<\/p>\n\n\n\n<figure class=\"wp-block-image size-full is-resized\"><img loading=\"lazy\" decoding=\"async\" width=\"461\" height=\"546\" src=\"https:\/\/sergiolapegue.com\/site\/wp-content\/uploads\/2025\/05\/Los-arboles-mueren-de-pie-1.jpeg\" alt=\"\" class=\"wp-image-22742\" style=\"width:696px;height:auto\" srcset=\"https:\/\/sergiolapegue.com\/site\/wp-content\/uploads\/2025\/05\/Los-arboles-mueren-de-pie-1.jpeg 461w, https:\/\/sergiolapegue.com\/site\/wp-content\/uploads\/2025\/05\/Los-arboles-mueren-de-pie-1-253x300.jpeg 253w, https:\/\/sergiolapegue.com\/site\/wp-content\/uploads\/2025\/05\/Los-arboles-mueren-de-pie-1-355x420.jpeg 355w\" sizes=\"auto, (max-width: 461px) 100vw, 461px\" \/><\/figure>\n\n\n\n<p><strong>FICHA T\u00c9CNICO ART\u00cdSTICA<\/strong><\/p>\n\n\n\n<p>Autor\u00eda: Alejandro Casona<\/p>\n\n\n\n<p>Adaptaci\u00f3n: N\u00e9stor Hidalgo<\/p>\n\n\n\n<p>Act\u00faan: Mirta Basso, Sergio R\u00edos, Evelyn Tremoceiro, Patricia Galotta, Omar Arbelo, Ana Pszonka<\/p>\n\n\n\n<p>Actuaci\u00f3n especial: N\u00e9stor Hidalgo&nbsp; &nbsp;<\/p>\n\n\n\n<p>Asistencia de direcci\u00f3n: Fabi\u00e1n Serafini<\/p>\n\n\n\n<p>Direcci\u00f3n: N\u00e9stor Hidalgo&nbsp;<\/p>\n\n\n\n<p>Duraci\u00f3n: 80 minutos<\/p>\n\n\n\n<p>Clasificaci\u00f3n: Teatro \u2013 Presencial \u2013 Adultos<\/p>\n\n\n\n<figure class=\"wp-block-image size-large\"><img loading=\"lazy\" decoding=\"async\" width=\"1024\" height=\"405\" src=\"https:\/\/sergiolapegue.com\/site\/wp-content\/uploads\/2025\/05\/Los-arboles-mueren-de-pie-2-1024x405.jpg\" alt=\"\" class=\"wp-image-22743\" srcset=\"https:\/\/sergiolapegue.com\/site\/wp-content\/uploads\/2025\/05\/Los-arboles-mueren-de-pie-2-1024x405.jpg 1024w, https:\/\/sergiolapegue.com\/site\/wp-content\/uploads\/2025\/05\/Los-arboles-mueren-de-pie-2-300x119.jpg 300w, https:\/\/sergiolapegue.com\/site\/wp-content\/uploads\/2025\/05\/Los-arboles-mueren-de-pie-2-768x304.jpg 768w, https:\/\/sergiolapegue.com\/site\/wp-content\/uploads\/2025\/05\/Los-arboles-mueren-de-pie-2-1536x608.jpg 1536w, https:\/\/sergiolapegue.com\/site\/wp-content\/uploads\/2025\/05\/Los-arboles-mueren-de-pie-2-1061x420.jpg 1061w, https:\/\/sergiolapegue.com\/site\/wp-content\/uploads\/2025\/05\/Los-arboles-mueren-de-pie-2-696x275.jpg 696w, https:\/\/sergiolapegue.com\/site\/wp-content\/uploads\/2025\/05\/Los-arboles-mueren-de-pie-2-1068x423.jpg 1068w, https:\/\/sergiolapegue.com\/site\/wp-content\/uploads\/2025\/05\/Los-arboles-mueren-de-pie-2.jpg 1898w\" sizes=\"auto, (max-width: 1024px) 100vw, 1024px\" \/><\/figure>\n\n\n\n<p><strong>EL ALAMBIQUE<\/strong><\/p>\n\n\n\n<p>Griveo 2350 \u2013 Capital Federal \u2013 Buenos Aires \u2013 Argentina<\/p>\n\n\n\n<p>Reservas: 4571-8140<\/p>\n\n\n\n<p>Web: <a href=\"http:\/\/www.teatroelalambique.com\">http:\/\/www.teatroelalambique.com<\/a><\/p>\n\n\n\n<p>Entradas: $ 12.000 \u2013 en boleter\u00eda del teatro o por Alternativa Teatral<\/p>\n\n\n\n<p>Funci\u00f3n: Viernes 23 de Mayo \u2013 20:30 horas<\/p>\n\n\n\n<p><strong>TEATRO COLONIAL<\/strong><\/p>\n\n\n\n<p>Av. Paseo Col\u00f3n 413 \u2013 Capital Federal \u2013 Buenos Aires \u2013 Argentina<\/p>\n\n\n\n<p>Reservas: 11 4 939 5764 &nbsp;<\/p>\n\n\n\n<p>Web: <a href=\"http:\/\/www.colonialteatro.com.ar\">http:\/\/www.colonialteatro.com.ar<\/a><\/p>\n\n\n\n<p>Entradas: $ 14.000 \u2013 en boleter\u00eda del teatro o por Alternativa Teatral<\/p>\n\n\n\n<p>Funciones: S\u00e1bados 18:00 horas \u2013 Del 24\/05\/2025 al 31\/05\/2025<\/p>\n\n\n\n<p>Gracias N\u00e9stor Hidalgo por enviarnos la gacetilla de prensa de este cl\u00e1sico de Alejandro Casona.<\/p>\n\n\n\n<p><\/p>\n","protected":false},"excerpt":{"rendered":"<p>El cl\u00e1sico de Alejandro Casona, se presentara el 23 de mayo a las 20:30 horas en el Teatro El Alambique y el 24 y 31 de mayo a las 18:00 horas en el Teatro Colonial, con adaptaci\u00f3n, direcci\u00f3n y actuaci\u00f3n especial de N\u00e9stor Hidalgo, el cual est\u00e1 acompa\u00f1ado por Mirta Basso, Sergio R\u00edos, Evelyn Tremoceiro, [&hellip;]<\/p>\n","protected":false},"author":3,"featured_media":22744,"comment_status":"open","ping_status":"closed","sticky":false,"template":"","format":"standard","meta":{"footnotes":""},"categories":[34,35],"tags":[],"class_list":{"0":"post-22741","1":"post","2":"type-post","3":"status-publish","4":"format-standard","5":"has-post-thumbnail","7":"category-arte","8":"category-teatro"},"yoast_head":"<!-- This site is optimized with the Yoast SEO plugin v27.4 - https:\/\/yoast.com\/product\/yoast-seo-wordpress\/ -->\n<title>LOS \u00c1RBOLES MUEREN DE PIE - Sergio Lapegue<\/title>\n<meta name=\"robots\" content=\"index, follow, max-snippet:-1, max-image-preview:large, max-video-preview:-1\" \/>\n<link rel=\"canonical\" href=\"https:\/\/sergiolapegue.com\/site\/2025\/05\/14\/los-arboles-mueren-de-pie-2\/\" \/>\n<meta property=\"og:locale\" content=\"es_ES\" \/>\n<meta property=\"og:type\" content=\"article\" \/>\n<meta property=\"og:title\" content=\"LOS \u00c1RBOLES MUEREN DE PIE - Sergio Lapegue\" \/>\n<meta property=\"og:description\" content=\"El cl\u00e1sico de Alejandro Casona, se presentara el 23 de mayo a las 20:30 horas en el Teatro El Alambique y el 24 y 31 de mayo a las 18:00 horas en el Teatro Colonial, con adaptaci\u00f3n, direcci\u00f3n y actuaci\u00f3n especial de N\u00e9stor Hidalgo, el cual est\u00e1 acompa\u00f1ado por Mirta Basso, Sergio R\u00edos, Evelyn Tremoceiro, [&hellip;]\" \/>\n<meta property=\"og:url\" content=\"https:\/\/sergiolapegue.com\/site\/2025\/05\/14\/los-arboles-mueren-de-pie-2\/\" \/>\n<meta property=\"og:site_name\" content=\"Sergio Lapegue\" \/>\n<meta property=\"article:publisher\" content=\"https:\/\/facebook.com\/sergiolapegue\" \/>\n<meta property=\"article:author\" content=\"https:\/\/facebook.com\/danielernesto.montana\" \/>\n<meta property=\"article:published_time\" content=\"2025-05-14T04:00:00+00:00\" \/>\n<meta property=\"og:image\" content=\"https:\/\/sergiolapegue.com\/site\/wp-content\/uploads\/2025\/05\/Los-arboles-mueren-de-pie.jpeg\" \/>\n\t<meta property=\"og:image:width\" content=\"460\" \/>\n\t<meta property=\"og:image:height\" content=\"201\" \/>\n\t<meta property=\"og:image:type\" content=\"image\/jpeg\" \/>\n<meta name=\"author\" content=\"Daniel E. Monta\u00f1a\" \/>\n<meta name=\"twitter:card\" content=\"summary_large_image\" \/>\n<meta name=\"twitter:creator\" content=\"@https:\/\/twitter.com\/daner_004\" \/>\n<meta name=\"twitter:site\" content=\"@sergiolapegue\" \/>\n<meta name=\"twitter:label1\" content=\"Escrito por\" \/>\n\t<meta name=\"twitter:data1\" content=\"Daniel E. Monta\u00f1a\" \/>\n\t<meta name=\"twitter:label2\" content=\"Tiempo de lectura\" \/>\n\t<meta name=\"twitter:data2\" content=\"3 minutos\" \/>\n<script type=\"application\/ld+json\" class=\"yoast-schema-graph\">{\"@context\":\"https:\\\/\\\/schema.org\",\"@graph\":[{\"@type\":\"Article\",\"@id\":\"https:\\\/\\\/sergiolapegue.com\\\/site\\\/2025\\\/05\\\/14\\\/los-arboles-mueren-de-pie-2\\\/#article\",\"isPartOf\":{\"@id\":\"https:\\\/\\\/sergiolapegue.com\\\/site\\\/2025\\\/05\\\/14\\\/los-arboles-mueren-de-pie-2\\\/\"},\"author\":{\"name\":\"Daniel E. Monta\u00f1a\",\"@id\":\"https:\\\/\\\/sergiolapegue.com\\\/site\\\/#\\\/schema\\\/person\\\/9198e7dbab43c6d74d0fd5399af7c3cd\"},\"headline\":\"LOS \u00c1RBOLES MUEREN DE PIE\",\"datePublished\":\"2025-05-14T04:00:00+00:00\",\"mainEntityOfPage\":{\"@id\":\"https:\\\/\\\/sergiolapegue.com\\\/site\\\/2025\\\/05\\\/14\\\/los-arboles-mueren-de-pie-2\\\/\"},\"wordCount\":430,\"commentCount\":0,\"publisher\":{\"@id\":\"https:\\\/\\\/sergiolapegue.com\\\/site\\\/#\\\/schema\\\/person\\\/083aeceeb0734cd166779ea6c0551a37\"},\"image\":{\"@id\":\"https:\\\/\\\/sergiolapegue.com\\\/site\\\/2025\\\/05\\\/14\\\/los-arboles-mueren-de-pie-2\\\/#primaryimage\"},\"thumbnailUrl\":\"https:\\\/\\\/sergiolapegue.com\\\/site\\\/wp-content\\\/uploads\\\/2025\\\/05\\\/Los-arboles-mueren-de-pie.jpeg\",\"articleSection\":[\"Arte\",\"Teatro\"],\"inLanguage\":\"es-AR\",\"potentialAction\":[{\"@type\":\"CommentAction\",\"name\":\"Comment\",\"target\":[\"https:\\\/\\\/sergiolapegue.com\\\/site\\\/2025\\\/05\\\/14\\\/los-arboles-mueren-de-pie-2\\\/#respond\"]}]},{\"@type\":\"WebPage\",\"@id\":\"https:\\\/\\\/sergiolapegue.com\\\/site\\\/2025\\\/05\\\/14\\\/los-arboles-mueren-de-pie-2\\\/\",\"url\":\"https:\\\/\\\/sergiolapegue.com\\\/site\\\/2025\\\/05\\\/14\\\/los-arboles-mueren-de-pie-2\\\/\",\"name\":\"LOS \u00c1RBOLES MUEREN DE PIE - Sergio Lapegue\",\"isPartOf\":{\"@id\":\"https:\\\/\\\/sergiolapegue.com\\\/site\\\/#website\"},\"primaryImageOfPage\":{\"@id\":\"https:\\\/\\\/sergiolapegue.com\\\/site\\\/2025\\\/05\\\/14\\\/los-arboles-mueren-de-pie-2\\\/#primaryimage\"},\"image\":{\"@id\":\"https:\\\/\\\/sergiolapegue.com\\\/site\\\/2025\\\/05\\\/14\\\/los-arboles-mueren-de-pie-2\\\/#primaryimage\"},\"thumbnailUrl\":\"https:\\\/\\\/sergiolapegue.com\\\/site\\\/wp-content\\\/uploads\\\/2025\\\/05\\\/Los-arboles-mueren-de-pie.jpeg\",\"datePublished\":\"2025-05-14T04:00:00+00:00\",\"breadcrumb\":{\"@id\":\"https:\\\/\\\/sergiolapegue.com\\\/site\\\/2025\\\/05\\\/14\\\/los-arboles-mueren-de-pie-2\\\/#breadcrumb\"},\"inLanguage\":\"es-AR\",\"potentialAction\":[{\"@type\":\"ReadAction\",\"target\":[\"https:\\\/\\\/sergiolapegue.com\\\/site\\\/2025\\\/05\\\/14\\\/los-arboles-mueren-de-pie-2\\\/\"]}]},{\"@type\":\"ImageObject\",\"inLanguage\":\"es-AR\",\"@id\":\"https:\\\/\\\/sergiolapegue.com\\\/site\\\/2025\\\/05\\\/14\\\/los-arboles-mueren-de-pie-2\\\/#primaryimage\",\"url\":\"https:\\\/\\\/sergiolapegue.com\\\/site\\\/wp-content\\\/uploads\\\/2025\\\/05\\\/Los-arboles-mueren-de-pie.jpeg\",\"contentUrl\":\"https:\\\/\\\/sergiolapegue.com\\\/site\\\/wp-content\\\/uploads\\\/2025\\\/05\\\/Los-arboles-mueren-de-pie.jpeg\",\"width\":460,\"height\":201},{\"@type\":\"BreadcrumbList\",\"@id\":\"https:\\\/\\\/sergiolapegue.com\\\/site\\\/2025\\\/05\\\/14\\\/los-arboles-mueren-de-pie-2\\\/#breadcrumb\",\"itemListElement\":[{\"@type\":\"ListItem\",\"position\":1,\"name\":\"Inicio\",\"item\":\"https:\\\/\\\/sergiolapegue.com\\\/site\\\/\"},{\"@type\":\"ListItem\",\"position\":2,\"name\":\"LOS \u00c1RBOLES MUEREN DE PIE\"}]},{\"@type\":\"WebSite\",\"@id\":\"https:\\\/\\\/sergiolapegue.com\\\/site\\\/#website\",\"url\":\"https:\\\/\\\/sergiolapegue.com\\\/site\\\/\",\"name\":\"Sergio Lapegue\",\"description\":\"Periodista\",\"publisher\":{\"@id\":\"https:\\\/\\\/sergiolapegue.com\\\/site\\\/#\\\/schema\\\/person\\\/083aeceeb0734cd166779ea6c0551a37\"},\"potentialAction\":[{\"@type\":\"SearchAction\",\"target\":{\"@type\":\"EntryPoint\",\"urlTemplate\":\"https:\\\/\\\/sergiolapegue.com\\\/site\\\/?s={search_term_string}\"},\"query-input\":{\"@type\":\"PropertyValueSpecification\",\"valueRequired\":true,\"valueName\":\"search_term_string\"}}],\"inLanguage\":\"es-AR\"},{\"@type\":[\"Person\",\"Organization\"],\"@id\":\"https:\\\/\\\/sergiolapegue.com\\\/site\\\/#\\\/schema\\\/person\\\/083aeceeb0734cd166779ea6c0551a37\",\"name\":\"Sergio Lapegue\",\"image\":{\"@type\":\"ImageObject\",\"inLanguage\":\"es-AR\",\"@id\":\"https:\\\/\\\/sergiolapegue.com\\\/site\\\/wp-content\\\/uploads\\\/2021\\\/04\\\/logo_header-1.png\",\"url\":\"https:\\\/\\\/sergiolapegue.com\\\/site\\\/wp-content\\\/uploads\\\/2021\\\/04\\\/logo_header-1.png\",\"contentUrl\":\"https:\\\/\\\/sergiolapegue.com\\\/site\\\/wp-content\\\/uploads\\\/2021\\\/04\\\/logo_header-1.png\",\"width\":272,\"height\":90,\"caption\":\"Sergio Lapegue\"},\"logo\":{\"@id\":\"https:\\\/\\\/sergiolapegue.com\\\/site\\\/wp-content\\\/uploads\\\/2021\\\/04\\\/logo_header-1.png\"},\"sameAs\":[\"https:\\\/\\\/facebook.com\\\/sergiolapegue\",\"https:\\\/\\\/instagram.com\\\/sergiolapegue\",\"https:\\\/\\\/x.com\\\/https:\\\/\\\/twitter.com\\\/sergiolapegue\"]},{\"@type\":\"Person\",\"@id\":\"https:\\\/\\\/sergiolapegue.com\\\/site\\\/#\\\/schema\\\/person\\\/9198e7dbab43c6d74d0fd5399af7c3cd\",\"name\":\"Daniel E. Monta\u00f1a\",\"image\":{\"@type\":\"ImageObject\",\"inLanguage\":\"es-AR\",\"@id\":\"https:\\\/\\\/sergiolapegue.com\\\/site\\\/wp-content\\\/uploads\\\/2021\\\/04\\\/sl_avatar_Daniel-150x150.jpg\",\"url\":\"https:\\\/\\\/sergiolapegue.com\\\/site\\\/wp-content\\\/uploads\\\/2021\\\/04\\\/sl_avatar_Daniel-150x150.jpg\",\"contentUrl\":\"https:\\\/\\\/sergiolapegue.com\\\/site\\\/wp-content\\\/uploads\\\/2021\\\/04\\\/sl_avatar_Daniel-150x150.jpg\",\"caption\":\"Daniel E. Monta\u00f1a\"},\"sameAs\":[\"https:\\\/\\\/facebook.com\\\/danielernesto.montana\",\"https:\\\/\\\/instagram.com\\\/daniel_montana1961\",\"https:\\\/\\\/x.com\\\/https:\\\/\\\/twitter.com\\\/daner_004\"],\"url\":\"https:\\\/\\\/sergiolapegue.com\\\/site\\\/author\\\/daniel\\\/\"}]}<\/script>\n<!-- \/ Yoast SEO plugin. -->","yoast_head_json":{"title":"LOS \u00c1RBOLES MUEREN DE PIE - Sergio Lapegue","robots":{"index":"index","follow":"follow","max-snippet":"max-snippet:-1","max-image-preview":"max-image-preview:large","max-video-preview":"max-video-preview:-1"},"canonical":"https:\/\/sergiolapegue.com\/site\/2025\/05\/14\/los-arboles-mueren-de-pie-2\/","og_locale":"es_ES","og_type":"article","og_title":"LOS \u00c1RBOLES MUEREN DE PIE - Sergio Lapegue","og_description":"El cl\u00e1sico de Alejandro Casona, se presentara el 23 de mayo a las 20:30 horas en el Teatro El Alambique y el 24 y 31 de mayo a las 18:00 horas en el Teatro Colonial, con adaptaci\u00f3n, direcci\u00f3n y actuaci\u00f3n especial de N\u00e9stor Hidalgo, el cual est\u00e1 acompa\u00f1ado por Mirta Basso, Sergio R\u00edos, Evelyn Tremoceiro, [&hellip;]","og_url":"https:\/\/sergiolapegue.com\/site\/2025\/05\/14\/los-arboles-mueren-de-pie-2\/","og_site_name":"Sergio Lapegue","article_publisher":"https:\/\/facebook.com\/sergiolapegue","article_author":"https:\/\/facebook.com\/danielernesto.montana","article_published_time":"2025-05-14T04:00:00+00:00","og_image":[{"width":460,"height":201,"url":"https:\/\/sergiolapegue.com\/site\/wp-content\/uploads\/2025\/05\/Los-arboles-mueren-de-pie.jpeg","type":"image\/jpeg"}],"author":"Daniel E. Monta\u00f1a","twitter_card":"summary_large_image","twitter_creator":"@https:\/\/twitter.com\/daner_004","twitter_site":"@sergiolapegue","twitter_misc":{"Escrito por":"Daniel E. Monta\u00f1a","Tiempo de lectura":"3 minutos"},"schema":{"@context":"https:\/\/schema.org","@graph":[{"@type":"Article","@id":"https:\/\/sergiolapegue.com\/site\/2025\/05\/14\/los-arboles-mueren-de-pie-2\/#article","isPartOf":{"@id":"https:\/\/sergiolapegue.com\/site\/2025\/05\/14\/los-arboles-mueren-de-pie-2\/"},"author":{"name":"Daniel E. Monta\u00f1a","@id":"https:\/\/sergiolapegue.com\/site\/#\/schema\/person\/9198e7dbab43c6d74d0fd5399af7c3cd"},"headline":"LOS \u00c1RBOLES MUEREN DE PIE","datePublished":"2025-05-14T04:00:00+00:00","mainEntityOfPage":{"@id":"https:\/\/sergiolapegue.com\/site\/2025\/05\/14\/los-arboles-mueren-de-pie-2\/"},"wordCount":430,"commentCount":0,"publisher":{"@id":"https:\/\/sergiolapegue.com\/site\/#\/schema\/person\/083aeceeb0734cd166779ea6c0551a37"},"image":{"@id":"https:\/\/sergiolapegue.com\/site\/2025\/05\/14\/los-arboles-mueren-de-pie-2\/#primaryimage"},"thumbnailUrl":"https:\/\/sergiolapegue.com\/site\/wp-content\/uploads\/2025\/05\/Los-arboles-mueren-de-pie.jpeg","articleSection":["Arte","Teatro"],"inLanguage":"es-AR","potentialAction":[{"@type":"CommentAction","name":"Comment","target":["https:\/\/sergiolapegue.com\/site\/2025\/05\/14\/los-arboles-mueren-de-pie-2\/#respond"]}]},{"@type":"WebPage","@id":"https:\/\/sergiolapegue.com\/site\/2025\/05\/14\/los-arboles-mueren-de-pie-2\/","url":"https:\/\/sergiolapegue.com\/site\/2025\/05\/14\/los-arboles-mueren-de-pie-2\/","name":"LOS \u00c1RBOLES MUEREN DE PIE - Sergio Lapegue","isPartOf":{"@id":"https:\/\/sergiolapegue.com\/site\/#website"},"primaryImageOfPage":{"@id":"https:\/\/sergiolapegue.com\/site\/2025\/05\/14\/los-arboles-mueren-de-pie-2\/#primaryimage"},"image":{"@id":"https:\/\/sergiolapegue.com\/site\/2025\/05\/14\/los-arboles-mueren-de-pie-2\/#primaryimage"},"thumbnailUrl":"https:\/\/sergiolapegue.com\/site\/wp-content\/uploads\/2025\/05\/Los-arboles-mueren-de-pie.jpeg","datePublished":"2025-05-14T04:00:00+00:00","breadcrumb":{"@id":"https:\/\/sergiolapegue.com\/site\/2025\/05\/14\/los-arboles-mueren-de-pie-2\/#breadcrumb"},"inLanguage":"es-AR","potentialAction":[{"@type":"ReadAction","target":["https:\/\/sergiolapegue.com\/site\/2025\/05\/14\/los-arboles-mueren-de-pie-2\/"]}]},{"@type":"ImageObject","inLanguage":"es-AR","@id":"https:\/\/sergiolapegue.com\/site\/2025\/05\/14\/los-arboles-mueren-de-pie-2\/#primaryimage","url":"https:\/\/sergiolapegue.com\/site\/wp-content\/uploads\/2025\/05\/Los-arboles-mueren-de-pie.jpeg","contentUrl":"https:\/\/sergiolapegue.com\/site\/wp-content\/uploads\/2025\/05\/Los-arboles-mueren-de-pie.jpeg","width":460,"height":201},{"@type":"BreadcrumbList","@id":"https:\/\/sergiolapegue.com\/site\/2025\/05\/14\/los-arboles-mueren-de-pie-2\/#breadcrumb","itemListElement":[{"@type":"ListItem","position":1,"name":"Inicio","item":"https:\/\/sergiolapegue.com\/site\/"},{"@type":"ListItem","position":2,"name":"LOS \u00c1RBOLES MUEREN DE PIE"}]},{"@type":"WebSite","@id":"https:\/\/sergiolapegue.com\/site\/#website","url":"https:\/\/sergiolapegue.com\/site\/","name":"Sergio Lapegue","description":"Periodista","publisher":{"@id":"https:\/\/sergiolapegue.com\/site\/#\/schema\/person\/083aeceeb0734cd166779ea6c0551a37"},"potentialAction":[{"@type":"SearchAction","target":{"@type":"EntryPoint","urlTemplate":"https:\/\/sergiolapegue.com\/site\/?s={search_term_string}"},"query-input":{"@type":"PropertyValueSpecification","valueRequired":true,"valueName":"search_term_string"}}],"inLanguage":"es-AR"},{"@type":["Person","Organization"],"@id":"https:\/\/sergiolapegue.com\/site\/#\/schema\/person\/083aeceeb0734cd166779ea6c0551a37","name":"Sergio Lapegue","image":{"@type":"ImageObject","inLanguage":"es-AR","@id":"https:\/\/sergiolapegue.com\/site\/wp-content\/uploads\/2021\/04\/logo_header-1.png","url":"https:\/\/sergiolapegue.com\/site\/wp-content\/uploads\/2021\/04\/logo_header-1.png","contentUrl":"https:\/\/sergiolapegue.com\/site\/wp-content\/uploads\/2021\/04\/logo_header-1.png","width":272,"height":90,"caption":"Sergio Lapegue"},"logo":{"@id":"https:\/\/sergiolapegue.com\/site\/wp-content\/uploads\/2021\/04\/logo_header-1.png"},"sameAs":["https:\/\/facebook.com\/sergiolapegue","https:\/\/instagram.com\/sergiolapegue","https:\/\/x.com\/https:\/\/twitter.com\/sergiolapegue"]},{"@type":"Person","@id":"https:\/\/sergiolapegue.com\/site\/#\/schema\/person\/9198e7dbab43c6d74d0fd5399af7c3cd","name":"Daniel E. Monta\u00f1a","image":{"@type":"ImageObject","inLanguage":"es-AR","@id":"https:\/\/sergiolapegue.com\/site\/wp-content\/uploads\/2021\/04\/sl_avatar_Daniel-150x150.jpg","url":"https:\/\/sergiolapegue.com\/site\/wp-content\/uploads\/2021\/04\/sl_avatar_Daniel-150x150.jpg","contentUrl":"https:\/\/sergiolapegue.com\/site\/wp-content\/uploads\/2021\/04\/sl_avatar_Daniel-150x150.jpg","caption":"Daniel E. Monta\u00f1a"},"sameAs":["https:\/\/facebook.com\/danielernesto.montana","https:\/\/instagram.com\/daniel_montana1961","https:\/\/x.com\/https:\/\/twitter.com\/daner_004"],"url":"https:\/\/sergiolapegue.com\/site\/author\/daniel\/"}]}},"_links":{"self":[{"href":"https:\/\/sergiolapegue.com\/site\/wp-json\/wp\/v2\/posts\/22741","targetHints":{"allow":["GET"]}}],"collection":[{"href":"https:\/\/sergiolapegue.com\/site\/wp-json\/wp\/v2\/posts"}],"about":[{"href":"https:\/\/sergiolapegue.com\/site\/wp-json\/wp\/v2\/types\/post"}],"author":[{"embeddable":true,"href":"https:\/\/sergiolapegue.com\/site\/wp-json\/wp\/v2\/users\/3"}],"replies":[{"embeddable":true,"href":"https:\/\/sergiolapegue.com\/site\/wp-json\/wp\/v2\/comments?post=22741"}],"version-history":[{"count":1,"href":"https:\/\/sergiolapegue.com\/site\/wp-json\/wp\/v2\/posts\/22741\/revisions"}],"predecessor-version":[{"id":22745,"href":"https:\/\/sergiolapegue.com\/site\/wp-json\/wp\/v2\/posts\/22741\/revisions\/22745"}],"wp:featuredmedia":[{"embeddable":true,"href":"https:\/\/sergiolapegue.com\/site\/wp-json\/wp\/v2\/media\/22744"}],"wp:attachment":[{"href":"https:\/\/sergiolapegue.com\/site\/wp-json\/wp\/v2\/media?parent=22741"}],"wp:term":[{"taxonomy":"category","embeddable":true,"href":"https:\/\/sergiolapegue.com\/site\/wp-json\/wp\/v2\/categories?post=22741"},{"taxonomy":"post_tag","embeddable":true,"href":"https:\/\/sergiolapegue.com\/site\/wp-json\/wp\/v2\/tags?post=22741"}],"curies":[{"name":"wp","href":"https:\/\/api.w.org\/{rel}","templated":true}]}}