{"id":22728,"date":"2025-05-13T02:45:00","date_gmt":"2025-05-13T05:45:00","guid":{"rendered":"https:\/\/sergiolapegue.com\/site\/?p=22728"},"modified":"2025-05-13T02:40:59","modified_gmt":"2025-05-13T05:40:59","slug":"empalme-lobos","status":"publish","type":"post","link":"https:\/\/sergiolapegue.com\/site\/2025\/05\/13\/empalme-lobos\/","title":{"rendered":"EMPALME LOBOS"},"content":{"rendered":"\n<p>Luego de agotar localidades en marzo y abril, extendieron su temporada a los&nbsp;s\u00e1bados de mayo y junio a las 22:00 horas en Espacio Callej\u00f3n.<\/p>\n\n\n\n<p>Empalme lobos, es una obra de&nbsp;Miguel Montes&nbsp;con direcci\u00f3n de&nbsp;Andr\u00e9s Garc\u00eda Dietze y Silvina Bailo, que habla&nbsp;sobre&nbsp;tres amigos, interpretados por&nbsp;Claudio Amato,&nbsp;Federico&nbsp;Ibarra y Dar\u00edo Set, que en un viaje en bicicleta, enfrentan imprevistos que sacuden sus v\u00ednculos y los confrontan con sus deseos, frustraciones y modelos de vida.<\/p>\n\n\n\n<figure class=\"wp-block-image size-full is-resized\"><img loading=\"lazy\" decoding=\"async\" width=\"596\" height=\"613\" src=\"https:\/\/sergiolapegue.com\/site\/wp-content\/uploads\/2025\/05\/Empalme-Lobos-1.jpeg\" alt=\"\" class=\"wp-image-22729\" style=\"width:696px;height:auto\" srcset=\"https:\/\/sergiolapegue.com\/site\/wp-content\/uploads\/2025\/05\/Empalme-Lobos-1.jpeg 596w, https:\/\/sergiolapegue.com\/site\/wp-content\/uploads\/2025\/05\/Empalme-Lobos-1-292x300.jpeg 292w, https:\/\/sergiolapegue.com\/site\/wp-content\/uploads\/2025\/05\/Empalme-Lobos-1-408x420.jpeg 408w\" sizes=\"auto, (max-width: 596px) 100vw, 596px\" \/><\/figure>\n\n\n\n<p><strong>SINOPSIS<\/strong><\/p>\n\n\n\n<p>Tres amigos en mitad de sus vidas, pedaleando en un camino rural. A medida que avanzan el paisaje se va enrareciendo, quiz\u00e1s el&nbsp;camino resulte menos ingenuo y no tan recreativo como pensaban, aunque lejos qued\u00f3 el punto de partida, e incierto es todav\u00eda el&nbsp;punto de llegada.&nbsp;<\/p>\n\n\n\n<p>Parece no haber mapas, todo se va trazando a medida que se&nbsp;recorre. Y ese recorrido tambi\u00e9n est\u00e1 atravesado por cuestiones&nbsp;que tienen ver con la generaci\u00f3n a la que pertenecen,&nbsp;y&nbsp;de c\u00f3mo los&nbsp;imprevistos que van surgiendo van poniendo en evidencia ciertos&nbsp;modelos de ser y de vincularse que comienzan a agrietarse.&nbsp;<\/p>\n\n\n\n<p>Y es justamente en esas grietas donde transitamos junto a ellos los deseos ocultos, las frustraciones, lo que no se termina de decir pero est\u00e1 latente, buscando la forma de salir de alguna manera.<\/p>\n\n\n\n<figure class=\"wp-block-image size-full\"><img loading=\"lazy\" decoding=\"async\" width=\"726\" height=\"555\" src=\"https:\/\/sergiolapegue.com\/site\/wp-content\/uploads\/2025\/05\/Empalme-Lobos-5.jpeg\" alt=\"\" class=\"wp-image-22730\" srcset=\"https:\/\/sergiolapegue.com\/site\/wp-content\/uploads\/2025\/05\/Empalme-Lobos-5.jpeg 726w, https:\/\/sergiolapegue.com\/site\/wp-content\/uploads\/2025\/05\/Empalme-Lobos-5-300x229.jpeg 300w, https:\/\/sergiolapegue.com\/site\/wp-content\/uploads\/2025\/05\/Empalme-Lobos-5-549x420.jpeg 549w, https:\/\/sergiolapegue.com\/site\/wp-content\/uploads\/2025\/05\/Empalme-Lobos-5-80x60.jpeg 80w, https:\/\/sergiolapegue.com\/site\/wp-content\/uploads\/2025\/05\/Empalme-Lobos-5-696x532.jpeg 696w\" sizes=\"auto, (max-width: 726px) 100vw, 726px\" \/><\/figure>\n\n\n\n<p><strong>FICHA T\u00c9CNICO ART\u00cdSTICA<\/strong><\/p>\n\n\n\n<p><strong>Dramaturgia:<\/strong>&nbsp;Miguel Montes<\/p>\n\n\n\n<p><strong>Act\u00faan:<\/strong>&nbsp;Claudio Amato en el papel de Emiliano&nbsp;<\/p>\n\n\n\n<p>\u00a0\u00a0\u00a0\u00a0\u00a0\u00a0\u00a0\u00a0\u00a0\u00a0\u00a0\u00a0 Federico\u00a0Ibarra en el papel de Ariel<\/p>\n\n\n\n<p>\u00a0\u00a0\u00a0\u00a0\u00a0\u00a0\u00a0\u00a0\u00a0\u00a0\u00a0\u00a0 Dar\u00edo Set en el papel de Pedro<\/p>\n\n\n\n<p><strong>Dise\u00f1o de iluminaci\u00f3n:<\/strong>&nbsp;Leandro&nbsp;Orellano<\/p>\n\n\n\n<p><strong>Dise\u00f1o&nbsp;sonoro:<\/strong>&nbsp;Guillermo&nbsp;Pesoa<\/p>\n\n\n\n<p><strong>Dise\u00f1o escenogr\u00e1fico y arte:<\/strong>&nbsp;Nora&nbsp;Monkman y Federico&nbsp;Hurtado<\/p>\n\n\n\n<p><strong>Prensa:<\/strong>&nbsp;Kevin Melgar (0KM Prensa)<\/p>\n\n\n\n<p><strong>Producci\u00f3n ejecutiva:<\/strong>&nbsp;Anabella Llanos<\/p>\n\n\n\n<p><strong>Producci\u00f3n general:<\/strong>&nbsp;Grupo Punto Fijo<\/p>\n\n\n\n<p><strong>Direcci\u00f3n:<\/strong>&nbsp;Andr\u00e9s Garc\u00eda&nbsp;Dietze&nbsp;y&nbsp;Silvina Bailo<\/p>\n\n\n\n<p><strong>Instagram:<\/strong> @puntofijoteatro<\/p>\n\n\n\n<p><strong>Duraci\u00f3n:<\/strong> 60 minutos<\/p>\n\n\n\n<p><strong>Clasificaci\u00f3n:<\/strong> Teatro \u2013 Presencial \u2013 Adultos<\/p>\n\n\n\n<figure class=\"wp-block-image size-full\"><img loading=\"lazy\" decoding=\"async\" width=\"723\" height=\"513\" src=\"https:\/\/sergiolapegue.com\/site\/wp-content\/uploads\/2025\/05\/Empalme-Lobos-4.jpeg\" alt=\"\" class=\"wp-image-22731\" srcset=\"https:\/\/sergiolapegue.com\/site\/wp-content\/uploads\/2025\/05\/Empalme-Lobos-4.jpeg 723w, https:\/\/sergiolapegue.com\/site\/wp-content\/uploads\/2025\/05\/Empalme-Lobos-4-300x213.jpeg 300w, https:\/\/sergiolapegue.com\/site\/wp-content\/uploads\/2025\/05\/Empalme-Lobos-4-592x420.jpeg 592w, https:\/\/sergiolapegue.com\/site\/wp-content\/uploads\/2025\/05\/Empalme-Lobos-4-696x494.jpeg 696w\" sizes=\"auto, (max-width: 723px) 100vw, 723px\" \/><\/figure>\n\n\n\n<p><strong>ESPACIO CALLEJ\u00d3N<\/strong><\/p>\n\n\n\n<p>Humahuaca 3759 \u2013 Capital Federal \u2013 Buenos Aires \u2013 Argentina<\/p>\n\n\n\n<p>Web: <a href=\"https:\/\/www.instagram.com\/espacio_callejon\/\">https:\/\/www.instagram.com\/espacio_callejon\/<\/a><\/p>\n\n\n\n<p>Entradas: $ 15.000 \u2013 en boleter\u00eda del teatro o por Alternativa Teatral<\/p>\n\n\n\n<p>Funciones: S\u00e1bado 22:00 horas \u2013 Hasta el 28\/06\/2025<\/p>\n\n\n\n<p>Gracias Kevin Melgar de 0KM Prensa por enviarnos la gacetilla de prensa de este espect\u00e1culo.<\/p>\n\n\n\n<p><\/p>\n","protected":false},"excerpt":{"rendered":"<p>Luego de agotar localidades en marzo y abril, extendieron su temporada a los&nbsp;s\u00e1bados de mayo y junio a las 22:00 horas en Espacio Callej\u00f3n. Empalme lobos, es una obra de&nbsp;Miguel Montes&nbsp;con direcci\u00f3n de&nbsp;Andr\u00e9s Garc\u00eda Dietze y Silvina Bailo, que habla&nbsp;sobre&nbsp;tres amigos, interpretados por&nbsp;Claudio Amato,&nbsp;Federico&nbsp;Ibarra y Dar\u00edo Set, que en un viaje en bicicleta, enfrentan imprevistos [&hellip;]<\/p>\n","protected":false},"author":3,"featured_media":22732,"comment_status":"open","ping_status":"closed","sticky":false,"template":"","format":"standard","meta":{"footnotes":""},"categories":[34,35],"tags":[],"class_list":{"0":"post-22728","1":"post","2":"type-post","3":"status-publish","4":"format-standard","5":"has-post-thumbnail","7":"category-arte","8":"category-teatro"},"yoast_head":"<!-- This site is optimized with the Yoast SEO plugin v27.4 - https:\/\/yoast.com\/product\/yoast-seo-wordpress\/ -->\n<title>EMPALME LOBOS - Sergio Lapegue<\/title>\n<meta name=\"robots\" content=\"index, follow, max-snippet:-1, max-image-preview:large, max-video-preview:-1\" \/>\n<link rel=\"canonical\" href=\"https:\/\/sergiolapegue.com\/site\/2025\/05\/13\/empalme-lobos\/\" \/>\n<meta property=\"og:locale\" content=\"es_ES\" \/>\n<meta property=\"og:type\" content=\"article\" \/>\n<meta property=\"og:title\" content=\"EMPALME LOBOS - Sergio Lapegue\" \/>\n<meta property=\"og:description\" content=\"Luego de agotar localidades en marzo y abril, extendieron su temporada a los&nbsp;s\u00e1bados de mayo y junio a las 22:00 horas en Espacio Callej\u00f3n. Empalme lobos, es una obra de&nbsp;Miguel Montes&nbsp;con direcci\u00f3n de&nbsp;Andr\u00e9s Garc\u00eda Dietze y Silvina Bailo, que habla&nbsp;sobre&nbsp;tres amigos, interpretados por&nbsp;Claudio Amato,&nbsp;Federico&nbsp;Ibarra y Dar\u00edo Set, que en un viaje en bicicleta, enfrentan imprevistos [&hellip;]\" \/>\n<meta property=\"og:url\" content=\"https:\/\/sergiolapegue.com\/site\/2025\/05\/13\/empalme-lobos\/\" \/>\n<meta property=\"og:site_name\" content=\"Sergio Lapegue\" \/>\n<meta property=\"article:publisher\" content=\"https:\/\/facebook.com\/sergiolapegue\" \/>\n<meta property=\"article:author\" content=\"https:\/\/facebook.com\/danielernesto.montana\" \/>\n<meta property=\"article:published_time\" content=\"2025-05-13T05:45:00+00:00\" \/>\n<meta property=\"og:image\" content=\"https:\/\/sergiolapegue.com\/site\/wp-content\/uploads\/2025\/05\/Empalme-Lobos.jpg\" \/>\n\t<meta property=\"og:image:width\" content=\"657\" \/>\n\t<meta property=\"og:image:height\" content=\"850\" \/>\n\t<meta property=\"og:image:type\" content=\"image\/jpeg\" \/>\n<meta name=\"author\" content=\"Daniel E. Monta\u00f1a\" \/>\n<meta name=\"twitter:card\" content=\"summary_large_image\" \/>\n<meta name=\"twitter:creator\" content=\"@https:\/\/twitter.com\/daner_004\" \/>\n<meta name=\"twitter:site\" content=\"@sergiolapegue\" \/>\n<meta name=\"twitter:label1\" content=\"Escrito por\" \/>\n\t<meta name=\"twitter:data1\" content=\"Daniel E. Monta\u00f1a\" \/>\n\t<meta name=\"twitter:label2\" content=\"Tiempo de lectura\" \/>\n\t<meta name=\"twitter:data2\" content=\"3 minutos\" \/>\n<script type=\"application\/ld+json\" class=\"yoast-schema-graph\">{\"@context\":\"https:\\\/\\\/schema.org\",\"@graph\":[{\"@type\":\"Article\",\"@id\":\"https:\\\/\\\/sergiolapegue.com\\\/site\\\/2025\\\/05\\\/13\\\/empalme-lobos\\\/#article\",\"isPartOf\":{\"@id\":\"https:\\\/\\\/sergiolapegue.com\\\/site\\\/2025\\\/05\\\/13\\\/empalme-lobos\\\/\"},\"author\":{\"name\":\"Daniel E. Monta\u00f1a\",\"@id\":\"https:\\\/\\\/sergiolapegue.com\\\/site\\\/#\\\/schema\\\/person\\\/9198e7dbab43c6d74d0fd5399af7c3cd\"},\"headline\":\"EMPALME LOBOS\",\"datePublished\":\"2025-05-13T05:45:00+00:00\",\"mainEntityOfPage\":{\"@id\":\"https:\\\/\\\/sergiolapegue.com\\\/site\\\/2025\\\/05\\\/13\\\/empalme-lobos\\\/\"},\"wordCount\":405,\"commentCount\":0,\"publisher\":{\"@id\":\"https:\\\/\\\/sergiolapegue.com\\\/site\\\/#\\\/schema\\\/person\\\/083aeceeb0734cd166779ea6c0551a37\"},\"image\":{\"@id\":\"https:\\\/\\\/sergiolapegue.com\\\/site\\\/2025\\\/05\\\/13\\\/empalme-lobos\\\/#primaryimage\"},\"thumbnailUrl\":\"https:\\\/\\\/sergiolapegue.com\\\/site\\\/wp-content\\\/uploads\\\/2025\\\/05\\\/Empalme-Lobos.jpg\",\"articleSection\":[\"Arte\",\"Teatro\"],\"inLanguage\":\"es-AR\",\"potentialAction\":[{\"@type\":\"CommentAction\",\"name\":\"Comment\",\"target\":[\"https:\\\/\\\/sergiolapegue.com\\\/site\\\/2025\\\/05\\\/13\\\/empalme-lobos\\\/#respond\"]}]},{\"@type\":\"WebPage\",\"@id\":\"https:\\\/\\\/sergiolapegue.com\\\/site\\\/2025\\\/05\\\/13\\\/empalme-lobos\\\/\",\"url\":\"https:\\\/\\\/sergiolapegue.com\\\/site\\\/2025\\\/05\\\/13\\\/empalme-lobos\\\/\",\"name\":\"EMPALME LOBOS - Sergio Lapegue\",\"isPartOf\":{\"@id\":\"https:\\\/\\\/sergiolapegue.com\\\/site\\\/#website\"},\"primaryImageOfPage\":{\"@id\":\"https:\\\/\\\/sergiolapegue.com\\\/site\\\/2025\\\/05\\\/13\\\/empalme-lobos\\\/#primaryimage\"},\"image\":{\"@id\":\"https:\\\/\\\/sergiolapegue.com\\\/site\\\/2025\\\/05\\\/13\\\/empalme-lobos\\\/#primaryimage\"},\"thumbnailUrl\":\"https:\\\/\\\/sergiolapegue.com\\\/site\\\/wp-content\\\/uploads\\\/2025\\\/05\\\/Empalme-Lobos.jpg\",\"datePublished\":\"2025-05-13T05:45:00+00:00\",\"breadcrumb\":{\"@id\":\"https:\\\/\\\/sergiolapegue.com\\\/site\\\/2025\\\/05\\\/13\\\/empalme-lobos\\\/#breadcrumb\"},\"inLanguage\":\"es-AR\",\"potentialAction\":[{\"@type\":\"ReadAction\",\"target\":[\"https:\\\/\\\/sergiolapegue.com\\\/site\\\/2025\\\/05\\\/13\\\/empalme-lobos\\\/\"]}]},{\"@type\":\"ImageObject\",\"inLanguage\":\"es-AR\",\"@id\":\"https:\\\/\\\/sergiolapegue.com\\\/site\\\/2025\\\/05\\\/13\\\/empalme-lobos\\\/#primaryimage\",\"url\":\"https:\\\/\\\/sergiolapegue.com\\\/site\\\/wp-content\\\/uploads\\\/2025\\\/05\\\/Empalme-Lobos.jpg\",\"contentUrl\":\"https:\\\/\\\/sergiolapegue.com\\\/site\\\/wp-content\\\/uploads\\\/2025\\\/05\\\/Empalme-Lobos.jpg\",\"width\":657,\"height\":850},{\"@type\":\"BreadcrumbList\",\"@id\":\"https:\\\/\\\/sergiolapegue.com\\\/site\\\/2025\\\/05\\\/13\\\/empalme-lobos\\\/#breadcrumb\",\"itemListElement\":[{\"@type\":\"ListItem\",\"position\":1,\"name\":\"Inicio\",\"item\":\"https:\\\/\\\/sergiolapegue.com\\\/site\\\/\"},{\"@type\":\"ListItem\",\"position\":2,\"name\":\"EMPALME LOBOS\"}]},{\"@type\":\"WebSite\",\"@id\":\"https:\\\/\\\/sergiolapegue.com\\\/site\\\/#website\",\"url\":\"https:\\\/\\\/sergiolapegue.com\\\/site\\\/\",\"name\":\"Sergio Lapegue\",\"description\":\"Periodista\",\"publisher\":{\"@id\":\"https:\\\/\\\/sergiolapegue.com\\\/site\\\/#\\\/schema\\\/person\\\/083aeceeb0734cd166779ea6c0551a37\"},\"potentialAction\":[{\"@type\":\"SearchAction\",\"target\":{\"@type\":\"EntryPoint\",\"urlTemplate\":\"https:\\\/\\\/sergiolapegue.com\\\/site\\\/?s={search_term_string}\"},\"query-input\":{\"@type\":\"PropertyValueSpecification\",\"valueRequired\":true,\"valueName\":\"search_term_string\"}}],\"inLanguage\":\"es-AR\"},{\"@type\":[\"Person\",\"Organization\"],\"@id\":\"https:\\\/\\\/sergiolapegue.com\\\/site\\\/#\\\/schema\\\/person\\\/083aeceeb0734cd166779ea6c0551a37\",\"name\":\"Sergio Lapegue\",\"image\":{\"@type\":\"ImageObject\",\"inLanguage\":\"es-AR\",\"@id\":\"https:\\\/\\\/sergiolapegue.com\\\/site\\\/wp-content\\\/uploads\\\/2021\\\/04\\\/logo_header-1.png\",\"url\":\"https:\\\/\\\/sergiolapegue.com\\\/site\\\/wp-content\\\/uploads\\\/2021\\\/04\\\/logo_header-1.png\",\"contentUrl\":\"https:\\\/\\\/sergiolapegue.com\\\/site\\\/wp-content\\\/uploads\\\/2021\\\/04\\\/logo_header-1.png\",\"width\":272,\"height\":90,\"caption\":\"Sergio Lapegue\"},\"logo\":{\"@id\":\"https:\\\/\\\/sergiolapegue.com\\\/site\\\/wp-content\\\/uploads\\\/2021\\\/04\\\/logo_header-1.png\"},\"sameAs\":[\"https:\\\/\\\/facebook.com\\\/sergiolapegue\",\"https:\\\/\\\/instagram.com\\\/sergiolapegue\",\"https:\\\/\\\/x.com\\\/https:\\\/\\\/twitter.com\\\/sergiolapegue\"]},{\"@type\":\"Person\",\"@id\":\"https:\\\/\\\/sergiolapegue.com\\\/site\\\/#\\\/schema\\\/person\\\/9198e7dbab43c6d74d0fd5399af7c3cd\",\"name\":\"Daniel E. Monta\u00f1a\",\"image\":{\"@type\":\"ImageObject\",\"inLanguage\":\"es-AR\",\"@id\":\"https:\\\/\\\/sergiolapegue.com\\\/site\\\/wp-content\\\/uploads\\\/2021\\\/04\\\/sl_avatar_Daniel-150x150.jpg\",\"url\":\"https:\\\/\\\/sergiolapegue.com\\\/site\\\/wp-content\\\/uploads\\\/2021\\\/04\\\/sl_avatar_Daniel-150x150.jpg\",\"contentUrl\":\"https:\\\/\\\/sergiolapegue.com\\\/site\\\/wp-content\\\/uploads\\\/2021\\\/04\\\/sl_avatar_Daniel-150x150.jpg\",\"caption\":\"Daniel E. Monta\u00f1a\"},\"sameAs\":[\"https:\\\/\\\/facebook.com\\\/danielernesto.montana\",\"https:\\\/\\\/instagram.com\\\/daniel_montana1961\",\"https:\\\/\\\/x.com\\\/https:\\\/\\\/twitter.com\\\/daner_004\"],\"url\":\"https:\\\/\\\/sergiolapegue.com\\\/site\\\/author\\\/daniel\\\/\"}]}<\/script>\n<!-- \/ Yoast SEO plugin. -->","yoast_head_json":{"title":"EMPALME LOBOS - Sergio Lapegue","robots":{"index":"index","follow":"follow","max-snippet":"max-snippet:-1","max-image-preview":"max-image-preview:large","max-video-preview":"max-video-preview:-1"},"canonical":"https:\/\/sergiolapegue.com\/site\/2025\/05\/13\/empalme-lobos\/","og_locale":"es_ES","og_type":"article","og_title":"EMPALME LOBOS - Sergio Lapegue","og_description":"Luego de agotar localidades en marzo y abril, extendieron su temporada a los&nbsp;s\u00e1bados de mayo y junio a las 22:00 horas en Espacio Callej\u00f3n. Empalme lobos, es una obra de&nbsp;Miguel Montes&nbsp;con direcci\u00f3n de&nbsp;Andr\u00e9s Garc\u00eda Dietze y Silvina Bailo, que habla&nbsp;sobre&nbsp;tres amigos, interpretados por&nbsp;Claudio Amato,&nbsp;Federico&nbsp;Ibarra y Dar\u00edo Set, que en un viaje en bicicleta, enfrentan imprevistos [&hellip;]","og_url":"https:\/\/sergiolapegue.com\/site\/2025\/05\/13\/empalme-lobos\/","og_site_name":"Sergio Lapegue","article_publisher":"https:\/\/facebook.com\/sergiolapegue","article_author":"https:\/\/facebook.com\/danielernesto.montana","article_published_time":"2025-05-13T05:45:00+00:00","og_image":[{"width":657,"height":850,"url":"https:\/\/sergiolapegue.com\/site\/wp-content\/uploads\/2025\/05\/Empalme-Lobos.jpg","type":"image\/jpeg"}],"author":"Daniel E. Monta\u00f1a","twitter_card":"summary_large_image","twitter_creator":"@https:\/\/twitter.com\/daner_004","twitter_site":"@sergiolapegue","twitter_misc":{"Escrito por":"Daniel E. Monta\u00f1a","Tiempo de lectura":"3 minutos"},"schema":{"@context":"https:\/\/schema.org","@graph":[{"@type":"Article","@id":"https:\/\/sergiolapegue.com\/site\/2025\/05\/13\/empalme-lobos\/#article","isPartOf":{"@id":"https:\/\/sergiolapegue.com\/site\/2025\/05\/13\/empalme-lobos\/"},"author":{"name":"Daniel E. Monta\u00f1a","@id":"https:\/\/sergiolapegue.com\/site\/#\/schema\/person\/9198e7dbab43c6d74d0fd5399af7c3cd"},"headline":"EMPALME LOBOS","datePublished":"2025-05-13T05:45:00+00:00","mainEntityOfPage":{"@id":"https:\/\/sergiolapegue.com\/site\/2025\/05\/13\/empalme-lobos\/"},"wordCount":405,"commentCount":0,"publisher":{"@id":"https:\/\/sergiolapegue.com\/site\/#\/schema\/person\/083aeceeb0734cd166779ea6c0551a37"},"image":{"@id":"https:\/\/sergiolapegue.com\/site\/2025\/05\/13\/empalme-lobos\/#primaryimage"},"thumbnailUrl":"https:\/\/sergiolapegue.com\/site\/wp-content\/uploads\/2025\/05\/Empalme-Lobos.jpg","articleSection":["Arte","Teatro"],"inLanguage":"es-AR","potentialAction":[{"@type":"CommentAction","name":"Comment","target":["https:\/\/sergiolapegue.com\/site\/2025\/05\/13\/empalme-lobos\/#respond"]}]},{"@type":"WebPage","@id":"https:\/\/sergiolapegue.com\/site\/2025\/05\/13\/empalme-lobos\/","url":"https:\/\/sergiolapegue.com\/site\/2025\/05\/13\/empalme-lobos\/","name":"EMPALME LOBOS - Sergio Lapegue","isPartOf":{"@id":"https:\/\/sergiolapegue.com\/site\/#website"},"primaryImageOfPage":{"@id":"https:\/\/sergiolapegue.com\/site\/2025\/05\/13\/empalme-lobos\/#primaryimage"},"image":{"@id":"https:\/\/sergiolapegue.com\/site\/2025\/05\/13\/empalme-lobos\/#primaryimage"},"thumbnailUrl":"https:\/\/sergiolapegue.com\/site\/wp-content\/uploads\/2025\/05\/Empalme-Lobos.jpg","datePublished":"2025-05-13T05:45:00+00:00","breadcrumb":{"@id":"https:\/\/sergiolapegue.com\/site\/2025\/05\/13\/empalme-lobos\/#breadcrumb"},"inLanguage":"es-AR","potentialAction":[{"@type":"ReadAction","target":["https:\/\/sergiolapegue.com\/site\/2025\/05\/13\/empalme-lobos\/"]}]},{"@type":"ImageObject","inLanguage":"es-AR","@id":"https:\/\/sergiolapegue.com\/site\/2025\/05\/13\/empalme-lobos\/#primaryimage","url":"https:\/\/sergiolapegue.com\/site\/wp-content\/uploads\/2025\/05\/Empalme-Lobos.jpg","contentUrl":"https:\/\/sergiolapegue.com\/site\/wp-content\/uploads\/2025\/05\/Empalme-Lobos.jpg","width":657,"height":850},{"@type":"BreadcrumbList","@id":"https:\/\/sergiolapegue.com\/site\/2025\/05\/13\/empalme-lobos\/#breadcrumb","itemListElement":[{"@type":"ListItem","position":1,"name":"Inicio","item":"https:\/\/sergiolapegue.com\/site\/"},{"@type":"ListItem","position":2,"name":"EMPALME LOBOS"}]},{"@type":"WebSite","@id":"https:\/\/sergiolapegue.com\/site\/#website","url":"https:\/\/sergiolapegue.com\/site\/","name":"Sergio Lapegue","description":"Periodista","publisher":{"@id":"https:\/\/sergiolapegue.com\/site\/#\/schema\/person\/083aeceeb0734cd166779ea6c0551a37"},"potentialAction":[{"@type":"SearchAction","target":{"@type":"EntryPoint","urlTemplate":"https:\/\/sergiolapegue.com\/site\/?s={search_term_string}"},"query-input":{"@type":"PropertyValueSpecification","valueRequired":true,"valueName":"search_term_string"}}],"inLanguage":"es-AR"},{"@type":["Person","Organization"],"@id":"https:\/\/sergiolapegue.com\/site\/#\/schema\/person\/083aeceeb0734cd166779ea6c0551a37","name":"Sergio Lapegue","image":{"@type":"ImageObject","inLanguage":"es-AR","@id":"https:\/\/sergiolapegue.com\/site\/wp-content\/uploads\/2021\/04\/logo_header-1.png","url":"https:\/\/sergiolapegue.com\/site\/wp-content\/uploads\/2021\/04\/logo_header-1.png","contentUrl":"https:\/\/sergiolapegue.com\/site\/wp-content\/uploads\/2021\/04\/logo_header-1.png","width":272,"height":90,"caption":"Sergio Lapegue"},"logo":{"@id":"https:\/\/sergiolapegue.com\/site\/wp-content\/uploads\/2021\/04\/logo_header-1.png"},"sameAs":["https:\/\/facebook.com\/sergiolapegue","https:\/\/instagram.com\/sergiolapegue","https:\/\/x.com\/https:\/\/twitter.com\/sergiolapegue"]},{"@type":"Person","@id":"https:\/\/sergiolapegue.com\/site\/#\/schema\/person\/9198e7dbab43c6d74d0fd5399af7c3cd","name":"Daniel E. Monta\u00f1a","image":{"@type":"ImageObject","inLanguage":"es-AR","@id":"https:\/\/sergiolapegue.com\/site\/wp-content\/uploads\/2021\/04\/sl_avatar_Daniel-150x150.jpg","url":"https:\/\/sergiolapegue.com\/site\/wp-content\/uploads\/2021\/04\/sl_avatar_Daniel-150x150.jpg","contentUrl":"https:\/\/sergiolapegue.com\/site\/wp-content\/uploads\/2021\/04\/sl_avatar_Daniel-150x150.jpg","caption":"Daniel E. Monta\u00f1a"},"sameAs":["https:\/\/facebook.com\/danielernesto.montana","https:\/\/instagram.com\/daniel_montana1961","https:\/\/x.com\/https:\/\/twitter.com\/daner_004"],"url":"https:\/\/sergiolapegue.com\/site\/author\/daniel\/"}]}},"_links":{"self":[{"href":"https:\/\/sergiolapegue.com\/site\/wp-json\/wp\/v2\/posts\/22728","targetHints":{"allow":["GET"]}}],"collection":[{"href":"https:\/\/sergiolapegue.com\/site\/wp-json\/wp\/v2\/posts"}],"about":[{"href":"https:\/\/sergiolapegue.com\/site\/wp-json\/wp\/v2\/types\/post"}],"author":[{"embeddable":true,"href":"https:\/\/sergiolapegue.com\/site\/wp-json\/wp\/v2\/users\/3"}],"replies":[{"embeddable":true,"href":"https:\/\/sergiolapegue.com\/site\/wp-json\/wp\/v2\/comments?post=22728"}],"version-history":[{"count":1,"href":"https:\/\/sergiolapegue.com\/site\/wp-json\/wp\/v2\/posts\/22728\/revisions"}],"predecessor-version":[{"id":22733,"href":"https:\/\/sergiolapegue.com\/site\/wp-json\/wp\/v2\/posts\/22728\/revisions\/22733"}],"wp:featuredmedia":[{"embeddable":true,"href":"https:\/\/sergiolapegue.com\/site\/wp-json\/wp\/v2\/media\/22732"}],"wp:attachment":[{"href":"https:\/\/sergiolapegue.com\/site\/wp-json\/wp\/v2\/media?parent=22728"}],"wp:term":[{"taxonomy":"category","embeddable":true,"href":"https:\/\/sergiolapegue.com\/site\/wp-json\/wp\/v2\/categories?post=22728"},{"taxonomy":"post_tag","embeddable":true,"href":"https:\/\/sergiolapegue.com\/site\/wp-json\/wp\/v2\/tags?post=22728"}],"curies":[{"name":"wp","href":"https:\/\/api.w.org\/{rel}","templated":true}]}}