{"id":22693,"date":"2025-05-11T01:00:00","date_gmt":"2025-05-11T04:00:00","guid":{"rendered":"https:\/\/sergiolapegue.com\/site\/?p=22693"},"modified":"2025-05-10T23:59:08","modified_gmt":"2025-05-11T02:59:08","slug":"la-desgracia","status":"publish","type":"post","link":"https:\/\/sergiolapegue.com\/site\/2025\/05\/11\/la-desgracia\/","title":{"rendered":"LA DESGRACIA"},"content":{"rendered":"\n<p>\u201cLa desgracia\u201d inici\u00f3 como un proyecto de tesis deJuan Mart\u00edn Delgado y Mariano Condoluci, y sin imaginarlo, escal\u00f3 a lo m\u00e1s alto, la obra de teatro&nbsp;que ya lleva&nbsp;8 temporadas y que aborda y pone en jaque una multiplicidad de temas: pol\u00edtica, corrupci\u00f3n, iglesia, poder. Adem\u00e1s muestra el lado sensible y vulnerable de las personas.<\/p>\n\n\n\n<p>Se presenta todos los martes a las 20:45 horas en el Paseo La Plaza \u2013 Sala Pablo Neruda.<\/p>\n\n\n\n<figure class=\"wp-block-image size-full is-resized\"><img loading=\"lazy\" decoding=\"async\" width=\"431\" height=\"413\" src=\"https:\/\/sergiolapegue.com\/site\/wp-content\/uploads\/2025\/05\/La-desgracia-1.jpeg\" alt=\"\" class=\"wp-image-22694\" style=\"width:696px;height:auto\" srcset=\"https:\/\/sergiolapegue.com\/site\/wp-content\/uploads\/2025\/05\/La-desgracia-1.jpeg 431w, https:\/\/sergiolapegue.com\/site\/wp-content\/uploads\/2025\/05\/La-desgracia-1-300x287.jpeg 300w\" sizes=\"auto, (max-width: 431px) 100vw, 431px\" \/><\/figure>\n\n\n\n<p><strong>SINOPSIS<\/strong><\/p>\n\n\n\n<p>En un peque\u00f1o y conservador pueblo llamado &#8220;Terranova&#8221; se despierta una enfermedad mortal de transmisi\u00f3n sexual a la que llaman &#8220;la desgracia&#8221;. El esc\u00e1ndalo se evidencia cuando Anita, la joven hija de la intendente, es internada en la sala m\u00e9dica por encontrarse infectada. Como si esto no fuera suficiente desgracia, el \u00fanico doctor del pueblo es encontrado muerto en su consultorio a minutos de haber hallado la cura.<\/p>\n\n\n\n<p>Un asesinato misterioso, el fanatismo ideol\u00f3gico, el amor frustrado y la culpa son algunos de los ingredientes que tejen a trav\u00e9s de la farsa, la parodia y a un ritmo vertiginoso la trama de esta desopilante obra; con canciones que develan los deseos m\u00e1s profundos y sinceros de sus principales protagonistas.<\/p>\n\n\n\n<figure class=\"wp-block-image size-full is-resized\"><img loading=\"lazy\" decoding=\"async\" width=\"452\" height=\"623\" src=\"https:\/\/sergiolapegue.com\/site\/wp-content\/uploads\/2025\/05\/La-desgracia-2.jpeg\" alt=\"\" class=\"wp-image-22695\" style=\"width:696px;height:auto\" srcset=\"https:\/\/sergiolapegue.com\/site\/wp-content\/uploads\/2025\/05\/La-desgracia-2.jpeg 452w, https:\/\/sergiolapegue.com\/site\/wp-content\/uploads\/2025\/05\/La-desgracia-2-218x300.jpeg 218w, https:\/\/sergiolapegue.com\/site\/wp-content\/uploads\/2025\/05\/La-desgracia-2-305x420.jpeg 305w\" sizes=\"auto, (max-width: 452px) 100vw, 452px\" \/><\/figure>\n\n\n\n<p><strong>FICHA T\u00c9CNICO ART\u00cdSTICA<\/strong><strong><\/strong><\/p>\n\n\n\n<p><strong>Libro:<\/strong> Juan Mart\u00edn Delgado<\/p>\n\n\n\n<p><strong>Idea original:<\/strong> Juan Martin Delgado &#8211; Mariano Condoluci<\/p>\n\n\n\n<p><strong>Elenco:<\/strong> Andrea Lovera \u2013 Patricio Witis \u2013 Mariel Percossi \u2013 Antonella Fittipaldi \u2013 Georgina Tirotta \u2013 Alejandro Justiniano \u2013 Miguel G\u00f3mez Vicari \u2013 Luc\u00eda Perdig\u00f3n \u2013 \u00c1ngel Hern\u00e1ndez \u2013 Joaqu\u00edn Catarineu \u2013 Florencia Diez \u2013 Azul &#8220;Achu&#8221; Mazzeo<\/p>\n\n\n\n<p><strong>Banda:<\/strong> Francisco Mart\u00ednez Castro &#8211; Luis Aragona &#8211; Leandro Biera<\/p>\n\n\n\n<p><strong>Banda:<\/strong> Mayumi Aurora Urgino \u2013 Franco De Paoli \u2013 Aldana Bozzo \u2013 Jonathan Miale<\/p>\n\n\n\n<p><strong>Escenograf\u00eda:<\/strong> Magal\u00ed Acha<\/p>\n\n\n\n<p><strong>Dise\u00f1o de iluminaci\u00f3n:<\/strong> Mat\u00edas Pagliocca<\/p>\n\n\n\n<p><strong>Dise\u00f1o de sonido:<\/strong> Pablo Javier Aidelman<\/p>\n\n\n\n<p><strong>Sonido:<\/strong> ADR Sonido<\/p>\n\n\n\n<p><strong>Dise\u00f1o de vestuario:<\/strong> Marisol Casta\u00f1eda<\/p>\n\n\n\n<p><strong>Asistente de vestuario:<\/strong> Claudia Gonz\u00e1lez<\/p>\n\n\n\n<p><strong>Maquillaje:<\/strong> Miriam Manelli<\/p>\n\n\n\n<p><strong>Peinados:<\/strong> Miriam Manelli<\/p>\n\n\n\n<p><strong>M\u00fasica original:<\/strong> Francisco Mart\u00ednez Castro<\/p>\n\n\n\n<p><strong>Composici\u00f3n musical:<\/strong> Francisco Mart\u00ednez Castro<\/p>\n\n\n\n<p><strong>Direcci\u00f3n musical:<\/strong> Francisco Mart\u00ednez Castro<\/p>\n\n\n\n<p><strong>Arreglos musicales:<\/strong> Francisco Mart\u00ednez Castro \u2013 Rodrigo Mart\u00ednez Castro<\/p>\n\n\n\n<p><strong>Arreglos vocales:<\/strong> Francisco Mart\u00ednez Castro<\/p>\n\n\n\n<p><strong>Letras:<\/strong> Juan Mart\u00edn Delgado<\/p>\n\n\n\n<p><strong>Direcci\u00f3n vocal:<\/strong> Francisco Mart\u00ednez Castro<\/p>\n\n\n\n<p><strong>Asistencia de direcci\u00f3n musical:<\/strong> Rodrigo Mart\u00ednez Castro<\/p>\n\n\n\n<p><strong>Coreograf\u00eda:<\/strong> Juan Martin Delgado<\/p>\n\n\n\n<p><strong>Asistencia de coreograf\u00eda:<\/strong> Maia Delgado<\/p>\n\n\n\n<p><strong>Fotograf\u00eda:<\/strong> Fiorella Romay<\/p>\n\n\n\n<p><strong>Foto gr\u00e1fica:<\/strong> Nacho Lunadei<\/p>\n\n\n\n<p><strong>Dise\u00f1o gr\u00e1fico:<\/strong> Andrea Rodr\u00edguez Montelongo<\/p>\n\n\n\n<p><strong>Redes sociales:<\/strong> Alba Castellano<\/p>\n\n\n\n<p><strong>Stage manager:<\/strong> Mariana Zourarakis<\/p>\n\n\n\n<p><strong>Asistencia de escena:<\/strong> Florencia Ortega<\/p>\n\n\n\n<p><strong>Asistencia de direcci\u00f3n:<\/strong> Mariana Zourarakis<\/p>\n\n\n\n<p><strong>Producci\u00f3n ejecutiva:<\/strong> Luciana Cuenca<\/p>\n\n\n\n<p><strong>Direcci\u00f3n general:<\/strong> Juan Mart\u00edn Delgado<\/p>\n\n\n\n<p><strong>Instagram:<\/strong> @ladesgraciaok<\/p>\n\n\n\n<p><strong>Duraci\u00f3n:<\/strong> 90 minutos<\/p>\n\n\n\n<p><strong>Clasificaci\u00f3n:<\/strong> Teatro \u2013 Presencial \u2013 Adultos \u2013 Comedia musical<\/p>\n\n\n\n<figure class=\"wp-block-image size-full is-resized\"><img loading=\"lazy\" decoding=\"async\" width=\"457\" height=\"746\" src=\"https:\/\/sergiolapegue.com\/site\/wp-content\/uploads\/2025\/05\/La-desgracia-3.jpeg\" alt=\"\" class=\"wp-image-22696\" style=\"width:696px;height:auto\" srcset=\"https:\/\/sergiolapegue.com\/site\/wp-content\/uploads\/2025\/05\/La-desgracia-3.jpeg 457w, https:\/\/sergiolapegue.com\/site\/wp-content\/uploads\/2025\/05\/La-desgracia-3-184x300.jpeg 184w, https:\/\/sergiolapegue.com\/site\/wp-content\/uploads\/2025\/05\/La-desgracia-3-257x420.jpeg 257w\" sizes=\"auto, (max-width: 457px) 100vw, 457px\" \/><\/figure>\n\n\n\n<p><strong>PASEO LA PLAZA \u2013 SALA PABLO NERUDA<\/strong><\/p>\n\n\n\n<p>Av. Corrientes 1660 \u2013 Capital Federal \u2013 Buenos Aires \u2013 Argentina<\/p>\n\n\n\n<p>Tel\u00e9fono: 6320-5300<\/p>\n\n\n\n<p>Entradas: $ 26.000 \u2013 en boleter\u00eda del teatro o por Plateanet<\/p>\n\n\n\n<p>Funciones: Martes 20:45 horas \u2013 Desde el 25\/032025<\/p>\n\n\n\n<p>Gracias BMZ Comunicaciones por hacernos llegar la gacetilla de prensa de este excelente espect\u00e1culo musical.<\/p>\n\n\n\n<p><\/p>\n","protected":false},"excerpt":{"rendered":"<p>\u201cLa desgracia\u201d inici\u00f3 como un proyecto de tesis deJuan Mart\u00edn Delgado y Mariano Condoluci, y sin imaginarlo, escal\u00f3 a lo m\u00e1s alto, la obra de teatro&nbsp;que ya lleva&nbsp;8 temporadas y que aborda y pone en jaque una multiplicidad de temas: pol\u00edtica, corrupci\u00f3n, iglesia, poder. Adem\u00e1s muestra el lado sensible y vulnerable de las personas. Se [&hellip;]<\/p>\n","protected":false},"author":3,"featured_media":22697,"comment_status":"open","ping_status":"closed","sticky":false,"template":"","format":"standard","meta":{"footnotes":""},"categories":[34,35],"tags":[],"class_list":{"0":"post-22693","1":"post","2":"type-post","3":"status-publish","4":"format-standard","5":"has-post-thumbnail","7":"category-arte","8":"category-teatro"},"yoast_head":"<!-- This site is optimized with the Yoast SEO plugin v27.5 - https:\/\/yoast.com\/product\/yoast-seo-wordpress\/ -->\n<title>LA DESGRACIA - Sergio Lapegue<\/title>\n<meta name=\"robots\" content=\"index, follow, max-snippet:-1, max-image-preview:large, max-video-preview:-1\" \/>\n<link rel=\"canonical\" href=\"https:\/\/sergiolapegue.com\/site\/2025\/05\/11\/la-desgracia\/\" \/>\n<meta property=\"og:locale\" content=\"es_ES\" \/>\n<meta property=\"og:type\" content=\"article\" \/>\n<meta property=\"og:title\" content=\"LA DESGRACIA - Sergio Lapegue\" \/>\n<meta property=\"og:description\" content=\"\u201cLa desgracia\u201d inici\u00f3 como un proyecto de tesis deJuan Mart\u00edn Delgado y Mariano Condoluci, y sin imaginarlo, escal\u00f3 a lo m\u00e1s alto, la obra de teatro&nbsp;que ya lleva&nbsp;8 temporadas y que aborda y pone en jaque una multiplicidad de temas: pol\u00edtica, corrupci\u00f3n, iglesia, poder. Adem\u00e1s muestra el lado sensible y vulnerable de las personas. Se [&hellip;]\" \/>\n<meta property=\"og:url\" content=\"https:\/\/sergiolapegue.com\/site\/2025\/05\/11\/la-desgracia\/\" \/>\n<meta property=\"og:site_name\" content=\"Sergio Lapegue\" \/>\n<meta property=\"article:publisher\" content=\"https:\/\/facebook.com\/sergiolapegue\" \/>\n<meta property=\"article:author\" content=\"https:\/\/facebook.com\/danielernesto.montana\" \/>\n<meta property=\"article:published_time\" content=\"2025-05-11T04:00:00+00:00\" \/>\n<meta property=\"og:image\" content=\"https:\/\/sergiolapegue.com\/site\/wp-content\/uploads\/2025\/05\/La-desgracia.png\" \/>\n\t<meta property=\"og:image:width\" content=\"900\" \/>\n\t<meta property=\"og:image:height\" content=\"500\" \/>\n\t<meta property=\"og:image:type\" content=\"image\/png\" \/>\n<meta name=\"author\" content=\"Daniel E. Monta\u00f1a\" \/>\n<meta name=\"twitter:card\" content=\"summary_large_image\" \/>\n<meta name=\"twitter:creator\" content=\"@https:\/\/twitter.com\/daner_004\" \/>\n<meta name=\"twitter:site\" content=\"@sergiolapegue\" \/>\n<meta name=\"twitter:label1\" content=\"Escrito por\" \/>\n\t<meta name=\"twitter:data1\" content=\"Daniel E. Monta\u00f1a\" \/>\n\t<meta name=\"twitter:label2\" content=\"Tiempo de lectura\" \/>\n\t<meta name=\"twitter:data2\" content=\"3 minutos\" \/>\n<script type=\"application\/ld+json\" class=\"yoast-schema-graph\">{\"@context\":\"https:\\\/\\\/schema.org\",\"@graph\":[{\"@type\":\"Article\",\"@id\":\"https:\\\/\\\/sergiolapegue.com\\\/site\\\/2025\\\/05\\\/11\\\/la-desgracia\\\/#article\",\"isPartOf\":{\"@id\":\"https:\\\/\\\/sergiolapegue.com\\\/site\\\/2025\\\/05\\\/11\\\/la-desgracia\\\/\"},\"author\":{\"name\":\"Daniel E. Monta\u00f1a\",\"@id\":\"https:\\\/\\\/sergiolapegue.com\\\/site\\\/#\\\/schema\\\/person\\\/9198e7dbab43c6d74d0fd5399af7c3cd\"},\"headline\":\"LA DESGRACIA\",\"datePublished\":\"2025-05-11T04:00:00+00:00\",\"mainEntityOfPage\":{\"@id\":\"https:\\\/\\\/sergiolapegue.com\\\/site\\\/2025\\\/05\\\/11\\\/la-desgracia\\\/\"},\"wordCount\":495,\"commentCount\":0,\"publisher\":{\"@id\":\"https:\\\/\\\/sergiolapegue.com\\\/site\\\/#\\\/schema\\\/person\\\/083aeceeb0734cd166779ea6c0551a37\"},\"image\":{\"@id\":\"https:\\\/\\\/sergiolapegue.com\\\/site\\\/2025\\\/05\\\/11\\\/la-desgracia\\\/#primaryimage\"},\"thumbnailUrl\":\"https:\\\/\\\/sergiolapegue.com\\\/site\\\/wp-content\\\/uploads\\\/2025\\\/05\\\/La-desgracia.png\",\"articleSection\":[\"Arte\",\"Teatro\"],\"inLanguage\":\"es-AR\",\"potentialAction\":[{\"@type\":\"CommentAction\",\"name\":\"Comment\",\"target\":[\"https:\\\/\\\/sergiolapegue.com\\\/site\\\/2025\\\/05\\\/11\\\/la-desgracia\\\/#respond\"]}]},{\"@type\":\"WebPage\",\"@id\":\"https:\\\/\\\/sergiolapegue.com\\\/site\\\/2025\\\/05\\\/11\\\/la-desgracia\\\/\",\"url\":\"https:\\\/\\\/sergiolapegue.com\\\/site\\\/2025\\\/05\\\/11\\\/la-desgracia\\\/\",\"name\":\"LA DESGRACIA - Sergio Lapegue\",\"isPartOf\":{\"@id\":\"https:\\\/\\\/sergiolapegue.com\\\/site\\\/#website\"},\"primaryImageOfPage\":{\"@id\":\"https:\\\/\\\/sergiolapegue.com\\\/site\\\/2025\\\/05\\\/11\\\/la-desgracia\\\/#primaryimage\"},\"image\":{\"@id\":\"https:\\\/\\\/sergiolapegue.com\\\/site\\\/2025\\\/05\\\/11\\\/la-desgracia\\\/#primaryimage\"},\"thumbnailUrl\":\"https:\\\/\\\/sergiolapegue.com\\\/site\\\/wp-content\\\/uploads\\\/2025\\\/05\\\/La-desgracia.png\",\"datePublished\":\"2025-05-11T04:00:00+00:00\",\"breadcrumb\":{\"@id\":\"https:\\\/\\\/sergiolapegue.com\\\/site\\\/2025\\\/05\\\/11\\\/la-desgracia\\\/#breadcrumb\"},\"inLanguage\":\"es-AR\",\"potentialAction\":[{\"@type\":\"ReadAction\",\"target\":[\"https:\\\/\\\/sergiolapegue.com\\\/site\\\/2025\\\/05\\\/11\\\/la-desgracia\\\/\"]}]},{\"@type\":\"ImageObject\",\"inLanguage\":\"es-AR\",\"@id\":\"https:\\\/\\\/sergiolapegue.com\\\/site\\\/2025\\\/05\\\/11\\\/la-desgracia\\\/#primaryimage\",\"url\":\"https:\\\/\\\/sergiolapegue.com\\\/site\\\/wp-content\\\/uploads\\\/2025\\\/05\\\/La-desgracia.png\",\"contentUrl\":\"https:\\\/\\\/sergiolapegue.com\\\/site\\\/wp-content\\\/uploads\\\/2025\\\/05\\\/La-desgracia.png\",\"width\":900,\"height\":500},{\"@type\":\"BreadcrumbList\",\"@id\":\"https:\\\/\\\/sergiolapegue.com\\\/site\\\/2025\\\/05\\\/11\\\/la-desgracia\\\/#breadcrumb\",\"itemListElement\":[{\"@type\":\"ListItem\",\"position\":1,\"name\":\"Inicio\",\"item\":\"https:\\\/\\\/sergiolapegue.com\\\/site\\\/\"},{\"@type\":\"ListItem\",\"position\":2,\"name\":\"LA DESGRACIA\"}]},{\"@type\":\"WebSite\",\"@id\":\"https:\\\/\\\/sergiolapegue.com\\\/site\\\/#website\",\"url\":\"https:\\\/\\\/sergiolapegue.com\\\/site\\\/\",\"name\":\"Sergio Lapegue\",\"description\":\"Periodista\",\"publisher\":{\"@id\":\"https:\\\/\\\/sergiolapegue.com\\\/site\\\/#\\\/schema\\\/person\\\/083aeceeb0734cd166779ea6c0551a37\"},\"potentialAction\":[{\"@type\":\"SearchAction\",\"target\":{\"@type\":\"EntryPoint\",\"urlTemplate\":\"https:\\\/\\\/sergiolapegue.com\\\/site\\\/?s={search_term_string}\"},\"query-input\":{\"@type\":\"PropertyValueSpecification\",\"valueRequired\":true,\"valueName\":\"search_term_string\"}}],\"inLanguage\":\"es-AR\"},{\"@type\":[\"Person\",\"Organization\"],\"@id\":\"https:\\\/\\\/sergiolapegue.com\\\/site\\\/#\\\/schema\\\/person\\\/083aeceeb0734cd166779ea6c0551a37\",\"name\":\"Sergio Lapegue\",\"image\":{\"@type\":\"ImageObject\",\"inLanguage\":\"es-AR\",\"@id\":\"https:\\\/\\\/sergiolapegue.com\\\/site\\\/wp-content\\\/uploads\\\/2021\\\/04\\\/logo_header-1.png\",\"url\":\"https:\\\/\\\/sergiolapegue.com\\\/site\\\/wp-content\\\/uploads\\\/2021\\\/04\\\/logo_header-1.png\",\"contentUrl\":\"https:\\\/\\\/sergiolapegue.com\\\/site\\\/wp-content\\\/uploads\\\/2021\\\/04\\\/logo_header-1.png\",\"width\":272,\"height\":90,\"caption\":\"Sergio Lapegue\"},\"logo\":{\"@id\":\"https:\\\/\\\/sergiolapegue.com\\\/site\\\/wp-content\\\/uploads\\\/2021\\\/04\\\/logo_header-1.png\"},\"sameAs\":[\"https:\\\/\\\/facebook.com\\\/sergiolapegue\",\"https:\\\/\\\/instagram.com\\\/sergiolapegue\",\"https:\\\/\\\/x.com\\\/https:\\\/\\\/twitter.com\\\/sergiolapegue\"]},{\"@type\":\"Person\",\"@id\":\"https:\\\/\\\/sergiolapegue.com\\\/site\\\/#\\\/schema\\\/person\\\/9198e7dbab43c6d74d0fd5399af7c3cd\",\"name\":\"Daniel E. Monta\u00f1a\",\"image\":{\"@type\":\"ImageObject\",\"inLanguage\":\"es-AR\",\"@id\":\"https:\\\/\\\/sergiolapegue.com\\\/site\\\/wp-content\\\/uploads\\\/2021\\\/04\\\/sl_avatar_Daniel-150x150.jpg\",\"url\":\"https:\\\/\\\/sergiolapegue.com\\\/site\\\/wp-content\\\/uploads\\\/2021\\\/04\\\/sl_avatar_Daniel-150x150.jpg\",\"contentUrl\":\"https:\\\/\\\/sergiolapegue.com\\\/site\\\/wp-content\\\/uploads\\\/2021\\\/04\\\/sl_avatar_Daniel-150x150.jpg\",\"caption\":\"Daniel E. Monta\u00f1a\"},\"sameAs\":[\"https:\\\/\\\/facebook.com\\\/danielernesto.montana\",\"https:\\\/\\\/instagram.com\\\/daniel_montana1961\",\"https:\\\/\\\/x.com\\\/https:\\\/\\\/twitter.com\\\/daner_004\"],\"url\":\"https:\\\/\\\/sergiolapegue.com\\\/site\\\/author\\\/daniel\\\/\"}]}<\/script>\n<!-- \/ Yoast SEO plugin. -->","yoast_head_json":{"title":"LA DESGRACIA - Sergio Lapegue","robots":{"index":"index","follow":"follow","max-snippet":"max-snippet:-1","max-image-preview":"max-image-preview:large","max-video-preview":"max-video-preview:-1"},"canonical":"https:\/\/sergiolapegue.com\/site\/2025\/05\/11\/la-desgracia\/","og_locale":"es_ES","og_type":"article","og_title":"LA DESGRACIA - Sergio Lapegue","og_description":"\u201cLa desgracia\u201d inici\u00f3 como un proyecto de tesis deJuan Mart\u00edn Delgado y Mariano Condoluci, y sin imaginarlo, escal\u00f3 a lo m\u00e1s alto, la obra de teatro&nbsp;que ya lleva&nbsp;8 temporadas y que aborda y pone en jaque una multiplicidad de temas: pol\u00edtica, corrupci\u00f3n, iglesia, poder. Adem\u00e1s muestra el lado sensible y vulnerable de las personas. Se [&hellip;]","og_url":"https:\/\/sergiolapegue.com\/site\/2025\/05\/11\/la-desgracia\/","og_site_name":"Sergio Lapegue","article_publisher":"https:\/\/facebook.com\/sergiolapegue","article_author":"https:\/\/facebook.com\/danielernesto.montana","article_published_time":"2025-05-11T04:00:00+00:00","og_image":[{"width":900,"height":500,"url":"https:\/\/sergiolapegue.com\/site\/wp-content\/uploads\/2025\/05\/La-desgracia.png","type":"image\/png"}],"author":"Daniel E. Monta\u00f1a","twitter_card":"summary_large_image","twitter_creator":"@https:\/\/twitter.com\/daner_004","twitter_site":"@sergiolapegue","twitter_misc":{"Escrito por":"Daniel E. Monta\u00f1a","Tiempo de lectura":"3 minutos"},"schema":{"@context":"https:\/\/schema.org","@graph":[{"@type":"Article","@id":"https:\/\/sergiolapegue.com\/site\/2025\/05\/11\/la-desgracia\/#article","isPartOf":{"@id":"https:\/\/sergiolapegue.com\/site\/2025\/05\/11\/la-desgracia\/"},"author":{"name":"Daniel E. Monta\u00f1a","@id":"https:\/\/sergiolapegue.com\/site\/#\/schema\/person\/9198e7dbab43c6d74d0fd5399af7c3cd"},"headline":"LA DESGRACIA","datePublished":"2025-05-11T04:00:00+00:00","mainEntityOfPage":{"@id":"https:\/\/sergiolapegue.com\/site\/2025\/05\/11\/la-desgracia\/"},"wordCount":495,"commentCount":0,"publisher":{"@id":"https:\/\/sergiolapegue.com\/site\/#\/schema\/person\/083aeceeb0734cd166779ea6c0551a37"},"image":{"@id":"https:\/\/sergiolapegue.com\/site\/2025\/05\/11\/la-desgracia\/#primaryimage"},"thumbnailUrl":"https:\/\/sergiolapegue.com\/site\/wp-content\/uploads\/2025\/05\/La-desgracia.png","articleSection":["Arte","Teatro"],"inLanguage":"es-AR","potentialAction":[{"@type":"CommentAction","name":"Comment","target":["https:\/\/sergiolapegue.com\/site\/2025\/05\/11\/la-desgracia\/#respond"]}]},{"@type":"WebPage","@id":"https:\/\/sergiolapegue.com\/site\/2025\/05\/11\/la-desgracia\/","url":"https:\/\/sergiolapegue.com\/site\/2025\/05\/11\/la-desgracia\/","name":"LA DESGRACIA - Sergio Lapegue","isPartOf":{"@id":"https:\/\/sergiolapegue.com\/site\/#website"},"primaryImageOfPage":{"@id":"https:\/\/sergiolapegue.com\/site\/2025\/05\/11\/la-desgracia\/#primaryimage"},"image":{"@id":"https:\/\/sergiolapegue.com\/site\/2025\/05\/11\/la-desgracia\/#primaryimage"},"thumbnailUrl":"https:\/\/sergiolapegue.com\/site\/wp-content\/uploads\/2025\/05\/La-desgracia.png","datePublished":"2025-05-11T04:00:00+00:00","breadcrumb":{"@id":"https:\/\/sergiolapegue.com\/site\/2025\/05\/11\/la-desgracia\/#breadcrumb"},"inLanguage":"es-AR","potentialAction":[{"@type":"ReadAction","target":["https:\/\/sergiolapegue.com\/site\/2025\/05\/11\/la-desgracia\/"]}]},{"@type":"ImageObject","inLanguage":"es-AR","@id":"https:\/\/sergiolapegue.com\/site\/2025\/05\/11\/la-desgracia\/#primaryimage","url":"https:\/\/sergiolapegue.com\/site\/wp-content\/uploads\/2025\/05\/La-desgracia.png","contentUrl":"https:\/\/sergiolapegue.com\/site\/wp-content\/uploads\/2025\/05\/La-desgracia.png","width":900,"height":500},{"@type":"BreadcrumbList","@id":"https:\/\/sergiolapegue.com\/site\/2025\/05\/11\/la-desgracia\/#breadcrumb","itemListElement":[{"@type":"ListItem","position":1,"name":"Inicio","item":"https:\/\/sergiolapegue.com\/site\/"},{"@type":"ListItem","position":2,"name":"LA DESGRACIA"}]},{"@type":"WebSite","@id":"https:\/\/sergiolapegue.com\/site\/#website","url":"https:\/\/sergiolapegue.com\/site\/","name":"Sergio Lapegue","description":"Periodista","publisher":{"@id":"https:\/\/sergiolapegue.com\/site\/#\/schema\/person\/083aeceeb0734cd166779ea6c0551a37"},"potentialAction":[{"@type":"SearchAction","target":{"@type":"EntryPoint","urlTemplate":"https:\/\/sergiolapegue.com\/site\/?s={search_term_string}"},"query-input":{"@type":"PropertyValueSpecification","valueRequired":true,"valueName":"search_term_string"}}],"inLanguage":"es-AR"},{"@type":["Person","Organization"],"@id":"https:\/\/sergiolapegue.com\/site\/#\/schema\/person\/083aeceeb0734cd166779ea6c0551a37","name":"Sergio Lapegue","image":{"@type":"ImageObject","inLanguage":"es-AR","@id":"https:\/\/sergiolapegue.com\/site\/wp-content\/uploads\/2021\/04\/logo_header-1.png","url":"https:\/\/sergiolapegue.com\/site\/wp-content\/uploads\/2021\/04\/logo_header-1.png","contentUrl":"https:\/\/sergiolapegue.com\/site\/wp-content\/uploads\/2021\/04\/logo_header-1.png","width":272,"height":90,"caption":"Sergio Lapegue"},"logo":{"@id":"https:\/\/sergiolapegue.com\/site\/wp-content\/uploads\/2021\/04\/logo_header-1.png"},"sameAs":["https:\/\/facebook.com\/sergiolapegue","https:\/\/instagram.com\/sergiolapegue","https:\/\/x.com\/https:\/\/twitter.com\/sergiolapegue"]},{"@type":"Person","@id":"https:\/\/sergiolapegue.com\/site\/#\/schema\/person\/9198e7dbab43c6d74d0fd5399af7c3cd","name":"Daniel E. Monta\u00f1a","image":{"@type":"ImageObject","inLanguage":"es-AR","@id":"https:\/\/sergiolapegue.com\/site\/wp-content\/uploads\/2021\/04\/sl_avatar_Daniel-150x150.jpg","url":"https:\/\/sergiolapegue.com\/site\/wp-content\/uploads\/2021\/04\/sl_avatar_Daniel-150x150.jpg","contentUrl":"https:\/\/sergiolapegue.com\/site\/wp-content\/uploads\/2021\/04\/sl_avatar_Daniel-150x150.jpg","caption":"Daniel E. Monta\u00f1a"},"sameAs":["https:\/\/facebook.com\/danielernesto.montana","https:\/\/instagram.com\/daniel_montana1961","https:\/\/x.com\/https:\/\/twitter.com\/daner_004"],"url":"https:\/\/sergiolapegue.com\/site\/author\/daniel\/"}]}},"_links":{"self":[{"href":"https:\/\/sergiolapegue.com\/site\/wp-json\/wp\/v2\/posts\/22693","targetHints":{"allow":["GET"]}}],"collection":[{"href":"https:\/\/sergiolapegue.com\/site\/wp-json\/wp\/v2\/posts"}],"about":[{"href":"https:\/\/sergiolapegue.com\/site\/wp-json\/wp\/v2\/types\/post"}],"author":[{"embeddable":true,"href":"https:\/\/sergiolapegue.com\/site\/wp-json\/wp\/v2\/users\/3"}],"replies":[{"embeddable":true,"href":"https:\/\/sergiolapegue.com\/site\/wp-json\/wp\/v2\/comments?post=22693"}],"version-history":[{"count":1,"href":"https:\/\/sergiolapegue.com\/site\/wp-json\/wp\/v2\/posts\/22693\/revisions"}],"predecessor-version":[{"id":22698,"href":"https:\/\/sergiolapegue.com\/site\/wp-json\/wp\/v2\/posts\/22693\/revisions\/22698"}],"wp:featuredmedia":[{"embeddable":true,"href":"https:\/\/sergiolapegue.com\/site\/wp-json\/wp\/v2\/media\/22697"}],"wp:attachment":[{"href":"https:\/\/sergiolapegue.com\/site\/wp-json\/wp\/v2\/media?parent=22693"}],"wp:term":[{"taxonomy":"category","embeddable":true,"href":"https:\/\/sergiolapegue.com\/site\/wp-json\/wp\/v2\/categories?post=22693"},{"taxonomy":"post_tag","embeddable":true,"href":"https:\/\/sergiolapegue.com\/site\/wp-json\/wp\/v2\/tags?post=22693"}],"curies":[{"name":"wp","href":"https:\/\/api.w.org\/{rel}","templated":true}]}}