{"id":22684,"date":"2025-05-10T17:00:00","date_gmt":"2025-05-10T20:00:00","guid":{"rendered":"https:\/\/sergiolapegue.com\/site\/?p=22684"},"modified":"2025-05-10T05:54:31","modified_gmt":"2025-05-10T08:54:31","slug":"hedda-garcia-blaquier","status":"publish","type":"post","link":"https:\/\/sergiolapegue.com\/site\/2025\/05\/10\/hedda-garcia-blaquier\/","title":{"rendered":"HEDDA GARC\u00cdA BLAQUIER"},"content":{"rendered":"\n<p>Desde el 2 de mayo se puede ver la obra &#8220;HEDDA GARC\u00cdA BLAQUIER&#8221;,&nbsp;escrita y dirigida por Lisandro Fiks.&nbsp;<\/p>\n\n\n\n<p>Una adaptaci\u00f3n, en la Argentina de hoy, de la emblem\u00e1tica&nbsp;Hedda Gabler&nbsp;de Henrik Ibsen y cuenta con las actuaciones de Federico Marrale, Ezequiel Rodr\u00edguez, Sof\u00eda Gonz\u00e1lez, Martina Zalazar y Lisandro Fiks.<\/p>\n\n\n\n<p>Con el auspicio de la&nbsp;Real Embajada de Noruega.<\/p>\n\n\n\n<p>Se presenta los d\u00edas viernes de mayo, junio y parte de julio a las 20:00 horas en El Galp\u00f3n de Guevara.<\/p>\n\n\n\n<figure class=\"wp-block-image size-large\"><img loading=\"lazy\" decoding=\"async\" width=\"1024\" height=\"683\" src=\"https:\/\/sergiolapegue.com\/site\/wp-content\/uploads\/2025\/05\/Hedda-Garcia-Blaquier-1-1024x683.jpg\" alt=\"\" class=\"wp-image-22685\" srcset=\"https:\/\/sergiolapegue.com\/site\/wp-content\/uploads\/2025\/05\/Hedda-Garcia-Blaquier-1-1024x683.jpg 1024w, https:\/\/sergiolapegue.com\/site\/wp-content\/uploads\/2025\/05\/Hedda-Garcia-Blaquier-1-300x200.jpg 300w, https:\/\/sergiolapegue.com\/site\/wp-content\/uploads\/2025\/05\/Hedda-Garcia-Blaquier-1-768x512.jpg 768w, https:\/\/sergiolapegue.com\/site\/wp-content\/uploads\/2025\/05\/Hedda-Garcia-Blaquier-1-1536x1024.jpg 1536w, https:\/\/sergiolapegue.com\/site\/wp-content\/uploads\/2025\/05\/Hedda-Garcia-Blaquier-1-2048x1365.jpg 2048w, https:\/\/sergiolapegue.com\/site\/wp-content\/uploads\/2025\/05\/Hedda-Garcia-Blaquier-1-630x420.jpg 630w, https:\/\/sergiolapegue.com\/site\/wp-content\/uploads\/2025\/05\/Hedda-Garcia-Blaquier-1-696x464.jpg 696w, https:\/\/sergiolapegue.com\/site\/wp-content\/uploads\/2025\/05\/Hedda-Garcia-Blaquier-1-1068x712.jpg 1068w, https:\/\/sergiolapegue.com\/site\/wp-content\/uploads\/2025\/05\/Hedda-Garcia-Blaquier-1-1920x1280.jpg 1920w\" sizes=\"auto, (max-width: 1024px) 100vw, 1024px\" \/><\/figure>\n\n\n\n<p><strong>SINOPSIS<\/strong><\/p>\n\n\n\n<p>El aburrimiento, el resentimiento, los celos, el despecho por un amor que no fue, el desprecio por las clases sociales inferiores, son algunos de los posibles motivos del accionar de Eda, una mujer arist\u00f3crata que padece la desventaja femenina frente al machismo de su entorno. Su matrimonio la condena a una vida aburrida, su casa es una prisi\u00f3n dom\u00e9stica, pero la llegada de una antigua compa\u00f1era de colegio que viene a pedir ayuda, la motiva para llevar adelante un juego peligroso de manipulaci\u00f3n y destrucci\u00f3n, tanto de ella misma c\u00f3mo de su entorno, y finalmente, todo se le va de las manos. \u00bfQu\u00e9 otros motores gu\u00edan los actos de Eda? Este es uno de los grandes interrogantes que Ibsen nos deja, lo que s\u00ed queda claro es que es una mujer que considera que una muerte digna tiene m\u00e1s valor que una vida pat\u00e9tica, y quiz\u00e1s \u00e9ste sea uno de los puntos fundamentales del por qu\u00e9 hace todo lo que hace.&nbsp;<\/p>\n\n\n\n<p>Las apariencias enga\u00f1an. Lo que parece un mundo en orden y control, esconde el caos m\u00e1s profundo, Joaqu\u00edn, Mariana, Anchorena, Mat\u00edas y Hedda, todos buscan algo, pero \u00bfa qu\u00e9 precio?<\/p>\n\n\n\n<figure class=\"wp-block-image size-large\"><img loading=\"lazy\" decoding=\"async\" width=\"1024\" height=\"683\" src=\"https:\/\/sergiolapegue.com\/site\/wp-content\/uploads\/2025\/05\/Hedda-Garcia-Blaquier-2-1024x683.jpg\" alt=\"\" class=\"wp-image-22686\" srcset=\"https:\/\/sergiolapegue.com\/site\/wp-content\/uploads\/2025\/05\/Hedda-Garcia-Blaquier-2-1024x683.jpg 1024w, https:\/\/sergiolapegue.com\/site\/wp-content\/uploads\/2025\/05\/Hedda-Garcia-Blaquier-2-300x200.jpg 300w, https:\/\/sergiolapegue.com\/site\/wp-content\/uploads\/2025\/05\/Hedda-Garcia-Blaquier-2-768x512.jpg 768w, https:\/\/sergiolapegue.com\/site\/wp-content\/uploads\/2025\/05\/Hedda-Garcia-Blaquier-2-1536x1024.jpg 1536w, https:\/\/sergiolapegue.com\/site\/wp-content\/uploads\/2025\/05\/Hedda-Garcia-Blaquier-2-2048x1365.jpg 2048w, https:\/\/sergiolapegue.com\/site\/wp-content\/uploads\/2025\/05\/Hedda-Garcia-Blaquier-2-630x420.jpg 630w, https:\/\/sergiolapegue.com\/site\/wp-content\/uploads\/2025\/05\/Hedda-Garcia-Blaquier-2-696x464.jpg 696w, https:\/\/sergiolapegue.com\/site\/wp-content\/uploads\/2025\/05\/Hedda-Garcia-Blaquier-2-1068x712.jpg 1068w, https:\/\/sergiolapegue.com\/site\/wp-content\/uploads\/2025\/05\/Hedda-Garcia-Blaquier-2-1920x1280.jpg 1920w\" sizes=\"auto, (max-width: 1024px) 100vw, 1024px\" \/><\/figure>\n\n\n\n<p><strong>PALABRAS DEL AUTOR \u2013 DIRECTOR<\/strong><\/p>\n\n\n\n<p>Hedda Gabler siempre me atrajo, considero que es uno de los personajes m\u00e1s complejos y misteriosos del teatro. Es dif\u00edcil comprender con claridad cu\u00e1les son las razones que la impulsan a generar tanto caos a su alrededor. Es considerada como una villana, pero a m\u00ed me resultaba poco interesante ponerle esa etiqueta. Adem\u00e1s de que Henrik Ibsen -adelantado a su tiempo- nos espeja, tanto en \u201cHedda Gabler\u201d como en \u201cCasa de Mu\u00f1ecas\u201d la semilla del feminismo est\u00e1 plantada de manera directa y clara. En ambas obras explora la condici\u00f3n de una mujer arist\u00f3crata teniendo que enfrentarse a las limitaciones que le son impuestas por la sociedad, una sociedad llena de mandatos, que las oprime y dificulta su b\u00fasqueda de identidad.&nbsp;<\/p>\n\n\n\n<p>\u201cHedda Gabler\u201d sucede en la Noruega de 1890. \u201cEda Garc\u00eda Blaquier\u201d mantiene el conflicto dram\u00e1tico original, pero el intento de esta versi\u00f3n tra\u00edda a la Argentina actual es que el p\u00fablico pueda identificarse sin dificultad. La obra invita a una reflexi\u00f3n profunda sobre temas y realidades socioculturales universales que el autor plante\u00f3 hace m\u00e1s de un siglo y que su magnitud, permite su reescritura. <strong>\u2013 Lisandro Fiks <\/strong><strong><\/strong><\/p>\n\n\n\n<figure class=\"wp-block-image size-large\"><img loading=\"lazy\" decoding=\"async\" width=\"1024\" height=\"683\" src=\"https:\/\/sergiolapegue.com\/site\/wp-content\/uploads\/2025\/05\/Hedda-Garcia-Blaquier-3-1024x683.jpg\" alt=\"\" class=\"wp-image-22687\" srcset=\"https:\/\/sergiolapegue.com\/site\/wp-content\/uploads\/2025\/05\/Hedda-Garcia-Blaquier-3-1024x683.jpg 1024w, https:\/\/sergiolapegue.com\/site\/wp-content\/uploads\/2025\/05\/Hedda-Garcia-Blaquier-3-300x200.jpg 300w, https:\/\/sergiolapegue.com\/site\/wp-content\/uploads\/2025\/05\/Hedda-Garcia-Blaquier-3-768x512.jpg 768w, https:\/\/sergiolapegue.com\/site\/wp-content\/uploads\/2025\/05\/Hedda-Garcia-Blaquier-3-1536x1024.jpg 1536w, https:\/\/sergiolapegue.com\/site\/wp-content\/uploads\/2025\/05\/Hedda-Garcia-Blaquier-3-2048x1365.jpg 2048w, https:\/\/sergiolapegue.com\/site\/wp-content\/uploads\/2025\/05\/Hedda-Garcia-Blaquier-3-630x420.jpg 630w, https:\/\/sergiolapegue.com\/site\/wp-content\/uploads\/2025\/05\/Hedda-Garcia-Blaquier-3-696x464.jpg 696w, https:\/\/sergiolapegue.com\/site\/wp-content\/uploads\/2025\/05\/Hedda-Garcia-Blaquier-3-1068x712.jpg 1068w, https:\/\/sergiolapegue.com\/site\/wp-content\/uploads\/2025\/05\/Hedda-Garcia-Blaquier-3-1920x1280.jpg 1920w\" sizes=\"auto, (max-width: 1024px) 100vw, 1024px\" \/><\/figure>\n\n\n\n<p><strong>FICHA T\u00c9CNICO ART\u00cdSTICA<\/strong><\/p>\n\n\n\n<p><strong>Dramaturgia:&nbsp;<\/strong>Lisandro Fiks<\/p>\n\n\n\n<p><strong>Elenco:<\/strong> Federico Marrale \u2013 Ezequiel Rodr\u00edguez \u2013 Sof\u00eda Gonz\u00e1lez \u2013 Martina Zalazar \u2013 Lisandro Fiks.<\/p>\n\n\n\n<p><strong>Escenograf\u00eda:<\/strong> Micaela Sleigh<\/p>\n\n\n\n<p><strong>Vestuario:<\/strong> Jessica La Torre<\/p>\n\n\n\n<p><strong>Dise\u00f1o de luces:<\/strong> Horacio Novelle<\/p>\n\n\n\n<p><strong>Dise\u00f1o gr\u00e1fico:<\/strong> Estudio Papier<\/p>\n\n\n\n<p><strong>Redes sociales:<\/strong> Boria Audiovisual<\/p>\n\n\n\n<p><strong>Prensa:<\/strong> Octavia Comunicaci\u00f3n &nbsp;<\/p>\n\n\n\n<p><strong>Producci\u00f3n ejecutiva:<\/strong> Gigi Courtade para Tr\u00edas Gesti\u00f3n Cultural<\/p>\n\n\n\n<p><strong>Producci\u00f3n general:<\/strong> Maia<\/p>\n\n\n\n<p><strong>Direcci\u00f3n:<\/strong> Lisandro Fiks<\/p>\n\n\n\n<p><strong>Instagram:<\/strong>&nbsp;<a href=\"https:\/\/www.instagram.com\/heddagarciablaquier.obra\/\" target=\"_blank\" rel=\"noreferrer noopener\">@heddagarciablaquier.obra<\/a><\/p>\n\n\n\n<p><strong>Duraci\u00f3n:<\/strong> 75 minutos<\/p>\n\n\n\n<p><strong>Clasificaci\u00f3n:<\/strong> Teatro \u2013 Presencial \u2013 Adultos<\/p>\n\n\n\n<figure class=\"wp-block-image size-large\"><img loading=\"lazy\" decoding=\"async\" width=\"1024\" height=\"683\" src=\"https:\/\/sergiolapegue.com\/site\/wp-content\/uploads\/2025\/05\/Hedda-Garcia-Blaquier-4-1024x683.jpg\" alt=\"\" class=\"wp-image-22688\" srcset=\"https:\/\/sergiolapegue.com\/site\/wp-content\/uploads\/2025\/05\/Hedda-Garcia-Blaquier-4-1024x683.jpg 1024w, https:\/\/sergiolapegue.com\/site\/wp-content\/uploads\/2025\/05\/Hedda-Garcia-Blaquier-4-300x200.jpg 300w, https:\/\/sergiolapegue.com\/site\/wp-content\/uploads\/2025\/05\/Hedda-Garcia-Blaquier-4-768x512.jpg 768w, https:\/\/sergiolapegue.com\/site\/wp-content\/uploads\/2025\/05\/Hedda-Garcia-Blaquier-4-1536x1024.jpg 1536w, https:\/\/sergiolapegue.com\/site\/wp-content\/uploads\/2025\/05\/Hedda-Garcia-Blaquier-4-2048x1365.jpg 2048w, https:\/\/sergiolapegue.com\/site\/wp-content\/uploads\/2025\/05\/Hedda-Garcia-Blaquier-4-630x420.jpg 630w, https:\/\/sergiolapegue.com\/site\/wp-content\/uploads\/2025\/05\/Hedda-Garcia-Blaquier-4-696x464.jpg 696w, https:\/\/sergiolapegue.com\/site\/wp-content\/uploads\/2025\/05\/Hedda-Garcia-Blaquier-4-1068x712.jpg 1068w, https:\/\/sergiolapegue.com\/site\/wp-content\/uploads\/2025\/05\/Hedda-Garcia-Blaquier-4-1920x1280.jpg 1920w\" sizes=\"auto, (max-width: 1024px) 100vw, 1024px\" \/><\/figure>\n\n\n\n<p><strong>EL GALP\u00d3N DE GUEVARA<\/strong><\/p>\n\n\n\n<p>Guevara 326 \u2013 Capital Federal \u2013 Buenos Aires \u2013 Argentina<\/p>\n\n\n\n<p>Web: <a href=\"http:\/\/www.galpondeguevara.com\">http:\/\/www.galpondeguevara.com<\/a><\/p>\n\n\n\n<p>Entradas: $ 15.000 \u2013 en boleter\u00eda del teatro o por&nbsp;<a href=\"https:\/\/www.alternativateatral.com\/obra91791-hedda-garcia-blaquier\" target=\"_blank\" rel=\"noreferrer noopener\">Alternativateatral<\/a>&nbsp;<\/p>\n\n\n\n<p>Funciones: Viernes 20:00 horas \u2013 Del 02\/05\/2025 al 11\/07\/2025<\/p>\n\n\n\n<p>Gracias Mar\u00eda Eugenia Souto de Octavia Comunicaci\u00f3n por enviarnos la gacetilla de prensa del estreno de este espect\u00e1culo.<\/p>\n\n\n\n<p><\/p>\n\n\n\n<figure class=\"wp-block-image size-large is-resized\"><img loading=\"lazy\" decoding=\"async\" width=\"672\" height=\"1024\" src=\"https:\/\/sergiolapegue.com\/site\/wp-content\/uploads\/2025\/05\/Hedda-Garcia-Blaquier-Lisandro-Fiks-1-672x1024.jpeg\" alt=\"\" class=\"wp-image-22689\" style=\"width:338px;height:auto\" srcset=\"https:\/\/sergiolapegue.com\/site\/wp-content\/uploads\/2025\/05\/Hedda-Garcia-Blaquier-Lisandro-Fiks-1-672x1024.jpeg 672w, https:\/\/sergiolapegue.com\/site\/wp-content\/uploads\/2025\/05\/Hedda-Garcia-Blaquier-Lisandro-Fiks-1-197x300.jpeg 197w, https:\/\/sergiolapegue.com\/site\/wp-content\/uploads\/2025\/05\/Hedda-Garcia-Blaquier-Lisandro-Fiks-1-768x1171.jpeg 768w, https:\/\/sergiolapegue.com\/site\/wp-content\/uploads\/2025\/05\/Hedda-Garcia-Blaquier-Lisandro-Fiks-1-1008x1536.jpeg 1008w, https:\/\/sergiolapegue.com\/site\/wp-content\/uploads\/2025\/05\/Hedda-Garcia-Blaquier-Lisandro-Fiks-1-276x420.jpeg 276w, https:\/\/sergiolapegue.com\/site\/wp-content\/uploads\/2025\/05\/Hedda-Garcia-Blaquier-Lisandro-Fiks-1-696x1061.jpeg 696w, https:\/\/sergiolapegue.com\/site\/wp-content\/uploads\/2025\/05\/Hedda-Garcia-Blaquier-Lisandro-Fiks-1-1068x1628.jpeg 1068w, https:\/\/sergiolapegue.com\/site\/wp-content\/uploads\/2025\/05\/Hedda-Garcia-Blaquier-Lisandro-Fiks-1.jpeg 1179w\" sizes=\"auto, (max-width: 672px) 100vw, 672px\" \/><\/figure>\n\n\n\n<p><strong>SOBRE LISANDRO FIKS<\/strong><\/p>\n\n\n\n<p>Actor, director, autor y m\u00fasico. Se form\u00f3 principalmente como actor y director con Augusto Fern\u00e1ndes por m\u00e1s de 12 a\u00f1os. Tambi\u00e9n se form\u00f3 con Beatriz Spelzini y Julio Ch\u00e1vez, entre otros. Es egresado de la Escuela de M\u00fasica Popular de Avellaneda, y posee adem\u00e1s una extensa trayectoria como m\u00fasico profesional, arreglador, compositor y director musical.<\/p>\n\n\n\n<p>Entre sus obras se destacan \u201c25 millones de argentinos\u201d por la que gan\u00f3 el premio Trinidad Guevara como mejor autor. Tanto esta obra como \u201c1982 obertura solemne\u201d fueron declaradas de inter\u00e9s cultural por el Honorable Senado de la Naci\u00f3n. Su versi\u00f3n de \u201cLa Fiaca\u201d, rebautizada \u201cLa Gran Renuncia\u201d y la de \u201cUn enemigo del pueblo\u201d fueron programadas por el Teatro San Mart\u00edn y continuadas luego en el circuito comercial. Por su versi\u00f3n de \u201cUn enemigo del pueblo\u201d fue destacado a los Premios Teatro del Mundo y obtuvo el Premio ACE, el Estrella de Mar y el Jos\u00e9 Mar\u00eda Vilches como mejor obra.<\/p>\n\n\n\n<p>Durante 14 a\u00f1os Fiks fue actor, arreglador, compositor y director musical del recordado grupo Los Amados, con el cual recorri\u00f3 la Argentina y el mundo y fue galardonado en varias ocasiones con premios como el Premio Gardel, los ACE, los premios Florencio S\u00e1nchez, entre otros.<\/p>\n\n\n\n<p>Docente de la UNA (Universidad Nacional de las Artes) de 2005 a 2022, actualmente es docente en la Universidad de La Matanza.<\/p>\n\n\n\n<p>Como actor en cine se destacan \u201cLa ira de dios\u201d de Sebasti\u00e1n Schindel, \u201cLa noche de 12 a\u00f1os\u201d de \u00c1lvaro Brechner y \u201cLos dos papas\u201d de Fernando Meireles, con Anthony Hopkins y Jonathan Pryce.<\/p>\n","protected":false},"excerpt":{"rendered":"<p>Desde el 2 de mayo se puede ver la obra &#8220;HEDDA GARC\u00cdA BLAQUIER&#8221;,&nbsp;escrita y dirigida por Lisandro Fiks.&nbsp; Una adaptaci\u00f3n, en la Argentina de hoy, de la emblem\u00e1tica&nbsp;Hedda Gabler&nbsp;de Henrik Ibsen y cuenta con las actuaciones de Federico Marrale, Ezequiel Rodr\u00edguez, Sof\u00eda Gonz\u00e1lez, Martina Zalazar y Lisandro Fiks. Con el auspicio de la&nbsp;Real Embajada de [&hellip;]<\/p>\n","protected":false},"author":3,"featured_media":22690,"comment_status":"open","ping_status":"closed","sticky":false,"template":"","format":"standard","meta":{"footnotes":""},"categories":[34,35],"tags":[],"class_list":{"0":"post-22684","1":"post","2":"type-post","3":"status-publish","4":"format-standard","5":"has-post-thumbnail","7":"category-arte","8":"category-teatro"},"yoast_head":"<!-- This site is optimized with the Yoast SEO plugin v27.5 - https:\/\/yoast.com\/product\/yoast-seo-wordpress\/ -->\n<title>HEDDA GARC\u00cdA BLAQUIER - Sergio Lapegue<\/title>\n<meta name=\"robots\" content=\"index, follow, max-snippet:-1, max-image-preview:large, max-video-preview:-1\" \/>\n<link rel=\"canonical\" href=\"https:\/\/sergiolapegue.com\/site\/2025\/05\/10\/hedda-garcia-blaquier\/\" \/>\n<meta property=\"og:locale\" content=\"es_ES\" \/>\n<meta property=\"og:type\" content=\"article\" \/>\n<meta property=\"og:title\" content=\"HEDDA GARC\u00cdA BLAQUIER - Sergio Lapegue\" \/>\n<meta property=\"og:description\" content=\"Desde el 2 de mayo se puede ver la obra &#8220;HEDDA GARC\u00cdA BLAQUIER&#8221;,&nbsp;escrita y dirigida por Lisandro Fiks.&nbsp; Una adaptaci\u00f3n, en la Argentina de hoy, de la emblem\u00e1tica&nbsp;Hedda Gabler&nbsp;de Henrik Ibsen y cuenta con las actuaciones de Federico Marrale, Ezequiel Rodr\u00edguez, Sof\u00eda Gonz\u00e1lez, Martina Zalazar y Lisandro Fiks. Con el auspicio de la&nbsp;Real Embajada de [&hellip;]\" \/>\n<meta property=\"og:url\" content=\"https:\/\/sergiolapegue.com\/site\/2025\/05\/10\/hedda-garcia-blaquier\/\" \/>\n<meta property=\"og:site_name\" content=\"Sergio Lapegue\" \/>\n<meta property=\"article:publisher\" content=\"https:\/\/facebook.com\/sergiolapegue\" \/>\n<meta property=\"article:author\" content=\"https:\/\/facebook.com\/danielernesto.montana\" \/>\n<meta property=\"article:published_time\" content=\"2025-05-10T20:00:00+00:00\" \/>\n<meta property=\"og:image\" content=\"https:\/\/sergiolapegue.com\/site\/wp-content\/uploads\/2025\/05\/Hedda-Garcia-Blaquier.jpg\" \/>\n\t<meta property=\"og:image:width\" content=\"1350\" \/>\n\t<meta property=\"og:image:height\" content=\"1687\" \/>\n\t<meta property=\"og:image:type\" content=\"image\/jpeg\" \/>\n<meta name=\"author\" content=\"Daniel E. Monta\u00f1a\" \/>\n<meta name=\"twitter:card\" content=\"summary_large_image\" \/>\n<meta name=\"twitter:creator\" content=\"@https:\/\/twitter.com\/daner_004\" \/>\n<meta name=\"twitter:site\" content=\"@sergiolapegue\" \/>\n<meta name=\"twitter:label1\" content=\"Escrito por\" \/>\n\t<meta name=\"twitter:data1\" content=\"Daniel E. Monta\u00f1a\" \/>\n\t<meta name=\"twitter:label2\" content=\"Tiempo de lectura\" \/>\n\t<meta name=\"twitter:data2\" content=\"6 minutos\" \/>\n<script type=\"application\/ld+json\" class=\"yoast-schema-graph\">{\"@context\":\"https:\\\/\\\/schema.org\",\"@graph\":[{\"@type\":\"Article\",\"@id\":\"https:\\\/\\\/sergiolapegue.com\\\/site\\\/2025\\\/05\\\/10\\\/hedda-garcia-blaquier\\\/#article\",\"isPartOf\":{\"@id\":\"https:\\\/\\\/sergiolapegue.com\\\/site\\\/2025\\\/05\\\/10\\\/hedda-garcia-blaquier\\\/\"},\"author\":{\"name\":\"Daniel E. Monta\u00f1a\",\"@id\":\"https:\\\/\\\/sergiolapegue.com\\\/site\\\/#\\\/schema\\\/person\\\/9198e7dbab43c6d74d0fd5399af7c3cd\"},\"headline\":\"HEDDA GARC\u00cdA BLAQUIER\",\"datePublished\":\"2025-05-10T20:00:00+00:00\",\"mainEntityOfPage\":{\"@id\":\"https:\\\/\\\/sergiolapegue.com\\\/site\\\/2025\\\/05\\\/10\\\/hedda-garcia-blaquier\\\/\"},\"wordCount\":918,\"commentCount\":0,\"publisher\":{\"@id\":\"https:\\\/\\\/sergiolapegue.com\\\/site\\\/#\\\/schema\\\/person\\\/083aeceeb0734cd166779ea6c0551a37\"},\"image\":{\"@id\":\"https:\\\/\\\/sergiolapegue.com\\\/site\\\/2025\\\/05\\\/10\\\/hedda-garcia-blaquier\\\/#primaryimage\"},\"thumbnailUrl\":\"https:\\\/\\\/sergiolapegue.com\\\/site\\\/wp-content\\\/uploads\\\/2025\\\/05\\\/Hedda-Garcia-Blaquier.jpg\",\"articleSection\":[\"Arte\",\"Teatro\"],\"inLanguage\":\"es-AR\",\"potentialAction\":[{\"@type\":\"CommentAction\",\"name\":\"Comment\",\"target\":[\"https:\\\/\\\/sergiolapegue.com\\\/site\\\/2025\\\/05\\\/10\\\/hedda-garcia-blaquier\\\/#respond\"]}]},{\"@type\":\"WebPage\",\"@id\":\"https:\\\/\\\/sergiolapegue.com\\\/site\\\/2025\\\/05\\\/10\\\/hedda-garcia-blaquier\\\/\",\"url\":\"https:\\\/\\\/sergiolapegue.com\\\/site\\\/2025\\\/05\\\/10\\\/hedda-garcia-blaquier\\\/\",\"name\":\"HEDDA GARC\u00cdA BLAQUIER - Sergio Lapegue\",\"isPartOf\":{\"@id\":\"https:\\\/\\\/sergiolapegue.com\\\/site\\\/#website\"},\"primaryImageOfPage\":{\"@id\":\"https:\\\/\\\/sergiolapegue.com\\\/site\\\/2025\\\/05\\\/10\\\/hedda-garcia-blaquier\\\/#primaryimage\"},\"image\":{\"@id\":\"https:\\\/\\\/sergiolapegue.com\\\/site\\\/2025\\\/05\\\/10\\\/hedda-garcia-blaquier\\\/#primaryimage\"},\"thumbnailUrl\":\"https:\\\/\\\/sergiolapegue.com\\\/site\\\/wp-content\\\/uploads\\\/2025\\\/05\\\/Hedda-Garcia-Blaquier.jpg\",\"datePublished\":\"2025-05-10T20:00:00+00:00\",\"breadcrumb\":{\"@id\":\"https:\\\/\\\/sergiolapegue.com\\\/site\\\/2025\\\/05\\\/10\\\/hedda-garcia-blaquier\\\/#breadcrumb\"},\"inLanguage\":\"es-AR\",\"potentialAction\":[{\"@type\":\"ReadAction\",\"target\":[\"https:\\\/\\\/sergiolapegue.com\\\/site\\\/2025\\\/05\\\/10\\\/hedda-garcia-blaquier\\\/\"]}]},{\"@type\":\"ImageObject\",\"inLanguage\":\"es-AR\",\"@id\":\"https:\\\/\\\/sergiolapegue.com\\\/site\\\/2025\\\/05\\\/10\\\/hedda-garcia-blaquier\\\/#primaryimage\",\"url\":\"https:\\\/\\\/sergiolapegue.com\\\/site\\\/wp-content\\\/uploads\\\/2025\\\/05\\\/Hedda-Garcia-Blaquier.jpg\",\"contentUrl\":\"https:\\\/\\\/sergiolapegue.com\\\/site\\\/wp-content\\\/uploads\\\/2025\\\/05\\\/Hedda-Garcia-Blaquier.jpg\",\"width\":1350,\"height\":1687},{\"@type\":\"BreadcrumbList\",\"@id\":\"https:\\\/\\\/sergiolapegue.com\\\/site\\\/2025\\\/05\\\/10\\\/hedda-garcia-blaquier\\\/#breadcrumb\",\"itemListElement\":[{\"@type\":\"ListItem\",\"position\":1,\"name\":\"Inicio\",\"item\":\"https:\\\/\\\/sergiolapegue.com\\\/site\\\/\"},{\"@type\":\"ListItem\",\"position\":2,\"name\":\"HEDDA GARC\u00cdA BLAQUIER\"}]},{\"@type\":\"WebSite\",\"@id\":\"https:\\\/\\\/sergiolapegue.com\\\/site\\\/#website\",\"url\":\"https:\\\/\\\/sergiolapegue.com\\\/site\\\/\",\"name\":\"Sergio Lapegue\",\"description\":\"Periodista\",\"publisher\":{\"@id\":\"https:\\\/\\\/sergiolapegue.com\\\/site\\\/#\\\/schema\\\/person\\\/083aeceeb0734cd166779ea6c0551a37\"},\"potentialAction\":[{\"@type\":\"SearchAction\",\"target\":{\"@type\":\"EntryPoint\",\"urlTemplate\":\"https:\\\/\\\/sergiolapegue.com\\\/site\\\/?s={search_term_string}\"},\"query-input\":{\"@type\":\"PropertyValueSpecification\",\"valueRequired\":true,\"valueName\":\"search_term_string\"}}],\"inLanguage\":\"es-AR\"},{\"@type\":[\"Person\",\"Organization\"],\"@id\":\"https:\\\/\\\/sergiolapegue.com\\\/site\\\/#\\\/schema\\\/person\\\/083aeceeb0734cd166779ea6c0551a37\",\"name\":\"Sergio Lapegue\",\"image\":{\"@type\":\"ImageObject\",\"inLanguage\":\"es-AR\",\"@id\":\"https:\\\/\\\/sergiolapegue.com\\\/site\\\/wp-content\\\/uploads\\\/2021\\\/04\\\/logo_header-1.png\",\"url\":\"https:\\\/\\\/sergiolapegue.com\\\/site\\\/wp-content\\\/uploads\\\/2021\\\/04\\\/logo_header-1.png\",\"contentUrl\":\"https:\\\/\\\/sergiolapegue.com\\\/site\\\/wp-content\\\/uploads\\\/2021\\\/04\\\/logo_header-1.png\",\"width\":272,\"height\":90,\"caption\":\"Sergio Lapegue\"},\"logo\":{\"@id\":\"https:\\\/\\\/sergiolapegue.com\\\/site\\\/wp-content\\\/uploads\\\/2021\\\/04\\\/logo_header-1.png\"},\"sameAs\":[\"https:\\\/\\\/facebook.com\\\/sergiolapegue\",\"https:\\\/\\\/instagram.com\\\/sergiolapegue\",\"https:\\\/\\\/x.com\\\/https:\\\/\\\/twitter.com\\\/sergiolapegue\"]},{\"@type\":\"Person\",\"@id\":\"https:\\\/\\\/sergiolapegue.com\\\/site\\\/#\\\/schema\\\/person\\\/9198e7dbab43c6d74d0fd5399af7c3cd\",\"name\":\"Daniel E. Monta\u00f1a\",\"image\":{\"@type\":\"ImageObject\",\"inLanguage\":\"es-AR\",\"@id\":\"https:\\\/\\\/sergiolapegue.com\\\/site\\\/wp-content\\\/uploads\\\/2021\\\/04\\\/sl_avatar_Daniel-150x150.jpg\",\"url\":\"https:\\\/\\\/sergiolapegue.com\\\/site\\\/wp-content\\\/uploads\\\/2021\\\/04\\\/sl_avatar_Daniel-150x150.jpg\",\"contentUrl\":\"https:\\\/\\\/sergiolapegue.com\\\/site\\\/wp-content\\\/uploads\\\/2021\\\/04\\\/sl_avatar_Daniel-150x150.jpg\",\"caption\":\"Daniel E. Monta\u00f1a\"},\"sameAs\":[\"https:\\\/\\\/facebook.com\\\/danielernesto.montana\",\"https:\\\/\\\/instagram.com\\\/daniel_montana1961\",\"https:\\\/\\\/x.com\\\/https:\\\/\\\/twitter.com\\\/daner_004\"],\"url\":\"https:\\\/\\\/sergiolapegue.com\\\/site\\\/author\\\/daniel\\\/\"}]}<\/script>\n<!-- \/ Yoast SEO plugin. -->","yoast_head_json":{"title":"HEDDA GARC\u00cdA BLAQUIER - Sergio Lapegue","robots":{"index":"index","follow":"follow","max-snippet":"max-snippet:-1","max-image-preview":"max-image-preview:large","max-video-preview":"max-video-preview:-1"},"canonical":"https:\/\/sergiolapegue.com\/site\/2025\/05\/10\/hedda-garcia-blaquier\/","og_locale":"es_ES","og_type":"article","og_title":"HEDDA GARC\u00cdA BLAQUIER - Sergio Lapegue","og_description":"Desde el 2 de mayo se puede ver la obra &#8220;HEDDA GARC\u00cdA BLAQUIER&#8221;,&nbsp;escrita y dirigida por Lisandro Fiks.&nbsp; Una adaptaci\u00f3n, en la Argentina de hoy, de la emblem\u00e1tica&nbsp;Hedda Gabler&nbsp;de Henrik Ibsen y cuenta con las actuaciones de Federico Marrale, Ezequiel Rodr\u00edguez, Sof\u00eda Gonz\u00e1lez, Martina Zalazar y Lisandro Fiks. Con el auspicio de la&nbsp;Real Embajada de [&hellip;]","og_url":"https:\/\/sergiolapegue.com\/site\/2025\/05\/10\/hedda-garcia-blaquier\/","og_site_name":"Sergio Lapegue","article_publisher":"https:\/\/facebook.com\/sergiolapegue","article_author":"https:\/\/facebook.com\/danielernesto.montana","article_published_time":"2025-05-10T20:00:00+00:00","og_image":[{"width":1350,"height":1687,"url":"https:\/\/sergiolapegue.com\/site\/wp-content\/uploads\/2025\/05\/Hedda-Garcia-Blaquier.jpg","type":"image\/jpeg"}],"author":"Daniel E. Monta\u00f1a","twitter_card":"summary_large_image","twitter_creator":"@https:\/\/twitter.com\/daner_004","twitter_site":"@sergiolapegue","twitter_misc":{"Escrito por":"Daniel E. Monta\u00f1a","Tiempo de lectura":"6 minutos"},"schema":{"@context":"https:\/\/schema.org","@graph":[{"@type":"Article","@id":"https:\/\/sergiolapegue.com\/site\/2025\/05\/10\/hedda-garcia-blaquier\/#article","isPartOf":{"@id":"https:\/\/sergiolapegue.com\/site\/2025\/05\/10\/hedda-garcia-blaquier\/"},"author":{"name":"Daniel E. Monta\u00f1a","@id":"https:\/\/sergiolapegue.com\/site\/#\/schema\/person\/9198e7dbab43c6d74d0fd5399af7c3cd"},"headline":"HEDDA GARC\u00cdA BLAQUIER","datePublished":"2025-05-10T20:00:00+00:00","mainEntityOfPage":{"@id":"https:\/\/sergiolapegue.com\/site\/2025\/05\/10\/hedda-garcia-blaquier\/"},"wordCount":918,"commentCount":0,"publisher":{"@id":"https:\/\/sergiolapegue.com\/site\/#\/schema\/person\/083aeceeb0734cd166779ea6c0551a37"},"image":{"@id":"https:\/\/sergiolapegue.com\/site\/2025\/05\/10\/hedda-garcia-blaquier\/#primaryimage"},"thumbnailUrl":"https:\/\/sergiolapegue.com\/site\/wp-content\/uploads\/2025\/05\/Hedda-Garcia-Blaquier.jpg","articleSection":["Arte","Teatro"],"inLanguage":"es-AR","potentialAction":[{"@type":"CommentAction","name":"Comment","target":["https:\/\/sergiolapegue.com\/site\/2025\/05\/10\/hedda-garcia-blaquier\/#respond"]}]},{"@type":"WebPage","@id":"https:\/\/sergiolapegue.com\/site\/2025\/05\/10\/hedda-garcia-blaquier\/","url":"https:\/\/sergiolapegue.com\/site\/2025\/05\/10\/hedda-garcia-blaquier\/","name":"HEDDA GARC\u00cdA BLAQUIER - Sergio Lapegue","isPartOf":{"@id":"https:\/\/sergiolapegue.com\/site\/#website"},"primaryImageOfPage":{"@id":"https:\/\/sergiolapegue.com\/site\/2025\/05\/10\/hedda-garcia-blaquier\/#primaryimage"},"image":{"@id":"https:\/\/sergiolapegue.com\/site\/2025\/05\/10\/hedda-garcia-blaquier\/#primaryimage"},"thumbnailUrl":"https:\/\/sergiolapegue.com\/site\/wp-content\/uploads\/2025\/05\/Hedda-Garcia-Blaquier.jpg","datePublished":"2025-05-10T20:00:00+00:00","breadcrumb":{"@id":"https:\/\/sergiolapegue.com\/site\/2025\/05\/10\/hedda-garcia-blaquier\/#breadcrumb"},"inLanguage":"es-AR","potentialAction":[{"@type":"ReadAction","target":["https:\/\/sergiolapegue.com\/site\/2025\/05\/10\/hedda-garcia-blaquier\/"]}]},{"@type":"ImageObject","inLanguage":"es-AR","@id":"https:\/\/sergiolapegue.com\/site\/2025\/05\/10\/hedda-garcia-blaquier\/#primaryimage","url":"https:\/\/sergiolapegue.com\/site\/wp-content\/uploads\/2025\/05\/Hedda-Garcia-Blaquier.jpg","contentUrl":"https:\/\/sergiolapegue.com\/site\/wp-content\/uploads\/2025\/05\/Hedda-Garcia-Blaquier.jpg","width":1350,"height":1687},{"@type":"BreadcrumbList","@id":"https:\/\/sergiolapegue.com\/site\/2025\/05\/10\/hedda-garcia-blaquier\/#breadcrumb","itemListElement":[{"@type":"ListItem","position":1,"name":"Inicio","item":"https:\/\/sergiolapegue.com\/site\/"},{"@type":"ListItem","position":2,"name":"HEDDA GARC\u00cdA BLAQUIER"}]},{"@type":"WebSite","@id":"https:\/\/sergiolapegue.com\/site\/#website","url":"https:\/\/sergiolapegue.com\/site\/","name":"Sergio Lapegue","description":"Periodista","publisher":{"@id":"https:\/\/sergiolapegue.com\/site\/#\/schema\/person\/083aeceeb0734cd166779ea6c0551a37"},"potentialAction":[{"@type":"SearchAction","target":{"@type":"EntryPoint","urlTemplate":"https:\/\/sergiolapegue.com\/site\/?s={search_term_string}"},"query-input":{"@type":"PropertyValueSpecification","valueRequired":true,"valueName":"search_term_string"}}],"inLanguage":"es-AR"},{"@type":["Person","Organization"],"@id":"https:\/\/sergiolapegue.com\/site\/#\/schema\/person\/083aeceeb0734cd166779ea6c0551a37","name":"Sergio Lapegue","image":{"@type":"ImageObject","inLanguage":"es-AR","@id":"https:\/\/sergiolapegue.com\/site\/wp-content\/uploads\/2021\/04\/logo_header-1.png","url":"https:\/\/sergiolapegue.com\/site\/wp-content\/uploads\/2021\/04\/logo_header-1.png","contentUrl":"https:\/\/sergiolapegue.com\/site\/wp-content\/uploads\/2021\/04\/logo_header-1.png","width":272,"height":90,"caption":"Sergio Lapegue"},"logo":{"@id":"https:\/\/sergiolapegue.com\/site\/wp-content\/uploads\/2021\/04\/logo_header-1.png"},"sameAs":["https:\/\/facebook.com\/sergiolapegue","https:\/\/instagram.com\/sergiolapegue","https:\/\/x.com\/https:\/\/twitter.com\/sergiolapegue"]},{"@type":"Person","@id":"https:\/\/sergiolapegue.com\/site\/#\/schema\/person\/9198e7dbab43c6d74d0fd5399af7c3cd","name":"Daniel E. Monta\u00f1a","image":{"@type":"ImageObject","inLanguage":"es-AR","@id":"https:\/\/sergiolapegue.com\/site\/wp-content\/uploads\/2021\/04\/sl_avatar_Daniel-150x150.jpg","url":"https:\/\/sergiolapegue.com\/site\/wp-content\/uploads\/2021\/04\/sl_avatar_Daniel-150x150.jpg","contentUrl":"https:\/\/sergiolapegue.com\/site\/wp-content\/uploads\/2021\/04\/sl_avatar_Daniel-150x150.jpg","caption":"Daniel E. Monta\u00f1a"},"sameAs":["https:\/\/facebook.com\/danielernesto.montana","https:\/\/instagram.com\/daniel_montana1961","https:\/\/x.com\/https:\/\/twitter.com\/daner_004"],"url":"https:\/\/sergiolapegue.com\/site\/author\/daniel\/"}]}},"_links":{"self":[{"href":"https:\/\/sergiolapegue.com\/site\/wp-json\/wp\/v2\/posts\/22684","targetHints":{"allow":["GET"]}}],"collection":[{"href":"https:\/\/sergiolapegue.com\/site\/wp-json\/wp\/v2\/posts"}],"about":[{"href":"https:\/\/sergiolapegue.com\/site\/wp-json\/wp\/v2\/types\/post"}],"author":[{"embeddable":true,"href":"https:\/\/sergiolapegue.com\/site\/wp-json\/wp\/v2\/users\/3"}],"replies":[{"embeddable":true,"href":"https:\/\/sergiolapegue.com\/site\/wp-json\/wp\/v2\/comments?post=22684"}],"version-history":[{"count":2,"href":"https:\/\/sergiolapegue.com\/site\/wp-json\/wp\/v2\/posts\/22684\/revisions"}],"predecessor-version":[{"id":22692,"href":"https:\/\/sergiolapegue.com\/site\/wp-json\/wp\/v2\/posts\/22684\/revisions\/22692"}],"wp:featuredmedia":[{"embeddable":true,"href":"https:\/\/sergiolapegue.com\/site\/wp-json\/wp\/v2\/media\/22690"}],"wp:attachment":[{"href":"https:\/\/sergiolapegue.com\/site\/wp-json\/wp\/v2\/media?parent=22684"}],"wp:term":[{"taxonomy":"category","embeddable":true,"href":"https:\/\/sergiolapegue.com\/site\/wp-json\/wp\/v2\/categories?post=22684"},{"taxonomy":"post_tag","embeddable":true,"href":"https:\/\/sergiolapegue.com\/site\/wp-json\/wp\/v2\/tags?post=22684"}],"curies":[{"name":"wp","href":"https:\/\/api.w.org\/{rel}","templated":true}]}}