{"id":22680,"date":"2025-05-10T09:00:00","date_gmt":"2025-05-10T12:00:00","guid":{"rendered":"https:\/\/sergiolapegue.com\/site\/?p=22680"},"modified":"2025-05-10T05:43:48","modified_gmt":"2025-05-10T08:43:48","slug":"miedo-al-vacio-charla-debate","status":"publish","type":"post","link":"https:\/\/sergiolapegue.com\/site\/2025\/05\/10\/miedo-al-vacio-charla-debate\/","title":{"rendered":"MIEDO AL VAC\u00cdO: CHARLA \u2013 DEBATE"},"content":{"rendered":"\n<p>El 19 de mayo a las 18:00 horas, Gabriel Chame Buendia realizar\u00e1 una charla debate sobre el \u201cMiedo al vac\u00edo\u201d, junto al moderador Agust\u00edn Soler. La entrada es libre y gratuita y se puede reservar a trav\u00e9s de Alternativa Teatral.<\/p>\n\n\n\n<p>\u201cHay varias categor\u00edas de personas a las que no se les recomienda el ingreso a esta charla, entre ellas: a los enfermos de solemnidad, a los serios patol\u00f3gicos, a los vanidosos poseedores de toda sabidur\u00eda del mundo, a los adultos recalcitrantes, a los amargos cr\u00edticos, y a los hipercr\u00edticos abrumados por el peso de su inteligencia. Si alguna de estas personas llega a la charla de clown, es probable que se sentir\u00e1, o muy inc\u00f3modo, o muy a gusto, ya que nos destartalaremos de risa con ellos. Por eso, para disfrutar del debate es necesario armarse de una gran dosis de profunda tonter\u00eda, de recuperar la espontaneidad, de ser capaz de liberarse de las cicatrices de la madurez. La cuesti\u00f3n es clasificar menos y disfrutar m\u00e1s.\u201d&nbsp;<strong>Gabriel Cham\u00e9 Buendia.<\/strong><\/p>\n\n\n\n<figure class=\"wp-block-image size-full is-resized\"><img loading=\"lazy\" decoding=\"async\" width=\"474\" height=\"286\" src=\"https:\/\/sergiolapegue.com\/site\/wp-content\/uploads\/2025\/05\/Miedo-al-vacio-Gabriel-Chame-Buendia.jpeg\" alt=\"\" class=\"wp-image-22681\" style=\"width:696px;height:auto\" srcset=\"https:\/\/sergiolapegue.com\/site\/wp-content\/uploads\/2025\/05\/Miedo-al-vacio-Gabriel-Chame-Buendia.jpeg 474w, https:\/\/sergiolapegue.com\/site\/wp-content\/uploads\/2025\/05\/Miedo-al-vacio-Gabriel-Chame-Buendia-300x181.jpeg 300w\" sizes=\"auto, (max-width: 474px) 100vw, 474px\" \/><\/figure>\n\n\n\n<p><strong>FICHA T\u00c9CNICO ART\u00cdSTICA<\/strong><\/p>\n\n\n\n<p><strong>Expositor:<\/strong> Gabriel Chame Buendia<\/p>\n\n\n\n<p><strong>Moderador:<\/strong> Agust\u00edn Soler<\/p>\n\n\n\n<p><strong>Duraci\u00f3n:<\/strong> 55 minutos<\/p>\n\n\n\n<p><strong>Clasificaci\u00f3n:<\/strong>&nbsp;Charla \u2013 Presencial \u2013 Adultos<\/p>\n\n\n\n<p><strong>TEATRO ARMENIA<\/strong><\/p>\n\n\n\n<p>Armenia 1366 \u2013 Capital Federal \u2013 Buenos Aires \u2013 Argentina<\/p>\n\n\n\n<p>Tel\u00e9fono: 11 4538-3636<\/p>\n\n\n\n<p>Web: <a href=\"http:\/\/www.teatroarmenia.com\/\">http:\/\/www.teatroarmenia.com\/<\/a><\/p>\n\n\n\n<p>Entradas: Libre y gratuita a trav\u00e9s de Alternativa Teatral \u2013 Link.<\/p>\n\n\n\n<p><a href=\"https:\/\/publico.alternativateatral.com\/entrada94948-miedo-al-vacio-charladebate?o=14\">https:\/\/publico.alternativateatral.com\/entrada94948-miedo-al-vacio-charladebate?o=14<\/a><\/p>\n\n\n\n<p>Evento: Lunes 19 de Mayo \u2013 18:00 horas &nbsp;<\/p>\n","protected":false},"excerpt":{"rendered":"<p>El 19 de mayo a las 18:00 horas, Gabriel Chame Buendia realizar\u00e1 una charla debate sobre el \u201cMiedo al vac\u00edo\u201d, junto al moderador Agust\u00edn Soler. La entrada es libre y gratuita y se puede reservar a trav\u00e9s de Alternativa Teatral. \u201cHay varias categor\u00edas de personas a las que no se les recomienda el ingreso a [&hellip;]<\/p>\n","protected":false},"author":3,"featured_media":22682,"comment_status":"open","ping_status":"closed","sticky":false,"template":"","format":"standard","meta":{"footnotes":""},"categories":[34],"tags":[],"class_list":{"0":"post-22680","1":"post","2":"type-post","3":"status-publish","4":"format-standard","5":"has-post-thumbnail","7":"category-arte"},"yoast_head":"<!-- This site is optimized with the Yoast SEO plugin v27.5 - https:\/\/yoast.com\/product\/yoast-seo-wordpress\/ -->\n<title>MIEDO AL VAC\u00cdO: CHARLA \u2013 DEBATE - Sergio Lapegue<\/title>\n<meta name=\"robots\" content=\"index, follow, max-snippet:-1, max-image-preview:large, max-video-preview:-1\" \/>\n<link rel=\"canonical\" href=\"https:\/\/sergiolapegue.com\/site\/2025\/05\/10\/miedo-al-vacio-charla-debate\/\" \/>\n<meta property=\"og:locale\" content=\"es_ES\" \/>\n<meta property=\"og:type\" content=\"article\" \/>\n<meta property=\"og:title\" content=\"MIEDO AL VAC\u00cdO: CHARLA \u2013 DEBATE - Sergio Lapegue\" \/>\n<meta property=\"og:description\" content=\"El 19 de mayo a las 18:00 horas, Gabriel Chame Buendia realizar\u00e1 una charla debate sobre el \u201cMiedo al vac\u00edo\u201d, junto al moderador Agust\u00edn Soler. La entrada es libre y gratuita y se puede reservar a trav\u00e9s de Alternativa Teatral. \u201cHay varias categor\u00edas de personas a las que no se les recomienda el ingreso a [&hellip;]\" \/>\n<meta property=\"og:url\" content=\"https:\/\/sergiolapegue.com\/site\/2025\/05\/10\/miedo-al-vacio-charla-debate\/\" \/>\n<meta property=\"og:site_name\" content=\"Sergio Lapegue\" \/>\n<meta property=\"article:publisher\" content=\"https:\/\/facebook.com\/sergiolapegue\" \/>\n<meta property=\"article:author\" content=\"https:\/\/facebook.com\/danielernesto.montana\" \/>\n<meta property=\"article:published_time\" content=\"2025-05-10T12:00:00+00:00\" \/>\n<meta property=\"og:image\" content=\"https:\/\/sergiolapegue.com\/site\/wp-content\/uploads\/2025\/05\/Miedo-al-vacio-Gabriel-Chame-Buendia.png\" \/>\n\t<meta property=\"og:image:width\" content=\"640\" \/>\n\t<meta property=\"og:image:height\" content=\"800\" \/>\n\t<meta property=\"og:image:type\" content=\"image\/png\" \/>\n<meta name=\"author\" content=\"Daniel E. Monta\u00f1a\" \/>\n<meta name=\"twitter:card\" content=\"summary_large_image\" \/>\n<meta name=\"twitter:creator\" content=\"@https:\/\/twitter.com\/daner_004\" \/>\n<meta name=\"twitter:site\" content=\"@sergiolapegue\" \/>\n<meta name=\"twitter:label1\" content=\"Escrito por\" \/>\n\t<meta name=\"twitter:data1\" content=\"Daniel E. Monta\u00f1a\" \/>\n\t<meta name=\"twitter:label2\" content=\"Tiempo de lectura\" \/>\n\t<meta name=\"twitter:data2\" content=\"2 minutos\" \/>\n<script type=\"application\/ld+json\" class=\"yoast-schema-graph\">{\"@context\":\"https:\\\/\\\/schema.org\",\"@graph\":[{\"@type\":\"Article\",\"@id\":\"https:\\\/\\\/sergiolapegue.com\\\/site\\\/2025\\\/05\\\/10\\\/miedo-al-vacio-charla-debate\\\/#article\",\"isPartOf\":{\"@id\":\"https:\\\/\\\/sergiolapegue.com\\\/site\\\/2025\\\/05\\\/10\\\/miedo-al-vacio-charla-debate\\\/\"},\"author\":{\"name\":\"Daniel E. Monta\u00f1a\",\"@id\":\"https:\\\/\\\/sergiolapegue.com\\\/site\\\/#\\\/schema\\\/person\\\/9198e7dbab43c6d74d0fd5399af7c3cd\"},\"headline\":\"MIEDO AL VAC\u00cdO: CHARLA \u2013 DEBATE\",\"datePublished\":\"2025-05-10T12:00:00+00:00\",\"mainEntityOfPage\":{\"@id\":\"https:\\\/\\\/sergiolapegue.com\\\/site\\\/2025\\\/05\\\/10\\\/miedo-al-vacio-charla-debate\\\/\"},\"wordCount\":248,\"commentCount\":0,\"publisher\":{\"@id\":\"https:\\\/\\\/sergiolapegue.com\\\/site\\\/#\\\/schema\\\/person\\\/083aeceeb0734cd166779ea6c0551a37\"},\"image\":{\"@id\":\"https:\\\/\\\/sergiolapegue.com\\\/site\\\/2025\\\/05\\\/10\\\/miedo-al-vacio-charla-debate\\\/#primaryimage\"},\"thumbnailUrl\":\"https:\\\/\\\/sergiolapegue.com\\\/site\\\/wp-content\\\/uploads\\\/2025\\\/05\\\/Miedo-al-vacio-Gabriel-Chame-Buendia.png\",\"articleSection\":[\"Arte\"],\"inLanguage\":\"es-AR\",\"potentialAction\":[{\"@type\":\"CommentAction\",\"name\":\"Comment\",\"target\":[\"https:\\\/\\\/sergiolapegue.com\\\/site\\\/2025\\\/05\\\/10\\\/miedo-al-vacio-charla-debate\\\/#respond\"]}]},{\"@type\":\"WebPage\",\"@id\":\"https:\\\/\\\/sergiolapegue.com\\\/site\\\/2025\\\/05\\\/10\\\/miedo-al-vacio-charla-debate\\\/\",\"url\":\"https:\\\/\\\/sergiolapegue.com\\\/site\\\/2025\\\/05\\\/10\\\/miedo-al-vacio-charla-debate\\\/\",\"name\":\"MIEDO AL VAC\u00cdO: CHARLA \u2013 DEBATE - Sergio Lapegue\",\"isPartOf\":{\"@id\":\"https:\\\/\\\/sergiolapegue.com\\\/site\\\/#website\"},\"primaryImageOfPage\":{\"@id\":\"https:\\\/\\\/sergiolapegue.com\\\/site\\\/2025\\\/05\\\/10\\\/miedo-al-vacio-charla-debate\\\/#primaryimage\"},\"image\":{\"@id\":\"https:\\\/\\\/sergiolapegue.com\\\/site\\\/2025\\\/05\\\/10\\\/miedo-al-vacio-charla-debate\\\/#primaryimage\"},\"thumbnailUrl\":\"https:\\\/\\\/sergiolapegue.com\\\/site\\\/wp-content\\\/uploads\\\/2025\\\/05\\\/Miedo-al-vacio-Gabriel-Chame-Buendia.png\",\"datePublished\":\"2025-05-10T12:00:00+00:00\",\"breadcrumb\":{\"@id\":\"https:\\\/\\\/sergiolapegue.com\\\/site\\\/2025\\\/05\\\/10\\\/miedo-al-vacio-charla-debate\\\/#breadcrumb\"},\"inLanguage\":\"es-AR\",\"potentialAction\":[{\"@type\":\"ReadAction\",\"target\":[\"https:\\\/\\\/sergiolapegue.com\\\/site\\\/2025\\\/05\\\/10\\\/miedo-al-vacio-charla-debate\\\/\"]}]},{\"@type\":\"ImageObject\",\"inLanguage\":\"es-AR\",\"@id\":\"https:\\\/\\\/sergiolapegue.com\\\/site\\\/2025\\\/05\\\/10\\\/miedo-al-vacio-charla-debate\\\/#primaryimage\",\"url\":\"https:\\\/\\\/sergiolapegue.com\\\/site\\\/wp-content\\\/uploads\\\/2025\\\/05\\\/Miedo-al-vacio-Gabriel-Chame-Buendia.png\",\"contentUrl\":\"https:\\\/\\\/sergiolapegue.com\\\/site\\\/wp-content\\\/uploads\\\/2025\\\/05\\\/Miedo-al-vacio-Gabriel-Chame-Buendia.png\",\"width\":640,\"height\":800},{\"@type\":\"BreadcrumbList\",\"@id\":\"https:\\\/\\\/sergiolapegue.com\\\/site\\\/2025\\\/05\\\/10\\\/miedo-al-vacio-charla-debate\\\/#breadcrumb\",\"itemListElement\":[{\"@type\":\"ListItem\",\"position\":1,\"name\":\"Inicio\",\"item\":\"https:\\\/\\\/sergiolapegue.com\\\/site\\\/\"},{\"@type\":\"ListItem\",\"position\":2,\"name\":\"MIEDO AL VAC\u00cdO: CHARLA \u2013 DEBATE\"}]},{\"@type\":\"WebSite\",\"@id\":\"https:\\\/\\\/sergiolapegue.com\\\/site\\\/#website\",\"url\":\"https:\\\/\\\/sergiolapegue.com\\\/site\\\/\",\"name\":\"Sergio Lapegue\",\"description\":\"Periodista\",\"publisher\":{\"@id\":\"https:\\\/\\\/sergiolapegue.com\\\/site\\\/#\\\/schema\\\/person\\\/083aeceeb0734cd166779ea6c0551a37\"},\"potentialAction\":[{\"@type\":\"SearchAction\",\"target\":{\"@type\":\"EntryPoint\",\"urlTemplate\":\"https:\\\/\\\/sergiolapegue.com\\\/site\\\/?s={search_term_string}\"},\"query-input\":{\"@type\":\"PropertyValueSpecification\",\"valueRequired\":true,\"valueName\":\"search_term_string\"}}],\"inLanguage\":\"es-AR\"},{\"@type\":[\"Person\",\"Organization\"],\"@id\":\"https:\\\/\\\/sergiolapegue.com\\\/site\\\/#\\\/schema\\\/person\\\/083aeceeb0734cd166779ea6c0551a37\",\"name\":\"Sergio Lapegue\",\"image\":{\"@type\":\"ImageObject\",\"inLanguage\":\"es-AR\",\"@id\":\"https:\\\/\\\/sergiolapegue.com\\\/site\\\/wp-content\\\/uploads\\\/2021\\\/04\\\/logo_header-1.png\",\"url\":\"https:\\\/\\\/sergiolapegue.com\\\/site\\\/wp-content\\\/uploads\\\/2021\\\/04\\\/logo_header-1.png\",\"contentUrl\":\"https:\\\/\\\/sergiolapegue.com\\\/site\\\/wp-content\\\/uploads\\\/2021\\\/04\\\/logo_header-1.png\",\"width\":272,\"height\":90,\"caption\":\"Sergio Lapegue\"},\"logo\":{\"@id\":\"https:\\\/\\\/sergiolapegue.com\\\/site\\\/wp-content\\\/uploads\\\/2021\\\/04\\\/logo_header-1.png\"},\"sameAs\":[\"https:\\\/\\\/facebook.com\\\/sergiolapegue\",\"https:\\\/\\\/instagram.com\\\/sergiolapegue\",\"https:\\\/\\\/x.com\\\/https:\\\/\\\/twitter.com\\\/sergiolapegue\"]},{\"@type\":\"Person\",\"@id\":\"https:\\\/\\\/sergiolapegue.com\\\/site\\\/#\\\/schema\\\/person\\\/9198e7dbab43c6d74d0fd5399af7c3cd\",\"name\":\"Daniel E. Monta\u00f1a\",\"image\":{\"@type\":\"ImageObject\",\"inLanguage\":\"es-AR\",\"@id\":\"https:\\\/\\\/sergiolapegue.com\\\/site\\\/wp-content\\\/uploads\\\/2021\\\/04\\\/sl_avatar_Daniel-150x150.jpg\",\"url\":\"https:\\\/\\\/sergiolapegue.com\\\/site\\\/wp-content\\\/uploads\\\/2021\\\/04\\\/sl_avatar_Daniel-150x150.jpg\",\"contentUrl\":\"https:\\\/\\\/sergiolapegue.com\\\/site\\\/wp-content\\\/uploads\\\/2021\\\/04\\\/sl_avatar_Daniel-150x150.jpg\",\"caption\":\"Daniel E. Monta\u00f1a\"},\"sameAs\":[\"https:\\\/\\\/facebook.com\\\/danielernesto.montana\",\"https:\\\/\\\/instagram.com\\\/daniel_montana1961\",\"https:\\\/\\\/x.com\\\/https:\\\/\\\/twitter.com\\\/daner_004\"],\"url\":\"https:\\\/\\\/sergiolapegue.com\\\/site\\\/author\\\/daniel\\\/\"}]}<\/script>\n<!-- \/ Yoast SEO plugin. -->","yoast_head_json":{"title":"MIEDO AL VAC\u00cdO: CHARLA \u2013 DEBATE - Sergio Lapegue","robots":{"index":"index","follow":"follow","max-snippet":"max-snippet:-1","max-image-preview":"max-image-preview:large","max-video-preview":"max-video-preview:-1"},"canonical":"https:\/\/sergiolapegue.com\/site\/2025\/05\/10\/miedo-al-vacio-charla-debate\/","og_locale":"es_ES","og_type":"article","og_title":"MIEDO AL VAC\u00cdO: CHARLA \u2013 DEBATE - Sergio Lapegue","og_description":"El 19 de mayo a las 18:00 horas, Gabriel Chame Buendia realizar\u00e1 una charla debate sobre el \u201cMiedo al vac\u00edo\u201d, junto al moderador Agust\u00edn Soler. La entrada es libre y gratuita y se puede reservar a trav\u00e9s de Alternativa Teatral. \u201cHay varias categor\u00edas de personas a las que no se les recomienda el ingreso a [&hellip;]","og_url":"https:\/\/sergiolapegue.com\/site\/2025\/05\/10\/miedo-al-vacio-charla-debate\/","og_site_name":"Sergio Lapegue","article_publisher":"https:\/\/facebook.com\/sergiolapegue","article_author":"https:\/\/facebook.com\/danielernesto.montana","article_published_time":"2025-05-10T12:00:00+00:00","og_image":[{"width":640,"height":800,"url":"https:\/\/sergiolapegue.com\/site\/wp-content\/uploads\/2025\/05\/Miedo-al-vacio-Gabriel-Chame-Buendia.png","type":"image\/png"}],"author":"Daniel E. Monta\u00f1a","twitter_card":"summary_large_image","twitter_creator":"@https:\/\/twitter.com\/daner_004","twitter_site":"@sergiolapegue","twitter_misc":{"Escrito por":"Daniel E. Monta\u00f1a","Tiempo de lectura":"2 minutos"},"schema":{"@context":"https:\/\/schema.org","@graph":[{"@type":"Article","@id":"https:\/\/sergiolapegue.com\/site\/2025\/05\/10\/miedo-al-vacio-charla-debate\/#article","isPartOf":{"@id":"https:\/\/sergiolapegue.com\/site\/2025\/05\/10\/miedo-al-vacio-charla-debate\/"},"author":{"name":"Daniel E. Monta\u00f1a","@id":"https:\/\/sergiolapegue.com\/site\/#\/schema\/person\/9198e7dbab43c6d74d0fd5399af7c3cd"},"headline":"MIEDO AL VAC\u00cdO: CHARLA \u2013 DEBATE","datePublished":"2025-05-10T12:00:00+00:00","mainEntityOfPage":{"@id":"https:\/\/sergiolapegue.com\/site\/2025\/05\/10\/miedo-al-vacio-charla-debate\/"},"wordCount":248,"commentCount":0,"publisher":{"@id":"https:\/\/sergiolapegue.com\/site\/#\/schema\/person\/083aeceeb0734cd166779ea6c0551a37"},"image":{"@id":"https:\/\/sergiolapegue.com\/site\/2025\/05\/10\/miedo-al-vacio-charla-debate\/#primaryimage"},"thumbnailUrl":"https:\/\/sergiolapegue.com\/site\/wp-content\/uploads\/2025\/05\/Miedo-al-vacio-Gabriel-Chame-Buendia.png","articleSection":["Arte"],"inLanguage":"es-AR","potentialAction":[{"@type":"CommentAction","name":"Comment","target":["https:\/\/sergiolapegue.com\/site\/2025\/05\/10\/miedo-al-vacio-charla-debate\/#respond"]}]},{"@type":"WebPage","@id":"https:\/\/sergiolapegue.com\/site\/2025\/05\/10\/miedo-al-vacio-charla-debate\/","url":"https:\/\/sergiolapegue.com\/site\/2025\/05\/10\/miedo-al-vacio-charla-debate\/","name":"MIEDO AL VAC\u00cdO: CHARLA \u2013 DEBATE - Sergio Lapegue","isPartOf":{"@id":"https:\/\/sergiolapegue.com\/site\/#website"},"primaryImageOfPage":{"@id":"https:\/\/sergiolapegue.com\/site\/2025\/05\/10\/miedo-al-vacio-charla-debate\/#primaryimage"},"image":{"@id":"https:\/\/sergiolapegue.com\/site\/2025\/05\/10\/miedo-al-vacio-charla-debate\/#primaryimage"},"thumbnailUrl":"https:\/\/sergiolapegue.com\/site\/wp-content\/uploads\/2025\/05\/Miedo-al-vacio-Gabriel-Chame-Buendia.png","datePublished":"2025-05-10T12:00:00+00:00","breadcrumb":{"@id":"https:\/\/sergiolapegue.com\/site\/2025\/05\/10\/miedo-al-vacio-charla-debate\/#breadcrumb"},"inLanguage":"es-AR","potentialAction":[{"@type":"ReadAction","target":["https:\/\/sergiolapegue.com\/site\/2025\/05\/10\/miedo-al-vacio-charla-debate\/"]}]},{"@type":"ImageObject","inLanguage":"es-AR","@id":"https:\/\/sergiolapegue.com\/site\/2025\/05\/10\/miedo-al-vacio-charla-debate\/#primaryimage","url":"https:\/\/sergiolapegue.com\/site\/wp-content\/uploads\/2025\/05\/Miedo-al-vacio-Gabriel-Chame-Buendia.png","contentUrl":"https:\/\/sergiolapegue.com\/site\/wp-content\/uploads\/2025\/05\/Miedo-al-vacio-Gabriel-Chame-Buendia.png","width":640,"height":800},{"@type":"BreadcrumbList","@id":"https:\/\/sergiolapegue.com\/site\/2025\/05\/10\/miedo-al-vacio-charla-debate\/#breadcrumb","itemListElement":[{"@type":"ListItem","position":1,"name":"Inicio","item":"https:\/\/sergiolapegue.com\/site\/"},{"@type":"ListItem","position":2,"name":"MIEDO AL VAC\u00cdO: CHARLA \u2013 DEBATE"}]},{"@type":"WebSite","@id":"https:\/\/sergiolapegue.com\/site\/#website","url":"https:\/\/sergiolapegue.com\/site\/","name":"Sergio Lapegue","description":"Periodista","publisher":{"@id":"https:\/\/sergiolapegue.com\/site\/#\/schema\/person\/083aeceeb0734cd166779ea6c0551a37"},"potentialAction":[{"@type":"SearchAction","target":{"@type":"EntryPoint","urlTemplate":"https:\/\/sergiolapegue.com\/site\/?s={search_term_string}"},"query-input":{"@type":"PropertyValueSpecification","valueRequired":true,"valueName":"search_term_string"}}],"inLanguage":"es-AR"},{"@type":["Person","Organization"],"@id":"https:\/\/sergiolapegue.com\/site\/#\/schema\/person\/083aeceeb0734cd166779ea6c0551a37","name":"Sergio Lapegue","image":{"@type":"ImageObject","inLanguage":"es-AR","@id":"https:\/\/sergiolapegue.com\/site\/wp-content\/uploads\/2021\/04\/logo_header-1.png","url":"https:\/\/sergiolapegue.com\/site\/wp-content\/uploads\/2021\/04\/logo_header-1.png","contentUrl":"https:\/\/sergiolapegue.com\/site\/wp-content\/uploads\/2021\/04\/logo_header-1.png","width":272,"height":90,"caption":"Sergio Lapegue"},"logo":{"@id":"https:\/\/sergiolapegue.com\/site\/wp-content\/uploads\/2021\/04\/logo_header-1.png"},"sameAs":["https:\/\/facebook.com\/sergiolapegue","https:\/\/instagram.com\/sergiolapegue","https:\/\/x.com\/https:\/\/twitter.com\/sergiolapegue"]},{"@type":"Person","@id":"https:\/\/sergiolapegue.com\/site\/#\/schema\/person\/9198e7dbab43c6d74d0fd5399af7c3cd","name":"Daniel E. Monta\u00f1a","image":{"@type":"ImageObject","inLanguage":"es-AR","@id":"https:\/\/sergiolapegue.com\/site\/wp-content\/uploads\/2021\/04\/sl_avatar_Daniel-150x150.jpg","url":"https:\/\/sergiolapegue.com\/site\/wp-content\/uploads\/2021\/04\/sl_avatar_Daniel-150x150.jpg","contentUrl":"https:\/\/sergiolapegue.com\/site\/wp-content\/uploads\/2021\/04\/sl_avatar_Daniel-150x150.jpg","caption":"Daniel E. Monta\u00f1a"},"sameAs":["https:\/\/facebook.com\/danielernesto.montana","https:\/\/instagram.com\/daniel_montana1961","https:\/\/x.com\/https:\/\/twitter.com\/daner_004"],"url":"https:\/\/sergiolapegue.com\/site\/author\/daniel\/"}]}},"_links":{"self":[{"href":"https:\/\/sergiolapegue.com\/site\/wp-json\/wp\/v2\/posts\/22680","targetHints":{"allow":["GET"]}}],"collection":[{"href":"https:\/\/sergiolapegue.com\/site\/wp-json\/wp\/v2\/posts"}],"about":[{"href":"https:\/\/sergiolapegue.com\/site\/wp-json\/wp\/v2\/types\/post"}],"author":[{"embeddable":true,"href":"https:\/\/sergiolapegue.com\/site\/wp-json\/wp\/v2\/users\/3"}],"replies":[{"embeddable":true,"href":"https:\/\/sergiolapegue.com\/site\/wp-json\/wp\/v2\/comments?post=22680"}],"version-history":[{"count":1,"href":"https:\/\/sergiolapegue.com\/site\/wp-json\/wp\/v2\/posts\/22680\/revisions"}],"predecessor-version":[{"id":22683,"href":"https:\/\/sergiolapegue.com\/site\/wp-json\/wp\/v2\/posts\/22680\/revisions\/22683"}],"wp:featuredmedia":[{"embeddable":true,"href":"https:\/\/sergiolapegue.com\/site\/wp-json\/wp\/v2\/media\/22682"}],"wp:attachment":[{"href":"https:\/\/sergiolapegue.com\/site\/wp-json\/wp\/v2\/media?parent=22680"}],"wp:term":[{"taxonomy":"category","embeddable":true,"href":"https:\/\/sergiolapegue.com\/site\/wp-json\/wp\/v2\/categories?post=22680"},{"taxonomy":"post_tag","embeddable":true,"href":"https:\/\/sergiolapegue.com\/site\/wp-json\/wp\/v2\/tags?post=22680"}],"curies":[{"name":"wp","href":"https:\/\/api.w.org\/{rel}","templated":true}]}}