{"id":22670,"date":"2025-05-10T01:00:00","date_gmt":"2025-05-10T04:00:00","guid":{"rendered":"https:\/\/sergiolapegue.com\/site\/?p=22670"},"modified":"2025-05-09T16:57:16","modified_gmt":"2025-05-09T19:57:16","slug":"atte-tus-vecinos-la-precuela","status":"publish","type":"post","link":"https:\/\/sergiolapegue.com\/site\/2025\/05\/10\/atte-tus-vecinos-la-precuela\/","title":{"rendered":"ATTE. TUS VECINOS \u2013 LA PRECUELA"},"content":{"rendered":"\n<p>La exitosa obra \u201cAtte. tus vecinos\u201d realizar\u00e1 dos funciones especiales los lunes 12 y 19 de mayo, con un invitado especial que va a interpretar la precuela de la historia.<\/p>\n\n\n\n<p>\u00a1Se revela el misterio!<\/p>\n\n\n\n<p>Joaqu\u00edn Ochoa es el encargado de dar vida a Sergio, el enigm\u00e1tico conserje de nuestro querido edificio.<\/p>\n\n\n\n<p>\u00bfTodav\u00eda no lo conoces?<\/p>\n\n\n\n<p>Te invitamos a descubrir qui\u00e9n es realmente Sergio, qu\u00e9 oculta bajo esa mirada desconfiada y por qu\u00e9 nadie termina de entenderlo del todo\u2026<\/p>\n\n\n\n<figure class=\"wp-block-image size-large\"><img loading=\"lazy\" decoding=\"async\" width=\"1024\" height=\"741\" src=\"https:\/\/sergiolapegue.com\/site\/wp-content\/uploads\/2025\/05\/Atte-tus-vecinos-0-1024x741.jpg\" alt=\"\" class=\"wp-image-22671\" srcset=\"https:\/\/sergiolapegue.com\/site\/wp-content\/uploads\/2025\/05\/Atte-tus-vecinos-0-1024x741.jpg 1024w, https:\/\/sergiolapegue.com\/site\/wp-content\/uploads\/2025\/05\/Atte-tus-vecinos-0-300x217.jpg 300w, https:\/\/sergiolapegue.com\/site\/wp-content\/uploads\/2025\/05\/Atte-tus-vecinos-0-768x556.jpg 768w, https:\/\/sergiolapegue.com\/site\/wp-content\/uploads\/2025\/05\/Atte-tus-vecinos-0-1536x1112.jpg 1536w, https:\/\/sergiolapegue.com\/site\/wp-content\/uploads\/2025\/05\/Atte-tus-vecinos-0-580x420.jpg 580w, https:\/\/sergiolapegue.com\/site\/wp-content\/uploads\/2025\/05\/Atte-tus-vecinos-0-696x504.jpg 696w, https:\/\/sergiolapegue.com\/site\/wp-content\/uploads\/2025\/05\/Atte-tus-vecinos-0-1068x773.jpg 1068w, https:\/\/sergiolapegue.com\/site\/wp-content\/uploads\/2025\/05\/Atte-tus-vecinos-0.jpg 1600w\" sizes=\"auto, (max-width: 1024px) 100vw, 1024px\" \/><\/figure>\n\n\n\n<p><strong>Llega la precuela a \u201cAtte. Tus Vecinos\u201d: una \u00fanica oportunidad para descubrir la verdad oculta de Sergio, con Joaqu\u00edn Ochoa como invitado especial.<\/strong><\/p>\n\n\n\n<p>Despu\u00e9s de cuatro temporadas ovacionadas, el musical&nbsp;Atte. Tus Vecinos&nbsp;abre una nueva puerta en su universo con una funci\u00f3n especial que revelar\u00e1 aquello que hasta ahora s\u00f3lo se insinuaba:&nbsp;la verdadera historia de Sergio, el personaje que dispar\u00f3 el caos en el edificio. Estas funciones se iniciar\u00e1n con la precuela nunca antes vista de esta historia, se presenta como un evento \u00fanico para quienes ya vibraron con la obra original y para quienes quieren verla por primera vez.<\/p>\n\n\n\n<figure class=\"wp-block-image size-large\"><img loading=\"lazy\" decoding=\"async\" width=\"1024\" height=\"683\" src=\"https:\/\/sergiolapegue.com\/site\/wp-content\/uploads\/2025\/05\/Atte-tus-vecinos-1-1024x683.jpg\" alt=\"\" class=\"wp-image-22672\" srcset=\"https:\/\/sergiolapegue.com\/site\/wp-content\/uploads\/2025\/05\/Atte-tus-vecinos-1-1024x683.jpg 1024w, https:\/\/sergiolapegue.com\/site\/wp-content\/uploads\/2025\/05\/Atte-tus-vecinos-1-300x200.jpg 300w, https:\/\/sergiolapegue.com\/site\/wp-content\/uploads\/2025\/05\/Atte-tus-vecinos-1-768x512.jpg 768w, https:\/\/sergiolapegue.com\/site\/wp-content\/uploads\/2025\/05\/Atte-tus-vecinos-1-630x420.jpg 630w, https:\/\/sergiolapegue.com\/site\/wp-content\/uploads\/2025\/05\/Atte-tus-vecinos-1-696x464.jpg 696w, https:\/\/sergiolapegue.com\/site\/wp-content\/uploads\/2025\/05\/Atte-tus-vecinos-1-1068x712.jpg 1068w, https:\/\/sergiolapegue.com\/site\/wp-content\/uploads\/2025\/05\/Atte-tus-vecinos-1.jpg 1428w\" sizes=\"auto, (max-width: 1024px) 100vw, 1024px\" \/><\/figure>\n\n\n\n<p><strong>\u00bfQui\u00e9n fue Sergio? \u00bfQu\u00e9 pas\u00f3 realmente?&nbsp;<\/strong><\/p>\n\n\n\n<p>La respuesta podr\u00e1 verse&nbsp;solo el lunes 12 y 19 de mayo a las 20:30 en el Galp\u00f3n de Guevara, con una propuesta esc\u00e9nica original, fresca y reveladora.<\/p>\n\n\n\n<p>Y como si eso fuera poco, esta versi\u00f3n especial contar\u00e1 con la participaci\u00f3n exclusiva de&nbsp;Joaqu\u00edn Ochoa&nbsp;en el rol de Sergio, quien tambi\u00e9n cantar\u00e1 un estreno.<\/p>\n\n\n\n<figure class=\"wp-block-image size-large\"><img loading=\"lazy\" decoding=\"async\" width=\"1024\" height=\"683\" src=\"https:\/\/sergiolapegue.com\/site\/wp-content\/uploads\/2025\/05\/Atte-tus-vecinos-2-1024x683.jpg\" alt=\"\" class=\"wp-image-22673\" srcset=\"https:\/\/sergiolapegue.com\/site\/wp-content\/uploads\/2025\/05\/Atte-tus-vecinos-2-1024x683.jpg 1024w, https:\/\/sergiolapegue.com\/site\/wp-content\/uploads\/2025\/05\/Atte-tus-vecinos-2-300x200.jpg 300w, https:\/\/sergiolapegue.com\/site\/wp-content\/uploads\/2025\/05\/Atte-tus-vecinos-2-768x512.jpg 768w, https:\/\/sergiolapegue.com\/site\/wp-content\/uploads\/2025\/05\/Atte-tus-vecinos-2-630x420.jpg 630w, https:\/\/sergiolapegue.com\/site\/wp-content\/uploads\/2025\/05\/Atte-tus-vecinos-2-696x464.jpg 696w, https:\/\/sergiolapegue.com\/site\/wp-content\/uploads\/2025\/05\/Atte-tus-vecinos-2-1068x712.jpg 1068w, https:\/\/sergiolapegue.com\/site\/wp-content\/uploads\/2025\/05\/Atte-tus-vecinos-2.jpg 1500w\" sizes=\"auto, (max-width: 1024px) 100vw, 1024px\" \/><\/figure>\n\n\n\n<p><strong>Rese\u00f1a de la obra:<\/strong><\/p>\n\n\n\n<p>Ante una amenaza de desalojo por parte del consorcio, Ver\u00f3nica, decide hacerse pasar por su ex prometido Marcos. Bajo esta nueva identidad, intentar\u00e1 recuperar su lugar en el edificio. \u00bfQui\u00e9n dir\u00eda que un bigote y un par de anteojos ser\u00edan la f\u00f3rmula perfecta para desatar caos y enredos en la alborotada vida de los vecinos?<\/p>\n\n\n\n<figure class=\"wp-block-image size-large\"><img loading=\"lazy\" decoding=\"async\" width=\"1024\" height=\"683\" src=\"https:\/\/sergiolapegue.com\/site\/wp-content\/uploads\/2025\/05\/Atte-tus-vecinos-3-1024x683.jpg\" alt=\"\" class=\"wp-image-22674\" srcset=\"https:\/\/sergiolapegue.com\/site\/wp-content\/uploads\/2025\/05\/Atte-tus-vecinos-3-1024x683.jpg 1024w, https:\/\/sergiolapegue.com\/site\/wp-content\/uploads\/2025\/05\/Atte-tus-vecinos-3-300x200.jpg 300w, https:\/\/sergiolapegue.com\/site\/wp-content\/uploads\/2025\/05\/Atte-tus-vecinos-3-768x512.jpg 768w, https:\/\/sergiolapegue.com\/site\/wp-content\/uploads\/2025\/05\/Atte-tus-vecinos-3-1536x1024.jpg 1536w, https:\/\/sergiolapegue.com\/site\/wp-content\/uploads\/2025\/05\/Atte-tus-vecinos-3-2048x1365.jpg 2048w, https:\/\/sergiolapegue.com\/site\/wp-content\/uploads\/2025\/05\/Atte-tus-vecinos-3-630x420.jpg 630w, https:\/\/sergiolapegue.com\/site\/wp-content\/uploads\/2025\/05\/Atte-tus-vecinos-3-696x464.jpg 696w, https:\/\/sergiolapegue.com\/site\/wp-content\/uploads\/2025\/05\/Atte-tus-vecinos-3-1068x712.jpg 1068w, https:\/\/sergiolapegue.com\/site\/wp-content\/uploads\/2025\/05\/Atte-tus-vecinos-3-1920x1280.jpg 1920w\" sizes=\"auto, (max-width: 1024px) 100vw, 1024px\" \/><\/figure>\n\n\n\n<p><strong>Sobre la obra original<\/strong><\/p>\n\n\n\n<p>Atte. Tus Vecinos, dirigida por&nbsp;Rub\u00e9n Viani, con direcci\u00f3n musical de&nbsp;Juan Pablo Schapira&nbsp;y coreograf\u00eda de&nbsp;Vanesa Garc\u00eda Mill\u00e1n, fue reconocida con los&nbsp;Premios Hugo al Mejor Musical del Off, Mejores Letras de Musical y Mejor Direcci\u00f3n, adem\u00e1s de ganar los&nbsp;Premios GEA como Mejor Musical del Off y Mejor M\u00fasica. Con un elenco surgido de una creaci\u00f3n colectiva de artistas formados en la UADE, el musical combina vodevil, enredos, ritmo y humor con una cr\u00edtica sutil sobre la convivencia en comunidad. En esta precuela, el universo se expande y nos permite conocer al personaje cuya ausencia lo cambi\u00f3 todo:&nbsp;Sergio.<\/p>\n\n\n\n<figure class=\"wp-block-image size-large\"><img loading=\"lazy\" decoding=\"async\" width=\"1024\" height=\"683\" src=\"https:\/\/sergiolapegue.com\/site\/wp-content\/uploads\/2025\/05\/Atte-tus-vecinos-4-1024x683.jpg\" alt=\"\" class=\"wp-image-22675\" srcset=\"https:\/\/sergiolapegue.com\/site\/wp-content\/uploads\/2025\/05\/Atte-tus-vecinos-4-1024x683.jpg 1024w, https:\/\/sergiolapegue.com\/site\/wp-content\/uploads\/2025\/05\/Atte-tus-vecinos-4-300x200.jpg 300w, https:\/\/sergiolapegue.com\/site\/wp-content\/uploads\/2025\/05\/Atte-tus-vecinos-4-768x512.jpg 768w, https:\/\/sergiolapegue.com\/site\/wp-content\/uploads\/2025\/05\/Atte-tus-vecinos-4-1536x1024.jpg 1536w, https:\/\/sergiolapegue.com\/site\/wp-content\/uploads\/2025\/05\/Atte-tus-vecinos-4-2048x1365.jpg 2048w, https:\/\/sergiolapegue.com\/site\/wp-content\/uploads\/2025\/05\/Atte-tus-vecinos-4-630x420.jpg 630w, https:\/\/sergiolapegue.com\/site\/wp-content\/uploads\/2025\/05\/Atte-tus-vecinos-4-696x464.jpg 696w, https:\/\/sergiolapegue.com\/site\/wp-content\/uploads\/2025\/05\/Atte-tus-vecinos-4-1068x712.jpg 1068w, https:\/\/sergiolapegue.com\/site\/wp-content\/uploads\/2025\/05\/Atte-tus-vecinos-4-1920x1280.jpg 1920w\" sizes=\"auto, (max-width: 1024px) 100vw, 1024px\" \/><\/figure>\n\n\n\n<p><strong>FICHA T\u00c9CNICO ART\u00cdSTICA<\/strong><\/p>\n\n\n\n<p><strong>Dramaturgia:<\/strong>&nbsp;Bel\u00e9n Amadio, Julieta Molina, Joaqu\u00edn Scotta, Agustina Quaglia, Micaela Vargas, Renato Pinto, Clara Suarez.<\/p>\n\n\n\n<p><strong>Act\u00faan:<\/strong>&nbsp;Bel\u00e9n Amadio, Julieta Molina, Joaqu\u00edn Scotta, Agustina Quaglia, Micaela Vargas, Renato Pinto, Clara Suarez.<\/p>\n\n\n\n<p><strong>Covers y coros de cabina:<\/strong>&nbsp;Dolores Basualdo, Florencia Diez, Federico Solla<\/p>\n\n\n\n<p><strong>Direcci\u00f3n musical:<\/strong>&nbsp;Juan Pablo Schapira<\/p>\n\n\n\n<p><strong>Composici\u00f3n Musical:<\/strong>&nbsp;Juan Pablo Schapira, Joaqu\u00edn Scotta<\/p>\n\n\n\n<p><strong>Orquestaci\u00f3n Especial:<\/strong>&nbsp;Pablo Flores Torres<\/p>\n\n\n\n<p><strong>Direcci\u00f3n Coreogr\u00e1fica:<\/strong>&nbsp;Vanesa Garc\u00eda Mill\u00e1n<\/p>\n\n\n\n<p><strong>Dise\u00f1o de vestuario:<\/strong>&nbsp;Laura Staffolani<\/p>\n\n\n\n<p><strong>Dise\u00f1o de iluminaci\u00f3n:<\/strong>&nbsp;Ariel Ponce<\/p>\n\n\n\n<p><strong>Pelucas y peinados:<\/strong>&nbsp;Mbsalon, Miguel \u00c1ngel Gonz\u00e1lez<\/p>\n\n\n\n<p><strong>Caracterizaci\u00f3n:<\/strong>&nbsp;Mbsalon, Miguel \u00c1ngel Gonz\u00e1lez<\/p>\n\n\n\n<p><strong>Supervisi\u00f3n dramat\u00fargica:<\/strong>&nbsp;Juan Francisco Dasso<\/p>\n\n\n\n<p><strong>Supervisi\u00f3n de escenograf\u00eda:<\/strong>&nbsp;Micaela Sleigh<\/p>\n\n\n\n<p><strong>Prensa:<\/strong>&nbsp;Caro Arellano. Expansi\u00f3n Teatral<\/p>\n\n\n\n<p><strong>Asistencia de direcci\u00f3n:<\/strong>&nbsp;Tom\u00e1s Barrionuevo<\/p>\n\n\n\n<p><strong>Coordinaci\u00f3n de producci\u00f3n:<\/strong>&nbsp;Santiago Alg\u00e1n<\/p>\n\n\n\n<p><strong>Producci\u00f3n ejecutiva:<\/strong>&nbsp;Sol Mu\u00f1oz, Estanislao Molteni, Marianela Dollera Albarrac\u00edn<\/p>\n\n\n\n<p><strong>Direcci\u00f3n General:<\/strong>&nbsp;Rub\u00e9n Viani<\/p>\n\n\n\n<p><strong>Instagram:<\/strong>&nbsp;<a href=\"https:\/\/www.instagram.com\/atte.tusvecinos\/?hl=es\">https:\/\/www.instagram.com\/atte.tusvecinos\/?hl=es<\/a>&nbsp;<\/p>\n\n\n\n<p><strong>P\u00e1gina web:<\/strong>&nbsp;<a href=\"https:\/\/linktr.ee\/att.tusvecinos\">https:\/\/linktr.ee\/att.tusvecinos<\/a><\/p>\n\n\n\n<p><strong>Duraci\u00f3n:<\/strong>&nbsp;80 minutos<\/p>\n\n\n\n<p><strong>Clasificaci\u00f3n:<\/strong>&nbsp;Teatro \u2013 Presencial \u2013 Adultos \u2013 Musical<\/p>\n\n\n\n<figure class=\"wp-block-image size-large\"><img loading=\"lazy\" decoding=\"async\" width=\"1024\" height=\"683\" src=\"https:\/\/sergiolapegue.com\/site\/wp-content\/uploads\/2025\/05\/Atte-tus-vecinos-5-1024x683.jpg\" alt=\"\" class=\"wp-image-22676\" srcset=\"https:\/\/sergiolapegue.com\/site\/wp-content\/uploads\/2025\/05\/Atte-tus-vecinos-5-1024x683.jpg 1024w, https:\/\/sergiolapegue.com\/site\/wp-content\/uploads\/2025\/05\/Atte-tus-vecinos-5-300x200.jpg 300w, https:\/\/sergiolapegue.com\/site\/wp-content\/uploads\/2025\/05\/Atte-tus-vecinos-5-768x512.jpg 768w, https:\/\/sergiolapegue.com\/site\/wp-content\/uploads\/2025\/05\/Atte-tus-vecinos-5-1536x1024.jpg 1536w, https:\/\/sergiolapegue.com\/site\/wp-content\/uploads\/2025\/05\/Atte-tus-vecinos-5-2048x1365.jpg 2048w, https:\/\/sergiolapegue.com\/site\/wp-content\/uploads\/2025\/05\/Atte-tus-vecinos-5-630x420.jpg 630w, https:\/\/sergiolapegue.com\/site\/wp-content\/uploads\/2025\/05\/Atte-tus-vecinos-5-696x464.jpg 696w, https:\/\/sergiolapegue.com\/site\/wp-content\/uploads\/2025\/05\/Atte-tus-vecinos-5-1068x712.jpg 1068w, https:\/\/sergiolapegue.com\/site\/wp-content\/uploads\/2025\/05\/Atte-tus-vecinos-5-1920x1280.jpg 1920w\" sizes=\"auto, (max-width: 1024px) 100vw, 1024px\" \/><\/figure>\n\n\n\n<p><strong>EL GALP\u00d3N DE GUEVARA<\/strong><\/p>\n\n\n\n<p>Guevara 326 \u2013 Capital Federal \u2013 Buenos Aires \u2013 Argentina<\/p>\n\n\n\n<p>Web:&nbsp;<a href=\"http:\/\/www.galpondeguevara.com\/\">http:\/\/www.galpondeguevara.com<\/a><\/p>\n\n\n\n<p>Entradas: $ 15.000 \u2013 en boleter\u00eda del teatro o por Alternativa Teatral<\/p>\n\n\n\n<p>Funciones: Lunes 20:30 horas \u2013 Del 17\/03\/2025 al 26\/05\/2025<\/p>\n\n\n\n<p>\u00a0\u00a0\u00a0\u00a0\u00a0\u00a0\u00a0\u00a0\u00a0\u00a0\u00a0\u00a0\u00a0\u00a0\u00a0\u00a0 Lunes 12 y 19 de Mayo \u2013 20:30 horas \u2013 La Precuela<\/p>\n\n\n\n<p>Gracias Caro Arellano de Expansi\u00f3n Teatral por hacernos llegar la gacetilla de prensa de este exitoso espect\u00e1culo que comienza su cuarta temporada.<\/p>\n\n\n\n<p><\/p>\n\n\n\n<figure class=\"wp-block-image size-full is-resized\"><img loading=\"lazy\" decoding=\"async\" width=\"560\" height=\"759\" src=\"https:\/\/sergiolapegue.com\/site\/wp-content\/uploads\/2025\/05\/Atte-tus-vecinos-Joaquin-Ochoa.jpeg\" alt=\"\" class=\"wp-image-22677\" style=\"width:335px;height:auto\" srcset=\"https:\/\/sergiolapegue.com\/site\/wp-content\/uploads\/2025\/05\/Atte-tus-vecinos-Joaquin-Ochoa.jpeg 560w, https:\/\/sergiolapegue.com\/site\/wp-content\/uploads\/2025\/05\/Atte-tus-vecinos-Joaquin-Ochoa-221x300.jpeg 221w, https:\/\/sergiolapegue.com\/site\/wp-content\/uploads\/2025\/05\/Atte-tus-vecinos-Joaquin-Ochoa-310x420.jpeg 310w\" sizes=\"auto, (max-width: 560px) 100vw, 560px\" \/><\/figure>\n\n\n\n<p><strong>Sobre Joaqu\u00edn Ochoa<\/strong><\/p>\n\n\n\n<p>Joaqu\u00edn Ochoa en 2014 particip\u00f3 en Aliados El Musical en el teatro Gran Rex, luego en el 2016 fue parte del elenco de Peter Pan El Musical, tambi\u00e9n en el Gran Rex. En el 2017 actu\u00f3 en Heidi en el teatro Astral. Particip\u00f3 en reconocidas series de Telefe, Nickelodeon y Disney como Aliados, Heidi, O11CE y Tierra Inc\u00f3gnita. Actu\u00f3 en Faca la obra en el teatro Astros y fue parte del elenco de Un Hombre Peligroso en Sigue La Polilla. Dirigi\u00f3 varias obras en diferentes ciclos entre ellos Cicl\u00f3n y Microteatro. Actu\u00f3 en Los Rifles de la Se\u00f1ora Carrar de Bertolt Brecht en el Espacio Callej\u00f3n y Produce un Ciclo de obras musicalizadas en vivo llamado Pomodoro en el teatro El Extranjero.<\/p>\n\n\n\n<p><\/p>\n","protected":false},"excerpt":{"rendered":"<p>La exitosa obra \u201cAtte. tus vecinos\u201d realizar\u00e1 dos funciones especiales los lunes 12 y 19 de mayo, con un invitado especial que va a interpretar la precuela de la historia. \u00a1Se revela el misterio! Joaqu\u00edn Ochoa es el encargado de dar vida a Sergio, el enigm\u00e1tico conserje de nuestro querido edificio. \u00bfTodav\u00eda no lo conoces? [&hellip;]<\/p>\n","protected":false},"author":3,"featured_media":22678,"comment_status":"open","ping_status":"closed","sticky":false,"template":"","format":"standard","meta":{"footnotes":""},"categories":[34,35],"tags":[],"class_list":{"0":"post-22670","1":"post","2":"type-post","3":"status-publish","4":"format-standard","5":"has-post-thumbnail","7":"category-arte","8":"category-teatro"},"yoast_head":"<!-- This site is optimized with the Yoast SEO plugin v27.5 - https:\/\/yoast.com\/product\/yoast-seo-wordpress\/ -->\n<title>ATTE. TUS VECINOS \u2013 LA PRECUELA - Sergio Lapegue<\/title>\n<meta name=\"robots\" content=\"index, follow, max-snippet:-1, max-image-preview:large, max-video-preview:-1\" \/>\n<link rel=\"canonical\" href=\"https:\/\/sergiolapegue.com\/site\/2025\/05\/10\/atte-tus-vecinos-la-precuela\/\" \/>\n<meta property=\"og:locale\" content=\"es_ES\" \/>\n<meta property=\"og:type\" content=\"article\" \/>\n<meta property=\"og:title\" content=\"ATTE. TUS VECINOS \u2013 LA PRECUELA - Sergio Lapegue\" \/>\n<meta property=\"og:description\" content=\"La exitosa obra \u201cAtte. tus vecinos\u201d realizar\u00e1 dos funciones especiales los lunes 12 y 19 de mayo, con un invitado especial que va a interpretar la precuela de la historia. \u00a1Se revela el misterio! Joaqu\u00edn Ochoa es el encargado de dar vida a Sergio, el enigm\u00e1tico conserje de nuestro querido edificio. \u00bfTodav\u00eda no lo conoces? [&hellip;]\" \/>\n<meta property=\"og:url\" content=\"https:\/\/sergiolapegue.com\/site\/2025\/05\/10\/atte-tus-vecinos-la-precuela\/\" \/>\n<meta property=\"og:site_name\" content=\"Sergio Lapegue\" \/>\n<meta property=\"article:publisher\" content=\"https:\/\/facebook.com\/sergiolapegue\" \/>\n<meta property=\"article:author\" content=\"https:\/\/facebook.com\/danielernesto.montana\" \/>\n<meta property=\"article:published_time\" content=\"2025-05-10T04:00:00+00:00\" \/>\n<meta property=\"og:image\" content=\"https:\/\/sergiolapegue.com\/site\/wp-content\/uploads\/2025\/05\/Atte-tus-vecinos-0-1.jpg\" \/>\n\t<meta property=\"og:image:width\" content=\"1350\" \/>\n\t<meta property=\"og:image:height\" content=\"1688\" \/>\n\t<meta property=\"og:image:type\" content=\"image\/jpeg\" \/>\n<meta name=\"author\" content=\"Daniel E. Monta\u00f1a\" \/>\n<meta name=\"twitter:card\" content=\"summary_large_image\" \/>\n<meta name=\"twitter:creator\" content=\"@https:\/\/twitter.com\/daner_004\" \/>\n<meta name=\"twitter:site\" content=\"@sergiolapegue\" \/>\n<meta name=\"twitter:label1\" content=\"Escrito por\" \/>\n\t<meta name=\"twitter:data1\" content=\"Daniel E. Monta\u00f1a\" \/>\n\t<meta name=\"twitter:label2\" content=\"Tiempo de lectura\" \/>\n\t<meta name=\"twitter:data2\" content=\"5 minutos\" \/>\n<script type=\"application\/ld+json\" class=\"yoast-schema-graph\">{\"@context\":\"https:\\\/\\\/schema.org\",\"@graph\":[{\"@type\":\"Article\",\"@id\":\"https:\\\/\\\/sergiolapegue.com\\\/site\\\/2025\\\/05\\\/10\\\/atte-tus-vecinos-la-precuela\\\/#article\",\"isPartOf\":{\"@id\":\"https:\\\/\\\/sergiolapegue.com\\\/site\\\/2025\\\/05\\\/10\\\/atte-tus-vecinos-la-precuela\\\/\"},\"author\":{\"name\":\"Daniel E. Monta\u00f1a\",\"@id\":\"https:\\\/\\\/sergiolapegue.com\\\/site\\\/#\\\/schema\\\/person\\\/9198e7dbab43c6d74d0fd5399af7c3cd\"},\"headline\":\"ATTE. TUS VECINOS \u2013 LA PRECUELA\",\"datePublished\":\"2025-05-10T04:00:00+00:00\",\"mainEntityOfPage\":{\"@id\":\"https:\\\/\\\/sergiolapegue.com\\\/site\\\/2025\\\/05\\\/10\\\/atte-tus-vecinos-la-precuela\\\/\"},\"wordCount\":856,\"commentCount\":0,\"publisher\":{\"@id\":\"https:\\\/\\\/sergiolapegue.com\\\/site\\\/#\\\/schema\\\/person\\\/083aeceeb0734cd166779ea6c0551a37\"},\"image\":{\"@id\":\"https:\\\/\\\/sergiolapegue.com\\\/site\\\/2025\\\/05\\\/10\\\/atte-tus-vecinos-la-precuela\\\/#primaryimage\"},\"thumbnailUrl\":\"https:\\\/\\\/sergiolapegue.com\\\/site\\\/wp-content\\\/uploads\\\/2025\\\/05\\\/Atte-tus-vecinos-0-1.jpg\",\"articleSection\":[\"Arte\",\"Teatro\"],\"inLanguage\":\"es-AR\",\"potentialAction\":[{\"@type\":\"CommentAction\",\"name\":\"Comment\",\"target\":[\"https:\\\/\\\/sergiolapegue.com\\\/site\\\/2025\\\/05\\\/10\\\/atte-tus-vecinos-la-precuela\\\/#respond\"]}]},{\"@type\":\"WebPage\",\"@id\":\"https:\\\/\\\/sergiolapegue.com\\\/site\\\/2025\\\/05\\\/10\\\/atte-tus-vecinos-la-precuela\\\/\",\"url\":\"https:\\\/\\\/sergiolapegue.com\\\/site\\\/2025\\\/05\\\/10\\\/atte-tus-vecinos-la-precuela\\\/\",\"name\":\"ATTE. TUS VECINOS \u2013 LA PRECUELA - Sergio Lapegue\",\"isPartOf\":{\"@id\":\"https:\\\/\\\/sergiolapegue.com\\\/site\\\/#website\"},\"primaryImageOfPage\":{\"@id\":\"https:\\\/\\\/sergiolapegue.com\\\/site\\\/2025\\\/05\\\/10\\\/atte-tus-vecinos-la-precuela\\\/#primaryimage\"},\"image\":{\"@id\":\"https:\\\/\\\/sergiolapegue.com\\\/site\\\/2025\\\/05\\\/10\\\/atte-tus-vecinos-la-precuela\\\/#primaryimage\"},\"thumbnailUrl\":\"https:\\\/\\\/sergiolapegue.com\\\/site\\\/wp-content\\\/uploads\\\/2025\\\/05\\\/Atte-tus-vecinos-0-1.jpg\",\"datePublished\":\"2025-05-10T04:00:00+00:00\",\"breadcrumb\":{\"@id\":\"https:\\\/\\\/sergiolapegue.com\\\/site\\\/2025\\\/05\\\/10\\\/atte-tus-vecinos-la-precuela\\\/#breadcrumb\"},\"inLanguage\":\"es-AR\",\"potentialAction\":[{\"@type\":\"ReadAction\",\"target\":[\"https:\\\/\\\/sergiolapegue.com\\\/site\\\/2025\\\/05\\\/10\\\/atte-tus-vecinos-la-precuela\\\/\"]}]},{\"@type\":\"ImageObject\",\"inLanguage\":\"es-AR\",\"@id\":\"https:\\\/\\\/sergiolapegue.com\\\/site\\\/2025\\\/05\\\/10\\\/atte-tus-vecinos-la-precuela\\\/#primaryimage\",\"url\":\"https:\\\/\\\/sergiolapegue.com\\\/site\\\/wp-content\\\/uploads\\\/2025\\\/05\\\/Atte-tus-vecinos-0-1.jpg\",\"contentUrl\":\"https:\\\/\\\/sergiolapegue.com\\\/site\\\/wp-content\\\/uploads\\\/2025\\\/05\\\/Atte-tus-vecinos-0-1.jpg\",\"width\":1350,\"height\":1688},{\"@type\":\"BreadcrumbList\",\"@id\":\"https:\\\/\\\/sergiolapegue.com\\\/site\\\/2025\\\/05\\\/10\\\/atte-tus-vecinos-la-precuela\\\/#breadcrumb\",\"itemListElement\":[{\"@type\":\"ListItem\",\"position\":1,\"name\":\"Inicio\",\"item\":\"https:\\\/\\\/sergiolapegue.com\\\/site\\\/\"},{\"@type\":\"ListItem\",\"position\":2,\"name\":\"ATTE. TUS VECINOS \u2013 LA PRECUELA\"}]},{\"@type\":\"WebSite\",\"@id\":\"https:\\\/\\\/sergiolapegue.com\\\/site\\\/#website\",\"url\":\"https:\\\/\\\/sergiolapegue.com\\\/site\\\/\",\"name\":\"Sergio Lapegue\",\"description\":\"Periodista\",\"publisher\":{\"@id\":\"https:\\\/\\\/sergiolapegue.com\\\/site\\\/#\\\/schema\\\/person\\\/083aeceeb0734cd166779ea6c0551a37\"},\"potentialAction\":[{\"@type\":\"SearchAction\",\"target\":{\"@type\":\"EntryPoint\",\"urlTemplate\":\"https:\\\/\\\/sergiolapegue.com\\\/site\\\/?s={search_term_string}\"},\"query-input\":{\"@type\":\"PropertyValueSpecification\",\"valueRequired\":true,\"valueName\":\"search_term_string\"}}],\"inLanguage\":\"es-AR\"},{\"@type\":[\"Person\",\"Organization\"],\"@id\":\"https:\\\/\\\/sergiolapegue.com\\\/site\\\/#\\\/schema\\\/person\\\/083aeceeb0734cd166779ea6c0551a37\",\"name\":\"Sergio Lapegue\",\"image\":{\"@type\":\"ImageObject\",\"inLanguage\":\"es-AR\",\"@id\":\"https:\\\/\\\/sergiolapegue.com\\\/site\\\/wp-content\\\/uploads\\\/2021\\\/04\\\/logo_header-1.png\",\"url\":\"https:\\\/\\\/sergiolapegue.com\\\/site\\\/wp-content\\\/uploads\\\/2021\\\/04\\\/logo_header-1.png\",\"contentUrl\":\"https:\\\/\\\/sergiolapegue.com\\\/site\\\/wp-content\\\/uploads\\\/2021\\\/04\\\/logo_header-1.png\",\"width\":272,\"height\":90,\"caption\":\"Sergio Lapegue\"},\"logo\":{\"@id\":\"https:\\\/\\\/sergiolapegue.com\\\/site\\\/wp-content\\\/uploads\\\/2021\\\/04\\\/logo_header-1.png\"},\"sameAs\":[\"https:\\\/\\\/facebook.com\\\/sergiolapegue\",\"https:\\\/\\\/instagram.com\\\/sergiolapegue\",\"https:\\\/\\\/x.com\\\/https:\\\/\\\/twitter.com\\\/sergiolapegue\"]},{\"@type\":\"Person\",\"@id\":\"https:\\\/\\\/sergiolapegue.com\\\/site\\\/#\\\/schema\\\/person\\\/9198e7dbab43c6d74d0fd5399af7c3cd\",\"name\":\"Daniel E. Monta\u00f1a\",\"image\":{\"@type\":\"ImageObject\",\"inLanguage\":\"es-AR\",\"@id\":\"https:\\\/\\\/sergiolapegue.com\\\/site\\\/wp-content\\\/uploads\\\/2021\\\/04\\\/sl_avatar_Daniel-150x150.jpg\",\"url\":\"https:\\\/\\\/sergiolapegue.com\\\/site\\\/wp-content\\\/uploads\\\/2021\\\/04\\\/sl_avatar_Daniel-150x150.jpg\",\"contentUrl\":\"https:\\\/\\\/sergiolapegue.com\\\/site\\\/wp-content\\\/uploads\\\/2021\\\/04\\\/sl_avatar_Daniel-150x150.jpg\",\"caption\":\"Daniel E. Monta\u00f1a\"},\"sameAs\":[\"https:\\\/\\\/facebook.com\\\/danielernesto.montana\",\"https:\\\/\\\/instagram.com\\\/daniel_montana1961\",\"https:\\\/\\\/x.com\\\/https:\\\/\\\/twitter.com\\\/daner_004\"],\"url\":\"https:\\\/\\\/sergiolapegue.com\\\/site\\\/author\\\/daniel\\\/\"}]}<\/script>\n<!-- \/ Yoast SEO plugin. -->","yoast_head_json":{"title":"ATTE. TUS VECINOS \u2013 LA PRECUELA - Sergio Lapegue","robots":{"index":"index","follow":"follow","max-snippet":"max-snippet:-1","max-image-preview":"max-image-preview:large","max-video-preview":"max-video-preview:-1"},"canonical":"https:\/\/sergiolapegue.com\/site\/2025\/05\/10\/atte-tus-vecinos-la-precuela\/","og_locale":"es_ES","og_type":"article","og_title":"ATTE. TUS VECINOS \u2013 LA PRECUELA - Sergio Lapegue","og_description":"La exitosa obra \u201cAtte. tus vecinos\u201d realizar\u00e1 dos funciones especiales los lunes 12 y 19 de mayo, con un invitado especial que va a interpretar la precuela de la historia. \u00a1Se revela el misterio! Joaqu\u00edn Ochoa es el encargado de dar vida a Sergio, el enigm\u00e1tico conserje de nuestro querido edificio. \u00bfTodav\u00eda no lo conoces? [&hellip;]","og_url":"https:\/\/sergiolapegue.com\/site\/2025\/05\/10\/atte-tus-vecinos-la-precuela\/","og_site_name":"Sergio Lapegue","article_publisher":"https:\/\/facebook.com\/sergiolapegue","article_author":"https:\/\/facebook.com\/danielernesto.montana","article_published_time":"2025-05-10T04:00:00+00:00","og_image":[{"width":1350,"height":1688,"url":"https:\/\/sergiolapegue.com\/site\/wp-content\/uploads\/2025\/05\/Atte-tus-vecinos-0-1.jpg","type":"image\/jpeg"}],"author":"Daniel E. Monta\u00f1a","twitter_card":"summary_large_image","twitter_creator":"@https:\/\/twitter.com\/daner_004","twitter_site":"@sergiolapegue","twitter_misc":{"Escrito por":"Daniel E. Monta\u00f1a","Tiempo de lectura":"5 minutos"},"schema":{"@context":"https:\/\/schema.org","@graph":[{"@type":"Article","@id":"https:\/\/sergiolapegue.com\/site\/2025\/05\/10\/atte-tus-vecinos-la-precuela\/#article","isPartOf":{"@id":"https:\/\/sergiolapegue.com\/site\/2025\/05\/10\/atte-tus-vecinos-la-precuela\/"},"author":{"name":"Daniel E. Monta\u00f1a","@id":"https:\/\/sergiolapegue.com\/site\/#\/schema\/person\/9198e7dbab43c6d74d0fd5399af7c3cd"},"headline":"ATTE. TUS VECINOS \u2013 LA PRECUELA","datePublished":"2025-05-10T04:00:00+00:00","mainEntityOfPage":{"@id":"https:\/\/sergiolapegue.com\/site\/2025\/05\/10\/atte-tus-vecinos-la-precuela\/"},"wordCount":856,"commentCount":0,"publisher":{"@id":"https:\/\/sergiolapegue.com\/site\/#\/schema\/person\/083aeceeb0734cd166779ea6c0551a37"},"image":{"@id":"https:\/\/sergiolapegue.com\/site\/2025\/05\/10\/atte-tus-vecinos-la-precuela\/#primaryimage"},"thumbnailUrl":"https:\/\/sergiolapegue.com\/site\/wp-content\/uploads\/2025\/05\/Atte-tus-vecinos-0-1.jpg","articleSection":["Arte","Teatro"],"inLanguage":"es-AR","potentialAction":[{"@type":"CommentAction","name":"Comment","target":["https:\/\/sergiolapegue.com\/site\/2025\/05\/10\/atte-tus-vecinos-la-precuela\/#respond"]}]},{"@type":"WebPage","@id":"https:\/\/sergiolapegue.com\/site\/2025\/05\/10\/atte-tus-vecinos-la-precuela\/","url":"https:\/\/sergiolapegue.com\/site\/2025\/05\/10\/atte-tus-vecinos-la-precuela\/","name":"ATTE. TUS VECINOS \u2013 LA PRECUELA - Sergio Lapegue","isPartOf":{"@id":"https:\/\/sergiolapegue.com\/site\/#website"},"primaryImageOfPage":{"@id":"https:\/\/sergiolapegue.com\/site\/2025\/05\/10\/atte-tus-vecinos-la-precuela\/#primaryimage"},"image":{"@id":"https:\/\/sergiolapegue.com\/site\/2025\/05\/10\/atte-tus-vecinos-la-precuela\/#primaryimage"},"thumbnailUrl":"https:\/\/sergiolapegue.com\/site\/wp-content\/uploads\/2025\/05\/Atte-tus-vecinos-0-1.jpg","datePublished":"2025-05-10T04:00:00+00:00","breadcrumb":{"@id":"https:\/\/sergiolapegue.com\/site\/2025\/05\/10\/atte-tus-vecinos-la-precuela\/#breadcrumb"},"inLanguage":"es-AR","potentialAction":[{"@type":"ReadAction","target":["https:\/\/sergiolapegue.com\/site\/2025\/05\/10\/atte-tus-vecinos-la-precuela\/"]}]},{"@type":"ImageObject","inLanguage":"es-AR","@id":"https:\/\/sergiolapegue.com\/site\/2025\/05\/10\/atte-tus-vecinos-la-precuela\/#primaryimage","url":"https:\/\/sergiolapegue.com\/site\/wp-content\/uploads\/2025\/05\/Atte-tus-vecinos-0-1.jpg","contentUrl":"https:\/\/sergiolapegue.com\/site\/wp-content\/uploads\/2025\/05\/Atte-tus-vecinos-0-1.jpg","width":1350,"height":1688},{"@type":"BreadcrumbList","@id":"https:\/\/sergiolapegue.com\/site\/2025\/05\/10\/atte-tus-vecinos-la-precuela\/#breadcrumb","itemListElement":[{"@type":"ListItem","position":1,"name":"Inicio","item":"https:\/\/sergiolapegue.com\/site\/"},{"@type":"ListItem","position":2,"name":"ATTE. TUS VECINOS \u2013 LA PRECUELA"}]},{"@type":"WebSite","@id":"https:\/\/sergiolapegue.com\/site\/#website","url":"https:\/\/sergiolapegue.com\/site\/","name":"Sergio Lapegue","description":"Periodista","publisher":{"@id":"https:\/\/sergiolapegue.com\/site\/#\/schema\/person\/083aeceeb0734cd166779ea6c0551a37"},"potentialAction":[{"@type":"SearchAction","target":{"@type":"EntryPoint","urlTemplate":"https:\/\/sergiolapegue.com\/site\/?s={search_term_string}"},"query-input":{"@type":"PropertyValueSpecification","valueRequired":true,"valueName":"search_term_string"}}],"inLanguage":"es-AR"},{"@type":["Person","Organization"],"@id":"https:\/\/sergiolapegue.com\/site\/#\/schema\/person\/083aeceeb0734cd166779ea6c0551a37","name":"Sergio Lapegue","image":{"@type":"ImageObject","inLanguage":"es-AR","@id":"https:\/\/sergiolapegue.com\/site\/wp-content\/uploads\/2021\/04\/logo_header-1.png","url":"https:\/\/sergiolapegue.com\/site\/wp-content\/uploads\/2021\/04\/logo_header-1.png","contentUrl":"https:\/\/sergiolapegue.com\/site\/wp-content\/uploads\/2021\/04\/logo_header-1.png","width":272,"height":90,"caption":"Sergio Lapegue"},"logo":{"@id":"https:\/\/sergiolapegue.com\/site\/wp-content\/uploads\/2021\/04\/logo_header-1.png"},"sameAs":["https:\/\/facebook.com\/sergiolapegue","https:\/\/instagram.com\/sergiolapegue","https:\/\/x.com\/https:\/\/twitter.com\/sergiolapegue"]},{"@type":"Person","@id":"https:\/\/sergiolapegue.com\/site\/#\/schema\/person\/9198e7dbab43c6d74d0fd5399af7c3cd","name":"Daniel E. Monta\u00f1a","image":{"@type":"ImageObject","inLanguage":"es-AR","@id":"https:\/\/sergiolapegue.com\/site\/wp-content\/uploads\/2021\/04\/sl_avatar_Daniel-150x150.jpg","url":"https:\/\/sergiolapegue.com\/site\/wp-content\/uploads\/2021\/04\/sl_avatar_Daniel-150x150.jpg","contentUrl":"https:\/\/sergiolapegue.com\/site\/wp-content\/uploads\/2021\/04\/sl_avatar_Daniel-150x150.jpg","caption":"Daniel E. Monta\u00f1a"},"sameAs":["https:\/\/facebook.com\/danielernesto.montana","https:\/\/instagram.com\/daniel_montana1961","https:\/\/x.com\/https:\/\/twitter.com\/daner_004"],"url":"https:\/\/sergiolapegue.com\/site\/author\/daniel\/"}]}},"_links":{"self":[{"href":"https:\/\/sergiolapegue.com\/site\/wp-json\/wp\/v2\/posts\/22670","targetHints":{"allow":["GET"]}}],"collection":[{"href":"https:\/\/sergiolapegue.com\/site\/wp-json\/wp\/v2\/posts"}],"about":[{"href":"https:\/\/sergiolapegue.com\/site\/wp-json\/wp\/v2\/types\/post"}],"author":[{"embeddable":true,"href":"https:\/\/sergiolapegue.com\/site\/wp-json\/wp\/v2\/users\/3"}],"replies":[{"embeddable":true,"href":"https:\/\/sergiolapegue.com\/site\/wp-json\/wp\/v2\/comments?post=22670"}],"version-history":[{"count":1,"href":"https:\/\/sergiolapegue.com\/site\/wp-json\/wp\/v2\/posts\/22670\/revisions"}],"predecessor-version":[{"id":22679,"href":"https:\/\/sergiolapegue.com\/site\/wp-json\/wp\/v2\/posts\/22670\/revisions\/22679"}],"wp:featuredmedia":[{"embeddable":true,"href":"https:\/\/sergiolapegue.com\/site\/wp-json\/wp\/v2\/media\/22678"}],"wp:attachment":[{"href":"https:\/\/sergiolapegue.com\/site\/wp-json\/wp\/v2\/media?parent=22670"}],"wp:term":[{"taxonomy":"category","embeddable":true,"href":"https:\/\/sergiolapegue.com\/site\/wp-json\/wp\/v2\/categories?post=22670"},{"taxonomy":"post_tag","embeddable":true,"href":"https:\/\/sergiolapegue.com\/site\/wp-json\/wp\/v2\/tags?post=22670"}],"curies":[{"name":"wp","href":"https:\/\/api.w.org\/{rel}","templated":true}]}}