{"id":22662,"date":"2025-05-09T13:00:00","date_gmt":"2025-05-09T16:00:00","guid":{"rendered":"https:\/\/sergiolapegue.com\/site\/?p=22662"},"modified":"2025-05-07T19:26:01","modified_gmt":"2025-05-07T22:26:01","slug":"el-colectivo-teatral-sin-apagon-presenta-quienay","status":"publish","type":"post","link":"https:\/\/sergiolapegue.com\/site\/2025\/05\/09\/el-colectivo-teatral-sin-apagon-presenta-quienay\/","title":{"rendered":"EL COLECTIVO TEATRAL SIN APAG\u00d3N PRESENTA: \u00bfQUIEN\u00c1Y?"},"content":{"rendered":"\n<p>Teatro en clave litorale\u00f1a:&nbsp;\u00bfQuien\u00e1y?&nbsp;se presenta en Paran\u00e1 como parte de su primera gira por el litoral.<\/p>\n\n\n\n<p>El pr\u00f3ximo&nbsp;domingo 18 de mayo a las 20 hs, el escenario de&nbsp;La Vieja Usina&nbsp;en Paran\u00e1 recibir\u00e1 al&nbsp;Colectivo Teatral Sin Apag\u00f3n, que llega desde Buenos Aires con su tercera producci\u00f3n:&nbsp;\u00bfQuien\u00e1y?, una obra escrita por el dramaturgo santafesino&nbsp;Ra\u00fal Kreig. La funci\u00f3n forma parte de la&nbsp;primera gira por el litoral&nbsp;del grupo, que tambi\u00e9n se presentar\u00e1 en Humboldt y Santa Fe capital.&nbsp;&nbsp;<\/p>\n\n\n\n<figure class=\"wp-block-image size-large\"><img loading=\"lazy\" decoding=\"async\" width=\"1024\" height=\"683\" src=\"https:\/\/sergiolapegue.com\/site\/wp-content\/uploads\/2025\/05\/El-colectivo-teatral-sin-apagon-presenta-Quienay-7-1024x683.jpg\" alt=\"\" class=\"wp-image-22663\" srcset=\"https:\/\/sergiolapegue.com\/site\/wp-content\/uploads\/2025\/05\/El-colectivo-teatral-sin-apagon-presenta-Quienay-7-1024x683.jpg 1024w, https:\/\/sergiolapegue.com\/site\/wp-content\/uploads\/2025\/05\/El-colectivo-teatral-sin-apagon-presenta-Quienay-7-300x200.jpg 300w, https:\/\/sergiolapegue.com\/site\/wp-content\/uploads\/2025\/05\/El-colectivo-teatral-sin-apagon-presenta-Quienay-7-768x512.jpg 768w, https:\/\/sergiolapegue.com\/site\/wp-content\/uploads\/2025\/05\/El-colectivo-teatral-sin-apagon-presenta-Quienay-7-1536x1024.jpg 1536w, https:\/\/sergiolapegue.com\/site\/wp-content\/uploads\/2025\/05\/El-colectivo-teatral-sin-apagon-presenta-Quienay-7-2048x1365.jpg 2048w, https:\/\/sergiolapegue.com\/site\/wp-content\/uploads\/2025\/05\/El-colectivo-teatral-sin-apagon-presenta-Quienay-7-630x420.jpg 630w, https:\/\/sergiolapegue.com\/site\/wp-content\/uploads\/2025\/05\/El-colectivo-teatral-sin-apagon-presenta-Quienay-7-696x464.jpg 696w, https:\/\/sergiolapegue.com\/site\/wp-content\/uploads\/2025\/05\/El-colectivo-teatral-sin-apagon-presenta-Quienay-7-1068x712.jpg 1068w, https:\/\/sergiolapegue.com\/site\/wp-content\/uploads\/2025\/05\/El-colectivo-teatral-sin-apagon-presenta-Quienay-7-1920x1280.jpg 1920w\" sizes=\"auto, (max-width: 1024px) 100vw, 1024px\" \/><\/figure>\n\n\n\n<p><strong>SINOPSIS<\/strong><\/p>\n\n\n\n<p>Situada en el interior de un rancho en alg\u00fan paraje del campo litorale\u00f1o,&nbsp;\u00bfQuien\u00e1y?&nbsp;nos sumerge en la intimidad de cinco hermanas \u2014Choni, Chuchi, Chola, Chela y Chita\u2014 cuya rutina mon\u00f3tona y ritualizada se ve alterada una noche cualquiera por insistentes golpes en la puerta. \u201c\u00bfQuien\u00e1y?\u201d, preguntan, sin obtener respuesta.&nbsp;<\/p>\n\n\n\n<p>A partir de ese momento, la incertidumbre, el miedo y los recuerdos comienzan a invadir el ambiente, desplegando una historia tan c\u00f3mica como sensible, tejida con memorias, nostalgia y preguntas esenciales:&nbsp;\u201c\u00bfAd\u00f3nde se ir\u00e1n los muertos cuando se mueren? \u00bfAl cielo?&#8221;<\/p>\n\n\n\n<figure class=\"wp-block-image size-full\"><img loading=\"lazy\" decoding=\"async\" width=\"724\" height=\"568\" src=\"https:\/\/sergiolapegue.com\/site\/wp-content\/uploads\/2025\/05\/El-colectivo-teatral-sin-apagon-presenta-Quienay-2.jpeg\" alt=\"\" class=\"wp-image-22664\" srcset=\"https:\/\/sergiolapegue.com\/site\/wp-content\/uploads\/2025\/05\/El-colectivo-teatral-sin-apagon-presenta-Quienay-2.jpeg 724w, https:\/\/sergiolapegue.com\/site\/wp-content\/uploads\/2025\/05\/El-colectivo-teatral-sin-apagon-presenta-Quienay-2-300x235.jpeg 300w, https:\/\/sergiolapegue.com\/site\/wp-content\/uploads\/2025\/05\/El-colectivo-teatral-sin-apagon-presenta-Quienay-2-535x420.jpeg 535w, https:\/\/sergiolapegue.com\/site\/wp-content\/uploads\/2025\/05\/El-colectivo-teatral-sin-apagon-presenta-Quienay-2-696x546.jpeg 696w\" sizes=\"auto, (max-width: 724px) 100vw, 724px\" \/><\/figure>\n\n\n\n<p><strong>SOBRE LA OBRA<\/strong><\/p>\n\n\n\n<p>La obra ofrece una mirada con toques de humor, sobre el universo femenino y las emociones que sobreviven en la memoria colectiva del litoral. A lo largo de la trama, las protagonistas intentan protegerse y contenerse mutuamente, enfrentando un presente cargado de ausencias.<\/p>\n\n\n\n<p>Esta versi\u00f3n de la obra del reconocido dramaturgo santafesino&nbsp;Ra\u00fal Kreig&nbsp;es la&nbsp;tercera producci\u00f3n del colectivo Sin Apag\u00f3n, un grupo autogestivo integrado por estudiantes y graduados de la Licenciatura en Actuaci\u00f3n de la&nbsp;Universidad Nacional de las Artes, que desde 2018 viene desarrollando una intensa actividad art\u00edstica en la Ciudad Aut\u00f3noma de Buenos Aires. Con trabajos anteriores como&nbsp;El Nuevo Mundo&nbsp;de Carlos Somigliana y&nbsp;La Trampa&nbsp;de Agust\u00edn Contino, tambi\u00e9n han explorado otras formas de creaci\u00f3n y difusi\u00f3n como el radioteatro, talleres de teatro, encuentros virtuales de formaci\u00f3n y funciones por streaming.<\/p>\n\n\n\n<p>\u00bfQuien\u00e1y?&nbsp;tuvo una destacada recepci\u00f3n durante sus dos temporadas en el&nbsp;Teatro Fandango de Buenos Aires, con nueve funciones a sala llena y elogios del p\u00fablico por la potencia actoral, la atm\u00f3sfera envolvente y un humor que combina ternura y profundidad.<\/p>\n\n\n\n<figure class=\"wp-block-image size-full\"><img loading=\"lazy\" decoding=\"async\" width=\"718\" height=\"476\" src=\"https:\/\/sergiolapegue.com\/site\/wp-content\/uploads\/2025\/05\/El-colectivo-teatral-sin-apagon-presenta-Quienay-5.jpeg\" alt=\"\" class=\"wp-image-22665\" srcset=\"https:\/\/sergiolapegue.com\/site\/wp-content\/uploads\/2025\/05\/El-colectivo-teatral-sin-apagon-presenta-Quienay-5.jpeg 718w, https:\/\/sergiolapegue.com\/site\/wp-content\/uploads\/2025\/05\/El-colectivo-teatral-sin-apagon-presenta-Quienay-5-300x199.jpeg 300w, https:\/\/sergiolapegue.com\/site\/wp-content\/uploads\/2025\/05\/El-colectivo-teatral-sin-apagon-presenta-Quienay-5-634x420.jpeg 634w, https:\/\/sergiolapegue.com\/site\/wp-content\/uploads\/2025\/05\/El-colectivo-teatral-sin-apagon-presenta-Quienay-5-696x461.jpeg 696w\" sizes=\"auto, (max-width: 718px) 100vw, 718px\" \/><\/figure>\n\n\n\n<p><strong>FICHA T\u00c9CNICO ART\u00cdSTICA<\/strong><\/p>\n\n\n\n<p><strong>Autor\u00eda:<\/strong> Ra\u00fal Kreig<\/p>\n\n\n\n<p><strong>Act\u00faan:<\/strong>&nbsp;Ailu Maser, Agustina Plaza, Martina Ponc\u00e9 Cour\u00e9, Mar\u00eda Virginia Porta, Isabella S\u00e1nchez<\/p>\n\n\n\n<p><strong>Dise\u00f1o de vestuario:<\/strong>&nbsp;Ailu Maser<\/p>\n\n\n\n<p><strong>Escenograf\u00eda y utiler\u00eda:<\/strong>&nbsp;Walter Maser<\/p>\n\n\n\n<p><strong>M\u00fasica:<\/strong>&nbsp;Walter Maser, Silvana Soul\u00e9<\/p>\n\n\n\n<p><strong>Asistencia de direcci\u00f3n:<\/strong>&nbsp;Agust\u00edn Contino<\/p>\n\n\n\n<p><strong>Producci\u00f3n:<\/strong>&nbsp;Sin Apag\u00f3n Colectivo Teatral, Tom\u00e1s Exequiel Nu\u00f1ez, Isabella S\u00e1nchez, Martina Ponce Cour\u00e9<\/p>\n\n\n\n<p><strong>Direcci\u00f3n:<\/strong>&nbsp;Tom\u00e1s Nu\u00f1ez&nbsp;<\/p>\n\n\n\n<p><strong>Duraci\u00f3n:<\/strong> 50 minutos<\/p>\n\n\n\n<p><strong>Clasificaci\u00f3n:<\/strong> Teatro \u2013 Presencial \u2013 Adultos \u2013 Artes Esc\u00e9nicas<\/p>\n\n\n\n<figure class=\"wp-block-image size-full\"><img loading=\"lazy\" decoding=\"async\" width=\"727\" height=\"570\" src=\"https:\/\/sergiolapegue.com\/site\/wp-content\/uploads\/2025\/05\/El-colectivo-teatral-sin-apagon-presenta-Quienay-3.jpeg\" alt=\"\" class=\"wp-image-22666\" srcset=\"https:\/\/sergiolapegue.com\/site\/wp-content\/uploads\/2025\/05\/El-colectivo-teatral-sin-apagon-presenta-Quienay-3.jpeg 727w, https:\/\/sergiolapegue.com\/site\/wp-content\/uploads\/2025\/05\/El-colectivo-teatral-sin-apagon-presenta-Quienay-3-300x235.jpeg 300w, https:\/\/sergiolapegue.com\/site\/wp-content\/uploads\/2025\/05\/El-colectivo-teatral-sin-apagon-presenta-Quienay-3-536x420.jpeg 536w, https:\/\/sergiolapegue.com\/site\/wp-content\/uploads\/2025\/05\/El-colectivo-teatral-sin-apagon-presenta-Quienay-3-696x546.jpeg 696w\" sizes=\"auto, (max-width: 727px) 100vw, 727px\" \/><\/figure>\n\n\n\n<p>Con el deseo de compartir su trabajo con nuevos p\u00fablicos, el colectivo emprende su&nbsp;primera gira por el litoral, que incluir\u00e1 funciones en:<\/p>\n\n\n\n<ul class=\"wp-block-list\">\n<li><strong>Viernes 16 de mayo, 21 hs:<\/strong>\u00a0Sala Tiro Federal (Humboldt, Santa Fe)<\/li>\n\n\n\n<li><strong>S\u00e1bado 17 de mayo, 21 hs:<\/strong>\u00a0Centro Cultural El Birri (Santa Fe Capital)<\/li>\n\n\n\n<li><strong>Domingo 18 de mayo, 20 hs:<\/strong>\u00a0La Vieja Usina (Paran\u00e1)<\/li>\n<\/ul>\n\n\n\n<p>La funci\u00f3n en Paran\u00e1 ser\u00e1 una oportunidad imperdible para el p\u00fablico local de vivir una experiencia teatral \u00fanica, en una obra que se sumerge en lo profundo del sentir litorale\u00f1o con una mirada contempor\u00e1nea y emotiva.<\/p>\n\n\n\n<p>Las entradas pueden reservarse por WhatsApp al&nbsp;112785527&nbsp;o a trav\u00e9s del&nbsp;Instagram del colectivo:<strong>&nbsp;<a href=\"https:\/\/instagram.com\/sin.apagon\" target=\"_blank\" rel=\"noreferrer noopener\">@sin.apagon<\/a><\/strong>.<\/p>\n\n\n\n<p>Gracias&nbsp;Malvina Giglione por acercarnos la gacetilla de prensa de este espect\u00e1culo. &nbsp;&nbsp;<\/p>\n\n\n\n<p><\/p>\n","protected":false},"excerpt":{"rendered":"<p>Teatro en clave litorale\u00f1a:&nbsp;\u00bfQuien\u00e1y?&nbsp;se presenta en Paran\u00e1 como parte de su primera gira por el litoral. El pr\u00f3ximo&nbsp;domingo 18 de mayo a las 20 hs, el escenario de&nbsp;La Vieja Usina&nbsp;en Paran\u00e1 recibir\u00e1 al&nbsp;Colectivo Teatral Sin Apag\u00f3n, que llega desde Buenos Aires con su tercera producci\u00f3n:&nbsp;\u00bfQuien\u00e1y?, una obra escrita por el dramaturgo santafesino&nbsp;Ra\u00fal Kreig. La funci\u00f3n [&hellip;]<\/p>\n","protected":false},"author":3,"featured_media":22667,"comment_status":"open","ping_status":"closed","sticky":false,"template":"","format":"standard","meta":{"footnotes":""},"categories":[34,35],"tags":[],"class_list":{"0":"post-22662","1":"post","2":"type-post","3":"status-publish","4":"format-standard","5":"has-post-thumbnail","7":"category-arte","8":"category-teatro"},"yoast_head":"<!-- This site is optimized with the Yoast SEO plugin v27.5 - https:\/\/yoast.com\/product\/yoast-seo-wordpress\/ -->\n<title>EL COLECTIVO TEATRAL SIN APAG\u00d3N PRESENTA: \u00bfQUIEN\u00c1Y? - Sergio Lapegue<\/title>\n<meta name=\"robots\" content=\"index, follow, max-snippet:-1, max-image-preview:large, max-video-preview:-1\" \/>\n<link rel=\"canonical\" href=\"https:\/\/sergiolapegue.com\/site\/2025\/05\/09\/el-colectivo-teatral-sin-apagon-presenta-quienay\/\" \/>\n<meta property=\"og:locale\" content=\"es_ES\" \/>\n<meta property=\"og:type\" content=\"article\" \/>\n<meta property=\"og:title\" content=\"EL COLECTIVO TEATRAL SIN APAG\u00d3N PRESENTA: \u00bfQUIEN\u00c1Y? - Sergio Lapegue\" \/>\n<meta property=\"og:description\" content=\"Teatro en clave litorale\u00f1a:&nbsp;\u00bfQuien\u00e1y?&nbsp;se presenta en Paran\u00e1 como parte de su primera gira por el litoral. El pr\u00f3ximo&nbsp;domingo 18 de mayo a las 20 hs, el escenario de&nbsp;La Vieja Usina&nbsp;en Paran\u00e1 recibir\u00e1 al&nbsp;Colectivo Teatral Sin Apag\u00f3n, que llega desde Buenos Aires con su tercera producci\u00f3n:&nbsp;\u00bfQuien\u00e1y?, una obra escrita por el dramaturgo santafesino&nbsp;Ra\u00fal Kreig. La funci\u00f3n [&hellip;]\" \/>\n<meta property=\"og:url\" content=\"https:\/\/sergiolapegue.com\/site\/2025\/05\/09\/el-colectivo-teatral-sin-apagon-presenta-quienay\/\" \/>\n<meta property=\"og:site_name\" content=\"Sergio Lapegue\" \/>\n<meta property=\"article:publisher\" content=\"https:\/\/facebook.com\/sergiolapegue\" \/>\n<meta property=\"article:author\" content=\"https:\/\/facebook.com\/danielernesto.montana\" \/>\n<meta property=\"article:published_time\" content=\"2025-05-09T16:00:00+00:00\" \/>\n<meta property=\"og:image\" content=\"https:\/\/sergiolapegue.com\/site\/wp-content\/uploads\/2025\/05\/El-colectivo-teatral-sin-apagon-presenta-Quienay.jpeg\" \/>\n\t<meta property=\"og:image:width\" content=\"1080\" \/>\n\t<meta property=\"og:image:height\" content=\"1350\" \/>\n\t<meta property=\"og:image:type\" content=\"image\/jpeg\" \/>\n<meta name=\"author\" content=\"Daniel E. Monta\u00f1a\" \/>\n<meta name=\"twitter:card\" content=\"summary_large_image\" \/>\n<meta name=\"twitter:creator\" content=\"@https:\/\/twitter.com\/daner_004\" \/>\n<meta name=\"twitter:site\" content=\"@sergiolapegue\" \/>\n<meta name=\"twitter:label1\" content=\"Escrito por\" \/>\n\t<meta name=\"twitter:data1\" content=\"Daniel E. Monta\u00f1a\" \/>\n\t<meta name=\"twitter:label2\" content=\"Tiempo de lectura\" \/>\n\t<meta name=\"twitter:data2\" content=\"4 minutos\" \/>\n<script type=\"application\/ld+json\" class=\"yoast-schema-graph\">{\"@context\":\"https:\\\/\\\/schema.org\",\"@graph\":[{\"@type\":\"Article\",\"@id\":\"https:\\\/\\\/sergiolapegue.com\\\/site\\\/2025\\\/05\\\/09\\\/el-colectivo-teatral-sin-apagon-presenta-quienay\\\/#article\",\"isPartOf\":{\"@id\":\"https:\\\/\\\/sergiolapegue.com\\\/site\\\/2025\\\/05\\\/09\\\/el-colectivo-teatral-sin-apagon-presenta-quienay\\\/\"},\"author\":{\"name\":\"Daniel E. Monta\u00f1a\",\"@id\":\"https:\\\/\\\/sergiolapegue.com\\\/site\\\/#\\\/schema\\\/person\\\/9198e7dbab43c6d74d0fd5399af7c3cd\"},\"headline\":\"EL COLECTIVO TEATRAL SIN APAG\u00d3N PRESENTA: \u00bfQUIEN\u00c1Y?\",\"datePublished\":\"2025-05-09T16:00:00+00:00\",\"mainEntityOfPage\":{\"@id\":\"https:\\\/\\\/sergiolapegue.com\\\/site\\\/2025\\\/05\\\/09\\\/el-colectivo-teatral-sin-apagon-presenta-quienay\\\/\"},\"wordCount\":649,\"commentCount\":0,\"publisher\":{\"@id\":\"https:\\\/\\\/sergiolapegue.com\\\/site\\\/#\\\/schema\\\/person\\\/083aeceeb0734cd166779ea6c0551a37\"},\"image\":{\"@id\":\"https:\\\/\\\/sergiolapegue.com\\\/site\\\/2025\\\/05\\\/09\\\/el-colectivo-teatral-sin-apagon-presenta-quienay\\\/#primaryimage\"},\"thumbnailUrl\":\"https:\\\/\\\/sergiolapegue.com\\\/site\\\/wp-content\\\/uploads\\\/2025\\\/05\\\/El-colectivo-teatral-sin-apagon-presenta-Quienay.jpeg\",\"articleSection\":[\"Arte\",\"Teatro\"],\"inLanguage\":\"es-AR\",\"potentialAction\":[{\"@type\":\"CommentAction\",\"name\":\"Comment\",\"target\":[\"https:\\\/\\\/sergiolapegue.com\\\/site\\\/2025\\\/05\\\/09\\\/el-colectivo-teatral-sin-apagon-presenta-quienay\\\/#respond\"]}]},{\"@type\":\"WebPage\",\"@id\":\"https:\\\/\\\/sergiolapegue.com\\\/site\\\/2025\\\/05\\\/09\\\/el-colectivo-teatral-sin-apagon-presenta-quienay\\\/\",\"url\":\"https:\\\/\\\/sergiolapegue.com\\\/site\\\/2025\\\/05\\\/09\\\/el-colectivo-teatral-sin-apagon-presenta-quienay\\\/\",\"name\":\"EL COLECTIVO TEATRAL SIN APAG\u00d3N PRESENTA: \u00bfQUIEN\u00c1Y? - Sergio Lapegue\",\"isPartOf\":{\"@id\":\"https:\\\/\\\/sergiolapegue.com\\\/site\\\/#website\"},\"primaryImageOfPage\":{\"@id\":\"https:\\\/\\\/sergiolapegue.com\\\/site\\\/2025\\\/05\\\/09\\\/el-colectivo-teatral-sin-apagon-presenta-quienay\\\/#primaryimage\"},\"image\":{\"@id\":\"https:\\\/\\\/sergiolapegue.com\\\/site\\\/2025\\\/05\\\/09\\\/el-colectivo-teatral-sin-apagon-presenta-quienay\\\/#primaryimage\"},\"thumbnailUrl\":\"https:\\\/\\\/sergiolapegue.com\\\/site\\\/wp-content\\\/uploads\\\/2025\\\/05\\\/El-colectivo-teatral-sin-apagon-presenta-Quienay.jpeg\",\"datePublished\":\"2025-05-09T16:00:00+00:00\",\"breadcrumb\":{\"@id\":\"https:\\\/\\\/sergiolapegue.com\\\/site\\\/2025\\\/05\\\/09\\\/el-colectivo-teatral-sin-apagon-presenta-quienay\\\/#breadcrumb\"},\"inLanguage\":\"es-AR\",\"potentialAction\":[{\"@type\":\"ReadAction\",\"target\":[\"https:\\\/\\\/sergiolapegue.com\\\/site\\\/2025\\\/05\\\/09\\\/el-colectivo-teatral-sin-apagon-presenta-quienay\\\/\"]}]},{\"@type\":\"ImageObject\",\"inLanguage\":\"es-AR\",\"@id\":\"https:\\\/\\\/sergiolapegue.com\\\/site\\\/2025\\\/05\\\/09\\\/el-colectivo-teatral-sin-apagon-presenta-quienay\\\/#primaryimage\",\"url\":\"https:\\\/\\\/sergiolapegue.com\\\/site\\\/wp-content\\\/uploads\\\/2025\\\/05\\\/El-colectivo-teatral-sin-apagon-presenta-Quienay.jpeg\",\"contentUrl\":\"https:\\\/\\\/sergiolapegue.com\\\/site\\\/wp-content\\\/uploads\\\/2025\\\/05\\\/El-colectivo-teatral-sin-apagon-presenta-Quienay.jpeg\",\"width\":1080,\"height\":1350},{\"@type\":\"BreadcrumbList\",\"@id\":\"https:\\\/\\\/sergiolapegue.com\\\/site\\\/2025\\\/05\\\/09\\\/el-colectivo-teatral-sin-apagon-presenta-quienay\\\/#breadcrumb\",\"itemListElement\":[{\"@type\":\"ListItem\",\"position\":1,\"name\":\"Inicio\",\"item\":\"https:\\\/\\\/sergiolapegue.com\\\/site\\\/\"},{\"@type\":\"ListItem\",\"position\":2,\"name\":\"EL COLECTIVO TEATRAL SIN APAG\u00d3N PRESENTA: \u00bfQUIEN\u00c1Y?\"}]},{\"@type\":\"WebSite\",\"@id\":\"https:\\\/\\\/sergiolapegue.com\\\/site\\\/#website\",\"url\":\"https:\\\/\\\/sergiolapegue.com\\\/site\\\/\",\"name\":\"Sergio Lapegue\",\"description\":\"Periodista\",\"publisher\":{\"@id\":\"https:\\\/\\\/sergiolapegue.com\\\/site\\\/#\\\/schema\\\/person\\\/083aeceeb0734cd166779ea6c0551a37\"},\"potentialAction\":[{\"@type\":\"SearchAction\",\"target\":{\"@type\":\"EntryPoint\",\"urlTemplate\":\"https:\\\/\\\/sergiolapegue.com\\\/site\\\/?s={search_term_string}\"},\"query-input\":{\"@type\":\"PropertyValueSpecification\",\"valueRequired\":true,\"valueName\":\"search_term_string\"}}],\"inLanguage\":\"es-AR\"},{\"@type\":[\"Person\",\"Organization\"],\"@id\":\"https:\\\/\\\/sergiolapegue.com\\\/site\\\/#\\\/schema\\\/person\\\/083aeceeb0734cd166779ea6c0551a37\",\"name\":\"Sergio Lapegue\",\"image\":{\"@type\":\"ImageObject\",\"inLanguage\":\"es-AR\",\"@id\":\"https:\\\/\\\/sergiolapegue.com\\\/site\\\/wp-content\\\/uploads\\\/2021\\\/04\\\/logo_header-1.png\",\"url\":\"https:\\\/\\\/sergiolapegue.com\\\/site\\\/wp-content\\\/uploads\\\/2021\\\/04\\\/logo_header-1.png\",\"contentUrl\":\"https:\\\/\\\/sergiolapegue.com\\\/site\\\/wp-content\\\/uploads\\\/2021\\\/04\\\/logo_header-1.png\",\"width\":272,\"height\":90,\"caption\":\"Sergio Lapegue\"},\"logo\":{\"@id\":\"https:\\\/\\\/sergiolapegue.com\\\/site\\\/wp-content\\\/uploads\\\/2021\\\/04\\\/logo_header-1.png\"},\"sameAs\":[\"https:\\\/\\\/facebook.com\\\/sergiolapegue\",\"https:\\\/\\\/instagram.com\\\/sergiolapegue\",\"https:\\\/\\\/x.com\\\/https:\\\/\\\/twitter.com\\\/sergiolapegue\"]},{\"@type\":\"Person\",\"@id\":\"https:\\\/\\\/sergiolapegue.com\\\/site\\\/#\\\/schema\\\/person\\\/9198e7dbab43c6d74d0fd5399af7c3cd\",\"name\":\"Daniel E. Monta\u00f1a\",\"image\":{\"@type\":\"ImageObject\",\"inLanguage\":\"es-AR\",\"@id\":\"https:\\\/\\\/sergiolapegue.com\\\/site\\\/wp-content\\\/uploads\\\/2021\\\/04\\\/sl_avatar_Daniel-150x150.jpg\",\"url\":\"https:\\\/\\\/sergiolapegue.com\\\/site\\\/wp-content\\\/uploads\\\/2021\\\/04\\\/sl_avatar_Daniel-150x150.jpg\",\"contentUrl\":\"https:\\\/\\\/sergiolapegue.com\\\/site\\\/wp-content\\\/uploads\\\/2021\\\/04\\\/sl_avatar_Daniel-150x150.jpg\",\"caption\":\"Daniel E. Monta\u00f1a\"},\"sameAs\":[\"https:\\\/\\\/facebook.com\\\/danielernesto.montana\",\"https:\\\/\\\/instagram.com\\\/daniel_montana1961\",\"https:\\\/\\\/x.com\\\/https:\\\/\\\/twitter.com\\\/daner_004\"],\"url\":\"https:\\\/\\\/sergiolapegue.com\\\/site\\\/author\\\/daniel\\\/\"}]}<\/script>\n<!-- \/ Yoast SEO plugin. -->","yoast_head_json":{"title":"EL COLECTIVO TEATRAL SIN APAG\u00d3N PRESENTA: \u00bfQUIEN\u00c1Y? - Sergio Lapegue","robots":{"index":"index","follow":"follow","max-snippet":"max-snippet:-1","max-image-preview":"max-image-preview:large","max-video-preview":"max-video-preview:-1"},"canonical":"https:\/\/sergiolapegue.com\/site\/2025\/05\/09\/el-colectivo-teatral-sin-apagon-presenta-quienay\/","og_locale":"es_ES","og_type":"article","og_title":"EL COLECTIVO TEATRAL SIN APAG\u00d3N PRESENTA: \u00bfQUIEN\u00c1Y? - Sergio Lapegue","og_description":"Teatro en clave litorale\u00f1a:&nbsp;\u00bfQuien\u00e1y?&nbsp;se presenta en Paran\u00e1 como parte de su primera gira por el litoral. El pr\u00f3ximo&nbsp;domingo 18 de mayo a las 20 hs, el escenario de&nbsp;La Vieja Usina&nbsp;en Paran\u00e1 recibir\u00e1 al&nbsp;Colectivo Teatral Sin Apag\u00f3n, que llega desde Buenos Aires con su tercera producci\u00f3n:&nbsp;\u00bfQuien\u00e1y?, una obra escrita por el dramaturgo santafesino&nbsp;Ra\u00fal Kreig. La funci\u00f3n [&hellip;]","og_url":"https:\/\/sergiolapegue.com\/site\/2025\/05\/09\/el-colectivo-teatral-sin-apagon-presenta-quienay\/","og_site_name":"Sergio Lapegue","article_publisher":"https:\/\/facebook.com\/sergiolapegue","article_author":"https:\/\/facebook.com\/danielernesto.montana","article_published_time":"2025-05-09T16:00:00+00:00","og_image":[{"width":1080,"height":1350,"url":"https:\/\/sergiolapegue.com\/site\/wp-content\/uploads\/2025\/05\/El-colectivo-teatral-sin-apagon-presenta-Quienay.jpeg","type":"image\/jpeg"}],"author":"Daniel E. Monta\u00f1a","twitter_card":"summary_large_image","twitter_creator":"@https:\/\/twitter.com\/daner_004","twitter_site":"@sergiolapegue","twitter_misc":{"Escrito por":"Daniel E. Monta\u00f1a","Tiempo de lectura":"4 minutos"},"schema":{"@context":"https:\/\/schema.org","@graph":[{"@type":"Article","@id":"https:\/\/sergiolapegue.com\/site\/2025\/05\/09\/el-colectivo-teatral-sin-apagon-presenta-quienay\/#article","isPartOf":{"@id":"https:\/\/sergiolapegue.com\/site\/2025\/05\/09\/el-colectivo-teatral-sin-apagon-presenta-quienay\/"},"author":{"name":"Daniel E. Monta\u00f1a","@id":"https:\/\/sergiolapegue.com\/site\/#\/schema\/person\/9198e7dbab43c6d74d0fd5399af7c3cd"},"headline":"EL COLECTIVO TEATRAL SIN APAG\u00d3N PRESENTA: \u00bfQUIEN\u00c1Y?","datePublished":"2025-05-09T16:00:00+00:00","mainEntityOfPage":{"@id":"https:\/\/sergiolapegue.com\/site\/2025\/05\/09\/el-colectivo-teatral-sin-apagon-presenta-quienay\/"},"wordCount":649,"commentCount":0,"publisher":{"@id":"https:\/\/sergiolapegue.com\/site\/#\/schema\/person\/083aeceeb0734cd166779ea6c0551a37"},"image":{"@id":"https:\/\/sergiolapegue.com\/site\/2025\/05\/09\/el-colectivo-teatral-sin-apagon-presenta-quienay\/#primaryimage"},"thumbnailUrl":"https:\/\/sergiolapegue.com\/site\/wp-content\/uploads\/2025\/05\/El-colectivo-teatral-sin-apagon-presenta-Quienay.jpeg","articleSection":["Arte","Teatro"],"inLanguage":"es-AR","potentialAction":[{"@type":"CommentAction","name":"Comment","target":["https:\/\/sergiolapegue.com\/site\/2025\/05\/09\/el-colectivo-teatral-sin-apagon-presenta-quienay\/#respond"]}]},{"@type":"WebPage","@id":"https:\/\/sergiolapegue.com\/site\/2025\/05\/09\/el-colectivo-teatral-sin-apagon-presenta-quienay\/","url":"https:\/\/sergiolapegue.com\/site\/2025\/05\/09\/el-colectivo-teatral-sin-apagon-presenta-quienay\/","name":"EL COLECTIVO TEATRAL SIN APAG\u00d3N PRESENTA: \u00bfQUIEN\u00c1Y? - Sergio Lapegue","isPartOf":{"@id":"https:\/\/sergiolapegue.com\/site\/#website"},"primaryImageOfPage":{"@id":"https:\/\/sergiolapegue.com\/site\/2025\/05\/09\/el-colectivo-teatral-sin-apagon-presenta-quienay\/#primaryimage"},"image":{"@id":"https:\/\/sergiolapegue.com\/site\/2025\/05\/09\/el-colectivo-teatral-sin-apagon-presenta-quienay\/#primaryimage"},"thumbnailUrl":"https:\/\/sergiolapegue.com\/site\/wp-content\/uploads\/2025\/05\/El-colectivo-teatral-sin-apagon-presenta-Quienay.jpeg","datePublished":"2025-05-09T16:00:00+00:00","breadcrumb":{"@id":"https:\/\/sergiolapegue.com\/site\/2025\/05\/09\/el-colectivo-teatral-sin-apagon-presenta-quienay\/#breadcrumb"},"inLanguage":"es-AR","potentialAction":[{"@type":"ReadAction","target":["https:\/\/sergiolapegue.com\/site\/2025\/05\/09\/el-colectivo-teatral-sin-apagon-presenta-quienay\/"]}]},{"@type":"ImageObject","inLanguage":"es-AR","@id":"https:\/\/sergiolapegue.com\/site\/2025\/05\/09\/el-colectivo-teatral-sin-apagon-presenta-quienay\/#primaryimage","url":"https:\/\/sergiolapegue.com\/site\/wp-content\/uploads\/2025\/05\/El-colectivo-teatral-sin-apagon-presenta-Quienay.jpeg","contentUrl":"https:\/\/sergiolapegue.com\/site\/wp-content\/uploads\/2025\/05\/El-colectivo-teatral-sin-apagon-presenta-Quienay.jpeg","width":1080,"height":1350},{"@type":"BreadcrumbList","@id":"https:\/\/sergiolapegue.com\/site\/2025\/05\/09\/el-colectivo-teatral-sin-apagon-presenta-quienay\/#breadcrumb","itemListElement":[{"@type":"ListItem","position":1,"name":"Inicio","item":"https:\/\/sergiolapegue.com\/site\/"},{"@type":"ListItem","position":2,"name":"EL COLECTIVO TEATRAL SIN APAG\u00d3N PRESENTA: \u00bfQUIEN\u00c1Y?"}]},{"@type":"WebSite","@id":"https:\/\/sergiolapegue.com\/site\/#website","url":"https:\/\/sergiolapegue.com\/site\/","name":"Sergio Lapegue","description":"Periodista","publisher":{"@id":"https:\/\/sergiolapegue.com\/site\/#\/schema\/person\/083aeceeb0734cd166779ea6c0551a37"},"potentialAction":[{"@type":"SearchAction","target":{"@type":"EntryPoint","urlTemplate":"https:\/\/sergiolapegue.com\/site\/?s={search_term_string}"},"query-input":{"@type":"PropertyValueSpecification","valueRequired":true,"valueName":"search_term_string"}}],"inLanguage":"es-AR"},{"@type":["Person","Organization"],"@id":"https:\/\/sergiolapegue.com\/site\/#\/schema\/person\/083aeceeb0734cd166779ea6c0551a37","name":"Sergio Lapegue","image":{"@type":"ImageObject","inLanguage":"es-AR","@id":"https:\/\/sergiolapegue.com\/site\/wp-content\/uploads\/2021\/04\/logo_header-1.png","url":"https:\/\/sergiolapegue.com\/site\/wp-content\/uploads\/2021\/04\/logo_header-1.png","contentUrl":"https:\/\/sergiolapegue.com\/site\/wp-content\/uploads\/2021\/04\/logo_header-1.png","width":272,"height":90,"caption":"Sergio Lapegue"},"logo":{"@id":"https:\/\/sergiolapegue.com\/site\/wp-content\/uploads\/2021\/04\/logo_header-1.png"},"sameAs":["https:\/\/facebook.com\/sergiolapegue","https:\/\/instagram.com\/sergiolapegue","https:\/\/x.com\/https:\/\/twitter.com\/sergiolapegue"]},{"@type":"Person","@id":"https:\/\/sergiolapegue.com\/site\/#\/schema\/person\/9198e7dbab43c6d74d0fd5399af7c3cd","name":"Daniel E. Monta\u00f1a","image":{"@type":"ImageObject","inLanguage":"es-AR","@id":"https:\/\/sergiolapegue.com\/site\/wp-content\/uploads\/2021\/04\/sl_avatar_Daniel-150x150.jpg","url":"https:\/\/sergiolapegue.com\/site\/wp-content\/uploads\/2021\/04\/sl_avatar_Daniel-150x150.jpg","contentUrl":"https:\/\/sergiolapegue.com\/site\/wp-content\/uploads\/2021\/04\/sl_avatar_Daniel-150x150.jpg","caption":"Daniel E. Monta\u00f1a"},"sameAs":["https:\/\/facebook.com\/danielernesto.montana","https:\/\/instagram.com\/daniel_montana1961","https:\/\/x.com\/https:\/\/twitter.com\/daner_004"],"url":"https:\/\/sergiolapegue.com\/site\/author\/daniel\/"}]}},"_links":{"self":[{"href":"https:\/\/sergiolapegue.com\/site\/wp-json\/wp\/v2\/posts\/22662","targetHints":{"allow":["GET"]}}],"collection":[{"href":"https:\/\/sergiolapegue.com\/site\/wp-json\/wp\/v2\/posts"}],"about":[{"href":"https:\/\/sergiolapegue.com\/site\/wp-json\/wp\/v2\/types\/post"}],"author":[{"embeddable":true,"href":"https:\/\/sergiolapegue.com\/site\/wp-json\/wp\/v2\/users\/3"}],"replies":[{"embeddable":true,"href":"https:\/\/sergiolapegue.com\/site\/wp-json\/wp\/v2\/comments?post=22662"}],"version-history":[{"count":1,"href":"https:\/\/sergiolapegue.com\/site\/wp-json\/wp\/v2\/posts\/22662\/revisions"}],"predecessor-version":[{"id":22668,"href":"https:\/\/sergiolapegue.com\/site\/wp-json\/wp\/v2\/posts\/22662\/revisions\/22668"}],"wp:featuredmedia":[{"embeddable":true,"href":"https:\/\/sergiolapegue.com\/site\/wp-json\/wp\/v2\/media\/22667"}],"wp:attachment":[{"href":"https:\/\/sergiolapegue.com\/site\/wp-json\/wp\/v2\/media?parent=22662"}],"wp:term":[{"taxonomy":"category","embeddable":true,"href":"https:\/\/sergiolapegue.com\/site\/wp-json\/wp\/v2\/categories?post=22662"},{"taxonomy":"post_tag","embeddable":true,"href":"https:\/\/sergiolapegue.com\/site\/wp-json\/wp\/v2\/tags?post=22662"}],"curies":[{"name":"wp","href":"https:\/\/api.w.org\/{rel}","templated":true}]}}