{"id":22652,"date":"2025-05-08T01:00:00","date_gmt":"2025-05-08T04:00:00","guid":{"rendered":"https:\/\/sergiolapegue.com\/site\/?p=22652"},"modified":"2025-05-07T01:35:33","modified_gmt":"2025-05-07T04:35:33","slug":"souffle-de-rosas-2","status":"publish","type":"post","link":"https:\/\/sergiolapegue.com\/site\/2025\/05\/08\/souffle-de-rosas-2\/","title":{"rendered":"SOUFFL\u00c9 DE ROSAS"},"content":{"rendered":"\n<p>Despu\u00e9s de cuatro exitosas temporadas, con una excelente aceptaci\u00f3n del p\u00fablico y la prensa, llego a la calle Corrientes la quinta temporada de \u201cSouffl\u00e9 de Rosas\u201d, con dramaturgia de Cristian Cortez Galecio, la direcci\u00f3n a cargo de Klau Anghilante y las actuaciones de Tatiana Conde, Elsy D\u00edaz, Ce Foster, Luciana Guacci, Ana Masotta y Julia Muchnik. Las funciones son los d\u00edas viernes a las 20:00 horas en Belisario Club de Cultura.<\/p>\n\n\n\n<p><strong>SINOPSIS<\/strong><\/p>\n\n\n\n<p>Dos mujeres, dos amigas, dos seres que se enfrentan a realidades tan distintas que se hieren y a la vez se espejan. El debo ser, los mandatos familiares, prejuicios, ceguera, negaci\u00f3n, la risa y la angustia de una existencia a veces autoimpuesta, se abren camino en ese escenario, intentando desandar los pasos que dieron a tientas, para desprenderse de esa soledad que las habita aun estando juntas. Cada momento de sus vidas estallan como esquirlas de un espejo roto, en donde todas las mujeres sentimos el dolor de vernos reflejadas, de una forma u otra, en esa lucha por arrancar los jirones que a\u00fan restan de una sociedad patriarcal que se niega a abandonar esta piel que nos protege, nos atrapa y a la vez nos exilia. \u00bfPodr\u00e1n ellas, podremos nosotros salir ilesos de esta historia?&nbsp;<\/p>\n\n\n\n<figure class=\"wp-block-image size-large\"><img loading=\"lazy\" decoding=\"async\" width=\"1024\" height=\"684\" src=\"https:\/\/sergiolapegue.com\/site\/wp-content\/uploads\/2025\/05\/Souffle-de-rosas-1-1024x684.jpg\" alt=\"\" class=\"wp-image-22653\" srcset=\"https:\/\/sergiolapegue.com\/site\/wp-content\/uploads\/2025\/05\/Souffle-de-rosas-1-1024x684.jpg 1024w, https:\/\/sergiolapegue.com\/site\/wp-content\/uploads\/2025\/05\/Souffle-de-rosas-1-300x200.jpg 300w, https:\/\/sergiolapegue.com\/site\/wp-content\/uploads\/2025\/05\/Souffle-de-rosas-1-768x513.jpg 768w, https:\/\/sergiolapegue.com\/site\/wp-content\/uploads\/2025\/05\/Souffle-de-rosas-1-629x420.jpg 629w, https:\/\/sergiolapegue.com\/site\/wp-content\/uploads\/2025\/05\/Souffle-de-rosas-1-696x465.jpg 696w, https:\/\/sergiolapegue.com\/site\/wp-content\/uploads\/2025\/05\/Souffle-de-rosas-1-1068x713.jpg 1068w, https:\/\/sergiolapegue.com\/site\/wp-content\/uploads\/2025\/05\/Souffle-de-rosas-1.jpg 1400w\" sizes=\"auto, (max-width: 1024px) 100vw, 1024px\" \/><\/figure>\n\n\n\n<p><strong>FICHA T\u00c9CNICO ART\u00cdSTICA<\/strong><\/p>\n\n\n\n<p><strong>Dramaturgia:<\/strong> Cristian Cortez Galecio<\/p>\n\n\n\n<p><strong>Act\u00faan:<\/strong> Tatiana Conde \u2013 Elsy D\u00edaz \u2013 Ce Foster \u2013 Luciana Guacci \u2013 Ana Masotta \u2013 Julia Muchnik<\/p>\n\n\n\n<p><strong>Cantantes:<\/strong> Tatiana Conde \u2013 Luciana Guacci<\/p>\n\n\n\n<p><strong>Composici\u00f3n musical:<\/strong> Tatiana Conde<\/p>\n\n\n\n<p><strong>Vestuario:<\/strong> Luj\u00e1n Moreau<\/p>\n\n\n\n<p><strong>Dise\u00f1o de sonido:<\/strong> Klau Anghilante<\/p>\n\n\n\n<p><strong>Fotograf\u00eda:<\/strong> Nacho Lunadei<\/p>\n\n\n\n<p><strong>Prensa:<\/strong> Natalia Bocca<\/p>\n\n\n\n<p><strong>Asistencia general:<\/strong> Ciro Di Meglio<\/p>\n\n\n\n<p><strong>Producci\u00f3n general:<\/strong> Peras Compa\u00f1\u00eda Teatral<\/p>\n\n\n\n<p><strong>Puesta en escena:<\/strong> Klau Anghilante<\/p>\n\n\n\n<p><strong>Direcci\u00f3n:<\/strong> &nbsp;Klau Anghilante<\/p>\n\n\n\n<p><strong>Duraci\u00f3n:<\/strong> 60 minutos<\/p>\n\n\n\n<p><strong>Clasificaci\u00f3n:<\/strong>&nbsp;Teatro, Adultos, Presencial<\/p>\n\n\n\n<figure class=\"wp-block-image size-full\"><img loading=\"lazy\" decoding=\"async\" width=\"766\" height=\"790\" src=\"https:\/\/sergiolapegue.com\/site\/wp-content\/uploads\/2025\/05\/Souffle-de-rosas-3-1.jpeg\" alt=\"\" class=\"wp-image-22655\" srcset=\"https:\/\/sergiolapegue.com\/site\/wp-content\/uploads\/2025\/05\/Souffle-de-rosas-3-1.jpeg 766w, https:\/\/sergiolapegue.com\/site\/wp-content\/uploads\/2025\/05\/Souffle-de-rosas-3-1-291x300.jpeg 291w, https:\/\/sergiolapegue.com\/site\/wp-content\/uploads\/2025\/05\/Souffle-de-rosas-3-1-407x420.jpeg 407w, https:\/\/sergiolapegue.com\/site\/wp-content\/uploads\/2025\/05\/Souffle-de-rosas-3-1-696x718.jpeg 696w\" sizes=\"auto, (max-width: 766px) 100vw, 766px\" \/><\/figure>\n\n\n\n<p><strong>BELISARIO CLUB DE CULTURA<\/strong><\/p>\n\n\n\n<p>Av. Corrientes 1624 \u2013 Capital Federal \u2013 Buenos Aires \u2013 Argentina<\/p>\n\n\n\n<p>Tel\u00e9fono: 4373-3465<\/p>\n\n\n\n<p>Web: <a href=\"https:\/\/www.facebook.com\/belisarioclub\">https:\/\/www.facebook.com\/belisarioclub<\/a><\/p>\n\n\n\n<p>Entradas: $ 12.000 \u2013 en boleter\u00eda del teatro o por Alternativa Teatral \u2013 Link:<\/p>\n\n\n\n<p><a href=\"https:\/\/publico.alternativateatral.com\/entradas68958-souffle-de-rosas?o=14\">https:\/\/publico.alternativateatral.com\/entradas68958-souffle-de-rosas?o=14<\/a><\/p>\n\n\n\n<p>Funciones: Viernes 20:00 horas \u2013 Del 02\/05\/2025 al 30\/05\/2025<\/p>\n\n\n\n<p>Gracias Natalia Bocca por acercarnos la gacetilla de prensa de este espect\u00e1culo.<\/p>\n","protected":false},"excerpt":{"rendered":"<p>Despu\u00e9s de cuatro exitosas temporadas, con una excelente aceptaci\u00f3n del p\u00fablico y la prensa, llego a la calle Corrientes la quinta temporada de \u201cSouffl\u00e9 de Rosas\u201d, con dramaturgia de Cristian Cortez Galecio, la direcci\u00f3n a cargo de Klau Anghilante y las actuaciones de Tatiana Conde, Elsy D\u00edaz, Ce Foster, Luciana Guacci, Ana Masotta y Julia [&hellip;]<\/p>\n","protected":false},"author":3,"featured_media":22656,"comment_status":"open","ping_status":"closed","sticky":false,"template":"","format":"standard","meta":{"footnotes":""},"categories":[34,35],"tags":[],"class_list":{"0":"post-22652","1":"post","2":"type-post","3":"status-publish","4":"format-standard","5":"has-post-thumbnail","7":"category-arte","8":"category-teatro"},"yoast_head":"<!-- This site is optimized with the Yoast SEO plugin v27.5 - https:\/\/yoast.com\/product\/yoast-seo-wordpress\/ -->\n<title>SOUFFL\u00c9 DE ROSAS - Sergio Lapegue<\/title>\n<meta name=\"robots\" content=\"index, follow, max-snippet:-1, max-image-preview:large, max-video-preview:-1\" \/>\n<link rel=\"canonical\" href=\"https:\/\/sergiolapegue.com\/site\/2025\/05\/08\/souffle-de-rosas-2\/\" \/>\n<meta property=\"og:locale\" content=\"es_ES\" \/>\n<meta property=\"og:type\" content=\"article\" \/>\n<meta property=\"og:title\" content=\"SOUFFL\u00c9 DE ROSAS - Sergio Lapegue\" \/>\n<meta property=\"og:description\" content=\"Despu\u00e9s de cuatro exitosas temporadas, con una excelente aceptaci\u00f3n del p\u00fablico y la prensa, llego a la calle Corrientes la quinta temporada de \u201cSouffl\u00e9 de Rosas\u201d, con dramaturgia de Cristian Cortez Galecio, la direcci\u00f3n a cargo de Klau Anghilante y las actuaciones de Tatiana Conde, Elsy D\u00edaz, Ce Foster, Luciana Guacci, Ana Masotta y Julia [&hellip;]\" \/>\n<meta property=\"og:url\" content=\"https:\/\/sergiolapegue.com\/site\/2025\/05\/08\/souffle-de-rosas-2\/\" \/>\n<meta property=\"og:site_name\" content=\"Sergio Lapegue\" \/>\n<meta property=\"article:publisher\" content=\"https:\/\/facebook.com\/sergiolapegue\" \/>\n<meta property=\"article:author\" content=\"https:\/\/facebook.com\/danielernesto.montana\" \/>\n<meta property=\"article:published_time\" content=\"2025-05-08T04:00:00+00:00\" \/>\n<meta property=\"og:image\" content=\"https:\/\/sergiolapegue.com\/site\/wp-content\/uploads\/2025\/05\/Souffle-de-rosas.jpeg\" \/>\n\t<meta property=\"og:image:width\" content=\"1440\" \/>\n\t<meta property=\"og:image:height\" content=\"1440\" \/>\n\t<meta property=\"og:image:type\" content=\"image\/jpeg\" \/>\n<meta name=\"author\" content=\"Daniel E. Monta\u00f1a\" \/>\n<meta name=\"twitter:card\" content=\"summary_large_image\" \/>\n<meta name=\"twitter:creator\" content=\"@https:\/\/twitter.com\/daner_004\" \/>\n<meta name=\"twitter:site\" content=\"@sergiolapegue\" \/>\n<meta name=\"twitter:label1\" content=\"Escrito por\" \/>\n\t<meta name=\"twitter:data1\" content=\"Daniel E. Monta\u00f1a\" \/>\n\t<meta name=\"twitter:label2\" content=\"Tiempo de lectura\" \/>\n\t<meta name=\"twitter:data2\" content=\"3 minutos\" \/>\n<script type=\"application\/ld+json\" class=\"yoast-schema-graph\">{\"@context\":\"https:\\\/\\\/schema.org\",\"@graph\":[{\"@type\":\"Article\",\"@id\":\"https:\\\/\\\/sergiolapegue.com\\\/site\\\/2025\\\/05\\\/08\\\/souffle-de-rosas-2\\\/#article\",\"isPartOf\":{\"@id\":\"https:\\\/\\\/sergiolapegue.com\\\/site\\\/2025\\\/05\\\/08\\\/souffle-de-rosas-2\\\/\"},\"author\":{\"name\":\"Daniel E. Monta\u00f1a\",\"@id\":\"https:\\\/\\\/sergiolapegue.com\\\/site\\\/#\\\/schema\\\/person\\\/9198e7dbab43c6d74d0fd5399af7c3cd\"},\"headline\":\"SOUFFL\u00c9 DE ROSAS\",\"datePublished\":\"2025-05-08T04:00:00+00:00\",\"mainEntityOfPage\":{\"@id\":\"https:\\\/\\\/sergiolapegue.com\\\/site\\\/2025\\\/05\\\/08\\\/souffle-de-rosas-2\\\/\"},\"wordCount\":358,\"commentCount\":0,\"publisher\":{\"@id\":\"https:\\\/\\\/sergiolapegue.com\\\/site\\\/#\\\/schema\\\/person\\\/083aeceeb0734cd166779ea6c0551a37\"},\"image\":{\"@id\":\"https:\\\/\\\/sergiolapegue.com\\\/site\\\/2025\\\/05\\\/08\\\/souffle-de-rosas-2\\\/#primaryimage\"},\"thumbnailUrl\":\"https:\\\/\\\/sergiolapegue.com\\\/site\\\/wp-content\\\/uploads\\\/2025\\\/05\\\/Souffle-de-rosas.jpeg\",\"articleSection\":[\"Arte\",\"Teatro\"],\"inLanguage\":\"es-AR\",\"potentialAction\":[{\"@type\":\"CommentAction\",\"name\":\"Comment\",\"target\":[\"https:\\\/\\\/sergiolapegue.com\\\/site\\\/2025\\\/05\\\/08\\\/souffle-de-rosas-2\\\/#respond\"]}]},{\"@type\":\"WebPage\",\"@id\":\"https:\\\/\\\/sergiolapegue.com\\\/site\\\/2025\\\/05\\\/08\\\/souffle-de-rosas-2\\\/\",\"url\":\"https:\\\/\\\/sergiolapegue.com\\\/site\\\/2025\\\/05\\\/08\\\/souffle-de-rosas-2\\\/\",\"name\":\"SOUFFL\u00c9 DE ROSAS - Sergio Lapegue\",\"isPartOf\":{\"@id\":\"https:\\\/\\\/sergiolapegue.com\\\/site\\\/#website\"},\"primaryImageOfPage\":{\"@id\":\"https:\\\/\\\/sergiolapegue.com\\\/site\\\/2025\\\/05\\\/08\\\/souffle-de-rosas-2\\\/#primaryimage\"},\"image\":{\"@id\":\"https:\\\/\\\/sergiolapegue.com\\\/site\\\/2025\\\/05\\\/08\\\/souffle-de-rosas-2\\\/#primaryimage\"},\"thumbnailUrl\":\"https:\\\/\\\/sergiolapegue.com\\\/site\\\/wp-content\\\/uploads\\\/2025\\\/05\\\/Souffle-de-rosas.jpeg\",\"datePublished\":\"2025-05-08T04:00:00+00:00\",\"breadcrumb\":{\"@id\":\"https:\\\/\\\/sergiolapegue.com\\\/site\\\/2025\\\/05\\\/08\\\/souffle-de-rosas-2\\\/#breadcrumb\"},\"inLanguage\":\"es-AR\",\"potentialAction\":[{\"@type\":\"ReadAction\",\"target\":[\"https:\\\/\\\/sergiolapegue.com\\\/site\\\/2025\\\/05\\\/08\\\/souffle-de-rosas-2\\\/\"]}]},{\"@type\":\"ImageObject\",\"inLanguage\":\"es-AR\",\"@id\":\"https:\\\/\\\/sergiolapegue.com\\\/site\\\/2025\\\/05\\\/08\\\/souffle-de-rosas-2\\\/#primaryimage\",\"url\":\"https:\\\/\\\/sergiolapegue.com\\\/site\\\/wp-content\\\/uploads\\\/2025\\\/05\\\/Souffle-de-rosas.jpeg\",\"contentUrl\":\"https:\\\/\\\/sergiolapegue.com\\\/site\\\/wp-content\\\/uploads\\\/2025\\\/05\\\/Souffle-de-rosas.jpeg\",\"width\":1440,\"height\":1440},{\"@type\":\"BreadcrumbList\",\"@id\":\"https:\\\/\\\/sergiolapegue.com\\\/site\\\/2025\\\/05\\\/08\\\/souffle-de-rosas-2\\\/#breadcrumb\",\"itemListElement\":[{\"@type\":\"ListItem\",\"position\":1,\"name\":\"Inicio\",\"item\":\"https:\\\/\\\/sergiolapegue.com\\\/site\\\/\"},{\"@type\":\"ListItem\",\"position\":2,\"name\":\"SOUFFL\u00c9 DE ROSAS\"}]},{\"@type\":\"WebSite\",\"@id\":\"https:\\\/\\\/sergiolapegue.com\\\/site\\\/#website\",\"url\":\"https:\\\/\\\/sergiolapegue.com\\\/site\\\/\",\"name\":\"Sergio Lapegue\",\"description\":\"Periodista\",\"publisher\":{\"@id\":\"https:\\\/\\\/sergiolapegue.com\\\/site\\\/#\\\/schema\\\/person\\\/083aeceeb0734cd166779ea6c0551a37\"},\"potentialAction\":[{\"@type\":\"SearchAction\",\"target\":{\"@type\":\"EntryPoint\",\"urlTemplate\":\"https:\\\/\\\/sergiolapegue.com\\\/site\\\/?s={search_term_string}\"},\"query-input\":{\"@type\":\"PropertyValueSpecification\",\"valueRequired\":true,\"valueName\":\"search_term_string\"}}],\"inLanguage\":\"es-AR\"},{\"@type\":[\"Person\",\"Organization\"],\"@id\":\"https:\\\/\\\/sergiolapegue.com\\\/site\\\/#\\\/schema\\\/person\\\/083aeceeb0734cd166779ea6c0551a37\",\"name\":\"Sergio Lapegue\",\"image\":{\"@type\":\"ImageObject\",\"inLanguage\":\"es-AR\",\"@id\":\"https:\\\/\\\/sergiolapegue.com\\\/site\\\/wp-content\\\/uploads\\\/2021\\\/04\\\/logo_header-1.png\",\"url\":\"https:\\\/\\\/sergiolapegue.com\\\/site\\\/wp-content\\\/uploads\\\/2021\\\/04\\\/logo_header-1.png\",\"contentUrl\":\"https:\\\/\\\/sergiolapegue.com\\\/site\\\/wp-content\\\/uploads\\\/2021\\\/04\\\/logo_header-1.png\",\"width\":272,\"height\":90,\"caption\":\"Sergio Lapegue\"},\"logo\":{\"@id\":\"https:\\\/\\\/sergiolapegue.com\\\/site\\\/wp-content\\\/uploads\\\/2021\\\/04\\\/logo_header-1.png\"},\"sameAs\":[\"https:\\\/\\\/facebook.com\\\/sergiolapegue\",\"https:\\\/\\\/instagram.com\\\/sergiolapegue\",\"https:\\\/\\\/x.com\\\/https:\\\/\\\/twitter.com\\\/sergiolapegue\"]},{\"@type\":\"Person\",\"@id\":\"https:\\\/\\\/sergiolapegue.com\\\/site\\\/#\\\/schema\\\/person\\\/9198e7dbab43c6d74d0fd5399af7c3cd\",\"name\":\"Daniel E. Monta\u00f1a\",\"image\":{\"@type\":\"ImageObject\",\"inLanguage\":\"es-AR\",\"@id\":\"https:\\\/\\\/sergiolapegue.com\\\/site\\\/wp-content\\\/uploads\\\/2021\\\/04\\\/sl_avatar_Daniel-150x150.jpg\",\"url\":\"https:\\\/\\\/sergiolapegue.com\\\/site\\\/wp-content\\\/uploads\\\/2021\\\/04\\\/sl_avatar_Daniel-150x150.jpg\",\"contentUrl\":\"https:\\\/\\\/sergiolapegue.com\\\/site\\\/wp-content\\\/uploads\\\/2021\\\/04\\\/sl_avatar_Daniel-150x150.jpg\",\"caption\":\"Daniel E. Monta\u00f1a\"},\"sameAs\":[\"https:\\\/\\\/facebook.com\\\/danielernesto.montana\",\"https:\\\/\\\/instagram.com\\\/daniel_montana1961\",\"https:\\\/\\\/x.com\\\/https:\\\/\\\/twitter.com\\\/daner_004\"],\"url\":\"https:\\\/\\\/sergiolapegue.com\\\/site\\\/author\\\/daniel\\\/\"}]}<\/script>\n<!-- \/ Yoast SEO plugin. -->","yoast_head_json":{"title":"SOUFFL\u00c9 DE ROSAS - Sergio Lapegue","robots":{"index":"index","follow":"follow","max-snippet":"max-snippet:-1","max-image-preview":"max-image-preview:large","max-video-preview":"max-video-preview:-1"},"canonical":"https:\/\/sergiolapegue.com\/site\/2025\/05\/08\/souffle-de-rosas-2\/","og_locale":"es_ES","og_type":"article","og_title":"SOUFFL\u00c9 DE ROSAS - Sergio Lapegue","og_description":"Despu\u00e9s de cuatro exitosas temporadas, con una excelente aceptaci\u00f3n del p\u00fablico y la prensa, llego a la calle Corrientes la quinta temporada de \u201cSouffl\u00e9 de Rosas\u201d, con dramaturgia de Cristian Cortez Galecio, la direcci\u00f3n a cargo de Klau Anghilante y las actuaciones de Tatiana Conde, Elsy D\u00edaz, Ce Foster, Luciana Guacci, Ana Masotta y Julia [&hellip;]","og_url":"https:\/\/sergiolapegue.com\/site\/2025\/05\/08\/souffle-de-rosas-2\/","og_site_name":"Sergio Lapegue","article_publisher":"https:\/\/facebook.com\/sergiolapegue","article_author":"https:\/\/facebook.com\/danielernesto.montana","article_published_time":"2025-05-08T04:00:00+00:00","og_image":[{"width":1440,"height":1440,"url":"https:\/\/sergiolapegue.com\/site\/wp-content\/uploads\/2025\/05\/Souffle-de-rosas.jpeg","type":"image\/jpeg"}],"author":"Daniel E. Monta\u00f1a","twitter_card":"summary_large_image","twitter_creator":"@https:\/\/twitter.com\/daner_004","twitter_site":"@sergiolapegue","twitter_misc":{"Escrito por":"Daniel E. Monta\u00f1a","Tiempo de lectura":"3 minutos"},"schema":{"@context":"https:\/\/schema.org","@graph":[{"@type":"Article","@id":"https:\/\/sergiolapegue.com\/site\/2025\/05\/08\/souffle-de-rosas-2\/#article","isPartOf":{"@id":"https:\/\/sergiolapegue.com\/site\/2025\/05\/08\/souffle-de-rosas-2\/"},"author":{"name":"Daniel E. Monta\u00f1a","@id":"https:\/\/sergiolapegue.com\/site\/#\/schema\/person\/9198e7dbab43c6d74d0fd5399af7c3cd"},"headline":"SOUFFL\u00c9 DE ROSAS","datePublished":"2025-05-08T04:00:00+00:00","mainEntityOfPage":{"@id":"https:\/\/sergiolapegue.com\/site\/2025\/05\/08\/souffle-de-rosas-2\/"},"wordCount":358,"commentCount":0,"publisher":{"@id":"https:\/\/sergiolapegue.com\/site\/#\/schema\/person\/083aeceeb0734cd166779ea6c0551a37"},"image":{"@id":"https:\/\/sergiolapegue.com\/site\/2025\/05\/08\/souffle-de-rosas-2\/#primaryimage"},"thumbnailUrl":"https:\/\/sergiolapegue.com\/site\/wp-content\/uploads\/2025\/05\/Souffle-de-rosas.jpeg","articleSection":["Arte","Teatro"],"inLanguage":"es-AR","potentialAction":[{"@type":"CommentAction","name":"Comment","target":["https:\/\/sergiolapegue.com\/site\/2025\/05\/08\/souffle-de-rosas-2\/#respond"]}]},{"@type":"WebPage","@id":"https:\/\/sergiolapegue.com\/site\/2025\/05\/08\/souffle-de-rosas-2\/","url":"https:\/\/sergiolapegue.com\/site\/2025\/05\/08\/souffle-de-rosas-2\/","name":"SOUFFL\u00c9 DE ROSAS - Sergio Lapegue","isPartOf":{"@id":"https:\/\/sergiolapegue.com\/site\/#website"},"primaryImageOfPage":{"@id":"https:\/\/sergiolapegue.com\/site\/2025\/05\/08\/souffle-de-rosas-2\/#primaryimage"},"image":{"@id":"https:\/\/sergiolapegue.com\/site\/2025\/05\/08\/souffle-de-rosas-2\/#primaryimage"},"thumbnailUrl":"https:\/\/sergiolapegue.com\/site\/wp-content\/uploads\/2025\/05\/Souffle-de-rosas.jpeg","datePublished":"2025-05-08T04:00:00+00:00","breadcrumb":{"@id":"https:\/\/sergiolapegue.com\/site\/2025\/05\/08\/souffle-de-rosas-2\/#breadcrumb"},"inLanguage":"es-AR","potentialAction":[{"@type":"ReadAction","target":["https:\/\/sergiolapegue.com\/site\/2025\/05\/08\/souffle-de-rosas-2\/"]}]},{"@type":"ImageObject","inLanguage":"es-AR","@id":"https:\/\/sergiolapegue.com\/site\/2025\/05\/08\/souffle-de-rosas-2\/#primaryimage","url":"https:\/\/sergiolapegue.com\/site\/wp-content\/uploads\/2025\/05\/Souffle-de-rosas.jpeg","contentUrl":"https:\/\/sergiolapegue.com\/site\/wp-content\/uploads\/2025\/05\/Souffle-de-rosas.jpeg","width":1440,"height":1440},{"@type":"BreadcrumbList","@id":"https:\/\/sergiolapegue.com\/site\/2025\/05\/08\/souffle-de-rosas-2\/#breadcrumb","itemListElement":[{"@type":"ListItem","position":1,"name":"Inicio","item":"https:\/\/sergiolapegue.com\/site\/"},{"@type":"ListItem","position":2,"name":"SOUFFL\u00c9 DE ROSAS"}]},{"@type":"WebSite","@id":"https:\/\/sergiolapegue.com\/site\/#website","url":"https:\/\/sergiolapegue.com\/site\/","name":"Sergio Lapegue","description":"Periodista","publisher":{"@id":"https:\/\/sergiolapegue.com\/site\/#\/schema\/person\/083aeceeb0734cd166779ea6c0551a37"},"potentialAction":[{"@type":"SearchAction","target":{"@type":"EntryPoint","urlTemplate":"https:\/\/sergiolapegue.com\/site\/?s={search_term_string}"},"query-input":{"@type":"PropertyValueSpecification","valueRequired":true,"valueName":"search_term_string"}}],"inLanguage":"es-AR"},{"@type":["Person","Organization"],"@id":"https:\/\/sergiolapegue.com\/site\/#\/schema\/person\/083aeceeb0734cd166779ea6c0551a37","name":"Sergio Lapegue","image":{"@type":"ImageObject","inLanguage":"es-AR","@id":"https:\/\/sergiolapegue.com\/site\/wp-content\/uploads\/2021\/04\/logo_header-1.png","url":"https:\/\/sergiolapegue.com\/site\/wp-content\/uploads\/2021\/04\/logo_header-1.png","contentUrl":"https:\/\/sergiolapegue.com\/site\/wp-content\/uploads\/2021\/04\/logo_header-1.png","width":272,"height":90,"caption":"Sergio Lapegue"},"logo":{"@id":"https:\/\/sergiolapegue.com\/site\/wp-content\/uploads\/2021\/04\/logo_header-1.png"},"sameAs":["https:\/\/facebook.com\/sergiolapegue","https:\/\/instagram.com\/sergiolapegue","https:\/\/x.com\/https:\/\/twitter.com\/sergiolapegue"]},{"@type":"Person","@id":"https:\/\/sergiolapegue.com\/site\/#\/schema\/person\/9198e7dbab43c6d74d0fd5399af7c3cd","name":"Daniel E. Monta\u00f1a","image":{"@type":"ImageObject","inLanguage":"es-AR","@id":"https:\/\/sergiolapegue.com\/site\/wp-content\/uploads\/2021\/04\/sl_avatar_Daniel-150x150.jpg","url":"https:\/\/sergiolapegue.com\/site\/wp-content\/uploads\/2021\/04\/sl_avatar_Daniel-150x150.jpg","contentUrl":"https:\/\/sergiolapegue.com\/site\/wp-content\/uploads\/2021\/04\/sl_avatar_Daniel-150x150.jpg","caption":"Daniel E. Monta\u00f1a"},"sameAs":["https:\/\/facebook.com\/danielernesto.montana","https:\/\/instagram.com\/daniel_montana1961","https:\/\/x.com\/https:\/\/twitter.com\/daner_004"],"url":"https:\/\/sergiolapegue.com\/site\/author\/daniel\/"}]}},"_links":{"self":[{"href":"https:\/\/sergiolapegue.com\/site\/wp-json\/wp\/v2\/posts\/22652","targetHints":{"allow":["GET"]}}],"collection":[{"href":"https:\/\/sergiolapegue.com\/site\/wp-json\/wp\/v2\/posts"}],"about":[{"href":"https:\/\/sergiolapegue.com\/site\/wp-json\/wp\/v2\/types\/post"}],"author":[{"embeddable":true,"href":"https:\/\/sergiolapegue.com\/site\/wp-json\/wp\/v2\/users\/3"}],"replies":[{"embeddable":true,"href":"https:\/\/sergiolapegue.com\/site\/wp-json\/wp\/v2\/comments?post=22652"}],"version-history":[{"count":1,"href":"https:\/\/sergiolapegue.com\/site\/wp-json\/wp\/v2\/posts\/22652\/revisions"}],"predecessor-version":[{"id":22657,"href":"https:\/\/sergiolapegue.com\/site\/wp-json\/wp\/v2\/posts\/22652\/revisions\/22657"}],"wp:featuredmedia":[{"embeddable":true,"href":"https:\/\/sergiolapegue.com\/site\/wp-json\/wp\/v2\/media\/22656"}],"wp:attachment":[{"href":"https:\/\/sergiolapegue.com\/site\/wp-json\/wp\/v2\/media?parent=22652"}],"wp:term":[{"taxonomy":"category","embeddable":true,"href":"https:\/\/sergiolapegue.com\/site\/wp-json\/wp\/v2\/categories?post=22652"},{"taxonomy":"post_tag","embeddable":true,"href":"https:\/\/sergiolapegue.com\/site\/wp-json\/wp\/v2\/tags?post=22652"}],"curies":[{"name":"wp","href":"https:\/\/api.w.org\/{rel}","templated":true}]}}