{"id":22545,"date":"2025-05-03T13:25:00","date_gmt":"2025-05-03T16:25:00","guid":{"rendered":"https:\/\/sergiolapegue.com\/site\/?p=22545"},"modified":"2025-05-03T01:57:18","modified_gmt":"2025-05-03T04:57:18","slug":"dos-nuevas-exposiciones-llegan-al-centro-cultural-recoleta","status":"publish","type":"post","link":"https:\/\/sergiolapegue.com\/site\/2025\/05\/03\/dos-nuevas-exposiciones-llegan-al-centro-cultural-recoleta\/","title":{"rendered":"DOS NUEVAS EXPOSICIONES LLEGAN AL CENTRO CULTURAL RECOLETA"},"content":{"rendered":"\n<p>Dos nuevas e impactantes exposiciones llegan al Centro Cultural Recoleta para desafiar los l\u00edmites de la materialidad<\/p>\n\n\n\n<p>El pr\u00f3ximo mi\u00e9rcoles 30 de abril a las 18 h se inaugurar\u00e1n dos grandes muestras en el Centro Cultural Recoleta: \u201cUn perfume de amor, sangre y nervios\u201d, primera exposici\u00f3n institucional de la artista Laura C\u00f3dega en la sala C \u2014 que cuenta con la curadur\u00eda de Carla Barbero \u2014, y \u201cLa vigilia de los harapos\u201d, de la artista Josefina Labourt \u2014curada por Javier Villa\u2014, en la sala J.<\/p>\n\n\n\n<figure class=\"wp-block-image size-large\"><img loading=\"lazy\" decoding=\"async\" width=\"830\" height=\"1024\" src=\"https:\/\/sergiolapegue.com\/site\/wp-content\/uploads\/2025\/05\/Dos-nuevas-exposiciones-en-CCR-1-830x1024.jpg\" alt=\"\" class=\"wp-image-22546\" srcset=\"https:\/\/sergiolapegue.com\/site\/wp-content\/uploads\/2025\/05\/Dos-nuevas-exposiciones-en-CCR-1-830x1024.jpg 830w, https:\/\/sergiolapegue.com\/site\/wp-content\/uploads\/2025\/05\/Dos-nuevas-exposiciones-en-CCR-1-243x300.jpg 243w, https:\/\/sergiolapegue.com\/site\/wp-content\/uploads\/2025\/05\/Dos-nuevas-exposiciones-en-CCR-1-768x948.jpg 768w, https:\/\/sergiolapegue.com\/site\/wp-content\/uploads\/2025\/05\/Dos-nuevas-exposiciones-en-CCR-1-1245x1536.jpg 1245w, https:\/\/sergiolapegue.com\/site\/wp-content\/uploads\/2025\/05\/Dos-nuevas-exposiciones-en-CCR-1-1659x2048.jpg 1659w, https:\/\/sergiolapegue.com\/site\/wp-content\/uploads\/2025\/05\/Dos-nuevas-exposiciones-en-CCR-1-340x420.jpg 340w, https:\/\/sergiolapegue.com\/site\/wp-content\/uploads\/2025\/05\/Dos-nuevas-exposiciones-en-CCR-1-324x400.jpg 324w, https:\/\/sergiolapegue.com\/site\/wp-content\/uploads\/2025\/05\/Dos-nuevas-exposiciones-en-CCR-1-696x859.jpg 696w, https:\/\/sergiolapegue.com\/site\/wp-content\/uploads\/2025\/05\/Dos-nuevas-exposiciones-en-CCR-1-1068x1318.jpg 1068w, https:\/\/sergiolapegue.com\/site\/wp-content\/uploads\/2025\/05\/Dos-nuevas-exposiciones-en-CCR-1-1920x2370.jpg 1920w\" sizes=\"auto, (max-width: 830px) 100vw, 830px\" \/><\/figure>\n\n\n\n<p>En \u201cUn perfume de amor, sangre y nervios\u201d (sala C) la artista Laura C\u00f3dega despliega un lenguaje visual desarrollado durante m\u00e1s de dos d\u00e9cadas en el que atraviesa diversos medios como la pintura, el video, la escultura, el grabado, la m\u00fasica y la escritura. Su obra, de fuerte impronta material, revisita las narrativas hist\u00f3ricas para desafiar las formas hegem\u00f3nicas de representaci\u00f3n. Con un inter\u00e9s particular en las tradiciones populares y los relatos perif\u00e9ricos, la artista recupera figuras y temas olvidados o marginales, proponiendo una mirada cr\u00edtica sobre imaginarios despreciados, tales como los paganos y antimodernos.<\/p>\n\n\n\n<p>\u201cLa vigilia de los harapos\u201d presenta una selecci\u00f3n antol\u00f3gica de las obras de Labourt, realizadas entre 2017 y la actualidad. En ellas conviven la escultura, el relieve, la pintura y el collage. La artista trabaja con materiales como la resina, toallas, gasas, c\u00e1scaras de huevo o cartapesta, entre otros, con los cuales representa cuerpos femeninos que empujan a la vejez, la decrepitud o incluso la deformidad. Labourt se para entre el desconcierto y la crudeza que envuelven al tiempo de un cuerpo real y la superficie brillosa, resbaladiza y teatral de su representaci\u00f3n.<\/p>\n\n\n\n<figure class=\"wp-block-image size-large\"><img loading=\"lazy\" decoding=\"async\" width=\"1024\" height=\"778\" src=\"https:\/\/sergiolapegue.com\/site\/wp-content\/uploads\/2025\/05\/Dos-nuevas-exposiciones-en-CCR-2-1024x778.jpg\" alt=\"\" class=\"wp-image-22547\" srcset=\"https:\/\/sergiolapegue.com\/site\/wp-content\/uploads\/2025\/05\/Dos-nuevas-exposiciones-en-CCR-2-1024x778.jpg 1024w, https:\/\/sergiolapegue.com\/site\/wp-content\/uploads\/2025\/05\/Dos-nuevas-exposiciones-en-CCR-2-300x228.jpg 300w, https:\/\/sergiolapegue.com\/site\/wp-content\/uploads\/2025\/05\/Dos-nuevas-exposiciones-en-CCR-2-768x584.jpg 768w, https:\/\/sergiolapegue.com\/site\/wp-content\/uploads\/2025\/05\/Dos-nuevas-exposiciones-en-CCR-2-1536x1167.jpg 1536w, https:\/\/sergiolapegue.com\/site\/wp-content\/uploads\/2025\/05\/Dos-nuevas-exposiciones-en-CCR-2-2048x1556.jpg 2048w, https:\/\/sergiolapegue.com\/site\/wp-content\/uploads\/2025\/05\/Dos-nuevas-exposiciones-en-CCR-2-553x420.jpg 553w, https:\/\/sergiolapegue.com\/site\/wp-content\/uploads\/2025\/05\/Dos-nuevas-exposiciones-en-CCR-2-80x60.jpg 80w, https:\/\/sergiolapegue.com\/site\/wp-content\/uploads\/2025\/05\/Dos-nuevas-exposiciones-en-CCR-2-696x529.jpg 696w, https:\/\/sergiolapegue.com\/site\/wp-content\/uploads\/2025\/05\/Dos-nuevas-exposiciones-en-CCR-2-1068x812.jpg 1068w, https:\/\/sergiolapegue.com\/site\/wp-content\/uploads\/2025\/05\/Dos-nuevas-exposiciones-en-CCR-2-1920x1459.jpg 1920w\" sizes=\"auto, (max-width: 1024px) 100vw, 1024px\" \/><\/figure>\n\n\n\n<p>Como parte del programa curatorial de este a\u00f1o en el Recoleta, ambas exposiciones proponen un di\u00e1logo entre generaciones con el arte argentino. La exposici\u00f3n de C\u00f3dega lo hace con una serie de grabados de Abraham Vigo (Montevideo, 1893 &#8211; Buenos Aires, 1957) y Adolfo Bellocq (Buenos Aires, 1899 &#8211; 1972) pertenecientes al acervo del Museo Nacional del Grabado. Ambos fueron parte de los Artistas del Pueblo, un grupo formado entre 1913 y 1914 que se opuso a los c\u00e1nones acad\u00e9micos y exclusivos del arte oficial de su tiempo.<\/p>\n\n\n\n<p>Por su parte, \u201cLa vigilia de los harapos\u201d lo hace con las obras del escultor Norberto G\u00f3mez (Buenos Aires, 1941-2021) que refuerzan en sala la importancia hist\u00f3rica de la representaci\u00f3n de los cuerpos como canal para visibilizar el drama social. Ambos escultores comparten una fascinaci\u00f3n por ciertos materiales como la resina y su efecto viscoso y visceral. Pero mientras Labourt se enfoca en la piel, la m\u00e1scara o la c\u00e1scara, G\u00f3mez se concentra en la carne, las v\u00edsceras y los huesos.<\/p>\n\n\n\n<p>Ambas exposiciones podr\u00e1n verse desde el 30 de abril a las 18 h, de martes a viernes de 12 a 21 h y s\u00e1bados, domingos y feriados de 11 a 21 h con entrada libre y sin costo para residentes y argentinos en Jun\u00edn 19030, CABA. Programaci\u00f3n completa en<\/p>\n\n\n\n<p><a href=\"http:\/\/www.centroculturalrecoleta.org\/\">http:\/\/www.centroculturalrecoleta.org\/<\/a>.<\/p>\n\n\n\n<p><strong>JOSEFINA LABOURT<\/strong><\/p>\n\n\n\n<p>Es Licenciada en Artes Visuales por la Universidad Nacional de las Artes (Argentina) y con un MFA de Goldsmiths University of London (Reino Unido). Labourt ha exhibido su trabajo internacional y localmente en exposiciones individuales y colectivas en lugares como Galer\u00eda PIEDRAS (2019, 2021, 2023), Pu Chi Pu Li (2025), Swivel Gallery (Nueva York, 2024), el Museo de Arte Moderno de Buenos Aires (2022-23), el Museo Larreta (2021), la Galer\u00eda BARRO (2019), la Galerie Dix9 (Par\u00eds, 2016) y el Macro Museo Castagnino (2013), entre otros. Fue seleccionada para<\/p>\n\n\n\n<p>participar del Premio Braque (2025), del Sal\u00f3n Nacional de Artes Visuales 2023, el Premio Klemm y el Sal\u00f3n Nacional de Rosario (ambos 2022).<\/p>\n\n\n\n<p><strong>LAURA C\u00d3DEGA<\/strong><\/p>\n\n\n\n<p>Estudi\u00f3 arte, cine y periodismo. Desde hace m\u00e1s de 20 a\u00f1os desarrolla su obra en diversos medios como pintura, escultura, dibujo, video, m\u00fasica y escritura. Ha participado en numerosas exposiciones colectivas e individuales entre las que se destacan Chistes Patrios (2020) y Am\u00e9rica negra y bruta (2018), ambas en Galer\u00eda Mite; M\u00e9dium (2013) en Galer\u00eda Otero; y Bar\u00f3n Biza, Artista Conceptual (2013) en Metr\u00f3nomo. Desde 2014 integra el colectivo T\u00f3tem Tab\u00fa, junto con Malena Pizani y Hern\u00e1n Soriano.<\/p>\n\n\n\n<p>Anteriormente, form\u00f3 parte de Cooperativa Guatemalteca (2009-2018) y codirigi\u00f3 el proyecto Metr\u00f3nomo (2012-2016) junto a la artista Aurora Rosales.<\/p>\n\n\n\n<p>Su obra forma parte de importantes colecciones, como las del Museo Nacional Centro de Arte Reina Sof\u00eda (Espa\u00f1a), el Museo de Arte Moderno de Buenos Aires, el Museo Castagnino-Macro de Rosario, la Fundaci\u00f3n Federico Jorge Klemm y el Pal\u00e1is de Glace, entre otras. Ha recibido distinciones como en el Premio 8M (2022), en el XXIV y XX del Premio Klemm (2020 y 2016), en el Sal\u00f3n Nacional de Rosario (2017), el Sal\u00f3n Nacional de Pintura Vicent\u00edn (2016) y el Premio de Pintura Galer\u00eda Holz (2008). Tambi\u00e9n ha participado en el Premio Braque, el Premio Nacional de Pintura Banco Central, el Premio Fundaci\u00f3n Andreani y el Premio Fundaci\u00f3n Williams de Arte Joven, entre otros. Ha recibido becas de la Colecci\u00f3n Oxenford, el Fondo Nacional de las Artes y el Fondo Metropolitano de la Cultura, las Artes y las Ciencias.<\/p>\n\n\n\n<p>Gracias Cecilia Gamboa por acercarnos la gacetilla de prensa de las exposiciones que tendr\u00e1n lugar en el Centro Cultural Recoleta.<\/p>\n","protected":false},"excerpt":{"rendered":"<p>Dos nuevas e impactantes exposiciones llegan al Centro Cultural Recoleta para desafiar los l\u00edmites de la materialidad El pr\u00f3ximo mi\u00e9rcoles 30 de abril a las 18 h se inaugurar\u00e1n dos grandes muestras en el Centro Cultural Recoleta: \u201cUn perfume de amor, sangre y nervios\u201d, primera exposici\u00f3n institucional de la artista Laura C\u00f3dega en la sala [&hellip;]<\/p>\n","protected":false},"author":3,"featured_media":22548,"comment_status":"open","ping_status":"closed","sticky":false,"template":"","format":"standard","meta":{"footnotes":""},"categories":[34],"tags":[],"class_list":{"0":"post-22545","1":"post","2":"type-post","3":"status-publish","4":"format-standard","5":"has-post-thumbnail","7":"category-arte"},"yoast_head":"<!-- This site is optimized with the Yoast SEO plugin v27.5 - https:\/\/yoast.com\/product\/yoast-seo-wordpress\/ -->\n<title>DOS NUEVAS EXPOSICIONES LLEGAN AL CENTRO CULTURAL RECOLETA - Sergio Lapegue<\/title>\n<meta name=\"robots\" content=\"index, follow, max-snippet:-1, max-image-preview:large, max-video-preview:-1\" \/>\n<link rel=\"canonical\" href=\"https:\/\/sergiolapegue.com\/site\/2025\/05\/03\/dos-nuevas-exposiciones-llegan-al-centro-cultural-recoleta\/\" \/>\n<meta property=\"og:locale\" content=\"es_ES\" \/>\n<meta property=\"og:type\" content=\"article\" \/>\n<meta property=\"og:title\" content=\"DOS NUEVAS EXPOSICIONES LLEGAN AL CENTRO CULTURAL RECOLETA - Sergio Lapegue\" \/>\n<meta property=\"og:description\" content=\"Dos nuevas e impactantes exposiciones llegan al Centro Cultural Recoleta para desafiar los l\u00edmites de la materialidad El pr\u00f3ximo mi\u00e9rcoles 30 de abril a las 18 h se inaugurar\u00e1n dos grandes muestras en el Centro Cultural Recoleta: \u201cUn perfume de amor, sangre y nervios\u201d, primera exposici\u00f3n institucional de la artista Laura C\u00f3dega en la sala [&hellip;]\" \/>\n<meta property=\"og:url\" content=\"https:\/\/sergiolapegue.com\/site\/2025\/05\/03\/dos-nuevas-exposiciones-llegan-al-centro-cultural-recoleta\/\" \/>\n<meta property=\"og:site_name\" content=\"Sergio Lapegue\" \/>\n<meta property=\"article:publisher\" content=\"https:\/\/facebook.com\/sergiolapegue\" \/>\n<meta property=\"article:author\" content=\"https:\/\/facebook.com\/danielernesto.montana\" \/>\n<meta property=\"article:published_time\" content=\"2025-05-03T16:25:00+00:00\" \/>\n<meta property=\"og:image\" content=\"https:\/\/sergiolapegue.com\/site\/wp-content\/uploads\/2025\/05\/Dos-nuevas-exposiciones-en-CCR.jpeg\" \/>\n\t<meta property=\"og:image:width\" content=\"747\" \/>\n\t<meta property=\"og:image:height\" content=\"735\" \/>\n\t<meta property=\"og:image:type\" content=\"image\/jpeg\" \/>\n<meta name=\"author\" content=\"Daniel E. Monta\u00f1a\" \/>\n<meta name=\"twitter:card\" content=\"summary_large_image\" \/>\n<meta name=\"twitter:creator\" content=\"@https:\/\/twitter.com\/daner_004\" \/>\n<meta name=\"twitter:site\" content=\"@sergiolapegue\" \/>\n<meta name=\"twitter:label1\" content=\"Escrito por\" \/>\n\t<meta name=\"twitter:data1\" content=\"Daniel E. Monta\u00f1a\" \/>\n\t<meta name=\"twitter:label2\" content=\"Tiempo de lectura\" \/>\n\t<meta name=\"twitter:data2\" content=\"5 minutos\" \/>\n<script type=\"application\/ld+json\" class=\"yoast-schema-graph\">{\"@context\":\"https:\\\/\\\/schema.org\",\"@graph\":[{\"@type\":\"Article\",\"@id\":\"https:\\\/\\\/sergiolapegue.com\\\/site\\\/2025\\\/05\\\/03\\\/dos-nuevas-exposiciones-llegan-al-centro-cultural-recoleta\\\/#article\",\"isPartOf\":{\"@id\":\"https:\\\/\\\/sergiolapegue.com\\\/site\\\/2025\\\/05\\\/03\\\/dos-nuevas-exposiciones-llegan-al-centro-cultural-recoleta\\\/\"},\"author\":{\"name\":\"Daniel E. Monta\u00f1a\",\"@id\":\"https:\\\/\\\/sergiolapegue.com\\\/site\\\/#\\\/schema\\\/person\\\/9198e7dbab43c6d74d0fd5399af7c3cd\"},\"headline\":\"DOS NUEVAS EXPOSICIONES LLEGAN AL CENTRO CULTURAL RECOLETA\",\"datePublished\":\"2025-05-03T16:25:00+00:00\",\"mainEntityOfPage\":{\"@id\":\"https:\\\/\\\/sergiolapegue.com\\\/site\\\/2025\\\/05\\\/03\\\/dos-nuevas-exposiciones-llegan-al-centro-cultural-recoleta\\\/\"},\"wordCount\":901,\"commentCount\":0,\"publisher\":{\"@id\":\"https:\\\/\\\/sergiolapegue.com\\\/site\\\/#\\\/schema\\\/person\\\/083aeceeb0734cd166779ea6c0551a37\"},\"image\":{\"@id\":\"https:\\\/\\\/sergiolapegue.com\\\/site\\\/2025\\\/05\\\/03\\\/dos-nuevas-exposiciones-llegan-al-centro-cultural-recoleta\\\/#primaryimage\"},\"thumbnailUrl\":\"https:\\\/\\\/sergiolapegue.com\\\/site\\\/wp-content\\\/uploads\\\/2025\\\/05\\\/Dos-nuevas-exposiciones-en-CCR.jpeg\",\"articleSection\":[\"Arte\"],\"inLanguage\":\"es-AR\",\"potentialAction\":[{\"@type\":\"CommentAction\",\"name\":\"Comment\",\"target\":[\"https:\\\/\\\/sergiolapegue.com\\\/site\\\/2025\\\/05\\\/03\\\/dos-nuevas-exposiciones-llegan-al-centro-cultural-recoleta\\\/#respond\"]}]},{\"@type\":\"WebPage\",\"@id\":\"https:\\\/\\\/sergiolapegue.com\\\/site\\\/2025\\\/05\\\/03\\\/dos-nuevas-exposiciones-llegan-al-centro-cultural-recoleta\\\/\",\"url\":\"https:\\\/\\\/sergiolapegue.com\\\/site\\\/2025\\\/05\\\/03\\\/dos-nuevas-exposiciones-llegan-al-centro-cultural-recoleta\\\/\",\"name\":\"DOS NUEVAS EXPOSICIONES LLEGAN AL CENTRO CULTURAL RECOLETA - Sergio Lapegue\",\"isPartOf\":{\"@id\":\"https:\\\/\\\/sergiolapegue.com\\\/site\\\/#website\"},\"primaryImageOfPage\":{\"@id\":\"https:\\\/\\\/sergiolapegue.com\\\/site\\\/2025\\\/05\\\/03\\\/dos-nuevas-exposiciones-llegan-al-centro-cultural-recoleta\\\/#primaryimage\"},\"image\":{\"@id\":\"https:\\\/\\\/sergiolapegue.com\\\/site\\\/2025\\\/05\\\/03\\\/dos-nuevas-exposiciones-llegan-al-centro-cultural-recoleta\\\/#primaryimage\"},\"thumbnailUrl\":\"https:\\\/\\\/sergiolapegue.com\\\/site\\\/wp-content\\\/uploads\\\/2025\\\/05\\\/Dos-nuevas-exposiciones-en-CCR.jpeg\",\"datePublished\":\"2025-05-03T16:25:00+00:00\",\"breadcrumb\":{\"@id\":\"https:\\\/\\\/sergiolapegue.com\\\/site\\\/2025\\\/05\\\/03\\\/dos-nuevas-exposiciones-llegan-al-centro-cultural-recoleta\\\/#breadcrumb\"},\"inLanguage\":\"es-AR\",\"potentialAction\":[{\"@type\":\"ReadAction\",\"target\":[\"https:\\\/\\\/sergiolapegue.com\\\/site\\\/2025\\\/05\\\/03\\\/dos-nuevas-exposiciones-llegan-al-centro-cultural-recoleta\\\/\"]}]},{\"@type\":\"ImageObject\",\"inLanguage\":\"es-AR\",\"@id\":\"https:\\\/\\\/sergiolapegue.com\\\/site\\\/2025\\\/05\\\/03\\\/dos-nuevas-exposiciones-llegan-al-centro-cultural-recoleta\\\/#primaryimage\",\"url\":\"https:\\\/\\\/sergiolapegue.com\\\/site\\\/wp-content\\\/uploads\\\/2025\\\/05\\\/Dos-nuevas-exposiciones-en-CCR.jpeg\",\"contentUrl\":\"https:\\\/\\\/sergiolapegue.com\\\/site\\\/wp-content\\\/uploads\\\/2025\\\/05\\\/Dos-nuevas-exposiciones-en-CCR.jpeg\",\"width\":747,\"height\":735},{\"@type\":\"BreadcrumbList\",\"@id\":\"https:\\\/\\\/sergiolapegue.com\\\/site\\\/2025\\\/05\\\/03\\\/dos-nuevas-exposiciones-llegan-al-centro-cultural-recoleta\\\/#breadcrumb\",\"itemListElement\":[{\"@type\":\"ListItem\",\"position\":1,\"name\":\"Inicio\",\"item\":\"https:\\\/\\\/sergiolapegue.com\\\/site\\\/\"},{\"@type\":\"ListItem\",\"position\":2,\"name\":\"DOS NUEVAS EXPOSICIONES LLEGAN AL CENTRO CULTURAL RECOLETA\"}]},{\"@type\":\"WebSite\",\"@id\":\"https:\\\/\\\/sergiolapegue.com\\\/site\\\/#website\",\"url\":\"https:\\\/\\\/sergiolapegue.com\\\/site\\\/\",\"name\":\"Sergio Lapegue\",\"description\":\"Periodista\",\"publisher\":{\"@id\":\"https:\\\/\\\/sergiolapegue.com\\\/site\\\/#\\\/schema\\\/person\\\/083aeceeb0734cd166779ea6c0551a37\"},\"potentialAction\":[{\"@type\":\"SearchAction\",\"target\":{\"@type\":\"EntryPoint\",\"urlTemplate\":\"https:\\\/\\\/sergiolapegue.com\\\/site\\\/?s={search_term_string}\"},\"query-input\":{\"@type\":\"PropertyValueSpecification\",\"valueRequired\":true,\"valueName\":\"search_term_string\"}}],\"inLanguage\":\"es-AR\"},{\"@type\":[\"Person\",\"Organization\"],\"@id\":\"https:\\\/\\\/sergiolapegue.com\\\/site\\\/#\\\/schema\\\/person\\\/083aeceeb0734cd166779ea6c0551a37\",\"name\":\"Sergio Lapegue\",\"image\":{\"@type\":\"ImageObject\",\"inLanguage\":\"es-AR\",\"@id\":\"https:\\\/\\\/sergiolapegue.com\\\/site\\\/wp-content\\\/uploads\\\/2021\\\/04\\\/logo_header-1.png\",\"url\":\"https:\\\/\\\/sergiolapegue.com\\\/site\\\/wp-content\\\/uploads\\\/2021\\\/04\\\/logo_header-1.png\",\"contentUrl\":\"https:\\\/\\\/sergiolapegue.com\\\/site\\\/wp-content\\\/uploads\\\/2021\\\/04\\\/logo_header-1.png\",\"width\":272,\"height\":90,\"caption\":\"Sergio Lapegue\"},\"logo\":{\"@id\":\"https:\\\/\\\/sergiolapegue.com\\\/site\\\/wp-content\\\/uploads\\\/2021\\\/04\\\/logo_header-1.png\"},\"sameAs\":[\"https:\\\/\\\/facebook.com\\\/sergiolapegue\",\"https:\\\/\\\/instagram.com\\\/sergiolapegue\",\"https:\\\/\\\/x.com\\\/https:\\\/\\\/twitter.com\\\/sergiolapegue\"]},{\"@type\":\"Person\",\"@id\":\"https:\\\/\\\/sergiolapegue.com\\\/site\\\/#\\\/schema\\\/person\\\/9198e7dbab43c6d74d0fd5399af7c3cd\",\"name\":\"Daniel E. Monta\u00f1a\",\"image\":{\"@type\":\"ImageObject\",\"inLanguage\":\"es-AR\",\"@id\":\"https:\\\/\\\/sergiolapegue.com\\\/site\\\/wp-content\\\/uploads\\\/2021\\\/04\\\/sl_avatar_Daniel-150x150.jpg\",\"url\":\"https:\\\/\\\/sergiolapegue.com\\\/site\\\/wp-content\\\/uploads\\\/2021\\\/04\\\/sl_avatar_Daniel-150x150.jpg\",\"contentUrl\":\"https:\\\/\\\/sergiolapegue.com\\\/site\\\/wp-content\\\/uploads\\\/2021\\\/04\\\/sl_avatar_Daniel-150x150.jpg\",\"caption\":\"Daniel E. Monta\u00f1a\"},\"sameAs\":[\"https:\\\/\\\/facebook.com\\\/danielernesto.montana\",\"https:\\\/\\\/instagram.com\\\/daniel_montana1961\",\"https:\\\/\\\/x.com\\\/https:\\\/\\\/twitter.com\\\/daner_004\"],\"url\":\"https:\\\/\\\/sergiolapegue.com\\\/site\\\/author\\\/daniel\\\/\"}]}<\/script>\n<!-- \/ Yoast SEO plugin. -->","yoast_head_json":{"title":"DOS NUEVAS EXPOSICIONES LLEGAN AL CENTRO CULTURAL RECOLETA - Sergio Lapegue","robots":{"index":"index","follow":"follow","max-snippet":"max-snippet:-1","max-image-preview":"max-image-preview:large","max-video-preview":"max-video-preview:-1"},"canonical":"https:\/\/sergiolapegue.com\/site\/2025\/05\/03\/dos-nuevas-exposiciones-llegan-al-centro-cultural-recoleta\/","og_locale":"es_ES","og_type":"article","og_title":"DOS NUEVAS EXPOSICIONES LLEGAN AL CENTRO CULTURAL RECOLETA - Sergio Lapegue","og_description":"Dos nuevas e impactantes exposiciones llegan al Centro Cultural Recoleta para desafiar los l\u00edmites de la materialidad El pr\u00f3ximo mi\u00e9rcoles 30 de abril a las 18 h se inaugurar\u00e1n dos grandes muestras en el Centro Cultural Recoleta: \u201cUn perfume de amor, sangre y nervios\u201d, primera exposici\u00f3n institucional de la artista Laura C\u00f3dega en la sala [&hellip;]","og_url":"https:\/\/sergiolapegue.com\/site\/2025\/05\/03\/dos-nuevas-exposiciones-llegan-al-centro-cultural-recoleta\/","og_site_name":"Sergio Lapegue","article_publisher":"https:\/\/facebook.com\/sergiolapegue","article_author":"https:\/\/facebook.com\/danielernesto.montana","article_published_time":"2025-05-03T16:25:00+00:00","og_image":[{"width":747,"height":735,"url":"https:\/\/sergiolapegue.com\/site\/wp-content\/uploads\/2025\/05\/Dos-nuevas-exposiciones-en-CCR.jpeg","type":"image\/jpeg"}],"author":"Daniel E. Monta\u00f1a","twitter_card":"summary_large_image","twitter_creator":"@https:\/\/twitter.com\/daner_004","twitter_site":"@sergiolapegue","twitter_misc":{"Escrito por":"Daniel E. Monta\u00f1a","Tiempo de lectura":"5 minutos"},"schema":{"@context":"https:\/\/schema.org","@graph":[{"@type":"Article","@id":"https:\/\/sergiolapegue.com\/site\/2025\/05\/03\/dos-nuevas-exposiciones-llegan-al-centro-cultural-recoleta\/#article","isPartOf":{"@id":"https:\/\/sergiolapegue.com\/site\/2025\/05\/03\/dos-nuevas-exposiciones-llegan-al-centro-cultural-recoleta\/"},"author":{"name":"Daniel E. Monta\u00f1a","@id":"https:\/\/sergiolapegue.com\/site\/#\/schema\/person\/9198e7dbab43c6d74d0fd5399af7c3cd"},"headline":"DOS NUEVAS EXPOSICIONES LLEGAN AL CENTRO CULTURAL RECOLETA","datePublished":"2025-05-03T16:25:00+00:00","mainEntityOfPage":{"@id":"https:\/\/sergiolapegue.com\/site\/2025\/05\/03\/dos-nuevas-exposiciones-llegan-al-centro-cultural-recoleta\/"},"wordCount":901,"commentCount":0,"publisher":{"@id":"https:\/\/sergiolapegue.com\/site\/#\/schema\/person\/083aeceeb0734cd166779ea6c0551a37"},"image":{"@id":"https:\/\/sergiolapegue.com\/site\/2025\/05\/03\/dos-nuevas-exposiciones-llegan-al-centro-cultural-recoleta\/#primaryimage"},"thumbnailUrl":"https:\/\/sergiolapegue.com\/site\/wp-content\/uploads\/2025\/05\/Dos-nuevas-exposiciones-en-CCR.jpeg","articleSection":["Arte"],"inLanguage":"es-AR","potentialAction":[{"@type":"CommentAction","name":"Comment","target":["https:\/\/sergiolapegue.com\/site\/2025\/05\/03\/dos-nuevas-exposiciones-llegan-al-centro-cultural-recoleta\/#respond"]}]},{"@type":"WebPage","@id":"https:\/\/sergiolapegue.com\/site\/2025\/05\/03\/dos-nuevas-exposiciones-llegan-al-centro-cultural-recoleta\/","url":"https:\/\/sergiolapegue.com\/site\/2025\/05\/03\/dos-nuevas-exposiciones-llegan-al-centro-cultural-recoleta\/","name":"DOS NUEVAS EXPOSICIONES LLEGAN AL CENTRO CULTURAL RECOLETA - Sergio Lapegue","isPartOf":{"@id":"https:\/\/sergiolapegue.com\/site\/#website"},"primaryImageOfPage":{"@id":"https:\/\/sergiolapegue.com\/site\/2025\/05\/03\/dos-nuevas-exposiciones-llegan-al-centro-cultural-recoleta\/#primaryimage"},"image":{"@id":"https:\/\/sergiolapegue.com\/site\/2025\/05\/03\/dos-nuevas-exposiciones-llegan-al-centro-cultural-recoleta\/#primaryimage"},"thumbnailUrl":"https:\/\/sergiolapegue.com\/site\/wp-content\/uploads\/2025\/05\/Dos-nuevas-exposiciones-en-CCR.jpeg","datePublished":"2025-05-03T16:25:00+00:00","breadcrumb":{"@id":"https:\/\/sergiolapegue.com\/site\/2025\/05\/03\/dos-nuevas-exposiciones-llegan-al-centro-cultural-recoleta\/#breadcrumb"},"inLanguage":"es-AR","potentialAction":[{"@type":"ReadAction","target":["https:\/\/sergiolapegue.com\/site\/2025\/05\/03\/dos-nuevas-exposiciones-llegan-al-centro-cultural-recoleta\/"]}]},{"@type":"ImageObject","inLanguage":"es-AR","@id":"https:\/\/sergiolapegue.com\/site\/2025\/05\/03\/dos-nuevas-exposiciones-llegan-al-centro-cultural-recoleta\/#primaryimage","url":"https:\/\/sergiolapegue.com\/site\/wp-content\/uploads\/2025\/05\/Dos-nuevas-exposiciones-en-CCR.jpeg","contentUrl":"https:\/\/sergiolapegue.com\/site\/wp-content\/uploads\/2025\/05\/Dos-nuevas-exposiciones-en-CCR.jpeg","width":747,"height":735},{"@type":"BreadcrumbList","@id":"https:\/\/sergiolapegue.com\/site\/2025\/05\/03\/dos-nuevas-exposiciones-llegan-al-centro-cultural-recoleta\/#breadcrumb","itemListElement":[{"@type":"ListItem","position":1,"name":"Inicio","item":"https:\/\/sergiolapegue.com\/site\/"},{"@type":"ListItem","position":2,"name":"DOS NUEVAS EXPOSICIONES LLEGAN AL CENTRO CULTURAL RECOLETA"}]},{"@type":"WebSite","@id":"https:\/\/sergiolapegue.com\/site\/#website","url":"https:\/\/sergiolapegue.com\/site\/","name":"Sergio Lapegue","description":"Periodista","publisher":{"@id":"https:\/\/sergiolapegue.com\/site\/#\/schema\/person\/083aeceeb0734cd166779ea6c0551a37"},"potentialAction":[{"@type":"SearchAction","target":{"@type":"EntryPoint","urlTemplate":"https:\/\/sergiolapegue.com\/site\/?s={search_term_string}"},"query-input":{"@type":"PropertyValueSpecification","valueRequired":true,"valueName":"search_term_string"}}],"inLanguage":"es-AR"},{"@type":["Person","Organization"],"@id":"https:\/\/sergiolapegue.com\/site\/#\/schema\/person\/083aeceeb0734cd166779ea6c0551a37","name":"Sergio Lapegue","image":{"@type":"ImageObject","inLanguage":"es-AR","@id":"https:\/\/sergiolapegue.com\/site\/wp-content\/uploads\/2021\/04\/logo_header-1.png","url":"https:\/\/sergiolapegue.com\/site\/wp-content\/uploads\/2021\/04\/logo_header-1.png","contentUrl":"https:\/\/sergiolapegue.com\/site\/wp-content\/uploads\/2021\/04\/logo_header-1.png","width":272,"height":90,"caption":"Sergio Lapegue"},"logo":{"@id":"https:\/\/sergiolapegue.com\/site\/wp-content\/uploads\/2021\/04\/logo_header-1.png"},"sameAs":["https:\/\/facebook.com\/sergiolapegue","https:\/\/instagram.com\/sergiolapegue","https:\/\/x.com\/https:\/\/twitter.com\/sergiolapegue"]},{"@type":"Person","@id":"https:\/\/sergiolapegue.com\/site\/#\/schema\/person\/9198e7dbab43c6d74d0fd5399af7c3cd","name":"Daniel E. Monta\u00f1a","image":{"@type":"ImageObject","inLanguage":"es-AR","@id":"https:\/\/sergiolapegue.com\/site\/wp-content\/uploads\/2021\/04\/sl_avatar_Daniel-150x150.jpg","url":"https:\/\/sergiolapegue.com\/site\/wp-content\/uploads\/2021\/04\/sl_avatar_Daniel-150x150.jpg","contentUrl":"https:\/\/sergiolapegue.com\/site\/wp-content\/uploads\/2021\/04\/sl_avatar_Daniel-150x150.jpg","caption":"Daniel E. Monta\u00f1a"},"sameAs":["https:\/\/facebook.com\/danielernesto.montana","https:\/\/instagram.com\/daniel_montana1961","https:\/\/x.com\/https:\/\/twitter.com\/daner_004"],"url":"https:\/\/sergiolapegue.com\/site\/author\/daniel\/"}]}},"_links":{"self":[{"href":"https:\/\/sergiolapegue.com\/site\/wp-json\/wp\/v2\/posts\/22545","targetHints":{"allow":["GET"]}}],"collection":[{"href":"https:\/\/sergiolapegue.com\/site\/wp-json\/wp\/v2\/posts"}],"about":[{"href":"https:\/\/sergiolapegue.com\/site\/wp-json\/wp\/v2\/types\/post"}],"author":[{"embeddable":true,"href":"https:\/\/sergiolapegue.com\/site\/wp-json\/wp\/v2\/users\/3"}],"replies":[{"embeddable":true,"href":"https:\/\/sergiolapegue.com\/site\/wp-json\/wp\/v2\/comments?post=22545"}],"version-history":[{"count":1,"href":"https:\/\/sergiolapegue.com\/site\/wp-json\/wp\/v2\/posts\/22545\/revisions"}],"predecessor-version":[{"id":22549,"href":"https:\/\/sergiolapegue.com\/site\/wp-json\/wp\/v2\/posts\/22545\/revisions\/22549"}],"wp:featuredmedia":[{"embeddable":true,"href":"https:\/\/sergiolapegue.com\/site\/wp-json\/wp\/v2\/media\/22548"}],"wp:attachment":[{"href":"https:\/\/sergiolapegue.com\/site\/wp-json\/wp\/v2\/media?parent=22545"}],"wp:term":[{"taxonomy":"category","embeddable":true,"href":"https:\/\/sergiolapegue.com\/site\/wp-json\/wp\/v2\/categories?post=22545"},{"taxonomy":"post_tag","embeddable":true,"href":"https:\/\/sergiolapegue.com\/site\/wp-json\/wp\/v2\/tags?post=22545"}],"curies":[{"name":"wp","href":"https:\/\/api.w.org\/{rel}","templated":true}]}}