{"id":22483,"date":"2025-04-30T19:00:00","date_gmt":"2025-04-30T22:00:00","guid":{"rendered":"https:\/\/sergiolapegue.com\/site\/?p=22483"},"modified":"2025-04-29T21:09:40","modified_gmt":"2025-04-30T00:09:40","slug":"minucias-concerto-brevis-teatro-musical","status":"publish","type":"post","link":"https:\/\/sergiolapegue.com\/site\/2025\/04\/30\/minucias-concerto-brevis-teatro-musical\/","title":{"rendered":"MINUCIAS CONCERTO BREVIS &#8211; TEATRO MUSICAL"},"content":{"rendered":"\n<p>MINUCIAS es un una pieza teatral que aborda los miedos y los complejos que a veces nos asaltan. A trav\u00e9s de di\u00e1logos absurdos y disparatados, exploramos temas como el amor, la maternidad, el status social y la apariencia. La intervenci\u00f3n musical complementa la narrativa, creando una experiencia sensorial para el p\u00fablico.<\/p>\n\n\n\n<p>Nuestro enfoque art\u00edstico busca, a trav\u00e9s del humor, derribar barreras de prejuicios que tenemos instalados como sociedad.<\/p>\n\n\n\n<figure class=\"wp-block-image size-large\"><img loading=\"lazy\" decoding=\"async\" width=\"1024\" height=\"893\" src=\"https:\/\/sergiolapegue.com\/site\/wp-content\/uploads\/2025\/04\/Minucias-Concerto-Brevis-1-1024x893.png\" alt=\"\" class=\"wp-image-22484\" srcset=\"https:\/\/sergiolapegue.com\/site\/wp-content\/uploads\/2025\/04\/Minucias-Concerto-Brevis-1-1024x893.png 1024w, https:\/\/sergiolapegue.com\/site\/wp-content\/uploads\/2025\/04\/Minucias-Concerto-Brevis-1-300x262.png 300w, https:\/\/sergiolapegue.com\/site\/wp-content\/uploads\/2025\/04\/Minucias-Concerto-Brevis-1-768x670.png 768w, https:\/\/sergiolapegue.com\/site\/wp-content\/uploads\/2025\/04\/Minucias-Concerto-Brevis-1-481x420.png 481w, https:\/\/sergiolapegue.com\/site\/wp-content\/uploads\/2025\/04\/Minucias-Concerto-Brevis-1-696x607.png 696w, https:\/\/sergiolapegue.com\/site\/wp-content\/uploads\/2025\/04\/Minucias-Concerto-Brevis-1-1068x932.png 1068w, https:\/\/sergiolapegue.com\/site\/wp-content\/uploads\/2025\/04\/Minucias-Concerto-Brevis-1.png 1535w\" sizes=\"auto, (max-width: 1024px) 100vw, 1024px\" \/><\/figure>\n\n\n\n<p><strong>SINOPSIS<\/strong><\/p>\n\n\n\n<p>Transcurre la acci\u00f3n en la Casa de Vicky Chipretakis, una reconocida concertista de piano.<\/p>\n\n\n\n<p>Amparo llega a la casa para hacer la limpieza, luego de que Vicky contrata su servicio a trav\u00e9s de una agencia. Pero Amparo no es una trabajadora de hogar, est\u00e1 cumpliendo una condena que la obliga a hacer tareas comunitarias. Vicky y Amparo se cruzan accidentalmente en este entorno que las obliga a reconocerse. Lidian con sus prejuicios y dejan aflorar su locura, permiti\u00e9ndose salir de las convenciones, y abordar su verdad. A trav\u00e9s de la M\u00fasica y de las bondades del lenguaje absurdo, como elecci\u00f3n expresiva, MINUCIAS despliega un \u201cConcerto Brevis\u201d de m\u00fasica fugaz.<\/p>\n\n\n\n<figure class=\"wp-block-image size-large\"><img loading=\"lazy\" decoding=\"async\" width=\"1024\" height=\"683\" src=\"https:\/\/sergiolapegue.com\/site\/wp-content\/uploads\/2025\/04\/Minucias-Concerto-Brevis-2-1024x683.jpg\" alt=\"\" class=\"wp-image-22485\" srcset=\"https:\/\/sergiolapegue.com\/site\/wp-content\/uploads\/2025\/04\/Minucias-Concerto-Brevis-2-1024x683.jpg 1024w, https:\/\/sergiolapegue.com\/site\/wp-content\/uploads\/2025\/04\/Minucias-Concerto-Brevis-2-300x200.jpg 300w, https:\/\/sergiolapegue.com\/site\/wp-content\/uploads\/2025\/04\/Minucias-Concerto-Brevis-2-768x512.jpg 768w, https:\/\/sergiolapegue.com\/site\/wp-content\/uploads\/2025\/04\/Minucias-Concerto-Brevis-2-1536x1024.jpg 1536w, https:\/\/sergiolapegue.com\/site\/wp-content\/uploads\/2025\/04\/Minucias-Concerto-Brevis-2-2048x1365.jpg 2048w, https:\/\/sergiolapegue.com\/site\/wp-content\/uploads\/2025\/04\/Minucias-Concerto-Brevis-2-630x420.jpg 630w, https:\/\/sergiolapegue.com\/site\/wp-content\/uploads\/2025\/04\/Minucias-Concerto-Brevis-2-696x464.jpg 696w, https:\/\/sergiolapegue.com\/site\/wp-content\/uploads\/2025\/04\/Minucias-Concerto-Brevis-2-1068x712.jpg 1068w, https:\/\/sergiolapegue.com\/site\/wp-content\/uploads\/2025\/04\/Minucias-Concerto-Brevis-2-1920x1280.jpg 1920w\" sizes=\"auto, (max-width: 1024px) 100vw, 1024px\" \/><\/figure>\n\n\n\n<p><strong>FICHA T\u00c9CNICO ART\u00cdSTICA <\/strong><strong><\/strong><\/p>\n\n\n\n<p><strong>Dramaturgia:<\/strong> Gimena Riestra\u00a0<\/p>\n\n\n\n<p><strong>Act\u00faan:<\/strong> Gimena Riestra \u2013 Carolina Alberdi<\/p>\n\n\n\n<p><strong>Piano:<\/strong> Carolina Alberdi\u00a0\u00a0<\/p>\n\n\n\n<p><strong>Cantante:<\/strong> Gimena Riestra<\/p>\n\n\n\n<p><strong>Iluminaci\u00f3n:<\/strong> Gustavo Dimas Garc\u00eda<\/p>\n\n\n\n<p><strong>Realizaci\u00f3n de vestuario:<\/strong> Patricia Ter\u00e1n<\/p>\n\n\n\n<p><strong>Maquillaje:<\/strong> \u00c1ngeles V\u00e1zquez<\/p>\n\n\n\n<p><strong>Pelucas:<\/strong> MG<\/p>\n\n\n\n<p><strong>Fotograf\u00eda:<\/strong> Paula Aiello<\/p>\n\n\n\n<p><strong>Direcci\u00f3n de Arte:<\/strong> Luis de Almeida<\/p>\n\n\n\n<p><strong>Producci\u00f3n Ejecutiva:<\/strong> Jimena Morrone\u00a0<\/p>\n\n\n\n<p><strong>Direcci\u00f3n:<\/strong> Luis de Almeida<\/p>\n\n\n\n<p><strong>Instagram:<\/strong> <a href=\"https:\/\/www.instagram.com\/minucias_concerto_brevis\/\">https:\/\/www.instagram.com\/minucias_concerto_brevis\/<\/a>\u00a0<\/p>\n\n\n\n<p><strong>Duraci\u00f3n:<\/strong> 60 minutos<\/p>\n\n\n\n<p><strong>Clasificaci\u00f3n:<\/strong> Teatro \u2013 Presencial \u2013 Adultos (+ 17 a\u00f1os) \u2013 Musical \u2013 Comedia<\/p>\n\n\n\n<figure class=\"wp-block-image size-large\"><img loading=\"lazy\" decoding=\"async\" width=\"1024\" height=\"1024\" src=\"https:\/\/sergiolapegue.com\/site\/wp-content\/uploads\/2025\/04\/Minucias-Concerto-Brevis-3-1024x1024.jpg\" alt=\"\" class=\"wp-image-22486\" srcset=\"https:\/\/sergiolapegue.com\/site\/wp-content\/uploads\/2025\/04\/Minucias-Concerto-Brevis-3-1024x1024.jpg 1024w, https:\/\/sergiolapegue.com\/site\/wp-content\/uploads\/2025\/04\/Minucias-Concerto-Brevis-3-300x300.jpg 300w, https:\/\/sergiolapegue.com\/site\/wp-content\/uploads\/2025\/04\/Minucias-Concerto-Brevis-3-150x150.jpg 150w, https:\/\/sergiolapegue.com\/site\/wp-content\/uploads\/2025\/04\/Minucias-Concerto-Brevis-3-768x768.jpg 768w, https:\/\/sergiolapegue.com\/site\/wp-content\/uploads\/2025\/04\/Minucias-Concerto-Brevis-3-1536x1536.jpg 1536w, https:\/\/sergiolapegue.com\/site\/wp-content\/uploads\/2025\/04\/Minucias-Concerto-Brevis-3-2048x2048.jpg 2048w, https:\/\/sergiolapegue.com\/site\/wp-content\/uploads\/2025\/04\/Minucias-Concerto-Brevis-3-420x420.jpg 420w, https:\/\/sergiolapegue.com\/site\/wp-content\/uploads\/2025\/04\/Minucias-Concerto-Brevis-3-696x696.jpg 696w, https:\/\/sergiolapegue.com\/site\/wp-content\/uploads\/2025\/04\/Minucias-Concerto-Brevis-3-1068x1068.jpg 1068w, https:\/\/sergiolapegue.com\/site\/wp-content\/uploads\/2025\/04\/Minucias-Concerto-Brevis-3-1920x1920.jpg 1920w\" sizes=\"auto, (max-width: 1024px) 100vw, 1024px\" \/><\/figure>\n\n\n\n<p><strong>CENTRO CULTURAL DE LA COOPERACI\u00d3N<\/strong><\/p>\n\n\n\n<p>Av. Corrientes 1543 \u2013 Capital Federal \u2013 Buenos Aires \u2013 Argentina<\/p>\n\n\n\n<p>Tel\u00e9fonos: 6091-7000 int. 8313<\/p>\n\n\n\n<p>Web: <a href=\"http:\/\/www.centrocultural.coop\">http:\/\/www.centrocultural.coop<\/a><\/p>\n\n\n\n<p>Entradas: $ 15.000 \u2013 en boleter\u00eda del teatro o a trav\u00e9s de Alternativa Teatral \u2013 Link:<\/p>\n\n\n\n<p><a href=\"https:\/\/www.alternativateatral.com\/obra94759-minucias-concerto-brevis\">https:\/\/www.alternativateatral.com\/obra94759-minucias-concerto-brevis<\/a><\/p>\n\n\n\n<p>Funciones: Viernes 21:00 horas \u2013 Del 09\/05\/2025 al 27\/06\/2025<\/p>\n\n\n\n<p>Gracias Caro Arellano de Expansi\u00f3n Teatral por hacernos llegar la gacetilla de prensa del estreno de este espect\u00e1culo.<\/p>\n\n\n\n<p><strong>SOBRE EL DIRECTOR<\/strong><\/p>\n\n\n\n<p>Luis De Almeida trabaj\u00f3 como director en TRATADO SOBRE LA LUNA, TEST, MOTU PROPRIO (en Espa\u00f1a). Luego dirijo varias obras en Microteatro BA como ALGORITMO ESPIRITUAL, JUEGOS DE ESCAPE, \u00bfAD\u00d3NDE EST\u00c1 MI AMIGA?, GLORY HOLE, HUMITA, DESCABELLADOS entre otras.<\/p>\n\n\n\n<p>C\u00f3mo actor trabajo arduamente en el medio tratado y audiovisual. EL CASAMIENTO, ADELA EST\u00c1 CAZANDO PATOS, PORNOGRAF\u00cdA EMOCIONAL, MONSTRUOS, EL CICLO DE LOS MENDELBAUM.<\/p>\n\n\n\n<p>En cine y tele STOLEN TANGO, AGUAS SANTAS, BA\u00d1EROS, SANDRO, LA VIUDA DE RAFAEL, CU\u00c9NTAME C\u00d3MO PASO, SEXO EN CHUECA Y HEREDEROS (Espa\u00f1a).<\/p>\n\n\n\n<p><\/p>\n","protected":false},"excerpt":{"rendered":"<p>MINUCIAS es un una pieza teatral que aborda los miedos y los complejos que a veces nos asaltan. A trav\u00e9s de di\u00e1logos absurdos y disparatados, exploramos temas como el amor, la maternidad, el status social y la apariencia. La intervenci\u00f3n musical complementa la narrativa, creando una experiencia sensorial para el p\u00fablico. Nuestro enfoque art\u00edstico busca, [&hellip;]<\/p>\n","protected":false},"author":3,"featured_media":22487,"comment_status":"open","ping_status":"closed","sticky":false,"template":"","format":"standard","meta":{"footnotes":""},"categories":[34,35],"tags":[],"class_list":{"0":"post-22483","1":"post","2":"type-post","3":"status-publish","4":"format-standard","5":"has-post-thumbnail","7":"category-arte","8":"category-teatro"},"yoast_head":"<!-- This site is optimized with the Yoast SEO plugin v27.5 - https:\/\/yoast.com\/product\/yoast-seo-wordpress\/ -->\n<title>MINUCIAS CONCERTO BREVIS - TEATRO MUSICAL - Sergio Lapegue<\/title>\n<meta name=\"robots\" content=\"index, follow, max-snippet:-1, max-image-preview:large, max-video-preview:-1\" \/>\n<link rel=\"canonical\" href=\"https:\/\/sergiolapegue.com\/site\/2025\/04\/30\/minucias-concerto-brevis-teatro-musical\/\" \/>\n<meta property=\"og:locale\" content=\"es_ES\" \/>\n<meta property=\"og:type\" content=\"article\" \/>\n<meta property=\"og:title\" content=\"MINUCIAS CONCERTO BREVIS - TEATRO MUSICAL - Sergio Lapegue\" \/>\n<meta property=\"og:description\" content=\"MINUCIAS es un una pieza teatral que aborda los miedos y los complejos que a veces nos asaltan. A trav\u00e9s de di\u00e1logos absurdos y disparatados, exploramos temas como el amor, la maternidad, el status social y la apariencia. La intervenci\u00f3n musical complementa la narrativa, creando una experiencia sensorial para el p\u00fablico. Nuestro enfoque art\u00edstico busca, [&hellip;]\" \/>\n<meta property=\"og:url\" content=\"https:\/\/sergiolapegue.com\/site\/2025\/04\/30\/minucias-concerto-brevis-teatro-musical\/\" \/>\n<meta property=\"og:site_name\" content=\"Sergio Lapegue\" \/>\n<meta property=\"article:publisher\" content=\"https:\/\/facebook.com\/sergiolapegue\" \/>\n<meta property=\"article:author\" content=\"https:\/\/facebook.com\/danielernesto.montana\" \/>\n<meta property=\"article:published_time\" content=\"2025-04-30T22:00:00+00:00\" \/>\n<meta property=\"og:image\" content=\"https:\/\/sergiolapegue.com\/site\/wp-content\/uploads\/2025\/04\/Minucias-Concerto-Brevis-682x1024.jpg\" \/>\n\t<meta property=\"og:image:width\" content=\"682\" \/>\n\t<meta property=\"og:image:height\" content=\"1024\" \/>\n\t<meta property=\"og:image:type\" content=\"image\/jpeg\" \/>\n<meta name=\"author\" content=\"Daniel E. Monta\u00f1a\" \/>\n<meta name=\"twitter:card\" content=\"summary_large_image\" \/>\n<meta name=\"twitter:creator\" content=\"@https:\/\/twitter.com\/daner_004\" \/>\n<meta name=\"twitter:site\" content=\"@sergiolapegue\" \/>\n<meta name=\"twitter:label1\" content=\"Escrito por\" \/>\n\t<meta name=\"twitter:data1\" content=\"Daniel E. Monta\u00f1a\" \/>\n\t<meta name=\"twitter:label2\" content=\"Tiempo de lectura\" \/>\n\t<meta name=\"twitter:data2\" content=\"3 minutos\" \/>\n<script type=\"application\/ld+json\" class=\"yoast-schema-graph\">{\"@context\":\"https:\\\/\\\/schema.org\",\"@graph\":[{\"@type\":\"Article\",\"@id\":\"https:\\\/\\\/sergiolapegue.com\\\/site\\\/2025\\\/04\\\/30\\\/minucias-concerto-brevis-teatro-musical\\\/#article\",\"isPartOf\":{\"@id\":\"https:\\\/\\\/sergiolapegue.com\\\/site\\\/2025\\\/04\\\/30\\\/minucias-concerto-brevis-teatro-musical\\\/\"},\"author\":{\"name\":\"Daniel E. Monta\u00f1a\",\"@id\":\"https:\\\/\\\/sergiolapegue.com\\\/site\\\/#\\\/schema\\\/person\\\/9198e7dbab43c6d74d0fd5399af7c3cd\"},\"headline\":\"MINUCIAS CONCERTO BREVIS &#8211; TEATRO MUSICAL\",\"datePublished\":\"2025-04-30T22:00:00+00:00\",\"mainEntityOfPage\":{\"@id\":\"https:\\\/\\\/sergiolapegue.com\\\/site\\\/2025\\\/04\\\/30\\\/minucias-concerto-brevis-teatro-musical\\\/\"},\"wordCount\":441,\"commentCount\":0,\"publisher\":{\"@id\":\"https:\\\/\\\/sergiolapegue.com\\\/site\\\/#\\\/schema\\\/person\\\/083aeceeb0734cd166779ea6c0551a37\"},\"image\":{\"@id\":\"https:\\\/\\\/sergiolapegue.com\\\/site\\\/2025\\\/04\\\/30\\\/minucias-concerto-brevis-teatro-musical\\\/#primaryimage\"},\"thumbnailUrl\":\"https:\\\/\\\/sergiolapegue.com\\\/site\\\/wp-content\\\/uploads\\\/2025\\\/04\\\/Minucias-Concerto-Brevis.jpg\",\"articleSection\":[\"Arte\",\"Teatro\"],\"inLanguage\":\"es-AR\",\"potentialAction\":[{\"@type\":\"CommentAction\",\"name\":\"Comment\",\"target\":[\"https:\\\/\\\/sergiolapegue.com\\\/site\\\/2025\\\/04\\\/30\\\/minucias-concerto-brevis-teatro-musical\\\/#respond\"]}]},{\"@type\":\"WebPage\",\"@id\":\"https:\\\/\\\/sergiolapegue.com\\\/site\\\/2025\\\/04\\\/30\\\/minucias-concerto-brevis-teatro-musical\\\/\",\"url\":\"https:\\\/\\\/sergiolapegue.com\\\/site\\\/2025\\\/04\\\/30\\\/minucias-concerto-brevis-teatro-musical\\\/\",\"name\":\"MINUCIAS CONCERTO BREVIS - TEATRO MUSICAL - Sergio Lapegue\",\"isPartOf\":{\"@id\":\"https:\\\/\\\/sergiolapegue.com\\\/site\\\/#website\"},\"primaryImageOfPage\":{\"@id\":\"https:\\\/\\\/sergiolapegue.com\\\/site\\\/2025\\\/04\\\/30\\\/minucias-concerto-brevis-teatro-musical\\\/#primaryimage\"},\"image\":{\"@id\":\"https:\\\/\\\/sergiolapegue.com\\\/site\\\/2025\\\/04\\\/30\\\/minucias-concerto-brevis-teatro-musical\\\/#primaryimage\"},\"thumbnailUrl\":\"https:\\\/\\\/sergiolapegue.com\\\/site\\\/wp-content\\\/uploads\\\/2025\\\/04\\\/Minucias-Concerto-Brevis.jpg\",\"datePublished\":\"2025-04-30T22:00:00+00:00\",\"breadcrumb\":{\"@id\":\"https:\\\/\\\/sergiolapegue.com\\\/site\\\/2025\\\/04\\\/30\\\/minucias-concerto-brevis-teatro-musical\\\/#breadcrumb\"},\"inLanguage\":\"es-AR\",\"potentialAction\":[{\"@type\":\"ReadAction\",\"target\":[\"https:\\\/\\\/sergiolapegue.com\\\/site\\\/2025\\\/04\\\/30\\\/minucias-concerto-brevis-teatro-musical\\\/\"]}]},{\"@type\":\"ImageObject\",\"inLanguage\":\"es-AR\",\"@id\":\"https:\\\/\\\/sergiolapegue.com\\\/site\\\/2025\\\/04\\\/30\\\/minucias-concerto-brevis-teatro-musical\\\/#primaryimage\",\"url\":\"https:\\\/\\\/sergiolapegue.com\\\/site\\\/wp-content\\\/uploads\\\/2025\\\/04\\\/Minucias-Concerto-Brevis.jpg\",\"contentUrl\":\"https:\\\/\\\/sergiolapegue.com\\\/site\\\/wp-content\\\/uploads\\\/2025\\\/04\\\/Minucias-Concerto-Brevis.jpg\",\"width\":1181,\"height\":1772},{\"@type\":\"BreadcrumbList\",\"@id\":\"https:\\\/\\\/sergiolapegue.com\\\/site\\\/2025\\\/04\\\/30\\\/minucias-concerto-brevis-teatro-musical\\\/#breadcrumb\",\"itemListElement\":[{\"@type\":\"ListItem\",\"position\":1,\"name\":\"Inicio\",\"item\":\"https:\\\/\\\/sergiolapegue.com\\\/site\\\/\"},{\"@type\":\"ListItem\",\"position\":2,\"name\":\"MINUCIAS CONCERTO BREVIS &#8211; TEATRO MUSICAL\"}]},{\"@type\":\"WebSite\",\"@id\":\"https:\\\/\\\/sergiolapegue.com\\\/site\\\/#website\",\"url\":\"https:\\\/\\\/sergiolapegue.com\\\/site\\\/\",\"name\":\"Sergio Lapegue\",\"description\":\"Periodista\",\"publisher\":{\"@id\":\"https:\\\/\\\/sergiolapegue.com\\\/site\\\/#\\\/schema\\\/person\\\/083aeceeb0734cd166779ea6c0551a37\"},\"potentialAction\":[{\"@type\":\"SearchAction\",\"target\":{\"@type\":\"EntryPoint\",\"urlTemplate\":\"https:\\\/\\\/sergiolapegue.com\\\/site\\\/?s={search_term_string}\"},\"query-input\":{\"@type\":\"PropertyValueSpecification\",\"valueRequired\":true,\"valueName\":\"search_term_string\"}}],\"inLanguage\":\"es-AR\"},{\"@type\":[\"Person\",\"Organization\"],\"@id\":\"https:\\\/\\\/sergiolapegue.com\\\/site\\\/#\\\/schema\\\/person\\\/083aeceeb0734cd166779ea6c0551a37\",\"name\":\"Sergio Lapegue\",\"image\":{\"@type\":\"ImageObject\",\"inLanguage\":\"es-AR\",\"@id\":\"https:\\\/\\\/sergiolapegue.com\\\/site\\\/wp-content\\\/uploads\\\/2021\\\/04\\\/logo_header-1.png\",\"url\":\"https:\\\/\\\/sergiolapegue.com\\\/site\\\/wp-content\\\/uploads\\\/2021\\\/04\\\/logo_header-1.png\",\"contentUrl\":\"https:\\\/\\\/sergiolapegue.com\\\/site\\\/wp-content\\\/uploads\\\/2021\\\/04\\\/logo_header-1.png\",\"width\":272,\"height\":90,\"caption\":\"Sergio Lapegue\"},\"logo\":{\"@id\":\"https:\\\/\\\/sergiolapegue.com\\\/site\\\/wp-content\\\/uploads\\\/2021\\\/04\\\/logo_header-1.png\"},\"sameAs\":[\"https:\\\/\\\/facebook.com\\\/sergiolapegue\",\"https:\\\/\\\/instagram.com\\\/sergiolapegue\",\"https:\\\/\\\/x.com\\\/https:\\\/\\\/twitter.com\\\/sergiolapegue\"]},{\"@type\":\"Person\",\"@id\":\"https:\\\/\\\/sergiolapegue.com\\\/site\\\/#\\\/schema\\\/person\\\/9198e7dbab43c6d74d0fd5399af7c3cd\",\"name\":\"Daniel E. Monta\u00f1a\",\"image\":{\"@type\":\"ImageObject\",\"inLanguage\":\"es-AR\",\"@id\":\"https:\\\/\\\/sergiolapegue.com\\\/site\\\/wp-content\\\/uploads\\\/2021\\\/04\\\/sl_avatar_Daniel-150x150.jpg\",\"url\":\"https:\\\/\\\/sergiolapegue.com\\\/site\\\/wp-content\\\/uploads\\\/2021\\\/04\\\/sl_avatar_Daniel-150x150.jpg\",\"contentUrl\":\"https:\\\/\\\/sergiolapegue.com\\\/site\\\/wp-content\\\/uploads\\\/2021\\\/04\\\/sl_avatar_Daniel-150x150.jpg\",\"caption\":\"Daniel E. Monta\u00f1a\"},\"sameAs\":[\"https:\\\/\\\/facebook.com\\\/danielernesto.montana\",\"https:\\\/\\\/instagram.com\\\/daniel_montana1961\",\"https:\\\/\\\/x.com\\\/https:\\\/\\\/twitter.com\\\/daner_004\"],\"url\":\"https:\\\/\\\/sergiolapegue.com\\\/site\\\/author\\\/daniel\\\/\"}]}<\/script>\n<!-- \/ Yoast SEO plugin. -->","yoast_head_json":{"title":"MINUCIAS CONCERTO BREVIS - TEATRO MUSICAL - Sergio Lapegue","robots":{"index":"index","follow":"follow","max-snippet":"max-snippet:-1","max-image-preview":"max-image-preview:large","max-video-preview":"max-video-preview:-1"},"canonical":"https:\/\/sergiolapegue.com\/site\/2025\/04\/30\/minucias-concerto-brevis-teatro-musical\/","og_locale":"es_ES","og_type":"article","og_title":"MINUCIAS CONCERTO BREVIS - TEATRO MUSICAL - Sergio Lapegue","og_description":"MINUCIAS es un una pieza teatral que aborda los miedos y los complejos que a veces nos asaltan. A trav\u00e9s de di\u00e1logos absurdos y disparatados, exploramos temas como el amor, la maternidad, el status social y la apariencia. La intervenci\u00f3n musical complementa la narrativa, creando una experiencia sensorial para el p\u00fablico. Nuestro enfoque art\u00edstico busca, [&hellip;]","og_url":"https:\/\/sergiolapegue.com\/site\/2025\/04\/30\/minucias-concerto-brevis-teatro-musical\/","og_site_name":"Sergio Lapegue","article_publisher":"https:\/\/facebook.com\/sergiolapegue","article_author":"https:\/\/facebook.com\/danielernesto.montana","article_published_time":"2025-04-30T22:00:00+00:00","og_image":[{"width":682,"height":1024,"url":"https:\/\/sergiolapegue.com\/site\/wp-content\/uploads\/2025\/04\/Minucias-Concerto-Brevis-682x1024.jpg","type":"image\/jpeg"}],"author":"Daniel E. Monta\u00f1a","twitter_card":"summary_large_image","twitter_creator":"@https:\/\/twitter.com\/daner_004","twitter_site":"@sergiolapegue","twitter_misc":{"Escrito por":"Daniel E. Monta\u00f1a","Tiempo de lectura":"3 minutos"},"schema":{"@context":"https:\/\/schema.org","@graph":[{"@type":"Article","@id":"https:\/\/sergiolapegue.com\/site\/2025\/04\/30\/minucias-concerto-brevis-teatro-musical\/#article","isPartOf":{"@id":"https:\/\/sergiolapegue.com\/site\/2025\/04\/30\/minucias-concerto-brevis-teatro-musical\/"},"author":{"name":"Daniel E. Monta\u00f1a","@id":"https:\/\/sergiolapegue.com\/site\/#\/schema\/person\/9198e7dbab43c6d74d0fd5399af7c3cd"},"headline":"MINUCIAS CONCERTO BREVIS &#8211; TEATRO MUSICAL","datePublished":"2025-04-30T22:00:00+00:00","mainEntityOfPage":{"@id":"https:\/\/sergiolapegue.com\/site\/2025\/04\/30\/minucias-concerto-brevis-teatro-musical\/"},"wordCount":441,"commentCount":0,"publisher":{"@id":"https:\/\/sergiolapegue.com\/site\/#\/schema\/person\/083aeceeb0734cd166779ea6c0551a37"},"image":{"@id":"https:\/\/sergiolapegue.com\/site\/2025\/04\/30\/minucias-concerto-brevis-teatro-musical\/#primaryimage"},"thumbnailUrl":"https:\/\/sergiolapegue.com\/site\/wp-content\/uploads\/2025\/04\/Minucias-Concerto-Brevis.jpg","articleSection":["Arte","Teatro"],"inLanguage":"es-AR","potentialAction":[{"@type":"CommentAction","name":"Comment","target":["https:\/\/sergiolapegue.com\/site\/2025\/04\/30\/minucias-concerto-brevis-teatro-musical\/#respond"]}]},{"@type":"WebPage","@id":"https:\/\/sergiolapegue.com\/site\/2025\/04\/30\/minucias-concerto-brevis-teatro-musical\/","url":"https:\/\/sergiolapegue.com\/site\/2025\/04\/30\/minucias-concerto-brevis-teatro-musical\/","name":"MINUCIAS CONCERTO BREVIS - TEATRO MUSICAL - Sergio Lapegue","isPartOf":{"@id":"https:\/\/sergiolapegue.com\/site\/#website"},"primaryImageOfPage":{"@id":"https:\/\/sergiolapegue.com\/site\/2025\/04\/30\/minucias-concerto-brevis-teatro-musical\/#primaryimage"},"image":{"@id":"https:\/\/sergiolapegue.com\/site\/2025\/04\/30\/minucias-concerto-brevis-teatro-musical\/#primaryimage"},"thumbnailUrl":"https:\/\/sergiolapegue.com\/site\/wp-content\/uploads\/2025\/04\/Minucias-Concerto-Brevis.jpg","datePublished":"2025-04-30T22:00:00+00:00","breadcrumb":{"@id":"https:\/\/sergiolapegue.com\/site\/2025\/04\/30\/minucias-concerto-brevis-teatro-musical\/#breadcrumb"},"inLanguage":"es-AR","potentialAction":[{"@type":"ReadAction","target":["https:\/\/sergiolapegue.com\/site\/2025\/04\/30\/minucias-concerto-brevis-teatro-musical\/"]}]},{"@type":"ImageObject","inLanguage":"es-AR","@id":"https:\/\/sergiolapegue.com\/site\/2025\/04\/30\/minucias-concerto-brevis-teatro-musical\/#primaryimage","url":"https:\/\/sergiolapegue.com\/site\/wp-content\/uploads\/2025\/04\/Minucias-Concerto-Brevis.jpg","contentUrl":"https:\/\/sergiolapegue.com\/site\/wp-content\/uploads\/2025\/04\/Minucias-Concerto-Brevis.jpg","width":1181,"height":1772},{"@type":"BreadcrumbList","@id":"https:\/\/sergiolapegue.com\/site\/2025\/04\/30\/minucias-concerto-brevis-teatro-musical\/#breadcrumb","itemListElement":[{"@type":"ListItem","position":1,"name":"Inicio","item":"https:\/\/sergiolapegue.com\/site\/"},{"@type":"ListItem","position":2,"name":"MINUCIAS CONCERTO BREVIS &#8211; TEATRO MUSICAL"}]},{"@type":"WebSite","@id":"https:\/\/sergiolapegue.com\/site\/#website","url":"https:\/\/sergiolapegue.com\/site\/","name":"Sergio Lapegue","description":"Periodista","publisher":{"@id":"https:\/\/sergiolapegue.com\/site\/#\/schema\/person\/083aeceeb0734cd166779ea6c0551a37"},"potentialAction":[{"@type":"SearchAction","target":{"@type":"EntryPoint","urlTemplate":"https:\/\/sergiolapegue.com\/site\/?s={search_term_string}"},"query-input":{"@type":"PropertyValueSpecification","valueRequired":true,"valueName":"search_term_string"}}],"inLanguage":"es-AR"},{"@type":["Person","Organization"],"@id":"https:\/\/sergiolapegue.com\/site\/#\/schema\/person\/083aeceeb0734cd166779ea6c0551a37","name":"Sergio Lapegue","image":{"@type":"ImageObject","inLanguage":"es-AR","@id":"https:\/\/sergiolapegue.com\/site\/wp-content\/uploads\/2021\/04\/logo_header-1.png","url":"https:\/\/sergiolapegue.com\/site\/wp-content\/uploads\/2021\/04\/logo_header-1.png","contentUrl":"https:\/\/sergiolapegue.com\/site\/wp-content\/uploads\/2021\/04\/logo_header-1.png","width":272,"height":90,"caption":"Sergio Lapegue"},"logo":{"@id":"https:\/\/sergiolapegue.com\/site\/wp-content\/uploads\/2021\/04\/logo_header-1.png"},"sameAs":["https:\/\/facebook.com\/sergiolapegue","https:\/\/instagram.com\/sergiolapegue","https:\/\/x.com\/https:\/\/twitter.com\/sergiolapegue"]},{"@type":"Person","@id":"https:\/\/sergiolapegue.com\/site\/#\/schema\/person\/9198e7dbab43c6d74d0fd5399af7c3cd","name":"Daniel E. Monta\u00f1a","image":{"@type":"ImageObject","inLanguage":"es-AR","@id":"https:\/\/sergiolapegue.com\/site\/wp-content\/uploads\/2021\/04\/sl_avatar_Daniel-150x150.jpg","url":"https:\/\/sergiolapegue.com\/site\/wp-content\/uploads\/2021\/04\/sl_avatar_Daniel-150x150.jpg","contentUrl":"https:\/\/sergiolapegue.com\/site\/wp-content\/uploads\/2021\/04\/sl_avatar_Daniel-150x150.jpg","caption":"Daniel E. Monta\u00f1a"},"sameAs":["https:\/\/facebook.com\/danielernesto.montana","https:\/\/instagram.com\/daniel_montana1961","https:\/\/x.com\/https:\/\/twitter.com\/daner_004"],"url":"https:\/\/sergiolapegue.com\/site\/author\/daniel\/"}]}},"_links":{"self":[{"href":"https:\/\/sergiolapegue.com\/site\/wp-json\/wp\/v2\/posts\/22483","targetHints":{"allow":["GET"]}}],"collection":[{"href":"https:\/\/sergiolapegue.com\/site\/wp-json\/wp\/v2\/posts"}],"about":[{"href":"https:\/\/sergiolapegue.com\/site\/wp-json\/wp\/v2\/types\/post"}],"author":[{"embeddable":true,"href":"https:\/\/sergiolapegue.com\/site\/wp-json\/wp\/v2\/users\/3"}],"replies":[{"embeddable":true,"href":"https:\/\/sergiolapegue.com\/site\/wp-json\/wp\/v2\/comments?post=22483"}],"version-history":[{"count":1,"href":"https:\/\/sergiolapegue.com\/site\/wp-json\/wp\/v2\/posts\/22483\/revisions"}],"predecessor-version":[{"id":22488,"href":"https:\/\/sergiolapegue.com\/site\/wp-json\/wp\/v2\/posts\/22483\/revisions\/22488"}],"wp:featuredmedia":[{"embeddable":true,"href":"https:\/\/sergiolapegue.com\/site\/wp-json\/wp\/v2\/media\/22487"}],"wp:attachment":[{"href":"https:\/\/sergiolapegue.com\/site\/wp-json\/wp\/v2\/media?parent=22483"}],"wp:term":[{"taxonomy":"category","embeddable":true,"href":"https:\/\/sergiolapegue.com\/site\/wp-json\/wp\/v2\/categories?post=22483"},{"taxonomy":"post_tag","embeddable":true,"href":"https:\/\/sergiolapegue.com\/site\/wp-json\/wp\/v2\/tags?post=22483"}],"curies":[{"name":"wp","href":"https:\/\/api.w.org\/{rel}","templated":true}]}}